{"id":845,"date":"2021-05-03T10:34:25","date_gmt":"2021-05-03T14:34:25","guid":{"rendered":"https:\/\/devtntatelier.com\/jeremy\/?p=845"},"modified":"2021-10-14T08:36:15","modified_gmt":"2021-10-14T12:36:15","slug":"5-raisons-de-sejourner-en-yourte-au-domaine-l-oree-des-bois","status":"publish","type":"post","link":"https:\/\/devtntatelier.com\/jeremy\/5-raisons-de-sejourner-en-yourte-au-domaine-l-oree-des-bois\/","title":{"rendered":"5 raisons de s\u00e9journer en couple ou en famille en yourte au Domaine L&rsquo;Or\u00e9e des Bois"},"content":{"rendered":"\n[et_pb_section fb_built=\u00a0\u00bb1&Prime; _builder_version=\u00a0\u00bb4.9.4&Prime; _module_preset=\u00a0\u00bbdefault\u00a0\u00bb][et_pb_row column_structure=\u00a0\u00bb1_2,1_2&Prime; _builder_version=\u00a0\u00bb4.9.4&Prime; _module_preset=\u00a0\u00bbdefault\u00a0\u00bb][et_pb_column type=\u00a0\u00bb1_2&Prime; _builder_version=\u00a0\u00bb4.9.4&Prime; _module_preset=\u00a0\u00bbdefault\u00a0\u00bb][et_pb_text _builder_version=\u00a0\u00bb4.9.4&Prime; _module_preset=\u00a0\u00bbdefault\u00a0\u00bb]<p>Je connais bien <strong>Lyna Bouchard<\/strong>, copropri\u00e9taire avec son conjoint <strong>\u00c9ric Perreault<\/strong>, du Domaine L\u2019Or\u00e9e des Bois nich\u00e9 \u00e0 Notre-Dame-de-Lorette, au nord du Lac-Saint-Jean. C\u2019est une femme passionn\u00e9e, un mod\u00e8le d\u2019entrepreneure d\u00e9termin\u00e9e, qui ne compte pas les heures pour transformer la terre ancestrale de sa famille, qui \u00e9tait abandonn\u00e9e depuis plus de 40 ans, en un domaine florissant. Au Domaine L\u2019Or\u00e9e des Bois, Lyna et \u00c9ric proposent \u00e0 leur client\u00e8le une exp\u00e9rience agrotouristique et oenotouristique depuis d\u00e9j\u00e0 plusieurs ann\u00e9es.<\/p>[\/et_pb_text][\/et_pb_column][et_pb_column type=\u00a0\u00bb1_2&Prime; _builder_version=\u00a0\u00bb4.9.4&Prime; _module_preset=\u00a0\u00bbdefault\u00a0\u00bb][et_pb_text _builder_version=\u00a0\u00bb4.9.4&Prime; _module_preset=\u00a0\u00bbdefault\u00a0\u00bb]<p>Au programme : <strong>visite du domaine<\/strong>, <strong>activit\u00e9s diverses<\/strong>, <strong>d\u00e9gustation de produits locaux \u00e0 base des petits fruits et d\u2019alcools fins fabriqu\u00e9s de fa\u00e7on artisanale sur place<\/strong>, comme le vin de bleuets sauvages, le vin mousseux au bleuet, la cr\u00e8me alcoolis\u00e9e aux camerises (un vrai d\u00e9lice en passant!) et la cr\u00e8me alcoolis\u00e9e aux framboises. \u00c9galement, en tout temps, il vous est possible d&rsquo;acheter leurs produits \u00e0 la boutique sur place ou au <span style=\"text-decoration: underline;\"><a href=\"www.domaineloreedesbois.ca\">www.domaineloreedesbois.ca<\/a><\/span>. Rien de nouveau jusqu\u2019ici vous me direz\u2026 On y vient.<\/p>[\/et_pb_text][\/et_pb_column][\/et_pb_row][et_pb_row _builder_version=\u00a0\u00bb4.9.4&Prime; _module_preset=\u00a0\u00bbdefault\u00a0\u00bb][et_pb_column type=\u00a0\u00bb4_4&Prime; _builder_version=\u00a0\u00bb4.9.4&Prime; _module_preset=\u00a0\u00bbdefault\u00a0\u00bb][et_pb_text _builder_version=\u00a0\u00bb4.9.4&Prime; _module_preset=\u00a0\u00bbdefault\u00a0\u00bb]<h1>Nouveaut\u00e9 : l&rsquo;h\u00e9bergement en yourte au Domaine L&rsquo;Or\u00e9e des Bois au nord du Saguenay-Lac-St-Jean<\/h1>[\/et_pb_text][\/et_pb_column][\/et_pb_row][et_pb_row _builder_version=\u00a0\u00bb4.9.4&Prime; _module_preset=\u00a0\u00bbdefault\u00a0\u00bb background_color=\u00a0\u00bb#AADB24&Prime;][et_pb_column type=\u00a0\u00bb4_4&Prime; _builder_version=\u00a0\u00bb4.9.4&Prime; _module_preset=\u00a0\u00bbdefault\u00a0\u00bb][et_pb_text _builder_version=\u00a0\u00bb4.9.4&Prime; _module_preset=\u00a0\u00bbdefault\u00a0\u00bb custom_padding=\u00a0\u00bb3px|25px||25px|false|false\u00a0\u00bb]<p style=\"text-align: center;\"><span style=\"color: #ffffff;\">Et bien, maintenant, on peut aussi parler de <strong>s\u00e9jour agrotouristique et \u0153nologique au Domaine L&rsquo;Or\u00e9e des Bois<\/strong>! En effet, Lyna et son conjoint ont d\u00e9cid\u00e9 d\u2019implanter <strong>3 yourtes sur leur terre<\/strong> l\u2019an pass\u00e9 pour permettre \u00e0 leurs visiteurs de prolonger leur s\u00e9jour au domaine quel que soit la saison (printemps, \u00e9t\u00e9, automne comme hiver). Super id\u00e9e, hein?! C\u2019est un vrai <em>must,<\/em> qui s\u2019inscrit dans la tendance grandissante du glamping au Qu\u00e9bec et qui est maintenant disponible dans notre beau coin de pays.<\/span><\/p>[\/et_pb_text][\/et_pb_column][\/et_pb_row][et_pb_row _builder_version=\u00a0\u00bb4.9.4&Prime; _module_preset=\u00a0\u00bbdefault\u00a0\u00bb][et_pb_column type=\u00a0\u00bb4_4&Prime; _builder_version=\u00a0\u00bb4.9.4&Prime; _module_preset=\u00a0\u00bbdefault\u00a0\u00bb][et_pb_gallery gallery_ids=\u00a0\u00bb1139,1135,1138,1140&Prime; fullwidth=\u00a0\u00bbon\u00a0\u00bb _builder_version=\u00a0\u00bb4.9.4&Prime; _module_preset=\u00a0\u00bbdefault\u00a0\u00bb][\/et_pb_gallery][\/et_pb_column][\/et_pb_row][et_pb_row _builder_version=\u00a0\u00bb4.9.4&Prime; _module_preset=\u00a0\u00bbdefault\u00a0\u00bb][et_pb_column type=\u00a0\u00bb4_4&Prime; _builder_version=\u00a0\u00bb4.9.4&Prime; _module_preset=\u00a0\u00bbdefault\u00a0\u00bb][et_pb_text _builder_version=\u00a0\u00bb4.9.4&Prime; _module_preset=\u00a0\u00bbdefault\u00a0\u00bb]<p>Maintenant, rentrons dans le vif du sujet! Voici 5 raisons de r\u00e9server d\u00e8s maintenant votre s\u00e9jour en yourte au Domaine L\u2019Or\u00e9e des Bois (si ce n\u2019est pas d\u00e9j\u00e0 fait) :<\/p>[\/et_pb_text][\/et_pb_column][\/et_pb_row][et_pb_row column_structure=\u00a0\u00bb1_2,1_2&Prime; _builder_version=\u00a0\u00bb4.9.4&Prime; _module_preset=\u00a0\u00bbdefault\u00a0\u00bb][et_pb_column type=\u00a0\u00bb1_2&Prime; _builder_version=\u00a0\u00bb4.9.4&Prime; _module_preset=\u00a0\u00bbdefault\u00a0\u00bb][et_pb_image src=\u00a0\u00bbhttps:\/\/devtntatelier.com\/jeremy\/wp-content\/uploads\/2021\/05\/Yourtes-glamping-domaine-l-oree-des-bois-scaled.jpg\u00a0\u00bb title_text=\u00a0\u00bbYourtes-glamping-domaine-l-oree-des-bois\u00a0\u00bb _builder_version=\u00a0\u00bb4.9.4&Prime; _module_preset=\u00a0\u00bbdefault\u00a0\u00bb][\/et_pb_image][\/et_pb_column][et_pb_column type=\u00a0\u00bb1_2&Prime; _builder_version=\u00a0\u00bb4.9.4&Prime; _module_preset=\u00a0\u00bbdefault\u00a0\u00bb][et_pb_text _builder_version=\u00a0\u00bb4.9.4&Prime; _module_preset=\u00a0\u00bbdefault\u00a0\u00bb]<h2><strong>1. Pour vivre une exp\u00e9rience atypique dans un h\u00e9bergement insolite au Saguenay-Lac-Saint-Jean. <\/strong><\/h2>\n<p>Ma curiosit\u00e9 me pousse \u00e0 me dire que c\u2019est clairement une chose \u00e0 essayer, et qu\u2019il faut r\u00e9server rapidement car il n\u2019y a que 3 yourtes disponibles! Ah\u2026 Changer de d\u00e9cor le temps d\u2019une fin de semaine, et se cr\u00e9er des souvenirs eux aussi atypiques, mais aussi inoubliables, qu\u2019on gardera pr\u00e9cieusement en m\u00e9moire. Comment dire non? Et, quelle belle exp\u00e9rience \u00e0 partager autour de soi par la suite!<\/p>[\/et_pb_text][\/et_pb_column][\/et_pb_row][et_pb_row column_structure=\u00a0\u00bb1_2,1_2&Prime; _builder_version=\u00a0\u00bb4.9.4&Prime; _module_preset=\u00a0\u00bbdefault\u00a0\u00bb][et_pb_column type=\u00a0\u00bb1_2&Prime; _builder_version=\u00a0\u00bb4.9.4&Prime; _module_preset=\u00a0\u00bbdefault\u00a0\u00bb][et_pb_text _builder_version=\u00a0\u00bb4.9.4&Prime; _module_preset=\u00a0\u00bbdefault\u00a0\u00bb]<h2><strong>2. Pour OFFRIR UN MOMENT DE D\u00c9TENTE EN NATURE DANS UN AUTRE ENVIRONNEMENT ET \u00c0 PROXIMIT\u00c9 POUR D\u00c9CONNECTER DU QUOTIDIEN.<\/strong><\/h2>\n<p>On en aurait tous besoin ces temps-ci, hein?! Et bien, c\u2019est possible, en r\u00e9servant un s\u00e9jour en yourte au Domaine L\u2019Or\u00e9e des Bois! Les yourtes sont situ\u00e9es dans les paisibles parcelles fruiti\u00e8res du domaine. Elles sont \u00e9quip\u00e9es d\u2019une unit\u00e9 de chauffage aux granules d\u2019une table, de chaises, d\u2019un mini frigo, d\u2019un r\u00e9chaud, d\u2019un grille-pain, de vaisselles et autres produits : caf\u00e9, chocolat chaud et d\u00e9jeuner du terroir inclus dans la location. Un bloc sanitaire est situ\u00e9 \u00e0 proximit\u00e9 avec toilette, douche, gel douche, serviettes et autres articles. Tout est l\u00e0 pour passer un doux s\u00e9jour.<\/p>[\/et_pb_text][\/et_pb_column][et_pb_column type=\u00a0\u00bb1_2&Prime; _builder_version=\u00a0\u00bb4.9.4&Prime; _module_preset=\u00a0\u00bbdefault\u00a0\u00bb][et_pb_image src=\u00a0\u00bbhttps:\/\/devtntatelier.com\/jeremy\/wp-content\/uploads\/2021\/05\/sentier-domaine-l-oree-des-bois.jpg\u00a0\u00bb title_text=\u00a0\u00bbsentier-domaine-l-oree-des-bois\u00a0\u00bb _builder_version=\u00a0\u00bb4.9.4&Prime; _module_preset=\u00a0\u00bbdefault\u00a0\u00bb][\/et_pb_image][\/et_pb_column][\/et_pb_row][et_pb_row column_structure=\u00a0\u00bb1_2,1_2&Prime; _builder_version=\u00a0\u00bb4.9.4&Prime; _module_preset=\u00a0\u00bbdefault\u00a0\u00bb][et_pb_column type=\u00a0\u00bb1_2&Prime; _builder_version=\u00a0\u00bb4.9.4&Prime; _module_preset=\u00a0\u00bbdefault\u00a0\u00bb][et_pb_image src=\u00a0\u00bbhttps:\/\/devtntatelier.com\/jeremy\/wp-content\/uploads\/2021\/05\/champ-domaine-l-oree-des-bois.jpg\u00a0\u00bb title_text=\u00a0\u00bbchamp-domaine-l-oree-des-bois\u00a0\u00bb _builder_version=\u00a0\u00bb4.9.4&Prime; _module_preset=\u00a0\u00bbdefault\u00a0\u00bb][\/et_pb_image][\/et_pb_column][et_pb_column type=\u00a0\u00bb1_2&Prime; _builder_version=\u00a0\u00bb4.9.4&Prime; _module_preset=\u00a0\u00bbdefault\u00a0\u00bb][et_pb_text _builder_version=\u00a0\u00bb4.9.4&Prime; _module_preset=\u00a0\u00bbdefault\u00a0\u00bb]<h2><strong>3. Pour s\u2019Immerger dans un domaine agricole le temps d\u2019un s\u00e9jour court ou long terme.<\/strong><\/h2>\n<p>\u00c9changer sur place avec les propri\u00e9taires. Conna\u00eetre l\u2019histoire de la terre et leur propre histoire. Savoir que Lyna est revenue de Montr\u00e9al il y a 20 ans avec \u00c9ric pour reprendre la terre et la maison ancestrales, alors abandonn\u00e9es. Comprendre que leurs projets \u00e9taient d&rsquo;y \u00e9lever leurs enfants, qui maintenant participent selon leur aspiration \u00e0 r\u00e9aliser ce qui est aujourd\u2019hui un domaine agrotouristique, devenu leur projet de vie en famille. D\u00e9couvrir et apprendre sur les cultures fruiti\u00e8res et l&rsquo;\u00e9laboration de leurs alcools fins gr\u00e2ce aux panneaux interpr\u00e9t\u00e9s. Pratiquer la randonn\u00e9e, l\u2019autocueillette, visiter les poules, et \u00e9changer en fin de journ\u00e9e au feu sous le TIPI avec un bon cocktail.<\/p>[\/et_pb_text][\/et_pb_column][\/et_pb_row][et_pb_row column_structure=\u00a0\u00bb1_2,1_2&Prime; _builder_version=\u00a0\u00bb4.9.4&Prime; _module_preset=\u00a0\u00bbdefault\u00a0\u00bb][et_pb_column type=\u00a0\u00bb1_2&Prime; _builder_version=\u00a0\u00bb4.9.4&Prime; _module_preset=\u00a0\u00bbdefault\u00a0\u00bb][et_pb_text _builder_version=\u00a0\u00bb4.9.4&Prime; _module_preset=\u00a0\u00bbdefault\u00a0\u00bb]<h2><strong>4. Pour profiter au maximum de l\u2019exp\u00e9rience au domaine, des activit\u00e9s et du panier pique-nique gastronomique \u00e0 d\u00e9guster dans le confort de la yourte.<\/strong><\/h2>\n<p>Visite du domaine, autocueillette, randonn\u00e9e, kayak, etc. Il y a plein d&rsquo;activit\u00e9s \u00e0 faire en famille au Domaine L&rsquo;Or\u00e9e des Bois. Mais l\u2019exp\u00e9rience n\u2019est pas uniquement touristique, elle est aussi gustative. Les forfaits d\u2019h\u00e9bergement en yourte comprennent un panier repas garni de produits du terroir et d\u2019une bouteille d\u2019alcool du domaine, de quoi se remplir la panse (Est-ce qu\u2019on dit cela au Qu\u00e9bec aussi?!) avant de faire le circuit nocturne avec lampe frontale pour bien dig\u00e9rer. Bref de quoi se distraire et \u00e9moustiller nos papilles dans le confort et la chaleur de la yourte.<\/p>[\/et_pb_text][\/et_pb_column][et_pb_column type=\u00a0\u00bb1_2&Prime; _builder_version=\u00a0\u00bb4.9.4&Prime; _module_preset=\u00a0\u00bbdefault\u00a0\u00bb][et_pb_image src=\u00a0\u00bbhttps:\/\/devtntatelier.com\/jeremy\/wp-content\/uploads\/2021\/05\/pique_nique_terroir.jpeg\u00a0\u00bb title_text=\u00a0\u00bbpique_nique_terroir\u00a0\u00bb _builder_version=\u00a0\u00bb4.9.4&Prime; _module_preset=\u00a0\u00bbdefault\u00a0\u00bb][\/et_pb_image][\/et_pb_column][\/et_pb_row][et_pb_row column_structure=\u00a0\u00bb1_2,1_2&Prime; _builder_version=\u00a0\u00bb4.9.4&Prime; _module_preset=\u00a0\u00bbdefault\u00a0\u00bb][et_pb_column type=\u00a0\u00bb1_2&Prime; _builder_version=\u00a0\u00bb4.9.4&Prime; _module_preset=\u00a0\u00bbdefault\u00a0\u00bb][et_pb_image src=\u00a0\u00bbhttps:\/\/devtntatelier.com\/jeremy\/wp-content\/uploads\/2021\/05\/domaine-l-oree-des-bois-facade.jpg\u00a0\u00bb title_text=\u00a0\u00bbdomaine-l-oree-des-bois-facade\u00a0\u00bb _builder_version=\u00a0\u00bb4.9.4&Prime; _module_preset=\u00a0\u00bbdefault\u00a0\u00bb][\/et_pb_image][\/et_pb_column][et_pb_column type=\u00a0\u00bb1_2&Prime; _builder_version=\u00a0\u00bb4.9.4&Prime; _module_preset=\u00a0\u00bbdefault\u00a0\u00bb][et_pb_text _builder_version=\u00a0\u00bb4.9.4&Prime; _module_preset=\u00a0\u00bbdefault\u00a0\u00bb]<h2><strong>5. Pour VOUS INITIER AU YOGA VINYASA pRANA FLOW OU PARTICIPER \u00c0 UN PROJET CR\u00c9ATIF PENDANT VOTRE S\u00c9JOUR en nature au Saguenay-Lac-Saint-Jean.<\/strong><\/h2>\n<p>Quelques fois dans l\u2019ann\u00e9e, Lyna propose des s\u00e9jours th\u00e9matiques en yourte avec initiation ou s\u00e9ance de Yoga vinyasa Prana Flow ou encore des ateliers artistiques cr\u00e9atifs.\u00a0\u00a0 Car oui, Lyna ne manque pas d\u2019id\u00e9es! Elle met \u00e0 votre disposition ses talents d\u2019artistes et ses connaissances comme prof de yoga pour vous accompagner afin de vous faire passer un s\u00e9jour m\u00e9morable au domaine.\u00a0 Ces activit\u00e9s sont offertes de mani\u00e8re exclusive pour le moment avec la location de yourte. Elles seront l\u2019occasion d\u2019allier la d\u00e9tente, la cr\u00e9ation, le confort et la d\u00e9couverte. Je vous invite \u00e0 suivre la <span style=\"text-decoration: underline;\"><a href=\"https:\/\/www.facebook.com\/domaineloreedesbois.ca\/\">page Facebook de l\u2019entreprise<\/a><\/span> pour \u00eatre inform\u00e9 des prochaines dates offertes.<\/p>[\/et_pb_text][\/et_pb_column][\/et_pb_row][et_pb_row _builder_version=\u00a0\u00bb4.9.4&Prime; _module_preset=\u00a0\u00bbdefault\u00a0\u00bb][et_pb_column type=\u00a0\u00bb4_4&Prime; _builder_version=\u00a0\u00bb4.9.4&Prime; _module_preset=\u00a0\u00bbdefault\u00a0\u00bb][et_pb_text _builder_version=\u00a0\u00bb4.9.4&Prime; _module_preset=\u00a0\u00bbdefault\u00a0\u00bb background_color=\u00a0\u00bb#000000&Prime; custom_padding=\u00a0\u00bb10px|25px|10px|25px|false|false\u00a0\u00bb]<p style=\"text-align: center;\"><span style=\"color: #ffffff;\">Bon \u00e0 savoir : en r\u00e9servant votre s\u00e9jour en yourte d\u2019ici la fin mai, vous pourrez profiter de tarifs d\u00e9but de saison jusqu\u2019au 20 juin 2021. Int\u00e9ressant hein?!<\/span><\/p>[\/et_pb_text][\/et_pb_column][\/et_pb_row][et_pb_row _builder_version=\u00a0\u00bb4.9.4&Prime; _module_preset=\u00a0\u00bbdefault\u00a0\u00bb][et_pb_column type=\u00a0\u00bb4_4&Prime; _builder_version=\u00a0\u00bb4.9.4&Prime; _module_preset=\u00a0\u00bbdefault\u00a0\u00bb][et_pb_text _builder_version=\u00a0\u00bb4.9.4&Prime; _module_preset=\u00a0\u00bbdefault\u00a0\u00bb]<p>Personnellement, j\u2019y am\u00e8ne ma tribu (mon chum et nos deux enfants) cet \u00e9t\u00e9. Notre yourte est r\u00e9serv\u00e9e! Et vous, est-ce que cela vous a donn\u00e9 le go\u00fbt de r\u00e9server?<\/p>\n<p><strong>Pour en savoir plus et r\u00e9server :<\/strong> contactez Lyna Bouchard au <a href=\"tel:418%20276-1075\">418 276-1075<\/a> ou visitez leur site web au <span style=\"text-decoration: underline;\"><a href=\"www.domaineloreedesbois.ca\">www.domaineloreedesbois.ca<\/a><\/span>.<\/p>[\/et_pb_text][\/et_pb_column][\/et_pb_row][et_pb_row _builder_version=\u00a0\u00bb4.9.4&Prime; _module_preset=\u00a0\u00bbdefault\u00a0\u00bb][et_pb_column type=\u00a0\u00bb4_4&Prime; _builder_version=\u00a0\u00bb4.9.4&Prime; _module_preset=\u00a0\u00bbdefault\u00a0\u00bb][et_pb_image src=\u00a0\u00bbhttps:\/\/devtntatelier.com\/jeremy\/wp-content\/uploads\/2021\/05\/domaine-oree-equipe-famille.jpg\u00a0\u00bb title_text=\u00a0\u00bbdomaine-oree-equipe-famille\u00a0\u00bb _builder_version=\u00a0\u00bb4.9.4&Prime; _module_preset=\u00a0\u00bbdefault\u00a0\u00bb][\/et_pb_image][\/et_pb_column][\/et_pb_row][\/et_pb_section]\n","protected":false},"excerpt":{"rendered":"<p>Je connais bien Lyna Bouchard, copropri\u00e9taire avec son conjoint \u00c9ric Perreault, du Domaine L\u2019Or\u00e9e des Bois nich\u00e9 \u00e0 Notre-Dame-de-Lorette, au nord du Lac-Saint-Jean. C\u2019est une femme passionn\u00e9e, un mod\u00e8le d\u2019entrepreneure [&hellip;]<\/p>\n","protected":false},"author":2,"featured_media":1551,"comment_status":"closed","ping_status":"closed","sticky":false,"template":"","format":"standard","meta":{"_et_pb_use_builder":"on","_et_pb_old_content":"","_et_gb_content_width":"","_lmt_disableupdate":"","_lmt_disable":"","_price":"","_stock":"","_tribe_ticket_header":"","_tribe_default_ticket_provider":"","_tribe_ticket_capacity":"0","_ticket_start_date":"","_ticket_end_date":"","_tribe_ticket_show_description":"","_tribe_ticket_show_not_going":false,"_tribe_ticket_use_global_stock":"","_tribe_ticket_global_stock_level":"","_global_stock_mode":"","_global_stock_cap":"","_tribe_rsvp_for_event":"","_tribe_ticket_going_count":"","_tribe_ticket_not_going_count":"","_tribe_tickets_list":"[]","_tribe_ticket_has_attendee_info_fields":false,"footnotes":""},"categories":[5,1],"tags":[],"class_list":["post-845","post","type-post","status-publish","format-standard","has-post-thumbnail","hentry","category-cest-nouveau","category-articles-achat-local-extra-maria"],"yoast_head":"<!-- This site is optimized with the Yoast SEO Premium plugin v25.9 (Yoast SEO v28.4) - https:\/\/yoast.com\/product\/yoast-seo-premium-wordpress\/ -->\n<title>5 raisons de s\u00e9journer en couple ou en famille en yourte au Domaine L&#039;Or\u00e9e des Bois - Extra Maria<\/title>\n<meta name=\"robots\" content=\"index, follow, max-snippet:-1, max-image-preview:large, max-video-preview:-1\" \/>\n<link rel=\"canonical\" href=\"https:\/\/devtntatelier.com\/jeremy\/5-raisons-de-sejourner-en-yourte-au-domaine-l-oree-des-bois\/\" \/>\n<meta property=\"og:locale\" content=\"fr_FR\" \/>\n<meta property=\"og:type\" content=\"article\" \/>\n<meta property=\"og:title\" content=\"5 raisons de s\u00e9journer en couple ou en famille en yourte au Domaine L&#039;Or\u00e9e des Bois\" \/>\n<meta property=\"og:url\" content=\"https:\/\/devtntatelier.com\/jeremy\/5-raisons-de-sejourner-en-yourte-au-domaine-l-oree-des-bois\/\" \/>\n<meta property=\"og:site_name\" content=\"Extra Maria\" \/>\n<meta property=\"article:published_time\" content=\"2021-05-03T14:34:25+00:00\" \/>\n<meta property=\"article:modified_time\" content=\"2021-10-14T12:36:15+00:00\" \/>\n<meta property=\"og:image\" content=\"https:\/\/devtntatelier.com\/jeremy\/wp-content\/uploads\/2021\/05\/yourtes-soiree-domaine-l-oree-des-bois-scaled-e1620412349251.jpg\" \/>\n\t<meta property=\"og:image:width\" content=\"945\" \/>\n\t<meta property=\"og:image:height\" content=\"630\" \/>\n\t<meta property=\"og:image:type\" content=\"image\/jpeg\" \/>\n<meta name=\"author\" content=\"Am\u00e9lia Fromage\" \/>\n<meta name=\"twitter:card\" content=\"summary_large_image\" \/>\n<meta name=\"twitter:label1\" content=\"\u00c9crit par\" \/>\n\t<meta name=\"twitter:data1\" content=\"Am\u00e9lia Fromage\" \/>\n\t<meta name=\"twitter:label2\" content=\"Dur\u00e9e de lecture estim\u00e9e\" \/>\n\t<meta name=\"twitter:data2\" content=\"5 minutes\" \/>\n<script type=\"application\/ld+json\" class=\"yoast-schema-graph\">{\"@context\":\"https:\\\/\\\/schema.org\",\"@graph\":[{\"@type\":\"Article\",\"@id\":\"https:\\\/\\\/devtntatelier.com\\\/jeremy\\\/5-raisons-de-sejourner-en-yourte-au-domaine-l-oree-des-bois\\\/#article\",\"isPartOf\":{\"@id\":\"https:\\\/\\\/devtntatelier.com\\\/jeremy\\\/5-raisons-de-sejourner-en-yourte-au-domaine-l-oree-des-bois\\\/\"},\"author\":{\"name\":\"Am\u00e9lia Fromage\",\"@id\":\"https:\\\/\\\/devtntatelier.com\\\/jeremy\\\/#\\\/schema\\\/person\\\/0a878778dd7d3b51f55c32fe3d0c565b\"},\"headline\":\"5 raisons de s\u00e9journer en couple ou en famille en yourte au Domaine L&rsquo;Or\u00e9e des Bois\",\"datePublished\":\"2021-05-03T14:34:25+00:00\",\"dateModified\":\"2021-10-14T12:36:15+00:00\",\"mainEntityOfPage\":{\"@id\":\"https:\\\/\\\/devtntatelier.com\\\/jeremy\\\/5-raisons-de-sejourner-en-yourte-au-domaine-l-oree-des-bois\\\/\"},\"wordCount\":1773,\"image\":{\"@id\":\"https:\\\/\\\/devtntatelier.com\\\/jeremy\\\/5-raisons-de-sejourner-en-yourte-au-domaine-l-oree-des-bois\\\/#primaryimage\"},\"thumbnailUrl\":\"https:\\\/\\\/devtntatelier.com\\\/jeremy\\\/wp-content\\\/uploads\\\/2021\\\/05\\\/yourtes-soiree-domaine-l-oree-des-bois-1280x640-2.jpg\",\"articleSection\":[\"C'est nouveau!\",\"Tous les articles\"],\"inLanguage\":\"fr-FR\"},{\"@type\":\"WebPage\",\"@id\":\"https:\\\/\\\/devtntatelier.com\\\/jeremy\\\/5-raisons-de-sejourner-en-yourte-au-domaine-l-oree-des-bois\\\/\",\"url\":\"https:\\\/\\\/devtntatelier.com\\\/jeremy\\\/5-raisons-de-sejourner-en-yourte-au-domaine-l-oree-des-bois\\\/\",\"name\":\"5 raisons de s\u00e9journer en couple ou en famille en yourte au Domaine L'Or\u00e9e des Bois - Extra Maria\",\"isPartOf\":{\"@id\":\"https:\\\/\\\/devtntatelier.com\\\/jeremy\\\/#website\"},\"primaryImageOfPage\":{\"@id\":\"https:\\\/\\\/devtntatelier.com\\\/jeremy\\\/5-raisons-de-sejourner-en-yourte-au-domaine-l-oree-des-bois\\\/#primaryimage\"},\"image\":{\"@id\":\"https:\\\/\\\/devtntatelier.com\\\/jeremy\\\/5-raisons-de-sejourner-en-yourte-au-domaine-l-oree-des-bois\\\/#primaryimage\"},\"thumbnailUrl\":\"https:\\\/\\\/devtntatelier.com\\\/jeremy\\\/wp-content\\\/uploads\\\/2021\\\/05\\\/yourtes-soiree-domaine-l-oree-des-bois-1280x640-2.jpg\",\"datePublished\":\"2021-05-03T14:34:25+00:00\",\"dateModified\":\"2021-10-14T12:36:15+00:00\",\"author\":{\"@id\":\"https:\\\/\\\/devtntatelier.com\\\/jeremy\\\/#\\\/schema\\\/person\\\/0a878778dd7d3b51f55c32fe3d0c565b\"},\"breadcrumb\":{\"@id\":\"https:\\\/\\\/devtntatelier.com\\\/jeremy\\\/5-raisons-de-sejourner-en-yourte-au-domaine-l-oree-des-bois\\\/#breadcrumb\"},\"inLanguage\":\"fr-FR\",\"potentialAction\":[{\"@type\":\"ReadAction\",\"target\":[\"https:\\\/\\\/devtntatelier.com\\\/jeremy\\\/5-raisons-de-sejourner-en-yourte-au-domaine-l-oree-des-bois\\\/\"]}]},{\"@type\":\"ImageObject\",\"inLanguage\":\"fr-FR\",\"@id\":\"https:\\\/\\\/devtntatelier.com\\\/jeremy\\\/5-raisons-de-sejourner-en-yourte-au-domaine-l-oree-des-bois\\\/#primaryimage\",\"url\":\"https:\\\/\\\/devtntatelier.com\\\/jeremy\\\/wp-content\\\/uploads\\\/2021\\\/05\\\/yourtes-soiree-domaine-l-oree-des-bois-1280x640-2.jpg\",\"contentUrl\":\"https:\\\/\\\/devtntatelier.com\\\/jeremy\\\/wp-content\\\/uploads\\\/2021\\\/05\\\/yourtes-soiree-domaine-l-oree-des-bois-1280x640-2.jpg\",\"width\":1280,\"height\":640,\"caption\":\"yourtes-soiree-domaine-l-oree-des-bois-1280x640-2\"},{\"@type\":\"BreadcrumbList\",\"@id\":\"https:\\\/\\\/devtntatelier.com\\\/jeremy\\\/5-raisons-de-sejourner-en-yourte-au-domaine-l-oree-des-bois\\\/#breadcrumb\",\"itemListElement\":[{\"@type\":\"ListItem\",\"position\":1,\"name\":\"Accueil\",\"item\":\"https:\\\/\\\/devtntatelier.com\\\/jeremy\\\/\"},{\"@type\":\"ListItem\",\"position\":2,\"name\":\"5 raisons de s\u00e9journer en couple ou en famille en yourte au Domaine L&#8217;Or\u00e9e des Bois\"}]},{\"@type\":\"WebSite\",\"@id\":\"https:\\\/\\\/devtntatelier.com\\\/jeremy\\\/#website\",\"url\":\"https:\\\/\\\/devtntatelier.com\\\/jeremy\\\/\",\"name\":\"Extra Maria\",\"description\":\"Blogue - D\u00e9couvertes locales et achat local\",\"potentialAction\":[{\"@type\":\"SearchAction\",\"target\":{\"@type\":\"EntryPoint\",\"urlTemplate\":\"https:\\\/\\\/devtntatelier.com\\\/jeremy\\\/?s={search_term_string}\"},\"query-input\":{\"@type\":\"PropertyValueSpecification\",\"valueRequired\":true,\"valueName\":\"search_term_string\"}}],\"inLanguage\":\"fr-FR\"},{\"@type\":\"Person\",\"@id\":\"https:\\\/\\\/devtntatelier.com\\\/jeremy\\\/#\\\/schema\\\/person\\\/0a878778dd7d3b51f55c32fe3d0c565b\",\"name\":\"Am\u00e9lia Fromage\",\"image\":{\"@type\":\"ImageObject\",\"inLanguage\":\"fr-FR\",\"@id\":\"https:\\\/\\\/secure.gravatar.com\\\/avatar\\\/a89f2060bca3721d4e33f490e22f18c0ca3155a6e14f9b4f5566b298215bc3c0?s=96&d=mm&r=g\",\"url\":\"https:\\\/\\\/secure.gravatar.com\\\/avatar\\\/a89f2060bca3721d4e33f490e22f18c0ca3155a6e14f9b4f5566b298215bc3c0?s=96&d=mm&r=g\",\"contentUrl\":\"https:\\\/\\\/secure.gravatar.com\\\/avatar\\\/a89f2060bca3721d4e33f490e22f18c0ca3155a6e14f9b4f5566b298215bc3c0?s=96&d=mm&r=g\",\"caption\":\"Am\u00e9lia Fromage\"},\"description\":\"De nature curieuse, j\u2019aime d\u00e9couvrir de nouvelles choses et en parler autour de moi. Mes deux passions : jardiner et manger du chocolat\u2026 (peut-\u00eatre qu\u2019un jour, je serai capable de faire pousser du chocolat, haha). Sinon, quoi vous dire? Ah oui! Par mon travail \u00e0 la SADC Maria-Chapdelaine, je suis en contact avec beaucoup d\u2019entrepreneurs et me donne comme mission de vous partager leurs bons coups et vous donner le go\u00fbt d\u2019acheter local. Parce que chaque petit geste compte pour faire une diff\u00e9rence. Bonne lecture!\",\"sameAs\":[\"https:\\\/\\\/sadcmaria.qc.ca\"],\"url\":\"https:\\\/\\\/devtntatelier.com\\\/jeremy\\\/author\\\/amelia\\\/\"}]}<\/script>\n<!-- \/ Yoast SEO Premium plugin. -->","yoast_head_json":{"title":"5 raisons de s\u00e9journer en couple ou en famille en yourte au Domaine L'Or\u00e9e des Bois - Extra Maria","robots":{"index":"index","follow":"follow","max-snippet":"max-snippet:-1","max-image-preview":"max-image-preview:large","max-video-preview":"max-video-preview:-1"},"canonical":"https:\/\/devtntatelier.com\/jeremy\/5-raisons-de-sejourner-en-yourte-au-domaine-l-oree-des-bois\/","og_locale":"fr_FR","og_type":"article","og_title":"5 raisons de s\u00e9journer en couple ou en famille en yourte au Domaine L'Or\u00e9e des Bois","og_url":"https:\/\/devtntatelier.com\/jeremy\/5-raisons-de-sejourner-en-yourte-au-domaine-l-oree-des-bois\/","og_site_name":"Extra Maria","article_published_time":"2021-05-03T14:34:25+00:00","article_modified_time":"2021-10-14T12:36:15+00:00","og_image":[{"width":945,"height":630,"url":"https:\/\/devtntatelier.com\/jeremy\/wp-content\/uploads\/2021\/05\/yourtes-soiree-domaine-l-oree-des-bois-scaled-e1620412349251.jpg","type":"image\/jpeg"}],"author":"Am\u00e9lia Fromage","twitter_card":"summary_large_image","twitter_misc":{"\u00c9crit par":"Am\u00e9lia Fromage","Dur\u00e9e de lecture estim\u00e9e":"5 minutes"},"schema":{"@context":"https:\/\/schema.org","@graph":[{"@type":"Article","@id":"https:\/\/devtntatelier.com\/jeremy\/5-raisons-de-sejourner-en-yourte-au-domaine-l-oree-des-bois\/#article","isPartOf":{"@id":"https:\/\/devtntatelier.com\/jeremy\/5-raisons-de-sejourner-en-yourte-au-domaine-l-oree-des-bois\/"},"author":{"name":"Am\u00e9lia Fromage","@id":"https:\/\/devtntatelier.com\/jeremy\/#\/schema\/person\/0a878778dd7d3b51f55c32fe3d0c565b"},"headline":"5 raisons de s\u00e9journer en couple ou en famille en yourte au Domaine L&rsquo;Or\u00e9e des Bois","datePublished":"2021-05-03T14:34:25+00:00","dateModified":"2021-10-14T12:36:15+00:00","mainEntityOfPage":{"@id":"https:\/\/devtntatelier.com\/jeremy\/5-raisons-de-sejourner-en-yourte-au-domaine-l-oree-des-bois\/"},"wordCount":1773,"image":{"@id":"https:\/\/devtntatelier.com\/jeremy\/5-raisons-de-sejourner-en-yourte-au-domaine-l-oree-des-bois\/#primaryimage"},"thumbnailUrl":"https:\/\/devtntatelier.com\/jeremy\/wp-content\/uploads\/2021\/05\/yourtes-soiree-domaine-l-oree-des-bois-1280x640-2.jpg","articleSection":["C'est nouveau!","Tous les articles"],"inLanguage":"fr-FR"},{"@type":"WebPage","@id":"https:\/\/devtntatelier.com\/jeremy\/5-raisons-de-sejourner-en-yourte-au-domaine-l-oree-des-bois\/","url":"https:\/\/devtntatelier.com\/jeremy\/5-raisons-de-sejourner-en-yourte-au-domaine-l-oree-des-bois\/","name":"5 raisons de s\u00e9journer en couple ou en famille en yourte au Domaine L'Or\u00e9e des Bois - Extra Maria","isPartOf":{"@id":"https:\/\/devtntatelier.com\/jeremy\/#website"},"primaryImageOfPage":{"@id":"https:\/\/devtntatelier.com\/jeremy\/5-raisons-de-sejourner-en-yourte-au-domaine-l-oree-des-bois\/#primaryimage"},"image":{"@id":"https:\/\/devtntatelier.com\/jeremy\/5-raisons-de-sejourner-en-yourte-au-domaine-l-oree-des-bois\/#primaryimage"},"thumbnailUrl":"https:\/\/devtntatelier.com\/jeremy\/wp-content\/uploads\/2021\/05\/yourtes-soiree-domaine-l-oree-des-bois-1280x640-2.jpg","datePublished":"2021-05-03T14:34:25+00:00","dateModified":"2021-10-14T12:36:15+00:00","author":{"@id":"https:\/\/devtntatelier.com\/jeremy\/#\/schema\/person\/0a878778dd7d3b51f55c32fe3d0c565b"},"breadcrumb":{"@id":"https:\/\/devtntatelier.com\/jeremy\/5-raisons-de-sejourner-en-yourte-au-domaine-l-oree-des-bois\/#breadcrumb"},"inLanguage":"fr-FR","potentialAction":[{"@type":"ReadAction","target":["https:\/\/devtntatelier.com\/jeremy\/5-raisons-de-sejourner-en-yourte-au-domaine-l-oree-des-bois\/"]}]},{"@type":"ImageObject","inLanguage":"fr-FR","@id":"https:\/\/devtntatelier.com\/jeremy\/5-raisons-de-sejourner-en-yourte-au-domaine-l-oree-des-bois\/#primaryimage","url":"https:\/\/devtntatelier.com\/jeremy\/wp-content\/uploads\/2021\/05\/yourtes-soiree-domaine-l-oree-des-bois-1280x640-2.jpg","contentUrl":"https:\/\/devtntatelier.com\/jeremy\/wp-content\/uploads\/2021\/05\/yourtes-soiree-domaine-l-oree-des-bois-1280x640-2.jpg","width":1280,"height":640,"caption":"yourtes-soiree-domaine-l-oree-des-bois-1280x640-2"},{"@type":"BreadcrumbList","@id":"https:\/\/devtntatelier.com\/jeremy\/5-raisons-de-sejourner-en-yourte-au-domaine-l-oree-des-bois\/#breadcrumb","itemListElement":[{"@type":"ListItem","position":1,"name":"Accueil","item":"https:\/\/devtntatelier.com\/jeremy\/"},{"@type":"ListItem","position":2,"name":"5 raisons de s\u00e9journer en couple ou en famille en yourte au Domaine L&#8217;Or\u00e9e des Bois"}]},{"@type":"WebSite","@id":"https:\/\/devtntatelier.com\/jeremy\/#website","url":"https:\/\/devtntatelier.com\/jeremy\/","name":"Extra Maria","description":"Blogue - D\u00e9couvertes locales et achat local","potentialAction":[{"@type":"SearchAction","target":{"@type":"EntryPoint","urlTemplate":"https:\/\/devtntatelier.com\/jeremy\/?s={search_term_string}"},"query-input":{"@type":"PropertyValueSpecification","valueRequired":true,"valueName":"search_term_string"}}],"inLanguage":"fr-FR"},{"@type":"Person","@id":"https:\/\/devtntatelier.com\/jeremy\/#\/schema\/person\/0a878778dd7d3b51f55c32fe3d0c565b","name":"Am\u00e9lia Fromage","image":{"@type":"ImageObject","inLanguage":"fr-FR","@id":"https:\/\/secure.gravatar.com\/avatar\/a89f2060bca3721d4e33f490e22f18c0ca3155a6e14f9b4f5566b298215bc3c0?s=96&d=mm&r=g","url":"https:\/\/secure.gravatar.com\/avatar\/a89f2060bca3721d4e33f490e22f18c0ca3155a6e14f9b4f5566b298215bc3c0?s=96&d=mm&r=g","contentUrl":"https:\/\/secure.gravatar.com\/avatar\/a89f2060bca3721d4e33f490e22f18c0ca3155a6e14f9b4f5566b298215bc3c0?s=96&d=mm&r=g","caption":"Am\u00e9lia Fromage"},"description":"De nature curieuse, j\u2019aime d\u00e9couvrir de nouvelles choses et en parler autour de moi. Mes deux passions : jardiner et manger du chocolat\u2026 (peut-\u00eatre qu\u2019un jour, je serai capable de faire pousser du chocolat, haha). Sinon, quoi vous dire? Ah oui! Par mon travail \u00e0 la SADC Maria-Chapdelaine, je suis en contact avec beaucoup d\u2019entrepreneurs et me donne comme mission de vous partager leurs bons coups et vous donner le go\u00fbt d\u2019acheter local. Parce que chaque petit geste compte pour faire une diff\u00e9rence. Bonne lecture!","sameAs":["https:\/\/sadcmaria.qc.ca"],"url":"https:\/\/devtntatelier.com\/jeremy\/author\/amelia\/"}]}},"modified_by":"Am\u00e9lia Fromage","_links":{"self":[{"href":"https:\/\/devtntatelier.com\/jeremy\/wp-json\/wp\/v2\/posts\/845","targetHints":{"allow":["GET"]}}],"collection":[{"href":"https:\/\/devtntatelier.com\/jeremy\/wp-json\/wp\/v2\/posts"}],"about":[{"href":"https:\/\/devtntatelier.com\/jeremy\/wp-json\/wp\/v2\/types\/post"}],"author":[{"embeddable":true,"href":"https:\/\/devtntatelier.com\/jeremy\/wp-json\/wp\/v2\/users\/2"}],"replies":[{"embeddable":true,"href":"https:\/\/devtntatelier.com\/jeremy\/wp-json\/wp\/v2\/comments?post=845"}],"version-history":[{"count":0,"href":"https:\/\/devtntatelier.com\/jeremy\/wp-json\/wp\/v2\/posts\/845\/revisions"}],"wp:featuredmedia":[{"embeddable":true,"href":"https:\/\/devtntatelier.com\/jeremy\/wp-json\/wp\/v2\/media\/1551"}],"wp:attachment":[{"href":"https:\/\/devtntatelier.com\/jeremy\/wp-json\/wp\/v2\/media?parent=845"}],"wp:term":[{"taxonomy":"category","embeddable":true,"href":"https:\/\/devtntatelier.com\/jeremy\/wp-json\/wp\/v2\/categories?post=845"},{"taxonomy":"post_tag","embeddable":true,"href":"https:\/\/devtntatelier.com\/jeremy\/wp-json\/wp\/v2\/tags?post=845"}],"curies":[{"name":"wp","href":"https:\/\/api.w.org\/{rel}","templated":true}]}}