{"id":7912,"date":"2025-09-09T08:57:25","date_gmt":"2025-09-09T12:57:25","guid":{"rendered":"https:\/\/devtntatelier.com\/jeremy\/?p=7912"},"modified":"2025-09-09T09:01:22","modified_gmt":"2025-09-09T13:01:22","slug":"innovations-et-nouveautes-entrepreneuriales","status":"publish","type":"post","link":"https:\/\/devtntatelier.com\/jeremy\/innovations-et-nouveautes-entrepreneuriales\/","title":{"rendered":"Innovations et nouveaut\u00e9s entrepreneuriales"},"content":{"rendered":"\n[et_pb_section fb_built=\u00a0\u00bb1&Prime; _builder_version=\u00a0\u00bb4.27.4&Prime; _module_preset=\u00a0\u00bbdefault\u00a0\u00bb global_colors_info=\u00a0\u00bb{}\u00a0\u00bb][et_pb_row _builder_version=\u00a0\u00bb4.27.4&Prime; _module_preset=\u00a0\u00bbdefault\u00a0\u00bb global_colors_info=\u00a0\u00bb{}\u00a0\u00bb][et_pb_column type=\u00a0\u00bb4_4&Prime; _builder_version=\u00a0\u00bb4.27.4&Prime; _module_preset=\u00a0\u00bbdefault\u00a0\u00bb global_colors_info=\u00a0\u00bb{}\u00a0\u00bb][et_pb_text _builder_version=\u00a0\u00bb4.27.4&Prime; _module_preset=\u00a0\u00bbdefault\u00a0\u00bb inline_fonts=\u00a0\u00bbPoppins\u00a0\u00bb global_colors_info=\u00a0\u00bb{}\u00a0\u00bb]<p style=\"text-align: center;\"><span style=\"font-family: Poppins; font-weight: normal;\"><strong><span style=\"font-size: xx-large;\">\u00a0Caf\u00e9 press\u00e9<\/span><\/strong><\/span><\/p>\n<p><span style=\"font-family: Poppins; font-weight: normal;\">Voici la seconde \u00e9dition du Caf\u00e9 press\u00e9, portrait trimestriel du monde des affaires dans la MRC Maria-Chapdelaine! Ce bulletin, publi\u00e9 trois fois par ann\u00e9e, r\u00e9sume les activit\u00e9s \u00e9conomiques des derniers mois dans un format adapt\u00e9 pour le lectorat press\u00e9, juste le temps d\u2019un caf\u00e9.<\/span><\/p>\n<p style=\"text-align: center;\"><span style=\"font-size: large; font-family: Poppins; font-weight: normal;\"><strong>Premier Grand rassemblement de la for\u00eat<\/strong><\/span><\/p>\n<p style=\"text-align: left;\"><span style=\"font-family: Poppins; font-weight: normal;\">Plus d\u2019une cinquantaine d\u2019exposants, dont des \u00e9quipementiers, des centres de formation, des industriels et des fournisseurs, se sont rassembl\u00e9s pour pr\u00e9senter machinerie, formations et occasions d\u2019emploi \u00e0 l\u2019occasion du Grand rassemblement de la for\u00eat \u00e0 Dolbeau-Mistassini. La fin de semaine d\u00e9di\u00e9e \u00e0 la valorisation de notre patrimoine forestier a attir\u00e9 plus de 2\u00a0000\u00a0visiteurs. Trois conf\u00e9rences sur les innovations foresti\u00e8res, sur la nouvelle \u00e9conomie foresti\u00e8re et sur la sant\u00e9 nordique ont \u00e9t\u00e9 pr\u00e9sent\u00e9es le samedi, et la soir\u00e9e b\u00e9n\u00e9fice au profit de la Maison Colombe-Veilleux a permis d\u2019amasser 260\u00a0000\u00a0$.<\/span><\/p>\n<p style=\"text-align: left;\"><span style=\"font-family: Poppins; font-weight: normal;\">En savoir plus\u00a0: <span style=\"text-decoration: underline;\"><span style=\"color: #0000ff; text-decoration: underline;\"><a href=\"https:\/\/www.lequotidien.com\/actualites\/2025\/05\/07\/un-nouvel-evenement-forestier-a-dolbeau-mistassini-NJXQLJKBWRFN5MM2ZSUZCINR4Y\/\" style=\"color: #0000ff; text-decoration: underline;\">https:\/\/www.lequotidien.com\/actualites\/2025\/05\/07\/un-nouvel-evenement-forestier-a-dolbeau-mistassini-NJXQLJKBWRFN5MM2ZSUZCINR4Y\/<\/a><\/span><\/span><\/span><\/p>\n<p style=\"text-align: left;\"><span style=\"text-decoration: underline; color: #0000ff;\"><span style=\"font-family: Poppins; font-weight: normal;\"><a href=\"https:\/\/www.nouvelleshebdo.com\/actualites\/639305\/la-maison-colombe-veilleux-amasse-260000\" style=\"color: #0000ff; text-decoration: underline;\">https:\/\/www.nouvelleshebdo.com\/actualites\/639305\/la-maison-colombe-veilleux-amasse-260000<\/a><\/span><\/span><\/p>\n<p style=\"text-align: center;\"><span style=\"font-size: large; font-family: Poppins; font-weight: normal;\"><strong>Inauguration d\u2019Oasis et Spa du capitaine \u00e0 P\u00e9ribonka<\/strong><\/span><\/p>\n<p><span style=\"font-family: Poppins; font-weight: normal;\">Un tout nouveau lieu de d\u00e9tente et de bien-\u00eatre, Oasis et Spa du capitaine, a \u00e9t\u00e9 inaugur\u00e9 \u00e0 P\u00e9ribonka. En bordure d\u2019un bras de la rivi\u00e8re P\u00e9ribonka, l\u2019endroit compte trois bains \u00e0 remous, trois saunas chauds, deux saunas finlandais, un bain hammam \u00e0 l\u2019eucalyptus, une salle de massoth\u00e9rapie, une salle de soins esth\u00e9tiques et plusieurs aires de repos int\u00e9rieures et ext\u00e9rieures munies d\u2019un foyer au bois. Trois yourtes et un chalet permettent de s\u2019h\u00e9berger sur place.<\/span><\/p>\n<p><span style=\"font-family: Poppins; font-weight: normal;\">En savoir plus\u00a0:<span style=\"text-decoration: underline;\"><span style=\"color: #0000ff; text-decoration: underline;\"> <a href=\"https:\/\/www.oasisetspaducapitaine.com\" style=\"color: #0000ff; text-decoration: underline;\">https:\/\/www.oasisetspaducapitaine.com<\/a><\/span><\/span><\/span><\/p>\n<p><span style=\"text-decoration: underline; color: #0000ff;\"><span style=\"font-family: Poppins; font-weight: normal;\"><a href=\"https:\/\/www.nouvelleshebdo.com\/economie\/643608\/le-nouveau-joyau-de-peribonka\" style=\"color: #0000ff; text-decoration: underline;\">https:\/\/www.nouvelleshebdo.com\/economie\/643608\/le-nouveau-joyau-de-peribonka<\/a><\/span><\/span><\/p>\n<p style=\"text-align: center;\"><span style=\"font-size: large; font-family: Poppins; font-weight: normal;\"><strong>Investissement d\u2019envergure chez Construction Dufour<\/strong><\/span><\/p>\n<p><span style=\"font-family: Poppins; font-weight: normal;\">Construction Dufour investit 1,2 M$ dans l\u2019agrandissement de son b\u00e2timent afin de poursuivre sa croissance et de renforcer sa pr\u00e9sence dans la r\u00e9gion. L\u2019investissement comprend les travaux r\u00e9alis\u00e9s par l\u2019entreprise ainsi que l\u2019achat d\u2019\u00e9quipements sp\u00e9cialis\u00e9s et de technologies. Le si\u00e8ge social de l\u2019entreprise compte maintenant sept nouveaux bureaux, en plus d\u2019un d\u00f4me de 2 400 pieds carr\u00e9s install\u00e9 sur le terrain pour faciliter l\u2019entreposage des mat\u00e9riaux.<\/span><\/p>\n<p><span style=\"font-family: Poppins; font-weight: normal;\">En savoir plus\u00a0:<span style=\"text-decoration: underline; color: #0000ff;\"> <a href=\"https:\/\/informeaffaires.com\/regional\/construction\/dufour-construction-investit-12-m\" style=\"color: #0000ff; text-decoration: underline;\">https:\/\/informeaffaires.com\/regional\/construction\/dufour-construction-investit-12-m<\/a><\/span><\/span><\/p>\n<p style=\"text-align: center;\"><span style=\"font-size: large; font-family: Poppins; font-weight: normal;\"><strong>Ouverture de l\u2019Acad\u00e9mie des porteurs de musique \u00e0 Dolbeau-Mistassini<\/strong><\/span><\/p>\n<p><span style=\"font-family: Poppins; font-weight: normal;\">L\u2019Acad\u00e9mie des porteurs de musique a officiellement ouvert ses portes, offrant des cours vari\u00e9s afin de stimuler la rel\u00e8ve musicale dans la r\u00e9gion. L\u2019\u00e9cole, situ\u00e9e au deuxi\u00e8me \u00e9tage de la biblioth\u00e8que municipale dans le secteur de Dolbeau, offre cet automne des le\u00e7ons de chant, de piano, de guitare, de basse, de contrebasse, de violon, de violoncelle et de saxophone.<\/span><\/p>\n<p><span style=\"font-family: Poppins; font-weight: normal;\">En savoir plus\u00a0: <span style=\"text-decoration: underline; color: #0000ff;\"><a href=\"https:\/\/ici.radio-canada.ca\/nouvelle\/2182154\/cours-instrument-guitare-piano-lac-saint-jean\" style=\"color: #0000ff; text-decoration: underline;\">https:\/\/ici.radio-canada.ca\/nouvelle\/2182154\/cours-instrument-guitare-piano-lac-saint-jean<\/a><\/span><\/span><\/p>\n<p style=\"text-align: center;\"><span style=\"font-size: large; font-family: Poppins; font-weight: normal;\"><strong>Expansion et ventes au Nouveau-Brunswick pour \u00c9quipement DH<\/strong><\/span><\/p>\n<p><span style=\"font-family: Poppins; font-weight: normal;\">L\u2019entreprise \u00c9quipement DH conna\u00eet un engouement marqu\u00e9 pour ses produits, avec une distribution \u00e9tendue du Qu\u00e9bec au Nouveau-Brunswick et en Nouvelle-\u00c9cosse. L\u2019entreprise vise d\u00e9sormais la distribution de ses cueilleuses m\u00e9canis\u00e9es dans le Maine.<\/span><\/p>\n<p><span style=\"font-family: Poppins; font-weight: normal;\">En savoir plus\u00a0: <span style=\"text-decoration: underline; color: #0000ff;\"><a href=\"https:\/\/www.equipementsdh.com\/\" style=\"color: #0000ff; text-decoration: underline;\">https:\/\/www.equipementsdh.com\/<\/a><\/span><\/span><\/p>\n<p style=\"text-align: center;\"><span style=\"font-size: large; font-family: Poppins; font-weight: normal;\"><strong>Moulin du Lac est d\u00e9sormais fournisseur exclusif pour la Boulangerie Auger<\/strong><\/span><\/p>\n<p><span style=\"font-family: Poppins; font-weight: normal;\">Moulin du Lac, propri\u00e9t\u00e9 de C\u00e9r\u00e9ales Normandin, devient le fournisseur exclusif de farine de bl\u00e9 de la Boulangerie Auger, \u00e0 Saint-J\u00e9r\u00f4me. L\u2019entreprise fournira l\u2019\u00e9quivalent de 6\u00a0000\u00a0tonnes de bl\u00e9 pour la production annuelle de la boulangerie, ce qui repr\u00e9sente 20\u00a0% de sa capacit\u00e9 totale. C\u2019est l\u2019investissement r\u00e9cent de C\u00e9r\u00e9ales Normandin dans ses installations qui lui permet maintenant de fournir un acteur aussi important. L\u2019\u00e9tablissement transforme le bl\u00e9 de 66\u00a0producteurs qu\u00e9b\u00e9cois pour le compte de la boulangerie de Saint-J\u00e9r\u00f4me, la seule boulangerie commerciale d\u2019envergure nationale qui soit 100\u00a0% qu\u00e9b\u00e9coise.<\/span><\/p>\n<p><span style=\"font-family: Poppins; font-weight: normal;\">En savoir plus\u00a0: <span style=\"text-decoration: underline;\"><span style=\"color: #0000ff; text-decoration: underline;\"><a href=\"https:\/\/ici.radio-canada.ca\/nouvelle\/2187893\/farine-pains-aliments\" style=\"color: #0000ff; text-decoration: underline;\">https:\/\/ici.radio-canada.ca\/nouvelle\/2187893\/farine-pains-aliments<\/a><\/span><\/span><\/span><\/p>\n<p><span style=\"text-decoration: underline;\"><span style=\"font-family: Poppins; font-weight: normal; color: #0000ff; text-decoration: underline;\"><a href=\"https:\/\/www.lapresse.ca\/affaires\/entreprises\/2025-08-26\/nouvelle-entente\/de-la-farine-du-lac-saint-jean-pour-la-boulangerie-auger.php\" style=\"color: #0000ff; text-decoration: underline;\">https:\/\/www.lapresse.ca\/affaires\/entreprises\/2025-08-26\/nouvelle-entente\/de-la-farine-du-lac-saint-jean-pour-la-boulangerie-auger.php<\/a><\/span><\/span><\/p>\n<p style=\"text-align: center;\"><span style=\"font-size: large; font-family: Poppins; font-weight: normal;\"><strong>Un contrat de 16,5\u00a0M$ pour Unibec<\/strong><\/span><\/p>\n<p><span style=\"font-family: Poppins; font-weight: normal;\">L\u2019entreprise Unibec de Dolbeau-Mistassini a obtenu le contrat de la construction de la nouvelle \u00e9cole primaire de B\u00e9gin. Le projet de 16,5\u00a0M$ a commenc\u00e9 \u00e0 la mi-ao\u00fbt et doit se terminer en d\u00e9cembre\u00a02026.<\/span><\/p>\n<p><span style=\"font-family: Poppins; font-weight: normal;\">En savoir plus\u00a0: <span style=\"text-decoration: underline; color: #0000ff;\"><a href=\"https:\/\/informeaffaires.com\/regional\/construction\/un-contrat-de-165-m-pour-unibec\" style=\"color: #0000ff; text-decoration: underline;\">https:\/\/informeaffaires.com\/regional\/construction\/un-contrat-de-165-m-pour-unibec<\/a><\/span><\/span><\/p>\n<p style=\"text-align: center;\"><strong><span style=\"font-family: Poppins; font-size: xx-large;\"> Innovation num\u00e9rique<\/span><\/strong><\/p>\n<p><span style=\"font-family: Poppins; font-weight: normal;\"><\/span><\/p>\n<p><span style=\"font-family: Poppins; font-weight: normal;\"><\/span><\/p>\n<p><span style=\"font-family: Poppins; font-weight: normal;\"><\/span><\/p>\n<p><span style=\"font-family: Poppins; font-weight: normal;\"><\/span><\/p>\n<p><span style=\"font-family: Poppins; font-weight: normal;\"><\/span><\/p>\n<p><span style=\"font-family: Poppins; font-weight: normal;\">Gr\u00e2ce au programme de d\u00e9veloppement en marketing web de la MRC de Maria-Chapdelaine, ces entreprises ont pu cr\u00e9er ou am\u00e9liorer significativement leur site web. Elles ont \u00e9galement profit\u00e9 de ce programme pour repenser leur positionnement num\u00e9rique et renforcer la gestion de leurs m\u00e9dias sociaux.<\/span><\/p>\n<p><span style=\"text-decoration: underline; color: #0000ff;\"><span style=\"font-family: Poppins; font-weight: normal;\"><a href=\"https:\/\/lesbuffetsmichelleetsteph.com\/\" style=\"color: #0000ff; text-decoration: underline;\">Les Buffets Michelle et Steph<\/a><\/span><\/span><\/p>\n<p><span style=\"text-decoration: underline; color: #0000ff;\"><span style=\"font-family: Poppins; font-weight: normal;\"><a href=\"https:\/\/demielenbleuets.ca\/\" style=\"color: #0000ff; text-decoration: underline;\">De Miel en Bleuets<\/a><\/span><\/span><\/p>\n<p><span style=\"text-decoration: underline; color: #0000ff;\"><span style=\"font-family: Poppins; font-weight: normal;\"><a href=\"https:\/\/usinagesps.com\/\" style=\"color: #0000ff; text-decoration: underline;\">Usinage SPS<\/a>\u00a0<\/span><\/span><\/p>\n<p><span style=\"font-family: Poppins; font-weight: normal;\">R\u00e9alisation conjointe <strong>du Programme de d\u00e9veloppement en marketing web de la MRC de Maria-Chapdelaine<\/strong> et du <strong>Programme d\u2019optimisation du marketing web de la Ville de Dolbeau-Mistassini<\/strong><\/span><\/p>\n<p><span style=\"text-decoration: underline; color: #0000ff;\"><span style=\"font-family: Poppins; font-weight: normal;\"><a href=\"https:\/\/www.cliniquepsycho-aide.ca\/\" style=\"color: #0000ff; text-decoration: underline;\">Clinique psycho-aide<\/a><\/span><\/span><\/p>[\/et_pb_text][\/et_pb_column][\/et_pb_row][\/et_pb_section]\n","protected":false},"excerpt":{"rendered":"<p>\u00a0Caf\u00e9 press\u00e9 Voici la seconde \u00e9dition du Caf\u00e9 press\u00e9, portrait trimestriel du monde des affaires dans la MRC Maria-Chapdelaine! Ce bulletin, publi\u00e9 trois fois par ann\u00e9e, r\u00e9sume les activit\u00e9s \u00e9conomiques [&hellip;]<\/p>\n","protected":false},"author":23,"featured_media":7870,"comment_status":"open","ping_status":"open","sticky":false,"template":"","format":"standard","meta":{"_et_pb_use_builder":"on","_et_pb_old_content":"","_et_gb_content_width":"","_lmt_disableupdate":"","_lmt_disable":"","_price":"","_stock":"","_tribe_ticket_header":"","_tribe_default_ticket_provider":"","_tribe_ticket_capacity":"0","_ticket_start_date":"","_ticket_end_date":"","_tribe_ticket_show_description":"","_tribe_ticket_show_not_going":false,"_tribe_ticket_use_global_stock":"","_tribe_ticket_global_stock_level":"","_global_stock_mode":"","_global_stock_cap":"","_tribe_rsvp_for_event":"","_tribe_ticket_going_count":"","_tribe_ticket_not_going_count":"","_tribe_tickets_list":"[]","_tribe_ticket_has_attendee_info_fields":false,"footnotes":""},"categories":[5,1],"tags":[],"class_list":["post-7912","post","type-post","status-publish","format-standard","has-post-thumbnail","hentry","category-cest-nouveau","category-articles-achat-local-extra-maria"],"yoast_head":"<!-- This site is optimized with the Yoast SEO Premium plugin v25.9 (Yoast SEO v28.4) - https:\/\/yoast.com\/product\/yoast-seo-premium-wordpress\/ -->\n<title>Innovations et nouveaut\u00e9s entrepreneuriales - Extra Maria<\/title>\n<meta name=\"description\" content=\"D\u00e9couvrez les nouveaut\u00e9s des entreprises de la MRC Maria-Chapdelaine, de mai \u00e0 ao\u00fbt 2025, dans notre infolettre\u2026 le temps d\u2019un caf\u00e9!\" \/>\n<meta name=\"robots\" content=\"index, follow, max-snippet:-1, max-image-preview:large, max-video-preview:-1\" \/>\n<link rel=\"canonical\" href=\"https:\/\/devtntatelier.com\/jeremy\/innovations-et-nouveautes-entrepreneuriales\/\" \/>\n<meta property=\"og:locale\" content=\"fr_FR\" \/>\n<meta property=\"og:type\" content=\"article\" \/>\n<meta property=\"og:title\" content=\"Innovations et nouveaut\u00e9s entrepreneuriales\" \/>\n<meta property=\"og:url\" content=\"https:\/\/devtntatelier.com\/jeremy\/innovations-et-nouveautes-entrepreneuriales\/\" \/>\n<meta property=\"og:site_name\" content=\"Extra Maria\" \/>\n<meta property=\"article:published_time\" content=\"2025-09-09T12:57:25+00:00\" \/>\n<meta property=\"article:modified_time\" content=\"2025-09-09T13:01:22+00:00\" \/>\n<meta property=\"og:image\" content=\"https:\/\/devtntatelier.com\/jeremy\/wp-content\/uploads\/2025\/05\/cafe-et-journal-mais-sans-voir-lecriture-du-journal-.jpg\" \/>\n\t<meta property=\"og:image:width\" content=\"1472\" \/>\n\t<meta property=\"og:image:height\" content=\"832\" \/>\n\t<meta property=\"og:image:type\" content=\"image\/jpeg\" \/>\n<meta name=\"author\" content=\"Olivia Sauvageau\" \/>\n<meta name=\"twitter:card\" content=\"summary_large_image\" \/>\n<meta name=\"twitter:label1\" content=\"\u00c9crit par\" \/>\n\t<meta name=\"twitter:data1\" content=\"Olivia Sauvageau\" \/>\n\t<meta name=\"twitter:label2\" content=\"Dur\u00e9e de lecture estim\u00e9e\" \/>\n\t<meta name=\"twitter:data2\" content=\"4 minutes\" \/>\n<script type=\"application\/ld+json\" class=\"yoast-schema-graph\">{\"@context\":\"https:\\\/\\\/schema.org\",\"@graph\":[{\"@type\":\"Article\",\"@id\":\"https:\\\/\\\/devtntatelier.com\\\/jeremy\\\/innovations-et-nouveautes-entrepreneuriales\\\/#article\",\"isPartOf\":{\"@id\":\"https:\\\/\\\/devtntatelier.com\\\/jeremy\\\/innovations-et-nouveautes-entrepreneuriales\\\/\"},\"author\":{\"name\":\"Olivia Sauvageau\",\"@id\":\"https:\\\/\\\/devtntatelier.com\\\/jeremy\\\/#\\\/schema\\\/person\\\/0c81a1160811d3ab5d48beea17d2f4a1\"},\"headline\":\"Innovations et nouveaut\u00e9s entrepreneuriales\",\"datePublished\":\"2025-09-09T12:57:25+00:00\",\"dateModified\":\"2025-09-09T13:01:22+00:00\",\"mainEntityOfPage\":{\"@id\":\"https:\\\/\\\/devtntatelier.com\\\/jeremy\\\/innovations-et-nouveautes-entrepreneuriales\\\/\"},\"wordCount\":880,\"commentCount\":0,\"image\":{\"@id\":\"https:\\\/\\\/devtntatelier.com\\\/jeremy\\\/innovations-et-nouveautes-entrepreneuriales\\\/#primaryimage\"},\"thumbnailUrl\":\"https:\\\/\\\/devtntatelier.com\\\/jeremy\\\/wp-content\\\/uploads\\\/2025\\\/05\\\/cafe-et-journal-mais-sans-voir-lecriture-du-journal-.jpg\",\"articleSection\":[\"C'est nouveau!\",\"Tous les articles\"],\"inLanguage\":\"fr-FR\",\"potentialAction\":[{\"@type\":\"CommentAction\",\"name\":\"Comment\",\"target\":[\"https:\\\/\\\/devtntatelier.com\\\/jeremy\\\/innovations-et-nouveautes-entrepreneuriales\\\/#respond\"]}]},{\"@type\":\"WebPage\",\"@id\":\"https:\\\/\\\/devtntatelier.com\\\/jeremy\\\/innovations-et-nouveautes-entrepreneuriales\\\/\",\"url\":\"https:\\\/\\\/devtntatelier.com\\\/jeremy\\\/innovations-et-nouveautes-entrepreneuriales\\\/\",\"name\":\"Innovations et nouveaut\u00e9s entrepreneuriales - Extra Maria\",\"isPartOf\":{\"@id\":\"https:\\\/\\\/devtntatelier.com\\\/jeremy\\\/#website\"},\"primaryImageOfPage\":{\"@id\":\"https:\\\/\\\/devtntatelier.com\\\/jeremy\\\/innovations-et-nouveautes-entrepreneuriales\\\/#primaryimage\"},\"image\":{\"@id\":\"https:\\\/\\\/devtntatelier.com\\\/jeremy\\\/innovations-et-nouveautes-entrepreneuriales\\\/#primaryimage\"},\"thumbnailUrl\":\"https:\\\/\\\/devtntatelier.com\\\/jeremy\\\/wp-content\\\/uploads\\\/2025\\\/05\\\/cafe-et-journal-mais-sans-voir-lecriture-du-journal-.jpg\",\"datePublished\":\"2025-09-09T12:57:25+00:00\",\"dateModified\":\"2025-09-09T13:01:22+00:00\",\"author\":{\"@id\":\"https:\\\/\\\/devtntatelier.com\\\/jeremy\\\/#\\\/schema\\\/person\\\/0c81a1160811d3ab5d48beea17d2f4a1\"},\"description\":\"D\u00e9couvrez les nouveaut\u00e9s des entreprises de la MRC Maria-Chapdelaine, de mai \u00e0 ao\u00fbt 2025, dans notre infolettre\u2026 le temps d\u2019un caf\u00e9!\",\"breadcrumb\":{\"@id\":\"https:\\\/\\\/devtntatelier.com\\\/jeremy\\\/innovations-et-nouveautes-entrepreneuriales\\\/#breadcrumb\"},\"inLanguage\":\"fr-FR\",\"potentialAction\":[{\"@type\":\"ReadAction\",\"target\":[\"https:\\\/\\\/devtntatelier.com\\\/jeremy\\\/innovations-et-nouveautes-entrepreneuriales\\\/\"]}]},{\"@type\":\"ImageObject\",\"inLanguage\":\"fr-FR\",\"@id\":\"https:\\\/\\\/devtntatelier.com\\\/jeremy\\\/innovations-et-nouveautes-entrepreneuriales\\\/#primaryimage\",\"url\":\"https:\\\/\\\/devtntatelier.com\\\/jeremy\\\/wp-content\\\/uploads\\\/2025\\\/05\\\/cafe-et-journal-mais-sans-voir-lecriture-du-journal-.jpg\",\"contentUrl\":\"https:\\\/\\\/devtntatelier.com\\\/jeremy\\\/wp-content\\\/uploads\\\/2025\\\/05\\\/cafe-et-journal-mais-sans-voir-lecriture-du-journal-.jpg\",\"width\":1472,\"height\":832},{\"@type\":\"BreadcrumbList\",\"@id\":\"https:\\\/\\\/devtntatelier.com\\\/jeremy\\\/innovations-et-nouveautes-entrepreneuriales\\\/#breadcrumb\",\"itemListElement\":[{\"@type\":\"ListItem\",\"position\":1,\"name\":\"Accueil\",\"item\":\"https:\\\/\\\/devtntatelier.com\\\/jeremy\\\/\"},{\"@type\":\"ListItem\",\"position\":2,\"name\":\"Innovations et nouveaut\u00e9s entrepreneuriales\"}]},{\"@type\":\"WebSite\",\"@id\":\"https:\\\/\\\/devtntatelier.com\\\/jeremy\\\/#website\",\"url\":\"https:\\\/\\\/devtntatelier.com\\\/jeremy\\\/\",\"name\":\"Extra Maria\",\"description\":\"Blogue - D\u00e9couvertes locales et achat local\",\"potentialAction\":[{\"@type\":\"SearchAction\",\"target\":{\"@type\":\"EntryPoint\",\"urlTemplate\":\"https:\\\/\\\/devtntatelier.com\\\/jeremy\\\/?s={search_term_string}\"},\"query-input\":{\"@type\":\"PropertyValueSpecification\",\"valueRequired\":true,\"valueName\":\"search_term_string\"}}],\"inLanguage\":\"fr-FR\"},{\"@type\":\"Person\",\"@id\":\"https:\\\/\\\/devtntatelier.com\\\/jeremy\\\/#\\\/schema\\\/person\\\/0c81a1160811d3ab5d48beea17d2f4a1\",\"name\":\"Olivia Sauvageau\",\"image\":{\"@type\":\"ImageObject\",\"inLanguage\":\"fr-FR\",\"@id\":\"https:\\\/\\\/secure.gravatar.com\\\/avatar\\\/7c3f27a70b38fd4925fe5a6afb8107bda4b4125cb94f3327549e94140d407f1c?s=96&d=mm&r=g\",\"url\":\"https:\\\/\\\/secure.gravatar.com\\\/avatar\\\/7c3f27a70b38fd4925fe5a6afb8107bda4b4125cb94f3327549e94140d407f1c?s=96&d=mm&r=g\",\"contentUrl\":\"https:\\\/\\\/secure.gravatar.com\\\/avatar\\\/7c3f27a70b38fd4925fe5a6afb8107bda4b4125cb94f3327549e94140d407f1c?s=96&d=mm&r=g\",\"caption\":\"Olivia Sauvageau\"},\"description\":\"Je suis captiv\u00e9e depuis toujours par le langage et son fonctionnement. Apr\u00e8s avoir termin\u00e9 mon baccalaur\u00e9at en linguistique et ma ma\u00eetrise en traduction et terminologie, j\u2019ai eu envie de revenir m\u2019\u00e9tablir ici, o\u00f9 j\u2019ai grandi. J\u2019accorde beaucoup d\u2019importance au concept de collectivit\u00e9 et \u00e0 son pouvoir au quotidien. J\u2019ai la conviction profonde que le bonheur est dans la d\u00e9couverte, sous toutes ses formes et \u00e0 toutes les \u00e9chelles. Anim\u00e9e par la volont\u00e9 de conna\u00eetre, de comprendre et d\u2019approfondir, j\u2019aime partager ce que j\u2019apprends et en faire profiter les autres.\",\"url\":\"https:\\\/\\\/devtntatelier.com\\\/jeremy\\\/author\\\/olivia-sauvageau\\\/\"}]}<\/script>\n<!-- \/ Yoast SEO Premium plugin. -->","yoast_head_json":{"title":"Innovations et nouveaut\u00e9s entrepreneuriales - Extra Maria","description":"D\u00e9couvrez les nouveaut\u00e9s des entreprises de la MRC Maria-Chapdelaine, de mai \u00e0 ao\u00fbt 2025, dans notre infolettre\u2026 le temps d\u2019un caf\u00e9!","robots":{"index":"index","follow":"follow","max-snippet":"max-snippet:-1","max-image-preview":"max-image-preview:large","max-video-preview":"max-video-preview:-1"},"canonical":"https:\/\/devtntatelier.com\/jeremy\/innovations-et-nouveautes-entrepreneuriales\/","og_locale":"fr_FR","og_type":"article","og_title":"Innovations et nouveaut\u00e9s entrepreneuriales","og_url":"https:\/\/devtntatelier.com\/jeremy\/innovations-et-nouveautes-entrepreneuriales\/","og_site_name":"Extra Maria","article_published_time":"2025-09-09T12:57:25+00:00","article_modified_time":"2025-09-09T13:01:22+00:00","og_image":[{"width":1472,"height":832,"url":"https:\/\/devtntatelier.com\/jeremy\/wp-content\/uploads\/2025\/05\/cafe-et-journal-mais-sans-voir-lecriture-du-journal-.jpg","type":"image\/jpeg"}],"author":"Olivia Sauvageau","twitter_card":"summary_large_image","twitter_misc":{"\u00c9crit par":"Olivia Sauvageau","Dur\u00e9e de lecture estim\u00e9e":"4 minutes"},"schema":{"@context":"https:\/\/schema.org","@graph":[{"@type":"Article","@id":"https:\/\/devtntatelier.com\/jeremy\/innovations-et-nouveautes-entrepreneuriales\/#article","isPartOf":{"@id":"https:\/\/devtntatelier.com\/jeremy\/innovations-et-nouveautes-entrepreneuriales\/"},"author":{"name":"Olivia Sauvageau","@id":"https:\/\/devtntatelier.com\/jeremy\/#\/schema\/person\/0c81a1160811d3ab5d48beea17d2f4a1"},"headline":"Innovations et nouveaut\u00e9s entrepreneuriales","datePublished":"2025-09-09T12:57:25+00:00","dateModified":"2025-09-09T13:01:22+00:00","mainEntityOfPage":{"@id":"https:\/\/devtntatelier.com\/jeremy\/innovations-et-nouveautes-entrepreneuriales\/"},"wordCount":880,"commentCount":0,"image":{"@id":"https:\/\/devtntatelier.com\/jeremy\/innovations-et-nouveautes-entrepreneuriales\/#primaryimage"},"thumbnailUrl":"https:\/\/devtntatelier.com\/jeremy\/wp-content\/uploads\/2025\/05\/cafe-et-journal-mais-sans-voir-lecriture-du-journal-.jpg","articleSection":["C'est nouveau!","Tous les articles"],"inLanguage":"fr-FR","potentialAction":[{"@type":"CommentAction","name":"Comment","target":["https:\/\/devtntatelier.com\/jeremy\/innovations-et-nouveautes-entrepreneuriales\/#respond"]}]},{"@type":"WebPage","@id":"https:\/\/devtntatelier.com\/jeremy\/innovations-et-nouveautes-entrepreneuriales\/","url":"https:\/\/devtntatelier.com\/jeremy\/innovations-et-nouveautes-entrepreneuriales\/","name":"Innovations et nouveaut\u00e9s entrepreneuriales - Extra Maria","isPartOf":{"@id":"https:\/\/devtntatelier.com\/jeremy\/#website"},"primaryImageOfPage":{"@id":"https:\/\/devtntatelier.com\/jeremy\/innovations-et-nouveautes-entrepreneuriales\/#primaryimage"},"image":{"@id":"https:\/\/devtntatelier.com\/jeremy\/innovations-et-nouveautes-entrepreneuriales\/#primaryimage"},"thumbnailUrl":"https:\/\/devtntatelier.com\/jeremy\/wp-content\/uploads\/2025\/05\/cafe-et-journal-mais-sans-voir-lecriture-du-journal-.jpg","datePublished":"2025-09-09T12:57:25+00:00","dateModified":"2025-09-09T13:01:22+00:00","author":{"@id":"https:\/\/devtntatelier.com\/jeremy\/#\/schema\/person\/0c81a1160811d3ab5d48beea17d2f4a1"},"description":"D\u00e9couvrez les nouveaut\u00e9s des entreprises de la MRC Maria-Chapdelaine, de mai \u00e0 ao\u00fbt 2025, dans notre infolettre\u2026 le temps d\u2019un caf\u00e9!","breadcrumb":{"@id":"https:\/\/devtntatelier.com\/jeremy\/innovations-et-nouveautes-entrepreneuriales\/#breadcrumb"},"inLanguage":"fr-FR","potentialAction":[{"@type":"ReadAction","target":["https:\/\/devtntatelier.com\/jeremy\/innovations-et-nouveautes-entrepreneuriales\/"]}]},{"@type":"ImageObject","inLanguage":"fr-FR","@id":"https:\/\/devtntatelier.com\/jeremy\/innovations-et-nouveautes-entrepreneuriales\/#primaryimage","url":"https:\/\/devtntatelier.com\/jeremy\/wp-content\/uploads\/2025\/05\/cafe-et-journal-mais-sans-voir-lecriture-du-journal-.jpg","contentUrl":"https:\/\/devtntatelier.com\/jeremy\/wp-content\/uploads\/2025\/05\/cafe-et-journal-mais-sans-voir-lecriture-du-journal-.jpg","width":1472,"height":832},{"@type":"BreadcrumbList","@id":"https:\/\/devtntatelier.com\/jeremy\/innovations-et-nouveautes-entrepreneuriales\/#breadcrumb","itemListElement":[{"@type":"ListItem","position":1,"name":"Accueil","item":"https:\/\/devtntatelier.com\/jeremy\/"},{"@type":"ListItem","position":2,"name":"Innovations et nouveaut\u00e9s entrepreneuriales"}]},{"@type":"WebSite","@id":"https:\/\/devtntatelier.com\/jeremy\/#website","url":"https:\/\/devtntatelier.com\/jeremy\/","name":"Extra Maria","description":"Blogue - D\u00e9couvertes locales et achat local","potentialAction":[{"@type":"SearchAction","target":{"@type":"EntryPoint","urlTemplate":"https:\/\/devtntatelier.com\/jeremy\/?s={search_term_string}"},"query-input":{"@type":"PropertyValueSpecification","valueRequired":true,"valueName":"search_term_string"}}],"inLanguage":"fr-FR"},{"@type":"Person","@id":"https:\/\/devtntatelier.com\/jeremy\/#\/schema\/person\/0c81a1160811d3ab5d48beea17d2f4a1","name":"Olivia Sauvageau","image":{"@type":"ImageObject","inLanguage":"fr-FR","@id":"https:\/\/secure.gravatar.com\/avatar\/7c3f27a70b38fd4925fe5a6afb8107bda4b4125cb94f3327549e94140d407f1c?s=96&d=mm&r=g","url":"https:\/\/secure.gravatar.com\/avatar\/7c3f27a70b38fd4925fe5a6afb8107bda4b4125cb94f3327549e94140d407f1c?s=96&d=mm&r=g","contentUrl":"https:\/\/secure.gravatar.com\/avatar\/7c3f27a70b38fd4925fe5a6afb8107bda4b4125cb94f3327549e94140d407f1c?s=96&d=mm&r=g","caption":"Olivia Sauvageau"},"description":"Je suis captiv\u00e9e depuis toujours par le langage et son fonctionnement. Apr\u00e8s avoir termin\u00e9 mon baccalaur\u00e9at en linguistique et ma ma\u00eetrise en traduction et terminologie, j\u2019ai eu envie de revenir m\u2019\u00e9tablir ici, o\u00f9 j\u2019ai grandi. J\u2019accorde beaucoup d\u2019importance au concept de collectivit\u00e9 et \u00e0 son pouvoir au quotidien. J\u2019ai la conviction profonde que le bonheur est dans la d\u00e9couverte, sous toutes ses formes et \u00e0 toutes les \u00e9chelles. Anim\u00e9e par la volont\u00e9 de conna\u00eetre, de comprendre et d\u2019approfondir, j\u2019aime partager ce que j\u2019apprends et en faire profiter les autres.","url":"https:\/\/devtntatelier.com\/jeremy\/author\/olivia-sauvageau\/"}]}},"modified_by":"\u00c8ve Gagnon-Bouchard","_links":{"self":[{"href":"https:\/\/devtntatelier.com\/jeremy\/wp-json\/wp\/v2\/posts\/7912","targetHints":{"allow":["GET"]}}],"collection":[{"href":"https:\/\/devtntatelier.com\/jeremy\/wp-json\/wp\/v2\/posts"}],"about":[{"href":"https:\/\/devtntatelier.com\/jeremy\/wp-json\/wp\/v2\/types\/post"}],"author":[{"embeddable":true,"href":"https:\/\/devtntatelier.com\/jeremy\/wp-json\/wp\/v2\/users\/23"}],"replies":[{"embeddable":true,"href":"https:\/\/devtntatelier.com\/jeremy\/wp-json\/wp\/v2\/comments?post=7912"}],"version-history":[{"count":6,"href":"https:\/\/devtntatelier.com\/jeremy\/wp-json\/wp\/v2\/posts\/7912\/revisions"}],"predecessor-version":[{"id":7919,"href":"https:\/\/devtntatelier.com\/jeremy\/wp-json\/wp\/v2\/posts\/7912\/revisions\/7919"}],"wp:featuredmedia":[{"embeddable":true,"href":"https:\/\/devtntatelier.com\/jeremy\/wp-json\/wp\/v2\/media\/7870"}],"wp:attachment":[{"href":"https:\/\/devtntatelier.com\/jeremy\/wp-json\/wp\/v2\/media?parent=7912"}],"wp:term":[{"taxonomy":"category","embeddable":true,"href":"https:\/\/devtntatelier.com\/jeremy\/wp-json\/wp\/v2\/categories?post=7912"},{"taxonomy":"post_tag","embeddable":true,"href":"https:\/\/devtntatelier.com\/jeremy\/wp-json\/wp\/v2\/tags?post=7912"}],"curies":[{"name":"wp","href":"https:\/\/api.w.org\/{rel}","templated":true}]}}