{"id":7675,"date":"2025-05-26T13:30:34","date_gmt":"2025-05-26T17:30:34","guid":{"rendered":"https:\/\/devtntatelier.com\/jeremy\/?p=7675"},"modified":"2025-08-07T08:30:55","modified_gmt":"2025-08-07T12:30:55","slug":"infolettre-innovations-et-nouveautes-entrepreneuriales","status":"publish","type":"post","link":"https:\/\/devtntatelier.com\/jeremy\/infolettre-innovations-et-nouveautes-entrepreneuriales\/","title":{"rendered":"Infolettre innovations et nouveaut\u00e9s entrepreneuriales"},"content":{"rendered":"\n[et_pb_section fb_built=\u00a0\u00bb1&Prime; _builder_version=\u00a0\u00bb4.27.4&Prime; _module_preset=\u00a0\u00bbdefault\u00a0\u00bb global_colors_info=\u00a0\u00bb{}\u00a0\u00bb][et_pb_row _builder_version=\u00a0\u00bb4.27.4&Prime; _module_preset=\u00a0\u00bbdefault\u00a0\u00bb global_colors_info=\u00a0\u00bb{}\u00a0\u00bb][et_pb_column type=\u00a0\u00bb4_4&Prime; _builder_version=\u00a0\u00bb4.27.4&Prime; _module_preset=\u00a0\u00bbdefault\u00a0\u00bb global_colors_info=\u00a0\u00bb{}\u00a0\u00bb][et_pb_text _builder_version=\u00a0\u00bb4.27.4&Prime; _module_preset=\u00a0\u00bbdefault\u00a0\u00bb inline_fonts=\u00a0\u00bbPoppins\u00a0\u00bb global_colors_info=\u00a0\u00bb{}\u00a0\u00bb]<p style=\"text-align: center;\"><span style=\"font-family: Poppins; font-weight: normal;\"><strong><span style=\"font-size: xx-large;\">Caf\u00e9 press\u00e9<\/span><\/strong><\/span><\/p>\n<p style=\"text-align: center;\"><span style=\"font-size: medium; font-family: Poppins; font-weight: normal;\">Voici la premi\u00e8re \u00e9dition du Caf\u00e9 press\u00e9, portrait quadrimestriel du monde des affaires dans la MRC Maria-Chapdelaine! Ce bulletin, publi\u00e9 trois fois par ann\u00e9e, r\u00e9sume les activit\u00e9s \u00e9conomiques des derniers mois dans un format adapt\u00e9 pour le lectorat press\u00e9, juste le temps d\u2019un caf\u00e9.<\/span><\/p>\n<p style=\"text-align: center;\"><\/p>\n<p style=\"text-align: center;\"><span style=\"font-family: Poppins; font-weight: normal; font-size: large;\"><strong style=\"text-align: justify;\">Expansion des activit\u00e9s de l\u2019organisme Tournant\u00a03F<\/strong><\/span><\/p>\n<p style=\"text-align: center;\"><span style=\"font-family: Poppins; font-weight: normal;\">L\u2019organisme s\u2019est r\u00e9cemment annonc\u00e9 comme concessionnaire du Centre touristique Vauvert sur le Lac. Un nouveau projet, le March\u00e9\u00a03F, a \u00e9galement ouvert ses portes sur l\u2019avenue de la Friche dans le local voisin de la nouvelle station-service Harnois. L\u2019\u00e9quipe du Tournant\u00a03F offre des menus du jour le midi et une formule table d\u2019h\u00f4te le soir, sans oublier les mets pr\u00e9par\u00e9s, le service de traiteur et les p\u00e2tisseries maison.<\/span><\/p>\n<p style=\"text-align: center;\"><span style=\"font-family: Poppins; font-weight: normal;\">En savoir plus\u00a0: <span style=\"text-decoration: underline;\"><span style=\"color: #333399;\"><a href=\"https:\/\/www.nouvelleshebdo.com\/economie\/630740\/tournant-3f-devient-concessionnaire\" style=\"color: #333399; text-decoration: underline;\">https:\/\/www.nouvelleshebdo.com\/economie\/630740\/tournant-3f-devient-concessionnaire<\/a> <\/span><\/span><\/span><\/p>\n<p style=\"text-align: center;\"><span style=\"font-family: Poppins; font-weight: normal; font-size: large;\"><strong>Modernisation num\u00e9rique au CEMR<\/strong><\/span><\/p>\n<p style=\"text-align: center;\"><span style=\"font-family: Poppins; font-weight: normal;\">Le CEMR entame une grande transformation num\u00e9rique. La transition compte l\u2019ajout r\u00e9cent d\u2019un module transactionnel \u00e0 son site Web. Cette automatisation des inscriptions et des paiements en ligne permet de concentrer les efforts de l\u2019administration dans la mission du CEMR, dont l\u2019ajout de nouvelles cohortes de formation. Notamment, la formation en bien-\u00eatre et sant\u00e9 mentale pour les entrepreneurs, qui a eu un fort succ\u00e8s, sera reconduite \u00e0 deux reprises cette ann\u00e9e.\u00a0<\/span><\/p>\n<p style=\"text-align: center;\"><span style=\"font-family: Poppins; font-weight: normal;\">En savoir plus : <span style=\"text-decoration: underline;\"><span style=\"color: #333399;\"><a href=\"https:\/\/www.lesaffaires.com\/mon-entreprise\/entrepreneuriat-et-pme\/une-formation-en-sante-psychologique-specialement-pensee-pour-les-entrepreneurs\/\" style=\"color: #333399; text-decoration: underline;\">https:\/\/www.lesaffaires.com\/mon-entreprise\/entrepreneuriat-et-pme\/une-formation-en-sante-psychologique-specialement-pensee-pour-les-entrepreneurs\/<\/a><\/span><\/span> <\/span><\/p>\n<p style=\"text-align: center;\"><span style=\"font-family: Poppins; font-weight: normal; font-size: large;\"><strong>Agrandissement annonc\u00e9 pour le March\u00e9 de Girardville<\/strong><\/span><\/p>\n<p style=\"text-align: center;\"><span style=\"font-family: Poppins; font-weight: normal;\">Pour r\u00e9pondre \u00e0 des besoins croissants, le march\u00e9 de Girardville pr\u00e9voit un agrandissement de 2\u00a0000\u00a0pieds carr\u00e9s pour l\u2019ajout d\u2019une cuisine de transformation conforme aux normes du MAPAQ. Celle-ci permettra la production de repas pr\u00eats \u00e0 manger destin\u00e9s \u00e0 une client\u00e8le vari\u00e9e (garderie, \u00e9cole, r\u00e9sidence pour a\u00een\u00e9s, etc.) L\u2019initiative vise \u00e0 offrir des services alimentaires abordables et accessibles, tout en valorisant l\u2019achat local. Le projet comporte aussi une dimension environnementale\u00a0: r\u00e9duction des d\u00e9chets par la mutualisation des services, utilisation d\u2019emballages \u00e9cologiques, implantation d\u2019un syst\u00e8me de compostage et mise en place d\u2019un circuit de proximit\u00e9 avec les producteurs et commerces du territoire. <\/span><\/p>\n<p style=\"text-align: center;\"><span style=\"font-family: Poppins; font-weight: normal; font-size: large;\"><strong>Multi-services Albanel devient Aide Chez Soi Nord du Lac<\/strong><\/span><\/p>\n<p style=\"text-align: center;\"><span style=\"font-family: Poppins; font-weight: normal; font-size: large;\"> <\/span><br \/><span style=\"font-family: Poppins; font-weight: normal;\">Cette nouvelle appellation vise \u00e0 mieux refl\u00e9ter l\u2019\u00e9tendue de l\u2019offre de services de l\u2019entreprise, qui s\u2019est \u00e9largie au fil des ans. En parall\u00e8le, la strat\u00e9gie de modernisation de l\u2019entreprise d\u2019\u00e9conomie sociale va bon train. L\u2019implantation d\u2019un logiciel de coordination des services a d\u00e9j\u00e0 eu des retomb\u00e9es positives concr\u00e8tes \u00e0 tous les niveaux pour l\u2019OBNL. La deuxi\u00e8me phase de modernisation, qui comprend l\u2019implantation d\u2019un logiciel de gestion des horaires ainsi que l\u2019acquisition de tablettes \u00e9lectroniques \u00e0 l\u2019usage du personnel, est bien entam\u00e9e. Ce passage au num\u00e9rique est essentiel pour faciliter le travail de son personnel, d\u00e9ploy\u00e9 sur un tr\u00e8s vaste territoire. <\/span><\/p>\n<p style=\"text-align: center;\"><span style=\"font-family: Poppins; font-weight: normal;\">En savoir plus\u00a0: <span style=\"text-decoration: underline; color: #333399;\"><a href=\"https:\/\/www.nouvelleshebdo.com\/actualites\/636878\/multi-services-albanel-devient-aide-chez-soi-nord-du-lac\" style=\"color: #333399; text-decoration: underline;\">https:\/\/www.nouvelleshebdo.com\/actualites\/636878\/multi-services-albanel-devient-aide-chez-soi-nord-du-lac<\/a><\/span> <\/span><\/p>\n<p style=\"text-align: center;\"><span style=\"font-family: Poppins; font-weight: normal; font-size: large;\"><strong>Ouverture de la nouvelle boulangerie artisanale \u00e0 Normandin<\/strong><\/span><\/p>\n<p style=\"text-align: center;\"><span style=\"font-family: Poppins; font-weight: normal;\">La Boulangerie, une entreprise artisanale, est pr\u00eate \u00e0 accueillir la client\u00e8le normandinoise dans la Place de la Coop\u00e9ration, \u00e0 c\u00f4t\u00e9 du BMR. Tout y est fait maison par Cl\u00e9ment Goureman, actionnaire de l\u2019entreprise et fier boulanger de tradition fran\u00e7aise.<\/span><\/p>\n<p style=\"text-align: center;\"><span style=\"font-family: Poppins; font-weight: normal;\">En savoir plus\u00a0: <span style=\"text-decoration: underline; color: #333399;\"><a href=\"https:\/\/informeaffaires.com\/regional\/commerces-et-services\/la-boulangerie-ouvre-ses-portes-a-normandin\" style=\"color: #333399; text-decoration: underline;\">https:\/\/informeaffaires.com\/regional\/commerces-et-services\/la-boulangerie-ouvre-ses-portes-a-normandin<\/a><\/span> <\/span><\/p>\n<p style=\"text-align: center;\"><span style=\"font-family: Poppins; font-weight: normal; font-size: large;\"><strong>Ouverture \u00e0 Albanel de l\u2019\u00c9pok\u00e9 Bor\u00e9ale<\/strong><\/span><\/p>\n<p style=\"text-align: center;\"><span style=\"font-family: Poppins; font-weight: normal;\">Le caf\u00e9-boutique \u00c9pok\u00e9 Bor\u00e9ale a r\u00e9cemment ouvert ses portes dans le b\u00e2timent de Shiny car detailing. On y trouvera d\u2019ailleurs le pain frais de La Boulangerie, nouvellement ouverte \u00e0 Normandin, du lundi au samedi, en plus des produits naturels et de produits locaux divers offerts en tout temps.<\/span><\/p>\n<p style=\"text-align: center;\"><span style=\"font-family: Poppins; font-weight: normal;\">En savoir plus\u00a0: <span style=\"text-decoration: underline; color: #333399;\"><a href=\"https:\/\/informeaffaires.com\/regional\/commerces-et-services\/lepoke-boreale-a-pignon-sur-rue\" style=\"color: #333399; text-decoration: underline;\">https:\/\/informeaffaires.com\/regional\/commerces-et-services\/lepoke-boreale-a-pignon-sur-rue<\/a><\/span> <\/span><\/p>\n<p style=\"text-align: center;\"><span style=\"font-family: Poppins; font-weight: normal; font-size: large;\"><strong>Succ\u00e8s retentissant pour la 22<sup>e <\/sup>\u00e9dition de la foire commerciale de Normandin<\/strong><\/span><\/p>\n<p style=\"text-align: center;\"><span style=\"font-family: Poppins; font-weight: normal;\">En collaboration avec AGIR, la Chambre de commerce et d\u2019industrie du secteur Normandin et secteur GEANT a invit\u00e9 le public \u00e0 d\u00e9couvrir les produits et services d\u2019une trentaine d\u2019entreprises locales r\u00e9unies sous le th\u00e8me de cette ann\u00e9e, AGIR pour b\u00e2tir. Le public a r\u00e9pondu favorablement \u00e0 la programmation riche et vari\u00e9e, avec une affluence exceptionnelle.<\/span><\/p>\n<p style=\"text-align: center;\"><span style=\"font-family: Poppins; font-weight: normal;\">En savoir plus\u00a0: <span style=\"text-decoration: underline; color: #333399;\"><a href=\"https:\/\/www.nouvelleshebdo.com\/actualites\/638181\/un-franc-succes-pour-la-22e-foire-commerciale-de-normandin\" style=\"color: #333399; text-decoration: underline;\">https:\/\/www.nouvelleshebdo.com\/actualites\/638181\/un-franc-succes-pour-la-22e-foire-commerciale-de-normandin<\/a><\/span><\/span><\/p>\n<p style=\"text-align: center;\"><span style=\"font-family: Poppins; font-weight: normal; font-size: large;\"><strong>Progr\u00e8s du projet de redynamisation du centre-ville de Dolbeau-Mistassini <\/strong><\/span><\/p>\n<p style=\"text-align: center;\"><span style=\"font-family: Poppins; font-weight: normal;\">La Table de dynamisation commerciale de Dolbeau-Mistassini a r\u00e9uni une soixantaine de personnalit\u00e9s d\u2019affaires, de repr\u00e9sentants d\u2019organismes et de r\u00e9sidents du secteur afin de se pencher sur les mani\u00e8res de revitaliser le centre-ville. Parmi les besoins urgents tir\u00e9s de la phase de consultation, conduite l\u2019\u00e9t\u00e9 dernier, les principaux enjeux soulev\u00e9s\u00a0sont la diversit\u00e9 de commerces et l\u2019acc\u00e8s au centre-ville. Des progr\u00e8s en ce sens \u00e9taient d\u00e9j\u00e0 dans la mire de l\u2019administration municipale, comme en t\u00e9moigne son Plan de mobilit\u00e9 active. En ce qui concerne la diversit\u00e9 commerciale, la reconversion multi-usage des Promenades du Boulevard se r\u00e9v\u00e8le une avenue prometteuse.<\/span><\/p>\n<p style=\"text-align: center;\"><span style=\"font-family: Poppins; font-weight: normal;\">En savoir plus\u00a0: <span style=\"text-decoration: underline;\"><span style=\"color: #333399;\"><a href=\"https:\/\/ici.radio-canada.ca\/nouvelle\/2161613\/villes-commerces-maison-citoyens-consultation-dolbeau\" style=\"color: #333399; text-decoration: underline;\">https:\/\/ici.radio-canada.ca\/nouvelle\/2161613\/villes-commerces-maison-citoyens-consultation-dolbeau<\/a><\/span><\/span><\/span><\/p>\n<p style=\"text-align: center;\"><span style=\"font-size: large;\">\u00a0<strong style=\"font-family: Poppins; background-color: transparent;\">Naissance du Groupe UniVert<\/strong><\/span><\/p>\n<p style=\"text-align: center;\"><span style=\"font-family: Poppins; font-weight: normal;\">Les coop\u00e9ratives foresti\u00e8res de Girardville et de Saint-Ludger-de-Milot s\u2019unissent pour former le Groupe UniVert. Celui-ci comptera \u00e0 terme pr\u00e8s de 1\u00a0000\u00a0travailleurs et travailleuses issus des coop\u00e9ratives fondatrices et de leurs filiales, dont Reboitech, Cuisine Franciska et Produits Forestiers Petit Paris. L\u2019union vise \u00e0 mieux relever les d\u00e9fis de l\u2019industrie, dont ceux de la gestion responsable de la for\u00eat.<\/span><\/p>\n<p style=\"text-align: center;\"><span style=\"font-family: Poppins; font-weight: normal;\">En savoir plus\u00a0: <span style=\"text-decoration: underline;\"><span style=\"color: #333399;\"><a href=\"https:\/\/informeaffaires.com\/regional\/foret\/les-cooperatives-forestieres-de-girardville-et-de-petit-paris-se-regroupent\" style=\"color: #333399; text-decoration: underline;\">https:\/\/informeaffaires.com\/regional\/foret\/les-cooperatives-forestieres-de-girardville-et-de-petit-paris-se-regroupent<\/a><\/span><\/span><\/span><\/p>\n<p style=\"text-align: justify;\"><\/p>[\/et_pb_text][\/et_pb_column][\/et_pb_row][\/et_pb_section]\n","protected":false},"excerpt":{"rendered":"<p>Caf\u00e9 press\u00e9 Voici la premi\u00e8re \u00e9dition du Caf\u00e9 press\u00e9, portrait quadrimestriel du monde des affaires dans la MRC Maria-Chapdelaine! Ce bulletin, publi\u00e9 trois fois par ann\u00e9e, r\u00e9sume les activit\u00e9s \u00e9conomiques [&hellip;]<\/p>\n","protected":false},"author":23,"featured_media":7870,"comment_status":"open","ping_status":"open","sticky":false,"template":"","format":"standard","meta":{"_et_pb_use_builder":"on","_et_pb_old_content":"","_et_gb_content_width":"","_lmt_disableupdate":"","_lmt_disable":"","_price":"","_stock":"","_tribe_ticket_header":"","_tribe_default_ticket_provider":"","_tribe_ticket_capacity":"0","_ticket_start_date":"","_ticket_end_date":"","_tribe_ticket_show_description":"","_tribe_ticket_show_not_going":false,"_tribe_ticket_use_global_stock":"","_tribe_ticket_global_stock_level":"","_global_stock_mode":"","_global_stock_cap":"","_tribe_rsvp_for_event":"","_tribe_ticket_going_count":"","_tribe_ticket_not_going_count":"","_tribe_tickets_list":"[]","_tribe_ticket_has_attendee_info_fields":false,"footnotes":""},"categories":[5,1],"tags":[],"class_list":["post-7675","post","type-post","status-publish","format-standard","has-post-thumbnail","hentry","category-cest-nouveau","category-articles-achat-local-extra-maria"],"yoast_head":"<!-- This site is optimized with the Yoast SEO Premium plugin v25.9 (Yoast SEO v28.4) - https:\/\/yoast.com\/product\/yoast-seo-premium-wordpress\/ -->\n<title>Infolettre innovations et nouveaut\u00e9s entrepreneuriales - Extra Maria<\/title>\n<meta name=\"description\" content=\"Voici la premi\u00e8re \u00e9dition du Caf\u00e9 press\u00e9, portrait quadrimestriel du monde des affaires dans la MRC Maria-Chapdelaine!\" \/>\n<meta name=\"robots\" content=\"index, follow, max-snippet:-1, max-image-preview:large, max-video-preview:-1\" \/>\n<link rel=\"canonical\" href=\"https:\/\/devtntatelier.com\/jeremy\/infolettre-innovations-et-nouveautes-entrepreneuriales\/\" \/>\n<meta property=\"og:locale\" content=\"fr_FR\" \/>\n<meta property=\"og:type\" content=\"article\" \/>\n<meta property=\"og:title\" content=\"Infolettre innovations et nouveaut\u00e9s entrepreneuriales\" \/>\n<meta property=\"og:url\" content=\"https:\/\/devtntatelier.com\/jeremy\/infolettre-innovations-et-nouveautes-entrepreneuriales\/\" \/>\n<meta property=\"og:site_name\" content=\"Extra Maria\" \/>\n<meta property=\"article:published_time\" content=\"2025-05-26T17:30:34+00:00\" \/>\n<meta property=\"article:modified_time\" content=\"2025-08-07T12:30:55+00:00\" \/>\n<meta property=\"og:image\" content=\"https:\/\/devtntatelier.com\/jeremy\/wp-content\/uploads\/2025\/05\/cafe-et-journal-mais-sans-voir-lecriture-du-journal-.jpg\" \/>\n\t<meta property=\"og:image:width\" content=\"1472\" \/>\n\t<meta property=\"og:image:height\" content=\"832\" \/>\n\t<meta property=\"og:image:type\" content=\"image\/jpeg\" \/>\n<meta name=\"author\" content=\"Olivia Sauvageau\" \/>\n<meta name=\"twitter:card\" content=\"summary_large_image\" \/>\n<meta name=\"twitter:label1\" content=\"\u00c9crit par\" \/>\n\t<meta name=\"twitter:data1\" content=\"Olivia Sauvageau\" \/>\n\t<meta name=\"twitter:label2\" content=\"Dur\u00e9e de lecture estim\u00e9e\" \/>\n\t<meta name=\"twitter:data2\" content=\"5 minutes\" \/>\n<script type=\"application\/ld+json\" class=\"yoast-schema-graph\">{\"@context\":\"https:\\\/\\\/schema.org\",\"@graph\":[{\"@type\":\"Article\",\"@id\":\"https:\\\/\\\/devtntatelier.com\\\/jeremy\\\/infolettre-innovations-et-nouveautes-entrepreneuriales\\\/#article\",\"isPartOf\":{\"@id\":\"https:\\\/\\\/devtntatelier.com\\\/jeremy\\\/infolettre-innovations-et-nouveautes-entrepreneuriales\\\/\"},\"author\":{\"name\":\"Olivia Sauvageau\",\"@id\":\"https:\\\/\\\/devtntatelier.com\\\/jeremy\\\/#\\\/schema\\\/person\\\/0c81a1160811d3ab5d48beea17d2f4a1\"},\"headline\":\"Infolettre innovations et nouveaut\u00e9s entrepreneuriales\",\"datePublished\":\"2025-05-26T17:30:34+00:00\",\"dateModified\":\"2025-08-07T12:30:55+00:00\",\"mainEntityOfPage\":{\"@id\":\"https:\\\/\\\/devtntatelier.com\\\/jeremy\\\/infolettre-innovations-et-nouveautes-entrepreneuriales\\\/\"},\"wordCount\":1000,\"commentCount\":0,\"image\":{\"@id\":\"https:\\\/\\\/devtntatelier.com\\\/jeremy\\\/infolettre-innovations-et-nouveautes-entrepreneuriales\\\/#primaryimage\"},\"thumbnailUrl\":\"https:\\\/\\\/devtntatelier.com\\\/jeremy\\\/wp-content\\\/uploads\\\/2025\\\/05\\\/cafe-et-journal-mais-sans-voir-lecriture-du-journal-.jpg\",\"articleSection\":[\"C'est nouveau!\",\"Tous les articles\"],\"inLanguage\":\"fr-FR\",\"potentialAction\":[{\"@type\":\"CommentAction\",\"name\":\"Comment\",\"target\":[\"https:\\\/\\\/devtntatelier.com\\\/jeremy\\\/infolettre-innovations-et-nouveautes-entrepreneuriales\\\/#respond\"]}]},{\"@type\":\"WebPage\",\"@id\":\"https:\\\/\\\/devtntatelier.com\\\/jeremy\\\/infolettre-innovations-et-nouveautes-entrepreneuriales\\\/\",\"url\":\"https:\\\/\\\/devtntatelier.com\\\/jeremy\\\/infolettre-innovations-et-nouveautes-entrepreneuriales\\\/\",\"name\":\"Infolettre innovations et nouveaut\u00e9s entrepreneuriales - Extra Maria\",\"isPartOf\":{\"@id\":\"https:\\\/\\\/devtntatelier.com\\\/jeremy\\\/#website\"},\"primaryImageOfPage\":{\"@id\":\"https:\\\/\\\/devtntatelier.com\\\/jeremy\\\/infolettre-innovations-et-nouveautes-entrepreneuriales\\\/#primaryimage\"},\"image\":{\"@id\":\"https:\\\/\\\/devtntatelier.com\\\/jeremy\\\/infolettre-innovations-et-nouveautes-entrepreneuriales\\\/#primaryimage\"},\"thumbnailUrl\":\"https:\\\/\\\/devtntatelier.com\\\/jeremy\\\/wp-content\\\/uploads\\\/2025\\\/05\\\/cafe-et-journal-mais-sans-voir-lecriture-du-journal-.jpg\",\"datePublished\":\"2025-05-26T17:30:34+00:00\",\"dateModified\":\"2025-08-07T12:30:55+00:00\",\"author\":{\"@id\":\"https:\\\/\\\/devtntatelier.com\\\/jeremy\\\/#\\\/schema\\\/person\\\/0c81a1160811d3ab5d48beea17d2f4a1\"},\"description\":\"Voici la premi\u00e8re \u00e9dition du Caf\u00e9 press\u00e9, portrait quadrimestriel du monde des affaires dans la MRC Maria-Chapdelaine!\",\"breadcrumb\":{\"@id\":\"https:\\\/\\\/devtntatelier.com\\\/jeremy\\\/infolettre-innovations-et-nouveautes-entrepreneuriales\\\/#breadcrumb\"},\"inLanguage\":\"fr-FR\",\"potentialAction\":[{\"@type\":\"ReadAction\",\"target\":[\"https:\\\/\\\/devtntatelier.com\\\/jeremy\\\/infolettre-innovations-et-nouveautes-entrepreneuriales\\\/\"]}]},{\"@type\":\"ImageObject\",\"inLanguage\":\"fr-FR\",\"@id\":\"https:\\\/\\\/devtntatelier.com\\\/jeremy\\\/infolettre-innovations-et-nouveautes-entrepreneuriales\\\/#primaryimage\",\"url\":\"https:\\\/\\\/devtntatelier.com\\\/jeremy\\\/wp-content\\\/uploads\\\/2025\\\/05\\\/cafe-et-journal-mais-sans-voir-lecriture-du-journal-.jpg\",\"contentUrl\":\"https:\\\/\\\/devtntatelier.com\\\/jeremy\\\/wp-content\\\/uploads\\\/2025\\\/05\\\/cafe-et-journal-mais-sans-voir-lecriture-du-journal-.jpg\",\"width\":1472,\"height\":832},{\"@type\":\"BreadcrumbList\",\"@id\":\"https:\\\/\\\/devtntatelier.com\\\/jeremy\\\/infolettre-innovations-et-nouveautes-entrepreneuriales\\\/#breadcrumb\",\"itemListElement\":[{\"@type\":\"ListItem\",\"position\":1,\"name\":\"Accueil\",\"item\":\"https:\\\/\\\/devtntatelier.com\\\/jeremy\\\/\"},{\"@type\":\"ListItem\",\"position\":2,\"name\":\"Infolettre innovations et nouveaut\u00e9s entrepreneuriales\"}]},{\"@type\":\"WebSite\",\"@id\":\"https:\\\/\\\/devtntatelier.com\\\/jeremy\\\/#website\",\"url\":\"https:\\\/\\\/devtntatelier.com\\\/jeremy\\\/\",\"name\":\"Extra Maria\",\"description\":\"Blogue - D\u00e9couvertes locales et achat local\",\"potentialAction\":[{\"@type\":\"SearchAction\",\"target\":{\"@type\":\"EntryPoint\",\"urlTemplate\":\"https:\\\/\\\/devtntatelier.com\\\/jeremy\\\/?s={search_term_string}\"},\"query-input\":{\"@type\":\"PropertyValueSpecification\",\"valueRequired\":true,\"valueName\":\"search_term_string\"}}],\"inLanguage\":\"fr-FR\"},{\"@type\":\"Person\",\"@id\":\"https:\\\/\\\/devtntatelier.com\\\/jeremy\\\/#\\\/schema\\\/person\\\/0c81a1160811d3ab5d48beea17d2f4a1\",\"name\":\"Olivia Sauvageau\",\"image\":{\"@type\":\"ImageObject\",\"inLanguage\":\"fr-FR\",\"@id\":\"https:\\\/\\\/secure.gravatar.com\\\/avatar\\\/7c3f27a70b38fd4925fe5a6afb8107bda4b4125cb94f3327549e94140d407f1c?s=96&d=mm&r=g\",\"url\":\"https:\\\/\\\/secure.gravatar.com\\\/avatar\\\/7c3f27a70b38fd4925fe5a6afb8107bda4b4125cb94f3327549e94140d407f1c?s=96&d=mm&r=g\",\"contentUrl\":\"https:\\\/\\\/secure.gravatar.com\\\/avatar\\\/7c3f27a70b38fd4925fe5a6afb8107bda4b4125cb94f3327549e94140d407f1c?s=96&d=mm&r=g\",\"caption\":\"Olivia Sauvageau\"},\"description\":\"Je suis captiv\u00e9e depuis toujours par le langage et son fonctionnement. Apr\u00e8s avoir termin\u00e9 mon baccalaur\u00e9at en linguistique et ma ma\u00eetrise en traduction et terminologie, j\u2019ai eu envie de revenir m\u2019\u00e9tablir ici, o\u00f9 j\u2019ai grandi. J\u2019accorde beaucoup d\u2019importance au concept de collectivit\u00e9 et \u00e0 son pouvoir au quotidien. J\u2019ai la conviction profonde que le bonheur est dans la d\u00e9couverte, sous toutes ses formes et \u00e0 toutes les \u00e9chelles. Anim\u00e9e par la volont\u00e9 de conna\u00eetre, de comprendre et d\u2019approfondir, j\u2019aime partager ce que j\u2019apprends et en faire profiter les autres.\",\"url\":\"https:\\\/\\\/devtntatelier.com\\\/jeremy\\\/author\\\/olivia-sauvageau\\\/\"}]}<\/script>\n<!-- \/ Yoast SEO Premium plugin. -->","yoast_head_json":{"title":"Infolettre innovations et nouveaut\u00e9s entrepreneuriales - Extra Maria","description":"Voici la premi\u00e8re \u00e9dition du Caf\u00e9 press\u00e9, portrait quadrimestriel du monde des affaires dans la MRC Maria-Chapdelaine!","robots":{"index":"index","follow":"follow","max-snippet":"max-snippet:-1","max-image-preview":"max-image-preview:large","max-video-preview":"max-video-preview:-1"},"canonical":"https:\/\/devtntatelier.com\/jeremy\/infolettre-innovations-et-nouveautes-entrepreneuriales\/","og_locale":"fr_FR","og_type":"article","og_title":"Infolettre innovations et nouveaut\u00e9s entrepreneuriales","og_url":"https:\/\/devtntatelier.com\/jeremy\/infolettre-innovations-et-nouveautes-entrepreneuriales\/","og_site_name":"Extra Maria","article_published_time":"2025-05-26T17:30:34+00:00","article_modified_time":"2025-08-07T12:30:55+00:00","og_image":[{"width":1472,"height":832,"url":"https:\/\/devtntatelier.com\/jeremy\/wp-content\/uploads\/2025\/05\/cafe-et-journal-mais-sans-voir-lecriture-du-journal-.jpg","type":"image\/jpeg"}],"author":"Olivia Sauvageau","twitter_card":"summary_large_image","twitter_misc":{"\u00c9crit par":"Olivia Sauvageau","Dur\u00e9e de lecture estim\u00e9e":"5 minutes"},"schema":{"@context":"https:\/\/schema.org","@graph":[{"@type":"Article","@id":"https:\/\/devtntatelier.com\/jeremy\/infolettre-innovations-et-nouveautes-entrepreneuriales\/#article","isPartOf":{"@id":"https:\/\/devtntatelier.com\/jeremy\/infolettre-innovations-et-nouveautes-entrepreneuriales\/"},"author":{"name":"Olivia Sauvageau","@id":"https:\/\/devtntatelier.com\/jeremy\/#\/schema\/person\/0c81a1160811d3ab5d48beea17d2f4a1"},"headline":"Infolettre innovations et nouveaut\u00e9s entrepreneuriales","datePublished":"2025-05-26T17:30:34+00:00","dateModified":"2025-08-07T12:30:55+00:00","mainEntityOfPage":{"@id":"https:\/\/devtntatelier.com\/jeremy\/infolettre-innovations-et-nouveautes-entrepreneuriales\/"},"wordCount":1000,"commentCount":0,"image":{"@id":"https:\/\/devtntatelier.com\/jeremy\/infolettre-innovations-et-nouveautes-entrepreneuriales\/#primaryimage"},"thumbnailUrl":"https:\/\/devtntatelier.com\/jeremy\/wp-content\/uploads\/2025\/05\/cafe-et-journal-mais-sans-voir-lecriture-du-journal-.jpg","articleSection":["C'est nouveau!","Tous les articles"],"inLanguage":"fr-FR","potentialAction":[{"@type":"CommentAction","name":"Comment","target":["https:\/\/devtntatelier.com\/jeremy\/infolettre-innovations-et-nouveautes-entrepreneuriales\/#respond"]}]},{"@type":"WebPage","@id":"https:\/\/devtntatelier.com\/jeremy\/infolettre-innovations-et-nouveautes-entrepreneuriales\/","url":"https:\/\/devtntatelier.com\/jeremy\/infolettre-innovations-et-nouveautes-entrepreneuriales\/","name":"Infolettre innovations et nouveaut\u00e9s entrepreneuriales - Extra Maria","isPartOf":{"@id":"https:\/\/devtntatelier.com\/jeremy\/#website"},"primaryImageOfPage":{"@id":"https:\/\/devtntatelier.com\/jeremy\/infolettre-innovations-et-nouveautes-entrepreneuriales\/#primaryimage"},"image":{"@id":"https:\/\/devtntatelier.com\/jeremy\/infolettre-innovations-et-nouveautes-entrepreneuriales\/#primaryimage"},"thumbnailUrl":"https:\/\/devtntatelier.com\/jeremy\/wp-content\/uploads\/2025\/05\/cafe-et-journal-mais-sans-voir-lecriture-du-journal-.jpg","datePublished":"2025-05-26T17:30:34+00:00","dateModified":"2025-08-07T12:30:55+00:00","author":{"@id":"https:\/\/devtntatelier.com\/jeremy\/#\/schema\/person\/0c81a1160811d3ab5d48beea17d2f4a1"},"description":"Voici la premi\u00e8re \u00e9dition du Caf\u00e9 press\u00e9, portrait quadrimestriel du monde des affaires dans la MRC Maria-Chapdelaine!","breadcrumb":{"@id":"https:\/\/devtntatelier.com\/jeremy\/infolettre-innovations-et-nouveautes-entrepreneuriales\/#breadcrumb"},"inLanguage":"fr-FR","potentialAction":[{"@type":"ReadAction","target":["https:\/\/devtntatelier.com\/jeremy\/infolettre-innovations-et-nouveautes-entrepreneuriales\/"]}]},{"@type":"ImageObject","inLanguage":"fr-FR","@id":"https:\/\/devtntatelier.com\/jeremy\/infolettre-innovations-et-nouveautes-entrepreneuriales\/#primaryimage","url":"https:\/\/devtntatelier.com\/jeremy\/wp-content\/uploads\/2025\/05\/cafe-et-journal-mais-sans-voir-lecriture-du-journal-.jpg","contentUrl":"https:\/\/devtntatelier.com\/jeremy\/wp-content\/uploads\/2025\/05\/cafe-et-journal-mais-sans-voir-lecriture-du-journal-.jpg","width":1472,"height":832},{"@type":"BreadcrumbList","@id":"https:\/\/devtntatelier.com\/jeremy\/infolettre-innovations-et-nouveautes-entrepreneuriales\/#breadcrumb","itemListElement":[{"@type":"ListItem","position":1,"name":"Accueil","item":"https:\/\/devtntatelier.com\/jeremy\/"},{"@type":"ListItem","position":2,"name":"Infolettre innovations et nouveaut\u00e9s entrepreneuriales"}]},{"@type":"WebSite","@id":"https:\/\/devtntatelier.com\/jeremy\/#website","url":"https:\/\/devtntatelier.com\/jeremy\/","name":"Extra Maria","description":"Blogue - D\u00e9couvertes locales et achat local","potentialAction":[{"@type":"SearchAction","target":{"@type":"EntryPoint","urlTemplate":"https:\/\/devtntatelier.com\/jeremy\/?s={search_term_string}"},"query-input":{"@type":"PropertyValueSpecification","valueRequired":true,"valueName":"search_term_string"}}],"inLanguage":"fr-FR"},{"@type":"Person","@id":"https:\/\/devtntatelier.com\/jeremy\/#\/schema\/person\/0c81a1160811d3ab5d48beea17d2f4a1","name":"Olivia Sauvageau","image":{"@type":"ImageObject","inLanguage":"fr-FR","@id":"https:\/\/secure.gravatar.com\/avatar\/7c3f27a70b38fd4925fe5a6afb8107bda4b4125cb94f3327549e94140d407f1c?s=96&d=mm&r=g","url":"https:\/\/secure.gravatar.com\/avatar\/7c3f27a70b38fd4925fe5a6afb8107bda4b4125cb94f3327549e94140d407f1c?s=96&d=mm&r=g","contentUrl":"https:\/\/secure.gravatar.com\/avatar\/7c3f27a70b38fd4925fe5a6afb8107bda4b4125cb94f3327549e94140d407f1c?s=96&d=mm&r=g","caption":"Olivia Sauvageau"},"description":"Je suis captiv\u00e9e depuis toujours par le langage et son fonctionnement. Apr\u00e8s avoir termin\u00e9 mon baccalaur\u00e9at en linguistique et ma ma\u00eetrise en traduction et terminologie, j\u2019ai eu envie de revenir m\u2019\u00e9tablir ici, o\u00f9 j\u2019ai grandi. J\u2019accorde beaucoup d\u2019importance au concept de collectivit\u00e9 et \u00e0 son pouvoir au quotidien. J\u2019ai la conviction profonde que le bonheur est dans la d\u00e9couverte, sous toutes ses formes et \u00e0 toutes les \u00e9chelles. Anim\u00e9e par la volont\u00e9 de conna\u00eetre, de comprendre et d\u2019approfondir, j\u2019aime partager ce que j\u2019apprends et en faire profiter les autres.","url":"https:\/\/devtntatelier.com\/jeremy\/author\/olivia-sauvageau\/"}]}},"modified_by":"\u00c8ve Gagnon-Bouchard","_links":{"self":[{"href":"https:\/\/devtntatelier.com\/jeremy\/wp-json\/wp\/v2\/posts\/7675","targetHints":{"allow":["GET"]}}],"collection":[{"href":"https:\/\/devtntatelier.com\/jeremy\/wp-json\/wp\/v2\/posts"}],"about":[{"href":"https:\/\/devtntatelier.com\/jeremy\/wp-json\/wp\/v2\/types\/post"}],"author":[{"embeddable":true,"href":"https:\/\/devtntatelier.com\/jeremy\/wp-json\/wp\/v2\/users\/23"}],"replies":[{"embeddable":true,"href":"https:\/\/devtntatelier.com\/jeremy\/wp-json\/wp\/v2\/comments?post=7675"}],"version-history":[{"count":12,"href":"https:\/\/devtntatelier.com\/jeremy\/wp-json\/wp\/v2\/posts\/7675\/revisions"}],"predecessor-version":[{"id":7872,"href":"https:\/\/devtntatelier.com\/jeremy\/wp-json\/wp\/v2\/posts\/7675\/revisions\/7872"}],"wp:featuredmedia":[{"embeddable":true,"href":"https:\/\/devtntatelier.com\/jeremy\/wp-json\/wp\/v2\/media\/7870"}],"wp:attachment":[{"href":"https:\/\/devtntatelier.com\/jeremy\/wp-json\/wp\/v2\/media?parent=7675"}],"wp:term":[{"taxonomy":"category","embeddable":true,"href":"https:\/\/devtntatelier.com\/jeremy\/wp-json\/wp\/v2\/categories?post=7675"},{"taxonomy":"post_tag","embeddable":true,"href":"https:\/\/devtntatelier.com\/jeremy\/wp-json\/wp\/v2\/tags?post=7675"}],"curies":[{"name":"wp","href":"https:\/\/api.w.org\/{rel}","templated":true}]}}