{"id":7516,"date":"2025-02-03T12:30:00","date_gmt":"2025-02-03T17:30:00","guid":{"rendered":"https:\/\/devtntatelier.com\/jeremy\/?p=7516"},"modified":"2025-01-29T11:33:07","modified_gmt":"2025-01-29T16:33:07","slug":"la-saint-valentin-dans-la-mrc-maria-chapdelaine","status":"publish","type":"post","link":"https:\/\/devtntatelier.com\/jeremy\/la-saint-valentin-dans-la-mrc-maria-chapdelaine\/","title":{"rendered":"La Saint-Valentin dans la MRC Maria\u00a0Chapdelaine?"},"content":{"rendered":"\n[et_pb_section fb_built=\u00a0\u00bb1&Prime; theme_builder_area=\u00a0\u00bbpost_content\u00a0\u00bb _builder_version=\u00a0\u00bb4.27.4&Prime; _module_preset=\u00a0\u00bbdefault\u00a0\u00bb][et_pb_row _builder_version=\u00a0\u00bb4.27.4&Prime; _module_preset=\u00a0\u00bbdefault\u00a0\u00bb theme_builder_area=\u00a0\u00bbpost_content\u00a0\u00bb][et_pb_column _builder_version=\u00a0\u00bb4.27.4&Prime; _module_preset=\u00a0\u00bbdefault\u00a0\u00bb type=\u00a0\u00bb4_4&Prime; theme_builder_area=\u00a0\u00bbpost_content\u00a0\u00bb][et_pb_text _builder_version=\u00a0\u00bb4.27.4&Prime; _module_preset=\u00a0\u00bbdefault\u00a0\u00bb theme_builder_area=\u00a0\u00bbpost_content\u00a0\u00bb hover_enabled=\u00a0\u00bb0&Prime; sticky_enabled=\u00a0\u00bb0&Prime; inline_fonts=\u00a0\u00bbPoppins\u00a0\u00bb]<h1 style=\"text-align: center;\"><strong><span style=\"font-family: Poppins; font-size: xx-large;\">O\u00f9 aller pour la Saint-Valentin dans la MRC Maria\u00a0Chapdelaine?<\/span><\/strong><\/h1>\n<p style=\"text-align: center;\"><span style=\"font-family: Poppins; font-weight: normal; font-size: large;\">La Saint-Valentin approche! Pour c\u00e9l\u00e9brer l\u2019\u00e9v\u00e9nement, rien de mieux que s\u2019offrir une petite escapade pour s\u2019\u00e9vader du quotidien. Et, puisque l\u2019amour n\u2019a pas qu\u2019une forme, Extra Maria vous fait une fleur et vous offre ses suggestions pour sortir du quotidien\u2026 sans m\u00eame sortir de la MRC! Nos id\u00e9es sauront combler tous vos d\u00e9sirs, qu\u2019il s\u2019agisse de changer d\u2019air, d\u00e9compresser, vivre une exp\u00e9rience, ou tout \u00e7a \u00e0 la fois. \u00c0 vos agendas!<\/span><\/p>\n<p style=\"text-align: center;\">\n<h3 style=\"text-align: center;\"><strong><span style=\"font-family: Poppins; font-size: x-large;\">Pour changer d\u2019air<\/span><\/strong><\/h3>\n<p style=\"text-align: center;\"><span style=\"font-family: Poppins; font-weight: normal; font-size: large;\"><strong>Chalets locatifs du camping Vauvert-sur-le-lac-Saint-Jean<\/strong><\/span><\/p>\n<p style=\"text-align: center;\"><span style=\"font-family: Poppins; font-weight: normal; font-size: large;\">Ces chalets tout \u00e9quip\u00e9s offrent, depuis les balcons, une vue imprenable sur le lac. En hiver, le centre touristique \u00e0 proximit\u00e9 fait office de relais motoneige avec restaurant et de point de d\u00e9part pour des sentiers de raquettes et de ski de fond. Il est aussi possible d\u2019y pratiquer la p\u00eache blanche (dor\u00e9, brochet et perchaude).<\/span><\/p>\n<p style=\"text-align: center;\"><span style=\"text-decoration: underline;\"><span style=\"font-family: Poppins; font-weight: normal; font-size: large;\"><a href=\"https:\/\/vauvertsurlelacsaintjean.com\/relais-de-motoneige-et-chalets-locatifs-au-lac-st-jean\/\">https:\/\/vauvertsurlelacsaintjean.com\/relais-de-motoneige-et-chalets-locatifs-au-lac-st-jean\/<\/a><\/span><\/span><\/p>\n<p style=\"text-align: center;\"><span style=\"text-decoration: underline;\"><span style=\"font-family: Poppins; font-weight: normal; font-size: large;\"><img loading=\"lazy\" decoding=\"async\" src=\"https:\/\/devtntatelier.com\/jeremy\/wp-content\/uploads\/2025\/01\/Vauvert-300x225.jpg\" width=\"300\" height=\"225\" alt=\"\" class=\"wp-image-7527 alignnone size-medium\" srcset=\"https:\/\/devtntatelier.com\/jeremy\/wp-content\/uploads\/2025\/01\/Vauvert-300x225.jpg 300w, https:\/\/devtntatelier.com\/jeremy\/wp-content\/uploads\/2025\/01\/Vauvert-1024x768.jpg 1024w, https:\/\/devtntatelier.com\/jeremy\/wp-content\/uploads\/2025\/01\/Vauvert-768x576.jpg 768w, https:\/\/devtntatelier.com\/jeremy\/wp-content\/uploads\/2025\/01\/Vauvert-1536x1152.jpg 1536w, https:\/\/devtntatelier.com\/jeremy\/wp-content\/uploads\/2025\/01\/Vauvert-2048x1536.jpg 2048w, https:\/\/devtntatelier.com\/jeremy\/wp-content\/uploads\/2025\/01\/Vauvert-1080x810.jpg 1080w, https:\/\/devtntatelier.com\/jeremy\/wp-content\/uploads\/2025\/01\/Vauvert-500x375.jpg 500w\" sizes=\"(max-width: 300px) 100vw, 300px\" \/><\/span><\/span><\/p>\n<p style=\"text-align: center;\">\n<p style=\"text-align: center;\"><span style=\"font-family: Poppins; font-weight: normal; font-size: large;\"><strong>Chalets Nature P\u00e9ribonka <\/strong><\/span><\/p>\n<p style=\"text-align: center;\"><span style=\"font-family: Poppins; font-weight: normal; font-size: large;\">V\u00e9ritables sanctuaires de paix, ces chalets de luxe bord\u00e9s par une for\u00eat de pins gris offrent une magnifique vue sur la rivi\u00e8re, toute la journ\u00e9e. \u00c0 proximit\u00e9, vous pouvez pratiquer la raquette, le ski de fond ou la marche. Les chalets comptent 3\u00a0chambres, 2\u00a0salles de bain et tout le n\u00e9cessaire pour les repas. L\u2019acc\u00e8s \u00e0 Internet sans-fil haute vitesse est illimit\u00e9.<\/span><\/p>\n<p style=\"text-align: center;\"><span style=\"text-decoration: underline;\"><span style=\"font-family: Poppins; font-weight: normal; font-size: large;\"><a href=\"https:\/\/www.chaletsnature.info\/disponibilite.html\">https:\/\/www.chaletsnature.info\/disponibilite.html<\/a><\/span><\/span><\/p>\n<p style=\"text-align: center;\"><span style=\"text-decoration: underline;\"><span style=\"font-family: Poppins; font-weight: normal; font-size: large;\"><img loading=\"lazy\" decoding=\"async\" src=\"https:\/\/devtntatelier.com\/jeremy\/wp-content\/uploads\/2025\/01\/chaletsnatureperibonka-3-300x199.jpg\" width=\"300\" height=\"199\" alt=\"\" class=\"wp-image-7528 alignnone size-medium\" srcset=\"https:\/\/devtntatelier.com\/jeremy\/wp-content\/uploads\/2025\/01\/chaletsnatureperibonka-3-300x199.jpg 300w, https:\/\/devtntatelier.com\/jeremy\/wp-content\/uploads\/2025\/01\/chaletsnatureperibonka-3-768x510.jpg 768w, https:\/\/devtntatelier.com\/jeremy\/wp-content\/uploads\/2025\/01\/chaletsnatureperibonka-3-500x332.jpg 500w, https:\/\/devtntatelier.com\/jeremy\/wp-content\/uploads\/2025\/01\/chaletsnatureperibonka-3.jpg 998w\" sizes=\"(max-width: 300px) 100vw, 300px\" \/><\/span><\/span><\/p>\n<p style=\"text-align: center;\"><span style=\"font-family: Poppins; font-weight: normal; font-size: large;\"><strong>Domaine Rivi\u00e8re P\u00e9ribonka<\/strong><\/span><\/p>\n<p style=\"text-align: center;\"><span style=\"font-family: Poppins; font-weight: normal; font-size: large;\">Le petit domaine en for\u00eat en bordure du r\u00e9servoir P\u00e9ribonka est l\u2019endroit id\u00e9al pour relaxer et profiter de la nature. Choisissez parmi les diverses possibilit\u00e9s de chalets \u00e9coresponsables, selon votre niveau de confort d\u00e9sir\u00e9. Chacun est \u00e9quip\u00e9 d\u2019une petite cuisine et d\u2019une salle de bain.<\/span><\/p>\n<p style=\"text-align: center;\"><span style=\"text-decoration: underline;\"><span style=\"font-family: Poppins; font-weight: normal; font-size: large;\"><a href=\"https:\/\/sunnshine.ca\/chalets-a-louer\/\">https:\/\/sunnshine.ca\/chalets-a-louer\/<\/a><\/span><\/span><\/p>\n<p style=\"text-align: center;\"><span style=\"text-decoration: underline;\"><span style=\"font-family: Poppins; font-weight: normal; font-size: large;\"><img loading=\"lazy\" decoding=\"async\" src=\"https:\/\/devtntatelier.com\/jeremy\/wp-content\/uploads\/2025\/01\/domaineriviereperibonka.jpg\" width=\"224\" height=\"225\" alt=\"\" class=\"wp-image-7529 alignnone size-full\" srcset=\"https:\/\/devtntatelier.com\/jeremy\/wp-content\/uploads\/2025\/01\/domaineriviereperibonka.jpg 224w, https:\/\/devtntatelier.com\/jeremy\/wp-content\/uploads\/2025\/01\/domaineriviereperibonka-150x150.jpg 150w, https:\/\/devtntatelier.com\/jeremy\/wp-content\/uploads\/2025\/01\/domaineriviereperibonka-100x100.jpg 100w\" sizes=\"(max-width: 224px) 100vw, 224px\" \/><\/span><\/span><\/p>\n<p style=\"text-align: center;\"><strong><span style=\"font-family: Poppins; font-size: x-large; letter-spacing: 0.5px; text-transform: uppercase; background-color: transparent;\">Pour d\u00e9compresser<\/span><\/strong><\/p>\n<p style=\"text-align: center;\"><span style=\"font-family: Poppins; font-weight: normal; font-size: large;\"><strong>L\u2019Or\u00e9e des Bois<\/strong><\/span><\/p>\n<p style=\"text-align: center;\"><span style=\"font-family: Poppins; font-weight: normal; font-size: large;\">Le motel L\u2019Or\u00e9e des Bois vous invite \u00e0 venir y s\u00e9journer. Pour l\u2019occasion, la suite avec baignoire \u00e0 remous est tout indiqu\u00e9e! L\u2019endroit chaleureux, situ\u00e9 \u00e0 Girardville, permet de se d\u00e9tendre et de se reposer en toute qui\u00e9tude.<\/span><\/p>\n<p style=\"text-align: center;\"><span style=\"text-decoration: underline;\"><span style=\"font-family: Poppins; font-weight: normal; font-size: large;\"><a href=\"https:\/\/oreedesbois.com\/\">https:\/\/oreedesbois.com\/<\/a><\/span><strong style=\"font-family: Poppins; font-size: large; background-color: transparent;\">\u00a0<\/strong><\/span><\/p>\n<p style=\"text-align: center;\"><span style=\"text-decoration: underline;\"><strong style=\"font-family: Poppins; font-size: large; background-color: transparent;\"><img loading=\"lazy\" decoding=\"async\" src=\"https:\/\/devtntatelier.com\/jeremy\/wp-content\/uploads\/2025\/01\/loree-des-bois.jpg\" width=\"168\" height=\"300\" alt=\"\" class=\"wp-image-7530 alignnone size-full\" \/><\/strong><\/span><\/p>\n<p style=\"text-align: center;\"><span style=\"font-family: Poppins; font-weight: normal; font-size: large;\"><strong>G\u00eetes Makadan<\/strong><\/span><\/p>\n<p style=\"text-align: center;\"><span style=\"font-family: Poppins; font-weight: normal; font-size: large;\">Laissez-vous dorloter dans cet h\u00e9bergement \u00e0 l\u2019ambiance chaleureuse et r\u00e9confortante. Le petit-d\u00e9jeuner, inclus, est fait avec des produits locaux selon la saison et la disponibilit\u00e9 des petits fruits. Pour les autres repas, un service de navette vers le restaurant est offert au besoin. Nous recommandons hautement la chambre \u00ab\u00a0La Douillette\u00a0\u00bb, plus intime, qui se montre amplement \u00e0 la hauteur de son nom!<\/span><\/p>\n<p style=\"text-align: center;\"><span style=\"text-decoration: underline;\"><span style=\"font-family: Poppins; font-weight: normal; font-size: large;\"><a href=\"https:\/\/gitemakadan.com\/fr\/reservation\/search-results\/?mphb_check_in_date=14%2F02%2F2025&amp;mphb_check_out_date=15%2F02%2F2025&amp;mphb_adults=2&amp;mphb_children=0&amp;mphb_check_in_date=2025-02-14&amp;mphb_check_out_date=2025-02-15\">https:\/\/gitemakadan.com\/fr\/reservation\/<\/a><\/span><\/span><\/p>\n<p style=\"text-align: center;\"><span style=\"text-decoration: underline;\"><span style=\"font-family: Poppins; font-weight: normal; font-size: large;\"><img loading=\"lazy\" decoding=\"async\" src=\"https:\/\/devtntatelier.com\/jeremy\/wp-content\/uploads\/2025\/01\/gite-makadan-300x200.avif\" width=\"300\" height=\"200\" alt=\"\" class=\"wp-image-7523 alignnone size-medium\" srcset=\"https:\/\/devtntatelier.com\/jeremy\/wp-content\/uploads\/2025\/01\/gite-makadan-300x200.avif 300w, https:\/\/devtntatelier.com\/jeremy\/wp-content\/uploads\/2025\/01\/gite-makadan-768x512.avif 768w, https:\/\/devtntatelier.com\/jeremy\/wp-content\/uploads\/2025\/01\/gite-makadan-500x333.avif 500w, https:\/\/devtntatelier.com\/jeremy\/wp-content\/uploads\/2025\/01\/gite-makadan.avif 863w\" sizes=\"(max-width: 300px) 100vw, 300px\" \/><\/span><\/span><\/p>\n<p style=\"text-align: center;\">\n<h2 style=\"text-align: center;\"><strong><span style=\"font-family: Poppins; font-size: x-large;\">Pour vivre une exp\u00e9rience<\/span><\/strong><\/h2>\n<p style=\"text-align: center;\"><span style=\"font-family: Poppins; font-weight: normal; font-size: large;\"><strong>Parc Mahikan\u00a0: <\/strong><\/span><\/p>\n<p style=\"text-align: center;\"><span style=\"font-family: Poppins; font-weight: normal; font-size: large;\">Que ce soit dans un chalet en bois, une habitation sur pilotis, une yourte authentique ou une tente, le parc Mahikan vous fera certainement vivre une exp\u00e9rience hors du commun. Observez de vos fen\u00eatres les meutes de loups arctiques ou de loups gris, et endormez-vous berc\u00e9s par leurs hurlements, en tout confort.<\/span><\/p>\n<p style=\"text-align: center;\"><span style=\"text-decoration: underline;\"><span style=\"font-family: Poppins; font-weight: normal; font-size: large;\"><a href=\"https:\/\/www.aventuraid.qc.ca\/aventurequebecauberge\">https:\/\/www.aventuraid.qc.ca\/aventurequebecauberge<\/a><\/span><\/span><\/p>\n<p style=\"text-align: center;\"><span style=\"text-decoration: underline;\"><span style=\"font-family: Poppins; font-weight: normal; font-size: large;\"><img loading=\"lazy\" decoding=\"async\" src=\"https:\/\/devtntatelier.com\/jeremy\/wp-content\/uploads\/2025\/01\/parc-maikan.jpg\" width=\"275\" height=\"183\" alt=\"\" class=\"wp-image-7526 alignnone size-full\" \/><\/span><\/span><\/p>\n<p style=\"text-align: center;\">\n<p style=\"text-align: center;\"><span style=\"font-family: Poppins; font-weight: normal; font-size: large;\"><strong>Attractions bor\u00e9ales\u00a0:<\/strong><\/span><\/p>\n<p style=\"text-align: center;\"><span style=\"font-family: Poppins; font-weight: normal; font-size: large;\">Pour un s\u00e9jour d\u2019une <a href=\"https:\/\/www.attractionsboreales.com\/tous-les-sejours\/initation-entrainement-des-chiens\/\">demi-journ\u00e9e<\/a> ou pour toute une <a href=\"https:\/\/www.attractionsboreales.com\/tous-les-sejours\/une-semaine-multi-activites\/\">semaine multiactivit\u00e9<\/a>, une promenade en tra\u00eeneau \u00e0 chien promet d\u2019\u00eatre une aventure inoubliable.<\/span><\/p>\n<p style=\"text-align: center;\"><span style=\"text-decoration: underline;\"><span style=\"font-family: Poppins; font-weight: normal; font-size: large;\"><a href=\"https:\/\/www.attractionsboreales.com\/\">https:\/\/www.attractionsboreales.com\/<\/a><\/span><\/span><\/p>\n<p style=\"text-align: center;\"><span style=\"font-family: Poppins; font-weight: normal; font-size: large;\"><strong> <img loading=\"lazy\" decoding=\"async\" src=\"https:\/\/devtntatelier.com\/jeremy\/wp-content\/uploads\/2025\/01\/attraction-boreale-300x200.jpg\" width=\"300\" height=\"200\" alt=\"\" class=\"wp-image-7519 alignnone size-medium\" srcset=\"https:\/\/devtntatelier.com\/jeremy\/wp-content\/uploads\/2025\/01\/attraction-boreale-300x200.jpg 300w, https:\/\/devtntatelier.com\/jeremy\/wp-content\/uploads\/2025\/01\/attraction-boreale-768x511.jpg 768w, https:\/\/devtntatelier.com\/jeremy\/wp-content\/uploads\/2025\/01\/attraction-boreale-500x333.jpg 500w, https:\/\/devtntatelier.com\/jeremy\/wp-content\/uploads\/2025\/01\/attraction-boreale.jpg 960w\" sizes=\"(max-width: 300px) 100vw, 300px\" \/><\/strong><\/span><\/p>\n<p style=\"text-align: center;\"><span style=\"font-family: Poppins; font-weight: normal; font-size: large;\"><strong>Domaine du Ranch\/Bar d\u2019Elle<\/strong><\/span><\/p>\n<p style=\"text-align: center;\"><span style=\"font-family: Poppins; font-weight: normal; font-size: large;\">Le Domaine du ranch est ouvert toute l\u2019ann\u00e9e. L\u2019hiver, c\u2019est aussi un relais motoneige. Des activit\u00e9s sont pr\u00e9vues du mercredi au dimanche; rendez-vous sur leur <a href=\"https:\/\/www.facebook.com\/domaineduranch\">page Facebook<\/a> pour en savoir plus. R\u00e9servez une chambre sur le domaine pour profiter de l\u2019ambiance qui y r\u00e8gne \u2013 c\u2019est \u00e0 tout coup une exp\u00e9rience originale.<\/span><\/p>\n<p style=\"text-align: center;\"><span style=\"font-family: Poppins; font-weight: normal; font-size: large;\"><img loading=\"lazy\" decoding=\"async\" src=\"https:\/\/devtntatelier.com\/jeremy\/wp-content\/uploads\/2025\/01\/domaine-du-ranch-225x300.jpg\" width=\"225\" height=\"300\" alt=\"\" class=\"wp-image-7525 alignnone size-medium\" srcset=\"https:\/\/devtntatelier.com\/jeremy\/wp-content\/uploads\/2025\/01\/domaine-du-ranch-225x300.jpg 225w, https:\/\/devtntatelier.com\/jeremy\/wp-content\/uploads\/2025\/01\/domaine-du-ranch-500x667.jpg 500w, https:\/\/devtntatelier.com\/jeremy\/wp-content\/uploads\/2025\/01\/domaine-du-ranch.jpg 540w\" sizes=\"(max-width: 225px) 100vw, 225px\" \/><\/span><\/p>\n<p style=\"text-align: center;\">\n<h2 style=\"text-align: center;\"><strong><span style=\"font-family: Poppins; font-size: x-large;\">Pour un forfait tout compris<\/span><\/strong><\/h2>\n<p style=\"text-align: center;\"><span style=\"font-family: Poppins; font-weight: normal; font-size: large;\"><strong>Lac \u00e0 Jim<\/strong><\/span><\/p>\n<p style=\"text-align: center;\"><span style=\"font-family: Poppins; font-weight: normal; font-size: large;\">Le centre de vill\u00e9giature offre un forfait id\u00e9al pour les amoureux de plein air. L\u2019h\u00e9bergement en chalet compl\u00e8tement \u00e9quip\u00e9, le souper table d\u2019h\u00f4te et le petit-d\u00e9jeuner sont inclus. Les cabines \u00ab\u00a0Des Bouleaux\u00a0\u00bb, \u00ab\u00a0Des \u00c9rables\u00a0\u00bb et \u00ab\u00a0Des Trembles\u00a0\u00bb sont id\u00e9ales pour les couples d\u00e9sireux de passer un moment tranquille au bord du joli plan d\u2019eau. L\u00e0 aussi, la raquette est possible sur plusieurs sentiers gratuits et balis\u00e9s sur 8\u00a0km. Les couples motoneigistes ne sont pas en reste \u2013 les sentiers qui passent au Lac \u00e0 Jim sont magnifiques.<\/span><\/p>\n<p style=\"text-align: center;\"><span style=\"text-decoration: underline;\"><span style=\"font-family: Poppins; font-weight: normal; font-size: large;\"><a href=\"https:\/\/lacajim.ca\/forfaits\/motoneige\/\">https:\/\/lacajim.ca\/forfaits\/motoneige\/<\/a><\/span><\/span><\/p>\n<p style=\"text-align: center;\"><span style=\"font-family: Poppins; font-weight: normal; font-size: large;\"><strong><img loading=\"lazy\" decoding=\"async\" src=\"https:\/\/devtntatelier.com\/jeremy\/wp-content\/uploads\/2025\/01\/lac-a-jim-300x150.jpg\" width=\"300\" height=\"150\" alt=\"\" class=\"wp-image-7524 alignnone size-medium\" srcset=\"https:\/\/devtntatelier.com\/jeremy\/wp-content\/uploads\/2025\/01\/lac-a-jim-300x150.jpg 300w, https:\/\/devtntatelier.com\/jeremy\/wp-content\/uploads\/2025\/01\/lac-a-jim.jpg 318w\" sizes=\"(max-width: 300px) 100vw, 300px\" \/>\u00a0<\/strong><\/span><\/p>\n<p style=\"text-align: center;\"><span style=\"font-family: Poppins; font-weight: normal; font-size: large;\"><strong>Chute \u00e0 l\u2019ours<\/strong><\/span><\/p>\n<p style=\"text-align: center;\"><span style=\"font-family: Poppins; font-weight: normal; font-size: large;\">Le forfait inclut l\u2019h\u00e9bergement dans un chalet confortable enti\u00e8rement \u00e9quip\u00e9, tout le n\u00e9cessaire pour une fondue ou un repas traditionnel pour le souper, et le petit-d\u00e9jeuner. Profitez-en pour visiter, en raquettes, les sentiers\u00a0Mask8\u00e0tik8iche (2,4\u00a0km) et l\u2019Arboretum riverain (2,7\u00a0km)! Vous y d\u00e9couvrirez de magnifiques points de vue sur les rapides. Des raquettes sont m\u00eame offertes sous forme de pr\u00eat au relais motoneige \u00e0 proximit\u00e9, au d\u00e9part du sentier La Passerelle du 49<sup>e<\/sup>.<\/span><\/p>\n<p style=\"text-align: center;\"><span style=\"text-decoration: underline;\"><span style=\"font-family: Poppins; font-weight: normal; font-size: large;\"><a href=\"https:\/\/chutealours.com\/fr\/forfaits\">https:\/\/chutealours.com\/fr\/forfaits<\/a><\/span><\/span><\/p>\n<p style=\"text-align: center;\"><span style=\"text-decoration: underline;\"><span style=\"font-family: Poppins; font-weight: normal; font-size: large;\"><img loading=\"lazy\" decoding=\"async\" src=\"https:\/\/devtntatelier.com\/jeremy\/wp-content\/uploads\/2025\/01\/chute-a-lours.jpg\" width=\"275\" height=\"183\" alt=\"\" class=\"wp-image-7521 alignnone size-full\" \/><\/span><\/span><\/p>[\/et_pb_text][\/et_pb_column][\/et_pb_row][\/et_pb_section]\n","protected":false},"excerpt":{"rendered":"<p>O\u00f9 aller pour la Saint-Valentin dans la MRC Maria\u00a0Chapdelaine? La Saint-Valentin approche! Pour c\u00e9l\u00e9brer l\u2019\u00e9v\u00e9nement, rien de mieux que s\u2019offrir une petite escapade pour s\u2019\u00e9vader du quotidien. Et, puisque l\u2019amour [&hellip;]<\/p>\n","protected":false},"author":23,"featured_media":7519,"comment_status":"open","ping_status":"open","sticky":false,"template":"","format":"standard","meta":{"_et_pb_use_builder":"on","_et_pb_old_content":"","_et_gb_content_width":"","_lmt_disableupdate":"","_lmt_disable":"","_price":"","_stock":"","_tribe_ticket_header":"","_tribe_default_ticket_provider":"","_tribe_ticket_capacity":"0","_ticket_start_date":"","_ticket_end_date":"","_tribe_ticket_show_description":"","_tribe_ticket_show_not_going":false,"_tribe_ticket_use_global_stock":"","_tribe_ticket_global_stock_level":"","_global_stock_mode":"","_global_stock_cap":"","_tribe_rsvp_for_event":"","_tribe_ticket_going_count":"","_tribe_ticket_not_going_count":"","_tribe_tickets_list":"[]","_tribe_ticket_has_attendee_info_fields":false,"footnotes":""},"categories":[1],"tags":[],"class_list":["post-7516","post","type-post","status-publish","format-standard","has-post-thumbnail","hentry","category-articles-achat-local-extra-maria"],"yoast_head":"<!-- This site is optimized with the Yoast SEO Premium plugin v25.9 (Yoast SEO v28.4) - https:\/\/yoast.com\/product\/yoast-seo-premium-wordpress\/ -->\n<title>La Saint-Valentin dans la MRC Maria\u00a0Chapdelaine? - Extra Maria<\/title>\n<meta name=\"description\" content=\"Quoi faire et o\u00f9 aller dans la MRC Maria-Chapdelaine pour la Saint-Valentin. Dolbeau-mistassini et les alentours.\" \/>\n<meta name=\"robots\" content=\"index, follow, max-snippet:-1, max-image-preview:large, max-video-preview:-1\" \/>\n<link rel=\"canonical\" href=\"https:\/\/devtntatelier.com\/jeremy\/la-saint-valentin-dans-la-mrc-maria-chapdelaine\/\" \/>\n<meta property=\"og:locale\" content=\"fr_FR\" \/>\n<meta property=\"og:type\" content=\"article\" \/>\n<meta property=\"og:title\" content=\"La Saint-Valentin dans la MRC Maria\u00a0Chapdelaine?\" \/>\n<meta property=\"og:url\" content=\"https:\/\/devtntatelier.com\/jeremy\/la-saint-valentin-dans-la-mrc-maria-chapdelaine\/\" \/>\n<meta property=\"og:site_name\" content=\"Extra Maria\" \/>\n<meta property=\"article:published_time\" content=\"2025-02-03T17:30:00+00:00\" \/>\n<meta property=\"og:image\" content=\"https:\/\/devtntatelier.com\/jeremy\/wp-content\/uploads\/2025\/01\/attraction-boreale.jpg\" \/>\n\t<meta property=\"og:image:width\" content=\"960\" \/>\n\t<meta property=\"og:image:height\" content=\"639\" \/>\n\t<meta property=\"og:image:type\" content=\"image\/jpeg\" \/>\n<meta name=\"author\" content=\"Olivia Sauvageau\" \/>\n<meta name=\"twitter:card\" content=\"summary_large_image\" \/>\n<meta name=\"twitter:label1\" content=\"\u00c9crit par\" \/>\n\t<meta name=\"twitter:data1\" content=\"Olivia Sauvageau\" \/>\n\t<meta name=\"twitter:label2\" content=\"Dur\u00e9e de lecture estim\u00e9e\" \/>\n\t<meta name=\"twitter:data2\" content=\"6 minutes\" \/>\n<script type=\"application\/ld+json\" class=\"yoast-schema-graph\">{\"@context\":\"https:\\\/\\\/schema.org\",\"@graph\":[{\"@type\":\"Article\",\"@id\":\"https:\\\/\\\/devtntatelier.com\\\/jeremy\\\/la-saint-valentin-dans-la-mrc-maria-chapdelaine\\\/#article\",\"isPartOf\":{\"@id\":\"https:\\\/\\\/devtntatelier.com\\\/jeremy\\\/la-saint-valentin-dans-la-mrc-maria-chapdelaine\\\/\"},\"author\":{\"name\":\"Olivia Sauvageau\",\"@id\":\"https:\\\/\\\/devtntatelier.com\\\/jeremy\\\/#\\\/schema\\\/person\\\/0c81a1160811d3ab5d48beea17d2f4a1\"},\"headline\":\"La Saint-Valentin dans la MRC Maria\u00a0Chapdelaine?\",\"datePublished\":\"2025-02-03T17:30:00+00:00\",\"mainEntityOfPage\":{\"@id\":\"https:\\\/\\\/devtntatelier.com\\\/jeremy\\\/la-saint-valentin-dans-la-mrc-maria-chapdelaine\\\/\"},\"wordCount\":883,\"commentCount\":0,\"image\":{\"@id\":\"https:\\\/\\\/devtntatelier.com\\\/jeremy\\\/la-saint-valentin-dans-la-mrc-maria-chapdelaine\\\/#primaryimage\"},\"thumbnailUrl\":\"https:\\\/\\\/devtntatelier.com\\\/jeremy\\\/wp-content\\\/uploads\\\/2025\\\/01\\\/attraction-boreale.jpg\",\"articleSection\":[\"Tous les articles\"],\"inLanguage\":\"fr-FR\",\"potentialAction\":[{\"@type\":\"CommentAction\",\"name\":\"Comment\",\"target\":[\"https:\\\/\\\/devtntatelier.com\\\/jeremy\\\/la-saint-valentin-dans-la-mrc-maria-chapdelaine\\\/#respond\"]}]},{\"@type\":\"WebPage\",\"@id\":\"https:\\\/\\\/devtntatelier.com\\\/jeremy\\\/la-saint-valentin-dans-la-mrc-maria-chapdelaine\\\/\",\"url\":\"https:\\\/\\\/devtntatelier.com\\\/jeremy\\\/la-saint-valentin-dans-la-mrc-maria-chapdelaine\\\/\",\"name\":\"La Saint-Valentin dans la MRC Maria\u00a0Chapdelaine? - Extra Maria\",\"isPartOf\":{\"@id\":\"https:\\\/\\\/devtntatelier.com\\\/jeremy\\\/#website\"},\"primaryImageOfPage\":{\"@id\":\"https:\\\/\\\/devtntatelier.com\\\/jeremy\\\/la-saint-valentin-dans-la-mrc-maria-chapdelaine\\\/#primaryimage\"},\"image\":{\"@id\":\"https:\\\/\\\/devtntatelier.com\\\/jeremy\\\/la-saint-valentin-dans-la-mrc-maria-chapdelaine\\\/#primaryimage\"},\"thumbnailUrl\":\"https:\\\/\\\/devtntatelier.com\\\/jeremy\\\/wp-content\\\/uploads\\\/2025\\\/01\\\/attraction-boreale.jpg\",\"datePublished\":\"2025-02-03T17:30:00+00:00\",\"author\":{\"@id\":\"https:\\\/\\\/devtntatelier.com\\\/jeremy\\\/#\\\/schema\\\/person\\\/0c81a1160811d3ab5d48beea17d2f4a1\"},\"description\":\"Quoi faire et o\u00f9 aller dans la MRC Maria-Chapdelaine pour la Saint-Valentin. Dolbeau-mistassini et les alentours.\",\"breadcrumb\":{\"@id\":\"https:\\\/\\\/devtntatelier.com\\\/jeremy\\\/la-saint-valentin-dans-la-mrc-maria-chapdelaine\\\/#breadcrumb\"},\"inLanguage\":\"fr-FR\",\"potentialAction\":[{\"@type\":\"ReadAction\",\"target\":[\"https:\\\/\\\/devtntatelier.com\\\/jeremy\\\/la-saint-valentin-dans-la-mrc-maria-chapdelaine\\\/\"]}]},{\"@type\":\"ImageObject\",\"inLanguage\":\"fr-FR\",\"@id\":\"https:\\\/\\\/devtntatelier.com\\\/jeremy\\\/la-saint-valentin-dans-la-mrc-maria-chapdelaine\\\/#primaryimage\",\"url\":\"https:\\\/\\\/devtntatelier.com\\\/jeremy\\\/wp-content\\\/uploads\\\/2025\\\/01\\\/attraction-boreale.jpg\",\"contentUrl\":\"https:\\\/\\\/devtntatelier.com\\\/jeremy\\\/wp-content\\\/uploads\\\/2025\\\/01\\\/attraction-boreale.jpg\",\"width\":960,\"height\":639},{\"@type\":\"BreadcrumbList\",\"@id\":\"https:\\\/\\\/devtntatelier.com\\\/jeremy\\\/la-saint-valentin-dans-la-mrc-maria-chapdelaine\\\/#breadcrumb\",\"itemListElement\":[{\"@type\":\"ListItem\",\"position\":1,\"name\":\"Accueil\",\"item\":\"https:\\\/\\\/devtntatelier.com\\\/jeremy\\\/\"},{\"@type\":\"ListItem\",\"position\":2,\"name\":\"La Saint-Valentin dans la MRC Maria\u00a0Chapdelaine?\"}]},{\"@type\":\"WebSite\",\"@id\":\"https:\\\/\\\/devtntatelier.com\\\/jeremy\\\/#website\",\"url\":\"https:\\\/\\\/devtntatelier.com\\\/jeremy\\\/\",\"name\":\"Extra Maria\",\"description\":\"Blogue - D\u00e9couvertes locales et achat local\",\"potentialAction\":[{\"@type\":\"SearchAction\",\"target\":{\"@type\":\"EntryPoint\",\"urlTemplate\":\"https:\\\/\\\/devtntatelier.com\\\/jeremy\\\/?s={search_term_string}\"},\"query-input\":{\"@type\":\"PropertyValueSpecification\",\"valueRequired\":true,\"valueName\":\"search_term_string\"}}],\"inLanguage\":\"fr-FR\"},{\"@type\":\"Person\",\"@id\":\"https:\\\/\\\/devtntatelier.com\\\/jeremy\\\/#\\\/schema\\\/person\\\/0c81a1160811d3ab5d48beea17d2f4a1\",\"name\":\"Olivia Sauvageau\",\"image\":{\"@type\":\"ImageObject\",\"inLanguage\":\"fr-FR\",\"@id\":\"https:\\\/\\\/secure.gravatar.com\\\/avatar\\\/7c3f27a70b38fd4925fe5a6afb8107bda4b4125cb94f3327549e94140d407f1c?s=96&d=mm&r=g\",\"url\":\"https:\\\/\\\/secure.gravatar.com\\\/avatar\\\/7c3f27a70b38fd4925fe5a6afb8107bda4b4125cb94f3327549e94140d407f1c?s=96&d=mm&r=g\",\"contentUrl\":\"https:\\\/\\\/secure.gravatar.com\\\/avatar\\\/7c3f27a70b38fd4925fe5a6afb8107bda4b4125cb94f3327549e94140d407f1c?s=96&d=mm&r=g\",\"caption\":\"Olivia Sauvageau\"},\"description\":\"Je suis captiv\u00e9e depuis toujours par le langage et son fonctionnement. Apr\u00e8s avoir termin\u00e9 mon baccalaur\u00e9at en linguistique et ma ma\u00eetrise en traduction et terminologie, j\u2019ai eu envie de revenir m\u2019\u00e9tablir ici, o\u00f9 j\u2019ai grandi. J\u2019accorde beaucoup d\u2019importance au concept de collectivit\u00e9 et \u00e0 son pouvoir au quotidien. J\u2019ai la conviction profonde que le bonheur est dans la d\u00e9couverte, sous toutes ses formes et \u00e0 toutes les \u00e9chelles. Anim\u00e9e par la volont\u00e9 de conna\u00eetre, de comprendre et d\u2019approfondir, j\u2019aime partager ce que j\u2019apprends et en faire profiter les autres.\",\"url\":\"https:\\\/\\\/devtntatelier.com\\\/jeremy\\\/author\\\/olivia-sauvageau\\\/\"}]}<\/script>\n<!-- \/ Yoast SEO Premium plugin. -->","yoast_head_json":{"title":"La Saint-Valentin dans la MRC Maria\u00a0Chapdelaine? - Extra Maria","description":"Quoi faire et o\u00f9 aller dans la MRC Maria-Chapdelaine pour la Saint-Valentin. Dolbeau-mistassini et les alentours.","robots":{"index":"index","follow":"follow","max-snippet":"max-snippet:-1","max-image-preview":"max-image-preview:large","max-video-preview":"max-video-preview:-1"},"canonical":"https:\/\/devtntatelier.com\/jeremy\/la-saint-valentin-dans-la-mrc-maria-chapdelaine\/","og_locale":"fr_FR","og_type":"article","og_title":"La Saint-Valentin dans la MRC Maria\u00a0Chapdelaine?","og_url":"https:\/\/devtntatelier.com\/jeremy\/la-saint-valentin-dans-la-mrc-maria-chapdelaine\/","og_site_name":"Extra Maria","article_published_time":"2025-02-03T17:30:00+00:00","og_image":[{"width":960,"height":639,"url":"https:\/\/devtntatelier.com\/jeremy\/wp-content\/uploads\/2025\/01\/attraction-boreale.jpg","type":"image\/jpeg"}],"author":"Olivia Sauvageau","twitter_card":"summary_large_image","twitter_misc":{"\u00c9crit par":"Olivia Sauvageau","Dur\u00e9e de lecture estim\u00e9e":"6 minutes"},"schema":{"@context":"https:\/\/schema.org","@graph":[{"@type":"Article","@id":"https:\/\/devtntatelier.com\/jeremy\/la-saint-valentin-dans-la-mrc-maria-chapdelaine\/#article","isPartOf":{"@id":"https:\/\/devtntatelier.com\/jeremy\/la-saint-valentin-dans-la-mrc-maria-chapdelaine\/"},"author":{"name":"Olivia Sauvageau","@id":"https:\/\/devtntatelier.com\/jeremy\/#\/schema\/person\/0c81a1160811d3ab5d48beea17d2f4a1"},"headline":"La Saint-Valentin dans la MRC Maria\u00a0Chapdelaine?","datePublished":"2025-02-03T17:30:00+00:00","mainEntityOfPage":{"@id":"https:\/\/devtntatelier.com\/jeremy\/la-saint-valentin-dans-la-mrc-maria-chapdelaine\/"},"wordCount":883,"commentCount":0,"image":{"@id":"https:\/\/devtntatelier.com\/jeremy\/la-saint-valentin-dans-la-mrc-maria-chapdelaine\/#primaryimage"},"thumbnailUrl":"https:\/\/devtntatelier.com\/jeremy\/wp-content\/uploads\/2025\/01\/attraction-boreale.jpg","articleSection":["Tous les articles"],"inLanguage":"fr-FR","potentialAction":[{"@type":"CommentAction","name":"Comment","target":["https:\/\/devtntatelier.com\/jeremy\/la-saint-valentin-dans-la-mrc-maria-chapdelaine\/#respond"]}]},{"@type":"WebPage","@id":"https:\/\/devtntatelier.com\/jeremy\/la-saint-valentin-dans-la-mrc-maria-chapdelaine\/","url":"https:\/\/devtntatelier.com\/jeremy\/la-saint-valentin-dans-la-mrc-maria-chapdelaine\/","name":"La Saint-Valentin dans la MRC Maria\u00a0Chapdelaine? - Extra Maria","isPartOf":{"@id":"https:\/\/devtntatelier.com\/jeremy\/#website"},"primaryImageOfPage":{"@id":"https:\/\/devtntatelier.com\/jeremy\/la-saint-valentin-dans-la-mrc-maria-chapdelaine\/#primaryimage"},"image":{"@id":"https:\/\/devtntatelier.com\/jeremy\/la-saint-valentin-dans-la-mrc-maria-chapdelaine\/#primaryimage"},"thumbnailUrl":"https:\/\/devtntatelier.com\/jeremy\/wp-content\/uploads\/2025\/01\/attraction-boreale.jpg","datePublished":"2025-02-03T17:30:00+00:00","author":{"@id":"https:\/\/devtntatelier.com\/jeremy\/#\/schema\/person\/0c81a1160811d3ab5d48beea17d2f4a1"},"description":"Quoi faire et o\u00f9 aller dans la MRC Maria-Chapdelaine pour la Saint-Valentin. Dolbeau-mistassini et les alentours.","breadcrumb":{"@id":"https:\/\/devtntatelier.com\/jeremy\/la-saint-valentin-dans-la-mrc-maria-chapdelaine\/#breadcrumb"},"inLanguage":"fr-FR","potentialAction":[{"@type":"ReadAction","target":["https:\/\/devtntatelier.com\/jeremy\/la-saint-valentin-dans-la-mrc-maria-chapdelaine\/"]}]},{"@type":"ImageObject","inLanguage":"fr-FR","@id":"https:\/\/devtntatelier.com\/jeremy\/la-saint-valentin-dans-la-mrc-maria-chapdelaine\/#primaryimage","url":"https:\/\/devtntatelier.com\/jeremy\/wp-content\/uploads\/2025\/01\/attraction-boreale.jpg","contentUrl":"https:\/\/devtntatelier.com\/jeremy\/wp-content\/uploads\/2025\/01\/attraction-boreale.jpg","width":960,"height":639},{"@type":"BreadcrumbList","@id":"https:\/\/devtntatelier.com\/jeremy\/la-saint-valentin-dans-la-mrc-maria-chapdelaine\/#breadcrumb","itemListElement":[{"@type":"ListItem","position":1,"name":"Accueil","item":"https:\/\/devtntatelier.com\/jeremy\/"},{"@type":"ListItem","position":2,"name":"La Saint-Valentin dans la MRC Maria\u00a0Chapdelaine?"}]},{"@type":"WebSite","@id":"https:\/\/devtntatelier.com\/jeremy\/#website","url":"https:\/\/devtntatelier.com\/jeremy\/","name":"Extra Maria","description":"Blogue - D\u00e9couvertes locales et achat local","potentialAction":[{"@type":"SearchAction","target":{"@type":"EntryPoint","urlTemplate":"https:\/\/devtntatelier.com\/jeremy\/?s={search_term_string}"},"query-input":{"@type":"PropertyValueSpecification","valueRequired":true,"valueName":"search_term_string"}}],"inLanguage":"fr-FR"},{"@type":"Person","@id":"https:\/\/devtntatelier.com\/jeremy\/#\/schema\/person\/0c81a1160811d3ab5d48beea17d2f4a1","name":"Olivia Sauvageau","image":{"@type":"ImageObject","inLanguage":"fr-FR","@id":"https:\/\/secure.gravatar.com\/avatar\/7c3f27a70b38fd4925fe5a6afb8107bda4b4125cb94f3327549e94140d407f1c?s=96&d=mm&r=g","url":"https:\/\/secure.gravatar.com\/avatar\/7c3f27a70b38fd4925fe5a6afb8107bda4b4125cb94f3327549e94140d407f1c?s=96&d=mm&r=g","contentUrl":"https:\/\/secure.gravatar.com\/avatar\/7c3f27a70b38fd4925fe5a6afb8107bda4b4125cb94f3327549e94140d407f1c?s=96&d=mm&r=g","caption":"Olivia Sauvageau"},"description":"Je suis captiv\u00e9e depuis toujours par le langage et son fonctionnement. Apr\u00e8s avoir termin\u00e9 mon baccalaur\u00e9at en linguistique et ma ma\u00eetrise en traduction et terminologie, j\u2019ai eu envie de revenir m\u2019\u00e9tablir ici, o\u00f9 j\u2019ai grandi. J\u2019accorde beaucoup d\u2019importance au concept de collectivit\u00e9 et \u00e0 son pouvoir au quotidien. J\u2019ai la conviction profonde que le bonheur est dans la d\u00e9couverte, sous toutes ses formes et \u00e0 toutes les \u00e9chelles. Anim\u00e9e par la volont\u00e9 de conna\u00eetre, de comprendre et d\u2019approfondir, j\u2019aime partager ce que j\u2019apprends et en faire profiter les autres.","url":"https:\/\/devtntatelier.com\/jeremy\/author\/olivia-sauvageau\/"}]}},"modified_by":"\u00c8ve Gagnon-Bouchard","_links":{"self":[{"href":"https:\/\/devtntatelier.com\/jeremy\/wp-json\/wp\/v2\/posts\/7516","targetHints":{"allow":["GET"]}}],"collection":[{"href":"https:\/\/devtntatelier.com\/jeremy\/wp-json\/wp\/v2\/posts"}],"about":[{"href":"https:\/\/devtntatelier.com\/jeremy\/wp-json\/wp\/v2\/types\/post"}],"author":[{"embeddable":true,"href":"https:\/\/devtntatelier.com\/jeremy\/wp-json\/wp\/v2\/users\/23"}],"replies":[{"embeddable":true,"href":"https:\/\/devtntatelier.com\/jeremy\/wp-json\/wp\/v2\/comments?post=7516"}],"version-history":[{"count":0,"href":"https:\/\/devtntatelier.com\/jeremy\/wp-json\/wp\/v2\/posts\/7516\/revisions"}],"wp:featuredmedia":[{"embeddable":true,"href":"https:\/\/devtntatelier.com\/jeremy\/wp-json\/wp\/v2\/media\/7519"}],"wp:attachment":[{"href":"https:\/\/devtntatelier.com\/jeremy\/wp-json\/wp\/v2\/media?parent=7516"}],"wp:term":[{"taxonomy":"category","embeddable":true,"href":"https:\/\/devtntatelier.com\/jeremy\/wp-json\/wp\/v2\/categories?post=7516"},{"taxonomy":"post_tag","embeddable":true,"href":"https:\/\/devtntatelier.com\/jeremy\/wp-json\/wp\/v2\/tags?post=7516"}],"curies":[{"name":"wp","href":"https:\/\/api.w.org\/{rel}","templated":true}]}}