{"id":751,"date":"2021-05-03T08:24:21","date_gmt":"2021-05-03T12:24:21","guid":{"rendered":"https:\/\/devtntatelier.com\/jeremy\/?p=751"},"modified":"2021-10-14T08:36:35","modified_gmt":"2021-10-14T12:36:35","slug":"restaurant-le-kastelet-succes-equipe","status":"publish","type":"post","link":"https:\/\/devtntatelier.com\/jeremy\/restaurant-le-kastelet-succes-equipe\/","title":{"rendered":"Restaurant Le Kastelet, un succ\u00e8s d&rsquo;\u00e9quipe!"},"content":{"rendered":"\n\n[et_pb_section fb_built=\u00a0\u00bb1&Prime; _builder_version=\u00a0\u00bb4.9.3&Prime; _module_preset=\u00a0\u00bbdefault\u00a0\u00bb custom_padding=\u00a0\u00bb||0px||false|false\u00a0\u00bb][et_pb_row _builder_version=\u00a0\u00bb4.9.3&Prime; _module_preset=\u00a0\u00bbdefault\u00a0\u00bb][et_pb_column type=\u00a0\u00bb4_4&Prime; _builder_version=\u00a0\u00bb4.9.3&Prime; _module_preset=\u00a0\u00bbdefault\u00a0\u00bb][et_pb_text _builder_version=\u00a0\u00bb4.9.4&Prime; _module_preset=\u00a0\u00bbdefault\u00a0\u00bb]<h1><span style=\"color: #000000;\"><strong>Le restaurant Le Kastelet, un succ\u00e8s d\u2019\u00e9quipe!<\/strong><\/span><\/h1>[\/et_pb_text][\/et_pb_column][\/et_pb_row][et_pb_row column_structure=\u00a0\u00bb1_2,1_2&Prime; _builder_version=\u00a0\u00bb4.9.3&Prime; _module_preset=\u00a0\u00bbdefault\u00a0\u00bb custom_padding=\u00a0\u00bb||10px|||\u00a0\u00bb][et_pb_column type=\u00a0\u00bb1_2&Prime; _builder_version=\u00a0\u00bb4.9.3&Prime; _module_preset=\u00a0\u00bbdefault\u00a0\u00bb][et_pb_text _builder_version=\u00a0\u00bb4.9.3&Prime; _module_preset=\u00a0\u00bbdefault\u00a0\u00bb]<p><span style=\"color: #000000;\">La r\u00e9putation du restaurant-bar Le Kastelet de Girardville\u00a0 n\u2019est plus \u00e0 faire au Lac-St-Jean! Ce v\u00e9ritable lieu de rassemblement unit l\u2019ensemble des r\u00e9sidents du village de Girardville depuis plusieurs d\u00e9cennies d\u00e9j\u00e0.\u00a0<\/span><\/p>[\/et_pb_text][\/et_pb_column][et_pb_column type=\u00a0\u00bb1_2&Prime; _builder_version=\u00a0\u00bb4.9.3&Prime; _module_preset=\u00a0\u00bbdefault\u00a0\u00bb][et_pb_text _builder_version=\u00a0\u00bb4.9.4&Prime; _module_preset=\u00a0\u00bbdefault\u00a0\u00bb]<p><span style=\"color: #000000;\">Malgr\u00e9 la fermeture temporaire de la salle \u00e0 manger en raison de la pand\u00e9mie, toute l\u2019\u00e9quipe a su mettre la main \u00e0 la p\u00e2te pour offrir \u00e0 sa fid\u00e8le client\u00e8le des mets \u00e0 emporter et en livraison aux saveurs d\u2019ici et d\u2019ailleurs.<\/span><\/p>[\/et_pb_text][\/et_pb_column][\/et_pb_row][et_pb_row _builder_version=\u00a0\u00bb4.9.4&Prime; _module_preset=\u00a0\u00bbdefault\u00a0\u00bb][et_pb_column type=\u00a0\u00bb4_4&Prime; _builder_version=\u00a0\u00bb4.9.4&Prime; _module_preset=\u00a0\u00bbdefault\u00a0\u00bb][et_pb_gallery gallery_ids=\u00a0\u00bb991,992,993,994&Prime; fullwidth=\u00a0\u00bbon\u00a0\u00bb _builder_version=\u00a0\u00bb4.9.4&Prime; _module_preset=\u00a0\u00bbdefault\u00a0\u00bb width=\u00a0\u00bb88%\u00a0\u00bb max_width=\u00a0\u00bb87%\u00a0\u00bb module_alignment=\u00a0\u00bbcenter\u00a0\u00bb][\/et_pb_gallery][\/et_pb_column][\/et_pb_row][et_pb_row column_structure=\u00a0\u00bb1_3,1_3,1_3&Prime; _builder_version=\u00a0\u00bb4.9.3&Prime; _module_preset=\u00a0\u00bbdefault\u00a0\u00bb][et_pb_column type=\u00a0\u00bb1_3&Prime; _builder_version=\u00a0\u00bb4.9.3&Prime; _module_preset=\u00a0\u00bbdefault\u00a0\u00bb][et_pb_text _builder_version=\u00a0\u00bb4.9.3&Prime; _module_preset=\u00a0\u00bbdefault\u00a0\u00bb]<p><span style=\"color: #000000;\">L\u2019histoire d\u2019amour entre Marie-Pier Martel et Le Kastelet commence d\u00e8s l\u2019adolescence. D\u2019abord engag\u00e9e au restaurant pour occuper un emploi \u00e9tudiant, elle s\u2019y d\u00e9couvre une r\u00e9elle passion : le d\u00e9sir de bien manger.\u00a0<\/span><\/p>[\/et_pb_text][\/et_pb_column][et_pb_column type=\u00a0\u00bb1_3&Prime; _builder_version=\u00a0\u00bb4.9.3&Prime; _module_preset=\u00a0\u00bbdefault\u00a0\u00bb][et_pb_text _builder_version=\u00a0\u00bb4.9.3&Prime; _module_preset=\u00a0\u00bbdefault\u00a0\u00bb]<p><span style=\"color: #000000;\">Attach\u00e9e \u00e0 son village natal, la rencontre de son conjoint \u00c9ric (au sein m\u00eame du restaurant!) viendra confirmer qu\u2019elle est l\u00e0 pour rester. Aujourd\u2019hui, tous les deux co-propri\u00e9taires, le couple travaille fort pour s\u2019ajuster constamment \u00e0 la r\u00e9alit\u00e9 de la pand\u00e9mie,<\/span><\/p>[\/et_pb_text][\/et_pb_column][et_pb_column type=\u00a0\u00bb1_3&Prime; _builder_version=\u00a0\u00bb4.9.3&Prime; _module_preset=\u00a0\u00bbdefault\u00a0\u00bb][et_pb_text _builder_version=\u00a0\u00bb4.9.3&Prime; _module_preset=\u00a0\u00bbdefault\u00a0\u00bb]<p><span style=\"color: #000000;\">Mais ils soulignent que Le Kastelet, c\u2019est avant tout une<strong> r\u00e9ussite d\u2019\u00e9quipe.<\/strong><\/span><\/p>[\/et_pb_text][\/et_pb_column][\/et_pb_row][et_pb_row _builder_version=\u00a0\u00bb4.9.3&Prime; _module_preset=\u00a0\u00bbdefault\u00a0\u00bb][et_pb_column type=\u00a0\u00bb4_4&Prime; _builder_version=\u00a0\u00bb4.9.3&Prime; _module_preset=\u00a0\u00bbdefault\u00a0\u00bb][et_pb_text _builder_version=\u00a0\u00bb4.9.4&Prime; _module_preset=\u00a0\u00bbdefault\u00a0\u00bb]<h2><span style=\"color: #000000;\">Des sushis, des tartares, des tables d&rsquo;h\u00f4tes et des menus traditionnels \u00e0 la carte du restaurant<\/span><\/h2>[\/et_pb_text][\/et_pb_column][\/et_pb_row][et_pb_row column_structure=\u00a0\u00bb1_2,1_2&Prime; _builder_version=\u00a0\u00bb4.9.3&Prime; _module_preset=\u00a0\u00bbdefault\u00a0\u00bb custom_padding=\u00a0\u00bb0px||9px|||\u00a0\u00bb][et_pb_column type=\u00a0\u00bb1_2&Prime; _builder_version=\u00a0\u00bb4.9.3&Prime; _module_preset=\u00a0\u00bbdefault\u00a0\u00bb][et_pb_image src=\u00a0\u00bbhttps:\/\/devtntatelier.com\/jeremy\/wp-content\/uploads\/2021\/05\/le-kastelet-sushis.jpg\u00a0\u00bb title_text=\u00a0\u00bble-kastelet-sushis\u00a0\u00bb align=\u00a0\u00bbcenter\u00a0\u00bb _builder_version=\u00a0\u00bb4.9.4&Prime; _module_preset=\u00a0\u00bbdefault\u00a0\u00bb width=\u00a0\u00bb100%\u00a0\u00bb max_width=\u00a0\u00bb81%\u00a0\u00bb custom_padding=\u00a0\u00bb||3px|||\u00a0\u00bb][\/et_pb_image][\/et_pb_column][et_pb_column type=\u00a0\u00bb1_2&Prime; _builder_version=\u00a0\u00bb4.9.3&Prime; _module_preset=\u00a0\u00bbdefault\u00a0\u00bb][et_pb_text _builder_version=\u00a0\u00bb4.9.4&Prime; _module_preset=\u00a0\u00bbdefault\u00a0\u00bb custom_padding=\u00a0\u00bb||0px|0px||\u00a0\u00bb]<p><span style=\"color: #000000;\">V\u00e9ritable \u00e9picurienne, Marie-Pier aime essayer de nouveaux produits et d\u00e9couvrir la cuisine du monde.\u00a0<\/span><\/p>\n<p><span style=\"color: #000000;\">C\u2019est d\u2019ailleurs gr\u00e2ce \u00e0 cette curiosit\u00e9 alimentaire que l\u2019id\u00e9e lui est venue d\u2019offrir un menu diversifi\u00e9 qui saurait faire voyager les clients \u00e0 m\u00eame leurs assiettes.<\/span><\/p>\n<p><span style=\"color: #000000;\">Entour\u00e9e d\u2019une \u00e9quipe dynamique et cr\u00e9ative, Marie-Pier mentionne que l\u2019innovation est au rendez-vous \u00e0 chaque jour au restaurant! D\u2019ailleurs, pour l\u2019entrepreneure, impliquer chacun des membres du personnel dans les diff\u00e9rentes prises de d\u00e9cision lui tient extr\u00eamement \u00e0 c\u0153ur.\u00a0<\/span><\/p>[\/et_pb_text][\/et_pb_column][\/et_pb_row][et_pb_row _builder_version=\u00a0\u00bb4.9.4&Prime; _module_preset=\u00a0\u00bbdefault\u00a0\u00bb background_color=\u00a0\u00bb#000000&Prime; custom_margin=\u00a0\u00bb||28px||false|false\u00a0\u00bb][et_pb_column type=\u00a0\u00bb4_4&Prime; _builder_version=\u00a0\u00bb4.9.4&Prime; _module_preset=\u00a0\u00bbdefault\u00a0\u00bb][et_pb_text _builder_version=\u00a0\u00bb4.9.4&Prime; _module_preset=\u00a0\u00bbdefault\u00a0\u00bb]<p style=\"text-align: center;\"><span style=\"color: #ffffff;\">En fait, elle a pour philosophie que la r\u00e9alisation de soi au travail prend sa source dans la libert\u00e9 d\u2019expression, l\u2019ouverture \u00e0 l\u2019autre et le plaisir \u00e0 collaborer ensemble.<\/span><\/p>[\/et_pb_text][\/et_pb_column][\/et_pb_row][et_pb_row _builder_version=\u00a0\u00bb4.9.4&Prime; _module_preset=\u00a0\u00bbdefault\u00a0\u00bb][et_pb_column type=\u00a0\u00bb4_4&Prime; _builder_version=\u00a0\u00bb4.9.4&Prime; _module_preset=\u00a0\u00bbdefault\u00a0\u00bb][et_pb_text _builder_version=\u00a0\u00bb4.9.4&Prime; _module_preset=\u00a0\u00bbdefault\u00a0\u00bb]<h2><span style=\"color: #000000;\">Lancement d&rsquo;une ligne de produits d&rsquo;art de la table<\/span><\/h2>[\/et_pb_text][\/et_pb_column][\/et_pb_row][et_pb_row column_structure=\u00a0\u00bb1_2,1_2&Prime; _builder_version=\u00a0\u00bb4.9.4&Prime; _module_preset=\u00a0\u00bbdefault\u00a0\u00bb custom_margin=\u00a0\u00bb-14px||||false|false\u00a0\u00bb][et_pb_column type=\u00a0\u00bb1_2&Prime; _builder_version=\u00a0\u00bb4.9.4&Prime; _module_preset=\u00a0\u00bbdefault\u00a0\u00bb][et_pb_text _builder_version=\u00a0\u00bb4.9.4&Prime; _module_preset=\u00a0\u00bbdefault\u00a0\u00bb]<p><span style=\"color: #000000;\">En extension au restaurant, Marie-Pier vient tout juste de lancer sa ligne de produits d\u2019art de la table et un savon de cuisine \u00e0 base d&rsquo;huile de friture us\u00e9e. Par ce nouveau projet, elle souhaite partager son int\u00e9r\u00eat pour les mati\u00e8res nobles et aussi, v\u00e9hiculer ses valeurs environnementales.<\/span><\/p>[\/et_pb_text][\/et_pb_column][et_pb_column type=\u00a0\u00bb1_2&Prime; _builder_version=\u00a0\u00bb4.9.4&Prime; _module_preset=\u00a0\u00bbdefault\u00a0\u00bb][et_pb_text _builder_version=\u00a0\u00bb4.9.4&Prime; _module_preset=\u00a0\u00bbdefault\u00a0\u00bb background_color=\u00a0\u00bb#E02B20&Prime; custom_margin=\u00a0\u00bb0px||||false|false\u00a0\u00bb custom_padding=\u00a0\u00bb20px|20px|3px|20px|false|false\u00a0\u00bb locked=\u00a0\u00bboff\u00a0\u00bb]<p style=\"text-align: center;\"><span style=\"color: #ffffff;\">\u00a0Plusieurs autres nouveaut\u00e9s sont \u00e0 venir, dont le lancement d\u2019un site web et un volet \u00ab pr\u00e9paration d\u2019aliments \u00bb actuellement en cours de d\u00e9veloppement\u2026 Qui sait, verrez-vous bient\u00f4t des produits Le Kastelet en \u00e9picerie?<\/span><\/p>\n<p style=\"text-align: center;\"><span style=\"color: #ffffff;\"><\/span><\/p>\n<p style=\"text-align: center;\"><span style=\"color: #ffffff;\"><\/span><\/p>\n<p style=\"text-align: center;\"><span style=\"color: #ffffff;\"><\/span><\/p>\n<p style=\"text-align: center;\"><span style=\"color: #ffffff;\"><\/span><\/p>[\/et_pb_text][\/et_pb_column][\/et_pb_row][et_pb_row _builder_version=\u00a0\u00bb4.9.4&Prime; _module_preset=\u00a0\u00bbdefault\u00a0\u00bb][et_pb_column type=\u00a0\u00bb4_4&Prime; _builder_version=\u00a0\u00bb4.9.4&Prime; _module_preset=\u00a0\u00bbdefault\u00a0\u00bb][et_pb_text _builder_version=\u00a0\u00bb4.9.4&Prime; _module_preset=\u00a0\u00bbdefault\u00a0\u00bb]<h2><span style=\"color: #000000;\">Petit mot de Marie-Pier, cette entrepreneure cr\u00e9ative au grand <b>c\u0153ur<\/b>&#8230;<\/span><\/h2>[\/et_pb_text][\/et_pb_column][\/et_pb_row][et_pb_row _builder_version=\u00a0\u00bb4.9.4&Prime; _module_preset=\u00a0\u00bbdefault\u00a0\u00bb][et_pb_column type=\u00a0\u00bb4_4&Prime; _builder_version=\u00a0\u00bb4.9.4&Prime; _module_preset=\u00a0\u00bbdefault\u00a0\u00bb][et_pb_image src=\u00a0\u00bbhttps:\/\/devtntatelier.com\/jeremy\/wp-content\/uploads\/2021\/05\/kastelet_notre_histoire_nb.jpg\u00a0\u00bb title_text=\u00a0\u00bbkastelet_notre_histoire_nb\u00a0\u00bb _builder_version=\u00a0\u00bb4.9.4&Prime; _module_preset=\u00a0\u00bbdefault\u00a0\u00bb][\/et_pb_image][\/et_pb_column][\/et_pb_row][et_pb_row _builder_version=\u00a0\u00bb4.9.4&Prime; _module_preset=\u00a0\u00bbdefault\u00a0\u00bb][et_pb_column type=\u00a0\u00bb4_4&Prime; _builder_version=\u00a0\u00bb4.9.4&Prime; _module_preset=\u00a0\u00bbdefault\u00a0\u00bb][et_pb_text _builder_version=\u00a0\u00bb4.9.4&Prime; _module_preset=\u00a0\u00bbdefault\u00a0\u00bb]<p><span style=\"color: #0c0c0c;\">Pour le mot de la fin, Marie-Pier tenait \u00e0 exprimer la gratitude qui l\u2019habite, particuli\u00e8rement depuis les derniers mois :\u00a0<\/span><\/p>[\/et_pb_text][et_pb_testimonial _builder_version=\u00a0\u00bb4.9.4&Prime; _module_preset=\u00a0\u00bbdefault\u00a0\u00bb background_color=\u00a0\u00bb#000000&Prime; custom_margin=\u00a0\u00bb-10px|||||\u00a0\u00bb]<p><span style=\"color: #ffffff;\">\u00ab <em>Je remercie la client\u00e8le qui est au rendez-vous chaque jour et qui nous donne \u00e9norm\u00e9ment de carburant pour continuer malgr\u00e9 les emb\u00fbches de la pand\u00e9mie. Nous n\u2019avons pas la pr\u00e9tention d\u2019\u00e9galer le m\u00eame r\u00e9confort que peut procurer une bonne bouffe de maman, mais avec tout l\u2019amour et l\u2019authenticit\u00e9 que nous mettons dans la r\u00e9alisation de nos plats, nous esp\u00e9rons laisser le m\u00eame genre de souvenir dans les assiettes et le c\u0153ur des gens. \u00bb, Marie-Pier Martel.<\/em><\/span><\/p>[\/et_pb_testimonial][\/et_pb_column][\/et_pb_row][\/et_pb_section]\n\n","protected":false},"excerpt":{"rendered":"<p>Le restaurant Le Kastelet, un succ\u00e8s d\u2019\u00e9quipe!La r\u00e9putation du restaurant-bar Le Kastelet de Girardville\u00a0 n\u2019est plus \u00e0 faire au Lac-St-Jean! Ce v\u00e9ritable lieu de rassemblement unit l\u2019ensemble des r\u00e9sidents du [&hellip;]<\/p>\n","protected":false},"author":14,"featured_media":1549,"comment_status":"closed","ping_status":"closed","sticky":false,"template":"","format":"standard","meta":{"_et_pb_use_builder":"on","_et_pb_old_content":"","_et_gb_content_width":"","_lmt_disableupdate":"","_lmt_disable":"","_price":"","_stock":"","_tribe_ticket_header":"","_tribe_default_ticket_provider":"","_tribe_ticket_capacity":"0","_ticket_start_date":"","_ticket_end_date":"","_tribe_ticket_show_description":"","_tribe_ticket_show_not_going":false,"_tribe_ticket_use_global_stock":"","_tribe_ticket_global_stock_level":"","_global_stock_mode":"","_global_stock_cap":"","_tribe_rsvp_for_event":"","_tribe_ticket_going_count":"","_tribe_ticket_not_going_count":"","_tribe_tickets_list":"[]","_tribe_ticket_has_attendee_info_fields":false,"footnotes":""},"categories":[8,1],"tags":[87],"class_list":["post-751","post","type-post","status-publish","format-standard","has-post-thumbnail","hentry","category-entreprises-d-ici","category-articles-achat-local-extra-maria","tag-restaurant"],"yoast_head":"<!-- This site is optimized with the Yoast SEO Premium plugin v25.9 (Yoast SEO v28.4) - https:\/\/yoast.com\/product\/yoast-seo-premium-wordpress\/ -->\n<title>Restaurant Le Kastelet, un succ\u00e8s d&#039;\u00e9quipe! - Extra Maria<\/title>\n<meta name=\"robots\" content=\"index, follow, max-snippet:-1, max-image-preview:large, max-video-preview:-1\" \/>\n<link rel=\"canonical\" href=\"https:\/\/devtntatelier.com\/jeremy\/restaurant-le-kastelet-succes-equipe\/\" \/>\n<meta property=\"og:locale\" content=\"fr_FR\" \/>\n<meta property=\"og:type\" content=\"article\" \/>\n<meta property=\"og:title\" content=\"Restaurant Le Kastelet, un succ\u00e8s d&#039;\u00e9quipe!\" \/>\n<meta property=\"og:url\" content=\"https:\/\/devtntatelier.com\/jeremy\/restaurant-le-kastelet-succes-equipe\/\" \/>\n<meta property=\"og:site_name\" content=\"Extra Maria\" \/>\n<meta property=\"article:published_time\" content=\"2021-05-03T12:24:21+00:00\" \/>\n<meta property=\"article:modified_time\" content=\"2021-10-14T12:36:35+00:00\" \/>\n<meta property=\"og:image\" content=\"https:\/\/devtntatelier.com\/jeremy\/wp-content\/uploads\/2021\/05\/restaurant-le-kastelet-marie-pier-eric.jpg\" \/>\n\t<meta property=\"og:image:width\" content=\"1200\" \/>\n\t<meta property=\"og:image:height\" content=\"630\" \/>\n\t<meta property=\"og:image:type\" content=\"image\/jpeg\" \/>\n<meta name=\"author\" content=\"Marie-Pier Gilbert-Painchaud\" \/>\n<meta name=\"twitter:card\" content=\"summary_large_image\" \/>\n<meta name=\"twitter:label1\" content=\"\u00c9crit par\" \/>\n\t<meta name=\"twitter:data1\" content=\"Marie-Pier Gilbert-Painchaud\" \/>\n\t<meta name=\"twitter:label2\" content=\"Dur\u00e9e de lecture estim\u00e9e\" \/>\n\t<meta name=\"twitter:data2\" content=\"3 minutes\" \/>\n<script type=\"application\/ld+json\" class=\"yoast-schema-graph\">{\"@context\":\"https:\\\/\\\/schema.org\",\"@graph\":[{\"@type\":\"Article\",\"@id\":\"https:\\\/\\\/devtntatelier.com\\\/jeremy\\\/restaurant-le-kastelet-succes-equipe\\\/#article\",\"isPartOf\":{\"@id\":\"https:\\\/\\\/devtntatelier.com\\\/jeremy\\\/restaurant-le-kastelet-succes-equipe\\\/\"},\"author\":{\"name\":\"Marie-Pier Gilbert-Painchaud\",\"@id\":\"https:\\\/\\\/devtntatelier.com\\\/jeremy\\\/#\\\/schema\\\/person\\\/a75d9454b4b934d8e56995ad029a4767\"},\"headline\":\"Restaurant Le Kastelet, un succ\u00e8s d&rsquo;\u00e9quipe!\",\"datePublished\":\"2021-05-03T12:24:21+00:00\",\"dateModified\":\"2021-10-14T12:36:35+00:00\",\"mainEntityOfPage\":{\"@id\":\"https:\\\/\\\/devtntatelier.com\\\/jeremy\\\/restaurant-le-kastelet-succes-equipe\\\/\"},\"wordCount\":1224,\"image\":{\"@id\":\"https:\\\/\\\/devtntatelier.com\\\/jeremy\\\/restaurant-le-kastelet-succes-equipe\\\/#primaryimage\"},\"thumbnailUrl\":\"https:\\\/\\\/devtntatelier.com\\\/jeremy\\\/wp-content\\\/uploads\\\/2021\\\/05\\\/restaurant-le-kastelet-marie-pier-eric-2.jpg\",\"keywords\":[\"Restaurant\"],\"articleSection\":[\"Entreprises d'ici\",\"Tous les articles\"],\"inLanguage\":\"fr-FR\"},{\"@type\":\"WebPage\",\"@id\":\"https:\\\/\\\/devtntatelier.com\\\/jeremy\\\/restaurant-le-kastelet-succes-equipe\\\/\",\"url\":\"https:\\\/\\\/devtntatelier.com\\\/jeremy\\\/restaurant-le-kastelet-succes-equipe\\\/\",\"name\":\"Restaurant Le Kastelet, un succ\u00e8s d'\u00e9quipe! - Extra Maria\",\"isPartOf\":{\"@id\":\"https:\\\/\\\/devtntatelier.com\\\/jeremy\\\/#website\"},\"primaryImageOfPage\":{\"@id\":\"https:\\\/\\\/devtntatelier.com\\\/jeremy\\\/restaurant-le-kastelet-succes-equipe\\\/#primaryimage\"},\"image\":{\"@id\":\"https:\\\/\\\/devtntatelier.com\\\/jeremy\\\/restaurant-le-kastelet-succes-equipe\\\/#primaryimage\"},\"thumbnailUrl\":\"https:\\\/\\\/devtntatelier.com\\\/jeremy\\\/wp-content\\\/uploads\\\/2021\\\/05\\\/restaurant-le-kastelet-marie-pier-eric-2.jpg\",\"datePublished\":\"2021-05-03T12:24:21+00:00\",\"dateModified\":\"2021-10-14T12:36:35+00:00\",\"author\":{\"@id\":\"https:\\\/\\\/devtntatelier.com\\\/jeremy\\\/#\\\/schema\\\/person\\\/a75d9454b4b934d8e56995ad029a4767\"},\"breadcrumb\":{\"@id\":\"https:\\\/\\\/devtntatelier.com\\\/jeremy\\\/restaurant-le-kastelet-succes-equipe\\\/#breadcrumb\"},\"inLanguage\":\"fr-FR\",\"potentialAction\":[{\"@type\":\"ReadAction\",\"target\":[\"https:\\\/\\\/devtntatelier.com\\\/jeremy\\\/restaurant-le-kastelet-succes-equipe\\\/\"]}]},{\"@type\":\"ImageObject\",\"inLanguage\":\"fr-FR\",\"@id\":\"https:\\\/\\\/devtntatelier.com\\\/jeremy\\\/restaurant-le-kastelet-succes-equipe\\\/#primaryimage\",\"url\":\"https:\\\/\\\/devtntatelier.com\\\/jeremy\\\/wp-content\\\/uploads\\\/2021\\\/05\\\/restaurant-le-kastelet-marie-pier-eric-2.jpg\",\"contentUrl\":\"https:\\\/\\\/devtntatelier.com\\\/jeremy\\\/wp-content\\\/uploads\\\/2021\\\/05\\\/restaurant-le-kastelet-marie-pier-eric-2.jpg\",\"width\":1200,\"height\":630,\"caption\":\"restaurant-le-kastelet-marie-pier-eric-2\"},{\"@type\":\"BreadcrumbList\",\"@id\":\"https:\\\/\\\/devtntatelier.com\\\/jeremy\\\/restaurant-le-kastelet-succes-equipe\\\/#breadcrumb\",\"itemListElement\":[{\"@type\":\"ListItem\",\"position\":1,\"name\":\"Accueil\",\"item\":\"https:\\\/\\\/devtntatelier.com\\\/jeremy\\\/\"},{\"@type\":\"ListItem\",\"position\":2,\"name\":\"Restaurant Le Kastelet, un succ\u00e8s d&#8217;\u00e9quipe!\"}]},{\"@type\":\"WebSite\",\"@id\":\"https:\\\/\\\/devtntatelier.com\\\/jeremy\\\/#website\",\"url\":\"https:\\\/\\\/devtntatelier.com\\\/jeremy\\\/\",\"name\":\"Extra Maria\",\"description\":\"Blogue - D\u00e9couvertes locales et achat local\",\"potentialAction\":[{\"@type\":\"SearchAction\",\"target\":{\"@type\":\"EntryPoint\",\"urlTemplate\":\"https:\\\/\\\/devtntatelier.com\\\/jeremy\\\/?s={search_term_string}\"},\"query-input\":{\"@type\":\"PropertyValueSpecification\",\"valueRequired\":true,\"valueName\":\"search_term_string\"}}],\"inLanguage\":\"fr-FR\"},{\"@type\":\"Person\",\"@id\":\"https:\\\/\\\/devtntatelier.com\\\/jeremy\\\/#\\\/schema\\\/person\\\/a75d9454b4b934d8e56995ad029a4767\",\"name\":\"Marie-Pier Gilbert-Painchaud\",\"image\":{\"@type\":\"ImageObject\",\"inLanguage\":\"fr-FR\",\"@id\":\"https:\\\/\\\/secure.gravatar.com\\\/avatar\\\/fe27e9f9062ed941d749818bec6e48f7c40c15e42f29a9285ecb77138c8113b5?s=96&d=mm&r=g\",\"url\":\"https:\\\/\\\/secure.gravatar.com\\\/avatar\\\/fe27e9f9062ed941d749818bec6e48f7c40c15e42f29a9285ecb77138c8113b5?s=96&d=mm&r=g\",\"contentUrl\":\"https:\\\/\\\/secure.gravatar.com\\\/avatar\\\/fe27e9f9062ed941d749818bec6e48f7c40c15e42f29a9285ecb77138c8113b5?s=96&d=mm&r=g\",\"caption\":\"Marie-Pier Gilbert-Painchaud\"},\"description\":\"Originaire de Normandin et passionn\u00e9e par la lecture, les voyages, la musique, les m\u00e9dias sociaux et le caf\u00e9, je suis une femme de d\u00e9fis aux multiples talents. Intervenante sociale de formation, j\u2019ai, depuis toujours, un int\u00e9r\u00eat marqu\u00e9 pour l\u2019\u00e9criture. Gr\u00e2ce \u00e0 ma plume unique et singuli\u00e8re, j\u2019ai su trouver ma place, au fil des ann\u00e9es, dans le merveilleux monde de l\u2019entrepreneuriat. Je travaille maintenant \u00e0 mon compte \u00e0 Flori.\",\"url\":\"https:\\\/\\\/devtntatelier.com\\\/jeremy\\\/author\\\/extramariepiergmail-com\\\/\"}]}<\/script>\n<!-- \/ Yoast SEO Premium plugin. -->","yoast_head_json":{"title":"Restaurant Le Kastelet, un succ\u00e8s d'\u00e9quipe! - Extra Maria","robots":{"index":"index","follow":"follow","max-snippet":"max-snippet:-1","max-image-preview":"max-image-preview:large","max-video-preview":"max-video-preview:-1"},"canonical":"https:\/\/devtntatelier.com\/jeremy\/restaurant-le-kastelet-succes-equipe\/","og_locale":"fr_FR","og_type":"article","og_title":"Restaurant Le Kastelet, un succ\u00e8s d'\u00e9quipe!","og_url":"https:\/\/devtntatelier.com\/jeremy\/restaurant-le-kastelet-succes-equipe\/","og_site_name":"Extra Maria","article_published_time":"2021-05-03T12:24:21+00:00","article_modified_time":"2021-10-14T12:36:35+00:00","og_image":[{"width":1200,"height":630,"url":"https:\/\/devtntatelier.com\/jeremy\/wp-content\/uploads\/2021\/05\/restaurant-le-kastelet-marie-pier-eric.jpg","type":"image\/jpeg"}],"author":"Marie-Pier Gilbert-Painchaud","twitter_card":"summary_large_image","twitter_misc":{"\u00c9crit par":"Marie-Pier Gilbert-Painchaud","Dur\u00e9e de lecture estim\u00e9e":"3 minutes"},"schema":{"@context":"https:\/\/schema.org","@graph":[{"@type":"Article","@id":"https:\/\/devtntatelier.com\/jeremy\/restaurant-le-kastelet-succes-equipe\/#article","isPartOf":{"@id":"https:\/\/devtntatelier.com\/jeremy\/restaurant-le-kastelet-succes-equipe\/"},"author":{"name":"Marie-Pier Gilbert-Painchaud","@id":"https:\/\/devtntatelier.com\/jeremy\/#\/schema\/person\/a75d9454b4b934d8e56995ad029a4767"},"headline":"Restaurant Le Kastelet, un succ\u00e8s d&rsquo;\u00e9quipe!","datePublished":"2021-05-03T12:24:21+00:00","dateModified":"2021-10-14T12:36:35+00:00","mainEntityOfPage":{"@id":"https:\/\/devtntatelier.com\/jeremy\/restaurant-le-kastelet-succes-equipe\/"},"wordCount":1224,"image":{"@id":"https:\/\/devtntatelier.com\/jeremy\/restaurant-le-kastelet-succes-equipe\/#primaryimage"},"thumbnailUrl":"https:\/\/devtntatelier.com\/jeremy\/wp-content\/uploads\/2021\/05\/restaurant-le-kastelet-marie-pier-eric-2.jpg","keywords":["Restaurant"],"articleSection":["Entreprises d'ici","Tous les articles"],"inLanguage":"fr-FR"},{"@type":"WebPage","@id":"https:\/\/devtntatelier.com\/jeremy\/restaurant-le-kastelet-succes-equipe\/","url":"https:\/\/devtntatelier.com\/jeremy\/restaurant-le-kastelet-succes-equipe\/","name":"Restaurant Le Kastelet, un succ\u00e8s d'\u00e9quipe! - Extra Maria","isPartOf":{"@id":"https:\/\/devtntatelier.com\/jeremy\/#website"},"primaryImageOfPage":{"@id":"https:\/\/devtntatelier.com\/jeremy\/restaurant-le-kastelet-succes-equipe\/#primaryimage"},"image":{"@id":"https:\/\/devtntatelier.com\/jeremy\/restaurant-le-kastelet-succes-equipe\/#primaryimage"},"thumbnailUrl":"https:\/\/devtntatelier.com\/jeremy\/wp-content\/uploads\/2021\/05\/restaurant-le-kastelet-marie-pier-eric-2.jpg","datePublished":"2021-05-03T12:24:21+00:00","dateModified":"2021-10-14T12:36:35+00:00","author":{"@id":"https:\/\/devtntatelier.com\/jeremy\/#\/schema\/person\/a75d9454b4b934d8e56995ad029a4767"},"breadcrumb":{"@id":"https:\/\/devtntatelier.com\/jeremy\/restaurant-le-kastelet-succes-equipe\/#breadcrumb"},"inLanguage":"fr-FR","potentialAction":[{"@type":"ReadAction","target":["https:\/\/devtntatelier.com\/jeremy\/restaurant-le-kastelet-succes-equipe\/"]}]},{"@type":"ImageObject","inLanguage":"fr-FR","@id":"https:\/\/devtntatelier.com\/jeremy\/restaurant-le-kastelet-succes-equipe\/#primaryimage","url":"https:\/\/devtntatelier.com\/jeremy\/wp-content\/uploads\/2021\/05\/restaurant-le-kastelet-marie-pier-eric-2.jpg","contentUrl":"https:\/\/devtntatelier.com\/jeremy\/wp-content\/uploads\/2021\/05\/restaurant-le-kastelet-marie-pier-eric-2.jpg","width":1200,"height":630,"caption":"restaurant-le-kastelet-marie-pier-eric-2"},{"@type":"BreadcrumbList","@id":"https:\/\/devtntatelier.com\/jeremy\/restaurant-le-kastelet-succes-equipe\/#breadcrumb","itemListElement":[{"@type":"ListItem","position":1,"name":"Accueil","item":"https:\/\/devtntatelier.com\/jeremy\/"},{"@type":"ListItem","position":2,"name":"Restaurant Le Kastelet, un succ\u00e8s d&#8217;\u00e9quipe!"}]},{"@type":"WebSite","@id":"https:\/\/devtntatelier.com\/jeremy\/#website","url":"https:\/\/devtntatelier.com\/jeremy\/","name":"Extra Maria","description":"Blogue - D\u00e9couvertes locales et achat local","potentialAction":[{"@type":"SearchAction","target":{"@type":"EntryPoint","urlTemplate":"https:\/\/devtntatelier.com\/jeremy\/?s={search_term_string}"},"query-input":{"@type":"PropertyValueSpecification","valueRequired":true,"valueName":"search_term_string"}}],"inLanguage":"fr-FR"},{"@type":"Person","@id":"https:\/\/devtntatelier.com\/jeremy\/#\/schema\/person\/a75d9454b4b934d8e56995ad029a4767","name":"Marie-Pier Gilbert-Painchaud","image":{"@type":"ImageObject","inLanguage":"fr-FR","@id":"https:\/\/secure.gravatar.com\/avatar\/fe27e9f9062ed941d749818bec6e48f7c40c15e42f29a9285ecb77138c8113b5?s=96&d=mm&r=g","url":"https:\/\/secure.gravatar.com\/avatar\/fe27e9f9062ed941d749818bec6e48f7c40c15e42f29a9285ecb77138c8113b5?s=96&d=mm&r=g","contentUrl":"https:\/\/secure.gravatar.com\/avatar\/fe27e9f9062ed941d749818bec6e48f7c40c15e42f29a9285ecb77138c8113b5?s=96&d=mm&r=g","caption":"Marie-Pier Gilbert-Painchaud"},"description":"Originaire de Normandin et passionn\u00e9e par la lecture, les voyages, la musique, les m\u00e9dias sociaux et le caf\u00e9, je suis une femme de d\u00e9fis aux multiples talents. Intervenante sociale de formation, j\u2019ai, depuis toujours, un int\u00e9r\u00eat marqu\u00e9 pour l\u2019\u00e9criture. Gr\u00e2ce \u00e0 ma plume unique et singuli\u00e8re, j\u2019ai su trouver ma place, au fil des ann\u00e9es, dans le merveilleux monde de l\u2019entrepreneuriat. Je travaille maintenant \u00e0 mon compte \u00e0 Flori.","url":"https:\/\/devtntatelier.com\/jeremy\/author\/extramariepiergmail-com\/"}]}},"modified_by":"Am\u00e9lia Fromage","_links":{"self":[{"href":"https:\/\/devtntatelier.com\/jeremy\/wp-json\/wp\/v2\/posts\/751","targetHints":{"allow":["GET"]}}],"collection":[{"href":"https:\/\/devtntatelier.com\/jeremy\/wp-json\/wp\/v2\/posts"}],"about":[{"href":"https:\/\/devtntatelier.com\/jeremy\/wp-json\/wp\/v2\/types\/post"}],"author":[{"embeddable":true,"href":"https:\/\/devtntatelier.com\/jeremy\/wp-json\/wp\/v2\/users\/14"}],"replies":[{"embeddable":true,"href":"https:\/\/devtntatelier.com\/jeremy\/wp-json\/wp\/v2\/comments?post=751"}],"version-history":[{"count":0,"href":"https:\/\/devtntatelier.com\/jeremy\/wp-json\/wp\/v2\/posts\/751\/revisions"}],"wp:featuredmedia":[{"embeddable":true,"href":"https:\/\/devtntatelier.com\/jeremy\/wp-json\/wp\/v2\/media\/1549"}],"wp:attachment":[{"href":"https:\/\/devtntatelier.com\/jeremy\/wp-json\/wp\/v2\/media?parent=751"}],"wp:term":[{"taxonomy":"category","embeddable":true,"href":"https:\/\/devtntatelier.com\/jeremy\/wp-json\/wp\/v2\/categories?post=751"},{"taxonomy":"post_tag","embeddable":true,"href":"https:\/\/devtntatelier.com\/jeremy\/wp-json\/wp\/v2\/tags?post=751"}],"curies":[{"name":"wp","href":"https:\/\/api.w.org\/{rel}","templated":true}]}}