{"id":7269,"date":"2024-10-10T12:30:00","date_gmt":"2024-10-10T16:30:00","guid":{"rendered":"https:\/\/devtntatelier.com\/jeremy\/?p=7269"},"modified":"2024-10-10T15:22:18","modified_gmt":"2024-10-10T19:22:18","slug":"miel-picard-les-abeilles-une-tradition-familiale","status":"publish","type":"post","link":"https:\/\/devtntatelier.com\/jeremy\/miel-picard-les-abeilles-une-tradition-familiale\/","title":{"rendered":"Miel Picard : Les abeilles, une tradition familiale"},"content":{"rendered":"\n[et_pb_section fb_built=\u00a0\u00bb1&Prime; _builder_version=\u00a0\u00bb4.27.0&Prime; _module_preset=\u00a0\u00bbdefault\u00a0\u00bb global_colors_info=\u00a0\u00bb{}\u00a0\u00bb][et_pb_row _builder_version=\u00a0\u00bb4.27.0&Prime; _module_preset=\u00a0\u00bbdefault\u00a0\u00bb global_colors_info=\u00a0\u00bb{}\u00a0\u00bb][et_pb_column type=\u00a0\u00bb4_4&Prime; _builder_version=\u00a0\u00bb4.27.0&Prime; _module_preset=\u00a0\u00bbdefault\u00a0\u00bb global_colors_info=\u00a0\u00bb{}\u00a0\u00bb][et_pb_text _builder_version=\u00a0\u00bb4.27.2&Prime; _module_preset=\u00a0\u00bbdefault\u00a0\u00bb hover_enabled=\u00a0\u00bb0&Prime; inline_fonts=\u00a0\u00bbPoppins\u00a0\u00bb global_colors_info=\u00a0\u00bb{}\u00a0\u00bb sticky_enabled=\u00a0\u00bb0&Prime;]<h2 style=\"text-align: center;\"><span style=\"font-family: Poppins; font-weight: normal;\"><strong><\/strong><\/span><\/h2>\n<h1 style=\"text-align: center;\"><span style=\"font-family: Poppins; font-weight: normal; font-size: xx-large;\"><strong>LES ABEILLES AU COEUR DE L&rsquo;ENTREPRISE<\/strong><\/span><\/h1>\n<p><span style=\"font-family: Poppins; font-weight: normal;\"><strong><\/strong><\/span><\/p>\n<p style=\"text-align: center;\"><span style=\"font-size: large;\"><em><span style=\"font-family: Poppins; font-weight: normal;\">Utilis\u00e9 depuis l\u2019antiquit\u00e9, le miel est consomm\u00e9 pour ces diverses vertus partout \u00e0 travers la plan\u00e8te. Dans Maria-Chapdelaine, nous avons quelques producteurs de miel. Mais connaissons-nous le travail n\u00e9cessaire pour produire cet aliment ? Chantale Picard, propri\u00e9taire de Miel Picard, nous en apprend plus sur les \u00ab\u00a0coulisses\u00a0\u00bb du miel\u2026<\/span><\/em><\/span><\/p>\n<p style=\"text-align: justify;\"><span style=\"font-size: x-large;\"><span style=\"font-family: Poppins; font-weight: normal;\"><strong>EXT<\/strong><\/span><span style=\"font-family: Poppins; font-weight: normal;\"><strong>RA MARIA : PARLEZ-MOI DE MIEL PICARD&#8230;<\/strong><\/span><\/span><\/p>\n<p style=\"text-align: justify;\"><span style=\"font-size: large;\"><strong style=\"font-family: Poppins; background-color: transparent;\">Chantale\u00a0:<\/strong><span style=\"font-family: Poppins; font-weight: normal; background-color: transparent;\"> Miel Picard, c\u2019est une entreprise familiale. Je suis la quatri\u00e8me g\u00e9n\u00e9ration d\u2019apicultrice de la famille. Nous avons vraiment une vision familiale, d\u2019entraide et de partage. Nous produisons du miel, mais nous rendons aussi service aux agriculteurs gr\u00e2ce \u00e0 la pollinisation. Souvent, nous remercions le producteur avec un peu de miel. Nous couvrons le secteur de Normandin, Albanel, Saint-Thomas-Dydime et Saint-M\u00e9thode.<\/span><\/span><\/p>\n<p style=\"text-align: justify;\"><span style=\"font-family: Poppins; font-weight: normal; font-size: large;\">En apiculture, certains produisent du miel, mais d\u2019autres produisent des reines, d\u2019autres font de la pollinisation, etc. Nous nous concentrons surtout sur le miel, donc nous avons beaucoup de colonies. IL faut se dire qu\u2019une abeille va produire environ une demi-cuill\u00e9r\u00e9e de miel dans sa vie, donc il nous faut beaucoup d\u2019abeilles pour une r\u00e9colte, surtout qu\u2019il faut en garder pour les colonies puisque c\u2019est leur nourriture. Ensuite, nous dispersons les ruches sur le territoire et nous r\u00e9coltons le miel. Aussi, \u00e0 certains moments de l\u2019ann\u00e9e, nous concentrons les ruches dans certaines productions, par exemple dans les bleueti\u00e8res, pour produire du miel de bleueti\u00e8re. De cette fa\u00e7on, nous nous assurons que les abeilles vont principalement butiner les fleurs de bleuet, m\u00eame si les abeilles peuvent parcourir plusieurs kilom\u00e8tres pour butiner et qu\u2019elles iront voir d\u2019autres fleurs.<\/span><\/p>\n<p style=\"text-align: justify;\"><span style=\"font-family: Poppins; font-weight: normal; font-size: large;\">C\u2019est d\u2019ailleurs ce qui rend compliqu\u00e9 d\u2019avoir une certification biologique. Nous aimerions bien l\u2019avoir, mais il faut un rayon de champs cultiv\u00e9s de mani\u00e8re biologique dans un rayon de 3 kilom\u00e8tres autour de la ruche, ce qui est presque impossible dans le secteur.<\/span><\/p>\n<p style=\"text-align: justify;\"><span style=\"font-size: x-large;\"><strong><span style=\"font-family: Poppins;\">EXTRA MARIA : D&rsquo;O\u00d9 VOUS EST VENUE VOTRE ID\u00c9E D&rsquo;ENTREPRISE?<\/span><\/strong><\/span><\/p>\n<p style=\"text-align: justify;\"><span style=\"font-family: Poppins; font-weight: normal; font-size: large;\"><strong>Chantale\u00a0:<\/strong> C\u2019est surtout mon grand-p\u00e8re et mes oncles qui ont d\u00e9velopp\u00e9 l\u2019entreprise. \u00c0 l\u2019\u00e9poque, il vendait du miel de porte en porte, puis ils ont r\u00e9ussi \u00e0 entrer dans les \u00e9piceries du coin. \u00c0 l\u2019\u00e9poque, nous avions aussi une production laiti\u00e8re, mais aux alentours des ann\u00e9es 1980, nous avons reconverti l\u2019\u00e9table en miellerie. Maintenant, on vend notre miel un peu partout dans la r\u00e9gion. Nous avons environ 600 ruches et nous produisons aux alentours de 60 000 livres de miel chaque ann\u00e9e. Depuis un an, nous avons une boutique en ligne \u00e9galement, r\u00e9alis\u00e9e avec la SADC. C\u2019est vraiment important pour moi de continuer l\u2019entreprise familiale, en ce moment nous ne sommes que trois (tous des membres de la famille), mais j\u2019initie ma ni\u00e8ce \u00e0 l\u2019apiculture. M\u00eame si elle trouve qu\u2019il fait chaud dans la combinaison, elle a l\u2019air d\u2019aimer \u00e7a haha ! Donc ma motivation, c\u2019est vraiment de garder l\u2019entreprise vivante, malgr\u00e9 les hauts et les bas.<\/span><\/p>\n<p style=\"text-align: justify;\"><span style=\"font-size: x-large;\"><strong><span style=\"font-family: Poppins;\">EXTRA MARIA : C&rsquo;EST COMMENT, TRAVAILLER AVEC LES ABEILLES?<\/span><\/strong><\/span><\/p>\n<p style=\"text-align: justify;\"><span style=\"font-family: Poppins; font-weight: normal; font-size: large;\"><strong>Chantale\u00a0:<\/strong> En apiculture comme en agriculture, nous sommes d\u00e9pendants de divers facteurs, comme la m\u00e9t\u00e9o. On ne peut pas contr\u00f4ler non plus le nombre de fleurs, donc nous sommes oblig\u00e9s de prendre ce qu\u2019il y a. En g\u00e9n\u00e9ral, le matin nous pr\u00e9parons le mat\u00e9riel et l\u2019apr\u00e8s-midi nous allons voir les ruches, r\u00e9colter le miel, etc. Juillet est le meilleur moment pour la r\u00e9colte puisqu\u2019apr\u00e8s cela, il y a beaucoup moins de fleurs. Pour produire le miel, une abeille r\u00e9colte du nectar dans un organe que l\u2019on appelle un jabot. \u00c0 l\u2019int\u00e9rieur du jabot, il y a des enzymes qui permettent de conserver ce nectar. Ensuite, les abeilles ram\u00e8nent cela \u00e0 la ruche et l\u2019\u00e9vaporent avec des battements d\u2019ailes. C\u2019est donc beaucoup de travail pour une abeille ! En plus, il faut qu\u2019elles puissent hiberner. En hiver, nous perdons toujours un peu de nos colonies.<\/span><\/p>\n<p style=\"text-align: justify;\"><span style=\"font-family: Poppins; font-weight: normal; font-size: x-large;\"><strong>EXTRA MARIA : QUELS SONT VOS PRODUITS?<\/strong><\/span><\/p>\n<p style=\"text-align: justify;\"><span style=\"font-family: Poppins; font-weight: normal; font-size: large;\"><strong>Chantale\u00a0:<\/strong> Nous faisons surtout du miel liquide de bleueti\u00e8re et de sarrasin, et un peu de miel en rayon durant l\u2019\u00e9t\u00e9. Nous transformons aussi, depuis peu, la cire d\u2019abeille pour en faire des bougies. Nous avons aussi du miel cr\u00e9meux, qui est un miel fouett\u00e9, brass\u00e9, pour lui donner une texture comparable \u00e0 du beurre d\u2019\u00e9rable.<\/span><\/p>\n<p style=\"text-align: justify;\"><span style=\"font-size: x-large;\"><strong><span style=\"font-family: Poppins;\">EXTRA MARIA : COMMENT PEUT-ON AVOIR ACC\u00c8S \u00c0 VOS PRODUITS?<\/span><\/strong><\/span><\/p>\n<p style=\"text-align: justify;\"><span style=\"font-family: Poppins; font-weight: normal; font-size: large;\"><strong>Chantale\u00a0:<\/strong> On peut retrouver nos produits dans les IGA, les Intermarch\u00e9s et les Metro de la r\u00e9gion. Quelques boutiques de produits locaux et certains d\u00e9panneurs ont \u00e9galement de notre miel. <a href=\"https:\/\/mielpicard.com\/\">La boutique en ligne<\/a> permet de localiser facilement les d\u00e9taillants qui ont nos produits. Sur rendez-vous, les gens peuvent aussi passer directement \u00e0 la miellerie. La meilleure fa\u00e7on de nous rejoindre est par la page Facebook (<a href=\"https:\/\/www.facebook.com\/mielpicard\">Miel Picard<\/a>).<\/span><\/p>\n<p style=\"text-align: justify;\"><span style=\"font-family: Poppins; font-weight: normal; font-size: large;\"><\/span><\/p>\n<p style=\"text-align: justify;\"><span style=\"font-family: Poppins; font-weight: normal; font-size: large;\">\u00a0 \u00a0 \u00a0 \u00a0 \u00a0 \u00a0 \u00a0 \u00a0 \u00a0 \u00a0 \u00a0 \u00a0 \u00a0 \u00a0 \u00a0 \u00a0 \u00a0 \u00a0 \u00a0 \u00a0 \u00a0 \u00a0 \u00a0 \u00a0 \u00a0 \u00a0 \u00a0 \u00a0 \u00a0 \u00a0 \u00a0 \u00a0 \u00a0 \u00a0 \u00a0 \u00a0 \u00a0 \u00a0 \u00a0 \u00a0 \u00a0 \u00a0 \u00a0 \u00a0 \u00a0 \u00a0 \u00a0 \u00a0 \u00a0 \u00a0 \u00a0 \u00a0 \u00a0 \u00a0 \u00a0 \u00a0 \u00a0 \u00a0 \u00a0 \u00a0 \u00a0 \u00a0 \u00a0 \u00a0 \u00a0 \u00a0 \u00a0 \u00a0 \u00a0 \u00a0 \u00a0 \u00a0 <img loading=\"lazy\" decoding=\"async\" src=\"https:\/\/devtntatelier.com\/jeremy\/wp-content\/uploads\/2024\/10\/Abeille-227x300.png\" width=\"265\" height=\"350\" alt=\"\" class=\"wp-image-7374 alignnone size-medium\" srcset=\"https:\/\/devtntatelier.com\/jeremy\/wp-content\/uploads\/2024\/10\/Abeille-227x300.png 227w, https:\/\/devtntatelier.com\/jeremy\/wp-content\/uploads\/2024\/10\/Abeille.png 295w\" sizes=\"(max-width: 265px) 100vw, 265px\" \/><\/span><\/p>\n<p style=\"text-align: justify;\"><span style=\"font-family: Poppins; font-weight: normal; font-size: large;\"><\/span><\/p>\n<p style=\"text-align: justify;\"><span style=\"font-family: Poppins; font-weight: normal; font-size: large;\">\u00a0<\/span><\/p>[\/et_pb_text][\/et_pb_column][\/et_pb_row][\/et_pb_section]\n","protected":false},"excerpt":{"rendered":"<p>LES ABEILLES AU COEUR DE L&rsquo;ENTREPRISE Utilis\u00e9 depuis l\u2019antiquit\u00e9, le miel est consomm\u00e9 pour ces diverses vertus partout \u00e0 travers la plan\u00e8te. Dans Maria-Chapdelaine, nous avons quelques producteurs de miel. [&hellip;]<\/p>\n","protected":false},"author":29,"featured_media":7373,"comment_status":"open","ping_status":"open","sticky":false,"template":"","format":"standard","meta":{"_et_pb_use_builder":"on","_et_pb_old_content":"","_et_gb_content_width":"","_lmt_disableupdate":"","_lmt_disable":"","_price":"","_stock":"","_tribe_ticket_header":"","_tribe_default_ticket_provider":"","_tribe_ticket_capacity":"0","_ticket_start_date":"","_ticket_end_date":"","_tribe_ticket_show_description":"","_tribe_ticket_show_not_going":false,"_tribe_ticket_use_global_stock":"","_tribe_ticket_global_stock_level":"","_global_stock_mode":"","_global_stock_cap":"","_tribe_rsvp_for_event":"","_tribe_ticket_going_count":"","_tribe_ticket_not_going_count":"","_tribe_tickets_list":"[]","_tribe_ticket_has_attendee_info_fields":false,"footnotes":""},"categories":[188,1],"tags":[],"class_list":["post-7269","post","type-post","status-publish","format-standard","has-post-thumbnail","hentry","category-nos-producteurs","category-articles-achat-local-extra-maria"],"yoast_head":"<!-- This site is optimized with the Yoast SEO Premium plugin v25.9 (Yoast SEO v28.4) - https:\/\/yoast.com\/product\/yoast-seo-premium-wordpress\/ -->\n<title>Miel Picard : Les abeilles, une tradition familiale - Extra Maria<\/title>\n<meta name=\"description\" content=\"En apiculture, certains produisent du miel, mais d\u2019autres produisent des reines, d\u2019autres font de la pollinisation, etc.\" \/>\n<meta name=\"robots\" content=\"index, follow, max-snippet:-1, max-image-preview:large, max-video-preview:-1\" \/>\n<link rel=\"canonical\" href=\"https:\/\/devtntatelier.com\/jeremy\/miel-picard-les-abeilles-une-tradition-familiale\/\" \/>\n<meta property=\"og:locale\" content=\"fr_FR\" \/>\n<meta property=\"og:type\" content=\"article\" \/>\n<meta property=\"og:title\" content=\"Miel Picard : Les abeilles, une tradition familiale\" \/>\n<meta property=\"og:url\" content=\"https:\/\/devtntatelier.com\/jeremy\/miel-picard-les-abeilles-une-tradition-familiale\/\" \/>\n<meta property=\"og:site_name\" content=\"Extra Maria\" \/>\n<meta property=\"article:published_time\" content=\"2024-10-10T16:30:00+00:00\" \/>\n<meta property=\"article:modified_time\" content=\"2024-10-10T19:22:18+00:00\" \/>\n<meta property=\"og:image\" content=\"https:\/\/devtntatelier.com\/jeremy\/wp-content\/uploads\/2024\/10\/proprietaire.jpg\" \/>\n\t<meta property=\"og:image:width\" content=\"945\" \/>\n\t<meta property=\"og:image:height\" content=\"1253\" \/>\n\t<meta property=\"og:image:type\" content=\"image\/jpeg\" \/>\n<meta name=\"author\" content=\"Mika\u00ebl Scattolin\" \/>\n<meta name=\"twitter:card\" content=\"summary_large_image\" \/>\n<meta name=\"twitter:label1\" content=\"\u00c9crit par\" \/>\n\t<meta name=\"twitter:data1\" content=\"Mika\u00ebl Scattolin\" \/>\n\t<meta name=\"twitter:label2\" content=\"Dur\u00e9e de lecture estim\u00e9e\" \/>\n\t<meta name=\"twitter:data2\" content=\"5 minutes\" \/>\n<script type=\"application\/ld+json\" class=\"yoast-schema-graph\">{\"@context\":\"https:\\\/\\\/schema.org\",\"@graph\":[{\"@type\":\"Article\",\"@id\":\"https:\\\/\\\/devtntatelier.com\\\/jeremy\\\/miel-picard-les-abeilles-une-tradition-familiale\\\/#article\",\"isPartOf\":{\"@id\":\"https:\\\/\\\/devtntatelier.com\\\/jeremy\\\/miel-picard-les-abeilles-une-tradition-familiale\\\/\"},\"author\":{\"name\":\"Mika\u00ebl Scattolin\",\"@id\":\"https:\\\/\\\/devtntatelier.com\\\/jeremy\\\/#\\\/schema\\\/person\\\/abd71e9c37544a8d92f21512078f9923\"},\"headline\":\"Miel Picard : Les abeilles, une tradition familiale\",\"datePublished\":\"2024-10-10T16:30:00+00:00\",\"dateModified\":\"2024-10-10T19:22:18+00:00\",\"mainEntityOfPage\":{\"@id\":\"https:\\\/\\\/devtntatelier.com\\\/jeremy\\\/miel-picard-les-abeilles-une-tradition-familiale\\\/\"},\"wordCount\":916,\"commentCount\":0,\"image\":{\"@id\":\"https:\\\/\\\/devtntatelier.com\\\/jeremy\\\/miel-picard-les-abeilles-une-tradition-familiale\\\/#primaryimage\"},\"thumbnailUrl\":\"https:\\\/\\\/devtntatelier.com\\\/jeremy\\\/wp-content\\\/uploads\\\/2024\\\/10\\\/proprietaire.jpg\",\"articleSection\":[\"Nos producteurs locaux\",\"Tous les articles\"],\"inLanguage\":\"fr-FR\",\"potentialAction\":[{\"@type\":\"CommentAction\",\"name\":\"Comment\",\"target\":[\"https:\\\/\\\/devtntatelier.com\\\/jeremy\\\/miel-picard-les-abeilles-une-tradition-familiale\\\/#respond\"]}]},{\"@type\":\"WebPage\",\"@id\":\"https:\\\/\\\/devtntatelier.com\\\/jeremy\\\/miel-picard-les-abeilles-une-tradition-familiale\\\/\",\"url\":\"https:\\\/\\\/devtntatelier.com\\\/jeremy\\\/miel-picard-les-abeilles-une-tradition-familiale\\\/\",\"name\":\"Miel Picard : Les abeilles, une tradition familiale - Extra Maria\",\"isPartOf\":{\"@id\":\"https:\\\/\\\/devtntatelier.com\\\/jeremy\\\/#website\"},\"primaryImageOfPage\":{\"@id\":\"https:\\\/\\\/devtntatelier.com\\\/jeremy\\\/miel-picard-les-abeilles-une-tradition-familiale\\\/#primaryimage\"},\"image\":{\"@id\":\"https:\\\/\\\/devtntatelier.com\\\/jeremy\\\/miel-picard-les-abeilles-une-tradition-familiale\\\/#primaryimage\"},\"thumbnailUrl\":\"https:\\\/\\\/devtntatelier.com\\\/jeremy\\\/wp-content\\\/uploads\\\/2024\\\/10\\\/proprietaire.jpg\",\"datePublished\":\"2024-10-10T16:30:00+00:00\",\"dateModified\":\"2024-10-10T19:22:18+00:00\",\"author\":{\"@id\":\"https:\\\/\\\/devtntatelier.com\\\/jeremy\\\/#\\\/schema\\\/person\\\/abd71e9c37544a8d92f21512078f9923\"},\"description\":\"En apiculture, certains produisent du miel, mais d\u2019autres produisent des reines, d\u2019autres font de la pollinisation, etc.\",\"breadcrumb\":{\"@id\":\"https:\\\/\\\/devtntatelier.com\\\/jeremy\\\/miel-picard-les-abeilles-une-tradition-familiale\\\/#breadcrumb\"},\"inLanguage\":\"fr-FR\",\"potentialAction\":[{\"@type\":\"ReadAction\",\"target\":[\"https:\\\/\\\/devtntatelier.com\\\/jeremy\\\/miel-picard-les-abeilles-une-tradition-familiale\\\/\"]}]},{\"@type\":\"ImageObject\",\"inLanguage\":\"fr-FR\",\"@id\":\"https:\\\/\\\/devtntatelier.com\\\/jeremy\\\/miel-picard-les-abeilles-une-tradition-familiale\\\/#primaryimage\",\"url\":\"https:\\\/\\\/devtntatelier.com\\\/jeremy\\\/wp-content\\\/uploads\\\/2024\\\/10\\\/proprietaire.jpg\",\"contentUrl\":\"https:\\\/\\\/devtntatelier.com\\\/jeremy\\\/wp-content\\\/uploads\\\/2024\\\/10\\\/proprietaire.jpg\",\"width\":945,\"height\":1253},{\"@type\":\"BreadcrumbList\",\"@id\":\"https:\\\/\\\/devtntatelier.com\\\/jeremy\\\/miel-picard-les-abeilles-une-tradition-familiale\\\/#breadcrumb\",\"itemListElement\":[{\"@type\":\"ListItem\",\"position\":1,\"name\":\"Accueil\",\"item\":\"https:\\\/\\\/devtntatelier.com\\\/jeremy\\\/\"},{\"@type\":\"ListItem\",\"position\":2,\"name\":\"Miel Picard : Les abeilles, une tradition familiale\"}]},{\"@type\":\"WebSite\",\"@id\":\"https:\\\/\\\/devtntatelier.com\\\/jeremy\\\/#website\",\"url\":\"https:\\\/\\\/devtntatelier.com\\\/jeremy\\\/\",\"name\":\"Extra Maria\",\"description\":\"Blogue - D\u00e9couvertes locales et achat local\",\"potentialAction\":[{\"@type\":\"SearchAction\",\"target\":{\"@type\":\"EntryPoint\",\"urlTemplate\":\"https:\\\/\\\/devtntatelier.com\\\/jeremy\\\/?s={search_term_string}\"},\"query-input\":{\"@type\":\"PropertyValueSpecification\",\"valueRequired\":true,\"valueName\":\"search_term_string\"}}],\"inLanguage\":\"fr-FR\"},{\"@type\":\"Person\",\"@id\":\"https:\\\/\\\/devtntatelier.com\\\/jeremy\\\/#\\\/schema\\\/person\\\/abd71e9c37544a8d92f21512078f9923\",\"name\":\"Mika\u00ebl Scattolin\",\"image\":{\"@type\":\"ImageObject\",\"inLanguage\":\"fr-FR\",\"@id\":\"https:\\\/\\\/secure.gravatar.com\\\/avatar\\\/4961028860b89233b3020ec9c82221370227ca8ab48df0404f2327194cd0f82a?s=96&d=mm&r=g\",\"url\":\"https:\\\/\\\/secure.gravatar.com\\\/avatar\\\/4961028860b89233b3020ec9c82221370227ca8ab48df0404f2327194cd0f82a?s=96&d=mm&r=g\",\"contentUrl\":\"https:\\\/\\\/secure.gravatar.com\\\/avatar\\\/4961028860b89233b3020ec9c82221370227ca8ab48df0404f2327194cd0f82a?s=96&d=mm&r=g\",\"caption\":\"Mika\u00ebl Scattolin\"},\"url\":\"https:\\\/\\\/devtntatelier.com\\\/jeremy\\\/author\\\/mikael\\\/\"}]}<\/script>\n<!-- \/ Yoast SEO Premium plugin. -->","yoast_head_json":{"title":"Miel Picard : Les abeilles, une tradition familiale - Extra Maria","description":"En apiculture, certains produisent du miel, mais d\u2019autres produisent des reines, d\u2019autres font de la pollinisation, etc.","robots":{"index":"index","follow":"follow","max-snippet":"max-snippet:-1","max-image-preview":"max-image-preview:large","max-video-preview":"max-video-preview:-1"},"canonical":"https:\/\/devtntatelier.com\/jeremy\/miel-picard-les-abeilles-une-tradition-familiale\/","og_locale":"fr_FR","og_type":"article","og_title":"Miel Picard : Les abeilles, une tradition familiale","og_url":"https:\/\/devtntatelier.com\/jeremy\/miel-picard-les-abeilles-une-tradition-familiale\/","og_site_name":"Extra Maria","article_published_time":"2024-10-10T16:30:00+00:00","article_modified_time":"2024-10-10T19:22:18+00:00","og_image":[{"width":945,"height":1253,"url":"https:\/\/devtntatelier.com\/jeremy\/wp-content\/uploads\/2024\/10\/proprietaire.jpg","type":"image\/jpeg"}],"author":"Mika\u00ebl Scattolin","twitter_card":"summary_large_image","twitter_misc":{"\u00c9crit par":"Mika\u00ebl Scattolin","Dur\u00e9e de lecture estim\u00e9e":"5 minutes"},"schema":{"@context":"https:\/\/schema.org","@graph":[{"@type":"Article","@id":"https:\/\/devtntatelier.com\/jeremy\/miel-picard-les-abeilles-une-tradition-familiale\/#article","isPartOf":{"@id":"https:\/\/devtntatelier.com\/jeremy\/miel-picard-les-abeilles-une-tradition-familiale\/"},"author":{"name":"Mika\u00ebl Scattolin","@id":"https:\/\/devtntatelier.com\/jeremy\/#\/schema\/person\/abd71e9c37544a8d92f21512078f9923"},"headline":"Miel Picard : Les abeilles, une tradition familiale","datePublished":"2024-10-10T16:30:00+00:00","dateModified":"2024-10-10T19:22:18+00:00","mainEntityOfPage":{"@id":"https:\/\/devtntatelier.com\/jeremy\/miel-picard-les-abeilles-une-tradition-familiale\/"},"wordCount":916,"commentCount":0,"image":{"@id":"https:\/\/devtntatelier.com\/jeremy\/miel-picard-les-abeilles-une-tradition-familiale\/#primaryimage"},"thumbnailUrl":"https:\/\/devtntatelier.com\/jeremy\/wp-content\/uploads\/2024\/10\/proprietaire.jpg","articleSection":["Nos producteurs locaux","Tous les articles"],"inLanguage":"fr-FR","potentialAction":[{"@type":"CommentAction","name":"Comment","target":["https:\/\/devtntatelier.com\/jeremy\/miel-picard-les-abeilles-une-tradition-familiale\/#respond"]}]},{"@type":"WebPage","@id":"https:\/\/devtntatelier.com\/jeremy\/miel-picard-les-abeilles-une-tradition-familiale\/","url":"https:\/\/devtntatelier.com\/jeremy\/miel-picard-les-abeilles-une-tradition-familiale\/","name":"Miel Picard : Les abeilles, une tradition familiale - Extra Maria","isPartOf":{"@id":"https:\/\/devtntatelier.com\/jeremy\/#website"},"primaryImageOfPage":{"@id":"https:\/\/devtntatelier.com\/jeremy\/miel-picard-les-abeilles-une-tradition-familiale\/#primaryimage"},"image":{"@id":"https:\/\/devtntatelier.com\/jeremy\/miel-picard-les-abeilles-une-tradition-familiale\/#primaryimage"},"thumbnailUrl":"https:\/\/devtntatelier.com\/jeremy\/wp-content\/uploads\/2024\/10\/proprietaire.jpg","datePublished":"2024-10-10T16:30:00+00:00","dateModified":"2024-10-10T19:22:18+00:00","author":{"@id":"https:\/\/devtntatelier.com\/jeremy\/#\/schema\/person\/abd71e9c37544a8d92f21512078f9923"},"description":"En apiculture, certains produisent du miel, mais d\u2019autres produisent des reines, d\u2019autres font de la pollinisation, etc.","breadcrumb":{"@id":"https:\/\/devtntatelier.com\/jeremy\/miel-picard-les-abeilles-une-tradition-familiale\/#breadcrumb"},"inLanguage":"fr-FR","potentialAction":[{"@type":"ReadAction","target":["https:\/\/devtntatelier.com\/jeremy\/miel-picard-les-abeilles-une-tradition-familiale\/"]}]},{"@type":"ImageObject","inLanguage":"fr-FR","@id":"https:\/\/devtntatelier.com\/jeremy\/miel-picard-les-abeilles-une-tradition-familiale\/#primaryimage","url":"https:\/\/devtntatelier.com\/jeremy\/wp-content\/uploads\/2024\/10\/proprietaire.jpg","contentUrl":"https:\/\/devtntatelier.com\/jeremy\/wp-content\/uploads\/2024\/10\/proprietaire.jpg","width":945,"height":1253},{"@type":"BreadcrumbList","@id":"https:\/\/devtntatelier.com\/jeremy\/miel-picard-les-abeilles-une-tradition-familiale\/#breadcrumb","itemListElement":[{"@type":"ListItem","position":1,"name":"Accueil","item":"https:\/\/devtntatelier.com\/jeremy\/"},{"@type":"ListItem","position":2,"name":"Miel Picard : Les abeilles, une tradition familiale"}]},{"@type":"WebSite","@id":"https:\/\/devtntatelier.com\/jeremy\/#website","url":"https:\/\/devtntatelier.com\/jeremy\/","name":"Extra Maria","description":"Blogue - D\u00e9couvertes locales et achat local","potentialAction":[{"@type":"SearchAction","target":{"@type":"EntryPoint","urlTemplate":"https:\/\/devtntatelier.com\/jeremy\/?s={search_term_string}"},"query-input":{"@type":"PropertyValueSpecification","valueRequired":true,"valueName":"search_term_string"}}],"inLanguage":"fr-FR"},{"@type":"Person","@id":"https:\/\/devtntatelier.com\/jeremy\/#\/schema\/person\/abd71e9c37544a8d92f21512078f9923","name":"Mika\u00ebl Scattolin","image":{"@type":"ImageObject","inLanguage":"fr-FR","@id":"https:\/\/secure.gravatar.com\/avatar\/4961028860b89233b3020ec9c82221370227ca8ab48df0404f2327194cd0f82a?s=96&d=mm&r=g","url":"https:\/\/secure.gravatar.com\/avatar\/4961028860b89233b3020ec9c82221370227ca8ab48df0404f2327194cd0f82a?s=96&d=mm&r=g","contentUrl":"https:\/\/secure.gravatar.com\/avatar\/4961028860b89233b3020ec9c82221370227ca8ab48df0404f2327194cd0f82a?s=96&d=mm&r=g","caption":"Mika\u00ebl Scattolin"},"url":"https:\/\/devtntatelier.com\/jeremy\/author\/mikael\/"}]}},"modified_by":"\u00c8ve Gagnon-Bouchard","_links":{"self":[{"href":"https:\/\/devtntatelier.com\/jeremy\/wp-json\/wp\/v2\/posts\/7269","targetHints":{"allow":["GET"]}}],"collection":[{"href":"https:\/\/devtntatelier.com\/jeremy\/wp-json\/wp\/v2\/posts"}],"about":[{"href":"https:\/\/devtntatelier.com\/jeremy\/wp-json\/wp\/v2\/types\/post"}],"author":[{"embeddable":true,"href":"https:\/\/devtntatelier.com\/jeremy\/wp-json\/wp\/v2\/users\/29"}],"replies":[{"embeddable":true,"href":"https:\/\/devtntatelier.com\/jeremy\/wp-json\/wp\/v2\/comments?post=7269"}],"version-history":[{"count":0,"href":"https:\/\/devtntatelier.com\/jeremy\/wp-json\/wp\/v2\/posts\/7269\/revisions"}],"wp:featuredmedia":[{"embeddable":true,"href":"https:\/\/devtntatelier.com\/jeremy\/wp-json\/wp\/v2\/media\/7373"}],"wp:attachment":[{"href":"https:\/\/devtntatelier.com\/jeremy\/wp-json\/wp\/v2\/media?parent=7269"}],"wp:term":[{"taxonomy":"category","embeddable":true,"href":"https:\/\/devtntatelier.com\/jeremy\/wp-json\/wp\/v2\/categories?post=7269"},{"taxonomy":"post_tag","embeddable":true,"href":"https:\/\/devtntatelier.com\/jeremy\/wp-json\/wp\/v2\/tags?post=7269"}],"curies":[{"name":"wp","href":"https:\/\/api.w.org\/{rel}","templated":true}]}}