{"id":7210,"date":"2024-09-26T15:34:59","date_gmt":"2024-09-26T19:34:59","guid":{"rendered":"https:\/\/devtntatelier.com\/jeremy\/?p=7210"},"modified":"2024-09-26T15:35:10","modified_gmt":"2024-09-26T19:35:10","slug":"la-ferme-dan-nature-un-havre-de-nature","status":"publish","type":"post","link":"https:\/\/devtntatelier.com\/jeremy\/la-ferme-dan-nature-un-havre-de-nature\/","title":{"rendered":"La ferme Dan Nature : un havre de nature"},"content":{"rendered":"\n[et_pb_section fb_built=\u00a0\u00bb1&Prime; _builder_version=\u00a0\u00bb4.27.0&Prime; _module_preset=\u00a0\u00bbdefault\u00a0\u00bb global_colors_info=\u00a0\u00bb{}\u00a0\u00bb][et_pb_row _builder_version=\u00a0\u00bb4.27.0&Prime; _module_preset=\u00a0\u00bbdefault\u00a0\u00bb global_colors_info=\u00a0\u00bb{}\u00a0\u00bb][et_pb_column type=\u00a0\u00bb4_4&Prime; _builder_version=\u00a0\u00bb4.27.0&Prime; _module_preset=\u00a0\u00bbdefault\u00a0\u00bb global_colors_info=\u00a0\u00bb{}\u00a0\u00bb][et_pb_text _builder_version=\u00a0\u00bb4.27.0&Prime; _module_preset=\u00a0\u00bbdefault\u00a0\u00bb custom_padding=\u00a0\u00bb2px|||||\u00a0\u00bb inline_fonts=\u00a0\u00bbPoppins\u00a0\u00bb global_colors_info=\u00a0\u00bb{}\u00a0\u00bb]<p style=\"text-align: center;\"><span style=\"font-size: xx-large; font-family: Poppins; font-weight: normal;\"><strong>ENTREVUE AVEC LA FERME DAN NATURE<\/strong><\/span><\/p>\n<p><span style=\"font-family: Poppins; font-weight: normal;\">\u00a0<\/span><\/p>\n<p style=\"text-align: center;\"><span style=\"font-size: large;\"><em><span style=\"font-family: Poppins; font-weight: normal;\">La nature ne manque pas dans Maria-Chapdelaine, mais ce que la ferme Dan-Nature vous propose, c\u2019est de la d\u00e9couvrir dans un cadre bucolique. Sur le rang Saint-Michel, \u00e0 P\u00e9ribonka, vous d\u00e9couvrirez un tr\u00e9sor de biodiversit\u00e9 et de qui\u00e9tude. Que ce soit pour vous ressourcer en nature ou pour d\u00e9couvrir en famille les animaux de la ferme et des oiseaux exotiques, la ferme Dan-Nature saura vous offrir ce que vous recherchez. Une activit\u00e9 familiale \u00e0 ne pas manquer! Nous faisons le tour avec le propri\u00e9taire, Dany.<\/span><\/em><\/span><\/p>\n<p><span style=\"font-family: Poppins; font-weight: normal; font-size: large;\"><em>\u00a0<\/em><\/span><\/p>\n<p style=\"text-align: justify;\"><span style=\"font-size: x-large; font-family: Poppins; font-weight: normal;\"><strong>EXTRA MARIA : QU&rsquo;EST-CE QUE C&rsquo;EST LA FERME DAN NATURE?<\/strong><\/span><\/p>\n<p style=\"text-align: justify;\"><span style=\"font-family: Poppins; font-weight: normal; font-size: large;\"><strong>Dany\u00a0:<\/strong> La ferme Dan-Nature, c\u2019est une petite ferme agrotouristique avec une trentaine d\u2019animaux, dont des alpagas, des moutons, des chevaux, des poules et plus d\u2019une vingtaine d\u2019esp\u00e8ces d\u2019oiseaux, comme des paons et des faisans. Nous offrons des activit\u00e9s pour le plus grand plaisir des familles dans un d\u00e9cor enchanteur. Nous voulons garder la ferme \u00e0 \u00e9chelle humaine pour que les gens se sentent bien et d\u00e9tendus dans un cadre le plus naturel et convivial possible. Le plus bel exemple est notre jardin d\u2019eau, qui est une r\u00e9serve de biodiversit\u00e9 et un endroit tr\u00e8s tranquille, pour pouvoir observer la nature en toute tranquillit\u00e9. Nous faisons tout par nous-m\u00eames, avec des mat\u00e9riaux qui viennent tous de la for\u00eat. Les voli\u00e8res, la ferme, le pavillon d\u2019accueil et les chalets sont en bois rond, que nous avons coup\u00e9 en grande partie sur le terrain.<\/span><\/p>\n<p style=\"text-align: justify;\"><span style=\"font-size: x-large; font-family: Poppins; font-weight: normal;\"><strong>EXTRA MARIA : D&rsquo;O\u00d9 VOUS EST VENUE VOTRE ID\u00c9E D&rsquo;ENTREPRISE?<\/strong><\/span><\/p>\n<p style=\"text-align: justify;\"><span style=\"font-family: Poppins; font-weight: normal; font-size: large;\"><strong>Dany\u00a0: <\/strong>Au d\u00e9part, la ferme Dan-Nature c\u2019est un projet pour mon plaisir personnel. Je suis un passionn\u00e9 des oiseaux. Lorsque nous avons commenc\u00e9 la construction des voli\u00e8res et de la mini-ferme, les gens arr\u00eataient et venaient nous demander s\u2019ils pouvaient venir voir les animaux. On manquait d\u2019espace, ann\u00e9e apr\u00e8s ann\u00e9e, donc on a agrandi au fur et \u00e0 mesure. En 2018, nous avons commenc\u00e9 \u00e0 offrir des petites visites. Comme je travaillais encore \u00e0 temps plein \u00e0 ce moment-l\u00e0, les visites se faisaient sur mon temps libre. Depuis que je suis \u00e0 la retraite, nous sommes ouverts tous les jours, \u00e9t\u00e9 comme hiver. Je n\u2019ai pas encore engag\u00e9 de personnel, mais j\u2019ai une amie qui vient me donner un coup de main l\u2019\u00e9t\u00e9, lorsqu\u2019il y a beaucoup de monde. C\u2019est notre deuxi\u00e8me ann\u00e9e et nous voulons construire un deuxi\u00e8me chalet cet automne. Comme je te le disais, nous agrandissons toujours un petit peu.<\/span><\/p>\n<p style=\"text-align: justify;\"><span style=\"font-size: x-large; font-family: Poppins; font-weight: normal;\"><strong>EXTRA MARIA : QUELS SONT VOS PRODUITS?<\/strong><\/span><\/p>\n<p style=\"text-align: justify;\"><span style=\"font-family: Poppins; font-weight: normal; font-size: large;\"><strong>Dany\u00a0: <\/strong>Nous offrons des visites guid\u00e9es pour aller \u00e0 la rencontre de nos animaux et faire d\u00e9couvrir la ferme. Les gens peuvent aussi venir faire de l\u2019autocueillette de bleuets et de framboises. Il y a \u00e9galement des sentiers de randonn\u00e9e qui font le tour du terrain. En hiver, les gens peuvent venir visiter m\u00eame si les animaux sont regroup\u00e9s. Les sentiers sont accessibles en raquette ou en ski de fond. Nous offrons \u00e9galement de l\u2019h\u00e9bergement en chalet de bois rond, sur le bord d\u2019un petit lac. Il y a aussi beaucoup d\u2019\u00e9coles et de camps de jour qui viennent faire des sorties chez nous. Nous sommes ouverts tous les jours, de 9h00 \u00e0 16h00.<\/span><\/p>\n<p style=\"text-align: justify;\"><span style=\"font-size: x-large; font-family: Poppins; font-weight: normal;\"><strong>EXTRA MARIA : COMMENT PEUT-ON VOUS TROUVER?<\/strong><\/span><\/p>\n<p style=\"text-align: justify;\"><span style=\"font-family: Poppins; font-weight: normal; font-size: large;\"><strong>Dany\u00a0:<\/strong> Nous avons une page Facebook<a href=\"https:\/\/www.facebook.com\/profile.php?id=100064710365440&amp;mibextid=LQQJ4d\" target=\"_blank\" rel=\"noopener\"> (Ferme Dan-Nature)<\/a> et les gens peuvent venir sur place, au 650 rang Saint-Michel, \u00e0 P\u00e9ribonka. C\u2019est aussi possible de prendre rendez-vous pour la visite guid\u00e9e et r\u00e9server un h\u00e9bergement par t\u00e9l\u00e9phone au <strong>418-719-1343<\/strong> ou par courriel \u00e0 l\u2019adresse\u00a0<a href=\"mailto:danygo33@hotmail.com\">danygo33@hotmail.com<\/a>.<\/span><\/p>\n<p><span style=\"font-family: Poppins; font-weight: normal;\">\u00a0<\/span><\/p>\n<p>\u00a0 \u00a0 \u00a0 \u00a0 \u00a0 \u00a0 \u00a0 \u00a0 \u00a0 \u00a0 \u00a0 \u00a0 \u00a0 \u00a0 \u00a0 \u00a0 \u00a0 \u00a0 \u00a0 \u00a0 \u00a0 \u00a0 \u00a0 \u00a0 \u00a0 \u00a0 \u00a0 \u00a0 \u00a0 \u00a0 \u00a0 \u00a0 \u00a0 \u00a0 \u00a0<img loading=\"lazy\" decoding=\"async\" src=\"https:\/\/devtntatelier.com\/jeremy\/wp-content\/uploads\/2024\/09\/ferme-2-169x300.jpg\" width=\"209\" height=\"371\" alt=\"\" class=\"wp-image-7217 alignnone size-medium\" srcset=\"https:\/\/devtntatelier.com\/jeremy\/wp-content\/uploads\/2024\/09\/ferme-2-169x300.jpg 169w, https:\/\/devtntatelier.com\/jeremy\/wp-content\/uploads\/2024\/09\/ferme-2-577x1024.jpg 577w, https:\/\/devtntatelier.com\/jeremy\/wp-content\/uploads\/2024\/09\/ferme-2-500x888.jpg 500w, https:\/\/devtntatelier.com\/jeremy\/wp-content\/uploads\/2024\/09\/ferme-2.jpg 640w\" sizes=\"(max-width: 209px) 100vw, 209px\" \/>\u00a0 \u00a0 \u00a0 \u00a0 \u00a0 \u00a0 \u00a0 \u00a0<img loading=\"lazy\" decoding=\"async\" src=\"https:\/\/devtntatelier.com\/jeremy\/wp-content\/uploads\/2024\/09\/animaux-300x225.jpg\" width=\"492\" height=\"369\" alt=\"\" class=\"wp-image-7218 alignnone size-medium\" \/>\u00a0 \u00a0 \u00a0 \u00a0 \u00a0 \u00a0 \u00a0 <img loading=\"lazy\" decoding=\"async\" src=\"https:\/\/devtntatelier.com\/jeremy\/wp-content\/uploads\/2024\/09\/oiseau-e1726155925875-228x300.jpg\" width=\"281\" height=\"370\" alt=\"\" class=\"wp-image-7219 alignnone size-medium\" srcset=\"https:\/\/devtntatelier.com\/jeremy\/wp-content\/uploads\/2024\/09\/oiseau-e1726155925875-228x300.jpg 228w, https:\/\/devtntatelier.com\/jeremy\/wp-content\/uploads\/2024\/09\/oiseau-e1726155925875-500x657.jpg 500w, https:\/\/devtntatelier.com\/jeremy\/wp-content\/uploads\/2024\/09\/oiseau-e1726155925875.jpg 639w\" sizes=\"(max-width: 281px) 100vw, 281px\" \/><\/p>\n<p>&nbsp;<\/p>[\/et_pb_text][\/et_pb_column][\/et_pb_row][\/et_pb_section]\n","protected":false},"excerpt":{"rendered":"<p>ENTREVUE AVEC LA FERME DAN NATURE \u00a0 La nature ne manque pas dans Maria-Chapdelaine, mais ce que la ferme Dan-Nature vous propose, c\u2019est de la d\u00e9couvrir dans un cadre bucolique. [&hellip;]<\/p>\n","protected":false},"author":29,"featured_media":7243,"comment_status":"open","ping_status":"open","sticky":false,"template":"","format":"standard","meta":{"_et_pb_use_builder":"on","_et_pb_old_content":"","_et_gb_content_width":"","_lmt_disableupdate":"","_lmt_disable":"","_price":"","_stock":"","_tribe_ticket_header":"","_tribe_default_ticket_provider":"","_tribe_ticket_capacity":"0","_ticket_start_date":"","_ticket_end_date":"","_tribe_ticket_show_description":"","_tribe_ticket_show_not_going":false,"_tribe_ticket_use_global_stock":"","_tribe_ticket_global_stock_level":"","_global_stock_mode":"","_global_stock_cap":"","_tribe_rsvp_for_event":"","_tribe_ticket_going_count":"","_tribe_ticket_not_going_count":"","_tribe_tickets_list":"[]","_tribe_ticket_has_attendee_info_fields":false,"footnotes":""},"categories":[188,1],"tags":[],"class_list":["post-7210","post","type-post","status-publish","format-standard","has-post-thumbnail","hentry","category-nos-producteurs","category-articles-achat-local-extra-maria"],"yoast_head":"<!-- This site is optimized with the Yoast SEO Premium plugin v25.9 (Yoast SEO v28.4) - https:\/\/yoast.com\/product\/yoast-seo-premium-wordpress\/ -->\n<title>La ferme Dan Nature : un havre de nature - Extra Maria<\/title>\n<meta name=\"description\" content=\"La nature ne manque pas dans Maria-Chapdelaine, mais ce que la ferme Dan-Nature vous propose, c\u2019est de la d\u00e9couvrir dans un cadre bucolique.\" \/>\n<meta name=\"robots\" content=\"index, follow, max-snippet:-1, max-image-preview:large, max-video-preview:-1\" \/>\n<link rel=\"canonical\" href=\"https:\/\/devtntatelier.com\/jeremy\/la-ferme-dan-nature-un-havre-de-nature\/\" \/>\n<meta property=\"og:locale\" content=\"fr_FR\" \/>\n<meta property=\"og:type\" content=\"article\" \/>\n<meta property=\"og:title\" content=\"La ferme Dan Nature : un havre de nature\" \/>\n<meta property=\"og:url\" content=\"https:\/\/devtntatelier.com\/jeremy\/la-ferme-dan-nature-un-havre-de-nature\/\" \/>\n<meta property=\"og:site_name\" content=\"Extra Maria\" \/>\n<meta property=\"article:published_time\" content=\"2024-09-26T19:34:59+00:00\" \/>\n<meta property=\"article:modified_time\" content=\"2024-09-26T19:35:10+00:00\" \/>\n<meta property=\"og:image\" content=\"https:\/\/devtntatelier.com\/jeremy\/wp-content\/uploads\/2024\/09\/Ferme-1.jpg\" \/>\n\t<meta property=\"og:image:width\" content=\"1000\" \/>\n\t<meta property=\"og:image:height\" content=\"750\" \/>\n\t<meta property=\"og:image:type\" content=\"image\/jpeg\" \/>\n<meta name=\"author\" content=\"Mika\u00ebl Scattolin\" \/>\n<meta name=\"twitter:card\" content=\"summary_large_image\" \/>\n<meta name=\"twitter:label1\" content=\"\u00c9crit par\" \/>\n\t<meta name=\"twitter:data1\" content=\"Mika\u00ebl Scattolin\" \/>\n\t<meta name=\"twitter:label2\" content=\"Dur\u00e9e de lecture estim\u00e9e\" \/>\n\t<meta name=\"twitter:data2\" content=\"4 minutes\" \/>\n<script type=\"application\/ld+json\" class=\"yoast-schema-graph\">{\"@context\":\"https:\\\/\\\/schema.org\",\"@graph\":[{\"@type\":\"Article\",\"@id\":\"https:\\\/\\\/devtntatelier.com\\\/jeremy\\\/la-ferme-dan-nature-un-havre-de-nature\\\/#article\",\"isPartOf\":{\"@id\":\"https:\\\/\\\/devtntatelier.com\\\/jeremy\\\/la-ferme-dan-nature-un-havre-de-nature\\\/\"},\"author\":{\"name\":\"Mika\u00ebl Scattolin\",\"@id\":\"https:\\\/\\\/devtntatelier.com\\\/jeremy\\\/#\\\/schema\\\/person\\\/abd71e9c37544a8d92f21512078f9923\"},\"headline\":\"La ferme Dan Nature : un havre de nature\",\"datePublished\":\"2024-09-26T19:34:59+00:00\",\"dateModified\":\"2024-09-26T19:35:10+00:00\",\"mainEntityOfPage\":{\"@id\":\"https:\\\/\\\/devtntatelier.com\\\/jeremy\\\/la-ferme-dan-nature-un-havre-de-nature\\\/\"},\"wordCount\":701,\"commentCount\":0,\"image\":{\"@id\":\"https:\\\/\\\/devtntatelier.com\\\/jeremy\\\/la-ferme-dan-nature-un-havre-de-nature\\\/#primaryimage\"},\"thumbnailUrl\":\"https:\\\/\\\/devtntatelier.com\\\/jeremy\\\/wp-content\\\/uploads\\\/2024\\\/09\\\/Ferme-1.jpg\",\"articleSection\":[\"Nos producteurs locaux\",\"Tous les articles\"],\"inLanguage\":\"fr-FR\",\"potentialAction\":[{\"@type\":\"CommentAction\",\"name\":\"Comment\",\"target\":[\"https:\\\/\\\/devtntatelier.com\\\/jeremy\\\/la-ferme-dan-nature-un-havre-de-nature\\\/#respond\"]}]},{\"@type\":\"WebPage\",\"@id\":\"https:\\\/\\\/devtntatelier.com\\\/jeremy\\\/la-ferme-dan-nature-un-havre-de-nature\\\/\",\"url\":\"https:\\\/\\\/devtntatelier.com\\\/jeremy\\\/la-ferme-dan-nature-un-havre-de-nature\\\/\",\"name\":\"La ferme Dan Nature : un havre de nature - Extra Maria\",\"isPartOf\":{\"@id\":\"https:\\\/\\\/devtntatelier.com\\\/jeremy\\\/#website\"},\"primaryImageOfPage\":{\"@id\":\"https:\\\/\\\/devtntatelier.com\\\/jeremy\\\/la-ferme-dan-nature-un-havre-de-nature\\\/#primaryimage\"},\"image\":{\"@id\":\"https:\\\/\\\/devtntatelier.com\\\/jeremy\\\/la-ferme-dan-nature-un-havre-de-nature\\\/#primaryimage\"},\"thumbnailUrl\":\"https:\\\/\\\/devtntatelier.com\\\/jeremy\\\/wp-content\\\/uploads\\\/2024\\\/09\\\/Ferme-1.jpg\",\"datePublished\":\"2024-09-26T19:34:59+00:00\",\"dateModified\":\"2024-09-26T19:35:10+00:00\",\"author\":{\"@id\":\"https:\\\/\\\/devtntatelier.com\\\/jeremy\\\/#\\\/schema\\\/person\\\/abd71e9c37544a8d92f21512078f9923\"},\"description\":\"La nature ne manque pas dans Maria-Chapdelaine, mais ce que la ferme Dan-Nature vous propose, c\u2019est de la d\u00e9couvrir dans un cadre bucolique.\",\"breadcrumb\":{\"@id\":\"https:\\\/\\\/devtntatelier.com\\\/jeremy\\\/la-ferme-dan-nature-un-havre-de-nature\\\/#breadcrumb\"},\"inLanguage\":\"fr-FR\",\"potentialAction\":[{\"@type\":\"ReadAction\",\"target\":[\"https:\\\/\\\/devtntatelier.com\\\/jeremy\\\/la-ferme-dan-nature-un-havre-de-nature\\\/\"]}]},{\"@type\":\"ImageObject\",\"inLanguage\":\"fr-FR\",\"@id\":\"https:\\\/\\\/devtntatelier.com\\\/jeremy\\\/la-ferme-dan-nature-un-havre-de-nature\\\/#primaryimage\",\"url\":\"https:\\\/\\\/devtntatelier.com\\\/jeremy\\\/wp-content\\\/uploads\\\/2024\\\/09\\\/Ferme-1.jpg\",\"contentUrl\":\"https:\\\/\\\/devtntatelier.com\\\/jeremy\\\/wp-content\\\/uploads\\\/2024\\\/09\\\/Ferme-1.jpg\",\"width\":1000,\"height\":750},{\"@type\":\"BreadcrumbList\",\"@id\":\"https:\\\/\\\/devtntatelier.com\\\/jeremy\\\/la-ferme-dan-nature-un-havre-de-nature\\\/#breadcrumb\",\"itemListElement\":[{\"@type\":\"ListItem\",\"position\":1,\"name\":\"Accueil\",\"item\":\"https:\\\/\\\/devtntatelier.com\\\/jeremy\\\/\"},{\"@type\":\"ListItem\",\"position\":2,\"name\":\"La ferme Dan Nature : un havre de nature\"}]},{\"@type\":\"WebSite\",\"@id\":\"https:\\\/\\\/devtntatelier.com\\\/jeremy\\\/#website\",\"url\":\"https:\\\/\\\/devtntatelier.com\\\/jeremy\\\/\",\"name\":\"Extra Maria\",\"description\":\"Blogue - D\u00e9couvertes locales et achat local\",\"potentialAction\":[{\"@type\":\"SearchAction\",\"target\":{\"@type\":\"EntryPoint\",\"urlTemplate\":\"https:\\\/\\\/devtntatelier.com\\\/jeremy\\\/?s={search_term_string}\"},\"query-input\":{\"@type\":\"PropertyValueSpecification\",\"valueRequired\":true,\"valueName\":\"search_term_string\"}}],\"inLanguage\":\"fr-FR\"},{\"@type\":\"Person\",\"@id\":\"https:\\\/\\\/devtntatelier.com\\\/jeremy\\\/#\\\/schema\\\/person\\\/abd71e9c37544a8d92f21512078f9923\",\"name\":\"Mika\u00ebl Scattolin\",\"image\":{\"@type\":\"ImageObject\",\"inLanguage\":\"fr-FR\",\"@id\":\"https:\\\/\\\/secure.gravatar.com\\\/avatar\\\/4961028860b89233b3020ec9c82221370227ca8ab48df0404f2327194cd0f82a?s=96&d=mm&r=g\",\"url\":\"https:\\\/\\\/secure.gravatar.com\\\/avatar\\\/4961028860b89233b3020ec9c82221370227ca8ab48df0404f2327194cd0f82a?s=96&d=mm&r=g\",\"contentUrl\":\"https:\\\/\\\/secure.gravatar.com\\\/avatar\\\/4961028860b89233b3020ec9c82221370227ca8ab48df0404f2327194cd0f82a?s=96&d=mm&r=g\",\"caption\":\"Mika\u00ebl Scattolin\"},\"url\":\"https:\\\/\\\/devtntatelier.com\\\/jeremy\\\/author\\\/mikael\\\/\"}]}<\/script>\n<!-- \/ Yoast SEO Premium plugin. -->","yoast_head_json":{"title":"La ferme Dan Nature : un havre de nature - Extra Maria","description":"La nature ne manque pas dans Maria-Chapdelaine, mais ce que la ferme Dan-Nature vous propose, c\u2019est de la d\u00e9couvrir dans un cadre bucolique.","robots":{"index":"index","follow":"follow","max-snippet":"max-snippet:-1","max-image-preview":"max-image-preview:large","max-video-preview":"max-video-preview:-1"},"canonical":"https:\/\/devtntatelier.com\/jeremy\/la-ferme-dan-nature-un-havre-de-nature\/","og_locale":"fr_FR","og_type":"article","og_title":"La ferme Dan Nature : un havre de nature","og_url":"https:\/\/devtntatelier.com\/jeremy\/la-ferme-dan-nature-un-havre-de-nature\/","og_site_name":"Extra Maria","article_published_time":"2024-09-26T19:34:59+00:00","article_modified_time":"2024-09-26T19:35:10+00:00","og_image":[{"width":1000,"height":750,"url":"https:\/\/devtntatelier.com\/jeremy\/wp-content\/uploads\/2024\/09\/Ferme-1.jpg","type":"image\/jpeg"}],"author":"Mika\u00ebl Scattolin","twitter_card":"summary_large_image","twitter_misc":{"\u00c9crit par":"Mika\u00ebl Scattolin","Dur\u00e9e de lecture estim\u00e9e":"4 minutes"},"schema":{"@context":"https:\/\/schema.org","@graph":[{"@type":"Article","@id":"https:\/\/devtntatelier.com\/jeremy\/la-ferme-dan-nature-un-havre-de-nature\/#article","isPartOf":{"@id":"https:\/\/devtntatelier.com\/jeremy\/la-ferme-dan-nature-un-havre-de-nature\/"},"author":{"name":"Mika\u00ebl Scattolin","@id":"https:\/\/devtntatelier.com\/jeremy\/#\/schema\/person\/abd71e9c37544a8d92f21512078f9923"},"headline":"La ferme Dan Nature : un havre de nature","datePublished":"2024-09-26T19:34:59+00:00","dateModified":"2024-09-26T19:35:10+00:00","mainEntityOfPage":{"@id":"https:\/\/devtntatelier.com\/jeremy\/la-ferme-dan-nature-un-havre-de-nature\/"},"wordCount":701,"commentCount":0,"image":{"@id":"https:\/\/devtntatelier.com\/jeremy\/la-ferme-dan-nature-un-havre-de-nature\/#primaryimage"},"thumbnailUrl":"https:\/\/devtntatelier.com\/jeremy\/wp-content\/uploads\/2024\/09\/Ferme-1.jpg","articleSection":["Nos producteurs locaux","Tous les articles"],"inLanguage":"fr-FR","potentialAction":[{"@type":"CommentAction","name":"Comment","target":["https:\/\/devtntatelier.com\/jeremy\/la-ferme-dan-nature-un-havre-de-nature\/#respond"]}]},{"@type":"WebPage","@id":"https:\/\/devtntatelier.com\/jeremy\/la-ferme-dan-nature-un-havre-de-nature\/","url":"https:\/\/devtntatelier.com\/jeremy\/la-ferme-dan-nature-un-havre-de-nature\/","name":"La ferme Dan Nature : un havre de nature - Extra Maria","isPartOf":{"@id":"https:\/\/devtntatelier.com\/jeremy\/#website"},"primaryImageOfPage":{"@id":"https:\/\/devtntatelier.com\/jeremy\/la-ferme-dan-nature-un-havre-de-nature\/#primaryimage"},"image":{"@id":"https:\/\/devtntatelier.com\/jeremy\/la-ferme-dan-nature-un-havre-de-nature\/#primaryimage"},"thumbnailUrl":"https:\/\/devtntatelier.com\/jeremy\/wp-content\/uploads\/2024\/09\/Ferme-1.jpg","datePublished":"2024-09-26T19:34:59+00:00","dateModified":"2024-09-26T19:35:10+00:00","author":{"@id":"https:\/\/devtntatelier.com\/jeremy\/#\/schema\/person\/abd71e9c37544a8d92f21512078f9923"},"description":"La nature ne manque pas dans Maria-Chapdelaine, mais ce que la ferme Dan-Nature vous propose, c\u2019est de la d\u00e9couvrir dans un cadre bucolique.","breadcrumb":{"@id":"https:\/\/devtntatelier.com\/jeremy\/la-ferme-dan-nature-un-havre-de-nature\/#breadcrumb"},"inLanguage":"fr-FR","potentialAction":[{"@type":"ReadAction","target":["https:\/\/devtntatelier.com\/jeremy\/la-ferme-dan-nature-un-havre-de-nature\/"]}]},{"@type":"ImageObject","inLanguage":"fr-FR","@id":"https:\/\/devtntatelier.com\/jeremy\/la-ferme-dan-nature-un-havre-de-nature\/#primaryimage","url":"https:\/\/devtntatelier.com\/jeremy\/wp-content\/uploads\/2024\/09\/Ferme-1.jpg","contentUrl":"https:\/\/devtntatelier.com\/jeremy\/wp-content\/uploads\/2024\/09\/Ferme-1.jpg","width":1000,"height":750},{"@type":"BreadcrumbList","@id":"https:\/\/devtntatelier.com\/jeremy\/la-ferme-dan-nature-un-havre-de-nature\/#breadcrumb","itemListElement":[{"@type":"ListItem","position":1,"name":"Accueil","item":"https:\/\/devtntatelier.com\/jeremy\/"},{"@type":"ListItem","position":2,"name":"La ferme Dan Nature : un havre de nature"}]},{"@type":"WebSite","@id":"https:\/\/devtntatelier.com\/jeremy\/#website","url":"https:\/\/devtntatelier.com\/jeremy\/","name":"Extra Maria","description":"Blogue - D\u00e9couvertes locales et achat local","potentialAction":[{"@type":"SearchAction","target":{"@type":"EntryPoint","urlTemplate":"https:\/\/devtntatelier.com\/jeremy\/?s={search_term_string}"},"query-input":{"@type":"PropertyValueSpecification","valueRequired":true,"valueName":"search_term_string"}}],"inLanguage":"fr-FR"},{"@type":"Person","@id":"https:\/\/devtntatelier.com\/jeremy\/#\/schema\/person\/abd71e9c37544a8d92f21512078f9923","name":"Mika\u00ebl Scattolin","image":{"@type":"ImageObject","inLanguage":"fr-FR","@id":"https:\/\/secure.gravatar.com\/avatar\/4961028860b89233b3020ec9c82221370227ca8ab48df0404f2327194cd0f82a?s=96&d=mm&r=g","url":"https:\/\/secure.gravatar.com\/avatar\/4961028860b89233b3020ec9c82221370227ca8ab48df0404f2327194cd0f82a?s=96&d=mm&r=g","contentUrl":"https:\/\/secure.gravatar.com\/avatar\/4961028860b89233b3020ec9c82221370227ca8ab48df0404f2327194cd0f82a?s=96&d=mm&r=g","caption":"Mika\u00ebl Scattolin"},"url":"https:\/\/devtntatelier.com\/jeremy\/author\/mikael\/"}]}},"modified_by":"\u00c8ve Gagnon-Bouchard","_links":{"self":[{"href":"https:\/\/devtntatelier.com\/jeremy\/wp-json\/wp\/v2\/posts\/7210","targetHints":{"allow":["GET"]}}],"collection":[{"href":"https:\/\/devtntatelier.com\/jeremy\/wp-json\/wp\/v2\/posts"}],"about":[{"href":"https:\/\/devtntatelier.com\/jeremy\/wp-json\/wp\/v2\/types\/post"}],"author":[{"embeddable":true,"href":"https:\/\/devtntatelier.com\/jeremy\/wp-json\/wp\/v2\/users\/29"}],"replies":[{"embeddable":true,"href":"https:\/\/devtntatelier.com\/jeremy\/wp-json\/wp\/v2\/comments?post=7210"}],"version-history":[{"count":0,"href":"https:\/\/devtntatelier.com\/jeremy\/wp-json\/wp\/v2\/posts\/7210\/revisions"}],"wp:featuredmedia":[{"embeddable":true,"href":"https:\/\/devtntatelier.com\/jeremy\/wp-json\/wp\/v2\/media\/7243"}],"wp:attachment":[{"href":"https:\/\/devtntatelier.com\/jeremy\/wp-json\/wp\/v2\/media?parent=7210"}],"wp:term":[{"taxonomy":"category","embeddable":true,"href":"https:\/\/devtntatelier.com\/jeremy\/wp-json\/wp\/v2\/categories?post=7210"},{"taxonomy":"post_tag","embeddable":true,"href":"https:\/\/devtntatelier.com\/jeremy\/wp-json\/wp\/v2\/tags?post=7210"}],"curies":[{"name":"wp","href":"https:\/\/api.w.org\/{rel}","templated":true}]}}