{"id":6371,"date":"2024-03-08T14:13:08","date_gmt":"2024-03-08T19:13:08","guid":{"rendered":"https:\/\/devtntatelier.com\/jeremy\/?p=6371"},"modified":"2024-03-14T07:56:12","modified_gmt":"2024-03-14T11:56:12","slug":"christiane-gosselin-artiste-peintre","status":"publish","type":"post","link":"https:\/\/devtntatelier.com\/jeremy\/christiane-gosselin-artiste-peintre\/","title":{"rendered":"Christiane Gosselin, Artiste peintre"},"content":{"rendered":"<p>[et_pb_section fb_built=\u00a0\u00bb1&Prime; _builder_version=\u00a0\u00bb4.23.4&Prime; _module_preset=\u00a0\u00bbdefault\u00a0\u00bb global_colors_info=\u00a0\u00bb{}\u00a0\u00bb][et_pb_row _builder_version=\u00a0\u00bb4.23.4&Prime; _module_preset=\u00a0\u00bbdefault\u00a0\u00bb global_colors_info=\u00a0\u00bb{}\u00a0\u00bb][et_pb_column type=\u00a0\u00bb4_4&Prime; _builder_version=\u00a0\u00bb4.23.4&Prime; _module_preset=\u00a0\u00bbdefault\u00a0\u00bb global_colors_info=\u00a0\u00bb{}\u00a0\u00bb][et_pb_text _builder_version=\u00a0\u00bb4.23.4&Prime; _module_preset=\u00a0\u00bbdefault\u00a0\u00bb global_colors_info=\u00a0\u00bb{}\u00a0\u00bb]<\/p>\n<div id=\"cc-m-9981249985\" class=\"j-module n j-text \">\n<h1>Portrait de Christiane Gosselin, Artiste peintre<\/h1>\n<p>Dolbeau-Mistassini<br \/><a href=\"tel:4182767281\"><span style=\"color: #115e67;\">418 276-7281<\/span><\/a><br \/><span style=\"color: #115e67;\"><a href=\"mailto:christianegosselin@hotmail.com\" style=\"color: #115e67;\">christianegosselin@hotmail.com<\/a><\/span><\/p>\n<p>Membre des <a href=\"https:\/\/aaav-maria-chapdelaine.jimdofree.com\/\"><span style=\"color: #115e67;\">Artistes et artisans en arts visuels de la MRC de Maria-Chapdelaine<\/span><\/a><\/p>\n<p>Christiane Gosselin est n\u00e9e \u00e0 Ticouap\u00e9, au bord de la rivi\u00e8re Ticouap\u00e9. Elle vit \u00e0 Dolbeau-Mistassini, au bord de la rivi\u00e8re Mistassini. Elle a entrepris un programme de formation en art avec Jacqueline B\u00e9langer au Cegep de Saint-F\u00e9licien, programme qu&rsquo;elle a achev\u00e9 en 1996.\u00a0 Peinture \u00e0 l&rsquo;acrylique, dessins au graphite, encre et cire, voici les mediums qu&rsquo;elle privil\u00e9gie. Elle a pr\u00e9sent\u00e9 deux expositions individuelles :<span>\u00a0<\/span><em>Quand je regarde la musique<\/em><span>\u00a0<\/span>en 1997 et<span>\u00a0<\/span><em>L&rsquo;Avent<\/em><span>\u00a0<\/span>en 1999. Elle a aussi particip\u00e9 \u00e0 de nombreuses expositions collectives.<\/p>\n<p>Le mouvement de l\u2019eau, au rythme des saisons, fa\u00e7onne sa vie quotidienne depuis toujours. Son travail artistique adopte cette m\u00e9lodie.\u00a0 Elle aime peindre en solitaire au son d\u2019une musique qui lui pla\u00eet \u00e0 un moment pr\u00e9cis de sorte que souvent une \u0153uvre est associ\u00e9e \u00e0 un musicien. <span style=\"background-color: transparent;\">Elle essaie de donner \u00e0 chacune de ses peintures un instant de vie que ce soit dans un paysage, une nature morte ou m\u00eame une adaptation de la r\u00e9alit\u00e9.\u00a0 <\/span><\/p>\n<p><span style=\"background-color: transparent;\">Christiane aime d\u00e9crire l\u2019univers de fa\u00e7on sensorielle ne voulant pas exprimer une id\u00e9e mais seulement associer aux couleurs une \u00e9motion, une joie de vivre.\u00a0 Elle veut rendre ses images accessibles \u00e0 tout le monde, \u00e0 la mani\u00e8re des contes pour enfants. C\u2019est notamment ce regard d\u2019enfant qu&rsquo;elle aimerait traduire, saisir l\u2019instant merveilleux qui fait briller leurs yeux et les fait sourire.\u00a0<\/span><\/p>\n<p><span style=\"background-color: transparent;\"><\/span><\/p>\n<\/div>\n<div id=\"cc-m-9981250285\" class=\"j-module n j-text \">\n<p>Elle fait surtout du dessin qu&rsquo;elle a enseign\u00e9 pour apprendre et par plaisir. La spontan\u00e9it\u00e9 et la nature du trait font du dessin le geste premier de la cr\u00e9ation.\u00a0 Elle aime beaucoup dessiner \u00e0 la cire et \u00e0 l\u2019encre. La cire, qui est\u00a0 un m\u00e9dium difficilement contr\u00f4lable,\u00a0 permet de vivre des moments de d\u00e9couverte et d\u2019\u00e9merveillement. <span style=\"background-color: transparent;\">Enfin, elle aime explorer le potentiel des images spontan\u00e9es oscillant souvent entre l&rsquo;abstrait et la r\u00e9alit\u00e9,\u00a0 \u00e0 la fois un m\u00e9lange de pulsion et de contr\u00f4le.\u00a0<\/span><\/p>\n<p>Elle est membre de l\u2019Association des Artistes et Artisans en Arts Visuels de la MRC Maria-Chapdelaine (AAAV).\u00a0<\/p>\n<\/div>\n<p>[\/et_pb_text][\/et_pb_column][\/et_pb_row][et_pb_row _builder_version=\u00a0\u00bb4.24.0&Prime; _module_preset=\u00a0\u00bbdefault\u00a0\u00bb global_colors_info=\u00a0\u00bb{}\u00a0\u00bb][et_pb_column type=\u00a0\u00bb4_4&Prime; _builder_version=\u00a0\u00bb4.24.0&Prime; _module_preset=\u00a0\u00bbdefault\u00a0\u00bb global_colors_info=\u00a0\u00bb{}\u00a0\u00bb][et_pb_text _builder_version=\u00a0\u00bb4.24.0&Prime; _module_preset=\u00a0\u00bbdefault\u00a0\u00bb global_colors_info=\u00a0\u00bb{}\u00a0\u00bb]<\/p>\n<h2>Galerie virtuelle de Christiane Gosselin<\/h2>\n<p>[\/et_pb_text][\/et_pb_column][\/et_pb_row][et_pb_row column_structure=\u00a0\u00bb1_3,1_3,1_3&Prime; _builder_version=\u00a0\u00bb4.24.0&Prime; _module_preset=\u00a0\u00bbdefault\u00a0\u00bb global_colors_info=\u00a0\u00bb{}\u00a0\u00bb][et_pb_column type=\u00a0\u00bb1_3&Prime; _builder_version=\u00a0\u00bb4.24.0&Prime; _module_preset=\u00a0\u00bbdefault\u00a0\u00bb global_colors_info=\u00a0\u00bb{}\u00a0\u00bb][et_pb_image src=\u00a0\u00bbhttps:\/\/devtntatelier.com\/jeremy\/wp-content\/uploads\/2024\/02\/l-etable-du-petit-francois.jpg\u00a0\u00bb title_text=\u00a0\u00bbl-etable-du-petit-francois\u00a0\u00bb _builder_version=\u00a0\u00bb4.24.0&Prime; _module_preset=\u00a0\u00bbdefault\u00a0\u00bb global_colors_info=\u00a0\u00bb{}\u00a0\u00bb][\/et_pb_image][et_pb_text _builder_version=\u00a0\u00bb4.24.0&Prime; _module_preset=\u00a0\u00bbdefault\u00a0\u00bb global_colors_info=\u00a0\u00bb{}\u00a0\u00bb]<\/p>\n<p style=\"text-align: center;\">L&rsquo;\u00e9table du p&rsquo;tit Fran\u00e7ois<br \/>(8&#215;10 po)<\/p>\n<p>[\/et_pb_text][\/et_pb_column][et_pb_column type=\u00a0\u00bb1_3&Prime; _builder_version=\u00a0\u00bb4.24.0&Prime; _module_preset=\u00a0\u00bbdefault\u00a0\u00bb global_colors_info=\u00a0\u00bb{}\u00a0\u00bb][et_pb_image src=\u00a0\u00bbhttps:\/\/devtntatelier.com\/jeremy\/wp-content\/uploads\/2024\/02\/christiane-gosselin-1.jpg\u00a0\u00bb title_text=\u00a0\u00bbchristiane-gosselin-peinture-geraldine\u00a0\u00bb _builder_version=\u00a0\u00bb4.24.0&Prime; _module_preset=\u00a0\u00bbdefault\u00a0\u00bb global_colors_info=\u00a0\u00bb{}\u00a0\u00bb][\/et_pb_image][et_pb_text _builder_version=\u00a0\u00bb4.24.0&Prime; _module_preset=\u00a0\u00bbdefault\u00a0\u00bb global_colors_info=\u00a0\u00bb{}\u00a0\u00bb]<\/p>\n<p style=\"text-align: center;\">G\u00e9raldine<br \/>(11&#215;6,5 po)<\/p>\n<p>[\/et_pb_text][\/et_pb_column][et_pb_column type=\u00a0\u00bb1_3&Prime; _builder_version=\u00a0\u00bb4.24.0&Prime; _module_preset=\u00a0\u00bbdefault\u00a0\u00bb global_colors_info=\u00a0\u00bb{}\u00a0\u00bb][et_pb_image src=\u00a0\u00bbhttps:\/\/devtntatelier.com\/jeremy\/wp-content\/uploads\/2024\/02\/une-veillee-chez-menaud.jpg\u00a0\u00bb title_text=\u00a0\u00bbune-veillee-chez-menaud\u00a0\u00bb _builder_version=\u00a0\u00bb4.24.0&Prime; _module_preset=\u00a0\u00bbdefault\u00a0\u00bb global_colors_info=\u00a0\u00bb{}\u00a0\u00bb][\/et_pb_image][et_pb_text _builder_version=\u00a0\u00bb4.24.0&Prime; _module_preset=\u00a0\u00bbdefault\u00a0\u00bb global_colors_info=\u00a0\u00bb{}\u00a0\u00bb]<\/p>\n<p style=\"text-align: center;\">Une veill\u00e9e chez Menaud<br \/>(14&#215;18 po)<\/p>\n<p>[\/et_pb_text][\/et_pb_column][\/et_pb_row][et_pb_row column_structure=\u00a0\u00bb1_3,1_3,1_3&Prime; _builder_version=\u00a0\u00bb4.24.0&Prime; _module_preset=\u00a0\u00bbdefault\u00a0\u00bb global_colors_info=\u00a0\u00bb{}\u00a0\u00bb][et_pb_column type=\u00a0\u00bb1_3&Prime; _builder_version=\u00a0\u00bb4.24.0&Prime; _module_preset=\u00a0\u00bbdefault\u00a0\u00bb global_colors_info=\u00a0\u00bb{}\u00a0\u00bb][et_pb_image src=\u00a0\u00bbhttps:\/\/devtntatelier.com\/jeremy\/wp-content\/uploads\/2024\/02\/la-cabane-en-hiver-christiane-gosselin.jpg\u00a0\u00bb title_text=\u00a0\u00bbla-cabane-en-hiver-christiane-gosselin\u00a0\u00bb _builder_version=\u00a0\u00bb4.24.0&Prime; _module_preset=\u00a0\u00bbdefault\u00a0\u00bb global_colors_info=\u00a0\u00bb{}\u00a0\u00bb][\/et_pb_image][et_pb_text _builder_version=\u00a0\u00bb4.24.0&Prime; _module_preset=\u00a0\u00bbdefault\u00a0\u00bb global_colors_info=\u00a0\u00bb{}\u00a0\u00bb]<\/p>\n<p style=\"text-align: center;\">La cabane en hiver<br \/>(6&#215;6 po)<\/p>\n<p>[\/et_pb_text][\/et_pb_column][et_pb_column type=\u00a0\u00bb1_3&Prime; _builder_version=\u00a0\u00bb4.24.0&Prime; _module_preset=\u00a0\u00bbdefault\u00a0\u00bb global_colors_info=\u00a0\u00bb{}\u00a0\u00bb][et_pb_image src=\u00a0\u00bbhttps:\/\/devtntatelier.com\/jeremy\/wp-content\/uploads\/2024\/02\/fleurouillage-christiane-gosselin.jpg\u00a0\u00bb title_text=\u00a0\u00bbfleurouillage-christiane-gosselin\u00a0\u00bb _builder_version=\u00a0\u00bb4.24.0&Prime; _module_preset=\u00a0\u00bbdefault\u00a0\u00bb global_colors_info=\u00a0\u00bb{}\u00a0\u00bb][\/et_pb_image][et_pb_text _builder_version=\u00a0\u00bb4.24.0&Prime; _module_preset=\u00a0\u00bbdefault\u00a0\u00bb global_colors_info=\u00a0\u00bb{}\u00a0\u00bb]<\/p>\n<p style=\"text-align: center;\">Fleurouillage #CGD-0001<br \/>(8&#215;9 po)<\/p>\n<p>[\/et_pb_text][\/et_pb_column][et_pb_column type=\u00a0\u00bb1_3&Prime; _builder_version=\u00a0\u00bb4.24.0&Prime; _module_preset=\u00a0\u00bbdefault\u00a0\u00bb global_colors_info=\u00a0\u00bb{}\u00a0\u00bb][et_pb_image src=\u00a0\u00bbhttps:\/\/devtntatelier.com\/jeremy\/wp-content\/uploads\/2024\/02\/peinture-pour-elise-christiane-gosselin.jpg\u00a0\u00bb title_text=\u00a0\u00bbpeinture-pour-elise-christiane-gosselin\u00a0\u00bb _builder_version=\u00a0\u00bb4.24.0&Prime; _module_preset=\u00a0\u00bbdefault\u00a0\u00bb global_colors_info=\u00a0\u00bb{}\u00a0\u00bb][\/et_pb_image][et_pb_text _builder_version=\u00a0\u00bb4.24.0&Prime; _module_preset=\u00a0\u00bbdefault\u00a0\u00bb global_colors_info=\u00a0\u00bb{}\u00a0\u00bb]<\/p>\n<p style=\"text-align: center;\">Pour \u00c9lise<br \/>(30&#215;36 po)<\/p>\n<p>[\/et_pb_text][\/et_pb_column][\/et_pb_row][et_pb_row column_structure=\u00a0\u00bb1_3,1_3,1_3&Prime; _builder_version=\u00a0\u00bb4.24.0&Prime; _module_preset=\u00a0\u00bbdefault\u00a0\u00bb global_colors_info=\u00a0\u00bb{}\u00a0\u00bb][et_pb_column type=\u00a0\u00bb1_3&Prime; _builder_version=\u00a0\u00bb4.24.0&Prime; _module_preset=\u00a0\u00bbdefault\u00a0\u00bb global_colors_info=\u00a0\u00bb{}\u00a0\u00bb][et_pb_image src=\u00a0\u00bbhttps:\/\/devtntatelier.com\/jeremy\/wp-content\/uploads\/2024\/02\/peinture-coin-birch-christiane-gosselin.jpg\u00a0\u00bb title_text=\u00a0\u00bbpeinture-coin-birch-christiane-gosselin\u00a0\u00bb _builder_version=\u00a0\u00bb4.24.0&Prime; _module_preset=\u00a0\u00bbdefault\u00a0\u00bb global_colors_info=\u00a0\u00bb{}\u00a0\u00bb][\/et_pb_image][et_pb_text _builder_version=\u00a0\u00bb4.24.0&Prime; _module_preset=\u00a0\u00bbdefault\u00a0\u00bb global_colors_info=\u00a0\u00bb{}\u00a0\u00bb]<\/p>\n<p style=\"text-align: center;\">Coin Birch, 4e ave, 1927<br \/>(11&#215;13,5 po)<\/p>\n<p>[\/et_pb_text][\/et_pb_column][et_pb_column type=\u00a0\u00bb1_3&Prime; _builder_version=\u00a0\u00bb4.24.0&Prime; _module_preset=\u00a0\u00bbdefault\u00a0\u00bb global_colors_info=\u00a0\u00bb{}\u00a0\u00bb][et_pb_image src=\u00a0\u00bbhttps:\/\/devtntatelier.com\/jeremy\/wp-content\/uploads\/2024\/02\/fleurouillage-christiane-gosselin.png\u00a0\u00bb title_text=\u00a0\u00bbfleurouillage-christiane-gosselin\u00a0\u00bb _builder_version=\u00a0\u00bb4.24.0&Prime; _module_preset=\u00a0\u00bbdefault\u00a0\u00bb global_colors_info=\u00a0\u00bb{}\u00a0\u00bb][\/et_pb_image][et_pb_text _builder_version=\u00a0\u00bb4.24.0&Prime; _module_preset=\u00a0\u00bbdefault\u00a0\u00bb global_colors_info=\u00a0\u00bb{}\u00a0\u00bb]<\/p>\n<p style=\"text-align: center;\">Fleurouillage<br \/>(3&#215;5 po)<\/p>\n<p>[\/et_pb_text][\/et_pb_column][et_pb_column type=\u00a0\u00bb1_3&Prime; _builder_version=\u00a0\u00bb4.24.0&Prime; _module_preset=\u00a0\u00bbdefault\u00a0\u00bb global_colors_info=\u00a0\u00bb{}\u00a0\u00bb][et_pb_image src=\u00a0\u00bbhttps:\/\/devtntatelier.com\/jeremy\/wp-content\/uploads\/2024\/02\/la-fete-a-memere-clearly.jpg\u00a0\u00bb title_text=\u00a0\u00bbla-fete-a-memere-cleary\u00a0\u00bb _builder_version=\u00a0\u00bb4.24.0&Prime; _module_preset=\u00a0\u00bbdefault\u00a0\u00bb global_colors_info=\u00a0\u00bb{}\u00a0\u00bb][\/et_pb_image][et_pb_text _builder_version=\u00a0\u00bb4.24.0&Prime; _module_preset=\u00a0\u00bbdefault\u00a0\u00bb global_colors_info=\u00a0\u00bb{}\u00a0\u00bb]<\/p>\n<p style=\"text-align: center;\">La f\u00eate \u00e0 m\u00e9m\u00e8re Cleary<br \/>(20&#215;24 po)<\/p>\n<p>[\/et_pb_text][\/et_pb_column][\/et_pb_row][et_pb_row column_structure=\u00a0\u00bb1_3,1_3,1_3&Prime; _builder_version=\u00a0\u00bb4.24.0&Prime; _module_preset=\u00a0\u00bbdefault\u00a0\u00bb global_colors_info=\u00a0\u00bb{}\u00a0\u00bb][et_pb_column type=\u00a0\u00bb1_3&Prime; _builder_version=\u00a0\u00bb4.24.0&Prime; _module_preset=\u00a0\u00bbdefault\u00a0\u00bb global_colors_info=\u00a0\u00bb{}\u00a0\u00bb][et_pb_image src=\u00a0\u00bbhttps:\/\/devtntatelier.com\/jeremy\/wp-content\/uploads\/2024\/02\/pizzicato-christiane-gosselin.jpg\u00a0\u00bb title_text=\u00a0\u00bbpizzicato-christiane-gosselin\u00a0\u00bb _builder_version=\u00a0\u00bb4.24.0&Prime; _module_preset=\u00a0\u00bbdefault\u00a0\u00bb global_colors_info=\u00a0\u00bb{}\u00a0\u00bb][\/et_pb_image][et_pb_text _builder_version=\u00a0\u00bb4.24.0&Prime; _module_preset=\u00a0\u00bbdefault\u00a0\u00bb global_colors_info=\u00a0\u00bb{}\u00a0\u00bb]<\/p>\n<p style=\"text-align: center;\">Pizzicato<br \/>(22,5&#215;30 po)<\/p>\n<p>[\/et_pb_text][\/et_pb_column][et_pb_column type=\u00a0\u00bb1_3&Prime; _builder_version=\u00a0\u00bb4.24.0&Prime; _module_preset=\u00a0\u00bbdefault\u00a0\u00bb global_colors_info=\u00a0\u00bb{}\u00a0\u00bb][\/et_pb_column][et_pb_column type=\u00a0\u00bb1_3&Prime; _builder_version=\u00a0\u00bb4.24.0&Prime; _module_preset=\u00a0\u00bbdefault\u00a0\u00bb global_colors_info=\u00a0\u00bb{}\u00a0\u00bb][\/et_pb_column][\/et_pb_row][\/et_pb_section]<\/p>\n","protected":false},"excerpt":{"rendered":"<p>Portrait de Christiane Gosselin, Artiste peintre Dolbeau-Mistassini418 276-7281christianegosselin@hotmail.com Membre des Artistes et artisans en arts visuels de la MRC de Maria-Chapdelaine Christiane Gosselin est n\u00e9e \u00e0 Ticouap\u00e9, au bord de [&hellip;]<\/p>\n","protected":false},"author":2,"featured_media":6586,"comment_status":"open","ping_status":"closed","sticky":false,"template":"","format":"standard","meta":{"_et_pb_use_builder":"on","_et_pb_old_content":"","_et_gb_content_width":"","_lmt_disableupdate":"","_lmt_disable":"","_price":"","_stock":"","_tribe_ticket_header":"","_tribe_default_ticket_provider":"","_tribe_ticket_capacity":"0","_ticket_start_date":"","_ticket_end_date":"","_tribe_ticket_show_description":"","_tribe_ticket_show_not_going":false,"_tribe_ticket_use_global_stock":"","_tribe_ticket_global_stock_level":"","_global_stock_mode":"","_global_stock_cap":"","_tribe_rsvp_for_event":"","_tribe_ticket_going_count":"","_tribe_ticket_not_going_count":"","_tribe_tickets_list":"[]","_tribe_ticket_has_attendee_info_fields":false,"footnotes":""},"categories":[198,1],"tags":[],"class_list":["post-6371","post","type-post","status-publish","format-standard","has-post-thumbnail","hentry","category-nos-artistes-et-artisans","category-articles-achat-local-extra-maria"],"yoast_head":"<!-- This site is optimized with the Yoast SEO Premium plugin v25.9 (Yoast SEO v28.4) - https:\/\/yoast.com\/product\/yoast-seo-premium-wordpress\/ -->\n<title>Christiane Gosselin, Artiste peintre - Extra Maria<\/title>\n<meta name=\"robots\" content=\"index, follow, max-snippet:-1, max-image-preview:large, max-video-preview:-1\" \/>\n<link rel=\"canonical\" href=\"https:\/\/devtntatelier.com\/jeremy\/christiane-gosselin-artiste-peintre\/\" \/>\n<meta property=\"og:locale\" content=\"fr_FR\" \/>\n<meta property=\"og:type\" content=\"article\" \/>\n<meta property=\"og:title\" content=\"Christiane Gosselin, Artiste peintre\" \/>\n<meta property=\"og:url\" content=\"https:\/\/devtntatelier.com\/jeremy\/christiane-gosselin-artiste-peintre\/\" \/>\n<meta property=\"og:site_name\" content=\"Extra Maria\" \/>\n<meta property=\"article:published_time\" content=\"2024-03-08T19:13:08+00:00\" \/>\n<meta property=\"article:modified_time\" content=\"2024-03-14T11:56:12+00:00\" \/>\n<meta property=\"og:image\" content=\"https:\/\/devtntatelier.com\/jeremy\/wp-content\/uploads\/2024\/01\/6.jpg\" \/>\n\t<meta property=\"og:image:width\" content=\"1200\" \/>\n\t<meta property=\"og:image:height\" content=\"630\" \/>\n\t<meta property=\"og:image:type\" content=\"image\/jpeg\" \/>\n<meta name=\"author\" content=\"Am\u00e9lia Fromage\" \/>\n<meta name=\"twitter:card\" content=\"summary_large_image\" \/>\n<meta name=\"twitter:label1\" content=\"\u00c9crit par\" \/>\n\t<meta name=\"twitter:data1\" content=\"Am\u00e9lia Fromage\" \/>\n\t<meta name=\"twitter:label2\" content=\"Dur\u00e9e de lecture estim\u00e9e\" \/>\n\t<meta name=\"twitter:data2\" content=\"3 minutes\" \/>\n<script type=\"application\/ld+json\" class=\"yoast-schema-graph\">{\"@context\":\"https:\\\/\\\/schema.org\",\"@graph\":[{\"@type\":\"Article\",\"@id\":\"https:\\\/\\\/devtntatelier.com\\\/jeremy\\\/christiane-gosselin-artiste-peintre\\\/#article\",\"isPartOf\":{\"@id\":\"https:\\\/\\\/devtntatelier.com\\\/jeremy\\\/christiane-gosselin-artiste-peintre\\\/\"},\"author\":{\"name\":\"Am\u00e9lia Fromage\",\"@id\":\"https:\\\/\\\/devtntatelier.com\\\/jeremy\\\/#\\\/schema\\\/person\\\/0a878778dd7d3b51f55c32fe3d0c565b\"},\"headline\":\"Christiane Gosselin, Artiste peintre\",\"datePublished\":\"2024-03-08T19:13:08+00:00\",\"dateModified\":\"2024-03-14T11:56:12+00:00\",\"mainEntityOfPage\":{\"@id\":\"https:\\\/\\\/devtntatelier.com\\\/jeremy\\\/christiane-gosselin-artiste-peintre\\\/\"},\"wordCount\":1182,\"commentCount\":0,\"image\":{\"@id\":\"https:\\\/\\\/devtntatelier.com\\\/jeremy\\\/christiane-gosselin-artiste-peintre\\\/#primaryimage\"},\"thumbnailUrl\":\"https:\\\/\\\/devtntatelier.com\\\/jeremy\\\/wp-content\\\/uploads\\\/2024\\\/01\\\/6.jpg\",\"articleSection\":[\"Nos artistes et artisans\",\"Tous les articles\"],\"inLanguage\":\"fr-FR\",\"potentialAction\":[{\"@type\":\"CommentAction\",\"name\":\"Comment\",\"target\":[\"https:\\\/\\\/devtntatelier.com\\\/jeremy\\\/christiane-gosselin-artiste-peintre\\\/#respond\"]}]},{\"@type\":\"WebPage\",\"@id\":\"https:\\\/\\\/devtntatelier.com\\\/jeremy\\\/christiane-gosselin-artiste-peintre\\\/\",\"url\":\"https:\\\/\\\/devtntatelier.com\\\/jeremy\\\/christiane-gosselin-artiste-peintre\\\/\",\"name\":\"Christiane Gosselin, Artiste peintre - Extra Maria\",\"isPartOf\":{\"@id\":\"https:\\\/\\\/devtntatelier.com\\\/jeremy\\\/#website\"},\"primaryImageOfPage\":{\"@id\":\"https:\\\/\\\/devtntatelier.com\\\/jeremy\\\/christiane-gosselin-artiste-peintre\\\/#primaryimage\"},\"image\":{\"@id\":\"https:\\\/\\\/devtntatelier.com\\\/jeremy\\\/christiane-gosselin-artiste-peintre\\\/#primaryimage\"},\"thumbnailUrl\":\"https:\\\/\\\/devtntatelier.com\\\/jeremy\\\/wp-content\\\/uploads\\\/2024\\\/01\\\/6.jpg\",\"datePublished\":\"2024-03-08T19:13:08+00:00\",\"dateModified\":\"2024-03-14T11:56:12+00:00\",\"author\":{\"@id\":\"https:\\\/\\\/devtntatelier.com\\\/jeremy\\\/#\\\/schema\\\/person\\\/0a878778dd7d3b51f55c32fe3d0c565b\"},\"breadcrumb\":{\"@id\":\"https:\\\/\\\/devtntatelier.com\\\/jeremy\\\/christiane-gosselin-artiste-peintre\\\/#breadcrumb\"},\"inLanguage\":\"fr-FR\",\"potentialAction\":[{\"@type\":\"ReadAction\",\"target\":[\"https:\\\/\\\/devtntatelier.com\\\/jeremy\\\/christiane-gosselin-artiste-peintre\\\/\"]}]},{\"@type\":\"ImageObject\",\"inLanguage\":\"fr-FR\",\"@id\":\"https:\\\/\\\/devtntatelier.com\\\/jeremy\\\/christiane-gosselin-artiste-peintre\\\/#primaryimage\",\"url\":\"https:\\\/\\\/devtntatelier.com\\\/jeremy\\\/wp-content\\\/uploads\\\/2024\\\/01\\\/6.jpg\",\"contentUrl\":\"https:\\\/\\\/devtntatelier.com\\\/jeremy\\\/wp-content\\\/uploads\\\/2024\\\/01\\\/6.jpg\",\"width\":\"1200\",\"height\":\"630\"},{\"@type\":\"BreadcrumbList\",\"@id\":\"https:\\\/\\\/devtntatelier.com\\\/jeremy\\\/christiane-gosselin-artiste-peintre\\\/#breadcrumb\",\"itemListElement\":[{\"@type\":\"ListItem\",\"position\":1,\"name\":\"Accueil\",\"item\":\"https:\\\/\\\/devtntatelier.com\\\/jeremy\\\/\"},{\"@type\":\"ListItem\",\"position\":2,\"name\":\"Christiane Gosselin, Artiste peintre\"}]},{\"@type\":\"WebSite\",\"@id\":\"https:\\\/\\\/devtntatelier.com\\\/jeremy\\\/#website\",\"url\":\"https:\\\/\\\/devtntatelier.com\\\/jeremy\\\/\",\"name\":\"Extra Maria\",\"description\":\"Blogue - D\u00e9couvertes locales et achat local\",\"potentialAction\":[{\"@type\":\"SearchAction\",\"target\":{\"@type\":\"EntryPoint\",\"urlTemplate\":\"https:\\\/\\\/devtntatelier.com\\\/jeremy\\\/?s={search_term_string}\"},\"query-input\":{\"@type\":\"PropertyValueSpecification\",\"valueRequired\":true,\"valueName\":\"search_term_string\"}}],\"inLanguage\":\"fr-FR\"},{\"@type\":\"Person\",\"@id\":\"https:\\\/\\\/devtntatelier.com\\\/jeremy\\\/#\\\/schema\\\/person\\\/0a878778dd7d3b51f55c32fe3d0c565b\",\"name\":\"Am\u00e9lia Fromage\",\"image\":{\"@type\":\"ImageObject\",\"inLanguage\":\"fr-FR\",\"@id\":\"https:\\\/\\\/secure.gravatar.com\\\/avatar\\\/a89f2060bca3721d4e33f490e22f18c0ca3155a6e14f9b4f5566b298215bc3c0?s=96&d=mm&r=g\",\"url\":\"https:\\\/\\\/secure.gravatar.com\\\/avatar\\\/a89f2060bca3721d4e33f490e22f18c0ca3155a6e14f9b4f5566b298215bc3c0?s=96&d=mm&r=g\",\"contentUrl\":\"https:\\\/\\\/secure.gravatar.com\\\/avatar\\\/a89f2060bca3721d4e33f490e22f18c0ca3155a6e14f9b4f5566b298215bc3c0?s=96&d=mm&r=g\",\"caption\":\"Am\u00e9lia Fromage\"},\"description\":\"De nature curieuse, j\u2019aime d\u00e9couvrir de nouvelles choses et en parler autour de moi. Mes deux passions : jardiner et manger du chocolat\u2026 (peut-\u00eatre qu\u2019un jour, je serai capable de faire pousser du chocolat, haha). Sinon, quoi vous dire? Ah oui! Par mon travail \u00e0 la SADC Maria-Chapdelaine, je suis en contact avec beaucoup d\u2019entrepreneurs et me donne comme mission de vous partager leurs bons coups et vous donner le go\u00fbt d\u2019acheter local. Parce que chaque petit geste compte pour faire une diff\u00e9rence. Bonne lecture!\",\"sameAs\":[\"https:\\\/\\\/sadcmaria.qc.ca\"],\"url\":\"https:\\\/\\\/devtntatelier.com\\\/jeremy\\\/author\\\/amelia\\\/\"}]}<\/script>\n<!-- \/ Yoast SEO Premium plugin. -->","yoast_head_json":{"title":"Christiane Gosselin, Artiste peintre - Extra Maria","robots":{"index":"index","follow":"follow","max-snippet":"max-snippet:-1","max-image-preview":"max-image-preview:large","max-video-preview":"max-video-preview:-1"},"canonical":"https:\/\/devtntatelier.com\/jeremy\/christiane-gosselin-artiste-peintre\/","og_locale":"fr_FR","og_type":"article","og_title":"Christiane Gosselin, Artiste peintre","og_url":"https:\/\/devtntatelier.com\/jeremy\/christiane-gosselin-artiste-peintre\/","og_site_name":"Extra Maria","article_published_time":"2024-03-08T19:13:08+00:00","article_modified_time":"2024-03-14T11:56:12+00:00","og_image":[{"width":1200,"height":630,"url":"https:\/\/devtntatelier.com\/jeremy\/wp-content\/uploads\/2024\/01\/6.jpg","type":"image\/jpeg"}],"author":"Am\u00e9lia Fromage","twitter_card":"summary_large_image","twitter_misc":{"\u00c9crit par":"Am\u00e9lia Fromage","Dur\u00e9e de lecture estim\u00e9e":"3 minutes"},"schema":{"@context":"https:\/\/schema.org","@graph":[{"@type":"Article","@id":"https:\/\/devtntatelier.com\/jeremy\/christiane-gosselin-artiste-peintre\/#article","isPartOf":{"@id":"https:\/\/devtntatelier.com\/jeremy\/christiane-gosselin-artiste-peintre\/"},"author":{"name":"Am\u00e9lia Fromage","@id":"https:\/\/devtntatelier.com\/jeremy\/#\/schema\/person\/0a878778dd7d3b51f55c32fe3d0c565b"},"headline":"Christiane Gosselin, Artiste peintre","datePublished":"2024-03-08T19:13:08+00:00","dateModified":"2024-03-14T11:56:12+00:00","mainEntityOfPage":{"@id":"https:\/\/devtntatelier.com\/jeremy\/christiane-gosselin-artiste-peintre\/"},"wordCount":1182,"commentCount":0,"image":{"@id":"https:\/\/devtntatelier.com\/jeremy\/christiane-gosselin-artiste-peintre\/#primaryimage"},"thumbnailUrl":"https:\/\/devtntatelier.com\/jeremy\/wp-content\/uploads\/2024\/01\/6.jpg","articleSection":["Nos artistes et artisans","Tous les articles"],"inLanguage":"fr-FR","potentialAction":[{"@type":"CommentAction","name":"Comment","target":["https:\/\/devtntatelier.com\/jeremy\/christiane-gosselin-artiste-peintre\/#respond"]}]},{"@type":"WebPage","@id":"https:\/\/devtntatelier.com\/jeremy\/christiane-gosselin-artiste-peintre\/","url":"https:\/\/devtntatelier.com\/jeremy\/christiane-gosselin-artiste-peintre\/","name":"Christiane Gosselin, Artiste peintre - Extra Maria","isPartOf":{"@id":"https:\/\/devtntatelier.com\/jeremy\/#website"},"primaryImageOfPage":{"@id":"https:\/\/devtntatelier.com\/jeremy\/christiane-gosselin-artiste-peintre\/#primaryimage"},"image":{"@id":"https:\/\/devtntatelier.com\/jeremy\/christiane-gosselin-artiste-peintre\/#primaryimage"},"thumbnailUrl":"https:\/\/devtntatelier.com\/jeremy\/wp-content\/uploads\/2024\/01\/6.jpg","datePublished":"2024-03-08T19:13:08+00:00","dateModified":"2024-03-14T11:56:12+00:00","author":{"@id":"https:\/\/devtntatelier.com\/jeremy\/#\/schema\/person\/0a878778dd7d3b51f55c32fe3d0c565b"},"breadcrumb":{"@id":"https:\/\/devtntatelier.com\/jeremy\/christiane-gosselin-artiste-peintre\/#breadcrumb"},"inLanguage":"fr-FR","potentialAction":[{"@type":"ReadAction","target":["https:\/\/devtntatelier.com\/jeremy\/christiane-gosselin-artiste-peintre\/"]}]},{"@type":"ImageObject","inLanguage":"fr-FR","@id":"https:\/\/devtntatelier.com\/jeremy\/christiane-gosselin-artiste-peintre\/#primaryimage","url":"https:\/\/devtntatelier.com\/jeremy\/wp-content\/uploads\/2024\/01\/6.jpg","contentUrl":"https:\/\/devtntatelier.com\/jeremy\/wp-content\/uploads\/2024\/01\/6.jpg","width":"1200","height":"630"},{"@type":"BreadcrumbList","@id":"https:\/\/devtntatelier.com\/jeremy\/christiane-gosselin-artiste-peintre\/#breadcrumb","itemListElement":[{"@type":"ListItem","position":1,"name":"Accueil","item":"https:\/\/devtntatelier.com\/jeremy\/"},{"@type":"ListItem","position":2,"name":"Christiane Gosselin, Artiste peintre"}]},{"@type":"WebSite","@id":"https:\/\/devtntatelier.com\/jeremy\/#website","url":"https:\/\/devtntatelier.com\/jeremy\/","name":"Extra Maria","description":"Blogue - D\u00e9couvertes locales et achat local","potentialAction":[{"@type":"SearchAction","target":{"@type":"EntryPoint","urlTemplate":"https:\/\/devtntatelier.com\/jeremy\/?s={search_term_string}"},"query-input":{"@type":"PropertyValueSpecification","valueRequired":true,"valueName":"search_term_string"}}],"inLanguage":"fr-FR"},{"@type":"Person","@id":"https:\/\/devtntatelier.com\/jeremy\/#\/schema\/person\/0a878778dd7d3b51f55c32fe3d0c565b","name":"Am\u00e9lia Fromage","image":{"@type":"ImageObject","inLanguage":"fr-FR","@id":"https:\/\/secure.gravatar.com\/avatar\/a89f2060bca3721d4e33f490e22f18c0ca3155a6e14f9b4f5566b298215bc3c0?s=96&d=mm&r=g","url":"https:\/\/secure.gravatar.com\/avatar\/a89f2060bca3721d4e33f490e22f18c0ca3155a6e14f9b4f5566b298215bc3c0?s=96&d=mm&r=g","contentUrl":"https:\/\/secure.gravatar.com\/avatar\/a89f2060bca3721d4e33f490e22f18c0ca3155a6e14f9b4f5566b298215bc3c0?s=96&d=mm&r=g","caption":"Am\u00e9lia Fromage"},"description":"De nature curieuse, j\u2019aime d\u00e9couvrir de nouvelles choses et en parler autour de moi. Mes deux passions : jardiner et manger du chocolat\u2026 (peut-\u00eatre qu\u2019un jour, je serai capable de faire pousser du chocolat, haha). Sinon, quoi vous dire? Ah oui! Par mon travail \u00e0 la SADC Maria-Chapdelaine, je suis en contact avec beaucoup d\u2019entrepreneurs et me donne comme mission de vous partager leurs bons coups et vous donner le go\u00fbt d\u2019acheter local. Parce que chaque petit geste compte pour faire une diff\u00e9rence. Bonne lecture!","sameAs":["https:\/\/sadcmaria.qc.ca"],"url":"https:\/\/devtntatelier.com\/jeremy\/author\/amelia\/"}]}},"modified_by":"Am\u00e9lia Fromage","_links":{"self":[{"href":"https:\/\/devtntatelier.com\/jeremy\/wp-json\/wp\/v2\/posts\/6371","targetHints":{"allow":["GET"]}}],"collection":[{"href":"https:\/\/devtntatelier.com\/jeremy\/wp-json\/wp\/v2\/posts"}],"about":[{"href":"https:\/\/devtntatelier.com\/jeremy\/wp-json\/wp\/v2\/types\/post"}],"author":[{"embeddable":true,"href":"https:\/\/devtntatelier.com\/jeremy\/wp-json\/wp\/v2\/users\/2"}],"replies":[{"embeddable":true,"href":"https:\/\/devtntatelier.com\/jeremy\/wp-json\/wp\/v2\/comments?post=6371"}],"version-history":[{"count":0,"href":"https:\/\/devtntatelier.com\/jeremy\/wp-json\/wp\/v2\/posts\/6371\/revisions"}],"wp:featuredmedia":[{"embeddable":true,"href":"https:\/\/devtntatelier.com\/jeremy\/wp-json\/wp\/v2\/media\/6586"}],"wp:attachment":[{"href":"https:\/\/devtntatelier.com\/jeremy\/wp-json\/wp\/v2\/media?parent=6371"}],"wp:term":[{"taxonomy":"category","embeddable":true,"href":"https:\/\/devtntatelier.com\/jeremy\/wp-json\/wp\/v2\/categories?post=6371"},{"taxonomy":"post_tag","embeddable":true,"href":"https:\/\/devtntatelier.com\/jeremy\/wp-json\/wp\/v2\/tags?post=6371"}],"curies":[{"name":"wp","href":"https:\/\/api.w.org\/{rel}","templated":true}]}}