{"id":5821,"date":"2023-09-08T14:51:20","date_gmt":"2023-09-08T18:51:20","guid":{"rendered":"https:\/\/devtntatelier.com\/jeremy\/?p=5821"},"modified":"2023-09-16T12:14:03","modified_gmt":"2023-09-16T16:14:03","slug":"domaine-alimenterre","status":"publish","type":"post","link":"https:\/\/devtntatelier.com\/jeremy\/domaine-alimenterre\/","title":{"rendered":"Domaine Alimenterre"},"content":{"rendered":"<p>[et_pb_section fb_built=\u00a0\u00bb1&Prime; _builder_version=\u00a0\u00bb4.22.1&Prime; _module_preset=\u00a0\u00bbdefault\u00a0\u00bb global_colors_info=\u00a0\u00bb{}\u00a0\u00bb][et_pb_row _builder_version=\u00a0\u00bb4.22.1&Prime; _module_preset=\u00a0\u00bbdefault\u00a0\u00bb global_colors_info=\u00a0\u00bb{}\u00a0\u00bb][et_pb_column type=\u00a0\u00bb4_4&Prime; _builder_version=\u00a0\u00bb4.22.1&Prime; _module_preset=\u00a0\u00bbdefault\u00a0\u00bb global_colors_info=\u00a0\u00bb{}\u00a0\u00bb][et_pb_text _builder_version=\u00a0\u00bb4.22.1&Prime; _module_preset=\u00a0\u00bbdefault\u00a0\u00bb global_colors_info=\u00a0\u00bb{}\u00a0\u00bb]<\/p>\n<h1><strong>DOMAINE ALIMENTERRE<\/strong><\/h1>\n<p><strong>Vanessa Verville<\/strong><br \/>Ville : Normandin<br \/>T\u00e9l\u00e9phone : <a href=\"tel:4183761773\">418 376-1773<\/a><br \/>Page Facebook : <a href=\"https:\/\/www.facebook.com\/DomaineAlimenterre\">https:\/\/www.facebook.com\/DomaineAlimenterre<\/a>\u00a0<br \/>Courriel :<a href=\"mailto:domainealimenterre@outlook.com\"><span> domainealimenterre@outlook.com<\/span><\/a><\/p>\n<h2><strong>EXTRA MARIA : PARLEZ-NOUS DE VOUS ET DE VOTRE VISION DU M\u00c9TIER&#8230;<\/strong><\/h2>\n<p><strong>Vanessa :<\/strong><span> Je suis la fondatrice d&rsquo;une entreprise mara\u00eech\u00e8re bas\u00e9e sur la permaculture. L&rsquo;objectif est de rendre \u00e0 la terre ce que l&rsquo;on prend. Je pense que les enjeux du m\u00e9tier de mara\u00eecher sont multiples. Tout d&rsquo;abord, il s&rsquo;agit de promouvoir une approche agricole durable qui respecte l&rsquo;environnement et pr\u00e9serve la biodiversit\u00e9. En adoptant des pratiques de permaculture, je vise \u00e0 cr\u00e9er un \u00e9cosyst\u00e8me harmonieux o\u00f9 les plantes, les animaux et les micro-organismes interagissent de mani\u00e8re \u00e9quilibr\u00e9e. Un autre enjeu important est de sensibiliser les consommateurs \u00e0 l&rsquo;importance de soutenir l&rsquo;agriculture locale et biologique.<\/span><\/p>\n<h2><strong>EXTRA MARIA\u00a0: D\u2019O\u00d9 VOUS EST VENUE VOTRE ID\u00c9E DE PROJET?<\/strong><\/h2>\n<p><strong>Vanessa :<\/strong><span> Bas\u00e9e sur le biomim\u00e9tisme, l&rsquo;id\u00e9e de ce projet m&rsquo;est venue de ma passion pour l&rsquo;agriculture durable et respectueuse de l&rsquo;environnement. Aucun labour n&rsquo;est pratiqu\u00e9, tr\u00e8s peu de d\u00e9sherbage, et j&rsquo;arrose seulement au printemps lors du repiquage des semis. Les rangs sont pleins d&rsquo;abondance et mix\u00e9s de plusieurs vari\u00e9t\u00e9s sur toute la longueur. Un rang de 65 pieds peut contenir par exemple 2 \u00e0 4 vari\u00e9t\u00e9s : c\u00e9leri\/poireau\/oignon\/brocoli ou carottes\/ails ou salades radis\/fines herbes.<\/span><\/p>\n<h2><strong>EXTRA MARIA\u00a0: QUELS PRODUITS ET SERVICES OFFREZ-VOUS?<\/strong><\/h2>\n<p><strong>Vanessa :<\/strong><span> J&rsquo;offre une vari\u00e9t\u00e9 de produits frais mais \u00e9galement des produits moches (non conformes en apparence) \u00e0 tr\u00e8s faible co\u00fbt. Je donne parfois ces derniers aux clients qui passent des commandes r\u00e9guli\u00e8res afin d&rsquo;\u00e9viter le gaspillage alimentaire.\u00a0<\/span><\/p>\n<h2><strong>EXTRA MARIA\u00a0: COMMENT \u00c7A FONCTIONNE?<\/strong><\/h2>\n<p><strong>Vanessa :<\/strong><span> Mon offre comprend la vente \u00e0 l&rsquo;unit\u00e9, des paniers personnalis\u00e9s et un service de livraison \u00e0 domicile chaque semaine. Les paniers sont compos\u00e9s des produits disponibles au moment de la livraison, et les articles sont vendus au poids ou \u00e0 l&rsquo;unit\u00e9.<\/span><\/p>\n<h2><strong>EXTRA MARIA\u00a0: \u00c0 PARTIR DE QUAND PEUT-ON S\u2019INSCRIRE POUR LES PANIERS DE L\u00c9GUMES?<\/strong><\/h2>\n<p><strong>Vanessa :<\/strong><span> Je prends les commandes d\u00e8s le printemps.<\/span><\/p>\n<h2><strong>EXTRA MARIA\u00a0: QUELLES SONT VOS HEURES D\u2019OUVERTURE?<\/strong><\/h2>\n<p><strong>Vanessa :<\/strong><span> Je n&rsquo;ai pas d&rsquo;heures d&rsquo;ouverture sp\u00e9cifiques car je ne propose pas d&rsquo;auto-cueillette. Les clients peuvent m&rsquo;\u00e9crire \u00e0 tout moment pour recevoir mes produits, livrer dans les jours qui suivent.<\/span><\/p>\n<h2><strong>EXTRA MARIA\u00a0: COMMENT PEUT-ON VOUS REJOINDRE?<\/strong><\/h2>\n<p><strong>Vanessa :<\/strong> Les personnes int\u00e9ress\u00e9es peuvent communiquer avec moi par t\u00e9l\u00e9phone au <a href=\"tel:4183761773\"><strong>418 376-1773<\/strong><\/a>, par courriel \u00e0 <a href=\"mailto:domainealimenterre@outlook.com\"><strong>domainealimenterre@outlook.com<\/strong><\/a> ou via notre\u00a0<a href=\"https:\/\/www.facebook.com\/DomaineAlimenterre\u00a0\"><strong>page Facebook<\/strong><\/a>.\u00a0<\/p>\n<h2><strong>EXTRA MARIA\u00a0: PEUT-ON RETROUVER VOS PRODUITS DANS D\u2019AUTRES POINTS DE VENTE?<\/strong><\/h2>\n<p><strong>Vanessa:<\/strong><span> Vous pouvez trouver mon point de vente principal au Domaine du Ranch \u00e0 St Jeanne d&rsquo;Arc, au Kiosque Bud en face du Bar D&rsquo;elle. Un frigo libre service y est install\u00e9. Des sacs \u00e0 5 $ y sont d\u00e9pos\u00e9s chaque vendredi. Une bo\u00eete \u00e0 argent est \u00e0 l&rsquo;int\u00e9rieur du frigo. Actuellement, mes produits ne sont disponibles que dans mon point de vente ou via mon service de livraison \u00e0 domicile.<\/span><\/p>\n<p>[\/et_pb_text][\/et_pb_column][\/et_pb_row][\/et_pb_section]<\/p>\n","protected":false},"excerpt":{"rendered":"<p>DOMAINE ALIMENTERRE Vanessa VervilleVille : NormandinT\u00e9l\u00e9phone : 418 376-1773Page Facebook : https:\/\/www.facebook.com\/DomaineAlimenterre\u00a0Courriel : domainealimenterre@outlook.com EXTRA MARIA : PARLEZ-NOUS DE VOUS ET DE VOTRE VISION DU M\u00c9TIER&#8230; Vanessa : Je suis [&hellip;]<\/p>\n","protected":false},"author":2,"featured_media":5818,"comment_status":"open","ping_status":"closed","sticky":false,"template":"","format":"standard","meta":{"_et_pb_use_builder":"on","_et_pb_old_content":"","_et_gb_content_width":"","_lmt_disableupdate":"","_lmt_disable":"","_price":"","_stock":"","_tribe_ticket_header":"","_tribe_default_ticket_provider":"","_tribe_ticket_capacity":"0","_ticket_start_date":"","_ticket_end_date":"","_tribe_ticket_show_description":"","_tribe_ticket_show_not_going":false,"_tribe_ticket_use_global_stock":"","_tribe_ticket_global_stock_level":"","_global_stock_mode":"","_global_stock_cap":"","_tribe_rsvp_for_event":"","_tribe_ticket_going_count":"","_tribe_ticket_not_going_count":"","_tribe_tickets_list":"[]","_tribe_ticket_has_attendee_info_fields":false,"footnotes":""},"categories":[188],"tags":[],"class_list":["post-5821","post","type-post","status-publish","format-standard","has-post-thumbnail","hentry","category-nos-producteurs"],"yoast_head":"<!-- This site is optimized with the Yoast SEO Premium plugin v25.9 (Yoast SEO v28.4) - https:\/\/yoast.com\/product\/yoast-seo-premium-wordpress\/ -->\n<title>Domaine Alimenterre - Extra Maria<\/title>\n<meta name=\"robots\" content=\"index, follow, max-snippet:-1, max-image-preview:large, max-video-preview:-1\" \/>\n<link rel=\"canonical\" href=\"https:\/\/devtntatelier.com\/jeremy\/domaine-alimenterre\/\" \/>\n<meta property=\"og:locale\" content=\"fr_FR\" \/>\n<meta property=\"og:type\" content=\"article\" \/>\n<meta property=\"og:title\" content=\"Domaine Alimenterre\" \/>\n<meta property=\"og:url\" content=\"https:\/\/devtntatelier.com\/jeremy\/domaine-alimenterre\/\" \/>\n<meta property=\"og:site_name\" content=\"Extra Maria\" \/>\n<meta property=\"article:published_time\" content=\"2023-09-08T18:51:20+00:00\" \/>\n<meta property=\"article:modified_time\" content=\"2023-09-16T16:14:03+00:00\" \/>\n<meta property=\"og:image\" content=\"https:\/\/devtntatelier.com\/jeremy\/wp-content\/uploads\/2023\/09\/Design-sans-titre-11.jpg\" \/>\n\t<meta property=\"og:image:width\" content=\"1200\" \/>\n\t<meta property=\"og:image:height\" content=\"630\" \/>\n\t<meta property=\"og:image:type\" content=\"image\/jpeg\" \/>\n<meta name=\"author\" content=\"Am\u00e9lia Fromage\" \/>\n<meta name=\"twitter:card\" content=\"summary_large_image\" \/>\n<meta name=\"twitter:label1\" content=\"\u00c9crit par\" \/>\n\t<meta name=\"twitter:data1\" content=\"Am\u00e9lia Fromage\" \/>\n<script type=\"application\/ld+json\" class=\"yoast-schema-graph\">{\"@context\":\"https:\\\/\\\/schema.org\",\"@graph\":[{\"@type\":\"Article\",\"@id\":\"https:\\\/\\\/devtntatelier.com\\\/jeremy\\\/domaine-alimenterre\\\/#article\",\"isPartOf\":{\"@id\":\"https:\\\/\\\/devtntatelier.com\\\/jeremy\\\/domaine-alimenterre\\\/\"},\"author\":{\"name\":\"Am\u00e9lia Fromage\",\"@id\":\"https:\\\/\\\/devtntatelier.com\\\/jeremy\\\/#\\\/schema\\\/person\\\/0a878778dd7d3b51f55c32fe3d0c565b\"},\"headline\":\"Domaine Alimenterre\",\"datePublished\":\"2023-09-08T18:51:20+00:00\",\"dateModified\":\"2023-09-16T16:14:03+00:00\",\"mainEntityOfPage\":{\"@id\":\"https:\\\/\\\/devtntatelier.com\\\/jeremy\\\/domaine-alimenterre\\\/\"},\"wordCount\":584,\"commentCount\":0,\"image\":{\"@id\":\"https:\\\/\\\/devtntatelier.com\\\/jeremy\\\/domaine-alimenterre\\\/#primaryimage\"},\"thumbnailUrl\":\"https:\\\/\\\/devtntatelier.com\\\/jeremy\\\/wp-content\\\/uploads\\\/2023\\\/09\\\/Design-sans-titre-11.jpg\",\"articleSection\":[\"Nos producteurs locaux\"],\"inLanguage\":\"fr-FR\",\"potentialAction\":[{\"@type\":\"CommentAction\",\"name\":\"Comment\",\"target\":[\"https:\\\/\\\/devtntatelier.com\\\/jeremy\\\/domaine-alimenterre\\\/#respond\"]}]},{\"@type\":\"WebPage\",\"@id\":\"https:\\\/\\\/devtntatelier.com\\\/jeremy\\\/domaine-alimenterre\\\/\",\"url\":\"https:\\\/\\\/devtntatelier.com\\\/jeremy\\\/domaine-alimenterre\\\/\",\"name\":\"Domaine Alimenterre - Extra Maria\",\"isPartOf\":{\"@id\":\"https:\\\/\\\/devtntatelier.com\\\/jeremy\\\/#website\"},\"primaryImageOfPage\":{\"@id\":\"https:\\\/\\\/devtntatelier.com\\\/jeremy\\\/domaine-alimenterre\\\/#primaryimage\"},\"image\":{\"@id\":\"https:\\\/\\\/devtntatelier.com\\\/jeremy\\\/domaine-alimenterre\\\/#primaryimage\"},\"thumbnailUrl\":\"https:\\\/\\\/devtntatelier.com\\\/jeremy\\\/wp-content\\\/uploads\\\/2023\\\/09\\\/Design-sans-titre-11.jpg\",\"datePublished\":\"2023-09-08T18:51:20+00:00\",\"dateModified\":\"2023-09-16T16:14:03+00:00\",\"author\":{\"@id\":\"https:\\\/\\\/devtntatelier.com\\\/jeremy\\\/#\\\/schema\\\/person\\\/0a878778dd7d3b51f55c32fe3d0c565b\"},\"breadcrumb\":{\"@id\":\"https:\\\/\\\/devtntatelier.com\\\/jeremy\\\/domaine-alimenterre\\\/#breadcrumb\"},\"inLanguage\":\"fr-FR\",\"potentialAction\":[{\"@type\":\"ReadAction\",\"target\":[\"https:\\\/\\\/devtntatelier.com\\\/jeremy\\\/domaine-alimenterre\\\/\"]}]},{\"@type\":\"ImageObject\",\"inLanguage\":\"fr-FR\",\"@id\":\"https:\\\/\\\/devtntatelier.com\\\/jeremy\\\/domaine-alimenterre\\\/#primaryimage\",\"url\":\"https:\\\/\\\/devtntatelier.com\\\/jeremy\\\/wp-content\\\/uploads\\\/2023\\\/09\\\/Design-sans-titre-11.jpg\",\"contentUrl\":\"https:\\\/\\\/devtntatelier.com\\\/jeremy\\\/wp-content\\\/uploads\\\/2023\\\/09\\\/Design-sans-titre-11.jpg\",\"width\":1200,\"height\":630},{\"@type\":\"BreadcrumbList\",\"@id\":\"https:\\\/\\\/devtntatelier.com\\\/jeremy\\\/domaine-alimenterre\\\/#breadcrumb\",\"itemListElement\":[{\"@type\":\"ListItem\",\"position\":1,\"name\":\"Accueil\",\"item\":\"https:\\\/\\\/devtntatelier.com\\\/jeremy\\\/\"},{\"@type\":\"ListItem\",\"position\":2,\"name\":\"Domaine Alimenterre\"}]},{\"@type\":\"WebSite\",\"@id\":\"https:\\\/\\\/devtntatelier.com\\\/jeremy\\\/#website\",\"url\":\"https:\\\/\\\/devtntatelier.com\\\/jeremy\\\/\",\"name\":\"Extra Maria\",\"description\":\"Blogue - D\u00e9couvertes locales et achat local\",\"potentialAction\":[{\"@type\":\"SearchAction\",\"target\":{\"@type\":\"EntryPoint\",\"urlTemplate\":\"https:\\\/\\\/devtntatelier.com\\\/jeremy\\\/?s={search_term_string}\"},\"query-input\":{\"@type\":\"PropertyValueSpecification\",\"valueRequired\":true,\"valueName\":\"search_term_string\"}}],\"inLanguage\":\"fr-FR\"},{\"@type\":\"Person\",\"@id\":\"https:\\\/\\\/devtntatelier.com\\\/jeremy\\\/#\\\/schema\\\/person\\\/0a878778dd7d3b51f55c32fe3d0c565b\",\"name\":\"Am\u00e9lia Fromage\",\"image\":{\"@type\":\"ImageObject\",\"inLanguage\":\"fr-FR\",\"@id\":\"https:\\\/\\\/secure.gravatar.com\\\/avatar\\\/a89f2060bca3721d4e33f490e22f18c0ca3155a6e14f9b4f5566b298215bc3c0?s=96&d=mm&r=g\",\"url\":\"https:\\\/\\\/secure.gravatar.com\\\/avatar\\\/a89f2060bca3721d4e33f490e22f18c0ca3155a6e14f9b4f5566b298215bc3c0?s=96&d=mm&r=g\",\"contentUrl\":\"https:\\\/\\\/secure.gravatar.com\\\/avatar\\\/a89f2060bca3721d4e33f490e22f18c0ca3155a6e14f9b4f5566b298215bc3c0?s=96&d=mm&r=g\",\"caption\":\"Am\u00e9lia Fromage\"},\"description\":\"De nature curieuse, j\u2019aime d\u00e9couvrir de nouvelles choses et en parler autour de moi. Mes deux passions : jardiner et manger du chocolat\u2026 (peut-\u00eatre qu\u2019un jour, je serai capable de faire pousser du chocolat, haha). Sinon, quoi vous dire? Ah oui! Par mon travail \u00e0 la SADC Maria-Chapdelaine, je suis en contact avec beaucoup d\u2019entrepreneurs et me donne comme mission de vous partager leurs bons coups et vous donner le go\u00fbt d\u2019acheter local. Parce que chaque petit geste compte pour faire une diff\u00e9rence. Bonne lecture!\",\"sameAs\":[\"https:\\\/\\\/sadcmaria.qc.ca\"],\"url\":\"https:\\\/\\\/devtntatelier.com\\\/jeremy\\\/author\\\/amelia\\\/\"}]}<\/script>\n<!-- \/ Yoast SEO Premium plugin. -->","yoast_head_json":{"title":"Domaine Alimenterre - Extra Maria","robots":{"index":"index","follow":"follow","max-snippet":"max-snippet:-1","max-image-preview":"max-image-preview:large","max-video-preview":"max-video-preview:-1"},"canonical":"https:\/\/devtntatelier.com\/jeremy\/domaine-alimenterre\/","og_locale":"fr_FR","og_type":"article","og_title":"Domaine Alimenterre","og_url":"https:\/\/devtntatelier.com\/jeremy\/domaine-alimenterre\/","og_site_name":"Extra Maria","article_published_time":"2023-09-08T18:51:20+00:00","article_modified_time":"2023-09-16T16:14:03+00:00","og_image":[{"width":1200,"height":630,"url":"https:\/\/devtntatelier.com\/jeremy\/wp-content\/uploads\/2023\/09\/Design-sans-titre-11.jpg","type":"image\/jpeg"}],"author":"Am\u00e9lia Fromage","twitter_card":"summary_large_image","twitter_misc":{"\u00c9crit par":"Am\u00e9lia Fromage"},"schema":{"@context":"https:\/\/schema.org","@graph":[{"@type":"Article","@id":"https:\/\/devtntatelier.com\/jeremy\/domaine-alimenterre\/#article","isPartOf":{"@id":"https:\/\/devtntatelier.com\/jeremy\/domaine-alimenterre\/"},"author":{"name":"Am\u00e9lia Fromage","@id":"https:\/\/devtntatelier.com\/jeremy\/#\/schema\/person\/0a878778dd7d3b51f55c32fe3d0c565b"},"headline":"Domaine Alimenterre","datePublished":"2023-09-08T18:51:20+00:00","dateModified":"2023-09-16T16:14:03+00:00","mainEntityOfPage":{"@id":"https:\/\/devtntatelier.com\/jeremy\/domaine-alimenterre\/"},"wordCount":584,"commentCount":0,"image":{"@id":"https:\/\/devtntatelier.com\/jeremy\/domaine-alimenterre\/#primaryimage"},"thumbnailUrl":"https:\/\/devtntatelier.com\/jeremy\/wp-content\/uploads\/2023\/09\/Design-sans-titre-11.jpg","articleSection":["Nos producteurs locaux"],"inLanguage":"fr-FR","potentialAction":[{"@type":"CommentAction","name":"Comment","target":["https:\/\/devtntatelier.com\/jeremy\/domaine-alimenterre\/#respond"]}]},{"@type":"WebPage","@id":"https:\/\/devtntatelier.com\/jeremy\/domaine-alimenterre\/","url":"https:\/\/devtntatelier.com\/jeremy\/domaine-alimenterre\/","name":"Domaine Alimenterre - Extra Maria","isPartOf":{"@id":"https:\/\/devtntatelier.com\/jeremy\/#website"},"primaryImageOfPage":{"@id":"https:\/\/devtntatelier.com\/jeremy\/domaine-alimenterre\/#primaryimage"},"image":{"@id":"https:\/\/devtntatelier.com\/jeremy\/domaine-alimenterre\/#primaryimage"},"thumbnailUrl":"https:\/\/devtntatelier.com\/jeremy\/wp-content\/uploads\/2023\/09\/Design-sans-titre-11.jpg","datePublished":"2023-09-08T18:51:20+00:00","dateModified":"2023-09-16T16:14:03+00:00","author":{"@id":"https:\/\/devtntatelier.com\/jeremy\/#\/schema\/person\/0a878778dd7d3b51f55c32fe3d0c565b"},"breadcrumb":{"@id":"https:\/\/devtntatelier.com\/jeremy\/domaine-alimenterre\/#breadcrumb"},"inLanguage":"fr-FR","potentialAction":[{"@type":"ReadAction","target":["https:\/\/devtntatelier.com\/jeremy\/domaine-alimenterre\/"]}]},{"@type":"ImageObject","inLanguage":"fr-FR","@id":"https:\/\/devtntatelier.com\/jeremy\/domaine-alimenterre\/#primaryimage","url":"https:\/\/devtntatelier.com\/jeremy\/wp-content\/uploads\/2023\/09\/Design-sans-titre-11.jpg","contentUrl":"https:\/\/devtntatelier.com\/jeremy\/wp-content\/uploads\/2023\/09\/Design-sans-titre-11.jpg","width":1200,"height":630},{"@type":"BreadcrumbList","@id":"https:\/\/devtntatelier.com\/jeremy\/domaine-alimenterre\/#breadcrumb","itemListElement":[{"@type":"ListItem","position":1,"name":"Accueil","item":"https:\/\/devtntatelier.com\/jeremy\/"},{"@type":"ListItem","position":2,"name":"Domaine Alimenterre"}]},{"@type":"WebSite","@id":"https:\/\/devtntatelier.com\/jeremy\/#website","url":"https:\/\/devtntatelier.com\/jeremy\/","name":"Extra Maria","description":"Blogue - D\u00e9couvertes locales et achat local","potentialAction":[{"@type":"SearchAction","target":{"@type":"EntryPoint","urlTemplate":"https:\/\/devtntatelier.com\/jeremy\/?s={search_term_string}"},"query-input":{"@type":"PropertyValueSpecification","valueRequired":true,"valueName":"search_term_string"}}],"inLanguage":"fr-FR"},{"@type":"Person","@id":"https:\/\/devtntatelier.com\/jeremy\/#\/schema\/person\/0a878778dd7d3b51f55c32fe3d0c565b","name":"Am\u00e9lia Fromage","image":{"@type":"ImageObject","inLanguage":"fr-FR","@id":"https:\/\/secure.gravatar.com\/avatar\/a89f2060bca3721d4e33f490e22f18c0ca3155a6e14f9b4f5566b298215bc3c0?s=96&d=mm&r=g","url":"https:\/\/secure.gravatar.com\/avatar\/a89f2060bca3721d4e33f490e22f18c0ca3155a6e14f9b4f5566b298215bc3c0?s=96&d=mm&r=g","contentUrl":"https:\/\/secure.gravatar.com\/avatar\/a89f2060bca3721d4e33f490e22f18c0ca3155a6e14f9b4f5566b298215bc3c0?s=96&d=mm&r=g","caption":"Am\u00e9lia Fromage"},"description":"De nature curieuse, j\u2019aime d\u00e9couvrir de nouvelles choses et en parler autour de moi. Mes deux passions : jardiner et manger du chocolat\u2026 (peut-\u00eatre qu\u2019un jour, je serai capable de faire pousser du chocolat, haha). Sinon, quoi vous dire? Ah oui! Par mon travail \u00e0 la SADC Maria-Chapdelaine, je suis en contact avec beaucoup d\u2019entrepreneurs et me donne comme mission de vous partager leurs bons coups et vous donner le go\u00fbt d\u2019acheter local. Parce que chaque petit geste compte pour faire une diff\u00e9rence. Bonne lecture!","sameAs":["https:\/\/sadcmaria.qc.ca"],"url":"https:\/\/devtntatelier.com\/jeremy\/author\/amelia\/"}]}},"modified_by":"Am\u00e9lia Fromage","_links":{"self":[{"href":"https:\/\/devtntatelier.com\/jeremy\/wp-json\/wp\/v2\/posts\/5821","targetHints":{"allow":["GET"]}}],"collection":[{"href":"https:\/\/devtntatelier.com\/jeremy\/wp-json\/wp\/v2\/posts"}],"about":[{"href":"https:\/\/devtntatelier.com\/jeremy\/wp-json\/wp\/v2\/types\/post"}],"author":[{"embeddable":true,"href":"https:\/\/devtntatelier.com\/jeremy\/wp-json\/wp\/v2\/users\/2"}],"replies":[{"embeddable":true,"href":"https:\/\/devtntatelier.com\/jeremy\/wp-json\/wp\/v2\/comments?post=5821"}],"version-history":[{"count":0,"href":"https:\/\/devtntatelier.com\/jeremy\/wp-json\/wp\/v2\/posts\/5821\/revisions"}],"wp:featuredmedia":[{"embeddable":true,"href":"https:\/\/devtntatelier.com\/jeremy\/wp-json\/wp\/v2\/media\/5818"}],"wp:attachment":[{"href":"https:\/\/devtntatelier.com\/jeremy\/wp-json\/wp\/v2\/media?parent=5821"}],"wp:term":[{"taxonomy":"category","embeddable":true,"href":"https:\/\/devtntatelier.com\/jeremy\/wp-json\/wp\/v2\/categories?post=5821"},{"taxonomy":"post_tag","embeddable":true,"href":"https:\/\/devtntatelier.com\/jeremy\/wp-json\/wp\/v2\/tags?post=5821"}],"curies":[{"name":"wp","href":"https:\/\/api.w.org\/{rel}","templated":true}]}}