{"id":5775,"date":"2023-08-02T10:03:05","date_gmt":"2023-08-02T14:03:05","guid":{"rendered":"https:\/\/devtntatelier.com\/jeremy\/?p=5775"},"modified":"2023-08-05T11:38:23","modified_gmt":"2023-08-05T15:38:23","slug":"le-festival-du-bleuet-lance-sa-61e-edition-du-3-au-5-aout-2023","status":"publish","type":"post","link":"https:\/\/devtntatelier.com\/jeremy\/le-festival-du-bleuet-lance-sa-61e-edition-du-3-au-5-aout-2023\/","title":{"rendered":"Le Festival du Bleuet lance sa 61e \u00e9dition du 3 au 5 ao\u00fbt 2023!"},"content":{"rendered":"<p>[et_pb_section fb_built=\u00a0\u00bb1&Prime; _builder_version=\u00a0\u00bb4.21.0&Prime; _module_preset=\u00a0\u00bbdefault\u00a0\u00bb global_colors_info=\u00a0\u00bb{}\u00a0\u00bb][et_pb_row _builder_version=\u00a0\u00bb4.21.0&Prime; _module_preset=\u00a0\u00bbdefault\u00a0\u00bb global_colors_info=\u00a0\u00bb{}\u00a0\u00bb][et_pb_column type=\u00a0\u00bb4_4&Prime; _builder_version=\u00a0\u00bb4.21.0&Prime; _module_preset=\u00a0\u00bbdefault\u00a0\u00bb global_colors_info=\u00a0\u00bb{}\u00a0\u00bb][et_pb_text _builder_version=\u00a0\u00bb4.21.0&Prime; _module_preset=\u00a0\u00bbdefault\u00a0\u00bb global_colors_info=\u00a0\u00bb{}\u00a0\u00bb]<\/p>\n<h1>Le\u00a0<strong>Festival du Bleuet lance sa 61<sup>e<\/sup> \u00e9dition du 3 au 5 ao\u00fbt prochain<\/strong>, sur le site habituel, derri\u00e8re la salle de spectacle de Dolbeau-Mistassini. \u00c0 quelques jours de l\u2019\u00e9v\u00e9nement, la f\u00e9brilit\u00e9 est palpable! Le comit\u00e9 organisateur a tr\u00e8s h\u00e2te de vous pr\u00e9senter cette nouvelle \u00e9dition toujours aussi riche en activit\u00e9s et en spectacles.<\/h1>\n<h2><strong><\/strong><\/h2>\n<h2><strong>UNE BELLE PROGRAMMATION DE SPECTACLES<\/strong>\u00a0<\/h2>\n<p>Le festival est r\u00e9put\u00e9 pour attirer des artistes d\u2019envergure! Cette ann\u00e9e, les shows de musique d\u00e9buteront <strong>jeudi<\/strong> avec le spectacle d\u2019<strong>Andie Therio<\/strong>, autodidacte et auteure-compositrice-interpr\u00e8te influenc\u00e9e par la country, le pop-rock et le folk, suivi du spectacle de <strong>Guylaine Tanguay<\/strong>,\u00a0qui vous offrira des chansons de grands interpr\u00e8tes am\u00e9ricains et fran\u00e7ais, le tout avec des accents country qui en font sa marque bien \u00e0 elle! <strong>Vendredi<\/strong>, <strong>P\u00e9p\u00e9 et sa guitare<\/strong> se produira sur sc\u00e8ne, suivi du spectacle de <strong>Les Trois Accords<\/strong>. <strong>DJ Morenzn\u2019Mao<\/strong> prendra la suite. Enfin, <strong>samedi<\/strong>, les festivaliers pourront assister au spectacle de <strong>Fredz<\/strong>, v\u00e9ritable ph\u00e9nom\u00e8ne du rap, suivi du spectacle de <strong>Roxane Bruneau<\/strong> pour finir par <strong>Lucky Rose<\/strong>, duo Canadien reconnu pour ses sonorit\u00e9s uniques avec des refrains accrocheurs et des instruments organiques.<\/p>\n<p>L\u2019ouverture des portes du site se fera chaque soir d\u00e8s 19h00 et les spectacles d\u00e9buteront \u00e0 20h30. Les billets unitaires et les passeports sont en vente <span style=\"text-decoration: underline;\"><a href=\"https:\/\/lepointdevente.com\/billets\/d7e230802001?fbclid=IwAR3DZr-9yTHPD8ApnL-fbFAPtv_ZoLQP7coxnZVo9rSvd9c9Ado2ACTkz-w\"><strong>en cliquant ici!<\/strong><\/a><\/span> \u00c0 noter que les spectacles sont gratuits pour les moins de 12 ans, et au co\u00fbt de 21 $ par soir pour les 13 \u00e0 17 ans.<\/p>\n<h2><strong>DE L\u2019ANIMATION SUR TROIS JOURS<\/strong><\/h2>\n<p>Cette ann\u00e9e, l\u2019acc\u00e8s au site est gratuit entre 10h et 15h les 3-4-5 ao\u00fbt. Une foule d\u2019activit\u00e9s est pr\u00e9vue pour distraire les festivaliers de tout \u00e2ge dont les <strong>jeux gonflables de Les Amusements Gonflables du Royaume, la pr\u00e9sence de mascottes et d\u2019exposants tout au long du festival de 10h \u00e0 15h<\/strong>, ainsi que la <strong>visite de la bleueti\u00e8re tous les jours \u00e0 15h<\/strong>.<\/p>\n<p>De plus, <strong>Jeudi <\/strong>\u00e0 10h30 aura lieu la <strong>Course de Boite \u00e0 Savon<\/strong>, une belle collaboration du festival avec le Club Optimiste Dolbeau-Mistassini. \u00c0 11h30, un <strong>Diner Hot-Dogs en collaboration avec le restaurant Le Roi du chien chaud et les Policiers de la Suret\u00e9 du Qu\u00e9bec Secteur Dolbeau-Mistassini <\/strong>sera propos\u00e9 au co\u00fbt de 2 $du hot-dog et de 2 $ de la frite. \u00c0 13h, ne manquez pas le <strong>Spectacle de Magie avec Olivier Simard \u2013 Magicien<\/strong>.<\/p>\n<p><strong>Vendredi<\/strong>, on retrouvera le <strong>Tournoi de Poches avec Cornhole Lac St Jean<\/strong>, \u00e0 10h00 <strong>l\u2019exposition de voiture<\/strong>s au stationnement de l&rsquo;ar\u00e9na secteur Mistassini, de 10h00 \u00e0 14h00 de <strong>la danse en Ligne avec Nathalie Paquet<\/strong>, et \u00e0 11h30 un <strong>diner Jeannois avec Les Banquets Francis<\/strong> (co\u00fbt : 22,00 $\/adulte et 11,00 $\/enfant).<\/p>\n<p><strong>Samedi<\/strong>, les festivaliers pourront <strong>d\u00eener sur place avec St-Hubert<\/strong> au co\u00fbt de 11,00 $ par repas. \u00c0 midi, il y aura la <strong>traditionnelle d\u00e9gustation de la Tarte G\u00e9ante<\/strong> et \u00e0 13h00 un <strong>spectacle de BMX<\/strong>!<\/p>\n<p>Pour conna\u00eetre tous les d\u00e9tails, visitez la\u00a0<a href=\"https:\/\/www.facebook.com\/festivaldubleuet\">page <span style=\"text-decoration: underline;\">Facebook du Festival<\/span><\/a><span style=\"text-decoration: underline;\">\u00a0<\/span>et leur\u00a0<span style=\"text-decoration: underline;\"><a href=\"https:\/\/www.festivaldubleuet.com\/?fbclid=IwAR0ygFHA9A3wdhsQAAORXVnKgg1py8RclSbh5qPyNmTfxDJGufqdLtFldus\">site web<\/a><\/span>.<\/p>\n<p>(Cr\u00e9dit photo : Festival du Bleuet de Dolbeau-Mistassini)<\/p>\n<p>[\/et_pb_text][\/et_pb_column][\/et_pb_row][\/et_pb_section]<\/p>\n","protected":false},"excerpt":{"rendered":"<p>Le\u00a0Festival du Bleuet lance sa 61e \u00e9dition du 3 au 5 ao\u00fbt prochain, sur le site habituel, derri\u00e8re la salle de spectacle de Dolbeau-Mistassini. \u00c0 quelques jours de l\u2019\u00e9v\u00e9nement, la [&hellip;]<\/p>\n","protected":false},"author":2,"featured_media":5776,"comment_status":"open","ping_status":"open","sticky":false,"template":"","format":"standard","meta":{"_et_pb_use_builder":"on","_et_pb_old_content":"","_et_gb_content_width":"","_lmt_disableupdate":"","_lmt_disable":"","_price":"","_stock":"","_tribe_ticket_header":"","_tribe_default_ticket_provider":"","_tribe_ticket_capacity":"0","_ticket_start_date":"","_ticket_end_date":"","_tribe_ticket_show_description":"","_tribe_ticket_show_not_going":false,"_tribe_ticket_use_global_stock":"","_tribe_ticket_global_stock_level":"","_global_stock_mode":"","_global_stock_cap":"","_tribe_rsvp_for_event":"","_tribe_ticket_going_count":"","_tribe_ticket_not_going_count":"","_tribe_tickets_list":"[]","_tribe_ticket_has_attendee_info_fields":false,"footnotes":""},"categories":[4,1],"tags":[],"class_list":["post-5775","post","type-post","status-publish","format-standard","has-post-thumbnail","hentry","category-tendance","category-articles-achat-local-extra-maria"],"yoast_head":"<!-- This site is optimized with the Yoast SEO Premium plugin v25.9 (Yoast SEO v28.4) - https:\/\/yoast.com\/product\/yoast-seo-premium-wordpress\/ -->\n<title>Le Festival du Bleuet lance sa 61e \u00e9dition du 3 au 5 ao\u00fbt 2023! - Extra Maria<\/title>\n<meta name=\"robots\" content=\"index, follow, max-snippet:-1, max-image-preview:large, max-video-preview:-1\" \/>\n<link rel=\"canonical\" href=\"https:\/\/devtntatelier.com\/jeremy\/le-festival-du-bleuet-lance-sa-61e-edition-du-3-au-5-aout-2023\/\" \/>\n<meta property=\"og:locale\" content=\"fr_FR\" \/>\n<meta property=\"og:type\" content=\"article\" \/>\n<meta property=\"og:title\" content=\"Le Festival du Bleuet lance sa 61e \u00e9dition du 3 au 5 ao\u00fbt 2023!\" \/>\n<meta property=\"og:url\" content=\"https:\/\/devtntatelier.com\/jeremy\/le-festival-du-bleuet-lance-sa-61e-edition-du-3-au-5-aout-2023\/\" \/>\n<meta property=\"og:site_name\" content=\"Extra Maria\" \/>\n<meta property=\"article:published_time\" content=\"2023-08-02T14:03:05+00:00\" \/>\n<meta property=\"article:modified_time\" content=\"2023-08-05T15:38:23+00:00\" \/>\n<meta property=\"og:image\" content=\"https:\/\/devtntatelier.com\/jeremy\/wp-content\/uploads\/2023\/08\/Couvertures-Extra-Maria.jpg\" \/>\n\t<meta property=\"og:image:width\" content=\"1200\" \/>\n\t<meta property=\"og:image:height\" content=\"630\" \/>\n\t<meta property=\"og:image:type\" content=\"image\/jpeg\" \/>\n<meta name=\"author\" content=\"Am\u00e9lia Fromage\" \/>\n<meta name=\"twitter:card\" content=\"summary_large_image\" \/>\n<meta name=\"twitter:label1\" content=\"\u00c9crit par\" \/>\n\t<meta name=\"twitter:data1\" content=\"Am\u00e9lia Fromage\" \/>\n<script type=\"application\/ld+json\" class=\"yoast-schema-graph\">{\"@context\":\"https:\\\/\\\/schema.org\",\"@graph\":[{\"@type\":\"Article\",\"@id\":\"https:\\\/\\\/devtntatelier.com\\\/jeremy\\\/le-festival-du-bleuet-lance-sa-61e-edition-du-3-au-5-aout-2023\\\/#article\",\"isPartOf\":{\"@id\":\"https:\\\/\\\/devtntatelier.com\\\/jeremy\\\/le-festival-du-bleuet-lance-sa-61e-edition-du-3-au-5-aout-2023\\\/\"},\"author\":{\"name\":\"Am\u00e9lia Fromage\",\"@id\":\"https:\\\/\\\/devtntatelier.com\\\/jeremy\\\/#\\\/schema\\\/person\\\/0a878778dd7d3b51f55c32fe3d0c565b\"},\"headline\":\"Le Festival du Bleuet lance sa 61e \u00e9dition du 3 au 5 ao\u00fbt 2023!\",\"datePublished\":\"2023-08-02T14:03:05+00:00\",\"dateModified\":\"2023-08-05T15:38:23+00:00\",\"mainEntityOfPage\":{\"@id\":\"https:\\\/\\\/devtntatelier.com\\\/jeremy\\\/le-festival-du-bleuet-lance-sa-61e-edition-du-3-au-5-aout-2023\\\/\"},\"wordCount\":589,\"commentCount\":0,\"image\":{\"@id\":\"https:\\\/\\\/devtntatelier.com\\\/jeremy\\\/le-festival-du-bleuet-lance-sa-61e-edition-du-3-au-5-aout-2023\\\/#primaryimage\"},\"thumbnailUrl\":\"https:\\\/\\\/devtntatelier.com\\\/jeremy\\\/wp-content\\\/uploads\\\/2023\\\/08\\\/Couvertures-Extra-Maria.jpg\",\"articleSection\":[\"Tendance\",\"Tous les articles\"],\"inLanguage\":\"fr-FR\",\"potentialAction\":[{\"@type\":\"CommentAction\",\"name\":\"Comment\",\"target\":[\"https:\\\/\\\/devtntatelier.com\\\/jeremy\\\/le-festival-du-bleuet-lance-sa-61e-edition-du-3-au-5-aout-2023\\\/#respond\"]}]},{\"@type\":\"WebPage\",\"@id\":\"https:\\\/\\\/devtntatelier.com\\\/jeremy\\\/le-festival-du-bleuet-lance-sa-61e-edition-du-3-au-5-aout-2023\\\/\",\"url\":\"https:\\\/\\\/devtntatelier.com\\\/jeremy\\\/le-festival-du-bleuet-lance-sa-61e-edition-du-3-au-5-aout-2023\\\/\",\"name\":\"Le Festival du Bleuet lance sa 61e \u00e9dition du 3 au 5 ao\u00fbt 2023! - Extra Maria\",\"isPartOf\":{\"@id\":\"https:\\\/\\\/devtntatelier.com\\\/jeremy\\\/#website\"},\"primaryImageOfPage\":{\"@id\":\"https:\\\/\\\/devtntatelier.com\\\/jeremy\\\/le-festival-du-bleuet-lance-sa-61e-edition-du-3-au-5-aout-2023\\\/#primaryimage\"},\"image\":{\"@id\":\"https:\\\/\\\/devtntatelier.com\\\/jeremy\\\/le-festival-du-bleuet-lance-sa-61e-edition-du-3-au-5-aout-2023\\\/#primaryimage\"},\"thumbnailUrl\":\"https:\\\/\\\/devtntatelier.com\\\/jeremy\\\/wp-content\\\/uploads\\\/2023\\\/08\\\/Couvertures-Extra-Maria.jpg\",\"datePublished\":\"2023-08-02T14:03:05+00:00\",\"dateModified\":\"2023-08-05T15:38:23+00:00\",\"author\":{\"@id\":\"https:\\\/\\\/devtntatelier.com\\\/jeremy\\\/#\\\/schema\\\/person\\\/0a878778dd7d3b51f55c32fe3d0c565b\"},\"breadcrumb\":{\"@id\":\"https:\\\/\\\/devtntatelier.com\\\/jeremy\\\/le-festival-du-bleuet-lance-sa-61e-edition-du-3-au-5-aout-2023\\\/#breadcrumb\"},\"inLanguage\":\"fr-FR\",\"potentialAction\":[{\"@type\":\"ReadAction\",\"target\":[\"https:\\\/\\\/devtntatelier.com\\\/jeremy\\\/le-festival-du-bleuet-lance-sa-61e-edition-du-3-au-5-aout-2023\\\/\"]}]},{\"@type\":\"ImageObject\",\"inLanguage\":\"fr-FR\",\"@id\":\"https:\\\/\\\/devtntatelier.com\\\/jeremy\\\/le-festival-du-bleuet-lance-sa-61e-edition-du-3-au-5-aout-2023\\\/#primaryimage\",\"url\":\"https:\\\/\\\/devtntatelier.com\\\/jeremy\\\/wp-content\\\/uploads\\\/2023\\\/08\\\/Couvertures-Extra-Maria.jpg\",\"contentUrl\":\"https:\\\/\\\/devtntatelier.com\\\/jeremy\\\/wp-content\\\/uploads\\\/2023\\\/08\\\/Couvertures-Extra-Maria.jpg\",\"width\":1200,\"height\":630},{\"@type\":\"BreadcrumbList\",\"@id\":\"https:\\\/\\\/devtntatelier.com\\\/jeremy\\\/le-festival-du-bleuet-lance-sa-61e-edition-du-3-au-5-aout-2023\\\/#breadcrumb\",\"itemListElement\":[{\"@type\":\"ListItem\",\"position\":1,\"name\":\"Accueil\",\"item\":\"https:\\\/\\\/devtntatelier.com\\\/jeremy\\\/\"},{\"@type\":\"ListItem\",\"position\":2,\"name\":\"Le Festival du Bleuet lance sa 61e \u00e9dition du 3 au 5 ao\u00fbt 2023!\"}]},{\"@type\":\"WebSite\",\"@id\":\"https:\\\/\\\/devtntatelier.com\\\/jeremy\\\/#website\",\"url\":\"https:\\\/\\\/devtntatelier.com\\\/jeremy\\\/\",\"name\":\"Extra Maria\",\"description\":\"Blogue - D\u00e9couvertes locales et achat local\",\"potentialAction\":[{\"@type\":\"SearchAction\",\"target\":{\"@type\":\"EntryPoint\",\"urlTemplate\":\"https:\\\/\\\/devtntatelier.com\\\/jeremy\\\/?s={search_term_string}\"},\"query-input\":{\"@type\":\"PropertyValueSpecification\",\"valueRequired\":true,\"valueName\":\"search_term_string\"}}],\"inLanguage\":\"fr-FR\"},{\"@type\":\"Person\",\"@id\":\"https:\\\/\\\/devtntatelier.com\\\/jeremy\\\/#\\\/schema\\\/person\\\/0a878778dd7d3b51f55c32fe3d0c565b\",\"name\":\"Am\u00e9lia Fromage\",\"image\":{\"@type\":\"ImageObject\",\"inLanguage\":\"fr-FR\",\"@id\":\"https:\\\/\\\/secure.gravatar.com\\\/avatar\\\/a89f2060bca3721d4e33f490e22f18c0ca3155a6e14f9b4f5566b298215bc3c0?s=96&d=mm&r=g\",\"url\":\"https:\\\/\\\/secure.gravatar.com\\\/avatar\\\/a89f2060bca3721d4e33f490e22f18c0ca3155a6e14f9b4f5566b298215bc3c0?s=96&d=mm&r=g\",\"contentUrl\":\"https:\\\/\\\/secure.gravatar.com\\\/avatar\\\/a89f2060bca3721d4e33f490e22f18c0ca3155a6e14f9b4f5566b298215bc3c0?s=96&d=mm&r=g\",\"caption\":\"Am\u00e9lia Fromage\"},\"description\":\"De nature curieuse, j\u2019aime d\u00e9couvrir de nouvelles choses et en parler autour de moi. Mes deux passions : jardiner et manger du chocolat\u2026 (peut-\u00eatre qu\u2019un jour, je serai capable de faire pousser du chocolat, haha). Sinon, quoi vous dire? Ah oui! Par mon travail \u00e0 la SADC Maria-Chapdelaine, je suis en contact avec beaucoup d\u2019entrepreneurs et me donne comme mission de vous partager leurs bons coups et vous donner le go\u00fbt d\u2019acheter local. Parce que chaque petit geste compte pour faire une diff\u00e9rence. Bonne lecture!\",\"sameAs\":[\"https:\\\/\\\/sadcmaria.qc.ca\"],\"url\":\"https:\\\/\\\/devtntatelier.com\\\/jeremy\\\/author\\\/amelia\\\/\"}]}<\/script>\n<!-- \/ Yoast SEO Premium plugin. -->","yoast_head_json":{"title":"Le Festival du Bleuet lance sa 61e \u00e9dition du 3 au 5 ao\u00fbt 2023! - Extra Maria","robots":{"index":"index","follow":"follow","max-snippet":"max-snippet:-1","max-image-preview":"max-image-preview:large","max-video-preview":"max-video-preview:-1"},"canonical":"https:\/\/devtntatelier.com\/jeremy\/le-festival-du-bleuet-lance-sa-61e-edition-du-3-au-5-aout-2023\/","og_locale":"fr_FR","og_type":"article","og_title":"Le Festival du Bleuet lance sa 61e \u00e9dition du 3 au 5 ao\u00fbt 2023!","og_url":"https:\/\/devtntatelier.com\/jeremy\/le-festival-du-bleuet-lance-sa-61e-edition-du-3-au-5-aout-2023\/","og_site_name":"Extra Maria","article_published_time":"2023-08-02T14:03:05+00:00","article_modified_time":"2023-08-05T15:38:23+00:00","og_image":[{"width":1200,"height":630,"url":"https:\/\/devtntatelier.com\/jeremy\/wp-content\/uploads\/2023\/08\/Couvertures-Extra-Maria.jpg","type":"image\/jpeg"}],"author":"Am\u00e9lia Fromage","twitter_card":"summary_large_image","twitter_misc":{"\u00c9crit par":"Am\u00e9lia Fromage"},"schema":{"@context":"https:\/\/schema.org","@graph":[{"@type":"Article","@id":"https:\/\/devtntatelier.com\/jeremy\/le-festival-du-bleuet-lance-sa-61e-edition-du-3-au-5-aout-2023\/#article","isPartOf":{"@id":"https:\/\/devtntatelier.com\/jeremy\/le-festival-du-bleuet-lance-sa-61e-edition-du-3-au-5-aout-2023\/"},"author":{"name":"Am\u00e9lia Fromage","@id":"https:\/\/devtntatelier.com\/jeremy\/#\/schema\/person\/0a878778dd7d3b51f55c32fe3d0c565b"},"headline":"Le Festival du Bleuet lance sa 61e \u00e9dition du 3 au 5 ao\u00fbt 2023!","datePublished":"2023-08-02T14:03:05+00:00","dateModified":"2023-08-05T15:38:23+00:00","mainEntityOfPage":{"@id":"https:\/\/devtntatelier.com\/jeremy\/le-festival-du-bleuet-lance-sa-61e-edition-du-3-au-5-aout-2023\/"},"wordCount":589,"commentCount":0,"image":{"@id":"https:\/\/devtntatelier.com\/jeremy\/le-festival-du-bleuet-lance-sa-61e-edition-du-3-au-5-aout-2023\/#primaryimage"},"thumbnailUrl":"https:\/\/devtntatelier.com\/jeremy\/wp-content\/uploads\/2023\/08\/Couvertures-Extra-Maria.jpg","articleSection":["Tendance","Tous les articles"],"inLanguage":"fr-FR","potentialAction":[{"@type":"CommentAction","name":"Comment","target":["https:\/\/devtntatelier.com\/jeremy\/le-festival-du-bleuet-lance-sa-61e-edition-du-3-au-5-aout-2023\/#respond"]}]},{"@type":"WebPage","@id":"https:\/\/devtntatelier.com\/jeremy\/le-festival-du-bleuet-lance-sa-61e-edition-du-3-au-5-aout-2023\/","url":"https:\/\/devtntatelier.com\/jeremy\/le-festival-du-bleuet-lance-sa-61e-edition-du-3-au-5-aout-2023\/","name":"Le Festival du Bleuet lance sa 61e \u00e9dition du 3 au 5 ao\u00fbt 2023! - Extra Maria","isPartOf":{"@id":"https:\/\/devtntatelier.com\/jeremy\/#website"},"primaryImageOfPage":{"@id":"https:\/\/devtntatelier.com\/jeremy\/le-festival-du-bleuet-lance-sa-61e-edition-du-3-au-5-aout-2023\/#primaryimage"},"image":{"@id":"https:\/\/devtntatelier.com\/jeremy\/le-festival-du-bleuet-lance-sa-61e-edition-du-3-au-5-aout-2023\/#primaryimage"},"thumbnailUrl":"https:\/\/devtntatelier.com\/jeremy\/wp-content\/uploads\/2023\/08\/Couvertures-Extra-Maria.jpg","datePublished":"2023-08-02T14:03:05+00:00","dateModified":"2023-08-05T15:38:23+00:00","author":{"@id":"https:\/\/devtntatelier.com\/jeremy\/#\/schema\/person\/0a878778dd7d3b51f55c32fe3d0c565b"},"breadcrumb":{"@id":"https:\/\/devtntatelier.com\/jeremy\/le-festival-du-bleuet-lance-sa-61e-edition-du-3-au-5-aout-2023\/#breadcrumb"},"inLanguage":"fr-FR","potentialAction":[{"@type":"ReadAction","target":["https:\/\/devtntatelier.com\/jeremy\/le-festival-du-bleuet-lance-sa-61e-edition-du-3-au-5-aout-2023\/"]}]},{"@type":"ImageObject","inLanguage":"fr-FR","@id":"https:\/\/devtntatelier.com\/jeremy\/le-festival-du-bleuet-lance-sa-61e-edition-du-3-au-5-aout-2023\/#primaryimage","url":"https:\/\/devtntatelier.com\/jeremy\/wp-content\/uploads\/2023\/08\/Couvertures-Extra-Maria.jpg","contentUrl":"https:\/\/devtntatelier.com\/jeremy\/wp-content\/uploads\/2023\/08\/Couvertures-Extra-Maria.jpg","width":1200,"height":630},{"@type":"BreadcrumbList","@id":"https:\/\/devtntatelier.com\/jeremy\/le-festival-du-bleuet-lance-sa-61e-edition-du-3-au-5-aout-2023\/#breadcrumb","itemListElement":[{"@type":"ListItem","position":1,"name":"Accueil","item":"https:\/\/devtntatelier.com\/jeremy\/"},{"@type":"ListItem","position":2,"name":"Le Festival du Bleuet lance sa 61e \u00e9dition du 3 au 5 ao\u00fbt 2023!"}]},{"@type":"WebSite","@id":"https:\/\/devtntatelier.com\/jeremy\/#website","url":"https:\/\/devtntatelier.com\/jeremy\/","name":"Extra Maria","description":"Blogue - D\u00e9couvertes locales et achat local","potentialAction":[{"@type":"SearchAction","target":{"@type":"EntryPoint","urlTemplate":"https:\/\/devtntatelier.com\/jeremy\/?s={search_term_string}"},"query-input":{"@type":"PropertyValueSpecification","valueRequired":true,"valueName":"search_term_string"}}],"inLanguage":"fr-FR"},{"@type":"Person","@id":"https:\/\/devtntatelier.com\/jeremy\/#\/schema\/person\/0a878778dd7d3b51f55c32fe3d0c565b","name":"Am\u00e9lia Fromage","image":{"@type":"ImageObject","inLanguage":"fr-FR","@id":"https:\/\/secure.gravatar.com\/avatar\/a89f2060bca3721d4e33f490e22f18c0ca3155a6e14f9b4f5566b298215bc3c0?s=96&d=mm&r=g","url":"https:\/\/secure.gravatar.com\/avatar\/a89f2060bca3721d4e33f490e22f18c0ca3155a6e14f9b4f5566b298215bc3c0?s=96&d=mm&r=g","contentUrl":"https:\/\/secure.gravatar.com\/avatar\/a89f2060bca3721d4e33f490e22f18c0ca3155a6e14f9b4f5566b298215bc3c0?s=96&d=mm&r=g","caption":"Am\u00e9lia Fromage"},"description":"De nature curieuse, j\u2019aime d\u00e9couvrir de nouvelles choses et en parler autour de moi. Mes deux passions : jardiner et manger du chocolat\u2026 (peut-\u00eatre qu\u2019un jour, je serai capable de faire pousser du chocolat, haha). Sinon, quoi vous dire? Ah oui! Par mon travail \u00e0 la SADC Maria-Chapdelaine, je suis en contact avec beaucoup d\u2019entrepreneurs et me donne comme mission de vous partager leurs bons coups et vous donner le go\u00fbt d\u2019acheter local. Parce que chaque petit geste compte pour faire une diff\u00e9rence. Bonne lecture!","sameAs":["https:\/\/sadcmaria.qc.ca"],"url":"https:\/\/devtntatelier.com\/jeremy\/author\/amelia\/"}]}},"modified_by":"Am\u00e9lia Fromage","_links":{"self":[{"href":"https:\/\/devtntatelier.com\/jeremy\/wp-json\/wp\/v2\/posts\/5775","targetHints":{"allow":["GET"]}}],"collection":[{"href":"https:\/\/devtntatelier.com\/jeremy\/wp-json\/wp\/v2\/posts"}],"about":[{"href":"https:\/\/devtntatelier.com\/jeremy\/wp-json\/wp\/v2\/types\/post"}],"author":[{"embeddable":true,"href":"https:\/\/devtntatelier.com\/jeremy\/wp-json\/wp\/v2\/users\/2"}],"replies":[{"embeddable":true,"href":"https:\/\/devtntatelier.com\/jeremy\/wp-json\/wp\/v2\/comments?post=5775"}],"version-history":[{"count":0,"href":"https:\/\/devtntatelier.com\/jeremy\/wp-json\/wp\/v2\/posts\/5775\/revisions"}],"wp:featuredmedia":[{"embeddable":true,"href":"https:\/\/devtntatelier.com\/jeremy\/wp-json\/wp\/v2\/media\/5776"}],"wp:attachment":[{"href":"https:\/\/devtntatelier.com\/jeremy\/wp-json\/wp\/v2\/media?parent=5775"}],"wp:term":[{"taxonomy":"category","embeddable":true,"href":"https:\/\/devtntatelier.com\/jeremy\/wp-json\/wp\/v2\/categories?post=5775"},{"taxonomy":"post_tag","embeddable":true,"href":"https:\/\/devtntatelier.com\/jeremy\/wp-json\/wp\/v2\/tags?post=5775"}],"curies":[{"name":"wp","href":"https:\/\/api.w.org\/{rel}","templated":true}]}}