{"id":5729,"date":"2023-07-28T10:05:58","date_gmt":"2023-07-28T14:05:58","guid":{"rendered":"https:\/\/devtntatelier.com\/jeremy\/?p=5729"},"modified":"2023-07-28T10:17:35","modified_gmt":"2023-07-28T14:17:35","slug":"la-47e-edition-du-festival-de-la-gourgane-dalbanel-est-lancee","status":"publish","type":"post","link":"https:\/\/devtntatelier.com\/jeremy\/la-47e-edition-du-festival-de-la-gourgane-dalbanel-est-lancee\/","title":{"rendered":"La 47e \u00e9dition du Festival de la Gourgane d\u2019Albanel est lanc\u00e9e!"},"content":{"rendered":"<p>[et_pb_section fb_built=\u00a0\u00bb1&Prime; _builder_version=\u00a0\u00bb4.21.0&Prime; _module_preset=\u00a0\u00bbdefault\u00a0\u00bb global_colors_info=\u00a0\u00bb{}\u00a0\u00bb][et_pb_row _builder_version=\u00a0\u00bb4.21.0&Prime; _module_preset=\u00a0\u00bbdefault\u00a0\u00bb global_colors_info=\u00a0\u00bb{}\u00a0\u00bb][et_pb_column type=\u00a0\u00bb4_4&Prime; _builder_version=\u00a0\u00bb4.21.0&Prime; _module_preset=\u00a0\u00bbdefault\u00a0\u00bb global_colors_info=\u00a0\u00bb{}\u00a0\u00bb][et_pb_text _builder_version=\u00a0\u00bb4.21.0&Prime; _module_preset=\u00a0\u00bbdefault\u00a0\u00bb global_colors_info=\u00a0\u00bb{}\u00a0\u00bb]<\/p>\n<h1>La 47<sup>e<\/sup> \u00e9dition du Festival de la Gourgane d\u2019Albanel est lanc\u00e9e!<\/h1>\n<p>Cette ann\u00e9e, le tr\u00e8s attendu Festival de la Gourgane, un \u00e9v\u00e9nement annuel pour toute la famille, se tient du 27 au 30 juillet 2023, \u00e0 Albanel. 4 jours de festivit\u00e9s gratuites incluant l\u2019entr\u00e9e sur le site et les spectacles sont au programme. Ce serait fou de ne pas y aller!<\/p>\n<h2>Spectacles GRATUITS<\/h2>\n<p>Parmi les spectacles pr\u00e9vus, aujourd\u2019hui nous aurons droit \u00e0 20h30 \u00e0 Hommage aux Cowboys Fringants, \u00e0 22h30 \u00e0 Orloge Simard et \u00e0 minuit \u00e0 La belle et la b\u00eate. Samedi, ce sera Nashville Qu\u00e9bec \u00e0 20h30, Les chiens de ruelle \u00e0 22h30 pour finir par La belle et la b\u00eate \u00e0 minuit.<\/p>\n<h2>Une foule d\u2019activit\u00e9s pour petits et grands<\/h2>\n<p>Tout au long du festival, des activit\u00e9s pour petits et grands sont organis\u00e9es. On retrouvera aujourd\u2019hui \u00e0 10h le tournoi de Cornhole Lac-St-Jean, d\u00e8s midi l\u2019ouverture des jeux gonflables, \u00e0 18h tournoi de balle lente, ainsi qu\u2019une course au tr\u00e9sor \u00e0 10h et \u00e0 16h.<\/p>\n<p>Demain, ce sera la <strong>Journ\u00e9e des enfants <\/strong>avec la suite du tournoi de balle lente \u00e0 8h, yoga parent\/enfant \u00e0 9h, course au tr\u00e9sor \u00e0 10h et 13h, spectacle de magie avec Olivier Simard \u00e0 10h, mascottes et maquillage pour enfants d\u00e8s 11h, Gala Folklorique Groupe Forget \u00e0 13h, course 4&#215;4 mud drag \u00e0 13h, et des feux d\u2019artifice \u00e0 22h.<\/p>\n<p>Dimanche, ce sera la <strong>F\u00eate au village <\/strong>avec \u00e0 8h la fin du tournoi de balle lente, \u00e0 10h l\u2019ouverture des jeux gonflables, \u00e0 13h la derni\u00e8re course du tr\u00e9sor, \u00e0 14 la Lutte AWE et \u00e0 16h le concours de soupe aux gourganes!<\/p>\n<h2>Le retour des spectaculaires envol\u00e9es de Montgolfi\u00e8res<\/h2>\n<p>Vendredi, samedi et dimanche, des envol\u00e9es de montgolfi\u00e8res auront lieu \u00e0 6h et \u00e0 18h \u00e0 la place des montgolfi\u00e8res. Elles brilleront de mille feux dans le ciel. C\u2019est assur\u00e9ment un spectacle impressionnant \u00e0 ne pas manquer.<\/p>\n<h2><strong>Nouveaut\u00e9 cette ann\u00e9e : CONCOURS \u2013 MAISON GOURGANE<\/strong><\/h2>\n<p>Les r\u00e9sidents d\u2019Albanel ont \u00e9t\u00e9 invit\u00e9s \u00e0 d\u00e9corer leur maison en vert pendant le festival. Les participants courent la chance de gagner 200 $ en argent. Le vote est ouvert au public sur la page Facebook du festival.<\/p>\n<p>Pour en savoir plus\u00a0: <a href=\"https:\/\/www.facebook.com\/festivalgourgane\">https:\/\/www.facebook.com\/festivalgourgane<\/a><\/p>\n<p>(Cr\u00e9dit photo : Photos Montgolfi\u00e8re Bertrand Tougas.)<\/p>\n<p>[\/et_pb_text][\/et_pb_column][\/et_pb_row][et_pb_row _builder_version=\u00a0\u00bb4.21.0&Prime; _module_preset=\u00a0\u00bbdefault\u00a0\u00bb global_colors_info=\u00a0\u00bb{}\u00a0\u00bb][et_pb_column type=\u00a0\u00bb4_4&Prime; _builder_version=\u00a0\u00bb4.21.0&Prime; _module_preset=\u00a0\u00bbdefault\u00a0\u00bb global_colors_info=\u00a0\u00bb{}\u00a0\u00bb][et_pb_image src=\u00a0\u00bbhttps:\/\/devtntatelier.com\/jeremy\/wp-content\/uploads\/2023\/07\/festival-gourgane-1.jpg\u00a0\u00bb title_text=\u00a0\u00bbfestival-gourgane-1&Prime; _builder_version=\u00a0\u00bb4.21.0&Prime; _module_preset=\u00a0\u00bbdefault\u00a0\u00bb global_colors_info=\u00a0\u00bb{}\u00a0\u00bb][\/et_pb_image][\/et_pb_column][\/et_pb_row][et_pb_row _builder_version=\u00a0\u00bb4.21.0&Prime; _module_preset=\u00a0\u00bbdefault\u00a0\u00bb global_colors_info=\u00a0\u00bb{}\u00a0\u00bb][et_pb_column type=\u00a0\u00bb4_4&Prime; _builder_version=\u00a0\u00bb4.21.0&Prime; _module_preset=\u00a0\u00bbdefault\u00a0\u00bb global_colors_info=\u00a0\u00bb{}\u00a0\u00bb][et_pb_image src=\u00a0\u00bbhttps:\/\/devtntatelier.com\/jeremy\/wp-content\/uploads\/2023\/07\/festival-gourgane-2.jpg\u00a0\u00bb title_text=\u00a0\u00bbfestival-gourgane-2&Prime; _builder_version=\u00a0\u00bb4.21.0&Prime; _module_preset=\u00a0\u00bbdefault\u00a0\u00bb global_colors_info=\u00a0\u00bb{}\u00a0\u00bb][\/et_pb_image][\/et_pb_column][\/et_pb_row][\/et_pb_section]<\/p>\n","protected":false},"excerpt":{"rendered":"<p>La 47e \u00e9dition du Festival de la Gourgane d\u2019Albanel est lanc\u00e9e! Cette ann\u00e9e, le tr\u00e8s attendu Festival de la Gourgane, un \u00e9v\u00e9nement annuel pour toute la famille, se tient du [&hellip;]<\/p>\n","protected":false},"author":2,"featured_media":4041,"comment_status":"open","ping_status":"open","sticky":false,"template":"","format":"standard","meta":{"_et_pb_use_builder":"on","_et_pb_old_content":"","_et_gb_content_width":"","_lmt_disableupdate":"","_lmt_disable":"","_price":"","_stock":"","_tribe_ticket_header":"","_tribe_default_ticket_provider":"","_tribe_ticket_capacity":"0","_ticket_start_date":"","_ticket_end_date":"","_tribe_ticket_show_description":"","_tribe_ticket_show_not_going":false,"_tribe_ticket_use_global_stock":"","_tribe_ticket_global_stock_level":"","_global_stock_mode":"","_global_stock_cap":"","_tribe_rsvp_for_event":"","_tribe_ticket_going_count":"","_tribe_ticket_not_going_count":"","_tribe_tickets_list":"[]","_tribe_ticket_has_attendee_info_fields":false,"footnotes":""},"categories":[4,1],"tags":[],"class_list":["post-5729","post","type-post","status-publish","format-standard","has-post-thumbnail","hentry","category-tendance","category-articles-achat-local-extra-maria"],"yoast_head":"<!-- This site is optimized with the Yoast SEO Premium plugin v25.9 (Yoast SEO v28.4) - https:\/\/yoast.com\/product\/yoast-seo-premium-wordpress\/ -->\n<title>La 47e \u00e9dition du Festival de la Gourgane d\u2019Albanel est lanc\u00e9e! - Extra Maria<\/title>\n<meta name=\"description\" content=\"Festival familial \u00e0 Albanel. Acc\u00e8s au site et aux spectacles gratuits.\" \/>\n<meta name=\"robots\" content=\"index, follow, max-snippet:-1, max-image-preview:large, max-video-preview:-1\" \/>\n<link rel=\"canonical\" href=\"https:\/\/devtntatelier.com\/jeremy\/la-47e-edition-du-festival-de-la-gourgane-dalbanel-est-lancee\/\" \/>\n<meta property=\"og:locale\" content=\"fr_FR\" \/>\n<meta property=\"og:type\" content=\"article\" \/>\n<meta property=\"og:title\" content=\"La 47e \u00e9dition du Festival de la Gourgane d\u2019Albanel est lanc\u00e9e!\" \/>\n<meta property=\"og:url\" content=\"https:\/\/devtntatelier.com\/jeremy\/la-47e-edition-du-festival-de-la-gourgane-dalbanel-est-lancee\/\" \/>\n<meta property=\"og:site_name\" content=\"Extra Maria\" \/>\n<meta property=\"article:published_time\" content=\"2023-07-28T14:05:58+00:00\" \/>\n<meta property=\"article:modified_time\" content=\"2023-07-28T14:17:35+00:00\" \/>\n<meta property=\"og:image\" content=\"https:\/\/devtntatelier.com\/jeremy\/wp-content\/uploads\/2022\/07\/festival-gourgane-albanel.jpg\" \/>\n\t<meta property=\"og:image:width\" content=\"1200\" \/>\n\t<meta property=\"og:image:height\" content=\"630\" \/>\n\t<meta property=\"og:image:type\" content=\"image\/jpeg\" \/>\n<meta name=\"author\" content=\"Am\u00e9lia Fromage\" \/>\n<meta name=\"twitter:card\" content=\"summary_large_image\" \/>\n<meta name=\"twitter:label1\" content=\"\u00c9crit par\" \/>\n\t<meta name=\"twitter:data1\" content=\"Am\u00e9lia Fromage\" \/>\n<script type=\"application\/ld+json\" class=\"yoast-schema-graph\">{\"@context\":\"https:\\\/\\\/schema.org\",\"@graph\":[{\"@type\":\"Article\",\"@id\":\"https:\\\/\\\/devtntatelier.com\\\/jeremy\\\/la-47e-edition-du-festival-de-la-gourgane-dalbanel-est-lancee\\\/#article\",\"isPartOf\":{\"@id\":\"https:\\\/\\\/devtntatelier.com\\\/jeremy\\\/la-47e-edition-du-festival-de-la-gourgane-dalbanel-est-lancee\\\/\"},\"author\":{\"name\":\"Am\u00e9lia Fromage\",\"@id\":\"https:\\\/\\\/devtntatelier.com\\\/jeremy\\\/#\\\/schema\\\/person\\\/0a878778dd7d3b51f55c32fe3d0c565b\"},\"headline\":\"La 47e \u00e9dition du Festival de la Gourgane d\u2019Albanel est lanc\u00e9e!\",\"datePublished\":\"2023-07-28T14:05:58+00:00\",\"dateModified\":\"2023-07-28T14:17:35+00:00\",\"mainEntityOfPage\":{\"@id\":\"https:\\\/\\\/devtntatelier.com\\\/jeremy\\\/la-47e-edition-du-festival-de-la-gourgane-dalbanel-est-lancee\\\/\"},\"wordCount\":564,\"commentCount\":0,\"image\":{\"@id\":\"https:\\\/\\\/devtntatelier.com\\\/jeremy\\\/la-47e-edition-du-festival-de-la-gourgane-dalbanel-est-lancee\\\/#primaryimage\"},\"thumbnailUrl\":\"https:\\\/\\\/devtntatelier.com\\\/jeremy\\\/wp-content\\\/uploads\\\/2022\\\/07\\\/festival-gourgane-albanel.jpg\",\"articleSection\":[\"Tendance\",\"Tous les articles\"],\"inLanguage\":\"fr-FR\",\"potentialAction\":[{\"@type\":\"CommentAction\",\"name\":\"Comment\",\"target\":[\"https:\\\/\\\/devtntatelier.com\\\/jeremy\\\/la-47e-edition-du-festival-de-la-gourgane-dalbanel-est-lancee\\\/#respond\"]}]},{\"@type\":\"WebPage\",\"@id\":\"https:\\\/\\\/devtntatelier.com\\\/jeremy\\\/la-47e-edition-du-festival-de-la-gourgane-dalbanel-est-lancee\\\/\",\"url\":\"https:\\\/\\\/devtntatelier.com\\\/jeremy\\\/la-47e-edition-du-festival-de-la-gourgane-dalbanel-est-lancee\\\/\",\"name\":\"La 47e \u00e9dition du Festival de la Gourgane d\u2019Albanel est lanc\u00e9e! - Extra Maria\",\"isPartOf\":{\"@id\":\"https:\\\/\\\/devtntatelier.com\\\/jeremy\\\/#website\"},\"primaryImageOfPage\":{\"@id\":\"https:\\\/\\\/devtntatelier.com\\\/jeremy\\\/la-47e-edition-du-festival-de-la-gourgane-dalbanel-est-lancee\\\/#primaryimage\"},\"image\":{\"@id\":\"https:\\\/\\\/devtntatelier.com\\\/jeremy\\\/la-47e-edition-du-festival-de-la-gourgane-dalbanel-est-lancee\\\/#primaryimage\"},\"thumbnailUrl\":\"https:\\\/\\\/devtntatelier.com\\\/jeremy\\\/wp-content\\\/uploads\\\/2022\\\/07\\\/festival-gourgane-albanel.jpg\",\"datePublished\":\"2023-07-28T14:05:58+00:00\",\"dateModified\":\"2023-07-28T14:17:35+00:00\",\"author\":{\"@id\":\"https:\\\/\\\/devtntatelier.com\\\/jeremy\\\/#\\\/schema\\\/person\\\/0a878778dd7d3b51f55c32fe3d0c565b\"},\"description\":\"Festival familial \u00e0 Albanel. Acc\u00e8s au site et aux spectacles gratuits.\",\"breadcrumb\":{\"@id\":\"https:\\\/\\\/devtntatelier.com\\\/jeremy\\\/la-47e-edition-du-festival-de-la-gourgane-dalbanel-est-lancee\\\/#breadcrumb\"},\"inLanguage\":\"fr-FR\",\"potentialAction\":[{\"@type\":\"ReadAction\",\"target\":[\"https:\\\/\\\/devtntatelier.com\\\/jeremy\\\/la-47e-edition-du-festival-de-la-gourgane-dalbanel-est-lancee\\\/\"]}]},{\"@type\":\"ImageObject\",\"inLanguage\":\"fr-FR\",\"@id\":\"https:\\\/\\\/devtntatelier.com\\\/jeremy\\\/la-47e-edition-du-festival-de-la-gourgane-dalbanel-est-lancee\\\/#primaryimage\",\"url\":\"https:\\\/\\\/devtntatelier.com\\\/jeremy\\\/wp-content\\\/uploads\\\/2022\\\/07\\\/festival-gourgane-albanel.jpg\",\"contentUrl\":\"https:\\\/\\\/devtntatelier.com\\\/jeremy\\\/wp-content\\\/uploads\\\/2022\\\/07\\\/festival-gourgane-albanel.jpg\",\"width\":1200,\"height\":630},{\"@type\":\"BreadcrumbList\",\"@id\":\"https:\\\/\\\/devtntatelier.com\\\/jeremy\\\/la-47e-edition-du-festival-de-la-gourgane-dalbanel-est-lancee\\\/#breadcrumb\",\"itemListElement\":[{\"@type\":\"ListItem\",\"position\":1,\"name\":\"Accueil\",\"item\":\"https:\\\/\\\/devtntatelier.com\\\/jeremy\\\/\"},{\"@type\":\"ListItem\",\"position\":2,\"name\":\"La 47e \u00e9dition du Festival de la Gourgane d\u2019Albanel est lanc\u00e9e!\"}]},{\"@type\":\"WebSite\",\"@id\":\"https:\\\/\\\/devtntatelier.com\\\/jeremy\\\/#website\",\"url\":\"https:\\\/\\\/devtntatelier.com\\\/jeremy\\\/\",\"name\":\"Extra Maria\",\"description\":\"Blogue - D\u00e9couvertes locales et achat local\",\"potentialAction\":[{\"@type\":\"SearchAction\",\"target\":{\"@type\":\"EntryPoint\",\"urlTemplate\":\"https:\\\/\\\/devtntatelier.com\\\/jeremy\\\/?s={search_term_string}\"},\"query-input\":{\"@type\":\"PropertyValueSpecification\",\"valueRequired\":true,\"valueName\":\"search_term_string\"}}],\"inLanguage\":\"fr-FR\"},{\"@type\":\"Person\",\"@id\":\"https:\\\/\\\/devtntatelier.com\\\/jeremy\\\/#\\\/schema\\\/person\\\/0a878778dd7d3b51f55c32fe3d0c565b\",\"name\":\"Am\u00e9lia Fromage\",\"image\":{\"@type\":\"ImageObject\",\"inLanguage\":\"fr-FR\",\"@id\":\"https:\\\/\\\/secure.gravatar.com\\\/avatar\\\/a89f2060bca3721d4e33f490e22f18c0ca3155a6e14f9b4f5566b298215bc3c0?s=96&d=mm&r=g\",\"url\":\"https:\\\/\\\/secure.gravatar.com\\\/avatar\\\/a89f2060bca3721d4e33f490e22f18c0ca3155a6e14f9b4f5566b298215bc3c0?s=96&d=mm&r=g\",\"contentUrl\":\"https:\\\/\\\/secure.gravatar.com\\\/avatar\\\/a89f2060bca3721d4e33f490e22f18c0ca3155a6e14f9b4f5566b298215bc3c0?s=96&d=mm&r=g\",\"caption\":\"Am\u00e9lia Fromage\"},\"description\":\"De nature curieuse, j\u2019aime d\u00e9couvrir de nouvelles choses et en parler autour de moi. Mes deux passions : jardiner et manger du chocolat\u2026 (peut-\u00eatre qu\u2019un jour, je serai capable de faire pousser du chocolat, haha). Sinon, quoi vous dire? Ah oui! Par mon travail \u00e0 la SADC Maria-Chapdelaine, je suis en contact avec beaucoup d\u2019entrepreneurs et me donne comme mission de vous partager leurs bons coups et vous donner le go\u00fbt d\u2019acheter local. Parce que chaque petit geste compte pour faire une diff\u00e9rence. Bonne lecture!\",\"sameAs\":[\"https:\\\/\\\/sadcmaria.qc.ca\"],\"url\":\"https:\\\/\\\/devtntatelier.com\\\/jeremy\\\/author\\\/amelia\\\/\"}]}<\/script>\n<!-- \/ Yoast SEO Premium plugin. -->","yoast_head_json":{"title":"La 47e \u00e9dition du Festival de la Gourgane d\u2019Albanel est lanc\u00e9e! - Extra Maria","description":"Festival familial \u00e0 Albanel. Acc\u00e8s au site et aux spectacles gratuits.","robots":{"index":"index","follow":"follow","max-snippet":"max-snippet:-1","max-image-preview":"max-image-preview:large","max-video-preview":"max-video-preview:-1"},"canonical":"https:\/\/devtntatelier.com\/jeremy\/la-47e-edition-du-festival-de-la-gourgane-dalbanel-est-lancee\/","og_locale":"fr_FR","og_type":"article","og_title":"La 47e \u00e9dition du Festival de la Gourgane d\u2019Albanel est lanc\u00e9e!","og_url":"https:\/\/devtntatelier.com\/jeremy\/la-47e-edition-du-festival-de-la-gourgane-dalbanel-est-lancee\/","og_site_name":"Extra Maria","article_published_time":"2023-07-28T14:05:58+00:00","article_modified_time":"2023-07-28T14:17:35+00:00","og_image":[{"width":1200,"height":630,"url":"https:\/\/devtntatelier.com\/jeremy\/wp-content\/uploads\/2022\/07\/festival-gourgane-albanel.jpg","type":"image\/jpeg"}],"author":"Am\u00e9lia Fromage","twitter_card":"summary_large_image","twitter_misc":{"\u00c9crit par":"Am\u00e9lia Fromage"},"schema":{"@context":"https:\/\/schema.org","@graph":[{"@type":"Article","@id":"https:\/\/devtntatelier.com\/jeremy\/la-47e-edition-du-festival-de-la-gourgane-dalbanel-est-lancee\/#article","isPartOf":{"@id":"https:\/\/devtntatelier.com\/jeremy\/la-47e-edition-du-festival-de-la-gourgane-dalbanel-est-lancee\/"},"author":{"name":"Am\u00e9lia Fromage","@id":"https:\/\/devtntatelier.com\/jeremy\/#\/schema\/person\/0a878778dd7d3b51f55c32fe3d0c565b"},"headline":"La 47e \u00e9dition du Festival de la Gourgane d\u2019Albanel est lanc\u00e9e!","datePublished":"2023-07-28T14:05:58+00:00","dateModified":"2023-07-28T14:17:35+00:00","mainEntityOfPage":{"@id":"https:\/\/devtntatelier.com\/jeremy\/la-47e-edition-du-festival-de-la-gourgane-dalbanel-est-lancee\/"},"wordCount":564,"commentCount":0,"image":{"@id":"https:\/\/devtntatelier.com\/jeremy\/la-47e-edition-du-festival-de-la-gourgane-dalbanel-est-lancee\/#primaryimage"},"thumbnailUrl":"https:\/\/devtntatelier.com\/jeremy\/wp-content\/uploads\/2022\/07\/festival-gourgane-albanel.jpg","articleSection":["Tendance","Tous les articles"],"inLanguage":"fr-FR","potentialAction":[{"@type":"CommentAction","name":"Comment","target":["https:\/\/devtntatelier.com\/jeremy\/la-47e-edition-du-festival-de-la-gourgane-dalbanel-est-lancee\/#respond"]}]},{"@type":"WebPage","@id":"https:\/\/devtntatelier.com\/jeremy\/la-47e-edition-du-festival-de-la-gourgane-dalbanel-est-lancee\/","url":"https:\/\/devtntatelier.com\/jeremy\/la-47e-edition-du-festival-de-la-gourgane-dalbanel-est-lancee\/","name":"La 47e \u00e9dition du Festival de la Gourgane d\u2019Albanel est lanc\u00e9e! - Extra Maria","isPartOf":{"@id":"https:\/\/devtntatelier.com\/jeremy\/#website"},"primaryImageOfPage":{"@id":"https:\/\/devtntatelier.com\/jeremy\/la-47e-edition-du-festival-de-la-gourgane-dalbanel-est-lancee\/#primaryimage"},"image":{"@id":"https:\/\/devtntatelier.com\/jeremy\/la-47e-edition-du-festival-de-la-gourgane-dalbanel-est-lancee\/#primaryimage"},"thumbnailUrl":"https:\/\/devtntatelier.com\/jeremy\/wp-content\/uploads\/2022\/07\/festival-gourgane-albanel.jpg","datePublished":"2023-07-28T14:05:58+00:00","dateModified":"2023-07-28T14:17:35+00:00","author":{"@id":"https:\/\/devtntatelier.com\/jeremy\/#\/schema\/person\/0a878778dd7d3b51f55c32fe3d0c565b"},"description":"Festival familial \u00e0 Albanel. Acc\u00e8s au site et aux spectacles gratuits.","breadcrumb":{"@id":"https:\/\/devtntatelier.com\/jeremy\/la-47e-edition-du-festival-de-la-gourgane-dalbanel-est-lancee\/#breadcrumb"},"inLanguage":"fr-FR","potentialAction":[{"@type":"ReadAction","target":["https:\/\/devtntatelier.com\/jeremy\/la-47e-edition-du-festival-de-la-gourgane-dalbanel-est-lancee\/"]}]},{"@type":"ImageObject","inLanguage":"fr-FR","@id":"https:\/\/devtntatelier.com\/jeremy\/la-47e-edition-du-festival-de-la-gourgane-dalbanel-est-lancee\/#primaryimage","url":"https:\/\/devtntatelier.com\/jeremy\/wp-content\/uploads\/2022\/07\/festival-gourgane-albanel.jpg","contentUrl":"https:\/\/devtntatelier.com\/jeremy\/wp-content\/uploads\/2022\/07\/festival-gourgane-albanel.jpg","width":1200,"height":630},{"@type":"BreadcrumbList","@id":"https:\/\/devtntatelier.com\/jeremy\/la-47e-edition-du-festival-de-la-gourgane-dalbanel-est-lancee\/#breadcrumb","itemListElement":[{"@type":"ListItem","position":1,"name":"Accueil","item":"https:\/\/devtntatelier.com\/jeremy\/"},{"@type":"ListItem","position":2,"name":"La 47e \u00e9dition du Festival de la Gourgane d\u2019Albanel est lanc\u00e9e!"}]},{"@type":"WebSite","@id":"https:\/\/devtntatelier.com\/jeremy\/#website","url":"https:\/\/devtntatelier.com\/jeremy\/","name":"Extra Maria","description":"Blogue - D\u00e9couvertes locales et achat local","potentialAction":[{"@type":"SearchAction","target":{"@type":"EntryPoint","urlTemplate":"https:\/\/devtntatelier.com\/jeremy\/?s={search_term_string}"},"query-input":{"@type":"PropertyValueSpecification","valueRequired":true,"valueName":"search_term_string"}}],"inLanguage":"fr-FR"},{"@type":"Person","@id":"https:\/\/devtntatelier.com\/jeremy\/#\/schema\/person\/0a878778dd7d3b51f55c32fe3d0c565b","name":"Am\u00e9lia Fromage","image":{"@type":"ImageObject","inLanguage":"fr-FR","@id":"https:\/\/secure.gravatar.com\/avatar\/a89f2060bca3721d4e33f490e22f18c0ca3155a6e14f9b4f5566b298215bc3c0?s=96&d=mm&r=g","url":"https:\/\/secure.gravatar.com\/avatar\/a89f2060bca3721d4e33f490e22f18c0ca3155a6e14f9b4f5566b298215bc3c0?s=96&d=mm&r=g","contentUrl":"https:\/\/secure.gravatar.com\/avatar\/a89f2060bca3721d4e33f490e22f18c0ca3155a6e14f9b4f5566b298215bc3c0?s=96&d=mm&r=g","caption":"Am\u00e9lia Fromage"},"description":"De nature curieuse, j\u2019aime d\u00e9couvrir de nouvelles choses et en parler autour de moi. Mes deux passions : jardiner et manger du chocolat\u2026 (peut-\u00eatre qu\u2019un jour, je serai capable de faire pousser du chocolat, haha). Sinon, quoi vous dire? Ah oui! Par mon travail \u00e0 la SADC Maria-Chapdelaine, je suis en contact avec beaucoup d\u2019entrepreneurs et me donne comme mission de vous partager leurs bons coups et vous donner le go\u00fbt d\u2019acheter local. Parce que chaque petit geste compte pour faire une diff\u00e9rence. Bonne lecture!","sameAs":["https:\/\/sadcmaria.qc.ca"],"url":"https:\/\/devtntatelier.com\/jeremy\/author\/amelia\/"}]}},"modified_by":"Am\u00e9lia Fromage","_links":{"self":[{"href":"https:\/\/devtntatelier.com\/jeremy\/wp-json\/wp\/v2\/posts\/5729","targetHints":{"allow":["GET"]}}],"collection":[{"href":"https:\/\/devtntatelier.com\/jeremy\/wp-json\/wp\/v2\/posts"}],"about":[{"href":"https:\/\/devtntatelier.com\/jeremy\/wp-json\/wp\/v2\/types\/post"}],"author":[{"embeddable":true,"href":"https:\/\/devtntatelier.com\/jeremy\/wp-json\/wp\/v2\/users\/2"}],"replies":[{"embeddable":true,"href":"https:\/\/devtntatelier.com\/jeremy\/wp-json\/wp\/v2\/comments?post=5729"}],"version-history":[{"count":0,"href":"https:\/\/devtntatelier.com\/jeremy\/wp-json\/wp\/v2\/posts\/5729\/revisions"}],"wp:featuredmedia":[{"embeddable":true,"href":"https:\/\/devtntatelier.com\/jeremy\/wp-json\/wp\/v2\/media\/4041"}],"wp:attachment":[{"href":"https:\/\/devtntatelier.com\/jeremy\/wp-json\/wp\/v2\/media?parent=5729"}],"wp:term":[{"taxonomy":"category","embeddable":true,"href":"https:\/\/devtntatelier.com\/jeremy\/wp-json\/wp\/v2\/categories?post=5729"},{"taxonomy":"post_tag","embeddable":true,"href":"https:\/\/devtntatelier.com\/jeremy\/wp-json\/wp\/v2\/tags?post=5729"}],"curies":[{"name":"wp","href":"https:\/\/api.w.org\/{rel}","templated":true}]}}