{"id":5696,"date":"2023-07-14T12:48:30","date_gmt":"2023-07-14T16:48:30","guid":{"rendered":"https:\/\/devtntatelier.com\/jeremy\/?p=5696"},"modified":"2023-07-14T12:57:58","modified_gmt":"2023-07-14T16:57:58","slug":"la-3e-edition-du-farwestival-est-lancee","status":"publish","type":"post","link":"https:\/\/devtntatelier.com\/jeremy\/la-3e-edition-du-farwestival-est-lancee\/","title":{"rendered":"La 3e \u00e9dition du FARWEST&rsquo;IVAL est lanc\u00e9e!"},"content":{"rendered":"<p>[et_pb_section fb_built=\u00a0\u00bb1&Prime; _builder_version=\u00a0\u00bb4.21.0&Prime; _module_preset=\u00a0\u00bbdefault\u00a0\u00bb global_colors_info=\u00a0\u00bb{}\u00a0\u00bb][et_pb_row _builder_version=\u00a0\u00bb4.21.0&Prime; _module_preset=\u00a0\u00bbdefault\u00a0\u00bb global_colors_info=\u00a0\u00bb{}\u00a0\u00bb][et_pb_column type=\u00a0\u00bb4_4&Prime; _builder_version=\u00a0\u00bb4.21.0&Prime; _module_preset=\u00a0\u00bbdefault\u00a0\u00bb global_colors_info=\u00a0\u00bb{}\u00a0\u00bb][et_pb_text _builder_version=\u00a0\u00bb4.21.0&Prime; _module_preset=\u00a0\u00bbdefault\u00a0\u00bb global_colors_info=\u00a0\u00bb{}\u00a0\u00bb]<\/p>\n<h1>La 3e \u00e9dition du FARWEST&rsquo;IVAL : Une exp\u00e9rience musicale et \u00e9questre rassembleuse<\/h1>\n<p>&nbsp;<\/p>\n<p>Du 13 au 16 juillet, c&rsquo;est au Domaine du Ranch au 591 route 169 \u00e0 Sainte-Jeanne-d&rsquo;Arc au Lac-St-Jean que \u00e7a se passe! La 3e \u00e9dition du Farwest&rsquo;ival se veut un \u00e9v\u00e9nement musical et sportif \u00e9quin dot\u00e9e d&rsquo;une programmation d&rsquo;activit\u00e9s captivantes et diversifi\u00e9es sous le th\u00e8me country et farwest. Et, il gagne de plus en plus en popularit\u00e9!<\/p>\n<p>\u00ab Pendant quatre jours, nous pr\u00e9sentons une programmation vari\u00e9e qui plaira assur\u00e9ment aux amateurs de comp\u00e9titions \u00e9questres et de musique country ainsi qu&rsquo;aux familles! \u00bb, souligne Mme Karine Gagn\u00e9, directrice g\u00e9n\u00e9rale du Farwest&rsquo;ival.<\/p>\n<h2>UNE PROGRAMMATION DES PLUS FESTIVES AVEC UNE PANOPLIE DE SPECTACLES<\/h2>\n<p>Pour lancer l\u2019\u00e9dition 2023, le jeudi 13 juillet, le groupe de musique traditionnelle d&rsquo;influences cajun, celtique et qu\u00e9b\u00e9coise <strong>Les Fils du Diable<\/strong><br \/>a offert une performance des plus festives.\u00a0 <strong>Phil Lauzon<\/strong> sera la partie au cours de la fin de semaine, avec son spectacle<br \/>Luke Combs Edition, tout en pr\u00e9sentant son mat\u00e9riel original, ce soir.<strong> Julie Duguay et le Nord West Country Band<\/strong> viendra mettre le \u00ab party \u00bb dans la grange avec un spectacle consacr\u00e9 aux plus grands succ\u00e8s des artistes du country f\u00e9minin telles que Terry Clark, Shania Twain, Dolly Parton et Carrie Underwood. N&rsquo;oublions pas <strong>DJ Pascal Savard<\/strong>, qui prolongera la soir\u00e9e au plus grand bonheur de tous! Le samedi 15 juillet, pour une premi\u00e8re fois, la programmation comportera un spectacle rendant honneur aux Premi\u00e8res Nations avec nul autre que <strong>Mike Paul<\/strong>, originaire de Mashteuiatsh au Lac-Saint-Jean et Innu.<\/p>\n<p>En plus des gros spectacles en soir\u00e9e, des artistes locaux fouleront la sc\u00e8ne de la grange et la sc\u00e8ne ext\u00e9rieure. Pour notre plus grand plaisir, nous pourrons y entendre <strong>Julie Desgagn\u00e9<\/strong>, le duo <strong>Pat &amp; Nancy<\/strong>, <strong>Steeve Dupuis<\/strong>, <strong>Andr\u00e9 Richard<\/strong>, <strong>Jessie Mathieu-Champagne<\/strong> et, au micro ouvert, <strong>Claude Guy<\/strong>. Deux \u00e9coles de danse de la r\u00e9gion, Nathalie Paquet et Pascale Dufour, offriront des cours et de la danse country.<\/p>\n<h2>UNE MULTITUDE DE COMP\u00c9TITIONS \u00c9QUESTRES<\/h2>\n<p>\u00c0 noter qu&rsquo;il s&rsquo;agit d&rsquo;une troisi\u00e8me ann\u00e9e de collaboration avec le C.B.S.L.C. (Club de baril Saguenay-Lac-St-Jean C\u00f4te-Nord) pour les comp\u00e9titions \u00e9questres de type gymkhana. Apr\u00e8s les exhibitions de chevaux d&rsquo;hieri soir, les cavaliers et cavali\u00e8res et leur monture fouleront le Man\u00e8ge Damas Fleury samedi et dimanche pour accomplir des \u00e9preuves spectaculaires. Ainsi, ils cumuleront des points pour se classer aux niveaux sup\u00e9rieurs. \u00c9galement, le Farwest&rsquo;ival ajoute une NOUVEAUT\u00c9 dans le monde du gymkhana en offrant, pour la premi\u00e8re fois, un second grand prix, cat\u00e9gorie 4D (ouvert \u00e0 tous, mais surtout pour encourager la rel\u00e8ve \u00e0 y prendre part).<\/p>\n<h2>VIVEZ UNE EXP\u00c9RIENCE IMMERSIVE<\/h2>\n<p>Des terrains de camping sans services et sans r\u00e9servation sont disponibles directement sur le site et \u00e0 proximit\u00e9. Les festivaliers pourront profiter des services de restauration mobile et explorer les kiosques des marchands et artisans de la r\u00e9gion.<\/p>\n<p>Pour information suppl\u00e9mentaire, consultez leur page Facebook <a href=\"https:\/\/www.facebook.com\/farwestival\">https:\/\/www.facebook.com\/farwestival.\u00a0<\/a><\/p>\n<p>[\/et_pb_text][\/et_pb_column][\/et_pb_row][\/et_pb_section]<\/p>\n","protected":false},"excerpt":{"rendered":"<p>La 3e \u00e9dition du FARWEST&rsquo;IVAL : Une exp\u00e9rience musicale et \u00e9questre rassembleuse &nbsp; Du 13 au 16 juillet, c&rsquo;est au Domaine du Ranch au 591 route 169 \u00e0 Sainte-Jeanne-d&rsquo;Arc au [&hellip;]<\/p>\n","protected":false},"author":2,"featured_media":5704,"comment_status":"open","ping_status":"closed","sticky":false,"template":"","format":"standard","meta":{"_et_pb_use_builder":"on","_et_pb_old_content":"","_et_gb_content_width":"","_lmt_disableupdate":"","_lmt_disable":"","_price":"","_stock":"","_tribe_ticket_header":"","_tribe_default_ticket_provider":"","_tribe_ticket_capacity":"0","_ticket_start_date":"","_ticket_end_date":"","_tribe_ticket_show_description":"","_tribe_ticket_show_not_going":false,"_tribe_ticket_use_global_stock":"","_tribe_ticket_global_stock_level":"","_global_stock_mode":"","_global_stock_cap":"","_tribe_rsvp_for_event":"","_tribe_ticket_going_count":"","_tribe_ticket_not_going_count":"","_tribe_tickets_list":"[]","_tribe_ticket_has_attendee_info_fields":false,"footnotes":""},"categories":[4,1],"tags":[],"class_list":["post-5696","post","type-post","status-publish","format-standard","has-post-thumbnail","hentry","category-tendance","category-articles-achat-local-extra-maria"],"yoast_head":"<!-- This site is optimized with the Yoast SEO Premium plugin v25.9 (Yoast SEO v28.4) - https:\/\/yoast.com\/product\/yoast-seo-premium-wordpress\/ -->\n<title>La 3e \u00e9dition du FARWEST&#039;IVAL est lanc\u00e9e! - Extra Maria<\/title>\n<meta name=\"robots\" content=\"index, follow, max-snippet:-1, max-image-preview:large, max-video-preview:-1\" \/>\n<link rel=\"canonical\" href=\"https:\/\/devtntatelier.com\/jeremy\/la-3e-edition-du-farwestival-est-lancee\/\" \/>\n<meta property=\"og:locale\" content=\"fr_FR\" \/>\n<meta property=\"og:type\" content=\"article\" \/>\n<meta property=\"og:title\" content=\"La 3e \u00e9dition du FARWEST&#039;IVAL est lanc\u00e9e!\" \/>\n<meta property=\"og:url\" content=\"https:\/\/devtntatelier.com\/jeremy\/la-3e-edition-du-farwestival-est-lancee\/\" \/>\n<meta property=\"og:site_name\" content=\"Extra Maria\" \/>\n<meta property=\"article:published_time\" content=\"2023-07-14T16:48:30+00:00\" \/>\n<meta property=\"article:modified_time\" content=\"2023-07-14T16:57:58+00:00\" \/>\n<meta property=\"og:image\" content=\"https:\/\/devtntatelier.com\/jeremy\/wp-content\/uploads\/2023\/07\/Design-sans-titre-5.jpg\" \/>\n\t<meta property=\"og:image:width\" content=\"1200\" \/>\n\t<meta property=\"og:image:height\" content=\"630\" \/>\n\t<meta property=\"og:image:type\" content=\"image\/jpeg\" \/>\n<meta name=\"author\" content=\"Am\u00e9lia Fromage\" \/>\n<meta name=\"twitter:card\" content=\"summary_large_image\" \/>\n<meta name=\"twitter:label1\" content=\"\u00c9crit par\" \/>\n\t<meta name=\"twitter:data1\" content=\"Am\u00e9lia Fromage\" \/>\n\t<meta name=\"twitter:label2\" content=\"Dur\u00e9e de lecture estim\u00e9e\" \/>\n\t<meta name=\"twitter:data2\" content=\"3 minutes\" \/>\n<script type=\"application\/ld+json\" class=\"yoast-schema-graph\">{\"@context\":\"https:\\\/\\\/schema.org\",\"@graph\":[{\"@type\":\"Article\",\"@id\":\"https:\\\/\\\/devtntatelier.com\\\/jeremy\\\/la-3e-edition-du-farwestival-est-lancee\\\/#article\",\"isPartOf\":{\"@id\":\"https:\\\/\\\/devtntatelier.com\\\/jeremy\\\/la-3e-edition-du-farwestival-est-lancee\\\/\"},\"author\":{\"name\":\"Am\u00e9lia Fromage\",\"@id\":\"https:\\\/\\\/devtntatelier.com\\\/jeremy\\\/#\\\/schema\\\/person\\\/0a878778dd7d3b51f55c32fe3d0c565b\"},\"headline\":\"La 3e \u00e9dition du FARWEST&rsquo;IVAL est lanc\u00e9e!\",\"datePublished\":\"2023-07-14T16:48:30+00:00\",\"dateModified\":\"2023-07-14T16:57:58+00:00\",\"mainEntityOfPage\":{\"@id\":\"https:\\\/\\\/devtntatelier.com\\\/jeremy\\\/la-3e-edition-du-farwestival-est-lancee\\\/\"},\"wordCount\":592,\"commentCount\":0,\"image\":{\"@id\":\"https:\\\/\\\/devtntatelier.com\\\/jeremy\\\/la-3e-edition-du-farwestival-est-lancee\\\/#primaryimage\"},\"thumbnailUrl\":\"https:\\\/\\\/devtntatelier.com\\\/jeremy\\\/wp-content\\\/uploads\\\/2023\\\/07\\\/Design-sans-titre-5.jpg\",\"articleSection\":[\"Tendance\",\"Tous les articles\"],\"inLanguage\":\"fr-FR\",\"potentialAction\":[{\"@type\":\"CommentAction\",\"name\":\"Comment\",\"target\":[\"https:\\\/\\\/devtntatelier.com\\\/jeremy\\\/la-3e-edition-du-farwestival-est-lancee\\\/#respond\"]}]},{\"@type\":\"WebPage\",\"@id\":\"https:\\\/\\\/devtntatelier.com\\\/jeremy\\\/la-3e-edition-du-farwestival-est-lancee\\\/\",\"url\":\"https:\\\/\\\/devtntatelier.com\\\/jeremy\\\/la-3e-edition-du-farwestival-est-lancee\\\/\",\"name\":\"La 3e \u00e9dition du FARWEST'IVAL est lanc\u00e9e! - Extra Maria\",\"isPartOf\":{\"@id\":\"https:\\\/\\\/devtntatelier.com\\\/jeremy\\\/#website\"},\"primaryImageOfPage\":{\"@id\":\"https:\\\/\\\/devtntatelier.com\\\/jeremy\\\/la-3e-edition-du-farwestival-est-lancee\\\/#primaryimage\"},\"image\":{\"@id\":\"https:\\\/\\\/devtntatelier.com\\\/jeremy\\\/la-3e-edition-du-farwestival-est-lancee\\\/#primaryimage\"},\"thumbnailUrl\":\"https:\\\/\\\/devtntatelier.com\\\/jeremy\\\/wp-content\\\/uploads\\\/2023\\\/07\\\/Design-sans-titre-5.jpg\",\"datePublished\":\"2023-07-14T16:48:30+00:00\",\"dateModified\":\"2023-07-14T16:57:58+00:00\",\"author\":{\"@id\":\"https:\\\/\\\/devtntatelier.com\\\/jeremy\\\/#\\\/schema\\\/person\\\/0a878778dd7d3b51f55c32fe3d0c565b\"},\"breadcrumb\":{\"@id\":\"https:\\\/\\\/devtntatelier.com\\\/jeremy\\\/la-3e-edition-du-farwestival-est-lancee\\\/#breadcrumb\"},\"inLanguage\":\"fr-FR\",\"potentialAction\":[{\"@type\":\"ReadAction\",\"target\":[\"https:\\\/\\\/devtntatelier.com\\\/jeremy\\\/la-3e-edition-du-farwestival-est-lancee\\\/\"]}]},{\"@type\":\"ImageObject\",\"inLanguage\":\"fr-FR\",\"@id\":\"https:\\\/\\\/devtntatelier.com\\\/jeremy\\\/la-3e-edition-du-farwestival-est-lancee\\\/#primaryimage\",\"url\":\"https:\\\/\\\/devtntatelier.com\\\/jeremy\\\/wp-content\\\/uploads\\\/2023\\\/07\\\/Design-sans-titre-5.jpg\",\"contentUrl\":\"https:\\\/\\\/devtntatelier.com\\\/jeremy\\\/wp-content\\\/uploads\\\/2023\\\/07\\\/Design-sans-titre-5.jpg\",\"width\":1200,\"height\":630},{\"@type\":\"BreadcrumbList\",\"@id\":\"https:\\\/\\\/devtntatelier.com\\\/jeremy\\\/la-3e-edition-du-farwestival-est-lancee\\\/#breadcrumb\",\"itemListElement\":[{\"@type\":\"ListItem\",\"position\":1,\"name\":\"Accueil\",\"item\":\"https:\\\/\\\/devtntatelier.com\\\/jeremy\\\/\"},{\"@type\":\"ListItem\",\"position\":2,\"name\":\"La 3e \u00e9dition du FARWEST&#8217;IVAL est lanc\u00e9e!\"}]},{\"@type\":\"WebSite\",\"@id\":\"https:\\\/\\\/devtntatelier.com\\\/jeremy\\\/#website\",\"url\":\"https:\\\/\\\/devtntatelier.com\\\/jeremy\\\/\",\"name\":\"Extra Maria\",\"description\":\"Blogue - D\u00e9couvertes locales et achat local\",\"potentialAction\":[{\"@type\":\"SearchAction\",\"target\":{\"@type\":\"EntryPoint\",\"urlTemplate\":\"https:\\\/\\\/devtntatelier.com\\\/jeremy\\\/?s={search_term_string}\"},\"query-input\":{\"@type\":\"PropertyValueSpecification\",\"valueRequired\":true,\"valueName\":\"search_term_string\"}}],\"inLanguage\":\"fr-FR\"},{\"@type\":\"Person\",\"@id\":\"https:\\\/\\\/devtntatelier.com\\\/jeremy\\\/#\\\/schema\\\/person\\\/0a878778dd7d3b51f55c32fe3d0c565b\",\"name\":\"Am\u00e9lia Fromage\",\"image\":{\"@type\":\"ImageObject\",\"inLanguage\":\"fr-FR\",\"@id\":\"https:\\\/\\\/secure.gravatar.com\\\/avatar\\\/a89f2060bca3721d4e33f490e22f18c0ca3155a6e14f9b4f5566b298215bc3c0?s=96&d=mm&r=g\",\"url\":\"https:\\\/\\\/secure.gravatar.com\\\/avatar\\\/a89f2060bca3721d4e33f490e22f18c0ca3155a6e14f9b4f5566b298215bc3c0?s=96&d=mm&r=g\",\"contentUrl\":\"https:\\\/\\\/secure.gravatar.com\\\/avatar\\\/a89f2060bca3721d4e33f490e22f18c0ca3155a6e14f9b4f5566b298215bc3c0?s=96&d=mm&r=g\",\"caption\":\"Am\u00e9lia Fromage\"},\"description\":\"De nature curieuse, j\u2019aime d\u00e9couvrir de nouvelles choses et en parler autour de moi. Mes deux passions : jardiner et manger du chocolat\u2026 (peut-\u00eatre qu\u2019un jour, je serai capable de faire pousser du chocolat, haha). Sinon, quoi vous dire? Ah oui! Par mon travail \u00e0 la SADC Maria-Chapdelaine, je suis en contact avec beaucoup d\u2019entrepreneurs et me donne comme mission de vous partager leurs bons coups et vous donner le go\u00fbt d\u2019acheter local. Parce que chaque petit geste compte pour faire une diff\u00e9rence. Bonne lecture!\",\"sameAs\":[\"https:\\\/\\\/sadcmaria.qc.ca\"],\"url\":\"https:\\\/\\\/devtntatelier.com\\\/jeremy\\\/author\\\/amelia\\\/\"}]}<\/script>\n<!-- \/ Yoast SEO Premium plugin. -->","yoast_head_json":{"title":"La 3e \u00e9dition du FARWEST'IVAL est lanc\u00e9e! - Extra Maria","robots":{"index":"index","follow":"follow","max-snippet":"max-snippet:-1","max-image-preview":"max-image-preview:large","max-video-preview":"max-video-preview:-1"},"canonical":"https:\/\/devtntatelier.com\/jeremy\/la-3e-edition-du-farwestival-est-lancee\/","og_locale":"fr_FR","og_type":"article","og_title":"La 3e \u00e9dition du FARWEST'IVAL est lanc\u00e9e!","og_url":"https:\/\/devtntatelier.com\/jeremy\/la-3e-edition-du-farwestival-est-lancee\/","og_site_name":"Extra Maria","article_published_time":"2023-07-14T16:48:30+00:00","article_modified_time":"2023-07-14T16:57:58+00:00","og_image":[{"width":1200,"height":630,"url":"https:\/\/devtntatelier.com\/jeremy\/wp-content\/uploads\/2023\/07\/Design-sans-titre-5.jpg","type":"image\/jpeg"}],"author":"Am\u00e9lia Fromage","twitter_card":"summary_large_image","twitter_misc":{"\u00c9crit par":"Am\u00e9lia Fromage","Dur\u00e9e de lecture estim\u00e9e":"3 minutes"},"schema":{"@context":"https:\/\/schema.org","@graph":[{"@type":"Article","@id":"https:\/\/devtntatelier.com\/jeremy\/la-3e-edition-du-farwestival-est-lancee\/#article","isPartOf":{"@id":"https:\/\/devtntatelier.com\/jeremy\/la-3e-edition-du-farwestival-est-lancee\/"},"author":{"name":"Am\u00e9lia Fromage","@id":"https:\/\/devtntatelier.com\/jeremy\/#\/schema\/person\/0a878778dd7d3b51f55c32fe3d0c565b"},"headline":"La 3e \u00e9dition du FARWEST&rsquo;IVAL est lanc\u00e9e!","datePublished":"2023-07-14T16:48:30+00:00","dateModified":"2023-07-14T16:57:58+00:00","mainEntityOfPage":{"@id":"https:\/\/devtntatelier.com\/jeremy\/la-3e-edition-du-farwestival-est-lancee\/"},"wordCount":592,"commentCount":0,"image":{"@id":"https:\/\/devtntatelier.com\/jeremy\/la-3e-edition-du-farwestival-est-lancee\/#primaryimage"},"thumbnailUrl":"https:\/\/devtntatelier.com\/jeremy\/wp-content\/uploads\/2023\/07\/Design-sans-titre-5.jpg","articleSection":["Tendance","Tous les articles"],"inLanguage":"fr-FR","potentialAction":[{"@type":"CommentAction","name":"Comment","target":["https:\/\/devtntatelier.com\/jeremy\/la-3e-edition-du-farwestival-est-lancee\/#respond"]}]},{"@type":"WebPage","@id":"https:\/\/devtntatelier.com\/jeremy\/la-3e-edition-du-farwestival-est-lancee\/","url":"https:\/\/devtntatelier.com\/jeremy\/la-3e-edition-du-farwestival-est-lancee\/","name":"La 3e \u00e9dition du FARWEST'IVAL est lanc\u00e9e! - Extra Maria","isPartOf":{"@id":"https:\/\/devtntatelier.com\/jeremy\/#website"},"primaryImageOfPage":{"@id":"https:\/\/devtntatelier.com\/jeremy\/la-3e-edition-du-farwestival-est-lancee\/#primaryimage"},"image":{"@id":"https:\/\/devtntatelier.com\/jeremy\/la-3e-edition-du-farwestival-est-lancee\/#primaryimage"},"thumbnailUrl":"https:\/\/devtntatelier.com\/jeremy\/wp-content\/uploads\/2023\/07\/Design-sans-titre-5.jpg","datePublished":"2023-07-14T16:48:30+00:00","dateModified":"2023-07-14T16:57:58+00:00","author":{"@id":"https:\/\/devtntatelier.com\/jeremy\/#\/schema\/person\/0a878778dd7d3b51f55c32fe3d0c565b"},"breadcrumb":{"@id":"https:\/\/devtntatelier.com\/jeremy\/la-3e-edition-du-farwestival-est-lancee\/#breadcrumb"},"inLanguage":"fr-FR","potentialAction":[{"@type":"ReadAction","target":["https:\/\/devtntatelier.com\/jeremy\/la-3e-edition-du-farwestival-est-lancee\/"]}]},{"@type":"ImageObject","inLanguage":"fr-FR","@id":"https:\/\/devtntatelier.com\/jeremy\/la-3e-edition-du-farwestival-est-lancee\/#primaryimage","url":"https:\/\/devtntatelier.com\/jeremy\/wp-content\/uploads\/2023\/07\/Design-sans-titre-5.jpg","contentUrl":"https:\/\/devtntatelier.com\/jeremy\/wp-content\/uploads\/2023\/07\/Design-sans-titre-5.jpg","width":1200,"height":630},{"@type":"BreadcrumbList","@id":"https:\/\/devtntatelier.com\/jeremy\/la-3e-edition-du-farwestival-est-lancee\/#breadcrumb","itemListElement":[{"@type":"ListItem","position":1,"name":"Accueil","item":"https:\/\/devtntatelier.com\/jeremy\/"},{"@type":"ListItem","position":2,"name":"La 3e \u00e9dition du FARWEST&#8217;IVAL est lanc\u00e9e!"}]},{"@type":"WebSite","@id":"https:\/\/devtntatelier.com\/jeremy\/#website","url":"https:\/\/devtntatelier.com\/jeremy\/","name":"Extra Maria","description":"Blogue - D\u00e9couvertes locales et achat local","potentialAction":[{"@type":"SearchAction","target":{"@type":"EntryPoint","urlTemplate":"https:\/\/devtntatelier.com\/jeremy\/?s={search_term_string}"},"query-input":{"@type":"PropertyValueSpecification","valueRequired":true,"valueName":"search_term_string"}}],"inLanguage":"fr-FR"},{"@type":"Person","@id":"https:\/\/devtntatelier.com\/jeremy\/#\/schema\/person\/0a878778dd7d3b51f55c32fe3d0c565b","name":"Am\u00e9lia Fromage","image":{"@type":"ImageObject","inLanguage":"fr-FR","@id":"https:\/\/secure.gravatar.com\/avatar\/a89f2060bca3721d4e33f490e22f18c0ca3155a6e14f9b4f5566b298215bc3c0?s=96&d=mm&r=g","url":"https:\/\/secure.gravatar.com\/avatar\/a89f2060bca3721d4e33f490e22f18c0ca3155a6e14f9b4f5566b298215bc3c0?s=96&d=mm&r=g","contentUrl":"https:\/\/secure.gravatar.com\/avatar\/a89f2060bca3721d4e33f490e22f18c0ca3155a6e14f9b4f5566b298215bc3c0?s=96&d=mm&r=g","caption":"Am\u00e9lia Fromage"},"description":"De nature curieuse, j\u2019aime d\u00e9couvrir de nouvelles choses et en parler autour de moi. Mes deux passions : jardiner et manger du chocolat\u2026 (peut-\u00eatre qu\u2019un jour, je serai capable de faire pousser du chocolat, haha). Sinon, quoi vous dire? Ah oui! Par mon travail \u00e0 la SADC Maria-Chapdelaine, je suis en contact avec beaucoup d\u2019entrepreneurs et me donne comme mission de vous partager leurs bons coups et vous donner le go\u00fbt d\u2019acheter local. Parce que chaque petit geste compte pour faire une diff\u00e9rence. Bonne lecture!","sameAs":["https:\/\/sadcmaria.qc.ca"],"url":"https:\/\/devtntatelier.com\/jeremy\/author\/amelia\/"}]}},"modified_by":"Am\u00e9lia Fromage","_links":{"self":[{"href":"https:\/\/devtntatelier.com\/jeremy\/wp-json\/wp\/v2\/posts\/5696","targetHints":{"allow":["GET"]}}],"collection":[{"href":"https:\/\/devtntatelier.com\/jeremy\/wp-json\/wp\/v2\/posts"}],"about":[{"href":"https:\/\/devtntatelier.com\/jeremy\/wp-json\/wp\/v2\/types\/post"}],"author":[{"embeddable":true,"href":"https:\/\/devtntatelier.com\/jeremy\/wp-json\/wp\/v2\/users\/2"}],"replies":[{"embeddable":true,"href":"https:\/\/devtntatelier.com\/jeremy\/wp-json\/wp\/v2\/comments?post=5696"}],"version-history":[{"count":0,"href":"https:\/\/devtntatelier.com\/jeremy\/wp-json\/wp\/v2\/posts\/5696\/revisions"}],"wp:featuredmedia":[{"embeddable":true,"href":"https:\/\/devtntatelier.com\/jeremy\/wp-json\/wp\/v2\/media\/5704"}],"wp:attachment":[{"href":"https:\/\/devtntatelier.com\/jeremy\/wp-json\/wp\/v2\/media?parent=5696"}],"wp:term":[{"taxonomy":"category","embeddable":true,"href":"https:\/\/devtntatelier.com\/jeremy\/wp-json\/wp\/v2\/categories?post=5696"},{"taxonomy":"post_tag","embeddable":true,"href":"https:\/\/devtntatelier.com\/jeremy\/wp-json\/wp\/v2\/tags?post=5696"}],"curies":[{"name":"wp","href":"https:\/\/api.w.org\/{rel}","templated":true}]}}