{"id":5675,"date":"2023-06-23T19:28:34","date_gmt":"2023-06-23T23:28:34","guid":{"rendered":"https:\/\/devtntatelier.com\/jeremy\/?p=5675"},"modified":"2023-06-23T19:28:35","modified_gmt":"2023-06-23T23:28:35","slug":"la-ferme-des-exilees","status":"publish","type":"post","link":"https:\/\/devtntatelier.com\/jeremy\/la-ferme-des-exilees\/","title":{"rendered":"La Ferme des Exil\u00e9es"},"content":{"rendered":"<p>[et_pb_section fb_built=\u00a0\u00bb1&Prime; theme_builder_area=\u00a0\u00bbpost_content\u00a0\u00bb _builder_version=\u00a0\u00bb4.21.0&Prime; _module_preset=\u00a0\u00bbdefault\u00a0\u00bb][et_pb_row _builder_version=\u00a0\u00bb4.21.0&Prime; _module_preset=\u00a0\u00bbdefault\u00a0\u00bb theme_builder_area=\u00a0\u00bbpost_content\u00a0\u00bb][et_pb_column _builder_version=\u00a0\u00bb4.21.0&Prime; _module_preset=\u00a0\u00bbdefault\u00a0\u00bb type=\u00a0\u00bb4_4&Prime; theme_builder_area=\u00a0\u00bbpost_content\u00a0\u00bb][et_pb_text _builder_version=\u00a0\u00bb4.21.0&Prime; _module_preset=\u00a0\u00bbdefault\u00a0\u00bb theme_builder_area=\u00a0\u00bbpost_content\u00a0\u00bb hover_enabled=\u00a0\u00bb0&Prime; sticky_enabled=\u00a0\u00bb0&Prime;]<\/p>\n<h1><strong>LA FERME DES EXIL\u00c9ES<\/strong><\/h1>\n<p>Laurie Godin et Lisa Dion<br \/>246 Principale Saint-Thomas-Didyme, Qc<br \/><strong><a href=\"tel:4186185247\">418 618-5247<\/a><\/strong><br \/><strong><a href=\"mailto:ferme_des_exilees@outlook.com\">ferme_des_exilees@outlook.com<\/a><\/strong><br \/>Page Facebook\u00a0: <strong><a href=\"https:\/\/www.facebook.com\/fermedesexilees\">https:\/\/www.facebook.com\/fermedesexilees<\/a><\/strong><\/p>\n<p>\u00a0Je me suis entretenue derni\u00e8rement avec Laurie Godin, copropri\u00e9taire de la Ferme des Exil\u00e9es situ\u00e9e \u00e0 Saint-Thomas-Didyme. Pour elle et Lisa Dion, le projet de la ferme, c&rsquo;est un PROJET DE VIE! D\u00e9couvrez leur parcours agricole et leurs sp\u00e9cialit\u00e9s!<\/p>\n<h2>Extra Maria\u00a0: Parlez-nous de vous&#8230;<\/h2>\n<p><strong>Laurie\u00a0:<\/strong> Lisa et moi avions en commun le d\u00e9sir de s\u2019\u00e9tablir sur une terre et de vivre en nature. Nous sommes deux amoureuses de la nature! C\u2019est moi qui ai initi\u00e9 notre projet agricole. \u00c9tant agronome et agro\u00e9conomiste de formation, j\u2019ai toujours voulu avoir une ferme agricole.<\/p>\n<p>Lisa, elle, travaille comme ergoth\u00e9rapeute. Elle a embarqu\u00e9 tout de suite dans le projet. Nous avons mis \u00e7a en place ensemble. Nous nous challengeons dans les d\u00e9cisions \u00e0 prendre et le mod\u00e8le d\u2019affaires \u00e0 privil\u00e9gier. Nous formons vraiment une \u00e9quipe compl\u00e9mentaire.<\/p>\n<p>Nous sommes des personnes simples et authentiques. Nous voulons que le projet soit \u00e0 notre image, avoir du plaisir dans ce que nous faisons et garder cela \u00e0 \u00e9chelle humaine. Ce projet, c\u2019est un mode de vie pour nous. Notre fille Noh\u00e9e y participe aussi.<\/p>\n<h2>Extra Maria\u00a0: D\u2019o\u00f9 vous est venue votre id\u00e9e de projet?<\/h2>\n<p><strong>Laurie\u00a0:<\/strong> Lisa et moi, nous avons pris la d\u00e9cision de s\u2019\u00e9tablir dans la r\u00e9gion pour son c\u00f4t\u00e9 nordique. Nous regardions les terres disponibles sur le march\u00e9 pendant que j\u2019\u00e9tudiais en agronomie \u00e0 Laval et que Lisa travaillait dans son domaine et habitait \u00e0 La Dor\u00e9. Puis, nous sommes tomb\u00e9es en amour avec une maison authentique, et sa terre en friche et vallonn\u00e9e, \u00e0 Saint-Thomas-Didyme. Tout \u00e9tait \u00e0 faire et \u00e7a nous plaisait! Nous y avons emm\u00e9nag\u00e9 tout de suite \u00e0 la fin de mes \u00e9tudes en 2013.<\/p>\n<h2>Extra Maria\u00a0: Quels produits et services offrez-vous?<\/h2>\n<p><strong>Laurie\u00a0:<\/strong> Nous sommes productrices de <strong>camerises<\/strong>, d\u2019<strong>ails<\/strong>, d\u2019<strong>asperges<\/strong> et de <strong>rhubarbes<\/strong>. Nous avons commenc\u00e9 \u00e0 l\u2019\u00e9poque par la culture de la camerise. Nous sommes surtout connues pour \u00e7a. Puis, nous avons fait diff\u00e9rents tests pour en arriver aux cultures biologiques que nous faisons aujourd\u2019hui. Nous souhaitons nous sp\u00e9cialiser pour faire des volumes. Mais, nous nous donnons aussi comme mission de desservir le march\u00e9 local. Nous avons un kiosque \u00e0 la ferme et nous proposons l\u2019autocueillette de camerises en juillet. Nous offrons \u00e9galement aux autres mara\u00eechers de compl\u00e9ter leurs paniers avec nos produits.<\/p>\n<h2>Extra Maria\u00a0: Comment \u00e7a fonctionne?<\/h2>\n<p><strong>Laurie\u00a0:<\/strong> L\u2019autocueillette de camerises a lieu au mois de juillet. Nous annon\u00e7ons les dates sur la page Facebook de la Ferme des Exil\u00e9es. Pendant cette p\u00e9riode, nous vendons aussi nos autres produits sur place en quantit\u00e9 limit\u00e9e dans un kiosque.<\/p>\n<h2>Extra Maria\u00a0: Quelles sont vos heures d\u2019ouverture?<\/h2>\n<p><strong>Laurie\u00a0:<\/strong> Ce sera au mois de juillet. Surveillez la page Facebook de la Ferme des Exil\u00e9es!<\/p>\n<h2>Extra Maria\u00a0: Comment peut-on vous rejoindre?<\/h2>\n<p><strong>Laurie\u00a0:<\/strong> Vous pouvez nous rejoindre par t\u00e9l\u00e9phone au 418 618-5247 ou sur la page Facebook de la Ferme des Exil\u00e9es!<\/p>\n<h2>Extra Maria\u00a0: Peut-on retrouver vos produits dans d\u2019autres points de vente?<\/h2>\n<p><strong>Laurie\u00a0:<\/strong> Certains de nos produits sont disponibles au kiosque d\u2019Isabelle Beaurivage \u00e0 Normandin, le Ma\u00efs du rang 4.<\/p>\n<h2>Extra Maria\u00a0: Quels sont vos futurs projets?<\/h2>\n<p><strong>Laurie\u00a0:<\/strong> Nous regardons actuellement pour prendre des ententes avec des march\u00e9s locaux. Nous visons \u00e0 continuer de faire cro\u00eetre l\u2019entreprise en d\u00e9veloppant les superficies de notre terre qui restent encore \u00e0 exploiter et en misant sur nos produits actuels. Nous continuons \u00e0 faire des essais \u00e0 travers \u00e7a et nous regardons du c\u00f4t\u00e9 de la culture du bleuet. Venez nous visiter cet \u00e9t\u00e9!<\/p>\n<p>[\/et_pb_text][\/et_pb_column][\/et_pb_row][et_pb_row _builder_version=\u00a0\u00bb4.21.0&Prime; _module_preset=\u00a0\u00bbdefault\u00a0\u00bb column_structure=\u00a0\u00bb1_2,1_2&Prime; theme_builder_area=\u00a0\u00bbpost_content\u00a0\u00bb][et_pb_column _builder_version=\u00a0\u00bb4.21.0&Prime; _module_preset=\u00a0\u00bbdefault\u00a0\u00bb type=\u00a0\u00bb1_2&Prime; theme_builder_area=\u00a0\u00bbpost_content\u00a0\u00bb][et_pb_image src=\u00a0\u00bbhttps:\/\/devtntatelier.com\/jeremy\/wp-content\/uploads\/2023\/06\/ferme-des-exilees-fleurs-ail.jpg\u00a0\u00bb _builder_version=\u00a0\u00bb4.21.0&Prime; _module_preset=\u00a0\u00bbdefault\u00a0\u00bb theme_builder_area=\u00a0\u00bbpost_content\u00a0\u00bb title_text=\u00a0\u00bbferme-des-exilees-fleurs-ail\u00a0\u00bb hover_enabled=\u00a0\u00bb0&Prime; sticky_enabled=\u00a0\u00bb0&Prime;][\/et_pb_image][\/et_pb_column][et_pb_column _builder_version=\u00a0\u00bb4.21.0&Prime; _module_preset=\u00a0\u00bbdefault\u00a0\u00bb type=\u00a0\u00bb1_2&Prime; theme_builder_area=\u00a0\u00bbpost_content\u00a0\u00bb][et_pb_image src=\u00a0\u00bbhttps:\/\/devtntatelier.com\/jeremy\/wp-content\/uploads\/2023\/06\/ferme-des-exilees-autocueillette-camerises.jpg\u00a0\u00bb _builder_version=\u00a0\u00bb4.21.0&Prime; _module_preset=\u00a0\u00bbdefault\u00a0\u00bb theme_builder_area=\u00a0\u00bbpost_content\u00a0\u00bb title_text=\u00a0\u00bbferme-des-exilees-autocueillette-camerises\u00a0\u00bb hover_enabled=\u00a0\u00bb0&Prime; sticky_enabled=\u00a0\u00bb0&Prime;][\/et_pb_image][\/et_pb_column][\/et_pb_row][et_pb_row _builder_version=\u00a0\u00bb4.21.0&Prime; _module_preset=\u00a0\u00bbdefault\u00a0\u00bb column_structure=\u00a0\u00bb1_2,1_2&Prime; theme_builder_area=\u00a0\u00bbpost_content\u00a0\u00bb][et_pb_column _builder_version=\u00a0\u00bb4.21.0&Prime; _module_preset=\u00a0\u00bbdefault\u00a0\u00bb type=\u00a0\u00bb1_2&Prime; theme_builder_area=\u00a0\u00bbpost_content\u00a0\u00bb][et_pb_image src=\u00a0\u00bbhttps:\/\/devtntatelier.com\/jeremy\/wp-content\/uploads\/2023\/06\/ferme-des-exilees-vente-camerises.jpg\u00a0\u00bb _builder_version=\u00a0\u00bb4.21.0&Prime; _module_preset=\u00a0\u00bbdefault\u00a0\u00bb theme_builder_area=\u00a0\u00bbpost_content\u00a0\u00bb title_text=\u00a0\u00bbferme-des-exilees-vente-camerises\u00a0\u00bb hover_enabled=\u00a0\u00bb0&Prime; sticky_enabled=\u00a0\u00bb0&Prime;][\/et_pb_image][\/et_pb_column][et_pb_column _builder_version=\u00a0\u00bb4.21.0&Prime; _module_preset=\u00a0\u00bbdefault\u00a0\u00bb type=\u00a0\u00bb1_2&Prime; theme_builder_area=\u00a0\u00bbpost_content\u00a0\u00bb][et_pb_image src=\u00a0\u00bbhttps:\/\/devtntatelier.com\/jeremy\/wp-content\/uploads\/2023\/06\/ferme-des-exilees-fruit-camerise.jpg\u00a0\u00bb _builder_version=\u00a0\u00bb4.21.0&Prime; _module_preset=\u00a0\u00bbdefault\u00a0\u00bb theme_builder_area=\u00a0\u00bbpost_content\u00a0\u00bb title_text=\u00a0\u00bbferme-des-exilees-fruit-camerise\u00a0\u00bb hover_enabled=\u00a0\u00bb0&Prime; sticky_enabled=\u00a0\u00bb0&Prime;][\/et_pb_image][\/et_pb_column][\/et_pb_row][\/et_pb_section]<\/p>\n","protected":false},"excerpt":{"rendered":"<p>LA FERME DES EXIL\u00c9ES Laurie Godin et Lisa Dion246 Principale Saint-Thomas-Didyme, Qc418 618-5247ferme_des_exilees@outlook.comPage Facebook\u00a0: https:\/\/www.facebook.com\/fermedesexilees \u00a0Je me suis entretenue derni\u00e8rement avec Laurie Godin, copropri\u00e9taire de la Ferme des Exil\u00e9es situ\u00e9e [&hellip;]<\/p>\n","protected":false},"author":2,"featured_media":5676,"comment_status":"open","ping_status":"open","sticky":false,"template":"","format":"standard","meta":{"_et_pb_use_builder":"on","_et_pb_old_content":"","_et_gb_content_width":"","_lmt_disableupdate":"","_lmt_disable":"","_price":"","_stock":"","_tribe_ticket_header":"","_tribe_default_ticket_provider":"","_tribe_ticket_capacity":"0","_ticket_start_date":"","_ticket_end_date":"","_tribe_ticket_show_description":"","_tribe_ticket_show_not_going":false,"_tribe_ticket_use_global_stock":"","_tribe_ticket_global_stock_level":"","_global_stock_mode":"","_global_stock_cap":"","_tribe_rsvp_for_event":"","_tribe_ticket_going_count":"","_tribe_ticket_not_going_count":"","_tribe_tickets_list":"[]","_tribe_ticket_has_attendee_info_fields":false,"footnotes":""},"categories":[188,1],"tags":[],"class_list":["post-5675","post","type-post","status-publish","format-standard","has-post-thumbnail","hentry","category-nos-producteurs","category-articles-achat-local-extra-maria"],"yoast_head":"<!-- This site is optimized with the Yoast SEO Premium plugin v25.9 (Yoast SEO v28.4) - https:\/\/yoast.com\/product\/yoast-seo-premium-wordpress\/ -->\n<title>La Ferme des Exil\u00e9es - Extra Maria<\/title>\n<meta name=\"robots\" content=\"index, follow, max-snippet:-1, max-image-preview:large, max-video-preview:-1\" \/>\n<link rel=\"canonical\" href=\"https:\/\/devtntatelier.com\/jeremy\/la-ferme-des-exilees\/\" \/>\n<meta property=\"og:locale\" content=\"fr_FR\" \/>\n<meta property=\"og:type\" content=\"article\" \/>\n<meta property=\"og:title\" content=\"La Ferme des Exil\u00e9es\" \/>\n<meta property=\"og:url\" content=\"https:\/\/devtntatelier.com\/jeremy\/la-ferme-des-exilees\/\" \/>\n<meta property=\"og:site_name\" content=\"Extra Maria\" \/>\n<meta property=\"article:published_time\" content=\"2023-06-23T23:28:34+00:00\" \/>\n<meta property=\"article:modified_time\" content=\"2023-06-23T23:28:35+00:00\" \/>\n<meta property=\"og:image\" content=\"https:\/\/devtntatelier.com\/jeremy\/wp-content\/uploads\/2023\/06\/ferme-des-exilees.jpg\" \/>\n\t<meta property=\"og:image:width\" content=\"1035\" \/>\n\t<meta property=\"og:image:height\" content=\"543\" \/>\n\t<meta property=\"og:image:type\" content=\"image\/jpeg\" \/>\n<meta name=\"author\" content=\"Am\u00e9lia Fromage\" \/>\n<meta name=\"twitter:card\" content=\"summary_large_image\" \/>\n<meta name=\"twitter:label1\" content=\"\u00c9crit par\" \/>\n\t<meta name=\"twitter:data1\" content=\"Am\u00e9lia Fromage\" \/>\n<script type=\"application\/ld+json\" class=\"yoast-schema-graph\">{\"@context\":\"https:\\\/\\\/schema.org\",\"@graph\":[{\"@type\":\"Article\",\"@id\":\"https:\\\/\\\/devtntatelier.com\\\/jeremy\\\/la-ferme-des-exilees\\\/#article\",\"isPartOf\":{\"@id\":\"https:\\\/\\\/devtntatelier.com\\\/jeremy\\\/la-ferme-des-exilees\\\/\"},\"author\":{\"name\":\"Am\u00e9lia Fromage\",\"@id\":\"https:\\\/\\\/devtntatelier.com\\\/jeremy\\\/#\\\/schema\\\/person\\\/0a878778dd7d3b51f55c32fe3d0c565b\"},\"headline\":\"La Ferme des Exil\u00e9es\",\"datePublished\":\"2023-06-23T23:28:34+00:00\",\"dateModified\":\"2023-06-23T23:28:35+00:00\",\"mainEntityOfPage\":{\"@id\":\"https:\\\/\\\/devtntatelier.com\\\/jeremy\\\/la-ferme-des-exilees\\\/\"},\"wordCount\":938,\"commentCount\":1,\"image\":{\"@id\":\"https:\\\/\\\/devtntatelier.com\\\/jeremy\\\/la-ferme-des-exilees\\\/#primaryimage\"},\"thumbnailUrl\":\"https:\\\/\\\/devtntatelier.com\\\/jeremy\\\/wp-content\\\/uploads\\\/2023\\\/06\\\/ferme-des-exilees.jpg\",\"articleSection\":[\"Nos producteurs locaux\",\"Tous les articles\"],\"inLanguage\":\"fr-FR\",\"potentialAction\":[{\"@type\":\"CommentAction\",\"name\":\"Comment\",\"target\":[\"https:\\\/\\\/devtntatelier.com\\\/jeremy\\\/la-ferme-des-exilees\\\/#respond\"]}]},{\"@type\":\"WebPage\",\"@id\":\"https:\\\/\\\/devtntatelier.com\\\/jeremy\\\/la-ferme-des-exilees\\\/\",\"url\":\"https:\\\/\\\/devtntatelier.com\\\/jeremy\\\/la-ferme-des-exilees\\\/\",\"name\":\"La Ferme des Exil\u00e9es - Extra Maria\",\"isPartOf\":{\"@id\":\"https:\\\/\\\/devtntatelier.com\\\/jeremy\\\/#website\"},\"primaryImageOfPage\":{\"@id\":\"https:\\\/\\\/devtntatelier.com\\\/jeremy\\\/la-ferme-des-exilees\\\/#primaryimage\"},\"image\":{\"@id\":\"https:\\\/\\\/devtntatelier.com\\\/jeremy\\\/la-ferme-des-exilees\\\/#primaryimage\"},\"thumbnailUrl\":\"https:\\\/\\\/devtntatelier.com\\\/jeremy\\\/wp-content\\\/uploads\\\/2023\\\/06\\\/ferme-des-exilees.jpg\",\"datePublished\":\"2023-06-23T23:28:34+00:00\",\"dateModified\":\"2023-06-23T23:28:35+00:00\",\"author\":{\"@id\":\"https:\\\/\\\/devtntatelier.com\\\/jeremy\\\/#\\\/schema\\\/person\\\/0a878778dd7d3b51f55c32fe3d0c565b\"},\"breadcrumb\":{\"@id\":\"https:\\\/\\\/devtntatelier.com\\\/jeremy\\\/la-ferme-des-exilees\\\/#breadcrumb\"},\"inLanguage\":\"fr-FR\",\"potentialAction\":[{\"@type\":\"ReadAction\",\"target\":[\"https:\\\/\\\/devtntatelier.com\\\/jeremy\\\/la-ferme-des-exilees\\\/\"]}]},{\"@type\":\"ImageObject\",\"inLanguage\":\"fr-FR\",\"@id\":\"https:\\\/\\\/devtntatelier.com\\\/jeremy\\\/la-ferme-des-exilees\\\/#primaryimage\",\"url\":\"https:\\\/\\\/devtntatelier.com\\\/jeremy\\\/wp-content\\\/uploads\\\/2023\\\/06\\\/ferme-des-exilees.jpg\",\"contentUrl\":\"https:\\\/\\\/devtntatelier.com\\\/jeremy\\\/wp-content\\\/uploads\\\/2023\\\/06\\\/ferme-des-exilees.jpg\",\"width\":\"1035\",\"height\":\"543\"},{\"@type\":\"BreadcrumbList\",\"@id\":\"https:\\\/\\\/devtntatelier.com\\\/jeremy\\\/la-ferme-des-exilees\\\/#breadcrumb\",\"itemListElement\":[{\"@type\":\"ListItem\",\"position\":1,\"name\":\"Accueil\",\"item\":\"https:\\\/\\\/devtntatelier.com\\\/jeremy\\\/\"},{\"@type\":\"ListItem\",\"position\":2,\"name\":\"La Ferme des Exil\u00e9es\"}]},{\"@type\":\"WebSite\",\"@id\":\"https:\\\/\\\/devtntatelier.com\\\/jeremy\\\/#website\",\"url\":\"https:\\\/\\\/devtntatelier.com\\\/jeremy\\\/\",\"name\":\"Extra Maria\",\"description\":\"Blogue - D\u00e9couvertes locales et achat local\",\"potentialAction\":[{\"@type\":\"SearchAction\",\"target\":{\"@type\":\"EntryPoint\",\"urlTemplate\":\"https:\\\/\\\/devtntatelier.com\\\/jeremy\\\/?s={search_term_string}\"},\"query-input\":{\"@type\":\"PropertyValueSpecification\",\"valueRequired\":true,\"valueName\":\"search_term_string\"}}],\"inLanguage\":\"fr-FR\"},{\"@type\":\"Person\",\"@id\":\"https:\\\/\\\/devtntatelier.com\\\/jeremy\\\/#\\\/schema\\\/person\\\/0a878778dd7d3b51f55c32fe3d0c565b\",\"name\":\"Am\u00e9lia Fromage\",\"image\":{\"@type\":\"ImageObject\",\"inLanguage\":\"fr-FR\",\"@id\":\"https:\\\/\\\/secure.gravatar.com\\\/avatar\\\/a89f2060bca3721d4e33f490e22f18c0ca3155a6e14f9b4f5566b298215bc3c0?s=96&d=mm&r=g\",\"url\":\"https:\\\/\\\/secure.gravatar.com\\\/avatar\\\/a89f2060bca3721d4e33f490e22f18c0ca3155a6e14f9b4f5566b298215bc3c0?s=96&d=mm&r=g\",\"contentUrl\":\"https:\\\/\\\/secure.gravatar.com\\\/avatar\\\/a89f2060bca3721d4e33f490e22f18c0ca3155a6e14f9b4f5566b298215bc3c0?s=96&d=mm&r=g\",\"caption\":\"Am\u00e9lia Fromage\"},\"description\":\"De nature curieuse, j\u2019aime d\u00e9couvrir de nouvelles choses et en parler autour de moi. Mes deux passions : jardiner et manger du chocolat\u2026 (peut-\u00eatre qu\u2019un jour, je serai capable de faire pousser du chocolat, haha). Sinon, quoi vous dire? Ah oui! Par mon travail \u00e0 la SADC Maria-Chapdelaine, je suis en contact avec beaucoup d\u2019entrepreneurs et me donne comme mission de vous partager leurs bons coups et vous donner le go\u00fbt d\u2019acheter local. Parce que chaque petit geste compte pour faire une diff\u00e9rence. Bonne lecture!\",\"sameAs\":[\"https:\\\/\\\/sadcmaria.qc.ca\"],\"url\":\"https:\\\/\\\/devtntatelier.com\\\/jeremy\\\/author\\\/amelia\\\/\"}]}<\/script>\n<!-- \/ Yoast SEO Premium plugin. -->","yoast_head_json":{"title":"La Ferme des Exil\u00e9es - Extra Maria","robots":{"index":"index","follow":"follow","max-snippet":"max-snippet:-1","max-image-preview":"max-image-preview:large","max-video-preview":"max-video-preview:-1"},"canonical":"https:\/\/devtntatelier.com\/jeremy\/la-ferme-des-exilees\/","og_locale":"fr_FR","og_type":"article","og_title":"La Ferme des Exil\u00e9es","og_url":"https:\/\/devtntatelier.com\/jeremy\/la-ferme-des-exilees\/","og_site_name":"Extra Maria","article_published_time":"2023-06-23T23:28:34+00:00","article_modified_time":"2023-06-23T23:28:35+00:00","og_image":[{"width":1035,"height":543,"url":"https:\/\/devtntatelier.com\/jeremy\/wp-content\/uploads\/2023\/06\/ferme-des-exilees.jpg","type":"image\/jpeg"}],"author":"Am\u00e9lia Fromage","twitter_card":"summary_large_image","twitter_misc":{"\u00c9crit par":"Am\u00e9lia Fromage"},"schema":{"@context":"https:\/\/schema.org","@graph":[{"@type":"Article","@id":"https:\/\/devtntatelier.com\/jeremy\/la-ferme-des-exilees\/#article","isPartOf":{"@id":"https:\/\/devtntatelier.com\/jeremy\/la-ferme-des-exilees\/"},"author":{"name":"Am\u00e9lia Fromage","@id":"https:\/\/devtntatelier.com\/jeremy\/#\/schema\/person\/0a878778dd7d3b51f55c32fe3d0c565b"},"headline":"La Ferme des Exil\u00e9es","datePublished":"2023-06-23T23:28:34+00:00","dateModified":"2023-06-23T23:28:35+00:00","mainEntityOfPage":{"@id":"https:\/\/devtntatelier.com\/jeremy\/la-ferme-des-exilees\/"},"wordCount":938,"commentCount":1,"image":{"@id":"https:\/\/devtntatelier.com\/jeremy\/la-ferme-des-exilees\/#primaryimage"},"thumbnailUrl":"https:\/\/devtntatelier.com\/jeremy\/wp-content\/uploads\/2023\/06\/ferme-des-exilees.jpg","articleSection":["Nos producteurs locaux","Tous les articles"],"inLanguage":"fr-FR","potentialAction":[{"@type":"CommentAction","name":"Comment","target":["https:\/\/devtntatelier.com\/jeremy\/la-ferme-des-exilees\/#respond"]}]},{"@type":"WebPage","@id":"https:\/\/devtntatelier.com\/jeremy\/la-ferme-des-exilees\/","url":"https:\/\/devtntatelier.com\/jeremy\/la-ferme-des-exilees\/","name":"La Ferme des Exil\u00e9es - Extra Maria","isPartOf":{"@id":"https:\/\/devtntatelier.com\/jeremy\/#website"},"primaryImageOfPage":{"@id":"https:\/\/devtntatelier.com\/jeremy\/la-ferme-des-exilees\/#primaryimage"},"image":{"@id":"https:\/\/devtntatelier.com\/jeremy\/la-ferme-des-exilees\/#primaryimage"},"thumbnailUrl":"https:\/\/devtntatelier.com\/jeremy\/wp-content\/uploads\/2023\/06\/ferme-des-exilees.jpg","datePublished":"2023-06-23T23:28:34+00:00","dateModified":"2023-06-23T23:28:35+00:00","author":{"@id":"https:\/\/devtntatelier.com\/jeremy\/#\/schema\/person\/0a878778dd7d3b51f55c32fe3d0c565b"},"breadcrumb":{"@id":"https:\/\/devtntatelier.com\/jeremy\/la-ferme-des-exilees\/#breadcrumb"},"inLanguage":"fr-FR","potentialAction":[{"@type":"ReadAction","target":["https:\/\/devtntatelier.com\/jeremy\/la-ferme-des-exilees\/"]}]},{"@type":"ImageObject","inLanguage":"fr-FR","@id":"https:\/\/devtntatelier.com\/jeremy\/la-ferme-des-exilees\/#primaryimage","url":"https:\/\/devtntatelier.com\/jeremy\/wp-content\/uploads\/2023\/06\/ferme-des-exilees.jpg","contentUrl":"https:\/\/devtntatelier.com\/jeremy\/wp-content\/uploads\/2023\/06\/ferme-des-exilees.jpg","width":"1035","height":"543"},{"@type":"BreadcrumbList","@id":"https:\/\/devtntatelier.com\/jeremy\/la-ferme-des-exilees\/#breadcrumb","itemListElement":[{"@type":"ListItem","position":1,"name":"Accueil","item":"https:\/\/devtntatelier.com\/jeremy\/"},{"@type":"ListItem","position":2,"name":"La Ferme des Exil\u00e9es"}]},{"@type":"WebSite","@id":"https:\/\/devtntatelier.com\/jeremy\/#website","url":"https:\/\/devtntatelier.com\/jeremy\/","name":"Extra Maria","description":"Blogue - D\u00e9couvertes locales et achat local","potentialAction":[{"@type":"SearchAction","target":{"@type":"EntryPoint","urlTemplate":"https:\/\/devtntatelier.com\/jeremy\/?s={search_term_string}"},"query-input":{"@type":"PropertyValueSpecification","valueRequired":true,"valueName":"search_term_string"}}],"inLanguage":"fr-FR"},{"@type":"Person","@id":"https:\/\/devtntatelier.com\/jeremy\/#\/schema\/person\/0a878778dd7d3b51f55c32fe3d0c565b","name":"Am\u00e9lia Fromage","image":{"@type":"ImageObject","inLanguage":"fr-FR","@id":"https:\/\/secure.gravatar.com\/avatar\/a89f2060bca3721d4e33f490e22f18c0ca3155a6e14f9b4f5566b298215bc3c0?s=96&d=mm&r=g","url":"https:\/\/secure.gravatar.com\/avatar\/a89f2060bca3721d4e33f490e22f18c0ca3155a6e14f9b4f5566b298215bc3c0?s=96&d=mm&r=g","contentUrl":"https:\/\/secure.gravatar.com\/avatar\/a89f2060bca3721d4e33f490e22f18c0ca3155a6e14f9b4f5566b298215bc3c0?s=96&d=mm&r=g","caption":"Am\u00e9lia Fromage"},"description":"De nature curieuse, j\u2019aime d\u00e9couvrir de nouvelles choses et en parler autour de moi. Mes deux passions : jardiner et manger du chocolat\u2026 (peut-\u00eatre qu\u2019un jour, je serai capable de faire pousser du chocolat, haha). Sinon, quoi vous dire? Ah oui! Par mon travail \u00e0 la SADC Maria-Chapdelaine, je suis en contact avec beaucoup d\u2019entrepreneurs et me donne comme mission de vous partager leurs bons coups et vous donner le go\u00fbt d\u2019acheter local. Parce que chaque petit geste compte pour faire une diff\u00e9rence. Bonne lecture!","sameAs":["https:\/\/sadcmaria.qc.ca"],"url":"https:\/\/devtntatelier.com\/jeremy\/author\/amelia\/"}]}},"modified_by":"Am\u00e9lia Fromage","_links":{"self":[{"href":"https:\/\/devtntatelier.com\/jeremy\/wp-json\/wp\/v2\/posts\/5675","targetHints":{"allow":["GET"]}}],"collection":[{"href":"https:\/\/devtntatelier.com\/jeremy\/wp-json\/wp\/v2\/posts"}],"about":[{"href":"https:\/\/devtntatelier.com\/jeremy\/wp-json\/wp\/v2\/types\/post"}],"author":[{"embeddable":true,"href":"https:\/\/devtntatelier.com\/jeremy\/wp-json\/wp\/v2\/users\/2"}],"replies":[{"embeddable":true,"href":"https:\/\/devtntatelier.com\/jeremy\/wp-json\/wp\/v2\/comments?post=5675"}],"version-history":[{"count":0,"href":"https:\/\/devtntatelier.com\/jeremy\/wp-json\/wp\/v2\/posts\/5675\/revisions"}],"wp:featuredmedia":[{"embeddable":true,"href":"https:\/\/devtntatelier.com\/jeremy\/wp-json\/wp\/v2\/media\/5676"}],"wp:attachment":[{"href":"https:\/\/devtntatelier.com\/jeremy\/wp-json\/wp\/v2\/media?parent=5675"}],"wp:term":[{"taxonomy":"category","embeddable":true,"href":"https:\/\/devtntatelier.com\/jeremy\/wp-json\/wp\/v2\/categories?post=5675"},{"taxonomy":"post_tag","embeddable":true,"href":"https:\/\/devtntatelier.com\/jeremy\/wp-json\/wp\/v2\/tags?post=5675"}],"curies":[{"name":"wp","href":"https:\/\/api.w.org\/{rel}","templated":true}]}}