{"id":5566,"date":"2023-06-08T11:58:00","date_gmt":"2023-06-08T15:58:00","guid":{"rendered":"https:\/\/devtntatelier.com\/jeremy\/?p=5566"},"modified":"2023-06-16T08:34:19","modified_gmt":"2023-06-16T12:34:19","slug":"le-petite-ferme-a-orace","status":"publish","type":"post","link":"https:\/\/devtntatelier.com\/jeremy\/le-petite-ferme-a-orace\/","title":{"rendered":"Le Petite Ferme \u00e0 Orace"},"content":{"rendered":"<p>[et_pb_section fb_built=\u00a0\u00bb1&Prime; _builder_version=\u00a0\u00bb4.21.0&Prime; _module_preset=\u00a0\u00bbdefault\u00a0\u00bb global_colors_info=\u00a0\u00bb{}\u00a0\u00bb][et_pb_row _builder_version=\u00a0\u00bb4.21.0&Prime; _module_preset=\u00a0\u00bbdefault\u00a0\u00bb global_colors_info=\u00a0\u00bb{}\u00a0\u00bb][et_pb_column type=\u00a0\u00bb4_4&Prime; _builder_version=\u00a0\u00bb4.21.0&Prime; _module_preset=\u00a0\u00bbdefault\u00a0\u00bb global_colors_info=\u00a0\u00bb{}\u00a0\u00bb][et_pb_text _builder_version=\u00a0\u00bb4.21.0&Prime; _module_preset=\u00a0\u00bbdefault\u00a0\u00bb global_colors_info=\u00a0\u00bb{}\u00a0\u00bb]<\/p>\n<h1><span>\u00a0La Petite Ferme \u00e0 Orace<\/span><\/h1>\n<p><span><\/span><strong>G\u00e9rald Villeneuve et Guylaine Villeneuve Par\u00e9<br \/><\/strong>Adresse : 254 rang Saint-Joseph, Dolbeau-Mistassini<br \/>T\u00e9l\u00e9phone : <strong><span style=\"color: #3366ff;\"><a href=\"tel:4182764066\" style=\"color: #3366ff;\">418 276-4066<\/a><\/span><\/strong><br \/>Page Facebook : <a href=\"https:\/\/www.facebook.com\/petitefermeaorace\">https:\/\/www.facebook.com\/petitefermeaorace<\/a>\u00a0<br \/>Courriel : <span style=\"color: #0c71c3;\"><strong><a href=\"mailto:guylaine450@hotmail.ca\" style=\"color: #0c71c3;\">guylaine450@hotmail.ca<\/a><\/strong><\/span><\/p>\n<p><span><\/span><\/p>\n<p><span><\/span><\/p>\n<h2>Extra Maria : Parlez-nous de vous.<\/h2>\n<p><strong>G\u00e9rald :<\/strong> Ma femme et moi, on a toujours beaucoup aim\u00e9 les animaux. J\u2019ai toujours habit\u00e9 \u00e0 Dolbeau et ma femme vient de Girardville. On s\u2019est rencontr\u00e9 il y a 15 ans. Je travaillais \u00e0 l\u2019usine et elle comme pr\u00e9pos\u00e9 aux b\u00e9n\u00e9ficiaires. D\u00e9j\u00e0 \u00e0 l\u2019\u00e9poque, nous avions des animaux malgr\u00e9 nos professions.<\/p>\n<p>Il y a environ 10\u00a0ans, on a eu l\u2019id\u00e9e d\u2019ouvrir notre ferme. On s\u2019est achet\u00e9 un lopin de terre, puis 3-4\u00a0ans apr\u00e8s on s\u2019est lanc\u00e9 dans les l\u00e9gumes.<\/p>\n<h2>Extra Maria : Quels produits et services (vente \u00e0 l\u2019unit\u00e9, paniers, libre-service, etc.) offrez-vous\u2009?<\/h2>\n<p><strong>G\u00e9rald :<\/strong> Quand nous avons commenc\u00e9, nous avons d\u00e9cid\u00e9 de ne pas faire de paniers, car un maraicher proposait d\u00e9j\u00e0 ce type de service dans la r\u00e9gion.<\/p>\n<p>Nous faisons de la vente directe au kiosque. Nous offrons aussi de l\u2019autocueillette. Les gens peuvent r\u00e9colter ce que nous cultivons comme des pois, des gourganes, des fraises, des bleuets, des framboises. Ils peuvent prendre la quantit\u00e9 qu\u2019ils souhaitent, ils doivent ensuite payer.<\/p>\n<p>Il est \u00e9galement possible de visiter la ferme de mani\u00e8re libre ou accompagn\u00e9e. La visite guid\u00e9e permet aux visiteurs de d\u00e9couvrir nos animaux, mais aussi le m\u00e9tier d\u2019agriculteurs. Nous avons beaucoup d\u2019animaux comme des cochons vietnamiens, des ch\u00e8vres, des veaux, des paons, des faisans, des poules, des chevaux\u2026<\/p>\n<h2>Extra Maria : Comment \u00e7a fonctionne\u2009?<\/h2>\n<p><strong>G\u00e9rald :<\/strong> Les gens peuvent venir librement en respectant nos horaires d\u2019ouverture.\u00a0<\/p>\n<h2>Extra Maria : Quelles sont vos heures d\u2019ouverture\u2009?<\/h2>\n<p><strong>G\u00e9rald :<\/strong> \u00c0 partir du mois de juin, le kiosque et la ferme seront ouverts de 10h \u00e0 17h tous les jours. Le kiosque reste ouvert tant que la p\u00e9riode de r\u00e9colte le permet. Des visites de groupe de la ferme peuvent se faire jusqu\u2019\u00e0 l\u2019automne sur r\u00e9servation.<\/p>\n<h2>Extra Maria : Comment peut-on vous rejoindre\u2009?<\/h2>\n<p><strong>G\u00e9rald :<\/strong> Les personnes qui veulent une visite accompagn\u00e9e de la ferme peuvent r\u00e9server sur notre page <span><a href=\"https:\/\/www.facebook.com\/petitefermeaorace\">Facebook<\/a><\/span> ou par t\u00e9l\u00e9phone au <strong><span style=\"color: #0c71c3;\"><a href=\"tel:4182764066\" style=\"color: #0c71c3;\">418 276-4066<\/a><\/span><\/strong>. C\u2019est important, car nous devons \u00eatre s\u00fbrs que nous aurons quelqu\u2019un de disponible pour les guider. Sinon, il suffit de se pr\u00e9senter directement sur place pour visiter la ferme, faire de l\u2019autocueillette ou aller au kiosque. Il y aura toujours quelqu\u2019un pour vous accueillir.<\/p>\n<h2>Extra Maria : Peut-on retrouver vos produits dans d\u2019autres points de vente\u2009?<\/h2>\n<p><strong>G\u00e9rald :<\/strong> Avant, nous envoyons une partie chez un d\u00e9panneur, mais cela demandait du personnel. En plus, une portion des produits \u00e9tait perdue, car les l\u00e9gumes s\u2019ab\u00eemaient lors du transport. Cela nous rajoutait du temps en termes de lavage et de pr\u00e9paration. Maintenant, nous nous concentrons sur la vente directe \u00e0 la ferme, les gens connaissent bien l\u2019endroit et notre fonctionnement.<\/p>\n<p>[\/et_pb_text][\/et_pb_column][\/et_pb_row][et_pb_row column_structure=\u00a0\u00bb1_2,1_2&Prime; _builder_version=\u00a0\u00bb4.21.0&Prime; _module_preset=\u00a0\u00bbdefault\u00a0\u00bb global_colors_info=\u00a0\u00bb{}\u00a0\u00bb][et_pb_column type=\u00a0\u00bb1_2&Prime; _builder_version=\u00a0\u00bb4.21.0&Prime; _module_preset=\u00a0\u00bbdefault\u00a0\u00bb global_colors_info=\u00a0\u00bb{}\u00a0\u00bb][et_pb_image src=\u00a0\u00bbhttps:\/\/devtntatelier.com\/jeremy\/wp-content\/uploads\/2023\/06\/la-petite-ferme-a-orace-4.jpg\u00a0\u00bb title_text=\u00a0\u00bbla-petite-ferme-a-orace-4&Prime; _builder_version=\u00a0\u00bb4.21.0&Prime; _module_preset=\u00a0\u00bbdefault\u00a0\u00bb global_colors_info=\u00a0\u00bb{}\u00a0\u00bb][\/et_pb_image][\/et_pb_column][et_pb_column type=\u00a0\u00bb1_2&Prime; _builder_version=\u00a0\u00bb4.21.0&Prime; _module_preset=\u00a0\u00bbdefault\u00a0\u00bb global_colors_info=\u00a0\u00bb{}\u00a0\u00bb][et_pb_image src=\u00a0\u00bbhttps:\/\/devtntatelier.com\/jeremy\/wp-content\/uploads\/2023\/06\/la-petite-ferme-a-orace-3.jpg\u00a0\u00bb title_text=\u00a0\u00bbla-petite-ferme-a-orace-3&Prime; _builder_version=\u00a0\u00bb4.21.0&Prime; _module_preset=\u00a0\u00bbdefault\u00a0\u00bb global_colors_info=\u00a0\u00bb{}\u00a0\u00bb][\/et_pb_image][\/et_pb_column][\/et_pb_row][et_pb_row column_structure=\u00a0\u00bb1_2,1_2&Prime; _builder_version=\u00a0\u00bb4.21.0&Prime; _module_preset=\u00a0\u00bbdefault\u00a0\u00bb global_colors_info=\u00a0\u00bb{}\u00a0\u00bb][et_pb_column type=\u00a0\u00bb1_2&Prime; _builder_version=\u00a0\u00bb4.21.0&Prime; _module_preset=\u00a0\u00bbdefault\u00a0\u00bb global_colors_info=\u00a0\u00bb{}\u00a0\u00bb][et_pb_image src=\u00a0\u00bbhttps:\/\/devtntatelier.com\/jeremy\/wp-content\/uploads\/2023\/06\/Design-sans-titre-1-1.jpg\u00a0\u00bb title_text=\u00a0\u00bbDesign sans titre (1)\u00a0\u00bb _builder_version=\u00a0\u00bb4.21.0&Prime; _module_preset=\u00a0\u00bbdefault\u00a0\u00bb global_colors_info=\u00a0\u00bb{}\u00a0\u00bb][\/et_pb_image][\/et_pb_column][et_pb_column type=\u00a0\u00bb1_2&Prime; _builder_version=\u00a0\u00bb4.21.0&Prime; _module_preset=\u00a0\u00bbdefault\u00a0\u00bb global_colors_info=\u00a0\u00bb{}\u00a0\u00bb][et_pb_image src=\u00a0\u00bbhttps:\/\/devtntatelier.com\/jeremy\/wp-content\/uploads\/2023\/06\/la-petite-ferme-a-orace-1.jpg\u00a0\u00bb title_text=\u00a0\u00bbla-petite-ferme-a-orace-1&Prime; _builder_version=\u00a0\u00bb4.21.0&Prime; _module_preset=\u00a0\u00bbdefault\u00a0\u00bb global_colors_info=\u00a0\u00bb{}\u00a0\u00bb][\/et_pb_image][\/et_pb_column][\/et_pb_row][\/et_pb_section]<\/p>\n","protected":false},"excerpt":{"rendered":"<p>\u00a0La Petite Ferme \u00e0 Orace G\u00e9rald Villeneuve et Guylaine Villeneuve Par\u00e9Adresse : 254 rang Saint-Joseph, Dolbeau-MistassiniT\u00e9l\u00e9phone : 418 276-4066Page Facebook : https:\/\/www.facebook.com\/petitefermeaorace\u00a0Courriel : guylaine450@hotmail.ca Extra Maria : Parlez-nous de vous. [&hellip;]<\/p>\n","protected":false},"author":24,"featured_media":5636,"comment_status":"open","ping_status":"closed","sticky":false,"template":"","format":"standard","meta":{"_et_pb_use_builder":"on","_et_pb_old_content":"","_et_gb_content_width":"","_lmt_disableupdate":"","_lmt_disable":"","_price":"","_stock":"","_tribe_ticket_header":"","_tribe_default_ticket_provider":"","_tribe_ticket_capacity":"0","_ticket_start_date":"","_ticket_end_date":"","_tribe_ticket_show_description":"","_tribe_ticket_show_not_going":false,"_tribe_ticket_use_global_stock":"","_tribe_ticket_global_stock_level":"","_global_stock_mode":"","_global_stock_cap":"","_tribe_rsvp_for_event":"","_tribe_ticket_going_count":"","_tribe_ticket_not_going_count":"","_tribe_tickets_list":"[]","_tribe_ticket_has_attendee_info_fields":false,"footnotes":""},"categories":[188,1],"tags":[],"class_list":["post-5566","post","type-post","status-publish","format-standard","has-post-thumbnail","hentry","category-nos-producteurs","category-articles-achat-local-extra-maria"],"yoast_head":"<!-- This site is optimized with the Yoast SEO Premium plugin v25.9 (Yoast SEO v28.4) - https:\/\/yoast.com\/product\/yoast-seo-premium-wordpress\/ -->\n<title>Le Petite Ferme \u00e0 Orace - Extra Maria<\/title>\n<meta name=\"robots\" content=\"index, follow, max-snippet:-1, max-image-preview:large, max-video-preview:-1\" \/>\n<link rel=\"canonical\" href=\"https:\/\/devtntatelier.com\/jeremy\/le-petite-ferme-a-orace\/\" \/>\n<meta property=\"og:locale\" content=\"fr_FR\" \/>\n<meta property=\"og:type\" content=\"article\" \/>\n<meta property=\"og:title\" content=\"Le Petite Ferme \u00e0 Orace\" \/>\n<meta property=\"og:url\" content=\"https:\/\/devtntatelier.com\/jeremy\/le-petite-ferme-a-orace\/\" \/>\n<meta property=\"og:site_name\" content=\"Extra Maria\" \/>\n<meta property=\"article:published_time\" content=\"2023-06-08T15:58:00+00:00\" \/>\n<meta property=\"article:modified_time\" content=\"2023-06-16T12:34:19+00:00\" \/>\n<meta property=\"og:image\" content=\"https:\/\/devtntatelier.com\/jeremy\/wp-content\/uploads\/2023\/06\/Lachat-local-cest-permettre-a-des-gens-dici-de-sepanouir-dans-notre-communaute.jpg\" \/>\n\t<meta property=\"og:image:width\" content=\"1200\" \/>\n\t<meta property=\"og:image:height\" content=\"630\" \/>\n\t<meta property=\"og:image:type\" content=\"image\/jpeg\" \/>\n<meta name=\"author\" content=\"Y\u00e9l\u00e9na Bika\" \/>\n<meta name=\"twitter:card\" content=\"summary_large_image\" \/>\n<meta name=\"twitter:label1\" content=\"\u00c9crit par\" \/>\n\t<meta name=\"twitter:data1\" content=\"Y\u00e9l\u00e9na Bika\" \/>\n\t<meta name=\"twitter:label2\" content=\"Dur\u00e9e de lecture estim\u00e9e\" \/>\n\t<meta name=\"twitter:data2\" content=\"3 minutes\" \/>\n<script type=\"application\/ld+json\" class=\"yoast-schema-graph\">{\"@context\":\"https:\\\/\\\/schema.org\",\"@graph\":[{\"@type\":\"Article\",\"@id\":\"https:\\\/\\\/devtntatelier.com\\\/jeremy\\\/le-petite-ferme-a-orace\\\/#article\",\"isPartOf\":{\"@id\":\"https:\\\/\\\/devtntatelier.com\\\/jeremy\\\/le-petite-ferme-a-orace\\\/\"},\"author\":{\"name\":\"Y\u00e9l\u00e9na Bika\",\"@id\":\"https:\\\/\\\/devtntatelier.com\\\/jeremy\\\/#\\\/schema\\\/person\\\/8c9c0aac18633ad967c825b333f2e140\"},\"headline\":\"Le Petite Ferme \u00e0 Orace\",\"datePublished\":\"2023-06-08T15:58:00+00:00\",\"dateModified\":\"2023-06-16T12:34:19+00:00\",\"mainEntityOfPage\":{\"@id\":\"https:\\\/\\\/devtntatelier.com\\\/jeremy\\\/le-petite-ferme-a-orace\\\/\"},\"wordCount\":770,\"commentCount\":0,\"image\":{\"@id\":\"https:\\\/\\\/devtntatelier.com\\\/jeremy\\\/le-petite-ferme-a-orace\\\/#primaryimage\"},\"thumbnailUrl\":\"https:\\\/\\\/devtntatelier.com\\\/jeremy\\\/wp-content\\\/uploads\\\/2023\\\/06\\\/Lachat-local-cest-permettre-a-des-gens-dici-de-sepanouir-dans-notre-communaute.jpg\",\"articleSection\":[\"Nos producteurs locaux\",\"Tous les articles\"],\"inLanguage\":\"fr-FR\",\"potentialAction\":[{\"@type\":\"CommentAction\",\"name\":\"Comment\",\"target\":[\"https:\\\/\\\/devtntatelier.com\\\/jeremy\\\/le-petite-ferme-a-orace\\\/#respond\"]}]},{\"@type\":\"WebPage\",\"@id\":\"https:\\\/\\\/devtntatelier.com\\\/jeremy\\\/le-petite-ferme-a-orace\\\/\",\"url\":\"https:\\\/\\\/devtntatelier.com\\\/jeremy\\\/le-petite-ferme-a-orace\\\/\",\"name\":\"Le Petite Ferme \u00e0 Orace - Extra Maria\",\"isPartOf\":{\"@id\":\"https:\\\/\\\/devtntatelier.com\\\/jeremy\\\/#website\"},\"primaryImageOfPage\":{\"@id\":\"https:\\\/\\\/devtntatelier.com\\\/jeremy\\\/le-petite-ferme-a-orace\\\/#primaryimage\"},\"image\":{\"@id\":\"https:\\\/\\\/devtntatelier.com\\\/jeremy\\\/le-petite-ferme-a-orace\\\/#primaryimage\"},\"thumbnailUrl\":\"https:\\\/\\\/devtntatelier.com\\\/jeremy\\\/wp-content\\\/uploads\\\/2023\\\/06\\\/Lachat-local-cest-permettre-a-des-gens-dici-de-sepanouir-dans-notre-communaute.jpg\",\"datePublished\":\"2023-06-08T15:58:00+00:00\",\"dateModified\":\"2023-06-16T12:34:19+00:00\",\"author\":{\"@id\":\"https:\\\/\\\/devtntatelier.com\\\/jeremy\\\/#\\\/schema\\\/person\\\/8c9c0aac18633ad967c825b333f2e140\"},\"breadcrumb\":{\"@id\":\"https:\\\/\\\/devtntatelier.com\\\/jeremy\\\/le-petite-ferme-a-orace\\\/#breadcrumb\"},\"inLanguage\":\"fr-FR\",\"potentialAction\":[{\"@type\":\"ReadAction\",\"target\":[\"https:\\\/\\\/devtntatelier.com\\\/jeremy\\\/le-petite-ferme-a-orace\\\/\"]}]},{\"@type\":\"ImageObject\",\"inLanguage\":\"fr-FR\",\"@id\":\"https:\\\/\\\/devtntatelier.com\\\/jeremy\\\/le-petite-ferme-a-orace\\\/#primaryimage\",\"url\":\"https:\\\/\\\/devtntatelier.com\\\/jeremy\\\/wp-content\\\/uploads\\\/2023\\\/06\\\/Lachat-local-cest-permettre-a-des-gens-dici-de-sepanouir-dans-notre-communaute.jpg\",\"contentUrl\":\"https:\\\/\\\/devtntatelier.com\\\/jeremy\\\/wp-content\\\/uploads\\\/2023\\\/06\\\/Lachat-local-cest-permettre-a-des-gens-dici-de-sepanouir-dans-notre-communaute.jpg\",\"width\":1200,\"height\":630},{\"@type\":\"BreadcrumbList\",\"@id\":\"https:\\\/\\\/devtntatelier.com\\\/jeremy\\\/le-petite-ferme-a-orace\\\/#breadcrumb\",\"itemListElement\":[{\"@type\":\"ListItem\",\"position\":1,\"name\":\"Accueil\",\"item\":\"https:\\\/\\\/devtntatelier.com\\\/jeremy\\\/\"},{\"@type\":\"ListItem\",\"position\":2,\"name\":\"Le Petite Ferme \u00e0 Orace\"}]},{\"@type\":\"WebSite\",\"@id\":\"https:\\\/\\\/devtntatelier.com\\\/jeremy\\\/#website\",\"url\":\"https:\\\/\\\/devtntatelier.com\\\/jeremy\\\/\",\"name\":\"Extra Maria\",\"description\":\"Blogue - D\u00e9couvertes locales et achat local\",\"potentialAction\":[{\"@type\":\"SearchAction\",\"target\":{\"@type\":\"EntryPoint\",\"urlTemplate\":\"https:\\\/\\\/devtntatelier.com\\\/jeremy\\\/?s={search_term_string}\"},\"query-input\":{\"@type\":\"PropertyValueSpecification\",\"valueRequired\":true,\"valueName\":\"search_term_string\"}}],\"inLanguage\":\"fr-FR\"},{\"@type\":\"Person\",\"@id\":\"https:\\\/\\\/devtntatelier.com\\\/jeremy\\\/#\\\/schema\\\/person\\\/8c9c0aac18633ad967c825b333f2e140\",\"name\":\"Y\u00e9l\u00e9na Bika\",\"image\":{\"@type\":\"ImageObject\",\"inLanguage\":\"fr-FR\",\"@id\":\"https:\\\/\\\/secure.gravatar.com\\\/avatar\\\/488bda69970fe9fe38439410c87ecdd2a08882382cfe3b7d781aba49d195fc88?s=96&d=mm&r=g\",\"url\":\"https:\\\/\\\/secure.gravatar.com\\\/avatar\\\/488bda69970fe9fe38439410c87ecdd2a08882382cfe3b7d781aba49d195fc88?s=96&d=mm&r=g\",\"contentUrl\":\"https:\\\/\\\/secure.gravatar.com\\\/avatar\\\/488bda69970fe9fe38439410c87ecdd2a08882382cfe3b7d781aba49d195fc88?s=96&d=mm&r=g\",\"caption\":\"Y\u00e9l\u00e9na Bika\"},\"description\":\"Originaire de France, je me suis install\u00e9e \u00e0 Dolbeau-Mistassini depuis un an, pour travailler pour la SGE, un organisme \u00e0 but non lucratif engag\u00e9 dans la protection de l\u2019environnement. Je suis passionn\u00e9e par la nature depuis mon plus jeune \u00e2ge, j\u2019ai fait des \u00e9tudes en oc\u00e9anographie et en gestion de l\u2019environnement. Je suis convaincue de la n\u00e9cessit\u00e9 de la sensibilisation et du partage des connaissances, c\u2019est pourquoi j\u2019accorde une grande importance \u00e0 la vulgarisation et \u00e0 l\u2019animation. Je pense que c\u2019est en transmettant des outils et en \u0153uvrant ensemble que l\u2019on peut avancer et construire un avenir meilleur.\",\"url\":\"https:\\\/\\\/devtntatelier.com\\\/jeremy\\\/author\\\/yelena\\\/\"}]}<\/script>\n<!-- \/ Yoast SEO Premium plugin. -->","yoast_head_json":{"title":"Le Petite Ferme \u00e0 Orace - Extra Maria","robots":{"index":"index","follow":"follow","max-snippet":"max-snippet:-1","max-image-preview":"max-image-preview:large","max-video-preview":"max-video-preview:-1"},"canonical":"https:\/\/devtntatelier.com\/jeremy\/le-petite-ferme-a-orace\/","og_locale":"fr_FR","og_type":"article","og_title":"Le Petite Ferme \u00e0 Orace","og_url":"https:\/\/devtntatelier.com\/jeremy\/le-petite-ferme-a-orace\/","og_site_name":"Extra Maria","article_published_time":"2023-06-08T15:58:00+00:00","article_modified_time":"2023-06-16T12:34:19+00:00","og_image":[{"width":1200,"height":630,"url":"https:\/\/devtntatelier.com\/jeremy\/wp-content\/uploads\/2023\/06\/Lachat-local-cest-permettre-a-des-gens-dici-de-sepanouir-dans-notre-communaute.jpg","type":"image\/jpeg"}],"author":"Y\u00e9l\u00e9na Bika","twitter_card":"summary_large_image","twitter_misc":{"\u00c9crit par":"Y\u00e9l\u00e9na Bika","Dur\u00e9e de lecture estim\u00e9e":"3 minutes"},"schema":{"@context":"https:\/\/schema.org","@graph":[{"@type":"Article","@id":"https:\/\/devtntatelier.com\/jeremy\/le-petite-ferme-a-orace\/#article","isPartOf":{"@id":"https:\/\/devtntatelier.com\/jeremy\/le-petite-ferme-a-orace\/"},"author":{"name":"Y\u00e9l\u00e9na Bika","@id":"https:\/\/devtntatelier.com\/jeremy\/#\/schema\/person\/8c9c0aac18633ad967c825b333f2e140"},"headline":"Le Petite Ferme \u00e0 Orace","datePublished":"2023-06-08T15:58:00+00:00","dateModified":"2023-06-16T12:34:19+00:00","mainEntityOfPage":{"@id":"https:\/\/devtntatelier.com\/jeremy\/le-petite-ferme-a-orace\/"},"wordCount":770,"commentCount":0,"image":{"@id":"https:\/\/devtntatelier.com\/jeremy\/le-petite-ferme-a-orace\/#primaryimage"},"thumbnailUrl":"https:\/\/devtntatelier.com\/jeremy\/wp-content\/uploads\/2023\/06\/Lachat-local-cest-permettre-a-des-gens-dici-de-sepanouir-dans-notre-communaute.jpg","articleSection":["Nos producteurs locaux","Tous les articles"],"inLanguage":"fr-FR","potentialAction":[{"@type":"CommentAction","name":"Comment","target":["https:\/\/devtntatelier.com\/jeremy\/le-petite-ferme-a-orace\/#respond"]}]},{"@type":"WebPage","@id":"https:\/\/devtntatelier.com\/jeremy\/le-petite-ferme-a-orace\/","url":"https:\/\/devtntatelier.com\/jeremy\/le-petite-ferme-a-orace\/","name":"Le Petite Ferme \u00e0 Orace - Extra Maria","isPartOf":{"@id":"https:\/\/devtntatelier.com\/jeremy\/#website"},"primaryImageOfPage":{"@id":"https:\/\/devtntatelier.com\/jeremy\/le-petite-ferme-a-orace\/#primaryimage"},"image":{"@id":"https:\/\/devtntatelier.com\/jeremy\/le-petite-ferme-a-orace\/#primaryimage"},"thumbnailUrl":"https:\/\/devtntatelier.com\/jeremy\/wp-content\/uploads\/2023\/06\/Lachat-local-cest-permettre-a-des-gens-dici-de-sepanouir-dans-notre-communaute.jpg","datePublished":"2023-06-08T15:58:00+00:00","dateModified":"2023-06-16T12:34:19+00:00","author":{"@id":"https:\/\/devtntatelier.com\/jeremy\/#\/schema\/person\/8c9c0aac18633ad967c825b333f2e140"},"breadcrumb":{"@id":"https:\/\/devtntatelier.com\/jeremy\/le-petite-ferme-a-orace\/#breadcrumb"},"inLanguage":"fr-FR","potentialAction":[{"@type":"ReadAction","target":["https:\/\/devtntatelier.com\/jeremy\/le-petite-ferme-a-orace\/"]}]},{"@type":"ImageObject","inLanguage":"fr-FR","@id":"https:\/\/devtntatelier.com\/jeremy\/le-petite-ferme-a-orace\/#primaryimage","url":"https:\/\/devtntatelier.com\/jeremy\/wp-content\/uploads\/2023\/06\/Lachat-local-cest-permettre-a-des-gens-dici-de-sepanouir-dans-notre-communaute.jpg","contentUrl":"https:\/\/devtntatelier.com\/jeremy\/wp-content\/uploads\/2023\/06\/Lachat-local-cest-permettre-a-des-gens-dici-de-sepanouir-dans-notre-communaute.jpg","width":1200,"height":630},{"@type":"BreadcrumbList","@id":"https:\/\/devtntatelier.com\/jeremy\/le-petite-ferme-a-orace\/#breadcrumb","itemListElement":[{"@type":"ListItem","position":1,"name":"Accueil","item":"https:\/\/devtntatelier.com\/jeremy\/"},{"@type":"ListItem","position":2,"name":"Le Petite Ferme \u00e0 Orace"}]},{"@type":"WebSite","@id":"https:\/\/devtntatelier.com\/jeremy\/#website","url":"https:\/\/devtntatelier.com\/jeremy\/","name":"Extra Maria","description":"Blogue - D\u00e9couvertes locales et achat local","potentialAction":[{"@type":"SearchAction","target":{"@type":"EntryPoint","urlTemplate":"https:\/\/devtntatelier.com\/jeremy\/?s={search_term_string}"},"query-input":{"@type":"PropertyValueSpecification","valueRequired":true,"valueName":"search_term_string"}}],"inLanguage":"fr-FR"},{"@type":"Person","@id":"https:\/\/devtntatelier.com\/jeremy\/#\/schema\/person\/8c9c0aac18633ad967c825b333f2e140","name":"Y\u00e9l\u00e9na Bika","image":{"@type":"ImageObject","inLanguage":"fr-FR","@id":"https:\/\/secure.gravatar.com\/avatar\/488bda69970fe9fe38439410c87ecdd2a08882382cfe3b7d781aba49d195fc88?s=96&d=mm&r=g","url":"https:\/\/secure.gravatar.com\/avatar\/488bda69970fe9fe38439410c87ecdd2a08882382cfe3b7d781aba49d195fc88?s=96&d=mm&r=g","contentUrl":"https:\/\/secure.gravatar.com\/avatar\/488bda69970fe9fe38439410c87ecdd2a08882382cfe3b7d781aba49d195fc88?s=96&d=mm&r=g","caption":"Y\u00e9l\u00e9na Bika"},"description":"Originaire de France, je me suis install\u00e9e \u00e0 Dolbeau-Mistassini depuis un an, pour travailler pour la SGE, un organisme \u00e0 but non lucratif engag\u00e9 dans la protection de l\u2019environnement. Je suis passionn\u00e9e par la nature depuis mon plus jeune \u00e2ge, j\u2019ai fait des \u00e9tudes en oc\u00e9anographie et en gestion de l\u2019environnement. Je suis convaincue de la n\u00e9cessit\u00e9 de la sensibilisation et du partage des connaissances, c\u2019est pourquoi j\u2019accorde une grande importance \u00e0 la vulgarisation et \u00e0 l\u2019animation. Je pense que c\u2019est en transmettant des outils et en \u0153uvrant ensemble que l\u2019on peut avancer et construire un avenir meilleur.","url":"https:\/\/devtntatelier.com\/jeremy\/author\/yelena\/"}]}},"modified_by":"Am\u00e9lia Fromage","_links":{"self":[{"href":"https:\/\/devtntatelier.com\/jeremy\/wp-json\/wp\/v2\/posts\/5566","targetHints":{"allow":["GET"]}}],"collection":[{"href":"https:\/\/devtntatelier.com\/jeremy\/wp-json\/wp\/v2\/posts"}],"about":[{"href":"https:\/\/devtntatelier.com\/jeremy\/wp-json\/wp\/v2\/types\/post"}],"author":[{"embeddable":true,"href":"https:\/\/devtntatelier.com\/jeremy\/wp-json\/wp\/v2\/users\/24"}],"replies":[{"embeddable":true,"href":"https:\/\/devtntatelier.com\/jeremy\/wp-json\/wp\/v2\/comments?post=5566"}],"version-history":[{"count":0,"href":"https:\/\/devtntatelier.com\/jeremy\/wp-json\/wp\/v2\/posts\/5566\/revisions"}],"wp:featuredmedia":[{"embeddable":true,"href":"https:\/\/devtntatelier.com\/jeremy\/wp-json\/wp\/v2\/media\/5636"}],"wp:attachment":[{"href":"https:\/\/devtntatelier.com\/jeremy\/wp-json\/wp\/v2\/media?parent=5566"}],"wp:term":[{"taxonomy":"category","embeddable":true,"href":"https:\/\/devtntatelier.com\/jeremy\/wp-json\/wp\/v2\/categories?post=5566"},{"taxonomy":"post_tag","embeddable":true,"href":"https:\/\/devtntatelier.com\/jeremy\/wp-json\/wp\/v2\/tags?post=5566"}],"curies":[{"name":"wp","href":"https:\/\/api.w.org\/{rel}","templated":true}]}}