{"id":5530,"date":"2023-05-31T13:51:03","date_gmt":"2023-05-31T17:51:03","guid":{"rendered":"https:\/\/devtntatelier.com\/jeremy\/?p=5530"},"modified":"2024-05-06T22:36:51","modified_gmt":"2024-05-07T02:36:51","slug":"le-potager-de-valerie","status":"publish","type":"post","link":"https:\/\/devtntatelier.com\/jeremy\/le-potager-de-valerie\/","title":{"rendered":"Le Potager de Val\u00e9rie"},"content":{"rendered":"<p>[et_pb_section fb_built=\u00a0\u00bb1&Prime; _builder_version=\u00a0\u00bb4.21.0&Prime; _module_preset=\u00a0\u00bbdefault\u00a0\u00bb global_colors_info=\u00a0\u00bb{}\u00a0\u00bb][et_pb_row _builder_version=\u00a0\u00bb4.21.0&Prime; _module_preset=\u00a0\u00bbdefault\u00a0\u00bb global_colors_info=\u00a0\u00bb{}\u00a0\u00bb][et_pb_column type=\u00a0\u00bb4_4&Prime; _builder_version=\u00a0\u00bb4.21.0&Prime; _module_preset=\u00a0\u00bbdefault\u00a0\u00bb global_colors_info=\u00a0\u00bb{}\u00a0\u00bb][et_pb_text _builder_version=\u00a0\u00bb4.21.0&Prime; _module_preset=\u00a0\u00bbdefault\u00a0\u00bb global_colors_info=\u00a0\u00bb{}\u00a0\u00bb]<\/p>\n<h1><strong>LE POTAGER DE VAL\u00c9RIE<\/strong><\/h1>\n<p><strong>\u00a0Val\u00e9rie Bouchard et Renaud Bergeron<\/strong><br \/>Adresse : 419, rue Principale \u00e0 Saint-Augustin Dalmas<br \/>T\u00e9l\u00e9phone : <a href=\"tel:4182180609\"><strong><span style=\"color: #115e67;\">418\u00a0218-0609<\/span><\/strong><\/a><br \/>Page Facebook : <a href=\"https:\/\/www.facebook.com\/profile.php?id=100063722401875\"><strong><span style=\"color: #115e67;\">https:\/\/www.facebook.com\/profile.php?id=100063722401875<\/span><\/strong><\/a><br \/>Courriel : <span style=\"color: #115e67;\"><strong><a href=\"mailto:val-bouchard@hotmail.com\" style=\"color: #115e67;\">val-bouchard@hotmail.com<\/a><\/strong><\/span><\/p>\n<h2><strong>Extra Maria\u00a0: Parlez-nous de vous&#8230;<\/strong><\/h2>\n<p><strong>Val\u00e9rie\u00a0:<\/strong> Je viens de Saint-Augustin Dalmas. J\u2019ai grandi sur la Ferme Nicole et Yves Bouchard (ferme de mes parents), qui \u00e9tait une ferme laiti\u00e8re et fourrag\u00e8re au d\u00e9part avant de devenir en bleueti\u00e8re et foresti\u00e8re. Depuis l\u2019\u00e2ge de 12-13 ans, j\u2019ai toujours eu un jardin. J\u2019aime le contact \u00e0 la terre, et c\u2019est ce qui m\u2019a pouss\u00e9 quelques ann\u00e9es plus tard \u00e0 \u00e9tudier en am\u00e9nagement paysager et horticulture\/jardinerie \u00e0 Qu\u00e9bec. J\u2019ai voyag\u00e9 \u00e0 travers le monde. Mais je revenais toujours chez nous pour aider \u00e0 la ferme familiale car m\u00eame si le monde est beau, on est bien chez nous!<\/p>\n<p>J\u2019ai alors d\u00e9cid\u00e9 de suivre mon cours de lancement d\u2019une entreprise. Aujourd\u2019hui, j\u2019ai mon propre jardin sur les terres de la ferme \u00e0 Saint-Augustin Dalmas. Mon conjoint Renaud Bergeron s\u2019est aussi joint \u00e0 l\u2019aventure. En plus de produire et vendre nos produits, nous accueillons maintenant des collaborateurs pour leur partager les bases du jardin-potager, avoir de l\u2019aide au jardin et recevoir leurs l\u00e9gumes. Parfois, des voyageurs et des woofeurs viennent aussi aider en \u00e9change du logis et de la nourriture.<\/p>\n<p>En 2024, la ferme est devenue \u00e9galement bleueti\u00e8re et foresti\u00e8re.<\/p>\n<h2><strong>Extra Maria\u00a0: D\u2019o\u00f9 vous est venue votre id\u00e9e de projet?<\/strong><\/h2>\n<p><strong>Val\u00e9rie\u00a0:<\/strong> Pour moi, l\u2019autonomie alimentaire a toujours \u00e9t\u00e9 importante. Friande du go\u00fbt des l\u00e9gumes de jardin, c\u2019est pour ma consommation personnelle que j\u2019ai d\u00e9cid\u00e9 de partir mon potager au d\u00e9part. Puis, la production est devenue plus importante et j\u2019ai commenc\u00e9 \u00e0 avoir de la demande. Cela fait maintenant 6 ans que je vends des l\u00e9gumes, mais aussi des plantes d\u2019int\u00e9rieur succulentes que j\u2019ai commenc\u00e9 \u00e0 collectionner pendant mes cours en horticulture et jardinerie.<\/p>\n<h2><strong>Extra Maria\u00a0: Quels produits et services offrez-vous?<\/strong><\/h2>\n<p><strong>Val\u00e9rie\u00a0:<\/strong> Nous cultivons une cinquantaine de l\u00e9gumes dont : carottes, choux, tomates, poivrons, piments, brocolis, choux-fleurs, choux-raves, p\u00e2tissons (courgette d\u2019\u00e9t\u00e9), tomates noires, radis, rutabaga, citrouilles, courges, gourganes, f\u00e8ves, pois, betteraves, \u00e9pinards, ail et \u00e9chalotes. Je fais \u00e9galement la culture de fines herbes comme le persil et le basilic. \u00c0 cela s\u2019ajoute, des plantes d\u2019int\u00e9rieur succulentes et vertes, des \u0153ufs issus de mon poulailler et des petites balles de paille (uniquement \u00e0 notre kiosque \u00e0 Saint-Augustin Dalmas). Nous vendons des plants de l\u00e9gumes au printemps : tomates et concombres. Et, nous offrons aux gens de venir faire de l\u2019autocueillette de bleuets et de l\u00e9gumes comme les f\u00e8ves et les carottes.<\/p>\n<h2><strong>Extra Maria\u00a0: Comment \u00e7a fonctionne?<\/strong><\/h2>\n<p><strong>Val\u00e9rie\u00a0:<\/strong> Nous vendons nos produits \u00e0 la ferme en libre-service (Ferme Nicole et Yves Bouchard de Saint-Augustin Dalmas), sur r\u00e9servation dans nos points de chute, march\u00e9 mobile et \u00e9v\u00e8nement. Il est aussi possible de r\u00e9server un abonnement aux paniers de l\u00e9gumes, en quantit\u00e9 limit\u00e9e.<\/p>\n<h2><strong>Extra Maria\u00a0: \u00c0 partir de quand peut-on s\u2019inscrire pour les paniers de l\u00e9gumes?<\/strong><\/h2>\n<p><strong>Val\u00e9rie\u00a0:<\/strong> Pour l\u2019abonnement aux paniers de l\u00e9gumes, les gens doivent nous contacter pour s\u2019inscrire. Ensuite, ils peuvent venir les chercher directement \u00e0 la ferme \u00e0 partir de mi-juillet pour 12 semaines ou nous nous d\u00e9pla\u00e7ons pour les livrer dans nos points de chute.<\/p>\n<h2><strong>Extra Maria\u00a0: Quelles sont vos heures d\u2019ouverture?<\/strong><\/h2>\n<p><strong>Val\u00e9rie\u00a0:<\/strong> Le kiosque libre-service \u00e0 notre ferme ouvre de mai \u00e0 mi-novembre, 7 jours sur 7 et 24 heures sur 24. Les r\u00e9servations sont possibles en communiquant avec nous 24-48 heures \u00e0 l\u2019avance.<\/p>\n<h2><strong>Extra Maria\u00a0: Comment peut-on vous rejoindre? <\/strong><\/h2>\n<p><strong>Val\u00e9rie\u00a0:<\/strong> Les personnes int\u00e9ress\u00e9es peuvent communiquer avec nous par t\u00e9l\u00e9phone, textos au <span style=\"color: #115e67;\"><a href=\"tel:4182180609\" style=\"color: #115e67;\"><strong>418\u00a0218-0609<\/strong><\/a><\/span>, par courriel \u00e0 <span style=\"color: #115e67;\"><strong><a href=\"mailto:val-bouchard@hotmail.com\" style=\"color: #115e67;\">val-bouchard@hotmail.com<\/a> <\/strong><\/span>ou via notre <span style=\"color: #115e67;\"><a href=\"https:\/\/www.facebook.com\/profile.php?id=100063722401875\" style=\"color: #115e67;\"><strong>page Facebook<\/strong><\/a><\/span>. Nous avons aussi un <strong><span style=\"color: #115e67;\"><a href=\"https:\/\/www.instagram.com\/potager_de_valerie\/\" style=\"color: #115e67;\">compte Instagram<\/a><\/span><\/strong>.<\/p>\n<p>Le potager est situ\u00e9 au 419, rue Principale \u00e0 Saint-Augustin Dalmas.<\/p>\n<h2><strong>Extra Maria\u00a0: Peut-on retrouver vos produits dans d\u2019autres points de vente?<\/strong><\/h2>\n<p><strong>Val\u00e9rie\u00a0:<\/strong> Oui! Nos produits se retrouveront bient\u00f4t sur les tablettes de Notre p\u2019tit March\u00e9 de Saint-Augustin, du D\u00e9panneur Chiasson service de Sainte-Jeanne-d\u2019Arc, du March\u00e9 Milot de Saint-Ludger-de-Milot, d<span>u d\u00e9panneur D\u00e9pan-Express D.M. \u00e0 Dolbeau-Mistassini, du D\u00e9panneur Nutrinor \u00c9nergie P\u00e9ribonka <\/span> et du D\u00e9panneur alimentation Sainte-Monique. Ce sont \u00e9galement nos points de chute pour les r\u00e9servations.<\/p>\n<p><span>Nous tiendrons, durant l\u2019\u00e9t\u00e9, des march\u00e9s mobiles au D\u00e9panneur alimentation Sainte-Monique le mercredi de 15h \u00e0 18h, \u00e0 Sainte-Jeanne d\u2019Arc au D\u00e9panneur Chiasson service le jeudi de 15 h \u00e0 18 h, au Marche Milot le vendredi de 15 h \u00e0 18 h ainsi que sur demande et dans les \u00e9v\u00e9nements et festivals \u00e0 proximit\u00e9. Restez \u00e0 l\u2019aff\u00fbt!<\/span><\/p>\n<h2><strong>Extra Maria\u00a0: Quels sont vos futurs projets?<\/strong><\/h2>\n<p><strong>Val\u00e9rie\u00a0:<\/strong> <span>Notre production augmente chaque ann\u00e9e, Nous pr\u00e9voyons donc nous munir d\u2019une station-multiservice avec bureau, chambre froide et d\u2019une station de lavage pour optimiser le conditionnement, l\u2019emballage et la conservation des l\u00e9gumes. Merci beaucoup d\u2019\u00eatre l\u00e0, de nous faire confiance et de croire en nos projets. l\u2019agriculture n\u2019est pas un but, ni une finalit\u00e9. C\u2019est un chemin. <\/span><\/p>\n<p><span>Il y aura la visite familiale du potager, gratuite, au mois d\u2019ao\u00fbt, comme \u00e0 chaque ann\u00e9e avec auto-cueillette de bleuets, l\u00e9gumes, visite installation, animaux, \u00e9pluchette de ma\u00efs <\/span><span class=\"x3nfvp2 x1j61x8r x1fcty0u xdj266r xhhsvwb xat24cr xgzva0m xxymvpz xlup9mm x1kky2od\"><img loading=\"lazy\" decoding=\"async\" height=\"16\" width=\"16\" alt=\"????\" class=\"xz74otr\" referrerpolicy=\"origin-when-cross-origin\" src=\"https:\/\/static.xx.fbcdn.net\/images\/emoji.php\/v9\/t1c\/1\/16\/1f33d.png\" \/><\/span><span> et plus encore (date \u00e0 venir pour la fin de semaine de visite familiale).<\/span><\/p>\n<p>[\/et_pb_text][\/et_pb_column][\/et_pb_row][et_pb_row column_structure=\u00a0\u00bb1_2,1_2&Prime; _builder_version=\u00a0\u00bb4.21.0&Prime; _module_preset=\u00a0\u00bbdefault\u00a0\u00bb global_colors_info=\u00a0\u00bb{}\u00a0\u00bb][et_pb_column type=\u00a0\u00bb1_2&Prime; _builder_version=\u00a0\u00bb4.21.0&Prime; _module_preset=\u00a0\u00bbdefault\u00a0\u00bb global_colors_info=\u00a0\u00bb{}\u00a0\u00bb][et_pb_image src=\u00a0\u00bbhttps:\/\/devtntatelier.com\/jeremy\/wp-content\/uploads\/2023\/05\/2.jpg\u00a0\u00bb title_text=\u00a0\u00bbpotager-de-valerie-3&Prime; _builder_version=\u00a0\u00bb4.21.0&Prime; _module_preset=\u00a0\u00bbdefault\u00a0\u00bb global_colors_info=\u00a0\u00bb{}\u00a0\u00bb][\/et_pb_image][\/et_pb_column][et_pb_column type=\u00a0\u00bb1_2&Prime; _builder_version=\u00a0\u00bb4.21.0&Prime; _module_preset=\u00a0\u00bbdefault\u00a0\u00bb global_colors_info=\u00a0\u00bb{}\u00a0\u00bb][et_pb_image src=\u00a0\u00bbhttps:\/\/devtntatelier.com\/jeremy\/wp-content\/uploads\/2023\/05\/4.jpg\u00a0\u00bb title_text=\u00a0\u00bbpotager-de-valerie-1&Prime; _builder_version=\u00a0\u00bb4.21.0&Prime; _module_preset=\u00a0\u00bbdefault\u00a0\u00bb global_colors_info=\u00a0\u00bb{}\u00a0\u00bb][\/et_pb_image][\/et_pb_column][\/et_pb_row][et_pb_row column_structure=\u00a0\u00bb1_2,1_2&Prime; _builder_version=\u00a0\u00bb4.21.0&Prime; _module_preset=\u00a0\u00bbdefault\u00a0\u00bb global_colors_info=\u00a0\u00bb{}\u00a0\u00bb][et_pb_column type=\u00a0\u00bb1_2&Prime; _builder_version=\u00a0\u00bb4.21.0&Prime; _module_preset=\u00a0\u00bbdefault\u00a0\u00bb global_colors_info=\u00a0\u00bb{}\u00a0\u00bb][et_pb_image src=\u00a0\u00bbhttps:\/\/devtntatelier.com\/jeremy\/wp-content\/uploads\/2023\/05\/1.jpg\u00a0\u00bb title_text=\u00a0\u00bbpotager-de-valerie-4&Prime; _builder_version=\u00a0\u00bb4.21.0&Prime; _module_preset=\u00a0\u00bbdefault\u00a0\u00bb global_colors_info=\u00a0\u00bb{}\u00a0\u00bb][\/et_pb_image][\/et_pb_column][et_pb_column type=\u00a0\u00bb1_2&Prime; _builder_version=\u00a0\u00bb4.21.0&Prime; _module_preset=\u00a0\u00bbdefault\u00a0\u00bb global_colors_info=\u00a0\u00bb{}\u00a0\u00bb][et_pb_image src=\u00a0\u00bbhttps:\/\/devtntatelier.com\/jeremy\/wp-content\/uploads\/2023\/05\/3.jpg\u00a0\u00bb title_text=\u00a0\u00bbpotager-de-valerie-2&Prime; _builder_version=\u00a0\u00bb4.21.0&Prime; _module_preset=\u00a0\u00bbdefault\u00a0\u00bb global_colors_info=\u00a0\u00bb{}\u00a0\u00bb][\/et_pb_image][\/et_pb_column][\/et_pb_row][\/et_pb_section]<\/p>\n","protected":false},"excerpt":{"rendered":"<p>LE POTAGER DE VAL\u00c9RIE \u00a0Val\u00e9rie Bouchard et Renaud BergeronAdresse : 419, rue Principale \u00e0 Saint-Augustin DalmasT\u00e9l\u00e9phone : 418\u00a0218-0609Page Facebook : https:\/\/www.facebook.com\/profile.php?id=100063722401875Courriel : val-bouchard@hotmail.com Extra Maria\u00a0: Parlez-nous de vous&#8230; Val\u00e9rie\u00a0: Je [&hellip;]<\/p>\n","protected":false},"author":2,"featured_media":5531,"comment_status":"open","ping_status":"open","sticky":false,"template":"","format":"standard","meta":{"_et_pb_use_builder":"on","_et_pb_old_content":"","_et_gb_content_width":"","_lmt_disableupdate":"","_lmt_disable":"","_price":"","_stock":"","_tribe_ticket_header":"","_tribe_default_ticket_provider":"","_tribe_ticket_capacity":"0","_ticket_start_date":"","_ticket_end_date":"","_tribe_ticket_show_description":"","_tribe_ticket_show_not_going":false,"_tribe_ticket_use_global_stock":"","_tribe_ticket_global_stock_level":"","_global_stock_mode":"","_global_stock_cap":"","_tribe_rsvp_for_event":"","_tribe_ticket_going_count":"","_tribe_ticket_not_going_count":"","_tribe_tickets_list":"[]","_tribe_ticket_has_attendee_info_fields":false,"footnotes":""},"categories":[188,1],"tags":[],"class_list":["post-5530","post","type-post","status-publish","format-standard","has-post-thumbnail","hentry","category-nos-producteurs","category-articles-achat-local-extra-maria"],"yoast_head":"<!-- This site is optimized with the Yoast SEO Premium plugin v25.9 (Yoast SEO v28.4) - https:\/\/yoast.com\/product\/yoast-seo-premium-wordpress\/ -->\n<title>Le Potager de Val\u00e9rie - Extra Maria<\/title>\n<meta name=\"robots\" content=\"index, follow, max-snippet:-1, max-image-preview:large, max-video-preview:-1\" \/>\n<link rel=\"canonical\" href=\"https:\/\/devtntatelier.com\/jeremy\/le-potager-de-valerie\/\" \/>\n<meta property=\"og:locale\" content=\"fr_FR\" \/>\n<meta property=\"og:type\" content=\"article\" \/>\n<meta property=\"og:title\" content=\"Le Potager de Val\u00e9rie\" \/>\n<meta property=\"og:url\" content=\"https:\/\/devtntatelier.com\/jeremy\/le-potager-de-valerie\/\" \/>\n<meta property=\"og:site_name\" content=\"Extra Maria\" \/>\n<meta property=\"article:published_time\" content=\"2023-05-31T17:51:03+00:00\" \/>\n<meta property=\"article:modified_time\" content=\"2024-05-07T02:36:51+00:00\" \/>\n<meta property=\"og:image\" content=\"https:\/\/devtntatelier.com\/jeremy\/wp-content\/uploads\/2023\/05\/Le-Potager-de-Valerie-saint-augustin-de-dalmas.jpg\" \/>\n\t<meta property=\"og:image:width\" content=\"1200\" \/>\n\t<meta property=\"og:image:height\" content=\"630\" \/>\n\t<meta property=\"og:image:type\" content=\"image\/jpeg\" \/>\n<meta name=\"author\" content=\"Am\u00e9lia Fromage\" \/>\n<meta name=\"twitter:card\" content=\"summary_large_image\" \/>\n<meta name=\"twitter:label1\" content=\"\u00c9crit par\" \/>\n\t<meta name=\"twitter:data1\" content=\"Am\u00e9lia Fromage\" \/>\n<script type=\"application\/ld+json\" class=\"yoast-schema-graph\">{\"@context\":\"https:\\\/\\\/schema.org\",\"@graph\":[{\"@type\":\"Article\",\"@id\":\"https:\\\/\\\/devtntatelier.com\\\/jeremy\\\/le-potager-de-valerie\\\/#article\",\"isPartOf\":{\"@id\":\"https:\\\/\\\/devtntatelier.com\\\/jeremy\\\/le-potager-de-valerie\\\/\"},\"author\":{\"name\":\"Am\u00e9lia Fromage\",\"@id\":\"https:\\\/\\\/devtntatelier.com\\\/jeremy\\\/#\\\/schema\\\/person\\\/0a878778dd7d3b51f55c32fe3d0c565b\"},\"headline\":\"Le Potager de Val\u00e9rie\",\"datePublished\":\"2023-05-31T17:51:03+00:00\",\"dateModified\":\"2024-05-07T02:36:51+00:00\",\"mainEntityOfPage\":{\"@id\":\"https:\\\/\\\/devtntatelier.com\\\/jeremy\\\/le-potager-de-valerie\\\/\"},\"wordCount\":1173,\"commentCount\":0,\"image\":{\"@id\":\"https:\\\/\\\/devtntatelier.com\\\/jeremy\\\/le-potager-de-valerie\\\/#primaryimage\"},\"thumbnailUrl\":\"https:\\\/\\\/devtntatelier.com\\\/jeremy\\\/wp-content\\\/uploads\\\/2023\\\/05\\\/Le-Potager-de-Valerie-saint-augustin-de-dalmas.jpg\",\"articleSection\":[\"Nos producteurs locaux\",\"Tous les articles\"],\"inLanguage\":\"fr-FR\",\"potentialAction\":[{\"@type\":\"CommentAction\",\"name\":\"Comment\",\"target\":[\"https:\\\/\\\/devtntatelier.com\\\/jeremy\\\/le-potager-de-valerie\\\/#respond\"]}]},{\"@type\":\"WebPage\",\"@id\":\"https:\\\/\\\/devtntatelier.com\\\/jeremy\\\/le-potager-de-valerie\\\/\",\"url\":\"https:\\\/\\\/devtntatelier.com\\\/jeremy\\\/le-potager-de-valerie\\\/\",\"name\":\"Le Potager de Val\u00e9rie - Extra Maria\",\"isPartOf\":{\"@id\":\"https:\\\/\\\/devtntatelier.com\\\/jeremy\\\/#website\"},\"primaryImageOfPage\":{\"@id\":\"https:\\\/\\\/devtntatelier.com\\\/jeremy\\\/le-potager-de-valerie\\\/#primaryimage\"},\"image\":{\"@id\":\"https:\\\/\\\/devtntatelier.com\\\/jeremy\\\/le-potager-de-valerie\\\/#primaryimage\"},\"thumbnailUrl\":\"https:\\\/\\\/devtntatelier.com\\\/jeremy\\\/wp-content\\\/uploads\\\/2023\\\/05\\\/Le-Potager-de-Valerie-saint-augustin-de-dalmas.jpg\",\"datePublished\":\"2023-05-31T17:51:03+00:00\",\"dateModified\":\"2024-05-07T02:36:51+00:00\",\"author\":{\"@id\":\"https:\\\/\\\/devtntatelier.com\\\/jeremy\\\/#\\\/schema\\\/person\\\/0a878778dd7d3b51f55c32fe3d0c565b\"},\"breadcrumb\":{\"@id\":\"https:\\\/\\\/devtntatelier.com\\\/jeremy\\\/le-potager-de-valerie\\\/#breadcrumb\"},\"inLanguage\":\"fr-FR\",\"potentialAction\":[{\"@type\":\"ReadAction\",\"target\":[\"https:\\\/\\\/devtntatelier.com\\\/jeremy\\\/le-potager-de-valerie\\\/\"]}]},{\"@type\":\"ImageObject\",\"inLanguage\":\"fr-FR\",\"@id\":\"https:\\\/\\\/devtntatelier.com\\\/jeremy\\\/le-potager-de-valerie\\\/#primaryimage\",\"url\":\"https:\\\/\\\/devtntatelier.com\\\/jeremy\\\/wp-content\\\/uploads\\\/2023\\\/05\\\/Le-Potager-de-Valerie-saint-augustin-de-dalmas.jpg\",\"contentUrl\":\"https:\\\/\\\/devtntatelier.com\\\/jeremy\\\/wp-content\\\/uploads\\\/2023\\\/05\\\/Le-Potager-de-Valerie-saint-augustin-de-dalmas.jpg\",\"width\":\"1200\",\"height\":\"630\"},{\"@type\":\"BreadcrumbList\",\"@id\":\"https:\\\/\\\/devtntatelier.com\\\/jeremy\\\/le-potager-de-valerie\\\/#breadcrumb\",\"itemListElement\":[{\"@type\":\"ListItem\",\"position\":1,\"name\":\"Accueil\",\"item\":\"https:\\\/\\\/devtntatelier.com\\\/jeremy\\\/\"},{\"@type\":\"ListItem\",\"position\":2,\"name\":\"Le Potager de Val\u00e9rie\"}]},{\"@type\":\"WebSite\",\"@id\":\"https:\\\/\\\/devtntatelier.com\\\/jeremy\\\/#website\",\"url\":\"https:\\\/\\\/devtntatelier.com\\\/jeremy\\\/\",\"name\":\"Extra Maria\",\"description\":\"Blogue - D\u00e9couvertes locales et achat local\",\"potentialAction\":[{\"@type\":\"SearchAction\",\"target\":{\"@type\":\"EntryPoint\",\"urlTemplate\":\"https:\\\/\\\/devtntatelier.com\\\/jeremy\\\/?s={search_term_string}\"},\"query-input\":{\"@type\":\"PropertyValueSpecification\",\"valueRequired\":true,\"valueName\":\"search_term_string\"}}],\"inLanguage\":\"fr-FR\"},{\"@type\":\"Person\",\"@id\":\"https:\\\/\\\/devtntatelier.com\\\/jeremy\\\/#\\\/schema\\\/person\\\/0a878778dd7d3b51f55c32fe3d0c565b\",\"name\":\"Am\u00e9lia Fromage\",\"image\":{\"@type\":\"ImageObject\",\"inLanguage\":\"fr-FR\",\"@id\":\"https:\\\/\\\/secure.gravatar.com\\\/avatar\\\/a89f2060bca3721d4e33f490e22f18c0ca3155a6e14f9b4f5566b298215bc3c0?s=96&d=mm&r=g\",\"url\":\"https:\\\/\\\/secure.gravatar.com\\\/avatar\\\/a89f2060bca3721d4e33f490e22f18c0ca3155a6e14f9b4f5566b298215bc3c0?s=96&d=mm&r=g\",\"contentUrl\":\"https:\\\/\\\/secure.gravatar.com\\\/avatar\\\/a89f2060bca3721d4e33f490e22f18c0ca3155a6e14f9b4f5566b298215bc3c0?s=96&d=mm&r=g\",\"caption\":\"Am\u00e9lia Fromage\"},\"description\":\"De nature curieuse, j\u2019aime d\u00e9couvrir de nouvelles choses et en parler autour de moi. Mes deux passions : jardiner et manger du chocolat\u2026 (peut-\u00eatre qu\u2019un jour, je serai capable de faire pousser du chocolat, haha). Sinon, quoi vous dire? Ah oui! Par mon travail \u00e0 la SADC Maria-Chapdelaine, je suis en contact avec beaucoup d\u2019entrepreneurs et me donne comme mission de vous partager leurs bons coups et vous donner le go\u00fbt d\u2019acheter local. Parce que chaque petit geste compte pour faire une diff\u00e9rence. Bonne lecture!\",\"sameAs\":[\"https:\\\/\\\/sadcmaria.qc.ca\"],\"url\":\"https:\\\/\\\/devtntatelier.com\\\/jeremy\\\/author\\\/amelia\\\/\"}]}<\/script>\n<!-- \/ Yoast SEO Premium plugin. -->","yoast_head_json":{"title":"Le Potager de Val\u00e9rie - Extra Maria","robots":{"index":"index","follow":"follow","max-snippet":"max-snippet:-1","max-image-preview":"max-image-preview:large","max-video-preview":"max-video-preview:-1"},"canonical":"https:\/\/devtntatelier.com\/jeremy\/le-potager-de-valerie\/","og_locale":"fr_FR","og_type":"article","og_title":"Le Potager de Val\u00e9rie","og_url":"https:\/\/devtntatelier.com\/jeremy\/le-potager-de-valerie\/","og_site_name":"Extra Maria","article_published_time":"2023-05-31T17:51:03+00:00","article_modified_time":"2024-05-07T02:36:51+00:00","og_image":[{"width":1200,"height":630,"url":"https:\/\/devtntatelier.com\/jeremy\/wp-content\/uploads\/2023\/05\/Le-Potager-de-Valerie-saint-augustin-de-dalmas.jpg","type":"image\/jpeg"}],"author":"Am\u00e9lia Fromage","twitter_card":"summary_large_image","twitter_misc":{"\u00c9crit par":"Am\u00e9lia Fromage"},"schema":{"@context":"https:\/\/schema.org","@graph":[{"@type":"Article","@id":"https:\/\/devtntatelier.com\/jeremy\/le-potager-de-valerie\/#article","isPartOf":{"@id":"https:\/\/devtntatelier.com\/jeremy\/le-potager-de-valerie\/"},"author":{"name":"Am\u00e9lia Fromage","@id":"https:\/\/devtntatelier.com\/jeremy\/#\/schema\/person\/0a878778dd7d3b51f55c32fe3d0c565b"},"headline":"Le Potager de Val\u00e9rie","datePublished":"2023-05-31T17:51:03+00:00","dateModified":"2024-05-07T02:36:51+00:00","mainEntityOfPage":{"@id":"https:\/\/devtntatelier.com\/jeremy\/le-potager-de-valerie\/"},"wordCount":1173,"commentCount":0,"image":{"@id":"https:\/\/devtntatelier.com\/jeremy\/le-potager-de-valerie\/#primaryimage"},"thumbnailUrl":"https:\/\/devtntatelier.com\/jeremy\/wp-content\/uploads\/2023\/05\/Le-Potager-de-Valerie-saint-augustin-de-dalmas.jpg","articleSection":["Nos producteurs locaux","Tous les articles"],"inLanguage":"fr-FR","potentialAction":[{"@type":"CommentAction","name":"Comment","target":["https:\/\/devtntatelier.com\/jeremy\/le-potager-de-valerie\/#respond"]}]},{"@type":"WebPage","@id":"https:\/\/devtntatelier.com\/jeremy\/le-potager-de-valerie\/","url":"https:\/\/devtntatelier.com\/jeremy\/le-potager-de-valerie\/","name":"Le Potager de Val\u00e9rie - Extra Maria","isPartOf":{"@id":"https:\/\/devtntatelier.com\/jeremy\/#website"},"primaryImageOfPage":{"@id":"https:\/\/devtntatelier.com\/jeremy\/le-potager-de-valerie\/#primaryimage"},"image":{"@id":"https:\/\/devtntatelier.com\/jeremy\/le-potager-de-valerie\/#primaryimage"},"thumbnailUrl":"https:\/\/devtntatelier.com\/jeremy\/wp-content\/uploads\/2023\/05\/Le-Potager-de-Valerie-saint-augustin-de-dalmas.jpg","datePublished":"2023-05-31T17:51:03+00:00","dateModified":"2024-05-07T02:36:51+00:00","author":{"@id":"https:\/\/devtntatelier.com\/jeremy\/#\/schema\/person\/0a878778dd7d3b51f55c32fe3d0c565b"},"breadcrumb":{"@id":"https:\/\/devtntatelier.com\/jeremy\/le-potager-de-valerie\/#breadcrumb"},"inLanguage":"fr-FR","potentialAction":[{"@type":"ReadAction","target":["https:\/\/devtntatelier.com\/jeremy\/le-potager-de-valerie\/"]}]},{"@type":"ImageObject","inLanguage":"fr-FR","@id":"https:\/\/devtntatelier.com\/jeremy\/le-potager-de-valerie\/#primaryimage","url":"https:\/\/devtntatelier.com\/jeremy\/wp-content\/uploads\/2023\/05\/Le-Potager-de-Valerie-saint-augustin-de-dalmas.jpg","contentUrl":"https:\/\/devtntatelier.com\/jeremy\/wp-content\/uploads\/2023\/05\/Le-Potager-de-Valerie-saint-augustin-de-dalmas.jpg","width":"1200","height":"630"},{"@type":"BreadcrumbList","@id":"https:\/\/devtntatelier.com\/jeremy\/le-potager-de-valerie\/#breadcrumb","itemListElement":[{"@type":"ListItem","position":1,"name":"Accueil","item":"https:\/\/devtntatelier.com\/jeremy\/"},{"@type":"ListItem","position":2,"name":"Le Potager de Val\u00e9rie"}]},{"@type":"WebSite","@id":"https:\/\/devtntatelier.com\/jeremy\/#website","url":"https:\/\/devtntatelier.com\/jeremy\/","name":"Extra Maria","description":"Blogue - D\u00e9couvertes locales et achat local","potentialAction":[{"@type":"SearchAction","target":{"@type":"EntryPoint","urlTemplate":"https:\/\/devtntatelier.com\/jeremy\/?s={search_term_string}"},"query-input":{"@type":"PropertyValueSpecification","valueRequired":true,"valueName":"search_term_string"}}],"inLanguage":"fr-FR"},{"@type":"Person","@id":"https:\/\/devtntatelier.com\/jeremy\/#\/schema\/person\/0a878778dd7d3b51f55c32fe3d0c565b","name":"Am\u00e9lia Fromage","image":{"@type":"ImageObject","inLanguage":"fr-FR","@id":"https:\/\/secure.gravatar.com\/avatar\/a89f2060bca3721d4e33f490e22f18c0ca3155a6e14f9b4f5566b298215bc3c0?s=96&d=mm&r=g","url":"https:\/\/secure.gravatar.com\/avatar\/a89f2060bca3721d4e33f490e22f18c0ca3155a6e14f9b4f5566b298215bc3c0?s=96&d=mm&r=g","contentUrl":"https:\/\/secure.gravatar.com\/avatar\/a89f2060bca3721d4e33f490e22f18c0ca3155a6e14f9b4f5566b298215bc3c0?s=96&d=mm&r=g","caption":"Am\u00e9lia Fromage"},"description":"De nature curieuse, j\u2019aime d\u00e9couvrir de nouvelles choses et en parler autour de moi. Mes deux passions : jardiner et manger du chocolat\u2026 (peut-\u00eatre qu\u2019un jour, je serai capable de faire pousser du chocolat, haha). Sinon, quoi vous dire? Ah oui! Par mon travail \u00e0 la SADC Maria-Chapdelaine, je suis en contact avec beaucoup d\u2019entrepreneurs et me donne comme mission de vous partager leurs bons coups et vous donner le go\u00fbt d\u2019acheter local. Parce que chaque petit geste compte pour faire une diff\u00e9rence. Bonne lecture!","sameAs":["https:\/\/sadcmaria.qc.ca"],"url":"https:\/\/devtntatelier.com\/jeremy\/author\/amelia\/"}]}},"modified_by":"Am\u00e9lia Fromage","_links":{"self":[{"href":"https:\/\/devtntatelier.com\/jeremy\/wp-json\/wp\/v2\/posts\/5530","targetHints":{"allow":["GET"]}}],"collection":[{"href":"https:\/\/devtntatelier.com\/jeremy\/wp-json\/wp\/v2\/posts"}],"about":[{"href":"https:\/\/devtntatelier.com\/jeremy\/wp-json\/wp\/v2\/types\/post"}],"author":[{"embeddable":true,"href":"https:\/\/devtntatelier.com\/jeremy\/wp-json\/wp\/v2\/users\/2"}],"replies":[{"embeddable":true,"href":"https:\/\/devtntatelier.com\/jeremy\/wp-json\/wp\/v2\/comments?post=5530"}],"version-history":[{"count":0,"href":"https:\/\/devtntatelier.com\/jeremy\/wp-json\/wp\/v2\/posts\/5530\/revisions"}],"wp:featuredmedia":[{"embeddable":true,"href":"https:\/\/devtntatelier.com\/jeremy\/wp-json\/wp\/v2\/media\/5531"}],"wp:attachment":[{"href":"https:\/\/devtntatelier.com\/jeremy\/wp-json\/wp\/v2\/media?parent=5530"}],"wp:term":[{"taxonomy":"category","embeddable":true,"href":"https:\/\/devtntatelier.com\/jeremy\/wp-json\/wp\/v2\/categories?post=5530"},{"taxonomy":"post_tag","embeddable":true,"href":"https:\/\/devtntatelier.com\/jeremy\/wp-json\/wp\/v2\/tags?post=5530"}],"curies":[{"name":"wp","href":"https:\/\/api.w.org\/{rel}","templated":true}]}}