{"id":4857,"date":"2023-04-01T14:12:02","date_gmt":"2023-04-01T18:12:02","guid":{"rendered":"https:\/\/devtntatelier.com\/jeremy\/?p=4857"},"modified":"2023-04-01T14:13:43","modified_gmt":"2023-04-01T18:13:43","slug":"jean-coutu-dolbeau-mistassini-force-communaute","status":"publish","type":"post","link":"https:\/\/devtntatelier.com\/jeremy\/jean-coutu-dolbeau-mistassini-force-communaute\/","title":{"rendered":"Jean Coutu Dolbeau-Mistassini fait la diff\u00e9rence dans sa collectivit\u00e9"},"content":{"rendered":"<p>[et_pb_section fb_built=\u00a0\u00bb1&Prime; _builder_version=\u00a0\u00bb4.20.2&Prime; _module_preset=\u00a0\u00bbdefault\u00a0\u00bb global_colors_info=\u00a0\u00bb{}\u00a0\u00bb][et_pb_row _builder_version=\u00a0\u00bb4.20.2&Prime; _module_preset=\u00a0\u00bbdefault\u00a0\u00bb global_colors_info=\u00a0\u00bb{}\u00a0\u00bb][et_pb_column type=\u00a0\u00bb4_4&Prime; _builder_version=\u00a0\u00bb4.20.2&Prime; _module_preset=\u00a0\u00bbdefault\u00a0\u00bb global_colors_info=\u00a0\u00bb{}\u00a0\u00bb][et_pb_text _builder_version=\u00a0\u00bb4.20.2&Prime; _module_preset=\u00a0\u00bbdefault\u00a0\u00bb global_colors_info=\u00a0\u00bb{}\u00a0\u00bb]<\/p>\n<h1><strong>Jean Coutu Dolbeau-Mistassini fait la diff\u00e9rence dans sa collectivit\u00e9<\/strong><\/h1>\n<p>C\u2019est dans une ambiance festive et cordiale que la Soir\u00e9e Distinction, pilot\u00e9e par la Chambre de commerce et d\u2019industrie de Dolbeau-Mistassini, s\u2019est tenue un peu avant la pause des F\u00eates. Au total lors de l\u2019\u00e9v\u00e9nement, ce sont 11 organisations du milieu qui se sont vues d\u00e9cerner un prix dans l\u2019une des diff\u00e9rentes cat\u00e9gories pens\u00e9es par le comit\u00e9. La pharmacie Jean Coutu Dolbeau-Mistassini, entreprise de proximit\u00e9 bien connue au niveau locale, est repartie avec la prestigieuse statuette de <em>L\u2019Engag\u00e9. <\/em>D\u00e9laissant le sarrau et le pilulier pour le <em>suit <\/em>et la fl\u00fbte de bulles, les trois propri\u00e9taires \u00e9taient certainement fiers et \u00e9mus lorsqu\u2019invit\u00e9s \u00e0 monter sur sc\u00e8ne pour prendre la parole. Portrait d\u2019un citoyen corporatif engag\u00e9 et d\u2019entrepreneurs inspirants.<\/p>\n<h2><strong>Des leaders de l\u2019implication communautaire<\/strong><\/h2>\n<p>En fait, la pharmacie aurait pu recevoir bien des honneurs. Faisant partie du paysage de la ville de Dolbeau-Mistassini depuis plus de 40 ans, sa notori\u00e9t\u00e9 n\u2019est plus \u00e0 faire. Environnement de travail agr\u00e9able, \u00e9quipe professionnelle, service de qualit\u00e9, client\u00e8le fid\u00e8le\u00a0: le commerce doit d\u00e9finitivement son succ\u00e8s aux qualit\u00e9s humaines et entrepreneuriales de Philippe Lavoie, Marc-Andr\u00e9 Bouchard et Jean-S\u00e9bastien M\u00e9nard.<\/p>\n<p><em>L\u2019engag\u00e9 <\/em>\u00e9tait remis \u00e0 une\u00a0<em>entreprise qui par ses gestes apporte une contribution significative \u00e0 sa collectivit\u00e9. Par son engagement dans sa communaut\u00e9, ce citoyen corporatif est reconnu tant pour sa participation \u00e0 la vitalit\u00e9 et au dynamisme du territoire que pour la nature des retomb\u00e9es sociales que ses r\u00e9alisations procurent.<\/em><\/p>\n<p>Lors de l\u2019annonce du gagnant, soyez assur\u00e9 que personne n\u2019a sourcill\u00e9. Tous s\u2019entendaient pour dire que Jean Coutu Dolbeau-Mistassini cadre parfaitement avec la d\u00e9finition de cette cat\u00e9gorie.<\/p>\n<h2><strong>Des entrepreneurs fiers de leur milieu<\/strong><\/h2>\n<p>Les actions sociales et communautaires de l\u2019entreprise sont le reflet juste des valeurs collectives de ses propri\u00e9taires. P\u00e8res de jeunes enfants, adeptes de sport et pr\u00e9sents \u00e0 la plupart des \u00e9v\u00e9nements socioculturels du secteur, il \u00e9tait tout \u00e0 fait naturel pour Philippe, Marc-Andr\u00e9 et Jean-S\u00e9bastien de contribuer autant que possible au bien-\u00eatre de leur collectivit\u00e9 avec Jean Coutu Dolbeau-Mistassini.<\/p>\n<p>\u00ab\u00a0Il est essentiel pour nous de participer \u00e0 la vitalit\u00e9 et au d\u00e9veloppement de notre territoire. Natifs d\u2019ici, notre sentiment d\u2019appartenance est fort et c\u2019est un privil\u00e8ge de pouvoir contribuer au dynamisme de notre communaut\u00e9 \u00e0 notre fa\u00e7on. Et m\u00eame si recevoir un prix ne fait pas partie de nos motivations, c\u2019est un honneur de savoir que notre implication est reconnue par nos pairs\u00a0\u00bb, souligne le doyen Philippe Lavoie.<\/p>\n<p>Parmi les r\u00e9alisations significatives auxquelles l\u2019entreprise a contribu\u00e9 dans la derni\u00e8re ann\u00e9e, notons la <em>pumptrack<\/em> de St-Ludger-de-Milot, la nouvelle mont\u00e9e de v\u00e9lo de montagne de Do-Mi-Ski, une participation financi\u00e8re au demi-marathon des Bleuets ainsi qu\u2019\u00e0 la plupart des festivals du coin, et surtout la collecte de fourniture scolaire Sac-\u00e0-Dons, permettant \u00e0 plus de 200 jeunes de d\u00e9buter l\u2019ann\u00e9e scolaire avec un sac-\u00e0-dos bien rempli.<\/p>\n<p>C\u2019est une grande chance que les citoyens de la MRC de Maria-Chapdelaine ont de pouvoir compter sur des organisations comme Jean Coutu Dolbeau-Mistassini.<\/p>\n<p>[\/et_pb_text][\/et_pb_column][\/et_pb_row][\/et_pb_section]<\/p>\n","protected":false},"excerpt":{"rendered":"<p>Jean Coutu Dolbeau-Mistassini fait la diff\u00e9rence dans sa collectivit\u00e9 C\u2019est dans une ambiance festive et cordiale que la Soir\u00e9e Distinction, pilot\u00e9e par la Chambre de commerce et d\u2019industrie de Dolbeau-Mistassini, [&hellip;]<\/p>\n","protected":false},"author":10,"featured_media":4858,"comment_status":"open","ping_status":"closed","sticky":false,"template":"","format":"standard","meta":{"_et_pb_use_builder":"on","_et_pb_old_content":"","_et_gb_content_width":"","_lmt_disableupdate":"","_lmt_disable":"","_price":"","_stock":"","_tribe_ticket_header":"","_tribe_default_ticket_provider":"","_tribe_ticket_capacity":"0","_ticket_start_date":"","_ticket_end_date":"","_tribe_ticket_show_description":"","_tribe_ticket_show_not_going":false,"_tribe_ticket_use_global_stock":"","_tribe_ticket_global_stock_level":"","_global_stock_mode":"","_global_stock_cap":"","_tribe_rsvp_for_event":"","_tribe_ticket_going_count":"","_tribe_ticket_not_going_count":"","_tribe_tickets_list":"[]","_tribe_ticket_has_attendee_info_fields":false,"footnotes":""},"categories":[124,1],"tags":[],"class_list":["post-4857","post","type-post","status-publish","format-standard","has-post-thumbnail","hentry","category-distinctions","category-articles-achat-local-extra-maria"],"yoast_head":"<!-- This site is optimized with the Yoast SEO Premium plugin v25.9 (Yoast SEO v28.4) - https:\/\/yoast.com\/product\/yoast-seo-premium-wordpress\/ -->\n<title>Jean Coutu Dolbeau-Mistassini fait la diff\u00e9rence dans sa collectivit\u00e9 - Extra Maria<\/title>\n<meta name=\"robots\" content=\"index, follow, max-snippet:-1, max-image-preview:large, max-video-preview:-1\" \/>\n<link rel=\"canonical\" href=\"https:\/\/devtntatelier.com\/jeremy\/jean-coutu-dolbeau-mistassini-force-communaute\/\" \/>\n<meta property=\"og:locale\" content=\"fr_FR\" \/>\n<meta property=\"og:type\" content=\"article\" \/>\n<meta property=\"og:title\" content=\"Jean Coutu Dolbeau-Mistassini fait la diff\u00e9rence dans sa collectivit\u00e9\" \/>\n<meta property=\"og:url\" content=\"https:\/\/devtntatelier.com\/jeremy\/jean-coutu-dolbeau-mistassini-force-communaute\/\" \/>\n<meta property=\"og:site_name\" content=\"Extra Maria\" \/>\n<meta property=\"article:published_time\" content=\"2023-04-01T18:12:02+00:00\" \/>\n<meta property=\"article:modified_time\" content=\"2023-04-01T18:13:43+00:00\" \/>\n<meta property=\"og:image\" content=\"https:\/\/devtntatelier.com\/jeremy\/wp-content\/uploads\/2023\/04\/Sans-titre-3.jpg\" \/>\n\t<meta property=\"og:image:width\" content=\"1200\" \/>\n\t<meta property=\"og:image:height\" content=\"630\" \/>\n\t<meta property=\"og:image:type\" content=\"image\/jpeg\" \/>\n<meta name=\"author\" content=\"Maxime Pearson\" \/>\n<meta name=\"twitter:card\" content=\"summary_large_image\" \/>\n<meta name=\"twitter:label1\" content=\"\u00c9crit par\" \/>\n\t<meta name=\"twitter:data1\" content=\"Maxime Pearson\" \/>\n<script type=\"application\/ld+json\" class=\"yoast-schema-graph\">{\"@context\":\"https:\\\/\\\/schema.org\",\"@graph\":[{\"@type\":\"Article\",\"@id\":\"https:\\\/\\\/devtntatelier.com\\\/jeremy\\\/jean-coutu-dolbeau-mistassini-force-communaute\\\/#article\",\"isPartOf\":{\"@id\":\"https:\\\/\\\/devtntatelier.com\\\/jeremy\\\/jean-coutu-dolbeau-mistassini-force-communaute\\\/\"},\"author\":{\"name\":\"Maxime Pearson\",\"@id\":\"https:\\\/\\\/devtntatelier.com\\\/jeremy\\\/#\\\/schema\\\/person\\\/7633055cf1b3b356611179e7cdb8b1c4\"},\"headline\":\"Jean Coutu Dolbeau-Mistassini fait la diff\u00e9rence dans sa collectivit\u00e9\",\"datePublished\":\"2023-04-01T18:12:02+00:00\",\"dateModified\":\"2023-04-01T18:13:43+00:00\",\"mainEntityOfPage\":{\"@id\":\"https:\\\/\\\/devtntatelier.com\\\/jeremy\\\/jean-coutu-dolbeau-mistassini-force-communaute\\\/\"},\"wordCount\":616,\"commentCount\":0,\"image\":{\"@id\":\"https:\\\/\\\/devtntatelier.com\\\/jeremy\\\/jean-coutu-dolbeau-mistassini-force-communaute\\\/#primaryimage\"},\"thumbnailUrl\":\"https:\\\/\\\/devtntatelier.com\\\/jeremy\\\/wp-content\\\/uploads\\\/2023\\\/04\\\/Sans-titre-3.jpg\",\"articleSection\":[\"Distinctions\",\"Tous les articles\"],\"inLanguage\":\"fr-FR\",\"potentialAction\":[{\"@type\":\"CommentAction\",\"name\":\"Comment\",\"target\":[\"https:\\\/\\\/devtntatelier.com\\\/jeremy\\\/jean-coutu-dolbeau-mistassini-force-communaute\\\/#respond\"]}]},{\"@type\":\"WebPage\",\"@id\":\"https:\\\/\\\/devtntatelier.com\\\/jeremy\\\/jean-coutu-dolbeau-mistassini-force-communaute\\\/\",\"url\":\"https:\\\/\\\/devtntatelier.com\\\/jeremy\\\/jean-coutu-dolbeau-mistassini-force-communaute\\\/\",\"name\":\"Jean Coutu Dolbeau-Mistassini fait la diff\u00e9rence dans sa collectivit\u00e9 - Extra Maria\",\"isPartOf\":{\"@id\":\"https:\\\/\\\/devtntatelier.com\\\/jeremy\\\/#website\"},\"primaryImageOfPage\":{\"@id\":\"https:\\\/\\\/devtntatelier.com\\\/jeremy\\\/jean-coutu-dolbeau-mistassini-force-communaute\\\/#primaryimage\"},\"image\":{\"@id\":\"https:\\\/\\\/devtntatelier.com\\\/jeremy\\\/jean-coutu-dolbeau-mistassini-force-communaute\\\/#primaryimage\"},\"thumbnailUrl\":\"https:\\\/\\\/devtntatelier.com\\\/jeremy\\\/wp-content\\\/uploads\\\/2023\\\/04\\\/Sans-titre-3.jpg\",\"datePublished\":\"2023-04-01T18:12:02+00:00\",\"dateModified\":\"2023-04-01T18:13:43+00:00\",\"author\":{\"@id\":\"https:\\\/\\\/devtntatelier.com\\\/jeremy\\\/#\\\/schema\\\/person\\\/7633055cf1b3b356611179e7cdb8b1c4\"},\"breadcrumb\":{\"@id\":\"https:\\\/\\\/devtntatelier.com\\\/jeremy\\\/jean-coutu-dolbeau-mistassini-force-communaute\\\/#breadcrumb\"},\"inLanguage\":\"fr-FR\",\"potentialAction\":[{\"@type\":\"ReadAction\",\"target\":[\"https:\\\/\\\/devtntatelier.com\\\/jeremy\\\/jean-coutu-dolbeau-mistassini-force-communaute\\\/\"]}]},{\"@type\":\"ImageObject\",\"inLanguage\":\"fr-FR\",\"@id\":\"https:\\\/\\\/devtntatelier.com\\\/jeremy\\\/jean-coutu-dolbeau-mistassini-force-communaute\\\/#primaryimage\",\"url\":\"https:\\\/\\\/devtntatelier.com\\\/jeremy\\\/wp-content\\\/uploads\\\/2023\\\/04\\\/Sans-titre-3.jpg\",\"contentUrl\":\"https:\\\/\\\/devtntatelier.com\\\/jeremy\\\/wp-content\\\/uploads\\\/2023\\\/04\\\/Sans-titre-3.jpg\",\"width\":1200,\"height\":630,\"caption\":\"prix-distinction-engage-jean-coutu\"},{\"@type\":\"BreadcrumbList\",\"@id\":\"https:\\\/\\\/devtntatelier.com\\\/jeremy\\\/jean-coutu-dolbeau-mistassini-force-communaute\\\/#breadcrumb\",\"itemListElement\":[{\"@type\":\"ListItem\",\"position\":1,\"name\":\"Accueil\",\"item\":\"https:\\\/\\\/devtntatelier.com\\\/jeremy\\\/\"},{\"@type\":\"ListItem\",\"position\":2,\"name\":\"Jean Coutu Dolbeau-Mistassini fait la diff\u00e9rence dans sa collectivit\u00e9\"}]},{\"@type\":\"WebSite\",\"@id\":\"https:\\\/\\\/devtntatelier.com\\\/jeremy\\\/#website\",\"url\":\"https:\\\/\\\/devtntatelier.com\\\/jeremy\\\/\",\"name\":\"Extra Maria\",\"description\":\"Blogue - D\u00e9couvertes locales et achat local\",\"potentialAction\":[{\"@type\":\"SearchAction\",\"target\":{\"@type\":\"EntryPoint\",\"urlTemplate\":\"https:\\\/\\\/devtntatelier.com\\\/jeremy\\\/?s={search_term_string}\"},\"query-input\":{\"@type\":\"PropertyValueSpecification\",\"valueRequired\":true,\"valueName\":\"search_term_string\"}}],\"inLanguage\":\"fr-FR\"},{\"@type\":\"Person\",\"@id\":\"https:\\\/\\\/devtntatelier.com\\\/jeremy\\\/#\\\/schema\\\/person\\\/7633055cf1b3b356611179e7cdb8b1c4\",\"name\":\"Maxime Pearson\",\"image\":{\"@type\":\"ImageObject\",\"inLanguage\":\"fr-FR\",\"@id\":\"https:\\\/\\\/secure.gravatar.com\\\/avatar\\\/503685d40fda2a45d067f19d733862aebee2ffc7bca6b91f2ef3792ff1bc375d?s=96&d=mm&r=g\",\"url\":\"https:\\\/\\\/secure.gravatar.com\\\/avatar\\\/503685d40fda2a45d067f19d733862aebee2ffc7bca6b91f2ef3792ff1bc375d?s=96&d=mm&r=g\",\"contentUrl\":\"https:\\\/\\\/secure.gravatar.com\\\/avatar\\\/503685d40fda2a45d067f19d733862aebee2ffc7bca6b91f2ef3792ff1bc375d?s=96&d=mm&r=g\",\"caption\":\"Maxime Pearson\"},\"description\":\"Fier Jeannois et p\u00e8re exemplaire, je navigue un char pis une barge de projets professionnels et artistiques, passant de l\u2019animation sur sc\u00e8ne \u00e0 la r\u00e9daction Web et cr\u00e9ative. Associ\u00e9 chez Traduction M, une agence de services linguistiques, je suis \u00e9galement cofondateur de Nouveaux p\u00e8res, une plateforme de divertissement sur la parentalit\u00e9. Dans tout ce que j\u2019entreprends, l\u2019objectif est d\u2019inspirer mes enfants et ne pas trop g\u00eaner ma m\u00e8re. Jusqu\u2019ici, \u00e7a va.\",\"url\":\"https:\\\/\\\/devtntatelier.com\\\/jeremy\\\/author\\\/extramaximepgmail-com\\\/\"}]}<\/script>\n<!-- \/ Yoast SEO Premium plugin. -->","yoast_head_json":{"title":"Jean Coutu Dolbeau-Mistassini fait la diff\u00e9rence dans sa collectivit\u00e9 - Extra Maria","robots":{"index":"index","follow":"follow","max-snippet":"max-snippet:-1","max-image-preview":"max-image-preview:large","max-video-preview":"max-video-preview:-1"},"canonical":"https:\/\/devtntatelier.com\/jeremy\/jean-coutu-dolbeau-mistassini-force-communaute\/","og_locale":"fr_FR","og_type":"article","og_title":"Jean Coutu Dolbeau-Mistassini fait la diff\u00e9rence dans sa collectivit\u00e9","og_url":"https:\/\/devtntatelier.com\/jeremy\/jean-coutu-dolbeau-mistassini-force-communaute\/","og_site_name":"Extra Maria","article_published_time":"2023-04-01T18:12:02+00:00","article_modified_time":"2023-04-01T18:13:43+00:00","og_image":[{"width":1200,"height":630,"url":"https:\/\/devtntatelier.com\/jeremy\/wp-content\/uploads\/2023\/04\/Sans-titre-3.jpg","type":"image\/jpeg"}],"author":"Maxime Pearson","twitter_card":"summary_large_image","twitter_misc":{"\u00c9crit par":"Maxime Pearson"},"schema":{"@context":"https:\/\/schema.org","@graph":[{"@type":"Article","@id":"https:\/\/devtntatelier.com\/jeremy\/jean-coutu-dolbeau-mistassini-force-communaute\/#article","isPartOf":{"@id":"https:\/\/devtntatelier.com\/jeremy\/jean-coutu-dolbeau-mistassini-force-communaute\/"},"author":{"name":"Maxime Pearson","@id":"https:\/\/devtntatelier.com\/jeremy\/#\/schema\/person\/7633055cf1b3b356611179e7cdb8b1c4"},"headline":"Jean Coutu Dolbeau-Mistassini fait la diff\u00e9rence dans sa collectivit\u00e9","datePublished":"2023-04-01T18:12:02+00:00","dateModified":"2023-04-01T18:13:43+00:00","mainEntityOfPage":{"@id":"https:\/\/devtntatelier.com\/jeremy\/jean-coutu-dolbeau-mistassini-force-communaute\/"},"wordCount":616,"commentCount":0,"image":{"@id":"https:\/\/devtntatelier.com\/jeremy\/jean-coutu-dolbeau-mistassini-force-communaute\/#primaryimage"},"thumbnailUrl":"https:\/\/devtntatelier.com\/jeremy\/wp-content\/uploads\/2023\/04\/Sans-titre-3.jpg","articleSection":["Distinctions","Tous les articles"],"inLanguage":"fr-FR","potentialAction":[{"@type":"CommentAction","name":"Comment","target":["https:\/\/devtntatelier.com\/jeremy\/jean-coutu-dolbeau-mistassini-force-communaute\/#respond"]}]},{"@type":"WebPage","@id":"https:\/\/devtntatelier.com\/jeremy\/jean-coutu-dolbeau-mistassini-force-communaute\/","url":"https:\/\/devtntatelier.com\/jeremy\/jean-coutu-dolbeau-mistassini-force-communaute\/","name":"Jean Coutu Dolbeau-Mistassini fait la diff\u00e9rence dans sa collectivit\u00e9 - Extra Maria","isPartOf":{"@id":"https:\/\/devtntatelier.com\/jeremy\/#website"},"primaryImageOfPage":{"@id":"https:\/\/devtntatelier.com\/jeremy\/jean-coutu-dolbeau-mistassini-force-communaute\/#primaryimage"},"image":{"@id":"https:\/\/devtntatelier.com\/jeremy\/jean-coutu-dolbeau-mistassini-force-communaute\/#primaryimage"},"thumbnailUrl":"https:\/\/devtntatelier.com\/jeremy\/wp-content\/uploads\/2023\/04\/Sans-titre-3.jpg","datePublished":"2023-04-01T18:12:02+00:00","dateModified":"2023-04-01T18:13:43+00:00","author":{"@id":"https:\/\/devtntatelier.com\/jeremy\/#\/schema\/person\/7633055cf1b3b356611179e7cdb8b1c4"},"breadcrumb":{"@id":"https:\/\/devtntatelier.com\/jeremy\/jean-coutu-dolbeau-mistassini-force-communaute\/#breadcrumb"},"inLanguage":"fr-FR","potentialAction":[{"@type":"ReadAction","target":["https:\/\/devtntatelier.com\/jeremy\/jean-coutu-dolbeau-mistassini-force-communaute\/"]}]},{"@type":"ImageObject","inLanguage":"fr-FR","@id":"https:\/\/devtntatelier.com\/jeremy\/jean-coutu-dolbeau-mistassini-force-communaute\/#primaryimage","url":"https:\/\/devtntatelier.com\/jeremy\/wp-content\/uploads\/2023\/04\/Sans-titre-3.jpg","contentUrl":"https:\/\/devtntatelier.com\/jeremy\/wp-content\/uploads\/2023\/04\/Sans-titre-3.jpg","width":1200,"height":630,"caption":"prix-distinction-engage-jean-coutu"},{"@type":"BreadcrumbList","@id":"https:\/\/devtntatelier.com\/jeremy\/jean-coutu-dolbeau-mistassini-force-communaute\/#breadcrumb","itemListElement":[{"@type":"ListItem","position":1,"name":"Accueil","item":"https:\/\/devtntatelier.com\/jeremy\/"},{"@type":"ListItem","position":2,"name":"Jean Coutu Dolbeau-Mistassini fait la diff\u00e9rence dans sa collectivit\u00e9"}]},{"@type":"WebSite","@id":"https:\/\/devtntatelier.com\/jeremy\/#website","url":"https:\/\/devtntatelier.com\/jeremy\/","name":"Extra Maria","description":"Blogue - D\u00e9couvertes locales et achat local","potentialAction":[{"@type":"SearchAction","target":{"@type":"EntryPoint","urlTemplate":"https:\/\/devtntatelier.com\/jeremy\/?s={search_term_string}"},"query-input":{"@type":"PropertyValueSpecification","valueRequired":true,"valueName":"search_term_string"}}],"inLanguage":"fr-FR"},{"@type":"Person","@id":"https:\/\/devtntatelier.com\/jeremy\/#\/schema\/person\/7633055cf1b3b356611179e7cdb8b1c4","name":"Maxime Pearson","image":{"@type":"ImageObject","inLanguage":"fr-FR","@id":"https:\/\/secure.gravatar.com\/avatar\/503685d40fda2a45d067f19d733862aebee2ffc7bca6b91f2ef3792ff1bc375d?s=96&d=mm&r=g","url":"https:\/\/secure.gravatar.com\/avatar\/503685d40fda2a45d067f19d733862aebee2ffc7bca6b91f2ef3792ff1bc375d?s=96&d=mm&r=g","contentUrl":"https:\/\/secure.gravatar.com\/avatar\/503685d40fda2a45d067f19d733862aebee2ffc7bca6b91f2ef3792ff1bc375d?s=96&d=mm&r=g","caption":"Maxime Pearson"},"description":"Fier Jeannois et p\u00e8re exemplaire, je navigue un char pis une barge de projets professionnels et artistiques, passant de l\u2019animation sur sc\u00e8ne \u00e0 la r\u00e9daction Web et cr\u00e9ative. Associ\u00e9 chez Traduction M, une agence de services linguistiques, je suis \u00e9galement cofondateur de Nouveaux p\u00e8res, une plateforme de divertissement sur la parentalit\u00e9. Dans tout ce que j\u2019entreprends, l\u2019objectif est d\u2019inspirer mes enfants et ne pas trop g\u00eaner ma m\u00e8re. Jusqu\u2019ici, \u00e7a va.","url":"https:\/\/devtntatelier.com\/jeremy\/author\/extramaximepgmail-com\/"}]}},"modified_by":"Am\u00e9lia Fromage","_links":{"self":[{"href":"https:\/\/devtntatelier.com\/jeremy\/wp-json\/wp\/v2\/posts\/4857","targetHints":{"allow":["GET"]}}],"collection":[{"href":"https:\/\/devtntatelier.com\/jeremy\/wp-json\/wp\/v2\/posts"}],"about":[{"href":"https:\/\/devtntatelier.com\/jeremy\/wp-json\/wp\/v2\/types\/post"}],"author":[{"embeddable":true,"href":"https:\/\/devtntatelier.com\/jeremy\/wp-json\/wp\/v2\/users\/10"}],"replies":[{"embeddable":true,"href":"https:\/\/devtntatelier.com\/jeremy\/wp-json\/wp\/v2\/comments?post=4857"}],"version-history":[{"count":0,"href":"https:\/\/devtntatelier.com\/jeremy\/wp-json\/wp\/v2\/posts\/4857\/revisions"}],"wp:featuredmedia":[{"embeddable":true,"href":"https:\/\/devtntatelier.com\/jeremy\/wp-json\/wp\/v2\/media\/4858"}],"wp:attachment":[{"href":"https:\/\/devtntatelier.com\/jeremy\/wp-json\/wp\/v2\/media?parent=4857"}],"wp:term":[{"taxonomy":"category","embeddable":true,"href":"https:\/\/devtntatelier.com\/jeremy\/wp-json\/wp\/v2\/categories?post=4857"},{"taxonomy":"post_tag","embeddable":true,"href":"https:\/\/devtntatelier.com\/jeremy\/wp-json\/wp\/v2\/tags?post=4857"}],"curies":[{"name":"wp","href":"https:\/\/api.w.org\/{rel}","templated":true}]}}