{"id":4831,"date":"2023-03-08T13:21:27","date_gmt":"2023-03-08T18:21:27","guid":{"rendered":"https:\/\/devtntatelier.com\/jeremy\/?p=4831"},"modified":"2023-03-08T13:23:26","modified_gmt":"2023-03-08T18:23:26","slug":"projet-entrepreneuriat-jeunesse-veillee-girardville","status":"publish","type":"post","link":"https:\/\/devtntatelier.com\/jeremy\/projet-entrepreneuriat-jeunesse-veillee-girardville\/","title":{"rendered":"Des jeunes de Girardville ont soulign\u00e9 \u00e0 leur fa\u00e7on le centenaire de leur municipalit\u00e9"},"content":{"rendered":"<p>[et_pb_section fb_built=\u00a0\u00bb1&Prime; theme_builder_area=\u00a0\u00bbpost_content\u00a0\u00bb _builder_version=\u00a0\u00bb4.19.5&Prime; _module_preset=\u00a0\u00bbdefault\u00a0\u00bb][et_pb_row _builder_version=\u00a0\u00bb4.19.5&Prime; _module_preset=\u00a0\u00bbdefault\u00a0\u00bb theme_builder_area=\u00a0\u00bbpost_content\u00a0\u00bb hover_enabled=\u00a0\u00bb0&Prime; sticky_enabled=\u00a0\u00bb0&Prime;][et_pb_column _builder_version=\u00a0\u00bb4.19.5&Prime; _module_preset=\u00a0\u00bbdefault\u00a0\u00bb type=\u00a0\u00bb4_4&Prime; theme_builder_area=\u00a0\u00bbpost_content\u00a0\u00bb][et_pb_text _builder_version=\u00a0\u00bb4.19.5&Prime; _module_preset=\u00a0\u00bbdefault\u00a0\u00bb theme_builder_area=\u00a0\u00bbpost_content\u00a0\u00bb hover_enabled=\u00a0\u00bb0&Prime; sticky_enabled=\u00a0\u00bb0&Prime;]<\/p>\n<h1><strong>Des jeunes de Girardville ont soulign\u00e9 \u00e0 leur fa\u00e7on le centenaire de leur municipalit\u00e9<\/strong><\/h1>\n<p>&nbsp;<\/p>\n<p>\u00c0 l\u2019\u00e9cole Notre-Dame-de-Lourdes de Girardville, les \u00e9l\u00e8ves qui fr\u00e9quentent le service de garde ont voulu s\u2019impliquer dans les c\u00e9l\u00e9brations entourant le 100<sup>e<\/sup> anniversaire de la municipalit\u00e9. Ils ont donc mont\u00e9 un spectacle pr\u00e9sentant les diff\u00e9rentes fa\u00e7ons de f\u00eater No\u00ebl au d\u00e9but du si\u00e8cle dernier.<\/p>\n<p>Int\u00e9grant \u00e0 la fois du th\u00e9\u00e2tre, de la danse, de la musique et du chant, le spectacle \u00ab\u00a0Une veill\u00e9e de No\u00ebl d\u2019antan\u00a0\u00bb a \u00e9t\u00e9 pr\u00e9sent\u00e9 une premi\u00e8re fois \u00e0 80 \u00e9l\u00e8ves et membres du personnel de l\u2019\u00e9cole, puis \u00e0 92 spectateurs lors d\u2019une repr\u00e9sentation publique juste avant les F\u00eates.<\/p>\n<p>Cette production originale a permis aux \u00e9l\u00e8ves de s\u2019initier \u00e0 l\u2019organisation d\u2019\u00e9v\u00e9nements puisqu\u2019ils ont \u00e9t\u00e9 impliqu\u00e9s dans toute la d\u00e9marche. Leur pers\u00e9v\u00e9rance a \u00e9t\u00e9 mise \u00e0 l\u2019\u00e9preuve lors de l\u2019apprentissage des textes pour la pi\u00e8ce de th\u00e9\u00e2tre\u2026 et lorsqu\u2019ils ont d\u00fb apprendre \u00e0 danser un set carr\u00e9! Afin de rendre le spectacle encore plus divertissant, les jeunes ont eu l\u2019id\u00e9e d\u2019int\u00e9grer la chorale du parascolaire pour interpr\u00e9ter des chants de No\u00ebl. Et pour bien camper leurs personnages, ils se sont adress\u00e9s au comptoir vestimentaire pour d\u00e9nicher des costumes refl\u00e9tant les ann\u00e9es 1920 ainsi qu\u2019\u00e0 la guignol\u00e9e pour le pr\u00eat de ceintures fl\u00e9ch\u00e9es. La municipalit\u00e9 de Girardville a aussi collabor\u00e9 en annon\u00e7ant l\u2019\u00e9v\u00e9nement sur sa page Facebook, et des repr\u00e9sentants du conseil municipal ont assist\u00e9 \u00e0 la pi\u00e8ce.<\/p>\n<p>Le leadership et le sens de l\u2019initiative des \u00e9l\u00e8ves leur ont permis d\u2019offrir un spectacle d\u2019envergure dans lequel d\u2019autres ressources de la communaut\u00e9 se sont impliqu\u00e9es. F\u00e9licitations aux \u00e9l\u00e8ves du service de garde de l\u2019\u00e9cole Notre-Dame-de-Lourdes pour ce projet novateur et rassembleur!<\/p>\n<p>[\/et_pb_text][\/et_pb_column][\/et_pb_row][et_pb_row _builder_version=\u00a0\u00bb4.19.5&Prime; _module_preset=\u00a0\u00bbdefault\u00a0\u00bb theme_builder_area=\u00a0\u00bbpost_content\u00a0\u00bb][et_pb_column _builder_version=\u00a0\u00bb4.19.5&Prime; _module_preset=\u00a0\u00bbdefault\u00a0\u00bb type=\u00a0\u00bb4_4&Prime; theme_builder_area=\u00a0\u00bbpost_content\u00a0\u00bb][et_pb_image src=\u00a0\u00bbhttps:\/\/devtntatelier.com\/jeremy\/wp-content\/uploads\/2023\/03\/1-1.jpg\u00a0\u00bb _builder_version=\u00a0\u00bb4.19.5&Prime; _module_preset=\u00a0\u00bbdefault\u00a0\u00bb theme_builder_area=\u00a0\u00bbpost_content\u00a0\u00bb title_text=\u00a0\u00bb1&Prime; hover_enabled=\u00a0\u00bb0&Prime; sticky_enabled=\u00a0\u00bb0&Prime;][\/et_pb_image][\/et_pb_column][\/et_pb_row][\/et_pb_section]<\/p>\n","protected":false},"excerpt":{"rendered":"<p>Des jeunes de Girardville ont soulign\u00e9 \u00e0 leur fa\u00e7on le centenaire de leur municipalit\u00e9 &nbsp; \u00c0 l\u2019\u00e9cole Notre-Dame-de-Lourdes de Girardville, les \u00e9l\u00e8ves qui fr\u00e9quentent le service de garde ont voulu [&hellip;]<\/p>\n","protected":false},"author":12,"featured_media":4833,"comment_status":"open","ping_status":"closed","sticky":false,"template":"","format":"standard","meta":{"_et_pb_use_builder":"on","_et_pb_old_content":"","_et_gb_content_width":"","_lmt_disableupdate":"","_lmt_disable":"","_price":"","_stock":"","_tribe_ticket_header":"","_tribe_default_ticket_provider":"","_tribe_ticket_capacity":"0","_ticket_start_date":"","_ticket_end_date":"","_tribe_ticket_show_description":"","_tribe_ticket_show_not_going":false,"_tribe_ticket_use_global_stock":"","_tribe_ticket_global_stock_level":"","_global_stock_mode":"","_global_stock_cap":"","_tribe_rsvp_for_event":"","_tribe_ticket_going_count":"","_tribe_ticket_not_going_count":"","_tribe_tickets_list":"[]","_tribe_ticket_has_attendee_info_fields":false,"footnotes":""},"categories":[9,1],"tags":[],"class_list":["post-4831","post","type-post","status-publish","format-standard","has-post-thumbnail","hentry","category-jeunes-en-action","category-articles-achat-local-extra-maria"],"yoast_head":"<!-- This site is optimized with the Yoast SEO Premium plugin v25.9 (Yoast SEO v28.4) - https:\/\/yoast.com\/product\/yoast-seo-premium-wordpress\/ -->\n<title>Des jeunes de Girardville ont soulign\u00e9 \u00e0 leur fa\u00e7on le centenaire de leur municipalit\u00e9 - Extra Maria<\/title>\n<meta name=\"robots\" content=\"index, follow, max-snippet:-1, max-image-preview:large, max-video-preview:-1\" \/>\n<link rel=\"canonical\" href=\"https:\/\/devtntatelier.com\/jeremy\/projet-entrepreneuriat-jeunesse-veillee-girardville\/\" \/>\n<meta property=\"og:locale\" content=\"fr_FR\" \/>\n<meta property=\"og:type\" content=\"article\" \/>\n<meta property=\"og:title\" content=\"Des jeunes de Girardville ont soulign\u00e9 \u00e0 leur fa\u00e7on le centenaire de leur municipalit\u00e9\" \/>\n<meta property=\"og:url\" content=\"https:\/\/devtntatelier.com\/jeremy\/projet-entrepreneuriat-jeunesse-veillee-girardville\/\" \/>\n<meta property=\"og:site_name\" content=\"Extra Maria\" \/>\n<meta property=\"article:published_time\" content=\"2023-03-08T18:21:27+00:00\" \/>\n<meta property=\"article:modified_time\" content=\"2023-03-08T18:23:26+00:00\" \/>\n<meta property=\"og:image\" content=\"https:\/\/devtntatelier.com\/jeremy\/wp-content\/uploads\/2023\/03\/2-1.jpg\" \/>\n\t<meta property=\"og:image:width\" content=\"1200\" \/>\n\t<meta property=\"og:image:height\" content=\"630\" \/>\n\t<meta property=\"og:image:type\" content=\"image\/jpeg\" \/>\n<meta name=\"author\" content=\"Marie-\u00c8ve Bernard\" \/>\n<meta name=\"twitter:card\" content=\"summary_large_image\" \/>\n<meta name=\"twitter:label1\" content=\"\u00c9crit par\" \/>\n\t<meta name=\"twitter:data1\" content=\"Marie-\u00c8ve Bernard\" \/>\n<script type=\"application\/ld+json\" class=\"yoast-schema-graph\">{\"@context\":\"https:\\\/\\\/schema.org\",\"@graph\":[{\"@type\":\"Article\",\"@id\":\"https:\\\/\\\/devtntatelier.com\\\/jeremy\\\/projet-entrepreneuriat-jeunesse-veillee-girardville\\\/#article\",\"isPartOf\":{\"@id\":\"https:\\\/\\\/devtntatelier.com\\\/jeremy\\\/projet-entrepreneuriat-jeunesse-veillee-girardville\\\/\"},\"author\":{\"name\":\"Marie-\u00c8ve Bernard\",\"@id\":\"https:\\\/\\\/devtntatelier.com\\\/jeremy\\\/#\\\/schema\\\/person\\\/1d2872bff5ce51a73c836591a2e19720\"},\"headline\":\"Des jeunes de Girardville ont soulign\u00e9 \u00e0 leur fa\u00e7on le centenaire de leur municipalit\u00e9\",\"datePublished\":\"2023-03-08T18:21:27+00:00\",\"dateModified\":\"2023-03-08T18:23:26+00:00\",\"mainEntityOfPage\":{\"@id\":\"https:\\\/\\\/devtntatelier.com\\\/jeremy\\\/projet-entrepreneuriat-jeunesse-veillee-girardville\\\/\"},\"wordCount\":487,\"commentCount\":0,\"image\":{\"@id\":\"https:\\\/\\\/devtntatelier.com\\\/jeremy\\\/projet-entrepreneuriat-jeunesse-veillee-girardville\\\/#primaryimage\"},\"thumbnailUrl\":\"https:\\\/\\\/devtntatelier.com\\\/jeremy\\\/wp-content\\\/uploads\\\/2023\\\/03\\\/2-1.jpg\",\"articleSection\":[\"Jeunes en action\",\"Tous les articles\"],\"inLanguage\":\"fr-FR\",\"potentialAction\":[{\"@type\":\"CommentAction\",\"name\":\"Comment\",\"target\":[\"https:\\\/\\\/devtntatelier.com\\\/jeremy\\\/projet-entrepreneuriat-jeunesse-veillee-girardville\\\/#respond\"]}]},{\"@type\":\"WebPage\",\"@id\":\"https:\\\/\\\/devtntatelier.com\\\/jeremy\\\/projet-entrepreneuriat-jeunesse-veillee-girardville\\\/\",\"url\":\"https:\\\/\\\/devtntatelier.com\\\/jeremy\\\/projet-entrepreneuriat-jeunesse-veillee-girardville\\\/\",\"name\":\"Des jeunes de Girardville ont soulign\u00e9 \u00e0 leur fa\u00e7on le centenaire de leur municipalit\u00e9 - Extra Maria\",\"isPartOf\":{\"@id\":\"https:\\\/\\\/devtntatelier.com\\\/jeremy\\\/#website\"},\"primaryImageOfPage\":{\"@id\":\"https:\\\/\\\/devtntatelier.com\\\/jeremy\\\/projet-entrepreneuriat-jeunesse-veillee-girardville\\\/#primaryimage\"},\"image\":{\"@id\":\"https:\\\/\\\/devtntatelier.com\\\/jeremy\\\/projet-entrepreneuriat-jeunesse-veillee-girardville\\\/#primaryimage\"},\"thumbnailUrl\":\"https:\\\/\\\/devtntatelier.com\\\/jeremy\\\/wp-content\\\/uploads\\\/2023\\\/03\\\/2-1.jpg\",\"datePublished\":\"2023-03-08T18:21:27+00:00\",\"dateModified\":\"2023-03-08T18:23:26+00:00\",\"author\":{\"@id\":\"https:\\\/\\\/devtntatelier.com\\\/jeremy\\\/#\\\/schema\\\/person\\\/1d2872bff5ce51a73c836591a2e19720\"},\"breadcrumb\":{\"@id\":\"https:\\\/\\\/devtntatelier.com\\\/jeremy\\\/projet-entrepreneuriat-jeunesse-veillee-girardville\\\/#breadcrumb\"},\"inLanguage\":\"fr-FR\",\"potentialAction\":[{\"@type\":\"ReadAction\",\"target\":[\"https:\\\/\\\/devtntatelier.com\\\/jeremy\\\/projet-entrepreneuriat-jeunesse-veillee-girardville\\\/\"]}]},{\"@type\":\"ImageObject\",\"inLanguage\":\"fr-FR\",\"@id\":\"https:\\\/\\\/devtntatelier.com\\\/jeremy\\\/projet-entrepreneuriat-jeunesse-veillee-girardville\\\/#primaryimage\",\"url\":\"https:\\\/\\\/devtntatelier.com\\\/jeremy\\\/wp-content\\\/uploads\\\/2023\\\/03\\\/2-1.jpg\",\"contentUrl\":\"https:\\\/\\\/devtntatelier.com\\\/jeremy\\\/wp-content\\\/uploads\\\/2023\\\/03\\\/2-1.jpg\",\"width\":1200,\"height\":630},{\"@type\":\"BreadcrumbList\",\"@id\":\"https:\\\/\\\/devtntatelier.com\\\/jeremy\\\/projet-entrepreneuriat-jeunesse-veillee-girardville\\\/#breadcrumb\",\"itemListElement\":[{\"@type\":\"ListItem\",\"position\":1,\"name\":\"Accueil\",\"item\":\"https:\\\/\\\/devtntatelier.com\\\/jeremy\\\/\"},{\"@type\":\"ListItem\",\"position\":2,\"name\":\"Des jeunes de Girardville ont soulign\u00e9 \u00e0 leur fa\u00e7on le centenaire de leur municipalit\u00e9\"}]},{\"@type\":\"WebSite\",\"@id\":\"https:\\\/\\\/devtntatelier.com\\\/jeremy\\\/#website\",\"url\":\"https:\\\/\\\/devtntatelier.com\\\/jeremy\\\/\",\"name\":\"Extra Maria\",\"description\":\"Blogue - D\u00e9couvertes locales et achat local\",\"potentialAction\":[{\"@type\":\"SearchAction\",\"target\":{\"@type\":\"EntryPoint\",\"urlTemplate\":\"https:\\\/\\\/devtntatelier.com\\\/jeremy\\\/?s={search_term_string}\"},\"query-input\":{\"@type\":\"PropertyValueSpecification\",\"valueRequired\":true,\"valueName\":\"search_term_string\"}}],\"inLanguage\":\"fr-FR\"},{\"@type\":\"Person\",\"@id\":\"https:\\\/\\\/devtntatelier.com\\\/jeremy\\\/#\\\/schema\\\/person\\\/1d2872bff5ce51a73c836591a2e19720\",\"name\":\"Marie-\u00c8ve Bernard\",\"image\":{\"@type\":\"ImageObject\",\"inLanguage\":\"fr-FR\",\"@id\":\"https:\\\/\\\/secure.gravatar.com\\\/avatar\\\/a2d7ebb0c67fe37f105c8d51b8442ec46116d9a933397ac9dc2ba4738a91032d?s=96&d=mm&r=g\",\"url\":\"https:\\\/\\\/secure.gravatar.com\\\/avatar\\\/a2d7ebb0c67fe37f105c8d51b8442ec46116d9a933397ac9dc2ba4738a91032d?s=96&d=mm&r=g\",\"contentUrl\":\"https:\\\/\\\/secure.gravatar.com\\\/avatar\\\/a2d7ebb0c67fe37f105c8d51b8442ec46116d9a933397ac9dc2ba4738a91032d?s=96&d=mm&r=g\",\"caption\":\"Marie-\u00c8ve Bernard\"},\"description\":\"En tant que conseill\u00e8re en communication au Centre de services scolaire du Pays-des-Bleuets, l\u2019un de mes r\u00f4les est de promouvoir et de valoriser les bons coups des \u00e9l\u00e8ves et des membres du personnel. Gr\u00e2ce au blogue de la SADC Maria-Chapdelaine, je vous ferai d\u00e9couvrir des projets entrepreneuriaux mis en place dans les \u00e9coles de la MRC. L\u00e0 o\u00f9 on d\u00e9veloppe l\u2019esprit entrepreneurial de notre rel\u00e8ve!\",\"url\":\"https:\\\/\\\/devtntatelier.com\\\/jeremy\\\/author\\\/extramarieevegmail-com\\\/\"}]}<\/script>\n<!-- \/ Yoast SEO Premium plugin. -->","yoast_head_json":{"title":"Des jeunes de Girardville ont soulign\u00e9 \u00e0 leur fa\u00e7on le centenaire de leur municipalit\u00e9 - Extra Maria","robots":{"index":"index","follow":"follow","max-snippet":"max-snippet:-1","max-image-preview":"max-image-preview:large","max-video-preview":"max-video-preview:-1"},"canonical":"https:\/\/devtntatelier.com\/jeremy\/projet-entrepreneuriat-jeunesse-veillee-girardville\/","og_locale":"fr_FR","og_type":"article","og_title":"Des jeunes de Girardville ont soulign\u00e9 \u00e0 leur fa\u00e7on le centenaire de leur municipalit\u00e9","og_url":"https:\/\/devtntatelier.com\/jeremy\/projet-entrepreneuriat-jeunesse-veillee-girardville\/","og_site_name":"Extra Maria","article_published_time":"2023-03-08T18:21:27+00:00","article_modified_time":"2023-03-08T18:23:26+00:00","og_image":[{"width":1200,"height":630,"url":"https:\/\/devtntatelier.com\/jeremy\/wp-content\/uploads\/2023\/03\/2-1.jpg","type":"image\/jpeg"}],"author":"Marie-\u00c8ve Bernard","twitter_card":"summary_large_image","twitter_misc":{"\u00c9crit par":"Marie-\u00c8ve Bernard"},"schema":{"@context":"https:\/\/schema.org","@graph":[{"@type":"Article","@id":"https:\/\/devtntatelier.com\/jeremy\/projet-entrepreneuriat-jeunesse-veillee-girardville\/#article","isPartOf":{"@id":"https:\/\/devtntatelier.com\/jeremy\/projet-entrepreneuriat-jeunesse-veillee-girardville\/"},"author":{"name":"Marie-\u00c8ve Bernard","@id":"https:\/\/devtntatelier.com\/jeremy\/#\/schema\/person\/1d2872bff5ce51a73c836591a2e19720"},"headline":"Des jeunes de Girardville ont soulign\u00e9 \u00e0 leur fa\u00e7on le centenaire de leur municipalit\u00e9","datePublished":"2023-03-08T18:21:27+00:00","dateModified":"2023-03-08T18:23:26+00:00","mainEntityOfPage":{"@id":"https:\/\/devtntatelier.com\/jeremy\/projet-entrepreneuriat-jeunesse-veillee-girardville\/"},"wordCount":487,"commentCount":0,"image":{"@id":"https:\/\/devtntatelier.com\/jeremy\/projet-entrepreneuriat-jeunesse-veillee-girardville\/#primaryimage"},"thumbnailUrl":"https:\/\/devtntatelier.com\/jeremy\/wp-content\/uploads\/2023\/03\/2-1.jpg","articleSection":["Jeunes en action","Tous les articles"],"inLanguage":"fr-FR","potentialAction":[{"@type":"CommentAction","name":"Comment","target":["https:\/\/devtntatelier.com\/jeremy\/projet-entrepreneuriat-jeunesse-veillee-girardville\/#respond"]}]},{"@type":"WebPage","@id":"https:\/\/devtntatelier.com\/jeremy\/projet-entrepreneuriat-jeunesse-veillee-girardville\/","url":"https:\/\/devtntatelier.com\/jeremy\/projet-entrepreneuriat-jeunesse-veillee-girardville\/","name":"Des jeunes de Girardville ont soulign\u00e9 \u00e0 leur fa\u00e7on le centenaire de leur municipalit\u00e9 - Extra Maria","isPartOf":{"@id":"https:\/\/devtntatelier.com\/jeremy\/#website"},"primaryImageOfPage":{"@id":"https:\/\/devtntatelier.com\/jeremy\/projet-entrepreneuriat-jeunesse-veillee-girardville\/#primaryimage"},"image":{"@id":"https:\/\/devtntatelier.com\/jeremy\/projet-entrepreneuriat-jeunesse-veillee-girardville\/#primaryimage"},"thumbnailUrl":"https:\/\/devtntatelier.com\/jeremy\/wp-content\/uploads\/2023\/03\/2-1.jpg","datePublished":"2023-03-08T18:21:27+00:00","dateModified":"2023-03-08T18:23:26+00:00","author":{"@id":"https:\/\/devtntatelier.com\/jeremy\/#\/schema\/person\/1d2872bff5ce51a73c836591a2e19720"},"breadcrumb":{"@id":"https:\/\/devtntatelier.com\/jeremy\/projet-entrepreneuriat-jeunesse-veillee-girardville\/#breadcrumb"},"inLanguage":"fr-FR","potentialAction":[{"@type":"ReadAction","target":["https:\/\/devtntatelier.com\/jeremy\/projet-entrepreneuriat-jeunesse-veillee-girardville\/"]}]},{"@type":"ImageObject","inLanguage":"fr-FR","@id":"https:\/\/devtntatelier.com\/jeremy\/projet-entrepreneuriat-jeunesse-veillee-girardville\/#primaryimage","url":"https:\/\/devtntatelier.com\/jeremy\/wp-content\/uploads\/2023\/03\/2-1.jpg","contentUrl":"https:\/\/devtntatelier.com\/jeremy\/wp-content\/uploads\/2023\/03\/2-1.jpg","width":1200,"height":630},{"@type":"BreadcrumbList","@id":"https:\/\/devtntatelier.com\/jeremy\/projet-entrepreneuriat-jeunesse-veillee-girardville\/#breadcrumb","itemListElement":[{"@type":"ListItem","position":1,"name":"Accueil","item":"https:\/\/devtntatelier.com\/jeremy\/"},{"@type":"ListItem","position":2,"name":"Des jeunes de Girardville ont soulign\u00e9 \u00e0 leur fa\u00e7on le centenaire de leur municipalit\u00e9"}]},{"@type":"WebSite","@id":"https:\/\/devtntatelier.com\/jeremy\/#website","url":"https:\/\/devtntatelier.com\/jeremy\/","name":"Extra Maria","description":"Blogue - D\u00e9couvertes locales et achat local","potentialAction":[{"@type":"SearchAction","target":{"@type":"EntryPoint","urlTemplate":"https:\/\/devtntatelier.com\/jeremy\/?s={search_term_string}"},"query-input":{"@type":"PropertyValueSpecification","valueRequired":true,"valueName":"search_term_string"}}],"inLanguage":"fr-FR"},{"@type":"Person","@id":"https:\/\/devtntatelier.com\/jeremy\/#\/schema\/person\/1d2872bff5ce51a73c836591a2e19720","name":"Marie-\u00c8ve Bernard","image":{"@type":"ImageObject","inLanguage":"fr-FR","@id":"https:\/\/secure.gravatar.com\/avatar\/a2d7ebb0c67fe37f105c8d51b8442ec46116d9a933397ac9dc2ba4738a91032d?s=96&d=mm&r=g","url":"https:\/\/secure.gravatar.com\/avatar\/a2d7ebb0c67fe37f105c8d51b8442ec46116d9a933397ac9dc2ba4738a91032d?s=96&d=mm&r=g","contentUrl":"https:\/\/secure.gravatar.com\/avatar\/a2d7ebb0c67fe37f105c8d51b8442ec46116d9a933397ac9dc2ba4738a91032d?s=96&d=mm&r=g","caption":"Marie-\u00c8ve Bernard"},"description":"En tant que conseill\u00e8re en communication au Centre de services scolaire du Pays-des-Bleuets, l\u2019un de mes r\u00f4les est de promouvoir et de valoriser les bons coups des \u00e9l\u00e8ves et des membres du personnel. Gr\u00e2ce au blogue de la SADC Maria-Chapdelaine, je vous ferai d\u00e9couvrir des projets entrepreneuriaux mis en place dans les \u00e9coles de la MRC. L\u00e0 o\u00f9 on d\u00e9veloppe l\u2019esprit entrepreneurial de notre rel\u00e8ve!","url":"https:\/\/devtntatelier.com\/jeremy\/author\/extramarieevegmail-com\/"}]}},"modified_by":"Am\u00e9lia Fromage","_links":{"self":[{"href":"https:\/\/devtntatelier.com\/jeremy\/wp-json\/wp\/v2\/posts\/4831","targetHints":{"allow":["GET"]}}],"collection":[{"href":"https:\/\/devtntatelier.com\/jeremy\/wp-json\/wp\/v2\/posts"}],"about":[{"href":"https:\/\/devtntatelier.com\/jeremy\/wp-json\/wp\/v2\/types\/post"}],"author":[{"embeddable":true,"href":"https:\/\/devtntatelier.com\/jeremy\/wp-json\/wp\/v2\/users\/12"}],"replies":[{"embeddable":true,"href":"https:\/\/devtntatelier.com\/jeremy\/wp-json\/wp\/v2\/comments?post=4831"}],"version-history":[{"count":0,"href":"https:\/\/devtntatelier.com\/jeremy\/wp-json\/wp\/v2\/posts\/4831\/revisions"}],"wp:featuredmedia":[{"embeddable":true,"href":"https:\/\/devtntatelier.com\/jeremy\/wp-json\/wp\/v2\/media\/4833"}],"wp:attachment":[{"href":"https:\/\/devtntatelier.com\/jeremy\/wp-json\/wp\/v2\/media?parent=4831"}],"wp:term":[{"taxonomy":"category","embeddable":true,"href":"https:\/\/devtntatelier.com\/jeremy\/wp-json\/wp\/v2\/categories?post=4831"},{"taxonomy":"post_tag","embeddable":true,"href":"https:\/\/devtntatelier.com\/jeremy\/wp-json\/wp\/v2\/tags?post=4831"}],"curies":[{"name":"wp","href":"https:\/\/api.w.org\/{rel}","templated":true}]}}