{"id":4542,"date":"2022-11-23T05:30:25","date_gmt":"2022-11-23T10:30:25","guid":{"rendered":"https:\/\/devtntatelier.com\/jeremy\/?p=4542"},"modified":"2022-11-30T04:45:21","modified_gmt":"2022-11-30T09:45:21","slug":"entrevue-louis-lavoie-francine-perron-maxime-lavoie-fran-lou","status":"publish","type":"post","link":"https:\/\/devtntatelier.com\/jeremy\/entrevue-louis-lavoie-francine-perron-maxime-lavoie-fran-lou\/","title":{"rendered":"Entrevue avec Louis Lavoie, Francine Perron et Maxime Lavoie de Fran-Lou"},"content":{"rendered":"<p>[et_pb_section fb_built=\u00a0\u00bb1&Prime; theme_builder_area=\u00a0\u00bbpost_content\u00a0\u00bb _builder_version=\u00a0\u00bb4.19.0&Prime; _module_preset=\u00a0\u00bbdefault\u00a0\u00bb][et_pb_row _builder_version=\u00a0\u00bb4.19.0&Prime; _module_preset=\u00a0\u00bbdefault\u00a0\u00bb theme_builder_area=\u00a0\u00bbpost_content\u00a0\u00bb][et_pb_column _builder_version=\u00a0\u00bb4.19.0&Prime; _module_preset=\u00a0\u00bbdefault\u00a0\u00bb type=\u00a0\u00bb4_4&Prime; theme_builder_area=\u00a0\u00bbpost_content\u00a0\u00bb][et_pb_text _builder_version=\u00a0\u00bb4.19.0&Prime; _module_preset=\u00a0\u00bbdefault\u00a0\u00bb theme_builder_area=\u00a0\u00bbpost_content\u00a0\u00bb hover_enabled=\u00a0\u00bb0&Prime; sticky_enabled=\u00a0\u00bb0&Prime;]<\/p>\n<p>Aujourd&rsquo;hui, on \u00e9change avec Louis Lavoie, Francine Perron et Maxime Lavoie de l&rsquo;entreprise Fran-Lou. Cette entreprise se sp\u00e9cialise dans la vente au d\u00e9tail de bois. Elle est situ\u00e9e \u00e0 Sainte-Jeanne-d&rsquo;Arc au Lac-Saint-Jean et attire des gens de partout dans la r\u00e9gion du Saguenay-Lac-Saint-Jean, de Chibougamau-Chapais et de la C\u00f4te-Nord par la qualit\u00e9 de son bois. En voici plus \u00e0 leur sujet.<\/p>\n<p><strong>Extra Maria\u00a0: Louis, Francine et Maxime, comment vous d\u00e9cririez-vous comme personnes?<\/strong><\/p>\n<p><strong>Louis\u00a0:<\/strong> Je dirais que je suis quelqu\u2019un de visionnaire. Je suis en affaires depuis 39 ans. J\u2019ai \u00e9t\u00e9 37 ans \u00bd comme agent de la faune, en plus d\u2019\u00eatre entrepreneur. Une de mes forces, c\u2019est la gestion. Je l\u2019ai ancr\u00e9e \u00e0 l\u2019int\u00e9rieur de moi. J\u2019aime aussi apprendre aux autres et les aider \u00e0 se d\u00e9passer.<\/p>\n<p><strong>Francine\u00a0:<\/strong> Je suis une personne qui aime entreprendre. Je suis en affaires depuis mes 19 ans. J\u2019ai longtemps travaill\u00e9 dans le domaine de la fourrure avec Louis avant qu\u2019on se sp\u00e9cialise dans le bois.<\/p>\n<p><strong>Maxime\u00a0:<\/strong> J\u2019ai la fibre entrepreneuriale. Je suis arriv\u00e9 ici \u00e0 17 ans. Maintenant, j\u2019ai 21 ans. J\u2019ai commenc\u00e9 \u00e0 travailler chez Fran-Lou \u00e0 l\u2019entrep\u00f4t et rapidement, depuis trois ans, j\u2019ai commenc\u00e9 \u00e0 prendre la rel\u00e8ve.<\/p>\n<p><strong>Extra Maria\u00a0: Quelles sont vos valeurs?<\/strong><\/p>\n<p><strong>Louis, Francine\u00a0et Maxime\u00a0: <\/strong>Nos valeurs se rejoignent. La premi\u00e8re est le respect de nos clients et de l\u2019environnement. Nous avons une bonne r\u00e9putation que nous voulons garder. Le bois que nous vendons est issu de coupes s\u00e9lectives qui permettent la r\u00e9g\u00e9n\u00e9ration, et l\u2019apparition de jeunes arbres qui absorbent mieux le carbone.<\/p>\n<p><strong style=\"background-color: transparent;\">Extra Maria\u00a0: Qu\u2019est-ce que vous aimez faire dans la vie?<\/strong><\/p>\n<p><strong>Louis\u00a0:<\/strong> J\u2019aime la chasse, la p\u00eache et partir en for\u00eat.<\/p>\n<p><strong>Francine\u00a0:<\/strong> Parmi mes passe-temps, il y a la chasse, la p\u00eache, le jardinage, le tissage, la cuisine et le v\u00e9lo. J\u2019aime \u00e9galement construire des meubles et travailler les finitions du chalet. Je suis quelqu\u2019un de manuel. Si vous cherchez \u00e0 me faire un cadeau, offrez-moi des outils&#8230; (rire)<\/p>\n<p><strong>Maxime\u00a0:<\/strong> Pour le moment, ma principale occupation, c\u2019est r\u00e9aliser mon r\u00eave d\u2019entreprise.<\/p>\n<p><strong>Extra Maria\u00a0: Racontez-nous un fait cocasse&#8230;<\/strong><\/p>\n<p><strong>Louis et Francine\u00a0: <\/strong>On est assez proche de Maxime, \u00e0 tel point que les gens pensent souvent que c\u2019est notre fils&#8230; (rire) En fait, non. C\u2019est notre rel\u00e8ve. On a confiance en lui pour reprendre les rennes de l\u2019entreprise. Il d\u00e9montre toutes les qualit\u00e9s d\u2019un bon entrepreneur. C\u2019est quelqu\u2019un d\u2019autodidacte. On n\u2019a pas besoin de lui expliquer les choses deux fois.<\/p>\n<p>Depuis son arriv\u00e9e, Maxime a pris beaucoup de responsabilit\u00e9s. On n\u2019a pas besoin d\u2019appeler au bureau pour savoir comment \u00e7a va. On sait qu\u2019on peut lui faire confiance. C\u2019est un jeune qui a beaucoup de potentiel, qui conna\u00eet plus la technologie que nous (rire), qui est Int\u00e9ress\u00e9 et motiv\u00e9. Il am\u00e8ne d\u2019ailleurs plusieurs contrats.<\/p>\n<p><strong>Extra Maria\u00a0: Qu\u2019est-ce qui vous a pouss\u00e9 \u00e0 vous lancer en affaires?<\/strong><\/p>\n<p><strong>Francine:<\/strong> J\u2019ai commenc\u00e9 en affaires avec Louis dans le domaine de la fourrure d\u00e8s mes 19 ans. En 2007, notre entreprise a pris un autre tournant et c\u2019est l\u00e0 que nous avons commenc\u00e9 la vente de bois au d\u00e9tail.<\/p>\n<p><strong>Louis\u00a0:<\/strong> Fran-Lou a longtemps \u00e9t\u00e9 une entreprise dans le domaine de la fourrure. \u00c0 partir de 1994, Louis a commenc\u00e9 \u00e0 acheter du bois franc pour une compagnie d\u2019exportation en Europe. Il faisait le Qu\u00e9bec, le Nouveau-Brunswick et quelques \u00e9tats des \u00c9tats-Unis. C\u2019est \u00e0 partir de 2007 que notre entreprise s\u2019est sp\u00e9cialis\u00e9e dans le domaine du bois de sp\u00e9cialit\u00e9 et de la vente au d\u00e9tail \u00e0 Sainte-Jeanne-d\u2019Arc.<\/p>\n<p><strong>Maxime\u00a0:<\/strong> C\u2019est le go\u00fbt d\u2019\u00eatre mon propre patron et de poss\u00e9der mon entreprise, qui me pousse \u00e0 me lancer en affaires. C\u2019est \u00e0 18 ans que j\u2019ai trouv\u00e9 le financement n\u00e9cessaire pour commencer par acheter des parts et aujourd\u2019hui, je poss\u00e8de 25 % de la compagnie. J\u2019arrive avec de nouvelles id\u00e9es. Louis et Francine sont l\u00e0 pour m\u2019accompagner dans le processus. Louis dit de moi que je suis quelqu\u2019un de travaillant, qui apprend vite, et qui est allum\u00e9 c\u00f4t\u00e9 affaires. (sourire)<\/p>\n<p><strong>Extra Maria\u00a0: Pr\u00e9sentez-nous votre entreprise en quelques mots.<\/strong><\/p>\n<p><strong>Louis, Francine et Maxime\u00a0:<\/strong> Nous vendons actuellement plusieurs sortes de bois\u00a0: pin blanc, c\u00e8dre, bois franc, pruche, bardeaux de c\u00e8dre, mais aussi des huiles pour le bois et de l\u2019\u00e9poxy.<\/p>\n<p>Une chose qui nous distingue des quincailleries, c\u2019est que nous vendons du bois hors normes qu\u2019on ne retrouve pas dans les quincailleries classiques. On a aussi du bois de grange et du bois pour fardiers pour les planchers de vans. Parmi nos clients, nous avons des particuliers et beaucoup d\u2019entreprises, d\u2019\u00e9coles et d\u2019\u00e9b\u00e9nistes.<\/p>\n<p>Nous faisons affaire avec plusieurs scieries au Qu\u00e9bec pour avoir une qualit\u00e9 de bois sup\u00e9rieure. Notre bois est s\u00e9ch\u00e9 au s\u00e9choir.<\/p>\n<p><strong>Extra Maria\u00a0: Nommez-nous une r\u00e9alisation dont vous \u00eates fiers.<\/strong><\/p>\n<p><strong>Louis et Francine\u00a0:<\/strong> Notre plus grande fiert\u00e9 est d\u2019avoir trouv\u00e9 une rel\u00e8ve de grande qualit\u00e9 en la personne de Maxime Lavoie, ainsi que l\u2019achat du bar Triangle de Ste-Jeanne-d \u2019Arc et sa transformation pour notre commerce. Nous avons eu beaucoup de f\u00e9licitations pour avoir donn\u00e9 une deuxi\u00e8me vie \u00e0 cette b\u00e2tisse.<\/p>\n<p>Aussi, une autre fiert\u00e9 est que nous attirons beaucoup de clients de l\u2019ext\u00e9rieur de la MRC \u00e0 venir magasiner chez nous. 70 % de notre client\u00e8le vient de Saguenay et Alma. On a aussi des clients qui viennent de Chibougamau et de la C\u00f4te-Nord.<\/p>\n<p>C\u2019est gr\u00e2ce \u00e0 notre tr\u00e8s grand inventaire en planches de bois, bardeaux et plots pour faire des tables, ainsi qu\u2019\u00e0 notre bois de finition pour les chalets et maisons en pin et c\u00e8dre, qui sont populaires et qui font notre force.<\/p>\n<p><strong>Extra Maria\u00a0: Quelle est votre perception de notre milieu? <\/strong><\/p>\n<p><strong>Louis, Francine et Maxime\u00a0:<\/strong> Ici, il fait bon vivre. On a des grands espaces et une libert\u00e9 qu\u2019on n\u2019a pas ailleurs. C\u2019est un milieu parfait pour ceux qui aiment la nature.<\/p>\n<p><strong>Louis\u00a0:<\/strong> Je suis arriv\u00e9 ici \u00e0 18 ans pour \u00eatre agent de la faune et je ne suis jamais reparti&#8230; Quand je pars en voyage avec Francine, on aime retrouver notre chez-nous au retour.<\/p>\n<p>Aussi, on trouve que la rel\u00e8ve c\u2019est important. Faut encourager les jeunes!<\/p>\n<p><strong>Extra Maria\u00a0: Qu\u2019est-ce que cela repr\u00e9sente pour vous l\u2019achat local?<\/strong><\/p>\n<p><strong>Louis : <\/strong>Il faut acheter plus dans notre milieu pour garder notre milieu vivant m\u00eame si cela demande parfois d\u2019acheter un peu plus cher, car \u00e7a permet de payer notre monde avec un salaire d\u00e9cent et acceptable. Moi, acheter des affaires sur Internet aupr\u00e8s des g\u00e9ants du web, c\u2019est non. Ce n\u2019est pas eux qui font vivre ma famille et les familles du coin.<\/p>\n<p><strong>Louis, Francine et Maxime\u00a0: <\/strong>Faire ses achats ici, c\u2019est participer \u00e0 cr\u00e9er et maintenir des emplois de qualit\u00e9 qui respectent des normes rigoureuses.<\/p>\n<p><strong>\u00a0<\/strong><\/p>\n<p><strong>Fran-Lou<\/strong><br \/>398, route 69<br \/>Ste-jeanne-d-\u2018Arc<br \/><a href=\"tel:4182760409\">418\u00a0276-0409<\/a><br \/><a href=\"mailto:Fran-lou.inc@hotmail.com\">Fran-lou.inc@hotmail.com<\/a><br \/><a href=\"https:\/\/lesentreprisesfran-lou.com\/\"><span style=\"text-decoration: underline;\">Lesentreprisesfran-lou.com<\/span><\/a><\/p>\n<p>[\/et_pb_text][\/et_pb_column][\/et_pb_row][\/et_pb_section]<\/p>\n","protected":false},"excerpt":{"rendered":"<p>Aujourd&rsquo;hui, on \u00e9change avec Louis Lavoie, Francine Perron et Maxime Lavoie de l&rsquo;entreprise Fran-Lou. Cette entreprise se sp\u00e9cialise dans la vente au d\u00e9tail de bois. Elle est situ\u00e9e \u00e0 Sainte-Jeanne-d&rsquo;Arc [&hellip;]<\/p>\n","protected":false},"author":2,"featured_media":4543,"comment_status":"open","ping_status":"open","sticky":false,"template":"","format":"standard","meta":{"_et_pb_use_builder":"on","_et_pb_old_content":"","_et_gb_content_width":"","_lmt_disableupdate":"","_lmt_disable":"","_price":"","_stock":"","_tribe_ticket_header":"","_tribe_default_ticket_provider":"","_tribe_ticket_capacity":"0","_ticket_start_date":"","_ticket_end_date":"","_tribe_ticket_show_description":"","_tribe_ticket_show_not_going":false,"_tribe_ticket_use_global_stock":"","_tribe_ticket_global_stock_level":"","_global_stock_mode":"","_global_stock_cap":"","_tribe_rsvp_for_event":"","_tribe_ticket_going_count":"","_tribe_ticket_not_going_count":"","_tribe_tickets_list":"[]","_tribe_ticket_has_attendee_info_fields":false,"footnotes":""},"categories":[119,1],"tags":[],"class_list":["post-4542","post","type-post","status-publish","format-standard","has-post-thumbnail","hentry","category-ambassadeurs","category-articles-achat-local-extra-maria"],"yoast_head":"<!-- This site is optimized with the Yoast SEO Premium plugin v25.9 (Yoast SEO v28.4) - https:\/\/yoast.com\/product\/yoast-seo-premium-wordpress\/ -->\n<title>Entrevue avec Louis Lavoie, Francine Perron et Maxime Lavoie de Fran-Lou - Extra Maria<\/title>\n<meta name=\"robots\" content=\"index, follow, max-snippet:-1, max-image-preview:large, max-video-preview:-1\" \/>\n<link rel=\"canonical\" href=\"https:\/\/devtntatelier.com\/jeremy\/entrevue-louis-lavoie-francine-perron-maxime-lavoie-fran-lou\/\" \/>\n<meta property=\"og:locale\" content=\"fr_FR\" \/>\n<meta property=\"og:type\" content=\"article\" \/>\n<meta property=\"og:title\" content=\"Entrevue avec Louis Lavoie, Francine Perron et Maxime Lavoie de Fran-Lou\" \/>\n<meta property=\"og:url\" content=\"https:\/\/devtntatelier.com\/jeremy\/entrevue-louis-lavoie-francine-perron-maxime-lavoie-fran-lou\/\" \/>\n<meta property=\"og:site_name\" content=\"Extra Maria\" \/>\n<meta property=\"article:published_time\" content=\"2022-11-23T10:30:25+00:00\" \/>\n<meta property=\"article:modified_time\" content=\"2022-11-30T09:45:21+00:00\" \/>\n<meta property=\"og:image\" content=\"https:\/\/devtntatelier.com\/jeremy\/wp-content\/uploads\/2022\/11\/fran-lou-bois-ste-jeanne-d-arc-maxime-lavoie-francine-perron-louis-lavoie.jpg\" \/>\n\t<meta property=\"og:image:width\" content=\"1200\" \/>\n\t<meta property=\"og:image:height\" content=\"630\" \/>\n\t<meta property=\"og:image:type\" content=\"image\/jpeg\" \/>\n<meta name=\"author\" content=\"Am\u00e9lia Fromage\" \/>\n<meta name=\"twitter:card\" content=\"summary_large_image\" \/>\n<meta name=\"twitter:label1\" content=\"\u00c9crit par\" \/>\n\t<meta name=\"twitter:data1\" content=\"Am\u00e9lia Fromage\" \/>\n<script type=\"application\/ld+json\" class=\"yoast-schema-graph\">{\"@context\":\"https:\\\/\\\/schema.org\",\"@graph\":[{\"@type\":\"Article\",\"@id\":\"https:\\\/\\\/devtntatelier.com\\\/jeremy\\\/entrevue-louis-lavoie-francine-perron-maxime-lavoie-fran-lou\\\/#article\",\"isPartOf\":{\"@id\":\"https:\\\/\\\/devtntatelier.com\\\/jeremy\\\/entrevue-louis-lavoie-francine-perron-maxime-lavoie-fran-lou\\\/\"},\"author\":{\"name\":\"Am\u00e9lia Fromage\",\"@id\":\"https:\\\/\\\/devtntatelier.com\\\/jeremy\\\/#\\\/schema\\\/person\\\/0a878778dd7d3b51f55c32fe3d0c565b\"},\"headline\":\"Entrevue avec Louis Lavoie, Francine Perron et Maxime Lavoie de Fran-Lou\",\"datePublished\":\"2022-11-23T10:30:25+00:00\",\"dateModified\":\"2022-11-30T09:45:21+00:00\",\"mainEntityOfPage\":{\"@id\":\"https:\\\/\\\/devtntatelier.com\\\/jeremy\\\/entrevue-louis-lavoie-francine-perron-maxime-lavoie-fran-lou\\\/\"},\"wordCount\":1292,\"commentCount\":0,\"image\":{\"@id\":\"https:\\\/\\\/devtntatelier.com\\\/jeremy\\\/entrevue-louis-lavoie-francine-perron-maxime-lavoie-fran-lou\\\/#primaryimage\"},\"thumbnailUrl\":\"https:\\\/\\\/devtntatelier.com\\\/jeremy\\\/wp-content\\\/uploads\\\/2022\\\/11\\\/fran-lou-bois-ste-jeanne-d-arc-maxime-lavoie-francine-perron-louis-lavoie.jpg\",\"articleSection\":[\"Ambassadeurs\",\"Tous les articles\"],\"inLanguage\":\"fr-FR\",\"potentialAction\":[{\"@type\":\"CommentAction\",\"name\":\"Comment\",\"target\":[\"https:\\\/\\\/devtntatelier.com\\\/jeremy\\\/entrevue-louis-lavoie-francine-perron-maxime-lavoie-fran-lou\\\/#respond\"]}]},{\"@type\":\"WebPage\",\"@id\":\"https:\\\/\\\/devtntatelier.com\\\/jeremy\\\/entrevue-louis-lavoie-francine-perron-maxime-lavoie-fran-lou\\\/\",\"url\":\"https:\\\/\\\/devtntatelier.com\\\/jeremy\\\/entrevue-louis-lavoie-francine-perron-maxime-lavoie-fran-lou\\\/\",\"name\":\"Entrevue avec Louis Lavoie, Francine Perron et Maxime Lavoie de Fran-Lou - Extra Maria\",\"isPartOf\":{\"@id\":\"https:\\\/\\\/devtntatelier.com\\\/jeremy\\\/#website\"},\"primaryImageOfPage\":{\"@id\":\"https:\\\/\\\/devtntatelier.com\\\/jeremy\\\/entrevue-louis-lavoie-francine-perron-maxime-lavoie-fran-lou\\\/#primaryimage\"},\"image\":{\"@id\":\"https:\\\/\\\/devtntatelier.com\\\/jeremy\\\/entrevue-louis-lavoie-francine-perron-maxime-lavoie-fran-lou\\\/#primaryimage\"},\"thumbnailUrl\":\"https:\\\/\\\/devtntatelier.com\\\/jeremy\\\/wp-content\\\/uploads\\\/2022\\\/11\\\/fran-lou-bois-ste-jeanne-d-arc-maxime-lavoie-francine-perron-louis-lavoie.jpg\",\"datePublished\":\"2022-11-23T10:30:25+00:00\",\"dateModified\":\"2022-11-30T09:45:21+00:00\",\"author\":{\"@id\":\"https:\\\/\\\/devtntatelier.com\\\/jeremy\\\/#\\\/schema\\\/person\\\/0a878778dd7d3b51f55c32fe3d0c565b\"},\"breadcrumb\":{\"@id\":\"https:\\\/\\\/devtntatelier.com\\\/jeremy\\\/entrevue-louis-lavoie-francine-perron-maxime-lavoie-fran-lou\\\/#breadcrumb\"},\"inLanguage\":\"fr-FR\",\"potentialAction\":[{\"@type\":\"ReadAction\",\"target\":[\"https:\\\/\\\/devtntatelier.com\\\/jeremy\\\/entrevue-louis-lavoie-francine-perron-maxime-lavoie-fran-lou\\\/\"]}]},{\"@type\":\"ImageObject\",\"inLanguage\":\"fr-FR\",\"@id\":\"https:\\\/\\\/devtntatelier.com\\\/jeremy\\\/entrevue-louis-lavoie-francine-perron-maxime-lavoie-fran-lou\\\/#primaryimage\",\"url\":\"https:\\\/\\\/devtntatelier.com\\\/jeremy\\\/wp-content\\\/uploads\\\/2022\\\/11\\\/fran-lou-bois-ste-jeanne-d-arc-maxime-lavoie-francine-perron-louis-lavoie.jpg\",\"contentUrl\":\"https:\\\/\\\/devtntatelier.com\\\/jeremy\\\/wp-content\\\/uploads\\\/2022\\\/11\\\/fran-lou-bois-ste-jeanne-d-arc-maxime-lavoie-francine-perron-louis-lavoie.jpg\",\"width\":1200,\"height\":630},{\"@type\":\"BreadcrumbList\",\"@id\":\"https:\\\/\\\/devtntatelier.com\\\/jeremy\\\/entrevue-louis-lavoie-francine-perron-maxime-lavoie-fran-lou\\\/#breadcrumb\",\"itemListElement\":[{\"@type\":\"ListItem\",\"position\":1,\"name\":\"Accueil\",\"item\":\"https:\\\/\\\/devtntatelier.com\\\/jeremy\\\/\"},{\"@type\":\"ListItem\",\"position\":2,\"name\":\"Entrevue avec Louis Lavoie, Francine Perron et Maxime Lavoie de Fran-Lou\"}]},{\"@type\":\"WebSite\",\"@id\":\"https:\\\/\\\/devtntatelier.com\\\/jeremy\\\/#website\",\"url\":\"https:\\\/\\\/devtntatelier.com\\\/jeremy\\\/\",\"name\":\"Extra Maria\",\"description\":\"Blogue - D\u00e9couvertes locales et achat local\",\"potentialAction\":[{\"@type\":\"SearchAction\",\"target\":{\"@type\":\"EntryPoint\",\"urlTemplate\":\"https:\\\/\\\/devtntatelier.com\\\/jeremy\\\/?s={search_term_string}\"},\"query-input\":{\"@type\":\"PropertyValueSpecification\",\"valueRequired\":true,\"valueName\":\"search_term_string\"}}],\"inLanguage\":\"fr-FR\"},{\"@type\":\"Person\",\"@id\":\"https:\\\/\\\/devtntatelier.com\\\/jeremy\\\/#\\\/schema\\\/person\\\/0a878778dd7d3b51f55c32fe3d0c565b\",\"name\":\"Am\u00e9lia Fromage\",\"image\":{\"@type\":\"ImageObject\",\"inLanguage\":\"fr-FR\",\"@id\":\"https:\\\/\\\/secure.gravatar.com\\\/avatar\\\/a89f2060bca3721d4e33f490e22f18c0ca3155a6e14f9b4f5566b298215bc3c0?s=96&d=mm&r=g\",\"url\":\"https:\\\/\\\/secure.gravatar.com\\\/avatar\\\/a89f2060bca3721d4e33f490e22f18c0ca3155a6e14f9b4f5566b298215bc3c0?s=96&d=mm&r=g\",\"contentUrl\":\"https:\\\/\\\/secure.gravatar.com\\\/avatar\\\/a89f2060bca3721d4e33f490e22f18c0ca3155a6e14f9b4f5566b298215bc3c0?s=96&d=mm&r=g\",\"caption\":\"Am\u00e9lia Fromage\"},\"description\":\"De nature curieuse, j\u2019aime d\u00e9couvrir de nouvelles choses et en parler autour de moi. Mes deux passions : jardiner et manger du chocolat\u2026 (peut-\u00eatre qu\u2019un jour, je serai capable de faire pousser du chocolat, haha). Sinon, quoi vous dire? Ah oui! Par mon travail \u00e0 la SADC Maria-Chapdelaine, je suis en contact avec beaucoup d\u2019entrepreneurs et me donne comme mission de vous partager leurs bons coups et vous donner le go\u00fbt d\u2019acheter local. Parce que chaque petit geste compte pour faire une diff\u00e9rence. Bonne lecture!\",\"sameAs\":[\"https:\\\/\\\/sadcmaria.qc.ca\"],\"url\":\"https:\\\/\\\/devtntatelier.com\\\/jeremy\\\/author\\\/amelia\\\/\"}]}<\/script>\n<!-- \/ Yoast SEO Premium plugin. -->","yoast_head_json":{"title":"Entrevue avec Louis Lavoie, Francine Perron et Maxime Lavoie de Fran-Lou - Extra Maria","robots":{"index":"index","follow":"follow","max-snippet":"max-snippet:-1","max-image-preview":"max-image-preview:large","max-video-preview":"max-video-preview:-1"},"canonical":"https:\/\/devtntatelier.com\/jeremy\/entrevue-louis-lavoie-francine-perron-maxime-lavoie-fran-lou\/","og_locale":"fr_FR","og_type":"article","og_title":"Entrevue avec Louis Lavoie, Francine Perron et Maxime Lavoie de Fran-Lou","og_url":"https:\/\/devtntatelier.com\/jeremy\/entrevue-louis-lavoie-francine-perron-maxime-lavoie-fran-lou\/","og_site_name":"Extra Maria","article_published_time":"2022-11-23T10:30:25+00:00","article_modified_time":"2022-11-30T09:45:21+00:00","og_image":[{"width":1200,"height":630,"url":"https:\/\/devtntatelier.com\/jeremy\/wp-content\/uploads\/2022\/11\/fran-lou-bois-ste-jeanne-d-arc-maxime-lavoie-francine-perron-louis-lavoie.jpg","type":"image\/jpeg"}],"author":"Am\u00e9lia Fromage","twitter_card":"summary_large_image","twitter_misc":{"\u00c9crit par":"Am\u00e9lia Fromage"},"schema":{"@context":"https:\/\/schema.org","@graph":[{"@type":"Article","@id":"https:\/\/devtntatelier.com\/jeremy\/entrevue-louis-lavoie-francine-perron-maxime-lavoie-fran-lou\/#article","isPartOf":{"@id":"https:\/\/devtntatelier.com\/jeremy\/entrevue-louis-lavoie-francine-perron-maxime-lavoie-fran-lou\/"},"author":{"name":"Am\u00e9lia Fromage","@id":"https:\/\/devtntatelier.com\/jeremy\/#\/schema\/person\/0a878778dd7d3b51f55c32fe3d0c565b"},"headline":"Entrevue avec Louis Lavoie, Francine Perron et Maxime Lavoie de Fran-Lou","datePublished":"2022-11-23T10:30:25+00:00","dateModified":"2022-11-30T09:45:21+00:00","mainEntityOfPage":{"@id":"https:\/\/devtntatelier.com\/jeremy\/entrevue-louis-lavoie-francine-perron-maxime-lavoie-fran-lou\/"},"wordCount":1292,"commentCount":0,"image":{"@id":"https:\/\/devtntatelier.com\/jeremy\/entrevue-louis-lavoie-francine-perron-maxime-lavoie-fran-lou\/#primaryimage"},"thumbnailUrl":"https:\/\/devtntatelier.com\/jeremy\/wp-content\/uploads\/2022\/11\/fran-lou-bois-ste-jeanne-d-arc-maxime-lavoie-francine-perron-louis-lavoie.jpg","articleSection":["Ambassadeurs","Tous les articles"],"inLanguage":"fr-FR","potentialAction":[{"@type":"CommentAction","name":"Comment","target":["https:\/\/devtntatelier.com\/jeremy\/entrevue-louis-lavoie-francine-perron-maxime-lavoie-fran-lou\/#respond"]}]},{"@type":"WebPage","@id":"https:\/\/devtntatelier.com\/jeremy\/entrevue-louis-lavoie-francine-perron-maxime-lavoie-fran-lou\/","url":"https:\/\/devtntatelier.com\/jeremy\/entrevue-louis-lavoie-francine-perron-maxime-lavoie-fran-lou\/","name":"Entrevue avec Louis Lavoie, Francine Perron et Maxime Lavoie de Fran-Lou - Extra Maria","isPartOf":{"@id":"https:\/\/devtntatelier.com\/jeremy\/#website"},"primaryImageOfPage":{"@id":"https:\/\/devtntatelier.com\/jeremy\/entrevue-louis-lavoie-francine-perron-maxime-lavoie-fran-lou\/#primaryimage"},"image":{"@id":"https:\/\/devtntatelier.com\/jeremy\/entrevue-louis-lavoie-francine-perron-maxime-lavoie-fran-lou\/#primaryimage"},"thumbnailUrl":"https:\/\/devtntatelier.com\/jeremy\/wp-content\/uploads\/2022\/11\/fran-lou-bois-ste-jeanne-d-arc-maxime-lavoie-francine-perron-louis-lavoie.jpg","datePublished":"2022-11-23T10:30:25+00:00","dateModified":"2022-11-30T09:45:21+00:00","author":{"@id":"https:\/\/devtntatelier.com\/jeremy\/#\/schema\/person\/0a878778dd7d3b51f55c32fe3d0c565b"},"breadcrumb":{"@id":"https:\/\/devtntatelier.com\/jeremy\/entrevue-louis-lavoie-francine-perron-maxime-lavoie-fran-lou\/#breadcrumb"},"inLanguage":"fr-FR","potentialAction":[{"@type":"ReadAction","target":["https:\/\/devtntatelier.com\/jeremy\/entrevue-louis-lavoie-francine-perron-maxime-lavoie-fran-lou\/"]}]},{"@type":"ImageObject","inLanguage":"fr-FR","@id":"https:\/\/devtntatelier.com\/jeremy\/entrevue-louis-lavoie-francine-perron-maxime-lavoie-fran-lou\/#primaryimage","url":"https:\/\/devtntatelier.com\/jeremy\/wp-content\/uploads\/2022\/11\/fran-lou-bois-ste-jeanne-d-arc-maxime-lavoie-francine-perron-louis-lavoie.jpg","contentUrl":"https:\/\/devtntatelier.com\/jeremy\/wp-content\/uploads\/2022\/11\/fran-lou-bois-ste-jeanne-d-arc-maxime-lavoie-francine-perron-louis-lavoie.jpg","width":1200,"height":630},{"@type":"BreadcrumbList","@id":"https:\/\/devtntatelier.com\/jeremy\/entrevue-louis-lavoie-francine-perron-maxime-lavoie-fran-lou\/#breadcrumb","itemListElement":[{"@type":"ListItem","position":1,"name":"Accueil","item":"https:\/\/devtntatelier.com\/jeremy\/"},{"@type":"ListItem","position":2,"name":"Entrevue avec Louis Lavoie, Francine Perron et Maxime Lavoie de Fran-Lou"}]},{"@type":"WebSite","@id":"https:\/\/devtntatelier.com\/jeremy\/#website","url":"https:\/\/devtntatelier.com\/jeremy\/","name":"Extra Maria","description":"Blogue - D\u00e9couvertes locales et achat local","potentialAction":[{"@type":"SearchAction","target":{"@type":"EntryPoint","urlTemplate":"https:\/\/devtntatelier.com\/jeremy\/?s={search_term_string}"},"query-input":{"@type":"PropertyValueSpecification","valueRequired":true,"valueName":"search_term_string"}}],"inLanguage":"fr-FR"},{"@type":"Person","@id":"https:\/\/devtntatelier.com\/jeremy\/#\/schema\/person\/0a878778dd7d3b51f55c32fe3d0c565b","name":"Am\u00e9lia Fromage","image":{"@type":"ImageObject","inLanguage":"fr-FR","@id":"https:\/\/secure.gravatar.com\/avatar\/a89f2060bca3721d4e33f490e22f18c0ca3155a6e14f9b4f5566b298215bc3c0?s=96&d=mm&r=g","url":"https:\/\/secure.gravatar.com\/avatar\/a89f2060bca3721d4e33f490e22f18c0ca3155a6e14f9b4f5566b298215bc3c0?s=96&d=mm&r=g","contentUrl":"https:\/\/secure.gravatar.com\/avatar\/a89f2060bca3721d4e33f490e22f18c0ca3155a6e14f9b4f5566b298215bc3c0?s=96&d=mm&r=g","caption":"Am\u00e9lia Fromage"},"description":"De nature curieuse, j\u2019aime d\u00e9couvrir de nouvelles choses et en parler autour de moi. Mes deux passions : jardiner et manger du chocolat\u2026 (peut-\u00eatre qu\u2019un jour, je serai capable de faire pousser du chocolat, haha). Sinon, quoi vous dire? Ah oui! Par mon travail \u00e0 la SADC Maria-Chapdelaine, je suis en contact avec beaucoup d\u2019entrepreneurs et me donne comme mission de vous partager leurs bons coups et vous donner le go\u00fbt d\u2019acheter local. Parce que chaque petit geste compte pour faire une diff\u00e9rence. Bonne lecture!","sameAs":["https:\/\/sadcmaria.qc.ca"],"url":"https:\/\/devtntatelier.com\/jeremy\/author\/amelia\/"}]}},"modified_by":"Am\u00e9lia Fromage","_links":{"self":[{"href":"https:\/\/devtntatelier.com\/jeremy\/wp-json\/wp\/v2\/posts\/4542","targetHints":{"allow":["GET"]}}],"collection":[{"href":"https:\/\/devtntatelier.com\/jeremy\/wp-json\/wp\/v2\/posts"}],"about":[{"href":"https:\/\/devtntatelier.com\/jeremy\/wp-json\/wp\/v2\/types\/post"}],"author":[{"embeddable":true,"href":"https:\/\/devtntatelier.com\/jeremy\/wp-json\/wp\/v2\/users\/2"}],"replies":[{"embeddable":true,"href":"https:\/\/devtntatelier.com\/jeremy\/wp-json\/wp\/v2\/comments?post=4542"}],"version-history":[{"count":0,"href":"https:\/\/devtntatelier.com\/jeremy\/wp-json\/wp\/v2\/posts\/4542\/revisions"}],"wp:featuredmedia":[{"embeddable":true,"href":"https:\/\/devtntatelier.com\/jeremy\/wp-json\/wp\/v2\/media\/4543"}],"wp:attachment":[{"href":"https:\/\/devtntatelier.com\/jeremy\/wp-json\/wp\/v2\/media?parent=4542"}],"wp:term":[{"taxonomy":"category","embeddable":true,"href":"https:\/\/devtntatelier.com\/jeremy\/wp-json\/wp\/v2\/categories?post=4542"},{"taxonomy":"post_tag","embeddable":true,"href":"https:\/\/devtntatelier.com\/jeremy\/wp-json\/wp\/v2\/tags?post=4542"}],"curies":[{"name":"wp","href":"https:\/\/api.w.org\/{rel}","templated":true}]}}