{"id":4527,"date":"2022-11-16T05:55:56","date_gmt":"2022-11-16T10:55:56","guid":{"rendered":"https:\/\/devtntatelier.com\/jeremy\/?p=4527"},"modified":"2022-11-21T15:26:30","modified_gmt":"2022-11-21T20:26:30","slug":"entrevue-melissa-bellemare-l-atelier-du-fil","status":"publish","type":"post","link":"https:\/\/devtntatelier.com\/jeremy\/entrevue-melissa-bellemare-l-atelier-du-fil\/","title":{"rendered":"Entrevue avec M\u00e9lissa Bellemare de L&rsquo;atelier du fil"},"content":{"rendered":"<p>[et_pb_section fb_built=\u00a0\u00bb1&Prime; _builder_version=\u00a0\u00bb4.18.0&Prime; _module_preset=\u00a0\u00bbdefault\u00a0\u00bb global_colors_info=\u00a0\u00bb{}\u00a0\u00bb][et_pb_row _builder_version=\u00a0\u00bb4.18.0&Prime; _module_preset=\u00a0\u00bbdefault\u00a0\u00bb global_colors_info=\u00a0\u00bb{}\u00a0\u00bb][et_pb_column type=\u00a0\u00bb4_4&Prime; _builder_version=\u00a0\u00bb4.18.0&Prime; _module_preset=\u00a0\u00bbdefault\u00a0\u00bb global_colors_info=\u00a0\u00bb{}\u00a0\u00bb][et_pb_text _builder_version=\u00a0\u00bb4.18.0&Prime; _module_preset=\u00a0\u00bbdefault\u00a0\u00bb global_colors_info=\u00a0\u00bb{}\u00a0\u00bb]<\/p>\n<p>Cette semaine, on \u00e9change avec la charmante M\u00e9lissa Bellemare, propri\u00e9taire de <span style=\"text-decoration: underline;\"><a href=\"https:\/\/www.latelierdufil.com\/\">L\u2019atelier du fil<\/a><\/span>, une entreprise qui se sp\u00e9cialise dans les services de couture, et de vente de tissus et accessoires de couture \u00e0 Dolbeau-Mistassini.<\/p>\n<p><strong>Extra Maria\u00a0: M\u00e9lissa, comment te d\u00e9crirais-tu comme personne?<\/strong><\/p>\n<p><strong>M\u00e9lissa :\u00a0<\/strong>Je pourrais dire que je suis une personne authentique, passionn\u00e9e, cr\u00e9ative et dynamique. Je fais de la couture depuis 25 ans, depuis que j\u2019ai 8 ans&#8230; Des id\u00e9es de projet, j\u2019en ai!<\/p>\n<p><strong>Extra Maria\u00a0: Quelles sont tes valeurs?<\/strong><\/p>\n<p><strong>M\u00e9lissa :\u00a0<\/strong>Mes valeurs sont la famille, l\u2019entraide, l\u2019autonomie et l\u2019honn\u00eatet\u00e9. Elles me guident dans ma vie personnelle mais aussi dans ma vie professionnelle, en tant qu\u2019entrepreneure.<\/p>\n<p><strong>Extra Maria\u00a0: Qu\u2019est-ce que tu aimes faire dans la vie?<\/strong><\/p>\n<p><strong>M\u00e9lissa :\u00a0<\/strong>Je suis quelqu\u2019un de tr\u00e8s manuel. J\u2019aime les arts cr\u00e9atifs sous toutes leurs formes (dessins, bijoux, couture). J\u2019aime aussi les jeux de soci\u00e9t\u00e9. Enfin, j\u2019aime le plein air.<\/p>\n<p>On a un chalet \u00e0 Girardville. J\u2019aime y aller. \u00c7a me permet de d\u00e9crocher.<\/p>\n<p><strong>Extra Maria\u00a0: Qu\u2019est-ce qui t\u2019a pouss\u00e9 \u00e0 te lancer en affaires?<\/strong><\/p>\n<p><strong>M\u00e9lissa :\u00a0<\/strong>Avoir mon entreprise \u00e0 m\u00eame ma maison me permet de concilier travail et vie de famille. \u00c7a me permet aussi d\u2019avoir une souplesse par rapport \u00e0 l\u2019horaire au besoin et de vivre de ma passion qu\u2019est la couture.<\/p>\n<p>J\u2019ai toujours aim\u00e9 la couture&#8230; Et, avec tous les m\u00e9tiers que j\u2019ai fait avant d\u2019ouvrir L\u2019atelier du fil (d\u00e9coratrice int\u00e9rieure, \u00e9b\u00e9niste), je savais que je voulais avoir mon entreprise. Je suis une fille de d\u00e9fi et j\u2019ai toujours eu le go\u00fbt d\u2019avoir mon commerce.<\/p>\n<p>En plus, on peut dire que le quotidien d\u2019un entrepreneur, ce n\u2019est jamais pareil d\u2019une journ\u00e9e \u00e0 l\u2019autre&#8230; On ne s\u2019ennuie pas. (rire)<\/p>\n<p><strong>Extra Maria\u00a0: Pr\u00e9sente-nous ton entreprise en quelques mots.<\/strong><\/p>\n<p><strong>M\u00e9lissa :\u00a0<\/strong>L\u2019entreprise de couture et de vente de tissus existe depuis 1947. Je l\u2019ai rachet\u00e9 en 2014, cela fait d\u00e9j\u00e0 8 ans et derni\u00e8rement nous avons commenc\u00e9 \u00e0 vendre en ligne. Nous nous sp\u00e9cialisons dans le recouvrement de petits meubles et de si\u00e8ges pour les campeurs, plaisanciers, quadistes, motoneigistes\u2026 Nous faisons aussi de la r\u00e9paration de v\u00eatements et parfois quelques projets adapt\u00e9s sur mesure.<\/p>\n<p>\u00c0 la boutique, on vous accompagne dans vos id\u00e9es et on prend les mesures. On vous propose un grand choix de tissus et de mat\u00e9riaux que vous pouvez toucher. On vous conseille dans vos choix pour que vous trouviez le bon tissu, les bons accessoires et on peut m\u00eame vous donner des trucs quand vous \u00eates bloqu\u00e9s dans vos projets de couture. On a aussi une boutique en ligne : <a href=\"https:\/\/www.latelierdufil.com\/\"><span style=\"text-decoration: underline;\">latelierdufil.com<\/span><\/a>.<\/p>\n<p><strong>Extra Maria\u00a0: Nomme-nous une r\u00e9alisation dont tu es fier.<\/strong><\/p>\n<p><strong>M\u00e9lissa :\u00a0<\/strong>Je suis fi\u00e8re de l\u2019impact qu\u2019on peut avoir dans le milieu m\u00eame \u00e0 petite \u00e9chelle. Nous avons d\u00e9j\u00e0 donn\u00e9 des machines \u00e0 coudre \u00e0 des gens ayant peu de moyens financiers. Nous avons donn\u00e9 \u00e9galement des tissus \u00e0 des \u00e9coles pour les arts plastiques.<\/p>\n<p>Chaque ann\u00e9e, j\u2019ai aussi un ou deux contrats de plus grande envergure. J\u2019ai notamment fait de la couture pour des artistes qui ont fait le cirque du soleil, 80 banquettes pour des chambres de l\u2019H\u00f4tel Concorde Qu\u00e9bec, et les rideaux des camps forestiers de Produits Forestier R\u00e9solu.<\/p>\n<p><strong>Extra Maria\u00a0: Quelle est ta perception de notre milieu?<\/strong><\/p>\n<p><strong>M\u00e9lissa :\u00a0<\/strong>Je trouve qu\u2019on a un beau milieu ici \u00e0 Dolbeau-Mistassini. Les gens sont sympathiques et proches du milieu. D\u2019ailleurs beaucoup de touristes le disent.<\/p>\n<p>Il faut continuer de s\u2019aider et de s\u2019entraider, d\u2019\u00eatre solidaire envers les commerces locaux. Si on ach\u00e8te toute en ligne (sauf si c\u2019est des boutiques locales), on risque de fermer. \u00c7a va \u00eatre plate dans nos milieux!<\/p>\n<p><strong>Extra Maria\u00a0: Qu\u2019est-ce que cela repr\u00e9sente pour toi l\u2019achat local?<\/strong><\/p>\n<p><strong>M\u00e9lissa\u00a0: <\/strong>Acheter local, c\u2019est garder des services personnalis\u00e9s \u00e0 proximit\u00e9!<\/p>\n<p>&nbsp;<\/p>\n<p>L\u2019atelier du fil<br \/>41 rue de Quen, Dolbeau-Mistassini<br \/><a href=\"tel:4182762123\">418\u00a0276-2123<\/a><br \/>Boutique en ligne\u00a0: <span style=\"text-decoration: underline;\"><a href=\"https:\/\/www.latelierdufil.com\/\">https:\/\/www.latelierdufil.com\/<\/a><\/span><br \/>Page Facebook\u00a0: <span style=\"text-decoration: underline;\"><a href=\"https:\/\/www.facebook.com\/latelierdufil\/\">https:\/\/www.facebook.com\/latelierdufil\/<\/a><\/span><\/p>\n<p>[\/et_pb_text][\/et_pb_column][\/et_pb_row][\/et_pb_section]<\/p>\n","protected":false},"excerpt":{"rendered":"<p>Cette semaine, on \u00e9change avec la charmante M\u00e9lissa Bellemare, propri\u00e9taire de L\u2019atelier du fil, une entreprise qui se sp\u00e9cialise dans les services de couture, et de vente de tissus et [&hellip;]<\/p>\n","protected":false},"author":2,"featured_media":4528,"comment_status":"open","ping_status":"closed","sticky":false,"template":"","format":"standard","meta":{"_et_pb_use_builder":"on","_et_pb_old_content":"","_et_gb_content_width":"","_lmt_disableupdate":"","_lmt_disable":"","_price":"","_stock":"","_tribe_ticket_header":"","_tribe_default_ticket_provider":"","_tribe_ticket_capacity":"0","_ticket_start_date":"","_ticket_end_date":"","_tribe_ticket_show_description":"","_tribe_ticket_show_not_going":false,"_tribe_ticket_use_global_stock":"","_tribe_ticket_global_stock_level":"","_global_stock_mode":"","_global_stock_cap":"","_tribe_rsvp_for_event":"","_tribe_ticket_going_count":"","_tribe_ticket_not_going_count":"","_tribe_tickets_list":"[]","_tribe_ticket_has_attendee_info_fields":false,"footnotes":""},"categories":[119,1],"tags":[],"class_list":["post-4527","post","type-post","status-publish","format-standard","has-post-thumbnail","hentry","category-ambassadeurs","category-articles-achat-local-extra-maria"],"yoast_head":"<!-- This site is optimized with the Yoast SEO Premium plugin v25.9 (Yoast SEO v28.4) - https:\/\/yoast.com\/product\/yoast-seo-premium-wordpress\/ -->\n<title>Entrevue avec M\u00e9lissa Bellemare de L&#039;atelier du fil - Extra Maria<\/title>\n<meta name=\"robots\" content=\"index, follow, max-snippet:-1, max-image-preview:large, max-video-preview:-1\" \/>\n<link rel=\"canonical\" href=\"https:\/\/devtntatelier.com\/jeremy\/entrevue-melissa-bellemare-l-atelier-du-fil\/\" \/>\n<meta property=\"og:locale\" content=\"fr_FR\" \/>\n<meta property=\"og:type\" content=\"article\" \/>\n<meta property=\"og:title\" content=\"Entrevue avec M\u00e9lissa Bellemare de L&#039;atelier du fil\" \/>\n<meta property=\"og:url\" content=\"https:\/\/devtntatelier.com\/jeremy\/entrevue-melissa-bellemare-l-atelier-du-fil\/\" \/>\n<meta property=\"og:site_name\" content=\"Extra Maria\" \/>\n<meta property=\"article:published_time\" content=\"2022-11-16T10:55:56+00:00\" \/>\n<meta property=\"article:modified_time\" content=\"2022-11-21T20:26:30+00:00\" \/>\n<meta property=\"og:image\" content=\"https:\/\/devtntatelier.com\/jeremy\/wp-content\/uploads\/2022\/11\/melissa-bellemare-l-atelier-du-fil.jpg\" \/>\n\t<meta property=\"og:image:width\" content=\"1200\" \/>\n\t<meta property=\"og:image:height\" content=\"630\" \/>\n\t<meta property=\"og:image:type\" content=\"image\/jpeg\" \/>\n<meta name=\"author\" content=\"Am\u00e9lia Fromage\" \/>\n<meta name=\"twitter:card\" content=\"summary_large_image\" \/>\n<meta name=\"twitter:label1\" content=\"\u00c9crit par\" \/>\n\t<meta name=\"twitter:data1\" content=\"Am\u00e9lia Fromage\" \/>\n<script type=\"application\/ld+json\" class=\"yoast-schema-graph\">{\"@context\":\"https:\\\/\\\/schema.org\",\"@graph\":[{\"@type\":\"Article\",\"@id\":\"https:\\\/\\\/devtntatelier.com\\\/jeremy\\\/entrevue-melissa-bellemare-l-atelier-du-fil\\\/#article\",\"isPartOf\":{\"@id\":\"https:\\\/\\\/devtntatelier.com\\\/jeremy\\\/entrevue-melissa-bellemare-l-atelier-du-fil\\\/\"},\"author\":{\"name\":\"Am\u00e9lia Fromage\",\"@id\":\"https:\\\/\\\/devtntatelier.com\\\/jeremy\\\/#\\\/schema\\\/person\\\/0a878778dd7d3b51f55c32fe3d0c565b\"},\"headline\":\"Entrevue avec M\u00e9lissa Bellemare de L&rsquo;atelier du fil\",\"datePublished\":\"2022-11-16T10:55:56+00:00\",\"dateModified\":\"2022-11-21T20:26:30+00:00\",\"mainEntityOfPage\":{\"@id\":\"https:\\\/\\\/devtntatelier.com\\\/jeremy\\\/entrevue-melissa-bellemare-l-atelier-du-fil\\\/\"},\"wordCount\":783,\"commentCount\":0,\"image\":{\"@id\":\"https:\\\/\\\/devtntatelier.com\\\/jeremy\\\/entrevue-melissa-bellemare-l-atelier-du-fil\\\/#primaryimage\"},\"thumbnailUrl\":\"https:\\\/\\\/devtntatelier.com\\\/jeremy\\\/wp-content\\\/uploads\\\/2022\\\/11\\\/melissa-bellemare-l-atelier-du-fil.jpg\",\"articleSection\":[\"Ambassadeurs\",\"Tous les articles\"],\"inLanguage\":\"fr-FR\",\"potentialAction\":[{\"@type\":\"CommentAction\",\"name\":\"Comment\",\"target\":[\"https:\\\/\\\/devtntatelier.com\\\/jeremy\\\/entrevue-melissa-bellemare-l-atelier-du-fil\\\/#respond\"]}]},{\"@type\":\"WebPage\",\"@id\":\"https:\\\/\\\/devtntatelier.com\\\/jeremy\\\/entrevue-melissa-bellemare-l-atelier-du-fil\\\/\",\"url\":\"https:\\\/\\\/devtntatelier.com\\\/jeremy\\\/entrevue-melissa-bellemare-l-atelier-du-fil\\\/\",\"name\":\"Entrevue avec M\u00e9lissa Bellemare de L'atelier du fil - Extra Maria\",\"isPartOf\":{\"@id\":\"https:\\\/\\\/devtntatelier.com\\\/jeremy\\\/#website\"},\"primaryImageOfPage\":{\"@id\":\"https:\\\/\\\/devtntatelier.com\\\/jeremy\\\/entrevue-melissa-bellemare-l-atelier-du-fil\\\/#primaryimage\"},\"image\":{\"@id\":\"https:\\\/\\\/devtntatelier.com\\\/jeremy\\\/entrevue-melissa-bellemare-l-atelier-du-fil\\\/#primaryimage\"},\"thumbnailUrl\":\"https:\\\/\\\/devtntatelier.com\\\/jeremy\\\/wp-content\\\/uploads\\\/2022\\\/11\\\/melissa-bellemare-l-atelier-du-fil.jpg\",\"datePublished\":\"2022-11-16T10:55:56+00:00\",\"dateModified\":\"2022-11-21T20:26:30+00:00\",\"author\":{\"@id\":\"https:\\\/\\\/devtntatelier.com\\\/jeremy\\\/#\\\/schema\\\/person\\\/0a878778dd7d3b51f55c32fe3d0c565b\"},\"breadcrumb\":{\"@id\":\"https:\\\/\\\/devtntatelier.com\\\/jeremy\\\/entrevue-melissa-bellemare-l-atelier-du-fil\\\/#breadcrumb\"},\"inLanguage\":\"fr-FR\",\"potentialAction\":[{\"@type\":\"ReadAction\",\"target\":[\"https:\\\/\\\/devtntatelier.com\\\/jeremy\\\/entrevue-melissa-bellemare-l-atelier-du-fil\\\/\"]}]},{\"@type\":\"ImageObject\",\"inLanguage\":\"fr-FR\",\"@id\":\"https:\\\/\\\/devtntatelier.com\\\/jeremy\\\/entrevue-melissa-bellemare-l-atelier-du-fil\\\/#primaryimage\",\"url\":\"https:\\\/\\\/devtntatelier.com\\\/jeremy\\\/wp-content\\\/uploads\\\/2022\\\/11\\\/melissa-bellemare-l-atelier-du-fil.jpg\",\"contentUrl\":\"https:\\\/\\\/devtntatelier.com\\\/jeremy\\\/wp-content\\\/uploads\\\/2022\\\/11\\\/melissa-bellemare-l-atelier-du-fil.jpg\",\"width\":1200,\"height\":630,\"caption\":\"M\u00e9lissa Bellemare propri\u00e9taire de l'atelier du fil\"},{\"@type\":\"BreadcrumbList\",\"@id\":\"https:\\\/\\\/devtntatelier.com\\\/jeremy\\\/entrevue-melissa-bellemare-l-atelier-du-fil\\\/#breadcrumb\",\"itemListElement\":[{\"@type\":\"ListItem\",\"position\":1,\"name\":\"Accueil\",\"item\":\"https:\\\/\\\/devtntatelier.com\\\/jeremy\\\/\"},{\"@type\":\"ListItem\",\"position\":2,\"name\":\"Entrevue avec M\u00e9lissa Bellemare de L&#8217;atelier du fil\"}]},{\"@type\":\"WebSite\",\"@id\":\"https:\\\/\\\/devtntatelier.com\\\/jeremy\\\/#website\",\"url\":\"https:\\\/\\\/devtntatelier.com\\\/jeremy\\\/\",\"name\":\"Extra Maria\",\"description\":\"Blogue - D\u00e9couvertes locales et achat local\",\"potentialAction\":[{\"@type\":\"SearchAction\",\"target\":{\"@type\":\"EntryPoint\",\"urlTemplate\":\"https:\\\/\\\/devtntatelier.com\\\/jeremy\\\/?s={search_term_string}\"},\"query-input\":{\"@type\":\"PropertyValueSpecification\",\"valueRequired\":true,\"valueName\":\"search_term_string\"}}],\"inLanguage\":\"fr-FR\"},{\"@type\":\"Person\",\"@id\":\"https:\\\/\\\/devtntatelier.com\\\/jeremy\\\/#\\\/schema\\\/person\\\/0a878778dd7d3b51f55c32fe3d0c565b\",\"name\":\"Am\u00e9lia Fromage\",\"image\":{\"@type\":\"ImageObject\",\"inLanguage\":\"fr-FR\",\"@id\":\"https:\\\/\\\/secure.gravatar.com\\\/avatar\\\/a89f2060bca3721d4e33f490e22f18c0ca3155a6e14f9b4f5566b298215bc3c0?s=96&d=mm&r=g\",\"url\":\"https:\\\/\\\/secure.gravatar.com\\\/avatar\\\/a89f2060bca3721d4e33f490e22f18c0ca3155a6e14f9b4f5566b298215bc3c0?s=96&d=mm&r=g\",\"contentUrl\":\"https:\\\/\\\/secure.gravatar.com\\\/avatar\\\/a89f2060bca3721d4e33f490e22f18c0ca3155a6e14f9b4f5566b298215bc3c0?s=96&d=mm&r=g\",\"caption\":\"Am\u00e9lia Fromage\"},\"description\":\"De nature curieuse, j\u2019aime d\u00e9couvrir de nouvelles choses et en parler autour de moi. Mes deux passions : jardiner et manger du chocolat\u2026 (peut-\u00eatre qu\u2019un jour, je serai capable de faire pousser du chocolat, haha). Sinon, quoi vous dire? Ah oui! Par mon travail \u00e0 la SADC Maria-Chapdelaine, je suis en contact avec beaucoup d\u2019entrepreneurs et me donne comme mission de vous partager leurs bons coups et vous donner le go\u00fbt d\u2019acheter local. Parce que chaque petit geste compte pour faire une diff\u00e9rence. Bonne lecture!\",\"sameAs\":[\"https:\\\/\\\/sadcmaria.qc.ca\"],\"url\":\"https:\\\/\\\/devtntatelier.com\\\/jeremy\\\/author\\\/amelia\\\/\"}]}<\/script>\n<!-- \/ Yoast SEO Premium plugin. -->","yoast_head_json":{"title":"Entrevue avec M\u00e9lissa Bellemare de L'atelier du fil - Extra Maria","robots":{"index":"index","follow":"follow","max-snippet":"max-snippet:-1","max-image-preview":"max-image-preview:large","max-video-preview":"max-video-preview:-1"},"canonical":"https:\/\/devtntatelier.com\/jeremy\/entrevue-melissa-bellemare-l-atelier-du-fil\/","og_locale":"fr_FR","og_type":"article","og_title":"Entrevue avec M\u00e9lissa Bellemare de L'atelier du fil","og_url":"https:\/\/devtntatelier.com\/jeremy\/entrevue-melissa-bellemare-l-atelier-du-fil\/","og_site_name":"Extra Maria","article_published_time":"2022-11-16T10:55:56+00:00","article_modified_time":"2022-11-21T20:26:30+00:00","og_image":[{"width":1200,"height":630,"url":"https:\/\/devtntatelier.com\/jeremy\/wp-content\/uploads\/2022\/11\/melissa-bellemare-l-atelier-du-fil.jpg","type":"image\/jpeg"}],"author":"Am\u00e9lia Fromage","twitter_card":"summary_large_image","twitter_misc":{"\u00c9crit par":"Am\u00e9lia Fromage"},"schema":{"@context":"https:\/\/schema.org","@graph":[{"@type":"Article","@id":"https:\/\/devtntatelier.com\/jeremy\/entrevue-melissa-bellemare-l-atelier-du-fil\/#article","isPartOf":{"@id":"https:\/\/devtntatelier.com\/jeremy\/entrevue-melissa-bellemare-l-atelier-du-fil\/"},"author":{"name":"Am\u00e9lia Fromage","@id":"https:\/\/devtntatelier.com\/jeremy\/#\/schema\/person\/0a878778dd7d3b51f55c32fe3d0c565b"},"headline":"Entrevue avec M\u00e9lissa Bellemare de L&rsquo;atelier du fil","datePublished":"2022-11-16T10:55:56+00:00","dateModified":"2022-11-21T20:26:30+00:00","mainEntityOfPage":{"@id":"https:\/\/devtntatelier.com\/jeremy\/entrevue-melissa-bellemare-l-atelier-du-fil\/"},"wordCount":783,"commentCount":0,"image":{"@id":"https:\/\/devtntatelier.com\/jeremy\/entrevue-melissa-bellemare-l-atelier-du-fil\/#primaryimage"},"thumbnailUrl":"https:\/\/devtntatelier.com\/jeremy\/wp-content\/uploads\/2022\/11\/melissa-bellemare-l-atelier-du-fil.jpg","articleSection":["Ambassadeurs","Tous les articles"],"inLanguage":"fr-FR","potentialAction":[{"@type":"CommentAction","name":"Comment","target":["https:\/\/devtntatelier.com\/jeremy\/entrevue-melissa-bellemare-l-atelier-du-fil\/#respond"]}]},{"@type":"WebPage","@id":"https:\/\/devtntatelier.com\/jeremy\/entrevue-melissa-bellemare-l-atelier-du-fil\/","url":"https:\/\/devtntatelier.com\/jeremy\/entrevue-melissa-bellemare-l-atelier-du-fil\/","name":"Entrevue avec M\u00e9lissa Bellemare de L'atelier du fil - Extra Maria","isPartOf":{"@id":"https:\/\/devtntatelier.com\/jeremy\/#website"},"primaryImageOfPage":{"@id":"https:\/\/devtntatelier.com\/jeremy\/entrevue-melissa-bellemare-l-atelier-du-fil\/#primaryimage"},"image":{"@id":"https:\/\/devtntatelier.com\/jeremy\/entrevue-melissa-bellemare-l-atelier-du-fil\/#primaryimage"},"thumbnailUrl":"https:\/\/devtntatelier.com\/jeremy\/wp-content\/uploads\/2022\/11\/melissa-bellemare-l-atelier-du-fil.jpg","datePublished":"2022-11-16T10:55:56+00:00","dateModified":"2022-11-21T20:26:30+00:00","author":{"@id":"https:\/\/devtntatelier.com\/jeremy\/#\/schema\/person\/0a878778dd7d3b51f55c32fe3d0c565b"},"breadcrumb":{"@id":"https:\/\/devtntatelier.com\/jeremy\/entrevue-melissa-bellemare-l-atelier-du-fil\/#breadcrumb"},"inLanguage":"fr-FR","potentialAction":[{"@type":"ReadAction","target":["https:\/\/devtntatelier.com\/jeremy\/entrevue-melissa-bellemare-l-atelier-du-fil\/"]}]},{"@type":"ImageObject","inLanguage":"fr-FR","@id":"https:\/\/devtntatelier.com\/jeremy\/entrevue-melissa-bellemare-l-atelier-du-fil\/#primaryimage","url":"https:\/\/devtntatelier.com\/jeremy\/wp-content\/uploads\/2022\/11\/melissa-bellemare-l-atelier-du-fil.jpg","contentUrl":"https:\/\/devtntatelier.com\/jeremy\/wp-content\/uploads\/2022\/11\/melissa-bellemare-l-atelier-du-fil.jpg","width":1200,"height":630,"caption":"M\u00e9lissa Bellemare propri\u00e9taire de l'atelier du fil"},{"@type":"BreadcrumbList","@id":"https:\/\/devtntatelier.com\/jeremy\/entrevue-melissa-bellemare-l-atelier-du-fil\/#breadcrumb","itemListElement":[{"@type":"ListItem","position":1,"name":"Accueil","item":"https:\/\/devtntatelier.com\/jeremy\/"},{"@type":"ListItem","position":2,"name":"Entrevue avec M\u00e9lissa Bellemare de L&#8217;atelier du fil"}]},{"@type":"WebSite","@id":"https:\/\/devtntatelier.com\/jeremy\/#website","url":"https:\/\/devtntatelier.com\/jeremy\/","name":"Extra Maria","description":"Blogue - D\u00e9couvertes locales et achat local","potentialAction":[{"@type":"SearchAction","target":{"@type":"EntryPoint","urlTemplate":"https:\/\/devtntatelier.com\/jeremy\/?s={search_term_string}"},"query-input":{"@type":"PropertyValueSpecification","valueRequired":true,"valueName":"search_term_string"}}],"inLanguage":"fr-FR"},{"@type":"Person","@id":"https:\/\/devtntatelier.com\/jeremy\/#\/schema\/person\/0a878778dd7d3b51f55c32fe3d0c565b","name":"Am\u00e9lia Fromage","image":{"@type":"ImageObject","inLanguage":"fr-FR","@id":"https:\/\/secure.gravatar.com\/avatar\/a89f2060bca3721d4e33f490e22f18c0ca3155a6e14f9b4f5566b298215bc3c0?s=96&d=mm&r=g","url":"https:\/\/secure.gravatar.com\/avatar\/a89f2060bca3721d4e33f490e22f18c0ca3155a6e14f9b4f5566b298215bc3c0?s=96&d=mm&r=g","contentUrl":"https:\/\/secure.gravatar.com\/avatar\/a89f2060bca3721d4e33f490e22f18c0ca3155a6e14f9b4f5566b298215bc3c0?s=96&d=mm&r=g","caption":"Am\u00e9lia Fromage"},"description":"De nature curieuse, j\u2019aime d\u00e9couvrir de nouvelles choses et en parler autour de moi. Mes deux passions : jardiner et manger du chocolat\u2026 (peut-\u00eatre qu\u2019un jour, je serai capable de faire pousser du chocolat, haha). Sinon, quoi vous dire? Ah oui! Par mon travail \u00e0 la SADC Maria-Chapdelaine, je suis en contact avec beaucoup d\u2019entrepreneurs et me donne comme mission de vous partager leurs bons coups et vous donner le go\u00fbt d\u2019acheter local. Parce que chaque petit geste compte pour faire une diff\u00e9rence. Bonne lecture!","sameAs":["https:\/\/sadcmaria.qc.ca"],"url":"https:\/\/devtntatelier.com\/jeremy\/author\/amelia\/"}]}},"modified_by":"Am\u00e9lia Fromage","_links":{"self":[{"href":"https:\/\/devtntatelier.com\/jeremy\/wp-json\/wp\/v2\/posts\/4527","targetHints":{"allow":["GET"]}}],"collection":[{"href":"https:\/\/devtntatelier.com\/jeremy\/wp-json\/wp\/v2\/posts"}],"about":[{"href":"https:\/\/devtntatelier.com\/jeremy\/wp-json\/wp\/v2\/types\/post"}],"author":[{"embeddable":true,"href":"https:\/\/devtntatelier.com\/jeremy\/wp-json\/wp\/v2\/users\/2"}],"replies":[{"embeddable":true,"href":"https:\/\/devtntatelier.com\/jeremy\/wp-json\/wp\/v2\/comments?post=4527"}],"version-history":[{"count":0,"href":"https:\/\/devtntatelier.com\/jeremy\/wp-json\/wp\/v2\/posts\/4527\/revisions"}],"wp:featuredmedia":[{"embeddable":true,"href":"https:\/\/devtntatelier.com\/jeremy\/wp-json\/wp\/v2\/media\/4528"}],"wp:attachment":[{"href":"https:\/\/devtntatelier.com\/jeremy\/wp-json\/wp\/v2\/media?parent=4527"}],"wp:term":[{"taxonomy":"category","embeddable":true,"href":"https:\/\/devtntatelier.com\/jeremy\/wp-json\/wp\/v2\/categories?post=4527"},{"taxonomy":"post_tag","embeddable":true,"href":"https:\/\/devtntatelier.com\/jeremy\/wp-json\/wp\/v2\/tags?post=4527"}],"curies":[{"name":"wp","href":"https:\/\/api.w.org\/{rel}","templated":true}]}}