{"id":4453,"date":"2022-10-26T05:36:07","date_gmt":"2022-10-26T09:36:07","guid":{"rendered":"https:\/\/devtntatelier.com\/jeremy\/?p=4453"},"modified":"2022-10-27T05:28:49","modified_gmt":"2022-10-27T09:28:49","slug":"entrevue-marie-pier-martel-restaurant-le-kastelet","status":"publish","type":"post","link":"https:\/\/devtntatelier.com\/jeremy\/entrevue-marie-pier-martel-restaurant-le-kastelet\/","title":{"rendered":"Entrevue avec Marie-Pier Martel du restaurant Le Kastelet"},"content":{"rendered":"<p>[et_pb_section fb_built=\u00a0\u00bb1&Prime; _builder_version=\u00a0\u00bb4.18.0&Prime; _module_preset=\u00a0\u00bbdefault\u00a0\u00bb global_colors_info=\u00a0\u00bb{}\u00a0\u00bb][et_pb_row _builder_version=\u00a0\u00bb4.18.0&Prime; _module_preset=\u00a0\u00bbdefault\u00a0\u00bb global_colors_info=\u00a0\u00bb{}\u00a0\u00bb][et_pb_column type=\u00a0\u00bb4_4&Prime; _builder_version=\u00a0\u00bb4.18.0&Prime; _module_preset=\u00a0\u00bbdefault\u00a0\u00bb global_colors_info=\u00a0\u00bb{}\u00a0\u00bb][et_pb_text _builder_version=\u00a0\u00bb4.18.0&Prime; _module_preset=\u00a0\u00bbdefault\u00a0\u00bb global_colors_info=\u00a0\u00bb{}\u00a0\u00bb]<\/p>\n<p><em>Marie-Pier Martel est propri\u00e9taire depuis quelques ann\u00e9es, du restaurant-bar Le Kastelet, avec son conjoint \u00c9ric Lagarde.<\/em><\/p>\n<p><em>Le restaurant est situ\u00e9 sur la rue Principale \u00e0 Girardville, \u00e0 quelques pas de l\u2019h\u00f4tel de ville. Chaque semaine, Marie-Pier et son \u00e9quipe investissent temps et cr\u00e9ativit\u00e9 \u00e0 r\u00e9volutionner les recettes classiques que nous connaissons.<\/em><\/p>\n<p><em>En plus\u00a0: on peut commander des sushis le jeudi et des tartares le vendredi sur leur site web <a href=\"https:\/\/www.restaurantlekastelet.com\/\"><span style=\"text-decoration: underline;\">www.restaurantlekastelet.com<\/span><\/a> et ils les livrent dans les secteurs de Normandin, St-Edmond-les-Plaines, St-Thomas-Didyme, Albanel, Girardville et Dolbeau-Mistassini!<\/em><\/p>\n<p><em>Maintenant, faisons un peu plus connaissance avec Marie-Pier et son entreprise qui ont su passer \u00e0 travers la pand\u00e9mie!<\/em><\/p>\n<p><strong>Extra Maria\u00a0: Marie-Pier, comment te d\u00e9crirais-tu comme personne?<\/strong><\/p>\n<p><strong>Marie-Pier\u00a0:<\/strong> Je suis maman de cinq enfants. Je pense que je suis une personne \u00e9nergique, cr\u00e9ative et r\u00e9active. Je suis intuitive, instinctive et je suis quelqu\u2019un qui passe rapidement \u00e0 l\u2019action.<\/p>\n<p>J\u2019aime d\u00e9couvrir et faire d\u00e9couvrir de nouvelles choses autour de moi. Les rassemblements en famille et entre amis autour d\u2019une bonne table, c\u2019est pr\u00e9cieux pour moi.<\/p>\n<p>Pour ce qui est de mes d\u00e9fauts, je dirais ent\u00eat\u00e9e et orgueilleuse&#8230;<\/p>\n<p><strong>Extra Maria\u00a0: Quelles sont tes valeurs?<\/strong><\/p>\n<p><strong>Marie-Pier\u00a0:<\/strong> Parmi mes valeurs, il y a le respect et la bienveillance. \u00c7a fait partie de ce qui me tient le plus \u00e0 c\u0153ur. J\u2019aime \u00eatre pr\u00e8s des gens et contribuer au d\u00e9veloppement de ma collectivit\u00e9.<\/p>\n<p>Je trouve important de mettre notre savoir-faire de l\u2019avant, de garder le pouvoir sur notre vie et de s\u2019impliquer dans le d\u00e9veloppement de notre collectivit\u00e9.<\/p>\n<p>Dans la vie, il faut se prendre en main et se donner les moyens de nos ambitions.<\/p>\n<p><strong>Extra Maria\u00a0: Qu\u2019est-ce que tu aimes faire dans la vie? <\/strong><\/p>\n<p><strong>Marie-Pier\u00a0:<\/strong> J\u2019aime \u00eatre maman, \u00eatre entrepreneure et prendre soin des gens. Je tente de concilier ces trois facettes au mieux dans ma vie.<\/p>\n<p>J\u2019ai aussi plusieurs int\u00e9r\u00eats c\u2019est certain, comme la nourriture, la photographie, le jardinage, la vie \u00e0 la campagne, l\u2019implication citoyenne, etc.<\/p>\n<p>Avec le restaurant-bar Le Kastelet, je peux dire que j\u2019ai fait de l\u2019une de mes passions, mon m\u00e9tier!<\/p>\n<p><strong>Extra Maria\u00a0: D\u2019o\u00f9 est venu ton id\u00e9e d\u2019entreprise?<\/strong><\/p>\n<p><strong>Marie-Pier\u00a0:<\/strong> L\u2019id\u00e9e de l\u2019entreprise est venue par le fruit du hasard. En 2017, \u00c9ric et moi avons d\u00e9cid\u00e9 d\u2019acheter le b\u00e2timent du restaurant vacant pour ne pas le laisser tomber en ruine.<\/p>\n<p>Je cherchais un nouveau projet qui co\u00efnciderait avec mes valeurs et mes int\u00e9r\u00eats. Or, le plaisir de manger c\u2019est quelque chose qui m\u2019a toujours allum\u00e9! Et cet \u00e9tablissement est pour moi comme pour plusieurs de nos concitoyens un deuxi\u00e8me chez soi, y ayant pass\u00e9 mon adolescence et de longues soir\u00e9es\u2026 Nous tentons donc d\u2019en faire une entreprise rentable, p\u00e9renne et qui saura r\u00e9pondre au mieux au besoin de la population dans l\u2019avenir.<\/p>\n<p>Si j\u2019y repense, ce qui m\u2019a pouss\u00e9 \u00e0 me lancer en affaires, c\u2019est un vif d\u00e9sir d\u2019empowerment modul\u00e9 par le souci d\u2019adapter ma vie professionnelle et sociale \u00e0 notre vie familiale&#8230; plut\u00f4t tumultueuse.<\/p>\n<p>Je savais que je pouvais faire plus et offrir plus \u00e0 ma collectivit\u00e9.<\/p>\n<p><strong>Extra Maria\u00a0: Pr\u00e9sente-nous ton entreprise en quelques mots. <\/strong><\/p>\n<p><strong>Marie-Pier\u00a0:<\/strong> On retrouve une belle vari\u00e9t\u00e9 de mets traditionnels et actuels, mais aussi d\u2019autres cuisines du monde, \u00e0 s\u2019en d\u00e9lecter les papilles dans ce petit restaurant. En plus des mets traditionnels que nous revisitons, nous nous sp\u00e9cialisons dans les sushis (disponibles les jeudis), les tartares (disponibles les vendredis) et autres plats qui sortent un peu de l\u2019ordinaire. Avec nos quatre employ\u00e9es, on s\u2019amuse en cuisine.<\/p>\n<p>Pendant la pand\u00e9mie, on a aussi lanc\u00e9 notre site web avec la vente en ligne de nos sushis et tartares. Allez y faire un tour!<\/p>\n<p>Nous offrons \u00e9galement un service de traiteur, des canap\u00e9s, etc. pour toutes sortes d\u2019occasions.<\/p>\n<p>Nous aimons par-dessus tout partager des d\u00e9couvertes culinaires \u00e0 nos clients du haut du Lac.<\/p>\n<p><strong>Extra Maria\u00a0: Nomme-nous une r\u00e9alisation dont tu es fi\u00e8re.<\/strong><\/p>\n<p><strong>Marie-Pier\u00a0:<\/strong> En ayant choisi d\u2019\u00eatre entrepreneure, je fais moi-m\u00eame mon horaire et j\u2019y vois la possibilit\u00e9 de pouvoir davantage m\u2019impliquer dans la communaut\u00e9. Je me suis notamment impliqu\u00e9e dans le comit\u00e9 des frimousses, en tant que proche aidante et dans la r\u00e9alisation de la for\u00eat nourrici\u00e8re de Girardville.<\/p>\n<p>En ayant mon entreprise dans la m\u00eame ville o\u00f9 j\u2019habite, j\u2019y vois aussi un gain de temps dans le sens que je passe plus de temps en famille que sur la route pour aller travailler en dehors de Girardville comme avant.<\/p>\n<p>Enfin, je te dirais que je suis fi\u00e8re que mon \u00e9quipe et moi, nous nous soyons adapt\u00e9s pendant la pand\u00e9mie avec le lancement d\u2019un site web transactionnel sur lequel notre client\u00e8le peut commander en ligne des mets \u00e0 emporter!<\/p>\n<p>La restauration vit pr\u00e9sentement une temp\u00eate, d\u00fbe \u00e0 l\u2019inflation, aux ruptures continues en approvisionnement et \u00e0 la p\u00e9nurie de main d\u2019\u0153uvre\u2026<\/p>\n<p>Donc le site transactionnel et le fait que les gens continuent de <strong>choisir d\u2019acheter chez nous<\/strong>, nous permettent aujourd\u2019hui de <strong>maintenir le restaurant encore ouvert<\/strong>, sur horaire r\u00e9duite mais tout de m\u00eame ouvert!<\/p>\n<p>On a m\u00eame innov\u00e9 pendant la pand\u00e9mie en cr\u00e9ant un <span style=\"color: #000000;\">savon de cuisine \u00e0 partir d\u2019huile de friture recycl\u00e9e<\/span>!<\/p>\n<p><strong>Extra Maria\u00a0: Quelle est ta perception de notre milieu?<\/strong><\/p>\n<p><strong>Marie-Pier\u00a0:<\/strong> Je pense que notre milieu est dynamique et qu\u2019on peut tous contribuer \u00e0 ce dynamisme \u00e0 petite \u00e9chelle. Le geste citoyen le plus porteur est sans doute celui d\u2019acheter local!<\/p>\n<p>De plus en plus de gens ont \u00e9galement le courage de leurs ambitions et se lancent en affaires. De nouveaux emplois se cr\u00e9ent. C\u2019est bon signe selon moi.<\/p>\n<p>Finalement, on voit de belles initiatives se d\u00e9velopper dans nos milieux, notamment dans l\u2019offre touristique, pour le bien-\u00eatre de nos collectivit\u00e9s. C\u2019est essentiel pour demeurer attractifs.<\/p>\n<p><strong>Extra Maria\u00a0: Qu\u2019est-ce que cela repr\u00e9sente pour toi l\u2019achat local? <\/strong><\/p>\n<p><strong>Marie-Pier\u00a0:<\/strong> Pour moi, <strong>l\u2019achat local, c\u2019est permettre \u00e0 des gens qu\u2019on conna\u00eet de s\u2019\u00e9panouir dans leur milieu.<\/strong> L\u2019entrepreneuriat \u00e0 petite \u00e9chelle, c\u2019est un pilier de notre \u00e9conomie.<\/p>\n<p><strong>Choisir d\u2019acheter local, c\u2019est soutenir une \u00e9conomie r\u00e9siliente et b\u00e2tir l\u2019avenir de demain.<\/strong> C\u2019est UN GROS PLUS POUR NOUS!<\/p>\n<p><em>Leurs mets sont d\u00e9licieux! Faut vraiment que vous essayiez \u00e7a au moins une fois!<\/em><\/p>\n<p>Restaurant Le Kastelet<br \/>Page Facebook\u00a0: <span style=\"text-decoration: underline;\"><a href=\"https:\/\/www.facebook.com\/Kastelet\">https:\/\/www.facebook.com\/Kastelet<\/a><\/span><br \/>Adresse\u00a0: <a href=\"https:\/\/www.google.com\/maps\/dir\/?api=1&amp;destination=49.0034%2C-72.54753&amp;fbclid=IwAR396Fl9fs5k-HyQLkclsSME8tpZiOFfJ9Ookpm0I1NmuDP9WxfPKzt5Zhw\"><span>160 Rue principale Girardville Centre, QC, Canada G0W 1R0<\/span><\/a><br \/>T\u00e9l\u00e9phone\u00a0: <a href=\"tel:4182583434\"><span style=\"text-decoration: underline;\">418 258-3434<\/span><\/a><br \/>Site web : <span style=\"text-decoration: underline;\"><a href=\"https:\/\/www.restaurantlekastelet.com\/\">https:\/\/www.restaurantlekastelet.com\/<\/a><\/span>\u00a0<\/p>\n<p>[\/et_pb_text][\/et_pb_column][\/et_pb_row][\/et_pb_section]<\/p>\n","protected":false},"excerpt":{"rendered":"<p>Marie-Pier Martel est propri\u00e9taire depuis quelques ann\u00e9es, du restaurant-bar Le Kastelet, avec son conjoint \u00c9ric Lagarde. Le restaurant est situ\u00e9 sur la rue Principale \u00e0 Girardville, \u00e0 quelques pas de [&hellip;]<\/p>\n","protected":false},"author":2,"featured_media":4455,"comment_status":"open","ping_status":"closed","sticky":false,"template":"","format":"standard","meta":{"_et_pb_use_builder":"on","_et_pb_old_content":"","_et_gb_content_width":"","_lmt_disableupdate":"","_lmt_disable":"","_price":"","_stock":"","_tribe_ticket_header":"","_tribe_default_ticket_provider":"","_tribe_ticket_capacity":"0","_ticket_start_date":"","_ticket_end_date":"","_tribe_ticket_show_description":"","_tribe_ticket_show_not_going":false,"_tribe_ticket_use_global_stock":"","_tribe_ticket_global_stock_level":"","_global_stock_mode":"","_global_stock_cap":"","_tribe_rsvp_for_event":"","_tribe_ticket_going_count":"","_tribe_ticket_not_going_count":"","_tribe_tickets_list":"[]","_tribe_ticket_has_attendee_info_fields":false,"footnotes":""},"categories":[119,1],"tags":[],"class_list":["post-4453","post","type-post","status-publish","format-standard","has-post-thumbnail","hentry","category-ambassadeurs","category-articles-achat-local-extra-maria"],"yoast_head":"<!-- This site is optimized with the Yoast SEO Premium plugin v25.9 (Yoast SEO v28.4) - https:\/\/yoast.com\/product\/yoast-seo-premium-wordpress\/ -->\n<title>Entrevue avec Marie-Pier Martel du restaurant Le Kastelet - Extra Maria<\/title>\n<meta name=\"description\" content=\"Faites connaissance avec Marie-Pier Martel du restaurant Le Kastelet situ\u00e9 \u00e0 Girardville au Lac-Saint-Jean. Une entrepreneure dynamique.\" \/>\n<meta name=\"robots\" content=\"index, follow, max-snippet:-1, max-image-preview:large, max-video-preview:-1\" \/>\n<link rel=\"canonical\" href=\"https:\/\/devtntatelier.com\/jeremy\/entrevue-marie-pier-martel-restaurant-le-kastelet\/\" \/>\n<meta property=\"og:locale\" content=\"fr_FR\" \/>\n<meta property=\"og:type\" content=\"article\" \/>\n<meta property=\"og:title\" content=\"Entrevue avec Marie-Pier Martel du restaurant Le Kastelet\" \/>\n<meta property=\"og:url\" content=\"https:\/\/devtntatelier.com\/jeremy\/entrevue-marie-pier-martel-restaurant-le-kastelet\/\" \/>\n<meta property=\"og:site_name\" content=\"Extra Maria\" \/>\n<meta property=\"article:published_time\" content=\"2022-10-26T09:36:07+00:00\" \/>\n<meta property=\"article:modified_time\" content=\"2022-10-27T09:28:49+00:00\" \/>\n<meta property=\"og:image\" content=\"https:\/\/devtntatelier.com\/jeremy\/wp-content\/uploads\/2022\/10\/marie-pier-martel-restaurant-le-kastelet-girardville-lac-saint-jean.png\" \/>\n\t<meta property=\"og:image:width\" content=\"1200\" \/>\n\t<meta property=\"og:image:height\" content=\"630\" \/>\n\t<meta property=\"og:image:type\" content=\"image\/png\" \/>\n<meta name=\"author\" content=\"Am\u00e9lia Fromage\" \/>\n<meta name=\"twitter:card\" content=\"summary_large_image\" \/>\n<meta name=\"twitter:label1\" content=\"\u00c9crit par\" \/>\n\t<meta name=\"twitter:data1\" content=\"Am\u00e9lia Fromage\" \/>\n<script type=\"application\/ld+json\" class=\"yoast-schema-graph\">{\"@context\":\"https:\\\/\\\/schema.org\",\"@graph\":[{\"@type\":\"Article\",\"@id\":\"https:\\\/\\\/devtntatelier.com\\\/jeremy\\\/entrevue-marie-pier-martel-restaurant-le-kastelet\\\/#article\",\"isPartOf\":{\"@id\":\"https:\\\/\\\/devtntatelier.com\\\/jeremy\\\/entrevue-marie-pier-martel-restaurant-le-kastelet\\\/\"},\"author\":{\"name\":\"Am\u00e9lia Fromage\",\"@id\":\"https:\\\/\\\/devtntatelier.com\\\/jeremy\\\/#\\\/schema\\\/person\\\/0a878778dd7d3b51f55c32fe3d0c565b\"},\"headline\":\"Entrevue avec Marie-Pier Martel du restaurant Le Kastelet\",\"datePublished\":\"2022-10-26T09:36:07+00:00\",\"dateModified\":\"2022-10-27T09:28:49+00:00\",\"mainEntityOfPage\":{\"@id\":\"https:\\\/\\\/devtntatelier.com\\\/jeremy\\\/entrevue-marie-pier-martel-restaurant-le-kastelet\\\/\"},\"wordCount\":1210,\"commentCount\":0,\"image\":{\"@id\":\"https:\\\/\\\/devtntatelier.com\\\/jeremy\\\/entrevue-marie-pier-martel-restaurant-le-kastelet\\\/#primaryimage\"},\"thumbnailUrl\":\"https:\\\/\\\/devtntatelier.com\\\/jeremy\\\/wp-content\\\/uploads\\\/2022\\\/10\\\/marie-pier-martel-restaurant-le-kastelet-girardville-lac-saint-jean.png\",\"articleSection\":[\"Ambassadeurs\",\"Tous les articles\"],\"inLanguage\":\"fr-FR\",\"potentialAction\":[{\"@type\":\"CommentAction\",\"name\":\"Comment\",\"target\":[\"https:\\\/\\\/devtntatelier.com\\\/jeremy\\\/entrevue-marie-pier-martel-restaurant-le-kastelet\\\/#respond\"]}]},{\"@type\":\"WebPage\",\"@id\":\"https:\\\/\\\/devtntatelier.com\\\/jeremy\\\/entrevue-marie-pier-martel-restaurant-le-kastelet\\\/\",\"url\":\"https:\\\/\\\/devtntatelier.com\\\/jeremy\\\/entrevue-marie-pier-martel-restaurant-le-kastelet\\\/\",\"name\":\"Entrevue avec Marie-Pier Martel du restaurant Le Kastelet - Extra Maria\",\"isPartOf\":{\"@id\":\"https:\\\/\\\/devtntatelier.com\\\/jeremy\\\/#website\"},\"primaryImageOfPage\":{\"@id\":\"https:\\\/\\\/devtntatelier.com\\\/jeremy\\\/entrevue-marie-pier-martel-restaurant-le-kastelet\\\/#primaryimage\"},\"image\":{\"@id\":\"https:\\\/\\\/devtntatelier.com\\\/jeremy\\\/entrevue-marie-pier-martel-restaurant-le-kastelet\\\/#primaryimage\"},\"thumbnailUrl\":\"https:\\\/\\\/devtntatelier.com\\\/jeremy\\\/wp-content\\\/uploads\\\/2022\\\/10\\\/marie-pier-martel-restaurant-le-kastelet-girardville-lac-saint-jean.png\",\"datePublished\":\"2022-10-26T09:36:07+00:00\",\"dateModified\":\"2022-10-27T09:28:49+00:00\",\"author\":{\"@id\":\"https:\\\/\\\/devtntatelier.com\\\/jeremy\\\/#\\\/schema\\\/person\\\/0a878778dd7d3b51f55c32fe3d0c565b\"},\"description\":\"Faites connaissance avec Marie-Pier Martel du restaurant Le Kastelet situ\u00e9 \u00e0 Girardville au Lac-Saint-Jean. Une entrepreneure dynamique.\",\"breadcrumb\":{\"@id\":\"https:\\\/\\\/devtntatelier.com\\\/jeremy\\\/entrevue-marie-pier-martel-restaurant-le-kastelet\\\/#breadcrumb\"},\"inLanguage\":\"fr-FR\",\"potentialAction\":[{\"@type\":\"ReadAction\",\"target\":[\"https:\\\/\\\/devtntatelier.com\\\/jeremy\\\/entrevue-marie-pier-martel-restaurant-le-kastelet\\\/\"]}]},{\"@type\":\"ImageObject\",\"inLanguage\":\"fr-FR\",\"@id\":\"https:\\\/\\\/devtntatelier.com\\\/jeremy\\\/entrevue-marie-pier-martel-restaurant-le-kastelet\\\/#primaryimage\",\"url\":\"https:\\\/\\\/devtntatelier.com\\\/jeremy\\\/wp-content\\\/uploads\\\/2022\\\/10\\\/marie-pier-martel-restaurant-le-kastelet-girardville-lac-saint-jean.png\",\"contentUrl\":\"https:\\\/\\\/devtntatelier.com\\\/jeremy\\\/wp-content\\\/uploads\\\/2022\\\/10\\\/marie-pier-martel-restaurant-le-kastelet-girardville-lac-saint-jean.png\",\"width\":1200,\"height\":630,\"caption\":\"Marie-Pier Martel du restaurant Le Kastelet \u00e0 Girardville\"},{\"@type\":\"BreadcrumbList\",\"@id\":\"https:\\\/\\\/devtntatelier.com\\\/jeremy\\\/entrevue-marie-pier-martel-restaurant-le-kastelet\\\/#breadcrumb\",\"itemListElement\":[{\"@type\":\"ListItem\",\"position\":1,\"name\":\"Accueil\",\"item\":\"https:\\\/\\\/devtntatelier.com\\\/jeremy\\\/\"},{\"@type\":\"ListItem\",\"position\":2,\"name\":\"Entrevue avec Marie-Pier Martel du restaurant Le Kastelet\"}]},{\"@type\":\"WebSite\",\"@id\":\"https:\\\/\\\/devtntatelier.com\\\/jeremy\\\/#website\",\"url\":\"https:\\\/\\\/devtntatelier.com\\\/jeremy\\\/\",\"name\":\"Extra Maria\",\"description\":\"Blogue - D\u00e9couvertes locales et achat local\",\"potentialAction\":[{\"@type\":\"SearchAction\",\"target\":{\"@type\":\"EntryPoint\",\"urlTemplate\":\"https:\\\/\\\/devtntatelier.com\\\/jeremy\\\/?s={search_term_string}\"},\"query-input\":{\"@type\":\"PropertyValueSpecification\",\"valueRequired\":true,\"valueName\":\"search_term_string\"}}],\"inLanguage\":\"fr-FR\"},{\"@type\":\"Person\",\"@id\":\"https:\\\/\\\/devtntatelier.com\\\/jeremy\\\/#\\\/schema\\\/person\\\/0a878778dd7d3b51f55c32fe3d0c565b\",\"name\":\"Am\u00e9lia Fromage\",\"image\":{\"@type\":\"ImageObject\",\"inLanguage\":\"fr-FR\",\"@id\":\"https:\\\/\\\/secure.gravatar.com\\\/avatar\\\/a89f2060bca3721d4e33f490e22f18c0ca3155a6e14f9b4f5566b298215bc3c0?s=96&d=mm&r=g\",\"url\":\"https:\\\/\\\/secure.gravatar.com\\\/avatar\\\/a89f2060bca3721d4e33f490e22f18c0ca3155a6e14f9b4f5566b298215bc3c0?s=96&d=mm&r=g\",\"contentUrl\":\"https:\\\/\\\/secure.gravatar.com\\\/avatar\\\/a89f2060bca3721d4e33f490e22f18c0ca3155a6e14f9b4f5566b298215bc3c0?s=96&d=mm&r=g\",\"caption\":\"Am\u00e9lia Fromage\"},\"description\":\"De nature curieuse, j\u2019aime d\u00e9couvrir de nouvelles choses et en parler autour de moi. Mes deux passions : jardiner et manger du chocolat\u2026 (peut-\u00eatre qu\u2019un jour, je serai capable de faire pousser du chocolat, haha). Sinon, quoi vous dire? Ah oui! Par mon travail \u00e0 la SADC Maria-Chapdelaine, je suis en contact avec beaucoup d\u2019entrepreneurs et me donne comme mission de vous partager leurs bons coups et vous donner le go\u00fbt d\u2019acheter local. Parce que chaque petit geste compte pour faire une diff\u00e9rence. Bonne lecture!\",\"sameAs\":[\"https:\\\/\\\/sadcmaria.qc.ca\"],\"url\":\"https:\\\/\\\/devtntatelier.com\\\/jeremy\\\/author\\\/amelia\\\/\"}]}<\/script>\n<!-- \/ Yoast SEO Premium plugin. -->","yoast_head_json":{"title":"Entrevue avec Marie-Pier Martel du restaurant Le Kastelet - Extra Maria","description":"Faites connaissance avec Marie-Pier Martel du restaurant Le Kastelet situ\u00e9 \u00e0 Girardville au Lac-Saint-Jean. Une entrepreneure dynamique.","robots":{"index":"index","follow":"follow","max-snippet":"max-snippet:-1","max-image-preview":"max-image-preview:large","max-video-preview":"max-video-preview:-1"},"canonical":"https:\/\/devtntatelier.com\/jeremy\/entrevue-marie-pier-martel-restaurant-le-kastelet\/","og_locale":"fr_FR","og_type":"article","og_title":"Entrevue avec Marie-Pier Martel du restaurant Le Kastelet","og_url":"https:\/\/devtntatelier.com\/jeremy\/entrevue-marie-pier-martel-restaurant-le-kastelet\/","og_site_name":"Extra Maria","article_published_time":"2022-10-26T09:36:07+00:00","article_modified_time":"2022-10-27T09:28:49+00:00","og_image":[{"width":1200,"height":630,"url":"https:\/\/devtntatelier.com\/jeremy\/wp-content\/uploads\/2022\/10\/marie-pier-martel-restaurant-le-kastelet-girardville-lac-saint-jean.png","type":"image\/png"}],"author":"Am\u00e9lia Fromage","twitter_card":"summary_large_image","twitter_misc":{"\u00c9crit par":"Am\u00e9lia Fromage"},"schema":{"@context":"https:\/\/schema.org","@graph":[{"@type":"Article","@id":"https:\/\/devtntatelier.com\/jeremy\/entrevue-marie-pier-martel-restaurant-le-kastelet\/#article","isPartOf":{"@id":"https:\/\/devtntatelier.com\/jeremy\/entrevue-marie-pier-martel-restaurant-le-kastelet\/"},"author":{"name":"Am\u00e9lia Fromage","@id":"https:\/\/devtntatelier.com\/jeremy\/#\/schema\/person\/0a878778dd7d3b51f55c32fe3d0c565b"},"headline":"Entrevue avec Marie-Pier Martel du restaurant Le Kastelet","datePublished":"2022-10-26T09:36:07+00:00","dateModified":"2022-10-27T09:28:49+00:00","mainEntityOfPage":{"@id":"https:\/\/devtntatelier.com\/jeremy\/entrevue-marie-pier-martel-restaurant-le-kastelet\/"},"wordCount":1210,"commentCount":0,"image":{"@id":"https:\/\/devtntatelier.com\/jeremy\/entrevue-marie-pier-martel-restaurant-le-kastelet\/#primaryimage"},"thumbnailUrl":"https:\/\/devtntatelier.com\/jeremy\/wp-content\/uploads\/2022\/10\/marie-pier-martel-restaurant-le-kastelet-girardville-lac-saint-jean.png","articleSection":["Ambassadeurs","Tous les articles"],"inLanguage":"fr-FR","potentialAction":[{"@type":"CommentAction","name":"Comment","target":["https:\/\/devtntatelier.com\/jeremy\/entrevue-marie-pier-martel-restaurant-le-kastelet\/#respond"]}]},{"@type":"WebPage","@id":"https:\/\/devtntatelier.com\/jeremy\/entrevue-marie-pier-martel-restaurant-le-kastelet\/","url":"https:\/\/devtntatelier.com\/jeremy\/entrevue-marie-pier-martel-restaurant-le-kastelet\/","name":"Entrevue avec Marie-Pier Martel du restaurant Le Kastelet - Extra Maria","isPartOf":{"@id":"https:\/\/devtntatelier.com\/jeremy\/#website"},"primaryImageOfPage":{"@id":"https:\/\/devtntatelier.com\/jeremy\/entrevue-marie-pier-martel-restaurant-le-kastelet\/#primaryimage"},"image":{"@id":"https:\/\/devtntatelier.com\/jeremy\/entrevue-marie-pier-martel-restaurant-le-kastelet\/#primaryimage"},"thumbnailUrl":"https:\/\/devtntatelier.com\/jeremy\/wp-content\/uploads\/2022\/10\/marie-pier-martel-restaurant-le-kastelet-girardville-lac-saint-jean.png","datePublished":"2022-10-26T09:36:07+00:00","dateModified":"2022-10-27T09:28:49+00:00","author":{"@id":"https:\/\/devtntatelier.com\/jeremy\/#\/schema\/person\/0a878778dd7d3b51f55c32fe3d0c565b"},"description":"Faites connaissance avec Marie-Pier Martel du restaurant Le Kastelet situ\u00e9 \u00e0 Girardville au Lac-Saint-Jean. Une entrepreneure dynamique.","breadcrumb":{"@id":"https:\/\/devtntatelier.com\/jeremy\/entrevue-marie-pier-martel-restaurant-le-kastelet\/#breadcrumb"},"inLanguage":"fr-FR","potentialAction":[{"@type":"ReadAction","target":["https:\/\/devtntatelier.com\/jeremy\/entrevue-marie-pier-martel-restaurant-le-kastelet\/"]}]},{"@type":"ImageObject","inLanguage":"fr-FR","@id":"https:\/\/devtntatelier.com\/jeremy\/entrevue-marie-pier-martel-restaurant-le-kastelet\/#primaryimage","url":"https:\/\/devtntatelier.com\/jeremy\/wp-content\/uploads\/2022\/10\/marie-pier-martel-restaurant-le-kastelet-girardville-lac-saint-jean.png","contentUrl":"https:\/\/devtntatelier.com\/jeremy\/wp-content\/uploads\/2022\/10\/marie-pier-martel-restaurant-le-kastelet-girardville-lac-saint-jean.png","width":1200,"height":630,"caption":"Marie-Pier Martel du restaurant Le Kastelet \u00e0 Girardville"},{"@type":"BreadcrumbList","@id":"https:\/\/devtntatelier.com\/jeremy\/entrevue-marie-pier-martel-restaurant-le-kastelet\/#breadcrumb","itemListElement":[{"@type":"ListItem","position":1,"name":"Accueil","item":"https:\/\/devtntatelier.com\/jeremy\/"},{"@type":"ListItem","position":2,"name":"Entrevue avec Marie-Pier Martel du restaurant Le Kastelet"}]},{"@type":"WebSite","@id":"https:\/\/devtntatelier.com\/jeremy\/#website","url":"https:\/\/devtntatelier.com\/jeremy\/","name":"Extra Maria","description":"Blogue - D\u00e9couvertes locales et achat local","potentialAction":[{"@type":"SearchAction","target":{"@type":"EntryPoint","urlTemplate":"https:\/\/devtntatelier.com\/jeremy\/?s={search_term_string}"},"query-input":{"@type":"PropertyValueSpecification","valueRequired":true,"valueName":"search_term_string"}}],"inLanguage":"fr-FR"},{"@type":"Person","@id":"https:\/\/devtntatelier.com\/jeremy\/#\/schema\/person\/0a878778dd7d3b51f55c32fe3d0c565b","name":"Am\u00e9lia Fromage","image":{"@type":"ImageObject","inLanguage":"fr-FR","@id":"https:\/\/secure.gravatar.com\/avatar\/a89f2060bca3721d4e33f490e22f18c0ca3155a6e14f9b4f5566b298215bc3c0?s=96&d=mm&r=g","url":"https:\/\/secure.gravatar.com\/avatar\/a89f2060bca3721d4e33f490e22f18c0ca3155a6e14f9b4f5566b298215bc3c0?s=96&d=mm&r=g","contentUrl":"https:\/\/secure.gravatar.com\/avatar\/a89f2060bca3721d4e33f490e22f18c0ca3155a6e14f9b4f5566b298215bc3c0?s=96&d=mm&r=g","caption":"Am\u00e9lia Fromage"},"description":"De nature curieuse, j\u2019aime d\u00e9couvrir de nouvelles choses et en parler autour de moi. Mes deux passions : jardiner et manger du chocolat\u2026 (peut-\u00eatre qu\u2019un jour, je serai capable de faire pousser du chocolat, haha). Sinon, quoi vous dire? Ah oui! Par mon travail \u00e0 la SADC Maria-Chapdelaine, je suis en contact avec beaucoup d\u2019entrepreneurs et me donne comme mission de vous partager leurs bons coups et vous donner le go\u00fbt d\u2019acheter local. Parce que chaque petit geste compte pour faire une diff\u00e9rence. Bonne lecture!","sameAs":["https:\/\/sadcmaria.qc.ca"],"url":"https:\/\/devtntatelier.com\/jeremy\/author\/amelia\/"}]}},"modified_by":"Am\u00e9lia Fromage","_links":{"self":[{"href":"https:\/\/devtntatelier.com\/jeremy\/wp-json\/wp\/v2\/posts\/4453","targetHints":{"allow":["GET"]}}],"collection":[{"href":"https:\/\/devtntatelier.com\/jeremy\/wp-json\/wp\/v2\/posts"}],"about":[{"href":"https:\/\/devtntatelier.com\/jeremy\/wp-json\/wp\/v2\/types\/post"}],"author":[{"embeddable":true,"href":"https:\/\/devtntatelier.com\/jeremy\/wp-json\/wp\/v2\/users\/2"}],"replies":[{"embeddable":true,"href":"https:\/\/devtntatelier.com\/jeremy\/wp-json\/wp\/v2\/comments?post=4453"}],"version-history":[{"count":0,"href":"https:\/\/devtntatelier.com\/jeremy\/wp-json\/wp\/v2\/posts\/4453\/revisions"}],"wp:featuredmedia":[{"embeddable":true,"href":"https:\/\/devtntatelier.com\/jeremy\/wp-json\/wp\/v2\/media\/4455"}],"wp:attachment":[{"href":"https:\/\/devtntatelier.com\/jeremy\/wp-json\/wp\/v2\/media?parent=4453"}],"wp:term":[{"taxonomy":"category","embeddable":true,"href":"https:\/\/devtntatelier.com\/jeremy\/wp-json\/wp\/v2\/categories?post=4453"},{"taxonomy":"post_tag","embeddable":true,"href":"https:\/\/devtntatelier.com\/jeremy\/wp-json\/wp\/v2\/tags?post=4453"}],"curies":[{"name":"wp","href":"https:\/\/api.w.org\/{rel}","templated":true}]}}