{"id":4093,"date":"2022-08-25T18:58:59","date_gmt":"2022-08-25T22:58:59","guid":{"rendered":"https:\/\/devtntatelier.com\/jeremy\/?p=4093"},"modified":"2022-08-25T19:11:40","modified_gmt":"2022-08-25T23:11:40","slug":"nous-sommes-litha-cours-yoga-retraites-uniques-saguenay-lac-st-jean","status":"publish","type":"post","link":"https:\/\/devtntatelier.com\/jeremy\/nous-sommes-litha-cours-yoga-retraites-uniques-saguenay-lac-st-jean\/","title":{"rendered":"\u00ab\u00a0NOUS SOMMES LITHA\u00a0\u00bb : des cours de yoga et des retraites uniques au Lac-St-Jean!"},"content":{"rendered":"<p>[et_pb_section fb_built=\u00a0\u00bb1&Prime; _builder_version=\u00a0\u00bb4.18.0&Prime; _module_preset=\u00a0\u00bbdefault\u00a0\u00bb global_colors_info=\u00a0\u00bb{}\u00a0\u00bb][et_pb_row _builder_version=\u00a0\u00bb4.18.0&Prime; _module_preset=\u00a0\u00bbdefault\u00a0\u00bb global_colors_info=\u00a0\u00bb{}\u00a0\u00bb][et_pb_column type=\u00a0\u00bb4_4&Prime; _builder_version=\u00a0\u00bb4.18.0&Prime; _module_preset=\u00a0\u00bbdefault\u00a0\u00bb global_colors_info=\u00a0\u00bb{}\u00a0\u00bb][et_pb_text _builder_version=\u00a0\u00bb4.18.0&Prime; _module_preset=\u00a0\u00bbdefault\u00a0\u00bb global_colors_info=\u00a0\u00bb{}\u00a0\u00bb]<\/p>\n<p><span>Emmanuelle Deschesnes a voyag\u00e9 partout \u00e0 travers le monde. C\u2019est en 2015, en Australie, qu\u2019elle tombe litt\u00e9ralement en amour avec le yoga. S\u00e9duite par tous les bienfaits que cette pratique lui apporte, elle d\u00e9cide de faire de sa nouvelle passion un m\u00e9tier : professeure de yoga. Cumulant maintenant plus de 500 h de formation aux quatre coins du globe, dont 80 h en yoga pour enfants, Emmanuelle a le vent dans les voiles avec son entreprise \u00ab\u00a0<strong><em>Nous sommes Litha<\/em><\/strong>\u00a0\u00bb, lanc\u00e9e officiellement en d\u00e9cembre 2021 \u00e0 Dolbeau-Mistassini.<\/span><\/p>\n<h2><span>Bien plus que du yoga!<\/span><\/h2>\n<p><span>Apr\u00e8s avoir voyag\u00e9 sur tous les continents, l\u2019entrepreneure souhaite maintenant partager sa passion et faire conna\u00eetre, \u00e0 sa fa\u00e7on, le yoga aux gens de sa r\u00e9gion. \u00ab\u00a0<em>Nous sommes Litha<\/em>\u00a0\u00bb propose plusieurs services, dont une sp\u00e9cialisation en yoga pour enfants. <strong>D\u2019ailleurs, depuis mai 2021, c\u2019est plus de 10 \u00e9coles (primaires et secondaires) sur le territoire de la MRC de Marie-Chapdelaine qui ont accept\u00e9 de faire vivre le yoga aux enfants.<\/strong> Les r\u00e9sultats sont concluants ; les jeunes autant que les enseignants adorent vivre cette exp\u00e9rience aux multiples bienfaits!<\/span><\/p>\n<p><span>\u00ab\u00a0<em>Nous sommes Litha<\/em>\u00a0\u00bb offre aussi des<\/span> c<strong>ours de yoga priv\u00e9s \u00e0 des entreprises d\u2019ici qui souhaitent investir dans le bien-\u00eatre de leurs employ\u00e9s<\/strong>. <span>C\u2019est prouv\u00e9 : la pratique du yoga aide \u00e0 la productivit\u00e9, am\u00e9liore le moral, l\u2019\u00e9nergie, l\u2019immunit\u00e9 et la concentration, r\u00e9duit le stress, et plus encore. Parce que oui, il est possible de briller, m\u00eame au travail! De plus, des retraites de yoga priv\u00e9es, en formule tout inclus et <\/span>con<span>\u00e7ues sur mesure pour les PME, sont \u00e9galement offertes dans le but de rassembler les <\/span>employ<span>\u00e9s quelques jours dans un contexte hors travail. Une pause d\u00e9tente bien m\u00e9rit\u00e9e et des pratiques de yoga adapt\u00e9es, autant pour les d\u00e9butants que pour les plus avanc\u00e9s!<\/span><\/p>\n<p><span style=\"background-color: transparent;\">\u00c0 ces services de yoga pour enfants et pour entreprises, s<\/span><span style=\"background-color: transparent;\">\u2019<\/span><span style=\"background-color: transparent;\">ajoutent l<\/span><span style=\"background-color: transparent;\">es<strong> cours de yoga <\/strong><\/span><span style=\"background-color: transparent;\"><strong>en services de garde et en CPE<\/strong>, ainsi que <strong>d\u2019autres <\/strong><\/span><strong><span style=\"background-color: transparent;\">adapt<\/span><\/strong><span style=\"background-color: transparent;\"><strong>\u00e9s aux a\u00een\u00e9s en r\u00e9sidences pour personnes \u00e2g\u00e9es<\/strong>.<\/span><\/p>\n<p>[\/et_pb_text][\/et_pb_column][\/et_pb_row][et_pb_row column_structure=\u00a0\u00bb1_2,1_2&Prime; _builder_version=\u00a0\u00bb4.18.0&Prime; _module_preset=\u00a0\u00bbdefault\u00a0\u00bb global_colors_info=\u00a0\u00bb{}\u00a0\u00bb][et_pb_column type=\u00a0\u00bb1_2&Prime; _builder_version=\u00a0\u00bb4.18.0&Prime; _module_preset=\u00a0\u00bbdefault\u00a0\u00bb global_colors_info=\u00a0\u00bb{}\u00a0\u00bb][et_pb_image src=\u00a0\u00bbhttps:\/\/devtntatelier.com\/jeremy\/wp-content\/uploads\/2022\/08\/cours-yoga-dolbeau-mistassini-2.jpg\u00a0\u00bb title_text=\u00a0\u00bbcours-yoga-dolbeau-mistassini-2&Prime; _builder_version=\u00a0\u00bb4.18.0&Prime; _module_preset=\u00a0\u00bbdefault\u00a0\u00bb global_colors_info=\u00a0\u00bb{}\u00a0\u00bb][\/et_pb_image][\/et_pb_column][et_pb_column type=\u00a0\u00bb1_2&Prime; _builder_version=\u00a0\u00bb4.18.0&Prime; _module_preset=\u00a0\u00bbdefault\u00a0\u00bb global_colors_info=\u00a0\u00bb{}\u00a0\u00bb][et_pb_image src=\u00a0\u00bbhttps:\/\/devtntatelier.com\/jeremy\/wp-content\/uploads\/2022\/08\/cours-yoga-dolbeau-mistassini-1.jpg\u00a0\u00bb title_text=\u00a0\u00bbcours-yoga-dolbeau-mistassini-1&Prime; _builder_version=\u00a0\u00bb4.18.0&Prime; _module_preset=\u00a0\u00bbdefault\u00a0\u00bb global_colors_info=\u00a0\u00bb{}\u00a0\u00bb][\/et_pb_image][\/et_pb_column][\/et_pb_row][et_pb_row _builder_version=\u00a0\u00bb4.18.0&Prime; _module_preset=\u00a0\u00bbdefault\u00a0\u00bb global_colors_info=\u00a0\u00bb{}\u00a0\u00bb][et_pb_column type=\u00a0\u00bb4_4&Prime; _builder_version=\u00a0\u00bb4.18.0&Prime; _module_preset=\u00a0\u00bbdefault\u00a0\u00bb global_colors_info=\u00a0\u00bb{}\u00a0\u00bb][et_pb_text _builder_version=\u00a0\u00bb4.18.0&Prime; _module_preset=\u00a0\u00bbdefault\u00a0\u00bb custom_padding=\u00a0\u00bb||0px|||\u00a0\u00bb global_colors_info=\u00a0\u00bb{}\u00a0\u00bb]<\/p>\n<h2><span>Mettre en valeur la beaut\u00e9 et les attraits de la r\u00e9gion<\/span><\/h2>\n<p><span>\u00ab\u00a0<em>Nous sommes Litha<\/em>\u00a0\u00bb comporte aussi un volet touristique int\u00e9ressant. En tirant avantage des paysages magnifiques de la r\u00e9gion et en collaborant avec des sites d\u2019h\u00e9bergement sur le territoire du Lac-St-Jean, l<\/span>\u2019<span>entreprise con\u00e7oit des exp\u00e9riences uniques et immersives par l<\/span>\u2019<span>entremise de retraites en formule tout<\/span> inclus<span> o<\/span>\u00f9 <span>des gens de partout au Qu\u00e9bec viennent pratiquer le yoga, apprendre \u00e0 travers divers ateliers et se ressourcer en pleine nature. <strong>Chaque retraite est diff\u00e9<\/strong><\/span><strong>rente : le th\u00e8me, les invit\u00e9s, le site d\u2019<\/strong><span><strong>h\u00e9bergement choisi\u2026<\/strong> Il y en a pour tous les go\u00fbts! La prochaine retraite aura lieu en septembre prochain et d\u2019autres dates sont \u00e0 venir pour l\u2019automne et l\u2019hiver. Restez \u00e0 l\u2019aff\u00fbt! <span style=\"color: #e09900;\"><a href=\"https:\/\/www.wearelitha.com\/retraitesyoga\/saguenay-lacstjean\" style=\"color: #e09900; text-decoration: underline;\">https:\/\/www.wearelitha.com\/retraitesyoga\/saguenay-lacstjean<\/a><\/span><\/span><\/p>\n<p>[\/et_pb_text][et_pb_image src=\u00a0\u00bbhttps:\/\/devtntatelier.com\/jeremy\/wp-content\/uploads\/2022\/08\/cours-yoga-dolbeau-mistassini-5.jpg\u00a0\u00bb title_text=\u00a0\u00bbcours-yoga-dolbeau-mistassini-5&Prime; _builder_version=\u00a0\u00bb4.18.0&Prime; _module_preset=\u00a0\u00bbdefault\u00a0\u00bb global_colors_info=\u00a0\u00bb{}\u00a0\u00bb][\/et_pb_image][\/et_pb_column][\/et_pb_row][et_pb_row _builder_version=\u00a0\u00bb4.18.0&Prime; _module_preset=\u00a0\u00bbdefault\u00a0\u00bb global_colors_info=\u00a0\u00bb{}\u00a0\u00bb][et_pb_column type=\u00a0\u00bb4_4&Prime; _builder_version=\u00a0\u00bb4.18.0&Prime; _module_preset=\u00a0\u00bbdefault\u00a0\u00bb global_colors_info=\u00a0\u00bb{}\u00a0\u00bb][et_pb_text _builder_version=\u00a0\u00bb4.18.0&Prime; _module_preset=\u00a0\u00bbdefault\u00a0\u00bb global_colors_info=\u00a0\u00bb{}\u00a0\u00bb]<\/p>\n<h2><span>Mettre en valeur la beaut\u00e9 et les attraits de la r\u00e9gion<\/span><\/h2>\n<p><span>\u00ab\u00a0<em>Nous sommes Litha<\/em>\u00a0\u00bb comporte aussi un volet touristique int\u00e9ressant. En tirant avantage des paysages magnifiques de la r\u00e9gion et en collaborant avec des sites d\u2019h\u00e9bergement sur le territoire du Lac-St-Jean, l<\/span>\u2019<span>entreprise con\u00e7oit des exp\u00e9riences uniques et immersives par l<\/span>\u2019<span>entremise de retraites en formule tout<\/span> inclus<span> o<\/span>\u00f9 <span>des gens de partout au Qu\u00e9bec viennent pratiquer le yoga, apprendre \u00e0 travers divers ateliers et se ressourcer en pleine nature. Chaque retraite est diff\u00e9<\/span>rente<span> : le<\/span> th\u00e8<span>me, les invit\u00e9s, <\/span>le site d\u2019<span>h\u00e9bergement choisi\u2026 il y en a pour tous les go\u00fbts! <strong>La prochaine retraite aura lieu en septembre prochain et d\u2019autres dates sont \u00e0 venir pour l\u2019automne et l\u2019hiver.<\/strong><\/span><\/p>\n<p>[\/et_pb_text][\/et_pb_column][\/et_pb_row][et_pb_row column_structure=\u00a0\u00bb1_2,1_2&Prime; _builder_version=\u00a0\u00bb4.18.0&Prime; _module_preset=\u00a0\u00bbdefault\u00a0\u00bb global_colors_info=\u00a0\u00bb{}\u00a0\u00bb][et_pb_column type=\u00a0\u00bb1_2&Prime; _builder_version=\u00a0\u00bb4.18.0&Prime; _module_preset=\u00a0\u00bbdefault\u00a0\u00bb global_colors_info=\u00a0\u00bb{}\u00a0\u00bb][et_pb_image src=\u00a0\u00bbhttps:\/\/devtntatelier.com\/jeremy\/wp-content\/uploads\/2022\/08\/cours-yoga-dolbeau-mistassini-3.jpg\u00a0\u00bb title_text=\u00a0\u00bbcours-yoga-dolbeau-mistassini-3&Prime; _builder_version=\u00a0\u00bb4.18.0&Prime; _module_preset=\u00a0\u00bbdefault\u00a0\u00bb global_colors_info=\u00a0\u00bb{}\u00a0\u00bb][\/et_pb_image][\/et_pb_column][et_pb_column type=\u00a0\u00bb1_2&Prime; _builder_version=\u00a0\u00bb4.18.0&Prime; _module_preset=\u00a0\u00bbdefault\u00a0\u00bb global_colors_info=\u00a0\u00bb{}\u00a0\u00bb][et_pb_image src=\u00a0\u00bbhttps:\/\/devtntatelier.com\/jeremy\/wp-content\/uploads\/2022\/08\/cours-yoga-dolbeau-mistassini-4.jpg\u00a0\u00bb title_text=\u00a0\u00bbcours-yoga-dolbeau-mistassini-4&Prime; _builder_version=\u00a0\u00bb4.18.0&Prime; _module_preset=\u00a0\u00bbdefault\u00a0\u00bb global_colors_info=\u00a0\u00bb{}\u00a0\u00bb][\/et_pb_image][\/et_pb_column][\/et_pb_row][et_pb_row _builder_version=\u00a0\u00bb4.18.0&Prime; _module_preset=\u00a0\u00bbdefault\u00a0\u00bb global_colors_info=\u00a0\u00bb{}\u00a0\u00bb][et_pb_column type=\u00a0\u00bb4_4&Prime; _builder_version=\u00a0\u00bb4.18.0&Prime; _module_preset=\u00a0\u00bbdefault\u00a0\u00bb global_colors_info=\u00a0\u00bb{}\u00a0\u00bb][et_pb_text _builder_version=\u00a0\u00bb4.18.0&Prime; _module_preset=\u00a0\u00bbdefault\u00a0\u00bb global_colors_info=\u00a0\u00bb{}\u00a0\u00bb custom_padding=\u00a0\u00bb||0px|||\u00a0\u00bb]<\/p>\n<h2><span><a href=\"https:\/\/www.wearelitha.com\/retraitesyoga\/saguenay-lacstjean\"><\/a><\/span>Ce n\u2019est qu\u2019un d\u00e9but!<\/h2>\n<p><span>\u00ab\u00a0<em>Nous sommes Litha\u00a0<\/em>\u00bb est en plein essor; beaucoup d\u2019\u00e9v\u00e9nements et de sessions de yoga sont d\u00e9j\u00e0 \u00e0 l\u2019horaire pour l\u2019automne! Aussi, <strong>d\u00e8s septembre, Emmanuelle lancera un important projet de formation pour les enseignants, les intervenants et les \u00e9ducateurs en service de garde et en CPE<\/strong>. Cette certification, adapt\u00e9e au syst\u00e8me d\u2019\u00e9ducation, proposera plusieurs outils afin <\/span>qu<span>e l\u2019ensemble de ces professionnels puissent incorporer<\/span> le yoga <span>dans la routine quotidienne des enfants et ainsi leur permettre d\u2019en retirer plusieurs bienfaits. Une nouveaut\u00e9 tr\u00e8s attendue!<\/span><\/p>\n<p><span>La pratique du yoga gagne en popularit\u00e9 partout dans le monde, et le Lac-St-Jean n\u2019y fait pas exception! Que vous soyez d\u00e9j\u00e0 accro ou plut\u00f4t curieux d\u2019en apprendre davantage, nous vous invitons \u00e0 d\u00e9couvrir l\u2019univers \u00ab\u00a0<em>Nous sommes Litha<\/em> \u00bb!<\/span><\/p>\n<p><span><em>Namaste!<\/em><\/span><\/p>\n<p><span> Contact :<\/span><br \/><span>Emmanuelle Deschesnes<\/span><br \/><span style=\"color: #e09900;\"><a href=\"tel:4183503282\" style=\"color: #e09900;\">418 350-3282<\/a><\/span><br \/><span style=\"color: #e09900;\"><a href=\"mailto:connexion@wearelitha.com\" style=\"color: #e09900;\">connexion@wearelitha.com<\/a><\/span><br \/><span style=\"color: #e09900;\"><a href=\"https:\/\/www.facebook.com\/noussommeslitha\/\" style=\"color: #e09900;\">https:\/\/www.facebook.com\/noussommeslitha\/<\/a><\/span><br \/><span style=\"color: #e09900;\"> <a href=\"https:\/\/www.wearelitha.com\" style=\"color: #e09900;\">www.wearelitha.com<\/a><\/span><\/p>\n<p>[\/et_pb_text][\/et_pb_column][\/et_pb_row][\/et_pb_section]<\/p>\n","protected":false},"excerpt":{"rendered":"<p>Emmanuelle Deschesnes a voyag\u00e9 partout \u00e0 travers le monde. C\u2019est en 2015, en Australie, qu\u2019elle tombe litt\u00e9ralement en amour avec le yoga. S\u00e9duite par tous les bienfaits que cette pratique [&hellip;]<\/p>\n","protected":false},"author":14,"featured_media":4100,"comment_status":"open","ping_status":"closed","sticky":false,"template":"","format":"standard","meta":{"_et_pb_use_builder":"on","_et_pb_old_content":"","_et_gb_content_width":"","_lmt_disableupdate":"","_lmt_disable":"","_price":"","_stock":"","_tribe_ticket_header":"","_tribe_default_ticket_provider":"","_tribe_ticket_capacity":"0","_ticket_start_date":"","_ticket_end_date":"","_tribe_ticket_show_description":"","_tribe_ticket_show_not_going":false,"_tribe_ticket_use_global_stock":"","_tribe_ticket_global_stock_level":"","_global_stock_mode":"","_global_stock_cap":"","_tribe_rsvp_for_event":"","_tribe_ticket_going_count":"","_tribe_ticket_not_going_count":"","_tribe_tickets_list":"[]","_tribe_ticket_has_attendee_info_fields":false,"footnotes":""},"categories":[5,1],"tags":[],"class_list":["post-4093","post","type-post","status-publish","format-standard","has-post-thumbnail","hentry","category-cest-nouveau","category-articles-achat-local-extra-maria"],"yoast_head":"<!-- This site is optimized with the Yoast SEO Premium plugin v25.9 (Yoast SEO v28.4) - https:\/\/yoast.com\/product\/yoast-seo-premium-wordpress\/ -->\n<title>\u00ab\u00a0NOUS SOMMES LITHA\u00a0\u00bb : des cours de yoga et des retraites uniques au Lac-St-Jean! - Extra Maria<\/title>\n<meta name=\"robots\" content=\"index, follow, max-snippet:-1, max-image-preview:large, max-video-preview:-1\" \/>\n<link rel=\"canonical\" href=\"https:\/\/devtntatelier.com\/jeremy\/nous-sommes-litha-cours-yoga-retraites-uniques-saguenay-lac-st-jean\/\" \/>\n<meta property=\"og:locale\" content=\"fr_FR\" \/>\n<meta property=\"og:type\" content=\"article\" \/>\n<meta property=\"og:title\" content=\"\u00ab\u00a0NOUS SOMMES LITHA\u00a0\u00bb : des cours de yoga et des retraites uniques au Lac-St-Jean!\" \/>\n<meta property=\"og:url\" content=\"https:\/\/devtntatelier.com\/jeremy\/nous-sommes-litha-cours-yoga-retraites-uniques-saguenay-lac-st-jean\/\" \/>\n<meta property=\"og:site_name\" content=\"Extra Maria\" \/>\n<meta property=\"article:published_time\" content=\"2022-08-25T22:58:59+00:00\" \/>\n<meta property=\"article:modified_time\" content=\"2022-08-25T23:11:40+00:00\" \/>\n<meta property=\"og:image\" content=\"https:\/\/devtntatelier.com\/jeremy\/wp-content\/uploads\/2022\/08\/cours-yoga-dolbeau-mistassini-6.jpg\" \/>\n\t<meta property=\"og:image:width\" content=\"1200\" \/>\n\t<meta property=\"og:image:height\" content=\"630\" \/>\n\t<meta property=\"og:image:type\" content=\"image\/jpeg\" \/>\n<meta name=\"author\" content=\"Marie-Pier Gilbert-Painchaud\" \/>\n<meta name=\"twitter:card\" content=\"summary_large_image\" \/>\n<meta name=\"twitter:label1\" content=\"\u00c9crit par\" \/>\n\t<meta name=\"twitter:data1\" content=\"Marie-Pier Gilbert-Painchaud\" \/>\n\t<meta name=\"twitter:label2\" content=\"Dur\u00e9e de lecture estim\u00e9e\" \/>\n\t<meta name=\"twitter:data2\" content=\"5 minutes\" \/>\n<script type=\"application\/ld+json\" class=\"yoast-schema-graph\">{\"@context\":\"https:\\\/\\\/schema.org\",\"@graph\":[{\"@type\":\"Article\",\"@id\":\"https:\\\/\\\/devtntatelier.com\\\/jeremy\\\/nous-sommes-litha-cours-yoga-retraites-uniques-saguenay-lac-st-jean\\\/#article\",\"isPartOf\":{\"@id\":\"https:\\\/\\\/devtntatelier.com\\\/jeremy\\\/nous-sommes-litha-cours-yoga-retraites-uniques-saguenay-lac-st-jean\\\/\"},\"author\":{\"name\":\"Marie-Pier Gilbert-Painchaud\",\"@id\":\"https:\\\/\\\/devtntatelier.com\\\/jeremy\\\/#\\\/schema\\\/person\\\/a75d9454b4b934d8e56995ad029a4767\"},\"headline\":\"\u00ab\u00a0NOUS SOMMES LITHA\u00a0\u00bb : des cours de yoga et des retraites uniques au Lac-St-Jean!\",\"datePublished\":\"2022-08-25T22:58:59+00:00\",\"dateModified\":\"2022-08-25T23:11:40+00:00\",\"mainEntityOfPage\":{\"@id\":\"https:\\\/\\\/devtntatelier.com\\\/jeremy\\\/nous-sommes-litha-cours-yoga-retraites-uniques-saguenay-lac-st-jean\\\/\"},\"wordCount\":1219,\"commentCount\":0,\"image\":{\"@id\":\"https:\\\/\\\/devtntatelier.com\\\/jeremy\\\/nous-sommes-litha-cours-yoga-retraites-uniques-saguenay-lac-st-jean\\\/#primaryimage\"},\"thumbnailUrl\":\"https:\\\/\\\/devtntatelier.com\\\/jeremy\\\/wp-content\\\/uploads\\\/2022\\\/08\\\/cours-yoga-dolbeau-mistassini-6.jpg\",\"articleSection\":[\"C'est nouveau!\",\"Tous les articles\"],\"inLanguage\":\"fr-FR\",\"potentialAction\":[{\"@type\":\"CommentAction\",\"name\":\"Comment\",\"target\":[\"https:\\\/\\\/devtntatelier.com\\\/jeremy\\\/nous-sommes-litha-cours-yoga-retraites-uniques-saguenay-lac-st-jean\\\/#respond\"]}]},{\"@type\":\"WebPage\",\"@id\":\"https:\\\/\\\/devtntatelier.com\\\/jeremy\\\/nous-sommes-litha-cours-yoga-retraites-uniques-saguenay-lac-st-jean\\\/\",\"url\":\"https:\\\/\\\/devtntatelier.com\\\/jeremy\\\/nous-sommes-litha-cours-yoga-retraites-uniques-saguenay-lac-st-jean\\\/\",\"name\":\"\u00ab\u00a0NOUS SOMMES LITHA\u00a0\u00bb : des cours de yoga et des retraites uniques au Lac-St-Jean! - Extra Maria\",\"isPartOf\":{\"@id\":\"https:\\\/\\\/devtntatelier.com\\\/jeremy\\\/#website\"},\"primaryImageOfPage\":{\"@id\":\"https:\\\/\\\/devtntatelier.com\\\/jeremy\\\/nous-sommes-litha-cours-yoga-retraites-uniques-saguenay-lac-st-jean\\\/#primaryimage\"},\"image\":{\"@id\":\"https:\\\/\\\/devtntatelier.com\\\/jeremy\\\/nous-sommes-litha-cours-yoga-retraites-uniques-saguenay-lac-st-jean\\\/#primaryimage\"},\"thumbnailUrl\":\"https:\\\/\\\/devtntatelier.com\\\/jeremy\\\/wp-content\\\/uploads\\\/2022\\\/08\\\/cours-yoga-dolbeau-mistassini-6.jpg\",\"datePublished\":\"2022-08-25T22:58:59+00:00\",\"dateModified\":\"2022-08-25T23:11:40+00:00\",\"author\":{\"@id\":\"https:\\\/\\\/devtntatelier.com\\\/jeremy\\\/#\\\/schema\\\/person\\\/a75d9454b4b934d8e56995ad029a4767\"},\"breadcrumb\":{\"@id\":\"https:\\\/\\\/devtntatelier.com\\\/jeremy\\\/nous-sommes-litha-cours-yoga-retraites-uniques-saguenay-lac-st-jean\\\/#breadcrumb\"},\"inLanguage\":\"fr-FR\",\"potentialAction\":[{\"@type\":\"ReadAction\",\"target\":[\"https:\\\/\\\/devtntatelier.com\\\/jeremy\\\/nous-sommes-litha-cours-yoga-retraites-uniques-saguenay-lac-st-jean\\\/\"]}]},{\"@type\":\"ImageObject\",\"inLanguage\":\"fr-FR\",\"@id\":\"https:\\\/\\\/devtntatelier.com\\\/jeremy\\\/nous-sommes-litha-cours-yoga-retraites-uniques-saguenay-lac-st-jean\\\/#primaryimage\",\"url\":\"https:\\\/\\\/devtntatelier.com\\\/jeremy\\\/wp-content\\\/uploads\\\/2022\\\/08\\\/cours-yoga-dolbeau-mistassini-6.jpg\",\"contentUrl\":\"https:\\\/\\\/devtntatelier.com\\\/jeremy\\\/wp-content\\\/uploads\\\/2022\\\/08\\\/cours-yoga-dolbeau-mistassini-6.jpg\",\"width\":1200,\"height\":630,\"caption\":\"Cours de yoga pour adulte et enfant\"},{\"@type\":\"BreadcrumbList\",\"@id\":\"https:\\\/\\\/devtntatelier.com\\\/jeremy\\\/nous-sommes-litha-cours-yoga-retraites-uniques-saguenay-lac-st-jean\\\/#breadcrumb\",\"itemListElement\":[{\"@type\":\"ListItem\",\"position\":1,\"name\":\"Accueil\",\"item\":\"https:\\\/\\\/devtntatelier.com\\\/jeremy\\\/\"},{\"@type\":\"ListItem\",\"position\":2,\"name\":\"\u00ab\u00a0NOUS SOMMES LITHA\u00a0\u00bb : des cours de yoga et des retraites uniques au Lac-St-Jean!\"}]},{\"@type\":\"WebSite\",\"@id\":\"https:\\\/\\\/devtntatelier.com\\\/jeremy\\\/#website\",\"url\":\"https:\\\/\\\/devtntatelier.com\\\/jeremy\\\/\",\"name\":\"Extra Maria\",\"description\":\"Blogue - D\u00e9couvertes locales et achat local\",\"potentialAction\":[{\"@type\":\"SearchAction\",\"target\":{\"@type\":\"EntryPoint\",\"urlTemplate\":\"https:\\\/\\\/devtntatelier.com\\\/jeremy\\\/?s={search_term_string}\"},\"query-input\":{\"@type\":\"PropertyValueSpecification\",\"valueRequired\":true,\"valueName\":\"search_term_string\"}}],\"inLanguage\":\"fr-FR\"},{\"@type\":\"Person\",\"@id\":\"https:\\\/\\\/devtntatelier.com\\\/jeremy\\\/#\\\/schema\\\/person\\\/a75d9454b4b934d8e56995ad029a4767\",\"name\":\"Marie-Pier Gilbert-Painchaud\",\"image\":{\"@type\":\"ImageObject\",\"inLanguage\":\"fr-FR\",\"@id\":\"https:\\\/\\\/secure.gravatar.com\\\/avatar\\\/fe27e9f9062ed941d749818bec6e48f7c40c15e42f29a9285ecb77138c8113b5?s=96&d=mm&r=g\",\"url\":\"https:\\\/\\\/secure.gravatar.com\\\/avatar\\\/fe27e9f9062ed941d749818bec6e48f7c40c15e42f29a9285ecb77138c8113b5?s=96&d=mm&r=g\",\"contentUrl\":\"https:\\\/\\\/secure.gravatar.com\\\/avatar\\\/fe27e9f9062ed941d749818bec6e48f7c40c15e42f29a9285ecb77138c8113b5?s=96&d=mm&r=g\",\"caption\":\"Marie-Pier Gilbert-Painchaud\"},\"description\":\"Originaire de Normandin et passionn\u00e9e par la lecture, les voyages, la musique, les m\u00e9dias sociaux et le caf\u00e9, je suis une femme de d\u00e9fis aux multiples talents. Intervenante sociale de formation, j\u2019ai, depuis toujours, un int\u00e9r\u00eat marqu\u00e9 pour l\u2019\u00e9criture. Gr\u00e2ce \u00e0 ma plume unique et singuli\u00e8re, j\u2019ai su trouver ma place, au fil des ann\u00e9es, dans le merveilleux monde de l\u2019entrepreneuriat. Je travaille maintenant \u00e0 mon compte \u00e0 Flori.\",\"url\":\"https:\\\/\\\/devtntatelier.com\\\/jeremy\\\/author\\\/extramariepiergmail-com\\\/\"}]}<\/script>\n<!-- \/ Yoast SEO Premium plugin. -->","yoast_head_json":{"title":"\u00ab\u00a0NOUS SOMMES LITHA\u00a0\u00bb : des cours de yoga et des retraites uniques au Lac-St-Jean! - Extra Maria","robots":{"index":"index","follow":"follow","max-snippet":"max-snippet:-1","max-image-preview":"max-image-preview:large","max-video-preview":"max-video-preview:-1"},"canonical":"https:\/\/devtntatelier.com\/jeremy\/nous-sommes-litha-cours-yoga-retraites-uniques-saguenay-lac-st-jean\/","og_locale":"fr_FR","og_type":"article","og_title":"\u00ab\u00a0NOUS SOMMES LITHA\u00a0\u00bb : des cours de yoga et des retraites uniques au Lac-St-Jean!","og_url":"https:\/\/devtntatelier.com\/jeremy\/nous-sommes-litha-cours-yoga-retraites-uniques-saguenay-lac-st-jean\/","og_site_name":"Extra Maria","article_published_time":"2022-08-25T22:58:59+00:00","article_modified_time":"2022-08-25T23:11:40+00:00","og_image":[{"width":1200,"height":630,"url":"https:\/\/devtntatelier.com\/jeremy\/wp-content\/uploads\/2022\/08\/cours-yoga-dolbeau-mistassini-6.jpg","type":"image\/jpeg"}],"author":"Marie-Pier Gilbert-Painchaud","twitter_card":"summary_large_image","twitter_misc":{"\u00c9crit par":"Marie-Pier Gilbert-Painchaud","Dur\u00e9e de lecture estim\u00e9e":"5 minutes"},"schema":{"@context":"https:\/\/schema.org","@graph":[{"@type":"Article","@id":"https:\/\/devtntatelier.com\/jeremy\/nous-sommes-litha-cours-yoga-retraites-uniques-saguenay-lac-st-jean\/#article","isPartOf":{"@id":"https:\/\/devtntatelier.com\/jeremy\/nous-sommes-litha-cours-yoga-retraites-uniques-saguenay-lac-st-jean\/"},"author":{"name":"Marie-Pier Gilbert-Painchaud","@id":"https:\/\/devtntatelier.com\/jeremy\/#\/schema\/person\/a75d9454b4b934d8e56995ad029a4767"},"headline":"\u00ab\u00a0NOUS SOMMES LITHA\u00a0\u00bb : des cours de yoga et des retraites uniques au Lac-St-Jean!","datePublished":"2022-08-25T22:58:59+00:00","dateModified":"2022-08-25T23:11:40+00:00","mainEntityOfPage":{"@id":"https:\/\/devtntatelier.com\/jeremy\/nous-sommes-litha-cours-yoga-retraites-uniques-saguenay-lac-st-jean\/"},"wordCount":1219,"commentCount":0,"image":{"@id":"https:\/\/devtntatelier.com\/jeremy\/nous-sommes-litha-cours-yoga-retraites-uniques-saguenay-lac-st-jean\/#primaryimage"},"thumbnailUrl":"https:\/\/devtntatelier.com\/jeremy\/wp-content\/uploads\/2022\/08\/cours-yoga-dolbeau-mistassini-6.jpg","articleSection":["C'est nouveau!","Tous les articles"],"inLanguage":"fr-FR","potentialAction":[{"@type":"CommentAction","name":"Comment","target":["https:\/\/devtntatelier.com\/jeremy\/nous-sommes-litha-cours-yoga-retraites-uniques-saguenay-lac-st-jean\/#respond"]}]},{"@type":"WebPage","@id":"https:\/\/devtntatelier.com\/jeremy\/nous-sommes-litha-cours-yoga-retraites-uniques-saguenay-lac-st-jean\/","url":"https:\/\/devtntatelier.com\/jeremy\/nous-sommes-litha-cours-yoga-retraites-uniques-saguenay-lac-st-jean\/","name":"\u00ab\u00a0NOUS SOMMES LITHA\u00a0\u00bb : des cours de yoga et des retraites uniques au Lac-St-Jean! - Extra Maria","isPartOf":{"@id":"https:\/\/devtntatelier.com\/jeremy\/#website"},"primaryImageOfPage":{"@id":"https:\/\/devtntatelier.com\/jeremy\/nous-sommes-litha-cours-yoga-retraites-uniques-saguenay-lac-st-jean\/#primaryimage"},"image":{"@id":"https:\/\/devtntatelier.com\/jeremy\/nous-sommes-litha-cours-yoga-retraites-uniques-saguenay-lac-st-jean\/#primaryimage"},"thumbnailUrl":"https:\/\/devtntatelier.com\/jeremy\/wp-content\/uploads\/2022\/08\/cours-yoga-dolbeau-mistassini-6.jpg","datePublished":"2022-08-25T22:58:59+00:00","dateModified":"2022-08-25T23:11:40+00:00","author":{"@id":"https:\/\/devtntatelier.com\/jeremy\/#\/schema\/person\/a75d9454b4b934d8e56995ad029a4767"},"breadcrumb":{"@id":"https:\/\/devtntatelier.com\/jeremy\/nous-sommes-litha-cours-yoga-retraites-uniques-saguenay-lac-st-jean\/#breadcrumb"},"inLanguage":"fr-FR","potentialAction":[{"@type":"ReadAction","target":["https:\/\/devtntatelier.com\/jeremy\/nous-sommes-litha-cours-yoga-retraites-uniques-saguenay-lac-st-jean\/"]}]},{"@type":"ImageObject","inLanguage":"fr-FR","@id":"https:\/\/devtntatelier.com\/jeremy\/nous-sommes-litha-cours-yoga-retraites-uniques-saguenay-lac-st-jean\/#primaryimage","url":"https:\/\/devtntatelier.com\/jeremy\/wp-content\/uploads\/2022\/08\/cours-yoga-dolbeau-mistassini-6.jpg","contentUrl":"https:\/\/devtntatelier.com\/jeremy\/wp-content\/uploads\/2022\/08\/cours-yoga-dolbeau-mistassini-6.jpg","width":1200,"height":630,"caption":"Cours de yoga pour adulte et enfant"},{"@type":"BreadcrumbList","@id":"https:\/\/devtntatelier.com\/jeremy\/nous-sommes-litha-cours-yoga-retraites-uniques-saguenay-lac-st-jean\/#breadcrumb","itemListElement":[{"@type":"ListItem","position":1,"name":"Accueil","item":"https:\/\/devtntatelier.com\/jeremy\/"},{"@type":"ListItem","position":2,"name":"\u00ab\u00a0NOUS SOMMES LITHA\u00a0\u00bb : des cours de yoga et des retraites uniques au Lac-St-Jean!"}]},{"@type":"WebSite","@id":"https:\/\/devtntatelier.com\/jeremy\/#website","url":"https:\/\/devtntatelier.com\/jeremy\/","name":"Extra Maria","description":"Blogue - D\u00e9couvertes locales et achat local","potentialAction":[{"@type":"SearchAction","target":{"@type":"EntryPoint","urlTemplate":"https:\/\/devtntatelier.com\/jeremy\/?s={search_term_string}"},"query-input":{"@type":"PropertyValueSpecification","valueRequired":true,"valueName":"search_term_string"}}],"inLanguage":"fr-FR"},{"@type":"Person","@id":"https:\/\/devtntatelier.com\/jeremy\/#\/schema\/person\/a75d9454b4b934d8e56995ad029a4767","name":"Marie-Pier Gilbert-Painchaud","image":{"@type":"ImageObject","inLanguage":"fr-FR","@id":"https:\/\/secure.gravatar.com\/avatar\/fe27e9f9062ed941d749818bec6e48f7c40c15e42f29a9285ecb77138c8113b5?s=96&d=mm&r=g","url":"https:\/\/secure.gravatar.com\/avatar\/fe27e9f9062ed941d749818bec6e48f7c40c15e42f29a9285ecb77138c8113b5?s=96&d=mm&r=g","contentUrl":"https:\/\/secure.gravatar.com\/avatar\/fe27e9f9062ed941d749818bec6e48f7c40c15e42f29a9285ecb77138c8113b5?s=96&d=mm&r=g","caption":"Marie-Pier Gilbert-Painchaud"},"description":"Originaire de Normandin et passionn\u00e9e par la lecture, les voyages, la musique, les m\u00e9dias sociaux et le caf\u00e9, je suis une femme de d\u00e9fis aux multiples talents. Intervenante sociale de formation, j\u2019ai, depuis toujours, un int\u00e9r\u00eat marqu\u00e9 pour l\u2019\u00e9criture. Gr\u00e2ce \u00e0 ma plume unique et singuli\u00e8re, j\u2019ai su trouver ma place, au fil des ann\u00e9es, dans le merveilleux monde de l\u2019entrepreneuriat. Je travaille maintenant \u00e0 mon compte \u00e0 Flori.","url":"https:\/\/devtntatelier.com\/jeremy\/author\/extramariepiergmail-com\/"}]}},"modified_by":"Am\u00e9lia Fromage","_links":{"self":[{"href":"https:\/\/devtntatelier.com\/jeremy\/wp-json\/wp\/v2\/posts\/4093","targetHints":{"allow":["GET"]}}],"collection":[{"href":"https:\/\/devtntatelier.com\/jeremy\/wp-json\/wp\/v2\/posts"}],"about":[{"href":"https:\/\/devtntatelier.com\/jeremy\/wp-json\/wp\/v2\/types\/post"}],"author":[{"embeddable":true,"href":"https:\/\/devtntatelier.com\/jeremy\/wp-json\/wp\/v2\/users\/14"}],"replies":[{"embeddable":true,"href":"https:\/\/devtntatelier.com\/jeremy\/wp-json\/wp\/v2\/comments?post=4093"}],"version-history":[{"count":0,"href":"https:\/\/devtntatelier.com\/jeremy\/wp-json\/wp\/v2\/posts\/4093\/revisions"}],"wp:featuredmedia":[{"embeddable":true,"href":"https:\/\/devtntatelier.com\/jeremy\/wp-json\/wp\/v2\/media\/4100"}],"wp:attachment":[{"href":"https:\/\/devtntatelier.com\/jeremy\/wp-json\/wp\/v2\/media?parent=4093"}],"wp:term":[{"taxonomy":"category","embeddable":true,"href":"https:\/\/devtntatelier.com\/jeremy\/wp-json\/wp\/v2\/categories?post=4093"},{"taxonomy":"post_tag","embeddable":true,"href":"https:\/\/devtntatelier.com\/jeremy\/wp-json\/wp\/v2\/tags?post=4093"}],"curies":[{"name":"wp","href":"https:\/\/api.w.org\/{rel}","templated":true}]}}