{"id":4068,"date":"2022-08-09T06:39:38","date_gmt":"2022-08-09T10:39:38","guid":{"rendered":"https:\/\/devtntatelier.com\/jeremy\/?p=4068"},"modified":"2022-08-10T08:47:10","modified_gmt":"2022-08-10T12:47:10","slug":"viens-faire-un-tour-a-saint-stanislas","status":"publish","type":"post","link":"https:\/\/devtntatelier.com\/jeremy\/viens-faire-un-tour-a-saint-stanislas\/","title":{"rendered":"Viens faire un tour \u00e0 Saint-Stanislas"},"content":{"rendered":"<p>[et_pb_section fb_built=\u00a0\u00bb1&Prime; _builder_version=\u00a0\u00bb4.17.6&Prime; _module_preset=\u00a0\u00bbdefault\u00a0\u00bb global_colors_info=\u00a0\u00bb{}\u00a0\u00bb][et_pb_row _builder_version=\u00a0\u00bb4.17.6&Prime; _module_preset=\u00a0\u00bbdefault\u00a0\u00bb global_colors_info=\u00a0\u00bb{}\u00a0\u00bb][et_pb_column type=\u00a0\u00bb4_4&Prime; _builder_version=\u00a0\u00bb4.17.6&Prime; _module_preset=\u00a0\u00bbdefault\u00a0\u00bb global_colors_info=\u00a0\u00bb{}\u00a0\u00bb][et_pb_text _builder_version=\u00a0\u00bb4.17.6&Prime; _module_preset=\u00a0\u00bbdefault\u00a0\u00bb global_colors_info=\u00a0\u00bb{}\u00a0\u00bb]<\/p>\n<p>Entour\u00e9 de magnifiques cours d\u2019eau et de notre belle for\u00eat bor\u00e9ale, le village de Saint-Stanislas \u00e9pate par l\u2019accueil chaleureux de ses 380 habitants, par l\u2019<strong>emplacement de choix pour les amateurs de plein-air<\/strong> et par l\u2019<strong>esprit innovateur des gens de la communaut\u00e9<\/strong>. La proximit\u00e9 avec la nature en fait un endroit de choix pour les jeunes familles qui veulent s\u2019y \u00e9tablir\u2014surtout depuis que le t\u00e9l\u00e9travail existe. Voici un portrait de cette belle localit\u00e9, qui vous y invite en grand nombre!<\/p>\n<p>[\/et_pb_text][\/et_pb_column][\/et_pb_row][et_pb_row _builder_version=\u00a0\u00bb4.17.6&Prime; _module_preset=\u00a0\u00bbdefault\u00a0\u00bb global_colors_info=\u00a0\u00bb{}\u00a0\u00bb][et_pb_column type=\u00a0\u00bb4_4&Prime; _builder_version=\u00a0\u00bb4.17.6&Prime; _module_preset=\u00a0\u00bbdefault\u00a0\u00bb global_colors_info=\u00a0\u00bb{}\u00a0\u00bb][et_pb_image src=\u00a0\u00bbhttps:\/\/devtntatelier.com\/jeremy\/wp-content\/uploads\/2022\/08\/st-stanislas-lac-eden-1.jpg\u00a0\u00bb title_text=\u00a0\u00bbst-stanislas-lac-eden-1&Prime; align=\u00a0\u00bbcenter\u00a0\u00bb _builder_version=\u00a0\u00bb4.17.6&Prime; _module_preset=\u00a0\u00bbdefault\u00a0\u00bb global_colors_info=\u00a0\u00bb{}\u00a0\u00bb][\/et_pb_image][\/et_pb_column][\/et_pb_row][et_pb_row _builder_version=\u00a0\u00bb4.17.6&Prime; _module_preset=\u00a0\u00bbdefault\u00a0\u00bb global_colors_info=\u00a0\u00bb{}\u00a0\u00bb][et_pb_column type=\u00a0\u00bb4_4&Prime; _builder_version=\u00a0\u00bb4.17.6&Prime; _module_preset=\u00a0\u00bbdefault\u00a0\u00bb global_colors_info=\u00a0\u00bb{}\u00a0\u00bb][et_pb_text _builder_version=\u00a0\u00bb4.17.6&Prime; _module_preset=\u00a0\u00bbdefault\u00a0\u00bb global_colors_info=\u00a0\u00bb{}\u00a0\u00bb]<\/p>\n<h2><strong>Une beaut\u00e9 qui vous charmera<\/strong><\/h2>\n<p>Saint-Stanislas est \u00ab l\u2019un des plus beaux villages du Qu\u00e9bec \u00bb, selon Mario Biron, maire de la municipalit\u00e9. Ce dernier a toujours eu de grandes id\u00e9es pour son patelin. Avec une croissance d\u00e9mographique int\u00e9ressante (dont 9 naissances cette ann\u00e9e!), notamment caus\u00e9e par la pand\u00e9mie et par l\u2019appel de la nature de ses nouveaux r\u00e9sidents, on peut dire que la municipalit\u00e9 sait comment accrocher sa population dans les projets qu\u2019elle met de l\u2019avant.<\/p>\n<p>L\u2019un des attraits majeurs de la localit\u00e9 est certainement l\u2019<strong>Espace Multifonctionnel<\/strong> situ\u00e9 dans l\u2019\u00e9glise, ou devrais-je dire ancienne \u00e9glise. Car si le b\u00e2timent a perdu sa vocation religieuse, il est devenu un lieu de loisirs qui plait autant aux r\u00e9sidents qu\u2019aux nombreux visiteurs.<\/p>\n<p>[\/et_pb_text][\/et_pb_column][\/et_pb_row][et_pb_row _builder_version=\u00a0\u00bb4.17.6&Prime; _module_preset=\u00a0\u00bbdefault\u00a0\u00bb global_colors_info=\u00a0\u00bb{}\u00a0\u00bb][et_pb_column type=\u00a0\u00bb4_4&Prime; _builder_version=\u00a0\u00bb4.17.6&Prime; _module_preset=\u00a0\u00bbdefault\u00a0\u00bb global_colors_info=\u00a0\u00bb{}\u00a0\u00bb][et_pb_image src=\u00a0\u00bbhttps:\/\/devtntatelier.com\/jeremy\/wp-content\/uploads\/2022\/08\/lac-st-stanislas.jpg\u00a0\u00bb title_text=\u00a0\u00bblac-st-stanislas\u00a0\u00bb align=\u00a0\u00bbcenter\u00a0\u00bb _builder_version=\u00a0\u00bb4.17.6&Prime; _module_preset=\u00a0\u00bbdefault\u00a0\u00bb global_colors_info=\u00a0\u00bb{}\u00a0\u00bb][\/et_pb_image][\/et_pb_column][\/et_pb_row][et_pb_row _builder_version=\u00a0\u00bb4.17.6&Prime; _module_preset=\u00a0\u00bbdefault\u00a0\u00bb global_colors_info=\u00a0\u00bb{}\u00a0\u00bb][et_pb_column type=\u00a0\u00bb4_4&Prime; _builder_version=\u00a0\u00bb4.17.6&Prime; _module_preset=\u00a0\u00bbdefault\u00a0\u00bb global_colors_info=\u00a0\u00bb{}\u00a0\u00bb][et_pb_text _builder_version=\u00a0\u00bb4.17.6&Prime; _module_preset=\u00a0\u00bbdefault\u00a0\u00bb global_colors_info=\u00a0\u00bb{}\u00a0\u00bb]<\/p>\n<h2><strong>Un concept qui sort de l\u2019ordinaire!<\/strong><\/h2>\n<p>En effet, on a transform\u00e9 une partie du b\u00e2timent en centre d\u2019escalade, le Haut Clocher, qui est l\u2019un des plus beaux au Qu\u00e9bec et l\u2019un des premiers centres dans ce genre! Les murs d\u2019escalade, dont l\u2019un est d\u2019une hauteur de 30 pieds, sont munis de 7 cord\u00e9es et de plus de <strong>25 voies d\u2019escalades pour tous les niveaux<\/strong>. La cr\u00e9ation d\u2019un centre de bloc d\u2019escalade, pr\u00e9vue pour l\u2019automne, compl\u00e9tera l\u2019offre d\u00e9j\u00e0 existante pour les grimpeurs amateurs et professionnels. \u00a0Les moniteurs certifi\u00e9s se feront un plaisir de vous guider, de vous former et de vous aider dans la pratique de ce sport olympique en croissance dans la r\u00e9gion. <strong>Ouvert tout l\u2019\u00e9t\u00e9 du vendredi soir au lundi<\/strong>, c\u2019est un endroit \u00e0 fr\u00e9quenter, absolument!<\/p>\n<p>Visitez la <span style=\"color: #e09900;\"><a href=\"https:\/\/www.facebook.com\/escaladehautclocher\" target=\"_blank\" rel=\"noopener\" style=\"color: #e09900;\"><strong>page Facebook Escalade Haut-Clocher<\/strong><\/a> <\/span>pour conna\u00eetre tous les d\u00e9tails!<\/p>\n<p>Ensuite, le populaire <span style=\"color: #000000;\"><strong>restaurant Au Clocher<\/strong><\/span>, qui offre un menu du jour jeannois et de style casse-cro\u00fbte, est ouvert du <strong>mardi au dimanche de 8h \u00e0 19h<\/strong>. On peut aussi y retrouver une <strong>biblioth\u00e8que<\/strong>, un <strong>centre de conditionnement physique<\/strong> (que l\u2019on peut utiliser librement lorsqu\u2019on a une cl\u00e9) et m\u00eame une <strong>salle de visionnement<\/strong>! Il n\u2019y a pas \u00e0 dire, le b\u00e2timent est utilis\u00e9 \u00e0 son plein potentiel, au grand plaisir des utilisateurs! Le concept est tellement populaire et novateur que plusieurs autres municipalit\u00e9s ont contact\u00e9 Monsieur Biron afin de conna\u00eetre les d\u00e9marches pour une telle transformation d\u2019un lieu de culte!<\/p>\n<p>[\/et_pb_text][\/et_pb_column][\/et_pb_row][et_pb_row _builder_version=\u00a0\u00bb4.17.6&Prime; _module_preset=\u00a0\u00bbdefault\u00a0\u00bb global_colors_info=\u00a0\u00bb{}\u00a0\u00bb][et_pb_column type=\u00a0\u00bb4_4&Prime; _builder_version=\u00a0\u00bb4.17.6&Prime; _module_preset=\u00a0\u00bbdefault\u00a0\u00bb global_colors_info=\u00a0\u00bb{}\u00a0\u00bb][et_pb_image src=\u00a0\u00bbhttps:\/\/devtntatelier.com\/jeremy\/wp-content\/uploads\/2022\/08\/escalade-haut-rocher.jpg\u00a0\u00bb title_text=\u00a0\u00bbescalade-haut-rocher\u00a0\u00bb align=\u00a0\u00bbcenter\u00a0\u00bb _builder_version=\u00a0\u00bb4.17.6&Prime; _module_preset=\u00a0\u00bbdefault\u00a0\u00bb global_colors_info=\u00a0\u00bb{}\u00a0\u00bb][\/et_pb_image][\/et_pb_column][\/et_pb_row][et_pb_row _builder_version=\u00a0\u00bb4.17.6&Prime; _module_preset=\u00a0\u00bbdefault\u00a0\u00bb global_colors_info=\u00a0\u00bb{}\u00a0\u00bb][et_pb_column type=\u00a0\u00bb4_4&Prime; _builder_version=\u00a0\u00bb4.17.6&Prime; _module_preset=\u00a0\u00bbdefault\u00a0\u00bb global_colors_info=\u00a0\u00bb{}\u00a0\u00bb][et_pb_text _builder_version=\u00a0\u00bb4.17.6&Prime; _module_preset=\u00a0\u00bbdefault\u00a0\u00bb global_colors_info=\u00a0\u00bb{}\u00a0\u00bb]<\/p>\n<h2><strong>Un lieu de plein-air, de vill\u00e9giature et de rassemblement<\/strong><\/h2>\n<p>Le village offre notamment un <strong>acc\u00e8s direct \u00e0 la Passerelle du 49<sup>e<\/sup><\/strong>, ce qui est un grand avantage pour les nombreux utilisateurs du trac\u00e9.\u00a0 Il est important de rappeler que le restaurant Au Clocher est \u00e9galement un <strong>relais pour les quadistes en \u00e9t\u00e9 et pour les motoneigistes en hiver<\/strong>, ce qui permet aussi de d\u00e9couvrir le lieu! Il y a aussi possibilit\u00e9 de faire du <a href=\"https:\/\/grandesrivieres.com\/activites\/secteur-eaux-vives\/\"><span style=\"color: #ff6600;\"><strong>camping sauvage et profiter du sentier p\u00e9destre \u00e0 proximit\u00e9 dans le secteur Eaux-Vives du Parc r\u00e9gional des Grandes-Rivi\u00e8res<\/strong><\/span><\/a>.<\/p>\n<p>La municipalit\u00e9 est aussi connue pour sa <strong>soixantaine de chalets<\/strong> et son <strong>camping<\/strong> r\u00e9partis <strong>autour du Lac \u00c9den<\/strong>. Ceux-ci invitent \u00e0 la d\u00e9tente et \u00e0 la pratique de sports nautiques. Vous serez aussi charm\u00e9s par la beaut\u00e9 de la rivi\u00e8re Mistassibi, l\u2019une des 10 plus belles rivi\u00e8res pour pratiquer le kayak en eau vive et le rafting et qui passe en plein c\u0153ur du village. Vraiment, c\u2019est un <strong>paradis pour les sportifs<\/strong>!<\/p>\n<p>Le village de Saint-Stanislas se veut aussi rassembleur, \u00e0 travers des \u00e9v\u00e9nements majeurs qui permettent \u00e0 tous de vivre de beaux moments. D\u2019abord, la <strong>F\u00eate de la Famille, qui a lieu au mois de mai<\/strong>, permet aux familles de se rencontrer autour d\u2019un d\u00eener hot-dog, des jeux gonflables et autres surprises pour tous. Ensuite, le <strong>Carnaval d\u2019hiver<\/strong> donne l\u2019occasion de profiter des activit\u00e9s hivernales telles que le patin et la glissade. Il ne faut surtout pas oublier le populaire<strong> Festival du Faisan, qui met cet oiseau \u00e0 l\u2019honneur autour de diverses activit\u00e9s de chasse, au d\u00e9but du mois de septembre<\/strong>.<\/p>\n<p>&nbsp;<\/p>\n<p>[\/et_pb_text][\/et_pb_column][\/et_pb_row][et_pb_row _builder_version=\u00a0\u00bb4.17.6&Prime; _module_preset=\u00a0\u00bbdefault\u00a0\u00bb global_colors_info=\u00a0\u00bb{}\u00a0\u00bb][et_pb_column type=\u00a0\u00bb4_4&Prime; _builder_version=\u00a0\u00bb4.17.6&Prime; _module_preset=\u00a0\u00bbdefault\u00a0\u00bb global_colors_info=\u00a0\u00bb{}\u00a0\u00bb][et_pb_image src=\u00a0\u00bbhttps:\/\/devtntatelier.com\/jeremy\/wp-content\/uploads\/2022\/08\/camping-plage-st-stanislas.jpg\u00a0\u00bb title_text=\u00a0\u00bbcamping-plage-st-stanislas\u00a0\u00bb align=\u00a0\u00bbcenter\u00a0\u00bb _builder_version=\u00a0\u00bb4.17.6&Prime; _module_preset=\u00a0\u00bbdefault\u00a0\u00bb global_colors_info=\u00a0\u00bb{}\u00a0\u00bb][\/et_pb_image][\/et_pb_column][\/et_pb_row][et_pb_row _builder_version=\u00a0\u00bb4.17.6&Prime; _module_preset=\u00a0\u00bbdefault\u00a0\u00bb global_colors_info=\u00a0\u00bb{}\u00a0\u00bb][et_pb_column type=\u00a0\u00bb4_4&Prime; _builder_version=\u00a0\u00bb4.17.6&Prime; _module_preset=\u00a0\u00bbdefault\u00a0\u00bb global_colors_info=\u00a0\u00bb{}\u00a0\u00bb][et_pb_text _builder_version=\u00a0\u00bb4.17.6&Prime; _module_preset=\u00a0\u00bbdefault\u00a0\u00bb global_colors_info=\u00a0\u00bb{}\u00a0\u00bb]<\/p>\n<p>Bref, la municipalit\u00e9 s\u2019est donn\u00e9 le moyen d\u2019avoir des services et c\u2019est la population et les visiteurs qui en b\u00e9n\u00e9ficient! Coup de chapeau \u00e0 tous ceux qui s\u2019impliquent et qui ont une grande vision pour cette petite communaut\u00e9! Allez-y cet \u00e9t\u00e9!<\/p>\n<p>(Cr\u00e9dits photo : <a href=\"https:\/\/st-stanislas.com\/\"><span style=\"color: #e09900;\"><strong>Municipalit\u00e9 de St-Stanislas<\/strong><\/span><\/a>)<\/p>\n<p>[\/et_pb_text][\/et_pb_column][\/et_pb_row][\/et_pb_section]<\/p>\n","protected":false},"excerpt":{"rendered":"<p>Entour\u00e9 de magnifiques cours d\u2019eau et de notre belle for\u00eat bor\u00e9ale, le village de Saint-Stanislas \u00e9pate par l\u2019accueil chaleureux de ses 380 habitants, par l\u2019emplacement de choix pour les amateurs [&hellip;]<\/p>\n","protected":false},"author":22,"featured_media":4081,"comment_status":"open","ping_status":"open","sticky":false,"template":"","format":"standard","meta":{"_et_pb_use_builder":"on","_et_pb_old_content":"","_et_gb_content_width":"","_lmt_disableupdate":"","_lmt_disable":"","_price":"","_stock":"","_tribe_ticket_header":"","_tribe_default_ticket_provider":"","_tribe_ticket_capacity":"0","_ticket_start_date":"","_ticket_end_date":"","_tribe_ticket_show_description":"","_tribe_ticket_show_not_going":false,"_tribe_ticket_use_global_stock":"","_tribe_ticket_global_stock_level":"","_global_stock_mode":"","_global_stock_cap":"","_tribe_rsvp_for_event":"","_tribe_ticket_going_count":"","_tribe_ticket_not_going_count":"","_tribe_tickets_list":"[]","_tribe_ticket_has_attendee_info_fields":false,"footnotes":""},"categories":[4,1],"tags":[],"class_list":["post-4068","post","type-post","status-publish","format-standard","has-post-thumbnail","hentry","category-tendance","category-articles-achat-local-extra-maria"],"yoast_head":"<!-- This site is optimized with the Yoast SEO Premium plugin v25.9 (Yoast SEO v28.4) - https:\/\/yoast.com\/product\/yoast-seo-premium-wordpress\/ -->\n<title>Viens faire un tour \u00e0 Saint-Stanislas - Extra Maria<\/title>\n<meta name=\"robots\" content=\"index, follow, max-snippet:-1, max-image-preview:large, max-video-preview:-1\" \/>\n<link rel=\"canonical\" href=\"https:\/\/devtntatelier.com\/jeremy\/viens-faire-un-tour-a-saint-stanislas\/\" \/>\n<meta property=\"og:locale\" content=\"fr_FR\" \/>\n<meta property=\"og:type\" content=\"article\" \/>\n<meta property=\"og:title\" content=\"Viens faire un tour \u00e0 Saint-Stanislas\" \/>\n<meta property=\"og:url\" content=\"https:\/\/devtntatelier.com\/jeremy\/viens-faire-un-tour-a-saint-stanislas\/\" \/>\n<meta property=\"og:site_name\" content=\"Extra Maria\" \/>\n<meta property=\"article:published_time\" content=\"2022-08-09T10:39:38+00:00\" \/>\n<meta property=\"article:modified_time\" content=\"2022-08-10T12:47:10+00:00\" \/>\n<meta property=\"og:image\" content=\"https:\/\/devtntatelier.com\/jeremy\/wp-content\/uploads\/2022\/08\/passerelle-49-e-parc-grandes-rivieres-st-stanislas-1.jpg\" \/>\n\t<meta property=\"og:image:width\" content=\"1200\" \/>\n\t<meta property=\"og:image:height\" content=\"630\" \/>\n\t<meta property=\"og:image:type\" content=\"image\/jpeg\" \/>\n<meta name=\"author\" content=\"V\u00e9ronique Asselin\" \/>\n<meta name=\"twitter:card\" content=\"summary_large_image\" \/>\n<meta name=\"twitter:label1\" content=\"\u00c9crit par\" \/>\n\t<meta name=\"twitter:data1\" content=\"V\u00e9ronique Asselin\" \/>\n\t<meta name=\"twitter:label2\" content=\"Dur\u00e9e de lecture estim\u00e9e\" \/>\n\t<meta name=\"twitter:data2\" content=\"5 minutes\" \/>\n<script type=\"application\/ld+json\" class=\"yoast-schema-graph\">{\"@context\":\"https:\\\/\\\/schema.org\",\"@graph\":[{\"@type\":\"Article\",\"@id\":\"https:\\\/\\\/devtntatelier.com\\\/jeremy\\\/viens-faire-un-tour-a-saint-stanislas\\\/#article\",\"isPartOf\":{\"@id\":\"https:\\\/\\\/devtntatelier.com\\\/jeremy\\\/viens-faire-un-tour-a-saint-stanislas\\\/\"},\"author\":{\"name\":\"V\u00e9ronique Asselin\",\"@id\":\"https:\\\/\\\/devtntatelier.com\\\/jeremy\\\/#\\\/schema\\\/person\\\/d8531d5f621e15873a41d221e3f919d3\"},\"headline\":\"Viens faire un tour \u00e0 Saint-Stanislas\",\"datePublished\":\"2022-08-09T10:39:38+00:00\",\"dateModified\":\"2022-08-10T12:47:10+00:00\",\"mainEntityOfPage\":{\"@id\":\"https:\\\/\\\/devtntatelier.com\\\/jeremy\\\/viens-faire-un-tour-a-saint-stanislas\\\/\"},\"wordCount\":1290,\"commentCount\":0,\"image\":{\"@id\":\"https:\\\/\\\/devtntatelier.com\\\/jeremy\\\/viens-faire-un-tour-a-saint-stanislas\\\/#primaryimage\"},\"thumbnailUrl\":\"https:\\\/\\\/devtntatelier.com\\\/jeremy\\\/wp-content\\\/uploads\\\/2022\\\/08\\\/passerelle-49-e-parc-grandes-rivieres-st-stanislas-1.jpg\",\"articleSection\":[\"Tendance\",\"Tous les articles\"],\"inLanguage\":\"fr-FR\",\"potentialAction\":[{\"@type\":\"CommentAction\",\"name\":\"Comment\",\"target\":[\"https:\\\/\\\/devtntatelier.com\\\/jeremy\\\/viens-faire-un-tour-a-saint-stanislas\\\/#respond\"]}]},{\"@type\":\"WebPage\",\"@id\":\"https:\\\/\\\/devtntatelier.com\\\/jeremy\\\/viens-faire-un-tour-a-saint-stanislas\\\/\",\"url\":\"https:\\\/\\\/devtntatelier.com\\\/jeremy\\\/viens-faire-un-tour-a-saint-stanislas\\\/\",\"name\":\"Viens faire un tour \u00e0 Saint-Stanislas - Extra Maria\",\"isPartOf\":{\"@id\":\"https:\\\/\\\/devtntatelier.com\\\/jeremy\\\/#website\"},\"primaryImageOfPage\":{\"@id\":\"https:\\\/\\\/devtntatelier.com\\\/jeremy\\\/viens-faire-un-tour-a-saint-stanislas\\\/#primaryimage\"},\"image\":{\"@id\":\"https:\\\/\\\/devtntatelier.com\\\/jeremy\\\/viens-faire-un-tour-a-saint-stanislas\\\/#primaryimage\"},\"thumbnailUrl\":\"https:\\\/\\\/devtntatelier.com\\\/jeremy\\\/wp-content\\\/uploads\\\/2022\\\/08\\\/passerelle-49-e-parc-grandes-rivieres-st-stanislas-1.jpg\",\"datePublished\":\"2022-08-09T10:39:38+00:00\",\"dateModified\":\"2022-08-10T12:47:10+00:00\",\"author\":{\"@id\":\"https:\\\/\\\/devtntatelier.com\\\/jeremy\\\/#\\\/schema\\\/person\\\/d8531d5f621e15873a41d221e3f919d3\"},\"breadcrumb\":{\"@id\":\"https:\\\/\\\/devtntatelier.com\\\/jeremy\\\/viens-faire-un-tour-a-saint-stanislas\\\/#breadcrumb\"},\"inLanguage\":\"fr-FR\",\"potentialAction\":[{\"@type\":\"ReadAction\",\"target\":[\"https:\\\/\\\/devtntatelier.com\\\/jeremy\\\/viens-faire-un-tour-a-saint-stanislas\\\/\"]}]},{\"@type\":\"ImageObject\",\"inLanguage\":\"fr-FR\",\"@id\":\"https:\\\/\\\/devtntatelier.com\\\/jeremy\\\/viens-faire-un-tour-a-saint-stanislas\\\/#primaryimage\",\"url\":\"https:\\\/\\\/devtntatelier.com\\\/jeremy\\\/wp-content\\\/uploads\\\/2022\\\/08\\\/passerelle-49-e-parc-grandes-rivieres-st-stanislas-1.jpg\",\"contentUrl\":\"https:\\\/\\\/devtntatelier.com\\\/jeremy\\\/wp-content\\\/uploads\\\/2022\\\/08\\\/passerelle-49-e-parc-grandes-rivieres-st-stanislas-1.jpg\",\"width\":1200,\"height\":630},{\"@type\":\"BreadcrumbList\",\"@id\":\"https:\\\/\\\/devtntatelier.com\\\/jeremy\\\/viens-faire-un-tour-a-saint-stanislas\\\/#breadcrumb\",\"itemListElement\":[{\"@type\":\"ListItem\",\"position\":1,\"name\":\"Accueil\",\"item\":\"https:\\\/\\\/devtntatelier.com\\\/jeremy\\\/\"},{\"@type\":\"ListItem\",\"position\":2,\"name\":\"Viens faire un tour \u00e0 Saint-Stanislas\"}]},{\"@type\":\"WebSite\",\"@id\":\"https:\\\/\\\/devtntatelier.com\\\/jeremy\\\/#website\",\"url\":\"https:\\\/\\\/devtntatelier.com\\\/jeremy\\\/\",\"name\":\"Extra Maria\",\"description\":\"Blogue - D\u00e9couvertes locales et achat local\",\"potentialAction\":[{\"@type\":\"SearchAction\",\"target\":{\"@type\":\"EntryPoint\",\"urlTemplate\":\"https:\\\/\\\/devtntatelier.com\\\/jeremy\\\/?s={search_term_string}\"},\"query-input\":{\"@type\":\"PropertyValueSpecification\",\"valueRequired\":true,\"valueName\":\"search_term_string\"}}],\"inLanguage\":\"fr-FR\"},{\"@type\":\"Person\",\"@id\":\"https:\\\/\\\/devtntatelier.com\\\/jeremy\\\/#\\\/schema\\\/person\\\/d8531d5f621e15873a41d221e3f919d3\",\"name\":\"V\u00e9ronique Asselin\",\"image\":{\"@type\":\"ImageObject\",\"inLanguage\":\"fr-FR\",\"@id\":\"https:\\\/\\\/secure.gravatar.com\\\/avatar\\\/aec92c5b424efdc356ddd6ef6d9c1d424dbb81a3c15e9889bc052145a8618879?s=96&d=mm&r=g\",\"url\":\"https:\\\/\\\/secure.gravatar.com\\\/avatar\\\/aec92c5b424efdc356ddd6ef6d9c1d424dbb81a3c15e9889bc052145a8618879?s=96&d=mm&r=g\",\"contentUrl\":\"https:\\\/\\\/secure.gravatar.com\\\/avatar\\\/aec92c5b424efdc356ddd6ef6d9c1d424dbb81a3c15e9889bc052145a8618879?s=96&d=mm&r=g\",\"caption\":\"V\u00e9ronique Asselin\"},\"description\":\"Je suis maman, enseignante de fran\u00e7ais et amoureuse des mots depuis toujours! Passionn\u00e9e de voyage, de cuisine et de la culture, j\u2019aime aller \u00e0 la rencontre des autres et d\u00e9couvrir ce qu\u2019ils ont \u00e0 offrir. C\u2019est pourquoi je suis heureuse de vous faire d\u00e9couvrir ou red\u00e9couvrir celles et ceux qui animent notre MRC : les entrepreneurs d\u2019ici!\",\"url\":\"https:\\\/\\\/devtntatelier.com\\\/jeremy\\\/author\\\/veronique-asselin\\\/\"}]}<\/script>\n<!-- \/ Yoast SEO Premium plugin. -->","yoast_head_json":{"title":"Viens faire un tour \u00e0 Saint-Stanislas - Extra Maria","robots":{"index":"index","follow":"follow","max-snippet":"max-snippet:-1","max-image-preview":"max-image-preview:large","max-video-preview":"max-video-preview:-1"},"canonical":"https:\/\/devtntatelier.com\/jeremy\/viens-faire-un-tour-a-saint-stanislas\/","og_locale":"fr_FR","og_type":"article","og_title":"Viens faire un tour \u00e0 Saint-Stanislas","og_url":"https:\/\/devtntatelier.com\/jeremy\/viens-faire-un-tour-a-saint-stanislas\/","og_site_name":"Extra Maria","article_published_time":"2022-08-09T10:39:38+00:00","article_modified_time":"2022-08-10T12:47:10+00:00","og_image":[{"width":1200,"height":630,"url":"https:\/\/devtntatelier.com\/jeremy\/wp-content\/uploads\/2022\/08\/passerelle-49-e-parc-grandes-rivieres-st-stanislas-1.jpg","type":"image\/jpeg"}],"author":"V\u00e9ronique Asselin","twitter_card":"summary_large_image","twitter_misc":{"\u00c9crit par":"V\u00e9ronique Asselin","Dur\u00e9e de lecture estim\u00e9e":"5 minutes"},"schema":{"@context":"https:\/\/schema.org","@graph":[{"@type":"Article","@id":"https:\/\/devtntatelier.com\/jeremy\/viens-faire-un-tour-a-saint-stanislas\/#article","isPartOf":{"@id":"https:\/\/devtntatelier.com\/jeremy\/viens-faire-un-tour-a-saint-stanislas\/"},"author":{"name":"V\u00e9ronique Asselin","@id":"https:\/\/devtntatelier.com\/jeremy\/#\/schema\/person\/d8531d5f621e15873a41d221e3f919d3"},"headline":"Viens faire un tour \u00e0 Saint-Stanislas","datePublished":"2022-08-09T10:39:38+00:00","dateModified":"2022-08-10T12:47:10+00:00","mainEntityOfPage":{"@id":"https:\/\/devtntatelier.com\/jeremy\/viens-faire-un-tour-a-saint-stanislas\/"},"wordCount":1290,"commentCount":0,"image":{"@id":"https:\/\/devtntatelier.com\/jeremy\/viens-faire-un-tour-a-saint-stanislas\/#primaryimage"},"thumbnailUrl":"https:\/\/devtntatelier.com\/jeremy\/wp-content\/uploads\/2022\/08\/passerelle-49-e-parc-grandes-rivieres-st-stanislas-1.jpg","articleSection":["Tendance","Tous les articles"],"inLanguage":"fr-FR","potentialAction":[{"@type":"CommentAction","name":"Comment","target":["https:\/\/devtntatelier.com\/jeremy\/viens-faire-un-tour-a-saint-stanislas\/#respond"]}]},{"@type":"WebPage","@id":"https:\/\/devtntatelier.com\/jeremy\/viens-faire-un-tour-a-saint-stanislas\/","url":"https:\/\/devtntatelier.com\/jeremy\/viens-faire-un-tour-a-saint-stanislas\/","name":"Viens faire un tour \u00e0 Saint-Stanislas - Extra Maria","isPartOf":{"@id":"https:\/\/devtntatelier.com\/jeremy\/#website"},"primaryImageOfPage":{"@id":"https:\/\/devtntatelier.com\/jeremy\/viens-faire-un-tour-a-saint-stanislas\/#primaryimage"},"image":{"@id":"https:\/\/devtntatelier.com\/jeremy\/viens-faire-un-tour-a-saint-stanislas\/#primaryimage"},"thumbnailUrl":"https:\/\/devtntatelier.com\/jeremy\/wp-content\/uploads\/2022\/08\/passerelle-49-e-parc-grandes-rivieres-st-stanislas-1.jpg","datePublished":"2022-08-09T10:39:38+00:00","dateModified":"2022-08-10T12:47:10+00:00","author":{"@id":"https:\/\/devtntatelier.com\/jeremy\/#\/schema\/person\/d8531d5f621e15873a41d221e3f919d3"},"breadcrumb":{"@id":"https:\/\/devtntatelier.com\/jeremy\/viens-faire-un-tour-a-saint-stanislas\/#breadcrumb"},"inLanguage":"fr-FR","potentialAction":[{"@type":"ReadAction","target":["https:\/\/devtntatelier.com\/jeremy\/viens-faire-un-tour-a-saint-stanislas\/"]}]},{"@type":"ImageObject","inLanguage":"fr-FR","@id":"https:\/\/devtntatelier.com\/jeremy\/viens-faire-un-tour-a-saint-stanislas\/#primaryimage","url":"https:\/\/devtntatelier.com\/jeremy\/wp-content\/uploads\/2022\/08\/passerelle-49-e-parc-grandes-rivieres-st-stanislas-1.jpg","contentUrl":"https:\/\/devtntatelier.com\/jeremy\/wp-content\/uploads\/2022\/08\/passerelle-49-e-parc-grandes-rivieres-st-stanislas-1.jpg","width":1200,"height":630},{"@type":"BreadcrumbList","@id":"https:\/\/devtntatelier.com\/jeremy\/viens-faire-un-tour-a-saint-stanislas\/#breadcrumb","itemListElement":[{"@type":"ListItem","position":1,"name":"Accueil","item":"https:\/\/devtntatelier.com\/jeremy\/"},{"@type":"ListItem","position":2,"name":"Viens faire un tour \u00e0 Saint-Stanislas"}]},{"@type":"WebSite","@id":"https:\/\/devtntatelier.com\/jeremy\/#website","url":"https:\/\/devtntatelier.com\/jeremy\/","name":"Extra Maria","description":"Blogue - D\u00e9couvertes locales et achat local","potentialAction":[{"@type":"SearchAction","target":{"@type":"EntryPoint","urlTemplate":"https:\/\/devtntatelier.com\/jeremy\/?s={search_term_string}"},"query-input":{"@type":"PropertyValueSpecification","valueRequired":true,"valueName":"search_term_string"}}],"inLanguage":"fr-FR"},{"@type":"Person","@id":"https:\/\/devtntatelier.com\/jeremy\/#\/schema\/person\/d8531d5f621e15873a41d221e3f919d3","name":"V\u00e9ronique Asselin","image":{"@type":"ImageObject","inLanguage":"fr-FR","@id":"https:\/\/secure.gravatar.com\/avatar\/aec92c5b424efdc356ddd6ef6d9c1d424dbb81a3c15e9889bc052145a8618879?s=96&d=mm&r=g","url":"https:\/\/secure.gravatar.com\/avatar\/aec92c5b424efdc356ddd6ef6d9c1d424dbb81a3c15e9889bc052145a8618879?s=96&d=mm&r=g","contentUrl":"https:\/\/secure.gravatar.com\/avatar\/aec92c5b424efdc356ddd6ef6d9c1d424dbb81a3c15e9889bc052145a8618879?s=96&d=mm&r=g","caption":"V\u00e9ronique Asselin"},"description":"Je suis maman, enseignante de fran\u00e7ais et amoureuse des mots depuis toujours! Passionn\u00e9e de voyage, de cuisine et de la culture, j\u2019aime aller \u00e0 la rencontre des autres et d\u00e9couvrir ce qu\u2019ils ont \u00e0 offrir. C\u2019est pourquoi je suis heureuse de vous faire d\u00e9couvrir ou red\u00e9couvrir celles et ceux qui animent notre MRC : les entrepreneurs d\u2019ici!","url":"https:\/\/devtntatelier.com\/jeremy\/author\/veronique-asselin\/"}]}},"modified_by":"Am\u00e9lia Fromage","_links":{"self":[{"href":"https:\/\/devtntatelier.com\/jeremy\/wp-json\/wp\/v2\/posts\/4068","targetHints":{"allow":["GET"]}}],"collection":[{"href":"https:\/\/devtntatelier.com\/jeremy\/wp-json\/wp\/v2\/posts"}],"about":[{"href":"https:\/\/devtntatelier.com\/jeremy\/wp-json\/wp\/v2\/types\/post"}],"author":[{"embeddable":true,"href":"https:\/\/devtntatelier.com\/jeremy\/wp-json\/wp\/v2\/users\/22"}],"replies":[{"embeddable":true,"href":"https:\/\/devtntatelier.com\/jeremy\/wp-json\/wp\/v2\/comments?post=4068"}],"version-history":[{"count":0,"href":"https:\/\/devtntatelier.com\/jeremy\/wp-json\/wp\/v2\/posts\/4068\/revisions"}],"wp:featuredmedia":[{"embeddable":true,"href":"https:\/\/devtntatelier.com\/jeremy\/wp-json\/wp\/v2\/media\/4081"}],"wp:attachment":[{"href":"https:\/\/devtntatelier.com\/jeremy\/wp-json\/wp\/v2\/media?parent=4068"}],"wp:term":[{"taxonomy":"category","embeddable":true,"href":"https:\/\/devtntatelier.com\/jeremy\/wp-json\/wp\/v2\/categories?post=4068"},{"taxonomy":"post_tag","embeddable":true,"href":"https:\/\/devtntatelier.com\/jeremy\/wp-json\/wp\/v2\/tags?post=4068"}],"curies":[{"name":"wp","href":"https:\/\/api.w.org\/{rel}","templated":true}]}}