{"id":4031,"date":"2022-07-27T08:07:25","date_gmt":"2022-07-27T12:07:25","guid":{"rendered":"https:\/\/devtntatelier.com\/jeremy\/?p=4031"},"modified":"2023-05-20T06:59:33","modified_gmt":"2023-05-20T10:59:33","slug":"quoi-faire-a-albanel","status":"publish","type":"post","link":"https:\/\/devtntatelier.com\/jeremy\/quoi-faire-a-albanel\/","title":{"rendered":"Viens faire un tour \u00e0 Albanel"},"content":{"rendered":"<p>[et_pb_section fb_built=\u00a0\u00bb1&Prime; _builder_version=\u00a0\u00bb4.17.6&Prime; _module_preset=\u00a0\u00bbdefault\u00a0\u00bb global_colors_info=\u00a0\u00bb{}\u00a0\u00bb][et_pb_row _builder_version=\u00a0\u00bb4.17.6&Prime; _module_preset=\u00a0\u00bbdefault\u00a0\u00bb global_colors_info=\u00a0\u00bb{}\u00a0\u00bb][et_pb_column type=\u00a0\u00bb4_4&Prime; _builder_version=\u00a0\u00bb4.17.6&Prime; _module_preset=\u00a0\u00bbdefault\u00a0\u00bb global_colors_info=\u00a0\u00bb{}\u00a0\u00bb][et_pb_text _builder_version=\u00a0\u00bb4.17.6&Prime; _module_preset=\u00a0\u00bbdefault\u00a0\u00bb global_colors_info=\u00a0\u00bb{}\u00a0\u00bb]<\/p>\n<p>Le long de la route 169, la jolie <a href=\"https:\/\/albanel.ca\/\" target=\"_blank\" rel=\"noopener\"><span style=\"text-decoration: underline;\">municipalit\u00e9 d\u2019Albanel<\/span><\/a> rayonne par son offre touristique estivale. Avec quelques nouveaut\u00e9s au programme, vous serez ravis d\u2019y passer du bon temps\u2026toute l\u2019ann\u00e9e durant! C\u2019est avec Monsieur Dave Plourde, maire de la municipalit\u00e9, que j\u2019ai fait le tour de ce qui vous y attend.<\/p>\n<p>[\/et_pb_text][\/et_pb_column][\/et_pb_row][et_pb_row _builder_version=\u00a0\u00bb4.17.6&Prime; _module_preset=\u00a0\u00bbdefault\u00a0\u00bb global_colors_info=\u00a0\u00bb{}\u00a0\u00bb][et_pb_column type=\u00a0\u00bb4_4&Prime; _builder_version=\u00a0\u00bb4.17.6&Prime; _module_preset=\u00a0\u00bbdefault\u00a0\u00bb global_colors_info=\u00a0\u00bb{}\u00a0\u00bb][et_pb_text _builder_version=\u00a0\u00bb4.17.6&Prime; _module_preset=\u00a0\u00bbdefault\u00a0\u00bb global_colors_info=\u00a0\u00bb{}\u00a0\u00bb]<\/p>\n<h2><strong>Festival de la Gourgane<\/strong><\/h2>\n<p>La 46<sup>i\u00e8me<\/sup> \u00e9dition du populaire Festival de la Gourgane se tiendra cette ann\u00e9e du 28 au 31 juillet 2022.<\/p>\n<p>Comme \u00e0 chaque ann\u00e9e, plusieurs activit\u00e9s sont \u00e0 l\u2019honneur\u00a0: Mud Drag, envol\u00e9es de 8 montgolfi\u00e8res, journ\u00e9e des enfants avec un spectacle de magicien, populaire tournoi de balle-lente, lutte AWE, gala folklorique et plus encore. Le samedi soir, vous pourrez m\u00eame assister \u00e0 des feux d\u2019artifices. De quoi vous en mettre plein la vue!<\/p>\n<p>Pour ce qui est du programme musical, tour \u00e0 tour se produiront sur sc\u00e8ne <em>P\u00e9p\u00e9 et sa guitare<\/em> ainsi que <em>Mononc\u2019 Serge<\/em>, le vendredi; <em>Les H\u00f4tesses d\u2019Hilaire<\/em> et <em>Radio Radio<\/em>, le samedi et finalement <em>Hommage \u00e0 Joe Dassin<\/em> et <em>Crocodile Country Rock<\/em> (hommage \u00e0 CCR), le dimanche. C\u2019est le groupe <em>Back and Bone<\/em> qui assurera les spectacles de fin de soir\u00e9e \u00e0 compter de minuit.<\/p>\n<p>Il ne faut surtout pas oublier que l\u2019acc\u00e8s est gratuit pour toute la dur\u00e9e de l\u2019\u00e9v\u00e9nement, ce qui saura certainement plaire aux festivaliers, qui viennent par milliers ann\u00e9e apr\u00e8s ann\u00e9e!<\/p>\n<p>Pour conna\u00eetre les d\u00e9tails de la programmation, rendez-vous sur le <a href=\"https:\/\/www.facebook.com\/festivalgourgane\" target=\"_blank\" rel=\"noopener\"><span style=\"text-decoration: underline;\">page Facebook du Festival<\/span><\/a>!<\/p>\n<p><a href=\"https:\/\/www.facebook.com\/festivalgourgane\/posts\/pfbid02g5GDvK16gzUd9bZDxMRL749gppaJVhnEM3wSvVm9bDadbvPpjWDCuGgmvB2CFajyl\" target=\"_blank\" rel=\"noopener\"><span style=\"text-decoration: underline;\">Voir la programmation<\/span><\/a><\/p>\n<p>Le comit\u00e9 organisateur et Gourfanel, mascotte du festival, vous y attendent en grand nombre!<\/p>\n<p>[\/et_pb_text][et_pb_image src=\u00a0\u00bbhttps:\/\/devtntatelier.com\/jeremy\/wp-content\/uploads\/2022\/07\/festival-gourgane-albanel.jpg\u00a0\u00bb title_text=\u00a0\u00bbfestival-gourgane-albanel\u00a0\u00bb align=\u00a0\u00bbcenter\u00a0\u00bb _builder_version=\u00a0\u00bb4.17.6&Prime; _module_preset=\u00a0\u00bbdefault\u00a0\u00bb global_colors_info=\u00a0\u00bb{}\u00a0\u00bb][\/et_pb_image][et_pb_text _builder_version=\u00a0\u00bb4.17.6&Prime; _module_preset=\u00a0\u00bbdefault\u00a0\u00bb global_colors_info=\u00a0\u00bb{}\u00a0\u00bb]<\/p>\n<p style=\"text-align: center;\">(Cr\u00e9dit photo : Photos Montgolfi\u00e8re Bertrand Tougas)<\/p>\n<p>[\/et_pb_text][et_pb_text _builder_version=\u00a0\u00bb4.17.6&Prime; _module_preset=\u00a0\u00bbdefault\u00a0\u00bb custom_padding=\u00a0\u00bb||0px|||\u00a0\u00bb global_colors_info=\u00a0\u00bb{}\u00a0\u00bb]<\/p>\n<h2><strong style=\"font-family: 'Open Sans'; font-size: 22px; background-color: transparent;\">Une visite chez les Douceurs de Mul\u00e2ne<\/strong><strong><\/strong><\/h2>\n<p>De plus en plus connue, l\u2019entreprise de <strong>produits naturels faits \u00e0 partir de lait d\u2019\u00e2nesse<\/strong> a d\u00e9cid\u00e9 d\u2019ouvrir ses portes au grand public afin de faire conna\u00eetre le majestueux site o\u00f9 sont \u00e9lev\u00e9es les belles b\u00eates aux grandes oreilles. Avec une chasse au tr\u00e9sor et des tables pour piqueniquer, il est fort \u00e0 parier que vous serez enivr\u00e9s par la beaut\u00e9 des lieux et bien s\u00fbr par l\u2019odeur magique des produits qui y sont cr\u00e9\u00e9s! Un bel endroit et de beaux produits \u00e0 d\u00e9couvrir ainsi qu&rsquo;une chasse au tr\u00e9sor \u00e0 faire en famille! Pour <strong>r\u00e9server votre visite<\/strong>, contactez Virginie sur la page Facebook de <a href=\"https:\/\/www.facebook.com\/profile.php?id=100057251149541\" target=\"_blank\" rel=\"noopener\"><span style=\"text-decoration: underline;\">Les Douceurs de Mul\u00e2ne<\/span><\/a> ou par t\u00e9l\u00e9phone au <a href=\"tel:4186181728\" target=\"_blank\" rel=\"noopener\"><span style=\"text-decoration: underline;\">418 618-1728<\/span><\/a>. Plus d&rsquo;informations sur le site web de l\u2019entreprise au <a href=\"https:\/\/laitdanesse.ca\/visite-a-la-ferme\/\" target=\"_blank\" rel=\"noopener\"><span style=\"text-decoration: underline;\">laitdanesse.ca<\/span><\/a>.<\/p>\n<p>Pour vous y rendre :<br \/>&#8211; Si vous venez de Normandin, tournez \u00e0 droite \u00e0 la sortie d&rsquo;Albanel dans le cinqui\u00e8me rang, roulez quelques kilom\u00e8tre puis tournez \u00e0 gauche sur le chemin Pronovost.<br \/>&#8211; Si vous venez de Dolbeau-Mistassini, tournez \u00e0 gauche sur le chemin Pronovost \u00e0 la sortie de Dolbeau-Mistassini.<\/p>\n<p>[\/et_pb_text][et_pb_image src=\u00a0\u00bbhttps:\/\/devtntatelier.com\/jeremy\/wp-content\/uploads\/2022\/07\/les-douceurs-de-mulane-visite-asinerie-albanel-1.jpg\u00a0\u00bb alt=\u00a0\u00bbVisites des \u00e2nes \u00e0 Albanel\u00a0\u00bb title_text=\u00a0\u00bbles-douceurs-de-mulane-visite-asinerie-albanel (1)\u00a0\u00bb align=\u00a0\u00bbcenter\u00a0\u00bb _builder_version=\u00a0\u00bb4.17.6&Prime; _module_preset=\u00a0\u00bbdefault\u00a0\u00bb global_colors_info=\u00a0\u00bb{}\u00a0\u00bb][\/et_pb_image][et_pb_text _builder_version=\u00a0\u00bb4.17.6&Prime; _module_preset=\u00a0\u00bbdefault\u00a0\u00bb global_colors_info=\u00a0\u00bb{}\u00a0\u00bb]<\/p>\n<p style=\"text-align: center;\">(Cr\u00e9dit photo : Les Douceurs de Mul\u00e2ne)<\/p>\n<p>[\/et_pb_text][\/et_pb_column][\/et_pb_row][et_pb_row _builder_version=\u00a0\u00bb4.17.6&Prime; _module_preset=\u00a0\u00bbdefault\u00a0\u00bb global_colors_info=\u00a0\u00bb{}\u00a0\u00bb][et_pb_column type=\u00a0\u00bb4_4&Prime; _builder_version=\u00a0\u00bb4.17.6&Prime; _module_preset=\u00a0\u00bbdefault\u00a0\u00bb global_colors_info=\u00a0\u00bb{}\u00a0\u00bb][et_pb_text _builder_version=\u00a0\u00bb4.17.6&Prime; _module_preset=\u00a0\u00bbdefault\u00a0\u00bb global_colors_info=\u00a0\u00bb{}\u00a0\u00bb]<\/p>\n<h2><strong>\u00c9conomus\u00e9e de la confituri\u00e8re et la boutique D\u00e9lices du\u00a0Lac-Saint-Jean<\/strong><\/h2>\n<p>Ouvert depuis une dizaine d\u2019ann\u00e9es, l\u2019installation, qui abrite \u00e9galement la boutique D\u00e9lices du Lac-Saint-Jean, a comme mission de faire d\u00e9couvrir l\u2019histoire du bleuet et le d\u00e9licat m\u00e9tier de confituri\u00e8re aux nombreux visiteurs. Les membres de la famille Gaudreault seront ravis de vous faire d\u00e9couvrir les lieux et qui sait? Peut-\u00eatre pourrez-vous go\u00fbter \u00e0 une pointe de la tarte aux fruits embl\u00e9matiques de la r\u00e9gion! Dans la boutique, vous pourrez \u00e9galement vous procurer les <strong>d\u00e9licieux produits aux bleuets sauvages<\/strong>! Si l\u2019acc\u00e8s est gratuit, vous devez n\u00e9anmoins r\u00e9server pour des visites de groupe. Pour conna\u00eetre tous les renseignements, consultez le <a href=\"https:\/\/delicesdulac.com\/pages\/economusee\" target=\"_blank\" rel=\"noopener\"><span style=\"text-decoration: underline;\">site web de D\u00e9lices du Lac-Saint-Jean<\/span><\/a>.<\/p>\n<p>[\/et_pb_text][et_pb_image src=\u00a0\u00bbhttps:\/\/devtntatelier.com\/jeremy\/wp-content\/uploads\/2022\/07\/economusee-confituriere-delices-lac-saint-jean-albanel-1.jpg\u00a0\u00bb title_text=\u00a0\u00bbeconomusee-confituriere-delices-lac-saint-jean-albanel (1)\u00a0\u00bb align=\u00a0\u00bbcenter\u00a0\u00bb _builder_version=\u00a0\u00bb4.17.6&Prime; _module_preset=\u00a0\u00bbdefault\u00a0\u00bb global_colors_info=\u00a0\u00bb{}\u00a0\u00bb][\/et_pb_image][et_pb_text _builder_version=\u00a0\u00bb4.17.6&Prime; _module_preset=\u00a0\u00bbdefault\u00a0\u00bb global_colors_info=\u00a0\u00bb{}\u00a0\u00bb]<\/p>\n<p style=\"text-align: center;\">(Cr\u00e9dit photo : D\u00e9lices du Lac-Saint-Jean)<\/p>\n<p>[\/et_pb_text][et_pb_text _builder_version=\u00a0\u00bb4.17.6&Prime; _module_preset=\u00a0\u00bbdefault\u00a0\u00bb global_colors_info=\u00a0\u00bb{}\u00a0\u00bb]<\/p>\n<h2><strong>Un camping avec piscine, un plaisir d\u2019\u00e9t\u00e9 incontournable<\/strong><\/h2>\n<p>Au c\u0153ur du village se trouve le camping municipal, avec ses 95 emplacements et ses 13 chalets enti\u00e8rement \u00e9quip\u00e9s\u2014dont 5 sont disponibles toute l\u2019ann\u00e9e. En plus du mini-putt, des espaces verts et des multiples activit\u00e9s pour tous les \u00e2ges, vous ne vous y ennuierez pas!<\/p>\n<p>Qui dit journ\u00e9e chaude dit \u00e9galement piscine! Nouvellement inaugur\u00e9e en juin dernier, la toute nouvelle installation de baignade avec des jeux d\u2019eau vous rafra\u00eechira lorsque le mercure grimpera!<\/p>\n<p>Pour conna\u00eetre toutes les activit\u00e9s et pour r\u00e9server une place, vous pouvez consulter la page Facebook du camping, visiter <a href=\"https:\/\/albanel.ca\/camping-albanel\" target=\"_blank\" rel=\"noopener\"><span style=\"text-decoration: underline;\">le site web de la municipalit\u00e9 d&rsquo;Albanel<\/span><\/a> ou appeler directement au camping au <a href=\"tel:4182795250\" target=\"_blank\" rel=\"noopener\"><span style=\"text-decoration: underline;\">418 279-5250<\/span><\/a>, poste 3150.<\/p>\n<p>Il est \u00e0 noter qu\u2019une <strong>nouvelle cr\u00e9merie La Cabane Glac\u00e9e<\/strong> a ouvert ses portes pr\u00e8s du camping, de quoi satisfaire vos papilles gustatives!<\/p>\n<p>[\/et_pb_text][et_pb_image src=\u00a0\u00bbhttps:\/\/devtntatelier.com\/jeremy\/wp-content\/uploads\/2022\/07\/jeux-eau-albanel.jpg\u00a0\u00bb title_text=\u00a0\u00bbjeux-eau-albanel\u00a0\u00bb align=\u00a0\u00bbcenter\u00a0\u00bb _builder_version=\u00a0\u00bb4.17.6&Prime; _module_preset=\u00a0\u00bbdefault\u00a0\u00bb global_colors_info=\u00a0\u00bb{}\u00a0\u00bb][\/et_pb_image][et_pb_text _builder_version=\u00a0\u00bb4.17.6&Prime; _module_preset=\u00a0\u00bbdefault\u00a0\u00bb global_colors_info=\u00a0\u00bb{}\u00a0\u00bb]<\/p>\n<p style=\"text-align: center;\">(Cr\u00e9dit photo : Municipalit\u00e9 d&rsquo;Albanel)<\/p>\n<p>[\/et_pb_text][et_pb_text _builder_version=\u00a0\u00bb4.17.6&Prime; _module_preset=\u00a0\u00bbdefault\u00a0\u00bb global_colors_info=\u00a0\u00bb{}\u00a0\u00bb]<\/p>\n<h2><strong>Restaurant La Gourgani\u00e8re\u00a0: de nouveaux locaux tr\u00e8s attendus!<\/strong><\/h2>\n<p>En plein c\u0153ur du centre-ville, au 371 rue de l\u2019\u00c9glise, Albanel, vous retrouverez les tout nouveaux locaux du restaurant La Gourgani\u00e8re, tenu par Madame Patricia Renaud. \u00a0Avec son menu r\u00e9gional et son d\u00e9cor au go\u00fbt du jour, allez d\u00e9guster les bons petits plats de ce populaire restaurant! Et si la temp\u00e9rature est cl\u00e9mente, pourquoi ne pas profiter de la nouvelle terrasse! \u00a0Visitez la <a href=\"https:\/\/www.facebook.com\/restaurantlagouganiere\" target=\"_blank\" rel=\"noopener\"><span style=\"text-decoration: underline;\">page Facebook du restaurant La Gourgani\u00e8re<\/span><\/a>, qui est bien garnie, afin de conna\u00eetre tous les d\u00e9tails concernant le menu et les heures d\u2019ouverture.<\/p>\n<p>[\/et_pb_text][et_pb_image src=\u00a0\u00bbhttps:\/\/devtntatelier.com\/jeremy\/wp-content\/uploads\/2022\/05\/restaurant-la-gourganiere-albanel.jpg\u00a0\u00bb title_text=\u00a0\u00bbrestaurant-la-gourganiere-albanel\u00a0\u00bb align=\u00a0\u00bbcenter\u00a0\u00bb _builder_version=\u00a0\u00bb4.17.6&Prime; _module_preset=\u00a0\u00bbdefault\u00a0\u00bb global_colors_info=\u00a0\u00bb{}\u00a0\u00bb][\/et_pb_image][et_pb_text _builder_version=\u00a0\u00bb4.17.6&Prime; _module_preset=\u00a0\u00bbdefault\u00a0\u00bb global_colors_info=\u00a0\u00bb{}\u00a0\u00bb]<\/p>\n<p style=\"text-align: center;\">(Cr\u00e9dit photo : Extra Maria)<\/p>\n<p>[\/et_pb_text][\/et_pb_column][\/et_pb_row][et_pb_row _builder_version=\u00a0\u00bb4.17.6&Prime; _module_preset=\u00a0\u00bbdefault\u00a0\u00bb global_colors_info=\u00a0\u00bb{}\u00a0\u00bb][et_pb_column type=\u00a0\u00bb4_4&Prime; _builder_version=\u00a0\u00bb4.17.6&Prime; _module_preset=\u00a0\u00bbdefault\u00a0\u00bb global_colors_info=\u00a0\u00bb{}\u00a0\u00bb][et_pb_text _builder_version=\u00a0\u00bb4.17.6&Prime; _module_preset=\u00a0\u00bbdefault\u00a0\u00bb global_colors_info=\u00a0\u00bb{}\u00a0\u00bb]<\/p>\n<h2><strong>Visiter Albanel \u00e0 v\u00e9lo!<\/strong><\/h2>\n<p>La V\u00e9loroute des bleuets, dont le trac\u00e9 passe dans la municipalit\u00e9, permet un acc\u00e8s direct aux attraits touristiques de ce chaleureux village. Vous pourrez ainsi faire quelques arr\u00eats chez les multiples entrepreneurs ou encore poursuivre votre route vers le Parc r\u00e9gional des Grandes-Rivi\u00e8res du lac Saint-Jean secteur Albanel et emprunter les sentiers menant \u00e0 l\u2019impressionnante 9<sup>i\u00e8me<\/sup> chute. \u00a0Vous pouvez \u00e9galement profiter de quelques emplacements de camping sauvage qui y sont am\u00e9nag\u00e9s, avec une vue sur la chute.<\/p>\n<p>[\/et_pb_text][et_pb_image src=\u00a0\u00bbhttps:\/\/devtntatelier.com\/jeremy\/wp-content\/uploads\/2022\/07\/parc-regional-des-grandes-rivieres-albanel.jpg\u00a0\u00bb alt=\u00a0\u00bbV\u00e9lo au secteur de la 9e chute d&rsquo;Albanel\u00a0\u00bb title_text=\u00a0\u00bbparc-regional-des-grandes-rivieres-albanel\u00a0\u00bb align=\u00a0\u00bbcenter\u00a0\u00bb _builder_version=\u00a0\u00bb4.17.6&Prime; _module_preset=\u00a0\u00bbdefault\u00a0\u00bb global_colors_info=\u00a0\u00bb{}\u00a0\u00bb][\/et_pb_image][et_pb_text _builder_version=\u00a0\u00bb4.21.0&Prime; _module_preset=\u00a0\u00bbdefault\u00a0\u00bb global_colors_info=\u00a0\u00bb{}\u00a0\u00bb]<\/p>\n<p style=\"text-align: center;\">(Cr\u00e9dit photo : Parc r\u00e9gional des Grandes-Rivi\u00e8res du lac Saint-Jean)<\/p>\n<p>[\/et_pb_text][\/et_pb_column][\/et_pb_row][et_pb_row _builder_version=\u00a0\u00bb4.17.6&Prime; _module_preset=\u00a0\u00bbdefault\u00a0\u00bb global_colors_info=\u00a0\u00bb{}\u00a0\u00bb][et_pb_column type=\u00a0\u00bb4_4&Prime; _builder_version=\u00a0\u00bb4.17.6&Prime; _module_preset=\u00a0\u00bbdefault\u00a0\u00bb global_colors_info=\u00a0\u00bb{}\u00a0\u00bb][et_pb_text _builder_version=\u00a0\u00bb4.17.6&Prime; _module_preset=\u00a0\u00bbdefault\u00a0\u00bb global_colors_info=\u00a0\u00bb{}\u00a0\u00bb]<\/p>\n<p>Il n\u2019y a pas \u00e0 dire, cette belle localit\u00e9 entre terres agricoles et cours d\u2019eau vaut absolument le d\u00e9tour et saura certainement vous plaire!<\/p>\n<p>[\/et_pb_text][\/et_pb_column][\/et_pb_row][\/et_pb_section]<\/p>\n","protected":false},"excerpt":{"rendered":"<p>Le long de la route 169, la jolie municipalit\u00e9 d\u2019Albanel rayonne par son offre touristique estivale. Avec quelques nouveaut\u00e9s au programme, vous serez ravis d\u2019y passer du bon temps\u2026toute l\u2019ann\u00e9e [&hellip;]<\/p>\n","protected":false},"author":22,"featured_media":4044,"comment_status":"open","ping_status":"closed","sticky":false,"template":"","format":"standard","meta":{"_et_pb_use_builder":"on","_et_pb_old_content":"","_et_gb_content_width":"","_lmt_disableupdate":"","_lmt_disable":"","_price":"","_stock":"","_tribe_ticket_header":"","_tribe_default_ticket_provider":"","_tribe_ticket_capacity":"0","_ticket_start_date":"","_ticket_end_date":"","_tribe_ticket_show_description":"","_tribe_ticket_show_not_going":false,"_tribe_ticket_use_global_stock":"","_tribe_ticket_global_stock_level":"","_global_stock_mode":"","_global_stock_cap":"","_tribe_rsvp_for_event":"","_tribe_ticket_going_count":"","_tribe_ticket_not_going_count":"","_tribe_tickets_list":"[]","_tribe_ticket_has_attendee_info_fields":false,"footnotes":""},"categories":[4,1],"tags":[],"class_list":["post-4031","post","type-post","status-publish","format-standard","has-post-thumbnail","hentry","category-tendance","category-articles-achat-local-extra-maria"],"yoast_head":"<!-- This site is optimized with the Yoast SEO Premium plugin v25.9 (Yoast SEO v28.4) - https:\/\/yoast.com\/product\/yoast-seo-premium-wordpress\/ -->\n<title>Viens faire un tour \u00e0 Albanel - Extra Maria<\/title>\n<meta name=\"robots\" content=\"index, follow, max-snippet:-1, max-image-preview:large, max-video-preview:-1\" \/>\n<link rel=\"canonical\" href=\"https:\/\/devtntatelier.com\/jeremy\/quoi-faire-a-albanel\/\" \/>\n<meta property=\"og:locale\" content=\"fr_FR\" \/>\n<meta property=\"og:type\" content=\"article\" \/>\n<meta property=\"og:title\" content=\"Viens faire un tour \u00e0 Albanel\" \/>\n<meta property=\"og:url\" content=\"https:\/\/devtntatelier.com\/jeremy\/quoi-faire-a-albanel\/\" \/>\n<meta property=\"og:site_name\" content=\"Extra Maria\" \/>\n<meta property=\"article:published_time\" content=\"2022-07-27T12:07:25+00:00\" \/>\n<meta property=\"article:modified_time\" content=\"2023-05-20T10:59:33+00:00\" \/>\n<meta property=\"og:image\" content=\"https:\/\/devtntatelier.com\/jeremy\/wp-content\/uploads\/2022\/07\/les-douceurs-de-mulane-visite-asinerie-albanel-1.jpg\" \/>\n\t<meta property=\"og:image:width\" content=\"1200\" \/>\n\t<meta property=\"og:image:height\" content=\"630\" \/>\n\t<meta property=\"og:image:type\" content=\"image\/jpeg\" \/>\n<meta name=\"author\" content=\"V\u00e9ronique Asselin\" \/>\n<meta name=\"twitter:card\" content=\"summary_large_image\" \/>\n<meta name=\"twitter:label1\" content=\"\u00c9crit par\" \/>\n\t<meta name=\"twitter:data1\" content=\"V\u00e9ronique Asselin\" \/>\n\t<meta name=\"twitter:label2\" content=\"Dur\u00e9e de lecture estim\u00e9e\" \/>\n\t<meta name=\"twitter:data2\" content=\"6 minutes\" \/>\n<script type=\"application\/ld+json\" class=\"yoast-schema-graph\">{\"@context\":\"https:\\\/\\\/schema.org\",\"@graph\":[{\"@type\":\"Article\",\"@id\":\"https:\\\/\\\/devtntatelier.com\\\/jeremy\\\/quoi-faire-a-albanel\\\/#article\",\"isPartOf\":{\"@id\":\"https:\\\/\\\/devtntatelier.com\\\/jeremy\\\/quoi-faire-a-albanel\\\/\"},\"author\":{\"name\":\"V\u00e9ronique Asselin\",\"@id\":\"https:\\\/\\\/devtntatelier.com\\\/jeremy\\\/#\\\/schema\\\/person\\\/d8531d5f621e15873a41d221e3f919d3\"},\"headline\":\"Viens faire un tour \u00e0 Albanel\",\"datePublished\":\"2022-07-27T12:07:25+00:00\",\"dateModified\":\"2023-05-20T10:59:33+00:00\",\"mainEntityOfPage\":{\"@id\":\"https:\\\/\\\/devtntatelier.com\\\/jeremy\\\/quoi-faire-a-albanel\\\/\"},\"wordCount\":1581,\"commentCount\":0,\"image\":{\"@id\":\"https:\\\/\\\/devtntatelier.com\\\/jeremy\\\/quoi-faire-a-albanel\\\/#primaryimage\"},\"thumbnailUrl\":\"https:\\\/\\\/devtntatelier.com\\\/jeremy\\\/wp-content\\\/uploads\\\/2022\\\/07\\\/les-douceurs-de-mulane-visite-asinerie-albanel-1.jpg\",\"articleSection\":[\"Tendance\",\"Tous les articles\"],\"inLanguage\":\"fr-FR\",\"potentialAction\":[{\"@type\":\"CommentAction\",\"name\":\"Comment\",\"target\":[\"https:\\\/\\\/devtntatelier.com\\\/jeremy\\\/quoi-faire-a-albanel\\\/#respond\"]}]},{\"@type\":\"WebPage\",\"@id\":\"https:\\\/\\\/devtntatelier.com\\\/jeremy\\\/quoi-faire-a-albanel\\\/\",\"url\":\"https:\\\/\\\/devtntatelier.com\\\/jeremy\\\/quoi-faire-a-albanel\\\/\",\"name\":\"Viens faire un tour \u00e0 Albanel - Extra Maria\",\"isPartOf\":{\"@id\":\"https:\\\/\\\/devtntatelier.com\\\/jeremy\\\/#website\"},\"primaryImageOfPage\":{\"@id\":\"https:\\\/\\\/devtntatelier.com\\\/jeremy\\\/quoi-faire-a-albanel\\\/#primaryimage\"},\"image\":{\"@id\":\"https:\\\/\\\/devtntatelier.com\\\/jeremy\\\/quoi-faire-a-albanel\\\/#primaryimage\"},\"thumbnailUrl\":\"https:\\\/\\\/devtntatelier.com\\\/jeremy\\\/wp-content\\\/uploads\\\/2022\\\/07\\\/les-douceurs-de-mulane-visite-asinerie-albanel-1.jpg\",\"datePublished\":\"2022-07-27T12:07:25+00:00\",\"dateModified\":\"2023-05-20T10:59:33+00:00\",\"author\":{\"@id\":\"https:\\\/\\\/devtntatelier.com\\\/jeremy\\\/#\\\/schema\\\/person\\\/d8531d5f621e15873a41d221e3f919d3\"},\"breadcrumb\":{\"@id\":\"https:\\\/\\\/devtntatelier.com\\\/jeremy\\\/quoi-faire-a-albanel\\\/#breadcrumb\"},\"inLanguage\":\"fr-FR\",\"potentialAction\":[{\"@type\":\"ReadAction\",\"target\":[\"https:\\\/\\\/devtntatelier.com\\\/jeremy\\\/quoi-faire-a-albanel\\\/\"]}]},{\"@type\":\"ImageObject\",\"inLanguage\":\"fr-FR\",\"@id\":\"https:\\\/\\\/devtntatelier.com\\\/jeremy\\\/quoi-faire-a-albanel\\\/#primaryimage\",\"url\":\"https:\\\/\\\/devtntatelier.com\\\/jeremy\\\/wp-content\\\/uploads\\\/2022\\\/07\\\/les-douceurs-de-mulane-visite-asinerie-albanel-1.jpg\",\"contentUrl\":\"https:\\\/\\\/devtntatelier.com\\\/jeremy\\\/wp-content\\\/uploads\\\/2022\\\/07\\\/les-douceurs-de-mulane-visite-asinerie-albanel-1.jpg\",\"width\":1200,\"height\":630,\"caption\":\"Visites des \u00e2nes \u00e0 Albanel\"},{\"@type\":\"BreadcrumbList\",\"@id\":\"https:\\\/\\\/devtntatelier.com\\\/jeremy\\\/quoi-faire-a-albanel\\\/#breadcrumb\",\"itemListElement\":[{\"@type\":\"ListItem\",\"position\":1,\"name\":\"Accueil\",\"item\":\"https:\\\/\\\/devtntatelier.com\\\/jeremy\\\/\"},{\"@type\":\"ListItem\",\"position\":2,\"name\":\"Viens faire un tour \u00e0 Albanel\"}]},{\"@type\":\"WebSite\",\"@id\":\"https:\\\/\\\/devtntatelier.com\\\/jeremy\\\/#website\",\"url\":\"https:\\\/\\\/devtntatelier.com\\\/jeremy\\\/\",\"name\":\"Extra Maria\",\"description\":\"Blogue - D\u00e9couvertes locales et achat local\",\"potentialAction\":[{\"@type\":\"SearchAction\",\"target\":{\"@type\":\"EntryPoint\",\"urlTemplate\":\"https:\\\/\\\/devtntatelier.com\\\/jeremy\\\/?s={search_term_string}\"},\"query-input\":{\"@type\":\"PropertyValueSpecification\",\"valueRequired\":true,\"valueName\":\"search_term_string\"}}],\"inLanguage\":\"fr-FR\"},{\"@type\":\"Person\",\"@id\":\"https:\\\/\\\/devtntatelier.com\\\/jeremy\\\/#\\\/schema\\\/person\\\/d8531d5f621e15873a41d221e3f919d3\",\"name\":\"V\u00e9ronique Asselin\",\"image\":{\"@type\":\"ImageObject\",\"inLanguage\":\"fr-FR\",\"@id\":\"https:\\\/\\\/secure.gravatar.com\\\/avatar\\\/aec92c5b424efdc356ddd6ef6d9c1d424dbb81a3c15e9889bc052145a8618879?s=96&d=mm&r=g\",\"url\":\"https:\\\/\\\/secure.gravatar.com\\\/avatar\\\/aec92c5b424efdc356ddd6ef6d9c1d424dbb81a3c15e9889bc052145a8618879?s=96&d=mm&r=g\",\"contentUrl\":\"https:\\\/\\\/secure.gravatar.com\\\/avatar\\\/aec92c5b424efdc356ddd6ef6d9c1d424dbb81a3c15e9889bc052145a8618879?s=96&d=mm&r=g\",\"caption\":\"V\u00e9ronique Asselin\"},\"description\":\"Je suis maman, enseignante de fran\u00e7ais et amoureuse des mots depuis toujours! Passionn\u00e9e de voyage, de cuisine et de la culture, j\u2019aime aller \u00e0 la rencontre des autres et d\u00e9couvrir ce qu\u2019ils ont \u00e0 offrir. C\u2019est pourquoi je suis heureuse de vous faire d\u00e9couvrir ou red\u00e9couvrir celles et ceux qui animent notre MRC : les entrepreneurs d\u2019ici!\",\"url\":\"https:\\\/\\\/devtntatelier.com\\\/jeremy\\\/author\\\/veronique-asselin\\\/\"}]}<\/script>\n<!-- \/ Yoast SEO Premium plugin. -->","yoast_head_json":{"title":"Viens faire un tour \u00e0 Albanel - Extra Maria","robots":{"index":"index","follow":"follow","max-snippet":"max-snippet:-1","max-image-preview":"max-image-preview:large","max-video-preview":"max-video-preview:-1"},"canonical":"https:\/\/devtntatelier.com\/jeremy\/quoi-faire-a-albanel\/","og_locale":"fr_FR","og_type":"article","og_title":"Viens faire un tour \u00e0 Albanel","og_url":"https:\/\/devtntatelier.com\/jeremy\/quoi-faire-a-albanel\/","og_site_name":"Extra Maria","article_published_time":"2022-07-27T12:07:25+00:00","article_modified_time":"2023-05-20T10:59:33+00:00","og_image":[{"width":1200,"height":630,"url":"https:\/\/devtntatelier.com\/jeremy\/wp-content\/uploads\/2022\/07\/les-douceurs-de-mulane-visite-asinerie-albanel-1.jpg","type":"image\/jpeg"}],"author":"V\u00e9ronique Asselin","twitter_card":"summary_large_image","twitter_misc":{"\u00c9crit par":"V\u00e9ronique Asselin","Dur\u00e9e de lecture estim\u00e9e":"6 minutes"},"schema":{"@context":"https:\/\/schema.org","@graph":[{"@type":"Article","@id":"https:\/\/devtntatelier.com\/jeremy\/quoi-faire-a-albanel\/#article","isPartOf":{"@id":"https:\/\/devtntatelier.com\/jeremy\/quoi-faire-a-albanel\/"},"author":{"name":"V\u00e9ronique Asselin","@id":"https:\/\/devtntatelier.com\/jeremy\/#\/schema\/person\/d8531d5f621e15873a41d221e3f919d3"},"headline":"Viens faire un tour \u00e0 Albanel","datePublished":"2022-07-27T12:07:25+00:00","dateModified":"2023-05-20T10:59:33+00:00","mainEntityOfPage":{"@id":"https:\/\/devtntatelier.com\/jeremy\/quoi-faire-a-albanel\/"},"wordCount":1581,"commentCount":0,"image":{"@id":"https:\/\/devtntatelier.com\/jeremy\/quoi-faire-a-albanel\/#primaryimage"},"thumbnailUrl":"https:\/\/devtntatelier.com\/jeremy\/wp-content\/uploads\/2022\/07\/les-douceurs-de-mulane-visite-asinerie-albanel-1.jpg","articleSection":["Tendance","Tous les articles"],"inLanguage":"fr-FR","potentialAction":[{"@type":"CommentAction","name":"Comment","target":["https:\/\/devtntatelier.com\/jeremy\/quoi-faire-a-albanel\/#respond"]}]},{"@type":"WebPage","@id":"https:\/\/devtntatelier.com\/jeremy\/quoi-faire-a-albanel\/","url":"https:\/\/devtntatelier.com\/jeremy\/quoi-faire-a-albanel\/","name":"Viens faire un tour \u00e0 Albanel - Extra Maria","isPartOf":{"@id":"https:\/\/devtntatelier.com\/jeremy\/#website"},"primaryImageOfPage":{"@id":"https:\/\/devtntatelier.com\/jeremy\/quoi-faire-a-albanel\/#primaryimage"},"image":{"@id":"https:\/\/devtntatelier.com\/jeremy\/quoi-faire-a-albanel\/#primaryimage"},"thumbnailUrl":"https:\/\/devtntatelier.com\/jeremy\/wp-content\/uploads\/2022\/07\/les-douceurs-de-mulane-visite-asinerie-albanel-1.jpg","datePublished":"2022-07-27T12:07:25+00:00","dateModified":"2023-05-20T10:59:33+00:00","author":{"@id":"https:\/\/devtntatelier.com\/jeremy\/#\/schema\/person\/d8531d5f621e15873a41d221e3f919d3"},"breadcrumb":{"@id":"https:\/\/devtntatelier.com\/jeremy\/quoi-faire-a-albanel\/#breadcrumb"},"inLanguage":"fr-FR","potentialAction":[{"@type":"ReadAction","target":["https:\/\/devtntatelier.com\/jeremy\/quoi-faire-a-albanel\/"]}]},{"@type":"ImageObject","inLanguage":"fr-FR","@id":"https:\/\/devtntatelier.com\/jeremy\/quoi-faire-a-albanel\/#primaryimage","url":"https:\/\/devtntatelier.com\/jeremy\/wp-content\/uploads\/2022\/07\/les-douceurs-de-mulane-visite-asinerie-albanel-1.jpg","contentUrl":"https:\/\/devtntatelier.com\/jeremy\/wp-content\/uploads\/2022\/07\/les-douceurs-de-mulane-visite-asinerie-albanel-1.jpg","width":1200,"height":630,"caption":"Visites des \u00e2nes \u00e0 Albanel"},{"@type":"BreadcrumbList","@id":"https:\/\/devtntatelier.com\/jeremy\/quoi-faire-a-albanel\/#breadcrumb","itemListElement":[{"@type":"ListItem","position":1,"name":"Accueil","item":"https:\/\/devtntatelier.com\/jeremy\/"},{"@type":"ListItem","position":2,"name":"Viens faire un tour \u00e0 Albanel"}]},{"@type":"WebSite","@id":"https:\/\/devtntatelier.com\/jeremy\/#website","url":"https:\/\/devtntatelier.com\/jeremy\/","name":"Extra Maria","description":"Blogue - D\u00e9couvertes locales et achat local","potentialAction":[{"@type":"SearchAction","target":{"@type":"EntryPoint","urlTemplate":"https:\/\/devtntatelier.com\/jeremy\/?s={search_term_string}"},"query-input":{"@type":"PropertyValueSpecification","valueRequired":true,"valueName":"search_term_string"}}],"inLanguage":"fr-FR"},{"@type":"Person","@id":"https:\/\/devtntatelier.com\/jeremy\/#\/schema\/person\/d8531d5f621e15873a41d221e3f919d3","name":"V\u00e9ronique Asselin","image":{"@type":"ImageObject","inLanguage":"fr-FR","@id":"https:\/\/secure.gravatar.com\/avatar\/aec92c5b424efdc356ddd6ef6d9c1d424dbb81a3c15e9889bc052145a8618879?s=96&d=mm&r=g","url":"https:\/\/secure.gravatar.com\/avatar\/aec92c5b424efdc356ddd6ef6d9c1d424dbb81a3c15e9889bc052145a8618879?s=96&d=mm&r=g","contentUrl":"https:\/\/secure.gravatar.com\/avatar\/aec92c5b424efdc356ddd6ef6d9c1d424dbb81a3c15e9889bc052145a8618879?s=96&d=mm&r=g","caption":"V\u00e9ronique Asselin"},"description":"Je suis maman, enseignante de fran\u00e7ais et amoureuse des mots depuis toujours! Passionn\u00e9e de voyage, de cuisine et de la culture, j\u2019aime aller \u00e0 la rencontre des autres et d\u00e9couvrir ce qu\u2019ils ont \u00e0 offrir. C\u2019est pourquoi je suis heureuse de vous faire d\u00e9couvrir ou red\u00e9couvrir celles et ceux qui animent notre MRC : les entrepreneurs d\u2019ici!","url":"https:\/\/devtntatelier.com\/jeremy\/author\/veronique-asselin\/"}]}},"modified_by":"Am\u00e9lia Fromage","_links":{"self":[{"href":"https:\/\/devtntatelier.com\/jeremy\/wp-json\/wp\/v2\/posts\/4031","targetHints":{"allow":["GET"]}}],"collection":[{"href":"https:\/\/devtntatelier.com\/jeremy\/wp-json\/wp\/v2\/posts"}],"about":[{"href":"https:\/\/devtntatelier.com\/jeremy\/wp-json\/wp\/v2\/types\/post"}],"author":[{"embeddable":true,"href":"https:\/\/devtntatelier.com\/jeremy\/wp-json\/wp\/v2\/users\/22"}],"replies":[{"embeddable":true,"href":"https:\/\/devtntatelier.com\/jeremy\/wp-json\/wp\/v2\/comments?post=4031"}],"version-history":[{"count":0,"href":"https:\/\/devtntatelier.com\/jeremy\/wp-json\/wp\/v2\/posts\/4031\/revisions"}],"wp:featuredmedia":[{"embeddable":true,"href":"https:\/\/devtntatelier.com\/jeremy\/wp-json\/wp\/v2\/media\/4044"}],"wp:attachment":[{"href":"https:\/\/devtntatelier.com\/jeremy\/wp-json\/wp\/v2\/media?parent=4031"}],"wp:term":[{"taxonomy":"category","embeddable":true,"href":"https:\/\/devtntatelier.com\/jeremy\/wp-json\/wp\/v2\/categories?post=4031"},{"taxonomy":"post_tag","embeddable":true,"href":"https:\/\/devtntatelier.com\/jeremy\/wp-json\/wp\/v2\/tags?post=4031"}],"curies":[{"name":"wp","href":"https:\/\/api.w.org\/{rel}","templated":true}]}}