{"id":4026,"date":"2022-08-17T19:55:16","date_gmt":"2022-08-17T23:55:16","guid":{"rendered":"https:\/\/devtntatelier.com\/jeremy\/?p=4026"},"modified":"2022-08-17T19:55:53","modified_gmt":"2022-08-17T23:55:53","slug":"le-festival-des-brasseurs-un-rendez-vous-a-ne-pas-manquer","status":"publish","type":"post","link":"https:\/\/devtntatelier.com\/jeremy\/le-festival-des-brasseurs-un-rendez-vous-a-ne-pas-manquer\/","title":{"rendered":"Le Festival des Brasseurs, un rendez-vous \u00e0 ne pas manquer!"},"content":{"rendered":"\n[et_pb_section fb_built=\u00a0\u00bb1&Prime; _builder_version=\u00a0\u00bb4.17.6&Prime; _module_preset=\u00a0\u00bbdefault\u00a0\u00bb global_colors_info=\u00a0\u00bb{}\u00a0\u00bb][et_pb_row _builder_version=\u00a0\u00bb4.17.6&Prime; _module_preset=\u00a0\u00bbdefault\u00a0\u00bb global_colors_info=\u00a0\u00bb{}\u00a0\u00bb][et_pb_column type=\u00a0\u00bb4_4&Prime; _builder_version=\u00a0\u00bb4.17.6&Prime; _module_preset=\u00a0\u00bbdefault\u00a0\u00bb global_colors_info=\u00a0\u00bb{}\u00a0\u00bb][et_pb_text _builder_version=\u00a0\u00bb4.17.6&Prime; _module_preset=\u00a0\u00bbdefault\u00a0\u00bb global_colors_info=\u00a0\u00bb{}\u00a0\u00bb]<p>C\u2019est avec un logo et un site web fra\u00eechement revamp\u00e9s que le Festival des Brasseurs de Dolbeau-Mistassini revient pour une 8<sup>i\u00e8me<\/sup> \u00e9dition sous la vo\u00fbte \u00e9toil\u00e9e du Boulevard Wallberg les 26 et 27 ao\u00fbt prochains.<\/p>\n<p>C\u2019est un retour tr\u00e8s attendu pour le festival brassicole, qui avait fait une pause ces deux derni\u00e8res ann\u00e9es \u00e0 cause de la pand\u00e9mie. On se souviendra que l\u2019an dernier, c\u2019est par la cr\u00e9ation et la vente de bo\u00eete de bi\u00e8res et de produits d\u00e9riv\u00e9s que le Festival des Brasseurs avait pu remettre un montant de 3000$ \u00e0 l\u2019organisme Le Garde-Manger de Dolbeau-Mistassini. Il ne faut pas oublier que c\u2019est l\u2019OBNL Gestion d\u2019\u00e9v\u00e9nements Fut\u00e9 qui chapeaute le Festival, dont l\u2019un des volets importants est de redonner \u00e0 la communaut\u00e9!<\/p>\n<p>Pour la petite histoire, Gestion d\u2019\u00e9v\u00e9nements Fut\u00e9 a \u00e9t\u00e9 cr\u00e9\u00e9 afin d\u2019impliquer la rel\u00e8ve citoyenne dans la communaut\u00e9 et ils ont su profiter de l\u2019effervescence des bi\u00e8res de microbrasseries au Qu\u00e9bec pour fonder le Festival, qui est maintenant bien implant\u00e9 dans le paysage dolmissois.<\/p>\n<p>Cette ann\u00e9e, les 13 personnes dynamiques qui forment le comit\u00e9 organisateur ont travaill\u00e9 tr\u00e8s fort pour offrir au public une formule \u00e0 la fois conviviale et tourn\u00e9e vers le renouveau afin de relancer cet \u00e9v\u00e9nement appr\u00e9ci\u00e9 de tous.<\/p>[\/et_pb_text][\/et_pb_column][\/et_pb_row][et_pb_row _builder_version=\u00a0\u00bb4.18.0&Prime; _module_preset=\u00a0\u00bbdefault\u00a0\u00bb][et_pb_column _builder_version=\u00a0\u00bb4.18.0&Prime; _module_preset=\u00a0\u00bbdefault\u00a0\u00bb type=\u00a0\u00bb4_4&Prime;][et_pb_image src=\u00a0\u00bbhttps:\/\/devtntatelier.com\/jeremy\/wp-content\/uploads\/2022\/08\/2-2.webp\u00a0\u00bb _builder_version=\u00a0\u00bb4.18.0&Prime; _module_preset=\u00a0\u00bbdefault\u00a0\u00bb alt=\u00a0\u00bbNouveau logo du Festival des Brasseurs\u00a0\u00bb title_text=\u00a0\u00bblogo-festival-des-brasseurs\u00a0\u00bb hover_enabled=\u00a0\u00bb0&Prime; sticky_enabled=\u00a0\u00bb0&Prime;][\/et_pb_image][\/et_pb_column][\/et_pb_row][et_pb_row _builder_version=\u00a0\u00bb4.18.0&Prime; _module_preset=\u00a0\u00bbdefault\u00a0\u00bb][et_pb_column _builder_version=\u00a0\u00bb4.18.0&Prime; _module_preset=\u00a0\u00bbdefault\u00a0\u00bb type=\u00a0\u00bb4_4&Prime;][et_pb_image src=\u00a0\u00bbhttps:\/\/devtntatelier.com\/jeremy\/wp-content\/uploads\/2022\/08\/3-1.webp\u00a0\u00bb _builder_version=\u00a0\u00bb4.18.0&Prime; _module_preset=\u00a0\u00bbdefault\u00a0\u00bb title_text=\u00a0\u00bbcomite-benevoles-festival-brasseurs-dolbeau-mistassini\u00a0\u00bb align=\u00a0\u00bbcenter\u00a0\u00bb hover_enabled=\u00a0\u00bb0&Prime; sticky_enabled=\u00a0\u00bb0&Prime;][\/et_pb_image][\/et_pb_column][\/et_pb_row][et_pb_row _builder_version=\u00a0\u00bb4.17.6&Prime; _module_preset=\u00a0\u00bbdefault\u00a0\u00bb global_colors_info=\u00a0\u00bb{}\u00a0\u00bb][et_pb_column type=\u00a0\u00bb4_4&Prime; _builder_version=\u00a0\u00bb4.17.6&Prime; _module_preset=\u00a0\u00bbdefault\u00a0\u00bb global_colors_info=\u00a0\u00bb{}\u00a0\u00bb][et_pb_text _builder_version=\u00a0\u00bb4.17.6&Prime; _module_preset=\u00a0\u00bbdefault\u00a0\u00bb global_colors_info=\u00a0\u00bb{}\u00a0\u00bb]<h2><strong>De la bi\u00e8re, en veux-tu en v\u2019la!<\/strong><\/h2>\n<p>D\u00e8s le vendredi 26 ao\u00fbt \u00e0 17h, les gens pourront d\u00e9ambuler \u00e0 travers la quinzaine de kiosques offrant des produits houblonn\u00e9s, mais pas que! Cette ann\u00e9e, les amateurs de cidre et de spiritueux seront aussi ravis de d\u00e9couvrir et de d\u00e9guster de tr\u00e8s bons produits cidricoles. Coureur des Bois, La Chouape, Microbrasserie du Lac, Riverbend, Berc\u00e9e, Ma\u00eetre Renard, Chasse-Pinte, Pie Braque, Saint-F\u00fbt, Microbrasserie Saint-Honor\u00e9, Distillerie du Fjord, Brasserie Valkyrie, Joli Rouge et Distillerie du Quai, et plus encore, sauront assur\u00e9ment satisfaire les fins palais. En plus de la d\u00e9gustation, certaines microbrasseries s\u2019affronteront m\u00eame dans une comp\u00e9tition amicale de la meilleure bi\u00e8re aux bleuets! Qui en sortira vainqueur?<\/p>\n<p>Il est \u00e0 noter que l\u2019habituel syst\u00e8me de coupon, avec un ensemble de d\u00e9part, qui comprend un verre et 12 coupons, pourra cette ann\u00e9e \u00eatre achet\u00e9 en ligne. Cela permettra de d\u00e9sengorger la file d\u2019attente!<\/p>[\/et_pb_text][\/et_pb_column][\/et_pb_row][et_pb_row _builder_version=\u00a0\u00bb4.17.6&Prime; _module_preset=\u00a0\u00bbdefault\u00a0\u00bb global_colors_info=\u00a0\u00bb{}\u00a0\u00bb][et_pb_column type=\u00a0\u00bb4_4&Prime; _builder_version=\u00a0\u00bb4.17.6&Prime; _module_preset=\u00a0\u00bbdefault\u00a0\u00bb global_colors_info=\u00a0\u00bb{}\u00a0\u00bb][et_pb_text _builder_version=\u00a0\u00bb4.17.6&Prime; _module_preset=\u00a0\u00bbdefault\u00a0\u00bb global_colors_info=\u00a0\u00bb{}\u00a0\u00bb]<h2><strong>De la bouffe \u00e0 profusion<\/strong><\/h2>\n<p>En plus des breuvages \u00e0 l\u2019honneur, il sera possible de se substanter aux 6 kiosques et Foodtruck qui seront sur place. En plus de Salaison Besson, du Kastelet, de Chic mon cochon et de l\u2019Entrec\u00f4te Riverain, qui vous offriront leurs sp\u00e9cialit\u00e9s faciles \u00e0 emporter, vous pourrez vous sucrer le bec gr\u00e2ce \u00e0 La Cabane \u00e0 Chichis et ses churros ainsi qu\u2019\u00e0 Mr.Puffs et ses d\u00e9lectables beignets. Encore une fois, le comit\u00e9 organisateur a frapp\u00e9 dans le mille avec cette offre culinaire qui sort de l\u2019ordinaire.<\/p>[\/et_pb_text][\/et_pb_column][\/et_pb_row][et_pb_row _builder_version=\u00a0\u00bb4.17.6&Prime; _module_preset=\u00a0\u00bbdefault\u00a0\u00bb global_colors_info=\u00a0\u00bb{}\u00a0\u00bb][et_pb_column type=\u00a0\u00bb4_4&Prime; _builder_version=\u00a0\u00bb4.17.6&Prime; _module_preset=\u00a0\u00bbdefault\u00a0\u00bb global_colors_info=\u00a0\u00bb{}\u00a0\u00bb][et_pb_text _builder_version=\u00a0\u00bb4.17.6&Prime; _module_preset=\u00a0\u00bbdefault\u00a0\u00bb global_colors_info=\u00a0\u00bb{}\u00a0\u00bb]<h2><strong>De l\u2019animation haute en couleur<\/strong><\/h2>\n<p>Pour couronner le tout, que serait un festival sans animation et spectacles musicaux? Avec <em>Tassez-vous de l\u2019a,<\/em> <em>hommage aux colocs<\/em>, le vendredi, ainsi que <em>Bermuda <\/em>et <em>Les Louanges<\/em>, le samedi soir, vous serez servis! Vous pourrez \u00e9galement entendre <em>La Fanfare Dixie<\/em>, le vendredi et <em>Laurie Dubois-Bouchard<\/em>, percussionniste talentueuse originaire d\u2019ici, \u00e0 divers moments pendant le festival. Il ne faut surtout pas oublier le match d\u2019improvisation du samedi soir, organis\u00e9 par Vanessa Girard.<\/p>\n<p>Les exposants et les artistes, provenant principalement de notre belle r\u00e9gion, peuvent \u00eatre fiers de nous pr\u00e9senter une si belle offre! Il y a du talent chez nous, il n\u2019y a pas \u00e0 dire! Bravo!<\/p>\n<p>Pour conna\u00eetre le d\u00e9tail de la programmation ou pour vous procurer des billets, visitez le site internet au <span style=\"text-decoration: underline;\"><a href=\"https:\/\/festivaldesbrasseurs.ca\/\">https:\/\/festivaldesbrasseurs.ca\/<\/a><\/span>.<\/p>\n<p>C\u2019est un rendez-vous de fin d\u2019\u00e9t\u00e9 \u00e0 ne pas manquer!<\/p>[\/et_pb_text][\/et_pb_column][\/et_pb_row][\/et_pb_section]\n","protected":false},"excerpt":{"rendered":"<p>C\u2019est avec un logo et un site web fra\u00eechement revamp\u00e9s que le Festival des Brasseurs de Dolbeau-Mistassini revient pour une 8i\u00e8me \u00e9dition sous la vo\u00fbte \u00e9toil\u00e9e du Boulevard Wallberg les [&hellip;]<\/p>\n","protected":false},"author":22,"featured_media":4091,"comment_status":"open","ping_status":"closed","sticky":false,"template":"","format":"standard","meta":{"_et_pb_use_builder":"on","_et_pb_old_content":"","_et_gb_content_width":"","_lmt_disableupdate":"","_lmt_disable":"","_price":"","_stock":"","_tribe_ticket_header":"","_tribe_default_ticket_provider":"","_tribe_ticket_capacity":"0","_ticket_start_date":"","_ticket_end_date":"","_tribe_ticket_show_description":"","_tribe_ticket_show_not_going":false,"_tribe_ticket_use_global_stock":"","_tribe_ticket_global_stock_level":"","_global_stock_mode":"","_global_stock_cap":"","_tribe_rsvp_for_event":"","_tribe_ticket_going_count":"","_tribe_ticket_not_going_count":"","_tribe_tickets_list":"[]","_tribe_ticket_has_attendee_info_fields":false,"footnotes":""},"categories":[4,1],"tags":[],"class_list":["post-4026","post","type-post","status-publish","format-standard","has-post-thumbnail","hentry","category-tendance","category-articles-achat-local-extra-maria"],"yoast_head":"<!-- This site is optimized with the Yoast SEO Premium plugin v25.9 (Yoast SEO v28.4) - https:\/\/yoast.com\/product\/yoast-seo-premium-wordpress\/ -->\n<title>Le Festival des Brasseurs, un rendez-vous \u00e0 ne pas manquer! - Extra Maria<\/title>\n<meta name=\"robots\" content=\"index, follow, max-snippet:-1, max-image-preview:large, max-video-preview:-1\" \/>\n<link rel=\"canonical\" href=\"https:\/\/devtntatelier.com\/jeremy\/le-festival-des-brasseurs-un-rendez-vous-a-ne-pas-manquer\/\" \/>\n<meta property=\"og:locale\" content=\"fr_FR\" \/>\n<meta property=\"og:type\" content=\"article\" \/>\n<meta property=\"og:title\" content=\"Le Festival des Brasseurs, un rendez-vous \u00e0 ne pas manquer!\" \/>\n<meta property=\"og:url\" content=\"https:\/\/devtntatelier.com\/jeremy\/le-festival-des-brasseurs-un-rendez-vous-a-ne-pas-manquer\/\" \/>\n<meta property=\"og:site_name\" content=\"Extra Maria\" \/>\n<meta property=\"article:published_time\" content=\"2022-08-17T23:55:16+00:00\" \/>\n<meta property=\"article:modified_time\" content=\"2022-08-17T23:55:53+00:00\" \/>\n<meta property=\"og:image\" content=\"https:\/\/devtntatelier.com\/jeremy\/wp-content\/uploads\/2022\/08\/1-2.webp\" \/>\n\t<meta property=\"og:image:width\" content=\"1200\" \/>\n\t<meta property=\"og:image:height\" content=\"630\" \/>\n\t<meta property=\"og:image:type\" content=\"image\/webp\" \/>\n<meta name=\"author\" content=\"V\u00e9ronique Asselin\" \/>\n<meta name=\"twitter:card\" content=\"summary_large_image\" \/>\n<meta name=\"twitter:label1\" content=\"\u00c9crit par\" \/>\n\t<meta name=\"twitter:data1\" content=\"V\u00e9ronique Asselin\" \/>\n\t<meta name=\"twitter:label2\" content=\"Dur\u00e9e de lecture estim\u00e9e\" \/>\n\t<meta name=\"twitter:data2\" content=\"4 minutes\" \/>\n<script type=\"application\/ld+json\" class=\"yoast-schema-graph\">{\"@context\":\"https:\\\/\\\/schema.org\",\"@graph\":[{\"@type\":\"Article\",\"@id\":\"https:\\\/\\\/devtntatelier.com\\\/jeremy\\\/le-festival-des-brasseurs-un-rendez-vous-a-ne-pas-manquer\\\/#article\",\"isPartOf\":{\"@id\":\"https:\\\/\\\/devtntatelier.com\\\/jeremy\\\/le-festival-des-brasseurs-un-rendez-vous-a-ne-pas-manquer\\\/\"},\"author\":{\"name\":\"V\u00e9ronique Asselin\",\"@id\":\"https:\\\/\\\/devtntatelier.com\\\/jeremy\\\/#\\\/schema\\\/person\\\/d8531d5f621e15873a41d221e3f919d3\"},\"headline\":\"Le Festival des Brasseurs, un rendez-vous \u00e0 ne pas manquer!\",\"datePublished\":\"2022-08-17T23:55:16+00:00\",\"dateModified\":\"2022-08-17T23:55:53+00:00\",\"mainEntityOfPage\":{\"@id\":\"https:\\\/\\\/devtntatelier.com\\\/jeremy\\\/le-festival-des-brasseurs-un-rendez-vous-a-ne-pas-manquer\\\/\"},\"wordCount\":953,\"commentCount\":0,\"image\":{\"@id\":\"https:\\\/\\\/devtntatelier.com\\\/jeremy\\\/le-festival-des-brasseurs-un-rendez-vous-a-ne-pas-manquer\\\/#primaryimage\"},\"thumbnailUrl\":\"https:\\\/\\\/devtntatelier.com\\\/jeremy\\\/wp-content\\\/uploads\\\/2022\\\/08\\\/1-2.webp\",\"articleSection\":[\"Tendance\",\"Tous les articles\"],\"inLanguage\":\"fr-FR\",\"potentialAction\":[{\"@type\":\"CommentAction\",\"name\":\"Comment\",\"target\":[\"https:\\\/\\\/devtntatelier.com\\\/jeremy\\\/le-festival-des-brasseurs-un-rendez-vous-a-ne-pas-manquer\\\/#respond\"]}]},{\"@type\":\"WebPage\",\"@id\":\"https:\\\/\\\/devtntatelier.com\\\/jeremy\\\/le-festival-des-brasseurs-un-rendez-vous-a-ne-pas-manquer\\\/\",\"url\":\"https:\\\/\\\/devtntatelier.com\\\/jeremy\\\/le-festival-des-brasseurs-un-rendez-vous-a-ne-pas-manquer\\\/\",\"name\":\"Le Festival des Brasseurs, un rendez-vous \u00e0 ne pas manquer! - Extra Maria\",\"isPartOf\":{\"@id\":\"https:\\\/\\\/devtntatelier.com\\\/jeremy\\\/#website\"},\"primaryImageOfPage\":{\"@id\":\"https:\\\/\\\/devtntatelier.com\\\/jeremy\\\/le-festival-des-brasseurs-un-rendez-vous-a-ne-pas-manquer\\\/#primaryimage\"},\"image\":{\"@id\":\"https:\\\/\\\/devtntatelier.com\\\/jeremy\\\/le-festival-des-brasseurs-un-rendez-vous-a-ne-pas-manquer\\\/#primaryimage\"},\"thumbnailUrl\":\"https:\\\/\\\/devtntatelier.com\\\/jeremy\\\/wp-content\\\/uploads\\\/2022\\\/08\\\/1-2.webp\",\"datePublished\":\"2022-08-17T23:55:16+00:00\",\"dateModified\":\"2022-08-17T23:55:53+00:00\",\"author\":{\"@id\":\"https:\\\/\\\/devtntatelier.com\\\/jeremy\\\/#\\\/schema\\\/person\\\/d8531d5f621e15873a41d221e3f919d3\"},\"breadcrumb\":{\"@id\":\"https:\\\/\\\/devtntatelier.com\\\/jeremy\\\/le-festival-des-brasseurs-un-rendez-vous-a-ne-pas-manquer\\\/#breadcrumb\"},\"inLanguage\":\"fr-FR\",\"potentialAction\":[{\"@type\":\"ReadAction\",\"target\":[\"https:\\\/\\\/devtntatelier.com\\\/jeremy\\\/le-festival-des-brasseurs-un-rendez-vous-a-ne-pas-manquer\\\/\"]}]},{\"@type\":\"ImageObject\",\"inLanguage\":\"fr-FR\",\"@id\":\"https:\\\/\\\/devtntatelier.com\\\/jeremy\\\/le-festival-des-brasseurs-un-rendez-vous-a-ne-pas-manquer\\\/#primaryimage\",\"url\":\"https:\\\/\\\/devtntatelier.com\\\/jeremy\\\/wp-content\\\/uploads\\\/2022\\\/08\\\/1-2.webp\",\"contentUrl\":\"https:\\\/\\\/devtntatelier.com\\\/jeremy\\\/wp-content\\\/uploads\\\/2022\\\/08\\\/1-2.webp\",\"width\":1200,\"height\":630,\"caption\":\"Festival des Brasseurs\"},{\"@type\":\"BreadcrumbList\",\"@id\":\"https:\\\/\\\/devtntatelier.com\\\/jeremy\\\/le-festival-des-brasseurs-un-rendez-vous-a-ne-pas-manquer\\\/#breadcrumb\",\"itemListElement\":[{\"@type\":\"ListItem\",\"position\":1,\"name\":\"Accueil\",\"item\":\"https:\\\/\\\/devtntatelier.com\\\/jeremy\\\/\"},{\"@type\":\"ListItem\",\"position\":2,\"name\":\"Le Festival des Brasseurs, un rendez-vous \u00e0 ne pas manquer!\"}]},{\"@type\":\"WebSite\",\"@id\":\"https:\\\/\\\/devtntatelier.com\\\/jeremy\\\/#website\",\"url\":\"https:\\\/\\\/devtntatelier.com\\\/jeremy\\\/\",\"name\":\"Extra Maria\",\"description\":\"Blogue - D\u00e9couvertes locales et achat local\",\"potentialAction\":[{\"@type\":\"SearchAction\",\"target\":{\"@type\":\"EntryPoint\",\"urlTemplate\":\"https:\\\/\\\/devtntatelier.com\\\/jeremy\\\/?s={search_term_string}\"},\"query-input\":{\"@type\":\"PropertyValueSpecification\",\"valueRequired\":true,\"valueName\":\"search_term_string\"}}],\"inLanguage\":\"fr-FR\"},{\"@type\":\"Person\",\"@id\":\"https:\\\/\\\/devtntatelier.com\\\/jeremy\\\/#\\\/schema\\\/person\\\/d8531d5f621e15873a41d221e3f919d3\",\"name\":\"V\u00e9ronique Asselin\",\"image\":{\"@type\":\"ImageObject\",\"inLanguage\":\"fr-FR\",\"@id\":\"https:\\\/\\\/secure.gravatar.com\\\/avatar\\\/aec92c5b424efdc356ddd6ef6d9c1d424dbb81a3c15e9889bc052145a8618879?s=96&d=mm&r=g\",\"url\":\"https:\\\/\\\/secure.gravatar.com\\\/avatar\\\/aec92c5b424efdc356ddd6ef6d9c1d424dbb81a3c15e9889bc052145a8618879?s=96&d=mm&r=g\",\"contentUrl\":\"https:\\\/\\\/secure.gravatar.com\\\/avatar\\\/aec92c5b424efdc356ddd6ef6d9c1d424dbb81a3c15e9889bc052145a8618879?s=96&d=mm&r=g\",\"caption\":\"V\u00e9ronique Asselin\"},\"description\":\"Je suis maman, enseignante de fran\u00e7ais et amoureuse des mots depuis toujours! Passionn\u00e9e de voyage, de cuisine et de la culture, j\u2019aime aller \u00e0 la rencontre des autres et d\u00e9couvrir ce qu\u2019ils ont \u00e0 offrir. C\u2019est pourquoi je suis heureuse de vous faire d\u00e9couvrir ou red\u00e9couvrir celles et ceux qui animent notre MRC : les entrepreneurs d\u2019ici!\",\"url\":\"https:\\\/\\\/devtntatelier.com\\\/jeremy\\\/author\\\/veronique-asselin\\\/\"}]}<\/script>\n<!-- \/ Yoast SEO Premium plugin. -->","yoast_head_json":{"title":"Le Festival des Brasseurs, un rendez-vous \u00e0 ne pas manquer! - Extra Maria","robots":{"index":"index","follow":"follow","max-snippet":"max-snippet:-1","max-image-preview":"max-image-preview:large","max-video-preview":"max-video-preview:-1"},"canonical":"https:\/\/devtntatelier.com\/jeremy\/le-festival-des-brasseurs-un-rendez-vous-a-ne-pas-manquer\/","og_locale":"fr_FR","og_type":"article","og_title":"Le Festival des Brasseurs, un rendez-vous \u00e0 ne pas manquer!","og_url":"https:\/\/devtntatelier.com\/jeremy\/le-festival-des-brasseurs-un-rendez-vous-a-ne-pas-manquer\/","og_site_name":"Extra Maria","article_published_time":"2022-08-17T23:55:16+00:00","article_modified_time":"2022-08-17T23:55:53+00:00","og_image":[{"width":1200,"height":630,"url":"https:\/\/devtntatelier.com\/jeremy\/wp-content\/uploads\/2022\/08\/1-2.webp","type":"image\/webp"}],"author":"V\u00e9ronique Asselin","twitter_card":"summary_large_image","twitter_misc":{"\u00c9crit par":"V\u00e9ronique Asselin","Dur\u00e9e de lecture estim\u00e9e":"4 minutes"},"schema":{"@context":"https:\/\/schema.org","@graph":[{"@type":"Article","@id":"https:\/\/devtntatelier.com\/jeremy\/le-festival-des-brasseurs-un-rendez-vous-a-ne-pas-manquer\/#article","isPartOf":{"@id":"https:\/\/devtntatelier.com\/jeremy\/le-festival-des-brasseurs-un-rendez-vous-a-ne-pas-manquer\/"},"author":{"name":"V\u00e9ronique Asselin","@id":"https:\/\/devtntatelier.com\/jeremy\/#\/schema\/person\/d8531d5f621e15873a41d221e3f919d3"},"headline":"Le Festival des Brasseurs, un rendez-vous \u00e0 ne pas manquer!","datePublished":"2022-08-17T23:55:16+00:00","dateModified":"2022-08-17T23:55:53+00:00","mainEntityOfPage":{"@id":"https:\/\/devtntatelier.com\/jeremy\/le-festival-des-brasseurs-un-rendez-vous-a-ne-pas-manquer\/"},"wordCount":953,"commentCount":0,"image":{"@id":"https:\/\/devtntatelier.com\/jeremy\/le-festival-des-brasseurs-un-rendez-vous-a-ne-pas-manquer\/#primaryimage"},"thumbnailUrl":"https:\/\/devtntatelier.com\/jeremy\/wp-content\/uploads\/2022\/08\/1-2.webp","articleSection":["Tendance","Tous les articles"],"inLanguage":"fr-FR","potentialAction":[{"@type":"CommentAction","name":"Comment","target":["https:\/\/devtntatelier.com\/jeremy\/le-festival-des-brasseurs-un-rendez-vous-a-ne-pas-manquer\/#respond"]}]},{"@type":"WebPage","@id":"https:\/\/devtntatelier.com\/jeremy\/le-festival-des-brasseurs-un-rendez-vous-a-ne-pas-manquer\/","url":"https:\/\/devtntatelier.com\/jeremy\/le-festival-des-brasseurs-un-rendez-vous-a-ne-pas-manquer\/","name":"Le Festival des Brasseurs, un rendez-vous \u00e0 ne pas manquer! - Extra Maria","isPartOf":{"@id":"https:\/\/devtntatelier.com\/jeremy\/#website"},"primaryImageOfPage":{"@id":"https:\/\/devtntatelier.com\/jeremy\/le-festival-des-brasseurs-un-rendez-vous-a-ne-pas-manquer\/#primaryimage"},"image":{"@id":"https:\/\/devtntatelier.com\/jeremy\/le-festival-des-brasseurs-un-rendez-vous-a-ne-pas-manquer\/#primaryimage"},"thumbnailUrl":"https:\/\/devtntatelier.com\/jeremy\/wp-content\/uploads\/2022\/08\/1-2.webp","datePublished":"2022-08-17T23:55:16+00:00","dateModified":"2022-08-17T23:55:53+00:00","author":{"@id":"https:\/\/devtntatelier.com\/jeremy\/#\/schema\/person\/d8531d5f621e15873a41d221e3f919d3"},"breadcrumb":{"@id":"https:\/\/devtntatelier.com\/jeremy\/le-festival-des-brasseurs-un-rendez-vous-a-ne-pas-manquer\/#breadcrumb"},"inLanguage":"fr-FR","potentialAction":[{"@type":"ReadAction","target":["https:\/\/devtntatelier.com\/jeremy\/le-festival-des-brasseurs-un-rendez-vous-a-ne-pas-manquer\/"]}]},{"@type":"ImageObject","inLanguage":"fr-FR","@id":"https:\/\/devtntatelier.com\/jeremy\/le-festival-des-brasseurs-un-rendez-vous-a-ne-pas-manquer\/#primaryimage","url":"https:\/\/devtntatelier.com\/jeremy\/wp-content\/uploads\/2022\/08\/1-2.webp","contentUrl":"https:\/\/devtntatelier.com\/jeremy\/wp-content\/uploads\/2022\/08\/1-2.webp","width":1200,"height":630,"caption":"Festival des Brasseurs"},{"@type":"BreadcrumbList","@id":"https:\/\/devtntatelier.com\/jeremy\/le-festival-des-brasseurs-un-rendez-vous-a-ne-pas-manquer\/#breadcrumb","itemListElement":[{"@type":"ListItem","position":1,"name":"Accueil","item":"https:\/\/devtntatelier.com\/jeremy\/"},{"@type":"ListItem","position":2,"name":"Le Festival des Brasseurs, un rendez-vous \u00e0 ne pas manquer!"}]},{"@type":"WebSite","@id":"https:\/\/devtntatelier.com\/jeremy\/#website","url":"https:\/\/devtntatelier.com\/jeremy\/","name":"Extra Maria","description":"Blogue - D\u00e9couvertes locales et achat local","potentialAction":[{"@type":"SearchAction","target":{"@type":"EntryPoint","urlTemplate":"https:\/\/devtntatelier.com\/jeremy\/?s={search_term_string}"},"query-input":{"@type":"PropertyValueSpecification","valueRequired":true,"valueName":"search_term_string"}}],"inLanguage":"fr-FR"},{"@type":"Person","@id":"https:\/\/devtntatelier.com\/jeremy\/#\/schema\/person\/d8531d5f621e15873a41d221e3f919d3","name":"V\u00e9ronique Asselin","image":{"@type":"ImageObject","inLanguage":"fr-FR","@id":"https:\/\/secure.gravatar.com\/avatar\/aec92c5b424efdc356ddd6ef6d9c1d424dbb81a3c15e9889bc052145a8618879?s=96&d=mm&r=g","url":"https:\/\/secure.gravatar.com\/avatar\/aec92c5b424efdc356ddd6ef6d9c1d424dbb81a3c15e9889bc052145a8618879?s=96&d=mm&r=g","contentUrl":"https:\/\/secure.gravatar.com\/avatar\/aec92c5b424efdc356ddd6ef6d9c1d424dbb81a3c15e9889bc052145a8618879?s=96&d=mm&r=g","caption":"V\u00e9ronique Asselin"},"description":"Je suis maman, enseignante de fran\u00e7ais et amoureuse des mots depuis toujours! Passionn\u00e9e de voyage, de cuisine et de la culture, j\u2019aime aller \u00e0 la rencontre des autres et d\u00e9couvrir ce qu\u2019ils ont \u00e0 offrir. C\u2019est pourquoi je suis heureuse de vous faire d\u00e9couvrir ou red\u00e9couvrir celles et ceux qui animent notre MRC : les entrepreneurs d\u2019ici!","url":"https:\/\/devtntatelier.com\/jeremy\/author\/veronique-asselin\/"}]}},"modified_by":"Am\u00e9lia Fromage","_links":{"self":[{"href":"https:\/\/devtntatelier.com\/jeremy\/wp-json\/wp\/v2\/posts\/4026","targetHints":{"allow":["GET"]}}],"collection":[{"href":"https:\/\/devtntatelier.com\/jeremy\/wp-json\/wp\/v2\/posts"}],"about":[{"href":"https:\/\/devtntatelier.com\/jeremy\/wp-json\/wp\/v2\/types\/post"}],"author":[{"embeddable":true,"href":"https:\/\/devtntatelier.com\/jeremy\/wp-json\/wp\/v2\/users\/22"}],"replies":[{"embeddable":true,"href":"https:\/\/devtntatelier.com\/jeremy\/wp-json\/wp\/v2\/comments?post=4026"}],"version-history":[{"count":0,"href":"https:\/\/devtntatelier.com\/jeremy\/wp-json\/wp\/v2\/posts\/4026\/revisions"}],"wp:featuredmedia":[{"embeddable":true,"href":"https:\/\/devtntatelier.com\/jeremy\/wp-json\/wp\/v2\/media\/4091"}],"wp:attachment":[{"href":"https:\/\/devtntatelier.com\/jeremy\/wp-json\/wp\/v2\/media?parent=4026"}],"wp:term":[{"taxonomy":"category","embeddable":true,"href":"https:\/\/devtntatelier.com\/jeremy\/wp-json\/wp\/v2\/categories?post=4026"},{"taxonomy":"post_tag","embeddable":true,"href":"https:\/\/devtntatelier.com\/jeremy\/wp-json\/wp\/v2\/tags?post=4026"}],"curies":[{"name":"wp","href":"https:\/\/api.w.org\/{rel}","templated":true}]}}