{"id":3972,"date":"2022-07-21T10:58:39","date_gmt":"2022-07-21T14:58:39","guid":{"rendered":"https:\/\/devtntatelier.com\/jeremy\/?p=3972"},"modified":"2022-09-02T08:47:11","modified_gmt":"2022-09-02T12:47:11","slug":"tendances-deco-design-ete-2022","status":"publish","type":"post","link":"https:\/\/devtntatelier.com\/jeremy\/tendances-deco-design-ete-2022\/","title":{"rendered":"TENDANCES D\u00c9CO\/DESIGN \u00c9T\u00c9 2022"},"content":{"rendered":"\n[et_pb_section fb_built=\u00a0\u00bb1&Prime; _builder_version=\u00a0\u00bb4.17.4&Prime; _module_preset=\u00a0\u00bbdefault\u00a0\u00bb global_colors_info=\u00a0\u00bb{}\u00a0\u00bb][et_pb_row _builder_version=\u00a0\u00bb4.17.4&Prime; _module_preset=\u00a0\u00bbdefault\u00a0\u00bb global_colors_info=\u00a0\u00bb{}\u00a0\u00bb][et_pb_column type=\u00a0\u00bb4_4&Prime; _builder_version=\u00a0\u00bb4.17.4&Prime; _module_preset=\u00a0\u00bbdefault\u00a0\u00bb global_colors_info=\u00a0\u00bb{}\u00a0\u00bb][et_pb_text _builder_version=\u00a0\u00bb4.17.4&Prime; _module_preset=\u00a0\u00bbdefault\u00a0\u00bb global_colors_info=\u00a0\u00bb{}\u00a0\u00bb]<p>Pour ce nouvel article, je vous en propose un tout en couleur ! En effet, avec la saison estivale, j\u2019ai pens\u00e9 vous partager quelques-unes des tendances du moment ainsi qu\u2019un top 5 de mes trouvailles c\u00f4t\u00e9 articles de d\u00e9coration dans nos boutiques locales. En esp\u00e9rant que le tout vous inspire, bonne lecture!<\/p>[\/et_pb_text][\/et_pb_column][\/et_pb_row][et_pb_row _builder_version=\u00a0\u00bb4.17.4&Prime; _module_preset=\u00a0\u00bbdefault\u00a0\u00bb global_colors_info=\u00a0\u00bb{}\u00a0\u00bb][et_pb_column type=\u00a0\u00bb4_4&Prime; _builder_version=\u00a0\u00bb4.17.4&Prime; _module_preset=\u00a0\u00bbdefault\u00a0\u00bb global_colors_info=\u00a0\u00bb{}\u00a0\u00bb][et_pb_text _builder_version=\u00a0\u00bb4.17.4&Prime; _module_preset=\u00a0\u00bbdefault\u00a0\u00bb global_colors_info=\u00a0\u00bb{}\u00a0\u00bb]<h2>OSER LES COULEURS<\/h2>\n<p>Depuis plusieurs ann\u00e9es, la mode influence grandement les tendances en design int\u00e9rieur autant par ses choix de tissus, ses motifs et ses couleurs. C\u2019est d\u2019ailleurs le cas pour cette premi\u00e8re tendance que je vous pr\u00e9sente : les couleurs vibrantes. Bien s\u00fbr les teintes neutres ont toujours la cote, mais vous pouvez oser sans h\u00e9siter quelques accents plus intenses tels que le rose magenta, l\u2019orange et le vert \u00e9meraude. Ces teintes vives peuvent \u00eatre int\u00e9gr\u00e9es de plusieurs mani\u00e8res : en petites touches \u00e0 l\u2019aide d\u2019accessoires d\u00e9coratifs, en accent plus prononc\u00e9 pour des tuiles au sol ou au mur ou encore en assumant totalement en peignant tous les murs d\u2019une pi\u00e8ce par exemple. Un WOW assur\u00e9 !<\/p>[\/et_pb_text][\/et_pb_column][\/et_pb_row][et_pb_row column_structure=\u00a0\u00bb1_2,1_2&Prime; _builder_version=\u00a0\u00bb4.17.4&Prime; _module_preset=\u00a0\u00bbdefault\u00a0\u00bb global_colors_info=\u00a0\u00bb{}\u00a0\u00bb][et_pb_column type=\u00a0\u00bb1_2&Prime; _builder_version=\u00a0\u00bb4.17.4&Prime; _module_preset=\u00a0\u00bbdefault\u00a0\u00bb global_colors_info=\u00a0\u00bb{}\u00a0\u00bb][et_pb_image src=\u00a0\u00bbhttps:\/\/devtntatelier.com\/jeremy\/wp-content\/uploads\/2022\/07\/inspiration-camille-sauvageau-designer-d-interieur-quebec-5.webp\u00a0\u00bb title_text=\u00a0\u00bbinspiration-camille-sauvageau-designer-d-interieur-quebec-5&Prime; align=\u00a0\u00bbcenter\u00a0\u00bb _builder_version=\u00a0\u00bb4.17.4&Prime; _module_preset=\u00a0\u00bbdefault\u00a0\u00bb global_colors_info=\u00a0\u00bb{}\u00a0\u00bb][\/et_pb_image][\/et_pb_column][et_pb_column type=\u00a0\u00bb1_2&Prime; _builder_version=\u00a0\u00bb4.17.4&Prime; _module_preset=\u00a0\u00bbdefault\u00a0\u00bb global_colors_info=\u00a0\u00bb{}\u00a0\u00bb][et_pb_image src=\u00a0\u00bbhttps:\/\/devtntatelier.com\/jeremy\/wp-content\/uploads\/2022\/07\/inspiration-camille-sauvageau-designer-d-interieur-quebec-4.webp\u00a0\u00bb title_text=\u00a0\u00bbinspiration-camille-sauvageau-designer-d-interieur-quebec-4&Prime; align=\u00a0\u00bbcenter\u00a0\u00bb _builder_version=\u00a0\u00bb4.17.4&Prime; _module_preset=\u00a0\u00bbdefault\u00a0\u00bb global_colors_info=\u00a0\u00bb{}\u00a0\u00bb][\/et_pb_image][\/et_pb_column][\/et_pb_row][et_pb_row _builder_version=\u00a0\u00bb4.17.4&Prime; _module_preset=\u00a0\u00bbdefault\u00a0\u00bb global_colors_info=\u00a0\u00bb{}\u00a0\u00bb][et_pb_column type=\u00a0\u00bb4_4&Prime; _builder_version=\u00a0\u00bb4.17.4&Prime; _module_preset=\u00a0\u00bbdefault\u00a0\u00bb global_colors_info=\u00a0\u00bb{}\u00a0\u00bb][et_pb_text _builder_version=\u00a0\u00bb4.17.4&Prime; _module_preset=\u00a0\u00bbdefault\u00a0\u00bb global_colors_info=\u00a0\u00bb{}\u00a0\u00bb]<h2>L\u2019IND\u00c9TRONABLE ROTIN<\/h2>\n<p>Du c\u00f4t\u00e9 des mati\u00e8res et textures, le rotin est toujours \u00e0 l\u2019honneur ! Effectivement, on peut encore le retrouver sous forme de luminaire, miroir, fauteuil et tabouret pour ne nommer que ceux-ci, soit en teinte naturelle, noir, blanc ou m\u00eame color\u00e9. On l\u2019aime toujours autant pour son c\u00f4t\u00e9 boh\u00e8me et la chaleur qu\u2019il apporte dans nos d\u00e9cors. Bref, le rotin n\u2019est pas pr\u00e8s de c\u00e9der sa place dans nos d\u00e9cors ni dans les boutiques!<\/p>[\/et_pb_text][\/et_pb_column][\/et_pb_row][et_pb_row column_structure=\u00a0\u00bb1_2,1_2&Prime; _builder_version=\u00a0\u00bb4.17.4&Prime; _module_preset=\u00a0\u00bbdefault\u00a0\u00bb global_colors_info=\u00a0\u00bb{}\u00a0\u00bb][et_pb_column type=\u00a0\u00bb1_2&Prime; _builder_version=\u00a0\u00bb4.17.4&Prime; _module_preset=\u00a0\u00bbdefault\u00a0\u00bb global_colors_info=\u00a0\u00bb{}\u00a0\u00bb][et_pb_image src=\u00a0\u00bbhttps:\/\/devtntatelier.com\/jeremy\/wp-content\/uploads\/2022\/07\/inspiration-camille-sauvageau-designer-d-interieur-quebec-2.webp\u00a0\u00bb title_text=\u00a0\u00bbinspiration-camille-sauvageau-designer-d-interieur-quebec-2&Prime; align=\u00a0\u00bbcenter\u00a0\u00bb _builder_version=\u00a0\u00bb4.17.4&Prime; _module_preset=\u00a0\u00bbdefault\u00a0\u00bb global_colors_info=\u00a0\u00bb{}\u00a0\u00bb][\/et_pb_image][\/et_pb_column][et_pb_column type=\u00a0\u00bb1_2&Prime; _builder_version=\u00a0\u00bb4.17.4&Prime; _module_preset=\u00a0\u00bbdefault\u00a0\u00bb global_colors_info=\u00a0\u00bb{}\u00a0\u00bb][et_pb_image src=\u00a0\u00bbhttps:\/\/devtntatelier.com\/jeremy\/wp-content\/uploads\/2022\/07\/inspiration-camille-sauvageau-designer-d-interieur-quebec-1.webp\u00a0\u00bb title_text=\u00a0\u00bbinspiration-camille-sauvageau-designer-d-interieur-quebec-1&Prime; _builder_version=\u00a0\u00bb4.17.4&Prime; _module_preset=\u00a0\u00bbdefault\u00a0\u00bb global_colors_info=\u00a0\u00bb{}\u00a0\u00bb][\/et_pb_image][\/et_pb_column][\/et_pb_row][et_pb_row _builder_version=\u00a0\u00bb4.17.4&Prime; _module_preset=\u00a0\u00bbdefault\u00a0\u00bb global_colors_info=\u00a0\u00bb{}\u00a0\u00bb][et_pb_column type=\u00a0\u00bb4_4&Prime; _builder_version=\u00a0\u00bb4.17.4&Prime; _module_preset=\u00a0\u00bbdefault\u00a0\u00bb global_colors_info=\u00a0\u00bb{}\u00a0\u00bb][et_pb_text _builder_version=\u00a0\u00bb4.17.4&Prime; _module_preset=\u00a0\u00bbdefault\u00a0\u00bb global_colors_info=\u00a0\u00bb{}\u00a0\u00bb]<h2>L\u2019INT\u00c9RIEUR \u00c0 L\u2019EXT\u00c9RIEUR<\/h2>\n<p>Une tendance de plus en plus pr\u00e9sente en architecture et en design est de poursuivre le plus possible notre int\u00e9rieur \u00e0 l\u2019ext\u00e9rieur. Par exemple, au niveau de l\u2019architecture, on voit beaucoup de tr\u00e8s grandes fen\u00eatres afin d\u2019avoir l\u2019impression d\u2019\u00eatre en contact avec l\u2019ext\u00e9rieur m\u00eame quand on est \u00e0 l\u2019int\u00e9rieur. Quant \u00e0 l\u2019am\u00e9nagement de nos cours arri\u00e8re, afin de maximiser le confort, on voit davantage de terrasse couverte, de cuisine ext\u00e9rieure, de cin\u00e9ma-maison et de foyer int\u00e9gr\u00e9 (notre coup de c\u0153ur). On propose \u00e9galement d\u2019opter pour du mobilier confortable tel que des sectionnels et fauteuils rembourr\u00e9s. L&rsquo;objectif d\u2019un tel am\u00e9nagement est de se sentir aussi bien \u00e0 l\u2019ext\u00e9rieur que si on \u00e9tait dans son salon. En r\u00e9sum\u00e9, on souhaite en profiter au maximum d\u00e8s l\u2019arriv\u00e9e du printemps et ce, jusqu\u2019au plus tard possible \u00e0 l&rsquo;automne !<\/p>[\/et_pb_text][\/et_pb_column][\/et_pb_row][et_pb_row column_structure=\u00a0\u00bb1_2,1_2&Prime; _builder_version=\u00a0\u00bb4.17.4&Prime; _module_preset=\u00a0\u00bbdefault\u00a0\u00bb global_colors_info=\u00a0\u00bb{}\u00a0\u00bb][et_pb_column type=\u00a0\u00bb1_2&Prime; _builder_version=\u00a0\u00bb4.17.4&Prime; _module_preset=\u00a0\u00bbdefault\u00a0\u00bb global_colors_info=\u00a0\u00bb{}\u00a0\u00bb][et_pb_image src=\u00a0\u00bbhttps:\/\/devtntatelier.com\/jeremy\/wp-content\/uploads\/2022\/07\/inspiration-camille-sauvageau-designer-d-interieur-quebec-3.webp\u00a0\u00bb title_text=\u00a0\u00bbinspiration-camille-sauvageau-designer-d-interieur-quebec-3&Prime; align=\u00a0\u00bbcenter\u00a0\u00bb _builder_version=\u00a0\u00bb4.17.4&Prime; _module_preset=\u00a0\u00bbdefault\u00a0\u00bb global_colors_info=\u00a0\u00bb{}\u00a0\u00bb][\/et_pb_image][\/et_pb_column][et_pb_column type=\u00a0\u00bb1_2&Prime; _builder_version=\u00a0\u00bb4.17.4&Prime; _module_preset=\u00a0\u00bbdefault\u00a0\u00bb global_colors_info=\u00a0\u00bb{}\u00a0\u00bb][et_pb_image src=\u00a0\u00bbhttps:\/\/devtntatelier.com\/jeremy\/wp-content\/uploads\/2022\/07\/inspiration-camille-sauvageau-designer-d-interieur-quebec-7.webp\u00a0\u00bb title_text=\u00a0\u00bbinspiration-camille-sauvageau-designer-d-interieur-quebec-7&Prime; align=\u00a0\u00bbcenter\u00a0\u00bb _builder_version=\u00a0\u00bb4.17.4&Prime; _module_preset=\u00a0\u00bbdefault\u00a0\u00bb global_colors_info=\u00a0\u00bb{}\u00a0\u00bb][\/et_pb_image][\/et_pb_column][\/et_pb_row][et_pb_row _builder_version=\u00a0\u00bb4.17.4&Prime; _module_preset=\u00a0\u00bbdefault\u00a0\u00bb global_colors_info=\u00a0\u00bb{}\u00a0\u00bb][et_pb_column type=\u00a0\u00bb4_4&Prime; _builder_version=\u00a0\u00bb4.17.4&Prime; _module_preset=\u00a0\u00bbdefault\u00a0\u00bb global_colors_info=\u00a0\u00bb{}\u00a0\u00bb][et_pb_text _builder_version=\u00a0\u00bb4.17.4&Prime; _module_preset=\u00a0\u00bbdefault\u00a0\u00bb global_colors_info=\u00a0\u00bb{}\u00a0\u00bb]<h2>TOP 5 TROUVAILLES D\u00c9CO ESTIVALES<\/h2>\n<p>Pour finir, je vous offre 5 de mes trouvailles disponibles dans nos belles boutiques locales.<\/p>\n<p>&nbsp;<\/p>[\/et_pb_text][\/et_pb_column][\/et_pb_row][et_pb_row column_structure=\u00a0\u00bb1_2,1_2&Prime; _builder_version=\u00a0\u00bb4.17.4&Prime; _module_preset=\u00a0\u00bbdefault\u00a0\u00bb global_colors_info=\u00a0\u00bb{}\u00a0\u00bb][et_pb_column type=\u00a0\u00bb1_2&Prime; _builder_version=\u00a0\u00bb4.17.4&Prime; _module_preset=\u00a0\u00bbdefault\u00a0\u00bb global_colors_info=\u00a0\u00bb{}\u00a0\u00bb][et_pb_text _builder_version=\u00a0\u00bb4.17.4&Prime; _module_preset=\u00a0\u00bbdefault\u00a0\u00bb hover_enabled=\u00a0\u00bb0&Prime; global_colors_info=\u00a0\u00bb{}\u00a0\u00bb sticky_enabled=\u00a0\u00bb0&Prime;]<h3>1. Pots pour plante en gr\u00e8s \u2013 Vos belles maisons<\/h3>\n<p>Disponible en magasin au 1080 rue Saint-Cyrille \u00e0 Normandin ou sur la boutique en ligne <a href=\"https:\/\/www.vosbellesmaisons.com\/product\/pot-textur-en-gr-s\/441?cp=true&amp;sa=false&amp;sbp=false&amp;q=false&amp;category_id=7\" target=\"_blank\" rel=\"noopener\"><strong><span style=\"text-decoration: underline;\">ICI<\/span><\/strong><\/a>.<\/p>\n<p>Pour en savoir plus, visitez leur site web : <strong><a href=\"https:\/\/www.vosbellesmaisons.com\/\" target=\"_blank\" rel=\"noopener\"><span style=\"text-decoration: underline;\">https:\/\/www.vosbellesmaisons.com\/<\/span><\/a><\/strong><\/p>[\/et_pb_text][\/et_pb_column][et_pb_column type=\u00a0\u00bb1_2&Prime; _builder_version=\u00a0\u00bb4.17.4&Prime; _module_preset=\u00a0\u00bbdefault\u00a0\u00bb global_colors_info=\u00a0\u00bb{}\u00a0\u00bb][et_pb_image src=\u00a0\u00bbhttps:\/\/devtntatelier.com\/jeremy\/wp-content\/uploads\/2022\/07\/inspiration-camille-sauvageau-designer-d-interieur-quebec-vos-belles-maisons-1.webp\u00a0\u00bb title_text=\u00a0\u00bbinspiration-camille-sauvageau-designer-d-interieur-quebec-vos-belles-maisons-1&Prime; _builder_version=\u00a0\u00bb4.17.4&Prime; _module_preset=\u00a0\u00bbdefault\u00a0\u00bb global_colors_info=\u00a0\u00bb{}\u00a0\u00bb][\/et_pb_image][\/et_pb_column][\/et_pb_row][et_pb_row column_structure=\u00a0\u00bb1_2,1_2&Prime; _builder_version=\u00a0\u00bb4.17.4&Prime; _module_preset=\u00a0\u00bbdefault\u00a0\u00bb global_colors_info=\u00a0\u00bb{}\u00a0\u00bb][et_pb_column type=\u00a0\u00bb1_2&Prime; _builder_version=\u00a0\u00bb4.17.4&Prime; _module_preset=\u00a0\u00bbdefault\u00a0\u00bb global_colors_info=\u00a0\u00bb{}\u00a0\u00bb][et_pb_text _builder_version=\u00a0\u00bb4.17.4&Prime; _module_preset=\u00a0\u00bbdefault\u00a0\u00bb hover_enabled=\u00a0\u00bb0&Prime; global_colors_info=\u00a0\u00bb{}\u00a0\u00bb sticky_enabled=\u00a0\u00bb0&Prime;]<h3>2. Nappe fleurie \u2013 Vos belles maisons<\/h3>\n<p>Disponible en magasin au 1080 rue Saint-Cyrille \u00e0 Normandin.<\/p>\n<p>Pour en savoir plus, visitez leur site web : <strong><a href=\"https:\/\/www.vosbellesmaisons.com\/\" target=\"_blank\" rel=\"noopener\"><span style=\"text-decoration: underline;\">https:\/\/www.vosbellesmaisons.com\/<\/span><\/a><\/strong><\/p>[\/et_pb_text][\/et_pb_column][et_pb_column type=\u00a0\u00bb1_2&Prime; _builder_version=\u00a0\u00bb4.17.4&Prime; _module_preset=\u00a0\u00bbdefault\u00a0\u00bb global_colors_info=\u00a0\u00bb{}\u00a0\u00bb][et_pb_image src=\u00a0\u00bbhttps:\/\/devtntatelier.com\/jeremy\/wp-content\/uploads\/2022\/07\/inspiration-camille-sauvageau-designer-d-interieur-quebec-vos-belles-maisons.webp\u00a0\u00bb title_text=\u00a0\u00bbinspiration-camille-sauvageau-designer-d-interieur-quebec-vos-belles-maisons\u00a0\u00bb _builder_version=\u00a0\u00bb4.17.4&Prime; _module_preset=\u00a0\u00bbdefault\u00a0\u00bb global_colors_info=\u00a0\u00bb{}\u00a0\u00bb][\/et_pb_image][\/et_pb_column][\/et_pb_row][et_pb_row column_structure=\u00a0\u00bb1_2,1_2&Prime; _builder_version=\u00a0\u00bb4.17.4&Prime; _module_preset=\u00a0\u00bbdefault\u00a0\u00bb global_colors_info=\u00a0\u00bb{}\u00a0\u00bb][et_pb_column type=\u00a0\u00bb1_2&Prime; _builder_version=\u00a0\u00bb4.17.4&Prime; _module_preset=\u00a0\u00bbdefault\u00a0\u00bb global_colors_info=\u00a0\u00bb{}\u00a0\u00bb][et_pb_text _builder_version=\u00a0\u00bb4.17.4&Prime; _module_preset=\u00a0\u00bbdefault\u00a0\u00bb hover_enabled=\u00a0\u00bb0&Prime; global_colors_info=\u00a0\u00bb{}\u00a0\u00bb sticky_enabled=\u00a0\u00bb0&Prime;]<h3>3. Chaise suspendue \u2013 Mode choc<\/h3>\n<p>Disponible au <span style=\"text-decoration: underline;\"><strong><a href=\"https:\/\/www.modechoc.ca\/products\/8050-8523-41-chaise-hamac-suspendue\" target=\"_blank\" rel=\"noopener\">https:\/\/www.modechoc.ca\/products\/8050-8523-41-chaise-hamac-suspendue<\/a><\/strong><\/span><\/p>[\/et_pb_text][\/et_pb_column][et_pb_column type=\u00a0\u00bb1_2&Prime; _builder_version=\u00a0\u00bb4.17.4&Prime; _module_preset=\u00a0\u00bbdefault\u00a0\u00bb global_colors_info=\u00a0\u00bb{}\u00a0\u00bb][et_pb_image src=\u00a0\u00bbhttps:\/\/devtntatelier.com\/jeremy\/wp-content\/uploads\/2022\/07\/inspiration-camille-sauvageau-designer-d-interieur-quebec-6.webp\u00a0\u00bb title_text=\u00a0\u00bbinspiration-camille-sauvageau-designer-d-interieur-quebec-6&Prime; _builder_version=\u00a0\u00bb4.17.4&Prime; _module_preset=\u00a0\u00bbdefault\u00a0\u00bb global_colors_info=\u00a0\u00bb{}\u00a0\u00bb][\/et_pb_image][\/et_pb_column][\/et_pb_row][et_pb_row column_structure=\u00a0\u00bb1_2,1_2&Prime; _builder_version=\u00a0\u00bb4.17.4&Prime; _module_preset=\u00a0\u00bbdefault\u00a0\u00bb global_colors_info=\u00a0\u00bb{}\u00a0\u00bb][et_pb_column type=\u00a0\u00bb1_2&Prime; _builder_version=\u00a0\u00bb4.17.4&Prime; _module_preset=\u00a0\u00bbdefault\u00a0\u00bb global_colors_info=\u00a0\u00bb{}\u00a0\u00bb][et_pb_text _builder_version=\u00a0\u00bb4.17.4&Prime; _module_preset=\u00a0\u00bbdefault\u00a0\u00bb hover_enabled=\u00a0\u00bb0&Prime; global_colors_info=\u00a0\u00bb{}\u00a0\u00bb sticky_enabled=\u00a0\u00bb0&Prime;]<h3>4. Table d\u2019appoint &#8211; Mode choc<\/h3>\n<p>Disponible au\u00a0<a href=\"https:\/\/www.modechoc.ca\/products\/meuble-avec-tiroirs-naturel-meu20-2\u00a0\" target=\"_blank\" rel=\"noopener\"><span style=\"text-decoration: underline;\"><strong>https:\/\/www.modechoc.ca\/products\/meuble-avec-tiroirs-naturel-meu20-2<span style=\"background-color: transparent;\">\u00a0<\/span><\/strong><\/span><\/a><\/p>[\/et_pb_text][\/et_pb_column][et_pb_column type=\u00a0\u00bb1_2&Prime; _builder_version=\u00a0\u00bb4.17.4&Prime; _module_preset=\u00a0\u00bbdefault\u00a0\u00bb global_colors_info=\u00a0\u00bb{}\u00a0\u00bb][et_pb_image src=\u00a0\u00bbhttps:\/\/devtntatelier.com\/jeremy\/wp-content\/uploads\/2022\/07\/inspiration-camille-sauvageau-designer-d-interieur-quebec-mode-choc-1.webp\u00a0\u00bb title_text=\u00a0\u00bbinspiration-camille-sauvageau-designer-d-interieur-quebec-mode-choc-1&Prime; _builder_version=\u00a0\u00bb4.17.4&Prime; _module_preset=\u00a0\u00bbdefault\u00a0\u00bb global_colors_info=\u00a0\u00bb{}\u00a0\u00bb][\/et_pb_image][\/et_pb_column][\/et_pb_row][et_pb_row column_structure=\u00a0\u00bb1_2,1_2&Prime; _builder_version=\u00a0\u00bb4.17.4&Prime; _module_preset=\u00a0\u00bbdefault\u00a0\u00bb global_colors_info=\u00a0\u00bb{}\u00a0\u00bb][et_pb_column type=\u00a0\u00bb1_2&Prime; _builder_version=\u00a0\u00bb4.17.4&Prime; _module_preset=\u00a0\u00bbdefault\u00a0\u00bb global_colors_info=\u00a0\u00bb{}\u00a0\u00bb][et_pb_text _builder_version=\u00a0\u00bb4.17.4&Prime; _module_preset=\u00a0\u00bbdefault\u00a0\u00bb hover_enabled=\u00a0\u00bb0&Prime; global_colors_info=\u00a0\u00bb{}\u00a0\u00bb sticky_enabled=\u00a0\u00bb0&Prime;]<h3>5. Panier &#8211; Mode choc<\/h3>\n<p>Disponible au\u00a0<strong><span style=\"text-decoration: underline;\"><a href=\"https:\/\/www.modechoc.ca\/products\/panier-en-rotin-naturel-pn33-g\" target=\"_blank\" rel=\"noopener\">https:\/\/www.modechoc.ca\/products\/panier-en-rotin-naturel-pn33-g<\/a><\/span><\/strong><\/p>[\/et_pb_text][\/et_pb_column][et_pb_column type=\u00a0\u00bb1_2&Prime; _builder_version=\u00a0\u00bb4.17.4&Prime; _module_preset=\u00a0\u00bbdefault\u00a0\u00bb global_colors_info=\u00a0\u00bb{}\u00a0\u00bb][et_pb_image src=\u00a0\u00bbhttps:\/\/devtntatelier.com\/jeremy\/wp-content\/uploads\/2022\/07\/inspiration-camille-sauvageau-designer-d-interieur-quebec-mode-choc-2.webp\u00a0\u00bb title_text=\u00a0\u00bbinspiration-camille-sauvageau-designer-d-interieur-quebec-mode-choc-2&Prime; _builder_version=\u00a0\u00bb4.17.4&Prime; _module_preset=\u00a0\u00bbdefault\u00a0\u00bb global_colors_info=\u00a0\u00bb{}\u00a0\u00bb][\/et_pb_image][\/et_pb_column][\/et_pb_row][et_pb_row _builder_version=\u00a0\u00bb4.17.4&Prime; _module_preset=\u00a0\u00bbdefault\u00a0\u00bb global_colors_info=\u00a0\u00bb{}\u00a0\u00bb][et_pb_column type=\u00a0\u00bb4_4&Prime; _builder_version=\u00a0\u00bb4.17.4&Prime; _module_preset=\u00a0\u00bbdefault\u00a0\u00bb global_colors_info=\u00a0\u00bb{}\u00a0\u00bb][et_pb_text _builder_version=\u00a0\u00bb4.17.4&Prime; _module_preset=\u00a0\u00bbdefault\u00a0\u00bb hover_enabled=\u00a0\u00bb0&Prime; global_colors_info=\u00a0\u00bb{}\u00a0\u00bb sticky_enabled=\u00a0\u00bb0&Prime;]<p>CONTACT :<\/p>\n<p>Facebook : <a href=\"https:\/\/www.facebook.com\/csauvageaudesigner\" target=\"_blank\" rel=\"noopener\"><span style=\"text-decoration: underline;\">Camille Sauvageau Designer d\u2019int\u00e9rieur<\/span><\/a><br \/>Instagram : <a href=\"https:\/\/www.instagram.com\/csauvageau_designer\/?fbclid=IwAR0GZ39PkZo-0uo9X_LGAK-nXDRlTLOwEDsT8iTOfWsEg78KuoTX73zUEoU\" target=\"_blank\" rel=\"noopener\"><span style=\"text-decoration: underline;\">csauvageau_designer<\/span><\/a><br \/>Pinterest : <a href=\"https:\/\/www.pinterest.ca\/csauvageaudesigner\/\" target=\"_blank\" rel=\"noopener\"><span style=\"text-decoration: underline;\">Camille Sauvageau Designer d\u2019int\u00e9rieur<\/span><\/a><br \/>Site web : <a href=\"https:\/\/csauvageaudesigner.com\/?fbclid=IwAR2yZMLUQh-NfESLyiO1BJIFvgKPlFOIsTkhfJGsNV1UlcOXCTA9Y1LMFps\" target=\"_blank\" rel=\"noopener\">www.csauvageaudesigner.com<\/a><\/p>[\/et_pb_text][\/et_pb_column][\/et_pb_row][\/et_pb_section]\n","protected":false},"excerpt":{"rendered":"<p>Pour ce nouvel article, je vous en propose un tout en couleur ! En effet, avec la saison estivale, j\u2019ai pens\u00e9 vous partager quelques-unes des tendances du moment ainsi qu\u2019un [&hellip;]<\/p>\n","protected":false},"author":19,"featured_media":3993,"comment_status":"open","ping_status":"open","sticky":false,"template":"","format":"standard","meta":{"_et_pb_use_builder":"on","_et_pb_old_content":"","_et_gb_content_width":"","_lmt_disableupdate":"","_lmt_disable":"","_price":"","_stock":"","_tribe_ticket_header":"","_tribe_default_ticket_provider":"","_tribe_ticket_capacity":"0","_ticket_start_date":"","_ticket_end_date":"","_tribe_ticket_show_description":"","_tribe_ticket_show_not_going":false,"_tribe_ticket_use_global_stock":"","_tribe_ticket_global_stock_level":"","_global_stock_mode":"","_global_stock_cap":"","_tribe_rsvp_for_event":"","_tribe_ticket_going_count":"","_tribe_ticket_not_going_count":"","_tribe_tickets_list":"[]","_tribe_ticket_has_attendee_info_fields":false,"footnotes":""},"categories":[1,6],"tags":[],"class_list":["post-3972","post","type-post","status-publish","format-standard","has-post-thumbnail","hentry","category-articles-achat-local-extra-maria","category-trucs-de-pros"],"yoast_head":"<!-- This site is optimized with the Yoast SEO Premium plugin v25.9 (Yoast SEO v28.4) - https:\/\/yoast.com\/product\/yoast-seo-premium-wordpress\/ -->\n<title>TENDANCES D\u00c9CO\/DESIGN \u00c9T\u00c9 2022 - Extra Maria<\/title>\n<meta name=\"robots\" content=\"index, follow, max-snippet:-1, max-image-preview:large, max-video-preview:-1\" \/>\n<link rel=\"canonical\" href=\"https:\/\/devtntatelier.com\/jeremy\/tendances-deco-design-ete-2022\/\" \/>\n<meta property=\"og:locale\" content=\"fr_FR\" \/>\n<meta property=\"og:type\" content=\"article\" \/>\n<meta property=\"og:title\" content=\"TENDANCES D\u00c9CO\/DESIGN \u00c9T\u00c9 2022\" \/>\n<meta property=\"og:url\" content=\"https:\/\/devtntatelier.com\/jeremy\/tendances-deco-design-ete-2022\/\" \/>\n<meta property=\"og:site_name\" content=\"Extra Maria\" \/>\n<meta property=\"article:published_time\" content=\"2022-07-21T14:58:39+00:00\" \/>\n<meta property=\"article:modified_time\" content=\"2022-09-02T12:47:11+00:00\" \/>\n<meta property=\"og:image\" content=\"https:\/\/devtntatelier.com\/jeremy\/wp-content\/uploads\/2022\/07\/inpiration-camille-designer-interieur-dolbeau-mistassini-tendances-deco-ete.jpg\" \/>\n\t<meta property=\"og:image:width\" content=\"1200\" \/>\n\t<meta property=\"og:image:height\" content=\"630\" \/>\n\t<meta property=\"og:image:type\" content=\"image\/jpeg\" \/>\n<meta name=\"author\" content=\"Camille Sauvageau\" \/>\n<meta name=\"twitter:card\" content=\"summary_large_image\" \/>\n<meta name=\"twitter:label1\" content=\"\u00c9crit par\" \/>\n\t<meta name=\"twitter:data1\" content=\"Camille Sauvageau\" \/>\n\t<meta name=\"twitter:label2\" content=\"Dur\u00e9e de lecture estim\u00e9e\" \/>\n\t<meta name=\"twitter:data2\" content=\"4 minutes\" \/>\n<script type=\"application\/ld+json\" class=\"yoast-schema-graph\">{\"@context\":\"https:\\\/\\\/schema.org\",\"@graph\":[{\"@type\":\"Article\",\"@id\":\"https:\\\/\\\/devtntatelier.com\\\/jeremy\\\/tendances-deco-design-ete-2022\\\/#article\",\"isPartOf\":{\"@id\":\"https:\\\/\\\/devtntatelier.com\\\/jeremy\\\/tendances-deco-design-ete-2022\\\/\"},\"author\":{\"name\":\"Camille Sauvageau\",\"@id\":\"https:\\\/\\\/devtntatelier.com\\\/jeremy\\\/#\\\/schema\\\/person\\\/51d19206e49cc0cfb185c35b34dda827\"},\"headline\":\"TENDANCES D\u00c9CO\\\/DESIGN \u00c9T\u00c9 2022\",\"datePublished\":\"2022-07-21T14:58:39+00:00\",\"dateModified\":\"2022-09-02T12:47:11+00:00\",\"mainEntityOfPage\":{\"@id\":\"https:\\\/\\\/devtntatelier.com\\\/jeremy\\\/tendances-deco-design-ete-2022\\\/\"},\"wordCount\":1626,\"commentCount\":0,\"image\":{\"@id\":\"https:\\\/\\\/devtntatelier.com\\\/jeremy\\\/tendances-deco-design-ete-2022\\\/#primaryimage\"},\"thumbnailUrl\":\"https:\\\/\\\/devtntatelier.com\\\/jeremy\\\/wp-content\\\/uploads\\\/2022\\\/07\\\/inpiration-camille-designer-interieur-dolbeau-mistassini-tendances-deco-ete.jpg\",\"articleSection\":[\"Tous les articles\",\"Trucs de pros\"],\"inLanguage\":\"fr-FR\",\"potentialAction\":[{\"@type\":\"CommentAction\",\"name\":\"Comment\",\"target\":[\"https:\\\/\\\/devtntatelier.com\\\/jeremy\\\/tendances-deco-design-ete-2022\\\/#respond\"]}]},{\"@type\":\"WebPage\",\"@id\":\"https:\\\/\\\/devtntatelier.com\\\/jeremy\\\/tendances-deco-design-ete-2022\\\/\",\"url\":\"https:\\\/\\\/devtntatelier.com\\\/jeremy\\\/tendances-deco-design-ete-2022\\\/\",\"name\":\"TENDANCES D\u00c9CO\\\/DESIGN \u00c9T\u00c9 2022 - Extra Maria\",\"isPartOf\":{\"@id\":\"https:\\\/\\\/devtntatelier.com\\\/jeremy\\\/#website\"},\"primaryImageOfPage\":{\"@id\":\"https:\\\/\\\/devtntatelier.com\\\/jeremy\\\/tendances-deco-design-ete-2022\\\/#primaryimage\"},\"image\":{\"@id\":\"https:\\\/\\\/devtntatelier.com\\\/jeremy\\\/tendances-deco-design-ete-2022\\\/#primaryimage\"},\"thumbnailUrl\":\"https:\\\/\\\/devtntatelier.com\\\/jeremy\\\/wp-content\\\/uploads\\\/2022\\\/07\\\/inpiration-camille-designer-interieur-dolbeau-mistassini-tendances-deco-ete.jpg\",\"datePublished\":\"2022-07-21T14:58:39+00:00\",\"dateModified\":\"2022-09-02T12:47:11+00:00\",\"author\":{\"@id\":\"https:\\\/\\\/devtntatelier.com\\\/jeremy\\\/#\\\/schema\\\/person\\\/51d19206e49cc0cfb185c35b34dda827\"},\"breadcrumb\":{\"@id\":\"https:\\\/\\\/devtntatelier.com\\\/jeremy\\\/tendances-deco-design-ete-2022\\\/#breadcrumb\"},\"inLanguage\":\"fr-FR\",\"potentialAction\":[{\"@type\":\"ReadAction\",\"target\":[\"https:\\\/\\\/devtntatelier.com\\\/jeremy\\\/tendances-deco-design-ete-2022\\\/\"]}]},{\"@type\":\"ImageObject\",\"inLanguage\":\"fr-FR\",\"@id\":\"https:\\\/\\\/devtntatelier.com\\\/jeremy\\\/tendances-deco-design-ete-2022\\\/#primaryimage\",\"url\":\"https:\\\/\\\/devtntatelier.com\\\/jeremy\\\/wp-content\\\/uploads\\\/2022\\\/07\\\/inpiration-camille-designer-interieur-dolbeau-mistassini-tendances-deco-ete.jpg\",\"contentUrl\":\"https:\\\/\\\/devtntatelier.com\\\/jeremy\\\/wp-content\\\/uploads\\\/2022\\\/07\\\/inpiration-camille-designer-interieur-dolbeau-mistassini-tendances-deco-ete.jpg\",\"width\":1200,\"height\":630},{\"@type\":\"BreadcrumbList\",\"@id\":\"https:\\\/\\\/devtntatelier.com\\\/jeremy\\\/tendances-deco-design-ete-2022\\\/#breadcrumb\",\"itemListElement\":[{\"@type\":\"ListItem\",\"position\":1,\"name\":\"Accueil\",\"item\":\"https:\\\/\\\/devtntatelier.com\\\/jeremy\\\/\"},{\"@type\":\"ListItem\",\"position\":2,\"name\":\"TENDANCES D\u00c9CO\\\/DESIGN \u00c9T\u00c9 2022\"}]},{\"@type\":\"WebSite\",\"@id\":\"https:\\\/\\\/devtntatelier.com\\\/jeremy\\\/#website\",\"url\":\"https:\\\/\\\/devtntatelier.com\\\/jeremy\\\/\",\"name\":\"Extra Maria\",\"description\":\"Blogue - D\u00e9couvertes locales et achat local\",\"potentialAction\":[{\"@type\":\"SearchAction\",\"target\":{\"@type\":\"EntryPoint\",\"urlTemplate\":\"https:\\\/\\\/devtntatelier.com\\\/jeremy\\\/?s={search_term_string}\"},\"query-input\":{\"@type\":\"PropertyValueSpecification\",\"valueRequired\":true,\"valueName\":\"search_term_string\"}}],\"inLanguage\":\"fr-FR\"},{\"@type\":\"Person\",\"@id\":\"https:\\\/\\\/devtntatelier.com\\\/jeremy\\\/#\\\/schema\\\/person\\\/51d19206e49cc0cfb185c35b34dda827\",\"name\":\"Camille Sauvageau\",\"image\":{\"@type\":\"ImageObject\",\"inLanguage\":\"fr-FR\",\"@id\":\"https:\\\/\\\/secure.gravatar.com\\\/avatar\\\/f0578c4b6db5c391754fe1a90573c23a59d174d8b93004282ee9357d3a8fe319?s=96&d=mm&r=g\",\"url\":\"https:\\\/\\\/secure.gravatar.com\\\/avatar\\\/f0578c4b6db5c391754fe1a90573c23a59d174d8b93004282ee9357d3a8fe319?s=96&d=mm&r=g\",\"contentUrl\":\"https:\\\/\\\/secure.gravatar.com\\\/avatar\\\/f0578c4b6db5c391754fe1a90573c23a59d174d8b93004282ee9357d3a8fe319?s=96&d=mm&r=g\",\"caption\":\"Camille Sauvageau\"},\"description\":\"Apr\u00e8s avoir compl\u00e9t\u00e9 mes \u00e9tudes en design int\u00e9rieur \u00e0 Qu\u00e9bec, j\u2019ai d\u00e9cid\u00e9 de revenir m\u2019\u00e9tablir dans la r\u00e9gion afin d\u2019y d\u00e9marrer mon entreprise. \u00c9tant passionn\u00e9e par le design et gr\u00e2ce \u00e0 mon c\u00f4t\u00e9 audacieux, j\u2019ai su redonner vie \u00e0 plusieurs int\u00e9rieurs qui avaient grandement besoin d\u2019amour. \u00c0 travers mes textes et mes conseils, je souhaite vous transmettre ma passion, vous en apprendre davantage sur mon quotidien en plus de vous inspirer \u00e0 ajouter une petite touche de WOW \u00e0 votre demeure!\",\"url\":\"https:\\\/\\\/devtntatelier.com\\\/jeremy\\\/author\\\/camille-sauvageau\\\/\"}]}<\/script>\n<!-- \/ Yoast SEO Premium plugin. -->","yoast_head_json":{"title":"TENDANCES D\u00c9CO\/DESIGN \u00c9T\u00c9 2022 - Extra Maria","robots":{"index":"index","follow":"follow","max-snippet":"max-snippet:-1","max-image-preview":"max-image-preview:large","max-video-preview":"max-video-preview:-1"},"canonical":"https:\/\/devtntatelier.com\/jeremy\/tendances-deco-design-ete-2022\/","og_locale":"fr_FR","og_type":"article","og_title":"TENDANCES D\u00c9CO\/DESIGN \u00c9T\u00c9 2022","og_url":"https:\/\/devtntatelier.com\/jeremy\/tendances-deco-design-ete-2022\/","og_site_name":"Extra Maria","article_published_time":"2022-07-21T14:58:39+00:00","article_modified_time":"2022-09-02T12:47:11+00:00","og_image":[{"width":1200,"height":630,"url":"https:\/\/devtntatelier.com\/jeremy\/wp-content\/uploads\/2022\/07\/inpiration-camille-designer-interieur-dolbeau-mistassini-tendances-deco-ete.jpg","type":"image\/jpeg"}],"author":"Camille Sauvageau","twitter_card":"summary_large_image","twitter_misc":{"\u00c9crit par":"Camille Sauvageau","Dur\u00e9e de lecture estim\u00e9e":"4 minutes"},"schema":{"@context":"https:\/\/schema.org","@graph":[{"@type":"Article","@id":"https:\/\/devtntatelier.com\/jeremy\/tendances-deco-design-ete-2022\/#article","isPartOf":{"@id":"https:\/\/devtntatelier.com\/jeremy\/tendances-deco-design-ete-2022\/"},"author":{"name":"Camille Sauvageau","@id":"https:\/\/devtntatelier.com\/jeremy\/#\/schema\/person\/51d19206e49cc0cfb185c35b34dda827"},"headline":"TENDANCES D\u00c9CO\/DESIGN \u00c9T\u00c9 2022","datePublished":"2022-07-21T14:58:39+00:00","dateModified":"2022-09-02T12:47:11+00:00","mainEntityOfPage":{"@id":"https:\/\/devtntatelier.com\/jeremy\/tendances-deco-design-ete-2022\/"},"wordCount":1626,"commentCount":0,"image":{"@id":"https:\/\/devtntatelier.com\/jeremy\/tendances-deco-design-ete-2022\/#primaryimage"},"thumbnailUrl":"https:\/\/devtntatelier.com\/jeremy\/wp-content\/uploads\/2022\/07\/inpiration-camille-designer-interieur-dolbeau-mistassini-tendances-deco-ete.jpg","articleSection":["Tous les articles","Trucs de pros"],"inLanguage":"fr-FR","potentialAction":[{"@type":"CommentAction","name":"Comment","target":["https:\/\/devtntatelier.com\/jeremy\/tendances-deco-design-ete-2022\/#respond"]}]},{"@type":"WebPage","@id":"https:\/\/devtntatelier.com\/jeremy\/tendances-deco-design-ete-2022\/","url":"https:\/\/devtntatelier.com\/jeremy\/tendances-deco-design-ete-2022\/","name":"TENDANCES D\u00c9CO\/DESIGN \u00c9T\u00c9 2022 - Extra Maria","isPartOf":{"@id":"https:\/\/devtntatelier.com\/jeremy\/#website"},"primaryImageOfPage":{"@id":"https:\/\/devtntatelier.com\/jeremy\/tendances-deco-design-ete-2022\/#primaryimage"},"image":{"@id":"https:\/\/devtntatelier.com\/jeremy\/tendances-deco-design-ete-2022\/#primaryimage"},"thumbnailUrl":"https:\/\/devtntatelier.com\/jeremy\/wp-content\/uploads\/2022\/07\/inpiration-camille-designer-interieur-dolbeau-mistassini-tendances-deco-ete.jpg","datePublished":"2022-07-21T14:58:39+00:00","dateModified":"2022-09-02T12:47:11+00:00","author":{"@id":"https:\/\/devtntatelier.com\/jeremy\/#\/schema\/person\/51d19206e49cc0cfb185c35b34dda827"},"breadcrumb":{"@id":"https:\/\/devtntatelier.com\/jeremy\/tendances-deco-design-ete-2022\/#breadcrumb"},"inLanguage":"fr-FR","potentialAction":[{"@type":"ReadAction","target":["https:\/\/devtntatelier.com\/jeremy\/tendances-deco-design-ete-2022\/"]}]},{"@type":"ImageObject","inLanguage":"fr-FR","@id":"https:\/\/devtntatelier.com\/jeremy\/tendances-deco-design-ete-2022\/#primaryimage","url":"https:\/\/devtntatelier.com\/jeremy\/wp-content\/uploads\/2022\/07\/inpiration-camille-designer-interieur-dolbeau-mistassini-tendances-deco-ete.jpg","contentUrl":"https:\/\/devtntatelier.com\/jeremy\/wp-content\/uploads\/2022\/07\/inpiration-camille-designer-interieur-dolbeau-mistassini-tendances-deco-ete.jpg","width":1200,"height":630},{"@type":"BreadcrumbList","@id":"https:\/\/devtntatelier.com\/jeremy\/tendances-deco-design-ete-2022\/#breadcrumb","itemListElement":[{"@type":"ListItem","position":1,"name":"Accueil","item":"https:\/\/devtntatelier.com\/jeremy\/"},{"@type":"ListItem","position":2,"name":"TENDANCES D\u00c9CO\/DESIGN \u00c9T\u00c9 2022"}]},{"@type":"WebSite","@id":"https:\/\/devtntatelier.com\/jeremy\/#website","url":"https:\/\/devtntatelier.com\/jeremy\/","name":"Extra Maria","description":"Blogue - D\u00e9couvertes locales et achat local","potentialAction":[{"@type":"SearchAction","target":{"@type":"EntryPoint","urlTemplate":"https:\/\/devtntatelier.com\/jeremy\/?s={search_term_string}"},"query-input":{"@type":"PropertyValueSpecification","valueRequired":true,"valueName":"search_term_string"}}],"inLanguage":"fr-FR"},{"@type":"Person","@id":"https:\/\/devtntatelier.com\/jeremy\/#\/schema\/person\/51d19206e49cc0cfb185c35b34dda827","name":"Camille Sauvageau","image":{"@type":"ImageObject","inLanguage":"fr-FR","@id":"https:\/\/secure.gravatar.com\/avatar\/f0578c4b6db5c391754fe1a90573c23a59d174d8b93004282ee9357d3a8fe319?s=96&d=mm&r=g","url":"https:\/\/secure.gravatar.com\/avatar\/f0578c4b6db5c391754fe1a90573c23a59d174d8b93004282ee9357d3a8fe319?s=96&d=mm&r=g","contentUrl":"https:\/\/secure.gravatar.com\/avatar\/f0578c4b6db5c391754fe1a90573c23a59d174d8b93004282ee9357d3a8fe319?s=96&d=mm&r=g","caption":"Camille Sauvageau"},"description":"Apr\u00e8s avoir compl\u00e9t\u00e9 mes \u00e9tudes en design int\u00e9rieur \u00e0 Qu\u00e9bec, j\u2019ai d\u00e9cid\u00e9 de revenir m\u2019\u00e9tablir dans la r\u00e9gion afin d\u2019y d\u00e9marrer mon entreprise. \u00c9tant passionn\u00e9e par le design et gr\u00e2ce \u00e0 mon c\u00f4t\u00e9 audacieux, j\u2019ai su redonner vie \u00e0 plusieurs int\u00e9rieurs qui avaient grandement besoin d\u2019amour. \u00c0 travers mes textes et mes conseils, je souhaite vous transmettre ma passion, vous en apprendre davantage sur mon quotidien en plus de vous inspirer \u00e0 ajouter une petite touche de WOW \u00e0 votre demeure!","url":"https:\/\/devtntatelier.com\/jeremy\/author\/camille-sauvageau\/"}]}},"modified_by":"Am\u00e9lia Fromage","_links":{"self":[{"href":"https:\/\/devtntatelier.com\/jeremy\/wp-json\/wp\/v2\/posts\/3972","targetHints":{"allow":["GET"]}}],"collection":[{"href":"https:\/\/devtntatelier.com\/jeremy\/wp-json\/wp\/v2\/posts"}],"about":[{"href":"https:\/\/devtntatelier.com\/jeremy\/wp-json\/wp\/v2\/types\/post"}],"author":[{"embeddable":true,"href":"https:\/\/devtntatelier.com\/jeremy\/wp-json\/wp\/v2\/users\/19"}],"replies":[{"embeddable":true,"href":"https:\/\/devtntatelier.com\/jeremy\/wp-json\/wp\/v2\/comments?post=3972"}],"version-history":[{"count":0,"href":"https:\/\/devtntatelier.com\/jeremy\/wp-json\/wp\/v2\/posts\/3972\/revisions"}],"wp:featuredmedia":[{"embeddable":true,"href":"https:\/\/devtntatelier.com\/jeremy\/wp-json\/wp\/v2\/media\/3993"}],"wp:attachment":[{"href":"https:\/\/devtntatelier.com\/jeremy\/wp-json\/wp\/v2\/media?parent=3972"}],"wp:term":[{"taxonomy":"category","embeddable":true,"href":"https:\/\/devtntatelier.com\/jeremy\/wp-json\/wp\/v2\/categories?post=3972"},{"taxonomy":"post_tag","embeddable":true,"href":"https:\/\/devtntatelier.com\/jeremy\/wp-json\/wp\/v2\/tags?post=3972"}],"curies":[{"name":"wp","href":"https:\/\/api.w.org\/{rel}","templated":true}]}}