{"id":3860,"date":"2022-06-15T20:02:21","date_gmt":"2022-06-16T00:02:21","guid":{"rendered":"https:\/\/devtntatelier.com\/jeremy\/?p=3860"},"modified":"2022-06-15T20:11:58","modified_gmt":"2022-06-16T00:11:58","slug":"le-far-west-sinvite-a-sainte-jeanne-darc","status":"publish","type":"post","link":"https:\/\/devtntatelier.com\/jeremy\/le-far-west-sinvite-a-sainte-jeanne-darc\/","title":{"rendered":"Le Far West s\u2019invite \u00e0 Sainte-Jeanne d\u2019Arc!"},"content":{"rendered":"<p>[et_pb_section fb_built=\u00a0\u00bb1&Prime; _builder_version=\u00a0\u00bb4.17.4&Prime; _module_preset=\u00a0\u00bbdefault\u00a0\u00bb global_colors_info=\u00a0\u00bb{}\u00a0\u00bb][et_pb_row _builder_version=\u00a0\u00bb4.17.4&Prime; _module_preset=\u00a0\u00bbdefault\u00a0\u00bb custom_padding=\u00a0\u00bb|||5px||\u00a0\u00bb global_colors_info=\u00a0\u00bb{}\u00a0\u00bb][et_pb_column type=\u00a0\u00bb4_4&Prime; _builder_version=\u00a0\u00bb4.17.4&Prime; _module_preset=\u00a0\u00bbdefault\u00a0\u00bb global_colors_info=\u00a0\u00bb{}\u00a0\u00bb][et_pb_text _builder_version=\u00a0\u00bb4.17.4&Prime; _module_preset=\u00a0\u00bbdefault\u00a0\u00bb global_colors_info=\u00a0\u00bb{}\u00a0\u00bb]<\/p>\n<p>(Cr\u00e9dit photo : Karolane Brodeur, Sophie Carignan photographe)<\/p>\n<h1>2e \u00e9dition du Farwest&rsquo;ival de Ste-Jeanne-d&rsquo;Arc au Lac-St-Jean du 14 au 17 juillet 2022<\/h1>\n<p>Apr\u00e8s avoir attir\u00e9 plus de 3 500 personnes l\u2019an dernier, le <strong>Farwest\u2019ival <\/strong>revient <strong>du 14 au 17 juillet 2022 pour une deuxi\u00e8me \u00e9dition<\/strong> encore plus spectaculaire que la pr\u00e9c\u00e9dente.<\/p>\n<p>N\u00e9 d\u2019un vieux r\u00eave et de l\u2019esprit visionnaire des propri\u00e9taires, le site enchanteur du Domaine du Ranch cr\u00e9e l\u2019engouement escompt\u00e9 depuis son ouverture au public.<\/p>\n<p>En fondant le Farwest\u2019ival, qui met en vedette les sports \u00e9questres et la musique de style country, Donald Fleury et Karine Gagn\u00e9 viennent ainsi compl\u00e9ter l\u2019offre du village western situ\u00e9 \u00e0 l\u2019or\u00e9e de la for\u00eat dans le village de Sainte-Jeanne d\u2019Arc.<\/p>\n<p>En effet, avec le <strong>Bar d\u2019Elle<\/strong>, les <strong>chambres \u00e0 louer<\/strong>, la <strong>boutique de produits \u00e9questres<\/strong>, ainsi que les emplacements de <strong>camping \u00e9questre<\/strong> et de <strong>camping sans service<\/strong>, en formule premier arriv\u00e9, premier servi, il ne fait aucun doute que le Domaine du Ranch est un endroit de choix pour accueillir ce type d\u2019\u00e9v\u00e9nement, qui n\u2019existait plus dans notre MRC depuis 2015\u2026 au grand plaisir des festivaliers!<\/p>\n<p>C\u2019est avec \u00c9milie Pepin, porte-parole de l\u2019\u00e9v\u00e9nement, que j\u2019ai pu discuter de la programmation de ce festival qui s\u2019annonce haut en couleur!<\/p>\n<p>D\u2019embl\u00e9e, elle tient \u00e0 souligner que si les membres de l\u2019organisation peuvent pr\u00e9senter une si belle programmation, c\u2019est aussi gr\u00e2ce \u00e0 la belle g\u00e9n\u00e9rosit\u00e9 de tous les commanditaires qui se sont joints \u00e0 l\u2019\u00e9v\u00e9nement!<\/p>\n<p>[\/et_pb_text][\/et_pb_column][\/et_pb_row][et_pb_row _builder_version=\u00a0\u00bb4.17.4&Prime; _module_preset=\u00a0\u00bbdefault\u00a0\u00bb global_colors_info=\u00a0\u00bb{}\u00a0\u00bb][et_pb_column type=\u00a0\u00bb4_4&Prime; _builder_version=\u00a0\u00bb4.17.4&Prime; _module_preset=\u00a0\u00bbdefault\u00a0\u00bb global_colors_info=\u00a0\u00bb{}\u00a0\u00bb][et_pb_image src=\u00a0\u00bbhttps:\/\/devtntatelier.com\/jeremy\/wp-content\/uploads\/2022\/06\/domaine-du-ranch.jpg\u00a0\u00bb title_text=\u00a0\u00bbdomaine-du-ranch\u00a0\u00bb align=\u00a0\u00bbcenter\u00a0\u00bb _builder_version=\u00a0\u00bb4.17.4&Prime; _module_preset=\u00a0\u00bbdefault\u00a0\u00bb global_colors_info=\u00a0\u00bb{}\u00a0\u00bb][\/et_pb_image][\/et_pb_column][\/et_pb_row][et_pb_row _builder_version=\u00a0\u00bb4.17.4&Prime; _module_preset=\u00a0\u00bbdefault\u00a0\u00bb global_colors_info=\u00a0\u00bb{}\u00a0\u00bb][et_pb_column type=\u00a0\u00bb4_4&Prime; _builder_version=\u00a0\u00bb4.17.4&Prime; _module_preset=\u00a0\u00bbdefault\u00a0\u00bb global_colors_info=\u00a0\u00bb{}\u00a0\u00bb][et_pb_image src=\u00a0\u00bbhttps:\/\/devtntatelier.com\/jeremy\/wp-content\/uploads\/2022\/06\/domaine-du-ranch-ste-jeanne-d-arc.jpg\u00a0\u00bb title_text=\u00a0\u00bbdomaine-du-ranch-ste-jeanne-d-arc\u00a0\u00bb _builder_version=\u00a0\u00bb4.17.4&Prime; _module_preset=\u00a0\u00bbdefault\u00a0\u00bb global_colors_info=\u00a0\u00bb{}\u00a0\u00bb][\/et_pb_image][\/et_pb_column][\/et_pb_row][et_pb_row _builder_version=\u00a0\u00bb4.17.4&Prime; _module_preset=\u00a0\u00bbdefault\u00a0\u00bb global_colors_info=\u00a0\u00bb{}\u00a0\u00bb][et_pb_column type=\u00a0\u00bb4_4&Prime; _builder_version=\u00a0\u00bb4.17.4&Prime; _module_preset=\u00a0\u00bbdefault\u00a0\u00bb global_colors_info=\u00a0\u00bb{}\u00a0\u00bb][et_pb_text _builder_version=\u00a0\u00bb4.17.4&Prime; _module_preset=\u00a0\u00bbdefault\u00a0\u00bb global_colors_info=\u00a0\u00bb{}\u00a0\u00bb]<\/p>\n<h2><strong>Une programmation musicale d\u00e9jant\u00e9e<\/strong><\/h2>\n<p>C\u2019est \u00e0 compter de 18h30, le jeudi 14 juillet, que la population est invit\u00e9e \u00e0 venir festoyer avec l\u2019\u00c9cole de danse Nathalie Paquet, puis le <strong><em>Rod\u00e9o Drive Country Band<\/em><\/strong>, qui risque de faire lever le party avec ses nombreux instrumentistes et sa formule musicale typique des grandes sc\u00e8nes de Nashville.<\/p>\n<p>Le vendredi et samedi, \u00e0 partir de 17h, vous pourrez participer au <strong>Micro Ouvert avec le duo Jo\u00ebl et Oli<\/strong>, ou encore venir danser lors des prestations de l\u2019\u00c9cole de danse Nathalie Paquet et de l\u2019\u00c9cole de danse Pascale Dufour. Ces performances lanceront tour \u00e0 tour les festivit\u00e9s musicales des soir\u00e9es sur la sc\u00e8ne ext\u00e9rieure et dans la Grange, les deux sites qui accueilleront les spectacles musicaux.<\/p>\n<p>Le vendredi, vous pourrez ensuite voir et entendre le dynamique duo form\u00e9 par Karina et C\u00e9dric, en premi\u00e8re partie de <em>l\u2019<strong>Aller-retour country sur la route avec Karo Laurendeau<\/strong><\/em> <em><strong>et ses invit\u00e9s, Phil G. Smith, Travis Cormier et Amay Paquet<\/strong>.<\/em><\/p>\n<p>Le samedi apr\u00e8s-midi, c\u2019est d\u00e8s 13h que le public sera conquis par le duo Bernard et Lucie, puis par le duo Claude et Vicky. Apr\u00e8s les spectacles de d\u00e9but de soir\u00e9e, c\u2019est avec la talentueuse Joanie Boulianne et le populaire groupe <strong><em>Nashville Qu\u00e9bec<\/em><\/strong> que vous pourrez faire la f\u00eate. Cette exp\u00e9rience musicale vous transportera \u00e0 travers toutes les \u00e9poques de la musique country et reprendra les plus grands succ\u00e8s du r\u00e9pertoire country qu\u00e9b\u00e9cois et am\u00e9ricain.<\/p>\n<p>Lors de ces deux soir\u00e9es, le DJ Pascal Savard fera vibrer la foule au son de sa musique, de 23h jusqu\u2019\u00e0 la fermeture du site.<\/p>\n<p>Soulignons que plusieurs artistes qui se produiront au festival sont natifs d\u2019ici! Nous pouvons \u00eatre fiers du talent provenant de notre belle MRC!<\/p>\n<p>[\/et_pb_text][\/et_pb_column][\/et_pb_row][et_pb_row _builder_version=\u00a0\u00bb4.17.4&Prime; _module_preset=\u00a0\u00bbdefault\u00a0\u00bb global_colors_info=\u00a0\u00bb{}\u00a0\u00bb][et_pb_column type=\u00a0\u00bb4_4&Prime; _builder_version=\u00a0\u00bb4.17.4&Prime; _module_preset=\u00a0\u00bbdefault\u00a0\u00bb global_colors_info=\u00a0\u00bb{}\u00a0\u00bb][et_pb_image src=\u00a0\u00bbhttps:\/\/devtntatelier.com\/jeremy\/wp-content\/uploads\/2022\/06\/bar-de-elle-domaine-du-ranch-sainte-jeanne-d-arc.jpg\u00a0\u00bb title_text=\u00a0\u00bbbar-de-elle-domaine-du-ranch-sainte-jeanne-d-arc\u00a0\u00bb align=\u00a0\u00bbcenter\u00a0\u00bb _builder_version=\u00a0\u00bb4.17.4&Prime; _module_preset=\u00a0\u00bbdefault\u00a0\u00bb global_colors_info=\u00a0\u00bb{}\u00a0\u00bb][\/et_pb_image][\/et_pb_column][\/et_pb_row][et_pb_row _builder_version=\u00a0\u00bb4.17.4&Prime; _module_preset=\u00a0\u00bbdefault\u00a0\u00bb global_colors_info=\u00a0\u00bb{}\u00a0\u00bb][et_pb_column type=\u00a0\u00bb4_4&Prime; _builder_version=\u00a0\u00bb4.17.4&Prime; _module_preset=\u00a0\u00bbdefault\u00a0\u00bb global_colors_info=\u00a0\u00bb{}\u00a0\u00bb][et_pb_text _builder_version=\u00a0\u00bb4.17.4&Prime; _module_preset=\u00a0\u00bbdefault\u00a0\u00bb global_colors_info=\u00a0\u00bb{}\u00a0\u00bb]<\/p>\n<h2><strong>Une programmation \u00e9questre pour tous les go\u00fbts<\/strong><\/h2>\n<p>Si la programmation musicale vous met l\u2019eau \u00e0 la bouche, celle qui comprend les \u00e9preuves \u00e9questres le fera tout autant. D\u00e8s le vendredi \u00e0 18h, vous pourrez prendre part \u00e0 l\u2019<strong>Exhibition Gymkhana<\/strong>, avec le CBLSC. Le samedi et le dimanche, \u00e0 compter respectivement de 10h et 9h30, vous pourrez prendre part aux \u00e9preuves \u00e9questres de jeux de tour, d\u2019\u00e9change de cavalier, de slalom, ainsi qu\u2019aux ateliers de <em>ropping<\/em> et autres. Il y aura assur\u00e9ment de quoi impressionner les spectateurs, habitu\u00e9s ou non!<\/p>\n<p>Sans oublier les kiosques pour tous les go\u00fbts, les maquillages et l\u2019animation pour les enfants, les tournois de poches en apr\u00e8s-midi, les Foodtruck pour se substanter et plus encore, vous \u00eates assur\u00e9s de passer d\u2019excellents moments en famille ou entre amis!<\/p>\n<p><span style=\"color: #e02b20;\"><strong>Le passeport pour tout le festival est d\u2019ailleurs pr\u00e9sentement en pr\u00e9vente jusqu\u2019au 10 juillet au co\u00fbt de 30 $ seulement et l\u2019entr\u00e9e est gratuite pour les enfants de 12 ans et moins.<\/strong><\/span><\/p>\n<p>Il est aussi important de mentionner que l\u2019<strong>acc\u00e8s au site est gratuit pour tous les r\u00e9sidents de Sainte-Jeanne d\u2019Arc, avec une preuve de r\u00e9sidence.<\/strong><\/p>\n<p>Ne ratez pas votre chance d\u2019assister \u00e0 ce festival western du haut du Lac!<\/p>\n<p>\u00c9galement, si vous souhaitez devenir b\u00e9n\u00e9vole pour le Farwest\u2019ival, il est toujours possible de proposer votre candidature. Il est \u00e0 noter qu\u2019il y a une grande flexibilit\u00e9 quant \u00e0 l\u2019horaire! N\u2019h\u00e9sitez pas \u00e0 postuler!<\/p>\n<p>Pour voir la programmation compl\u00e8te et d\u00e9taill\u00e9e du festival, devenir b\u00e9n\u00e9vole ou pour conna\u00eetre les prix d\u2019entr\u00e9e journaliers ou r\u00e9server un emplacement de camping, rendez-vous sur la page Facebook de l\u2019\u00e9v\u00e9nement, <span style=\"text-decoration: underline;\"><a href=\"https:\/\/www.facebook.com\/farwestival\">https:\/\/www.facebook.com\/farwestival\/.<\/a><\/span><\/p>\n<p>Que la saison des festivals commence!<\/p>\n<p>[\/et_pb_text][\/et_pb_column][\/et_pb_row][et_pb_row _builder_version=\u00a0\u00bb4.17.4&Prime; _module_preset=\u00a0\u00bbdefault\u00a0\u00bb global_colors_info=\u00a0\u00bb{}\u00a0\u00bb][et_pb_column type=\u00a0\u00bb4_4&Prime; _builder_version=\u00a0\u00bb4.17.4&Prime; _module_preset=\u00a0\u00bbdefault\u00a0\u00bb global_colors_info=\u00a0\u00bb{}\u00a0\u00bb][et_pb_image src=\u00a0\u00bbhttps:\/\/devtntatelier.com\/jeremy\/wp-content\/uploads\/2022\/06\/gymkhana-ste-jeanne-d-arc-far-west-festival-cow-boy.jpg\u00a0\u00bb title_text=\u00a0\u00bbgymkhana-ste-jeanne-d-arc-far-west-festival-cow-boy\u00a0\u00bb align=\u00a0\u00bbcenter\u00a0\u00bb _builder_version=\u00a0\u00bb4.17.4&Prime; _module_preset=\u00a0\u00bbdefault\u00a0\u00bb global_colors_info=\u00a0\u00bb{}\u00a0\u00bb][\/et_pb_image][et_pb_text _builder_version=\u00a0\u00bb4.17.4&Prime; _module_preset=\u00a0\u00bbdefault\u00a0\u00bb global_colors_info=\u00a0\u00bb{}\u00a0\u00bb]<\/p>\n<p>(Cr\u00e9dit photo : Gilles C\u00f4t\u00e9)<\/p>\n<p>[\/et_pb_text][\/et_pb_column][\/et_pb_row][\/et_pb_section]<\/p>\n","protected":false},"excerpt":{"rendered":"<p>(Cr\u00e9dit photo : Karolane Brodeur, Sophie Carignan photographe) 2e \u00e9dition du Farwest&rsquo;ival de Ste-Jeanne-d&rsquo;Arc au Lac-St-Jean du 14 au 17 juillet 2022 Apr\u00e8s avoir attir\u00e9 plus de 3 500 personnes [&hellip;]<\/p>\n","protected":false},"author":22,"featured_media":3870,"comment_status":"open","ping_status":"closed","sticky":false,"template":"","format":"standard","meta":{"_et_pb_use_builder":"on","_et_pb_old_content":"","_et_gb_content_width":"","_lmt_disableupdate":"","_lmt_disable":"","_price":"","_stock":"","_tribe_ticket_header":"","_tribe_default_ticket_provider":"","_tribe_ticket_capacity":"0","_ticket_start_date":"","_ticket_end_date":"","_tribe_ticket_show_description":"","_tribe_ticket_show_not_going":false,"_tribe_ticket_use_global_stock":"","_tribe_ticket_global_stock_level":"","_global_stock_mode":"","_global_stock_cap":"","_tribe_rsvp_for_event":"","_tribe_ticket_going_count":"","_tribe_ticket_not_going_count":"","_tribe_tickets_list":"[]","_tribe_ticket_has_attendee_info_fields":false,"footnotes":""},"categories":[4],"tags":[],"class_list":["post-3860","post","type-post","status-publish","format-standard","has-post-thumbnail","hentry","category-tendance"],"yoast_head":"<!-- This site is optimized with the Yoast SEO Premium plugin v25.9 (Yoast SEO v28.4) - https:\/\/yoast.com\/product\/yoast-seo-premium-wordpress\/ -->\n<title>Le Far West s\u2019invite \u00e0 Sainte-Jeanne d\u2019Arc! - Extra Maria<\/title>\n<meta name=\"robots\" content=\"index, follow, max-snippet:-1, max-image-preview:large, max-video-preview:-1\" \/>\n<link rel=\"canonical\" href=\"https:\/\/devtntatelier.com\/jeremy\/le-far-west-sinvite-a-sainte-jeanne-darc\/\" \/>\n<meta property=\"og:locale\" content=\"fr_FR\" \/>\n<meta property=\"og:type\" content=\"article\" \/>\n<meta property=\"og:title\" content=\"Le Far West s\u2019invite \u00e0 Sainte-Jeanne d\u2019Arc!\" \/>\n<meta property=\"og:url\" content=\"https:\/\/devtntatelier.com\/jeremy\/le-far-west-sinvite-a-sainte-jeanne-darc\/\" \/>\n<meta property=\"og:site_name\" content=\"Extra Maria\" \/>\n<meta property=\"article:published_time\" content=\"2022-06-16T00:02:21+00:00\" \/>\n<meta property=\"article:modified_time\" content=\"2022-06-16T00:11:58+00:00\" \/>\n<meta property=\"og:image\" content=\"https:\/\/devtntatelier.com\/jeremy\/wp-content\/uploads\/2022\/06\/karolane-brodeur-farwestival-ste-jeanne-d-arc.jpg\" \/>\n\t<meta property=\"og:image:width\" content=\"1200\" \/>\n\t<meta property=\"og:image:height\" content=\"630\" \/>\n\t<meta property=\"og:image:type\" content=\"image\/jpeg\" \/>\n<meta name=\"author\" content=\"V\u00e9ronique Asselin\" \/>\n<meta name=\"twitter:card\" content=\"summary_large_image\" \/>\n<meta name=\"twitter:label1\" content=\"\u00c9crit par\" \/>\n\t<meta name=\"twitter:data1\" content=\"V\u00e9ronique Asselin\" \/>\n\t<meta name=\"twitter:label2\" content=\"Dur\u00e9e de lecture estim\u00e9e\" \/>\n\t<meta name=\"twitter:data2\" content=\"5 minutes\" \/>\n<script type=\"application\/ld+json\" class=\"yoast-schema-graph\">{\"@context\":\"https:\\\/\\\/schema.org\",\"@graph\":[{\"@type\":\"Article\",\"@id\":\"https:\\\/\\\/devtntatelier.com\\\/jeremy\\\/le-far-west-sinvite-a-sainte-jeanne-darc\\\/#article\",\"isPartOf\":{\"@id\":\"https:\\\/\\\/devtntatelier.com\\\/jeremy\\\/le-far-west-sinvite-a-sainte-jeanne-darc\\\/\"},\"author\":{\"name\":\"V\u00e9ronique Asselin\",\"@id\":\"https:\\\/\\\/devtntatelier.com\\\/jeremy\\\/#\\\/schema\\\/person\\\/d8531d5f621e15873a41d221e3f919d3\"},\"headline\":\"Le Far West s\u2019invite \u00e0 Sainte-Jeanne d\u2019Arc!\",\"datePublished\":\"2022-06-16T00:02:21+00:00\",\"dateModified\":\"2022-06-16T00:11:58+00:00\",\"mainEntityOfPage\":{\"@id\":\"https:\\\/\\\/devtntatelier.com\\\/jeremy\\\/le-far-west-sinvite-a-sainte-jeanne-darc\\\/\"},\"wordCount\":1287,\"commentCount\":0,\"image\":{\"@id\":\"https:\\\/\\\/devtntatelier.com\\\/jeremy\\\/le-far-west-sinvite-a-sainte-jeanne-darc\\\/#primaryimage\"},\"thumbnailUrl\":\"https:\\\/\\\/devtntatelier.com\\\/jeremy\\\/wp-content\\\/uploads\\\/2022\\\/06\\\/karolane-brodeur-farwestival-ste-jeanne-d-arc.jpg\",\"articleSection\":[\"Tendance\"],\"inLanguage\":\"fr-FR\",\"potentialAction\":[{\"@type\":\"CommentAction\",\"name\":\"Comment\",\"target\":[\"https:\\\/\\\/devtntatelier.com\\\/jeremy\\\/le-far-west-sinvite-a-sainte-jeanne-darc\\\/#respond\"]}]},{\"@type\":\"WebPage\",\"@id\":\"https:\\\/\\\/devtntatelier.com\\\/jeremy\\\/le-far-west-sinvite-a-sainte-jeanne-darc\\\/\",\"url\":\"https:\\\/\\\/devtntatelier.com\\\/jeremy\\\/le-far-west-sinvite-a-sainte-jeanne-darc\\\/\",\"name\":\"Le Far West s\u2019invite \u00e0 Sainte-Jeanne d\u2019Arc! - Extra Maria\",\"isPartOf\":{\"@id\":\"https:\\\/\\\/devtntatelier.com\\\/jeremy\\\/#website\"},\"primaryImageOfPage\":{\"@id\":\"https:\\\/\\\/devtntatelier.com\\\/jeremy\\\/le-far-west-sinvite-a-sainte-jeanne-darc\\\/#primaryimage\"},\"image\":{\"@id\":\"https:\\\/\\\/devtntatelier.com\\\/jeremy\\\/le-far-west-sinvite-a-sainte-jeanne-darc\\\/#primaryimage\"},\"thumbnailUrl\":\"https:\\\/\\\/devtntatelier.com\\\/jeremy\\\/wp-content\\\/uploads\\\/2022\\\/06\\\/karolane-brodeur-farwestival-ste-jeanne-d-arc.jpg\",\"datePublished\":\"2022-06-16T00:02:21+00:00\",\"dateModified\":\"2022-06-16T00:11:58+00:00\",\"author\":{\"@id\":\"https:\\\/\\\/devtntatelier.com\\\/jeremy\\\/#\\\/schema\\\/person\\\/d8531d5f621e15873a41d221e3f919d3\"},\"breadcrumb\":{\"@id\":\"https:\\\/\\\/devtntatelier.com\\\/jeremy\\\/le-far-west-sinvite-a-sainte-jeanne-darc\\\/#breadcrumb\"},\"inLanguage\":\"fr-FR\",\"potentialAction\":[{\"@type\":\"ReadAction\",\"target\":[\"https:\\\/\\\/devtntatelier.com\\\/jeremy\\\/le-far-west-sinvite-a-sainte-jeanne-darc\\\/\"]}]},{\"@type\":\"ImageObject\",\"inLanguage\":\"fr-FR\",\"@id\":\"https:\\\/\\\/devtntatelier.com\\\/jeremy\\\/le-far-west-sinvite-a-sainte-jeanne-darc\\\/#primaryimage\",\"url\":\"https:\\\/\\\/devtntatelier.com\\\/jeremy\\\/wp-content\\\/uploads\\\/2022\\\/06\\\/karolane-brodeur-farwestival-ste-jeanne-d-arc.jpg\",\"contentUrl\":\"https:\\\/\\\/devtntatelier.com\\\/jeremy\\\/wp-content\\\/uploads\\\/2022\\\/06\\\/karolane-brodeur-farwestival-ste-jeanne-d-arc.jpg\",\"width\":1200,\"height\":630},{\"@type\":\"BreadcrumbList\",\"@id\":\"https:\\\/\\\/devtntatelier.com\\\/jeremy\\\/le-far-west-sinvite-a-sainte-jeanne-darc\\\/#breadcrumb\",\"itemListElement\":[{\"@type\":\"ListItem\",\"position\":1,\"name\":\"Accueil\",\"item\":\"https:\\\/\\\/devtntatelier.com\\\/jeremy\\\/\"},{\"@type\":\"ListItem\",\"position\":2,\"name\":\"Le Far West s\u2019invite \u00e0 Sainte-Jeanne d\u2019Arc!\"}]},{\"@type\":\"WebSite\",\"@id\":\"https:\\\/\\\/devtntatelier.com\\\/jeremy\\\/#website\",\"url\":\"https:\\\/\\\/devtntatelier.com\\\/jeremy\\\/\",\"name\":\"Extra Maria\",\"description\":\"Blogue - D\u00e9couvertes locales et achat local\",\"potentialAction\":[{\"@type\":\"SearchAction\",\"target\":{\"@type\":\"EntryPoint\",\"urlTemplate\":\"https:\\\/\\\/devtntatelier.com\\\/jeremy\\\/?s={search_term_string}\"},\"query-input\":{\"@type\":\"PropertyValueSpecification\",\"valueRequired\":true,\"valueName\":\"search_term_string\"}}],\"inLanguage\":\"fr-FR\"},{\"@type\":\"Person\",\"@id\":\"https:\\\/\\\/devtntatelier.com\\\/jeremy\\\/#\\\/schema\\\/person\\\/d8531d5f621e15873a41d221e3f919d3\",\"name\":\"V\u00e9ronique Asselin\",\"image\":{\"@type\":\"ImageObject\",\"inLanguage\":\"fr-FR\",\"@id\":\"https:\\\/\\\/secure.gravatar.com\\\/avatar\\\/aec92c5b424efdc356ddd6ef6d9c1d424dbb81a3c15e9889bc052145a8618879?s=96&d=mm&r=g\",\"url\":\"https:\\\/\\\/secure.gravatar.com\\\/avatar\\\/aec92c5b424efdc356ddd6ef6d9c1d424dbb81a3c15e9889bc052145a8618879?s=96&d=mm&r=g\",\"contentUrl\":\"https:\\\/\\\/secure.gravatar.com\\\/avatar\\\/aec92c5b424efdc356ddd6ef6d9c1d424dbb81a3c15e9889bc052145a8618879?s=96&d=mm&r=g\",\"caption\":\"V\u00e9ronique Asselin\"},\"description\":\"Je suis maman, enseignante de fran\u00e7ais et amoureuse des mots depuis toujours! Passionn\u00e9e de voyage, de cuisine et de la culture, j\u2019aime aller \u00e0 la rencontre des autres et d\u00e9couvrir ce qu\u2019ils ont \u00e0 offrir. C\u2019est pourquoi je suis heureuse de vous faire d\u00e9couvrir ou red\u00e9couvrir celles et ceux qui animent notre MRC : les entrepreneurs d\u2019ici!\",\"url\":\"https:\\\/\\\/devtntatelier.com\\\/jeremy\\\/author\\\/veronique-asselin\\\/\"}]}<\/script>\n<!-- \/ Yoast SEO Premium plugin. -->","yoast_head_json":{"title":"Le Far West s\u2019invite \u00e0 Sainte-Jeanne d\u2019Arc! - Extra Maria","robots":{"index":"index","follow":"follow","max-snippet":"max-snippet:-1","max-image-preview":"max-image-preview:large","max-video-preview":"max-video-preview:-1"},"canonical":"https:\/\/devtntatelier.com\/jeremy\/le-far-west-sinvite-a-sainte-jeanne-darc\/","og_locale":"fr_FR","og_type":"article","og_title":"Le Far West s\u2019invite \u00e0 Sainte-Jeanne d\u2019Arc!","og_url":"https:\/\/devtntatelier.com\/jeremy\/le-far-west-sinvite-a-sainte-jeanne-darc\/","og_site_name":"Extra Maria","article_published_time":"2022-06-16T00:02:21+00:00","article_modified_time":"2022-06-16T00:11:58+00:00","og_image":[{"width":1200,"height":630,"url":"https:\/\/devtntatelier.com\/jeremy\/wp-content\/uploads\/2022\/06\/karolane-brodeur-farwestival-ste-jeanne-d-arc.jpg","type":"image\/jpeg"}],"author":"V\u00e9ronique Asselin","twitter_card":"summary_large_image","twitter_misc":{"\u00c9crit par":"V\u00e9ronique Asselin","Dur\u00e9e de lecture estim\u00e9e":"5 minutes"},"schema":{"@context":"https:\/\/schema.org","@graph":[{"@type":"Article","@id":"https:\/\/devtntatelier.com\/jeremy\/le-far-west-sinvite-a-sainte-jeanne-darc\/#article","isPartOf":{"@id":"https:\/\/devtntatelier.com\/jeremy\/le-far-west-sinvite-a-sainte-jeanne-darc\/"},"author":{"name":"V\u00e9ronique Asselin","@id":"https:\/\/devtntatelier.com\/jeremy\/#\/schema\/person\/d8531d5f621e15873a41d221e3f919d3"},"headline":"Le Far West s\u2019invite \u00e0 Sainte-Jeanne d\u2019Arc!","datePublished":"2022-06-16T00:02:21+00:00","dateModified":"2022-06-16T00:11:58+00:00","mainEntityOfPage":{"@id":"https:\/\/devtntatelier.com\/jeremy\/le-far-west-sinvite-a-sainte-jeanne-darc\/"},"wordCount":1287,"commentCount":0,"image":{"@id":"https:\/\/devtntatelier.com\/jeremy\/le-far-west-sinvite-a-sainte-jeanne-darc\/#primaryimage"},"thumbnailUrl":"https:\/\/devtntatelier.com\/jeremy\/wp-content\/uploads\/2022\/06\/karolane-brodeur-farwestival-ste-jeanne-d-arc.jpg","articleSection":["Tendance"],"inLanguage":"fr-FR","potentialAction":[{"@type":"CommentAction","name":"Comment","target":["https:\/\/devtntatelier.com\/jeremy\/le-far-west-sinvite-a-sainte-jeanne-darc\/#respond"]}]},{"@type":"WebPage","@id":"https:\/\/devtntatelier.com\/jeremy\/le-far-west-sinvite-a-sainte-jeanne-darc\/","url":"https:\/\/devtntatelier.com\/jeremy\/le-far-west-sinvite-a-sainte-jeanne-darc\/","name":"Le Far West s\u2019invite \u00e0 Sainte-Jeanne d\u2019Arc! - Extra Maria","isPartOf":{"@id":"https:\/\/devtntatelier.com\/jeremy\/#website"},"primaryImageOfPage":{"@id":"https:\/\/devtntatelier.com\/jeremy\/le-far-west-sinvite-a-sainte-jeanne-darc\/#primaryimage"},"image":{"@id":"https:\/\/devtntatelier.com\/jeremy\/le-far-west-sinvite-a-sainte-jeanne-darc\/#primaryimage"},"thumbnailUrl":"https:\/\/devtntatelier.com\/jeremy\/wp-content\/uploads\/2022\/06\/karolane-brodeur-farwestival-ste-jeanne-d-arc.jpg","datePublished":"2022-06-16T00:02:21+00:00","dateModified":"2022-06-16T00:11:58+00:00","author":{"@id":"https:\/\/devtntatelier.com\/jeremy\/#\/schema\/person\/d8531d5f621e15873a41d221e3f919d3"},"breadcrumb":{"@id":"https:\/\/devtntatelier.com\/jeremy\/le-far-west-sinvite-a-sainte-jeanne-darc\/#breadcrumb"},"inLanguage":"fr-FR","potentialAction":[{"@type":"ReadAction","target":["https:\/\/devtntatelier.com\/jeremy\/le-far-west-sinvite-a-sainte-jeanne-darc\/"]}]},{"@type":"ImageObject","inLanguage":"fr-FR","@id":"https:\/\/devtntatelier.com\/jeremy\/le-far-west-sinvite-a-sainte-jeanne-darc\/#primaryimage","url":"https:\/\/devtntatelier.com\/jeremy\/wp-content\/uploads\/2022\/06\/karolane-brodeur-farwestival-ste-jeanne-d-arc.jpg","contentUrl":"https:\/\/devtntatelier.com\/jeremy\/wp-content\/uploads\/2022\/06\/karolane-brodeur-farwestival-ste-jeanne-d-arc.jpg","width":1200,"height":630},{"@type":"BreadcrumbList","@id":"https:\/\/devtntatelier.com\/jeremy\/le-far-west-sinvite-a-sainte-jeanne-darc\/#breadcrumb","itemListElement":[{"@type":"ListItem","position":1,"name":"Accueil","item":"https:\/\/devtntatelier.com\/jeremy\/"},{"@type":"ListItem","position":2,"name":"Le Far West s\u2019invite \u00e0 Sainte-Jeanne d\u2019Arc!"}]},{"@type":"WebSite","@id":"https:\/\/devtntatelier.com\/jeremy\/#website","url":"https:\/\/devtntatelier.com\/jeremy\/","name":"Extra Maria","description":"Blogue - D\u00e9couvertes locales et achat local","potentialAction":[{"@type":"SearchAction","target":{"@type":"EntryPoint","urlTemplate":"https:\/\/devtntatelier.com\/jeremy\/?s={search_term_string}"},"query-input":{"@type":"PropertyValueSpecification","valueRequired":true,"valueName":"search_term_string"}}],"inLanguage":"fr-FR"},{"@type":"Person","@id":"https:\/\/devtntatelier.com\/jeremy\/#\/schema\/person\/d8531d5f621e15873a41d221e3f919d3","name":"V\u00e9ronique Asselin","image":{"@type":"ImageObject","inLanguage":"fr-FR","@id":"https:\/\/secure.gravatar.com\/avatar\/aec92c5b424efdc356ddd6ef6d9c1d424dbb81a3c15e9889bc052145a8618879?s=96&d=mm&r=g","url":"https:\/\/secure.gravatar.com\/avatar\/aec92c5b424efdc356ddd6ef6d9c1d424dbb81a3c15e9889bc052145a8618879?s=96&d=mm&r=g","contentUrl":"https:\/\/secure.gravatar.com\/avatar\/aec92c5b424efdc356ddd6ef6d9c1d424dbb81a3c15e9889bc052145a8618879?s=96&d=mm&r=g","caption":"V\u00e9ronique Asselin"},"description":"Je suis maman, enseignante de fran\u00e7ais et amoureuse des mots depuis toujours! Passionn\u00e9e de voyage, de cuisine et de la culture, j\u2019aime aller \u00e0 la rencontre des autres et d\u00e9couvrir ce qu\u2019ils ont \u00e0 offrir. C\u2019est pourquoi je suis heureuse de vous faire d\u00e9couvrir ou red\u00e9couvrir celles et ceux qui animent notre MRC : les entrepreneurs d\u2019ici!","url":"https:\/\/devtntatelier.com\/jeremy\/author\/veronique-asselin\/"}]}},"modified_by":"Am\u00e9lia Fromage","_links":{"self":[{"href":"https:\/\/devtntatelier.com\/jeremy\/wp-json\/wp\/v2\/posts\/3860","targetHints":{"allow":["GET"]}}],"collection":[{"href":"https:\/\/devtntatelier.com\/jeremy\/wp-json\/wp\/v2\/posts"}],"about":[{"href":"https:\/\/devtntatelier.com\/jeremy\/wp-json\/wp\/v2\/types\/post"}],"author":[{"embeddable":true,"href":"https:\/\/devtntatelier.com\/jeremy\/wp-json\/wp\/v2\/users\/22"}],"replies":[{"embeddable":true,"href":"https:\/\/devtntatelier.com\/jeremy\/wp-json\/wp\/v2\/comments?post=3860"}],"version-history":[{"count":0,"href":"https:\/\/devtntatelier.com\/jeremy\/wp-json\/wp\/v2\/posts\/3860\/revisions"}],"wp:featuredmedia":[{"embeddable":true,"href":"https:\/\/devtntatelier.com\/jeremy\/wp-json\/wp\/v2\/media\/3870"}],"wp:attachment":[{"href":"https:\/\/devtntatelier.com\/jeremy\/wp-json\/wp\/v2\/media?parent=3860"}],"wp:term":[{"taxonomy":"category","embeddable":true,"href":"https:\/\/devtntatelier.com\/jeremy\/wp-json\/wp\/v2\/categories?post=3860"},{"taxonomy":"post_tag","embeddable":true,"href":"https:\/\/devtntatelier.com\/jeremy\/wp-json\/wp\/v2\/tags?post=3860"}],"curies":[{"name":"wp","href":"https:\/\/api.w.org\/{rel}","templated":true}]}}