{"id":3734,"date":"2022-06-09T15:07:07","date_gmt":"2022-06-09T19:07:07","guid":{"rendered":"https:\/\/devtntatelier.com\/jeremy\/?p=3734"},"modified":"2022-06-09T17:48:40","modified_gmt":"2022-06-09T21:48:40","slug":"inotech-canada-dhier-a-aujourdhui","status":"publish","type":"post","link":"https:\/\/devtntatelier.com\/jeremy\/inotech-canada-dhier-a-aujourdhui\/","title":{"rendered":"Inotech Canada d\u2019hier \u00e0 aujourd\u2019hui"},"content":{"rendered":"<p>[et_pb_section fb_built=\u00a0\u00bb1&Prime; _builder_version=\u00a0\u00bb4.17.4&Prime; _module_preset=\u00a0\u00bbdefault\u00a0\u00bb global_colors_info=\u00a0\u00bb{}\u00a0\u00bb][et_pb_row _builder_version=\u00a0\u00bb4.17.4&Prime; _module_preset=\u00a0\u00bbdefault\u00a0\u00bb global_colors_info=\u00a0\u00bb{}\u00a0\u00bb][et_pb_column type=\u00a0\u00bb4_4&Prime; _builder_version=\u00a0\u00bb4.17.4&Prime; _module_preset=\u00a0\u00bbdefault\u00a0\u00bb global_colors_info=\u00a0\u00bb{}\u00a0\u00bb][et_pb_text _builder_version=\u00a0\u00bb4.17.4&Prime; _module_preset=\u00a0\u00bbdefault\u00a0\u00bb global_colors_info=\u00a0\u00bb{}\u00a0\u00bb]<\/p>\n<p><em>(Sur la photo : Jonathan Dup\u00e9r\u00e9, Michel Marceau, Jasmin Fortin, Keven Jalbert)<\/em><\/p>\n<h1><strong>Chez Inotech Canada, la devise est LE SUCC\u00c8S PAR L\u2019INNOVATION<\/strong><\/h1>\n<p><strong><\/strong><\/p>\n<p>L\u2019an 2022 est une ann\u00e9e marquante pour Inotech Canada. L\u2019entreprise c\u00e9l\u00e8bre ses 40 ans d\u2019existence. Tout a commenc\u00e9 en 1982 avec Benoit Tremblay Soudure pour devenir en 2002 Inotech Canada.<\/p>\n<p>\u00c0 la base, pour r\u00e9pondre \u00e0 un besoin local, aujourd\u2019hui cette entreprise <strong>exporte son expertise au-del\u00e0 des fronti\u00e8res<\/strong>. Mise sur pied pour r\u00e9pondre aux divers besoins du monde agricole, l\u2019entreprise est devenue <strong>chef de file dans la modernisation des usines de bois d\u2019\u0153uvre<\/strong>. C\u2019est dans ce domaine que l\u2019entreprise conna\u00eet une forte progression par l\u2019expertise de toute sa performante \u00e9quipe.<\/p>\n<p>[\/et_pb_text][\/et_pb_column][\/et_pb_row][et_pb_row _builder_version=\u00a0\u00bb4.17.4&Prime; _module_preset=\u00a0\u00bbdefault\u00a0\u00bb global_colors_info=\u00a0\u00bb{}\u00a0\u00bb][et_pb_column type=\u00a0\u00bb4_4&Prime; _builder_version=\u00a0\u00bb4.17.4&Prime; _module_preset=\u00a0\u00bbdefault\u00a0\u00bb global_colors_info=\u00a0\u00bb{}\u00a0\u00bb][et_pb_image src=\u00a0\u00bbhttps:\/\/devtntatelier.com\/jeremy\/wp-content\/uploads\/2022\/06\/inotech-canada-normandin-lac-saint-jean-3.webp\u00a0\u00bb title_text=\u00a0\u00bbinotech-canada-normandin-lac-saint-jean-3&Prime; align=\u00a0\u00bbcenter\u00a0\u00bb _builder_version=\u00a0\u00bb4.17.4&Prime; _module_preset=\u00a0\u00bbdefault\u00a0\u00bb global_colors_info=\u00a0\u00bb{}\u00a0\u00bb][\/et_pb_image][\/et_pb_column][\/et_pb_row][et_pb_row _builder_version=\u00a0\u00bb4.17.4&Prime; _module_preset=\u00a0\u00bbdefault\u00a0\u00bb global_colors_info=\u00a0\u00bb{}\u00a0\u00bb][et_pb_column type=\u00a0\u00bb4_4&Prime; _builder_version=\u00a0\u00bb4.17.4&Prime; _module_preset=\u00a0\u00bbdefault\u00a0\u00bb global_colors_info=\u00a0\u00bb{}\u00a0\u00bb][et_pb_text _builder_version=\u00a0\u00bb4.17.4&Prime; _module_preset=\u00a0\u00bbdefault\u00a0\u00bb global_colors_info=\u00a0\u00bb{}\u00a0\u00bb]<\/p>\n<h2>Optimisation du service client<\/h2>\n<p>Le d\u00e9veloppement des technologies de plus en plus performantes est le moteur de leur motivation. Ils ont pour <strong>mission d\u2019innover, de fabriquer, de soutenir et d\u2019optimiser leur service client<\/strong>. Ces clients sont presqu\u2019essentiellement des entreprises foresti\u00e8res et mini\u00e8res. Ils offrent un service cl\u00e9 en main \u00e0 leurs clients, de la conception \u00e0 la mise en place. Pour ce faire, l\u2019usine est compos\u00e9e de\u00a0:<\/p>\n<ul>\n<li style=\"list-style-type: none;\">\n<ul>\n<li>Un <strong>bureau d\u2019ing\u00e9nierie<\/strong><\/li>\n<li>Une <strong>salle de soudage montage<\/strong><\/li>\n<li>Une <strong>salle d\u2019assemblage m\u00e9canique<\/strong><\/li>\n<li>Une <strong>salle de montage de panneaux de contr\u00f4le<\/strong><\/li>\n<li>Une <strong>salle de coupe de m\u00e9taux<\/strong><\/li>\n<li>Une <strong>salle d\u2019usinage \u00e0 contr\u00f4les num\u00e9riques<\/strong><\/li>\n<li>Une <strong>chambre \u00e0 peinture<\/strong><\/li>\n<\/ul>\n<\/li>\n<\/ul>\n<p>[\/et_pb_text][\/et_pb_column][\/et_pb_row][et_pb_row _builder_version=\u00a0\u00bb4.17.4&Prime; _module_preset=\u00a0\u00bbdefault\u00a0\u00bb global_colors_info=\u00a0\u00bb{}\u00a0\u00bb][et_pb_column type=\u00a0\u00bb4_4&Prime; _builder_version=\u00a0\u00bb4.17.4&Prime; _module_preset=\u00a0\u00bbdefault\u00a0\u00bb global_colors_info=\u00a0\u00bb{}\u00a0\u00bb][et_pb_image src=\u00a0\u00bbhttps:\/\/devtntatelier.com\/jeremy\/wp-content\/uploads\/2022\/06\/inotech-canada-normandin-lac-saint-jean-2.webp\u00a0\u00bb title_text=\u00a0\u00bbinotech-canada-normandin-lac-saint-jean-2&Prime; align=\u00a0\u00bbcenter\u00a0\u00bb _builder_version=\u00a0\u00bb4.17.4&Prime; _module_preset=\u00a0\u00bbdefault\u00a0\u00bb global_colors_info=\u00a0\u00bb{}\u00a0\u00bb][\/et_pb_image][\/et_pb_column][\/et_pb_row][et_pb_row _builder_version=\u00a0\u00bb4.17.4&Prime; _module_preset=\u00a0\u00bbdefault\u00a0\u00bb global_colors_info=\u00a0\u00bb{}\u00a0\u00bb][et_pb_column type=\u00a0\u00bb4_4&Prime; _builder_version=\u00a0\u00bb4.17.4&Prime; _module_preset=\u00a0\u00bbdefault\u00a0\u00bb global_colors_info=\u00a0\u00bb{}\u00a0\u00bb][et_pb_image src=\u00a0\u00bbhttps:\/\/devtntatelier.com\/jeremy\/wp-content\/uploads\/2022\/06\/inotech-canada-normandin-lac-saint-jean-4.webp\u00a0\u00bb title_text=\u00a0\u00bbinotech-canada-normandin-lac-saint-jean-4&Prime; align=\u00a0\u00bbcenter\u00a0\u00bb _builder_version=\u00a0\u00bb4.17.4&Prime; _module_preset=\u00a0\u00bbdefault\u00a0\u00bb global_colors_info=\u00a0\u00bb{}\u00a0\u00bb][\/et_pb_image][\/et_pb_column][\/et_pb_row][et_pb_row _builder_version=\u00a0\u00bb4.17.4&Prime; _module_preset=\u00a0\u00bbdefault\u00a0\u00bb global_colors_info=\u00a0\u00bb{}\u00a0\u00bb][et_pb_column type=\u00a0\u00bb4_4&Prime; _builder_version=\u00a0\u00bb4.17.4&Prime; _module_preset=\u00a0\u00bbdefault\u00a0\u00bb global_colors_info=\u00a0\u00bb{}\u00a0\u00bb][et_pb_text _builder_version=\u00a0\u00bb4.17.4&Prime; _module_preset=\u00a0\u00bbdefault\u00a0\u00bb global_colors_info=\u00a0\u00bb{}\u00a0\u00bb]<\/p>\n<h2><strong>Employeurs et employ\u00e9s vont de pair<\/strong><\/h2>\n<p><strong><\/strong><\/p>\n<p>Qui dit entreprise florissante, dit aussi employeurs gestionnaires aguerris. En 2018, quatre employ\u00e9s de longue date entament le processus de rachat de l\u2019entreprise, pour en finaliser le transfert complet en 2021. \u00c9tant d\u00e9j\u00e0 sur le terrain, chacun apporte sa vision r\u00e9elle. Ils ne se lancent pas dans l\u2019inconnu. Ces quatre nouveaux propri\u00e9taires sont\u00a0: <strong>Michel Marceau (pr\u00e9sident directeur g\u00e9n\u00e9ral), Keven Jalbert (directeur de l\u2019Ing\u00e9nierie et D\u00e9veloppement), Jonathan Dup\u00e9r\u00e9 (directeur de l\u2019automatisation) et Jasmin Fortin (Directeur technique et D\u00e9veloppement)<\/strong>. Avec leur \u00e9quipe de <strong>plus de 60 employ\u00e9s<\/strong>, venant de tout le haut du Lac, ils sont toujours en mode innovation constante.<\/p>\n<p>Pour ces quatre nouveaux propri\u00e9taires, la mission, la vision et les valeurs de l\u2019entreprise sont d\u2019une importance capitale. Le personnel, c\u2019est la mati\u00e8re premi\u00e8re de l\u2019entreprise et cette mati\u00e8re premi\u00e8re humaine, n\u2019est pas renouvelable par automatisme. Michel Marceau ajoute : \u2018\u2019Nous sommes conscients qu\u2019aujourd\u2019hui, au travail, il faut y trouver plus qu\u2019un salaire. Faut y retrouver une satisfaction personnelle et sentir qu\u2019on fait une diff\u00e9rence par l\u2019apport de nos id\u00e9es et qu\u2019on trouve \u00e9coute \u00e0 nos besoins exprim\u00e9s\u2019\u2019.<\/p>\n<p>Comme dans une grande majorit\u00e9 d\u2019entreprises, des emplois sont disponibles dans plusieurs d\u00e9partements soit en\u00a0: soudure, commis aux pi\u00e8ces, g\u00e9nie m\u00e9canique, dessin industriel&#8230;<\/p>\n<p>Consultez leur site Internet pour les d\u00e9tails de ces offres au <span style=\"text-decoration: underline;\"><a href=\"https:\/\/inotechcanada.com\/\" target=\"_blank\" rel=\"noopener\">www.inotechcanada.com!<\/a><\/span><\/p>\n<p>[\/et_pb_text][\/et_pb_column][\/et_pb_row][et_pb_row _builder_version=\u00a0\u00bb4.17.4&Prime; _module_preset=\u00a0\u00bbdefault\u00a0\u00bb global_colors_info=\u00a0\u00bb{}\u00a0\u00bb][et_pb_column type=\u00a0\u00bb4_4&Prime; _builder_version=\u00a0\u00bb4.17.4&Prime; _module_preset=\u00a0\u00bbdefault\u00a0\u00bb global_colors_info=\u00a0\u00bb{}\u00a0\u00bb][et_pb_text _builder_version=\u00a0\u00bb4.17.4&Prime; _module_preset=\u00a0\u00bbdefault\u00a0\u00bb global_colors_info=\u00a0\u00bb{}\u00a0\u00bb]<\/p>\n<h3>Coordonn\u00e9es\u00a0:<\/h3>\n<p>Inotech Canada<br \/>1142 rue N\u00e9r\u00e9e Cloutier, Normandin<br \/><a href=\"tel:4182742282\" target=\"_blank\" rel=\"noopener\"><span style=\"text-decoration: underline;\">418\u00a0274-2282<\/span><\/a><br \/><span style=\"text-decoration: underline;\"><a href=\"mailto:mmarceau@inotechcanada.com\" target=\"_blank\" rel=\"noopener\">mmarceau@inotechcanada.com<\/a><\/span><br \/><a href=\"https:\/\/inotechcanada.com\/\" target=\"_blank\" rel=\"noopener\"><span style=\"text-decoration: underline;\">https:\/\/inotechcanada.com\/<\/span><\/a><\/p>\n<p>[\/et_pb_text][\/et_pb_column][\/et_pb_row][\/et_pb_section]<\/p>\n","protected":false},"excerpt":{"rendered":"<p>(Sur la photo : Jonathan Dup\u00e9r\u00e9, Michel Marceau, Jasmin Fortin, Keven Jalbert) Chez Inotech Canada, la devise est LE SUCC\u00c8S PAR L\u2019INNOVATION L\u2019an 2022 est une ann\u00e9e marquante pour Inotech [&hellip;]<\/p>\n","protected":false},"author":9,"featured_media":3735,"comment_status":"open","ping_status":"open","sticky":false,"template":"","format":"standard","meta":{"_et_pb_use_builder":"on","_et_pb_old_content":"","_et_gb_content_width":"","_lmt_disableupdate":"","_lmt_disable":"","_price":"","_stock":"","_tribe_ticket_header":"","_tribe_default_ticket_provider":"","_tribe_ticket_capacity":"0","_ticket_start_date":"","_ticket_end_date":"","_tribe_ticket_show_description":"","_tribe_ticket_show_not_going":false,"_tribe_ticket_use_global_stock":"","_tribe_ticket_global_stock_level":"","_global_stock_mode":"","_global_stock_cap":"","_tribe_rsvp_for_event":"","_tribe_ticket_going_count":"","_tribe_ticket_not_going_count":"","_tribe_tickets_list":"[]","_tribe_ticket_has_attendee_info_fields":false,"footnotes":""},"categories":[8,1],"tags":[],"class_list":["post-3734","post","type-post","status-publish","format-standard","has-post-thumbnail","hentry","category-entreprises-d-ici","category-articles-achat-local-extra-maria"],"yoast_head":"<!-- This site is optimized with the Yoast SEO Premium plugin v25.9 (Yoast SEO v28.4) - https:\/\/yoast.com\/product\/yoast-seo-premium-wordpress\/ -->\n<title>Inotech Canada d\u2019hier \u00e0 aujourd\u2019hui - Extra Maria<\/title>\n<meta name=\"description\" content=\"En 2022, Inotech Canada c\u00e9l\u00e8bre ses 40 ans d\u2019existence dans le domaine manufacturier au Saguenay-Lac-St-Jean.\" \/>\n<meta name=\"robots\" content=\"index, follow, max-snippet:-1, max-image-preview:large, max-video-preview:-1\" \/>\n<link rel=\"canonical\" href=\"https:\/\/devtntatelier.com\/jeremy\/inotech-canada-dhier-a-aujourdhui\/\" \/>\n<meta property=\"og:locale\" content=\"fr_FR\" \/>\n<meta property=\"og:type\" content=\"article\" \/>\n<meta property=\"og:title\" content=\"Inotech Canada d\u2019hier \u00e0 aujourd\u2019hui\" \/>\n<meta property=\"og:url\" content=\"https:\/\/devtntatelier.com\/jeremy\/inotech-canada-dhier-a-aujourdhui\/\" \/>\n<meta property=\"og:site_name\" content=\"Extra Maria\" \/>\n<meta property=\"article:published_time\" content=\"2022-06-09T19:07:07+00:00\" \/>\n<meta property=\"article:modified_time\" content=\"2022-06-09T21:48:40+00:00\" \/>\n<meta property=\"og:image\" content=\"https:\/\/devtntatelier.com\/jeremy\/wp-content\/uploads\/2022\/06\/inotech-canada-normandin-lac-saint-jean-1.jpg\" \/>\n\t<meta property=\"og:image:width\" content=\"1200\" \/>\n\t<meta property=\"og:image:height\" content=\"630\" \/>\n\t<meta property=\"og:image:type\" content=\"image\/jpeg\" \/>\n<meta name=\"author\" content=\"Nicole Bilodeau\" \/>\n<meta name=\"twitter:card\" content=\"summary_large_image\" \/>\n<meta name=\"twitter:label1\" content=\"\u00c9crit par\" \/>\n\t<meta name=\"twitter:data1\" content=\"Nicole Bilodeau\" \/>\n<script type=\"application\/ld+json\" class=\"yoast-schema-graph\">{\"@context\":\"https:\\\/\\\/schema.org\",\"@graph\":[{\"@type\":\"Article\",\"@id\":\"https:\\\/\\\/devtntatelier.com\\\/jeremy\\\/inotech-canada-dhier-a-aujourdhui\\\/#article\",\"isPartOf\":{\"@id\":\"https:\\\/\\\/devtntatelier.com\\\/jeremy\\\/inotech-canada-dhier-a-aujourdhui\\\/\"},\"author\":{\"name\":\"Nicole Bilodeau\",\"@id\":\"https:\\\/\\\/devtntatelier.com\\\/jeremy\\\/#\\\/schema\\\/person\\\/bc221c80cb45797d29731ad10a86ed28\"},\"headline\":\"Inotech Canada d\u2019hier \u00e0 aujourd\u2019hui\",\"datePublished\":\"2022-06-09T19:07:07+00:00\",\"dateModified\":\"2022-06-09T21:48:40+00:00\",\"mainEntityOfPage\":{\"@id\":\"https:\\\/\\\/devtntatelier.com\\\/jeremy\\\/inotech-canada-dhier-a-aujourdhui\\\/\"},\"wordCount\":879,\"commentCount\":0,\"image\":{\"@id\":\"https:\\\/\\\/devtntatelier.com\\\/jeremy\\\/inotech-canada-dhier-a-aujourdhui\\\/#primaryimage\"},\"thumbnailUrl\":\"https:\\\/\\\/devtntatelier.com\\\/jeremy\\\/wp-content\\\/uploads\\\/2022\\\/06\\\/inotech-canada-normandin-lac-saint-jean-1.webp\",\"articleSection\":[\"Entreprises d'ici\",\"Tous les articles\"],\"inLanguage\":\"fr-FR\",\"potentialAction\":[{\"@type\":\"CommentAction\",\"name\":\"Comment\",\"target\":[\"https:\\\/\\\/devtntatelier.com\\\/jeremy\\\/inotech-canada-dhier-a-aujourdhui\\\/#respond\"]}]},{\"@type\":\"WebPage\",\"@id\":\"https:\\\/\\\/devtntatelier.com\\\/jeremy\\\/inotech-canada-dhier-a-aujourdhui\\\/\",\"url\":\"https:\\\/\\\/devtntatelier.com\\\/jeremy\\\/inotech-canada-dhier-a-aujourdhui\\\/\",\"name\":\"Inotech Canada d\u2019hier \u00e0 aujourd\u2019hui - Extra Maria\",\"isPartOf\":{\"@id\":\"https:\\\/\\\/devtntatelier.com\\\/jeremy\\\/#website\"},\"primaryImageOfPage\":{\"@id\":\"https:\\\/\\\/devtntatelier.com\\\/jeremy\\\/inotech-canada-dhier-a-aujourdhui\\\/#primaryimage\"},\"image\":{\"@id\":\"https:\\\/\\\/devtntatelier.com\\\/jeremy\\\/inotech-canada-dhier-a-aujourdhui\\\/#primaryimage\"},\"thumbnailUrl\":\"https:\\\/\\\/devtntatelier.com\\\/jeremy\\\/wp-content\\\/uploads\\\/2022\\\/06\\\/inotech-canada-normandin-lac-saint-jean-1.webp\",\"datePublished\":\"2022-06-09T19:07:07+00:00\",\"dateModified\":\"2022-06-09T21:48:40+00:00\",\"author\":{\"@id\":\"https:\\\/\\\/devtntatelier.com\\\/jeremy\\\/#\\\/schema\\\/person\\\/bc221c80cb45797d29731ad10a86ed28\"},\"description\":\"En 2022, Inotech Canada c\u00e9l\u00e8bre ses 40 ans d\u2019existence dans le domaine manufacturier au Saguenay-Lac-St-Jean.\",\"breadcrumb\":{\"@id\":\"https:\\\/\\\/devtntatelier.com\\\/jeremy\\\/inotech-canada-dhier-a-aujourdhui\\\/#breadcrumb\"},\"inLanguage\":\"fr-FR\",\"potentialAction\":[{\"@type\":\"ReadAction\",\"target\":[\"https:\\\/\\\/devtntatelier.com\\\/jeremy\\\/inotech-canada-dhier-a-aujourdhui\\\/\"]}]},{\"@type\":\"ImageObject\",\"inLanguage\":\"fr-FR\",\"@id\":\"https:\\\/\\\/devtntatelier.com\\\/jeremy\\\/inotech-canada-dhier-a-aujourdhui\\\/#primaryimage\",\"url\":\"https:\\\/\\\/devtntatelier.com\\\/jeremy\\\/wp-content\\\/uploads\\\/2022\\\/06\\\/inotech-canada-normandin-lac-saint-jean-1.webp\",\"contentUrl\":\"https:\\\/\\\/devtntatelier.com\\\/jeremy\\\/wp-content\\\/uploads\\\/2022\\\/06\\\/inotech-canada-normandin-lac-saint-jean-1.webp\",\"width\":1200,\"height\":630},{\"@type\":\"BreadcrumbList\",\"@id\":\"https:\\\/\\\/devtntatelier.com\\\/jeremy\\\/inotech-canada-dhier-a-aujourdhui\\\/#breadcrumb\",\"itemListElement\":[{\"@type\":\"ListItem\",\"position\":1,\"name\":\"Accueil\",\"item\":\"https:\\\/\\\/devtntatelier.com\\\/jeremy\\\/\"},{\"@type\":\"ListItem\",\"position\":2,\"name\":\"Inotech Canada d\u2019hier \u00e0 aujourd\u2019hui\"}]},{\"@type\":\"WebSite\",\"@id\":\"https:\\\/\\\/devtntatelier.com\\\/jeremy\\\/#website\",\"url\":\"https:\\\/\\\/devtntatelier.com\\\/jeremy\\\/\",\"name\":\"Extra Maria\",\"description\":\"Blogue - D\u00e9couvertes locales et achat local\",\"potentialAction\":[{\"@type\":\"SearchAction\",\"target\":{\"@type\":\"EntryPoint\",\"urlTemplate\":\"https:\\\/\\\/devtntatelier.com\\\/jeremy\\\/?s={search_term_string}\"},\"query-input\":{\"@type\":\"PropertyValueSpecification\",\"valueRequired\":true,\"valueName\":\"search_term_string\"}}],\"inLanguage\":\"fr-FR\"},{\"@type\":\"Person\",\"@id\":\"https:\\\/\\\/devtntatelier.com\\\/jeremy\\\/#\\\/schema\\\/person\\\/bc221c80cb45797d29731ad10a86ed28\",\"name\":\"Nicole Bilodeau\",\"image\":{\"@type\":\"ImageObject\",\"inLanguage\":\"fr-FR\",\"@id\":\"https:\\\/\\\/secure.gravatar.com\\\/avatar\\\/2f2e9cbc8f08fb529dd00333cad2c0b4d20ff87b8a142224b079f0bd076f2281?s=96&d=mm&r=g\",\"url\":\"https:\\\/\\\/secure.gravatar.com\\\/avatar\\\/2f2e9cbc8f08fb529dd00333cad2c0b4d20ff87b8a142224b079f0bd076f2281?s=96&d=mm&r=g\",\"contentUrl\":\"https:\\\/\\\/secure.gravatar.com\\\/avatar\\\/2f2e9cbc8f08fb529dd00333cad2c0b4d20ff87b8a142224b079f0bd076f2281?s=96&d=mm&r=g\",\"caption\":\"Nicole Bilodeau\"},\"description\":\"Me d\u00e9crivant comme une femme d\u2019action, j\u2019aime quand les gestes pos\u00e9s, m\u00eame \u00e0 petite \u00e9chelle, sont porteurs de positif et ont un effet dynamique sur la collectivit\u00e9. J\u2019aime penser que nous avons tous une mission personnelle qui, en se propageant au communautaire, peut faire ressortir le meilleur de chacun, pour le bien de tous. Travailler pour la Chambre de commerce et d\u2019industrie du secteur Normandin est un travail tr\u00e8s diversifi\u00e9 et c\u2019est ce qui me motive. Tout comme ce qui fait la beaut\u00e9 du monde, c\u2019est sa diversit\u00e9! Un par un, nous sommes riches par nos diff\u00e9rences et nos apports au collectif. Agir au meilleur de mes connaissances et chercher \u00e0 en conna\u00eetre toujours un peu plus chaque jour nourrit mon quotidien.\",\"url\":\"https:\\\/\\\/devtntatelier.com\\\/jeremy\\\/author\\\/infoccinormandin-ca\\\/\"}]}<\/script>\n<!-- \/ Yoast SEO Premium plugin. -->","yoast_head_json":{"title":"Inotech Canada d\u2019hier \u00e0 aujourd\u2019hui - Extra Maria","description":"En 2022, Inotech Canada c\u00e9l\u00e8bre ses 40 ans d\u2019existence dans le domaine manufacturier au Saguenay-Lac-St-Jean.","robots":{"index":"index","follow":"follow","max-snippet":"max-snippet:-1","max-image-preview":"max-image-preview:large","max-video-preview":"max-video-preview:-1"},"canonical":"https:\/\/devtntatelier.com\/jeremy\/inotech-canada-dhier-a-aujourdhui\/","og_locale":"fr_FR","og_type":"article","og_title":"Inotech Canada d\u2019hier \u00e0 aujourd\u2019hui","og_url":"https:\/\/devtntatelier.com\/jeremy\/inotech-canada-dhier-a-aujourdhui\/","og_site_name":"Extra Maria","article_published_time":"2022-06-09T19:07:07+00:00","article_modified_time":"2022-06-09T21:48:40+00:00","og_image":[{"width":1200,"height":630,"url":"https:\/\/devtntatelier.com\/jeremy\/wp-content\/uploads\/2022\/06\/inotech-canada-normandin-lac-saint-jean-1.jpg","type":"image\/jpeg"}],"author":"Nicole Bilodeau","twitter_card":"summary_large_image","twitter_misc":{"\u00c9crit par":"Nicole Bilodeau"},"schema":{"@context":"https:\/\/schema.org","@graph":[{"@type":"Article","@id":"https:\/\/devtntatelier.com\/jeremy\/inotech-canada-dhier-a-aujourdhui\/#article","isPartOf":{"@id":"https:\/\/devtntatelier.com\/jeremy\/inotech-canada-dhier-a-aujourdhui\/"},"author":{"name":"Nicole Bilodeau","@id":"https:\/\/devtntatelier.com\/jeremy\/#\/schema\/person\/bc221c80cb45797d29731ad10a86ed28"},"headline":"Inotech Canada d\u2019hier \u00e0 aujourd\u2019hui","datePublished":"2022-06-09T19:07:07+00:00","dateModified":"2022-06-09T21:48:40+00:00","mainEntityOfPage":{"@id":"https:\/\/devtntatelier.com\/jeremy\/inotech-canada-dhier-a-aujourdhui\/"},"wordCount":879,"commentCount":0,"image":{"@id":"https:\/\/devtntatelier.com\/jeremy\/inotech-canada-dhier-a-aujourdhui\/#primaryimage"},"thumbnailUrl":"https:\/\/devtntatelier.com\/jeremy\/wp-content\/uploads\/2022\/06\/inotech-canada-normandin-lac-saint-jean-1.webp","articleSection":["Entreprises d'ici","Tous les articles"],"inLanguage":"fr-FR","potentialAction":[{"@type":"CommentAction","name":"Comment","target":["https:\/\/devtntatelier.com\/jeremy\/inotech-canada-dhier-a-aujourdhui\/#respond"]}]},{"@type":"WebPage","@id":"https:\/\/devtntatelier.com\/jeremy\/inotech-canada-dhier-a-aujourdhui\/","url":"https:\/\/devtntatelier.com\/jeremy\/inotech-canada-dhier-a-aujourdhui\/","name":"Inotech Canada d\u2019hier \u00e0 aujourd\u2019hui - Extra Maria","isPartOf":{"@id":"https:\/\/devtntatelier.com\/jeremy\/#website"},"primaryImageOfPage":{"@id":"https:\/\/devtntatelier.com\/jeremy\/inotech-canada-dhier-a-aujourdhui\/#primaryimage"},"image":{"@id":"https:\/\/devtntatelier.com\/jeremy\/inotech-canada-dhier-a-aujourdhui\/#primaryimage"},"thumbnailUrl":"https:\/\/devtntatelier.com\/jeremy\/wp-content\/uploads\/2022\/06\/inotech-canada-normandin-lac-saint-jean-1.webp","datePublished":"2022-06-09T19:07:07+00:00","dateModified":"2022-06-09T21:48:40+00:00","author":{"@id":"https:\/\/devtntatelier.com\/jeremy\/#\/schema\/person\/bc221c80cb45797d29731ad10a86ed28"},"description":"En 2022, Inotech Canada c\u00e9l\u00e8bre ses 40 ans d\u2019existence dans le domaine manufacturier au Saguenay-Lac-St-Jean.","breadcrumb":{"@id":"https:\/\/devtntatelier.com\/jeremy\/inotech-canada-dhier-a-aujourdhui\/#breadcrumb"},"inLanguage":"fr-FR","potentialAction":[{"@type":"ReadAction","target":["https:\/\/devtntatelier.com\/jeremy\/inotech-canada-dhier-a-aujourdhui\/"]}]},{"@type":"ImageObject","inLanguage":"fr-FR","@id":"https:\/\/devtntatelier.com\/jeremy\/inotech-canada-dhier-a-aujourdhui\/#primaryimage","url":"https:\/\/devtntatelier.com\/jeremy\/wp-content\/uploads\/2022\/06\/inotech-canada-normandin-lac-saint-jean-1.webp","contentUrl":"https:\/\/devtntatelier.com\/jeremy\/wp-content\/uploads\/2022\/06\/inotech-canada-normandin-lac-saint-jean-1.webp","width":1200,"height":630},{"@type":"BreadcrumbList","@id":"https:\/\/devtntatelier.com\/jeremy\/inotech-canada-dhier-a-aujourdhui\/#breadcrumb","itemListElement":[{"@type":"ListItem","position":1,"name":"Accueil","item":"https:\/\/devtntatelier.com\/jeremy\/"},{"@type":"ListItem","position":2,"name":"Inotech Canada d\u2019hier \u00e0 aujourd\u2019hui"}]},{"@type":"WebSite","@id":"https:\/\/devtntatelier.com\/jeremy\/#website","url":"https:\/\/devtntatelier.com\/jeremy\/","name":"Extra Maria","description":"Blogue - D\u00e9couvertes locales et achat local","potentialAction":[{"@type":"SearchAction","target":{"@type":"EntryPoint","urlTemplate":"https:\/\/devtntatelier.com\/jeremy\/?s={search_term_string}"},"query-input":{"@type":"PropertyValueSpecification","valueRequired":true,"valueName":"search_term_string"}}],"inLanguage":"fr-FR"},{"@type":"Person","@id":"https:\/\/devtntatelier.com\/jeremy\/#\/schema\/person\/bc221c80cb45797d29731ad10a86ed28","name":"Nicole Bilodeau","image":{"@type":"ImageObject","inLanguage":"fr-FR","@id":"https:\/\/secure.gravatar.com\/avatar\/2f2e9cbc8f08fb529dd00333cad2c0b4d20ff87b8a142224b079f0bd076f2281?s=96&d=mm&r=g","url":"https:\/\/secure.gravatar.com\/avatar\/2f2e9cbc8f08fb529dd00333cad2c0b4d20ff87b8a142224b079f0bd076f2281?s=96&d=mm&r=g","contentUrl":"https:\/\/secure.gravatar.com\/avatar\/2f2e9cbc8f08fb529dd00333cad2c0b4d20ff87b8a142224b079f0bd076f2281?s=96&d=mm&r=g","caption":"Nicole Bilodeau"},"description":"Me d\u00e9crivant comme une femme d\u2019action, j\u2019aime quand les gestes pos\u00e9s, m\u00eame \u00e0 petite \u00e9chelle, sont porteurs de positif et ont un effet dynamique sur la collectivit\u00e9. J\u2019aime penser que nous avons tous une mission personnelle qui, en se propageant au communautaire, peut faire ressortir le meilleur de chacun, pour le bien de tous. Travailler pour la Chambre de commerce et d\u2019industrie du secteur Normandin est un travail tr\u00e8s diversifi\u00e9 et c\u2019est ce qui me motive. Tout comme ce qui fait la beaut\u00e9 du monde, c\u2019est sa diversit\u00e9! Un par un, nous sommes riches par nos diff\u00e9rences et nos apports au collectif. Agir au meilleur de mes connaissances et chercher \u00e0 en conna\u00eetre toujours un peu plus chaque jour nourrit mon quotidien.","url":"https:\/\/devtntatelier.com\/jeremy\/author\/infoccinormandin-ca\/"}]}},"modified_by":"Am\u00e9lia Fromage","_links":{"self":[{"href":"https:\/\/devtntatelier.com\/jeremy\/wp-json\/wp\/v2\/posts\/3734","targetHints":{"allow":["GET"]}}],"collection":[{"href":"https:\/\/devtntatelier.com\/jeremy\/wp-json\/wp\/v2\/posts"}],"about":[{"href":"https:\/\/devtntatelier.com\/jeremy\/wp-json\/wp\/v2\/types\/post"}],"author":[{"embeddable":true,"href":"https:\/\/devtntatelier.com\/jeremy\/wp-json\/wp\/v2\/users\/9"}],"replies":[{"embeddable":true,"href":"https:\/\/devtntatelier.com\/jeremy\/wp-json\/wp\/v2\/comments?post=3734"}],"version-history":[{"count":0,"href":"https:\/\/devtntatelier.com\/jeremy\/wp-json\/wp\/v2\/posts\/3734\/revisions"}],"wp:featuredmedia":[{"embeddable":true,"href":"https:\/\/devtntatelier.com\/jeremy\/wp-json\/wp\/v2\/media\/3735"}],"wp:attachment":[{"href":"https:\/\/devtntatelier.com\/jeremy\/wp-json\/wp\/v2\/media?parent=3734"}],"wp:term":[{"taxonomy":"category","embeddable":true,"href":"https:\/\/devtntatelier.com\/jeremy\/wp-json\/wp\/v2\/categories?post=3734"},{"taxonomy":"post_tag","embeddable":true,"href":"https:\/\/devtntatelier.com\/jeremy\/wp-json\/wp\/v2\/tags?post=3734"}],"curies":[{"name":"wp","href":"https:\/\/api.w.org\/{rel}","templated":true}]}}