{"id":3617,"date":"2022-06-01T16:03:19","date_gmt":"2022-06-01T20:03:19","guid":{"rendered":"https:\/\/devtntatelier.com\/jeremy\/?p=3617"},"modified":"2022-06-01T16:08:22","modified_gmt":"2022-06-01T20:08:22","slug":"quoi-visiter-peribonka-lac-saint-jean","status":"publish","type":"post","link":"https:\/\/devtntatelier.com\/jeremy\/quoi-visiter-peribonka-lac-saint-jean\/","title":{"rendered":"Viens faire un tour \u00e0 P\u00e9ribonka!"},"content":{"rendered":"\n[et_pb_section fb_built=\u00a0\u00bb1&Prime; _builder_version=\u00a0\u00bb4.17.4&Prime; _module_preset=\u00a0\u00bbdefault\u00a0\u00bb global_colors_info=\u00a0\u00bb{}\u00a0\u00bb][et_pb_row _builder_version=\u00a0\u00bb4.17.4&Prime; _module_preset=\u00a0\u00bbdefault\u00a0\u00bb global_colors_info=\u00a0\u00bb{}\u00a0\u00bb][et_pb_column type=\u00a0\u00bb4_4&Prime; _builder_version=\u00a0\u00bb4.17.4&Prime; _module_preset=\u00a0\u00bbdefault\u00a0\u00bb global_colors_info=\u00a0\u00bb{}\u00a0\u00bb][et_pb_text _builder_version=\u00a0\u00bb4.17.4&Prime; _module_preset=\u00a0\u00bbdefault\u00a0\u00bb hover_enabled=\u00a0\u00bb0&Prime; global_colors_info=\u00a0\u00bb{}\u00a0\u00bb sticky_enabled=\u00a0\u00bb0&Prime;]<h1>C\u2019est avec une toute nouvelle image de marque que <strong>Tourisme P\u00e9ribonka<\/strong> nous d\u00e9voile sa programmation estivale<\/h1>\n<p>Anciennement connue sous le nom de la Corporation de soutien \u00e9conomique de P\u00e9ribonka (COSEP), cet OBNL, dont le C.A. est compos\u00e9 principalement de r\u00e9sidentes et de r\u00e9sidents du village de P\u00e9ribonka, a pour mission de d\u00e9velopper, de g\u00e9rer et de promouvoir les attraits et les infrastructures r\u00e9cr\u00e9otouristiques de cette localit\u00e9 situ\u00e9e aux abords de la rivi\u00e8re P\u00e9ribonka. Le tout est judicieusement orchestr\u00e9 de main de ma\u00eetre par Mme. Patricia Caouette, coordonnatrice du tourisme et des loisirs. C\u2019est d\u2019ailleurs avec elle que j\u2019ai pu d\u00e9couvrir ce qui attendait les r\u00e9sidents et les vacanciers cet \u00e9t\u00e9 au c\u0153ur de la municipalit\u00e9.<\/p>[\/et_pb_text][\/et_pb_column][\/et_pb_row][et_pb_row _builder_version=\u00a0\u00bb4.17.4&Prime; _module_preset=\u00a0\u00bbdefault\u00a0\u00bb global_colors_info=\u00a0\u00bb{}\u00a0\u00bb][et_pb_column type=\u00a0\u00bb4_4&Prime; _builder_version=\u00a0\u00bb4.17.4&Prime; _module_preset=\u00a0\u00bbdefault\u00a0\u00bb global_colors_info=\u00a0\u00bb{}\u00a0\u00bb][et_pb_text _builder_version=\u00a0\u00bb4.17.4&Prime; _module_preset=\u00a0\u00bbdefault\u00a0\u00bb hover_enabled=\u00a0\u00bb0&Prime; global_colors_info=\u00a0\u00bb{}\u00a0\u00bb sticky_enabled=\u00a0\u00bb0&Prime;]<h2><strong>De la grande nouveaut\u00e9 \u00e0 Espace P\u00e9ribonka!<\/strong><\/h2>\n<p>Depuis plusieurs ann\u00e9es, Tourisme P\u00e9ribonka ch\u00e9rissait le projet d\u2019avoir un bar laitier dans le village et c\u2019est maintenant un r\u00eave devenu r\u00e9alit\u00e9 gr\u00e2ce \u00e0 la fabuleuse collaboration de Madame Caroline Thibeault, de l\u2019entreprise autrefois bien connue <em>Le Palais Glac\u00e9.<\/em><\/p>\n<p>En attendant l\u2019inauguration officielle de la b\u00e2tisse Espace P\u00e9ribonka, d\u2019ailleurs presque termin\u00e9e, vous pourrez vous d\u00e9lecter \u00e0 la <strong>Cr\u00e9merie P\u00e9ri<\/strong>, qui sera situ\u00e9e au rez-de-chauss\u00e9e du presbyt\u00e8re. Avec ses gelatos, ses sorbets et ses th\u00e9s aux perles<em> (bubble tea)<\/em>, la cr\u00e9merie vous fera vivre une belle exp\u00e9rience gustative avec ses excellentes douceurs glac\u00e9es. Il y aura m\u00eame un coin pour les produits r\u00e9gionaux, de quoi faire de bonnes trouvailles du terroir!<\/p>\n<p>Pour ce qui est du c\u00e9l\u00e8bre Mus\u00e9e Louis-H\u00e9mon, une exposition temporaire prendra place dans la nouvelle b\u00e2tisse \u00abEspace P\u00e9ribonka\u00bb \u00e0 l\u2019\u00e9t\u00e9 2022. Surveillez les dates et l\u2019horaire exactes sur leur page Facebook. L\u2019exposition <em>Maria Chapdelaine, v\u00e9rit\u00e9s et mensonges<\/em> pourra \u00e9galement \u00eatre accessible \u00e0 l\u2019ancien Mus\u00e9e tout au long de l\u2019\u00e9t\u00e9. Vous devez toutefois r\u00e9server en appelant directement au Mus\u00e9e afin de planifier votre visite au 418\u00a0374-2177.<\/p>[\/et_pb_text][\/et_pb_column][\/et_pb_row][et_pb_row _builder_version=\u00a0\u00bb4.17.4&Prime; _module_preset=\u00a0\u00bbdefault\u00a0\u00bb global_colors_info=\u00a0\u00bb{}\u00a0\u00bb][et_pb_column type=\u00a0\u00bb4_4&Prime; _builder_version=\u00a0\u00bb4.17.4&Prime; _module_preset=\u00a0\u00bbdefault\u00a0\u00bb global_colors_info=\u00a0\u00bb{}\u00a0\u00bb][et_pb_text _builder_version=\u00a0\u00bb4.17.4&Prime; _module_preset=\u00a0\u00bbdefault\u00a0\u00bb hover_enabled=\u00a0\u00bb0&Prime; global_colors_info=\u00a0\u00bb{}\u00a0\u00bb sticky_enabled=\u00a0\u00bb0&Prime;]<h2><strong>Un camping pour tous les voyageurs<\/strong><\/h2>\n<p>Depuis plusieurs ann\u00e9es, le camping\u00a0municipal de P\u00e9ribonka est l\u2019attrait principal du village, avec ses 110 emplacements, dont plusieurs sont occup\u00e9s par des saisonniers. Offrant notamment un terrain de mini golf, une piscine chauff\u00e9e, des jeux d\u2019eau, un parc\u00a0pour les enfants et plus encore, beaucoup de plaisir vous attend sur le terrain situ\u00e9 \u00e0 proximit\u00e9 de la for\u00eat, mais aussi pr\u00e8s du cours d\u2019eau qui fait la renomm\u00e9e des lieux.<\/p>\n<p>Afin de bonifier l\u2019offre d\u00e9j\u00e0 existante, 2 nouvelles tentes de pr\u00eat-\u00e0-camper ont \u00e9t\u00e9 install\u00e9es cette ann\u00e9e. Ces derni\u00e8res s\u2019ajoutent donc aux 5 autres en place, qui ont \u00e9t\u00e9 chang\u00e9es l\u2019an dernier. Ces petits campements tout \u00e9quip\u00e9s plaisent \u00e0 quiconque n\u2019a pas envie de trimballer des \u00e9quipements pour le camping! Tout est d\u00e9j\u00e0 en place et le bloc sanitaire se trouve \u00e0 proximit\u00e9.<\/p>\n<p>Dans le m\u00eame ordre d\u2019id\u00e9e, les 4 chalets enti\u00e8rement \u00e9quip\u00e9s sont \u00e9galement appr\u00e9ci\u00e9s des amateurs de \u00abglamping\u00bb, une tendance qui allie le glamour et le camping en offrant les commodit\u00e9s d\u2019une chambre d\u2019h\u00f4tel, tout en gardant le charme de la nature. \u00a0De quoi plaire \u00e0 tous!<\/p>\n<p>Pour obtenir des informations ou pour faire une r\u00e9servation, appelez directement au camping ou visitez le site campin.ca.<\/p>[\/et_pb_text][\/et_pb_column][\/et_pb_row][et_pb_row _builder_version=\u00a0\u00bb4.17.4&Prime; _module_preset=\u00a0\u00bbdefault\u00a0\u00bb][et_pb_column _builder_version=\u00a0\u00bb4.17.4&Prime; _module_preset=\u00a0\u00bbdefault\u00a0\u00bb type=\u00a0\u00bb4_4&Prime;][et_pb_image src=\u00a0\u00bbhttps:\/\/devtntatelier.com\/jeremy\/wp-content\/uploads\/2022\/06\/chalet-camping-peribonka.jpg\u00a0\u00bb _builder_version=\u00a0\u00bb4.17.4&Prime; _module_preset=\u00a0\u00bbdefault\u00a0\u00bb title_text=\u00a0\u00bbchalet-camping-peribonka\u00a0\u00bb hover_enabled=\u00a0\u00bb0&Prime; sticky_enabled=\u00a0\u00bb0&Prime;][\/et_pb_image][\/et_pb_column][\/et_pb_row][et_pb_row _builder_version=\u00a0\u00bb4.17.4&Prime; _module_preset=\u00a0\u00bbdefault\u00a0\u00bb global_colors_info=\u00a0\u00bb{}\u00a0\u00bb][et_pb_column type=\u00a0\u00bb4_4&Prime; _builder_version=\u00a0\u00bb4.17.4&Prime; _module_preset=\u00a0\u00bbdefault\u00a0\u00bb global_colors_info=\u00a0\u00bb{}\u00a0\u00bb][et_pb_text _builder_version=\u00a0\u00bb4.17.4&Prime; _module_preset=\u00a0\u00bbdefault\u00a0\u00bb hover_enabled=\u00a0\u00bb0&Prime; global_colors_info=\u00a0\u00bb{}\u00a0\u00bb sticky_enabled=\u00a0\u00bb0&Prime;]<h2><strong>La marina et les plaisirs nautiques<\/strong><\/h2>\n<p>Les plaisanciers voulant profiter des joies de la navigation seront encore une fois bien servis \u00e0 la marina de P\u00e9ribonka, avec ses 55 places \u00e0 quai, dont 5 sont r\u00e9serv\u00e9es aux visiteurs. Les employ\u00e9s vous accueilleront et vous accosteront de 9h \u00e0 19h en haute saison. Tous les navigateurs sont donc les bienvenus pour y d\u00e9couvrir un secteur exceptionnel aux couchers de soleil majestueux!<\/p>\n<p>La location de kayak et de planche \u00e0 rame est aussi offerte, sous r\u00e9serve de la m\u00e9t\u00e9o et de l\u2019exp\u00e9rience des utilisateurs. Il vaut mieux s\u2019informer et appeler \u00e0 la marina avant de se d\u00e9placer afin de s\u2019assurer de leur disponibilit\u00e9.<\/p>\n<p>Toujours tr\u00e8s populaire, il est aussi possible d\u2019embarquer \u00e0 bord de la navette nautique\u00a0\u00a0 \u00ab Le P\u00e9ribonka \u00bb, qui peut accueillir 12 cyclistes ou pi\u00e9tons. Cette embarcation reliant les rives de la municipalit\u00e9 et le parc national de Pointe-Taillon vous permet de p\u00e9daler directement sur la piste cyclable de Pointe-Chevrette ou d\u2019aller camper sur l\u2019\u00cele Bouliane.<\/p>\n<p>Pour conna\u00eetre l\u2019horaire de passage de la navette et les tarifs, ou encore pour r\u00e9server un quai visiteur, consultez le <a href=\"https:\/\/www.peribonka.ca\">www.peribonka.ca<\/a>. Vous pouvez aussi appeler directement \u00e0 la marina au (418) 374-1001.<\/p>[\/et_pb_text][\/et_pb_column][\/et_pb_row][et_pb_row _builder_version=\u00a0\u00bb4.17.4&Prime; _module_preset=\u00a0\u00bbdefault\u00a0\u00bb][et_pb_column _builder_version=\u00a0\u00bb4.17.4&Prime; _module_preset=\u00a0\u00bbdefault\u00a0\u00bb type=\u00a0\u00bb4_4&Prime;][et_pb_image src=\u00a0\u00bbhttps:\/\/devtntatelier.com\/jeremy\/wp-content\/uploads\/2022\/06\/marina-peribonka.jpg\u00a0\u00bb _builder_version=\u00a0\u00bb4.17.4&Prime; _module_preset=\u00a0\u00bbdefault\u00a0\u00bb title_text=\u00a0\u00bbmarina-peribonka\u00a0\u00bb hover_enabled=\u00a0\u00bb0&Prime; sticky_enabled=\u00a0\u00bb0&Prime;][\/et_pb_image][\/et_pb_column][\/et_pb_row][et_pb_row _builder_version=\u00a0\u00bb4.17.4&Prime; _module_preset=\u00a0\u00bbdefault\u00a0\u00bb global_colors_info=\u00a0\u00bb{}\u00a0\u00bb][et_pb_column type=\u00a0\u00bb4_4&Prime; _builder_version=\u00a0\u00bb4.17.4&Prime; _module_preset=\u00a0\u00bbdefault\u00a0\u00bb global_colors_info=\u00a0\u00bb{}\u00a0\u00bb][et_pb_text _builder_version=\u00a0\u00bb4.17.4&Prime; _module_preset=\u00a0\u00bbdefault\u00a0\u00bb hover_enabled=\u00a0\u00bb0&Prime; global_colors_info=\u00a0\u00bb{}\u00a0\u00bb sticky_enabled=\u00a0\u00bb0&Prime;]<h2><strong>Bistr\u2019eau Pub P\u00e9ribonka\u00a0: manque de main d\u2019\u0153uvre qui compromet l\u2019ouverture du restaurant<\/strong><\/h2>\n<p>Au moment d\u2019\u00e9crire ces lignes, tout est incertain quant \u00e0 l\u2019ouverture estivale du<em> Bistr\u2019eau Pub P\u00e9ribonka<\/em>, populaire restaurant du village. La raison est bien simple\u00a0: la main d\u2019\u0153uvre se fait rare. Le restaurant, qui voulait revenir \u00e0 une formule plus traditionnelle avec un service aux tables, est toujours \u00e0 recruter du personnel pour assurer l\u2019ouverture. D\u2019ailleurs, il est toujours possible de poser votre candidature \u00e0 l\u2019adresse courriel suivante : tourisme@peribonka.ca.<\/p>[\/et_pb_text][\/et_pb_column][\/et_pb_row][et_pb_row _builder_version=\u00a0\u00bb4.17.4&Prime; _module_preset=\u00a0\u00bbdefault\u00a0\u00bb][et_pb_column _builder_version=\u00a0\u00bb4.17.4&Prime; _module_preset=\u00a0\u00bbdefault\u00a0\u00bb type=\u00a0\u00bb4_4&Prime;][et_pb_image src=\u00a0\u00bbhttps:\/\/devtntatelier.com\/jeremy\/wp-content\/uploads\/2022\/06\/bitreau-peribonka-restaurant.jpg\u00a0\u00bb _builder_version=\u00a0\u00bb4.17.4&Prime; _module_preset=\u00a0\u00bbdefault\u00a0\u00bb title_text=\u00a0\u00bbbitreau-peribonka-restaurant\u00a0\u00bb hover_enabled=\u00a0\u00bb0&Prime; sticky_enabled=\u00a0\u00bb0&Prime;][\/et_pb_image][\/et_pb_column][\/et_pb_row][et_pb_row _builder_version=\u00a0\u00bb4.17.4&Prime; _module_preset=\u00a0\u00bbdefault\u00a0\u00bb global_colors_info=\u00a0\u00bb{}\u00a0\u00bb][et_pb_column type=\u00a0\u00bb4_4&Prime; _builder_version=\u00a0\u00bb4.17.4&Prime; _module_preset=\u00a0\u00bbdefault\u00a0\u00bb global_colors_info=\u00a0\u00bb{}\u00a0\u00bb][et_pb_text _builder_version=\u00a0\u00bb4.17.4&Prime; _module_preset=\u00a0\u00bbdefault\u00a0\u00bb hover_enabled=\u00a0\u00bb0&Prime; global_colors_info=\u00a0\u00bb{}\u00a0\u00bb sticky_enabled=\u00a0\u00bb0&Prime;]<h2><strong>Festival<\/strong> <strong><em>\u00c0 l\u2019eau P\u00e9ribonka<\/em><\/strong><\/h2>\n<p>M\u00eame s\u2019il n\u2019est pas chapeaut\u00e9 par <em>Tourisme P\u00e9ribonka<\/em>, il est important de souligner le retour du festival <em>\u00c0 l\u2019Eau P\u00e9ribonka<\/em> et la Travers\u00e9e internationale du lac Saint-Jean, qui se tiendront du 28 au 30 juillet. Restez inform\u00e9s afin de ne rien manquer!<\/p>\n<p>Il n\u2019y a pas \u00e0 dire, <em>Tourisme P\u00e9ribonka<\/em> met tout en \u0153uvre pour offrir un milieu de vie dynamique et stimulant en mettant en place des infrastructures touristiques qui plairont \u00e0 toutes et \u00e0 tous!<\/p>\n<p>Au plaisir de vous y voir cet \u00e9t\u00e9!<\/p>[\/et_pb_text][\/et_pb_column][\/et_pb_row][et_pb_row _builder_version=\u00a0\u00bb4.17.4&Prime; _module_preset=\u00a0\u00bbdefault\u00a0\u00bb][et_pb_column _builder_version=\u00a0\u00bb4.17.4&Prime; _module_preset=\u00a0\u00bbdefault\u00a0\u00bb type=\u00a0\u00bb4_4&Prime;][et_pb_image src=\u00a0\u00bbhttps:\/\/devtntatelier.com\/jeremy\/wp-content\/uploads\/2022\/06\/festival-a-l-eau-peribonka.jpg\u00a0\u00bb _builder_version=\u00a0\u00bb4.17.4&Prime; _module_preset=\u00a0\u00bbdefault\u00a0\u00bb title_text=\u00a0\u00bbfestival-a-l-eau-peribonka\u00a0\u00bb hover_enabled=\u00a0\u00bb0&Prime; sticky_enabled=\u00a0\u00bb0&Prime;][\/et_pb_image][\/et_pb_column][\/et_pb_row][\/et_pb_section]\n","protected":false},"excerpt":{"rendered":"<p>C\u2019est avec une toute nouvelle image de marque que Tourisme P\u00e9ribonka nous d\u00e9voile sa programmation estivale Anciennement connue sous le nom de la Corporation de soutien \u00e9conomique de P\u00e9ribonka (COSEP), [&hellip;]<\/p>\n","protected":false},"author":22,"featured_media":3625,"comment_status":"closed","ping_status":"closed","sticky":false,"template":"","format":"standard","meta":{"_et_pb_use_builder":"on","_et_pb_old_content":"","_et_gb_content_width":"","_lmt_disableupdate":"","_lmt_disable":"","_price":"","_stock":"","_tribe_ticket_header":"","_tribe_default_ticket_provider":"","_tribe_ticket_capacity":"0","_ticket_start_date":"","_ticket_end_date":"","_tribe_ticket_show_description":"","_tribe_ticket_show_not_going":false,"_tribe_ticket_use_global_stock":"","_tribe_ticket_global_stock_level":"","_global_stock_mode":"","_global_stock_cap":"","_tribe_rsvp_for_event":"","_tribe_ticket_going_count":"","_tribe_ticket_not_going_count":"","_tribe_tickets_list":"[]","_tribe_ticket_has_attendee_info_fields":false,"footnotes":""},"categories":[4,1],"tags":[],"class_list":["post-3617","post","type-post","status-publish","format-standard","has-post-thumbnail","hentry","category-tendance","category-articles-achat-local-extra-maria"],"yoast_head":"<!-- This site is optimized with the Yoast SEO Premium plugin v25.9 (Yoast SEO v28.4) - https:\/\/yoast.com\/product\/yoast-seo-premium-wordpress\/ -->\n<title>Viens faire un tour \u00e0 P\u00e9ribonka! - Extra Maria<\/title>\n<meta name=\"robots\" content=\"index, follow, max-snippet:-1, max-image-preview:large, max-video-preview:-1\" \/>\n<link rel=\"canonical\" href=\"https:\/\/devtntatelier.com\/jeremy\/quoi-visiter-peribonka-lac-saint-jean\/\" \/>\n<meta property=\"og:locale\" content=\"fr_FR\" \/>\n<meta property=\"og:type\" content=\"article\" \/>\n<meta property=\"og:title\" content=\"Viens faire un tour \u00e0 P\u00e9ribonka!\" \/>\n<meta property=\"og:url\" content=\"https:\/\/devtntatelier.com\/jeremy\/quoi-visiter-peribonka-lac-saint-jean\/\" \/>\n<meta property=\"og:site_name\" content=\"Extra Maria\" \/>\n<meta property=\"article:published_time\" content=\"2022-06-01T20:03:19+00:00\" \/>\n<meta property=\"article:modified_time\" content=\"2022-06-01T20:08:22+00:00\" \/>\n<meta property=\"og:image\" content=\"https:\/\/devtntatelier.com\/jeremy\/wp-content\/uploads\/2022\/06\/municipalite-peribonka-lac-saint-jean.jpg\" \/>\n\t<meta property=\"og:image:width\" content=\"1200\" \/>\n\t<meta property=\"og:image:height\" content=\"630\" \/>\n\t<meta property=\"og:image:type\" content=\"image\/jpeg\" \/>\n<meta name=\"author\" content=\"V\u00e9ronique Asselin\" \/>\n<meta name=\"twitter:card\" content=\"summary_large_image\" \/>\n<meta name=\"twitter:label1\" content=\"\u00c9crit par\" \/>\n\t<meta name=\"twitter:data1\" content=\"V\u00e9ronique Asselin\" \/>\n\t<meta name=\"twitter:label2\" content=\"Dur\u00e9e de lecture estim\u00e9e\" \/>\n\t<meta name=\"twitter:data2\" content=\"6 minutes\" \/>\n<script type=\"application\/ld+json\" class=\"yoast-schema-graph\">{\"@context\":\"https:\\\/\\\/schema.org\",\"@graph\":[{\"@type\":\"Article\",\"@id\":\"https:\\\/\\\/devtntatelier.com\\\/jeremy\\\/quoi-visiter-peribonka-lac-saint-jean\\\/#article\",\"isPartOf\":{\"@id\":\"https:\\\/\\\/devtntatelier.com\\\/jeremy\\\/quoi-visiter-peribonka-lac-saint-jean\\\/\"},\"author\":{\"name\":\"V\u00e9ronique Asselin\",\"@id\":\"https:\\\/\\\/devtntatelier.com\\\/jeremy\\\/#\\\/schema\\\/person\\\/d8531d5f621e15873a41d221e3f919d3\"},\"headline\":\"Viens faire un tour \u00e0 P\u00e9ribonka!\",\"datePublished\":\"2022-06-01T20:03:19+00:00\",\"dateModified\":\"2022-06-01T20:08:22+00:00\",\"mainEntityOfPage\":{\"@id\":\"https:\\\/\\\/devtntatelier.com\\\/jeremy\\\/quoi-visiter-peribonka-lac-saint-jean\\\/\"},\"wordCount\":1488,\"image\":{\"@id\":\"https:\\\/\\\/devtntatelier.com\\\/jeremy\\\/quoi-visiter-peribonka-lac-saint-jean\\\/#primaryimage\"},\"thumbnailUrl\":\"https:\\\/\\\/devtntatelier.com\\\/jeremy\\\/wp-content\\\/uploads\\\/2022\\\/06\\\/municipalite-peribonka-lac-saint-jean.jpg\",\"articleSection\":[\"Tendance\",\"Tous les articles\"],\"inLanguage\":\"fr-FR\"},{\"@type\":\"WebPage\",\"@id\":\"https:\\\/\\\/devtntatelier.com\\\/jeremy\\\/quoi-visiter-peribonka-lac-saint-jean\\\/\",\"url\":\"https:\\\/\\\/devtntatelier.com\\\/jeremy\\\/quoi-visiter-peribonka-lac-saint-jean\\\/\",\"name\":\"Viens faire un tour \u00e0 P\u00e9ribonka! - Extra Maria\",\"isPartOf\":{\"@id\":\"https:\\\/\\\/devtntatelier.com\\\/jeremy\\\/#website\"},\"primaryImageOfPage\":{\"@id\":\"https:\\\/\\\/devtntatelier.com\\\/jeremy\\\/quoi-visiter-peribonka-lac-saint-jean\\\/#primaryimage\"},\"image\":{\"@id\":\"https:\\\/\\\/devtntatelier.com\\\/jeremy\\\/quoi-visiter-peribonka-lac-saint-jean\\\/#primaryimage\"},\"thumbnailUrl\":\"https:\\\/\\\/devtntatelier.com\\\/jeremy\\\/wp-content\\\/uploads\\\/2022\\\/06\\\/municipalite-peribonka-lac-saint-jean.jpg\",\"datePublished\":\"2022-06-01T20:03:19+00:00\",\"dateModified\":\"2022-06-01T20:08:22+00:00\",\"author\":{\"@id\":\"https:\\\/\\\/devtntatelier.com\\\/jeremy\\\/#\\\/schema\\\/person\\\/d8531d5f621e15873a41d221e3f919d3\"},\"breadcrumb\":{\"@id\":\"https:\\\/\\\/devtntatelier.com\\\/jeremy\\\/quoi-visiter-peribonka-lac-saint-jean\\\/#breadcrumb\"},\"inLanguage\":\"fr-FR\",\"potentialAction\":[{\"@type\":\"ReadAction\",\"target\":[\"https:\\\/\\\/devtntatelier.com\\\/jeremy\\\/quoi-visiter-peribonka-lac-saint-jean\\\/\"]}]},{\"@type\":\"ImageObject\",\"inLanguage\":\"fr-FR\",\"@id\":\"https:\\\/\\\/devtntatelier.com\\\/jeremy\\\/quoi-visiter-peribonka-lac-saint-jean\\\/#primaryimage\",\"url\":\"https:\\\/\\\/devtntatelier.com\\\/jeremy\\\/wp-content\\\/uploads\\\/2022\\\/06\\\/municipalite-peribonka-lac-saint-jean.jpg\",\"contentUrl\":\"https:\\\/\\\/devtntatelier.com\\\/jeremy\\\/wp-content\\\/uploads\\\/2022\\\/06\\\/municipalite-peribonka-lac-saint-jean.jpg\",\"width\":1200,\"height\":630,\"caption\":\"Quoi faire \u00e0 P\u00e9ribonka ?\"},{\"@type\":\"BreadcrumbList\",\"@id\":\"https:\\\/\\\/devtntatelier.com\\\/jeremy\\\/quoi-visiter-peribonka-lac-saint-jean\\\/#breadcrumb\",\"itemListElement\":[{\"@type\":\"ListItem\",\"position\":1,\"name\":\"Accueil\",\"item\":\"https:\\\/\\\/devtntatelier.com\\\/jeremy\\\/\"},{\"@type\":\"ListItem\",\"position\":2,\"name\":\"Viens faire un tour \u00e0 P\u00e9ribonka!\"}]},{\"@type\":\"WebSite\",\"@id\":\"https:\\\/\\\/devtntatelier.com\\\/jeremy\\\/#website\",\"url\":\"https:\\\/\\\/devtntatelier.com\\\/jeremy\\\/\",\"name\":\"Extra Maria\",\"description\":\"Blogue - D\u00e9couvertes locales et achat local\",\"potentialAction\":[{\"@type\":\"SearchAction\",\"target\":{\"@type\":\"EntryPoint\",\"urlTemplate\":\"https:\\\/\\\/devtntatelier.com\\\/jeremy\\\/?s={search_term_string}\"},\"query-input\":{\"@type\":\"PropertyValueSpecification\",\"valueRequired\":true,\"valueName\":\"search_term_string\"}}],\"inLanguage\":\"fr-FR\"},{\"@type\":\"Person\",\"@id\":\"https:\\\/\\\/devtntatelier.com\\\/jeremy\\\/#\\\/schema\\\/person\\\/d8531d5f621e15873a41d221e3f919d3\",\"name\":\"V\u00e9ronique Asselin\",\"image\":{\"@type\":\"ImageObject\",\"inLanguage\":\"fr-FR\",\"@id\":\"https:\\\/\\\/secure.gravatar.com\\\/avatar\\\/aec92c5b424efdc356ddd6ef6d9c1d424dbb81a3c15e9889bc052145a8618879?s=96&d=mm&r=g\",\"url\":\"https:\\\/\\\/secure.gravatar.com\\\/avatar\\\/aec92c5b424efdc356ddd6ef6d9c1d424dbb81a3c15e9889bc052145a8618879?s=96&d=mm&r=g\",\"contentUrl\":\"https:\\\/\\\/secure.gravatar.com\\\/avatar\\\/aec92c5b424efdc356ddd6ef6d9c1d424dbb81a3c15e9889bc052145a8618879?s=96&d=mm&r=g\",\"caption\":\"V\u00e9ronique Asselin\"},\"description\":\"Je suis maman, enseignante de fran\u00e7ais et amoureuse des mots depuis toujours! Passionn\u00e9e de voyage, de cuisine et de la culture, j\u2019aime aller \u00e0 la rencontre des autres et d\u00e9couvrir ce qu\u2019ils ont \u00e0 offrir. C\u2019est pourquoi je suis heureuse de vous faire d\u00e9couvrir ou red\u00e9couvrir celles et ceux qui animent notre MRC : les entrepreneurs d\u2019ici!\",\"url\":\"https:\\\/\\\/devtntatelier.com\\\/jeremy\\\/author\\\/veronique-asselin\\\/\"}]}<\/script>\n<!-- \/ Yoast SEO Premium plugin. -->","yoast_head_json":{"title":"Viens faire un tour \u00e0 P\u00e9ribonka! - Extra Maria","robots":{"index":"index","follow":"follow","max-snippet":"max-snippet:-1","max-image-preview":"max-image-preview:large","max-video-preview":"max-video-preview:-1"},"canonical":"https:\/\/devtntatelier.com\/jeremy\/quoi-visiter-peribonka-lac-saint-jean\/","og_locale":"fr_FR","og_type":"article","og_title":"Viens faire un tour \u00e0 P\u00e9ribonka!","og_url":"https:\/\/devtntatelier.com\/jeremy\/quoi-visiter-peribonka-lac-saint-jean\/","og_site_name":"Extra Maria","article_published_time":"2022-06-01T20:03:19+00:00","article_modified_time":"2022-06-01T20:08:22+00:00","og_image":[{"width":1200,"height":630,"url":"https:\/\/devtntatelier.com\/jeremy\/wp-content\/uploads\/2022\/06\/municipalite-peribonka-lac-saint-jean.jpg","type":"image\/jpeg"}],"author":"V\u00e9ronique Asselin","twitter_card":"summary_large_image","twitter_misc":{"\u00c9crit par":"V\u00e9ronique Asselin","Dur\u00e9e de lecture estim\u00e9e":"6 minutes"},"schema":{"@context":"https:\/\/schema.org","@graph":[{"@type":"Article","@id":"https:\/\/devtntatelier.com\/jeremy\/quoi-visiter-peribonka-lac-saint-jean\/#article","isPartOf":{"@id":"https:\/\/devtntatelier.com\/jeremy\/quoi-visiter-peribonka-lac-saint-jean\/"},"author":{"name":"V\u00e9ronique Asselin","@id":"https:\/\/devtntatelier.com\/jeremy\/#\/schema\/person\/d8531d5f621e15873a41d221e3f919d3"},"headline":"Viens faire un tour \u00e0 P\u00e9ribonka!","datePublished":"2022-06-01T20:03:19+00:00","dateModified":"2022-06-01T20:08:22+00:00","mainEntityOfPage":{"@id":"https:\/\/devtntatelier.com\/jeremy\/quoi-visiter-peribonka-lac-saint-jean\/"},"wordCount":1488,"image":{"@id":"https:\/\/devtntatelier.com\/jeremy\/quoi-visiter-peribonka-lac-saint-jean\/#primaryimage"},"thumbnailUrl":"https:\/\/devtntatelier.com\/jeremy\/wp-content\/uploads\/2022\/06\/municipalite-peribonka-lac-saint-jean.jpg","articleSection":["Tendance","Tous les articles"],"inLanguage":"fr-FR"},{"@type":"WebPage","@id":"https:\/\/devtntatelier.com\/jeremy\/quoi-visiter-peribonka-lac-saint-jean\/","url":"https:\/\/devtntatelier.com\/jeremy\/quoi-visiter-peribonka-lac-saint-jean\/","name":"Viens faire un tour \u00e0 P\u00e9ribonka! - Extra Maria","isPartOf":{"@id":"https:\/\/devtntatelier.com\/jeremy\/#website"},"primaryImageOfPage":{"@id":"https:\/\/devtntatelier.com\/jeremy\/quoi-visiter-peribonka-lac-saint-jean\/#primaryimage"},"image":{"@id":"https:\/\/devtntatelier.com\/jeremy\/quoi-visiter-peribonka-lac-saint-jean\/#primaryimage"},"thumbnailUrl":"https:\/\/devtntatelier.com\/jeremy\/wp-content\/uploads\/2022\/06\/municipalite-peribonka-lac-saint-jean.jpg","datePublished":"2022-06-01T20:03:19+00:00","dateModified":"2022-06-01T20:08:22+00:00","author":{"@id":"https:\/\/devtntatelier.com\/jeremy\/#\/schema\/person\/d8531d5f621e15873a41d221e3f919d3"},"breadcrumb":{"@id":"https:\/\/devtntatelier.com\/jeremy\/quoi-visiter-peribonka-lac-saint-jean\/#breadcrumb"},"inLanguage":"fr-FR","potentialAction":[{"@type":"ReadAction","target":["https:\/\/devtntatelier.com\/jeremy\/quoi-visiter-peribonka-lac-saint-jean\/"]}]},{"@type":"ImageObject","inLanguage":"fr-FR","@id":"https:\/\/devtntatelier.com\/jeremy\/quoi-visiter-peribonka-lac-saint-jean\/#primaryimage","url":"https:\/\/devtntatelier.com\/jeremy\/wp-content\/uploads\/2022\/06\/municipalite-peribonka-lac-saint-jean.jpg","contentUrl":"https:\/\/devtntatelier.com\/jeremy\/wp-content\/uploads\/2022\/06\/municipalite-peribonka-lac-saint-jean.jpg","width":1200,"height":630,"caption":"Quoi faire \u00e0 P\u00e9ribonka ?"},{"@type":"BreadcrumbList","@id":"https:\/\/devtntatelier.com\/jeremy\/quoi-visiter-peribonka-lac-saint-jean\/#breadcrumb","itemListElement":[{"@type":"ListItem","position":1,"name":"Accueil","item":"https:\/\/devtntatelier.com\/jeremy\/"},{"@type":"ListItem","position":2,"name":"Viens faire un tour \u00e0 P\u00e9ribonka!"}]},{"@type":"WebSite","@id":"https:\/\/devtntatelier.com\/jeremy\/#website","url":"https:\/\/devtntatelier.com\/jeremy\/","name":"Extra Maria","description":"Blogue - D\u00e9couvertes locales et achat local","potentialAction":[{"@type":"SearchAction","target":{"@type":"EntryPoint","urlTemplate":"https:\/\/devtntatelier.com\/jeremy\/?s={search_term_string}"},"query-input":{"@type":"PropertyValueSpecification","valueRequired":true,"valueName":"search_term_string"}}],"inLanguage":"fr-FR"},{"@type":"Person","@id":"https:\/\/devtntatelier.com\/jeremy\/#\/schema\/person\/d8531d5f621e15873a41d221e3f919d3","name":"V\u00e9ronique Asselin","image":{"@type":"ImageObject","inLanguage":"fr-FR","@id":"https:\/\/secure.gravatar.com\/avatar\/aec92c5b424efdc356ddd6ef6d9c1d424dbb81a3c15e9889bc052145a8618879?s=96&d=mm&r=g","url":"https:\/\/secure.gravatar.com\/avatar\/aec92c5b424efdc356ddd6ef6d9c1d424dbb81a3c15e9889bc052145a8618879?s=96&d=mm&r=g","contentUrl":"https:\/\/secure.gravatar.com\/avatar\/aec92c5b424efdc356ddd6ef6d9c1d424dbb81a3c15e9889bc052145a8618879?s=96&d=mm&r=g","caption":"V\u00e9ronique Asselin"},"description":"Je suis maman, enseignante de fran\u00e7ais et amoureuse des mots depuis toujours! Passionn\u00e9e de voyage, de cuisine et de la culture, j\u2019aime aller \u00e0 la rencontre des autres et d\u00e9couvrir ce qu\u2019ils ont \u00e0 offrir. C\u2019est pourquoi je suis heureuse de vous faire d\u00e9couvrir ou red\u00e9couvrir celles et ceux qui animent notre MRC : les entrepreneurs d\u2019ici!","url":"https:\/\/devtntatelier.com\/jeremy\/author\/veronique-asselin\/"}]}},"modified_by":"Am\u00e9lia Fromage","_links":{"self":[{"href":"https:\/\/devtntatelier.com\/jeremy\/wp-json\/wp\/v2\/posts\/3617","targetHints":{"allow":["GET"]}}],"collection":[{"href":"https:\/\/devtntatelier.com\/jeremy\/wp-json\/wp\/v2\/posts"}],"about":[{"href":"https:\/\/devtntatelier.com\/jeremy\/wp-json\/wp\/v2\/types\/post"}],"author":[{"embeddable":true,"href":"https:\/\/devtntatelier.com\/jeremy\/wp-json\/wp\/v2\/users\/22"}],"replies":[{"embeddable":true,"href":"https:\/\/devtntatelier.com\/jeremy\/wp-json\/wp\/v2\/comments?post=3617"}],"version-history":[{"count":0,"href":"https:\/\/devtntatelier.com\/jeremy\/wp-json\/wp\/v2\/posts\/3617\/revisions"}],"wp:featuredmedia":[{"embeddable":true,"href":"https:\/\/devtntatelier.com\/jeremy\/wp-json\/wp\/v2\/media\/3625"}],"wp:attachment":[{"href":"https:\/\/devtntatelier.com\/jeremy\/wp-json\/wp\/v2\/media?parent=3617"}],"wp:term":[{"taxonomy":"category","embeddable":true,"href":"https:\/\/devtntatelier.com\/jeremy\/wp-json\/wp\/v2\/categories?post=3617"},{"taxonomy":"post_tag","embeddable":true,"href":"https:\/\/devtntatelier.com\/jeremy\/wp-json\/wp\/v2\/tags?post=3617"}],"curies":[{"name":"wp","href":"https:\/\/api.w.org\/{rel}","templated":true}]}}