{"id":3456,"date":"2022-04-15T10:36:11","date_gmt":"2022-04-15T14:36:11","guid":{"rendered":"https:\/\/devtntatelier.com\/jeremy\/?p=3456"},"modified":"2022-04-15T10:38:37","modified_gmt":"2022-04-15T14:38:37","slug":"l-ecole-notre-dame-de-lourdes-de-girardville-accueille-un-atelier-de-lutins","status":"publish","type":"post","link":"https:\/\/devtntatelier.com\/jeremy\/l-ecole-notre-dame-de-lourdes-de-girardville-accueille-un-atelier-de-lutins\/","title":{"rendered":"Cette ann\u00e9e, l&rsquo;\u00e9cole Notre-Dame-de-Lourdes de Girardville a accueilli un atelier de lutins!"},"content":{"rendered":"\n\n[et_pb_section fb_built=\u00a0\u00bb1&Prime; _builder_version=\u00a0\u00bb4.16.1&Prime; _module_preset=\u00a0\u00bbdefault\u00a0\u00bb global_colors_info=\u00a0\u00bb{}\u00a0\u00bb][et_pb_row _builder_version=\u00a0\u00bb4.16.1&Prime; _module_preset=\u00a0\u00bbdefault\u00a0\u00bb global_colors_info=\u00a0\u00bb{}\u00a0\u00bb][et_pb_column type=\u00a0\u00bb4_4&Prime; _builder_version=\u00a0\u00bb4.16.1&Prime; _module_preset=\u00a0\u00bbdefault\u00a0\u00bb global_colors_info=\u00a0\u00bb{}\u00a0\u00bb][et_pb_text _builder_version=\u00a0\u00bb4.16.1&Prime; _module_preset=\u00a0\u00bbdefault\u00a0\u00bb hover_enabled=\u00a0\u00bb0&Prime; global_colors_info=\u00a0\u00bb{}\u00a0\u00bb sticky_enabled=\u00a0\u00bb0&Prime;]<h1>L\u2019\u00e9cole Notre-Dame-de-Lourdes de Girardville accueille un atelier de lutins!<\/h1>\n<p><span>Chaque ann\u00e9e, le volet scolaire du D\u00e9fi OSEntreprendre met en lumi\u00e8re les diff\u00e9rents <strong>projets d\u2019entrepreneuriat<\/strong> r\u00e9alis\u00e9s dans les \u00e9coles. Un jury analyse les candidatures et nomme des laur\u00e9ats pour chacune des cat\u00e9gories. Pr\u00e9cisons\u00a0qu\u2019un projet entrepreneurial scolaire n\u2019implique pas toujours la vente de produits ou de services, mais doit plut\u00f4t combler un besoin du milieu tout en permettant aux \u00e9l\u00e8ves de d\u00e9velopper diff\u00e9rentes qualit\u00e9s entrepreneuriales\u00a0comme la cr\u00e9ativit\u00e9, la pers\u00e9v\u00e9rance, la d\u00e9brouillardise, le travail d\u2019\u00e9quipe, etc.<\/span><\/p>\n<h2><span>Des cartes et \u00e9tiquettes faits main pour No\u00ebl 2021<\/span><\/h2>\n<p>Avec la pr\u00e9sence de la Maison du P\u00e8re No\u00ebl \u00e0 Girardville, il n\u2019est pas \u00e9tonnant que cette municipalit\u00e9 accueille \u00e9galement des lutins! En effet, 38 \u00e9l\u00e8ves de l\u2019\u00e9cole primaire Notre-Dame-de-Lourdes qui fr\u00e9quentent le service de garde de l\u2019\u00e9tablissement ont transform\u00e9 le local en fabrique de cartes et d\u2019\u00e9tiquettes de No\u00ebl!<\/p>\n<h2>Dimension \u00e9cologique pour le projet<\/h2>\n<p>Dans les semaines pr\u00e9c\u00e9dant le cong\u00e9 des F\u00eates, les lutins et des membres du personnel se sont mobilis\u00e9s pour confectionner des dizaines de cartes et d\u2019\u00e9tiquettes cadeaux originales, toutes diff\u00e9rentes les unes des autres. Ils ont m\u00eame donn\u00e9 une dimension \u00e9cologique au projet en r\u00e9cup\u00e9rant du carton inutilis\u00e9 pour fabriquer les \u00e9tiquettes cadeaux.<\/p>\n<h2>Qualit\u00e9s entrepreneuriales d\u00e9velopp\u00e9es chez les jeunes<\/h2>\n<p>Gr\u00e2ce \u00e0 ce projet, les petits lutins ont pu d\u00e9velopper non seulement leur cr\u00e9ativit\u00e9, mais \u00e9galement leur engagement et leur pers\u00e9v\u00e9rance. Ils ont aussi pu constater que le travail d\u2019\u00e9quipe donnait de bons r\u00e9sultats et permettait d\u2019offrir des produits de qualit\u00e9.<\/p>\n<h2>Succ\u00e8s pour la vente des cartes et \u00e9tiquettes<\/h2>\n<p>Les cartes et \u00e9tiquettes cr\u00e9\u00e9es au service de garde ont \u00e9t\u00e9 vendues aux familles des \u00e9l\u00e8ves ainsi qu\u2019aux membres du personnel de l\u2019\u00e9cole. Devant le succ\u00e8s remport\u00e9 par cette activit\u00e9, l\u2019atelier des lutins sera fort probablement de retour dans les prochaines ann\u00e9es!<\/p>\n<p>\u00ab Le projet pourra devenir une tradition de l\u2019\u00e9cole. En d\u00e9butant la confection plus t\u00f4t, il pourra \u00eatre possible d\u2019offrir les produits \u00e0 toute la population de la municipalit\u00e9 lors du march\u00e9 de No\u00ebl \u00bb, souligne la responsable du service de garde de l\u2019\u00e9cole Notre-Dame-de-Lourdes, M<sup>me<\/sup> Carolle Lalancette.<\/p>\n<p>&nbsp;<\/p>\n<h3>F\u00e9licitations \u00e0 M<sup>me<\/sup> Lalancette et aux \u00e9l\u00e8ves du service de garde pour ce projet mobilisateur!<\/h3>[\/et_pb_text][\/et_pb_column][\/et_pb_row][\/et_pb_section]\n\n","protected":false},"excerpt":{"rendered":"<p>L\u2019\u00e9cole Notre-Dame-de-Lourdes de Girardville accueille un atelier de lutins! Chaque ann\u00e9e, le volet scolaire du D\u00e9fi OSEntreprendre met en lumi\u00e8re les diff\u00e9rents projets d\u2019entrepreneuriat r\u00e9alis\u00e9s dans les \u00e9coles. Un jury [&hellip;]<\/p>\n","protected":false},"author":12,"featured_media":3463,"comment_status":"open","ping_status":"open","sticky":false,"template":"","format":"standard","meta":{"_et_pb_use_builder":"on","_et_pb_old_content":"","_et_gb_content_width":"","_lmt_disableupdate":"","_lmt_disable":"","_price":"","_stock":"","_tribe_ticket_header":"","_tribe_default_ticket_provider":"","_tribe_ticket_capacity":"0","_ticket_start_date":"","_ticket_end_date":"","_tribe_ticket_show_description":"","_tribe_ticket_show_not_going":false,"_tribe_ticket_use_global_stock":"","_tribe_ticket_global_stock_level":"","_global_stock_mode":"","_global_stock_cap":"","_tribe_rsvp_for_event":"","_tribe_ticket_going_count":"","_tribe_ticket_not_going_count":"","_tribe_tickets_list":"[]","_tribe_ticket_has_attendee_info_fields":false,"footnotes":""},"categories":[9,1],"tags":[],"class_list":["post-3456","post","type-post","status-publish","format-standard","has-post-thumbnail","hentry","category-jeunes-en-action","category-articles-achat-local-extra-maria"],"yoast_head":"<!-- This site is optimized with the Yoast SEO Premium plugin v25.9 (Yoast SEO v28.4) - https:\/\/yoast.com\/product\/yoast-seo-premium-wordpress\/ -->\n<title>Projet entrepreneurial \u00e0 l&#039;\u00e9cole Notre-Dame-de-Lourdes de Girardville<\/title>\n<meta name=\"description\" content=\"Cette ann\u00e9e, l&#039;\u00e9cole Notre-Dame-de-Lourdes de Girardville a accueilli un atelier de lutins avant No\u00ebl 2021!\" \/>\n<meta name=\"robots\" content=\"index, follow, max-snippet:-1, max-image-preview:large, max-video-preview:-1\" \/>\n<link rel=\"canonical\" href=\"https:\/\/devtntatelier.com\/jeremy\/l-ecole-notre-dame-de-lourdes-de-girardville-accueille-un-atelier-de-lutins\/\" \/>\n<meta property=\"og:locale\" content=\"fr_FR\" \/>\n<meta property=\"og:type\" content=\"article\" \/>\n<meta property=\"og:title\" content=\"Cette ann\u00e9e, l&#039;\u00e9cole Notre-Dame-de-Lourdes de Girardville a accueilli un atelier de lutins!\" \/>\n<meta property=\"og:url\" content=\"https:\/\/devtntatelier.com\/jeremy\/l-ecole-notre-dame-de-lourdes-de-girardville-accueille-un-atelier-de-lutins\/\" \/>\n<meta property=\"og:site_name\" content=\"Extra Maria\" \/>\n<meta property=\"article:published_time\" content=\"2022-04-15T14:36:11+00:00\" \/>\n<meta property=\"article:modified_time\" content=\"2022-04-15T14:38:37+00:00\" \/>\n<meta property=\"og:image\" content=\"https:\/\/devtntatelier.com\/jeremy\/wp-content\/uploads\/2022\/04\/Sans-titre-89.jpg\" \/>\n\t<meta property=\"og:image:width\" content=\"1200\" \/>\n\t<meta property=\"og:image:height\" content=\"630\" \/>\n\t<meta property=\"og:image:type\" content=\"image\/jpeg\" \/>\n<meta name=\"author\" content=\"Marie-\u00c8ve Bernard\" \/>\n<meta name=\"twitter:card\" content=\"summary_large_image\" \/>\n<meta name=\"twitter:label1\" content=\"\u00c9crit par\" \/>\n\t<meta name=\"twitter:data1\" content=\"Marie-\u00c8ve Bernard\" \/>\n\t<meta name=\"twitter:label2\" content=\"Dur\u00e9e de lecture estim\u00e9e\" \/>\n\t<meta name=\"twitter:data2\" content=\"2 minutes\" \/>\n<script type=\"application\/ld+json\" class=\"yoast-schema-graph\">{\"@context\":\"https:\\\/\\\/schema.org\",\"@graph\":[{\"@type\":\"Article\",\"@id\":\"https:\\\/\\\/devtntatelier.com\\\/jeremy\\\/l-ecole-notre-dame-de-lourdes-de-girardville-accueille-un-atelier-de-lutins\\\/#article\",\"isPartOf\":{\"@id\":\"https:\\\/\\\/devtntatelier.com\\\/jeremy\\\/l-ecole-notre-dame-de-lourdes-de-girardville-accueille-un-atelier-de-lutins\\\/\"},\"author\":{\"name\":\"Marie-\u00c8ve Bernard\",\"@id\":\"https:\\\/\\\/devtntatelier.com\\\/jeremy\\\/#\\\/schema\\\/person\\\/1d2872bff5ce51a73c836591a2e19720\"},\"headline\":\"Cette ann\u00e9e, l&rsquo;\u00e9cole Notre-Dame-de-Lourdes de Girardville a accueilli un atelier de lutins!\",\"datePublished\":\"2022-04-15T14:36:11+00:00\",\"dateModified\":\"2022-04-15T14:38:37+00:00\",\"mainEntityOfPage\":{\"@id\":\"https:\\\/\\\/devtntatelier.com\\\/jeremy\\\/l-ecole-notre-dame-de-lourdes-de-girardville-accueille-un-atelier-de-lutins\\\/\"},\"wordCount\":502,\"commentCount\":0,\"image\":{\"@id\":\"https:\\\/\\\/devtntatelier.com\\\/jeremy\\\/l-ecole-notre-dame-de-lourdes-de-girardville-accueille-un-atelier-de-lutins\\\/#primaryimage\"},\"thumbnailUrl\":\"https:\\\/\\\/devtntatelier.com\\\/jeremy\\\/wp-content\\\/uploads\\\/2022\\\/04\\\/Sans-titre-89.jpg\",\"articleSection\":[\"Jeunes en action\",\"Tous les articles\"],\"inLanguage\":\"fr-FR\",\"potentialAction\":[{\"@type\":\"CommentAction\",\"name\":\"Comment\",\"target\":[\"https:\\\/\\\/devtntatelier.com\\\/jeremy\\\/l-ecole-notre-dame-de-lourdes-de-girardville-accueille-un-atelier-de-lutins\\\/#respond\"]}]},{\"@type\":\"WebPage\",\"@id\":\"https:\\\/\\\/devtntatelier.com\\\/jeremy\\\/l-ecole-notre-dame-de-lourdes-de-girardville-accueille-un-atelier-de-lutins\\\/\",\"url\":\"https:\\\/\\\/devtntatelier.com\\\/jeremy\\\/l-ecole-notre-dame-de-lourdes-de-girardville-accueille-un-atelier-de-lutins\\\/\",\"name\":\"Projet entrepreneurial \u00e0 l'\u00e9cole Notre-Dame-de-Lourdes de Girardville\",\"isPartOf\":{\"@id\":\"https:\\\/\\\/devtntatelier.com\\\/jeremy\\\/#website\"},\"primaryImageOfPage\":{\"@id\":\"https:\\\/\\\/devtntatelier.com\\\/jeremy\\\/l-ecole-notre-dame-de-lourdes-de-girardville-accueille-un-atelier-de-lutins\\\/#primaryimage\"},\"image\":{\"@id\":\"https:\\\/\\\/devtntatelier.com\\\/jeremy\\\/l-ecole-notre-dame-de-lourdes-de-girardville-accueille-un-atelier-de-lutins\\\/#primaryimage\"},\"thumbnailUrl\":\"https:\\\/\\\/devtntatelier.com\\\/jeremy\\\/wp-content\\\/uploads\\\/2022\\\/04\\\/Sans-titre-89.jpg\",\"datePublished\":\"2022-04-15T14:36:11+00:00\",\"dateModified\":\"2022-04-15T14:38:37+00:00\",\"author\":{\"@id\":\"https:\\\/\\\/devtntatelier.com\\\/jeremy\\\/#\\\/schema\\\/person\\\/1d2872bff5ce51a73c836591a2e19720\"},\"description\":\"Cette ann\u00e9e, l'\u00e9cole Notre-Dame-de-Lourdes de Girardville a accueilli un atelier de lutins avant No\u00ebl 2021!\",\"breadcrumb\":{\"@id\":\"https:\\\/\\\/devtntatelier.com\\\/jeremy\\\/l-ecole-notre-dame-de-lourdes-de-girardville-accueille-un-atelier-de-lutins\\\/#breadcrumb\"},\"inLanguage\":\"fr-FR\",\"potentialAction\":[{\"@type\":\"ReadAction\",\"target\":[\"https:\\\/\\\/devtntatelier.com\\\/jeremy\\\/l-ecole-notre-dame-de-lourdes-de-girardville-accueille-un-atelier-de-lutins\\\/\"]}]},{\"@type\":\"ImageObject\",\"inLanguage\":\"fr-FR\",\"@id\":\"https:\\\/\\\/devtntatelier.com\\\/jeremy\\\/l-ecole-notre-dame-de-lourdes-de-girardville-accueille-un-atelier-de-lutins\\\/#primaryimage\",\"url\":\"https:\\\/\\\/devtntatelier.com\\\/jeremy\\\/wp-content\\\/uploads\\\/2022\\\/04\\\/Sans-titre-89.jpg\",\"contentUrl\":\"https:\\\/\\\/devtntatelier.com\\\/jeremy\\\/wp-content\\\/uploads\\\/2022\\\/04\\\/Sans-titre-89.jpg\",\"width\":1200,\"height\":630},{\"@type\":\"BreadcrumbList\",\"@id\":\"https:\\\/\\\/devtntatelier.com\\\/jeremy\\\/l-ecole-notre-dame-de-lourdes-de-girardville-accueille-un-atelier-de-lutins\\\/#breadcrumb\",\"itemListElement\":[{\"@type\":\"ListItem\",\"position\":1,\"name\":\"Accueil\",\"item\":\"https:\\\/\\\/devtntatelier.com\\\/jeremy\\\/\"},{\"@type\":\"ListItem\",\"position\":2,\"name\":\"Cette ann\u00e9e, l&#8217;\u00e9cole Notre-Dame-de-Lourdes de Girardville a accueilli un atelier de lutins!\"}]},{\"@type\":\"WebSite\",\"@id\":\"https:\\\/\\\/devtntatelier.com\\\/jeremy\\\/#website\",\"url\":\"https:\\\/\\\/devtntatelier.com\\\/jeremy\\\/\",\"name\":\"Extra Maria\",\"description\":\"Blogue - D\u00e9couvertes locales et achat local\",\"potentialAction\":[{\"@type\":\"SearchAction\",\"target\":{\"@type\":\"EntryPoint\",\"urlTemplate\":\"https:\\\/\\\/devtntatelier.com\\\/jeremy\\\/?s={search_term_string}\"},\"query-input\":{\"@type\":\"PropertyValueSpecification\",\"valueRequired\":true,\"valueName\":\"search_term_string\"}}],\"inLanguage\":\"fr-FR\"},{\"@type\":\"Person\",\"@id\":\"https:\\\/\\\/devtntatelier.com\\\/jeremy\\\/#\\\/schema\\\/person\\\/1d2872bff5ce51a73c836591a2e19720\",\"name\":\"Marie-\u00c8ve Bernard\",\"image\":{\"@type\":\"ImageObject\",\"inLanguage\":\"fr-FR\",\"@id\":\"https:\\\/\\\/secure.gravatar.com\\\/avatar\\\/a2d7ebb0c67fe37f105c8d51b8442ec46116d9a933397ac9dc2ba4738a91032d?s=96&d=mm&r=g\",\"url\":\"https:\\\/\\\/secure.gravatar.com\\\/avatar\\\/a2d7ebb0c67fe37f105c8d51b8442ec46116d9a933397ac9dc2ba4738a91032d?s=96&d=mm&r=g\",\"contentUrl\":\"https:\\\/\\\/secure.gravatar.com\\\/avatar\\\/a2d7ebb0c67fe37f105c8d51b8442ec46116d9a933397ac9dc2ba4738a91032d?s=96&d=mm&r=g\",\"caption\":\"Marie-\u00c8ve Bernard\"},\"description\":\"En tant que conseill\u00e8re en communication au Centre de services scolaire du Pays-des-Bleuets, l\u2019un de mes r\u00f4les est de promouvoir et de valoriser les bons coups des \u00e9l\u00e8ves et des membres du personnel. Gr\u00e2ce au blogue de la SADC Maria-Chapdelaine, je vous ferai d\u00e9couvrir des projets entrepreneuriaux mis en place dans les \u00e9coles de la MRC. L\u00e0 o\u00f9 on d\u00e9veloppe l\u2019esprit entrepreneurial de notre rel\u00e8ve!\",\"url\":\"https:\\\/\\\/devtntatelier.com\\\/jeremy\\\/author\\\/extramarieevegmail-com\\\/\"}]}<\/script>\n<!-- \/ Yoast SEO Premium plugin. -->","yoast_head_json":{"title":"Projet entrepreneurial \u00e0 l'\u00e9cole Notre-Dame-de-Lourdes de Girardville","description":"Cette ann\u00e9e, l'\u00e9cole Notre-Dame-de-Lourdes de Girardville a accueilli un atelier de lutins avant No\u00ebl 2021!","robots":{"index":"index","follow":"follow","max-snippet":"max-snippet:-1","max-image-preview":"max-image-preview:large","max-video-preview":"max-video-preview:-1"},"canonical":"https:\/\/devtntatelier.com\/jeremy\/l-ecole-notre-dame-de-lourdes-de-girardville-accueille-un-atelier-de-lutins\/","og_locale":"fr_FR","og_type":"article","og_title":"Cette ann\u00e9e, l'\u00e9cole Notre-Dame-de-Lourdes de Girardville a accueilli un atelier de lutins!","og_url":"https:\/\/devtntatelier.com\/jeremy\/l-ecole-notre-dame-de-lourdes-de-girardville-accueille-un-atelier-de-lutins\/","og_site_name":"Extra Maria","article_published_time":"2022-04-15T14:36:11+00:00","article_modified_time":"2022-04-15T14:38:37+00:00","og_image":[{"width":1200,"height":630,"url":"https:\/\/devtntatelier.com\/jeremy\/wp-content\/uploads\/2022\/04\/Sans-titre-89.jpg","type":"image\/jpeg"}],"author":"Marie-\u00c8ve Bernard","twitter_card":"summary_large_image","twitter_misc":{"\u00c9crit par":"Marie-\u00c8ve Bernard","Dur\u00e9e de lecture estim\u00e9e":"2 minutes"},"schema":{"@context":"https:\/\/schema.org","@graph":[{"@type":"Article","@id":"https:\/\/devtntatelier.com\/jeremy\/l-ecole-notre-dame-de-lourdes-de-girardville-accueille-un-atelier-de-lutins\/#article","isPartOf":{"@id":"https:\/\/devtntatelier.com\/jeremy\/l-ecole-notre-dame-de-lourdes-de-girardville-accueille-un-atelier-de-lutins\/"},"author":{"name":"Marie-\u00c8ve Bernard","@id":"https:\/\/devtntatelier.com\/jeremy\/#\/schema\/person\/1d2872bff5ce51a73c836591a2e19720"},"headline":"Cette ann\u00e9e, l&rsquo;\u00e9cole Notre-Dame-de-Lourdes de Girardville a accueilli un atelier de lutins!","datePublished":"2022-04-15T14:36:11+00:00","dateModified":"2022-04-15T14:38:37+00:00","mainEntityOfPage":{"@id":"https:\/\/devtntatelier.com\/jeremy\/l-ecole-notre-dame-de-lourdes-de-girardville-accueille-un-atelier-de-lutins\/"},"wordCount":502,"commentCount":0,"image":{"@id":"https:\/\/devtntatelier.com\/jeremy\/l-ecole-notre-dame-de-lourdes-de-girardville-accueille-un-atelier-de-lutins\/#primaryimage"},"thumbnailUrl":"https:\/\/devtntatelier.com\/jeremy\/wp-content\/uploads\/2022\/04\/Sans-titre-89.jpg","articleSection":["Jeunes en action","Tous les articles"],"inLanguage":"fr-FR","potentialAction":[{"@type":"CommentAction","name":"Comment","target":["https:\/\/devtntatelier.com\/jeremy\/l-ecole-notre-dame-de-lourdes-de-girardville-accueille-un-atelier-de-lutins\/#respond"]}]},{"@type":"WebPage","@id":"https:\/\/devtntatelier.com\/jeremy\/l-ecole-notre-dame-de-lourdes-de-girardville-accueille-un-atelier-de-lutins\/","url":"https:\/\/devtntatelier.com\/jeremy\/l-ecole-notre-dame-de-lourdes-de-girardville-accueille-un-atelier-de-lutins\/","name":"Projet entrepreneurial \u00e0 l'\u00e9cole Notre-Dame-de-Lourdes de Girardville","isPartOf":{"@id":"https:\/\/devtntatelier.com\/jeremy\/#website"},"primaryImageOfPage":{"@id":"https:\/\/devtntatelier.com\/jeremy\/l-ecole-notre-dame-de-lourdes-de-girardville-accueille-un-atelier-de-lutins\/#primaryimage"},"image":{"@id":"https:\/\/devtntatelier.com\/jeremy\/l-ecole-notre-dame-de-lourdes-de-girardville-accueille-un-atelier-de-lutins\/#primaryimage"},"thumbnailUrl":"https:\/\/devtntatelier.com\/jeremy\/wp-content\/uploads\/2022\/04\/Sans-titre-89.jpg","datePublished":"2022-04-15T14:36:11+00:00","dateModified":"2022-04-15T14:38:37+00:00","author":{"@id":"https:\/\/devtntatelier.com\/jeremy\/#\/schema\/person\/1d2872bff5ce51a73c836591a2e19720"},"description":"Cette ann\u00e9e, l'\u00e9cole Notre-Dame-de-Lourdes de Girardville a accueilli un atelier de lutins avant No\u00ebl 2021!","breadcrumb":{"@id":"https:\/\/devtntatelier.com\/jeremy\/l-ecole-notre-dame-de-lourdes-de-girardville-accueille-un-atelier-de-lutins\/#breadcrumb"},"inLanguage":"fr-FR","potentialAction":[{"@type":"ReadAction","target":["https:\/\/devtntatelier.com\/jeremy\/l-ecole-notre-dame-de-lourdes-de-girardville-accueille-un-atelier-de-lutins\/"]}]},{"@type":"ImageObject","inLanguage":"fr-FR","@id":"https:\/\/devtntatelier.com\/jeremy\/l-ecole-notre-dame-de-lourdes-de-girardville-accueille-un-atelier-de-lutins\/#primaryimage","url":"https:\/\/devtntatelier.com\/jeremy\/wp-content\/uploads\/2022\/04\/Sans-titre-89.jpg","contentUrl":"https:\/\/devtntatelier.com\/jeremy\/wp-content\/uploads\/2022\/04\/Sans-titre-89.jpg","width":1200,"height":630},{"@type":"BreadcrumbList","@id":"https:\/\/devtntatelier.com\/jeremy\/l-ecole-notre-dame-de-lourdes-de-girardville-accueille-un-atelier-de-lutins\/#breadcrumb","itemListElement":[{"@type":"ListItem","position":1,"name":"Accueil","item":"https:\/\/devtntatelier.com\/jeremy\/"},{"@type":"ListItem","position":2,"name":"Cette ann\u00e9e, l&#8217;\u00e9cole Notre-Dame-de-Lourdes de Girardville a accueilli un atelier de lutins!"}]},{"@type":"WebSite","@id":"https:\/\/devtntatelier.com\/jeremy\/#website","url":"https:\/\/devtntatelier.com\/jeremy\/","name":"Extra Maria","description":"Blogue - D\u00e9couvertes locales et achat local","potentialAction":[{"@type":"SearchAction","target":{"@type":"EntryPoint","urlTemplate":"https:\/\/devtntatelier.com\/jeremy\/?s={search_term_string}"},"query-input":{"@type":"PropertyValueSpecification","valueRequired":true,"valueName":"search_term_string"}}],"inLanguage":"fr-FR"},{"@type":"Person","@id":"https:\/\/devtntatelier.com\/jeremy\/#\/schema\/person\/1d2872bff5ce51a73c836591a2e19720","name":"Marie-\u00c8ve Bernard","image":{"@type":"ImageObject","inLanguage":"fr-FR","@id":"https:\/\/secure.gravatar.com\/avatar\/a2d7ebb0c67fe37f105c8d51b8442ec46116d9a933397ac9dc2ba4738a91032d?s=96&d=mm&r=g","url":"https:\/\/secure.gravatar.com\/avatar\/a2d7ebb0c67fe37f105c8d51b8442ec46116d9a933397ac9dc2ba4738a91032d?s=96&d=mm&r=g","contentUrl":"https:\/\/secure.gravatar.com\/avatar\/a2d7ebb0c67fe37f105c8d51b8442ec46116d9a933397ac9dc2ba4738a91032d?s=96&d=mm&r=g","caption":"Marie-\u00c8ve Bernard"},"description":"En tant que conseill\u00e8re en communication au Centre de services scolaire du Pays-des-Bleuets, l\u2019un de mes r\u00f4les est de promouvoir et de valoriser les bons coups des \u00e9l\u00e8ves et des membres du personnel. Gr\u00e2ce au blogue de la SADC Maria-Chapdelaine, je vous ferai d\u00e9couvrir des projets entrepreneuriaux mis en place dans les \u00e9coles de la MRC. L\u00e0 o\u00f9 on d\u00e9veloppe l\u2019esprit entrepreneurial de notre rel\u00e8ve!","url":"https:\/\/devtntatelier.com\/jeremy\/author\/extramarieevegmail-com\/"}]}},"modified_by":"Am\u00e9lia Fromage","_links":{"self":[{"href":"https:\/\/devtntatelier.com\/jeremy\/wp-json\/wp\/v2\/posts\/3456","targetHints":{"allow":["GET"]}}],"collection":[{"href":"https:\/\/devtntatelier.com\/jeremy\/wp-json\/wp\/v2\/posts"}],"about":[{"href":"https:\/\/devtntatelier.com\/jeremy\/wp-json\/wp\/v2\/types\/post"}],"author":[{"embeddable":true,"href":"https:\/\/devtntatelier.com\/jeremy\/wp-json\/wp\/v2\/users\/12"}],"replies":[{"embeddable":true,"href":"https:\/\/devtntatelier.com\/jeremy\/wp-json\/wp\/v2\/comments?post=3456"}],"version-history":[{"count":0,"href":"https:\/\/devtntatelier.com\/jeremy\/wp-json\/wp\/v2\/posts\/3456\/revisions"}],"wp:featuredmedia":[{"embeddable":true,"href":"https:\/\/devtntatelier.com\/jeremy\/wp-json\/wp\/v2\/media\/3463"}],"wp:attachment":[{"href":"https:\/\/devtntatelier.com\/jeremy\/wp-json\/wp\/v2\/media?parent=3456"}],"wp:term":[{"taxonomy":"category","embeddable":true,"href":"https:\/\/devtntatelier.com\/jeremy\/wp-json\/wp\/v2\/categories?post=3456"},{"taxonomy":"post_tag","embeddable":true,"href":"https:\/\/devtntatelier.com\/jeremy\/wp-json\/wp\/v2\/tags?post=3456"}],"curies":[{"name":"wp","href":"https:\/\/api.w.org\/{rel}","templated":true}]}}