{"id":3434,"date":"2022-04-07T12:30:17","date_gmt":"2022-04-07T16:30:17","guid":{"rendered":"https:\/\/devtntatelier.com\/jeremy\/?p=3434"},"modified":"2022-04-07T12:38:44","modified_gmt":"2022-04-07T16:38:44","slug":"vos-belles-maisons-une-entreprise-au-cachet-historique","status":"publish","type":"post","link":"https:\/\/devtntatelier.com\/jeremy\/vos-belles-maisons-une-entreprise-au-cachet-historique\/","title":{"rendered":"Vos belles maisons, une entreprise au cachet historique"},"content":{"rendered":"<p>[et_pb_section fb_built=\u00a0\u00bb1&Prime; _builder_version=\u00a0\u00bb4.16.1&Prime; _module_preset=\u00a0\u00bbdefault\u00a0\u00bb global_colors_info=\u00a0\u00bb{}\u00a0\u00bb][et_pb_row _builder_version=\u00a0\u00bb4.16.1&Prime; _module_preset=\u00a0\u00bbdefault\u00a0\u00bb global_colors_info=\u00a0\u00bb{}\u00a0\u00bb][et_pb_column type=\u00a0\u00bb4_4&Prime; _builder_version=\u00a0\u00bb4.16.1&Prime; _module_preset=\u00a0\u00bbdefault\u00a0\u00bb global_colors_info=\u00a0\u00bb{}\u00a0\u00bb][et_pb_text _builder_version=\u00a0\u00bb4.16.1&Prime; _module_preset=\u00a0\u00bbdefault\u00a0\u00bb global_colors_info=\u00a0\u00bb{}\u00a0\u00bb]<\/p>\n<h1><strong>Vos belles maisons, une entreprise au cachet historique \u00e0 Normandin<\/strong><\/h1>\n<p>En plein c\u0153ur de Normandin, une belle maison centenaire \u00e9tait inoccup\u00e9e coin St-Cyrille et de l\u2019\u00c9glise.\u00a0 Cette maison qui avait \u00e9t\u00e9 le lieu de vie d\u2019une famille de notables \u00e0 Normandin a attir\u00e9 l\u2019attention de Martine Bouchard. Pour Martine, le lieu prend tout son sens dans sa d\u00e9marche et sa vision de d\u00e9marrage de l\u2019entreprise <strong><span style=\"text-decoration: underline;\"><em><a href=\"https:\/\/www.vosbellesmaisons.com\/\" target=\"_blank\" rel=\"noopener\">Vos belles maisons<\/a><\/em><\/span><\/strong>.\u00a0 Nutritionniste de profession, elle r\u00eavait d\u2019un endroit pour s\u2019\u00e9tablir et vivre proche des siens et des gens, tout en conciliant travail famille, avec au fond d\u2019elle, des besoins de cr\u00e9ations artistiques \u00e0 combler.<\/p>\n<p>[\/et_pb_text][\/et_pb_column][\/et_pb_row][et_pb_row _builder_version=\u00a0\u00bb4.16.1&Prime; _module_preset=\u00a0\u00bbdefault\u00a0\u00bb global_colors_info=\u00a0\u00bb{}\u00a0\u00bb][et_pb_column type=\u00a0\u00bb4_4&Prime; _builder_version=\u00a0\u00bb4.16.1&Prime; _module_preset=\u00a0\u00bbdefault\u00a0\u00bb global_colors_info=\u00a0\u00bb{}\u00a0\u00bb][et_pb_image src=\u00a0\u00bbhttps:\/\/devtntatelier.com\/jeremy\/wp-content\/uploads\/2022\/04\/martine-bouchard-vos-belles-maisons-2-1.jpg\u00a0\u00bb title_text=\u00a0\u00bbmartine-bouchard-vos-belles-maisons-2&Prime; align=\u00a0\u00bbcenter\u00a0\u00bb _builder_version=\u00a0\u00bb4.16.1&Prime; _module_preset=\u00a0\u00bbdefault\u00a0\u00bb global_colors_info=\u00a0\u00bb{}\u00a0\u00bb][\/et_pb_image][\/et_pb_column][\/et_pb_row][et_pb_row _builder_version=\u00a0\u00bb4.16.1&Prime; _module_preset=\u00a0\u00bbdefault\u00a0\u00bb global_colors_info=\u00a0\u00bb{}\u00a0\u00bb][et_pb_column type=\u00a0\u00bb4_4&Prime; _builder_version=\u00a0\u00bb4.16.1&Prime; _module_preset=\u00a0\u00bbdefault\u00a0\u00bb global_colors_info=\u00a0\u00bb{}\u00a0\u00bb][et_pb_text _builder_version=\u00a0\u00bb4.16.1&Prime; _module_preset=\u00a0\u00bbdefault\u00a0\u00bb global_colors_info=\u00a0\u00bb{}\u00a0\u00bb]<\/p>\n<h2><strong>D\u2019hier \u00e0 aujourd\u2019hui<\/strong><\/h2>\n<p>Il y a quelques ann\u00e9es, Martine s\u2019adonnait \u00e0 la <strong>restauration de meubles anciens<\/strong>.\u00a0 Elle fr\u00e9quentait les brocantes et y faisait des trouvailles qui, restaur\u00e9es, trouvaient preneurs en un temps record. Son attrait pour les meubles et objets anciens est toujours l\u00e0 et elle prend plaisir \u00e0 donner une deuxi\u00e8me vie \u00e0 ce qui a \u00e9t\u00e9 fabriqu\u00e9 de la main de nos anciens.\u00a0 M\u00eame en travaillant \u00e0 plein temps dans son m\u00e9tier de nutritionniste, et avec les enfants, elle trouve toujours du temps\u00a0 pour poncer, r\u00e9parer, teindre, polir et embellir ses trouvailles.<\/p>\n<p>Le cachet du lieu, la conservation des lieux et du patrimoine se voient dans l\u2019am\u00e9nagement et le r\u00e9am\u00e9nagement des pi\u00e8ces de sa maison, tout comme un meuble qui se voit pi\u00e8ce par pi\u00e8ce, tiroir par tiroir, \u00eatre d\u2019abord convoit\u00e9, puis \u00e9valu\u00e9 avant de passer \u00e0 l\u2019action de la restauration.<\/p>\n<p>[\/et_pb_text][\/et_pb_column][\/et_pb_row][et_pb_row column_structure=\u00a0\u00bb1_2,1_2&Prime; _builder_version=\u00a0\u00bb4.16.1&Prime; _module_preset=\u00a0\u00bbdefault\u00a0\u00bb global_colors_info=\u00a0\u00bb{}\u00a0\u00bb][et_pb_column type=\u00a0\u00bb1_2&Prime; _builder_version=\u00a0\u00bb4.16.1&Prime; _module_preset=\u00a0\u00bbdefault\u00a0\u00bb global_colors_info=\u00a0\u00bb{}\u00a0\u00bb][et_pb_image src=\u00a0\u00bbhttps:\/\/devtntatelier.com\/jeremy\/wp-content\/uploads\/2022\/04\/meubles-vos-belles-maisons.jpg\u00a0\u00bb title_text=\u00a0\u00bbmeubles-vos-belles-maisons\u00a0\u00bb align=\u00a0\u00bbcenter\u00a0\u00bb _builder_version=\u00a0\u00bb4.16.1&Prime; _module_preset=\u00a0\u00bbdefault\u00a0\u00bb global_colors_info=\u00a0\u00bb{}\u00a0\u00bb][\/et_pb_image][\/et_pb_column][et_pb_column type=\u00a0\u00bb1_2&Prime; _builder_version=\u00a0\u00bb4.16.1&Prime; _module_preset=\u00a0\u00bbdefault\u00a0\u00bb global_colors_info=\u00a0\u00bb{}\u00a0\u00bb][et_pb_image src=\u00a0\u00bbhttps:\/\/devtntatelier.com\/jeremy\/wp-content\/uploads\/2022\/04\/vos-belles-maisons-meubles-antiques.jpg\u00a0\u00bb title_text=\u00a0\u00bbvos-belles-maisons-meubles-antiques\u00a0\u00bb align=\u00a0\u00bbcenter\u00a0\u00bb _builder_version=\u00a0\u00bb4.16.1&Prime; _module_preset=\u00a0\u00bbdefault\u00a0\u00bb global_colors_info=\u00a0\u00bb{}\u00a0\u00bb][\/et_pb_image][\/et_pb_column][\/et_pb_row][et_pb_row _builder_version=\u00a0\u00bb4.16.1&Prime; _module_preset=\u00a0\u00bbdefault\u00a0\u00bb global_colors_info=\u00a0\u00bb{}\u00a0\u00bb][et_pb_column type=\u00a0\u00bb4_4&Prime; _builder_version=\u00a0\u00bb4.16.1&Prime; _module_preset=\u00a0\u00bbdefault\u00a0\u00bb global_colors_info=\u00a0\u00bb{}\u00a0\u00bb][et_pb_text _builder_version=\u00a0\u00bb4.16.1&Prime; _module_preset=\u00a0\u00bbdefault\u00a0\u00bb global_colors_info=\u00a0\u00bb{}\u00a0\u00bb]<\/p>\n<h2><strong>Moyens d\u2019expression et d\u00e9corations maison<\/strong><\/h2>\n<p>Les objets qui nous entourent font partie de ce que nous sommes. Nous nous exprimons par eux. Les couleurs que nous choisissons, les textures, les formes de nos objets environnants sont l\u2019expression de nos go\u00fbts personnels. En ouvrant la porte de <em>Vos belles maisons<\/em>, on y fait de <strong>belles trouvailles.<\/strong>\u00a0 Des trouvailles qui nous ram\u00e8nent au travail manuel et \u00e0 petite \u00e9chelle. Des <strong>objets de d\u00e9coration<\/strong> exclusifs ornent les lieux, des <strong>pots \u00e0 fleurs<\/strong>, des <strong>tapis<\/strong>, de l\u2019<strong>artisanat<\/strong>, des <strong>abat-jour<\/strong>, des <strong>articles de cuisine<\/strong>, des <strong>bijoux<\/strong>, des contenants pour concocter vos produis cosm\u00e9tiques et m\u00e9nagers, des diffuseurs\u2026 y faire un tour, vaut le d\u00e9tour. Quand on s\u2019entoure de belles choses, on embellit notre vie. En grande majorit\u00e9, nous y retrouvons des produits de fabrication qu\u00e9b\u00e9coise et d\u2019artisans de chez-nous.<\/p>\n<p>[\/et_pb_text][\/et_pb_column][\/et_pb_row][et_pb_row column_structure=\u00a0\u00bb1_2,1_2&Prime; _builder_version=\u00a0\u00bb4.16.1&Prime; _module_preset=\u00a0\u00bbdefault\u00a0\u00bb global_colors_info=\u00a0\u00bb{}\u00a0\u00bb][et_pb_column type=\u00a0\u00bb1_2&Prime; _builder_version=\u00a0\u00bb4.16.1&Prime; _module_preset=\u00a0\u00bbdefault\u00a0\u00bb global_colors_info=\u00a0\u00bb{}\u00a0\u00bb][et_pb_image src=\u00a0\u00bbhttps:\/\/devtntatelier.com\/jeremy\/wp-content\/uploads\/2022\/04\/entreprise-vos-belles-maisons-normandin.jpg\u00a0\u00bb title_text=\u00a0\u00bbentreprise-vos-belles-maisons-normandin\u00a0\u00bb align=\u00a0\u00bbcenter\u00a0\u00bb _builder_version=\u00a0\u00bb4.16.1&Prime; _module_preset=\u00a0\u00bbdefault\u00a0\u00bb global_colors_info=\u00a0\u00bb{}\u00a0\u00bb][\/et_pb_image][\/et_pb_column][et_pb_column type=\u00a0\u00bb1_2&Prime; _builder_version=\u00a0\u00bb4.16.1&Prime; _module_preset=\u00a0\u00bbdefault\u00a0\u00bb global_colors_info=\u00a0\u00bb{}\u00a0\u00bb][et_pb_image src=\u00a0\u00bbhttps:\/\/devtntatelier.com\/jeremy\/wp-content\/uploads\/2022\/04\/vos-belles-maisons-decoration-pots-de-fleurs.jpg\u00a0\u00bb title_text=\u00a0\u00bbvos-belles-maisons-decoration-pots-de-fleurs\u00a0\u00bb align=\u00a0\u00bbcenter\u00a0\u00bb _builder_version=\u00a0\u00bb4.16.1&Prime; _module_preset=\u00a0\u00bbdefault\u00a0\u00bb global_colors_info=\u00a0\u00bb{}\u00a0\u00bb][\/et_pb_image][\/et_pb_column][\/et_pb_row][et_pb_row _builder_version=\u00a0\u00bb4.16.1&Prime; _module_preset=\u00a0\u00bbdefault\u00a0\u00bb global_colors_info=\u00a0\u00bb{}\u00a0\u00bb][et_pb_column type=\u00a0\u00bb4_4&Prime; _builder_version=\u00a0\u00bb4.16.1&Prime; _module_preset=\u00a0\u00bbdefault\u00a0\u00bb global_colors_info=\u00a0\u00bb{}\u00a0\u00bb][et_pb_text _builder_version=\u00a0\u00bb4.16.1&Prime; _module_preset=\u00a0\u00bbdefault\u00a0\u00bb global_colors_info=\u00a0\u00bb{}\u00a0\u00bb]<\/p>\n<h2><strong>Travail famille, ni l\u2019un ni l\u2019autre n\u2019est \u00e0 n\u00e9gliger<\/strong><\/h2>\n<p>Pour Martine Bouchard, un avantage d\u2019une importance capitale \u00e0 tirer de cette nouvelle exp\u00e9rience d\u2019entrepreneure, c\u2019est l\u2019avantage du lieu. La boutique de d\u00e9corations \u00e9tant \u00e0 m\u00eame la r\u00e9sidence, elle est pr\u00e9sente en m\u00eame temps pour sa famille, tout en offrant du beau, du bon et du bien pour les siens et aux clients qui franchissent le seuil de <em>Vos belles maisons <\/em>au 1080, rue St-Cyrille \u00e0 Normandin. R\u00e9aliser ses r\u00eaves implique aussi le bonheur des siens.<\/p>\n<p>[\/et_pb_text][\/et_pb_column][\/et_pb_row][et_pb_row _builder_version=\u00a0\u00bb4.16.1&Prime; _module_preset=\u00a0\u00bbdefault\u00a0\u00bb global_colors_info=\u00a0\u00bb{}\u00a0\u00bb][et_pb_column type=\u00a0\u00bb4_4&Prime; _builder_version=\u00a0\u00bb4.16.1&Prime; _module_preset=\u00a0\u00bbdefault\u00a0\u00bb global_colors_info=\u00a0\u00bb{}\u00a0\u00bb][et_pb_image src=\u00a0\u00bbhttps:\/\/devtntatelier.com\/jeremy\/wp-content\/uploads\/2022\/04\/objets-decoratifs-vos-belles-maisons.jpg\u00a0\u00bb title_text=\u00a0\u00bbobjets-decoratifs-vos-belles-maisons\u00a0\u00bb align=\u00a0\u00bbcenter\u00a0\u00bb _builder_version=\u00a0\u00bb4.16.1&Prime; _module_preset=\u00a0\u00bbdefault\u00a0\u00bb global_colors_info=\u00a0\u00bb{}\u00a0\u00bb][\/et_pb_image][\/et_pb_column][\/et_pb_row][et_pb_row _builder_version=\u00a0\u00bb4.16.1&Prime; _module_preset=\u00a0\u00bbdefault\u00a0\u00bb global_colors_info=\u00a0\u00bb{}\u00a0\u00bb][et_pb_column type=\u00a0\u00bb4_4&Prime; _builder_version=\u00a0\u00bb4.16.1&Prime; _module_preset=\u00a0\u00bbdefault\u00a0\u00bb global_colors_info=\u00a0\u00bb{}\u00a0\u00bb][et_pb_text _builder_version=\u00a0\u00bb4.16.1&Prime; _module_preset=\u00a0\u00bbdefault\u00a0\u00bb global_colors_info=\u00a0\u00bb{}\u00a0\u00bb]<\/p>\n<h2><strong>Boutique en ligne<\/strong><\/h2>\n<p>Le site Internet est en ligne et la partie boutique en ligne est en montage pr\u00e9sentement. Quand la boutique en ligne sera activ\u00e9e,\u00a0 tout pourra se faire en trois \u00e9tapes : faire le choix, passer la commande en ligne et aller chercher le tout \u00e0 la boutique au jour convenu, ou recevoir l\u2019article directement \u00e0 votre foyer.<\/p>\n<p>Pour Martine Bouchard tous ces mots\u00a0: maison\/cr\u00e9ation\/passion\/valorisation\/famille\/d\u00e9coration\/diffusion\/paix\/boutique\/communaut\u00e9\/ambiance\/inspiration\/espace se r\u00e9sument en trois mots\u00a0: <strong>Vos belles maisons!<\/strong><\/p>\n<p>Martine conclut avec ces mots\u00a0: \u00ab\u00a0<em>Vous accueillir, vous servir, vous conseiller, vous jaser, pour mieux vous conna\u00eetre et conna\u00eetre vos go\u00fbts, c\u2019est ce qui me tient \u00e0 c\u0153ur et qui m\u2019inspire \u00e0 chaque fois que je regarde ce que j\u2019ai \u00e0 vous offrir pour embellir <strong>Vos belles maisons! <\/strong>\u00bb<\/em><\/p>\n<p>&nbsp;<\/p>\n<p><strong>Pour joindre Martine Bouchard de Vos belles maisons :<\/strong><br \/>1080, rue St-Cyrille \u00e0 Normandin<br \/><a href=\"tel:4186306038\" target=\"_blank\" rel=\"noopener\">418\u00a0630-6038<\/a><br \/><a href=\"mailto:vosbellesmaisons@hotmail.com\" target=\"_blank\" rel=\"noopener\">vosbellesmaisons@hotmail.com<\/a><br \/><span style=\"text-decoration: underline;\"><strong><a href=\"https:\/\/www.vosbellesmaisons.com\/\" target=\"_blank\" rel=\"noopener\">https:\/\/www.vosbellesmaisons.com\/<\/a><\/strong><\/span><\/p>\n<p><strong>Horaires d&rsquo;ouverture :<\/strong><br \/><span>Jeudi 18 h 30 &#8211; 20 h 30<\/span><br \/><span>Vendredi 09 h 30 &#8211; 17 h 30<\/span><br \/><span>Samedi 09 h 30 &#8211; 12 h 00<\/span><\/p>\n<p>&nbsp;<\/p>\n<p>&nbsp;<\/p>\n<p>&nbsp;<\/p>\n<p>[\/et_pb_text][\/et_pb_column][\/et_pb_row][\/et_pb_section]<\/p>\n","protected":false},"excerpt":{"rendered":"<p>Vos belles maisons, une entreprise au cachet historique \u00e0 Normandin En plein c\u0153ur de Normandin, une belle maison centenaire \u00e9tait inoccup\u00e9e coin St-Cyrille et de l\u2019\u00c9glise.\u00a0 Cette maison qui avait [&hellip;]<\/p>\n","protected":false},"author":9,"featured_media":3443,"comment_status":"open","ping_status":"open","sticky":false,"template":"","format":"standard","meta":{"_et_pb_use_builder":"on","_et_pb_old_content":"","_et_gb_content_width":"","_lmt_disableupdate":"","_lmt_disable":"","_price":"","_stock":"","_tribe_ticket_header":"","_tribe_default_ticket_provider":"","_tribe_ticket_capacity":"0","_ticket_start_date":"","_ticket_end_date":"","_tribe_ticket_show_description":"","_tribe_ticket_show_not_going":false,"_tribe_ticket_use_global_stock":"","_tribe_ticket_global_stock_level":"","_global_stock_mode":"","_global_stock_cap":"","_tribe_rsvp_for_event":"","_tribe_ticket_going_count":"","_tribe_ticket_not_going_count":"","_tribe_tickets_list":"[]","_tribe_ticket_has_attendee_info_fields":false,"footnotes":""},"categories":[5,1],"tags":[],"class_list":["post-3434","post","type-post","status-publish","format-standard","has-post-thumbnail","hentry","category-cest-nouveau","category-articles-achat-local-extra-maria"],"yoast_head":"<!-- This site is optimized with the Yoast SEO Premium plugin v25.9 (Yoast SEO v28.4) - https:\/\/yoast.com\/product\/yoast-seo-premium-wordpress\/ -->\n<title>D\u00e9couvrez Vos belles maisons, cette nouvelle entreprise \u00e0 Normandin!<\/title>\n<meta name=\"description\" content=\"Amateurs de d\u00e9corations et de meubles d&#039;antan, d\u00e9couvrez Vos belles maisons de Normandin. Une nouvelle entreprise qui vaut le d\u00e9tour!\" \/>\n<meta name=\"robots\" content=\"index, follow, max-snippet:-1, max-image-preview:large, max-video-preview:-1\" \/>\n<link rel=\"canonical\" href=\"https:\/\/devtntatelier.com\/jeremy\/vos-belles-maisons-une-entreprise-au-cachet-historique\/\" \/>\n<meta property=\"og:locale\" content=\"fr_FR\" \/>\n<meta property=\"og:type\" content=\"article\" \/>\n<meta property=\"og:title\" content=\"Vos belles maisons, une entreprise au cachet historique\" \/>\n<meta property=\"og:url\" content=\"https:\/\/devtntatelier.com\/jeremy\/vos-belles-maisons-une-entreprise-au-cachet-historique\/\" \/>\n<meta property=\"og:site_name\" content=\"Extra Maria\" \/>\n<meta property=\"article:published_time\" content=\"2022-04-07T16:30:17+00:00\" \/>\n<meta property=\"article:modified_time\" content=\"2022-04-07T16:38:44+00:00\" \/>\n<meta property=\"og:image\" content=\"https:\/\/devtntatelier.com\/jeremy\/wp-content\/uploads\/2022\/04\/martine-bouchard-vos-belles-maisons.jpg\" \/>\n\t<meta property=\"og:image:width\" content=\"1200\" \/>\n\t<meta property=\"og:image:height\" content=\"630\" \/>\n\t<meta property=\"og:image:type\" content=\"image\/jpeg\" \/>\n<meta name=\"author\" content=\"Nicole Bilodeau\" \/>\n<meta name=\"twitter:card\" content=\"summary_large_image\" \/>\n<meta name=\"twitter:label1\" content=\"\u00c9crit par\" \/>\n\t<meta name=\"twitter:data1\" content=\"Nicole Bilodeau\" \/>\n\t<meta name=\"twitter:label2\" content=\"Dur\u00e9e de lecture estim\u00e9e\" \/>\n\t<meta name=\"twitter:data2\" content=\"4 minutes\" \/>\n<script type=\"application\/ld+json\" class=\"yoast-schema-graph\">{\"@context\":\"https:\\\/\\\/schema.org\",\"@graph\":[{\"@type\":\"Article\",\"@id\":\"https:\\\/\\\/devtntatelier.com\\\/jeremy\\\/vos-belles-maisons-une-entreprise-au-cachet-historique\\\/#article\",\"isPartOf\":{\"@id\":\"https:\\\/\\\/devtntatelier.com\\\/jeremy\\\/vos-belles-maisons-une-entreprise-au-cachet-historique\\\/\"},\"author\":{\"name\":\"Nicole Bilodeau\",\"@id\":\"https:\\\/\\\/devtntatelier.com\\\/jeremy\\\/#\\\/schema\\\/person\\\/bc221c80cb45797d29731ad10a86ed28\"},\"headline\":\"Vos belles maisons, une entreprise au cachet historique\",\"datePublished\":\"2022-04-07T16:30:17+00:00\",\"dateModified\":\"2022-04-07T16:38:44+00:00\",\"mainEntityOfPage\":{\"@id\":\"https:\\\/\\\/devtntatelier.com\\\/jeremy\\\/vos-belles-maisons-une-entreprise-au-cachet-historique\\\/\"},\"wordCount\":1247,\"commentCount\":0,\"image\":{\"@id\":\"https:\\\/\\\/devtntatelier.com\\\/jeremy\\\/vos-belles-maisons-une-entreprise-au-cachet-historique\\\/#primaryimage\"},\"thumbnailUrl\":\"https:\\\/\\\/devtntatelier.com\\\/jeremy\\\/wp-content\\\/uploads\\\/2022\\\/04\\\/martine-bouchard-vos-belles-maisons.jpg\",\"articleSection\":[\"C'est nouveau!\",\"Tous les articles\"],\"inLanguage\":\"fr-FR\",\"potentialAction\":[{\"@type\":\"CommentAction\",\"name\":\"Comment\",\"target\":[\"https:\\\/\\\/devtntatelier.com\\\/jeremy\\\/vos-belles-maisons-une-entreprise-au-cachet-historique\\\/#respond\"]}]},{\"@type\":\"WebPage\",\"@id\":\"https:\\\/\\\/devtntatelier.com\\\/jeremy\\\/vos-belles-maisons-une-entreprise-au-cachet-historique\\\/\",\"url\":\"https:\\\/\\\/devtntatelier.com\\\/jeremy\\\/vos-belles-maisons-une-entreprise-au-cachet-historique\\\/\",\"name\":\"D\u00e9couvrez Vos belles maisons, cette nouvelle entreprise \u00e0 Normandin!\",\"isPartOf\":{\"@id\":\"https:\\\/\\\/devtntatelier.com\\\/jeremy\\\/#website\"},\"primaryImageOfPage\":{\"@id\":\"https:\\\/\\\/devtntatelier.com\\\/jeremy\\\/vos-belles-maisons-une-entreprise-au-cachet-historique\\\/#primaryimage\"},\"image\":{\"@id\":\"https:\\\/\\\/devtntatelier.com\\\/jeremy\\\/vos-belles-maisons-une-entreprise-au-cachet-historique\\\/#primaryimage\"},\"thumbnailUrl\":\"https:\\\/\\\/devtntatelier.com\\\/jeremy\\\/wp-content\\\/uploads\\\/2022\\\/04\\\/martine-bouchard-vos-belles-maisons.jpg\",\"datePublished\":\"2022-04-07T16:30:17+00:00\",\"dateModified\":\"2022-04-07T16:38:44+00:00\",\"author\":{\"@id\":\"https:\\\/\\\/devtntatelier.com\\\/jeremy\\\/#\\\/schema\\\/person\\\/bc221c80cb45797d29731ad10a86ed28\"},\"description\":\"Amateurs de d\u00e9corations et de meubles d'antan, d\u00e9couvrez Vos belles maisons de Normandin. Une nouvelle entreprise qui vaut le d\u00e9tour!\",\"breadcrumb\":{\"@id\":\"https:\\\/\\\/devtntatelier.com\\\/jeremy\\\/vos-belles-maisons-une-entreprise-au-cachet-historique\\\/#breadcrumb\"},\"inLanguage\":\"fr-FR\",\"potentialAction\":[{\"@type\":\"ReadAction\",\"target\":[\"https:\\\/\\\/devtntatelier.com\\\/jeremy\\\/vos-belles-maisons-une-entreprise-au-cachet-historique\\\/\"]}]},{\"@type\":\"ImageObject\",\"inLanguage\":\"fr-FR\",\"@id\":\"https:\\\/\\\/devtntatelier.com\\\/jeremy\\\/vos-belles-maisons-une-entreprise-au-cachet-historique\\\/#primaryimage\",\"url\":\"https:\\\/\\\/devtntatelier.com\\\/jeremy\\\/wp-content\\\/uploads\\\/2022\\\/04\\\/martine-bouchard-vos-belles-maisons.jpg\",\"contentUrl\":\"https:\\\/\\\/devtntatelier.com\\\/jeremy\\\/wp-content\\\/uploads\\\/2022\\\/04\\\/martine-bouchard-vos-belles-maisons.jpg\",\"width\":1200,\"height\":630},{\"@type\":\"BreadcrumbList\",\"@id\":\"https:\\\/\\\/devtntatelier.com\\\/jeremy\\\/vos-belles-maisons-une-entreprise-au-cachet-historique\\\/#breadcrumb\",\"itemListElement\":[{\"@type\":\"ListItem\",\"position\":1,\"name\":\"Accueil\",\"item\":\"https:\\\/\\\/devtntatelier.com\\\/jeremy\\\/\"},{\"@type\":\"ListItem\",\"position\":2,\"name\":\"Vos belles maisons, une entreprise au cachet historique\"}]},{\"@type\":\"WebSite\",\"@id\":\"https:\\\/\\\/devtntatelier.com\\\/jeremy\\\/#website\",\"url\":\"https:\\\/\\\/devtntatelier.com\\\/jeremy\\\/\",\"name\":\"Extra Maria\",\"description\":\"Blogue - D\u00e9couvertes locales et achat local\",\"potentialAction\":[{\"@type\":\"SearchAction\",\"target\":{\"@type\":\"EntryPoint\",\"urlTemplate\":\"https:\\\/\\\/devtntatelier.com\\\/jeremy\\\/?s={search_term_string}\"},\"query-input\":{\"@type\":\"PropertyValueSpecification\",\"valueRequired\":true,\"valueName\":\"search_term_string\"}}],\"inLanguage\":\"fr-FR\"},{\"@type\":\"Person\",\"@id\":\"https:\\\/\\\/devtntatelier.com\\\/jeremy\\\/#\\\/schema\\\/person\\\/bc221c80cb45797d29731ad10a86ed28\",\"name\":\"Nicole Bilodeau\",\"image\":{\"@type\":\"ImageObject\",\"inLanguage\":\"fr-FR\",\"@id\":\"https:\\\/\\\/secure.gravatar.com\\\/avatar\\\/2f2e9cbc8f08fb529dd00333cad2c0b4d20ff87b8a142224b079f0bd076f2281?s=96&d=mm&r=g\",\"url\":\"https:\\\/\\\/secure.gravatar.com\\\/avatar\\\/2f2e9cbc8f08fb529dd00333cad2c0b4d20ff87b8a142224b079f0bd076f2281?s=96&d=mm&r=g\",\"contentUrl\":\"https:\\\/\\\/secure.gravatar.com\\\/avatar\\\/2f2e9cbc8f08fb529dd00333cad2c0b4d20ff87b8a142224b079f0bd076f2281?s=96&d=mm&r=g\",\"caption\":\"Nicole Bilodeau\"},\"description\":\"Me d\u00e9crivant comme une femme d\u2019action, j\u2019aime quand les gestes pos\u00e9s, m\u00eame \u00e0 petite \u00e9chelle, sont porteurs de positif et ont un effet dynamique sur la collectivit\u00e9. J\u2019aime penser que nous avons tous une mission personnelle qui, en se propageant au communautaire, peut faire ressortir le meilleur de chacun, pour le bien de tous. Travailler pour la Chambre de commerce et d\u2019industrie du secteur Normandin est un travail tr\u00e8s diversifi\u00e9 et c\u2019est ce qui me motive. Tout comme ce qui fait la beaut\u00e9 du monde, c\u2019est sa diversit\u00e9! Un par un, nous sommes riches par nos diff\u00e9rences et nos apports au collectif. Agir au meilleur de mes connaissances et chercher \u00e0 en conna\u00eetre toujours un peu plus chaque jour nourrit mon quotidien.\",\"url\":\"https:\\\/\\\/devtntatelier.com\\\/jeremy\\\/author\\\/infoccinormandin-ca\\\/\"}]}<\/script>\n<!-- \/ Yoast SEO Premium plugin. -->","yoast_head_json":{"title":"D\u00e9couvrez Vos belles maisons, cette nouvelle entreprise \u00e0 Normandin!","description":"Amateurs de d\u00e9corations et de meubles d'antan, d\u00e9couvrez Vos belles maisons de Normandin. Une nouvelle entreprise qui vaut le d\u00e9tour!","robots":{"index":"index","follow":"follow","max-snippet":"max-snippet:-1","max-image-preview":"max-image-preview:large","max-video-preview":"max-video-preview:-1"},"canonical":"https:\/\/devtntatelier.com\/jeremy\/vos-belles-maisons-une-entreprise-au-cachet-historique\/","og_locale":"fr_FR","og_type":"article","og_title":"Vos belles maisons, une entreprise au cachet historique","og_url":"https:\/\/devtntatelier.com\/jeremy\/vos-belles-maisons-une-entreprise-au-cachet-historique\/","og_site_name":"Extra Maria","article_published_time":"2022-04-07T16:30:17+00:00","article_modified_time":"2022-04-07T16:38:44+00:00","og_image":[{"width":1200,"height":630,"url":"https:\/\/devtntatelier.com\/jeremy\/wp-content\/uploads\/2022\/04\/martine-bouchard-vos-belles-maisons.jpg","type":"image\/jpeg"}],"author":"Nicole Bilodeau","twitter_card":"summary_large_image","twitter_misc":{"\u00c9crit par":"Nicole Bilodeau","Dur\u00e9e de lecture estim\u00e9e":"4 minutes"},"schema":{"@context":"https:\/\/schema.org","@graph":[{"@type":"Article","@id":"https:\/\/devtntatelier.com\/jeremy\/vos-belles-maisons-une-entreprise-au-cachet-historique\/#article","isPartOf":{"@id":"https:\/\/devtntatelier.com\/jeremy\/vos-belles-maisons-une-entreprise-au-cachet-historique\/"},"author":{"name":"Nicole Bilodeau","@id":"https:\/\/devtntatelier.com\/jeremy\/#\/schema\/person\/bc221c80cb45797d29731ad10a86ed28"},"headline":"Vos belles maisons, une entreprise au cachet historique","datePublished":"2022-04-07T16:30:17+00:00","dateModified":"2022-04-07T16:38:44+00:00","mainEntityOfPage":{"@id":"https:\/\/devtntatelier.com\/jeremy\/vos-belles-maisons-une-entreprise-au-cachet-historique\/"},"wordCount":1247,"commentCount":0,"image":{"@id":"https:\/\/devtntatelier.com\/jeremy\/vos-belles-maisons-une-entreprise-au-cachet-historique\/#primaryimage"},"thumbnailUrl":"https:\/\/devtntatelier.com\/jeremy\/wp-content\/uploads\/2022\/04\/martine-bouchard-vos-belles-maisons.jpg","articleSection":["C'est nouveau!","Tous les articles"],"inLanguage":"fr-FR","potentialAction":[{"@type":"CommentAction","name":"Comment","target":["https:\/\/devtntatelier.com\/jeremy\/vos-belles-maisons-une-entreprise-au-cachet-historique\/#respond"]}]},{"@type":"WebPage","@id":"https:\/\/devtntatelier.com\/jeremy\/vos-belles-maisons-une-entreprise-au-cachet-historique\/","url":"https:\/\/devtntatelier.com\/jeremy\/vos-belles-maisons-une-entreprise-au-cachet-historique\/","name":"D\u00e9couvrez Vos belles maisons, cette nouvelle entreprise \u00e0 Normandin!","isPartOf":{"@id":"https:\/\/devtntatelier.com\/jeremy\/#website"},"primaryImageOfPage":{"@id":"https:\/\/devtntatelier.com\/jeremy\/vos-belles-maisons-une-entreprise-au-cachet-historique\/#primaryimage"},"image":{"@id":"https:\/\/devtntatelier.com\/jeremy\/vos-belles-maisons-une-entreprise-au-cachet-historique\/#primaryimage"},"thumbnailUrl":"https:\/\/devtntatelier.com\/jeremy\/wp-content\/uploads\/2022\/04\/martine-bouchard-vos-belles-maisons.jpg","datePublished":"2022-04-07T16:30:17+00:00","dateModified":"2022-04-07T16:38:44+00:00","author":{"@id":"https:\/\/devtntatelier.com\/jeremy\/#\/schema\/person\/bc221c80cb45797d29731ad10a86ed28"},"description":"Amateurs de d\u00e9corations et de meubles d'antan, d\u00e9couvrez Vos belles maisons de Normandin. Une nouvelle entreprise qui vaut le d\u00e9tour!","breadcrumb":{"@id":"https:\/\/devtntatelier.com\/jeremy\/vos-belles-maisons-une-entreprise-au-cachet-historique\/#breadcrumb"},"inLanguage":"fr-FR","potentialAction":[{"@type":"ReadAction","target":["https:\/\/devtntatelier.com\/jeremy\/vos-belles-maisons-une-entreprise-au-cachet-historique\/"]}]},{"@type":"ImageObject","inLanguage":"fr-FR","@id":"https:\/\/devtntatelier.com\/jeremy\/vos-belles-maisons-une-entreprise-au-cachet-historique\/#primaryimage","url":"https:\/\/devtntatelier.com\/jeremy\/wp-content\/uploads\/2022\/04\/martine-bouchard-vos-belles-maisons.jpg","contentUrl":"https:\/\/devtntatelier.com\/jeremy\/wp-content\/uploads\/2022\/04\/martine-bouchard-vos-belles-maisons.jpg","width":1200,"height":630},{"@type":"BreadcrumbList","@id":"https:\/\/devtntatelier.com\/jeremy\/vos-belles-maisons-une-entreprise-au-cachet-historique\/#breadcrumb","itemListElement":[{"@type":"ListItem","position":1,"name":"Accueil","item":"https:\/\/devtntatelier.com\/jeremy\/"},{"@type":"ListItem","position":2,"name":"Vos belles maisons, une entreprise au cachet historique"}]},{"@type":"WebSite","@id":"https:\/\/devtntatelier.com\/jeremy\/#website","url":"https:\/\/devtntatelier.com\/jeremy\/","name":"Extra Maria","description":"Blogue - D\u00e9couvertes locales et achat local","potentialAction":[{"@type":"SearchAction","target":{"@type":"EntryPoint","urlTemplate":"https:\/\/devtntatelier.com\/jeremy\/?s={search_term_string}"},"query-input":{"@type":"PropertyValueSpecification","valueRequired":true,"valueName":"search_term_string"}}],"inLanguage":"fr-FR"},{"@type":"Person","@id":"https:\/\/devtntatelier.com\/jeremy\/#\/schema\/person\/bc221c80cb45797d29731ad10a86ed28","name":"Nicole Bilodeau","image":{"@type":"ImageObject","inLanguage":"fr-FR","@id":"https:\/\/secure.gravatar.com\/avatar\/2f2e9cbc8f08fb529dd00333cad2c0b4d20ff87b8a142224b079f0bd076f2281?s=96&d=mm&r=g","url":"https:\/\/secure.gravatar.com\/avatar\/2f2e9cbc8f08fb529dd00333cad2c0b4d20ff87b8a142224b079f0bd076f2281?s=96&d=mm&r=g","contentUrl":"https:\/\/secure.gravatar.com\/avatar\/2f2e9cbc8f08fb529dd00333cad2c0b4d20ff87b8a142224b079f0bd076f2281?s=96&d=mm&r=g","caption":"Nicole Bilodeau"},"description":"Me d\u00e9crivant comme une femme d\u2019action, j\u2019aime quand les gestes pos\u00e9s, m\u00eame \u00e0 petite \u00e9chelle, sont porteurs de positif et ont un effet dynamique sur la collectivit\u00e9. J\u2019aime penser que nous avons tous une mission personnelle qui, en se propageant au communautaire, peut faire ressortir le meilleur de chacun, pour le bien de tous. Travailler pour la Chambre de commerce et d\u2019industrie du secteur Normandin est un travail tr\u00e8s diversifi\u00e9 et c\u2019est ce qui me motive. Tout comme ce qui fait la beaut\u00e9 du monde, c\u2019est sa diversit\u00e9! Un par un, nous sommes riches par nos diff\u00e9rences et nos apports au collectif. Agir au meilleur de mes connaissances et chercher \u00e0 en conna\u00eetre toujours un peu plus chaque jour nourrit mon quotidien.","url":"https:\/\/devtntatelier.com\/jeremy\/author\/infoccinormandin-ca\/"}]}},"modified_by":"Am\u00e9lia Fromage","_links":{"self":[{"href":"https:\/\/devtntatelier.com\/jeremy\/wp-json\/wp\/v2\/posts\/3434","targetHints":{"allow":["GET"]}}],"collection":[{"href":"https:\/\/devtntatelier.com\/jeremy\/wp-json\/wp\/v2\/posts"}],"about":[{"href":"https:\/\/devtntatelier.com\/jeremy\/wp-json\/wp\/v2\/types\/post"}],"author":[{"embeddable":true,"href":"https:\/\/devtntatelier.com\/jeremy\/wp-json\/wp\/v2\/users\/9"}],"replies":[{"embeddable":true,"href":"https:\/\/devtntatelier.com\/jeremy\/wp-json\/wp\/v2\/comments?post=3434"}],"version-history":[{"count":0,"href":"https:\/\/devtntatelier.com\/jeremy\/wp-json\/wp\/v2\/posts\/3434\/revisions"}],"wp:featuredmedia":[{"embeddable":true,"href":"https:\/\/devtntatelier.com\/jeremy\/wp-json\/wp\/v2\/media\/3443"}],"wp:attachment":[{"href":"https:\/\/devtntatelier.com\/jeremy\/wp-json\/wp\/v2\/media?parent=3434"}],"wp:term":[{"taxonomy":"category","embeddable":true,"href":"https:\/\/devtntatelier.com\/jeremy\/wp-json\/wp\/v2\/categories?post=3434"},{"taxonomy":"post_tag","embeddable":true,"href":"https:\/\/devtntatelier.com\/jeremy\/wp-json\/wp\/v2\/tags?post=3434"}],"curies":[{"name":"wp","href":"https:\/\/api.w.org\/{rel}","templated":true}]}}