{"id":2973,"date":"2021-11-25T12:55:15","date_gmt":"2021-11-25T17:55:15","guid":{"rendered":"https:\/\/devtntatelier.com\/jeremy\/?p=2973"},"modified":"2022-04-18T09:09:59","modified_gmt":"2022-04-18T13:09:59","slug":"comment-decorer-notre-maison-pour-le-temps-des-fetes","status":"publish","type":"post","link":"https:\/\/devtntatelier.com\/jeremy\/comment-decorer-notre-maison-pour-le-temps-des-fetes\/","title":{"rendered":"Comment d\u00e9corer notre maison pour le temps des f\u00eates?"},"content":{"rendered":"\n\n\n[et_pb_section fb_built=\u00a0\u00bb1&Prime; _builder_version=\u00a0\u00bb4.13.0&Prime; _module_preset=\u00a0\u00bbdefault\u00a0\u00bb global_colors_info=\u00a0\u00bb{}\u00a0\u00bb][et_pb_row _builder_version=\u00a0\u00bb4.13.0&Prime; _module_preset=\u00a0\u00bbdefault\u00a0\u00bb global_colors_info=\u00a0\u00bb{}\u00a0\u00bb][et_pb_column type=\u00a0\u00bb4_4&Prime; _builder_version=\u00a0\u00bb4.13.0&Prime; _module_preset=\u00a0\u00bbdefault\u00a0\u00bb global_colors_info=\u00a0\u00bb{}\u00a0\u00bb][et_pb_text _builder_version=\u00a0\u00bb4.13.0&Prime; _module_preset=\u00a0\u00bbdefault\u00a0\u00bb global_colors_info=\u00a0\u00bb{}\u00a0\u00bb]<h1>Pr\u00e9parer votre demeure \u00e0 l\u2019arriv\u00e9e de l\u2019hiver et du temps des f\u00eates!<\/h1>[\/et_pb_text][\/et_pb_column][\/et_pb_row][et_pb_row _builder_version=\u00a0\u00bb4.13.0&Prime; _module_preset=\u00a0\u00bbdefault\u00a0\u00bb global_colors_info=\u00a0\u00bb{}\u00a0\u00bb][et_pb_column type=\u00a0\u00bb4_4&Prime; _builder_version=\u00a0\u00bb4.13.0&Prime; _module_preset=\u00a0\u00bbdefault\u00a0\u00bb global_colors_info=\u00a0\u00bb{}\u00a0\u00bb][et_pb_text _builder_version=\u00a0\u00bb4.13.0&Prime; _module_preset=\u00a0\u00bbdefault\u00a0\u00bb global_colors_info=\u00a0\u00bb{}\u00a0\u00bb]<p>Eh oui, l\u2019hiver est \u00e0 nos portes! Ce qui signifie \u00e9galement que le temps des f\u00eates arrive \u00e0 grands pas! Si vous \u00eates fans de No\u00ebl comme nous, vos d\u00e9corations sont peut-\u00eatre d\u00e9j\u00e0 mises et votre sapin illumine peut-\u00eatre d\u00e9j\u00e0 votre salon! Pour ceux qui sont pr\u00eats \u00e0 se mettre dans l\u2019ambiance, je vous parle aujourd\u2019hui de comment vous pouvez adapter votre d\u00e9cor afin de le rendre plus \u2018\u2019cozy\u2019\u2019, des tendances au niveau des d\u00e9corations de No\u00ebl et finalement du meilleur am\u00e9nagement de cuisine possible pour recevoir votre famille en grand nombre. Bonne lecture et joyeuses f\u00eates!<\/p>[\/et_pb_text][et_pb_text _builder_version=\u00a0\u00bb4.13.0&Prime; _module_preset=\u00a0\u00bbdefault\u00a0\u00bb global_colors_info=\u00a0\u00bb{}\u00a0\u00bb]<h2>CONSEIL D\u00c9COR DE NO\u00cbL #1<\/h2>[\/et_pb_text][\/et_pb_column][\/et_pb_row][et_pb_row _builder_version=\u00a0\u00bb4.13.0&Prime; _module_preset=\u00a0\u00bbdefault\u00a0\u00bb global_colors_info=\u00a0\u00bb{}\u00a0\u00bb][et_pb_column type=\u00a0\u00bb4_4&Prime; _builder_version=\u00a0\u00bb4.13.0&Prime; _module_preset=\u00a0\u00bbdefault\u00a0\u00bb global_colors_info=\u00a0\u00bb{}\u00a0\u00bb][et_pb_text _builder_version=\u00a0\u00bb4.13.0&Prime; _module_preset=\u00a0\u00bbdefault\u00a0\u00bb global_colors_info=\u00a0\u00bb{}\u00a0\u00bb]<p>D\u2019abord, sachez que <strong>vous n\u2019avez pas besoin de changer votre d\u00e9cor du tout au tout pour l\u2019adapter aux temps froids.<\/strong> En effet, vous pouvez <strong>simplement ajouter quelques jet\u00e9s \u00e9pais et plusieurs coussins pour un obtenir facilement un look plus \u2018\u2019cozy\u2019<\/strong>\u2019. Au niveau des couleurs et teintes \u00e0 choisir, vous pourriez opter pour des bleus, du vert for\u00eat, des beiges et du blanc. Puis en touche finale, si votre espace vous le permet, rien de mieux qu\u2019un foyer d\u00e9gageant une belle chaleur et cr\u00e9pitant pour vous mettre dans l\u2019ambiance ! Quelques bougies peuvent facilement faire l\u2019affaire aussi ou m\u00eame des guirlandes de petites lumi\u00e8res!<\/p>[\/et_pb_text][\/et_pb_column][\/et_pb_row][et_pb_row column_structure=\u00a0\u00bb1_2,1_2&Prime; _builder_version=\u00a0\u00bb4.13.0&Prime; _module_preset=\u00a0\u00bbdefault\u00a0\u00bb global_colors_info=\u00a0\u00bb{}\u00a0\u00bb][et_pb_column type=\u00a0\u00bb1_2&Prime; _builder_version=\u00a0\u00bb4.13.0&Prime; _module_preset=\u00a0\u00bbdefault\u00a0\u00bb global_colors_info=\u00a0\u00bb{}\u00a0\u00bb][et_pb_image src=\u00a0\u00bbhttps:\/\/devtntatelier.com\/jeremy\/wp-content\/uploads\/2021\/11\/camille-sauvageau-decoration-maison-noel-1.jpeg\u00a0\u00bb title_text=\u00a0\u00bbcamille-sauvageau-decoration-maison-noel-1&Prime; _builder_version=\u00a0\u00bb4.13.0&Prime; _module_preset=\u00a0\u00bbdefault\u00a0\u00bb global_colors_info=\u00a0\u00bb{}\u00a0\u00bb][\/et_pb_image][\/et_pb_column][et_pb_column type=\u00a0\u00bb1_2&Prime; _builder_version=\u00a0\u00bb4.13.0&Prime; _module_preset=\u00a0\u00bbdefault\u00a0\u00bb global_colors_info=\u00a0\u00bb{}\u00a0\u00bb][et_pb_image src=\u00a0\u00bbhttps:\/\/devtntatelier.com\/jeremy\/wp-content\/uploads\/2021\/11\/camille-sauvageau-decoration-maison-noel-2.jpeg\u00a0\u00bb title_text=\u00a0\u00bbcamille-sauvageau-decoration-maison-noel-2&Prime; _builder_version=\u00a0\u00bb4.13.0&Prime; _module_preset=\u00a0\u00bbdefault\u00a0\u00bb global_colors_info=\u00a0\u00bb{}\u00a0\u00bb][\/et_pb_image][\/et_pb_column][\/et_pb_row][et_pb_row _builder_version=\u00a0\u00bb4.13.0&Prime; _module_preset=\u00a0\u00bbdefault\u00a0\u00bb global_colors_info=\u00a0\u00bb{}\u00a0\u00bb][et_pb_column type=\u00a0\u00bb4_4&Prime; _builder_version=\u00a0\u00bb4.13.0&Prime; _module_preset=\u00a0\u00bbdefault\u00a0\u00bb global_colors_info=\u00a0\u00bb{}\u00a0\u00bb][et_pb_text _builder_version=\u00a0\u00bb4.13.0&Prime; _module_preset=\u00a0\u00bbdefault\u00a0\u00bb global_colors_info=\u00a0\u00bb{}\u00a0\u00bb]<h2>CONSEIL D\u00c9COR DE NO\u00cbL #2<\/h2>[\/et_pb_text][et_pb_text _builder_version=\u00a0\u00bb4.13.0&Prime; _module_preset=\u00a0\u00bbdefault\u00a0\u00bb global_colors_info=\u00a0\u00bb{}\u00a0\u00bb]<p>Ensuite, du c\u00f4t\u00e9 des d\u00e9corations de No\u00ebl, on tente de se tenir loin des th\u00e9matiques et des items d\u00e9mod\u00e9s. Effectivement, <strong>on privil\u00e9gie davantage les d\u00e9cors simples, \u00e9pur\u00e9s et naturels o\u00f9 l\u2019on joue avec les d\u00e9tails<\/strong>. Par exemple, on voit beaucoup de guirlandes et de couronnes en sapinage et de la d\u00e9co dans les biblioth\u00e8ques (maisonnettes blanches, minis sapins en bois ou monochromes). Quant aux sapins principaux, ils sont assez \u00e9pur\u00e9s portant seulement quelques ornements, les pi\u00e8tements sont cach\u00e9s dans de belles bases en m\u00e9tal ou en rotin. On ne voit \u00e9galement que tr\u00e8s peu de couleurs, le tout est assez neutre. On joue par contre avec les diff\u00e9rentes textures. Bref, les d\u00e9corations de No\u00ebl sont maintenant modernis\u00e9es mais on conserve tout de m\u00eame une petite touche traditionnelle!<\/p>[\/et_pb_text][\/et_pb_column][\/et_pb_row][et_pb_row column_structure=\u00a0\u00bb1_3,1_3,1_3&Prime; _builder_version=\u00a0\u00bb4.13.0&Prime; _module_preset=\u00a0\u00bbdefault\u00a0\u00bb global_colors_info=\u00a0\u00bb{}\u00a0\u00bb][et_pb_column type=\u00a0\u00bb1_3&Prime; _builder_version=\u00a0\u00bb4.13.0&Prime; _module_preset=\u00a0\u00bbdefault\u00a0\u00bb global_colors_info=\u00a0\u00bb{}\u00a0\u00bb][et_pb_image src=\u00a0\u00bbhttps:\/\/devtntatelier.com\/jeremy\/wp-content\/uploads\/2021\/11\/camille-sauvageau-decoration-maison-noel-3.jpeg\u00a0\u00bb title_text=\u00a0\u00bbcamille-sauvageau-decoration-maison-noel-3&Prime; _builder_version=\u00a0\u00bb4.13.0&Prime; _module_preset=\u00a0\u00bbdefault\u00a0\u00bb global_colors_info=\u00a0\u00bb{}\u00a0\u00bb][\/et_pb_image][\/et_pb_column][et_pb_column type=\u00a0\u00bb1_3&Prime; _builder_version=\u00a0\u00bb4.13.0&Prime; _module_preset=\u00a0\u00bbdefault\u00a0\u00bb global_colors_info=\u00a0\u00bb{}\u00a0\u00bb][et_pb_image src=\u00a0\u00bbhttps:\/\/devtntatelier.com\/jeremy\/wp-content\/uploads\/2021\/11\/camille-sauvageau-decoration-maison-noel-4.jpeg\u00a0\u00bb title_text=\u00a0\u00bbcamille-sauvageau-decoration-maison-noel-4&Prime; _builder_version=\u00a0\u00bb4.13.0&Prime; _module_preset=\u00a0\u00bbdefault\u00a0\u00bb global_colors_info=\u00a0\u00bb{}\u00a0\u00bb][\/et_pb_image][\/et_pb_column][et_pb_column type=\u00a0\u00bb1_3&Prime; _builder_version=\u00a0\u00bb4.13.0&Prime; _module_preset=\u00a0\u00bbdefault\u00a0\u00bb global_colors_info=\u00a0\u00bb{}\u00a0\u00bb][et_pb_image src=\u00a0\u00bbhttps:\/\/devtntatelier.com\/jeremy\/wp-content\/uploads\/2021\/11\/camille-sauvageau-designer-interieur.jpg\u00a0\u00bb title_text=\u00a0\u00bbcamille-sauvageau-designer-interieur\u00a0\u00bb _builder_version=\u00a0\u00bb4.13.0&Prime; _module_preset=\u00a0\u00bbdefault\u00a0\u00bb global_colors_info=\u00a0\u00bb{}\u00a0\u00bb][\/et_pb_image][\/et_pb_column][\/et_pb_row][et_pb_row _builder_version=\u00a0\u00bb4.13.0&Prime; _module_preset=\u00a0\u00bbdefault\u00a0\u00bb global_colors_info=\u00a0\u00bb{}\u00a0\u00bb][et_pb_column type=\u00a0\u00bb4_4&Prime; _builder_version=\u00a0\u00bb4.13.0&Prime; _module_preset=\u00a0\u00bbdefault\u00a0\u00bb global_colors_info=\u00a0\u00bb{}\u00a0\u00bb][et_pb_text _builder_version=\u00a0\u00bb4.13.0&Prime; _module_preset=\u00a0\u00bbdefault\u00a0\u00bb global_colors_info=\u00a0\u00bb{}\u00a0\u00bb]<h2>CONSEIL D\u00c9COR DE NO\u00cbL #3<\/h2>[\/et_pb_text][et_pb_text _builder_version=\u00a0\u00bb4.13.0&Prime; _module_preset=\u00a0\u00bbdefault\u00a0\u00bb global_colors_info=\u00a0\u00bb{}\u00a0\u00bb]<p>Finalement, parlons am\u00e9nagement! J\u2019imagine que nous n\u2019avons pas besoin de vous rappeler \u00e0 quel point <strong>un grand \u00eelot \u00e0 la cuisine peut \u00eatre rassembleur, particuli\u00e8rement pendant la p\u00e9riode des f\u00eates!<\/strong> L\u2019effet est instantan\u00e9 : tous les invit\u00e9s se retrouvent rapidement autour de celui-ci pour discuter et prendre un verre. Si vous planifiez r\u00e9nover votre cuisine et que l\u2019espace vous le permet, vous ne pouvez pas passer \u00e0 c\u00f4t\u00e9 d\u2019un \u00eelot avec places assises en prime! Autour de 8\u2019 serait l\u2019id\u00e9al pour asseoir 4 personnes et avoir une belle surface de comptoir, parfaite pour la remplir d\u2019entr\u00e9es, de canap\u00e9s et de cocktails pour vos invit\u00e9s!<\/p>[\/et_pb_text][\/et_pb_column][\/et_pb_row][et_pb_row _builder_version=\u00a0\u00bb4.13.0&Prime; _module_preset=\u00a0\u00bbdefault\u00a0\u00bb global_colors_info=\u00a0\u00bb{}\u00a0\u00bb][et_pb_column type=\u00a0\u00bb4_4&Prime; _builder_version=\u00a0\u00bb4.13.0&Prime; _module_preset=\u00a0\u00bbdefault\u00a0\u00bb global_colors_info=\u00a0\u00bb{}\u00a0\u00bb][et_pb_image src=\u00a0\u00bbhttps:\/\/devtntatelier.com\/jeremy\/wp-content\/uploads\/2021\/11\/camille-sauvageau-decoration-maison-noel-6.jpeg\u00a0\u00bb title_text=\u00a0\u00bbcamille-sauvageau-decoration-maison-noel-6&Prime; _builder_version=\u00a0\u00bb4.13.0&Prime; _module_preset=\u00a0\u00bbdefault\u00a0\u00bb global_colors_info=\u00a0\u00bb{}\u00a0\u00bb][\/et_pb_image][\/et_pb_column][\/et_pb_row][et_pb_row _builder_version=\u00a0\u00bb4.13.0&Prime; _module_preset=\u00a0\u00bbdefault\u00a0\u00bb global_colors_info=\u00a0\u00bb{}\u00a0\u00bb][et_pb_column type=\u00a0\u00bb4_4&Prime; _builder_version=\u00a0\u00bb4.13.0&Prime; _module_preset=\u00a0\u00bbdefault\u00a0\u00bb global_colors_info=\u00a0\u00bb{}\u00a0\u00bb][et_pb_text _builder_version=\u00a0\u00bb4.13.0&Prime; _module_preset=\u00a0\u00bbdefault\u00a0\u00bb hover_enabled=\u00a0\u00bb0&Prime; global_colors_info=\u00a0\u00bb{}\u00a0\u00bb sticky_enabled=\u00a0\u00bb0&Prime;]<p>Avec ces quelques conseils, vous serez en mesure de bien pr\u00e9parer votre demeure pour le temps des f\u00eates!<\/p>\n<p>\u00a0CONTACT :<\/p>\n<p>Facebook : <a href=\"https:\/\/www.facebook.com\/csauvageaudesigner\" target=\"_blank\" rel=\"noopener\"><span style=\"text-decoration: underline;\"><strong>Camille Sauvageau Designer d\u2019int\u00e9rieur<\/strong><\/span><\/a><br \/>Instagram : <a href=\"https:\/\/www.instagram.com\/csauvageau_designer\/?hl=fr\" target=\"_blank\" rel=\"noopener\"><strong><span style=\"text-decoration: underline;\">csauvageau_designer<\/span><\/strong><\/a><br \/>Pinterest : <a href=\"https:\/\/www.pinterest.ca\/csauvageaudesigner\/_created\/\" target=\"_blank\" rel=\"noopener\"><span style=\"text-decoration: underline;\"><strong>Camille Sauvageau Designer d\u2019int\u00e9rieur<\/strong><\/span><\/a><br \/>Site web : <strong><span style=\"text-decoration: underline;\"><a href=\"https:\/\/www.csauvageaudesigner.com\" target=\"_blank\" rel=\"noopener\">www.csauvageaudesigner.com<\/a><\/span><\/strong><\/p>\n<p>Source des images : Pinterest.<\/p>[\/et_pb_text][\/et_pb_column][\/et_pb_row][\/et_pb_section]\n\n\n","protected":false},"excerpt":{"rendered":"<p>Pr\u00e9parer votre demeure \u00e0 l\u2019arriv\u00e9e de l\u2019hiver et du temps des f\u00eates!Eh oui, l\u2019hiver est \u00e0 nos portes! Ce qui signifie \u00e9galement que le temps des f\u00eates arrive \u00e0 grands [&hellip;]<\/p>\n","protected":false},"author":19,"featured_media":2993,"comment_status":"open","ping_status":"open","sticky":false,"template":"","format":"standard","meta":{"_et_pb_use_builder":"on","_et_pb_old_content":"","_et_gb_content_width":"","_lmt_disableupdate":"","_lmt_disable":"","_price":"","_stock":"","_tribe_ticket_header":"","_tribe_default_ticket_provider":"","_tribe_ticket_capacity":"0","_ticket_start_date":"","_ticket_end_date":"","_tribe_ticket_show_description":"","_tribe_ticket_show_not_going":false,"_tribe_ticket_use_global_stock":"","_tribe_ticket_global_stock_level":"","_global_stock_mode":"","_global_stock_cap":"","_tribe_rsvp_for_event":"","_tribe_ticket_going_count":"","_tribe_ticket_not_going_count":"","_tribe_tickets_list":"[]","_tribe_ticket_has_attendee_info_fields":false,"footnotes":""},"categories":[96,1,6],"tags":[],"class_list":["post-2973","post","type-post","status-publish","format-standard","has-post-thumbnail","hentry","category-decoration","category-articles-achat-local-extra-maria","category-trucs-de-pros"],"yoast_head":"<!-- This site is optimized with the Yoast SEO Premium plugin v25.9 (Yoast SEO v28.4) - https:\/\/yoast.com\/product\/yoast-seo-premium-wordpress\/ -->\n<title>Comment d\u00e9corer notre maison pour le temps des f\u00eates? - Extra Maria<\/title>\n<meta name=\"robots\" content=\"index, follow, max-snippet:-1, max-image-preview:large, max-video-preview:-1\" \/>\n<link rel=\"canonical\" href=\"https:\/\/devtntatelier.com\/jeremy\/comment-decorer-notre-maison-pour-le-temps-des-fetes\/\" \/>\n<meta property=\"og:locale\" content=\"fr_FR\" \/>\n<meta property=\"og:type\" content=\"article\" \/>\n<meta property=\"og:title\" content=\"Comment d\u00e9corer notre maison pour le temps des f\u00eates?\" \/>\n<meta property=\"og:url\" content=\"https:\/\/devtntatelier.com\/jeremy\/comment-decorer-notre-maison-pour-le-temps-des-fetes\/\" \/>\n<meta property=\"og:site_name\" content=\"Extra Maria\" \/>\n<meta property=\"article:published_time\" content=\"2021-11-25T17:55:15+00:00\" \/>\n<meta property=\"article:modified_time\" content=\"2022-04-18T13:09:59+00:00\" \/>\n<meta property=\"og:image\" content=\"https:\/\/devtntatelier.com\/jeremy\/wp-content\/uploads\/2021\/11\/couverture-article-camille-sauvageau-designer-1.jpg\" \/>\n\t<meta property=\"og:image:width\" content=\"1200\" \/>\n\t<meta property=\"og:image:height\" content=\"630\" \/>\n\t<meta property=\"og:image:type\" content=\"image\/jpeg\" \/>\n<meta name=\"author\" content=\"Camille Sauvageau\" \/>\n<meta name=\"twitter:card\" content=\"summary_large_image\" \/>\n<meta name=\"twitter:image\" content=\"https:\/\/devtntatelier.com\/jeremy\/wp-content\/uploads\/2021\/11\/couverture-article-camille-sauvageau-designer-1.jpg\" \/>\n<meta name=\"twitter:label1\" content=\"\u00c9crit par\" \/>\n\t<meta name=\"twitter:data1\" content=\"Camille Sauvageau\" \/>\n\t<meta name=\"twitter:label2\" content=\"Dur\u00e9e de lecture estim\u00e9e\" \/>\n\t<meta name=\"twitter:data2\" content=\"3 minutes\" \/>\n<script type=\"application\/ld+json\" class=\"yoast-schema-graph\">{\"@context\":\"https:\\\/\\\/schema.org\",\"@graph\":[{\"@type\":\"Article\",\"@id\":\"https:\\\/\\\/devtntatelier.com\\\/jeremy\\\/comment-decorer-notre-maison-pour-le-temps-des-fetes\\\/#article\",\"isPartOf\":{\"@id\":\"https:\\\/\\\/devtntatelier.com\\\/jeremy\\\/comment-decorer-notre-maison-pour-le-temps-des-fetes\\\/\"},\"author\":{\"name\":\"Camille Sauvageau\",\"@id\":\"https:\\\/\\\/devtntatelier.com\\\/jeremy\\\/#\\\/schema\\\/person\\\/51d19206e49cc0cfb185c35b34dda827\"},\"headline\":\"Comment d\u00e9corer notre maison pour le temps des f\u00eates?\",\"datePublished\":\"2021-11-25T17:55:15+00:00\",\"dateModified\":\"2022-04-18T13:09:59+00:00\",\"mainEntityOfPage\":{\"@id\":\"https:\\\/\\\/devtntatelier.com\\\/jeremy\\\/comment-decorer-notre-maison-pour-le-temps-des-fetes\\\/\"},\"wordCount\":1194,\"commentCount\":0,\"image\":{\"@id\":\"https:\\\/\\\/devtntatelier.com\\\/jeremy\\\/comment-decorer-notre-maison-pour-le-temps-des-fetes\\\/#primaryimage\"},\"thumbnailUrl\":\"https:\\\/\\\/devtntatelier.com\\\/jeremy\\\/wp-content\\\/uploads\\\/2021\\\/11\\\/couverture-article-camille-sauvageau-designer.jpg\",\"articleSection\":[\"D\u00e9co\",\"Tous les articles\",\"Trucs de pros\"],\"inLanguage\":\"fr-FR\",\"potentialAction\":[{\"@type\":\"CommentAction\",\"name\":\"Comment\",\"target\":[\"https:\\\/\\\/devtntatelier.com\\\/jeremy\\\/comment-decorer-notre-maison-pour-le-temps-des-fetes\\\/#respond\"]}]},{\"@type\":\"WebPage\",\"@id\":\"https:\\\/\\\/devtntatelier.com\\\/jeremy\\\/comment-decorer-notre-maison-pour-le-temps-des-fetes\\\/\",\"url\":\"https:\\\/\\\/devtntatelier.com\\\/jeremy\\\/comment-decorer-notre-maison-pour-le-temps-des-fetes\\\/\",\"name\":\"Comment d\u00e9corer notre maison pour le temps des f\u00eates? - Extra Maria\",\"isPartOf\":{\"@id\":\"https:\\\/\\\/devtntatelier.com\\\/jeremy\\\/#website\"},\"primaryImageOfPage\":{\"@id\":\"https:\\\/\\\/devtntatelier.com\\\/jeremy\\\/comment-decorer-notre-maison-pour-le-temps-des-fetes\\\/#primaryimage\"},\"image\":{\"@id\":\"https:\\\/\\\/devtntatelier.com\\\/jeremy\\\/comment-decorer-notre-maison-pour-le-temps-des-fetes\\\/#primaryimage\"},\"thumbnailUrl\":\"https:\\\/\\\/devtntatelier.com\\\/jeremy\\\/wp-content\\\/uploads\\\/2021\\\/11\\\/couverture-article-camille-sauvageau-designer.jpg\",\"datePublished\":\"2021-11-25T17:55:15+00:00\",\"dateModified\":\"2022-04-18T13:09:59+00:00\",\"author\":{\"@id\":\"https:\\\/\\\/devtntatelier.com\\\/jeremy\\\/#\\\/schema\\\/person\\\/51d19206e49cc0cfb185c35b34dda827\"},\"breadcrumb\":{\"@id\":\"https:\\\/\\\/devtntatelier.com\\\/jeremy\\\/comment-decorer-notre-maison-pour-le-temps-des-fetes\\\/#breadcrumb\"},\"inLanguage\":\"fr-FR\",\"potentialAction\":[{\"@type\":\"ReadAction\",\"target\":[\"https:\\\/\\\/devtntatelier.com\\\/jeremy\\\/comment-decorer-notre-maison-pour-le-temps-des-fetes\\\/\"]}]},{\"@type\":\"ImageObject\",\"inLanguage\":\"fr-FR\",\"@id\":\"https:\\\/\\\/devtntatelier.com\\\/jeremy\\\/comment-decorer-notre-maison-pour-le-temps-des-fetes\\\/#primaryimage\",\"url\":\"https:\\\/\\\/devtntatelier.com\\\/jeremy\\\/wp-content\\\/uploads\\\/2021\\\/11\\\/couverture-article-camille-sauvageau-designer.jpg\",\"contentUrl\":\"https:\\\/\\\/devtntatelier.com\\\/jeremy\\\/wp-content\\\/uploads\\\/2021\\\/11\\\/couverture-article-camille-sauvageau-designer.jpg\",\"width\":1200,\"height\":630},{\"@type\":\"BreadcrumbList\",\"@id\":\"https:\\\/\\\/devtntatelier.com\\\/jeremy\\\/comment-decorer-notre-maison-pour-le-temps-des-fetes\\\/#breadcrumb\",\"itemListElement\":[{\"@type\":\"ListItem\",\"position\":1,\"name\":\"Accueil\",\"item\":\"https:\\\/\\\/devtntatelier.com\\\/jeremy\\\/\"},{\"@type\":\"ListItem\",\"position\":2,\"name\":\"Comment d\u00e9corer notre maison pour le temps des f\u00eates?\"}]},{\"@type\":\"WebSite\",\"@id\":\"https:\\\/\\\/devtntatelier.com\\\/jeremy\\\/#website\",\"url\":\"https:\\\/\\\/devtntatelier.com\\\/jeremy\\\/\",\"name\":\"Extra Maria\",\"description\":\"Blogue - D\u00e9couvertes locales et achat local\",\"potentialAction\":[{\"@type\":\"SearchAction\",\"target\":{\"@type\":\"EntryPoint\",\"urlTemplate\":\"https:\\\/\\\/devtntatelier.com\\\/jeremy\\\/?s={search_term_string}\"},\"query-input\":{\"@type\":\"PropertyValueSpecification\",\"valueRequired\":true,\"valueName\":\"search_term_string\"}}],\"inLanguage\":\"fr-FR\"},{\"@type\":\"Person\",\"@id\":\"https:\\\/\\\/devtntatelier.com\\\/jeremy\\\/#\\\/schema\\\/person\\\/51d19206e49cc0cfb185c35b34dda827\",\"name\":\"Camille Sauvageau\",\"image\":{\"@type\":\"ImageObject\",\"inLanguage\":\"fr-FR\",\"@id\":\"https:\\\/\\\/secure.gravatar.com\\\/avatar\\\/f0578c4b6db5c391754fe1a90573c23a59d174d8b93004282ee9357d3a8fe319?s=96&d=mm&r=g\",\"url\":\"https:\\\/\\\/secure.gravatar.com\\\/avatar\\\/f0578c4b6db5c391754fe1a90573c23a59d174d8b93004282ee9357d3a8fe319?s=96&d=mm&r=g\",\"contentUrl\":\"https:\\\/\\\/secure.gravatar.com\\\/avatar\\\/f0578c4b6db5c391754fe1a90573c23a59d174d8b93004282ee9357d3a8fe319?s=96&d=mm&r=g\",\"caption\":\"Camille Sauvageau\"},\"description\":\"Apr\u00e8s avoir compl\u00e9t\u00e9 mes \u00e9tudes en design int\u00e9rieur \u00e0 Qu\u00e9bec, j\u2019ai d\u00e9cid\u00e9 de revenir m\u2019\u00e9tablir dans la r\u00e9gion afin d\u2019y d\u00e9marrer mon entreprise. \u00c9tant passionn\u00e9e par le design et gr\u00e2ce \u00e0 mon c\u00f4t\u00e9 audacieux, j\u2019ai su redonner vie \u00e0 plusieurs int\u00e9rieurs qui avaient grandement besoin d\u2019amour. \u00c0 travers mes textes et mes conseils, je souhaite vous transmettre ma passion, vous en apprendre davantage sur mon quotidien en plus de vous inspirer \u00e0 ajouter une petite touche de WOW \u00e0 votre demeure!\",\"url\":\"https:\\\/\\\/devtntatelier.com\\\/jeremy\\\/author\\\/camille-sauvageau\\\/\"}]}<\/script>\n<!-- \/ Yoast SEO Premium plugin. -->","yoast_head_json":{"title":"Comment d\u00e9corer notre maison pour le temps des f\u00eates? - Extra Maria","robots":{"index":"index","follow":"follow","max-snippet":"max-snippet:-1","max-image-preview":"max-image-preview:large","max-video-preview":"max-video-preview:-1"},"canonical":"https:\/\/devtntatelier.com\/jeremy\/comment-decorer-notre-maison-pour-le-temps-des-fetes\/","og_locale":"fr_FR","og_type":"article","og_title":"Comment d\u00e9corer notre maison pour le temps des f\u00eates?","og_url":"https:\/\/devtntatelier.com\/jeremy\/comment-decorer-notre-maison-pour-le-temps-des-fetes\/","og_site_name":"Extra Maria","article_published_time":"2021-11-25T17:55:15+00:00","article_modified_time":"2022-04-18T13:09:59+00:00","og_image":[{"width":1200,"height":630,"url":"https:\/\/devtntatelier.com\/jeremy\/wp-content\/uploads\/2021\/11\/couverture-article-camille-sauvageau-designer-1.jpg","type":"image\/jpeg"}],"author":"Camille Sauvageau","twitter_card":"summary_large_image","twitter_image":"https:\/\/devtntatelier.com\/jeremy\/wp-content\/uploads\/2021\/11\/couverture-article-camille-sauvageau-designer-1.jpg","twitter_misc":{"\u00c9crit par":"Camille Sauvageau","Dur\u00e9e de lecture estim\u00e9e":"3 minutes"},"schema":{"@context":"https:\/\/schema.org","@graph":[{"@type":"Article","@id":"https:\/\/devtntatelier.com\/jeremy\/comment-decorer-notre-maison-pour-le-temps-des-fetes\/#article","isPartOf":{"@id":"https:\/\/devtntatelier.com\/jeremy\/comment-decorer-notre-maison-pour-le-temps-des-fetes\/"},"author":{"name":"Camille Sauvageau","@id":"https:\/\/devtntatelier.com\/jeremy\/#\/schema\/person\/51d19206e49cc0cfb185c35b34dda827"},"headline":"Comment d\u00e9corer notre maison pour le temps des f\u00eates?","datePublished":"2021-11-25T17:55:15+00:00","dateModified":"2022-04-18T13:09:59+00:00","mainEntityOfPage":{"@id":"https:\/\/devtntatelier.com\/jeremy\/comment-decorer-notre-maison-pour-le-temps-des-fetes\/"},"wordCount":1194,"commentCount":0,"image":{"@id":"https:\/\/devtntatelier.com\/jeremy\/comment-decorer-notre-maison-pour-le-temps-des-fetes\/#primaryimage"},"thumbnailUrl":"https:\/\/devtntatelier.com\/jeremy\/wp-content\/uploads\/2021\/11\/couverture-article-camille-sauvageau-designer.jpg","articleSection":["D\u00e9co","Tous les articles","Trucs de pros"],"inLanguage":"fr-FR","potentialAction":[{"@type":"CommentAction","name":"Comment","target":["https:\/\/devtntatelier.com\/jeremy\/comment-decorer-notre-maison-pour-le-temps-des-fetes\/#respond"]}]},{"@type":"WebPage","@id":"https:\/\/devtntatelier.com\/jeremy\/comment-decorer-notre-maison-pour-le-temps-des-fetes\/","url":"https:\/\/devtntatelier.com\/jeremy\/comment-decorer-notre-maison-pour-le-temps-des-fetes\/","name":"Comment d\u00e9corer notre maison pour le temps des f\u00eates? - Extra Maria","isPartOf":{"@id":"https:\/\/devtntatelier.com\/jeremy\/#website"},"primaryImageOfPage":{"@id":"https:\/\/devtntatelier.com\/jeremy\/comment-decorer-notre-maison-pour-le-temps-des-fetes\/#primaryimage"},"image":{"@id":"https:\/\/devtntatelier.com\/jeremy\/comment-decorer-notre-maison-pour-le-temps-des-fetes\/#primaryimage"},"thumbnailUrl":"https:\/\/devtntatelier.com\/jeremy\/wp-content\/uploads\/2021\/11\/couverture-article-camille-sauvageau-designer.jpg","datePublished":"2021-11-25T17:55:15+00:00","dateModified":"2022-04-18T13:09:59+00:00","author":{"@id":"https:\/\/devtntatelier.com\/jeremy\/#\/schema\/person\/51d19206e49cc0cfb185c35b34dda827"},"breadcrumb":{"@id":"https:\/\/devtntatelier.com\/jeremy\/comment-decorer-notre-maison-pour-le-temps-des-fetes\/#breadcrumb"},"inLanguage":"fr-FR","potentialAction":[{"@type":"ReadAction","target":["https:\/\/devtntatelier.com\/jeremy\/comment-decorer-notre-maison-pour-le-temps-des-fetes\/"]}]},{"@type":"ImageObject","inLanguage":"fr-FR","@id":"https:\/\/devtntatelier.com\/jeremy\/comment-decorer-notre-maison-pour-le-temps-des-fetes\/#primaryimage","url":"https:\/\/devtntatelier.com\/jeremy\/wp-content\/uploads\/2021\/11\/couverture-article-camille-sauvageau-designer.jpg","contentUrl":"https:\/\/devtntatelier.com\/jeremy\/wp-content\/uploads\/2021\/11\/couverture-article-camille-sauvageau-designer.jpg","width":1200,"height":630},{"@type":"BreadcrumbList","@id":"https:\/\/devtntatelier.com\/jeremy\/comment-decorer-notre-maison-pour-le-temps-des-fetes\/#breadcrumb","itemListElement":[{"@type":"ListItem","position":1,"name":"Accueil","item":"https:\/\/devtntatelier.com\/jeremy\/"},{"@type":"ListItem","position":2,"name":"Comment d\u00e9corer notre maison pour le temps des f\u00eates?"}]},{"@type":"WebSite","@id":"https:\/\/devtntatelier.com\/jeremy\/#website","url":"https:\/\/devtntatelier.com\/jeremy\/","name":"Extra Maria","description":"Blogue - D\u00e9couvertes locales et achat local","potentialAction":[{"@type":"SearchAction","target":{"@type":"EntryPoint","urlTemplate":"https:\/\/devtntatelier.com\/jeremy\/?s={search_term_string}"},"query-input":{"@type":"PropertyValueSpecification","valueRequired":true,"valueName":"search_term_string"}}],"inLanguage":"fr-FR"},{"@type":"Person","@id":"https:\/\/devtntatelier.com\/jeremy\/#\/schema\/person\/51d19206e49cc0cfb185c35b34dda827","name":"Camille Sauvageau","image":{"@type":"ImageObject","inLanguage":"fr-FR","@id":"https:\/\/secure.gravatar.com\/avatar\/f0578c4b6db5c391754fe1a90573c23a59d174d8b93004282ee9357d3a8fe319?s=96&d=mm&r=g","url":"https:\/\/secure.gravatar.com\/avatar\/f0578c4b6db5c391754fe1a90573c23a59d174d8b93004282ee9357d3a8fe319?s=96&d=mm&r=g","contentUrl":"https:\/\/secure.gravatar.com\/avatar\/f0578c4b6db5c391754fe1a90573c23a59d174d8b93004282ee9357d3a8fe319?s=96&d=mm&r=g","caption":"Camille Sauvageau"},"description":"Apr\u00e8s avoir compl\u00e9t\u00e9 mes \u00e9tudes en design int\u00e9rieur \u00e0 Qu\u00e9bec, j\u2019ai d\u00e9cid\u00e9 de revenir m\u2019\u00e9tablir dans la r\u00e9gion afin d\u2019y d\u00e9marrer mon entreprise. \u00c9tant passionn\u00e9e par le design et gr\u00e2ce \u00e0 mon c\u00f4t\u00e9 audacieux, j\u2019ai su redonner vie \u00e0 plusieurs int\u00e9rieurs qui avaient grandement besoin d\u2019amour. \u00c0 travers mes textes et mes conseils, je souhaite vous transmettre ma passion, vous en apprendre davantage sur mon quotidien en plus de vous inspirer \u00e0 ajouter une petite touche de WOW \u00e0 votre demeure!","url":"https:\/\/devtntatelier.com\/jeremy\/author\/camille-sauvageau\/"}]}},"modified_by":"Am\u00e9lia Fromage","_links":{"self":[{"href":"https:\/\/devtntatelier.com\/jeremy\/wp-json\/wp\/v2\/posts\/2973","targetHints":{"allow":["GET"]}}],"collection":[{"href":"https:\/\/devtntatelier.com\/jeremy\/wp-json\/wp\/v2\/posts"}],"about":[{"href":"https:\/\/devtntatelier.com\/jeremy\/wp-json\/wp\/v2\/types\/post"}],"author":[{"embeddable":true,"href":"https:\/\/devtntatelier.com\/jeremy\/wp-json\/wp\/v2\/users\/19"}],"replies":[{"embeddable":true,"href":"https:\/\/devtntatelier.com\/jeremy\/wp-json\/wp\/v2\/comments?post=2973"}],"version-history":[{"count":0,"href":"https:\/\/devtntatelier.com\/jeremy\/wp-json\/wp\/v2\/posts\/2973\/revisions"}],"wp:featuredmedia":[{"embeddable":true,"href":"https:\/\/devtntatelier.com\/jeremy\/wp-json\/wp\/v2\/media\/2993"}],"wp:attachment":[{"href":"https:\/\/devtntatelier.com\/jeremy\/wp-json\/wp\/v2\/media?parent=2973"}],"wp:term":[{"taxonomy":"category","embeddable":true,"href":"https:\/\/devtntatelier.com\/jeremy\/wp-json\/wp\/v2\/categories?post=2973"},{"taxonomy":"post_tag","embeddable":true,"href":"https:\/\/devtntatelier.com\/jeremy\/wp-json\/wp\/v2\/tags?post=2973"}],"curies":[{"name":"wp","href":"https:\/\/api.w.org\/{rel}","templated":true}]}}