{"id":2936,"date":"2021-11-11T08:04:35","date_gmt":"2021-11-11T13:04:35","guid":{"rendered":"https:\/\/devtntatelier.com\/jeremy\/?p=2936"},"modified":"2021-11-11T19:02:15","modified_gmt":"2021-11-12T00:02:15","slug":"nouvelle-proprietaire-au-restaurant-chez-florence-de-girardville","status":"publish","type":"post","link":"https:\/\/devtntatelier.com\/jeremy\/nouvelle-proprietaire-au-restaurant-chez-florence-de-girardville\/","title":{"rendered":"Nouvelle propri\u00e9taire au restaurant Chez Florence de Girardville"},"content":{"rendered":"<p>[et_pb_section fb_built=\u00a0\u00bb1&Prime; _builder_version=\u00a0\u00bb4.13.0&Prime; _module_preset=\u00a0\u00bbdefault\u00a0\u00bb global_colors_info=\u00a0\u00bb{}\u00a0\u00bb][et_pb_row _builder_version=\u00a0\u00bb4.13.0&Prime; _module_preset=\u00a0\u00bbdefault\u00a0\u00bb global_colors_info=\u00a0\u00bb{}\u00a0\u00bb][et_pb_column type=\u00a0\u00bb4_4&Prime; _builder_version=\u00a0\u00bb4.13.0&Prime; _module_preset=\u00a0\u00bbdefault\u00a0\u00bb global_colors_info=\u00a0\u00bb{}\u00a0\u00bb][et_pb_text _builder_version=\u00a0\u00bb4.13.0&Prime; _module_preset=\u00a0\u00bbdefault\u00a0\u00bb custom_padding=\u00a0\u00bb||0px|||\u00a0\u00bb global_colors_info=\u00a0\u00bb{}\u00a0\u00bb]<\/p>\n<h1><strong>Nouvelle propri\u00e9taire au restaurant chez florence de Girardville<\/strong><\/h1>\n<p><strong><\/strong><\/p>\n<p>Vous le sentiez peut-\u00eatre fid\u00e8les habitu\u00e9s de la place! Une tr\u00e8s grande nouvelle se cache derri\u00e8re les portes du Restaurant Chez Florence au 271B Rue Principale \u00e0 Girardville. Il est maintenant venu le temps de vous annoncer l\u2019aboutissements de plusieurs discussions qui ont eu lieu entre Mme Florence Girard, propri\u00e9taire du restaurant, et Mme Mona Martel, actuellement employ\u00e9e. En effet, une transaction majeure a \u00e9t\u00e9 effectu\u00e9e dans les derniers jours. Mme Mona Martel est officiellement la nouvelle propri\u00e9taire du restaurant. C\u2019est avec toutes nos f\u00e9licitations que nous souhaitons une grande prosp\u00e9rit\u00e9 \u00e0 la toute nouvelle jeune propri\u00e9taire et une bonne retraite \u00e0 l\u2019ancienne propri\u00e9taire.<\/p>\n<p><strong><\/strong><\/p>\n<p>[\/et_pb_text][\/et_pb_column][\/et_pb_row][et_pb_row _builder_version=\u00a0\u00bb4.13.0&Prime; _module_preset=\u00a0\u00bbdefault\u00a0\u00bb global_colors_info=\u00a0\u00bb{}\u00a0\u00bb][et_pb_column type=\u00a0\u00bb4_4&Prime; _builder_version=\u00a0\u00bb4.13.0&Prime; _module_preset=\u00a0\u00bbdefault\u00a0\u00bb global_colors_info=\u00a0\u00bb{}\u00a0\u00bb][et_pb_image src=\u00a0\u00bbhttps:\/\/devtntatelier.com\/jeremy\/wp-content\/uploads\/2021\/11\/restaurant-chez-florence-girardville-4.jpg\u00a0\u00bb title_text=\u00a0\u00bbrestaurant-chez-florence-girardville-4&Prime; _builder_version=\u00a0\u00bb4.13.0&Prime; _module_preset=\u00a0\u00bbdefault\u00a0\u00bb global_colors_info=\u00a0\u00bb{}\u00a0\u00bb][\/et_pb_image][\/et_pb_column][\/et_pb_row][et_pb_row _builder_version=\u00a0\u00bb4.13.0&Prime; _module_preset=\u00a0\u00bbdefault\u00a0\u00bb global_colors_info=\u00a0\u00bb{}\u00a0\u00bb][et_pb_column type=\u00a0\u00bb4_4&Prime; _builder_version=\u00a0\u00bb4.13.0&Prime; _module_preset=\u00a0\u00bbdefault\u00a0\u00bb global_colors_info=\u00a0\u00bb{}\u00a0\u00bb][et_pb_image src=\u00a0\u00bbhttps:\/\/devtntatelier.com\/jeremy\/wp-content\/uploads\/2021\/11\/restaurant-chez-florence-girardville-5.jpg\u00a0\u00bb title_text=\u00a0\u00bbrestaurant-chez-florence-girardville-5&Prime; _builder_version=\u00a0\u00bb4.13.0&Prime; _module_preset=\u00a0\u00bbdefault\u00a0\u00bb global_colors_info=\u00a0\u00bb{}\u00a0\u00bb][\/et_pb_image][\/et_pb_column][\/et_pb_row][\/et_pb_section][et_pb_section fb_built=\u00a0\u00bb1&Prime; _builder_version=\u00a0\u00bb4.13.0&Prime; _module_preset=\u00a0\u00bbdefault\u00a0\u00bb global_colors_info=\u00a0\u00bb{}\u00a0\u00bb][et_pb_row _builder_version=\u00a0\u00bb4.13.0&Prime; _module_preset=\u00a0\u00bbdefault\u00a0\u00bb global_colors_info=\u00a0\u00bb{}\u00a0\u00bb][et_pb_column type=\u00a0\u00bb4_4&Prime; _builder_version=\u00a0\u00bb4.13.0&Prime; _module_preset=\u00a0\u00bbdefault\u00a0\u00bb global_colors_info=\u00a0\u00bb{}\u00a0\u00bb][et_pb_text _builder_version=\u00a0\u00bb4.13.0&Prime; _module_preset=\u00a0\u00bbdefault\u00a0\u00bb global_colors_info=\u00a0\u00bb{}\u00a0\u00bb]<\/p>\n<h2><strong>D\u00e9part \u00e0 la retraite bien m\u00e9rit\u00e9 pour Florence Girard<\/strong><\/h2>\n<p>Ce ne f\u00fbt pas sans \u00e9motion que Florence a pris la d\u00e9cision de vendre le restaurant apr\u00e8s plus de 6 ann\u00e9es \u00e0 la barre, dont les 2 derni\u00e8res avec la pand\u00e9mie. Il en va de soi qu\u2019avec sa d\u00e9termination, ses employ\u00e9s n\u2019ont pu que croire en elle et se retrousser les manches jour apr\u00e8s jour. Elle tient par la m\u00eame occasion \u00e0 remercier les siens avec qui sans eux rien n\u2019aurait \u00e9t\u00e9 possible, ainsi que tous ses fid\u00e8les clients. Que ce soit tous les travailleurs forestiers, les clients locaux, les motoneigistes et le club quad de l\u2019endroit, Florence vous remercie du fond de son c\u0153ur pour la confiance sans borne que vous avez apport\u00e9 envers son \u00e9tablissement.<\/p>\n<p>[\/et_pb_text][\/et_pb_column][\/et_pb_row][\/et_pb_section][et_pb_section fb_built=\u00a0\u00bb1&Prime; _builder_version=\u00a0\u00bb4.13.0&Prime; _module_preset=\u00a0\u00bbdefault\u00a0\u00bb global_colors_info=\u00a0\u00bb{}\u00a0\u00bb][et_pb_row _builder_version=\u00a0\u00bb4.13.0&Prime; _module_preset=\u00a0\u00bbdefault\u00a0\u00bb global_colors_info=\u00a0\u00bb{}\u00a0\u00bb][et_pb_column type=\u00a0\u00bb4_4&Prime; _builder_version=\u00a0\u00bb4.13.0&Prime; _module_preset=\u00a0\u00bbdefault\u00a0\u00bb global_colors_info=\u00a0\u00bb{}\u00a0\u00bb][et_pb_text _builder_version=\u00a0\u00bb4.13.0&Prime; _module_preset=\u00a0\u00bbdefault\u00a0\u00bb global_colors_info=\u00a0\u00bb{}\u00a0\u00bb]<\/p>\n<h2><strong>Un nouveau d\u00e9fi pour Mona Martel qui acquiert le restaurant Chez Florence de Girardville<\/strong><\/h2>\n<p>Nouvellement propri\u00e9taire, Mona Martel, a pris la barre derri\u00e8re les fourneaux de la place d\u00e8s les signatures faites devant le notaire. <strong><em>Ne vous y prenez pas, votre endroit de pr\u00e9dilection demeurera le m\u00eame \u00e0 lequel vous \u00eates habitu\u00e9s. <\/em><\/strong>Vous ne perdrez pas ces d\u00e9licieuses brochettes \u00e0 lesquelles vous \u00eates attach\u00e9s, leur plus que parfait poulet frit ou le gros d\u00e9jeuner quand la p\u00e9nombre de la nuit est toujours pr\u00e9sente. Tout, tout, tout ce que vous \u00eates habitu\u00e9 est l\u00e0 pour rester. L\u2019endroit, les horaires, le personnel et leur signature de menu tout demeurera pareil. Il va sans dire que le service de traiteur continuera \u00e0 exister. Un nouveau visage \u00e0 la direction et des id\u00e9es d\u2019am\u00e9lioration pour vous \u00e9merveiller seront \u00e0 d\u00e9couvrir.<\/p>\n<p>[\/et_pb_text][\/et_pb_column][\/et_pb_row][et_pb_row _builder_version=\u00a0\u00bb4.13.0&Prime; _module_preset=\u00a0\u00bbdefault\u00a0\u00bb global_colors_info=\u00a0\u00bb{}\u00a0\u00bb][et_pb_column type=\u00a0\u00bb4_4&Prime; _builder_version=\u00a0\u00bb4.13.0&Prime; _module_preset=\u00a0\u00bbdefault\u00a0\u00bb global_colors_info=\u00a0\u00bb{}\u00a0\u00bb][et_pb_image src=\u00a0\u00bbhttps:\/\/devtntatelier.com\/jeremy\/wp-content\/uploads\/2021\/11\/restaurant-chez-florence-girardville-3.jpg\u00a0\u00bb title_text=\u00a0\u00bbrestaurant-chez-florence-girardville-3&Prime; _builder_version=\u00a0\u00bb4.13.0&Prime; _module_preset=\u00a0\u00bbdefault\u00a0\u00bb global_colors_info=\u00a0\u00bb{}\u00a0\u00bb][\/et_pb_image][\/et_pb_column][\/et_pb_row][\/et_pb_section][et_pb_section fb_built=\u00a0\u00bb1&Prime; _builder_version=\u00a0\u00bb4.13.0&Prime; _module_preset=\u00a0\u00bbdefault\u00a0\u00bb global_colors_info=\u00a0\u00bb{}\u00a0\u00bb][et_pb_row _builder_version=\u00a0\u00bb4.13.0&Prime; _module_preset=\u00a0\u00bbdefault\u00a0\u00bb global_colors_info=\u00a0\u00bb{}\u00a0\u00bb][et_pb_column type=\u00a0\u00bb4_4&Prime; _builder_version=\u00a0\u00bb4.13.0&Prime; _module_preset=\u00a0\u00bbdefault\u00a0\u00bb global_colors_info=\u00a0\u00bb{}\u00a0\u00bb][et_pb_text _builder_version=\u00a0\u00bb4.13.0&Prime; _module_preset=\u00a0\u00bbdefault\u00a0\u00bb global_colors_info=\u00a0\u00bb{}\u00a0\u00bb]<\/p>\n<h2><strong>M\u00eame excellent service et m\u00eame menu<\/strong><\/h2>\n<p>Toujours au menu, vous pourrez opter pour un succulent club sandwich, un divin sous-marin, un hamburger ou cheeseburger, une traditionnelle poutine ou une d\u00e9licieuse pizza et une grosse frite pour toute la famille. Les f\u00eates arrivent \u00e0 grands pas et qui dit festivit\u00e9 dit pr\u00e9parer \u00e0 manger. Appelez d\u00e8s maintenant pour r\u00e9server votre buffet de No\u00ebl et\/ou du jour de l\u2019an. Ils sauront \u00eatre \u00e0 la hauteur de vos attentes au (418) 258-3935. Vous les retrouverez fid\u00e8lement les lundis de 4:00 \u00e0 19:00, les mardis au jeudi de 5 :00 \u00e0 19 :00, les vendredis de 5:00 \u00e0 20:00, les samedis de 6:00 \u00e0 14:00 et les dimanches de 7:00 \u00e0 14:00.<\/p>\n<p>&nbsp;<\/p>\n<p>[\/et_pb_text][\/et_pb_column][\/et_pb_row][et_pb_row _builder_version=\u00a0\u00bb4.13.0&Prime; _module_preset=\u00a0\u00bbdefault\u00a0\u00bb global_colors_info=\u00a0\u00bb{}\u00a0\u00bb][et_pb_column type=\u00a0\u00bb4_4&Prime; _builder_version=\u00a0\u00bb4.13.0&Prime; _module_preset=\u00a0\u00bbdefault\u00a0\u00bb global_colors_info=\u00a0\u00bb{}\u00a0\u00bb][et_pb_image src=\u00a0\u00bbhttps:\/\/devtntatelier.com\/jeremy\/wp-content\/uploads\/2021\/11\/restaurant-chez-florence-girardville-2.jpg\u00a0\u00bb title_text=\u00a0\u00bbrestaurant-chez-florence-girardville-2&Prime; _builder_version=\u00a0\u00bb4.13.0&Prime; _module_preset=\u00a0\u00bbdefault\u00a0\u00bb global_colors_info=\u00a0\u00bb{}\u00a0\u00bb][\/et_pb_image][\/et_pb_column][\/et_pb_row][et_pb_row _builder_version=\u00a0\u00bb4.13.0&Prime; _module_preset=\u00a0\u00bbdefault\u00a0\u00bb global_colors_info=\u00a0\u00bb{}\u00a0\u00bb][et_pb_column type=\u00a0\u00bb4_4&Prime; _builder_version=\u00a0\u00bb4.13.0&Prime; _module_preset=\u00a0\u00bbdefault\u00a0\u00bb global_colors_info=\u00a0\u00bb{}\u00a0\u00bb][et_pb_image src=\u00a0\u00bbhttps:\/\/devtntatelier.com\/jeremy\/wp-content\/uploads\/2021\/11\/restaurant-chez-florence-girardville-1.jpg\u00a0\u00bb title_text=\u00a0\u00bbrestaurant-chez-florence-girardville-1&Prime; _builder_version=\u00a0\u00bb4.13.0&Prime; _module_preset=\u00a0\u00bbdefault\u00a0\u00bb global_colors_info=\u00a0\u00bb{}\u00a0\u00bb][\/et_pb_image][\/et_pb_column][\/et_pb_row][\/et_pb_section][et_pb_section fb_built=\u00a0\u00bb1&Prime; _builder_version=\u00a0\u00bb4.13.0&Prime; _module_preset=\u00a0\u00bbdefault\u00a0\u00bb global_colors_info=\u00a0\u00bb{}\u00a0\u00bb][et_pb_row _builder_version=\u00a0\u00bb4.13.0&Prime; _module_preset=\u00a0\u00bbdefault\u00a0\u00bb global_colors_info=\u00a0\u00bb{}\u00a0\u00bb][et_pb_column type=\u00a0\u00bb4_4&Prime; _builder_version=\u00a0\u00bb4.13.0&Prime; _module_preset=\u00a0\u00bbdefault\u00a0\u00bb global_colors_info=\u00a0\u00bb{}\u00a0\u00bb][et_pb_text _builder_version=\u00a0\u00bb4.13.0&Prime; _module_preset=\u00a0\u00bbdefault\u00a0\u00bb global_colors_info=\u00a0\u00bb{}\u00a0\u00bb]<\/p>\n<p>\u00a0Allez faire une petite vir\u00e9e pour les f\u00e9liciter\u00a0!\u00a0<\/p>\n<p><strong><u>Coordonn\u00e9es du restaurant<\/u><\/strong><strong>\u00a0: <\/strong><\/p>\n<p><a href=\"tel:4182583935\"><span style=\"text-decoration: underline;\">(418) 258-3935<\/span><\/a><br \/>271 B Rue Principale, Girardville, QC, G0W 1R0<\/p>\n<p>Restez \u00e0 l\u2019aff\u00fbt !\u00a0: <span style=\"text-decoration: underline;\"><a href=\"https:\/\/www.facebook.com\/restochezflo\">www.facebook.com\/restochezflo<\/a><\/span><\/p>\n<p>[\/et_pb_text][\/et_pb_column][\/et_pb_row][\/et_pb_section]<\/p>\n","protected":false},"excerpt":{"rendered":"<p>Nouvelle propri\u00e9taire au restaurant chez florence de Girardville Vous le sentiez peut-\u00eatre fid\u00e8les habitu\u00e9s de la place! Une tr\u00e8s grande nouvelle se cache derri\u00e8re les portes du Restaurant Chez Florence [&hellip;]<\/p>\n","protected":false},"author":20,"featured_media":2947,"comment_status":"closed","ping_status":"closed","sticky":false,"template":"","format":"standard","meta":{"_et_pb_use_builder":"on","_et_pb_old_content":"","_et_gb_content_width":"","_lmt_disableupdate":"","_lmt_disable":"","_price":"","_stock":"","_tribe_ticket_header":"","_tribe_default_ticket_provider":"","_tribe_ticket_capacity":"0","_ticket_start_date":"","_ticket_end_date":"","_tribe_ticket_show_description":"","_tribe_ticket_show_not_going":false,"_tribe_ticket_use_global_stock":"","_tribe_ticket_global_stock_level":"","_global_stock_mode":"","_global_stock_cap":"","_tribe_rsvp_for_event":"","_tribe_ticket_going_count":"","_tribe_ticket_not_going_count":"","_tribe_tickets_list":"[]","_tribe_ticket_has_attendee_info_fields":false,"footnotes":""},"categories":[5,1],"tags":[],"class_list":["post-2936","post","type-post","status-publish","format-standard","has-post-thumbnail","hentry","category-cest-nouveau","category-articles-achat-local-extra-maria"],"yoast_head":"<!-- This site is optimized with the Yoast SEO Premium plugin v25.9 (Yoast SEO v28.4) - https:\/\/yoast.com\/product\/yoast-seo-premium-wordpress\/ -->\n<title>Nouvelle propri\u00e9taire au restaurant Chez Florence de Girardville - Extra Maria<\/title>\n<meta name=\"robots\" content=\"index, follow, max-snippet:-1, max-image-preview:large, max-video-preview:-1\" \/>\n<link rel=\"canonical\" href=\"https:\/\/devtntatelier.com\/jeremy\/nouvelle-proprietaire-au-restaurant-chez-florence-de-girardville\/\" \/>\n<meta property=\"og:locale\" content=\"fr_FR\" \/>\n<meta property=\"og:type\" content=\"article\" \/>\n<meta property=\"og:title\" content=\"Nouvelle propri\u00e9taire au restaurant Chez Florence de Girardville\" \/>\n<meta property=\"og:url\" content=\"https:\/\/devtntatelier.com\/jeremy\/nouvelle-proprietaire-au-restaurant-chez-florence-de-girardville\/\" \/>\n<meta property=\"og:site_name\" content=\"Extra Maria\" \/>\n<meta property=\"article:published_time\" content=\"2021-11-11T13:04:35+00:00\" \/>\n<meta property=\"article:modified_time\" content=\"2021-11-12T00:02:15+00:00\" \/>\n<meta property=\"og:image\" content=\"https:\/\/devtntatelier.com\/jeremy\/wp-content\/uploads\/2021\/11\/restaurant-chez-florence-girardville-6.jpg\" \/>\n\t<meta property=\"og:image:width\" content=\"1200\" \/>\n\t<meta property=\"og:image:height\" content=\"630\" \/>\n\t<meta property=\"og:image:type\" content=\"image\/jpeg\" \/>\n<meta name=\"author\" content=\"Julie Dubois\" \/>\n<meta name=\"twitter:card\" content=\"summary_large_image\" \/>\n<meta name=\"twitter:label1\" content=\"\u00c9crit par\" \/>\n\t<meta name=\"twitter:data1\" content=\"Julie Dubois\" \/>\n\t<meta name=\"twitter:label2\" content=\"Dur\u00e9e de lecture estim\u00e9e\" \/>\n\t<meta name=\"twitter:data2\" content=\"3 minutes\" \/>\n<script type=\"application\/ld+json\" class=\"yoast-schema-graph\">{\"@context\":\"https:\\\/\\\/schema.org\",\"@graph\":[{\"@type\":\"Article\",\"@id\":\"https:\\\/\\\/devtntatelier.com\\\/jeremy\\\/nouvelle-proprietaire-au-restaurant-chez-florence-de-girardville\\\/#article\",\"isPartOf\":{\"@id\":\"https:\\\/\\\/devtntatelier.com\\\/jeremy\\\/nouvelle-proprietaire-au-restaurant-chez-florence-de-girardville\\\/\"},\"author\":{\"name\":\"Julie Dubois\",\"@id\":\"https:\\\/\\\/devtntatelier.com\\\/jeremy\\\/#\\\/schema\\\/person\\\/4e16a93d3f5914a6cca4944ff9454d6b\"},\"headline\":\"Nouvelle propri\u00e9taire au restaurant Chez Florence de Girardville\",\"datePublished\":\"2021-11-11T13:04:35+00:00\",\"dateModified\":\"2021-11-12T00:02:15+00:00\",\"mainEntityOfPage\":{\"@id\":\"https:\\\/\\\/devtntatelier.com\\\/jeremy\\\/nouvelle-proprietaire-au-restaurant-chez-florence-de-girardville\\\/\"},\"wordCount\":1135,\"image\":{\"@id\":\"https:\\\/\\\/devtntatelier.com\\\/jeremy\\\/nouvelle-proprietaire-au-restaurant-chez-florence-de-girardville\\\/#primaryimage\"},\"thumbnailUrl\":\"https:\\\/\\\/devtntatelier.com\\\/jeremy\\\/wp-content\\\/uploads\\\/2021\\\/11\\\/restaurant-chez-florence-girardville-6.jpg\",\"articleSection\":[\"C'est nouveau!\",\"Tous les articles\"],\"inLanguage\":\"fr-FR\"},{\"@type\":\"WebPage\",\"@id\":\"https:\\\/\\\/devtntatelier.com\\\/jeremy\\\/nouvelle-proprietaire-au-restaurant-chez-florence-de-girardville\\\/\",\"url\":\"https:\\\/\\\/devtntatelier.com\\\/jeremy\\\/nouvelle-proprietaire-au-restaurant-chez-florence-de-girardville\\\/\",\"name\":\"Nouvelle propri\u00e9taire au restaurant Chez Florence de Girardville - Extra Maria\",\"isPartOf\":{\"@id\":\"https:\\\/\\\/devtntatelier.com\\\/jeremy\\\/#website\"},\"primaryImageOfPage\":{\"@id\":\"https:\\\/\\\/devtntatelier.com\\\/jeremy\\\/nouvelle-proprietaire-au-restaurant-chez-florence-de-girardville\\\/#primaryimage\"},\"image\":{\"@id\":\"https:\\\/\\\/devtntatelier.com\\\/jeremy\\\/nouvelle-proprietaire-au-restaurant-chez-florence-de-girardville\\\/#primaryimage\"},\"thumbnailUrl\":\"https:\\\/\\\/devtntatelier.com\\\/jeremy\\\/wp-content\\\/uploads\\\/2021\\\/11\\\/restaurant-chez-florence-girardville-6.jpg\",\"datePublished\":\"2021-11-11T13:04:35+00:00\",\"dateModified\":\"2021-11-12T00:02:15+00:00\",\"author\":{\"@id\":\"https:\\\/\\\/devtntatelier.com\\\/jeremy\\\/#\\\/schema\\\/person\\\/4e16a93d3f5914a6cca4944ff9454d6b\"},\"breadcrumb\":{\"@id\":\"https:\\\/\\\/devtntatelier.com\\\/jeremy\\\/nouvelle-proprietaire-au-restaurant-chez-florence-de-girardville\\\/#breadcrumb\"},\"inLanguage\":\"fr-FR\",\"potentialAction\":[{\"@type\":\"ReadAction\",\"target\":[\"https:\\\/\\\/devtntatelier.com\\\/jeremy\\\/nouvelle-proprietaire-au-restaurant-chez-florence-de-girardville\\\/\"]}]},{\"@type\":\"ImageObject\",\"inLanguage\":\"fr-FR\",\"@id\":\"https:\\\/\\\/devtntatelier.com\\\/jeremy\\\/nouvelle-proprietaire-au-restaurant-chez-florence-de-girardville\\\/#primaryimage\",\"url\":\"https:\\\/\\\/devtntatelier.com\\\/jeremy\\\/wp-content\\\/uploads\\\/2021\\\/11\\\/restaurant-chez-florence-girardville-6.jpg\",\"contentUrl\":\"https:\\\/\\\/devtntatelier.com\\\/jeremy\\\/wp-content\\\/uploads\\\/2021\\\/11\\\/restaurant-chez-florence-girardville-6.jpg\",\"width\":1200,\"height\":630},{\"@type\":\"BreadcrumbList\",\"@id\":\"https:\\\/\\\/devtntatelier.com\\\/jeremy\\\/nouvelle-proprietaire-au-restaurant-chez-florence-de-girardville\\\/#breadcrumb\",\"itemListElement\":[{\"@type\":\"ListItem\",\"position\":1,\"name\":\"Accueil\",\"item\":\"https:\\\/\\\/devtntatelier.com\\\/jeremy\\\/\"},{\"@type\":\"ListItem\",\"position\":2,\"name\":\"Nouvelle propri\u00e9taire au restaurant Chez Florence de Girardville\"}]},{\"@type\":\"WebSite\",\"@id\":\"https:\\\/\\\/devtntatelier.com\\\/jeremy\\\/#website\",\"url\":\"https:\\\/\\\/devtntatelier.com\\\/jeremy\\\/\",\"name\":\"Extra Maria\",\"description\":\"Blogue - D\u00e9couvertes locales et achat local\",\"potentialAction\":[{\"@type\":\"SearchAction\",\"target\":{\"@type\":\"EntryPoint\",\"urlTemplate\":\"https:\\\/\\\/devtntatelier.com\\\/jeremy\\\/?s={search_term_string}\"},\"query-input\":{\"@type\":\"PropertyValueSpecification\",\"valueRequired\":true,\"valueName\":\"search_term_string\"}}],\"inLanguage\":\"fr-FR\"},{\"@type\":\"Person\",\"@id\":\"https:\\\/\\\/devtntatelier.com\\\/jeremy\\\/#\\\/schema\\\/person\\\/4e16a93d3f5914a6cca4944ff9454d6b\",\"name\":\"Julie Dubois\",\"image\":{\"@type\":\"ImageObject\",\"inLanguage\":\"fr-FR\",\"@id\":\"https:\\\/\\\/secure.gravatar.com\\\/avatar\\\/9a2a4d84ac3f2a1cb2aad2497ad799e9b24013c7bf6bbae16da016240a41e0f2?s=96&d=mm&r=g\",\"url\":\"https:\\\/\\\/secure.gravatar.com\\\/avatar\\\/9a2a4d84ac3f2a1cb2aad2497ad799e9b24013c7bf6bbae16da016240a41e0f2?s=96&d=mm&r=g\",\"contentUrl\":\"https:\\\/\\\/secure.gravatar.com\\\/avatar\\\/9a2a4d84ac3f2a1cb2aad2497ad799e9b24013c7bf6bbae16da016240a41e0f2?s=96&d=mm&r=g\",\"caption\":\"Julie Dubois\"},\"description\":\"Dans une tout autre vie, il y a quelques ann\u00e9es, j\u2019ai pu occuper des postes plus que convoit\u00e9s. Il y a eu la fonctionnaire f\u00e9d\u00e9rale, la Vice-pr\u00e9sidente r\u00e9gionale adjointe pour plus de 170 000 fonctionnaires f\u00e9d\u00e9raux et la conseill\u00e8re en int\u00e9gration au travail. Maintenant, je manie l\u2019art des mots et du beau. Cr\u00e9atrice de contenu pour les r\u00e9seaux sociaux et site Internet de diverses entreprises; de la sph\u00e8re pharmaceutique en passant par la reproduction de Goldens Retriever. La ville en r\u00e9gion, c\u2019est le mode de vie que je tente de vivre authentiquement dans mon quotidien et ce, depuis mon retour dans notre coin de pays. Exil\u00e9e l\u00e0 o\u00f9 les lumi\u00e8res ne sont pas que des \u00e9toiles, mon bagage a pu \u00eatre acquis afin de m\u2019en servir judicieusement afin de coucher les mots sur papier des petits tr\u00e9sors de nos entrepreneurs. \u00c9picurienne m\u00eame en dormant, j\u2019opterai sur ce sens doublement aiguis\u00e9 pour vous convertir et divertir par le bleu de chez nous.\",\"url\":\"https:\\\/\\\/devtntatelier.com\\\/jeremy\\\/author\\\/julie-dubois\\\/\"}]}<\/script>\n<!-- \/ Yoast SEO Premium plugin. -->","yoast_head_json":{"title":"Nouvelle propri\u00e9taire au restaurant Chez Florence de Girardville - Extra Maria","robots":{"index":"index","follow":"follow","max-snippet":"max-snippet:-1","max-image-preview":"max-image-preview:large","max-video-preview":"max-video-preview:-1"},"canonical":"https:\/\/devtntatelier.com\/jeremy\/nouvelle-proprietaire-au-restaurant-chez-florence-de-girardville\/","og_locale":"fr_FR","og_type":"article","og_title":"Nouvelle propri\u00e9taire au restaurant Chez Florence de Girardville","og_url":"https:\/\/devtntatelier.com\/jeremy\/nouvelle-proprietaire-au-restaurant-chez-florence-de-girardville\/","og_site_name":"Extra Maria","article_published_time":"2021-11-11T13:04:35+00:00","article_modified_time":"2021-11-12T00:02:15+00:00","og_image":[{"width":1200,"height":630,"url":"https:\/\/devtntatelier.com\/jeremy\/wp-content\/uploads\/2021\/11\/restaurant-chez-florence-girardville-6.jpg","type":"image\/jpeg"}],"author":"Julie Dubois","twitter_card":"summary_large_image","twitter_misc":{"\u00c9crit par":"Julie Dubois","Dur\u00e9e de lecture estim\u00e9e":"3 minutes"},"schema":{"@context":"https:\/\/schema.org","@graph":[{"@type":"Article","@id":"https:\/\/devtntatelier.com\/jeremy\/nouvelle-proprietaire-au-restaurant-chez-florence-de-girardville\/#article","isPartOf":{"@id":"https:\/\/devtntatelier.com\/jeremy\/nouvelle-proprietaire-au-restaurant-chez-florence-de-girardville\/"},"author":{"name":"Julie Dubois","@id":"https:\/\/devtntatelier.com\/jeremy\/#\/schema\/person\/4e16a93d3f5914a6cca4944ff9454d6b"},"headline":"Nouvelle propri\u00e9taire au restaurant Chez Florence de Girardville","datePublished":"2021-11-11T13:04:35+00:00","dateModified":"2021-11-12T00:02:15+00:00","mainEntityOfPage":{"@id":"https:\/\/devtntatelier.com\/jeremy\/nouvelle-proprietaire-au-restaurant-chez-florence-de-girardville\/"},"wordCount":1135,"image":{"@id":"https:\/\/devtntatelier.com\/jeremy\/nouvelle-proprietaire-au-restaurant-chez-florence-de-girardville\/#primaryimage"},"thumbnailUrl":"https:\/\/devtntatelier.com\/jeremy\/wp-content\/uploads\/2021\/11\/restaurant-chez-florence-girardville-6.jpg","articleSection":["C'est nouveau!","Tous les articles"],"inLanguage":"fr-FR"},{"@type":"WebPage","@id":"https:\/\/devtntatelier.com\/jeremy\/nouvelle-proprietaire-au-restaurant-chez-florence-de-girardville\/","url":"https:\/\/devtntatelier.com\/jeremy\/nouvelle-proprietaire-au-restaurant-chez-florence-de-girardville\/","name":"Nouvelle propri\u00e9taire au restaurant Chez Florence de Girardville - Extra Maria","isPartOf":{"@id":"https:\/\/devtntatelier.com\/jeremy\/#website"},"primaryImageOfPage":{"@id":"https:\/\/devtntatelier.com\/jeremy\/nouvelle-proprietaire-au-restaurant-chez-florence-de-girardville\/#primaryimage"},"image":{"@id":"https:\/\/devtntatelier.com\/jeremy\/nouvelle-proprietaire-au-restaurant-chez-florence-de-girardville\/#primaryimage"},"thumbnailUrl":"https:\/\/devtntatelier.com\/jeremy\/wp-content\/uploads\/2021\/11\/restaurant-chez-florence-girardville-6.jpg","datePublished":"2021-11-11T13:04:35+00:00","dateModified":"2021-11-12T00:02:15+00:00","author":{"@id":"https:\/\/devtntatelier.com\/jeremy\/#\/schema\/person\/4e16a93d3f5914a6cca4944ff9454d6b"},"breadcrumb":{"@id":"https:\/\/devtntatelier.com\/jeremy\/nouvelle-proprietaire-au-restaurant-chez-florence-de-girardville\/#breadcrumb"},"inLanguage":"fr-FR","potentialAction":[{"@type":"ReadAction","target":["https:\/\/devtntatelier.com\/jeremy\/nouvelle-proprietaire-au-restaurant-chez-florence-de-girardville\/"]}]},{"@type":"ImageObject","inLanguage":"fr-FR","@id":"https:\/\/devtntatelier.com\/jeremy\/nouvelle-proprietaire-au-restaurant-chez-florence-de-girardville\/#primaryimage","url":"https:\/\/devtntatelier.com\/jeremy\/wp-content\/uploads\/2021\/11\/restaurant-chez-florence-girardville-6.jpg","contentUrl":"https:\/\/devtntatelier.com\/jeremy\/wp-content\/uploads\/2021\/11\/restaurant-chez-florence-girardville-6.jpg","width":1200,"height":630},{"@type":"BreadcrumbList","@id":"https:\/\/devtntatelier.com\/jeremy\/nouvelle-proprietaire-au-restaurant-chez-florence-de-girardville\/#breadcrumb","itemListElement":[{"@type":"ListItem","position":1,"name":"Accueil","item":"https:\/\/devtntatelier.com\/jeremy\/"},{"@type":"ListItem","position":2,"name":"Nouvelle propri\u00e9taire au restaurant Chez Florence de Girardville"}]},{"@type":"WebSite","@id":"https:\/\/devtntatelier.com\/jeremy\/#website","url":"https:\/\/devtntatelier.com\/jeremy\/","name":"Extra Maria","description":"Blogue - D\u00e9couvertes locales et achat local","potentialAction":[{"@type":"SearchAction","target":{"@type":"EntryPoint","urlTemplate":"https:\/\/devtntatelier.com\/jeremy\/?s={search_term_string}"},"query-input":{"@type":"PropertyValueSpecification","valueRequired":true,"valueName":"search_term_string"}}],"inLanguage":"fr-FR"},{"@type":"Person","@id":"https:\/\/devtntatelier.com\/jeremy\/#\/schema\/person\/4e16a93d3f5914a6cca4944ff9454d6b","name":"Julie Dubois","image":{"@type":"ImageObject","inLanguage":"fr-FR","@id":"https:\/\/secure.gravatar.com\/avatar\/9a2a4d84ac3f2a1cb2aad2497ad799e9b24013c7bf6bbae16da016240a41e0f2?s=96&d=mm&r=g","url":"https:\/\/secure.gravatar.com\/avatar\/9a2a4d84ac3f2a1cb2aad2497ad799e9b24013c7bf6bbae16da016240a41e0f2?s=96&d=mm&r=g","contentUrl":"https:\/\/secure.gravatar.com\/avatar\/9a2a4d84ac3f2a1cb2aad2497ad799e9b24013c7bf6bbae16da016240a41e0f2?s=96&d=mm&r=g","caption":"Julie Dubois"},"description":"Dans une tout autre vie, il y a quelques ann\u00e9es, j\u2019ai pu occuper des postes plus que convoit\u00e9s. Il y a eu la fonctionnaire f\u00e9d\u00e9rale, la Vice-pr\u00e9sidente r\u00e9gionale adjointe pour plus de 170 000 fonctionnaires f\u00e9d\u00e9raux et la conseill\u00e8re en int\u00e9gration au travail. Maintenant, je manie l\u2019art des mots et du beau. Cr\u00e9atrice de contenu pour les r\u00e9seaux sociaux et site Internet de diverses entreprises; de la sph\u00e8re pharmaceutique en passant par la reproduction de Goldens Retriever. La ville en r\u00e9gion, c\u2019est le mode de vie que je tente de vivre authentiquement dans mon quotidien et ce, depuis mon retour dans notre coin de pays. Exil\u00e9e l\u00e0 o\u00f9 les lumi\u00e8res ne sont pas que des \u00e9toiles, mon bagage a pu \u00eatre acquis afin de m\u2019en servir judicieusement afin de coucher les mots sur papier des petits tr\u00e9sors de nos entrepreneurs. \u00c9picurienne m\u00eame en dormant, j\u2019opterai sur ce sens doublement aiguis\u00e9 pour vous convertir et divertir par le bleu de chez nous.","url":"https:\/\/devtntatelier.com\/jeremy\/author\/julie-dubois\/"}]}},"modified_by":"Am\u00e9lia Fromage","_links":{"self":[{"href":"https:\/\/devtntatelier.com\/jeremy\/wp-json\/wp\/v2\/posts\/2936","targetHints":{"allow":["GET"]}}],"collection":[{"href":"https:\/\/devtntatelier.com\/jeremy\/wp-json\/wp\/v2\/posts"}],"about":[{"href":"https:\/\/devtntatelier.com\/jeremy\/wp-json\/wp\/v2\/types\/post"}],"author":[{"embeddable":true,"href":"https:\/\/devtntatelier.com\/jeremy\/wp-json\/wp\/v2\/users\/20"}],"replies":[{"embeddable":true,"href":"https:\/\/devtntatelier.com\/jeremy\/wp-json\/wp\/v2\/comments?post=2936"}],"version-history":[{"count":0,"href":"https:\/\/devtntatelier.com\/jeremy\/wp-json\/wp\/v2\/posts\/2936\/revisions"}],"wp:featuredmedia":[{"embeddable":true,"href":"https:\/\/devtntatelier.com\/jeremy\/wp-json\/wp\/v2\/media\/2947"}],"wp:attachment":[{"href":"https:\/\/devtntatelier.com\/jeremy\/wp-json\/wp\/v2\/media?parent=2936"}],"wp:term":[{"taxonomy":"category","embeddable":true,"href":"https:\/\/devtntatelier.com\/jeremy\/wp-json\/wp\/v2\/categories?post=2936"},{"taxonomy":"post_tag","embeddable":true,"href":"https:\/\/devtntatelier.com\/jeremy\/wp-json\/wp\/v2\/tags?post=2936"}],"curies":[{"name":"wp","href":"https:\/\/api.w.org\/{rel}","templated":true}]}}