{"id":2906,"date":"2021-11-08T16:21:30","date_gmt":"2021-11-08T21:21:30","guid":{"rendered":"https:\/\/devtntatelier.com\/jeremy\/?p=2906"},"modified":"2021-11-11T06:42:02","modified_gmt":"2021-11-11T11:42:02","slug":"decouvrez-les-marches-de-noel-2021-dans-le-haut-du-lac-saint-jean","status":"publish","type":"post","link":"https:\/\/devtntatelier.com\/jeremy\/decouvrez-les-marches-de-noel-2021-dans-le-haut-du-lac-saint-jean\/","title":{"rendered":"D\u00e9couvrez les March\u00e9s de No\u00ebl 2021 dans le haut du Lac-Saint-Jean"},"content":{"rendered":"<p>[et_pb_section fb_built=\u00a0\u00bb1&Prime; _builder_version=\u00a0\u00bb4.11.3&Prime; _module_preset=\u00a0\u00bbdefault\u00a0\u00bb background_color=\u00a0\u00bb#ca2a2e\u00a0\u00bb global_colors_info=\u00a0\u00bb{}\u00a0\u00bb][et_pb_row _builder_version=\u00a0\u00bb4.11.3&Prime; _module_preset=\u00a0\u00bbdefault\u00a0\u00bb global_colors_info=\u00a0\u00bb{}\u00a0\u00bb][et_pb_column type=\u00a0\u00bb4_4&Prime; _builder_version=\u00a0\u00bb4.11.3&Prime; _module_preset=\u00a0\u00bbdefault\u00a0\u00bb global_colors_info=\u00a0\u00bb{}\u00a0\u00bb][et_pb_text _builder_version=\u00a0\u00bb4.11.3&Prime; _module_preset=\u00a0\u00bbdefault\u00a0\u00bb global_colors_info=\u00a0\u00bb{}\u00a0\u00bb]<\/p>\n<h1 style=\"text-align: center;\"><span style=\"color: #ffffff;\">Participez aux March\u00e9s de No\u00ebl du haut du Lac-Saint-Jean<\/span><\/h1>\n<p>[\/et_pb_text][\/et_pb_column][\/et_pb_row][\/et_pb_section][et_pb_section fb_built=\u00a0\u00bb1&Prime; _builder_version=\u00a0\u00bb4.11.3&Prime; _module_preset=\u00a0\u00bbdefault\u00a0\u00bb background_color=\u00a0\u00bb#3f4746&Prime; border_color_all=\u00a0\u00bb#73c2d6&Prime; border_width_top=\u00a0\u00bb10px\u00a0\u00bb border_width_bottom=\u00a0\u00bb10px\u00a0\u00bb global_colors_info=\u00a0\u00bb{}\u00a0\u00bb][et_pb_row _builder_version=\u00a0\u00bb4.11.3&Prime; _module_preset=\u00a0\u00bbdefault\u00a0\u00bb global_colors_info=\u00a0\u00bb{}\u00a0\u00bb][et_pb_column type=\u00a0\u00bb4_4&Prime; _builder_version=\u00a0\u00bb4.11.3&Prime; _module_preset=\u00a0\u00bbdefault\u00a0\u00bb global_colors_info=\u00a0\u00bb{}\u00a0\u00bb][et_pb_text _builder_version=\u00a0\u00bb4.11.3&Prime; _module_preset=\u00a0\u00bbdefault\u00a0\u00bb global_colors_info=\u00a0\u00bb{}\u00a0\u00bb]<\/p>\n<h2><span style=\"color: #ffffff;\">March\u00e9 de No\u00ebl de Girardville 2021<\/span><\/h2>\n<p>&nbsp;<\/p>\n<p><span style=\"color: #ffffff;\"><strong>DATE ET HEURES :<\/strong> Samedi 20 novembre 2021 de 10h \u00e0 18h30.<\/span><\/p>\n<p><span style=\"color: #ffffff;\"><strong>LIEU :<\/strong> En haut de l&rsquo;ar\u00e9na de Girardville.<\/span><\/p>\n<p>[\/et_pb_text][\/et_pb_column][\/et_pb_row][\/et_pb_section][et_pb_section fb_built=\u00a0\u00bb1&Prime; _builder_version=\u00a0\u00bb4.11.3&Prime; _module_preset=\u00a0\u00bbdefault\u00a0\u00bb background_color=\u00a0\u00bb#3f4746&Prime; border_width_bottom=\u00a0\u00bb10px\u00a0\u00bb border_color_bottom=\u00a0\u00bb#73c2d6&Prime; global_colors_info=\u00a0\u00bb{}\u00a0\u00bb][et_pb_row _builder_version=\u00a0\u00bb4.11.3&Prime; _module_preset=\u00a0\u00bbdefault\u00a0\u00bb global_colors_info=\u00a0\u00bb{}\u00a0\u00bb][et_pb_column type=\u00a0\u00bb4_4&Prime; _builder_version=\u00a0\u00bb4.11.3&Prime; _module_preset=\u00a0\u00bbdefault\u00a0\u00bb global_colors_info=\u00a0\u00bb{}\u00a0\u00bb][et_pb_text _builder_version=\u00a0\u00bb4.11.3&Prime; _module_preset=\u00a0\u00bbdefault\u00a0\u00bb global_colors_info=\u00a0\u00bb{}\u00a0\u00bb]<\/p>\n<h2><span style=\"color: #ffffff;\">March\u00e9 de No\u00ebl d&rsquo;ALBANEL 2021<\/span><\/h2>\n<p><span style=\"color: #000000;\">\u00a0<\/span><\/p>\n<p><span style=\"color: #ffffff;\"><strong>DATES ET HEURES :<\/strong><\/span><br \/><span style=\"color: #ffffff;\">Vendredi 26 novembre 2021 de 18h \u00e0 21h;<\/span><br \/><span style=\"color: #ffffff;\">Samedi 27 novembre 2021 de 10h \u00e0 19h;<\/span><br \/><span style=\"color: #ffffff;\">Dimanche 28 novembre 2021 de 10h \u00e0 15h.<\/span><\/p>\n<p><span style=\"color: #ffffff;\"><\/span><\/p>\n<p><span style=\"color: #ffffff;\"><strong>LIEU :<\/strong> Au camping municipal d&rsquo;Albanel.<\/span><\/p>\n<p><span style=\"color: #ffffff;\"><\/span><\/p>\n<p><span style=\"color: #ffffff;\"><strong>ANIMATIONS :<\/strong> <\/span><br \/><span style=\"color: #ffffff;\">Chasse aux lutins. <\/span><br \/><span style=\"color: #ffffff;\">Pr\u00e9sence de la Petite Ferme \u00e0 Orace le samedi de 13h \u00e0 16h.<\/span><\/p>\n<p>[\/et_pb_text][\/et_pb_column][\/et_pb_row][\/et_pb_section][et_pb_section fb_built=\u00a0\u00bb1&Prime; _builder_version=\u00a0\u00bb4.11.3&Prime; _module_preset=\u00a0\u00bbdefault\u00a0\u00bb background_color=\u00a0\u00bb#3f4746&Prime; border_width_bottom=\u00a0\u00bb10px\u00a0\u00bb border_color_bottom=\u00a0\u00bb#73c2d6&Prime; global_colors_info=\u00a0\u00bb{}\u00a0\u00bb][et_pb_row _builder_version=\u00a0\u00bb4.11.3&Prime; _module_preset=\u00a0\u00bbdefault\u00a0\u00bb global_colors_info=\u00a0\u00bb{}\u00a0\u00bb][et_pb_column type=\u00a0\u00bb4_4&Prime; _builder_version=\u00a0\u00bb4.11.3&Prime; _module_preset=\u00a0\u00bbdefault\u00a0\u00bb global_colors_info=\u00a0\u00bb{}\u00a0\u00bb][et_pb_text _builder_version=\u00a0\u00bb4.11.3&Prime; _module_preset=\u00a0\u00bbdefault\u00a0\u00bb hover_enabled=\u00a0\u00bb0&Prime; global_colors_info=\u00a0\u00bb{}\u00a0\u00bb sticky_enabled=\u00a0\u00bb0&Prime;]<\/p>\n<h2><span style=\"color: #ffffff;\">March\u00e9 de No\u00ebl dE DOLBEAU-MISTASSINI &#8211; INT\u00c9RIEUR 2021<\/span><\/h2>\n<p><span style=\"color: #ffffff;\">\u00a0<\/span><\/p>\n<p><span style=\"color: #ffffff;\"><strong>DATES ET HEURES :<\/strong><\/span><br \/><span style=\"color: #ffffff;\">Vendredi 26 novembre 2021 de 18h \u00e0 20h30;<\/span><br \/><span style=\"color: #ffffff;\">Samedi 27 novembre 2021 de 10h \u00e0 16h30;<\/span><br \/><span style=\"color: #ffffff;\">Dimanche 28 novembre 2021 de 10h \u00e0 16h.<\/span><\/p>\n<p><span style=\"color: #ffffff;\"><\/span><\/p>\n<p><span style=\"color: #ffffff;\"><strong>LIEU :<\/strong> Auberge de la Diligence, Dolbeau-Mistassini.<\/span><\/p>\n<p>[\/et_pb_text][\/et_pb_column][\/et_pb_row][\/et_pb_section][et_pb_section fb_built=\u00a0\u00bb1&Prime; _builder_version=\u00a0\u00bb4.11.3&Prime; _module_preset=\u00a0\u00bbdefault\u00a0\u00bb background_color=\u00a0\u00bb#3f4746&Prime; border_width_bottom=\u00a0\u00bb10px\u00a0\u00bb border_color_bottom=\u00a0\u00bb#73c2d6&Prime; global_colors_info=\u00a0\u00bb{}\u00a0\u00bb][et_pb_row _builder_version=\u00a0\u00bb4.11.3&Prime; _module_preset=\u00a0\u00bbdefault\u00a0\u00bb global_colors_info=\u00a0\u00bb{}\u00a0\u00bb][et_pb_column type=\u00a0\u00bb4_4&Prime; _builder_version=\u00a0\u00bb4.11.3&Prime; _module_preset=\u00a0\u00bbdefault\u00a0\u00bb global_colors_info=\u00a0\u00bb{}\u00a0\u00bb][et_pb_text _builder_version=\u00a0\u00bb4.11.3&Prime; _module_preset=\u00a0\u00bbdefault\u00a0\u00bb global_colors_info=\u00a0\u00bb{}\u00a0\u00bb]<\/p>\n<h2><span style=\"color: #ffffff;\">March\u00e9 de No\u00ebl dE DOLBEAU-MISTASSINI &#8211; EXT\u00c9RIEUR 2021<\/span><\/h2>\n<p><span style=\"color: #ffffff;\">\u00a0<\/span><\/p>\n<p><span style=\"color: #ffffff;\"><strong>DATES :<\/strong> Du jeudi 2 au dimanche 5 d\u00e9cembre 2021.<\/span><\/p>\n<p><span style=\"color: #ffffff;\"><strong>LIEU :<\/strong> Boulevard Wallberg, Dolbeau-Mistassini.<\/span><\/p>\n<p>[\/et_pb_text][\/et_pb_column][\/et_pb_row][\/et_pb_section][et_pb_section fb_built=\u00a0\u00bb1&Prime; _builder_version=\u00a0\u00bb4.11.3&Prime; _module_preset=\u00a0\u00bbdefault\u00a0\u00bb background_color=\u00a0\u00bb#3f4746&Prime; global_colors_info=\u00a0\u00bb{}\u00a0\u00bb][et_pb_row _builder_version=\u00a0\u00bb4.11.3&Prime; _module_preset=\u00a0\u00bbdefault\u00a0\u00bb global_colors_info=\u00a0\u00bb{}\u00a0\u00bb][et_pb_column type=\u00a0\u00bb4_4&Prime; _builder_version=\u00a0\u00bb4.11.3&Prime; _module_preset=\u00a0\u00bbdefault\u00a0\u00bb global_colors_info=\u00a0\u00bb{}\u00a0\u00bb][et_pb_text _builder_version=\u00a0\u00bb4.11.3&Prime; _module_preset=\u00a0\u00bbdefault\u00a0\u00bb global_colors_info=\u00a0\u00bb{}\u00a0\u00bb]<\/p>\n<h2><span style=\"color: #ffffff;\">March\u00e9 de No\u00ebl dE ST-THOMAS-DIDYME 2021<\/span><\/h2>\n<p><span style=\"color: #ffffff;\">\u00a0<\/span><\/p>\n<p><span style=\"color: #ffffff;\"><strong>DATES :<\/strong> Samedi 4 et dimanche 5 d\u00e9cembre 2021.<\/span><\/p>\n<p><span style=\"color: #ffffff;\"><strong>LIEU :<\/strong> Salle de la Gaiet\u00e9, St-Thomas-Didyme.<\/span><\/p>\n<p>[\/et_pb_text][\/et_pb_column][\/et_pb_row][\/et_pb_section]<\/p>\n","protected":false},"excerpt":{"rendered":"<p>Participez aux March\u00e9s de No\u00ebl du haut du Lac-Saint-JeanMarch\u00e9 de No\u00ebl de Girardville 2021 &nbsp; DATE ET HEURES : Samedi 20 novembre 2021 de 10h \u00e0 18h30. LIEU : En [&hellip;]<\/p>\n","protected":false},"author":2,"featured_media":2924,"comment_status":"open","ping_status":"open","sticky":false,"template":"","format":"standard","meta":{"_et_pb_use_builder":"on","_et_pb_old_content":"","_et_gb_content_width":"","_lmt_disableupdate":"","_lmt_disable":"","_price":"","_stock":"","_tribe_ticket_header":"","_tribe_default_ticket_provider":"","_tribe_ticket_capacity":"0","_ticket_start_date":"","_ticket_end_date":"","_tribe_ticket_show_description":"","_tribe_ticket_show_not_going":false,"_tribe_ticket_use_global_stock":"","_tribe_ticket_global_stock_level":"","_global_stock_mode":"","_global_stock_cap":"","_tribe_rsvp_for_event":"","_tribe_ticket_going_count":"","_tribe_ticket_not_going_count":"","_tribe_tickets_list":"[]","_tribe_ticket_has_attendee_info_fields":false,"footnotes":""},"categories":[4],"tags":[],"class_list":["post-2906","post","type-post","status-publish","format-standard","has-post-thumbnail","hentry","category-tendance"],"yoast_head":"<!-- This site is optimized with the Yoast SEO Premium plugin v25.9 (Yoast SEO v28.4) - https:\/\/yoast.com\/product\/yoast-seo-premium-wordpress\/ -->\n<title>D\u00e9couvrez les March\u00e9s de No\u00ebl 2021 dans le haut du Lac-Saint-Jean - Extra Maria<\/title>\n<meta name=\"description\" content=\"D\u00e9couvrez les dates des March\u00e9s de No\u00ebl 2021 du haut du Lac-Saint-Jean pour faire vos achats des F\u00eates. Pensez achat local pour vos cadeaux!\" \/>\n<meta name=\"robots\" content=\"index, follow, max-snippet:-1, max-image-preview:large, max-video-preview:-1\" \/>\n<link rel=\"canonical\" href=\"https:\/\/devtntatelier.com\/jeremy\/decouvrez-les-marches-de-noel-2021-dans-le-haut-du-lac-saint-jean\/\" \/>\n<meta property=\"og:locale\" content=\"fr_FR\" \/>\n<meta property=\"og:type\" content=\"article\" \/>\n<meta property=\"og:title\" content=\"D\u00e9couvrez les March\u00e9s de No\u00ebl 2021 dans le haut du Lac-Saint-Jean\" \/>\n<meta property=\"og:url\" content=\"https:\/\/devtntatelier.com\/jeremy\/decouvrez-les-marches-de-noel-2021-dans-le-haut-du-lac-saint-jean\/\" \/>\n<meta property=\"og:site_name\" content=\"Extra Maria\" \/>\n<meta property=\"article:published_time\" content=\"2021-11-08T21:21:30+00:00\" \/>\n<meta property=\"article:modified_time\" content=\"2021-11-11T11:42:02+00:00\" \/>\n<meta property=\"og:image\" content=\"https:\/\/devtntatelier.com\/jeremy\/wp-content\/uploads\/2021\/11\/Marches-de-Noel-2-1024x577.png\" \/>\n\t<meta property=\"og:image:width\" content=\"1024\" \/>\n\t<meta property=\"og:image:height\" content=\"577\" \/>\n\t<meta property=\"og:image:type\" content=\"image\/png\" \/>\n<meta name=\"author\" content=\"Am\u00e9lia Fromage\" \/>\n<meta name=\"twitter:card\" content=\"summary_large_image\" \/>\n<meta name=\"twitter:label1\" content=\"\u00c9crit par\" \/>\n\t<meta name=\"twitter:data1\" content=\"Am\u00e9lia Fromage\" \/>\n\t<meta name=\"twitter:label2\" content=\"Dur\u00e9e de lecture estim\u00e9e\" \/>\n\t<meta name=\"twitter:data2\" content=\"2 minutes\" \/>\n<script type=\"application\/ld+json\" class=\"yoast-schema-graph\">{\"@context\":\"https:\\\/\\\/schema.org\",\"@graph\":[{\"@type\":\"Article\",\"@id\":\"https:\\\/\\\/devtntatelier.com\\\/jeremy\\\/decouvrez-les-marches-de-noel-2021-dans-le-haut-du-lac-saint-jean\\\/#article\",\"isPartOf\":{\"@id\":\"https:\\\/\\\/devtntatelier.com\\\/jeremy\\\/decouvrez-les-marches-de-noel-2021-dans-le-haut-du-lac-saint-jean\\\/\"},\"author\":{\"name\":\"Am\u00e9lia Fromage\",\"@id\":\"https:\\\/\\\/devtntatelier.com\\\/jeremy\\\/#\\\/schema\\\/person\\\/0a878778dd7d3b51f55c32fe3d0c565b\"},\"headline\":\"D\u00e9couvrez les March\u00e9s de No\u00ebl 2021 dans le haut du Lac-Saint-Jean\",\"datePublished\":\"2021-11-08T21:21:30+00:00\",\"dateModified\":\"2021-11-11T11:42:02+00:00\",\"mainEntityOfPage\":{\"@id\":\"https:\\\/\\\/devtntatelier.com\\\/jeremy\\\/decouvrez-les-marches-de-noel-2021-dans-le-haut-du-lac-saint-jean\\\/\"},\"wordCount\":583,\"commentCount\":0,\"image\":{\"@id\":\"https:\\\/\\\/devtntatelier.com\\\/jeremy\\\/decouvrez-les-marches-de-noel-2021-dans-le-haut-du-lac-saint-jean\\\/#primaryimage\"},\"thumbnailUrl\":\"https:\\\/\\\/devtntatelier.com\\\/jeremy\\\/wp-content\\\/uploads\\\/2021\\\/11\\\/Marches-de-Noel-2.jpg\",\"articleSection\":[\"Tendance\"],\"inLanguage\":\"fr-FR\",\"potentialAction\":[{\"@type\":\"CommentAction\",\"name\":\"Comment\",\"target\":[\"https:\\\/\\\/devtntatelier.com\\\/jeremy\\\/decouvrez-les-marches-de-noel-2021-dans-le-haut-du-lac-saint-jean\\\/#respond\"]}]},{\"@type\":\"WebPage\",\"@id\":\"https:\\\/\\\/devtntatelier.com\\\/jeremy\\\/decouvrez-les-marches-de-noel-2021-dans-le-haut-du-lac-saint-jean\\\/\",\"url\":\"https:\\\/\\\/devtntatelier.com\\\/jeremy\\\/decouvrez-les-marches-de-noel-2021-dans-le-haut-du-lac-saint-jean\\\/\",\"name\":\"D\u00e9couvrez les March\u00e9s de No\u00ebl 2021 dans le haut du Lac-Saint-Jean - Extra Maria\",\"isPartOf\":{\"@id\":\"https:\\\/\\\/devtntatelier.com\\\/jeremy\\\/#website\"},\"primaryImageOfPage\":{\"@id\":\"https:\\\/\\\/devtntatelier.com\\\/jeremy\\\/decouvrez-les-marches-de-noel-2021-dans-le-haut-du-lac-saint-jean\\\/#primaryimage\"},\"image\":{\"@id\":\"https:\\\/\\\/devtntatelier.com\\\/jeremy\\\/decouvrez-les-marches-de-noel-2021-dans-le-haut-du-lac-saint-jean\\\/#primaryimage\"},\"thumbnailUrl\":\"https:\\\/\\\/devtntatelier.com\\\/jeremy\\\/wp-content\\\/uploads\\\/2021\\\/11\\\/Marches-de-Noel-2.jpg\",\"datePublished\":\"2021-11-08T21:21:30+00:00\",\"dateModified\":\"2021-11-11T11:42:02+00:00\",\"author\":{\"@id\":\"https:\\\/\\\/devtntatelier.com\\\/jeremy\\\/#\\\/schema\\\/person\\\/0a878778dd7d3b51f55c32fe3d0c565b\"},\"description\":\"D\u00e9couvrez les dates des March\u00e9s de No\u00ebl 2021 du haut du Lac-Saint-Jean pour faire vos achats des F\u00eates. Pensez achat local pour vos cadeaux!\",\"breadcrumb\":{\"@id\":\"https:\\\/\\\/devtntatelier.com\\\/jeremy\\\/decouvrez-les-marches-de-noel-2021-dans-le-haut-du-lac-saint-jean\\\/#breadcrumb\"},\"inLanguage\":\"fr-FR\",\"potentialAction\":[{\"@type\":\"ReadAction\",\"target\":[\"https:\\\/\\\/devtntatelier.com\\\/jeremy\\\/decouvrez-les-marches-de-noel-2021-dans-le-haut-du-lac-saint-jean\\\/\"]}]},{\"@type\":\"ImageObject\",\"inLanguage\":\"fr-FR\",\"@id\":\"https:\\\/\\\/devtntatelier.com\\\/jeremy\\\/decouvrez-les-marches-de-noel-2021-dans-le-haut-du-lac-saint-jean\\\/#primaryimage\",\"url\":\"https:\\\/\\\/devtntatelier.com\\\/jeremy\\\/wp-content\\\/uploads\\\/2021\\\/11\\\/Marches-de-Noel-2.jpg\",\"contentUrl\":\"https:\\\/\\\/devtntatelier.com\\\/jeremy\\\/wp-content\\\/uploads\\\/2021\\\/11\\\/Marches-de-Noel-2.jpg\",\"width\":1640,\"height\":924},{\"@type\":\"BreadcrumbList\",\"@id\":\"https:\\\/\\\/devtntatelier.com\\\/jeremy\\\/decouvrez-les-marches-de-noel-2021-dans-le-haut-du-lac-saint-jean\\\/#breadcrumb\",\"itemListElement\":[{\"@type\":\"ListItem\",\"position\":1,\"name\":\"Accueil\",\"item\":\"https:\\\/\\\/devtntatelier.com\\\/jeremy\\\/\"},{\"@type\":\"ListItem\",\"position\":2,\"name\":\"D\u00e9couvrez les March\u00e9s de No\u00ebl 2021 dans le haut du Lac-Saint-Jean\"}]},{\"@type\":\"WebSite\",\"@id\":\"https:\\\/\\\/devtntatelier.com\\\/jeremy\\\/#website\",\"url\":\"https:\\\/\\\/devtntatelier.com\\\/jeremy\\\/\",\"name\":\"Extra Maria\",\"description\":\"Blogue - D\u00e9couvertes locales et achat local\",\"potentialAction\":[{\"@type\":\"SearchAction\",\"target\":{\"@type\":\"EntryPoint\",\"urlTemplate\":\"https:\\\/\\\/devtntatelier.com\\\/jeremy\\\/?s={search_term_string}\"},\"query-input\":{\"@type\":\"PropertyValueSpecification\",\"valueRequired\":true,\"valueName\":\"search_term_string\"}}],\"inLanguage\":\"fr-FR\"},{\"@type\":\"Person\",\"@id\":\"https:\\\/\\\/devtntatelier.com\\\/jeremy\\\/#\\\/schema\\\/person\\\/0a878778dd7d3b51f55c32fe3d0c565b\",\"name\":\"Am\u00e9lia Fromage\",\"image\":{\"@type\":\"ImageObject\",\"inLanguage\":\"fr-FR\",\"@id\":\"https:\\\/\\\/secure.gravatar.com\\\/avatar\\\/a89f2060bca3721d4e33f490e22f18c0ca3155a6e14f9b4f5566b298215bc3c0?s=96&d=mm&r=g\",\"url\":\"https:\\\/\\\/secure.gravatar.com\\\/avatar\\\/a89f2060bca3721d4e33f490e22f18c0ca3155a6e14f9b4f5566b298215bc3c0?s=96&d=mm&r=g\",\"contentUrl\":\"https:\\\/\\\/secure.gravatar.com\\\/avatar\\\/a89f2060bca3721d4e33f490e22f18c0ca3155a6e14f9b4f5566b298215bc3c0?s=96&d=mm&r=g\",\"caption\":\"Am\u00e9lia Fromage\"},\"description\":\"De nature curieuse, j\u2019aime d\u00e9couvrir de nouvelles choses et en parler autour de moi. Mes deux passions : jardiner et manger du chocolat\u2026 (peut-\u00eatre qu\u2019un jour, je serai capable de faire pousser du chocolat, haha). Sinon, quoi vous dire? Ah oui! Par mon travail \u00e0 la SADC Maria-Chapdelaine, je suis en contact avec beaucoup d\u2019entrepreneurs et me donne comme mission de vous partager leurs bons coups et vous donner le go\u00fbt d\u2019acheter local. Parce que chaque petit geste compte pour faire une diff\u00e9rence. Bonne lecture!\",\"sameAs\":[\"https:\\\/\\\/sadcmaria.qc.ca\"],\"url\":\"https:\\\/\\\/devtntatelier.com\\\/jeremy\\\/author\\\/amelia\\\/\"}]}<\/script>\n<!-- \/ Yoast SEO Premium plugin. -->","yoast_head_json":{"title":"D\u00e9couvrez les March\u00e9s de No\u00ebl 2021 dans le haut du Lac-Saint-Jean - Extra Maria","description":"D\u00e9couvrez les dates des March\u00e9s de No\u00ebl 2021 du haut du Lac-Saint-Jean pour faire vos achats des F\u00eates. Pensez achat local pour vos cadeaux!","robots":{"index":"index","follow":"follow","max-snippet":"max-snippet:-1","max-image-preview":"max-image-preview:large","max-video-preview":"max-video-preview:-1"},"canonical":"https:\/\/devtntatelier.com\/jeremy\/decouvrez-les-marches-de-noel-2021-dans-le-haut-du-lac-saint-jean\/","og_locale":"fr_FR","og_type":"article","og_title":"D\u00e9couvrez les March\u00e9s de No\u00ebl 2021 dans le haut du Lac-Saint-Jean","og_url":"https:\/\/devtntatelier.com\/jeremy\/decouvrez-les-marches-de-noel-2021-dans-le-haut-du-lac-saint-jean\/","og_site_name":"Extra Maria","article_published_time":"2021-11-08T21:21:30+00:00","article_modified_time":"2021-11-11T11:42:02+00:00","og_image":[{"width":1024,"height":577,"url":"https:\/\/devtntatelier.com\/jeremy\/wp-content\/uploads\/2021\/11\/Marches-de-Noel-2-1024x577.png","type":"image\/png"}],"author":"Am\u00e9lia Fromage","twitter_card":"summary_large_image","twitter_misc":{"\u00c9crit par":"Am\u00e9lia Fromage","Dur\u00e9e de lecture estim\u00e9e":"2 minutes"},"schema":{"@context":"https:\/\/schema.org","@graph":[{"@type":"Article","@id":"https:\/\/devtntatelier.com\/jeremy\/decouvrez-les-marches-de-noel-2021-dans-le-haut-du-lac-saint-jean\/#article","isPartOf":{"@id":"https:\/\/devtntatelier.com\/jeremy\/decouvrez-les-marches-de-noel-2021-dans-le-haut-du-lac-saint-jean\/"},"author":{"name":"Am\u00e9lia Fromage","@id":"https:\/\/devtntatelier.com\/jeremy\/#\/schema\/person\/0a878778dd7d3b51f55c32fe3d0c565b"},"headline":"D\u00e9couvrez les March\u00e9s de No\u00ebl 2021 dans le haut du Lac-Saint-Jean","datePublished":"2021-11-08T21:21:30+00:00","dateModified":"2021-11-11T11:42:02+00:00","mainEntityOfPage":{"@id":"https:\/\/devtntatelier.com\/jeremy\/decouvrez-les-marches-de-noel-2021-dans-le-haut-du-lac-saint-jean\/"},"wordCount":583,"commentCount":0,"image":{"@id":"https:\/\/devtntatelier.com\/jeremy\/decouvrez-les-marches-de-noel-2021-dans-le-haut-du-lac-saint-jean\/#primaryimage"},"thumbnailUrl":"https:\/\/devtntatelier.com\/jeremy\/wp-content\/uploads\/2021\/11\/Marches-de-Noel-2.jpg","articleSection":["Tendance"],"inLanguage":"fr-FR","potentialAction":[{"@type":"CommentAction","name":"Comment","target":["https:\/\/devtntatelier.com\/jeremy\/decouvrez-les-marches-de-noel-2021-dans-le-haut-du-lac-saint-jean\/#respond"]}]},{"@type":"WebPage","@id":"https:\/\/devtntatelier.com\/jeremy\/decouvrez-les-marches-de-noel-2021-dans-le-haut-du-lac-saint-jean\/","url":"https:\/\/devtntatelier.com\/jeremy\/decouvrez-les-marches-de-noel-2021-dans-le-haut-du-lac-saint-jean\/","name":"D\u00e9couvrez les March\u00e9s de No\u00ebl 2021 dans le haut du Lac-Saint-Jean - Extra Maria","isPartOf":{"@id":"https:\/\/devtntatelier.com\/jeremy\/#website"},"primaryImageOfPage":{"@id":"https:\/\/devtntatelier.com\/jeremy\/decouvrez-les-marches-de-noel-2021-dans-le-haut-du-lac-saint-jean\/#primaryimage"},"image":{"@id":"https:\/\/devtntatelier.com\/jeremy\/decouvrez-les-marches-de-noel-2021-dans-le-haut-du-lac-saint-jean\/#primaryimage"},"thumbnailUrl":"https:\/\/devtntatelier.com\/jeremy\/wp-content\/uploads\/2021\/11\/Marches-de-Noel-2.jpg","datePublished":"2021-11-08T21:21:30+00:00","dateModified":"2021-11-11T11:42:02+00:00","author":{"@id":"https:\/\/devtntatelier.com\/jeremy\/#\/schema\/person\/0a878778dd7d3b51f55c32fe3d0c565b"},"description":"D\u00e9couvrez les dates des March\u00e9s de No\u00ebl 2021 du haut du Lac-Saint-Jean pour faire vos achats des F\u00eates. Pensez achat local pour vos cadeaux!","breadcrumb":{"@id":"https:\/\/devtntatelier.com\/jeremy\/decouvrez-les-marches-de-noel-2021-dans-le-haut-du-lac-saint-jean\/#breadcrumb"},"inLanguage":"fr-FR","potentialAction":[{"@type":"ReadAction","target":["https:\/\/devtntatelier.com\/jeremy\/decouvrez-les-marches-de-noel-2021-dans-le-haut-du-lac-saint-jean\/"]}]},{"@type":"ImageObject","inLanguage":"fr-FR","@id":"https:\/\/devtntatelier.com\/jeremy\/decouvrez-les-marches-de-noel-2021-dans-le-haut-du-lac-saint-jean\/#primaryimage","url":"https:\/\/devtntatelier.com\/jeremy\/wp-content\/uploads\/2021\/11\/Marches-de-Noel-2.jpg","contentUrl":"https:\/\/devtntatelier.com\/jeremy\/wp-content\/uploads\/2021\/11\/Marches-de-Noel-2.jpg","width":1640,"height":924},{"@type":"BreadcrumbList","@id":"https:\/\/devtntatelier.com\/jeremy\/decouvrez-les-marches-de-noel-2021-dans-le-haut-du-lac-saint-jean\/#breadcrumb","itemListElement":[{"@type":"ListItem","position":1,"name":"Accueil","item":"https:\/\/devtntatelier.com\/jeremy\/"},{"@type":"ListItem","position":2,"name":"D\u00e9couvrez les March\u00e9s de No\u00ebl 2021 dans le haut du Lac-Saint-Jean"}]},{"@type":"WebSite","@id":"https:\/\/devtntatelier.com\/jeremy\/#website","url":"https:\/\/devtntatelier.com\/jeremy\/","name":"Extra Maria","description":"Blogue - D\u00e9couvertes locales et achat local","potentialAction":[{"@type":"SearchAction","target":{"@type":"EntryPoint","urlTemplate":"https:\/\/devtntatelier.com\/jeremy\/?s={search_term_string}"},"query-input":{"@type":"PropertyValueSpecification","valueRequired":true,"valueName":"search_term_string"}}],"inLanguage":"fr-FR"},{"@type":"Person","@id":"https:\/\/devtntatelier.com\/jeremy\/#\/schema\/person\/0a878778dd7d3b51f55c32fe3d0c565b","name":"Am\u00e9lia Fromage","image":{"@type":"ImageObject","inLanguage":"fr-FR","@id":"https:\/\/secure.gravatar.com\/avatar\/a89f2060bca3721d4e33f490e22f18c0ca3155a6e14f9b4f5566b298215bc3c0?s=96&d=mm&r=g","url":"https:\/\/secure.gravatar.com\/avatar\/a89f2060bca3721d4e33f490e22f18c0ca3155a6e14f9b4f5566b298215bc3c0?s=96&d=mm&r=g","contentUrl":"https:\/\/secure.gravatar.com\/avatar\/a89f2060bca3721d4e33f490e22f18c0ca3155a6e14f9b4f5566b298215bc3c0?s=96&d=mm&r=g","caption":"Am\u00e9lia Fromage"},"description":"De nature curieuse, j\u2019aime d\u00e9couvrir de nouvelles choses et en parler autour de moi. Mes deux passions : jardiner et manger du chocolat\u2026 (peut-\u00eatre qu\u2019un jour, je serai capable de faire pousser du chocolat, haha). Sinon, quoi vous dire? Ah oui! Par mon travail \u00e0 la SADC Maria-Chapdelaine, je suis en contact avec beaucoup d\u2019entrepreneurs et me donne comme mission de vous partager leurs bons coups et vous donner le go\u00fbt d\u2019acheter local. Parce que chaque petit geste compte pour faire une diff\u00e9rence. Bonne lecture!","sameAs":["https:\/\/sadcmaria.qc.ca"],"url":"https:\/\/devtntatelier.com\/jeremy\/author\/amelia\/"}]}},"modified_by":"Am\u00e9lia Fromage","_links":{"self":[{"href":"https:\/\/devtntatelier.com\/jeremy\/wp-json\/wp\/v2\/posts\/2906","targetHints":{"allow":["GET"]}}],"collection":[{"href":"https:\/\/devtntatelier.com\/jeremy\/wp-json\/wp\/v2\/posts"}],"about":[{"href":"https:\/\/devtntatelier.com\/jeremy\/wp-json\/wp\/v2\/types\/post"}],"author":[{"embeddable":true,"href":"https:\/\/devtntatelier.com\/jeremy\/wp-json\/wp\/v2\/users\/2"}],"replies":[{"embeddable":true,"href":"https:\/\/devtntatelier.com\/jeremy\/wp-json\/wp\/v2\/comments?post=2906"}],"version-history":[{"count":0,"href":"https:\/\/devtntatelier.com\/jeremy\/wp-json\/wp\/v2\/posts\/2906\/revisions"}],"wp:featuredmedia":[{"embeddable":true,"href":"https:\/\/devtntatelier.com\/jeremy\/wp-json\/wp\/v2\/media\/2924"}],"wp:attachment":[{"href":"https:\/\/devtntatelier.com\/jeremy\/wp-json\/wp\/v2\/media?parent=2906"}],"wp:term":[{"taxonomy":"category","embeddable":true,"href":"https:\/\/devtntatelier.com\/jeremy\/wp-json\/wp\/v2\/categories?post=2906"},{"taxonomy":"post_tag","embeddable":true,"href":"https:\/\/devtntatelier.com\/jeremy\/wp-json\/wp\/v2\/tags?post=2906"}],"curies":[{"name":"wp","href":"https:\/\/api.w.org\/{rel}","templated":true}]}}