{"id":2846,"date":"2021-10-29T11:16:26","date_gmt":"2021-10-29T15:16:26","guid":{"rendered":"https:\/\/devtntatelier.com\/jeremy\/?p=2846"},"modified":"2024-12-09T10:58:29","modified_gmt":"2024-12-09T15:58:29","slug":"15-activites-d-automne-et-d-hiver-a-faire-au-lac-saint-jean","status":"publish","type":"post","link":"https:\/\/devtntatelier.com\/jeremy\/15-activites-d-automne-et-d-hiver-a-faire-au-lac-saint-jean\/","title":{"rendered":"D\u00e9couvrez 15 activit\u00e9s d&rsquo;automne et d&rsquo;hiver \u00e0 faire au Lac-Saint-Jean"},"content":{"rendered":"<p>[et_pb_section fb_built=\u00a0\u00bb1&Prime; _builder_version=\u00a0\u00bb4.16&Prime; _module_preset=\u00a0\u00bbdefault\u00a0\u00bb custom_padding=\u00a0\u00bb10px||0px|||\u00a0\u00bb global_colors_info=\u00a0\u00bb{}\u00a0\u00bb][et_pb_row _builder_version=\u00a0\u00bb4.16&Prime; _module_preset=\u00a0\u00bbdefault\u00a0\u00bb global_colors_info=\u00a0\u00bb{}\u00a0\u00bb][et_pb_column type=\u00a0\u00bb4_4&Prime; _builder_version=\u00a0\u00bb4.16&Prime; _module_preset=\u00a0\u00bbdefault\u00a0\u00bb global_colors_info=\u00a0\u00bb{}\u00a0\u00bb][et_pb_text _builder_version=\u00a0\u00bb4.27.4&Prime; _module_preset=\u00a0\u00bbdefault\u00a0\u00bb custom_padding=\u00a0\u00bb14px||14px|42px||\u00a0\u00bb hover_enabled=\u00a0\u00bb0&Prime; global_colors_info=\u00a0\u00bb{}\u00a0\u00bb sticky_enabled=\u00a0\u00bb0&Prime;]<\/p>\n<h1 style=\"text-align: center;\"><span style=\"font-size: xx-large;\">D\u00e9couvrez 15 activit\u00e9s d&rsquo;automne et d&rsquo;hiver incontournables \u00e0 faire au Lac-Saint-Jean<\/span><\/h1>\n<p><span style=\"font-size: xx-large;\"><\/span><\/p>\n<p><span style=\"font-size: xx-large;\"><\/span><\/p>\n<p><span style=\"font-size: xx-large;\"><\/span><\/p>\n<p><span style=\"font-size: xx-large;\"><\/span><\/p>\n<p style=\"text-align: center;\"><span style=\"font-size: x-large;\">La MRC Maria-Chapdelaine contient de multiples activit\u00e9s et \u00e9v\u00e9nements \u00e0 faire durant l\u2019\u00e9t\u00e9. Afin d\u2019avoir le calendrier d\u2019activit\u00e9s \u00e0 jour, consultez le calendrier\u00a0<span style=\"text-decoration: underline; color: #8300e9;\"><a href=\"https:\/\/oselepaysdesbleuets.com\/samuser-ici\/\" target=\"_blank\" rel=\"noopener\" style=\"color: #8300e9; text-decoration: underline;\">Ose t\u2019amuser ici!<\/a><\/span><\/span><\/p>\n<p>[\/et_pb_text][\/et_pb_column][\/et_pb_row][\/et_pb_section][et_pb_section fb_built=\u00a0\u00bb1&Prime; _builder_version=\u00a0\u00bb4.16&Prime; _module_preset=\u00a0\u00bbdefault\u00a0\u00bb custom_padding=\u00a0\u00bb0px||0px|||\u00a0\u00bb global_colors_info=\u00a0\u00bb{}\u00a0\u00bb][et_pb_row _builder_version=\u00a0\u00bb4.16&Prime; _module_preset=\u00a0\u00bbdefault\u00a0\u00bb global_colors_info=\u00a0\u00bb{}\u00a0\u00bb][et_pb_column type=\u00a0\u00bb4_4&Prime; _builder_version=\u00a0\u00bb4.16&Prime; _module_preset=\u00a0\u00bbdefault\u00a0\u00bb global_colors_info=\u00a0\u00bb{}\u00a0\u00bb][et_pb_text _builder_version=\u00a0\u00bb4.16&Prime; _module_preset=\u00a0\u00bbdefault\u00a0\u00bb inline_fonts=\u00a0\u00bbPoppins\u00a0\u00bb global_colors_info=\u00a0\u00bb{}\u00a0\u00bb]<\/p>\n<h3 style=\"text-align: center;\"><strong><span style=\"font-family: Poppins; font-size: xx-large;\">no. 1<\/span><\/strong><\/h3>\n<h3 style=\"text-align: center;\"><span style=\"font-family: Poppins; font-weight: normal; font-size: large;\"><strong><u>Souper au Resto-Bar suite 117<\/u><\/strong><\/span><\/h3>\n<p style=\"text-align: center;\"><span style=\"font-family: Poppins; font-weight: normal; font-size: large;\"><strong>\u00a0<\/strong>Vous organisez un \u00e9v\u00e9nement sp\u00e9cial ou pour une envie d\u2019un plus que parfait repas gastronomique l\u00e0 o\u00f9 les papilles dansent en bouche. Le resto-bar suite 117, il va sans dire que c\u2019est l\u2019endroit de pr\u00e9dilection pour <strong>un menu avant-gardiste, avec une ambiance digne d\u2019un grand bar \u00e0 cocktails purement chic-moderne.<\/strong> Le seul endroit de cette gamme dans la MRC qui vous offre cette panoplie de plats gourmands. Vous y trouverez des fruits de mer des Cara\u00efbes (crabes, crevettes, homards, p\u00e9toncles ou un tartare exaltant), des succulents sushis, une divine bavette de b\u0153uf Angus AAA, un poulet g\u00e9n\u00e9ral Thao ou bien un excellant canard confit du Lac Brome. On vous servira le tout avec une diversit\u00e9 de vins, sugg\u00e9r\u00e9 avec expertise. <strong>Ils offrent \u00e9galement la livraison pour ceux qui ne veulent braver le temps maussade.<\/strong><\/span><\/p>\n<p style=\"text-align: center;\"><span style=\"font-family: Poppins; font-weight: normal; font-size: large;\"><strong><em><u>Coordonn\u00e9es<\/u><\/em><\/strong><strong><em>\u00a0:<\/em><\/strong><\/span><br \/><span style=\"font-family: Poppins; font-weight: normal; font-size: large;\"> <strong>Pour les rejoindre\u00a0:<\/strong> <span style=\"text-decoration: underline;\"><a href=\"tel:4182765666\">418 276-5666<\/a><\/span><\/span><br \/><span style=\"font-family: Poppins; font-weight: normal; font-size: large;\"> <strong>Adresse\u00a0:<\/strong> 112 Avenue de l\u2019\u00c9glise, Dolbeau-Mistassini, Qc, G8L 4W4<\/span><br \/><span style=\"font-family: Poppins; font-weight: normal; font-size: large;\"> <strong>Informations suppl\u00e9mentaires\u00a0<\/strong>:\u00a0 <a href=\"https:\/\/suite117restobar.com\"><span style=\"text-decoration: underline;\">suite117restobar.com<\/span> I <span style=\"text-decoration: underline;\">Page Facebook de Suite 117 Resto-Bar<\/span><\/a><\/span><\/p>\n<p>[\/et_pb_text][\/et_pb_column][\/et_pb_row][et_pb_row _builder_version=\u00a0\u00bb4.16&Prime; _module_preset=\u00a0\u00bbdefault\u00a0\u00bb global_colors_info=\u00a0\u00bb{}\u00a0\u00bb][et_pb_column type=\u00a0\u00bb4_4&Prime; _builder_version=\u00a0\u00bb4.16&Prime; _module_preset=\u00a0\u00bbdefault\u00a0\u00bb global_colors_info=\u00a0\u00bb{}\u00a0\u00bb][et_pb_image src=\u00a0\u00bbhttps:\/\/devtntatelier.com\/jeremy\/wp-content\/uploads\/2021\/10\/resto-bar-suite-117-dolbeau-mistassini.jpg\u00a0\u00bb title_text=\u00a0\u00bbresto-bar-suite-117-dolbeau-mistassini\u00a0\u00bb align=\u00a0\u00bbcenter\u00a0\u00bb _builder_version=\u00a0\u00bb4.27.4&Prime; _module_preset=\u00a0\u00bbdefault\u00a0\u00bb global_colors_info=\u00a0\u00bb{}\u00a0\u00bb][\/et_pb_image][et_pb_text _builder_version=\u00a0\u00bb4.16&Prime; _module_preset=\u00a0\u00bbdefault\u00a0\u00bb custom_padding=\u00a0\u00bb12px||9px|||\u00a0\u00bb global_colors_info=\u00a0\u00bb{}\u00a0\u00bb]<\/p>\n<p style=\"text-align: center;\">(Cr\u00e9dit photo : Resto-Bar Suite 117)<\/p>\n<p>[\/et_pb_text][\/et_pb_column][\/et_pb_row][\/et_pb_section][et_pb_section fb_built=\u00a0\u00bb1&Prime; _builder_version=\u00a0\u00bb4.16&Prime; _module_preset=\u00a0\u00bbdefault\u00a0\u00bb custom_padding=\u00a0\u00bb0px||0px|||\u00a0\u00bb global_colors_info=\u00a0\u00bb{}\u00a0\u00bb][et_pb_row _builder_version=\u00a0\u00bb4.16&Prime; _module_preset=\u00a0\u00bbdefault\u00a0\u00bb global_colors_info=\u00a0\u00bb{}\u00a0\u00bb][et_pb_column type=\u00a0\u00bb4_4&Prime; _builder_version=\u00a0\u00bb4.16&Prime; _module_preset=\u00a0\u00bbdefault\u00a0\u00bb global_colors_info=\u00a0\u00bb{}\u00a0\u00bb][et_pb_text _builder_version=\u00a0\u00bb4.16&Prime; _module_preset=\u00a0\u00bbdefault\u00a0\u00bb inline_fonts=\u00a0\u00bbPoppins\u00a0\u00bb global_colors_info=\u00a0\u00bb{}\u00a0\u00bb]<\/p>\n<h3 style=\"text-align: center;\"><strong><span style=\"font-family: Poppins; font-size: xx-large;\"><\/span><\/strong><\/h3>\n<h3 style=\"text-align: center;\"><strong><span style=\"font-family: Poppins; font-size: xx-large;\">No. 2<\/span><\/strong><\/h3>\n<h3 style=\"text-align: center;\"><span style=\"font-family: Poppins; font-weight: normal; font-size: large;\"><strong><u>Sortie canot avec Aventuraid \/ Dormir avec les loups Parc Mahikan<\/u><\/strong><span style=\"text-decoration: underline;\"><\/span><\/span><\/h3>\n<p style=\"text-align: center;\"><span style=\"font-family: Poppins; font-weight: normal; font-size: large;\"><strong>D\u00e9couverte !!<\/strong> Avec Aventuraild \/ Parc Mahikan vous avez acc\u00e8s \u00e0 des activit\u00e9s en solo ou \u00e0 plusieurs au cours desquelles vous serez enti\u00e8rement s\u00e9duits par l\u2019adr\u00e9naline. Que ce soit avec les chiens de traineaux ou la rencontre avec les loups, vous trouverez chaussures \u00e0 vos pieds. Vivez l&rsquo;exp\u00e9rience authentique d&rsquo;une aventure en tra\u00eeneau \u00e0 chiens. D\u00e9couvrez au c\u0153ur de l&rsquo;immensit\u00e9 blanche un monde magique et fascinant, encore plus que vous ne le r\u00eaviez. Un univers s&rsquo;offre \u00e0 vous, celui du musher et de ses chiens pleins d&rsquo;\u00e9nergie et d&rsquo;affection.<\/span><\/p>\n<p style=\"text-align: center;\"><span style=\"font-family: Poppins; font-weight: normal; font-size: large;\">Vous vous retrouverez \u00e0 faire un choix entre l\u2019initiation aux chiens de traineaux, l\u2019aventure entre chiens et loups, le Raid aventure Skimok ou les v\u00e9ritables exp\u00e9ditions au sein d&rsquo;environnements exceptionnel tels que les Monts Groulx et la Baie James (deux exp\u00e9ditions en chiens de tra\u00eeneau durant 12 jours et 11 nuits).<\/span><\/p>\n<p style=\"text-align: center;\"><span style=\"font-family: Poppins; font-weight: normal; font-size: large;\">Un tantinet plus cocooning? D\u00e9couvrez leur forfait et visite guid\u00e9e pour l\u2019acc\u00e8s au parc des loups, cet animal fascinant et mythique. L\u2019envo\u00fbtement sera \u00e0 son meilleur en optant pour dormir dans l\u2019\u00e9colodge au milieu des loups. <em>\u00ab H\u00e9bergements insolites au c\u0153ur du <\/em><em>parc Mahikan pour passer la nuit pr\u00e8s des loups : vous dormirez berc\u00e9s par leurs hurlements apr\u00e8s les avoir observ\u00e9s depuis votre fen\u00eatre, \u00e0 moins que ce ne soit l&rsquo;inverse&#8230;\u00bb<\/em><\/span><\/p>\n<p style=\"text-align: center;\"><span style=\"font-family: Poppins; font-weight: normal; font-size: large;\"><em> <\/em><strong>R\u00c9SERVATION OBLIGATOIR<\/strong><\/span><span style=\"font-family: Poppins; font-weight: normal; font-size: large;\"><strong>E<\/strong><\/span><\/p>\n<p style=\"text-align: center;\"><span style=\"font-family: Poppins; font-weight: normal; font-size: large;\"><strong>Tarifs : Consultez leur site web, les tarifs sont susceptibles de changer \u00e0 chaque ann\u00e9e.<\/strong><\/span><\/p>\n<p style=\"text-align: center;\"><strong style=\"font-family: Poppins; font-size: large; background-color: transparent;\"><em><u>Coordonn\u00e9es<\/u><\/em><\/strong><strong style=\"font-family: Poppins; font-size: large; background-color: transparent;\"><em>\u00a0:<\/em><\/strong><\/p>\n<p style=\"text-align: center;\"><span style=\"font-family: Poppins; font-weight: normal; font-size: large;\"><strong>Pour les rejoindre\u00a0:<\/strong> <a href=\"tel:4182583529\"><span style=\"text-decoration: underline;\">418 258-3529<\/span><\/a><\/span><br \/><span style=\"font-family: Poppins; font-weight: normal; font-size: large;\"><strong>Adresse\u00a0:<\/strong> 2395 Rang de la Pointe Girardville Centre, Qc, G0W 1R0<\/span><br \/><span style=\"font-family: Poppins; font-weight: normal; font-size: large;\"><strong>Informations suppl\u00e9mentaires : <\/strong><span style=\"text-decoration: underline;\"><a href=\"www.aventuraid.qc.ca\">www.aventuraid.qc.ca<\/a><\/span><a href=\"www.aventuraid.qc.ca\"> I <\/a><span style=\"text-decoration: underline;\"><a href=\"https:\/\/www.facebook.com\/Aventuraid\">www.facebook.com\/Aventuraid<\/a><\/span><\/span><\/p>\n<p>[\/et_pb_text][\/et_pb_column][\/et_pb_row][et_pb_row _builder_version=\u00a0\u00bb4.16&Prime; _module_preset=\u00a0\u00bbdefault\u00a0\u00bb global_colors_info=\u00a0\u00bb{}\u00a0\u00bb][et_pb_column type=\u00a0\u00bb4_4&Prime; _builder_version=\u00a0\u00bb4.16&Prime; _module_preset=\u00a0\u00bbdefault\u00a0\u00bb global_colors_info=\u00a0\u00bb{}\u00a0\u00bb][et_pb_image src=\u00a0\u00bbhttps:\/\/devtntatelier.com\/jeremy\/wp-content\/uploads\/2021\/10\/aventuraid-parc-mahikan-girardville-dormir-avec-les-loups-quebec.jpg\u00a0\u00bb title_text=\u00a0\u00bbaventuraid-parc-mahikan-girardville-dormir-avec-les-loups-quebec\u00a0\u00bb align=\u00a0\u00bbcenter\u00a0\u00bb _builder_version=\u00a0\u00bb4.27.4&Prime; _module_preset=\u00a0\u00bbdefault\u00a0\u00bb global_colors_info=\u00a0\u00bb{}\u00a0\u00bb][\/et_pb_image][et_pb_text _builder_version=\u00a0\u00bb4.27.4&Prime; _module_preset=\u00a0\u00bbdefault\u00a0\u00bb global_colors_info=\u00a0\u00bb{}\u00a0\u00bb]<\/p>\n<p style=\"text-align: center;\">(Cr\u00e9dit photo : Aventuraid\/ParcMahikan)<\/p>\n<p>[\/et_pb_text][\/et_pb_column][\/et_pb_row][\/et_pb_section][et_pb_section fb_built=\u00a0\u00bb1&Prime; _builder_version=\u00a0\u00bb4.16&Prime; _module_preset=\u00a0\u00bbdefault\u00a0\u00bb global_colors_info=\u00a0\u00bb{}\u00a0\u00bb][et_pb_row _builder_version=\u00a0\u00bb4.16&Prime; _module_preset=\u00a0\u00bbdefault\u00a0\u00bb custom_padding=\u00a0\u00bb0px|||||\u00a0\u00bb global_colors_info=\u00a0\u00bb{}\u00a0\u00bb][et_pb_column type=\u00a0\u00bb4_4&Prime; _builder_version=\u00a0\u00bb4.16&Prime; _module_preset=\u00a0\u00bbdefault\u00a0\u00bb global_colors_info=\u00a0\u00bb{}\u00a0\u00bb][et_pb_text _builder_version=\u00a0\u00bb4.16&Prime; _module_preset=\u00a0\u00bbdefault\u00a0\u00bb inline_fonts=\u00a0\u00bbPoppins\u00a0\u00bb global_colors_info=\u00a0\u00bb{}\u00a0\u00bb]<\/p>\n<h3 style=\"text-align: center;\"><strong><span style=\"font-family: Poppins; font-size: xx-large;\">no. 3<\/span><\/strong><\/h3>\n<h3 style=\"text-align: center;\"><span style=\"font-family: Poppins; font-weight: normal; font-size: large;\"><strong><u>S&rsquo;offrir un spectacle \u00e0 la salle de spectacles de Dolbeau-Mistassini<\/u><\/strong><span style=\"text-decoration: underline;\"><\/span><\/span><\/h3>\n<p style=\"text-align: center;\"><span style=\"font-family: Poppins; font-weight: normal; font-size: large;\">La p\u00e9riode d\u2019hiver est l\u00e0 \u00e0 nos portes. Qui dit hiver, dit d\u00e9sir d\u2019\u00eatre bien au chaud. Planifiez-vous <strong>une soir\u00e9e digne d\u2019un film \u00e0 la Salle de spectacle<\/strong>. R\u00e9servez votre table pour souper avant votre show juste \u00e0 c\u00f4t\u00e9 au <em>Resto-Bar Suite 117<\/em>. Il y a plusieurs artistes-invit\u00e9s qui sont \u00e0 l\u2019affiche pr\u00e9sentement. Que ce soit pour Ludovick Bourgeois, Mario Pelchat, Patrice Michaud ou Star Acad\u00e9mie (tourn\u00e9e du gagnant), vous appr\u00e9cierez le doux confort de l\u2019endroit par la salle d\u2019une allure somptueuse, un \u00e9clairage bien fusel\u00e9 et une qualit\u00e9 sonore exceptionnelle. <strong>L\u2019achat de vos billets est n\u00e9cessaire.<\/strong><\/span><\/p>\n<p style=\"text-align: center;\"><span style=\"font-family: Poppins; font-weight: normal; font-size: large;\"><strong><em><u>Coordonn\u00e9es\u00a0<\/u><\/em><\/strong><strong><em>:<\/em><\/strong><\/span><\/p>\n<p style=\"text-align: center;\"><span style=\"font-family: Poppins; font-weight: normal; font-size: large;\"><strong>Pour les rejoindre\u00a0:<\/strong> <span style=\"text-decoration: underline;\"><a href=\"tel:418276-6781\">418 276-6781<\/a><\/span><\/span><\/p>\n<p style=\"text-align: center;\"><span style=\"font-family: Poppins; font-weight: normal; font-size: large;\"><strong>Adresse\u00a0:<\/strong> 105, av. de l&rsquo;\u00c9glise, Dolbeau-Mistassini, Qc, Canada, G8L 4Z7<\/span><\/p>\n<p style=\"text-align: center;\"><span style=\"font-family: Poppins; font-weight: normal; font-size: large;\"><strong>Informations suppl\u00e9mentaires\u00a0<\/strong>: <a href=\"https:\/\/www.comitedesspectacles.com\"><span style=\"text-decoration: underline;\">www.comitedesspectacles.com<\/span><\/a><\/span><\/p>\n<p>[\/et_pb_text][\/et_pb_column][\/et_pb_row][et_pb_row _builder_version=\u00a0\u00bb4.16&Prime; _module_preset=\u00a0\u00bbdefault\u00a0\u00bb global_colors_info=\u00a0\u00bb{}\u00a0\u00bb][et_pb_column type=\u00a0\u00bb4_4&Prime; _builder_version=\u00a0\u00bb4.16&Prime; _module_preset=\u00a0\u00bbdefault\u00a0\u00bb global_colors_info=\u00a0\u00bb{}\u00a0\u00bb][et_pb_image src=\u00a0\u00bbhttps:\/\/devtntatelier.com\/jeremy\/wp-content\/uploads\/2021\/10\/salle-comite-des-spectacles-de-dolbeau-mistassini.jpg\u00a0\u00bb title_text=\u00a0\u00bbsalle-comite-des-spectacles-de-dolbeau-mistassini\u00a0\u00bb align=\u00a0\u00bbcenter\u00a0\u00bb _builder_version=\u00a0\u00bb4.27.4&Prime; _module_preset=\u00a0\u00bbdefault\u00a0\u00bb global_colors_info=\u00a0\u00bb{}\u00a0\u00bb][\/et_pb_image][et_pb_text _builder_version=\u00a0\u00bb4.27.4&Prime; _module_preset=\u00a0\u00bbdefault\u00a0\u00bb global_colors_info=\u00a0\u00bb{}\u00a0\u00bb]<\/p>\n<p style=\"text-align: center;\">(Cr\u00e9dit photo : Comit\u00e9 des spectacles)<\/p>\n<p>[\/et_pb_text][\/et_pb_column][\/et_pb_row][\/et_pb_section][et_pb_section fb_built=\u00a0\u00bb1&Prime; _builder_version=\u00a0\u00bb4.16&Prime; _module_preset=\u00a0\u00bbdefault\u00a0\u00bb global_colors_info=\u00a0\u00bb{}\u00a0\u00bb][et_pb_row _builder_version=\u00a0\u00bb4.16&Prime; _module_preset=\u00a0\u00bbdefault\u00a0\u00bb global_colors_info=\u00a0\u00bb{}\u00a0\u00bb][et_pb_column type=\u00a0\u00bb4_4&Prime; _builder_version=\u00a0\u00bb4.16&Prime; _module_preset=\u00a0\u00bbdefault\u00a0\u00bb global_colors_info=\u00a0\u00bb{}\u00a0\u00bb][et_pb_text _builder_version=\u00a0\u00bb4.16&Prime; _module_preset=\u00a0\u00bbdefault\u00a0\u00bb inline_fonts=\u00a0\u00bbPoppins\u00a0\u00bb global_colors_info=\u00a0\u00bb{}\u00a0\u00bb]<\/p>\n<h3 style=\"text-align: center;\"><strong><span style=\"font-family: Poppins; font-size: xx-large;\">no. 4<\/span><\/strong><\/h3>\n<h3 style=\"text-align: center;\"><span style=\"font-family: Poppins; font-weight: normal;\"><strong><u>Une visite \u00e0 la Bergerie du Nord<\/u><\/strong><\/span><\/h3>\n<p style=\"text-align: center;\"><span style=\"font-family: Poppins; font-weight: normal;\">La chaleur de l\u2019\u00e9t\u00e9 nous quitte et laisse place aux vents frisquets de l\u2019automne. Rien ne vaut un bon bain chaud pour se r\u00e9chauffer l\u2019\u00e2me. Nous vous invitons \u00e0 visiter La Bergerie du Nord qui est situ\u00e9e \u00e0 Normandin. De leur endroit empreint de z\u00e9nitude, vous trouverez une multitude de <strong>produits fait \u00e0 base de lait et de laine de brebis.<\/strong> Vous pourrez opter pour de jolis savons pour le bain et de jolies balles de laine pour le s\u00e9chage des v\u00eatements de fa\u00e7on \u00e9cologiquement responsable. Ils sauront vous faire appr\u00e9cier les lieux ainsi que tous leurs produits fait enti\u00e8rement avec la douceur du lait de leurs brebis.<\/span><\/p>\n<p style=\"text-align: center;\"><span style=\"font-family: Poppins; font-weight: normal;\"><strong><em><u>Coordonn\u00e9es\u00a0<\/u><\/em><\/strong><strong><em>:<\/em><\/strong><\/span><\/p>\n<p style=\"text-align: center;\"><span style=\"font-family: Poppins; font-weight: normal;\"><strong>Pour les rejoindre\u00a0:<\/strong> <a href=\"tel:4182747989\" target=\"_blank\" rel=\"noopener\">418 274-7989<\/a><\/span><\/p>\n<p style=\"text-align: center;\"><span style=\"font-family: Poppins; font-weight: normal;\"><strong>Adresse\u00a0:<\/strong> 827 Rang-4 Normandin, Qu\u00e9bec, Canada G8M 4R3<\/span><\/p>\n<p style=\"text-align: center;\"><span style=\"font-family: Poppins; font-weight: normal;\"><strong>Informations suppl\u00e9mentaires : <\/strong><a href=\"https:\/\/labergeriedunord.com\/\"><span style=\"text-decoration: underline;\">labergeriedunord.com<\/span><\/a> I\u00a0<span style=\"text-decoration: underline;\"><a href=\"https:\/\/www.facebook.com\/labergeriedunord\">www.facebook.com\/labergeriedunord<\/a><\/span><\/span><\/p>\n<p>[\/et_pb_text][\/et_pb_column][\/et_pb_row][et_pb_row _builder_version=\u00a0\u00bb4.16&Prime; _module_preset=\u00a0\u00bbdefault\u00a0\u00bb global_colors_info=\u00a0\u00bb{}\u00a0\u00bb][et_pb_column type=\u00a0\u00bb4_4&Prime; _builder_version=\u00a0\u00bb4.16&Prime; _module_preset=\u00a0\u00bbdefault\u00a0\u00bb global_colors_info=\u00a0\u00bb{}\u00a0\u00bb][et_pb_image src=\u00a0\u00bbhttps:\/\/devtntatelier.com\/jeremy\/wp-content\/uploads\/2021\/10\/savonnerie-la-bergerie-du-nord-normandin.jpg\u00a0\u00bb title_text=\u00a0\u00bbsavonnerie-la-bergerie-du-nord-normandin\u00a0\u00bb align=\u00a0\u00bbcenter\u00a0\u00bb _builder_version=\u00a0\u00bb4.27.4&Prime; _module_preset=\u00a0\u00bbdefault\u00a0\u00bb global_colors_info=\u00a0\u00bb{}\u00a0\u00bb][\/et_pb_image][et_pb_text _builder_version=\u00a0\u00bb4.27.4&Prime; _module_preset=\u00a0\u00bbdefault\u00a0\u00bb global_colors_info=\u00a0\u00bb{}\u00a0\u00bb]<\/p>\n<p style=\"text-align: center;\">(Cr\u00e9dit photo : Bergerie du Nord\/Turner Service d&rsquo;Imagerie)<\/p>\n<p>[\/et_pb_text][\/et_pb_column][\/et_pb_row][\/et_pb_section][et_pb_section fb_built=\u00a0\u00bb1&Prime; _builder_version=\u00a0\u00bb4.16&Prime; _module_preset=\u00a0\u00bbdefault\u00a0\u00bb custom_padding=\u00a0\u00bb0px|||||\u00a0\u00bb global_colors_info=\u00a0\u00bb{}\u00a0\u00bb][et_pb_row _builder_version=\u00a0\u00bb4.16&Prime; _module_preset=\u00a0\u00bbdefault\u00a0\u00bb global_colors_info=\u00a0\u00bb{}\u00a0\u00bb][et_pb_column type=\u00a0\u00bb4_4&Prime; _builder_version=\u00a0\u00bb4.16&Prime; _module_preset=\u00a0\u00bbdefault\u00a0\u00bb global_colors_info=\u00a0\u00bb{}\u00a0\u00bb][et_pb_text _builder_version=\u00a0\u00bb4.16&Prime; _module_preset=\u00a0\u00bbdefault\u00a0\u00bb inline_fonts=\u00a0\u00bbPoppins\u00a0\u00bb global_colors_info=\u00a0\u00bb{}\u00a0\u00bb]<\/p>\n<h3 style=\"text-align: center;\"><strong><span style=\"font-family: Poppins; font-size: xx-large;\">NO. 5<\/span><\/strong><\/h3>\n<h3 style=\"text-align: center;\"><span style=\"font-family: Poppins; font-weight: normal; font-size: large;\"><strong><u>Une partie \u00e0 La Grosse Quille<\/u><\/strong><\/span><\/h3>\n<p style=\"text-align: center;\"><span style=\"font-family: Poppins; font-weight: normal; font-size: large;\">D\u00e9gourdissez-vous par le balancement de votre bassin sur les all\u00e9es de quilles chez La grosse Quille. L\u2019ouverture officielle sera grandement soulign\u00e9e en d\u00e9cembre prochain. C\u2019est avec l\u2019enthousiasme de la population \u00e0 leur projet que les propri\u00e9taires ont d\u00e9cid\u00e9 d\u2019ouvrir pr\u00e9matur\u00e9ment. Vous pouvez d\u00e8s aujourd\u2019hui y aller pour y d\u00e9montrer votre talent naturel. En plus de leurs 6 all\u00e9es, ils offrent aux petits une rampe et des boules con\u00e7ues pour eux. Possibilit\u00e9 de louer \u00e0 l\u2019heure ou \u00e0 la partie tout d\u00e9pendamment du nombre de joueurs. \u00c0 l\u2019horaire, du lundi au vendredi de 12h00 a 16h30 et de 18h00 \u00e0 22h00. Le samedi de 10h00 \u00e0 16h30 et de 18h00 \u00e0 23h00 ou plus tard s&rsquo;il y a du monde. En terminant, le dimanche de 10h00 \u00e0 16h30. <strong><em>Le concept astro-bowling \u00e0 venir!<\/em><\/strong> Une activit\u00e9 toute d\u00e9di\u00e9e pour la famille.<\/span><\/p>\n<p style=\"text-align: center;\"><span style=\"font-family: Poppins; font-weight: normal; font-size: large;\"><strong><em><u>Coordonn\u00e9es<\/u><\/em><\/strong><strong><em>\u00a0:<\/em><\/strong><\/span><br \/><span style=\"font-family: Poppins; font-weight: normal; font-size: large;\"> <strong>Pour les rejoindre : <\/strong><a href=\"tel:5814780125\"><span style=\"text-decoration: underline;\">581 478-0125<\/span><\/a><\/span><br \/><span style=\"font-family: Poppins; font-weight: normal; font-size: large;\"> <strong>Adresse\u00a0:<\/strong> 1474 Blvd. Wallberg, Dolbeau-Mistassini, Qc, G8L 1H4<\/span><br \/><span style=\"font-family: Poppins; font-weight: normal; font-size: large;\"> <strong>Informations suppl\u00e9mentaires\u00a0<\/strong>: <a href=\"www.facebook.com\/La-Grosse-Quille-237921521461710\"><span style=\"text-decoration: underline;\">Page Facebook de la Grosse Quille<\/span><\/a><\/span><\/p>\n<p>[\/et_pb_text][\/et_pb_column][\/et_pb_row][et_pb_row _builder_version=\u00a0\u00bb4.16&Prime; _module_preset=\u00a0\u00bbdefault\u00a0\u00bb global_colors_info=\u00a0\u00bb{}\u00a0\u00bb][et_pb_column type=\u00a0\u00bb4_4&Prime; _builder_version=\u00a0\u00bb4.16&Prime; _module_preset=\u00a0\u00bbdefault\u00a0\u00bb global_colors_info=\u00a0\u00bb{}\u00a0\u00bb][et_pb_image src=\u00a0\u00bbhttps:\/\/devtntatelier.com\/jeremy\/wp-content\/uploads\/2021\/10\/la-grosse-quille-dolbeau-mistassini.jpg\u00a0\u00bb title_text=\u00a0\u00bbla-grosse-quille-dolbeau-mistassini\u00a0\u00bb align=\u00a0\u00bbcenter\u00a0\u00bb _builder_version=\u00a0\u00bb4.27.4&Prime; _module_preset=\u00a0\u00bbdefault\u00a0\u00bb global_colors_info=\u00a0\u00bb{}\u00a0\u00bb][\/et_pb_image][et_pb_text _builder_version=\u00a0\u00bb4.27.4&Prime; _module_preset=\u00a0\u00bbdefault\u00a0\u00bb global_colors_info=\u00a0\u00bb{}\u00a0\u00bb]<\/p>\n<p style=\"text-align: center;\">(Cr\u00e9dit photo : La Grosse Quille\/T\u00e9l\u00e9 du Haut-du-Lac)<\/p>\n<p>[\/et_pb_text][\/et_pb_column][\/et_pb_row][\/et_pb_section][et_pb_section fb_built=\u00a0\u00bb1&Prime; _builder_version=\u00a0\u00bb4.16&Prime; _module_preset=\u00a0\u00bbdefault\u00a0\u00bb custom_padding=\u00a0\u00bb0px|||||\u00a0\u00bb global_colors_info=\u00a0\u00bb{}\u00a0\u00bb][et_pb_row _builder_version=\u00a0\u00bb4.16&Prime; _module_preset=\u00a0\u00bbdefault\u00a0\u00bb global_colors_info=\u00a0\u00bb{}\u00a0\u00bb][et_pb_column type=\u00a0\u00bb4_4&Prime; _builder_version=\u00a0\u00bb4.16&Prime; _module_preset=\u00a0\u00bbdefault\u00a0\u00bb global_colors_info=\u00a0\u00bb{}\u00a0\u00bb][et_pb_text _builder_version=\u00a0\u00bb4.16&Prime; _module_preset=\u00a0\u00bbdefault\u00a0\u00bb inline_fonts=\u00a0\u00bbPoppins\u00a0\u00bb global_colors_info=\u00a0\u00bb{}\u00a0\u00bb]<\/p>\n<h3 style=\"text-align: center;\"><strong><span style=\"font-family: Poppins; font-size: xx-large;\">no. 6<\/span><\/strong><\/h3>\n<h3 style=\"text-align: center;\"><span style=\"font-family: Poppins; font-weight: normal; font-size: large;\"><strong><u>Un tour <\/u><\/strong><strong><u>\u00e0 la Fromagerie la Normandinoise<\/u><\/strong><\/span><\/h3>\n<p style=\"text-align: center;\"><span style=\"font-family: Poppins; font-weight: normal; font-size: large;\">Nul doute, tout le monde ou presque adore le fromage! Une visite qui s\u2019impose est nulle autre que chez la Fromagerie la Normandinoise. Ici tout pr\u00e8s, ils sont situ\u00e9s \u00e0 Normandin. Ils ont eu des r\u00e9novations dans les derniers mois avec l\u2019achat de nouveaux appareils pour fabriquer leurs fromages (Le P\u00e9ribonka, le Chant du coq, le Maria-Chapdelaine, les Cheddars, les Normandises et le fameux fromage en grains). En plus de pouvoir aller les voir sur place, vous pouvez \u00e9galement vous <strong>abonnez aux bo\u00eetes mensuelles.<\/strong><\/span><\/p>\n<p style=\"text-align: center;\"><span style=\"font-family: Poppins; font-weight: normal; font-size: large;\"><strong><em><u>Coordonn\u00e9es<\/u><\/em><\/strong><strong><em>\u00a0:<\/em><\/strong><\/span><br \/><span style=\"font-family: Poppins; font-weight: normal; font-size: large;\"><strong>Pour les rejoindre\u00a0:<\/strong> <span style=\"text-decoration: underline;\"><a href=\"tel:4182743465\">418-274-3465<\/a><\/span><\/span><br \/><span style=\"font-family: Poppins; font-weight: normal; font-size: large;\"><strong>Adresse\u00a0:<\/strong> 554, rue St-Cyrille, Normandin,\u00a0Qc, G8M 4H4<\/span><br \/><span style=\"font-family: Poppins; font-weight: normal; font-size: large;\"><strong>Informations suppl\u00e9mentaires\u00a0:<\/strong> <a href=\"https:\/\/lanormandinoise.com\"><span style=\"text-decoration: underline;\">https:\/\/lanormandinoise.com<\/span><\/a> | <span style=\"text-decoration: underline;\"><a href=\"https:\/\/www.facebook.com\/lanormandinoise\">www.facebook.com\/lanormandinoise<\/a><\/span><\/span><\/p>\n<p>[\/et_pb_text][\/et_pb_column][\/et_pb_row][et_pb_row _builder_version=\u00a0\u00bb4.16&Prime; _module_preset=\u00a0\u00bbdefault\u00a0\u00bb global_colors_info=\u00a0\u00bb{}\u00a0\u00bb][et_pb_column type=\u00a0\u00bb4_4&Prime; _builder_version=\u00a0\u00bb4.16&Prime; _module_preset=\u00a0\u00bbdefault\u00a0\u00bb global_colors_info=\u00a0\u00bb{}\u00a0\u00bb][et_pb_image src=\u00a0\u00bbhttps:\/\/devtntatelier.com\/jeremy\/wp-content\/uploads\/2021\/10\/fromagerie-la-normandinoise-normandin.jpg\u00a0\u00bb title_text=\u00a0\u00bbfromagerie-la-normandinoise-normandin\u00a0\u00bb align=\u00a0\u00bbcenter\u00a0\u00bb _builder_version=\u00a0\u00bb4.27.4&Prime; _module_preset=\u00a0\u00bbdefault\u00a0\u00bb global_colors_info=\u00a0\u00bb{}\u00a0\u00bb][\/et_pb_image][et_pb_text _builder_version=\u00a0\u00bb4.27.4&Prime; _module_preset=\u00a0\u00bbdefault\u00a0\u00bb global_colors_info=\u00a0\u00bb{}\u00a0\u00bb]<\/p>\n<p style=\"text-align: center;\">(Cr\u00e9dit photo : Fromagerie La Normandinoise)<\/p>\n<p>[\/et_pb_text][\/et_pb_column][\/et_pb_row][\/et_pb_section][et_pb_section fb_built=\u00a0\u00bb1&Prime; _builder_version=\u00a0\u00bb4.16&Prime; _module_preset=\u00a0\u00bbdefault\u00a0\u00bb global_colors_info=\u00a0\u00bb{}\u00a0\u00bb][et_pb_row _builder_version=\u00a0\u00bb4.16&Prime; _module_preset=\u00a0\u00bbdefault\u00a0\u00bb global_colors_info=\u00a0\u00bb{}\u00a0\u00bb][et_pb_column type=\u00a0\u00bb4_4&Prime; _builder_version=\u00a0\u00bb4.16&Prime; _module_preset=\u00a0\u00bbdefault\u00a0\u00bb global_colors_info=\u00a0\u00bb{}\u00a0\u00bb][et_pb_text _builder_version=\u00a0\u00bb4.16&Prime; _module_preset=\u00a0\u00bbdefault\u00a0\u00bb inline_fonts=\u00a0\u00bbPoppins\u00a0\u00bb global_colors_info=\u00a0\u00bb{}\u00a0\u00bb]<\/p>\n<h3 style=\"text-align: center;\"><span style=\"font-family: Poppins; font-weight: normal;\"><strong><span style=\"font-size: xx-large;\">No. 7<\/span><\/strong><\/span><\/h3>\n<h3 style=\"text-align: center;\"><span style=\"font-family: Poppins; font-weight: normal; font-size: large;\"><strong><u>une semaine \u00e0 la Pourvoirie Esprit de l\u2019Ours<\/u><\/strong><\/span><\/h3>\n<p style=\"text-align: center;\"><span style=\"font-family: Poppins; font-weight: normal; font-size: large;\">Sur un territoire de plusieurs milliers de kilom\u00e8tres, la Pourvoirie Esprit de l\u2019Ours s\u2019adresse aux amants de la for\u00eat sauvage\u00a0qui recherchent un <strong><em>d\u00e9paysement total<\/em><\/strong> et qui r\u00eavent de paysages majestueux et de convivialit\u00e9. Aux portes du Grand Nord dans notre r\u00e9gion, \u00e9vadez-vous en famille ou entre amis au c\u0153ur d\u2019une nature \u00e0 couper le souffle et ce, en toute saison. Tout au long de l\u2019ann\u00e9e, des formules de 7 nuits et 6 jours d\u2019activit\u00e9s sont propos\u00e9es afin que vous viviez\u00a0de pr\u00e9cieux moments au c\u0153ur de la for\u00eat bor\u00e9ale. <strong>Un coup de fil est requis. <\/strong>Une visite plus qu\u2019inoubliable!<\/span><\/p>\n<p style=\"text-align: center;\"><span style=\"font-family: Poppins; font-weight: normal; font-size: large;\"><strong><em><u>Coordonn\u00e9es<\/u><\/em><\/strong><strong><em>\u00a0:<\/em><\/strong><\/span><br \/><span style=\"font-family: Poppins; font-weight: normal; font-size: large;\"><strong>Pour les rejoindre\u00a0:<\/strong> <a href=\"tel:4182769874\"><span style=\"text-decoration: underline;\">418 276-9874<\/span><\/a><\/span><br \/><span style=\"font-family: Poppins; font-weight: normal; font-size: large;\"><strong>Adresse\u00a0:<\/strong> 20, Chemin de l\u2019Eden, St-Stanislas, QC, G8L 7B2<\/span><br \/><span style=\"font-family: Poppins; font-weight: normal; font-size: large;\"><strong>Informations suppl\u00e9mentaires : <\/strong><a href=\"https:\/\/www.espritdelours.com\" target=\"_blank\" rel=\"noopener\"><span style=\"text-decoration: underline;\">www.<\/span><span style=\"text-decoration: underline;\">espritdelours.com<\/span><\/a> \u00a0<\/span><\/p>\n<p>[\/et_pb_text][\/et_pb_column][\/et_pb_row][et_pb_row _builder_version=\u00a0\u00bb4.16&Prime; _module_preset=\u00a0\u00bbdefault\u00a0\u00bb global_colors_info=\u00a0\u00bb{}\u00a0\u00bb][et_pb_column type=\u00a0\u00bb4_4&Prime; _builder_version=\u00a0\u00bb4.16&Prime; _module_preset=\u00a0\u00bbdefault\u00a0\u00bb global_colors_info=\u00a0\u00bb{}\u00a0\u00bb][et_pb_image src=\u00a0\u00bbhttps:\/\/devtntatelier.com\/jeremy\/wp-content\/uploads\/2021\/10\/pourvoirie-esprit-de-l-ours-saint-stanislas.jpg\u00a0\u00bb title_text=\u00a0\u00bbpourvoirie-esprit-de-l-ours-saint-stanislas\u00a0\u00bb align=\u00a0\u00bbcenter\u00a0\u00bb _builder_version=\u00a0\u00bb4.27.4&Prime; _module_preset=\u00a0\u00bbdefault\u00a0\u00bb global_colors_info=\u00a0\u00bb{}\u00a0\u00bb][\/et_pb_image][et_pb_text _builder_version=\u00a0\u00bb4.27.4&Prime; _module_preset=\u00a0\u00bbdefault\u00a0\u00bb global_colors_info=\u00a0\u00bb{}\u00a0\u00bb]<\/p>\n<p style=\"text-align: center;\">(Cr\u00e9dit photo : Pourvoirie de l&rsquo;Esprit de l&rsquo;ours)<\/p>\n<p>[\/et_pb_text][\/et_pb_column][\/et_pb_row][\/et_pb_section][et_pb_section fb_built=\u00a0\u00bb1&Prime; _builder_version=\u00a0\u00bb4.16&Prime; _module_preset=\u00a0\u00bbdefault\u00a0\u00bb custom_padding=\u00a0\u00bb0px|||||\u00a0\u00bb global_colors_info=\u00a0\u00bb{}\u00a0\u00bb][et_pb_row _builder_version=\u00a0\u00bb4.16&Prime; _module_preset=\u00a0\u00bbdefault\u00a0\u00bb global_colors_info=\u00a0\u00bb{}\u00a0\u00bb][et_pb_column type=\u00a0\u00bb4_4&Prime; _builder_version=\u00a0\u00bb4.16&Prime; _module_preset=\u00a0\u00bbdefault\u00a0\u00bb global_colors_info=\u00a0\u00bb{}\u00a0\u00bb][et_pb_text _builder_version=\u00a0\u00bb4.16&Prime; _module_preset=\u00a0\u00bbdefault\u00a0\u00bb inline_fonts=\u00a0\u00bbPoppins\u00a0\u00bb global_colors_info=\u00a0\u00bb{}\u00a0\u00bb]<\/p>\n<h3 style=\"text-align: center;\"><strong><span style=\"font-family: Poppins; font-size: xx-large;\">No. 8<\/span><\/strong><\/h3>\n<h3 style=\"text-align: center;\"><span style=\"font-family: Poppins; font-weight: normal; font-size: large;\"><strong><u>un tour au bistro et \u00e0 la boutique de la Microbrasserie le Coureur des Bois<\/u><\/strong><\/span><\/h3>\n<p style=\"text-align: center;\"><span style=\"font-family: Poppins; font-weight: normal; font-size: large;\">Le bois en pleine nature! La Microbrasserie le Coureur des bois est l\u2019endroit par excellence dans le haut du lac pour prendre du bon temps entre amis ou en famille. Leurs boissons sont sinc\u00e8rement appr\u00e9ci\u00e9es et le menu, de circonstance et de bon go\u00fbt, est compos\u00e9 de produits r\u00e9gionaux qui se marient parfaitement bien \u00e0 leurs bi\u00e8res artisanales. Et, il faut r\u00e9ellement pr\u00e9voir une visite \u00e0 leur boutique. Vous pourrez y trouver des souvenirs et des produits de notre terroir \u00e0 rapporter. C&rsquo;est la place pour d\u00e9couvrir la nouvelle usine de production.<\/span><\/p>\n<p style=\"text-align: center;\"><span style=\"font-family: Poppins; font-weight: normal; font-size: large;\"><strong><em><u>Coordonn\u00e9es<\/u><\/em><\/strong><strong><em>\u00a0:<\/em><\/strong><\/span><br \/><span style=\"font-family: Poppins; font-weight: normal; font-size: large;\"><strong><em>Bitro-Bar : <a href=\"tel:4189791197\"><span style=\"text-decoration: underline;\">418-979-1197<\/span><\/a><\/em><\/strong><\/span><br \/><span style=\"font-family: Poppins; font-weight: normal; font-size: large;\"><strong>Pour les rejoindre\u00a0:<\/strong><\/span><br \/><span style=\"font-family: Poppins; font-weight: normal; font-size: large;\"><strong>Adresse\u00a0:<\/strong> 1551 boulevard Wallberg, Dolbeau-Mistassini, Qc, G8L 1H5<\/span><br \/><span style=\"font-family: Poppins; font-weight: normal; font-size: large;\"><strong><em>Boutique :<\/em><\/strong> <a href=\"tel:5815963669\"><span style=\"text-decoration: underline;\">581-596-3669<\/span><\/a><\/span><br \/><span style=\"font-family: Poppins; font-weight: normal; font-size: large;\"><strong>Adresse\u00a0:<\/strong> 427 route de la Friche, Dolbeau-Mistassini, Qc, G8L 0E6<\/span><br \/><span style=\"font-family: Poppins; font-weight: normal; font-size: large;\"><strong>Informations suppl\u00e9mentaires\u00a0<\/strong>: <a href=\"https:\/\/microlecoureurdesbois.com\/boutique\">https:\/\/microlecoureurdesbois.com\/boutique<\/a><\/span><\/p>\n<p>[\/et_pb_text][\/et_pb_column][\/et_pb_row][et_pb_row _builder_version=\u00a0\u00bb4.16&Prime; _module_preset=\u00a0\u00bbdefault\u00a0\u00bb global_colors_info=\u00a0\u00bb{}\u00a0\u00bb][et_pb_column type=\u00a0\u00bb4_4&Prime; _builder_version=\u00a0\u00bb4.16&Prime; _module_preset=\u00a0\u00bbdefault\u00a0\u00bb global_colors_info=\u00a0\u00bb{}\u00a0\u00bb][et_pb_image src=\u00a0\u00bbhttps:\/\/devtntatelier.com\/jeremy\/wp-content\/uploads\/2021\/10\/microbrasserie-le-coureur-des-bois-dolbeau-mistassini.jpg\u00a0\u00bb title_text=\u00a0\u00bbmicrobrasserie-le-coureur-des-bois-dolbeau-mistassini\u00a0\u00bb align=\u00a0\u00bbcenter\u00a0\u00bb _builder_version=\u00a0\u00bb4.27.4&Prime; _module_preset=\u00a0\u00bbdefault\u00a0\u00bb global_colors_info=\u00a0\u00bb{}\u00a0\u00bb][\/et_pb_image][et_pb_text _builder_version=\u00a0\u00bb4.27.4&Prime; _module_preset=\u00a0\u00bbdefault\u00a0\u00bb global_colors_info=\u00a0\u00bb{}\u00a0\u00bb]<\/p>\n<p style=\"text-align: center;\">(Cr\u00e9dit photo : Microbrasserie le Coureur des bois)<\/p>\n<p>[\/et_pb_text][\/et_pb_column][\/et_pb_row][\/et_pb_section][et_pb_section fb_built=\u00a0\u00bb1&Prime; _builder_version=\u00a0\u00bb4.16&Prime; _module_preset=\u00a0\u00bbdefault\u00a0\u00bb global_colors_info=\u00a0\u00bb{}\u00a0\u00bb][et_pb_row _builder_version=\u00a0\u00bb4.16&Prime; _module_preset=\u00a0\u00bbdefault\u00a0\u00bb custom_margin=\u00a0\u00bb-96px|auto|-11px|auto||\u00a0\u00bb global_colors_info=\u00a0\u00bb{}\u00a0\u00bb][et_pb_column type=\u00a0\u00bb4_4&Prime; _builder_version=\u00a0\u00bb4.16&Prime; _module_preset=\u00a0\u00bbdefault\u00a0\u00bb global_colors_info=\u00a0\u00bb{}\u00a0\u00bb][et_pb_text _builder_version=\u00a0\u00bb4.16&Prime; _module_preset=\u00a0\u00bbdefault\u00a0\u00bb inline_fonts=\u00a0\u00bbPoppins\u00a0\u00bb global_colors_info=\u00a0\u00bb{}\u00a0\u00bb]<\/p>\n<h3 style=\"text-align: center;\"><strong><span style=\"font-family: Poppins; font-size: xx-large;\">No. 9<\/span><\/strong><\/h3>\n<h3 style=\"text-align: center;\"><span style=\"font-family: Poppins; font-weight: normal; font-size: large;\"><strong><u>Un arr\u00eat au Domaine du ranch<\/u><\/strong><\/span><\/h3>\n<p style=\"text-align: center;\"><span style=\"font-family: Poppins; font-weight: normal; font-size: large;\"><span style=\"background-color: transparent;\">Amoureux de l\u2019univers \u00e9questre, cette proposition s\u2019offre d\u00e9finitivement \u00e0 vous. Le Domaine du ranch comporte diverses activit\u00e9s pour toutes les saisons. Sur place, vous trouverez le Bar d&rsquo;Elle qui est un bar avec de l\u2019animation \u00e0 chaque fin de semaine ainsi qu\u2019un relais \u00e0 motoneige. Propri\u00e9taire d\u2019un ou des chevaux, l\u2019\u00c9curie D. Fleury a une pension int\u00e9rieure ou ext\u00e9rieure pour vos jolies b\u00eates. En plus de vous recevoir, en saison hivernale, ils vous offriront la possibilit\u00e9 de vous r\u00e9chauffer l\u2019\u00e2me comme le corps avec leurs tipis chauff\u00e9s avec un feu. Besoin d\u2019h\u00e9bergement? Sur place, de mai \u00e0 octobre, vous aurez acc\u00e8s au camping standard et au camping \u00e9questre. En toute saison, dans leur village du Far West, il y a de l&rsquo;h\u00e9bergement <\/span>(3 chambres th\u00e9matiques) avec un acc\u00e8s \u00e0 une cuisine. \u00c0 vos chapeaux!!<\/span><\/p>\n<p style=\"text-align: center;\"><span style=\"font-family: Poppins; font-weight: normal; font-size: large;\"><strong style=\"background-color: transparent;\">Pour les rejoindre : <a href=\"tel:4185153064\"><span style=\"text-decoration: underline;\">418 515-3064<\/span><\/a><\/strong><\/span><br \/><span style=\"font-family: Poppins; font-weight: normal; font-size: large;\"> <strong>Adresse\u00a0:<\/strong> 591, Route 169, Sainte-Jeanne d\u2019Arc, Qc, G0W1E0<\/span><br \/><span style=\"font-family: Poppins; font-weight: normal; font-size: large;\"> <strong>Informations suppl\u00e9mentaires\u00a0: <\/strong><span style=\"text-decoration: underline;\"><a href=\"https:\/\/www.facebook.com\/domaineduranch\/?ref=page_internal\">Page Facebook Domaine du Ranch<\/a><\/span><\/span><\/p>\n<p>[\/et_pb_text][\/et_pb_column][\/et_pb_row][et_pb_row _builder_version=\u00a0\u00bb4.16&Prime; _module_preset=\u00a0\u00bbdefault\u00a0\u00bb global_colors_info=\u00a0\u00bb{}\u00a0\u00bb][et_pb_column type=\u00a0\u00bb4_4&Prime; _builder_version=\u00a0\u00bb4.16&Prime; _module_preset=\u00a0\u00bbdefault\u00a0\u00bb global_colors_info=\u00a0\u00bb{}\u00a0\u00bb][et_pb_image src=\u00a0\u00bbhttps:\/\/devtntatelier.com\/jeremy\/wp-content\/uploads\/2021\/10\/domaine-du-ranch-ste-jeanne-d-arc.jpg\u00a0\u00bb title_text=\u00a0\u00bbdomaine-du-ranch-ste-jeanne-d-arc\u00a0\u00bb align=\u00a0\u00bbcenter\u00a0\u00bb _builder_version=\u00a0\u00bb4.27.4&Prime; _module_preset=\u00a0\u00bbdefault\u00a0\u00bb global_colors_info=\u00a0\u00bb{}\u00a0\u00bb][\/et_pb_image][et_pb_text _builder_version=\u00a0\u00bb4.27.4&Prime; _module_preset=\u00a0\u00bbdefault\u00a0\u00bb global_colors_info=\u00a0\u00bb{}\u00a0\u00bb]<\/p>\n<p style=\"text-align: center;\">(Cr\u00e9dit photo : Domaine du Ranch)<\/p>\n<p>[\/et_pb_text][\/et_pb_column][\/et_pb_row][\/et_pb_section][et_pb_section fb_built=\u00a0\u00bb1&Prime; _builder_version=\u00a0\u00bb4.16&Prime; _module_preset=\u00a0\u00bbdefault\u00a0\u00bb custom_padding=\u00a0\u00bb0px||14px|||\u00a0\u00bb global_colors_info=\u00a0\u00bb{}\u00a0\u00bb][et_pb_row _builder_version=\u00a0\u00bb4.16&Prime; _module_preset=\u00a0\u00bbdefault\u00a0\u00bb global_colors_info=\u00a0\u00bb{}\u00a0\u00bb][et_pb_column type=\u00a0\u00bb4_4&Prime; _builder_version=\u00a0\u00bb4.16&Prime; _module_preset=\u00a0\u00bbdefault\u00a0\u00bb global_colors_info=\u00a0\u00bb{}\u00a0\u00bb][et_pb_text _builder_version=\u00a0\u00bb4.16&Prime; _module_preset=\u00a0\u00bbdefault\u00a0\u00bb inline_fonts=\u00a0\u00bbPoppins\u00a0\u00bb global_colors_info=\u00a0\u00bb{}\u00a0\u00bb]<\/p>\n<h3 style=\"text-align: center;\"><strong><span style=\"font-family: Poppins; font-size: xx-large;\">No. 10<\/span><\/strong><\/h3>\n<h3 style=\"text-align: center;\"><span style=\"font-family: Poppins; font-weight: normal; font-size: large;\"><strong><u>Une visite \u00e0 la Ferme Dan Nature de P\u00e9ribonka<\/u><\/strong><\/span><\/h3>\n<p style=\"text-align: center;\"><span style=\"font-family: Poppins; font-weight: normal; font-size: large;\"><strong>\u00a0<\/strong><span style=\"background-color: transparent;\">Une activit\u00e9 toute d\u00e9sign\u00e9e pour la famille avec les enfants. On vous propose un rendez-vous \u00e0 la Ferme Dan Nature. Une coquette fermette avec pleins d&rsquo;animaux du terroir dont leurs mignons alpagas. Il y a sur place un jardin d\u2019eau, une bleueti\u00e8re, un sentier et un \u00e9tang de p\u00eache lors de la saison estivale! Dany Maltais vous accueille et vous fait partager sa passion pour les oiseaux de toutes sortes.<\/span><\/span><\/p>\n<p style=\"text-align: center;\"><span style=\"font-family: Poppins; font-weight: normal; font-size: large;\"><strong>\u00c0 surveiller\u00a0:<\/strong> D\u00e8s la fin octobre, ils d\u00e9buteront les r\u00e9servations pour <strong>la location de chalets rustiques<\/strong> qui d\u00e9butera au printemps 2022. <strong>Ils sont ouverts jusqu\u2019\u00e0 la fin octobre sur r\u00e9servation.<\/strong><\/span><\/p>\n<p style=\"text-align: center;\"><span style=\"font-family: Poppins; font-weight: normal; font-size: large;\">Vous ne pourrez que tomber sous leur charme!<\/span><\/p>\n<p style=\"text-align: center;\"><span style=\"font-family: Poppins; font-weight: normal; font-size: large;\"><strong><em><u>Coordonn\u00e9es<\/u><\/em><\/strong><strong><em>\u00a0:<\/em><\/strong><\/span><br \/><span style=\"font-family: Poppins; font-weight: normal; font-size: large;\"><strong>Pour les rejoindre\u00a0:<\/strong> 418 719-1343<\/span><br \/><span style=\"font-family: Poppins; font-weight: normal; font-size: large;\"><strong>Adresse\u00a0:<\/strong> 650 Rang St Michel, P\u00e9ribonka, Qc, G0W 2G0<\/span><br \/><span style=\"font-family: Poppins; font-weight: normal; font-size: large;\"><strong>Informations suppl\u00e9mentaires : <\/strong><a href=\"www.facebook.com\/Ferme-Dan-Nature-1652351508176860\/?ref=page_internal\"><span style=\"text-decoration: underline;\">Page Facebook de Dan Nature<\/span><\/a><\/span><\/p>\n<p>[\/et_pb_text][\/et_pb_column][\/et_pb_row][et_pb_row _builder_version=\u00a0\u00bb4.16&Prime; _module_preset=\u00a0\u00bbdefault\u00a0\u00bb global_colors_info=\u00a0\u00bb{}\u00a0\u00bb][et_pb_column type=\u00a0\u00bb4_4&Prime; _builder_version=\u00a0\u00bb4.16&Prime; _module_preset=\u00a0\u00bbdefault\u00a0\u00bb global_colors_info=\u00a0\u00bb{}\u00a0\u00bb][et_pb_image src=\u00a0\u00bbhttps:\/\/devtntatelier.com\/jeremy\/wp-content\/uploads\/2021\/10\/ferme-dan-peribonka.jpg\u00a0\u00bb title_text=\u00a0\u00bbferme-dan-peribonka\u00a0\u00bb align=\u00a0\u00bbcenter\u00a0\u00bb _builder_version=\u00a0\u00bb4.27.4&Prime; _module_preset=\u00a0\u00bbdefault\u00a0\u00bb global_colors_info=\u00a0\u00bb{}\u00a0\u00bb][\/et_pb_image][et_pb_text _builder_version=\u00a0\u00bb4.27.4&Prime; _module_preset=\u00a0\u00bbdefault\u00a0\u00bb global_colors_info=\u00a0\u00bb{}\u00a0\u00bb]<\/p>\n<p style=\"text-align: center;\">(Cr\u00e9dit photo : Ferme Dan Nature)<\/p>\n<p>[\/et_pb_text][\/et_pb_column][\/et_pb_row][\/et_pb_section][et_pb_section fb_built=\u00a0\u00bb1&Prime; _builder_version=\u00a0\u00bb4.16&Prime; _module_preset=\u00a0\u00bbdefault\u00a0\u00bb custom_padding=\u00a0\u00bb0px|||||\u00a0\u00bb global_colors_info=\u00a0\u00bb{}\u00a0\u00bb][et_pb_row _builder_version=\u00a0\u00bb4.16&Prime; _module_preset=\u00a0\u00bbdefault\u00a0\u00bb global_colors_info=\u00a0\u00bb{}\u00a0\u00bb][et_pb_column type=\u00a0\u00bb4_4&Prime; _builder_version=\u00a0\u00bb4.16&Prime; _module_preset=\u00a0\u00bbdefault\u00a0\u00bb global_colors_info=\u00a0\u00bb{}\u00a0\u00bb][et_pb_text _builder_version=\u00a0\u00bb4.16&Prime; _module_preset=\u00a0\u00bbdefault\u00a0\u00bb inline_fonts=\u00a0\u00bbPoppins\u00a0\u00bb global_colors_info=\u00a0\u00bb{}\u00a0\u00bb]<\/p>\n<h3 style=\"text-align: center;\"><span style=\"font-family: Poppins; font-weight: normal; font-size: large;\"><\/span><\/h3>\n<p><span style=\"font-family: Poppins; font-weight: normal; font-size: large;\"><\/span><\/p>\n<h3 style=\"text-align: center;\"><strong><span style=\"font-family: Poppins; font-size: xx-large;\">No. 11<\/span><\/strong><\/h3>\n<h3 style=\"text-align: center;\"><span style=\"font-family: Poppins; font-weight: normal; font-size: large;\"><strong><u>Domaine L\u2019Or\u00e9e des bois<\/u><\/strong><\/span><\/h3>\n<p style=\"text-align: center;\"><span style=\"font-family: Poppins; font-weight: normal; font-size: large;\">C\u2019est dans un air enchanteur que l\u2019\u00e9quipe du Domaine L\u2019Or\u00e9e des bois vous accueille pour un s\u00e9jour en h\u00e9bergement en yourte, en session de yoga pour les amoureux des grands espaces. Vous serez conquis avec la possibilit\u00e9 de dormir, en \u00e9t\u00e9 tout comme en hiver, dans leurs sublimes yourtes. Deux options s\u2019offrent \u00e0 vous. Avec un suppl\u00e9ment, vous pourrez faire de l\u2019autocueillette, du kayak et du yoga (selon disponibilit\u00e9).<\/span><\/p>\n<p style=\"text-align: center;\"><span style=\"font-family: Poppins; font-weight: normal; font-size: large;\">Exp\u00e9rience Glamping\u00a0: Nuit\u00e9e en yourte, un d\u00e9jeuner du terroir et un rallye-circuit interpr\u00e9t\u00e9. <\/span><\/p>\n<p style=\"text-align: center;\"><span style=\"font-family: Poppins; font-weight: normal; font-size: large;\"><strong>Tarif : Consulter leur site web<\/strong><\/span><\/p>\n<p style=\"text-align: center;\"><span style=\"font-family: Poppins; font-weight: normal; font-size: large;\"> <span style=\"background-color: transparent;\">Escapade du 49<\/span><sup style=\"font-weight: normal; background-color: transparent;\">e<\/sup><\/span><span style=\"font-weight: normal; background-color: transparent; font-family: Poppins; font-size: large;\"> parall\u00e8le : Nuit\u00e9e en yourte, d\u00e9jeuners du terroir, pique-nique gourmand pour tous, rallye-circuit interpr\u00e9t\u00e9. <\/span><\/p>\n<p style=\"text-align: center;\"><span style=\"font-family: Poppins; font-weight: normal; font-size: large;\"><strong style=\"background-color: transparent;\">Tarif : Consulter leur site web<\/strong><\/span><\/p>\n<p style=\"text-align: center;\"><span style=\"font-family: Poppins; font-weight: normal; font-size: large;\"><strong>Exclusivit\u00e9\u00a0: <\/strong>\u00c0 surveiller pour les adorateurs de l\u2019hiver, un tout nouveau forfait en yourte en tout inclus pour motoneigistes et automobilistes. Ils auront un nouvel affichage \u00ab\u00a0panneaux bleus\u00a0\u00bb sur le sentier<\/span><span style=\"font-family: Poppins; font-weight: normal; font-size: large;\">.<\/span><\/p>\n<p style=\"text-align: center;\"><span style=\"font-family: Poppins; font-weight: normal; font-size: large;\"><strong><em><u>Coordonn\u00e9es<\/u><\/em><\/strong><strong><em>\u00a0:<\/em><\/strong><\/span><br \/><span style=\"font-family: Poppins; font-weight: normal; font-size: large;\"><strong>Pour les rejoindre\u00a0:<\/strong> <a href=\"tel:4182761075\"><span style=\"text-decoration: underline;\">418 276-1075<\/span><\/a><\/span><br \/><span style=\"font-family: Poppins; font-weight: normal; font-size: large;\"><strong>Adresse\u00a0<\/strong>: 37, rang St-Joseph Notre-Dame-de-Lorette, Qu\u00e9bec, Canada G0W 1B0<\/span><br \/><span style=\"font-family: Poppins; font-weight: normal; font-size: large;\"><strong>Informations suppl\u00e9mentaires\u00a0: <\/strong><a href=\"https:\/\/www.domaineloreedesbois.ca\"><span style=\"text-decoration: underline;\">www.domaineloreedesbois.ca<\/span><\/a> I\u00a0<span style=\"text-decoration: underline;\"><a href=\"https:\/\/www.facebook.com\/domaineloreedesbois.ca\">www.facebook.com\/domaineloreedesbois.ca<\/a><\/span><\/span><\/p>\n<p>[\/et_pb_text][\/et_pb_column][\/et_pb_row][et_pb_row _builder_version=\u00a0\u00bb4.16&Prime; _module_preset=\u00a0\u00bbdefault\u00a0\u00bb global_colors_info=\u00a0\u00bb{}\u00a0\u00bb][et_pb_column type=\u00a0\u00bb4_4&Prime; _builder_version=\u00a0\u00bb4.16&Prime; _module_preset=\u00a0\u00bbdefault\u00a0\u00bb global_colors_info=\u00a0\u00bb{}\u00a0\u00bb][et_pb_image src=\u00a0\u00bbhttps:\/\/devtntatelier.com\/jeremy\/wp-content\/uploads\/2021\/10\/domaine-l-oree-des-bois.jpg\u00a0\u00bb title_text=\u00a0\u00bbdomaine-l-oree-des-bois\u00a0\u00bb align=\u00a0\u00bbcenter\u00a0\u00bb _builder_version=\u00a0\u00bb4.27.4&Prime; _module_preset=\u00a0\u00bbdefault\u00a0\u00bb global_colors_info=\u00a0\u00bb{}\u00a0\u00bb][\/et_pb_image][et_pb_text _builder_version=\u00a0\u00bb4.27.4&Prime; _module_preset=\u00a0\u00bbdefault\u00a0\u00bb global_colors_info=\u00a0\u00bb{}\u00a0\u00bb]<\/p>\n<p style=\"text-align: center;\">(Cr\u00e9dit photo : Domaine L&rsquo;Or\u00e9e des Bois)<\/p>\n<p>[\/et_pb_text][\/et_pb_column][\/et_pb_row][\/et_pb_section][et_pb_section fb_built=\u00a0\u00bb1&Prime; _builder_version=\u00a0\u00bb4.16&Prime; _module_preset=\u00a0\u00bbdefault\u00a0\u00bb custom_padding=\u00a0\u00bb1px||4px|||\u00a0\u00bb global_colors_info=\u00a0\u00bb{}\u00a0\u00bb][et_pb_row _builder_version=\u00a0\u00bb4.16&Prime; _module_preset=\u00a0\u00bbdefault\u00a0\u00bb global_colors_info=\u00a0\u00bb{}\u00a0\u00bb][et_pb_column type=\u00a0\u00bb4_4&Prime; _builder_version=\u00a0\u00bb4.16&Prime; _module_preset=\u00a0\u00bbdefault\u00a0\u00bb global_colors_info=\u00a0\u00bb{}\u00a0\u00bb][et_pb_text _builder_version=\u00a0\u00bb4.16&Prime; _module_preset=\u00a0\u00bbdefault\u00a0\u00bb inline_fonts=\u00a0\u00bbPoppins\u00a0\u00bb global_colors_info=\u00a0\u00bb{}\u00a0\u00bb]<\/p>\n<h3 style=\"text-align: center;\"><strong><span style=\"font-family: Poppins; font-size: xx-large;\">No. 12<\/span><\/strong><\/h3>\n<h3 style=\"text-align: center;\"><span style=\"font-family: Poppins; font-weight: normal; font-size: large;\"><strong><u>D\u00e9lices du Lac-St-Jean<\/u><\/strong><\/span><\/h3>\n<p style=\"text-align: center;\"><span style=\"font-family: Poppins; font-weight: normal; font-size: large;\">Arr\u00eatez-vous \u00e0 l\u2019atelier-boutique des D\u00e9lices du Lac-St-Jean \u00e0 Albanel, pour d\u00e9guster de succulents produits \u00e0 base de bleuets, ou encore pour visiter leur nouvel \u00e9conomus\u00e9e de la confituri\u00e8re. Vous en apprendrez certainement beaucoup sur l\u2019histoire du bleuet sauvage d\u2019ici, sa culture et ses vertus ! L\u2019\u00e9conomus\u00e9e travaille \u00e0 perp\u00e9tuer les m\u00e9tiers et savoir-faire traditionnels \u00e0 travers le monde. Vous pourrez y apprendre leur histoire de famille, leurs m\u00e9thodes de fabrication et production de cet irr\u00e9ductible petit fruit bleu. Une visite amusante tout en gourmandise!<\/span><\/p>\n<p style=\"text-align: center;\"><span style=\"font-family: Poppins; font-weight: normal; font-size: large;\"><strong><em><u>Coordonn\u00e9es<\/u><\/em><\/strong><strong><em>\u00a0:<\/em><\/strong><\/span><\/p>\n<p style=\"text-align: center;\"><span style=\"font-family: Poppins; font-weight: normal; font-size: large;\"><strong>Pour les rejoindre\u00a0:<\/strong> <a href=\"tel:4185150359\"><span style=\"text-decoration: underline;\">418 515-0359<\/span><\/a><\/span><br \/><span style=\"font-family: Poppins; font-weight: normal; font-size: large;\"><strong>Adresse\u00a0:<\/strong> 170-A, rue Principale Albanel, Qu\u00e9bec<\/span><\/p>\n<p style=\"text-align: center;\"><span style=\"font-family: Poppins; font-weight: normal; font-size: large;\"><strong>Informations suppl\u00e9mentaires\u00a0:\u00a0 <\/strong><a href=\"www.delicesdulac.com\/?fbclid=IwAR1FEcZ7xvEivC-kL_X77jsnepeyNMMLsUgIw-1nbhw-1SthoqAYm4hg1yo\"><span style=\"text-decoration: underline;\">www.delicesdulac.com<\/span><\/a>| <a href=\"https:\/\/www.facebook.com\/delicesdulacsaintjean\">www.facebook.com\/delicesdulacsaintjean<\/a><\/span><\/p>\n<p>[\/et_pb_text][\/et_pb_column][\/et_pb_row][et_pb_row _builder_version=\u00a0\u00bb4.16&Prime; _module_preset=\u00a0\u00bbdefault\u00a0\u00bb global_colors_info=\u00a0\u00bb{}\u00a0\u00bb][et_pb_column type=\u00a0\u00bb4_4&Prime; _builder_version=\u00a0\u00bb4.16&Prime; _module_preset=\u00a0\u00bbdefault\u00a0\u00bb global_colors_info=\u00a0\u00bb{}\u00a0\u00bb][et_pb_image src=\u00a0\u00bbhttps:\/\/devtntatelier.com\/jeremy\/wp-content\/uploads\/2021\/10\/delices-du-lac-saint-jean-bleuets-albanel.jpg\u00a0\u00bb title_text=\u00a0\u00bbdelices-du-lac-saint-jean-bleuets-albanel\u00a0\u00bb align=\u00a0\u00bbcenter\u00a0\u00bb _builder_version=\u00a0\u00bb4.27.4&Prime; _module_preset=\u00a0\u00bbdefault\u00a0\u00bb global_colors_info=\u00a0\u00bb{}\u00a0\u00bb][\/et_pb_image][et_pb_text _builder_version=\u00a0\u00bb4.27.4&Prime; _module_preset=\u00a0\u00bbdefault\u00a0\u00bb global_colors_info=\u00a0\u00bb{}\u00a0\u00bb]<\/p>\n<p style=\"text-align: center;\">(Cr\u00e9dit photo : D\u00e9lices du Lac-Saint-Jean)<\/p>\n<p>[\/et_pb_text][\/et_pb_column][\/et_pb_row][\/et_pb_section][et_pb_section fb_built=\u00a0\u00bb1&Prime; _builder_version=\u00a0\u00bb4.16&Prime; _module_preset=\u00a0\u00bbdefault\u00a0\u00bb global_colors_info=\u00a0\u00bb{}\u00a0\u00bb][et_pb_row _builder_version=\u00a0\u00bb4.16&Prime; _module_preset=\u00a0\u00bbdefault\u00a0\u00bb custom_padding=\u00a0\u00bb22px|||||\u00a0\u00bb global_colors_info=\u00a0\u00bb{}\u00a0\u00bb][et_pb_column type=\u00a0\u00bb4_4&Prime; _builder_version=\u00a0\u00bb4.16&Prime; _module_preset=\u00a0\u00bbdefault\u00a0\u00bb global_colors_info=\u00a0\u00bb{}\u00a0\u00bb][et_pb_text _builder_version=\u00a0\u00bb4.16&Prime; _module_preset=\u00a0\u00bbdefault\u00a0\u00bb inline_fonts=\u00a0\u00bbPoppins\u00a0\u00bb global_colors_info=\u00a0\u00bb{}\u00a0\u00bb]<\/p>\n<h3 style=\"text-align: center;\"><strong><span style=\"font-size: xx-large; font-family: Poppins;\">No. 13<\/span><\/strong><\/h3>\n<h3 style=\"text-align: center;\"><span style=\"font-size: large; font-family: Poppins; font-weight: normal;\"><strong><u>M<\/u><\/strong><strong><u>us\u00e9e de <\/u><\/strong><strong><u>Bilodeau<\/u><\/strong><\/span><\/h3>\n<p style=\"text-align: center;\"><span style=\"font-size: large; font-family: Poppins; font-weight: normal;\">Entrez dans l\u2019univers incroyable de la transformation de la fourrure en passant par un parcours animal aux quatre coins du monde. vous aurez la chance de d\u00e9couvrir le monde d&rsquo;un artisan de chez nous, amoureux de la nature et de tout ce qui s&rsquo;y trouve,\u00a0 Mario Bilodeau, fondateur de Bilodeau Canada. Vous avez le choix entre 2 types de visite \u00e0 faire en groupe, en couple, en famille ou seul. <strong>Une r\u00e9servation s\u2019impose!<\/strong><\/span><\/p>\n<p style=\"text-align: center;\"><span style=\"font-size: large; font-family: Poppins; font-weight: normal;\"><strong>VIP :\u00a0<\/strong> Visite guid\u00e9e de leurs diff\u00e9rents ateliers, observez les artisans dans la fabrication de leurs produits (1hr) Par la suite, parcourez leurs diff\u00e9rents sentiers \u00e0 la d\u00e9couverte de la faune des quatre coins de notre plan\u00e8te. (Exp\u00e9rience BILODEAU Canada 1heure)<\/span><\/p>\n<p style=\"text-align: center;\"><span style=\"font-size: large; font-family: Poppins; font-weight: normal;\"><strong>Bilodeau Exp\u00e9rience <\/strong>(Salle d&rsquo;exposition) : Cette version vous offre une immersion dans la faune des quatre coins de notre plan\u00e8te. (Visite guid\u00e9e 1 heure)<\/span><\/p>\n<p style=\"text-align: center;\"><span style=\"font-size: large; font-family: Poppins; font-weight: normal;\"><strong><em><u>Coordonn\u00e9es<\/u><\/em><\/strong><strong><em>\u00a0:<\/em><\/strong><\/span><br \/><span style=\"font-size: large; font-family: Poppins; font-weight: normal;\"><strong>Pour les rejoindre\u00a0:<\/strong> <strong>\u00a0<\/strong><a href=\"tel:4182742511\"><span style=\"text-decoration: underline;\">418-274-2511<\/span><\/a><\/span><br \/><span style=\"font-size: large; font-family: Poppins; font-weight: normal;\"><strong>Adresse\u00a0:<\/strong> 943 rue St-Cyrille Normandin, Qu\u00e9bec, Canada G8M 4H9<\/span><br \/><span style=\"font-size: large; font-family: Poppins; font-weight: normal;\"><strong>Informations suppl\u00e9mentaires\u00a0<\/strong>: <span style=\"text-decoration: underline;\"><a href=\"https:\/\/bilodeaucanada.com\/fr\/visite\">https:\/\/bilodeaucanada.com\/fr\/visite<\/a><\/span><\/span><\/p>\n<p><strong><\/strong><\/p>\n<p>[\/et_pb_text][\/et_pb_column][\/et_pb_row][et_pb_row _builder_version=\u00a0\u00bb4.16&Prime; _module_preset=\u00a0\u00bbdefault\u00a0\u00bb global_colors_info=\u00a0\u00bb{}\u00a0\u00bb][et_pb_column type=\u00a0\u00bb4_4&Prime; _builder_version=\u00a0\u00bb4.16&Prime; _module_preset=\u00a0\u00bbdefault\u00a0\u00bb global_colors_info=\u00a0\u00bb{}\u00a0\u00bb][et_pb_image src=\u00a0\u00bbhttps:\/\/devtntatelier.com\/jeremy\/wp-content\/uploads\/2021\/10\/bilodeau-canada-normandin.jpg\u00a0\u00bb title_text=\u00a0\u00bbbilodeau-canada-normandin\u00a0\u00bb align=\u00a0\u00bbcenter\u00a0\u00bb _builder_version=\u00a0\u00bb4.27.4&Prime; _module_preset=\u00a0\u00bbdefault\u00a0\u00bb global_colors_info=\u00a0\u00bb{}\u00a0\u00bb][\/et_pb_image][et_pb_text _builder_version=\u00a0\u00bb4.27.4&Prime; _module_preset=\u00a0\u00bbdefault\u00a0\u00bb global_colors_info=\u00a0\u00bb{}\u00a0\u00bb]<\/p>\n<p style=\"text-align: center;\">(Cr\u00e9dit photo : Bilodeau Canada)<\/p>\n<p>[\/et_pb_text][\/et_pb_column][\/et_pb_row][\/et_pb_section][et_pb_section fb_built=\u00a0\u00bb1&Prime; _builder_version=\u00a0\u00bb4.16&Prime; _module_preset=\u00a0\u00bbdefault\u00a0\u00bb global_colors_info=\u00a0\u00bb{}\u00a0\u00bb][et_pb_row _builder_version=\u00a0\u00bb4.16&Prime; _module_preset=\u00a0\u00bbdefault\u00a0\u00bb global_colors_info=\u00a0\u00bb{}\u00a0\u00bb][et_pb_column type=\u00a0\u00bb4_4&Prime; _builder_version=\u00a0\u00bb4.16&Prime; _module_preset=\u00a0\u00bbdefault\u00a0\u00bb global_colors_info=\u00a0\u00bb{}\u00a0\u00bb][et_pb_text _builder_version=\u00a0\u00bb4.16&Prime; _module_preset=\u00a0\u00bbdefault\u00a0\u00bb inline_fonts=\u00a0\u00bbPoppins\u00a0\u00bb global_colors_info=\u00a0\u00bb{}\u00a0\u00bb]<\/p>\n<h3 style=\"text-align: center;\"><strong><span style=\"font-family: Poppins; font-size: xx-large;\">no. 14<\/span><\/strong><\/h3>\n<h3 style=\"text-align: center;\"><span style=\"font-family: Poppins; font-weight: normal; font-size: large;\"><strong><u>Attractions Bor\u00e9ales<\/u><\/strong><\/span><\/h3>\n<p style=\"text-align: center;\"><span style=\"font-family: Poppins; font-weight: normal; font-size: large;\">C\u2019est avec une exp\u00e9rience plus qu\u2019authentique qui suscitera de l\u2019adr\u00e9naline dans vos veines qu\u2019Attraction Bor\u00e9ales vous offre leurs services afin d\u2019\u00eatre <strong><em>aux commandes de votre propre attelage de chiens de tra\u00eeneaux <\/em><\/strong>(Malamute d\u2019Alaska et l\u2019Esquimau Canadien) durant une exp\u00e9dition vous sortant compl\u00e8tement de votre routine ou sur une motoneige hors des sentiers battus dans la for\u00eat bor\u00e9ale du Canada. N\u2019est-ce pas l\u00e0 un choix exaltant? <strong>Une r\u00e9servation est n\u00e9cessaire.<\/strong><\/span><\/p>\n<p style=\"text-align: center;\"><span style=\"font-family: Poppins; font-weight: normal; font-size: large;\">Voici leurs 3 s\u00e9jours\u00a0:<\/span><\/p>\n<ul style=\"text-align: center;\">\n<li><span style=\"font-family: Poppins; font-weight: normal; font-size: large;\"><strong>Demi-journ\u00e9e (chiens de traineau)\u00a0:<\/strong> <em style=\"background-color: transparent;\">Contactez-les pour prix<\/em><\/span><\/li>\n<\/ul>\n<p style=\"text-align: center;\"><span style=\"font-family: Poppins; font-weight: normal; font-size: large;\">(De 9h \u00e0 12h\u00a0ou 13h \u00e0 16h\u00a0|\u00a0Conducteur ou passager au choix)<\/span><\/p>\n<p style=\"text-align: center;\"><span style=\"font-family: Poppins; font-weight: normal; font-size: large;\"><strong style=\"background-color: transparent;\">Journ\u00e9e (chiens de traineau)\u00a0:<\/strong><span style=\"background-color: transparent;\"> <em style=\"background-color: transparent;\">Contactez-les pour prix<\/em><\/span><\/span><\/p>\n<p style=\"text-align: center;\"><span style=\"font-family: Poppins; font-weight: normal; font-size: large;\">(De 9h \u00e0 16h | Repas du midi inclus\u00a0| Conducteur ou passager au choix)<\/span><\/p>\n<p style=\"text-align: center;\"><span style=\"font-family: Poppins; font-weight: normal; font-size: large;\"><strong style=\"background-color: transparent;\">Semaine d\u2019exp\u00e9dition (chiens de traineau) :<\/strong><span style=\"background-color: transparent;\"> <\/span><em style=\"background-color: transparent;\">Contactez-les pour prix<\/em><\/span><\/p>\n<p style=\"text-align: center;\"><span style=\"font-family: Poppins; font-weight: normal; font-size: large;\">(6 jours \/ 7 nuits | En pension compl\u00e8te hors frais a\u00e9riens\u00a0| Conducteur ou passager au choix)<\/span><\/p>\n<p style=\"text-align: center;\"><span style=\"font-family: Poppins; font-weight: normal; font-size: large;\"><em>\u00a0<\/em><strong><em><u>Coordonn\u00e9es<\/u><\/em><\/strong><strong><em>\u00a0:<\/em><\/strong><\/span><br \/><span style=\"font-family: Poppins; font-weight: normal; font-size: large;\"> <strong>Pour les rejoindre\u00a0:<\/strong> <a href=\"tel:4186796946\"><span style=\"text-decoration: underline;\">418 679-6946<\/span><\/a><\/span><br \/><span style=\"font-family: Poppins; font-weight: normal; font-size: large;\"> <strong>Adresse\u00a0<\/strong>: 999, Rang 10, Saint-Edmond Les Plaines, Qu\u00e9bec, Canada, G0W 2M0<\/span><br \/><span style=\"font-family: Poppins; font-weight: normal; font-size: large;\"> <strong>Informations suppl\u00e9mentaires\u00a0:<\/strong> <a href=\"https:\/\/www.attractionsboreales.com\"><span style=\"text-decoration: underline;\">www.attractionsboreales.com<\/span><\/a> | <span style=\"text-decoration: underline;\"><a href=\"https:\/\/www.facebook.com\/attractionsboreales\">www.facebook.com\/attractionsboreales<\/a><\/span><\/span><\/p>\n<p>[\/et_pb_text][\/et_pb_column][\/et_pb_row][et_pb_row _builder_version=\u00a0\u00bb4.16&Prime; _module_preset=\u00a0\u00bbdefault\u00a0\u00bb global_colors_info=\u00a0\u00bb{}\u00a0\u00bb][et_pb_column type=\u00a0\u00bb4_4&Prime; _builder_version=\u00a0\u00bb4.16&Prime; _module_preset=\u00a0\u00bbdefault\u00a0\u00bb global_colors_info=\u00a0\u00bb{}\u00a0\u00bb][et_pb_image src=\u00a0\u00bbhttps:\/\/devtntatelier.com\/jeremy\/wp-content\/uploads\/2021\/10\/attractions-boreales-girardville.jpg\u00a0\u00bb title_text=\u00a0\u00bbattractions-boreales-girardville\u00a0\u00bb align=\u00a0\u00bbcenter\u00a0\u00bb _builder_version=\u00a0\u00bb4.27.4&Prime; _module_preset=\u00a0\u00bbdefault\u00a0\u00bb global_colors_info=\u00a0\u00bb{}\u00a0\u00bb][\/et_pb_image][et_pb_text _builder_version=\u00a0\u00bb4.27.4&Prime; _module_preset=\u00a0\u00bbdefault\u00a0\u00bb global_colors_info=\u00a0\u00bb{}\u00a0\u00bb]<\/p>\n<p style=\"text-align: center;\">(Cr\u00e9dit photo : Attractions Bor\u00e9ales)<\/p>\n<p>[\/et_pb_text][\/et_pb_column][\/et_pb_row][\/et_pb_section][et_pb_section fb_built=\u00a0\u00bb1&Prime; _builder_version=\u00a0\u00bb4.16&Prime; _module_preset=\u00a0\u00bbdefault\u00a0\u00bb custom_padding=\u00a0\u00bb0px|||||\u00a0\u00bb global_colors_info=\u00a0\u00bb{}\u00a0\u00bb][et_pb_row _builder_version=\u00a0\u00bb4.16&Prime; _module_preset=\u00a0\u00bbdefault\u00a0\u00bb global_colors_info=\u00a0\u00bb{}\u00a0\u00bb][et_pb_column type=\u00a0\u00bb4_4&Prime; _builder_version=\u00a0\u00bb4.16&Prime; _module_preset=\u00a0\u00bbdefault\u00a0\u00bb global_colors_info=\u00a0\u00bb{}\u00a0\u00bb][et_pb_text _builder_version=\u00a0\u00bb4.16&Prime; _module_preset=\u00a0\u00bbdefault\u00a0\u00bb inline_fonts=\u00a0\u00bbPoppins\u00a0\u00bb global_colors_info=\u00a0\u00bb{}\u00a0\u00bb]<\/p>\n<h3 style=\"text-align: center;\"><strong><span style=\"font-size: xx-large; font-family: Poppins;\">no. 15<\/span><\/strong><\/h3>\n<h3 style=\"text-align: center;\"><span style=\"font-size: large; font-family: Poppins; font-weight: normal;\"><strong><u>Mus\u00e9e Louis-H\u00e9mon<\/u><\/strong><\/span><\/h3>\n<p style=\"text-align: center;\"><span style=\"font-size: large; font-family: Poppins; font-weight: normal;\">Fervent de la culture et de l\u2019histoire? Le Mus\u00e9e Louis-H\u00e9mon saura combler parfaitement votre soif d\u2019apprendre toujours et encore plus. Pr\u00e9sentement, ils vous donnent l\u2019opportunit\u00e9 de tester vos connaissances et d&rsquo;en apprendre plus sur l&rsquo;histoire de P\u00e9ribonka gr\u00e2ce \u00e0 un quiz qui vous fait un petit retour dans le temps en alliant photographies anciennes et questions vari\u00e9es. Visitez \u00e9galement l&rsquo;exposition Maria Chapdelaine, v\u00e9rit\u00e9s et mensonges, et faites la lumi\u00e8re sur les grands myst\u00e8res entourant l&rsquo;auteur Louis H\u00e9mon et son c\u00e9l\u00e8bre roman qui a fait conna\u00eetre le village de P\u00e9ribonka \u00e0 travers le monde. <strong>Une visite libre vous enchantera du mardi au vendredi de 9h00 \u00e0 16h00.<\/strong><\/span><\/p>\n<p style=\"text-align: center;\"><span style=\"font-size: large; font-family: Poppins; font-weight: normal;\"><strong>\u00a0<\/strong><strong><em><u>Coordonn\u00e9es<\/u><\/em><\/strong><strong><em>\u00a0:<\/em><\/strong><\/span><br \/><span style=\"font-size: large; font-family: Poppins; font-weight: normal;\"><strong>Pour les rejoindre\u00a0:<\/strong> <span style=\"text-decoration: underline;\"><a href=\"tel:4183742177\"><strong>418 374-2177<\/strong><\/a><\/span><\/span><br \/><span style=\"font-size: large; font-family: Poppins; font-weight: normal;\"><strong>Adresse\u00a0:<\/strong> 700, route Maria-Chapdelaine, P\u00e9ribonka, Qc,\u00a0G0W 2G0<\/span><br \/><span style=\"font-size: large; font-family: Poppins; font-weight: normal;\"><strong>Informations suppl\u00e9mentaires\u00a0: <\/strong><span style=\"text-decoration: underline;\"><a href=\"www.museelh.ca\">www.museelh.ca<\/a><\/span>\u00a0| <span style=\"text-decoration: underline;\"><a href=\"https:\/\/www.facebook.com\/museelouishemon\">www.facebook.com\/museelouishemon<\/a><\/span><\/span><\/p>\n<p>[\/et_pb_text][\/et_pb_column][\/et_pb_row][et_pb_row _builder_version=\u00a0\u00bb4.16&Prime; _module_preset=\u00a0\u00bbdefault\u00a0\u00bb global_colors_info=\u00a0\u00bb{}\u00a0\u00bb][et_pb_column type=\u00a0\u00bb4_4&Prime; _builder_version=\u00a0\u00bb4.16&Prime; _module_preset=\u00a0\u00bbdefault\u00a0\u00bb global_colors_info=\u00a0\u00bb{}\u00a0\u00bb][et_pb_image src=\u00a0\u00bbhttps:\/\/devtntatelier.com\/jeremy\/wp-content\/uploads\/2021\/10\/musee-louis-hemon-girardville.jpg\u00a0\u00bb title_text=\u00a0\u00bbmusee-louis-hemon-girardville\u00a0\u00bb align=\u00a0\u00bbcenter\u00a0\u00bb _builder_version=\u00a0\u00bb4.27.4&Prime; _module_preset=\u00a0\u00bbdefault\u00a0\u00bb global_colors_info=\u00a0\u00bb{}\u00a0\u00bb][\/et_pb_image][et_pb_text _builder_version=\u00a0\u00bb4.27.4&Prime; _module_preset=\u00a0\u00bbdefault\u00a0\u00bb global_colors_info=\u00a0\u00bb{}\u00a0\u00bb]<\/p>\n<p style=\"text-align: center;\">(Cr\u00e9dit photo : Mus\u00e9e Louis-H\u00e9mon)<\/p>\n<p>[\/et_pb_text][\/et_pb_column][\/et_pb_row][\/et_pb_section]<\/p>\n","protected":false},"excerpt":{"rendered":"<p>D\u00e9couvrez 15 activit\u00e9s d&rsquo;automne et d&rsquo;hiver incontournables \u00e0 faire au Lac-Saint-Jean La MRC Maria-Chapdelaine contient de multiples activit\u00e9s et \u00e9v\u00e9nements \u00e0 faire durant l\u2019\u00e9t\u00e9. Afin d\u2019avoir le calendrier d\u2019activit\u00e9s \u00e0 [&hellip;]<\/p>\n","protected":false},"author":20,"featured_media":2888,"comment_status":"closed","ping_status":"closed","sticky":true,"template":"","format":"standard","meta":{"_et_pb_use_builder":"on","_et_pb_old_content":"","_et_gb_content_width":"","_lmt_disableupdate":"","_lmt_disable":"","_price":"","_stock":"","_tribe_ticket_header":"","_tribe_default_ticket_provider":"","_tribe_ticket_capacity":"0","_ticket_start_date":"","_ticket_end_date":"","_tribe_ticket_show_description":"","_tribe_ticket_show_not_going":false,"_tribe_ticket_use_global_stock":"","_tribe_ticket_global_stock_level":"","_global_stock_mode":"","_global_stock_cap":"","_tribe_rsvp_for_event":"","_tribe_ticket_going_count":"","_tribe_ticket_not_going_count":"","_tribe_tickets_list":"[]","_tribe_ticket_has_attendee_info_fields":false,"footnotes":""},"categories":[4,1],"tags":[],"class_list":["post-2846","post","type-post","status-publish","format-standard","has-post-thumbnail","hentry","category-tendance","category-articles-achat-local-extra-maria"],"yoast_head":"<!-- This site is optimized with the Yoast SEO Premium plugin v25.9 (Yoast SEO v28.4) - https:\/\/yoast.com\/product\/yoast-seo-premium-wordpress\/ -->\n<title>D\u00e9couvrez 15 activit\u00e9s d&#039;automne et d&#039;hiver \u00e0 faire au Lac-Saint-Jean - Extra Maria<\/title>\n<meta name=\"robots\" content=\"index, follow, max-snippet:-1, max-image-preview:large, max-video-preview:-1\" \/>\n<link rel=\"canonical\" href=\"https:\/\/devtntatelier.com\/jeremy\/15-activites-d-automne-et-d-hiver-a-faire-au-lac-saint-jean\/\" \/>\n<meta property=\"og:locale\" content=\"fr_FR\" \/>\n<meta property=\"og:type\" content=\"article\" \/>\n<meta property=\"og:title\" content=\"D\u00e9couvrez 15 activit\u00e9s d&#039;automne et d&#039;hiver \u00e0 faire au Lac-Saint-Jean\" \/>\n<meta property=\"og:url\" content=\"https:\/\/devtntatelier.com\/jeremy\/15-activites-d-automne-et-d-hiver-a-faire-au-lac-saint-jean\/\" \/>\n<meta property=\"og:site_name\" content=\"Extra Maria\" \/>\n<meta property=\"article:published_time\" content=\"2021-10-29T15:16:26+00:00\" \/>\n<meta property=\"article:modified_time\" content=\"2024-12-09T15:58:29+00:00\" \/>\n<meta property=\"og:image\" content=\"https:\/\/devtntatelier.com\/jeremy\/wp-content\/uploads\/2021\/10\/attractions-boreales-girardville-1.jpg\" \/>\n\t<meta property=\"og:image:width\" content=\"600\" \/>\n\t<meta property=\"og:image:height\" content=\"400\" \/>\n\t<meta property=\"og:image:type\" content=\"image\/jpeg\" \/>\n<meta name=\"author\" content=\"Julie Dubois\" \/>\n<meta name=\"twitter:card\" content=\"summary_large_image\" \/>\n<meta name=\"twitter:label1\" content=\"\u00c9crit par\" \/>\n\t<meta name=\"twitter:data1\" content=\"Julie Dubois\" \/>\n\t<meta name=\"twitter:label2\" content=\"Dur\u00e9e de lecture estim\u00e9e\" \/>\n\t<meta name=\"twitter:data2\" content=\"13 minutes\" \/>\n<script type=\"application\/ld+json\" class=\"yoast-schema-graph\">{\"@context\":\"https:\\\/\\\/schema.org\",\"@graph\":[{\"@type\":\"Article\",\"@id\":\"https:\\\/\\\/devtntatelier.com\\\/jeremy\\\/15-activites-d-automne-et-d-hiver-a-faire-au-lac-saint-jean\\\/#article\",\"isPartOf\":{\"@id\":\"https:\\\/\\\/devtntatelier.com\\\/jeremy\\\/15-activites-d-automne-et-d-hiver-a-faire-au-lac-saint-jean\\\/\"},\"author\":{\"name\":\"Julie Dubois\",\"@id\":\"https:\\\/\\\/devtntatelier.com\\\/jeremy\\\/#\\\/schema\\\/person\\\/4e16a93d3f5914a6cca4944ff9454d6b\"},\"headline\":\"D\u00e9couvrez 15 activit\u00e9s d&rsquo;automne et d&rsquo;hiver \u00e0 faire au Lac-Saint-Jean\",\"datePublished\":\"2021-10-29T15:16:26+00:00\",\"dateModified\":\"2024-12-09T15:58:29+00:00\",\"mainEntityOfPage\":{\"@id\":\"https:\\\/\\\/devtntatelier.com\\\/jeremy\\\/15-activites-d-automne-et-d-hiver-a-faire-au-lac-saint-jean\\\/\"},\"wordCount\":4807,\"image\":{\"@id\":\"https:\\\/\\\/devtntatelier.com\\\/jeremy\\\/15-activites-d-automne-et-d-hiver-a-faire-au-lac-saint-jean\\\/#primaryimage\"},\"thumbnailUrl\":\"https:\\\/\\\/devtntatelier.com\\\/jeremy\\\/wp-content\\\/uploads\\\/2021\\\/10\\\/attractions-boreales-girardville-1.jpg\",\"articleSection\":[\"Tendance\",\"Tous les articles\"],\"inLanguage\":\"fr-FR\"},{\"@type\":\"WebPage\",\"@id\":\"https:\\\/\\\/devtntatelier.com\\\/jeremy\\\/15-activites-d-automne-et-d-hiver-a-faire-au-lac-saint-jean\\\/\",\"url\":\"https:\\\/\\\/devtntatelier.com\\\/jeremy\\\/15-activites-d-automne-et-d-hiver-a-faire-au-lac-saint-jean\\\/\",\"name\":\"D\u00e9couvrez 15 activit\u00e9s d'automne et d'hiver \u00e0 faire au Lac-Saint-Jean - Extra Maria\",\"isPartOf\":{\"@id\":\"https:\\\/\\\/devtntatelier.com\\\/jeremy\\\/#website\"},\"primaryImageOfPage\":{\"@id\":\"https:\\\/\\\/devtntatelier.com\\\/jeremy\\\/15-activites-d-automne-et-d-hiver-a-faire-au-lac-saint-jean\\\/#primaryimage\"},\"image\":{\"@id\":\"https:\\\/\\\/devtntatelier.com\\\/jeremy\\\/15-activites-d-automne-et-d-hiver-a-faire-au-lac-saint-jean\\\/#primaryimage\"},\"thumbnailUrl\":\"https:\\\/\\\/devtntatelier.com\\\/jeremy\\\/wp-content\\\/uploads\\\/2021\\\/10\\\/attractions-boreales-girardville-1.jpg\",\"datePublished\":\"2021-10-29T15:16:26+00:00\",\"dateModified\":\"2024-12-09T15:58:29+00:00\",\"author\":{\"@id\":\"https:\\\/\\\/devtntatelier.com\\\/jeremy\\\/#\\\/schema\\\/person\\\/4e16a93d3f5914a6cca4944ff9454d6b\"},\"breadcrumb\":{\"@id\":\"https:\\\/\\\/devtntatelier.com\\\/jeremy\\\/15-activites-d-automne-et-d-hiver-a-faire-au-lac-saint-jean\\\/#breadcrumb\"},\"inLanguage\":\"fr-FR\",\"potentialAction\":[{\"@type\":\"ReadAction\",\"target\":[\"https:\\\/\\\/devtntatelier.com\\\/jeremy\\\/15-activites-d-automne-et-d-hiver-a-faire-au-lac-saint-jean\\\/\"]}]},{\"@type\":\"ImageObject\",\"inLanguage\":\"fr-FR\",\"@id\":\"https:\\\/\\\/devtntatelier.com\\\/jeremy\\\/15-activites-d-automne-et-d-hiver-a-faire-au-lac-saint-jean\\\/#primaryimage\",\"url\":\"https:\\\/\\\/devtntatelier.com\\\/jeremy\\\/wp-content\\\/uploads\\\/2021\\\/10\\\/attractions-boreales-girardville-1.jpg\",\"contentUrl\":\"https:\\\/\\\/devtntatelier.com\\\/jeremy\\\/wp-content\\\/uploads\\\/2021\\\/10\\\/attractions-boreales-girardville-1.jpg\",\"width\":600,\"height\":400},{\"@type\":\"BreadcrumbList\",\"@id\":\"https:\\\/\\\/devtntatelier.com\\\/jeremy\\\/15-activites-d-automne-et-d-hiver-a-faire-au-lac-saint-jean\\\/#breadcrumb\",\"itemListElement\":[{\"@type\":\"ListItem\",\"position\":1,\"name\":\"Accueil\",\"item\":\"https:\\\/\\\/devtntatelier.com\\\/jeremy\\\/\"},{\"@type\":\"ListItem\",\"position\":2,\"name\":\"D\u00e9couvrez 15 activit\u00e9s d&#8217;automne et d&#8217;hiver \u00e0 faire au Lac-Saint-Jean\"}]},{\"@type\":\"WebSite\",\"@id\":\"https:\\\/\\\/devtntatelier.com\\\/jeremy\\\/#website\",\"url\":\"https:\\\/\\\/devtntatelier.com\\\/jeremy\\\/\",\"name\":\"Extra Maria\",\"description\":\"Blogue - D\u00e9couvertes locales et achat local\",\"potentialAction\":[{\"@type\":\"SearchAction\",\"target\":{\"@type\":\"EntryPoint\",\"urlTemplate\":\"https:\\\/\\\/devtntatelier.com\\\/jeremy\\\/?s={search_term_string}\"},\"query-input\":{\"@type\":\"PropertyValueSpecification\",\"valueRequired\":true,\"valueName\":\"search_term_string\"}}],\"inLanguage\":\"fr-FR\"},{\"@type\":\"Person\",\"@id\":\"https:\\\/\\\/devtntatelier.com\\\/jeremy\\\/#\\\/schema\\\/person\\\/4e16a93d3f5914a6cca4944ff9454d6b\",\"name\":\"Julie Dubois\",\"image\":{\"@type\":\"ImageObject\",\"inLanguage\":\"fr-FR\",\"@id\":\"https:\\\/\\\/secure.gravatar.com\\\/avatar\\\/9a2a4d84ac3f2a1cb2aad2497ad799e9b24013c7bf6bbae16da016240a41e0f2?s=96&d=mm&r=g\",\"url\":\"https:\\\/\\\/secure.gravatar.com\\\/avatar\\\/9a2a4d84ac3f2a1cb2aad2497ad799e9b24013c7bf6bbae16da016240a41e0f2?s=96&d=mm&r=g\",\"contentUrl\":\"https:\\\/\\\/secure.gravatar.com\\\/avatar\\\/9a2a4d84ac3f2a1cb2aad2497ad799e9b24013c7bf6bbae16da016240a41e0f2?s=96&d=mm&r=g\",\"caption\":\"Julie Dubois\"},\"description\":\"Dans une tout autre vie, il y a quelques ann\u00e9es, j\u2019ai pu occuper des postes plus que convoit\u00e9s. Il y a eu la fonctionnaire f\u00e9d\u00e9rale, la Vice-pr\u00e9sidente r\u00e9gionale adjointe pour plus de 170 000 fonctionnaires f\u00e9d\u00e9raux et la conseill\u00e8re en int\u00e9gration au travail. Maintenant, je manie l\u2019art des mots et du beau. Cr\u00e9atrice de contenu pour les r\u00e9seaux sociaux et site Internet de diverses entreprises; de la sph\u00e8re pharmaceutique en passant par la reproduction de Goldens Retriever. La ville en r\u00e9gion, c\u2019est le mode de vie que je tente de vivre authentiquement dans mon quotidien et ce, depuis mon retour dans notre coin de pays. Exil\u00e9e l\u00e0 o\u00f9 les lumi\u00e8res ne sont pas que des \u00e9toiles, mon bagage a pu \u00eatre acquis afin de m\u2019en servir judicieusement afin de coucher les mots sur papier des petits tr\u00e9sors de nos entrepreneurs. \u00c9picurienne m\u00eame en dormant, j\u2019opterai sur ce sens doublement aiguis\u00e9 pour vous convertir et divertir par le bleu de chez nous.\",\"url\":\"https:\\\/\\\/devtntatelier.com\\\/jeremy\\\/author\\\/julie-dubois\\\/\"}]}<\/script>\n<!-- \/ Yoast SEO Premium plugin. -->","yoast_head_json":{"title":"D\u00e9couvrez 15 activit\u00e9s d'automne et d'hiver \u00e0 faire au Lac-Saint-Jean - Extra Maria","robots":{"index":"index","follow":"follow","max-snippet":"max-snippet:-1","max-image-preview":"max-image-preview:large","max-video-preview":"max-video-preview:-1"},"canonical":"https:\/\/devtntatelier.com\/jeremy\/15-activites-d-automne-et-d-hiver-a-faire-au-lac-saint-jean\/","og_locale":"fr_FR","og_type":"article","og_title":"D\u00e9couvrez 15 activit\u00e9s d'automne et d'hiver \u00e0 faire au Lac-Saint-Jean","og_url":"https:\/\/devtntatelier.com\/jeremy\/15-activites-d-automne-et-d-hiver-a-faire-au-lac-saint-jean\/","og_site_name":"Extra Maria","article_published_time":"2021-10-29T15:16:26+00:00","article_modified_time":"2024-12-09T15:58:29+00:00","og_image":[{"width":600,"height":400,"url":"https:\/\/devtntatelier.com\/jeremy\/wp-content\/uploads\/2021\/10\/attractions-boreales-girardville-1.jpg","type":"image\/jpeg"}],"author":"Julie Dubois","twitter_card":"summary_large_image","twitter_misc":{"\u00c9crit par":"Julie Dubois","Dur\u00e9e de lecture estim\u00e9e":"13 minutes"},"schema":{"@context":"https:\/\/schema.org","@graph":[{"@type":"Article","@id":"https:\/\/devtntatelier.com\/jeremy\/15-activites-d-automne-et-d-hiver-a-faire-au-lac-saint-jean\/#article","isPartOf":{"@id":"https:\/\/devtntatelier.com\/jeremy\/15-activites-d-automne-et-d-hiver-a-faire-au-lac-saint-jean\/"},"author":{"name":"Julie Dubois","@id":"https:\/\/devtntatelier.com\/jeremy\/#\/schema\/person\/4e16a93d3f5914a6cca4944ff9454d6b"},"headline":"D\u00e9couvrez 15 activit\u00e9s d&rsquo;automne et d&rsquo;hiver \u00e0 faire au Lac-Saint-Jean","datePublished":"2021-10-29T15:16:26+00:00","dateModified":"2024-12-09T15:58:29+00:00","mainEntityOfPage":{"@id":"https:\/\/devtntatelier.com\/jeremy\/15-activites-d-automne-et-d-hiver-a-faire-au-lac-saint-jean\/"},"wordCount":4807,"image":{"@id":"https:\/\/devtntatelier.com\/jeremy\/15-activites-d-automne-et-d-hiver-a-faire-au-lac-saint-jean\/#primaryimage"},"thumbnailUrl":"https:\/\/devtntatelier.com\/jeremy\/wp-content\/uploads\/2021\/10\/attractions-boreales-girardville-1.jpg","articleSection":["Tendance","Tous les articles"],"inLanguage":"fr-FR"},{"@type":"WebPage","@id":"https:\/\/devtntatelier.com\/jeremy\/15-activites-d-automne-et-d-hiver-a-faire-au-lac-saint-jean\/","url":"https:\/\/devtntatelier.com\/jeremy\/15-activites-d-automne-et-d-hiver-a-faire-au-lac-saint-jean\/","name":"D\u00e9couvrez 15 activit\u00e9s d'automne et d'hiver \u00e0 faire au Lac-Saint-Jean - Extra Maria","isPartOf":{"@id":"https:\/\/devtntatelier.com\/jeremy\/#website"},"primaryImageOfPage":{"@id":"https:\/\/devtntatelier.com\/jeremy\/15-activites-d-automne-et-d-hiver-a-faire-au-lac-saint-jean\/#primaryimage"},"image":{"@id":"https:\/\/devtntatelier.com\/jeremy\/15-activites-d-automne-et-d-hiver-a-faire-au-lac-saint-jean\/#primaryimage"},"thumbnailUrl":"https:\/\/devtntatelier.com\/jeremy\/wp-content\/uploads\/2021\/10\/attractions-boreales-girardville-1.jpg","datePublished":"2021-10-29T15:16:26+00:00","dateModified":"2024-12-09T15:58:29+00:00","author":{"@id":"https:\/\/devtntatelier.com\/jeremy\/#\/schema\/person\/4e16a93d3f5914a6cca4944ff9454d6b"},"breadcrumb":{"@id":"https:\/\/devtntatelier.com\/jeremy\/15-activites-d-automne-et-d-hiver-a-faire-au-lac-saint-jean\/#breadcrumb"},"inLanguage":"fr-FR","potentialAction":[{"@type":"ReadAction","target":["https:\/\/devtntatelier.com\/jeremy\/15-activites-d-automne-et-d-hiver-a-faire-au-lac-saint-jean\/"]}]},{"@type":"ImageObject","inLanguage":"fr-FR","@id":"https:\/\/devtntatelier.com\/jeremy\/15-activites-d-automne-et-d-hiver-a-faire-au-lac-saint-jean\/#primaryimage","url":"https:\/\/devtntatelier.com\/jeremy\/wp-content\/uploads\/2021\/10\/attractions-boreales-girardville-1.jpg","contentUrl":"https:\/\/devtntatelier.com\/jeremy\/wp-content\/uploads\/2021\/10\/attractions-boreales-girardville-1.jpg","width":600,"height":400},{"@type":"BreadcrumbList","@id":"https:\/\/devtntatelier.com\/jeremy\/15-activites-d-automne-et-d-hiver-a-faire-au-lac-saint-jean\/#breadcrumb","itemListElement":[{"@type":"ListItem","position":1,"name":"Accueil","item":"https:\/\/devtntatelier.com\/jeremy\/"},{"@type":"ListItem","position":2,"name":"D\u00e9couvrez 15 activit\u00e9s d&#8217;automne et d&#8217;hiver \u00e0 faire au Lac-Saint-Jean"}]},{"@type":"WebSite","@id":"https:\/\/devtntatelier.com\/jeremy\/#website","url":"https:\/\/devtntatelier.com\/jeremy\/","name":"Extra Maria","description":"Blogue - D\u00e9couvertes locales et achat local","potentialAction":[{"@type":"SearchAction","target":{"@type":"EntryPoint","urlTemplate":"https:\/\/devtntatelier.com\/jeremy\/?s={search_term_string}"},"query-input":{"@type":"PropertyValueSpecification","valueRequired":true,"valueName":"search_term_string"}}],"inLanguage":"fr-FR"},{"@type":"Person","@id":"https:\/\/devtntatelier.com\/jeremy\/#\/schema\/person\/4e16a93d3f5914a6cca4944ff9454d6b","name":"Julie Dubois","image":{"@type":"ImageObject","inLanguage":"fr-FR","@id":"https:\/\/secure.gravatar.com\/avatar\/9a2a4d84ac3f2a1cb2aad2497ad799e9b24013c7bf6bbae16da016240a41e0f2?s=96&d=mm&r=g","url":"https:\/\/secure.gravatar.com\/avatar\/9a2a4d84ac3f2a1cb2aad2497ad799e9b24013c7bf6bbae16da016240a41e0f2?s=96&d=mm&r=g","contentUrl":"https:\/\/secure.gravatar.com\/avatar\/9a2a4d84ac3f2a1cb2aad2497ad799e9b24013c7bf6bbae16da016240a41e0f2?s=96&d=mm&r=g","caption":"Julie Dubois"},"description":"Dans une tout autre vie, il y a quelques ann\u00e9es, j\u2019ai pu occuper des postes plus que convoit\u00e9s. Il y a eu la fonctionnaire f\u00e9d\u00e9rale, la Vice-pr\u00e9sidente r\u00e9gionale adjointe pour plus de 170 000 fonctionnaires f\u00e9d\u00e9raux et la conseill\u00e8re en int\u00e9gration au travail. Maintenant, je manie l\u2019art des mots et du beau. Cr\u00e9atrice de contenu pour les r\u00e9seaux sociaux et site Internet de diverses entreprises; de la sph\u00e8re pharmaceutique en passant par la reproduction de Goldens Retriever. La ville en r\u00e9gion, c\u2019est le mode de vie que je tente de vivre authentiquement dans mon quotidien et ce, depuis mon retour dans notre coin de pays. Exil\u00e9e l\u00e0 o\u00f9 les lumi\u00e8res ne sont pas que des \u00e9toiles, mon bagage a pu \u00eatre acquis afin de m\u2019en servir judicieusement afin de coucher les mots sur papier des petits tr\u00e9sors de nos entrepreneurs. \u00c9picurienne m\u00eame en dormant, j\u2019opterai sur ce sens doublement aiguis\u00e9 pour vous convertir et divertir par le bleu de chez nous.","url":"https:\/\/devtntatelier.com\/jeremy\/author\/julie-dubois\/"}]}},"modified_by":"Am\u00e9lia Fromage","_links":{"self":[{"href":"https:\/\/devtntatelier.com\/jeremy\/wp-json\/wp\/v2\/posts\/2846","targetHints":{"allow":["GET"]}}],"collection":[{"href":"https:\/\/devtntatelier.com\/jeremy\/wp-json\/wp\/v2\/posts"}],"about":[{"href":"https:\/\/devtntatelier.com\/jeremy\/wp-json\/wp\/v2\/types\/post"}],"author":[{"embeddable":true,"href":"https:\/\/devtntatelier.com\/jeremy\/wp-json\/wp\/v2\/users\/20"}],"replies":[{"embeddable":true,"href":"https:\/\/devtntatelier.com\/jeremy\/wp-json\/wp\/v2\/comments?post=2846"}],"version-history":[{"count":0,"href":"https:\/\/devtntatelier.com\/jeremy\/wp-json\/wp\/v2\/posts\/2846\/revisions"}],"wp:featuredmedia":[{"embeddable":true,"href":"https:\/\/devtntatelier.com\/jeremy\/wp-json\/wp\/v2\/media\/2888"}],"wp:attachment":[{"href":"https:\/\/devtntatelier.com\/jeremy\/wp-json\/wp\/v2\/media?parent=2846"}],"wp:term":[{"taxonomy":"category","embeddable":true,"href":"https:\/\/devtntatelier.com\/jeremy\/wp-json\/wp\/v2\/categories?post=2846"},{"taxonomy":"post_tag","embeddable":true,"href":"https:\/\/devtntatelier.com\/jeremy\/wp-json\/wp\/v2\/tags?post=2846"}],"curies":[{"name":"wp","href":"https:\/\/api.w.org\/{rel}","templated":true}]}}