{"id":2805,"date":"2021-10-20T09:59:44","date_gmt":"2021-10-20T13:59:44","guid":{"rendered":"https:\/\/devtntatelier.com\/jeremy\/?p=2805"},"modified":"2021-10-21T12:09:08","modified_gmt":"2021-10-21T16:09:08","slug":"protecteurs-auditifs-gagne-belanger-audioprothesistes-dolbeau-mistassini-roberval","status":"publish","type":"post","link":"https:\/\/devtntatelier.com\/jeremy\/protecteurs-auditifs-gagne-belanger-audioprothesistes-dolbeau-mistassini-roberval\/","title":{"rendered":"Parlons protection auditive avec Marie-Pierre Gagn\u00e9 audioproth\u00e9siste"},"content":{"rendered":"<p>[et_pb_section fb_built=\u00a0\u00bb1&Prime; _builder_version=\u00a0\u00bb4.11.2&Prime; _module_preset=\u00a0\u00bbdefault\u00a0\u00bb global_colors_info=\u00a0\u00bb{}\u00a0\u00bb][et_pb_row _builder_version=\u00a0\u00bb4.11.2&Prime; _module_preset=\u00a0\u00bbdefault\u00a0\u00bb global_colors_info=\u00a0\u00bb{}\u00a0\u00bb][et_pb_column type=\u00a0\u00bb4_4&Prime; _builder_version=\u00a0\u00bb4.11.2&Prime; _module_preset=\u00a0\u00bbdefault\u00a0\u00bb global_colors_info=\u00a0\u00bb{}\u00a0\u00bb][et_pb_text _builder_version=\u00a0\u00bb4.11.2&Prime; _module_preset=\u00a0\u00bbdefault\u00a0\u00bb global_colors_info=\u00a0\u00bb{}\u00a0\u00bb]<\/p>\n<h1>Conseil auditif : Portez des bouchons dans les oreilles ou des coquilles par-dessus les oreilles en cas de bruits environnants ou de baignade.<\/h1>\n<p>Chez Gagn\u00e9 B\u00e9langer audioproth\u00e9sistes, nous prenons votre sant\u00e9 auditive au s\u00e9rieux. C&rsquo;est pourquoi, nous vous avons pr\u00e9par\u00e9 cet article pour vous parler des protecteurs auditifs qui existent sur le march\u00e9 et vous donner des conseils pour assurer leur efficacit\u00e9. Et, n&rsquo;oubliez pas qu&rsquo;en cas de doute de probl\u00e8me d&rsquo;audition, notre \u00e9quipe vous offre de faire des tests d&rsquo;audition \u00e0 nos cliniques de Dolbeau-Mistassini ou\u00a0 de Roberval!<\/p>\n<h4><\/h4>\n<p>[\/et_pb_text][\/et_pb_column][\/et_pb_row][et_pb_row _builder_version=\u00a0\u00bb4.11.2&Prime; _module_preset=\u00a0\u00bbdefault\u00a0\u00bb global_colors_info=\u00a0\u00bb{}\u00a0\u00bb][et_pb_column type=\u00a0\u00bb4_4&Prime; _builder_version=\u00a0\u00bb4.11.2&Prime; _module_preset=\u00a0\u00bbdefault\u00a0\u00bb global_colors_info=\u00a0\u00bb{}\u00a0\u00bb][et_pb_text _builder_version=\u00a0\u00bb4.11.2&Prime; _module_preset=\u00a0\u00bbdefault\u00a0\u00bb global_colors_info=\u00a0\u00bb{}\u00a0\u00bb]<\/p>\n<h2>Voyons maintenant quels sont les diff\u00e9rents types de protecteurs auditifs qui existent<\/h2>\n<p>Plusieurs types de protecteurs auditifs existent selon la situation \u00e0 laquelle on fait face. On parle commun\u00e9ment de :<\/p>\n<ul>\n<li><strong>Protecteurs auditifs Anti-Bruit :<\/strong> pour les travailleurs en milieu bruyant, travaux domestiques (tondeuse, tracteur, scie m\u00e9canique), chasse, etc.<\/li>\n<li><strong>Protecteurs auditifs de sommeil :<\/strong> pour les travailleurs de nuit, les ronfleurs, les trafic, les personnes qui ont le sommeil l\u00e9ger, etc.<\/li>\n<li><strong>Protecteurs auditifs de baignade :<\/strong> pour prot\u00e9ger contre les otites du baigneur, les tubes trans-tympaniques, etc.<\/li>\n<li><strong>Protecteurs auditifs de musiciens :<\/strong> pour les spectateurs, les DJ, les musiciens, les moniteurs de sc\u00e8ne, etc.<\/li>\n<\/ul>\n<p>Mais aussi des protecteurs auditifs pour les oreilles sensibles au bruit ou au vent, pour l\u2019avion, pour les \u00e9tudiants qui doivent se concentrer en r\u00e9duisant les bruits environnants, etc.<\/p>\n<p>[\/et_pb_text][et_pb_image src=\u00a0\u00bbhttps:\/\/devtntatelier.com\/jeremy\/wp-content\/uploads\/2021\/10\/bouchons-pour-le-sommeil.png\u00a0\u00bb title_text=\u00a0\u00bbbouchons-pour-le-sommeil\u00a0\u00bb _builder_version=\u00a0\u00bb4.11.2&Prime; _module_preset=\u00a0\u00bbdefault\u00a0\u00bb global_colors_info=\u00a0\u00bb{}\u00a0\u00bb][\/et_pb_image][et_pb_text _builder_version=\u00a0\u00bb4.11.2&Prime; _module_preset=\u00a0\u00bbdefault\u00a0\u00bb custom_padding=\u00a0\u00bb||0px|||\u00a0\u00bb global_colors_info=\u00a0\u00bb{}\u00a0\u00bb]<\/p>\n<h3>On parle en fait de <strong>deux mod\u00e8les de protecteurs auditifs<\/strong> \u00e0 utiliser selon les besoins du porteur :<\/h3>\n<h4><strong><\/strong><\/h4>\n<h4><strong>\u2192 <\/strong><strong>Les protecteurs auditifs de type intra-auriculaires, aussi appel\u00e9s bouchons d&rsquo;oreilles : <\/strong><\/h4>\n<ul>\n<li>Ils s&rsquo;ins\u00e8rent dans le conduit auditif externe;<\/li>\n<li>Ils peuvent \u00eatre \u00e0 usage unique, r\u00e9utilisables ou moul\u00e9s sur mesure;<\/li>\n<li>Ils sont offerts en plusieurs mat\u00e9riaux diff\u00e9rents pour r\u00e9pondre aux besoins du porteur : mousse, acrylique rigide, silicone m\u00e9dical, cire, etc.;<\/li>\n<li>L\u2019efficacit\u00e9 des bouchons est directement li\u00e9e \u00e0 l\u2019ajustement de ceux-ci. Ils doivent \u00eatre parfaitement ins\u00e9r\u00e9s dans l\u2019oreille pour une \u00e9tanch\u00e9it\u00e9 maximale et ne doivent pas ressortir seuls. Il est donc important de choisir la bonne taille et le bon mat\u00e9riau.<\/li>\n<\/ul>\n<p><em>Les bouchons sur mesures repr\u00e9sentent un excellent choix pour la facilit\u00e9 d\u2019utilisation et pour la protection optimale<\/em>. <em>Ces derniers sont fabriqu\u00e9s d\u2019apr\u00e8s les empreintes de vos oreilles. Faits de mati\u00e8re durable, l\u00e9g\u00e8re et flottable, des poign\u00e9es d\u2019extraction et cordon peuvent aussi \u00eatre ajout\u00e9s.<\/em><\/p>\n<p><a href=\"https:\/\/www.cchst.ca\/oshanswers\/prevention\/ppe\/ear_prot.html\"><\/a><\/p>\n<p>[\/et_pb_text][\/et_pb_column][\/et_pb_row][et_pb_row column_structure=\u00a0\u00bb1_2,1_2&Prime; _builder_version=\u00a0\u00bb4.11.2&Prime; _module_preset=\u00a0\u00bbdefault\u00a0\u00bb global_colors_info=\u00a0\u00bb{}\u00a0\u00bb][et_pb_column type=\u00a0\u00bb1_2&Prime; _builder_version=\u00a0\u00bb4.11.2&Prime; _module_preset=\u00a0\u00bbdefault\u00a0\u00bb global_colors_info=\u00a0\u00bb{}\u00a0\u00bb][et_pb_image src=\u00a0\u00bbhttps:\/\/devtntatelier.com\/jeremy\/wp-content\/uploads\/2021\/10\/bouchons-oreille-orange-audition.png\u00a0\u00bb title_text=\u00a0\u00bbbouchons-oreille-orange-audition\u00a0\u00bb _builder_version=\u00a0\u00bb4.11.2&Prime; _module_preset=\u00a0\u00bbdefault\u00a0\u00bb global_colors_info=\u00a0\u00bb{}\u00a0\u00bb][\/et_pb_image][\/et_pb_column][et_pb_column type=\u00a0\u00bb1_2&Prime; _builder_version=\u00a0\u00bb4.11.2&Prime; _module_preset=\u00a0\u00bbdefault\u00a0\u00bb global_colors_info=\u00a0\u00bb{}\u00a0\u00bb][et_pb_image src=\u00a0\u00bbhttps:\/\/devtntatelier.com\/jeremy\/wp-content\/uploads\/2021\/10\/bouchons-musicien-audition.png\u00a0\u00bb title_text=\u00a0\u00bbbouchons-musicien-audition\u00a0\u00bb _builder_version=\u00a0\u00bb4.11.2&Prime; _module_preset=\u00a0\u00bbdefault\u00a0\u00bb global_colors_info=\u00a0\u00bb{}\u00a0\u00bb][\/et_pb_image][\/et_pb_column][\/et_pb_row][et_pb_row column_structure=\u00a0\u00bb1_2,1_2&Prime; _builder_version=\u00a0\u00bb4.11.2&Prime; _module_preset=\u00a0\u00bbdefault\u00a0\u00bb global_colors_info=\u00a0\u00bb{}\u00a0\u00bb][et_pb_column type=\u00a0\u00bb1_2&Prime; _builder_version=\u00a0\u00bb4.11.2&Prime; _module_preset=\u00a0\u00bbdefault\u00a0\u00bb global_colors_info=\u00a0\u00bb{}\u00a0\u00bb][et_pb_image src=\u00a0\u00bbhttps:\/\/devtntatelier.com\/jeremy\/wp-content\/uploads\/2021\/10\/bouchon-d-oreille-vert-audition.png\u00a0\u00bb title_text=\u00a0\u00bbbouchon-d-oreille-vert-audition\u00a0\u00bb _builder_version=\u00a0\u00bb4.11.2&Prime; _module_preset=\u00a0\u00bbdefault\u00a0\u00bb global_colors_info=\u00a0\u00bb{}\u00a0\u00bb][\/et_pb_image][\/et_pb_column][et_pb_column type=\u00a0\u00bb1_2&Prime; _builder_version=\u00a0\u00bb4.11.2&Prime; _module_preset=\u00a0\u00bbdefault\u00a0\u00bb global_colors_info=\u00a0\u00bb{}\u00a0\u00bb][et_pb_image src=\u00a0\u00bbhttps:\/\/devtntatelier.com\/jeremy\/wp-content\/uploads\/2021\/10\/soudngear-audition-bouchon-d-oreille-scaled.jpg\u00a0\u00bb title_text=\u00a0\u00bbsoudngear-audition-bouchon-d-oreille\u00a0\u00bb _builder_version=\u00a0\u00bb4.11.2&Prime; _module_preset=\u00a0\u00bbdefault\u00a0\u00bb global_colors_info=\u00a0\u00bb{}\u00a0\u00bb][\/et_pb_image][\/et_pb_column][\/et_pb_row][et_pb_row _builder_version=\u00a0\u00bb4.11.2&Prime; _module_preset=\u00a0\u00bbdefault\u00a0\u00bb global_colors_info=\u00a0\u00bb{}\u00a0\u00bb][et_pb_column type=\u00a0\u00bb4_4&Prime; _builder_version=\u00a0\u00bb4.11.2&Prime; _module_preset=\u00a0\u00bbdefault\u00a0\u00bb global_colors_info=\u00a0\u00bb{}\u00a0\u00bb][et_pb_text _builder_version=\u00a0\u00bb4.11.2&Prime; _module_preset=\u00a0\u00bbdefault\u00a0\u00bb global_colors_info=\u00a0\u00bb{}\u00a0\u00bb]<\/p>\n<h4><strong>\u2192 <\/strong><strong><\/strong>Les protecteurs auditifs de type Supra-auriculaires, aussi appel\u00e9s\u00a0 coquilles Anti-Bruit :<\/h4>\n<p><strong><em>Important<\/em><\/strong><em> Avec des lunettes, ce mod\u00e8le n\u2019est pas optimal puisque les branches de lunettes causent une petite fen\u00eatre entre le cerceau et la t\u00eate qui laisse passer le bruit, une perte d\u2019\u00e9tanch\u00e9it\u00e9!<\/em><\/p>\n<p><em>Majoritairement utilis\u00e9 contre le bruit, le mod\u00e8le<\/em> <strong>serre-t\u00eate<\/strong>\u00a0est fabriqu\u00e9 d&rsquo;un mat\u00e9riau att\u00e9nuateur de son et de coussinets souples qui s&rsquo;adaptent autour de l&rsquo;oreille, ainsi que d&rsquo;oreillettes rigides retenues par un serre-t\u00eate.<a href=\"#_ftn1\" name=\"_ftnref1\"><span>[1]<\/span><\/a> Plus facile \u00e0 ajuster pour les b\u00e9b\u00e9s et enfants, les casques anti-bruit sur le march\u00e9 sont efficaces et confortables.<\/p>\n<p>[\/et_pb_text][et_pb_text _builder_version=\u00a0\u00bb4.11.2&Prime; _module_preset=\u00a0\u00bbdefault\u00a0\u00bb global_colors_info=\u00a0\u00bb{}\u00a0\u00bb]<\/p>\n<h2>Comment assurer l&rsquo;efficacit\u00e9 de vos protecteurs auditifs?<\/h2>\n<p>Voici 5 trucs pour assurer l\u2019efficacit\u00e9 de vos protecteurs auditifs :<\/p>\n<h4><span style=\"text-decoration: underline;\">Conseil #1<\/span><\/h4>\n<h4>V\u00e9rifier que l&rsquo;ajustement de vos protecteurs auditifs est ad\u00e9quat;<\/h4>\n<h4><span style=\"text-decoration: underline;\"><\/span><\/h4>\n<h4><span style=\"text-decoration: underline;\">Conseil #2<\/span><\/h4>\n<h4>V\u00e9rifiez que vos protecteurs auditifs sont \u00e9tanches;<\/h4>\n<h4><span style=\"text-decoration: underline;\"><\/span><\/h4>\n<h4><span style=\"text-decoration: underline;\">Conseil #3<\/span><\/h4>\n<h4>Assurez-vous que vos protecteurs auditifs n&rsquo;ont pas \u00e9t\u00e9 modifi\u00e9s;<\/h4>\n<h4><span style=\"text-decoration: underline;\"><\/span><\/h4>\n<h4><span style=\"text-decoration: underline;\">Conseil #4<\/span><\/h4>\n<h4>Portez en tout temps vos protecteurs auditifs en pr\u00e9sence de bruit (ne pas les enlever m\u00eame pour une minute);<\/h4>\n<h4><span style=\"text-decoration: underline;\"><\/span><\/h4>\n<h4><span style=\"text-decoration: underline;\">Conseil #5<\/span>\u00a0<\/h4>\n<h4>N&rsquo;oubliez pas que les \u00e9couteurs ne remplacent pas des protecteurs auditifs Anti-Bruit!<\/h4>\n<p><a href=\"https:\/\/www.cchst.ca\/oshanswers\/prevention\/ppe\/ear_prot.html\"><\/a><\/p>\n<p>[\/et_pb_text][et_pb_text _builder_version=\u00a0\u00bb4.11.2&Prime; _module_preset=\u00a0\u00bbdefault\u00a0\u00bb global_colors_info=\u00a0\u00bb{}\u00a0\u00bb]<\/p>\n<p><em>Chaque jour, nos oreilles peuvent \u00eatre mises \u00e0 rude \u00e9preuve. Que ce soit \u00e0 la maison ou au travail, des bruits ambiants peuvent nuire \u00e0 notre audition. C&rsquo;est pourquoi en cas de doute, il est plus prudent de consulter.<\/em><\/p>\n<p><strong><em>Pour un confort auditif assur\u00e9, votre audioproth\u00e9siste de Gagn\u00e9 B\u00e9langer saura vous conseiller!<\/em><\/strong><\/p>\n<p><strong>Clinique auditive Gagn\u00e9-B\u00e9langer Audioproth\u00e9sistes<\/strong><\/p>\n<p>1487-1491, boul. Wallberg,<span>\u00a0<\/span><strong>Dolbeau-Mistassini<\/strong><span>\u00a0<\/span>QC,\u00a0\u00a0G8L 1H5<br \/>T\u00e9l\u00e9phone : <span style=\"text-decoration: underline;\"><a href=\"tel:4182760635\" target=\"_blank\" rel=\"noopener\">418 276-0635<\/a>\u00a0<\/span>\u00a0|\u00a0\u00a0T\u00e9lec. : 418 276-9258<\/p>\n<p><span>991, boul. Marcotte,\u00a0<strong>Roberval<\/strong>\u00a0QC,\u00a0\u00a0G8H 2A9<\/span><br \/><span>T\u00e9l\u00e9phone : <a href=\"tel:4182755005\" target=\"_blank\" rel=\"noopener\"><span style=\"text-decoration: underline;\">418 275-5005<\/span><\/a>\u00a0\u00a0|\u00a0\u00a0T\u00e9lec. : 418 275-1001<\/span><\/p>\n<p><span style=\"text-decoration: underline;\"><a href=\"https:\/\/devtntatelier.com\/jeremy\/2021\/08\/clinique-auditive-gagne-belanger-audioprothesistes-de-dolbeau-mistassini-et-roberval-a-votre-ecoute\/cliniqueauditive.quebec\" target=\"_blank\" rel=\"noopener\">Cliniqueauditive.quebec<\/a><\/span><\/p>\n<p><a href=\"#_ftnref1\" name=\"_ftn1\"><span>[1]<\/span><\/a> <a href=\"https:\/\/www.cchst.ca\/oshanswers\/prevention\/ppe\/ear_prot.html\">https:\/\/www.cchst.ca\/oshanswers\/prevention\/ppe\/ear_prot.html<\/a><\/p>\n<p>[\/et_pb_text][\/et_pb_column][\/et_pb_row][\/et_pb_section]<\/p>\n","protected":false},"excerpt":{"rendered":"<p>Conseil auditif : Portez des bouchons dans les oreilles ou des coquilles par-dessus les oreilles en cas de bruits environnants ou de baignade. Chez Gagn\u00e9 B\u00e9langer audioproth\u00e9sistes, nous prenons votre [&hellip;]<\/p>\n","protected":false},"author":18,"featured_media":2432,"comment_status":"open","ping_status":"closed","sticky":true,"template":"","format":"standard","meta":{"_et_pb_use_builder":"on","_et_pb_old_content":"","_et_gb_content_width":"","_lmt_disableupdate":"","_lmt_disable":"","_price":"","_stock":"","_tribe_ticket_header":"","_tribe_default_ticket_provider":"","_tribe_ticket_capacity":"0","_ticket_start_date":"","_ticket_end_date":"","_tribe_ticket_show_description":"","_tribe_ticket_show_not_going":false,"_tribe_ticket_use_global_stock":"","_tribe_ticket_global_stock_level":"","_global_stock_mode":"","_global_stock_cap":"","_tribe_rsvp_for_event":"","_tribe_ticket_going_count":"","_tribe_ticket_not_going_count":"","_tribe_tickets_list":"[]","_tribe_ticket_has_attendee_info_fields":false,"footnotes":""},"categories":[1,6],"tags":[],"class_list":["post-2805","post","type-post","status-publish","format-standard","has-post-thumbnail","hentry","category-articles-achat-local-extra-maria","category-trucs-de-pros"],"yoast_head":"<!-- This site is optimized with the Yoast SEO Premium plugin v25.9 (Yoast SEO v28.4) - https:\/\/yoast.com\/product\/yoast-seo-premium-wordpress\/ -->\n<title>Parlons protection auditive avec Marie-Pierre Gagn\u00e9 audioproth\u00e9siste - Extra Maria<\/title>\n<meta name=\"description\" content=\"D\u00e9couvrez quels sont les diff\u00e9rents types de protecteurs auditifs et quand porter une protection auditive pour prot\u00e9ger votre audition.\" \/>\n<meta name=\"robots\" content=\"index, follow, max-snippet:-1, max-image-preview:large, max-video-preview:-1\" \/>\n<link rel=\"canonical\" href=\"https:\/\/devtntatelier.com\/jeremy\/protecteurs-auditifs-gagne-belanger-audioprothesistes-dolbeau-mistassini-roberval\/\" \/>\n<meta property=\"og:locale\" content=\"fr_FR\" \/>\n<meta property=\"og:type\" content=\"article\" \/>\n<meta property=\"og:title\" content=\"Parlons protection auditive avec Marie-Pierre Gagn\u00e9 audioproth\u00e9siste\" \/>\n<meta property=\"og:url\" content=\"https:\/\/devtntatelier.com\/jeremy\/protecteurs-auditifs-gagne-belanger-audioprothesistes-dolbeau-mistassini-roberval\/\" \/>\n<meta property=\"og:site_name\" content=\"Extra Maria\" \/>\n<meta property=\"article:published_time\" content=\"2021-10-20T13:59:44+00:00\" \/>\n<meta property=\"article:modified_time\" content=\"2021-10-21T16:09:08+00:00\" \/>\n<meta property=\"og:image\" content=\"https:\/\/devtntatelier.com\/jeremy\/wp-content\/uploads\/2021\/08\/clinique-auditive-gagne-belanger-audioprothesistes-3.jpg\" \/>\n\t<meta property=\"og:image:width\" content=\"1200\" \/>\n\t<meta property=\"og:image:height\" content=\"630\" \/>\n\t<meta property=\"og:image:type\" content=\"image\/jpeg\" \/>\n<meta name=\"author\" content=\"Marie-Pierre Gagn\u00e9\" \/>\n<meta name=\"twitter:card\" content=\"summary_large_image\" \/>\n<meta name=\"twitter:label1\" content=\"\u00c9crit par\" \/>\n\t<meta name=\"twitter:data1\" content=\"Marie-Pierre Gagn\u00e9\" \/>\n\t<meta name=\"twitter:label2\" content=\"Dur\u00e9e de lecture estim\u00e9e\" \/>\n\t<meta name=\"twitter:data2\" content=\"3 minutes\" \/>\n<script type=\"application\/ld+json\" class=\"yoast-schema-graph\">{\"@context\":\"https:\\\/\\\/schema.org\",\"@graph\":[{\"@type\":\"Article\",\"@id\":\"https:\\\/\\\/devtntatelier.com\\\/jeremy\\\/protecteurs-auditifs-gagne-belanger-audioprothesistes-dolbeau-mistassini-roberval\\\/#article\",\"isPartOf\":{\"@id\":\"https:\\\/\\\/devtntatelier.com\\\/jeremy\\\/protecteurs-auditifs-gagne-belanger-audioprothesistes-dolbeau-mistassini-roberval\\\/\"},\"author\":{\"name\":\"Marie-Pierre Gagn\u00e9\",\"@id\":\"https:\\\/\\\/devtntatelier.com\\\/jeremy\\\/#\\\/schema\\\/person\\\/680c1ac94d0512595ff9bca102adc203\"},\"headline\":\"Parlons protection auditive avec Marie-Pierre Gagn\u00e9 audioproth\u00e9siste\",\"datePublished\":\"2021-10-20T13:59:44+00:00\",\"dateModified\":\"2021-10-21T16:09:08+00:00\",\"mainEntityOfPage\":{\"@id\":\"https:\\\/\\\/devtntatelier.com\\\/jeremy\\\/protecteurs-auditifs-gagne-belanger-audioprothesistes-dolbeau-mistassini-roberval\\\/\"},\"wordCount\":1125,\"commentCount\":0,\"image\":{\"@id\":\"https:\\\/\\\/devtntatelier.com\\\/jeremy\\\/protecteurs-auditifs-gagne-belanger-audioprothesistes-dolbeau-mistassini-roberval\\\/#primaryimage\"},\"thumbnailUrl\":\"https:\\\/\\\/devtntatelier.com\\\/jeremy\\\/wp-content\\\/uploads\\\/2021\\\/08\\\/clinique-auditive-gagne-belanger-audioprothesistes-3.jpg\",\"articleSection\":[\"Tous les articles\",\"Trucs de pros\"],\"inLanguage\":\"fr-FR\",\"potentialAction\":[{\"@type\":\"CommentAction\",\"name\":\"Comment\",\"target\":[\"https:\\\/\\\/devtntatelier.com\\\/jeremy\\\/protecteurs-auditifs-gagne-belanger-audioprothesistes-dolbeau-mistassini-roberval\\\/#respond\"]}]},{\"@type\":\"WebPage\",\"@id\":\"https:\\\/\\\/devtntatelier.com\\\/jeremy\\\/protecteurs-auditifs-gagne-belanger-audioprothesistes-dolbeau-mistassini-roberval\\\/\",\"url\":\"https:\\\/\\\/devtntatelier.com\\\/jeremy\\\/protecteurs-auditifs-gagne-belanger-audioprothesistes-dolbeau-mistassini-roberval\\\/\",\"name\":\"Parlons protection auditive avec Marie-Pierre Gagn\u00e9 audioproth\u00e9siste - Extra Maria\",\"isPartOf\":{\"@id\":\"https:\\\/\\\/devtntatelier.com\\\/jeremy\\\/#website\"},\"primaryImageOfPage\":{\"@id\":\"https:\\\/\\\/devtntatelier.com\\\/jeremy\\\/protecteurs-auditifs-gagne-belanger-audioprothesistes-dolbeau-mistassini-roberval\\\/#primaryimage\"},\"image\":{\"@id\":\"https:\\\/\\\/devtntatelier.com\\\/jeremy\\\/protecteurs-auditifs-gagne-belanger-audioprothesistes-dolbeau-mistassini-roberval\\\/#primaryimage\"},\"thumbnailUrl\":\"https:\\\/\\\/devtntatelier.com\\\/jeremy\\\/wp-content\\\/uploads\\\/2021\\\/08\\\/clinique-auditive-gagne-belanger-audioprothesistes-3.jpg\",\"datePublished\":\"2021-10-20T13:59:44+00:00\",\"dateModified\":\"2021-10-21T16:09:08+00:00\",\"author\":{\"@id\":\"https:\\\/\\\/devtntatelier.com\\\/jeremy\\\/#\\\/schema\\\/person\\\/680c1ac94d0512595ff9bca102adc203\"},\"description\":\"D\u00e9couvrez quels sont les diff\u00e9rents types de protecteurs auditifs et quand porter une protection auditive pour prot\u00e9ger votre audition.\",\"breadcrumb\":{\"@id\":\"https:\\\/\\\/devtntatelier.com\\\/jeremy\\\/protecteurs-auditifs-gagne-belanger-audioprothesistes-dolbeau-mistassini-roberval\\\/#breadcrumb\"},\"inLanguage\":\"fr-FR\",\"potentialAction\":[{\"@type\":\"ReadAction\",\"target\":[\"https:\\\/\\\/devtntatelier.com\\\/jeremy\\\/protecteurs-auditifs-gagne-belanger-audioprothesistes-dolbeau-mistassini-roberval\\\/\"]}]},{\"@type\":\"ImageObject\",\"inLanguage\":\"fr-FR\",\"@id\":\"https:\\\/\\\/devtntatelier.com\\\/jeremy\\\/protecteurs-auditifs-gagne-belanger-audioprothesistes-dolbeau-mistassini-roberval\\\/#primaryimage\",\"url\":\"https:\\\/\\\/devtntatelier.com\\\/jeremy\\\/wp-content\\\/uploads\\\/2021\\\/08\\\/clinique-auditive-gagne-belanger-audioprothesistes-3.jpg\",\"contentUrl\":\"https:\\\/\\\/devtntatelier.com\\\/jeremy\\\/wp-content\\\/uploads\\\/2021\\\/08\\\/clinique-auditive-gagne-belanger-audioprothesistes-3.jpg\",\"width\":1200,\"height\":630,\"caption\":\"Clinique-auditive-gagne-belanger-audioprotesistes\"},{\"@type\":\"BreadcrumbList\",\"@id\":\"https:\\\/\\\/devtntatelier.com\\\/jeremy\\\/protecteurs-auditifs-gagne-belanger-audioprothesistes-dolbeau-mistassini-roberval\\\/#breadcrumb\",\"itemListElement\":[{\"@type\":\"ListItem\",\"position\":1,\"name\":\"Accueil\",\"item\":\"https:\\\/\\\/devtntatelier.com\\\/jeremy\\\/\"},{\"@type\":\"ListItem\",\"position\":2,\"name\":\"Parlons protection auditive avec Marie-Pierre Gagn\u00e9 audioproth\u00e9siste\"}]},{\"@type\":\"WebSite\",\"@id\":\"https:\\\/\\\/devtntatelier.com\\\/jeremy\\\/#website\",\"url\":\"https:\\\/\\\/devtntatelier.com\\\/jeremy\\\/\",\"name\":\"Extra Maria\",\"description\":\"Blogue - D\u00e9couvertes locales et achat local\",\"potentialAction\":[{\"@type\":\"SearchAction\",\"target\":{\"@type\":\"EntryPoint\",\"urlTemplate\":\"https:\\\/\\\/devtntatelier.com\\\/jeremy\\\/?s={search_term_string}\"},\"query-input\":{\"@type\":\"PropertyValueSpecification\",\"valueRequired\":true,\"valueName\":\"search_term_string\"}}],\"inLanguage\":\"fr-FR\"},{\"@type\":\"Person\",\"@id\":\"https:\\\/\\\/devtntatelier.com\\\/jeremy\\\/#\\\/schema\\\/person\\\/680c1ac94d0512595ff9bca102adc203\",\"name\":\"Marie-Pierre Gagn\u00e9\",\"image\":{\"@type\":\"ImageObject\",\"inLanguage\":\"fr-FR\",\"@id\":\"https:\\\/\\\/secure.gravatar.com\\\/avatar\\\/b4dc1823181030871bb45ee5aafecd28010660d46880a65bdcaa978ad8bd9ebb?s=96&d=mm&r=g\",\"url\":\"https:\\\/\\\/secure.gravatar.com\\\/avatar\\\/b4dc1823181030871bb45ee5aafecd28010660d46880a65bdcaa978ad8bd9ebb?s=96&d=mm&r=g\",\"contentUrl\":\"https:\\\/\\\/secure.gravatar.com\\\/avatar\\\/b4dc1823181030871bb45ee5aafecd28010660d46880a65bdcaa978ad8bd9ebb?s=96&d=mm&r=g\",\"caption\":\"Marie-Pierre Gagn\u00e9\"},\"description\":\"Apr\u00e8s avoir quitt\u00e9 mon emploi en th\u00e9rapie sportive d\u00fb \u00e0 une blessure au genou, j'ai d\u00e9cid\u00e9 de troquer le march\u00e9 du travail pour un retour aux \u00e9tudes. Je d\u00e9cide alors comme mon conjoint de faire ma demande au C\u00e9gep de La Pocati\u00e8re en Techniques Audioproth\u00e8se. C\u2019est donc apr\u00e8s 3 ans d\u2019efforts, dipl\u00f4me en main, que mon conjoint et moi nous sommes lan\u00e9s dans la belle aventure de La Clinique Auditive Gagn\u00e9-B\u00e9langer Audioproth\u00e9sistes! Et, c'est avec plaisir que j'\u00e9crirai certains articles pour le bien de votre sant\u00e9 auditive sur extramaria.com!\",\"sameAs\":[\"https:\\\/\\\/cliniqueauditive.quebec\"],\"url\":\"https:\\\/\\\/devtntatelier.com\\\/jeremy\\\/author\\\/mpgagne\\\/\"}]}<\/script>\n<!-- \/ Yoast SEO Premium plugin. -->","yoast_head_json":{"title":"Parlons protection auditive avec Marie-Pierre Gagn\u00e9 audioproth\u00e9siste - Extra Maria","description":"D\u00e9couvrez quels sont les diff\u00e9rents types de protecteurs auditifs et quand porter une protection auditive pour prot\u00e9ger votre audition.","robots":{"index":"index","follow":"follow","max-snippet":"max-snippet:-1","max-image-preview":"max-image-preview:large","max-video-preview":"max-video-preview:-1"},"canonical":"https:\/\/devtntatelier.com\/jeremy\/protecteurs-auditifs-gagne-belanger-audioprothesistes-dolbeau-mistassini-roberval\/","og_locale":"fr_FR","og_type":"article","og_title":"Parlons protection auditive avec Marie-Pierre Gagn\u00e9 audioproth\u00e9siste","og_url":"https:\/\/devtntatelier.com\/jeremy\/protecteurs-auditifs-gagne-belanger-audioprothesistes-dolbeau-mistassini-roberval\/","og_site_name":"Extra Maria","article_published_time":"2021-10-20T13:59:44+00:00","article_modified_time":"2021-10-21T16:09:08+00:00","og_image":[{"width":1200,"height":630,"url":"https:\/\/devtntatelier.com\/jeremy\/wp-content\/uploads\/2021\/08\/clinique-auditive-gagne-belanger-audioprothesistes-3.jpg","type":"image\/jpeg"}],"author":"Marie-Pierre Gagn\u00e9","twitter_card":"summary_large_image","twitter_misc":{"\u00c9crit par":"Marie-Pierre Gagn\u00e9","Dur\u00e9e de lecture estim\u00e9e":"3 minutes"},"schema":{"@context":"https:\/\/schema.org","@graph":[{"@type":"Article","@id":"https:\/\/devtntatelier.com\/jeremy\/protecteurs-auditifs-gagne-belanger-audioprothesistes-dolbeau-mistassini-roberval\/#article","isPartOf":{"@id":"https:\/\/devtntatelier.com\/jeremy\/protecteurs-auditifs-gagne-belanger-audioprothesistes-dolbeau-mistassini-roberval\/"},"author":{"name":"Marie-Pierre Gagn\u00e9","@id":"https:\/\/devtntatelier.com\/jeremy\/#\/schema\/person\/680c1ac94d0512595ff9bca102adc203"},"headline":"Parlons protection auditive avec Marie-Pierre Gagn\u00e9 audioproth\u00e9siste","datePublished":"2021-10-20T13:59:44+00:00","dateModified":"2021-10-21T16:09:08+00:00","mainEntityOfPage":{"@id":"https:\/\/devtntatelier.com\/jeremy\/protecteurs-auditifs-gagne-belanger-audioprothesistes-dolbeau-mistassini-roberval\/"},"wordCount":1125,"commentCount":0,"image":{"@id":"https:\/\/devtntatelier.com\/jeremy\/protecteurs-auditifs-gagne-belanger-audioprothesistes-dolbeau-mistassini-roberval\/#primaryimage"},"thumbnailUrl":"https:\/\/devtntatelier.com\/jeremy\/wp-content\/uploads\/2021\/08\/clinique-auditive-gagne-belanger-audioprothesistes-3.jpg","articleSection":["Tous les articles","Trucs de pros"],"inLanguage":"fr-FR","potentialAction":[{"@type":"CommentAction","name":"Comment","target":["https:\/\/devtntatelier.com\/jeremy\/protecteurs-auditifs-gagne-belanger-audioprothesistes-dolbeau-mistassini-roberval\/#respond"]}]},{"@type":"WebPage","@id":"https:\/\/devtntatelier.com\/jeremy\/protecteurs-auditifs-gagne-belanger-audioprothesistes-dolbeau-mistassini-roberval\/","url":"https:\/\/devtntatelier.com\/jeremy\/protecteurs-auditifs-gagne-belanger-audioprothesistes-dolbeau-mistassini-roberval\/","name":"Parlons protection auditive avec Marie-Pierre Gagn\u00e9 audioproth\u00e9siste - Extra Maria","isPartOf":{"@id":"https:\/\/devtntatelier.com\/jeremy\/#website"},"primaryImageOfPage":{"@id":"https:\/\/devtntatelier.com\/jeremy\/protecteurs-auditifs-gagne-belanger-audioprothesistes-dolbeau-mistassini-roberval\/#primaryimage"},"image":{"@id":"https:\/\/devtntatelier.com\/jeremy\/protecteurs-auditifs-gagne-belanger-audioprothesistes-dolbeau-mistassini-roberval\/#primaryimage"},"thumbnailUrl":"https:\/\/devtntatelier.com\/jeremy\/wp-content\/uploads\/2021\/08\/clinique-auditive-gagne-belanger-audioprothesistes-3.jpg","datePublished":"2021-10-20T13:59:44+00:00","dateModified":"2021-10-21T16:09:08+00:00","author":{"@id":"https:\/\/devtntatelier.com\/jeremy\/#\/schema\/person\/680c1ac94d0512595ff9bca102adc203"},"description":"D\u00e9couvrez quels sont les diff\u00e9rents types de protecteurs auditifs et quand porter une protection auditive pour prot\u00e9ger votre audition.","breadcrumb":{"@id":"https:\/\/devtntatelier.com\/jeremy\/protecteurs-auditifs-gagne-belanger-audioprothesistes-dolbeau-mistassini-roberval\/#breadcrumb"},"inLanguage":"fr-FR","potentialAction":[{"@type":"ReadAction","target":["https:\/\/devtntatelier.com\/jeremy\/protecteurs-auditifs-gagne-belanger-audioprothesistes-dolbeau-mistassini-roberval\/"]}]},{"@type":"ImageObject","inLanguage":"fr-FR","@id":"https:\/\/devtntatelier.com\/jeremy\/protecteurs-auditifs-gagne-belanger-audioprothesistes-dolbeau-mistassini-roberval\/#primaryimage","url":"https:\/\/devtntatelier.com\/jeremy\/wp-content\/uploads\/2021\/08\/clinique-auditive-gagne-belanger-audioprothesistes-3.jpg","contentUrl":"https:\/\/devtntatelier.com\/jeremy\/wp-content\/uploads\/2021\/08\/clinique-auditive-gagne-belanger-audioprothesistes-3.jpg","width":1200,"height":630,"caption":"Clinique-auditive-gagne-belanger-audioprotesistes"},{"@type":"BreadcrumbList","@id":"https:\/\/devtntatelier.com\/jeremy\/protecteurs-auditifs-gagne-belanger-audioprothesistes-dolbeau-mistassini-roberval\/#breadcrumb","itemListElement":[{"@type":"ListItem","position":1,"name":"Accueil","item":"https:\/\/devtntatelier.com\/jeremy\/"},{"@type":"ListItem","position":2,"name":"Parlons protection auditive avec Marie-Pierre Gagn\u00e9 audioproth\u00e9siste"}]},{"@type":"WebSite","@id":"https:\/\/devtntatelier.com\/jeremy\/#website","url":"https:\/\/devtntatelier.com\/jeremy\/","name":"Extra Maria","description":"Blogue - D\u00e9couvertes locales et achat local","potentialAction":[{"@type":"SearchAction","target":{"@type":"EntryPoint","urlTemplate":"https:\/\/devtntatelier.com\/jeremy\/?s={search_term_string}"},"query-input":{"@type":"PropertyValueSpecification","valueRequired":true,"valueName":"search_term_string"}}],"inLanguage":"fr-FR"},{"@type":"Person","@id":"https:\/\/devtntatelier.com\/jeremy\/#\/schema\/person\/680c1ac94d0512595ff9bca102adc203","name":"Marie-Pierre Gagn\u00e9","image":{"@type":"ImageObject","inLanguage":"fr-FR","@id":"https:\/\/secure.gravatar.com\/avatar\/b4dc1823181030871bb45ee5aafecd28010660d46880a65bdcaa978ad8bd9ebb?s=96&d=mm&r=g","url":"https:\/\/secure.gravatar.com\/avatar\/b4dc1823181030871bb45ee5aafecd28010660d46880a65bdcaa978ad8bd9ebb?s=96&d=mm&r=g","contentUrl":"https:\/\/secure.gravatar.com\/avatar\/b4dc1823181030871bb45ee5aafecd28010660d46880a65bdcaa978ad8bd9ebb?s=96&d=mm&r=g","caption":"Marie-Pierre Gagn\u00e9"},"description":"Apr\u00e8s avoir quitt\u00e9 mon emploi en th\u00e9rapie sportive d\u00fb \u00e0 une blessure au genou, j'ai d\u00e9cid\u00e9 de troquer le march\u00e9 du travail pour un retour aux \u00e9tudes. Je d\u00e9cide alors comme mon conjoint de faire ma demande au C\u00e9gep de La Pocati\u00e8re en Techniques Audioproth\u00e8se. C\u2019est donc apr\u00e8s 3 ans d\u2019efforts, dipl\u00f4me en main, que mon conjoint et moi nous sommes lan\u00e9s dans la belle aventure de La Clinique Auditive Gagn\u00e9-B\u00e9langer Audioproth\u00e9sistes! Et, c'est avec plaisir que j'\u00e9crirai certains articles pour le bien de votre sant\u00e9 auditive sur extramaria.com!","sameAs":["https:\/\/cliniqueauditive.quebec"],"url":"https:\/\/devtntatelier.com\/jeremy\/author\/mpgagne\/"}]}},"modified_by":"Am\u00e9lia Fromage","_links":{"self":[{"href":"https:\/\/devtntatelier.com\/jeremy\/wp-json\/wp\/v2\/posts\/2805","targetHints":{"allow":["GET"]}}],"collection":[{"href":"https:\/\/devtntatelier.com\/jeremy\/wp-json\/wp\/v2\/posts"}],"about":[{"href":"https:\/\/devtntatelier.com\/jeremy\/wp-json\/wp\/v2\/types\/post"}],"author":[{"embeddable":true,"href":"https:\/\/devtntatelier.com\/jeremy\/wp-json\/wp\/v2\/users\/18"}],"replies":[{"embeddable":true,"href":"https:\/\/devtntatelier.com\/jeremy\/wp-json\/wp\/v2\/comments?post=2805"}],"version-history":[{"count":0,"href":"https:\/\/devtntatelier.com\/jeremy\/wp-json\/wp\/v2\/posts\/2805\/revisions"}],"wp:featuredmedia":[{"embeddable":true,"href":"https:\/\/devtntatelier.com\/jeremy\/wp-json\/wp\/v2\/media\/2432"}],"wp:attachment":[{"href":"https:\/\/devtntatelier.com\/jeremy\/wp-json\/wp\/v2\/media?parent=2805"}],"wp:term":[{"taxonomy":"category","embeddable":true,"href":"https:\/\/devtntatelier.com\/jeremy\/wp-json\/wp\/v2\/categories?post=2805"},{"taxonomy":"post_tag","embeddable":true,"href":"https:\/\/devtntatelier.com\/jeremy\/wp-json\/wp\/v2\/tags?post=2805"}],"curies":[{"name":"wp","href":"https:\/\/api.w.org\/{rel}","templated":true}]}}