{"id":2377,"date":"2021-08-05T11:25:04","date_gmt":"2021-08-05T15:25:04","guid":{"rendered":"https:\/\/devtntatelier.com\/jeremy\/?p=2377"},"modified":"2022-02-24T09:48:50","modified_gmt":"2022-02-24T14:48:50","slug":"recette-de-cuisine-carre-sante-aux-camerises","status":"publish","type":"post","link":"https:\/\/devtntatelier.com\/jeremy\/recette-de-cuisine-carre-sante-aux-camerises\/","title":{"rendered":"Recette : Carr\u00e9 sant\u00e9 aux camerises"},"content":{"rendered":"\n[et_pb_section fb_built=\u00a0\u00bb1&Prime; _builder_version=\u00a0\u00bb4.9.10&Prime; _module_preset=\u00a0\u00bbdefault\u00a0\u00bb][et_pb_row _builder_version=\u00a0\u00bb4.9.10&Prime; _module_preset=\u00a0\u00bbdefault\u00a0\u00bb][et_pb_column type=\u00a0\u00bb4_4&Prime; _builder_version=\u00a0\u00bb4.9.10&Prime; _module_preset=\u00a0\u00bbdefault\u00a0\u00bb][et_pb_text _builder_version=\u00a0\u00bb4.9.10&Prime; _module_preset=\u00a0\u00bbdefault\u00a0\u00bb hover_enabled=\u00a0\u00bb0&Prime; sticky_enabled=\u00a0\u00bb0&Prime;]<h1>Recette : Carr\u00e9 sant\u00e9 aux camerises<\/h1>[\/et_pb_text][\/et_pb_column][\/et_pb_row][et_pb_row _builder_version=\u00a0\u00bb4.9.10&Prime; _module_preset=\u00a0\u00bbdefault\u00a0\u00bb][et_pb_column _builder_version=\u00a0\u00bb4.9.10&Prime; _module_preset=\u00a0\u00bbdefault\u00a0\u00bb type=\u00a0\u00bb4_4&Prime;][et_pb_text _builder_version=\u00a0\u00bb4.9.10&Prime; _module_preset=\u00a0\u00bbdefault\u00a0\u00bb hover_enabled=\u00a0\u00bb0&Prime; sticky_enabled=\u00a0\u00bb0&Prime;]<h2>Pr\u00e9paration aux camerises<\/h2>[\/et_pb_text][\/et_pb_column][\/et_pb_row][et_pb_row _builder_version=\u00a0\u00bb4.9.10&Prime; _module_preset=\u00a0\u00bbdefault\u00a0\u00bb][et_pb_column type=\u00a0\u00bb4_4&Prime; _builder_version=\u00a0\u00bb4.9.10&Prime; _module_preset=\u00a0\u00bbdefault\u00a0\u00bb][et_pb_text _builder_version=\u00a0\u00bb4.9.10&Prime; _module_preset=\u00a0\u00bbdefault\u00a0\u00bb background_color=\u00a0\u00bb#aa9f66&Prime; custom_margin=\u00a0\u00bb0px||||false|false\u00a0\u00bb custom_padding=\u00a0\u00bb10px|15px||15px|false|false\u00a0\u00bb hover_enabled=\u00a0\u00bb0&Prime; sticky_enabled=\u00a0\u00bb0&Prime;]<div dir=\"auto\"><strong>Ingr\u00e9dients :<\/strong><\/div>\n<div class=\"o9v6fnle cxmmr5t8 oygrvhab hcukyx3x c1et5uql ii04i59q\">\n<ul>\n<li dir=\"auto\">2 tasses de camerises congel\u00e9es;<\/li>\n<li dir=\"auto\">1 1\/2 c. \u00e0 soupe de f\u00e9cule de ma\u00efs;<\/li>\n<li dir=\"auto\">1\/2 c. \u00e0 soupe de jus de citron;<\/li>\n<li dir=\"auto\">1\/3 tasse de sucre.<\/li>\n<\/ul>\n<\/div>[\/et_pb_text][\/et_pb_column][\/et_pb_row][et_pb_row _builder_version=\u00a0\u00bb4.9.10&Prime; _module_preset=\u00a0\u00bbdefault\u00a0\u00bb][et_pb_column type=\u00a0\u00bb4_4&Prime; _builder_version=\u00a0\u00bb4.9.10&Prime; _module_preset=\u00a0\u00bbdefault\u00a0\u00bb][et_pb_text _builder_version=\u00a0\u00bb4.9.10&Prime; _module_preset=\u00a0\u00bbdefault\u00a0\u00bb hover_enabled=\u00a0\u00bb0&Prime; sticky_enabled=\u00a0\u00bb0&Prime;]<div class=\"kvgmc6g5 cxmmr5t8 oygrvhab hcukyx3x c1et5uql ii04i59q\">\n<div dir=\"auto\">\n<div class=\"kvgmc6g5 cxmmr5t8 oygrvhab hcukyx3x c1et5uql ii04i59q\">\n<p><strong><span style=\"background-color: transparent;\">Pr\u00e9paration :<\/span><\/strong><\/p>\n<ol>\n<li dir=\"auto\">Dans une casserole, m\u00e9langer les ingr\u00e9dients ci-dessus;<\/li>\n<li dir=\"auto\">Porter \u00e0 \u00e9bullition et laisser mijoter 20 minutes \u00e0 feu doux en remuant fr\u00e9quemment jusqu&rsquo;\u00e0 l&rsquo;obtention d&rsquo;une texture de confiture;<\/li>\n<li dir=\"auto\">ajouter 1 c. \u00e0 soupe de graine de chia et remuer. Laisser refroidir.\u00a0<\/li>\n<\/ol>\n<p><span style=\"background-color: transparent;\"><\/span><\/p>\n<p><span style=\"background-color: transparent;\"><\/span><\/p>\n<p><span style=\"background-color: transparent;\"><\/span><\/p>\n<p><span style=\"background-color: transparent;\"><\/span><\/p>\n<\/div>\n<\/div>\n<\/div>[\/et_pb_text][et_pb_text _builder_version=\u00a0\u00bb4.9.10&Prime; _module_preset=\u00a0\u00bbdefault\u00a0\u00bb]<h2><strong>Pr\u00e9paration aux flocons d&rsquo;avoine<\/strong><\/h2>[\/et_pb_text][et_pb_text _builder_version=\u00a0\u00bb4.9.10&Prime; _module_preset=\u00a0\u00bbdefault\u00a0\u00bb background_color=\u00a0\u00bb#aa9f66&Prime; custom_margin=\u00a0\u00bb0px||||false|false\u00a0\u00bb custom_padding=\u00a0\u00bb10px|15px||15px|false|false\u00a0\u00bb hover_enabled=\u00a0\u00bb0&Prime; sticky_enabled=\u00a0\u00bb0&Prime;]<div dir=\"auto\"><strong>Ingr\u00e9dients :<\/strong><\/div>\n<div class=\"o9v6fnle cxmmr5t8 oygrvhab hcukyx3x c1et5uql ii04i59q\">\n<ul>\n<li dir=\"auto\">3\/4 tasse de margarine ramollie;<\/li>\n<li dir=\"auto\">1 tasse de cassonade;<\/li>\n<li dir=\"auto\">1 c. \u00e0 th\u00e9 d&rsquo;essence de vanille;<\/li>\n<li dir=\"auto\">2 1\/2 tasses de farine blanche et\/ou de bl\u00e9;<\/li>\n<li dir=\"auto\">1 c. \u00e0 th\u00e9 de poudre \u00e0 p\u00e2te;<\/li>\n<li dir=\"auto\">1\/4 tasse de graines de lin<\/li>\n<li dir=\"auto\">1\/4 tasse de graines de chanvre;<\/li>\n<li dir=\"auto\">1 tasse de flocons d&rsquo;avoine \u00e0 cuisson rapide;<\/li>\n<li dir=\"auto\">1\/2 tasse de gros flocons d&rsquo;avoine.<\/li>\n<\/ul>\n<\/div>[\/et_pb_text][et_pb_text _builder_version=\u00a0\u00bb4.9.10&Prime; _module_preset=\u00a0\u00bbdefault\u00a0\u00bb]<div class=\"kvgmc6g5 cxmmr5t8 oygrvhab hcukyx3x c1et5uql ii04i59q\">\n<div dir=\"auto\">\n<div class=\"kvgmc6g5 cxmmr5t8 oygrvhab hcukyx3x c1et5uql ii04i59q\">\n<ol>\n<li dir=\"auto\"><span style=\"background-color: transparent;\">Dans un bol, m\u00e9langer et fouetter les trois premiers ingr\u00e9dients pour obtenir une pr\u00e9paration cr\u00e9meuse;<\/span><span style=\"background-color: transparent;\"><\/span><\/li>\n<li dir=\"auto\">Ajouter le reste des ingr\u00e9dients.<span style=\"background-color: transparent;\"><\/span><\/li>\n<\/ol>\n<p><span style=\"background-color: transparent;\"><\/span><\/p>\n<p><span style=\"background-color: transparent;\"><\/span><\/p>\n<p><span style=\"background-color: transparent;\"><\/span><\/p>\n<p><span style=\"background-color: transparent;\"><\/span><\/p>\n<\/div>\n<\/div>\n<\/div>[\/et_pb_text][\/et_pb_column][\/et_pb_row][et_pb_row _builder_version=\u00a0\u00bb4.9.10&Prime; _module_preset=\u00a0\u00bbdefault\u00a0\u00bb][et_pb_column type=\u00a0\u00bb4_4&Prime; _builder_version=\u00a0\u00bb4.9.10&Prime; _module_preset=\u00a0\u00bbdefault\u00a0\u00bb][et_pb_text _builder_version=\u00a0\u00bb4.9.10&Prime; _module_preset=\u00a0\u00bbdefault\u00a0\u00bb]<p>Incorporer \u00e0 la pr\u00e9paration aux flocons d&rsquo;avoine \u00e0 la pr\u00e9paration cr\u00e9meuse et bien m\u00e9langer. Ajouter au besoin de la margarine pour que la pr\u00e9paration se tienne bien.<\/p>\n<p>Tapisser un plat carr\u00e9 de 8 x 8 pouces de papier parchemin puis \u00e9taler la moiti\u00e9 de la pr\u00e9paration aux flocons d&rsquo;avoine. \u00c9galiser en pressant.<\/p>\n<p>Couvrir de la pr\u00e9paration aux camerises et \u00e9galiser de nouveau.<\/p>\n<p>Couvrir du reste de la pr\u00e9paration aux flocons d&rsquo;avoine. \u00c9galiser.<\/p>\n<p>Cuire \u00e0 350 degr\u00e8s F. pendant 25 minutes, jusqu&rsquo;\u00e0 ce que le dessus soit dor\u00e9. retirer du four. laisser refroidir et couper en carr\u00e9s. Conserver au frais.<\/p>[\/et_pb_text][\/et_pb_column][\/et_pb_row][\/et_pb_section]\n","protected":false},"excerpt":{"rendered":"<p>Recette : Carr\u00e9 sant\u00e9 aux camerisesPr\u00e9paration aux camerisesIngr\u00e9dients : 2 tasses de camerises congel\u00e9es; 1 1\/2 c. \u00e0 soupe de f\u00e9cule de ma\u00efs; 1\/2 c. \u00e0 soupe de jus de [&hellip;]<\/p>\n","protected":false},"author":17,"featured_media":2309,"comment_status":"closed","ping_status":"closed","sticky":false,"template":"","format":"standard","meta":{"_et_pb_use_builder":"on","_et_pb_old_content":"","_et_gb_content_width":"","_lmt_disableupdate":"","_lmt_disable":"","_price":"","_stock":"","_tribe_ticket_header":"","_tribe_default_ticket_provider":"","_tribe_ticket_capacity":"0","_ticket_start_date":"","_ticket_end_date":"","_tribe_ticket_show_description":"","_tribe_ticket_show_not_going":false,"_tribe_ticket_use_global_stock":"","_tribe_ticket_global_stock_level":"","_global_stock_mode":"","_global_stock_cap":"","_tribe_rsvp_for_event":"","_tribe_ticket_going_count":"","_tribe_ticket_not_going_count":"","_tribe_tickets_list":"[]","_tribe_ticket_has_attendee_info_fields":false,"footnotes":""},"categories":[93,89],"tags":[],"class_list":["post-2377","post","type-post","status-publish","format-standard","has-post-thumbnail","hentry","category-recette-de-cuisine-desserts","category-recettes-dici"],"yoast_head":"<!-- This site is optimized with the Yoast SEO Premium plugin v25.9 (Yoast SEO v28.4) - https:\/\/yoast.com\/product\/yoast-seo-premium-wordpress\/ -->\n<title>Recette : Carr\u00e9 sant\u00e9 aux camerises - Extra Maria<\/title>\n<meta name=\"robots\" content=\"index, follow, max-snippet:-1, max-image-preview:large, max-video-preview:-1\" \/>\n<link rel=\"canonical\" href=\"https:\/\/devtntatelier.com\/jeremy\/recette-de-cuisine-carre-sante-aux-camerises\/\" \/>\n<meta property=\"og:locale\" content=\"fr_FR\" \/>\n<meta property=\"og:type\" content=\"article\" \/>\n<meta property=\"og:title\" content=\"Recette : Carr\u00e9 sant\u00e9 aux camerises\" \/>\n<meta property=\"og:url\" content=\"https:\/\/devtntatelier.com\/jeremy\/recette-de-cuisine-carre-sante-aux-camerises\/\" \/>\n<meta property=\"og:site_name\" content=\"Extra Maria\" \/>\n<meta property=\"article:published_time\" content=\"2021-08-05T15:25:04+00:00\" \/>\n<meta property=\"article:modified_time\" content=\"2022-02-24T14:48:50+00:00\" \/>\n<meta property=\"og:image\" content=\"https:\/\/devtntatelier.com\/jeremy\/wp-content\/uploads\/2021\/07\/recette-carre-sante-aux-camerises.png\" \/>\n\t<meta property=\"og:image:width\" content=\"317\" \/>\n\t<meta property=\"og:image:height\" content=\"355\" \/>\n\t<meta property=\"og:image:type\" content=\"image\/png\" \/>\n<meta name=\"author\" content=\"Camerise Milou\" \/>\n<meta name=\"twitter:card\" content=\"summary_large_image\" \/>\n<meta name=\"twitter:label1\" content=\"\u00c9crit par\" \/>\n\t<meta name=\"twitter:data1\" content=\"Camerise Milou\" \/>\n\t<meta name=\"twitter:label2\" content=\"Dur\u00e9e de lecture estim\u00e9e\" \/>\n\t<meta name=\"twitter:data2\" content=\"2 minutes\" \/>\n<script type=\"application\/ld+json\" class=\"yoast-schema-graph\">{\"@context\":\"https:\\\/\\\/schema.org\",\"@graph\":[{\"@type\":\"Article\",\"@id\":\"https:\\\/\\\/devtntatelier.com\\\/jeremy\\\/recette-de-cuisine-carre-sante-aux-camerises\\\/#article\",\"isPartOf\":{\"@id\":\"https:\\\/\\\/devtntatelier.com\\\/jeremy\\\/recette-de-cuisine-carre-sante-aux-camerises\\\/\"},\"author\":{\"name\":\"Camerise Milou\",\"@id\":\"https:\\\/\\\/devtntatelier.com\\\/jeremy\\\/#\\\/schema\\\/person\\\/f3f591333ac7b28658511c2cc0d05d08\"},\"headline\":\"Recette : Carr\u00e9 sant\u00e9 aux camerises\",\"datePublished\":\"2021-08-05T15:25:04+00:00\",\"dateModified\":\"2022-02-24T14:48:50+00:00\",\"mainEntityOfPage\":{\"@id\":\"https:\\\/\\\/devtntatelier.com\\\/jeremy\\\/recette-de-cuisine-carre-sante-aux-camerises\\\/\"},\"wordCount\":536,\"image\":{\"@id\":\"https:\\\/\\\/devtntatelier.com\\\/jeremy\\\/recette-de-cuisine-carre-sante-aux-camerises\\\/#primaryimage\"},\"thumbnailUrl\":\"https:\\\/\\\/devtntatelier.com\\\/jeremy\\\/wp-content\\\/uploads\\\/2021\\\/07\\\/recette-carre-sante-aux-camerises.png\",\"articleSection\":[\"Desserts\",\"Recettes d'ici\"],\"inLanguage\":\"fr-FR\"},{\"@type\":\"WebPage\",\"@id\":\"https:\\\/\\\/devtntatelier.com\\\/jeremy\\\/recette-de-cuisine-carre-sante-aux-camerises\\\/\",\"url\":\"https:\\\/\\\/devtntatelier.com\\\/jeremy\\\/recette-de-cuisine-carre-sante-aux-camerises\\\/\",\"name\":\"Recette : Carr\u00e9 sant\u00e9 aux camerises - Extra Maria\",\"isPartOf\":{\"@id\":\"https:\\\/\\\/devtntatelier.com\\\/jeremy\\\/#website\"},\"primaryImageOfPage\":{\"@id\":\"https:\\\/\\\/devtntatelier.com\\\/jeremy\\\/recette-de-cuisine-carre-sante-aux-camerises\\\/#primaryimage\"},\"image\":{\"@id\":\"https:\\\/\\\/devtntatelier.com\\\/jeremy\\\/recette-de-cuisine-carre-sante-aux-camerises\\\/#primaryimage\"},\"thumbnailUrl\":\"https:\\\/\\\/devtntatelier.com\\\/jeremy\\\/wp-content\\\/uploads\\\/2021\\\/07\\\/recette-carre-sante-aux-camerises.png\",\"datePublished\":\"2021-08-05T15:25:04+00:00\",\"dateModified\":\"2022-02-24T14:48:50+00:00\",\"author\":{\"@id\":\"https:\\\/\\\/devtntatelier.com\\\/jeremy\\\/#\\\/schema\\\/person\\\/f3f591333ac7b28658511c2cc0d05d08\"},\"breadcrumb\":{\"@id\":\"https:\\\/\\\/devtntatelier.com\\\/jeremy\\\/recette-de-cuisine-carre-sante-aux-camerises\\\/#breadcrumb\"},\"inLanguage\":\"fr-FR\",\"potentialAction\":[{\"@type\":\"ReadAction\",\"target\":[\"https:\\\/\\\/devtntatelier.com\\\/jeremy\\\/recette-de-cuisine-carre-sante-aux-camerises\\\/\"]}]},{\"@type\":\"ImageObject\",\"inLanguage\":\"fr-FR\",\"@id\":\"https:\\\/\\\/devtntatelier.com\\\/jeremy\\\/recette-de-cuisine-carre-sante-aux-camerises\\\/#primaryimage\",\"url\":\"https:\\\/\\\/devtntatelier.com\\\/jeremy\\\/wp-content\\\/uploads\\\/2021\\\/07\\\/recette-carre-sante-aux-camerises.png\",\"contentUrl\":\"https:\\\/\\\/devtntatelier.com\\\/jeremy\\\/wp-content\\\/uploads\\\/2021\\\/07\\\/recette-carre-sante-aux-camerises.png\",\"width\":317,\"height\":355},{\"@type\":\"BreadcrumbList\",\"@id\":\"https:\\\/\\\/devtntatelier.com\\\/jeremy\\\/recette-de-cuisine-carre-sante-aux-camerises\\\/#breadcrumb\",\"itemListElement\":[{\"@type\":\"ListItem\",\"position\":1,\"name\":\"Accueil\",\"item\":\"https:\\\/\\\/devtntatelier.com\\\/jeremy\\\/\"},{\"@type\":\"ListItem\",\"position\":2,\"name\":\"Recette : Carr\u00e9 sant\u00e9 aux camerises\"}]},{\"@type\":\"WebSite\",\"@id\":\"https:\\\/\\\/devtntatelier.com\\\/jeremy\\\/#website\",\"url\":\"https:\\\/\\\/devtntatelier.com\\\/jeremy\\\/\",\"name\":\"Extra Maria\",\"description\":\"Blogue - D\u00e9couvertes locales et achat local\",\"potentialAction\":[{\"@type\":\"SearchAction\",\"target\":{\"@type\":\"EntryPoint\",\"urlTemplate\":\"https:\\\/\\\/devtntatelier.com\\\/jeremy\\\/?s={search_term_string}\"},\"query-input\":{\"@type\":\"PropertyValueSpecification\",\"valueRequired\":true,\"valueName\":\"search_term_string\"}}],\"inLanguage\":\"fr-FR\"},{\"@type\":\"Person\",\"@id\":\"https:\\\/\\\/devtntatelier.com\\\/jeremy\\\/#\\\/schema\\\/person\\\/f3f591333ac7b28658511c2cc0d05d08\",\"name\":\"Camerise Milou\",\"image\":{\"@type\":\"ImageObject\",\"inLanguage\":\"fr-FR\",\"@id\":\"https:\\\/\\\/secure.gravatar.com\\\/avatar\\\/37a553edb697e379917ac8c32ee12d1e450f7ebae62046b133ddad202b5331ee?s=96&d=mm&r=g\",\"url\":\"https:\\\/\\\/secure.gravatar.com\\\/avatar\\\/37a553edb697e379917ac8c32ee12d1e450f7ebae62046b133ddad202b5331ee?s=96&d=mm&r=g\",\"contentUrl\":\"https:\\\/\\\/secure.gravatar.com\\\/avatar\\\/37a553edb697e379917ac8c32ee12d1e450f7ebae62046b133ddad202b5331ee?s=96&d=mm&r=g\",\"caption\":\"Camerise Milou\"},\"description\":\"Camerise Milou, c'est un verger situ\u00e9 \u00e0 St-Stanislas au Lac-Saint-Jean, qui compte 2 000 camerisiers r\u00e9partis sur un hectare de terre. Nous sommes deux propri\u00e9taires : Louise Simard et Michel Lavoie. Il est ouvert au public et aux touristes en saison pour l\u2019autocueillette et la vente directe \u00e0 la ferme. Il nous fait plaisir de vous partager nos recettes qui mettent en valeur la camerise! Bonne d\u00e9gustation!\",\"sameAs\":[\"https:\\\/\\\/www.facebook.com\\\/camerisemilou\"],\"url\":\"https:\\\/\\\/devtntatelier.com\\\/jeremy\\\/author\\\/camerise-milou\\\/\"}]}<\/script>\n<!-- \/ Yoast SEO Premium plugin. -->","yoast_head_json":{"title":"Recette : Carr\u00e9 sant\u00e9 aux camerises - Extra Maria","robots":{"index":"index","follow":"follow","max-snippet":"max-snippet:-1","max-image-preview":"max-image-preview:large","max-video-preview":"max-video-preview:-1"},"canonical":"https:\/\/devtntatelier.com\/jeremy\/recette-de-cuisine-carre-sante-aux-camerises\/","og_locale":"fr_FR","og_type":"article","og_title":"Recette : Carr\u00e9 sant\u00e9 aux camerises","og_url":"https:\/\/devtntatelier.com\/jeremy\/recette-de-cuisine-carre-sante-aux-camerises\/","og_site_name":"Extra Maria","article_published_time":"2021-08-05T15:25:04+00:00","article_modified_time":"2022-02-24T14:48:50+00:00","og_image":[{"width":317,"height":355,"url":"https:\/\/devtntatelier.com\/jeremy\/wp-content\/uploads\/2021\/07\/recette-carre-sante-aux-camerises.png","type":"image\/png"}],"author":"Camerise Milou","twitter_card":"summary_large_image","twitter_misc":{"\u00c9crit par":"Camerise Milou","Dur\u00e9e de lecture estim\u00e9e":"2 minutes"},"schema":{"@context":"https:\/\/schema.org","@graph":[{"@type":"Article","@id":"https:\/\/devtntatelier.com\/jeremy\/recette-de-cuisine-carre-sante-aux-camerises\/#article","isPartOf":{"@id":"https:\/\/devtntatelier.com\/jeremy\/recette-de-cuisine-carre-sante-aux-camerises\/"},"author":{"name":"Camerise Milou","@id":"https:\/\/devtntatelier.com\/jeremy\/#\/schema\/person\/f3f591333ac7b28658511c2cc0d05d08"},"headline":"Recette : Carr\u00e9 sant\u00e9 aux camerises","datePublished":"2021-08-05T15:25:04+00:00","dateModified":"2022-02-24T14:48:50+00:00","mainEntityOfPage":{"@id":"https:\/\/devtntatelier.com\/jeremy\/recette-de-cuisine-carre-sante-aux-camerises\/"},"wordCount":536,"image":{"@id":"https:\/\/devtntatelier.com\/jeremy\/recette-de-cuisine-carre-sante-aux-camerises\/#primaryimage"},"thumbnailUrl":"https:\/\/devtntatelier.com\/jeremy\/wp-content\/uploads\/2021\/07\/recette-carre-sante-aux-camerises.png","articleSection":["Desserts","Recettes d'ici"],"inLanguage":"fr-FR"},{"@type":"WebPage","@id":"https:\/\/devtntatelier.com\/jeremy\/recette-de-cuisine-carre-sante-aux-camerises\/","url":"https:\/\/devtntatelier.com\/jeremy\/recette-de-cuisine-carre-sante-aux-camerises\/","name":"Recette : Carr\u00e9 sant\u00e9 aux camerises - Extra Maria","isPartOf":{"@id":"https:\/\/devtntatelier.com\/jeremy\/#website"},"primaryImageOfPage":{"@id":"https:\/\/devtntatelier.com\/jeremy\/recette-de-cuisine-carre-sante-aux-camerises\/#primaryimage"},"image":{"@id":"https:\/\/devtntatelier.com\/jeremy\/recette-de-cuisine-carre-sante-aux-camerises\/#primaryimage"},"thumbnailUrl":"https:\/\/devtntatelier.com\/jeremy\/wp-content\/uploads\/2021\/07\/recette-carre-sante-aux-camerises.png","datePublished":"2021-08-05T15:25:04+00:00","dateModified":"2022-02-24T14:48:50+00:00","author":{"@id":"https:\/\/devtntatelier.com\/jeremy\/#\/schema\/person\/f3f591333ac7b28658511c2cc0d05d08"},"breadcrumb":{"@id":"https:\/\/devtntatelier.com\/jeremy\/recette-de-cuisine-carre-sante-aux-camerises\/#breadcrumb"},"inLanguage":"fr-FR","potentialAction":[{"@type":"ReadAction","target":["https:\/\/devtntatelier.com\/jeremy\/recette-de-cuisine-carre-sante-aux-camerises\/"]}]},{"@type":"ImageObject","inLanguage":"fr-FR","@id":"https:\/\/devtntatelier.com\/jeremy\/recette-de-cuisine-carre-sante-aux-camerises\/#primaryimage","url":"https:\/\/devtntatelier.com\/jeremy\/wp-content\/uploads\/2021\/07\/recette-carre-sante-aux-camerises.png","contentUrl":"https:\/\/devtntatelier.com\/jeremy\/wp-content\/uploads\/2021\/07\/recette-carre-sante-aux-camerises.png","width":317,"height":355},{"@type":"BreadcrumbList","@id":"https:\/\/devtntatelier.com\/jeremy\/recette-de-cuisine-carre-sante-aux-camerises\/#breadcrumb","itemListElement":[{"@type":"ListItem","position":1,"name":"Accueil","item":"https:\/\/devtntatelier.com\/jeremy\/"},{"@type":"ListItem","position":2,"name":"Recette : Carr\u00e9 sant\u00e9 aux camerises"}]},{"@type":"WebSite","@id":"https:\/\/devtntatelier.com\/jeremy\/#website","url":"https:\/\/devtntatelier.com\/jeremy\/","name":"Extra Maria","description":"Blogue - D\u00e9couvertes locales et achat local","potentialAction":[{"@type":"SearchAction","target":{"@type":"EntryPoint","urlTemplate":"https:\/\/devtntatelier.com\/jeremy\/?s={search_term_string}"},"query-input":{"@type":"PropertyValueSpecification","valueRequired":true,"valueName":"search_term_string"}}],"inLanguage":"fr-FR"},{"@type":"Person","@id":"https:\/\/devtntatelier.com\/jeremy\/#\/schema\/person\/f3f591333ac7b28658511c2cc0d05d08","name":"Camerise Milou","image":{"@type":"ImageObject","inLanguage":"fr-FR","@id":"https:\/\/secure.gravatar.com\/avatar\/37a553edb697e379917ac8c32ee12d1e450f7ebae62046b133ddad202b5331ee?s=96&d=mm&r=g","url":"https:\/\/secure.gravatar.com\/avatar\/37a553edb697e379917ac8c32ee12d1e450f7ebae62046b133ddad202b5331ee?s=96&d=mm&r=g","contentUrl":"https:\/\/secure.gravatar.com\/avatar\/37a553edb697e379917ac8c32ee12d1e450f7ebae62046b133ddad202b5331ee?s=96&d=mm&r=g","caption":"Camerise Milou"},"description":"Camerise Milou, c'est un verger situ\u00e9 \u00e0 St-Stanislas au Lac-Saint-Jean, qui compte 2 000 camerisiers r\u00e9partis sur un hectare de terre. Nous sommes deux propri\u00e9taires : Louise Simard et Michel Lavoie. Il est ouvert au public et aux touristes en saison pour l\u2019autocueillette et la vente directe \u00e0 la ferme. Il nous fait plaisir de vous partager nos recettes qui mettent en valeur la camerise! Bonne d\u00e9gustation!","sameAs":["https:\/\/www.facebook.com\/camerisemilou"],"url":"https:\/\/devtntatelier.com\/jeremy\/author\/camerise-milou\/"}]}},"modified_by":"Am\u00e9lia Fromage","_links":{"self":[{"href":"https:\/\/devtntatelier.com\/jeremy\/wp-json\/wp\/v2\/posts\/2377","targetHints":{"allow":["GET"]}}],"collection":[{"href":"https:\/\/devtntatelier.com\/jeremy\/wp-json\/wp\/v2\/posts"}],"about":[{"href":"https:\/\/devtntatelier.com\/jeremy\/wp-json\/wp\/v2\/types\/post"}],"author":[{"embeddable":true,"href":"https:\/\/devtntatelier.com\/jeremy\/wp-json\/wp\/v2\/users\/17"}],"replies":[{"embeddable":true,"href":"https:\/\/devtntatelier.com\/jeremy\/wp-json\/wp\/v2\/comments?post=2377"}],"version-history":[{"count":0,"href":"https:\/\/devtntatelier.com\/jeremy\/wp-json\/wp\/v2\/posts\/2377\/revisions"}],"wp:featuredmedia":[{"embeddable":true,"href":"https:\/\/devtntatelier.com\/jeremy\/wp-json\/wp\/v2\/media\/2309"}],"wp:attachment":[{"href":"https:\/\/devtntatelier.com\/jeremy\/wp-json\/wp\/v2\/media?parent=2377"}],"wp:term":[{"taxonomy":"category","embeddable":true,"href":"https:\/\/devtntatelier.com\/jeremy\/wp-json\/wp\/v2\/categories?post=2377"},{"taxonomy":"post_tag","embeddable":true,"href":"https:\/\/devtntatelier.com\/jeremy\/wp-json\/wp\/v2\/tags?post=2377"}],"curies":[{"name":"wp","href":"https:\/\/api.w.org\/{rel}","templated":true}]}}