{"id":2350,"date":"2021-08-05T10:03:56","date_gmt":"2021-08-05T14:03:56","guid":{"rendered":"https:\/\/devtntatelier.com\/jeremy\/?p=2350"},"modified":"2022-02-24T09:49:10","modified_gmt":"2022-02-24T14:49:10","slug":"recette-de-cuisine-gateau-glace-aux-camerises","status":"publish","type":"post","link":"https:\/\/devtntatelier.com\/jeremy\/recette-de-cuisine-gateau-glace-aux-camerises\/","title":{"rendered":"Recette : G\u00e2teau glac\u00e9 aux camerises"},"content":{"rendered":"\n[et_pb_section fb_built=\u00a0\u00bb1&Prime; _builder_version=\u00a0\u00bb4.9.10&Prime; _module_preset=\u00a0\u00bbdefault\u00a0\u00bb][et_pb_row _builder_version=\u00a0\u00bb4.9.10&Prime; _module_preset=\u00a0\u00bbdefault\u00a0\u00bb][et_pb_column type=\u00a0\u00bb4_4&Prime; _builder_version=\u00a0\u00bb4.9.10&Prime; _module_preset=\u00a0\u00bbdefault\u00a0\u00bb][et_pb_text _builder_version=\u00a0\u00bb4.9.10&Prime; _module_preset=\u00a0\u00bbdefault\u00a0\u00bb hover_enabled=\u00a0\u00bb0&Prime; sticky_enabled=\u00a0\u00bb0&Prime;]<h1>Recette : G\u00e2teau glac\u00e9 aux camerises<\/h1>[\/et_pb_text][\/et_pb_column][\/et_pb_row][et_pb_row _builder_version=\u00a0\u00bb4.9.10&Prime; _module_preset=\u00a0\u00bbdefault\u00a0\u00bb][et_pb_column type=\u00a0\u00bb4_4&Prime; _builder_version=\u00a0\u00bb4.9.10&Prime; _module_preset=\u00a0\u00bbdefault\u00a0\u00bb][et_pb_text _builder_version=\u00a0\u00bb4.9.10&Prime; _module_preset=\u00a0\u00bbdefault\u00a0\u00bb hover_enabled=\u00a0\u00bb0&Prime; sticky_enabled=\u00a0\u00bb0&Prime;]<h3>Cro\u00fbte de chapelure de biscuits au chocolat<\/h3>[\/et_pb_text][\/et_pb_column][\/et_pb_row][et_pb_row _builder_version=\u00a0\u00bb4.9.10&Prime; _module_preset=\u00a0\u00bbdefault\u00a0\u00bb][et_pb_column type=\u00a0\u00bb4_4&Prime; _builder_version=\u00a0\u00bb4.9.10&Prime; _module_preset=\u00a0\u00bbdefault\u00a0\u00bb][et_pb_text _builder_version=\u00a0\u00bb4.9.10&Prime; _module_preset=\u00a0\u00bbdefault\u00a0\u00bb background_color=\u00a0\u00bb#aa9f66&Prime; custom_margin=\u00a0\u00bb0px||||false|false\u00a0\u00bb custom_padding=\u00a0\u00bb10px|15px||15px|false|false\u00a0\u00bb]<div dir=\"auto\"><strong>Ingr\u00e9dients :<\/strong><\/div>\n<ul>\n<li dir=\"auto\">2 tasses de chapelure au chocolat;<\/li>\n<li dir=\"auto\">1\/3 tasse de margarine fondue;<\/li>\n<li dir=\"auto\">1\/4 tasse de sucre.<\/li>\n<\/ul>[\/et_pb_text][et_pb_text _builder_version=\u00a0\u00bb4.9.10&Prime; _module_preset=\u00a0\u00bbdefault\u00a0\u00bb]<ol>\n<li>M\u00e9langer, \u00e9tendre avec le dos d\u2019une cuill\u00e8re et presser le m\u00e9lange dans une assiette \u00e0 tarte de 9 pouces tapiss\u00e9e d&rsquo;un papier parchemin. Congeler 30 minutes.<\/li>\n<\/ol>[\/et_pb_text][\/et_pb_column][\/et_pb_row][et_pb_row _builder_version=\u00a0\u00bb4.9.10&Prime; _module_preset=\u00a0\u00bbdefault\u00a0\u00bb][et_pb_column type=\u00a0\u00bb4_4&Prime; _builder_version=\u00a0\u00bb4.9.10&Prime; _module_preset=\u00a0\u00bbdefault\u00a0\u00bb][et_pb_text _builder_version=\u00a0\u00bb4.9.10&Prime; _module_preset=\u00a0\u00bbdefault\u00a0\u00bb]<h3>M\u00e9lange au fromage<\/h3>[\/et_pb_text][\/et_pb_column][\/et_pb_row][et_pb_row _builder_version=\u00a0\u00bb4.9.10&Prime; _module_preset=\u00a0\u00bbdefault\u00a0\u00bb][et_pb_column type=\u00a0\u00bb4_4&Prime; _builder_version=\u00a0\u00bb4.9.10&Prime; _module_preset=\u00a0\u00bbdefault\u00a0\u00bb][et_pb_text _builder_version=\u00a0\u00bb4.9.10&Prime; _module_preset=\u00a0\u00bbdefault\u00a0\u00bb background_color=\u00a0\u00bb#aa9f66&Prime; custom_margin=\u00a0\u00bb0px||||false|false\u00a0\u00bb custom_padding=\u00a0\u00bb10px|15px||15px|false|false\u00a0\u00bb]<div dir=\"auto\"><strong><\/strong><\/div>\n<div dir=\"auto\"><strong>Ingr\u00e9dients :<\/strong><\/div>\n<ul>\n<li dir=\"auto\">250 grammes de fromage \u00e0 la cr\u00e8me l\u00e9ger;<\/li>\n<li dir=\"auto\">2 tasses de cr\u00e8me sure;<\/li>\n<li dir=\"auto\">1 bo\u00eete de lait concentr\u00e9 sucr\u00e9 (300 ml);<\/li>\n<li dir=\"auto\">1 c. \u00e0 th\u00e9 de vanille.<\/li>\n<\/ul>[\/et_pb_text][et_pb_text _builder_version=\u00a0\u00bb4.9.10&Prime; _module_preset=\u00a0\u00bbdefault\u00a0\u00bb]<ol>\n<li><span style=\"background-color: transparent;\">Faire ramollir le fromage au micro-onde quelques secondes, ajouter le lait concentr\u00e9. Bien m\u00e9langer \u00e0 l&rsquo;aide d&rsquo;un batteur \u00e9lectrique;<\/span><\/li>\n<li>Ajouter la cr\u00e8me sure et la vanille et bien m\u00e9langer;<span style=\"background-color: transparent;\"><\/span><\/li>\n<li>\u00c9tendre uniform\u00e9ment sur la cro\u00fbte de chapelure de chocolat.<\/li>\n<\/ol>[\/et_pb_text][et_pb_text _builder_version=\u00a0\u00bb4.9.10&Prime; _module_preset=\u00a0\u00bbdefault\u00a0\u00bb]<h3>Pr\u00e9paration \u00e0 la camerise<\/h3>[\/et_pb_text][et_pb_text _builder_version=\u00a0\u00bb4.9.10&Prime; _module_preset=\u00a0\u00bbdefault\u00a0\u00bb background_color=\u00a0\u00bb#aa9f66&Prime; custom_margin=\u00a0\u00bb0px||||false|false\u00a0\u00bb custom_padding=\u00a0\u00bb10px|15px||15px|false|false\u00a0\u00bb]<div dir=\"auto\"><strong>Ingr\u00e9dients :<\/strong><\/div>\n<ul>\n<li dir=\"auto\">\n<div dir=\"auto\">2 tasses de camerises;<\/div>\n<\/li>\n<li dir=\"auto\">\n<div dir=\"auto\">1\/2 tasse de sucre;<\/div>\n<\/li>\n<li dir=\"auto\">\n<div dir=\"auto\">1 1\/2 c. \u00e0 soupe de f\u00e9cule de mais;<\/div>\n<\/li>\n<li dir=\"auto\">\n<div dir=\"auto\">1 1\/2 c. \u00e0 soupe de jus de citron.<\/div>\n<\/li>\n<\/ul>[\/et_pb_text][et_pb_text _builder_version=\u00a0\u00bb4.9.10&Prime; _module_preset=\u00a0\u00bbdefault\u00a0\u00bb]<div class=\"kvgmc6g5 cxmmr5t8 oygrvhab hcukyx3x c1et5uql ii04i59q\">\n<div dir=\"auto\">\n<div class=\"o9v6fnle cxmmr5t8 oygrvhab hcukyx3x c1et5uql ii04i59q\">\n<ol>\n<li dir=\"auto\">Mettre tous les ingr\u00e9dients dans un chaudron et porter \u00e0 \u00e9bullition. R\u00e9duire \u00e0 feu moyen et laisser mijoter, en brassant \u00e0 quelques reprises jusqu&rsquo;\u00e0 ce que le m\u00e9lange \u00e9paississe.<\/li>\n<\/ol>\n<\/div>\n<div class=\"o9v6fnle cxmmr5t8 oygrvhab hcukyx3x c1et5uql ii04i59q\">\n<div dir=\"auto\">\n<div>\n<div class=\"\" dir=\"auto\">\n<div class=\"ecm0bbzt hv4rvrfc e5nlhep0 dati1w0a\" data-ad-comet-preview=\"message\" data-ad-preview=\"message\" id=\"jsc_c_1sr\">\n<div class=\"j83agx80 cbu4d94t ew0dbk1b irj2b8pg\">\n<div class=\"qzhwtbm6 knvmm38d\">\n<div class=\"o9v6fnle cxmmr5t8 oygrvhab hcukyx3x c1et5uql ii04i59q\">\n<div dir=\"auto\"><\/div>\n<\/div>\n<div class=\"o9v6fnle cxmmr5t8 oygrvhab hcukyx3x c1et5uql ii04i59q\">\n<div dir=\"auto\"><\/div>\n<\/div>\n<\/div>\n<\/div>\n<\/div>\n<\/div>\n<\/div>\n<div>\n<div class=\"stjgntxs ni8dbmo4 l82x9zwi uo3d90p7 h905i5nu monazrh9\" data-visualcompletion=\"ignore-dynamic\">\n<div>\n<div>\n<div>\n<div class=\"l9j0dhe7\">\n<div class=\"bp9cbjyn m9osqain j83agx80 jq4qci2q bkfpd7mw a3bd9o3v kvgmc6g5 wkznzc2l oygrvhab dhix69tm jktsbyx5 rz4wbd8a osnr6wyh a8nywdso s1tcr66n\">\n<div class=\"bp9cbjyn j83agx80 buofh1pr ni8dbmo4 stjgntxs\">\n<div aria-label=\"J\u2019aime\u00a0: 7 personnes\" class=\"oajrlxb2 gs1a9yip g5ia77u1 mtkw9kbi tlpljxtp qensuy8j ppp5ayq2 goun2846 ccm00jje s44p3ltw mk2mc5f4 rt8b4zig n8ej3o3l agehan2d sk4xxmp2 rq0escxv nhd2j8a9 pq6dq46d mg4g778l btwxx1t3 pfnyh3mw p7hjln8o kvgmc6g5 cxmmr5t8 oygrvhab hcukyx3x tgvbjcpo hpfvmrgz jb3vyjys rz4wbd8a qt6c0cv9 a8nywdso l9j0dhe7 i1ao9s8h esuyzwwr f1sip0of du4w35lb lzcic4wl abiwlrkh p8dawk7l\" role=\"button\" tabindex=\"0\"><\/div>\n<div class=\"\">\n<div class=\"oajrlxb2 g5ia77u1 qu0x051f esr5mh6w e9989ue4 r7d6kgcz rq0escxv nhd2j8a9 a8c37x1j p7hjln8o kvgmc6g5 cxmmr5t8 oygrvhab hcukyx3x jb3vyjys rz4wbd8a qt6c0cv9 a8nywdso i1ao9s8h esuyzwwr f1sip0of lzcic4wl l9j0dhe7 abiwlrkh p8dawk7l gmql0nx0 ce9h75a5 ni8dbmo4 stjgntxs\" role=\"button\" tabindex=\"0\"><\/div>\n<\/div>\n<\/div>\n<\/div>\n<\/div>\n<\/div>\n<\/div>\n<div class=\"cwj9ozl2 tvmbv18p\"><\/div>\n<\/div>\n<\/div>\n<\/div>\n<\/div>\n<\/div>\n<\/div>\n<\/div>\n<div class=\"o9v6fnle cxmmr5t8 oygrvhab hcukyx3x c1et5uql ii04i59q\">\n<div dir=\"auto\"><\/div>\n<\/div>[\/et_pb_text][\/et_pb_column][\/et_pb_row][et_pb_row _builder_version=\u00a0\u00bb4.9.10&Prime; _module_preset=\u00a0\u00bbdefault\u00a0\u00bb][et_pb_column _builder_version=\u00a0\u00bb4.9.10&Prime; _module_preset=\u00a0\u00bbdefault\u00a0\u00bb type=\u00a0\u00bb4_4&Prime;][et_pb_text _builder_version=\u00a0\u00bb4.9.10&Prime; _module_preset=\u00a0\u00bbdefault\u00a0\u00bb hover_enabled=\u00a0\u00bb0&Prime; sticky_enabled=\u00a0\u00bb0&Prime;]<p>Laisser refroidir avant de verser cette pr\u00e9paration par grosses cuill\u00e8res sur la pr\u00e9paration au fromage. \u00e0 l&rsquo;aide d&rsquo;un couteau, tracer des chemins de camerises.<\/p>\n<p>Facultatif : ajouter 1\/2 tasse de camerises fra\u00eeches sur le g\u00e2teau.<\/p>\n<p>Congeler le g\u00e2teau pendant 6 heures. Laisser ramollir au r\u00e9frig\u00e9rateur 30 minutes avant de servir.<\/p>\n<p>C\u2019est une excellente recette \u00e0 faire pour \u00e9pater vos invit\u00e9s!\u00a0<\/p>\n<p>(Recette inspir\u00e9e de la revue Coup de pouce).<\/p>[\/et_pb_text][\/et_pb_column][\/et_pb_row][\/et_pb_section]\n","protected":false},"excerpt":{"rendered":"<p>Recette : G\u00e2teau glac\u00e9 aux camerisesCro\u00fbte de chapelure de biscuits au chocolatIngr\u00e9dients : 2 tasses de chapelure au chocolat; 1\/3 tasse de margarine fondue; 1\/4 tasse de sucre. M\u00e9langer, \u00e9tendre [&hellip;]<\/p>\n","protected":false},"author":17,"featured_media":2303,"comment_status":"closed","ping_status":"closed","sticky":false,"template":"","format":"standard","meta":{"_et_pb_use_builder":"on","_et_pb_old_content":"","_et_gb_content_width":"","_lmt_disableupdate":"","_lmt_disable":"","_price":"","_stock":"","_tribe_ticket_header":"","_tribe_default_ticket_provider":"","_tribe_ticket_capacity":"0","_ticket_start_date":"","_ticket_end_date":"","_tribe_ticket_show_description":"","_tribe_ticket_show_not_going":false,"_tribe_ticket_use_global_stock":"","_tribe_ticket_global_stock_level":"","_global_stock_mode":"","_global_stock_cap":"","_tribe_rsvp_for_event":"","_tribe_ticket_going_count":"","_tribe_ticket_not_going_count":"","_tribe_tickets_list":"[]","_tribe_ticket_has_attendee_info_fields":false,"footnotes":""},"categories":[93,89],"tags":[],"class_list":["post-2350","post","type-post","status-publish","format-standard","has-post-thumbnail","hentry","category-recette-de-cuisine-desserts","category-recettes-dici"],"yoast_head":"<!-- This site is optimized with the Yoast SEO Premium plugin v25.9 (Yoast SEO v28.4) - https:\/\/yoast.com\/product\/yoast-seo-premium-wordpress\/ -->\n<title>Recette : G\u00e2teau glac\u00e9 aux camerises - Extra Maria<\/title>\n<meta name=\"robots\" content=\"index, follow, max-snippet:-1, max-image-preview:large, max-video-preview:-1\" \/>\n<link rel=\"canonical\" href=\"https:\/\/devtntatelier.com\/jeremy\/recette-de-cuisine-gateau-glace-aux-camerises\/\" \/>\n<meta property=\"og:locale\" content=\"fr_FR\" \/>\n<meta property=\"og:type\" content=\"article\" \/>\n<meta property=\"og:title\" content=\"Recette : G\u00e2teau glac\u00e9 aux camerises\" \/>\n<meta property=\"og:url\" content=\"https:\/\/devtntatelier.com\/jeremy\/recette-de-cuisine-gateau-glace-aux-camerises\/\" \/>\n<meta property=\"og:site_name\" content=\"Extra Maria\" \/>\n<meta property=\"article:published_time\" content=\"2021-08-05T14:03:56+00:00\" \/>\n<meta property=\"article:modified_time\" content=\"2022-02-24T14:49:10+00:00\" \/>\n<meta property=\"og:image\" content=\"https:\/\/devtntatelier.com\/jeremy\/wp-content\/uploads\/2021\/07\/109914510_1043155072783105_1184537768874784817_n.jpg\" \/>\n\t<meta property=\"og:image:width\" content=\"1507\" \/>\n\t<meta property=\"og:image:height\" content=\"2015\" \/>\n\t<meta property=\"og:image:type\" content=\"image\/jpeg\" \/>\n<meta name=\"author\" content=\"Camerise Milou\" \/>\n<meta name=\"twitter:card\" content=\"summary_large_image\" \/>\n<meta name=\"twitter:label1\" content=\"\u00c9crit par\" \/>\n\t<meta name=\"twitter:data1\" content=\"Camerise Milou\" \/>\n\t<meta name=\"twitter:label2\" content=\"Dur\u00e9e de lecture estim\u00e9e\" \/>\n\t<meta name=\"twitter:data2\" content=\"2 minutes\" \/>\n<script type=\"application\/ld+json\" class=\"yoast-schema-graph\">{\"@context\":\"https:\\\/\\\/schema.org\",\"@graph\":[{\"@type\":\"Article\",\"@id\":\"https:\\\/\\\/devtntatelier.com\\\/jeremy\\\/recette-de-cuisine-gateau-glace-aux-camerises\\\/#article\",\"isPartOf\":{\"@id\":\"https:\\\/\\\/devtntatelier.com\\\/jeremy\\\/recette-de-cuisine-gateau-glace-aux-camerises\\\/\"},\"author\":{\"name\":\"Camerise Milou\",\"@id\":\"https:\\\/\\\/devtntatelier.com\\\/jeremy\\\/#\\\/schema\\\/person\\\/f3f591333ac7b28658511c2cc0d05d08\"},\"headline\":\"Recette : G\u00e2teau glac\u00e9 aux camerises\",\"datePublished\":\"2021-08-05T14:03:56+00:00\",\"dateModified\":\"2022-02-24T14:49:10+00:00\",\"mainEntityOfPage\":{\"@id\":\"https:\\\/\\\/devtntatelier.com\\\/jeremy\\\/recette-de-cuisine-gateau-glace-aux-camerises\\\/\"},\"wordCount\":598,\"image\":{\"@id\":\"https:\\\/\\\/devtntatelier.com\\\/jeremy\\\/recette-de-cuisine-gateau-glace-aux-camerises\\\/#primaryimage\"},\"thumbnailUrl\":\"https:\\\/\\\/devtntatelier.com\\\/jeremy\\\/wp-content\\\/uploads\\\/2021\\\/07\\\/109914510_1043155072783105_1184537768874784817_n.jpg\",\"articleSection\":[\"Desserts\",\"Recettes d'ici\"],\"inLanguage\":\"fr-FR\"},{\"@type\":\"WebPage\",\"@id\":\"https:\\\/\\\/devtntatelier.com\\\/jeremy\\\/recette-de-cuisine-gateau-glace-aux-camerises\\\/\",\"url\":\"https:\\\/\\\/devtntatelier.com\\\/jeremy\\\/recette-de-cuisine-gateau-glace-aux-camerises\\\/\",\"name\":\"Recette : G\u00e2teau glac\u00e9 aux camerises - Extra Maria\",\"isPartOf\":{\"@id\":\"https:\\\/\\\/devtntatelier.com\\\/jeremy\\\/#website\"},\"primaryImageOfPage\":{\"@id\":\"https:\\\/\\\/devtntatelier.com\\\/jeremy\\\/recette-de-cuisine-gateau-glace-aux-camerises\\\/#primaryimage\"},\"image\":{\"@id\":\"https:\\\/\\\/devtntatelier.com\\\/jeremy\\\/recette-de-cuisine-gateau-glace-aux-camerises\\\/#primaryimage\"},\"thumbnailUrl\":\"https:\\\/\\\/devtntatelier.com\\\/jeremy\\\/wp-content\\\/uploads\\\/2021\\\/07\\\/109914510_1043155072783105_1184537768874784817_n.jpg\",\"datePublished\":\"2021-08-05T14:03:56+00:00\",\"dateModified\":\"2022-02-24T14:49:10+00:00\",\"author\":{\"@id\":\"https:\\\/\\\/devtntatelier.com\\\/jeremy\\\/#\\\/schema\\\/person\\\/f3f591333ac7b28658511c2cc0d05d08\"},\"breadcrumb\":{\"@id\":\"https:\\\/\\\/devtntatelier.com\\\/jeremy\\\/recette-de-cuisine-gateau-glace-aux-camerises\\\/#breadcrumb\"},\"inLanguage\":\"fr-FR\",\"potentialAction\":[{\"@type\":\"ReadAction\",\"target\":[\"https:\\\/\\\/devtntatelier.com\\\/jeremy\\\/recette-de-cuisine-gateau-glace-aux-camerises\\\/\"]}]},{\"@type\":\"ImageObject\",\"inLanguage\":\"fr-FR\",\"@id\":\"https:\\\/\\\/devtntatelier.com\\\/jeremy\\\/recette-de-cuisine-gateau-glace-aux-camerises\\\/#primaryimage\",\"url\":\"https:\\\/\\\/devtntatelier.com\\\/jeremy\\\/wp-content\\\/uploads\\\/2021\\\/07\\\/109914510_1043155072783105_1184537768874784817_n.jpg\",\"contentUrl\":\"https:\\\/\\\/devtntatelier.com\\\/jeremy\\\/wp-content\\\/uploads\\\/2021\\\/07\\\/109914510_1043155072783105_1184537768874784817_n.jpg\",\"width\":1507,\"height\":2015},{\"@type\":\"BreadcrumbList\",\"@id\":\"https:\\\/\\\/devtntatelier.com\\\/jeremy\\\/recette-de-cuisine-gateau-glace-aux-camerises\\\/#breadcrumb\",\"itemListElement\":[{\"@type\":\"ListItem\",\"position\":1,\"name\":\"Accueil\",\"item\":\"https:\\\/\\\/devtntatelier.com\\\/jeremy\\\/\"},{\"@type\":\"ListItem\",\"position\":2,\"name\":\"Recette : G\u00e2teau glac\u00e9 aux camerises\"}]},{\"@type\":\"WebSite\",\"@id\":\"https:\\\/\\\/devtntatelier.com\\\/jeremy\\\/#website\",\"url\":\"https:\\\/\\\/devtntatelier.com\\\/jeremy\\\/\",\"name\":\"Extra Maria\",\"description\":\"Blogue - D\u00e9couvertes locales et achat local\",\"potentialAction\":[{\"@type\":\"SearchAction\",\"target\":{\"@type\":\"EntryPoint\",\"urlTemplate\":\"https:\\\/\\\/devtntatelier.com\\\/jeremy\\\/?s={search_term_string}\"},\"query-input\":{\"@type\":\"PropertyValueSpecification\",\"valueRequired\":true,\"valueName\":\"search_term_string\"}}],\"inLanguage\":\"fr-FR\"},{\"@type\":\"Person\",\"@id\":\"https:\\\/\\\/devtntatelier.com\\\/jeremy\\\/#\\\/schema\\\/person\\\/f3f591333ac7b28658511c2cc0d05d08\",\"name\":\"Camerise Milou\",\"image\":{\"@type\":\"ImageObject\",\"inLanguage\":\"fr-FR\",\"@id\":\"https:\\\/\\\/secure.gravatar.com\\\/avatar\\\/37a553edb697e379917ac8c32ee12d1e450f7ebae62046b133ddad202b5331ee?s=96&d=mm&r=g\",\"url\":\"https:\\\/\\\/secure.gravatar.com\\\/avatar\\\/37a553edb697e379917ac8c32ee12d1e450f7ebae62046b133ddad202b5331ee?s=96&d=mm&r=g\",\"contentUrl\":\"https:\\\/\\\/secure.gravatar.com\\\/avatar\\\/37a553edb697e379917ac8c32ee12d1e450f7ebae62046b133ddad202b5331ee?s=96&d=mm&r=g\",\"caption\":\"Camerise Milou\"},\"description\":\"Camerise Milou, c'est un verger situ\u00e9 \u00e0 St-Stanislas au Lac-Saint-Jean, qui compte 2 000 camerisiers r\u00e9partis sur un hectare de terre. Nous sommes deux propri\u00e9taires : Louise Simard et Michel Lavoie. Il est ouvert au public et aux touristes en saison pour l\u2019autocueillette et la vente directe \u00e0 la ferme. Il nous fait plaisir de vous partager nos recettes qui mettent en valeur la camerise! Bonne d\u00e9gustation!\",\"sameAs\":[\"https:\\\/\\\/www.facebook.com\\\/camerisemilou\"],\"url\":\"https:\\\/\\\/devtntatelier.com\\\/jeremy\\\/author\\\/camerise-milou\\\/\"}]}<\/script>\n<!-- \/ Yoast SEO Premium plugin. -->","yoast_head_json":{"title":"Recette : G\u00e2teau glac\u00e9 aux camerises - Extra Maria","robots":{"index":"index","follow":"follow","max-snippet":"max-snippet:-1","max-image-preview":"max-image-preview:large","max-video-preview":"max-video-preview:-1"},"canonical":"https:\/\/devtntatelier.com\/jeremy\/recette-de-cuisine-gateau-glace-aux-camerises\/","og_locale":"fr_FR","og_type":"article","og_title":"Recette : G\u00e2teau glac\u00e9 aux camerises","og_url":"https:\/\/devtntatelier.com\/jeremy\/recette-de-cuisine-gateau-glace-aux-camerises\/","og_site_name":"Extra Maria","article_published_time":"2021-08-05T14:03:56+00:00","article_modified_time":"2022-02-24T14:49:10+00:00","og_image":[{"width":1507,"height":2015,"url":"https:\/\/devtntatelier.com\/jeremy\/wp-content\/uploads\/2021\/07\/109914510_1043155072783105_1184537768874784817_n.jpg","type":"image\/jpeg"}],"author":"Camerise Milou","twitter_card":"summary_large_image","twitter_misc":{"\u00c9crit par":"Camerise Milou","Dur\u00e9e de lecture estim\u00e9e":"2 minutes"},"schema":{"@context":"https:\/\/schema.org","@graph":[{"@type":"Article","@id":"https:\/\/devtntatelier.com\/jeremy\/recette-de-cuisine-gateau-glace-aux-camerises\/#article","isPartOf":{"@id":"https:\/\/devtntatelier.com\/jeremy\/recette-de-cuisine-gateau-glace-aux-camerises\/"},"author":{"name":"Camerise Milou","@id":"https:\/\/devtntatelier.com\/jeremy\/#\/schema\/person\/f3f591333ac7b28658511c2cc0d05d08"},"headline":"Recette : G\u00e2teau glac\u00e9 aux camerises","datePublished":"2021-08-05T14:03:56+00:00","dateModified":"2022-02-24T14:49:10+00:00","mainEntityOfPage":{"@id":"https:\/\/devtntatelier.com\/jeremy\/recette-de-cuisine-gateau-glace-aux-camerises\/"},"wordCount":598,"image":{"@id":"https:\/\/devtntatelier.com\/jeremy\/recette-de-cuisine-gateau-glace-aux-camerises\/#primaryimage"},"thumbnailUrl":"https:\/\/devtntatelier.com\/jeremy\/wp-content\/uploads\/2021\/07\/109914510_1043155072783105_1184537768874784817_n.jpg","articleSection":["Desserts","Recettes d'ici"],"inLanguage":"fr-FR"},{"@type":"WebPage","@id":"https:\/\/devtntatelier.com\/jeremy\/recette-de-cuisine-gateau-glace-aux-camerises\/","url":"https:\/\/devtntatelier.com\/jeremy\/recette-de-cuisine-gateau-glace-aux-camerises\/","name":"Recette : G\u00e2teau glac\u00e9 aux camerises - Extra Maria","isPartOf":{"@id":"https:\/\/devtntatelier.com\/jeremy\/#website"},"primaryImageOfPage":{"@id":"https:\/\/devtntatelier.com\/jeremy\/recette-de-cuisine-gateau-glace-aux-camerises\/#primaryimage"},"image":{"@id":"https:\/\/devtntatelier.com\/jeremy\/recette-de-cuisine-gateau-glace-aux-camerises\/#primaryimage"},"thumbnailUrl":"https:\/\/devtntatelier.com\/jeremy\/wp-content\/uploads\/2021\/07\/109914510_1043155072783105_1184537768874784817_n.jpg","datePublished":"2021-08-05T14:03:56+00:00","dateModified":"2022-02-24T14:49:10+00:00","author":{"@id":"https:\/\/devtntatelier.com\/jeremy\/#\/schema\/person\/f3f591333ac7b28658511c2cc0d05d08"},"breadcrumb":{"@id":"https:\/\/devtntatelier.com\/jeremy\/recette-de-cuisine-gateau-glace-aux-camerises\/#breadcrumb"},"inLanguage":"fr-FR","potentialAction":[{"@type":"ReadAction","target":["https:\/\/devtntatelier.com\/jeremy\/recette-de-cuisine-gateau-glace-aux-camerises\/"]}]},{"@type":"ImageObject","inLanguage":"fr-FR","@id":"https:\/\/devtntatelier.com\/jeremy\/recette-de-cuisine-gateau-glace-aux-camerises\/#primaryimage","url":"https:\/\/devtntatelier.com\/jeremy\/wp-content\/uploads\/2021\/07\/109914510_1043155072783105_1184537768874784817_n.jpg","contentUrl":"https:\/\/devtntatelier.com\/jeremy\/wp-content\/uploads\/2021\/07\/109914510_1043155072783105_1184537768874784817_n.jpg","width":1507,"height":2015},{"@type":"BreadcrumbList","@id":"https:\/\/devtntatelier.com\/jeremy\/recette-de-cuisine-gateau-glace-aux-camerises\/#breadcrumb","itemListElement":[{"@type":"ListItem","position":1,"name":"Accueil","item":"https:\/\/devtntatelier.com\/jeremy\/"},{"@type":"ListItem","position":2,"name":"Recette : G\u00e2teau glac\u00e9 aux camerises"}]},{"@type":"WebSite","@id":"https:\/\/devtntatelier.com\/jeremy\/#website","url":"https:\/\/devtntatelier.com\/jeremy\/","name":"Extra Maria","description":"Blogue - D\u00e9couvertes locales et achat local","potentialAction":[{"@type":"SearchAction","target":{"@type":"EntryPoint","urlTemplate":"https:\/\/devtntatelier.com\/jeremy\/?s={search_term_string}"},"query-input":{"@type":"PropertyValueSpecification","valueRequired":true,"valueName":"search_term_string"}}],"inLanguage":"fr-FR"},{"@type":"Person","@id":"https:\/\/devtntatelier.com\/jeremy\/#\/schema\/person\/f3f591333ac7b28658511c2cc0d05d08","name":"Camerise Milou","image":{"@type":"ImageObject","inLanguage":"fr-FR","@id":"https:\/\/secure.gravatar.com\/avatar\/37a553edb697e379917ac8c32ee12d1e450f7ebae62046b133ddad202b5331ee?s=96&d=mm&r=g","url":"https:\/\/secure.gravatar.com\/avatar\/37a553edb697e379917ac8c32ee12d1e450f7ebae62046b133ddad202b5331ee?s=96&d=mm&r=g","contentUrl":"https:\/\/secure.gravatar.com\/avatar\/37a553edb697e379917ac8c32ee12d1e450f7ebae62046b133ddad202b5331ee?s=96&d=mm&r=g","caption":"Camerise Milou"},"description":"Camerise Milou, c'est un verger situ\u00e9 \u00e0 St-Stanislas au Lac-Saint-Jean, qui compte 2 000 camerisiers r\u00e9partis sur un hectare de terre. Nous sommes deux propri\u00e9taires : Louise Simard et Michel Lavoie. Il est ouvert au public et aux touristes en saison pour l\u2019autocueillette et la vente directe \u00e0 la ferme. Il nous fait plaisir de vous partager nos recettes qui mettent en valeur la camerise! Bonne d\u00e9gustation!","sameAs":["https:\/\/www.facebook.com\/camerisemilou"],"url":"https:\/\/devtntatelier.com\/jeremy\/author\/camerise-milou\/"}]}},"modified_by":"Am\u00e9lia Fromage","_links":{"self":[{"href":"https:\/\/devtntatelier.com\/jeremy\/wp-json\/wp\/v2\/posts\/2350","targetHints":{"allow":["GET"]}}],"collection":[{"href":"https:\/\/devtntatelier.com\/jeremy\/wp-json\/wp\/v2\/posts"}],"about":[{"href":"https:\/\/devtntatelier.com\/jeremy\/wp-json\/wp\/v2\/types\/post"}],"author":[{"embeddable":true,"href":"https:\/\/devtntatelier.com\/jeremy\/wp-json\/wp\/v2\/users\/17"}],"replies":[{"embeddable":true,"href":"https:\/\/devtntatelier.com\/jeremy\/wp-json\/wp\/v2\/comments?post=2350"}],"version-history":[{"count":0,"href":"https:\/\/devtntatelier.com\/jeremy\/wp-json\/wp\/v2\/posts\/2350\/revisions"}],"wp:featuredmedia":[{"embeddable":true,"href":"https:\/\/devtntatelier.com\/jeremy\/wp-json\/wp\/v2\/media\/2303"}],"wp:attachment":[{"href":"https:\/\/devtntatelier.com\/jeremy\/wp-json\/wp\/v2\/media?parent=2350"}],"wp:term":[{"taxonomy":"category","embeddable":true,"href":"https:\/\/devtntatelier.com\/jeremy\/wp-json\/wp\/v2\/categories?post=2350"},{"taxonomy":"post_tag","embeddable":true,"href":"https:\/\/devtntatelier.com\/jeremy\/wp-json\/wp\/v2\/tags?post=2350"}],"curies":[{"name":"wp","href":"https:\/\/api.w.org\/{rel}","templated":true}]}}