{"id":2328,"date":"2021-08-05T09:04:54","date_gmt":"2021-08-05T13:04:54","guid":{"rendered":"https:\/\/devtntatelier.com\/jeremy\/?p=2328"},"modified":"2022-02-24T09:49:15","modified_gmt":"2022-02-24T14:49:15","slug":"recette-de-cuisine-brioche-aux-camerises","status":"publish","type":"post","link":"https:\/\/devtntatelier.com\/jeremy\/recette-de-cuisine-brioche-aux-camerises\/","title":{"rendered":"Recette : Brioches aux camerises"},"content":{"rendered":"\n[et_pb_section fb_built=\u00a0\u00bb1&Prime; _builder_version=\u00a0\u00bb4.9.10&Prime; _module_preset=\u00a0\u00bbdefault\u00a0\u00bb][et_pb_row _builder_version=\u00a0\u00bb4.9.10&Prime; _module_preset=\u00a0\u00bbdefault\u00a0\u00bb][et_pb_column type=\u00a0\u00bb4_4&Prime; _builder_version=\u00a0\u00bb4.9.10&Prime; _module_preset=\u00a0\u00bbdefault\u00a0\u00bb][et_pb_text _builder_version=\u00a0\u00bb4.9.10&Prime; _module_preset=\u00a0\u00bbdefault\u00a0\u00bb]<h1>Recette : Brioches aux camerises<\/h1>[\/et_pb_text][et_pb_text _builder_version=\u00a0\u00bb4.9.10&Prime; _module_preset=\u00a0\u00bbdefault\u00a0\u00bb]<div class=\"kvgmc6g5 cxmmr5t8 oygrvhab hcukyx3x c1et5uql ii04i59q\">\n<div dir=\"auto\">\n<div class=\"kvgmc6g5 cxmmr5t8 oygrvhab hcukyx3x c1et5uql ii04i59q\">\n<h2><strong><span style=\"background-color: transparent;\">P\u00e2te des brioches<\/span><\/strong><\/h2>\n<\/div>\n<\/div>\n<\/div>[\/et_pb_text][\/et_pb_column][\/et_pb_row][et_pb_row _builder_version=\u00a0\u00bb4.9.10&Prime; _module_preset=\u00a0\u00bbdefault\u00a0\u00bb][et_pb_column type=\u00a0\u00bb4_4&Prime; _builder_version=\u00a0\u00bb4.9.10&Prime; _module_preset=\u00a0\u00bbdefault\u00a0\u00bb][et_pb_text _builder_version=\u00a0\u00bb4.9.10&Prime; _module_preset=\u00a0\u00bbdefault\u00a0\u00bb background_color=\u00a0\u00bb#aa9f66&Prime; custom_margin=\u00a0\u00bb0px||||false|false\u00a0\u00bb custom_padding=\u00a0\u00bb10px|15px||15px|false|false\u00a0\u00bb]<div dir=\"auto\"><strong><\/strong><\/div>\n<div dir=\"auto\"><strong>Ingr\u00e9dients :<\/strong><\/div>\n<div class=\"o9v6fnle cxmmr5t8 oygrvhab hcukyx3x c1et5uql ii04i59q\">\n<ul>\n<li dir=\"auto\">1\/2 tasse de lait ti\u00e8de<\/li>\n<li dir=\"auto\">1\/4 tasse de sucre<\/li>\n<li dir=\"auto\">1 c. \u00e0 soupe de levure s\u00e8che active (1 paquet de taille standard)<\/li>\n<li dir=\"auto\">2 1\/4 tasses de farine<\/li>\n<li dir=\"auto\">1\/4 tasse de margarine ramollie<\/li>\n<li dir=\"auto\">1 oeuf\u00a0<\/li>\n<\/ul>\n<\/div>[\/et_pb_text][\/et_pb_column][\/et_pb_row][et_pb_row _builder_version=\u00a0\u00bb4.9.10&Prime; _module_preset=\u00a0\u00bbdefault\u00a0\u00bb][et_pb_column type=\u00a0\u00bb4_4&Prime; _builder_version=\u00a0\u00bb4.9.10&Prime; _module_preset=\u00a0\u00bbdefault\u00a0\u00bb][et_pb_text _builder_version=\u00a0\u00bb4.9.10&Prime; _module_preset=\u00a0\u00bbdefault\u00a0\u00bb]<div class=\"kvgmc6g5 cxmmr5t8 oygrvhab hcukyx3x c1et5uql ii04i59q\">\n<div dir=\"auto\">\n<div class=\"kvgmc6g5 cxmmr5t8 oygrvhab hcukyx3x c1et5uql ii04i59q\">\n<p><strong><span style=\"background-color: transparent;\">Pr\u00e9paration :<\/span><\/strong><\/p>\n<ol>\n<li dir=\"auto\">M\u00e9langer le lait ti\u00e8de, le sucre et la levure s\u00e8che, et laisser reposer 5 minutes pour que le m\u00e9lange soit mousseux;<\/li>\n<li dir=\"auto\">Ajouter les autres ingr\u00e9dients et bien m\u00e9langer<\/li>\n<li dir=\"auto\">Placer la p\u00e2te dans un bol bull\u00e9;<\/li>\n<li dir=\"auto\">Couvrir et laisser gonfler la p\u00e2te \u00e0 la temp\u00e9rature de la pi\u00e8ce pendant 1 heure;<\/li>\n<li dir=\"auto\">Sur une surface enfarin\u00e9e, rouler la p\u00e2te afin d&rsquo;obtenir un rectangle d&rsquo;environ 1\/4 de pouce d&rsquo;\u00e9paisseur.<\/li>\n<\/ol>\n<\/div>\n<\/div>\n<\/div>[\/et_pb_text][et_pb_text _builder_version=\u00a0\u00bb4.9.10&Prime; _module_preset=\u00a0\u00bbdefault\u00a0\u00bb]<div class=\"kvgmc6g5 cxmmr5t8 oygrvhab hcukyx3x c1et5uql ii04i59q\">\n<div dir=\"auto\">\n<div class=\"kvgmc6g5 cxmmr5t8 oygrvhab hcukyx3x c1et5uql ii04i59q\">\n<h2><strong><span style=\"background-color: transparent;\">Remplissage au fromage<\/span><\/strong><\/h2>\n<\/div>\n<\/div>\n<\/div>[\/et_pb_text][et_pb_text _builder_version=\u00a0\u00bb4.9.10&Prime; _module_preset=\u00a0\u00bbdefault\u00a0\u00bb background_color=\u00a0\u00bb#aa9f66&Prime; custom_margin=\u00a0\u00bb0px||||false|false\u00a0\u00bb custom_padding=\u00a0\u00bb10px|15px||15px|false|false\u00a0\u00bb]<div dir=\"auto\"><strong><\/strong><\/div>\n<div dir=\"auto\"><strong>Ingr\u00e9dients :<\/strong><\/div>\n<div class=\"o9v6fnle cxmmr5t8 oygrvhab hcukyx3x c1et5uql ii04i59q\">\n<ul>\n<li dir=\"auto\">125 grammes de fromage \u00e0 la cr\u00e8me l\u00e9ger ramolli<\/li>\n<li dir=\"auto\">3 c. \u00e0 soupe de margarine ramollie<\/li>\n<li dir=\"auto\">1\/4 tasse de sucre<\/li>\n<\/ul>\n<\/div>[\/et_pb_text][\/et_pb_column][\/et_pb_row][et_pb_row _builder_version=\u00a0\u00bb4.9.10&Prime; _module_preset=\u00a0\u00bbdefault\u00a0\u00bb][et_pb_column type=\u00a0\u00bb4_4&Prime; _builder_version=\u00a0\u00bb4.9.10&Prime; _module_preset=\u00a0\u00bbdefault\u00a0\u00bb][et_pb_text _builder_version=\u00a0\u00bb4.9.10&Prime; _module_preset=\u00a0\u00bbdefault\u00a0\u00bb]<div class=\"kvgmc6g5 cxmmr5t8 oygrvhab hcukyx3x c1et5uql ii04i59q\">\n<div dir=\"auto\">\n<div class=\"kvgmc6g5 cxmmr5t8 oygrvhab hcukyx3x c1et5uql ii04i59q\">\n<p><strong><span style=\"background-color: transparent;\">Pr\u00e9paration :<\/span><\/strong><\/p>\n<ol>\n<li dir=\"auto\">M\u00e9langer les ingr\u00e9dients avec un m\u00e9langeur \u00e9lectrique jusqu&rsquo;\u00e0 une consistance lisse;<\/li>\n<li dir=\"auto\">\u00c9tendre ce m\u00e9lange au fromage sur la p\u00e2te.<\/li>\n<\/ol>\n<\/div>\n<\/div>\n<\/div>[\/et_pb_text][et_pb_text _builder_version=\u00a0\u00bb4.9.10&Prime; _module_preset=\u00a0\u00bbdefault\u00a0\u00bb]<div class=\"kvgmc6g5 cxmmr5t8 oygrvhab hcukyx3x c1et5uql ii04i59q\">\n<div dir=\"auto\">\n<div class=\"kvgmc6g5 cxmmr5t8 oygrvhab hcukyx3x c1et5uql ii04i59q\">\n<h2><strong><span style=\"background-color: transparent;\">La pr\u00e9paration aux camerises<\/span><\/strong><\/h2>\n<\/div>\n<\/div>\n<\/div>[\/et_pb_text][et_pb_text _builder_version=\u00a0\u00bb4.9.10&Prime; _module_preset=\u00a0\u00bbdefault\u00a0\u00bb background_color=\u00a0\u00bb#aa9f66&Prime; custom_margin=\u00a0\u00bb0px||||false|false\u00a0\u00bb custom_padding=\u00a0\u00bb10px|15px||15px|false|false\u00a0\u00bb]<div dir=\"auto\"><strong><\/strong><\/div>\n<div dir=\"auto\"><strong>Ingr\u00e9dients :<\/strong><\/div>\n<div class=\"o9v6fnle cxmmr5t8 oygrvhab hcukyx3x c1et5uql ii04i59q\">\n<ul>\n<li dir=\"auto\">1 1\/4 tasse de camerises congel\u00e9es<\/li>\n<li dir=\"auto\">3 c. \u00e0 soupe de f\u00e9cule de ma\u00efs<\/li>\n<\/ul>\n<\/div>[\/et_pb_text][et_pb_text _builder_version=\u00a0\u00bb4.9.10&Prime; _module_preset=\u00a0\u00bbdefault\u00a0\u00bb]<div class=\"kvgmc6g5 cxmmr5t8 oygrvhab hcukyx3x c1et5uql ii04i59q\">\n<div dir=\"auto\">\n<div class=\"kvgmc6g5 cxmmr5t8 oygrvhab hcukyx3x c1et5uql ii04i59q\">\n<p><strong><span style=\"background-color: transparent;\">Pr\u00e9paration :<\/span><\/strong><\/p>\n<ol>\n<li dir=\"auto\">Dans un autre bol, m\u00e9langer les camerises et la f\u00e9cule de ma\u00efs;<\/li>\n<li dir=\"auto\">R\u00e9partir les camerises sur le fromage \u00e0 la cr\u00e8me.<\/li>\n<\/ol>\n<\/div>\n<\/div>\n<\/div>[\/et_pb_text][et_pb_text _builder_version=\u00a0\u00bb4.9.10&Prime; _module_preset=\u00a0\u00bbdefault\u00a0\u00bb]<div class=\"kvgmc6g5 cxmmr5t8 oygrvhab hcukyx3x c1et5uql ii04i59q\">\n<div dir=\"auto\">\n<div class=\"kvgmc6g5 cxmmr5t8 oygrvhab hcukyx3x c1et5uql ii04i59q\">\n<h2><strong><span style=\"background-color: transparent;\">Confection des brioches<\/span><\/strong><\/h2>\n<\/div>\n<\/div>\n<\/div>[\/et_pb_text][et_pb_text _builder_version=\u00a0\u00bb4.9.10&Prime; _module_preset=\u00a0\u00bbdefault\u00a0\u00bb]<div class=\"kvgmc6g5 cxmmr5t8 oygrvhab hcukyx3x c1et5uql ii04i59q\">\n<div dir=\"auto\">\n<div class=\"kvgmc6g5 cxmmr5t8 oygrvhab hcukyx3x c1et5uql ii04i59q\">\n<ol>\n<li><span style=\"background-color: transparent;\">Pr\u00e9parer un plat 9 x 13 pouces tapiss\u00e9 d&rsquo;un papier parchemin;<\/span><\/li>\n<li>Rouler la p\u00e2te pour former les brioches (comme des pets de s\u0153ur);<\/li>\n<li>Couvrir et laisser gonfler pendant environ 40 minutes \u00e0 la temp\u00e9rature de la pi\u00e8ce;<\/li>\n<li>Cuire au four pendant 30 minutes \u00e0 350 degr\u00e9s F.<\/li>\n<\/ol>\n<\/div>\n<\/div>\n<\/div>[\/et_pb_text][et_pb_text _builder_version=\u00a0\u00bb4.9.10&Prime; _module_preset=\u00a0\u00bbdefault\u00a0\u00bb]<div class=\"kvgmc6g5 cxmmr5t8 oygrvhab hcukyx3x c1et5uql ii04i59q\">\n<div dir=\"auto\">\n<div class=\"kvgmc6g5 cxmmr5t8 oygrvhab hcukyx3x c1et5uql ii04i59q\">\n<h2><strong><span style=\"background-color: transparent;\">Gla\u00e7age<\/span><\/strong><\/h2>\n<\/div>\n<\/div>\n<\/div>[\/et_pb_text][et_pb_text _builder_version=\u00a0\u00bb4.9.10&Prime; _module_preset=\u00a0\u00bbdefault\u00a0\u00bb background_color=\u00a0\u00bb#aa9f66&Prime; custom_margin=\u00a0\u00bb0px||||false|false\u00a0\u00bb custom_padding=\u00a0\u00bb10px|15px||15px|false|false\u00a0\u00bb]<div dir=\"auto\"><strong><\/strong><\/div>\n<div dir=\"auto\"><strong>Ingr\u00e9dients :<\/strong><\/div>\n<div class=\"o9v6fnle cxmmr5t8 oygrvhab hcukyx3x c1et5uql ii04i59q\">\n<ul>\n<li dir=\"auto\">1 tasse de sucre \u00e0 glacer<\/li>\n<li dir=\"auto\">1 c. \u00e0 soupe d&rsquo;eau chaude environ\u00a0 (en ajouter si besoin afin d&rsquo;obtenir un gla\u00e7age qui s&rsquo;\u00e9tend bien).<\/li>\n<\/ul>\n<\/div>[\/et_pb_text][et_pb_text _builder_version=\u00a0\u00bb4.9.10&Prime; _module_preset=\u00a0\u00bbdefault\u00a0\u00bb]<div class=\"kvgmc6g5 cxmmr5t8 oygrvhab hcukyx3x c1et5uql ii04i59q\">\n<div dir=\"auto\">\n<div class=\"kvgmc6g5 cxmmr5t8 oygrvhab hcukyx3x c1et5uql ii04i59q\">\n<ol>\n<li dir=\"auto\">Verser sur les brioches chaudes.<\/li>\n<\/ol>\n<\/div>\n<\/div>\n<\/div>[\/et_pb_text][\/et_pb_column][\/et_pb_row][\/et_pb_section]\n","protected":false},"excerpt":{"rendered":"<p>Recette : Brioches aux camerises P\u00e2te des brioches Ingr\u00e9dients : 1\/2 tasse de lait ti\u00e8de 1\/4 tasse de sucre 1 c. \u00e0 soupe de levure s\u00e8che active (1 paquet de [&hellip;]<\/p>\n","protected":false},"author":17,"featured_media":2395,"comment_status":"closed","ping_status":"closed","sticky":false,"template":"","format":"standard","meta":{"_et_pb_use_builder":"on","_et_pb_old_content":"","_et_gb_content_width":"","_lmt_disableupdate":"","_lmt_disable":"","_price":"","_stock":"","_tribe_ticket_header":"","_tribe_default_ticket_provider":"","_tribe_ticket_capacity":"0","_ticket_start_date":"","_ticket_end_date":"","_tribe_ticket_show_description":"","_tribe_ticket_show_not_going":false,"_tribe_ticket_use_global_stock":"","_tribe_ticket_global_stock_level":"","_global_stock_mode":"","_global_stock_cap":"","_tribe_rsvp_for_event":"","_tribe_ticket_going_count":"","_tribe_ticket_not_going_count":"","_tribe_tickets_list":"[]","_tribe_ticket_has_attendee_info_fields":false,"footnotes":""},"categories":[93,89],"tags":[],"class_list":["post-2328","post","type-post","status-publish","format-standard","has-post-thumbnail","hentry","category-recette-de-cuisine-desserts","category-recettes-dici"],"yoast_head":"<!-- This site is optimized with the Yoast SEO Premium plugin v25.9 (Yoast SEO v28.4) - https:\/\/yoast.com\/product\/yoast-seo-premium-wordpress\/ -->\n<title>Recette : Brioches aux camerises - Extra Maria<\/title>\n<meta name=\"robots\" content=\"index, follow, max-snippet:-1, max-image-preview:large, max-video-preview:-1\" \/>\n<link rel=\"canonical\" href=\"https:\/\/devtntatelier.com\/jeremy\/recette-de-cuisine-brioche-aux-camerises\/\" \/>\n<meta property=\"og:locale\" content=\"fr_FR\" \/>\n<meta property=\"og:type\" content=\"article\" \/>\n<meta property=\"og:title\" content=\"Recette : Brioches aux camerises\" \/>\n<meta property=\"og:url\" content=\"https:\/\/devtntatelier.com\/jeremy\/recette-de-cuisine-brioche-aux-camerises\/\" \/>\n<meta property=\"og:site_name\" content=\"Extra Maria\" \/>\n<meta property=\"article:published_time\" content=\"2021-08-05T13:04:54+00:00\" \/>\n<meta property=\"article:modified_time\" content=\"2022-02-24T14:49:15+00:00\" \/>\n<meta property=\"og:image\" content=\"https:\/\/devtntatelier.com\/jeremy\/wp-content\/uploads\/2021\/08\/brioche-a-la-camerise-1.jpg\" \/>\n\t<meta property=\"og:image:width\" content=\"1502\" \/>\n\t<meta property=\"og:image:height\" content=\"1408\" \/>\n\t<meta property=\"og:image:type\" content=\"image\/jpeg\" \/>\n<meta name=\"author\" content=\"Camerise Milou\" \/>\n<meta name=\"twitter:card\" content=\"summary_large_image\" \/>\n<meta name=\"twitter:label1\" content=\"\u00c9crit par\" \/>\n\t<meta name=\"twitter:data1\" content=\"Camerise Milou\" \/>\n\t<meta name=\"twitter:label2\" content=\"Dur\u00e9e de lecture estim\u00e9e\" \/>\n\t<meta name=\"twitter:data2\" content=\"2 minutes\" \/>\n<script type=\"application\/ld+json\" class=\"yoast-schema-graph\">{\"@context\":\"https:\\\/\\\/schema.org\",\"@graph\":[{\"@type\":\"Article\",\"@id\":\"https:\\\/\\\/devtntatelier.com\\\/jeremy\\\/recette-de-cuisine-brioche-aux-camerises\\\/#article\",\"isPartOf\":{\"@id\":\"https:\\\/\\\/devtntatelier.com\\\/jeremy\\\/recette-de-cuisine-brioche-aux-camerises\\\/\"},\"author\":{\"name\":\"Camerise Milou\",\"@id\":\"https:\\\/\\\/devtntatelier.com\\\/jeremy\\\/#\\\/schema\\\/person\\\/f3f591333ac7b28658511c2cc0d05d08\"},\"headline\":\"Recette : Brioches aux camerises\",\"datePublished\":\"2021-08-05T13:04:54+00:00\",\"dateModified\":\"2022-02-24T14:49:15+00:00\",\"mainEntityOfPage\":{\"@id\":\"https:\\\/\\\/devtntatelier.com\\\/jeremy\\\/recette-de-cuisine-brioche-aux-camerises\\\/\"},\"wordCount\":632,\"image\":{\"@id\":\"https:\\\/\\\/devtntatelier.com\\\/jeremy\\\/recette-de-cuisine-brioche-aux-camerises\\\/#primaryimage\"},\"thumbnailUrl\":\"https:\\\/\\\/devtntatelier.com\\\/jeremy\\\/wp-content\\\/uploads\\\/2021\\\/08\\\/brioche-a-la-camerise-1.jpg\",\"articleSection\":[\"Desserts\",\"Recettes d'ici\"],\"inLanguage\":\"fr-FR\"},{\"@type\":\"WebPage\",\"@id\":\"https:\\\/\\\/devtntatelier.com\\\/jeremy\\\/recette-de-cuisine-brioche-aux-camerises\\\/\",\"url\":\"https:\\\/\\\/devtntatelier.com\\\/jeremy\\\/recette-de-cuisine-brioche-aux-camerises\\\/\",\"name\":\"Recette : Brioches aux camerises - Extra Maria\",\"isPartOf\":{\"@id\":\"https:\\\/\\\/devtntatelier.com\\\/jeremy\\\/#website\"},\"primaryImageOfPage\":{\"@id\":\"https:\\\/\\\/devtntatelier.com\\\/jeremy\\\/recette-de-cuisine-brioche-aux-camerises\\\/#primaryimage\"},\"image\":{\"@id\":\"https:\\\/\\\/devtntatelier.com\\\/jeremy\\\/recette-de-cuisine-brioche-aux-camerises\\\/#primaryimage\"},\"thumbnailUrl\":\"https:\\\/\\\/devtntatelier.com\\\/jeremy\\\/wp-content\\\/uploads\\\/2021\\\/08\\\/brioche-a-la-camerise-1.jpg\",\"datePublished\":\"2021-08-05T13:04:54+00:00\",\"dateModified\":\"2022-02-24T14:49:15+00:00\",\"author\":{\"@id\":\"https:\\\/\\\/devtntatelier.com\\\/jeremy\\\/#\\\/schema\\\/person\\\/f3f591333ac7b28658511c2cc0d05d08\"},\"breadcrumb\":{\"@id\":\"https:\\\/\\\/devtntatelier.com\\\/jeremy\\\/recette-de-cuisine-brioche-aux-camerises\\\/#breadcrumb\"},\"inLanguage\":\"fr-FR\",\"potentialAction\":[{\"@type\":\"ReadAction\",\"target\":[\"https:\\\/\\\/devtntatelier.com\\\/jeremy\\\/recette-de-cuisine-brioche-aux-camerises\\\/\"]}]},{\"@type\":\"ImageObject\",\"inLanguage\":\"fr-FR\",\"@id\":\"https:\\\/\\\/devtntatelier.com\\\/jeremy\\\/recette-de-cuisine-brioche-aux-camerises\\\/#primaryimage\",\"url\":\"https:\\\/\\\/devtntatelier.com\\\/jeremy\\\/wp-content\\\/uploads\\\/2021\\\/08\\\/brioche-a-la-camerise-1.jpg\",\"contentUrl\":\"https:\\\/\\\/devtntatelier.com\\\/jeremy\\\/wp-content\\\/uploads\\\/2021\\\/08\\\/brioche-a-la-camerise-1.jpg\",\"width\":1502,\"height\":1408},{\"@type\":\"BreadcrumbList\",\"@id\":\"https:\\\/\\\/devtntatelier.com\\\/jeremy\\\/recette-de-cuisine-brioche-aux-camerises\\\/#breadcrumb\",\"itemListElement\":[{\"@type\":\"ListItem\",\"position\":1,\"name\":\"Accueil\",\"item\":\"https:\\\/\\\/devtntatelier.com\\\/jeremy\\\/\"},{\"@type\":\"ListItem\",\"position\":2,\"name\":\"Recette : Brioches aux camerises\"}]},{\"@type\":\"WebSite\",\"@id\":\"https:\\\/\\\/devtntatelier.com\\\/jeremy\\\/#website\",\"url\":\"https:\\\/\\\/devtntatelier.com\\\/jeremy\\\/\",\"name\":\"Extra Maria\",\"description\":\"Blogue - D\u00e9couvertes locales et achat local\",\"potentialAction\":[{\"@type\":\"SearchAction\",\"target\":{\"@type\":\"EntryPoint\",\"urlTemplate\":\"https:\\\/\\\/devtntatelier.com\\\/jeremy\\\/?s={search_term_string}\"},\"query-input\":{\"@type\":\"PropertyValueSpecification\",\"valueRequired\":true,\"valueName\":\"search_term_string\"}}],\"inLanguage\":\"fr-FR\"},{\"@type\":\"Person\",\"@id\":\"https:\\\/\\\/devtntatelier.com\\\/jeremy\\\/#\\\/schema\\\/person\\\/f3f591333ac7b28658511c2cc0d05d08\",\"name\":\"Camerise Milou\",\"image\":{\"@type\":\"ImageObject\",\"inLanguage\":\"fr-FR\",\"@id\":\"https:\\\/\\\/secure.gravatar.com\\\/avatar\\\/37a553edb697e379917ac8c32ee12d1e450f7ebae62046b133ddad202b5331ee?s=96&d=mm&r=g\",\"url\":\"https:\\\/\\\/secure.gravatar.com\\\/avatar\\\/37a553edb697e379917ac8c32ee12d1e450f7ebae62046b133ddad202b5331ee?s=96&d=mm&r=g\",\"contentUrl\":\"https:\\\/\\\/secure.gravatar.com\\\/avatar\\\/37a553edb697e379917ac8c32ee12d1e450f7ebae62046b133ddad202b5331ee?s=96&d=mm&r=g\",\"caption\":\"Camerise Milou\"},\"description\":\"Camerise Milou, c'est un verger situ\u00e9 \u00e0 St-Stanislas au Lac-Saint-Jean, qui compte 2 000 camerisiers r\u00e9partis sur un hectare de terre. Nous sommes deux propri\u00e9taires : Louise Simard et Michel Lavoie. Il est ouvert au public et aux touristes en saison pour l\u2019autocueillette et la vente directe \u00e0 la ferme. Il nous fait plaisir de vous partager nos recettes qui mettent en valeur la camerise! Bonne d\u00e9gustation!\",\"sameAs\":[\"https:\\\/\\\/www.facebook.com\\\/camerisemilou\"],\"url\":\"https:\\\/\\\/devtntatelier.com\\\/jeremy\\\/author\\\/camerise-milou\\\/\"}]}<\/script>\n<!-- \/ Yoast SEO Premium plugin. -->","yoast_head_json":{"title":"Recette : Brioches aux camerises - Extra Maria","robots":{"index":"index","follow":"follow","max-snippet":"max-snippet:-1","max-image-preview":"max-image-preview:large","max-video-preview":"max-video-preview:-1"},"canonical":"https:\/\/devtntatelier.com\/jeremy\/recette-de-cuisine-brioche-aux-camerises\/","og_locale":"fr_FR","og_type":"article","og_title":"Recette : Brioches aux camerises","og_url":"https:\/\/devtntatelier.com\/jeremy\/recette-de-cuisine-brioche-aux-camerises\/","og_site_name":"Extra Maria","article_published_time":"2021-08-05T13:04:54+00:00","article_modified_time":"2022-02-24T14:49:15+00:00","og_image":[{"width":1502,"height":1408,"url":"https:\/\/devtntatelier.com\/jeremy\/wp-content\/uploads\/2021\/08\/brioche-a-la-camerise-1.jpg","type":"image\/jpeg"}],"author":"Camerise Milou","twitter_card":"summary_large_image","twitter_misc":{"\u00c9crit par":"Camerise Milou","Dur\u00e9e de lecture estim\u00e9e":"2 minutes"},"schema":{"@context":"https:\/\/schema.org","@graph":[{"@type":"Article","@id":"https:\/\/devtntatelier.com\/jeremy\/recette-de-cuisine-brioche-aux-camerises\/#article","isPartOf":{"@id":"https:\/\/devtntatelier.com\/jeremy\/recette-de-cuisine-brioche-aux-camerises\/"},"author":{"name":"Camerise Milou","@id":"https:\/\/devtntatelier.com\/jeremy\/#\/schema\/person\/f3f591333ac7b28658511c2cc0d05d08"},"headline":"Recette : Brioches aux camerises","datePublished":"2021-08-05T13:04:54+00:00","dateModified":"2022-02-24T14:49:15+00:00","mainEntityOfPage":{"@id":"https:\/\/devtntatelier.com\/jeremy\/recette-de-cuisine-brioche-aux-camerises\/"},"wordCount":632,"image":{"@id":"https:\/\/devtntatelier.com\/jeremy\/recette-de-cuisine-brioche-aux-camerises\/#primaryimage"},"thumbnailUrl":"https:\/\/devtntatelier.com\/jeremy\/wp-content\/uploads\/2021\/08\/brioche-a-la-camerise-1.jpg","articleSection":["Desserts","Recettes d'ici"],"inLanguage":"fr-FR"},{"@type":"WebPage","@id":"https:\/\/devtntatelier.com\/jeremy\/recette-de-cuisine-brioche-aux-camerises\/","url":"https:\/\/devtntatelier.com\/jeremy\/recette-de-cuisine-brioche-aux-camerises\/","name":"Recette : Brioches aux camerises - Extra Maria","isPartOf":{"@id":"https:\/\/devtntatelier.com\/jeremy\/#website"},"primaryImageOfPage":{"@id":"https:\/\/devtntatelier.com\/jeremy\/recette-de-cuisine-brioche-aux-camerises\/#primaryimage"},"image":{"@id":"https:\/\/devtntatelier.com\/jeremy\/recette-de-cuisine-brioche-aux-camerises\/#primaryimage"},"thumbnailUrl":"https:\/\/devtntatelier.com\/jeremy\/wp-content\/uploads\/2021\/08\/brioche-a-la-camerise-1.jpg","datePublished":"2021-08-05T13:04:54+00:00","dateModified":"2022-02-24T14:49:15+00:00","author":{"@id":"https:\/\/devtntatelier.com\/jeremy\/#\/schema\/person\/f3f591333ac7b28658511c2cc0d05d08"},"breadcrumb":{"@id":"https:\/\/devtntatelier.com\/jeremy\/recette-de-cuisine-brioche-aux-camerises\/#breadcrumb"},"inLanguage":"fr-FR","potentialAction":[{"@type":"ReadAction","target":["https:\/\/devtntatelier.com\/jeremy\/recette-de-cuisine-brioche-aux-camerises\/"]}]},{"@type":"ImageObject","inLanguage":"fr-FR","@id":"https:\/\/devtntatelier.com\/jeremy\/recette-de-cuisine-brioche-aux-camerises\/#primaryimage","url":"https:\/\/devtntatelier.com\/jeremy\/wp-content\/uploads\/2021\/08\/brioche-a-la-camerise-1.jpg","contentUrl":"https:\/\/devtntatelier.com\/jeremy\/wp-content\/uploads\/2021\/08\/brioche-a-la-camerise-1.jpg","width":1502,"height":1408},{"@type":"BreadcrumbList","@id":"https:\/\/devtntatelier.com\/jeremy\/recette-de-cuisine-brioche-aux-camerises\/#breadcrumb","itemListElement":[{"@type":"ListItem","position":1,"name":"Accueil","item":"https:\/\/devtntatelier.com\/jeremy\/"},{"@type":"ListItem","position":2,"name":"Recette : Brioches aux camerises"}]},{"@type":"WebSite","@id":"https:\/\/devtntatelier.com\/jeremy\/#website","url":"https:\/\/devtntatelier.com\/jeremy\/","name":"Extra Maria","description":"Blogue - D\u00e9couvertes locales et achat local","potentialAction":[{"@type":"SearchAction","target":{"@type":"EntryPoint","urlTemplate":"https:\/\/devtntatelier.com\/jeremy\/?s={search_term_string}"},"query-input":{"@type":"PropertyValueSpecification","valueRequired":true,"valueName":"search_term_string"}}],"inLanguage":"fr-FR"},{"@type":"Person","@id":"https:\/\/devtntatelier.com\/jeremy\/#\/schema\/person\/f3f591333ac7b28658511c2cc0d05d08","name":"Camerise Milou","image":{"@type":"ImageObject","inLanguage":"fr-FR","@id":"https:\/\/secure.gravatar.com\/avatar\/37a553edb697e379917ac8c32ee12d1e450f7ebae62046b133ddad202b5331ee?s=96&d=mm&r=g","url":"https:\/\/secure.gravatar.com\/avatar\/37a553edb697e379917ac8c32ee12d1e450f7ebae62046b133ddad202b5331ee?s=96&d=mm&r=g","contentUrl":"https:\/\/secure.gravatar.com\/avatar\/37a553edb697e379917ac8c32ee12d1e450f7ebae62046b133ddad202b5331ee?s=96&d=mm&r=g","caption":"Camerise Milou"},"description":"Camerise Milou, c'est un verger situ\u00e9 \u00e0 St-Stanislas au Lac-Saint-Jean, qui compte 2 000 camerisiers r\u00e9partis sur un hectare de terre. Nous sommes deux propri\u00e9taires : Louise Simard et Michel Lavoie. Il est ouvert au public et aux touristes en saison pour l\u2019autocueillette et la vente directe \u00e0 la ferme. Il nous fait plaisir de vous partager nos recettes qui mettent en valeur la camerise! Bonne d\u00e9gustation!","sameAs":["https:\/\/www.facebook.com\/camerisemilou"],"url":"https:\/\/devtntatelier.com\/jeremy\/author\/camerise-milou\/"}]}},"modified_by":"Am\u00e9lia Fromage","_links":{"self":[{"href":"https:\/\/devtntatelier.com\/jeremy\/wp-json\/wp\/v2\/posts\/2328","targetHints":{"allow":["GET"]}}],"collection":[{"href":"https:\/\/devtntatelier.com\/jeremy\/wp-json\/wp\/v2\/posts"}],"about":[{"href":"https:\/\/devtntatelier.com\/jeremy\/wp-json\/wp\/v2\/types\/post"}],"author":[{"embeddable":true,"href":"https:\/\/devtntatelier.com\/jeremy\/wp-json\/wp\/v2\/users\/17"}],"replies":[{"embeddable":true,"href":"https:\/\/devtntatelier.com\/jeremy\/wp-json\/wp\/v2\/comments?post=2328"}],"version-history":[{"count":0,"href":"https:\/\/devtntatelier.com\/jeremy\/wp-json\/wp\/v2\/posts\/2328\/revisions"}],"wp:featuredmedia":[{"embeddable":true,"href":"https:\/\/devtntatelier.com\/jeremy\/wp-json\/wp\/v2\/media\/2395"}],"wp:attachment":[{"href":"https:\/\/devtntatelier.com\/jeremy\/wp-json\/wp\/v2\/media?parent=2328"}],"wp:term":[{"taxonomy":"category","embeddable":true,"href":"https:\/\/devtntatelier.com\/jeremy\/wp-json\/wp\/v2\/categories?post=2328"},{"taxonomy":"post_tag","embeddable":true,"href":"https:\/\/devtntatelier.com\/jeremy\/wp-json\/wp\/v2\/tags?post=2328"}],"curies":[{"name":"wp","href":"https:\/\/api.w.org\/{rel}","templated":true}]}}