{"id":23,"date":"2021-05-03T10:21:23","date_gmt":"2021-05-03T14:21:23","guid":{"rendered":"https:\/\/devtntatelier.com\/jeremy\/?p=23"},"modified":"2021-10-14T08:36:25","modified_gmt":"2021-10-14T12:36:25","slug":"idees-cadeaux-fete-des-meres-2021","status":"publish","type":"post","link":"https:\/\/devtntatelier.com\/jeremy\/idees-cadeaux-fete-des-meres-2021\/","title":{"rendered":"15 id\u00e9es de cadeaux locaux pour la F\u00eate des M\u00e8res 2021"},"content":{"rendered":"\n[et_pb_section fb_built=\u00a0\u00bb1&Prime; _builder_version=\u00a0\u00bb3.22&Prime;][et_pb_row _builder_version=\u00a0\u00bb3.25&Prime; background_size=\u00a0\u00bbinitial\u00a0\u00bb background_position=\u00a0\u00bbtop_left\u00a0\u00bb background_repeat=\u00a0\u00bbrepeat\u00a0\u00bb][et_pb_column type=\u00a0\u00bb4_4&Prime; _builder_version=\u00a0\u00bb3.25&Prime; custom_padding=\u00a0\u00bb|||\u00a0\u00bb custom_padding__hover=\u00a0\u00bb|||\u00a0\u00bb][et_pb_text _builder_version=\u00a0\u00bb4.9.4&Prime; _module_preset=\u00a0\u00bbdefault\u00a0\u00bb]<h1>Bonne F\u00eate des M\u00e8res 2021!<\/h1>[\/et_pb_text][\/et_pb_column][\/et_pb_row][et_pb_row _builder_version=\u00a0\u00bb4.9.4&Prime; _module_preset=\u00a0\u00bbdefault\u00a0\u00bb][et_pb_column type=\u00a0\u00bb4_4&Prime; _builder_version=\u00a0\u00bb4.9.4&Prime; _module_preset=\u00a0\u00bbdefault\u00a0\u00bb][et_pb_text _builder_version=\u00a0\u00bb4.9.4&Prime; _module_preset=\u00a0\u00bbdefault\u00a0\u00bb]<h2>C&rsquo;est le temps de se g\u00e2ter ou de faire plaisir \u00e0 une maman autour de Nous pour la F\u00eate des M\u00e8res<\/h2>[\/et_pb_text][\/et_pb_column][\/et_pb_row][et_pb_row _builder_version=\u00a0\u00bb4.9.4&Prime; _module_preset=\u00a0\u00bbdefault\u00a0\u00bb][et_pb_column type=\u00a0\u00bb4_4&Prime; _builder_version=\u00a0\u00bb4.9.4&Prime; _module_preset=\u00a0\u00bbdefault\u00a0\u00bb][et_pb_text _builder_version=\u00a0\u00bb4.9.4&Prime; _module_preset=\u00a0\u00bbdefault\u00a0\u00bb]<p>La F\u00eate des M\u00e8res sera le dimanche 9 mai cette ann\u00e9e au Qu\u00e9bec. C&rsquo;est une journ\u00e9e pour se g\u00e2ter et souligner les mamans et grands-mamans autour de nous. Cette ann\u00e9e encore, il faudra se renouveler pour souligner cette journ\u00e9e symbolique autrement que par un souper en famille. C&rsquo;est pourquoi, on vous a pr\u00e9par\u00e9 une petite liste de suggestions de cadeaux locaux pour la F\u00eate des M\u00e8res. Et, il y en a pour tous les go\u00fbts! Alors, laissez-vous inspirer&#8230;<\/p>[\/et_pb_text][\/et_pb_column][\/et_pb_row][et_pb_row column_structure=\u00a0\u00bb1_2,1_2&Prime; _builder_version=\u00a0\u00bb4.9.4&Prime; _module_preset=\u00a0\u00bbdefault\u00a0\u00bb][et_pb_column type=\u00a0\u00bb1_2&Prime; _builder_version=\u00a0\u00bb4.9.4&Prime; _module_preset=\u00a0\u00bbdefault\u00a0\u00bb][et_pb_image src=\u00a0\u00bbhttps:\/\/devtntatelier.com\/jeremy\/wp-content\/uploads\/2021\/05\/bleuet-rose-des-sables-delices-du-lac.jpg\u00a0\u00bb title_text=\u00a0\u00bbbleuet-rose-des-sables-delices-du-lac\u00a0\u00bb _builder_version=\u00a0\u00bb4.9.4&Prime; _module_preset=\u00a0\u00bbdefault\u00a0\u00bb][\/et_pb_image][\/et_pb_column][et_pb_column type=\u00a0\u00bb1_2&Prime; _builder_version=\u00a0\u00bb4.9.4&Prime; _module_preset=\u00a0\u00bbdefault\u00a0\u00bb][et_pb_text _builder_version=\u00a0\u00bb4.9.4&Prime; _module_preset=\u00a0\u00bbdefault\u00a0\u00bb hover_enabled=\u00a0\u00bb0&Prime; sticky_enabled=\u00a0\u00bb0&Prime;]<h2>1.<\/h2>\n<h2>Gel\u00e9e de bleuets \u00e0 la rose des sables<\/h2>\n<h5><a href=\"https:\/\/delicesdulac.com\/fr\/\">D\u00e9lices du Lac<\/a><\/h5>\n<p>Nouveau produit \u00e0 essayer!<\/p>\n<p>***Code promo sur toute la boutique en ligne <span style=\"text-decoration: underline;\"><\/span>jusqu&rsquo;au 9 mai 2021 : MAMAN15. <span style=\"text-decoration: underline;\"><a href=\"https:\/\/delicesdulac.com\/fr\/produits\/nos-produits-delices-du-lac\/gelee-de-bleuet-a-la-rose-sauvage\">Acheter la gel\u00e9e de bleuets \u00e0 la rose des sables en ligne.<\/a><\/span><\/p>[\/et_pb_text][\/et_pb_column][\/et_pb_row][et_pb_row column_structure=\u00a0\u00bb1_2,1_2&Prime; _builder_version=\u00a0\u00bb4.9.4&Prime; _module_preset=\u00a0\u00bbdefault\u00a0\u00bb][et_pb_column type=\u00a0\u00bb1_2&Prime; _builder_version=\u00a0\u00bb4.9.4&Prime; _module_preset=\u00a0\u00bbdefault\u00a0\u00bb][et_pb_text _builder_version=\u00a0\u00bb4.9.4&Prime; _module_preset=\u00a0\u00bbdefault\u00a0\u00bb]<h3>2.<\/h3>\n<h3>Panier de l\u00e9gumes bio produits ici \u00e0 dolbeau-mistassini<\/h3>\n<h5><a href=\"https:\/\/www.facebook.com\/forestiermaraicher\">La ferme du forestier-mara\u00eecher<\/a><\/h5>\n<p>Pour offrir un produit sant\u00e9 bio. Pour conna\u00eetre les diff\u00e9rents forfaits, c&rsquo;est <a href=\"https:\/\/forestiermaraicher.com\/panier-bio?fbclid=IwAR35mRRYocsAHaI2zvkBxC6Sy0bESoarQS14lSK55THMUlrVQmcH5NVtfew\"><strong><span style=\"text-decoration: underline;\">ICI<\/span><\/strong><\/a>.<\/p>[\/et_pb_text][\/et_pb_column][et_pb_column type=\u00a0\u00bb1_2&Prime; _builder_version=\u00a0\u00bb4.9.4&Prime; _module_preset=\u00a0\u00bbdefault\u00a0\u00bb][et_pb_image src=\u00a0\u00bbhttps:\/\/devtntatelier.com\/jeremy\/wp-content\/uploads\/2021\/05\/panier-sante-bio-la-ferme-du-forestier-maraicher.jpg\u00a0\u00bb title_text=\u00a0\u00bbpanier-sante-bio-la-ferme-du-forestier-maraicher\u00a0\u00bb _builder_version=\u00a0\u00bb4.9.4&Prime; _module_preset=\u00a0\u00bbdefault\u00a0\u00bb][\/et_pb_image][\/et_pb_column][\/et_pb_row][et_pb_row column_structure=\u00a0\u00bb1_2,1_2&Prime; _builder_version=\u00a0\u00bb4.9.4&Prime; _module_preset=\u00a0\u00bbdefault\u00a0\u00bb][et_pb_column type=\u00a0\u00bb1_2&Prime; _builder_version=\u00a0\u00bb4.9.4&Prime; _module_preset=\u00a0\u00bbdefault\u00a0\u00bb][et_pb_image src=\u00a0\u00bbhttps:\/\/devtntatelier.com\/jeremy\/wp-content\/uploads\/2021\/05\/the-du-bain-captive.jpg\u00a0\u00bb title_text=\u00a0\u00bbthe-du-bain-captive\u00a0\u00bb _builder_version=\u00a0\u00bb4.9.4&Prime; _module_preset=\u00a0\u00bbdefault\u00a0\u00bb][\/et_pb_image][\/et_pb_column][et_pb_column type=\u00a0\u00bb1_2&Prime; _builder_version=\u00a0\u00bb4.9.4&Prime; _module_preset=\u00a0\u00bbdefault\u00a0\u00bb][et_pb_text _builder_version=\u00a0\u00bb4.9.4&Prime; _module_preset=\u00a0\u00bbdefault\u00a0\u00bb custom_padding=\u00a0\u00bb||1px|||\u00a0\u00bb]<div class=\"o9v6fnle cxmmr5t8 oygrvhab hcukyx3x c1et5uql ii04i59q\">\n<h3 dir=\"auto\">\u00a03.<\/h3>\n<h3 dir=\"auto\">Th\u00e9 de bain<\/h3>\n<h5 dir=\"auto\"><a href=\"https:\/\/produitscaptive.com\/\">Les Produits Captive<\/a><\/h5>\n<div dir=\"auto\">Pot de th\u00e9 de bain, produit naturel qui permet de relaxer.<\/div>\n<div dir=\"auto\">***Un cadeau sera ajout\u00e9 \u00e0 vos commandes, entre le 28 avril et le 9 mai.<\/div>\n<\/div>\n<div class=\"o9v6fnle cxmmr5t8 oygrvhab hcukyx3x c1et5uql ii04i59q\">\n<div dir=\"auto\"><span style=\"text-decoration: underline;\"><a href=\"https:\/\/produitscaptive.com\/produit\/the-de-bain\/\">Acheter le th\u00e9 de bain en ligne.<\/a><\/span><\/div>\n<div dir=\"auto\"><\/div>\n<\/div>[\/et_pb_text][\/et_pb_column][\/et_pb_row][et_pb_row column_structure=\u00a0\u00bb1_2,1_2&Prime; _builder_version=\u00a0\u00bb4.9.4&Prime; _module_preset=\u00a0\u00bbdefault\u00a0\u00bb][et_pb_column type=\u00a0\u00bb1_2&Prime; _builder_version=\u00a0\u00bb4.9.4&Prime; _module_preset=\u00a0\u00bbdefault\u00a0\u00bb][et_pb_text _builder_version=\u00a0\u00bb4.9.4&Prime; _module_preset=\u00a0\u00bbdefault\u00a0\u00bb hover_enabled=\u00a0\u00bb0&Prime; sticky_enabled=\u00a0\u00bb0&Prime;]<h3>4.<\/h3>\n<h3>Bas avec dents<\/h3>\n<h5><a href=\"https:\/\/cliniqueprioritesoins.com\/\">Clinique Priori\u00e9 Soins<\/a><\/h5>\n<p>Bas dent id\u00e9al pour dentiste ou f\u00e9e des dents.<\/p>\n<p><span style=\"text-decoration: underline;\"><a href=\"https:\/\/cliniqueprioritesoins.com\/boutique-1\/ols\/products\/xn-bas-modes-pour-dentiste-hyginiste-dentaire-ou-la-fe-des-dents-4rfw\" title=\"Bas pour femme dent\">Acheter les bas avec dents en ligne.<\/a><\/span><\/p>[\/et_pb_text][\/et_pb_column][et_pb_column type=\u00a0\u00bb1_2&Prime; _builder_version=\u00a0\u00bb4.9.4&Prime; _module_preset=\u00a0\u00bbdefault\u00a0\u00bb][et_pb_image src=\u00a0\u00bbhttps:\/\/devtntatelier.com\/jeremy\/wp-content\/uploads\/2021\/05\/bas-avec-dents-clinique-priorite-soine.jpg\u00a0\u00bb title_text=\u00a0\u00bbbas-avec-dents-clinique-priorite-soine\u00a0\u00bb _builder_version=\u00a0\u00bb4.9.4&Prime; _module_preset=\u00a0\u00bbdefault\u00a0\u00bb][\/et_pb_image][\/et_pb_column][\/et_pb_row][et_pb_row column_structure=\u00a0\u00bb1_2,1_2&Prime; _builder_version=\u00a0\u00bb4.9.4&Prime; _module_preset=\u00a0\u00bbdefault\u00a0\u00bb][et_pb_column type=\u00a0\u00bb1_2&Prime; _builder_version=\u00a0\u00bb4.9.4&Prime; _module_preset=\u00a0\u00bbdefault\u00a0\u00bb][et_pb_image src=\u00a0\u00bbhttps:\/\/devtntatelier.com\/jeremy\/wp-content\/uploads\/2021\/05\/bergerie-du-nord-shampoing-solide.jpg\u00a0\u00bb title_text=\u00a0\u00bbbergerie-du-nord-shampoing-solide\u00a0\u00bb _builder_version=\u00a0\u00bb4.9.4&Prime; _module_preset=\u00a0\u00bbdefault\u00a0\u00bb][\/et_pb_image][\/et_pb_column][et_pb_column type=\u00a0\u00bb1_2&Prime; _builder_version=\u00a0\u00bb4.9.4&Prime; _module_preset=\u00a0\u00bbdefault\u00a0\u00bb][et_pb_text _builder_version=\u00a0\u00bb4.9.4&Prime; _module_preset=\u00a0\u00bbdefault\u00a0\u00bb]<h3>5.<\/h3>\n<h3>Shampoing sec au pamplemousse rose<\/h3>\n<h5><a href=\"https:\/\/labergeriedunord.com\/\">Savonnerie LaBergerie du nord.<\/a><\/h5>\n<p>Fait avec amour \u00e0 Normandin.<\/p>\n<p><a href=\"https:\/\/labergeriedunord.com\/produit\/shampoing-pamplemousse-rose\/\"><span style=\"text-decoration: underline;\">Acheter le shampoing sec en ligne.\u00a0<\/span><\/a><\/p>[\/et_pb_text][\/et_pb_column][\/et_pb_row][et_pb_row column_structure=\u00a0\u00bb1_2,1_2&Prime; _builder_version=\u00a0\u00bb4.9.4&Prime; _module_preset=\u00a0\u00bbdefault\u00a0\u00bb][et_pb_column type=\u00a0\u00bb1_2&Prime; _builder_version=\u00a0\u00bb4.9.4&Prime; _module_preset=\u00a0\u00bbdefault\u00a0\u00bb][et_pb_text _builder_version=\u00a0\u00bb4.9.4&Prime; _module_preset=\u00a0\u00bbdefault\u00a0\u00bb hover_enabled=\u00a0\u00bb0&Prime; sticky_enabled=\u00a0\u00bb0&Prime;]<h3>6.<\/h3>\n<h3>un bouquet de Fleurs<\/h3>\n<h5><a href=\"https:\/\/www.facebook.com\/jardindt\">Fleuriste Le Jardin d.t.<\/a><\/h5>\n<p>Parce qu&rsquo;avec un beau bouquet de fleurs, souvent on ne se trompe pas.<\/p>\n<p><a href=\"tel:4182766624\">418 <span>276-6624<\/span><\/a><span><\/span><\/p>[\/et_pb_text][\/et_pb_column][et_pb_column type=\u00a0\u00bb1_2&Prime; _builder_version=\u00a0\u00bb4.9.4&Prime; _module_preset=\u00a0\u00bbdefault\u00a0\u00bb][et_pb_image src=\u00a0\u00bbhttps:\/\/devtntatelier.com\/jeremy\/wp-content\/uploads\/2021\/05\/jardin-d-t-3.jpg\u00a0\u00bb title_text=\u00a0\u00bbjardin-d-t-3&Prime; _builder_version=\u00a0\u00bb4.9.4&Prime; _module_preset=\u00a0\u00bbdefault\u00a0\u00bb][\/et_pb_image][\/et_pb_column][\/et_pb_row][et_pb_row column_structure=\u00a0\u00bb1_2,1_2&Prime; _builder_version=\u00a0\u00bb4.9.4&Prime; _module_preset=\u00a0\u00bbdefault\u00a0\u00bb][et_pb_column type=\u00a0\u00bb1_2&Prime; _builder_version=\u00a0\u00bb4.9.4&Prime; _module_preset=\u00a0\u00bbdefault\u00a0\u00bb][et_pb_image src=\u00a0\u00bbhttps:\/\/devtntatelier.com\/jeremy\/wp-content\/uploads\/2021\/05\/botte-pilote-et-filles-cordonnerie-bouchard.jpg\u00a0\u00bb title_text=\u00a0\u00bbbotte-pilote-et-filles-cordonnerie-bouchard\u00a0\u00bb _builder_version=\u00a0\u00bb4.9.4&Prime; _module_preset=\u00a0\u00bbdefault\u00a0\u00bb][\/et_pb_image][\/et_pb_column][et_pb_column type=\u00a0\u00bb1_2&Prime; _builder_version=\u00a0\u00bb4.9.4&Prime; _module_preset=\u00a0\u00bbdefault\u00a0\u00bb][et_pb_text _builder_version=\u00a0\u00bb4.9.4&Prime; _module_preset=\u00a0\u00bbdefault\u00a0\u00bb hover_enabled=\u00a0\u00bb0&Prime; sticky_enabled=\u00a0\u00bb0&Prime;]<h3>7.<\/h3>\n<h3>Bottes de travail Pilote et Filles<\/h3>\n<h5><a href=\"https:\/\/www.facebook.com\/CordonnerieNormandBouchard\">Cordonnerie Bouchard Dolbeau<\/a><\/h5>\n<p><span>Pour \u00eatre bien \u00e9quip\u00e9e pour travailler.<\/span><\/p>\n<p><a href=\"tel:4182762900\"><span>418 276-2900<\/span><\/a><\/p>[\/et_pb_text][\/et_pb_column][\/et_pb_row][et_pb_row column_structure=\u00a0\u00bb1_2,1_2&Prime; _builder_version=\u00a0\u00bb4.9.4&Prime; _module_preset=\u00a0\u00bbdefault\u00a0\u00bb][et_pb_column type=\u00a0\u00bb1_2&Prime; _builder_version=\u00a0\u00bb4.9.4&Prime; _module_preset=\u00a0\u00bbdefault\u00a0\u00bb][et_pb_text _builder_version=\u00a0\u00bb4.9.4&Prime; _module_preset=\u00a0\u00bbdefault\u00a0\u00bb hover_enabled=\u00a0\u00bb0&Prime; sticky_enabled=\u00a0\u00bb0&Prime;]<h3>8.<\/h3>\n<h3>SAVON AU LAIT D&rsquo;\u00c2NESSE<\/h3>\n<h5><a href=\"https:\/\/www.facebook.com\/profile.php?id=100057251149541\">Les douceurs de Mul\u00e2ne<\/a><\/h5>\n<p>Un beau choix de savons au lait d&rsquo;\u00e2nesse qui laisse la peau douce douce douce.<\/p>\n<p><a href=\"tel:4182762900\">418 618-1728<\/a><\/p>[\/et_pb_text][\/et_pb_column][et_pb_column type=\u00a0\u00bb1_2&Prime; _builder_version=\u00a0\u00bb4.9.4&Prime; _module_preset=\u00a0\u00bbdefault\u00a0\u00bb][et_pb_image src=\u00a0\u00bbhttps:\/\/devtntatelier.com\/jeremy\/wp-content\/uploads\/2021\/05\/douceurs-de-mulane3.jpg\u00a0\u00bb title_text=\u00a0\u00bbdouceurs-de-mulane3&Prime; _builder_version=\u00a0\u00bb4.9.4&Prime; _module_preset=\u00a0\u00bbdefault\u00a0\u00bb][\/et_pb_image][\/et_pb_column][\/et_pb_row][et_pb_row column_structure=\u00a0\u00bb1_2,1_2&Prime; _builder_version=\u00a0\u00bb4.9.4&Prime; _module_preset=\u00a0\u00bbdefault\u00a0\u00bb][et_pb_column type=\u00a0\u00bb1_2&Prime; _builder_version=\u00a0\u00bb4.9.4&Prime; _module_preset=\u00a0\u00bbdefault\u00a0\u00bb][et_pb_image src=\u00a0\u00bbhttps:\/\/devtntatelier.com\/jeremy\/wp-content\/uploads\/2021\/05\/elle-boutque-fete-des-meres.jpg\u00a0\u00bb title_text=\u00a0\u00bbelle-boutque-fete-des-meres\u00a0\u00bb _builder_version=\u00a0\u00bb4.9.4&Prime; _module_preset=\u00a0\u00bbdefault\u00a0\u00bb][\/et_pb_image][\/et_pb_column][et_pb_column type=\u00a0\u00bb1_2&Prime; _builder_version=\u00a0\u00bb4.9.4&Prime; _module_preset=\u00a0\u00bbdefault\u00a0\u00bb][et_pb_text _builder_version=\u00a0\u00bb4.9.4&Prime; _module_preset=\u00a0\u00bbdefault\u00a0\u00bb]<h3>9.<\/h3>\n<h3>CADEAU D\u00c9CO OU DE LA TABLE<\/h3>\n<h5><a href=\"https:\/\/www.facebook.com\/elleboutiquedolbeaumistassini\">ELLE BOUTIQUE<\/a><\/h5>\n<p>Un grand choix d&rsquo;id\u00e9es cadeaux pour femmes vous y attend chez ELLE Boutique au centre commercial Les Promenades du Boulevard de Dolbeau-Mistassini.<\/p>[\/et_pb_text][\/et_pb_column][\/et_pb_row][et_pb_row column_structure=\u00a0\u00bb1_2,1_2&Prime; _builder_version=\u00a0\u00bb4.9.4&Prime; _module_preset=\u00a0\u00bbdefault\u00a0\u00bb][et_pb_column type=\u00a0\u00bb1_2&Prime; _builder_version=\u00a0\u00bb4.9.4&Prime; _module_preset=\u00a0\u00bbdefault\u00a0\u00bb][et_pb_text _builder_version=\u00a0\u00bb4.9.4&Prime; _module_preset=\u00a0\u00bbdefault\u00a0\u00bb]<h3>10.<\/h3>\n<h3>LAIT NETTOYANT D\u00c9MAQUILLANT<\/h3>\n<h5><a href=\"tapeautonfruit.com\">TA PEAU, TON FRUIT<\/a><\/h5>\n<p><span>***Tous les produits sont pr\u00e9sentement \u00e0 20% sur leur boutique en ligne et dans leurs points de vente participants.<\/span><\/p>\n<p><a href=\"https:\/\/tapeautonfruit.com\/soins\/lait-nettoyant-demaquillant-purete\/\"><span style=\"text-decoration: underline;\">Acheter le lait nettoyant d\u00e9maquillant.<\/span><\/a><\/p>\n<p><span><\/span><\/p>[\/et_pb_text][\/et_pb_column][et_pb_column type=\u00a0\u00bb1_2&Prime; _builder_version=\u00a0\u00bb4.9.4&Prime; _module_preset=\u00a0\u00bbdefault\u00a0\u00bb][et_pb_image src=\u00a0\u00bbhttps:\/\/devtntatelier.com\/jeremy\/wp-content\/uploads\/2021\/05\/lait.jpg\u00a0\u00bb title_text=\u00a0\u00bblait\u00a0\u00bb _builder_version=\u00a0\u00bb4.9.4&Prime; _module_preset=\u00a0\u00bbdefault\u00a0\u00bb][\/et_pb_image][\/et_pb_column][\/et_pb_row][et_pb_row column_structure=\u00a0\u00bb1_2,1_2&Prime; _builder_version=\u00a0\u00bb4.9.4&Prime; _module_preset=\u00a0\u00bbdefault\u00a0\u00bb][et_pb_column type=\u00a0\u00bb1_2&Prime; _builder_version=\u00a0\u00bb4.9.4&Prime; _module_preset=\u00a0\u00bbdefault\u00a0\u00bb][et_pb_image src=\u00a0\u00bbhttps:\/\/devtntatelier.com\/jeremy\/wp-content\/uploads\/2021\/05\/janick-lavoie-massotherapie.png\u00a0\u00bb title_text=\u00a0\u00bbjanick-lavoie-massotherapie\u00a0\u00bb _builder_version=\u00a0\u00bb4.9.4&Prime; _module_preset=\u00a0\u00bbdefault\u00a0\u00bb][\/et_pb_image][\/et_pb_column][et_pb_column type=\u00a0\u00bb1_2&Prime; _builder_version=\u00a0\u00bb4.9.4&Prime; _module_preset=\u00a0\u00bbdefault\u00a0\u00bb][et_pb_text _builder_version=\u00a0\u00bb4.9.4&Prime; _module_preset=\u00a0\u00bbdefault\u00a0\u00bb hover_enabled=\u00a0\u00bb0&Prime; sticky_enabled=\u00a0\u00bb0&Prime;]<h3>11.<\/h3>\n<h3>CERTIFICAT CADEAU<\/h3>\n<h5><a href=\"https:\/\/www.facebook.com\/jlmasso\">JANICK LAVOIE MASSOTH\u00c9RAPIE<\/a><\/h5>\n<p><a href=\"4186184420\"><span>418 618-4420<\/span><\/a><\/p>[\/et_pb_text][\/et_pb_column][\/et_pb_row][et_pb_row column_structure=\u00a0\u00bb1_2,1_2&Prime; _builder_version=\u00a0\u00bb4.9.4&Prime; _module_preset=\u00a0\u00bbdefault\u00a0\u00bb][et_pb_column type=\u00a0\u00bb1_2&Prime; _builder_version=\u00a0\u00bb4.9.4&Prime; _module_preset=\u00a0\u00bbdefault\u00a0\u00bb][et_pb_text _builder_version=\u00a0\u00bb4.9.4&Prime; _module_preset=\u00a0\u00bbdefault\u00a0\u00bb]<h3>12.<\/h3>\n<h3>FORFAIT CADEAU S\u00c9JOUR EN YOURTE<\/h3>\n<h5><a href=\"https:\/\/www.domaineloreedesbois.ca\/\">DOMAINE L&rsquo;OR\u00c9E DES BOIS<\/a><\/h5>\n<p>Pour une belle exp\u00e9rience agrotousitique de d\u00e9tente et de plaisir.<\/p>\n<p><a href=\"https:\/\/www.domaineloreedesbois.ca\/glamping\"><span style=\"text-decoration: underline;\">R\u00e9server ICI.<\/span><\/a><\/p>[\/et_pb_text][\/et_pb_column][et_pb_column type=\u00a0\u00bb1_2&Prime; _builder_version=\u00a0\u00bb4.9.4&Prime; _module_preset=\u00a0\u00bbdefault\u00a0\u00bb][et_pb_image src=\u00a0\u00bbhttps:\/\/devtntatelier.com\/jeremy\/wp-content\/uploads\/2021\/05\/yourte-2-domaine-oree-des-bois-herbergement-insolite-saguenay-lac-saint-jean-scaled.jpg\u00a0\u00bb title_text=\u00a0\u00bbyourte-2-domaine-oree-des-bois-herbergement-insolite-saguenay-lac-saint-jean\u00a0\u00bb _builder_version=\u00a0\u00bb4.9.4&Prime; _module_preset=\u00a0\u00bbdefault\u00a0\u00bb][\/et_pb_image][\/et_pb_column][\/et_pb_row][et_pb_row column_structure=\u00a0\u00bb1_2,1_2&Prime; _builder_version=\u00a0\u00bb4.9.4&Prime; _module_preset=\u00a0\u00bbdefault\u00a0\u00bb][et_pb_column type=\u00a0\u00bb1_2&Prime; _builder_version=\u00a0\u00bb4.9.4&Prime; _module_preset=\u00a0\u00bbdefault\u00a0\u00bb][et_pb_image src=\u00a0\u00bbhttps:\/\/devtntatelier.com\/jeremy\/wp-content\/uploads\/2021\/05\/institut-de-l-epiderme-bracelet.jpg\u00a0\u00bb title_text=\u00a0\u00bbinstitut-de-l-epiderme-bracelet\u00a0\u00bb _builder_version=\u00a0\u00bb4.9.4&Prime; _module_preset=\u00a0\u00bbdefault\u00a0\u00bb][\/et_pb_image][\/et_pb_column][et_pb_column type=\u00a0\u00bb1_2&Prime; _builder_version=\u00a0\u00bb4.9.4&Prime; _module_preset=\u00a0\u00bbdefault\u00a0\u00bb][et_pb_text _builder_version=\u00a0\u00bb4.9.4&Prime; _module_preset=\u00a0\u00bbdefault\u00a0\u00bb hover_enabled=\u00a0\u00bb0&Prime; sticky_enabled=\u00a0\u00bb0&Prime;]<h3>13.<\/h3>\n<h3>BRACELET OLIVIA<\/h3>\n<h5><a href=\"https:\/\/www.institutepiderme.com\/\">L&rsquo;INSTITUT DE L&rsquo;\u00c9PIDERME<\/a><\/h5>\n<p>Parce qu&rsquo;un bijou, \u00e7a aussi, \u00e7a fait plaisir.<\/p>\n<p><a href=\"https:\/\/www.institutepiderme.com\/produit\/bracelet-olivia\/\"><span style=\"text-decoration: underline;\">Acheter le bracelet en ligne.<\/span><\/a><\/p>[\/et_pb_text][\/et_pb_column][\/et_pb_row][et_pb_row column_structure=\u00a0\u00bb1_2,1_2&Prime; _builder_version=\u00a0\u00bb4.9.4&Prime; _module_preset=\u00a0\u00bbdefault\u00a0\u00bb][et_pb_column type=\u00a0\u00bb1_2&Prime; _builder_version=\u00a0\u00bb4.9.4&Prime; _module_preset=\u00a0\u00bbdefault\u00a0\u00bb][et_pb_text _builder_version=\u00a0\u00bb4.9.4&Prime; _module_preset=\u00a0\u00bbdefault\u00a0\u00bb hover_enabled=\u00a0\u00bb0&Prime; sticky_enabled=\u00a0\u00bb0&Prime;]<h3>14.<\/h3>\n<h3>FER \u00c0 VAGUES<\/h3>\n<h5><a href=\"https:\/\/centredebeautelaudacieuse.com\/\">CENTRE DE BEAUT\u00c9 L&rsquo;AUDACIEUSE<\/a><\/h5>\n<p>Belle id\u00e9e cadeau pour changer de look de cheveux.<\/p>\n<p><span style=\"text-decoration: underline;\"><a href=\"https:\/\/centredebeautelaudacieuse.com\/boutique\/cat-outils\/152-fer-a-vagues\">Acheter le fer \u00e0 vagues en ligne.<\/a><\/span><\/p>[\/et_pb_text][\/et_pb_column][et_pb_column type=\u00a0\u00bb1_2&Prime; _builder_version=\u00a0\u00bb4.9.4&Prime; _module_preset=\u00a0\u00bbdefault\u00a0\u00bb][et_pb_image src=\u00a0\u00bbhttps:\/\/devtntatelier.com\/jeremy\/wp-content\/uploads\/2021\/05\/fer-a-cheveux-centre-de-beaute-l-audacieuse.png\u00a0\u00bb title_text=\u00a0\u00bbfer-a-cheveux-centre-de-beaute-l-audacieuse\u00a0\u00bb _builder_version=\u00a0\u00bb4.9.4&Prime; _module_preset=\u00a0\u00bbdefault\u00a0\u00bb][\/et_pb_image][\/et_pb_column][\/et_pb_row][et_pb_row column_structure=\u00a0\u00bb1_2,1_2&Prime; _builder_version=\u00a0\u00bb4.9.4&Prime; _module_preset=\u00a0\u00bbdefault\u00a0\u00bb][et_pb_column type=\u00a0\u00bb1_2&Prime; _builder_version=\u00a0\u00bb4.9.4&Prime; _module_preset=\u00a0\u00bbdefault\u00a0\u00bb][et_pb_image src=\u00a0\u00bbhttps:\/\/devtntatelier.com\/jeremy\/wp-content\/uploads\/2021\/05\/creme-de-jour-nuit-argola.jpg\u00a0\u00bb title_text=\u00a0\u00bbcreme-de-jour-nuit-argola\u00a0\u00bb _builder_version=\u00a0\u00bb4.9.4&Prime; _module_preset=\u00a0\u00bbdefault\u00a0\u00bb][\/et_pb_image][\/et_pb_column][et_pb_column type=\u00a0\u00bb1_2&Prime; _builder_version=\u00a0\u00bb4.9.4&Prime; _module_preset=\u00a0\u00bbdefault\u00a0\u00bb][et_pb_text _builder_version=\u00a0\u00bb4.9.4&Prime; _module_preset=\u00a0\u00bbdefault\u00a0\u00bb hover_enabled=\u00a0\u00bb0&Prime; sticky_enabled=\u00a0\u00bb0&Prime;]<h3>15.<\/h3>\n<h3>CR\u00c8ME DE JOUR\/NUIT<\/h3>\n<h5><a href=\"https:\/\/argolacosmetique.com\/\">ARGOLA COSM\u00c9TIQUE<\/a><\/h5>\n<p>Une cr\u00e8me de soin du visage \u00e0 base d&rsquo;argousiers de St-Eug\u00e8ne-d&rsquo;Argentenay. \u00c0 essayer!<\/p>\n<p>***En promotion jusqu&rsquo;au 7 mai 2021 sur la boutique en ligne.<\/p>\n<p><span style=\"text-decoration: underline;\"><a href=\"https:\/\/argolacosmetique.com\/boutique\/soins-hydratant\/creme-de-jour-peau-mature\/?utm_source=fb&amp;utm_medium=cpc&amp;utm_term=Like&amp;utm_content=Like&amp;utm_campaign=6155337178865&amp;gclid=Cj0KCQiAnL7yBRD3ARIsAJp_oLa8tbLiwE5mM5-WkUAES9HqOUdd41FYXV9VsHZ8bf2kfCvzwof1QWsaAh_REALw_wcB&amp;fbclid=IwAR1U9J7bWeCHq3WQQ9J1Prl6ZnY5l74Ch8ANXkV2KEk-e8DZuSKnuu5NEF8\">Acheter le produit en ligne.<\/a><\/span><\/p>[\/et_pb_text][\/et_pb_column][\/et_pb_row][et_pb_row _builder_version=\u00a0\u00bb4.9.4&Prime; _module_preset=\u00a0\u00bbdefault\u00a0\u00bb][et_pb_column type=\u00a0\u00bb4_4&Prime; _builder_version=\u00a0\u00bb4.9.4&Prime; _module_preset=\u00a0\u00bbdefault\u00a0\u00bb][et_pb_text _builder_version=\u00a0\u00bb4.9.4&Prime; _module_preset=\u00a0\u00bbdefault\u00a0\u00bb]<p>Bon magasinage et bonne f\u00eate \u00e0 toutes les mamans!<\/p>[\/et_pb_text][\/et_pb_column][\/et_pb_row][\/et_pb_section]\n","protected":false},"excerpt":{"rendered":"<p>Bonne F\u00eate des M\u00e8res 2021!C&rsquo;est le temps de se g\u00e2ter ou de faire plaisir \u00e0 une maman autour de Nous pour la F\u00eate des M\u00e8resLa F\u00eate des M\u00e8res sera le [&hellip;]<\/p>\n","protected":false},"author":2,"featured_media":188,"comment_status":"closed","ping_status":"closed","sticky":false,"template":"","format":"standard","meta":{"_et_pb_use_builder":"on","_et_pb_old_content":"<!-- wp:paragraph -->\n<p>[h5p id=\"1\"]<\/p>\n<!-- \/wp:paragraph -->\n\n<!-- wp:paragraph -->\n<p><\/p>\n<!-- \/wp:paragraph -->","_et_gb_content_width":"","_lmt_disableupdate":"","_lmt_disable":"","_price":"","_stock":"","_tribe_ticket_header":"","_tribe_default_ticket_provider":"","_tribe_ticket_capacity":"0","_ticket_start_date":"","_ticket_end_date":"","_tribe_ticket_show_description":"","_tribe_ticket_show_not_going":false,"_tribe_ticket_use_global_stock":"","_tribe_ticket_global_stock_level":"","_global_stock_mode":"","_global_stock_cap":"","_tribe_rsvp_for_event":"","_tribe_ticket_going_count":"","_tribe_ticket_not_going_count":"","_tribe_tickets_list":"[]","_tribe_ticket_has_attendee_info_fields":false,"footnotes":""},"categories":[3,1],"tags":[],"class_list":["post-23","post","type-post","status-publish","format-standard","has-post-thumbnail","hentry","category-idees-cadeaux","category-articles-achat-local-extra-maria"],"yoast_head":"<!-- This site is optimized with the Yoast SEO Premium plugin v25.9 (Yoast SEO v28.4) - https:\/\/yoast.com\/product\/yoast-seo-premium-wordpress\/ -->\n<title>15 id\u00e9es de cadeaux locaux pour la F\u00eate des M\u00e8res 2021 - Extra Maria<\/title>\n<meta name=\"robots\" content=\"index, follow, max-snippet:-1, max-image-preview:large, max-video-preview:-1\" \/>\n<link rel=\"canonical\" href=\"https:\/\/devtntatelier.com\/jeremy\/idees-cadeaux-fete-des-meres-2021\/\" \/>\n<meta property=\"og:locale\" content=\"fr_FR\" \/>\n<meta property=\"og:type\" content=\"article\" \/>\n<meta property=\"og:title\" content=\"15 id\u00e9es de cadeaux locaux pour la F\u00eate des M\u00e8res 2021\" \/>\n<meta property=\"og:url\" content=\"https:\/\/devtntatelier.com\/jeremy\/idees-cadeaux-fete-des-meres-2021\/\" \/>\n<meta property=\"og:site_name\" content=\"Extra Maria\" \/>\n<meta property=\"article:published_time\" content=\"2021-05-03T14:21:23+00:00\" \/>\n<meta property=\"article:modified_time\" content=\"2021-10-14T12:36:25+00:00\" \/>\n<meta property=\"og:image\" content=\"https:\/\/devtntatelier.com\/jeremy\/wp-content\/uploads\/2021\/04\/extra-maria-celebrer-la-fete-des-meres-2021.jpg\" \/>\n\t<meta property=\"og:image:width\" content=\"1065\" \/>\n\t<meta property=\"og:image:height\" content=\"600\" \/>\n\t<meta property=\"og:image:type\" content=\"image\/jpeg\" \/>\n<meta name=\"author\" content=\"Am\u00e9lia Fromage\" \/>\n<meta name=\"twitter:card\" content=\"summary_large_image\" \/>\n<meta name=\"twitter:label1\" content=\"\u00c9crit par\" \/>\n\t<meta name=\"twitter:data1\" content=\"Am\u00e9lia Fromage\" \/>\n\t<meta name=\"twitter:label2\" content=\"Dur\u00e9e de lecture estim\u00e9e\" \/>\n\t<meta name=\"twitter:data2\" content=\"4 minutes\" \/>\n<script type=\"application\/ld+json\" class=\"yoast-schema-graph\">{\"@context\":\"https:\\\/\\\/schema.org\",\"@graph\":[{\"@type\":\"Article\",\"@id\":\"https:\\\/\\\/devtntatelier.com\\\/jeremy\\\/idees-cadeaux-fete-des-meres-2021\\\/#article\",\"isPartOf\":{\"@id\":\"https:\\\/\\\/devtntatelier.com\\\/jeremy\\\/idees-cadeaux-fete-des-meres-2021\\\/\"},\"author\":{\"name\":\"Am\u00e9lia Fromage\",\"@id\":\"https:\\\/\\\/devtntatelier.com\\\/jeremy\\\/#\\\/schema\\\/person\\\/0a878778dd7d3b51f55c32fe3d0c565b\"},\"headline\":\"15 id\u00e9es de cadeaux locaux pour la F\u00eate des M\u00e8res 2021\",\"datePublished\":\"2021-05-03T14:21:23+00:00\",\"dateModified\":\"2021-10-14T12:36:25+00:00\",\"mainEntityOfPage\":{\"@id\":\"https:\\\/\\\/devtntatelier.com\\\/jeremy\\\/idees-cadeaux-fete-des-meres-2021\\\/\"},\"wordCount\":1799,\"image\":{\"@id\":\"https:\\\/\\\/devtntatelier.com\\\/jeremy\\\/idees-cadeaux-fete-des-meres-2021\\\/#primaryimage\"},\"thumbnailUrl\":\"https:\\\/\\\/devtntatelier.com\\\/jeremy\\\/wp-content\\\/uploads\\\/2021\\\/04\\\/extra-maria-celebrer-la-fete-des-meres-2021.jpg\",\"articleSection\":[\"Id\u00e9es cadeaux\",\"Tous les articles\"],\"inLanguage\":\"fr-FR\"},{\"@type\":\"WebPage\",\"@id\":\"https:\\\/\\\/devtntatelier.com\\\/jeremy\\\/idees-cadeaux-fete-des-meres-2021\\\/\",\"url\":\"https:\\\/\\\/devtntatelier.com\\\/jeremy\\\/idees-cadeaux-fete-des-meres-2021\\\/\",\"name\":\"15 id\u00e9es de cadeaux locaux pour la F\u00eate des M\u00e8res 2021 - Extra Maria\",\"isPartOf\":{\"@id\":\"https:\\\/\\\/devtntatelier.com\\\/jeremy\\\/#website\"},\"primaryImageOfPage\":{\"@id\":\"https:\\\/\\\/devtntatelier.com\\\/jeremy\\\/idees-cadeaux-fete-des-meres-2021\\\/#primaryimage\"},\"image\":{\"@id\":\"https:\\\/\\\/devtntatelier.com\\\/jeremy\\\/idees-cadeaux-fete-des-meres-2021\\\/#primaryimage\"},\"thumbnailUrl\":\"https:\\\/\\\/devtntatelier.com\\\/jeremy\\\/wp-content\\\/uploads\\\/2021\\\/04\\\/extra-maria-celebrer-la-fete-des-meres-2021.jpg\",\"datePublished\":\"2021-05-03T14:21:23+00:00\",\"dateModified\":\"2021-10-14T12:36:25+00:00\",\"author\":{\"@id\":\"https:\\\/\\\/devtntatelier.com\\\/jeremy\\\/#\\\/schema\\\/person\\\/0a878778dd7d3b51f55c32fe3d0c565b\"},\"breadcrumb\":{\"@id\":\"https:\\\/\\\/devtntatelier.com\\\/jeremy\\\/idees-cadeaux-fete-des-meres-2021\\\/#breadcrumb\"},\"inLanguage\":\"fr-FR\",\"potentialAction\":[{\"@type\":\"ReadAction\",\"target\":[\"https:\\\/\\\/devtntatelier.com\\\/jeremy\\\/idees-cadeaux-fete-des-meres-2021\\\/\"]}]},{\"@type\":\"ImageObject\",\"inLanguage\":\"fr-FR\",\"@id\":\"https:\\\/\\\/devtntatelier.com\\\/jeremy\\\/idees-cadeaux-fete-des-meres-2021\\\/#primaryimage\",\"url\":\"https:\\\/\\\/devtntatelier.com\\\/jeremy\\\/wp-content\\\/uploads\\\/2021\\\/04\\\/extra-maria-celebrer-la-fete-des-meres-2021.jpg\",\"contentUrl\":\"https:\\\/\\\/devtntatelier.com\\\/jeremy\\\/wp-content\\\/uploads\\\/2021\\\/04\\\/extra-maria-celebrer-la-fete-des-meres-2021.jpg\",\"width\":1065,\"height\":600,\"caption\":\"extra-maria-celebrer-la-fete-des-meres-2021-idees-cadeaux-achat-local-quebecois\"},{\"@type\":\"BreadcrumbList\",\"@id\":\"https:\\\/\\\/devtntatelier.com\\\/jeremy\\\/idees-cadeaux-fete-des-meres-2021\\\/#breadcrumb\",\"itemListElement\":[{\"@type\":\"ListItem\",\"position\":1,\"name\":\"Accueil\",\"item\":\"https:\\\/\\\/devtntatelier.com\\\/jeremy\\\/\"},{\"@type\":\"ListItem\",\"position\":2,\"name\":\"15 id\u00e9es de cadeaux locaux pour la F\u00eate des M\u00e8res 2021\"}]},{\"@type\":\"WebSite\",\"@id\":\"https:\\\/\\\/devtntatelier.com\\\/jeremy\\\/#website\",\"url\":\"https:\\\/\\\/devtntatelier.com\\\/jeremy\\\/\",\"name\":\"Extra Maria\",\"description\":\"Blogue - D\u00e9couvertes locales et achat local\",\"potentialAction\":[{\"@type\":\"SearchAction\",\"target\":{\"@type\":\"EntryPoint\",\"urlTemplate\":\"https:\\\/\\\/devtntatelier.com\\\/jeremy\\\/?s={search_term_string}\"},\"query-input\":{\"@type\":\"PropertyValueSpecification\",\"valueRequired\":true,\"valueName\":\"search_term_string\"}}],\"inLanguage\":\"fr-FR\"},{\"@type\":\"Person\",\"@id\":\"https:\\\/\\\/devtntatelier.com\\\/jeremy\\\/#\\\/schema\\\/person\\\/0a878778dd7d3b51f55c32fe3d0c565b\",\"name\":\"Am\u00e9lia Fromage\",\"image\":{\"@type\":\"ImageObject\",\"inLanguage\":\"fr-FR\",\"@id\":\"https:\\\/\\\/secure.gravatar.com\\\/avatar\\\/a89f2060bca3721d4e33f490e22f18c0ca3155a6e14f9b4f5566b298215bc3c0?s=96&d=mm&r=g\",\"url\":\"https:\\\/\\\/secure.gravatar.com\\\/avatar\\\/a89f2060bca3721d4e33f490e22f18c0ca3155a6e14f9b4f5566b298215bc3c0?s=96&d=mm&r=g\",\"contentUrl\":\"https:\\\/\\\/secure.gravatar.com\\\/avatar\\\/a89f2060bca3721d4e33f490e22f18c0ca3155a6e14f9b4f5566b298215bc3c0?s=96&d=mm&r=g\",\"caption\":\"Am\u00e9lia Fromage\"},\"description\":\"De nature curieuse, j\u2019aime d\u00e9couvrir de nouvelles choses et en parler autour de moi. Mes deux passions : jardiner et manger du chocolat\u2026 (peut-\u00eatre qu\u2019un jour, je serai capable de faire pousser du chocolat, haha). Sinon, quoi vous dire? Ah oui! Par mon travail \u00e0 la SADC Maria-Chapdelaine, je suis en contact avec beaucoup d\u2019entrepreneurs et me donne comme mission de vous partager leurs bons coups et vous donner le go\u00fbt d\u2019acheter local. Parce que chaque petit geste compte pour faire une diff\u00e9rence. Bonne lecture!\",\"sameAs\":[\"https:\\\/\\\/sadcmaria.qc.ca\"],\"url\":\"https:\\\/\\\/devtntatelier.com\\\/jeremy\\\/author\\\/amelia\\\/\"}]}<\/script>\n<!-- \/ Yoast SEO Premium plugin. -->","yoast_head_json":{"title":"15 id\u00e9es de cadeaux locaux pour la F\u00eate des M\u00e8res 2021 - Extra Maria","robots":{"index":"index","follow":"follow","max-snippet":"max-snippet:-1","max-image-preview":"max-image-preview:large","max-video-preview":"max-video-preview:-1"},"canonical":"https:\/\/devtntatelier.com\/jeremy\/idees-cadeaux-fete-des-meres-2021\/","og_locale":"fr_FR","og_type":"article","og_title":"15 id\u00e9es de cadeaux locaux pour la F\u00eate des M\u00e8res 2021","og_url":"https:\/\/devtntatelier.com\/jeremy\/idees-cadeaux-fete-des-meres-2021\/","og_site_name":"Extra Maria","article_published_time":"2021-05-03T14:21:23+00:00","article_modified_time":"2021-10-14T12:36:25+00:00","og_image":[{"width":1065,"height":600,"url":"https:\/\/devtntatelier.com\/jeremy\/wp-content\/uploads\/2021\/04\/extra-maria-celebrer-la-fete-des-meres-2021.jpg","type":"image\/jpeg"}],"author":"Am\u00e9lia Fromage","twitter_card":"summary_large_image","twitter_misc":{"\u00c9crit par":"Am\u00e9lia Fromage","Dur\u00e9e de lecture estim\u00e9e":"4 minutes"},"schema":{"@context":"https:\/\/schema.org","@graph":[{"@type":"Article","@id":"https:\/\/devtntatelier.com\/jeremy\/idees-cadeaux-fete-des-meres-2021\/#article","isPartOf":{"@id":"https:\/\/devtntatelier.com\/jeremy\/idees-cadeaux-fete-des-meres-2021\/"},"author":{"name":"Am\u00e9lia Fromage","@id":"https:\/\/devtntatelier.com\/jeremy\/#\/schema\/person\/0a878778dd7d3b51f55c32fe3d0c565b"},"headline":"15 id\u00e9es de cadeaux locaux pour la F\u00eate des M\u00e8res 2021","datePublished":"2021-05-03T14:21:23+00:00","dateModified":"2021-10-14T12:36:25+00:00","mainEntityOfPage":{"@id":"https:\/\/devtntatelier.com\/jeremy\/idees-cadeaux-fete-des-meres-2021\/"},"wordCount":1799,"image":{"@id":"https:\/\/devtntatelier.com\/jeremy\/idees-cadeaux-fete-des-meres-2021\/#primaryimage"},"thumbnailUrl":"https:\/\/devtntatelier.com\/jeremy\/wp-content\/uploads\/2021\/04\/extra-maria-celebrer-la-fete-des-meres-2021.jpg","articleSection":["Id\u00e9es cadeaux","Tous les articles"],"inLanguage":"fr-FR"},{"@type":"WebPage","@id":"https:\/\/devtntatelier.com\/jeremy\/idees-cadeaux-fete-des-meres-2021\/","url":"https:\/\/devtntatelier.com\/jeremy\/idees-cadeaux-fete-des-meres-2021\/","name":"15 id\u00e9es de cadeaux locaux pour la F\u00eate des M\u00e8res 2021 - Extra Maria","isPartOf":{"@id":"https:\/\/devtntatelier.com\/jeremy\/#website"},"primaryImageOfPage":{"@id":"https:\/\/devtntatelier.com\/jeremy\/idees-cadeaux-fete-des-meres-2021\/#primaryimage"},"image":{"@id":"https:\/\/devtntatelier.com\/jeremy\/idees-cadeaux-fete-des-meres-2021\/#primaryimage"},"thumbnailUrl":"https:\/\/devtntatelier.com\/jeremy\/wp-content\/uploads\/2021\/04\/extra-maria-celebrer-la-fete-des-meres-2021.jpg","datePublished":"2021-05-03T14:21:23+00:00","dateModified":"2021-10-14T12:36:25+00:00","author":{"@id":"https:\/\/devtntatelier.com\/jeremy\/#\/schema\/person\/0a878778dd7d3b51f55c32fe3d0c565b"},"breadcrumb":{"@id":"https:\/\/devtntatelier.com\/jeremy\/idees-cadeaux-fete-des-meres-2021\/#breadcrumb"},"inLanguage":"fr-FR","potentialAction":[{"@type":"ReadAction","target":["https:\/\/devtntatelier.com\/jeremy\/idees-cadeaux-fete-des-meres-2021\/"]}]},{"@type":"ImageObject","inLanguage":"fr-FR","@id":"https:\/\/devtntatelier.com\/jeremy\/idees-cadeaux-fete-des-meres-2021\/#primaryimage","url":"https:\/\/devtntatelier.com\/jeremy\/wp-content\/uploads\/2021\/04\/extra-maria-celebrer-la-fete-des-meres-2021.jpg","contentUrl":"https:\/\/devtntatelier.com\/jeremy\/wp-content\/uploads\/2021\/04\/extra-maria-celebrer-la-fete-des-meres-2021.jpg","width":1065,"height":600,"caption":"extra-maria-celebrer-la-fete-des-meres-2021-idees-cadeaux-achat-local-quebecois"},{"@type":"BreadcrumbList","@id":"https:\/\/devtntatelier.com\/jeremy\/idees-cadeaux-fete-des-meres-2021\/#breadcrumb","itemListElement":[{"@type":"ListItem","position":1,"name":"Accueil","item":"https:\/\/devtntatelier.com\/jeremy\/"},{"@type":"ListItem","position":2,"name":"15 id\u00e9es de cadeaux locaux pour la F\u00eate des M\u00e8res 2021"}]},{"@type":"WebSite","@id":"https:\/\/devtntatelier.com\/jeremy\/#website","url":"https:\/\/devtntatelier.com\/jeremy\/","name":"Extra Maria","description":"Blogue - D\u00e9couvertes locales et achat local","potentialAction":[{"@type":"SearchAction","target":{"@type":"EntryPoint","urlTemplate":"https:\/\/devtntatelier.com\/jeremy\/?s={search_term_string}"},"query-input":{"@type":"PropertyValueSpecification","valueRequired":true,"valueName":"search_term_string"}}],"inLanguage":"fr-FR"},{"@type":"Person","@id":"https:\/\/devtntatelier.com\/jeremy\/#\/schema\/person\/0a878778dd7d3b51f55c32fe3d0c565b","name":"Am\u00e9lia Fromage","image":{"@type":"ImageObject","inLanguage":"fr-FR","@id":"https:\/\/secure.gravatar.com\/avatar\/a89f2060bca3721d4e33f490e22f18c0ca3155a6e14f9b4f5566b298215bc3c0?s=96&d=mm&r=g","url":"https:\/\/secure.gravatar.com\/avatar\/a89f2060bca3721d4e33f490e22f18c0ca3155a6e14f9b4f5566b298215bc3c0?s=96&d=mm&r=g","contentUrl":"https:\/\/secure.gravatar.com\/avatar\/a89f2060bca3721d4e33f490e22f18c0ca3155a6e14f9b4f5566b298215bc3c0?s=96&d=mm&r=g","caption":"Am\u00e9lia Fromage"},"description":"De nature curieuse, j\u2019aime d\u00e9couvrir de nouvelles choses et en parler autour de moi. Mes deux passions : jardiner et manger du chocolat\u2026 (peut-\u00eatre qu\u2019un jour, je serai capable de faire pousser du chocolat, haha). Sinon, quoi vous dire? Ah oui! Par mon travail \u00e0 la SADC Maria-Chapdelaine, je suis en contact avec beaucoup d\u2019entrepreneurs et me donne comme mission de vous partager leurs bons coups et vous donner le go\u00fbt d\u2019acheter local. Parce que chaque petit geste compte pour faire une diff\u00e9rence. Bonne lecture!","sameAs":["https:\/\/sadcmaria.qc.ca"],"url":"https:\/\/devtntatelier.com\/jeremy\/author\/amelia\/"}]}},"modified_by":"Am\u00e9lia Fromage","_links":{"self":[{"href":"https:\/\/devtntatelier.com\/jeremy\/wp-json\/wp\/v2\/posts\/23","targetHints":{"allow":["GET"]}}],"collection":[{"href":"https:\/\/devtntatelier.com\/jeremy\/wp-json\/wp\/v2\/posts"}],"about":[{"href":"https:\/\/devtntatelier.com\/jeremy\/wp-json\/wp\/v2\/types\/post"}],"author":[{"embeddable":true,"href":"https:\/\/devtntatelier.com\/jeremy\/wp-json\/wp\/v2\/users\/2"}],"replies":[{"embeddable":true,"href":"https:\/\/devtntatelier.com\/jeremy\/wp-json\/wp\/v2\/comments?post=23"}],"version-history":[{"count":0,"href":"https:\/\/devtntatelier.com\/jeremy\/wp-json\/wp\/v2\/posts\/23\/revisions"}],"wp:featuredmedia":[{"embeddable":true,"href":"https:\/\/devtntatelier.com\/jeremy\/wp-json\/wp\/v2\/media\/188"}],"wp:attachment":[{"href":"https:\/\/devtntatelier.com\/jeremy\/wp-json\/wp\/v2\/media?parent=23"}],"wp:term":[{"taxonomy":"category","embeddable":true,"href":"https:\/\/devtntatelier.com\/jeremy\/wp-json\/wp\/v2\/categories?post=23"},{"taxonomy":"post_tag","embeddable":true,"href":"https:\/\/devtntatelier.com\/jeremy\/wp-json\/wp\/v2\/tags?post=23"}],"curies":[{"name":"wp","href":"https:\/\/api.w.org\/{rel}","templated":true}]}}