{"id":2259,"date":"2021-07-28T07:59:50","date_gmt":"2021-07-28T11:59:50","guid":{"rendered":"https:\/\/devtntatelier.com\/jeremy\/?p=2259"},"modified":"2022-02-24T09:46:29","modified_gmt":"2022-02-24T14:46:29","slug":"recette-de-cuisine-smoothie-le-mariage-parfait-camerises-et-fraises","status":"publish","type":"post","link":"https:\/\/devtntatelier.com\/jeremy\/recette-de-cuisine-smoothie-le-mariage-parfait-camerises-et-fraises\/","title":{"rendered":"Recette : Smoothie Le Mariage Parfait camerises et fraises"},"content":{"rendered":"<p>[et_pb_section fb_built=\u00a0\u00bb1&Prime; _builder_version=\u00a0\u00bb4.9.10&Prime; _module_preset=\u00a0\u00bbdefault\u00a0\u00bb][et_pb_row _builder_version=\u00a0\u00bb4.9.10&Prime; _module_preset=\u00a0\u00bbdefault\u00a0\u00bb][et_pb_column type=\u00a0\u00bb4_4&Prime; _builder_version=\u00a0\u00bb4.9.10&Prime; _module_preset=\u00a0\u00bbdefault\u00a0\u00bb][et_pb_text _builder_version=\u00a0\u00bb4.9.10&Prime; _module_preset=\u00a0\u00bbdefault\u00a0\u00bb]<\/p>\n<h1>Recette : Smoothie Le Mariage Parfait camerises et fraises<\/h1>\n<p>[\/et_pb_text][\/et_pb_column][\/et_pb_row][et_pb_row _builder_version=\u00a0\u00bb4.9.10&Prime; _module_preset=\u00a0\u00bbdefault\u00a0\u00bb][et_pb_column type=\u00a0\u00bb4_4&Prime; _builder_version=\u00a0\u00bb4.9.10&Prime; _module_preset=\u00a0\u00bbdefault\u00a0\u00bb][et_pb_text _builder_version=\u00a0\u00bb4.9.10&Prime; _module_preset=\u00a0\u00bbdefault\u00a0\u00bb background_color=\u00a0\u00bb#aa9f66&Prime; custom_margin=\u00a0\u00bb0px||||false|false\u00a0\u00bb custom_padding=\u00a0\u00bb10px|15px||15px|false|false\u00a0\u00bb]<\/p>\n<div dir=\"auto\"><strong>Ingr\u00e9dients :<\/strong><\/div>\n<ul>\n<li dir=\"auto\">2\/3 tasse de camerises (fra\u00eeches ou congel\u00e9es);<\/li>\n<li dir=\"auto\">2\/3 tasse de fraises (fra\u00eeches ou congel\u00e9es);<\/li>\n<li dir=\"auto\">2\/3 tasse de jus;<\/li>\n<li dir=\"auto\">2\/3 tasse de yogourt vanille;<\/li>\n<li dir=\"auto\">1 c. \u00e0 soupe de sirop d\u2019\u00e9rable.<\/li>\n<\/ul>\n<p>[\/et_pb_text][\/et_pb_column][\/et_pb_row][et_pb_row _builder_version=\u00a0\u00bb4.9.10&Prime; _module_preset=\u00a0\u00bbdefault\u00a0\u00bb][et_pb_column type=\u00a0\u00bb4_4&Prime; _builder_version=\u00a0\u00bb4.9.10&Prime; _module_preset=\u00a0\u00bbdefault\u00a0\u00bb][et_pb_text _builder_version=\u00a0\u00bb4.9.10&Prime; _module_preset=\u00a0\u00bbdefault\u00a0\u00bb]<\/p>\n<div class=\"kvgmc6g5 cxmmr5t8 oygrvhab hcukyx3x c1et5uql ii04i59q\">\n<div dir=\"auto\"><span style=\"background-color: transparent;\">Mettre tous les ingr\u00e9dients dans un m\u00e9langeur et mixer jusqu\u2019\u00e0 ce que le tout soit lisse. Verser dans un verre et servir aussit\u00f4t.<\/span><\/div>\n<\/div>\n<div class=\"o9v6fnle cxmmr5t8 oygrvhab hcukyx3x c1et5uql ii04i59q\">\n<div dir=\"auto\">Donne :2 verres<\/div>\n<div dir=\"auto\"><\/div>\n<\/div>\n<p>[\/et_pb_text][\/et_pb_column][\/et_pb_row][\/et_pb_section]<\/p>\n","protected":false},"excerpt":{"rendered":"<p>Recette : Smoothie Le Mariage Parfait camerises et fraisesIngr\u00e9dients : 2\/3 tasse de camerises (fra\u00eeches ou congel\u00e9es); 2\/3 tasse de fraises (fra\u00eeches ou congel\u00e9es); 2\/3 tasse de jus; 2\/3 tasse [&hellip;]<\/p>\n","protected":false},"author":17,"featured_media":2264,"comment_status":"closed","ping_status":"closed","sticky":false,"template":"","format":"standard","meta":{"_et_pb_use_builder":"on","_et_pb_old_content":"","_et_gb_content_width":"","_lmt_disableupdate":"","_lmt_disable":"","_price":"","_stock":"","_tribe_ticket_header":"","_tribe_default_ticket_provider":"","_tribe_ticket_capacity":"0","_ticket_start_date":"","_ticket_end_date":"","_tribe_ticket_show_description":"","_tribe_ticket_show_not_going":false,"_tribe_ticket_use_global_stock":"","_tribe_ticket_global_stock_level":"","_global_stock_mode":"","_global_stock_cap":"","_tribe_rsvp_for_event":"","_tribe_ticket_going_count":"","_tribe_ticket_not_going_count":"","_tribe_tickets_list":"[]","_tribe_ticket_has_attendee_info_fields":false,"footnotes":""},"categories":[89,90],"tags":[],"class_list":["post-2259","post","type-post","status-publish","format-standard","has-post-thumbnail","hentry","category-recettes-dici","category-smoothies"],"yoast_head":"<!-- This site is optimized with the Yoast SEO Premium plugin v25.9 (Yoast SEO v28.4) - https:\/\/yoast.com\/product\/yoast-seo-premium-wordpress\/ -->\n<title>Recette : Smoothie Le Mariage Parfait camerises et fraises - Extra Maria<\/title>\n<meta name=\"robots\" content=\"index, follow, max-snippet:-1, max-image-preview:large, max-video-preview:-1\" \/>\n<link rel=\"canonical\" href=\"https:\/\/devtntatelier.com\/jeremy\/recette-de-cuisine-smoothie-le-mariage-parfait-camerises-et-fraises\/\" \/>\n<meta property=\"og:locale\" content=\"fr_FR\" \/>\n<meta property=\"og:type\" content=\"article\" \/>\n<meta property=\"og:title\" content=\"Recette : Smoothie Le Mariage Parfait camerises et fraises\" \/>\n<meta property=\"og:url\" content=\"https:\/\/devtntatelier.com\/jeremy\/recette-de-cuisine-smoothie-le-mariage-parfait-camerises-et-fraises\/\" \/>\n<meta property=\"og:site_name\" content=\"Extra Maria\" \/>\n<meta property=\"article:published_time\" content=\"2021-07-28T11:59:50+00:00\" \/>\n<meta property=\"article:modified_time\" content=\"2022-02-24T14:46:29+00:00\" \/>\n<meta property=\"og:image\" content=\"https:\/\/devtntatelier.com\/jeremy\/wp-content\/uploads\/2021\/07\/Copie-de-Sans-titre-5.jpg\" \/>\n\t<meta property=\"og:image:width\" content=\"1200\" \/>\n\t<meta property=\"og:image:height\" content=\"630\" \/>\n\t<meta property=\"og:image:type\" content=\"image\/jpeg\" \/>\n<meta name=\"author\" content=\"Camerise Milou\" \/>\n<meta name=\"twitter:card\" content=\"summary_large_image\" \/>\n<meta name=\"twitter:label1\" content=\"\u00c9crit par\" \/>\n\t<meta name=\"twitter:data1\" content=\"Camerise Milou\" \/>\n\t<meta name=\"twitter:label2\" content=\"Dur\u00e9e de lecture estim\u00e9e\" \/>\n\t<meta name=\"twitter:data2\" content=\"1 minute\" \/>\n<script type=\"application\/ld+json\" class=\"yoast-schema-graph\">{\"@context\":\"https:\\\/\\\/schema.org\",\"@graph\":[{\"@type\":\"Article\",\"@id\":\"https:\\\/\\\/devtntatelier.com\\\/jeremy\\\/recette-de-cuisine-smoothie-le-mariage-parfait-camerises-et-fraises\\\/#article\",\"isPartOf\":{\"@id\":\"https:\\\/\\\/devtntatelier.com\\\/jeremy\\\/recette-de-cuisine-smoothie-le-mariage-parfait-camerises-et-fraises\\\/\"},\"author\":{\"name\":\"Camerise Milou\",\"@id\":\"https:\\\/\\\/devtntatelier.com\\\/jeremy\\\/#\\\/schema\\\/person\\\/f3f591333ac7b28658511c2cc0d05d08\"},\"headline\":\"Recette : Smoothie Le Mariage Parfait camerises et fraises\",\"datePublished\":\"2021-07-28T11:59:50+00:00\",\"dateModified\":\"2022-02-24T14:46:29+00:00\",\"mainEntityOfPage\":{\"@id\":\"https:\\\/\\\/devtntatelier.com\\\/jeremy\\\/recette-de-cuisine-smoothie-le-mariage-parfait-camerises-et-fraises\\\/\"},\"wordCount\":206,\"image\":{\"@id\":\"https:\\\/\\\/devtntatelier.com\\\/jeremy\\\/recette-de-cuisine-smoothie-le-mariage-parfait-camerises-et-fraises\\\/#primaryimage\"},\"thumbnailUrl\":\"https:\\\/\\\/devtntatelier.com\\\/jeremy\\\/wp-content\\\/uploads\\\/2021\\\/07\\\/Copie-de-Sans-titre-5.jpg\",\"articleSection\":[\"Recettes d'ici\",\"Smoothies\"],\"inLanguage\":\"fr-FR\"},{\"@type\":\"WebPage\",\"@id\":\"https:\\\/\\\/devtntatelier.com\\\/jeremy\\\/recette-de-cuisine-smoothie-le-mariage-parfait-camerises-et-fraises\\\/\",\"url\":\"https:\\\/\\\/devtntatelier.com\\\/jeremy\\\/recette-de-cuisine-smoothie-le-mariage-parfait-camerises-et-fraises\\\/\",\"name\":\"Recette : Smoothie Le Mariage Parfait camerises et fraises - Extra Maria\",\"isPartOf\":{\"@id\":\"https:\\\/\\\/devtntatelier.com\\\/jeremy\\\/#website\"},\"primaryImageOfPage\":{\"@id\":\"https:\\\/\\\/devtntatelier.com\\\/jeremy\\\/recette-de-cuisine-smoothie-le-mariage-parfait-camerises-et-fraises\\\/#primaryimage\"},\"image\":{\"@id\":\"https:\\\/\\\/devtntatelier.com\\\/jeremy\\\/recette-de-cuisine-smoothie-le-mariage-parfait-camerises-et-fraises\\\/#primaryimage\"},\"thumbnailUrl\":\"https:\\\/\\\/devtntatelier.com\\\/jeremy\\\/wp-content\\\/uploads\\\/2021\\\/07\\\/Copie-de-Sans-titre-5.jpg\",\"datePublished\":\"2021-07-28T11:59:50+00:00\",\"dateModified\":\"2022-02-24T14:46:29+00:00\",\"author\":{\"@id\":\"https:\\\/\\\/devtntatelier.com\\\/jeremy\\\/#\\\/schema\\\/person\\\/f3f591333ac7b28658511c2cc0d05d08\"},\"breadcrumb\":{\"@id\":\"https:\\\/\\\/devtntatelier.com\\\/jeremy\\\/recette-de-cuisine-smoothie-le-mariage-parfait-camerises-et-fraises\\\/#breadcrumb\"},\"inLanguage\":\"fr-FR\",\"potentialAction\":[{\"@type\":\"ReadAction\",\"target\":[\"https:\\\/\\\/devtntatelier.com\\\/jeremy\\\/recette-de-cuisine-smoothie-le-mariage-parfait-camerises-et-fraises\\\/\"]}]},{\"@type\":\"ImageObject\",\"inLanguage\":\"fr-FR\",\"@id\":\"https:\\\/\\\/devtntatelier.com\\\/jeremy\\\/recette-de-cuisine-smoothie-le-mariage-parfait-camerises-et-fraises\\\/#primaryimage\",\"url\":\"https:\\\/\\\/devtntatelier.com\\\/jeremy\\\/wp-content\\\/uploads\\\/2021\\\/07\\\/Copie-de-Sans-titre-5.jpg\",\"contentUrl\":\"https:\\\/\\\/devtntatelier.com\\\/jeremy\\\/wp-content\\\/uploads\\\/2021\\\/07\\\/Copie-de-Sans-titre-5.jpg\",\"width\":1200,\"height\":630,\"caption\":\"Recette-Smoothie-le-melange-parfait-camerises-fraises\"},{\"@type\":\"BreadcrumbList\",\"@id\":\"https:\\\/\\\/devtntatelier.com\\\/jeremy\\\/recette-de-cuisine-smoothie-le-mariage-parfait-camerises-et-fraises\\\/#breadcrumb\",\"itemListElement\":[{\"@type\":\"ListItem\",\"position\":1,\"name\":\"Accueil\",\"item\":\"https:\\\/\\\/devtntatelier.com\\\/jeremy\\\/\"},{\"@type\":\"ListItem\",\"position\":2,\"name\":\"Recette : Smoothie Le Mariage Parfait camerises et fraises\"}]},{\"@type\":\"WebSite\",\"@id\":\"https:\\\/\\\/devtntatelier.com\\\/jeremy\\\/#website\",\"url\":\"https:\\\/\\\/devtntatelier.com\\\/jeremy\\\/\",\"name\":\"Extra Maria\",\"description\":\"Blogue - D\u00e9couvertes locales et achat local\",\"potentialAction\":[{\"@type\":\"SearchAction\",\"target\":{\"@type\":\"EntryPoint\",\"urlTemplate\":\"https:\\\/\\\/devtntatelier.com\\\/jeremy\\\/?s={search_term_string}\"},\"query-input\":{\"@type\":\"PropertyValueSpecification\",\"valueRequired\":true,\"valueName\":\"search_term_string\"}}],\"inLanguage\":\"fr-FR\"},{\"@type\":\"Person\",\"@id\":\"https:\\\/\\\/devtntatelier.com\\\/jeremy\\\/#\\\/schema\\\/person\\\/f3f591333ac7b28658511c2cc0d05d08\",\"name\":\"Camerise Milou\",\"image\":{\"@type\":\"ImageObject\",\"inLanguage\":\"fr-FR\",\"@id\":\"https:\\\/\\\/secure.gravatar.com\\\/avatar\\\/37a553edb697e379917ac8c32ee12d1e450f7ebae62046b133ddad202b5331ee?s=96&d=mm&r=g\",\"url\":\"https:\\\/\\\/secure.gravatar.com\\\/avatar\\\/37a553edb697e379917ac8c32ee12d1e450f7ebae62046b133ddad202b5331ee?s=96&d=mm&r=g\",\"contentUrl\":\"https:\\\/\\\/secure.gravatar.com\\\/avatar\\\/37a553edb697e379917ac8c32ee12d1e450f7ebae62046b133ddad202b5331ee?s=96&d=mm&r=g\",\"caption\":\"Camerise Milou\"},\"description\":\"Camerise Milou, c'est un verger situ\u00e9 \u00e0 St-Stanislas au Lac-Saint-Jean, qui compte 2 000 camerisiers r\u00e9partis sur un hectare de terre. Nous sommes deux propri\u00e9taires : Louise Simard et Michel Lavoie. Il est ouvert au public et aux touristes en saison pour l\u2019autocueillette et la vente directe \u00e0 la ferme. Il nous fait plaisir de vous partager nos recettes qui mettent en valeur la camerise! Bonne d\u00e9gustation!\",\"sameAs\":[\"https:\\\/\\\/www.facebook.com\\\/camerisemilou\"],\"url\":\"https:\\\/\\\/devtntatelier.com\\\/jeremy\\\/author\\\/camerise-milou\\\/\"}]}<\/script>\n<!-- \/ Yoast SEO Premium plugin. -->","yoast_head_json":{"title":"Recette : Smoothie Le Mariage Parfait camerises et fraises - Extra Maria","robots":{"index":"index","follow":"follow","max-snippet":"max-snippet:-1","max-image-preview":"max-image-preview:large","max-video-preview":"max-video-preview:-1"},"canonical":"https:\/\/devtntatelier.com\/jeremy\/recette-de-cuisine-smoothie-le-mariage-parfait-camerises-et-fraises\/","og_locale":"fr_FR","og_type":"article","og_title":"Recette : Smoothie Le Mariage Parfait camerises et fraises","og_url":"https:\/\/devtntatelier.com\/jeremy\/recette-de-cuisine-smoothie-le-mariage-parfait-camerises-et-fraises\/","og_site_name":"Extra Maria","article_published_time":"2021-07-28T11:59:50+00:00","article_modified_time":"2022-02-24T14:46:29+00:00","og_image":[{"width":1200,"height":630,"url":"https:\/\/devtntatelier.com\/jeremy\/wp-content\/uploads\/2021\/07\/Copie-de-Sans-titre-5.jpg","type":"image\/jpeg"}],"author":"Camerise Milou","twitter_card":"summary_large_image","twitter_misc":{"\u00c9crit par":"Camerise Milou","Dur\u00e9e de lecture estim\u00e9e":"1 minute"},"schema":{"@context":"https:\/\/schema.org","@graph":[{"@type":"Article","@id":"https:\/\/devtntatelier.com\/jeremy\/recette-de-cuisine-smoothie-le-mariage-parfait-camerises-et-fraises\/#article","isPartOf":{"@id":"https:\/\/devtntatelier.com\/jeremy\/recette-de-cuisine-smoothie-le-mariage-parfait-camerises-et-fraises\/"},"author":{"name":"Camerise Milou","@id":"https:\/\/devtntatelier.com\/jeremy\/#\/schema\/person\/f3f591333ac7b28658511c2cc0d05d08"},"headline":"Recette : Smoothie Le Mariage Parfait camerises et fraises","datePublished":"2021-07-28T11:59:50+00:00","dateModified":"2022-02-24T14:46:29+00:00","mainEntityOfPage":{"@id":"https:\/\/devtntatelier.com\/jeremy\/recette-de-cuisine-smoothie-le-mariage-parfait-camerises-et-fraises\/"},"wordCount":206,"image":{"@id":"https:\/\/devtntatelier.com\/jeremy\/recette-de-cuisine-smoothie-le-mariage-parfait-camerises-et-fraises\/#primaryimage"},"thumbnailUrl":"https:\/\/devtntatelier.com\/jeremy\/wp-content\/uploads\/2021\/07\/Copie-de-Sans-titre-5.jpg","articleSection":["Recettes d'ici","Smoothies"],"inLanguage":"fr-FR"},{"@type":"WebPage","@id":"https:\/\/devtntatelier.com\/jeremy\/recette-de-cuisine-smoothie-le-mariage-parfait-camerises-et-fraises\/","url":"https:\/\/devtntatelier.com\/jeremy\/recette-de-cuisine-smoothie-le-mariage-parfait-camerises-et-fraises\/","name":"Recette : Smoothie Le Mariage Parfait camerises et fraises - Extra Maria","isPartOf":{"@id":"https:\/\/devtntatelier.com\/jeremy\/#website"},"primaryImageOfPage":{"@id":"https:\/\/devtntatelier.com\/jeremy\/recette-de-cuisine-smoothie-le-mariage-parfait-camerises-et-fraises\/#primaryimage"},"image":{"@id":"https:\/\/devtntatelier.com\/jeremy\/recette-de-cuisine-smoothie-le-mariage-parfait-camerises-et-fraises\/#primaryimage"},"thumbnailUrl":"https:\/\/devtntatelier.com\/jeremy\/wp-content\/uploads\/2021\/07\/Copie-de-Sans-titre-5.jpg","datePublished":"2021-07-28T11:59:50+00:00","dateModified":"2022-02-24T14:46:29+00:00","author":{"@id":"https:\/\/devtntatelier.com\/jeremy\/#\/schema\/person\/f3f591333ac7b28658511c2cc0d05d08"},"breadcrumb":{"@id":"https:\/\/devtntatelier.com\/jeremy\/recette-de-cuisine-smoothie-le-mariage-parfait-camerises-et-fraises\/#breadcrumb"},"inLanguage":"fr-FR","potentialAction":[{"@type":"ReadAction","target":["https:\/\/devtntatelier.com\/jeremy\/recette-de-cuisine-smoothie-le-mariage-parfait-camerises-et-fraises\/"]}]},{"@type":"ImageObject","inLanguage":"fr-FR","@id":"https:\/\/devtntatelier.com\/jeremy\/recette-de-cuisine-smoothie-le-mariage-parfait-camerises-et-fraises\/#primaryimage","url":"https:\/\/devtntatelier.com\/jeremy\/wp-content\/uploads\/2021\/07\/Copie-de-Sans-titre-5.jpg","contentUrl":"https:\/\/devtntatelier.com\/jeremy\/wp-content\/uploads\/2021\/07\/Copie-de-Sans-titre-5.jpg","width":1200,"height":630,"caption":"Recette-Smoothie-le-melange-parfait-camerises-fraises"},{"@type":"BreadcrumbList","@id":"https:\/\/devtntatelier.com\/jeremy\/recette-de-cuisine-smoothie-le-mariage-parfait-camerises-et-fraises\/#breadcrumb","itemListElement":[{"@type":"ListItem","position":1,"name":"Accueil","item":"https:\/\/devtntatelier.com\/jeremy\/"},{"@type":"ListItem","position":2,"name":"Recette : Smoothie Le Mariage Parfait camerises et fraises"}]},{"@type":"WebSite","@id":"https:\/\/devtntatelier.com\/jeremy\/#website","url":"https:\/\/devtntatelier.com\/jeremy\/","name":"Extra Maria","description":"Blogue - D\u00e9couvertes locales et achat local","potentialAction":[{"@type":"SearchAction","target":{"@type":"EntryPoint","urlTemplate":"https:\/\/devtntatelier.com\/jeremy\/?s={search_term_string}"},"query-input":{"@type":"PropertyValueSpecification","valueRequired":true,"valueName":"search_term_string"}}],"inLanguage":"fr-FR"},{"@type":"Person","@id":"https:\/\/devtntatelier.com\/jeremy\/#\/schema\/person\/f3f591333ac7b28658511c2cc0d05d08","name":"Camerise Milou","image":{"@type":"ImageObject","inLanguage":"fr-FR","@id":"https:\/\/secure.gravatar.com\/avatar\/37a553edb697e379917ac8c32ee12d1e450f7ebae62046b133ddad202b5331ee?s=96&d=mm&r=g","url":"https:\/\/secure.gravatar.com\/avatar\/37a553edb697e379917ac8c32ee12d1e450f7ebae62046b133ddad202b5331ee?s=96&d=mm&r=g","contentUrl":"https:\/\/secure.gravatar.com\/avatar\/37a553edb697e379917ac8c32ee12d1e450f7ebae62046b133ddad202b5331ee?s=96&d=mm&r=g","caption":"Camerise Milou"},"description":"Camerise Milou, c'est un verger situ\u00e9 \u00e0 St-Stanislas au Lac-Saint-Jean, qui compte 2 000 camerisiers r\u00e9partis sur un hectare de terre. Nous sommes deux propri\u00e9taires : Louise Simard et Michel Lavoie. Il est ouvert au public et aux touristes en saison pour l\u2019autocueillette et la vente directe \u00e0 la ferme. Il nous fait plaisir de vous partager nos recettes qui mettent en valeur la camerise! Bonne d\u00e9gustation!","sameAs":["https:\/\/www.facebook.com\/camerisemilou"],"url":"https:\/\/devtntatelier.com\/jeremy\/author\/camerise-milou\/"}]}},"modified_by":"Am\u00e9lia Fromage","_links":{"self":[{"href":"https:\/\/devtntatelier.com\/jeremy\/wp-json\/wp\/v2\/posts\/2259","targetHints":{"allow":["GET"]}}],"collection":[{"href":"https:\/\/devtntatelier.com\/jeremy\/wp-json\/wp\/v2\/posts"}],"about":[{"href":"https:\/\/devtntatelier.com\/jeremy\/wp-json\/wp\/v2\/types\/post"}],"author":[{"embeddable":true,"href":"https:\/\/devtntatelier.com\/jeremy\/wp-json\/wp\/v2\/users\/17"}],"replies":[{"embeddable":true,"href":"https:\/\/devtntatelier.com\/jeremy\/wp-json\/wp\/v2\/comments?post=2259"}],"version-history":[{"count":0,"href":"https:\/\/devtntatelier.com\/jeremy\/wp-json\/wp\/v2\/posts\/2259\/revisions"}],"wp:featuredmedia":[{"embeddable":true,"href":"https:\/\/devtntatelier.com\/jeremy\/wp-json\/wp\/v2\/media\/2264"}],"wp:attachment":[{"href":"https:\/\/devtntatelier.com\/jeremy\/wp-json\/wp\/v2\/media?parent=2259"}],"wp:term":[{"taxonomy":"category","embeddable":true,"href":"https:\/\/devtntatelier.com\/jeremy\/wp-json\/wp\/v2\/categories?post=2259"},{"taxonomy":"post_tag","embeddable":true,"href":"https:\/\/devtntatelier.com\/jeremy\/wp-json\/wp\/v2\/tags?post=2259"}],"curies":[{"name":"wp","href":"https:\/\/api.w.org\/{rel}","templated":true}]}}