{"id":2100,"date":"2023-07-13T14:25:35","date_gmt":"2023-07-13T18:25:35","guid":{"rendered":"https:\/\/devtntatelier.com\/jeremy\/?p=2100"},"modified":"2023-07-20T14:20:50","modified_gmt":"2023-07-20T18:20:50","slug":"ou-faire-de-lautocueillette-dans-la-mrc-de-maria-chapdelaine","status":"publish","type":"post","link":"https:\/\/devtntatelier.com\/jeremy\/ou-faire-de-lautocueillette-dans-la-mrc-de-maria-chapdelaine\/","title":{"rendered":"O\u00f9 faire de l&rsquo;autocueillette dans la MRC de Maria-Chapdelaine?"},"content":{"rendered":"<p>[et_pb_section fb_built=\u00a0\u00bb1&Prime; _builder_version=\u00a0\u00bb4.16&Prime; _module_preset=\u00a0\u00bbdefault\u00a0\u00bb global_colors_info=\u00a0\u00bb{}\u00a0\u00bb][et_pb_row _builder_version=\u00a0\u00bb4.16&Prime; _module_preset=\u00a0\u00bbdefault\u00a0\u00bb global_colors_info=\u00a0\u00bb{}\u00a0\u00bb][et_pb_column type=\u00a0\u00bb4_4&Prime; _builder_version=\u00a0\u00bb4.16&Prime; _module_preset=\u00a0\u00bbdefault\u00a0\u00bb global_colors_info=\u00a0\u00bb{}\u00a0\u00bb][et_pb_text _builder_version=\u00a0\u00bb4.16&Prime; _module_preset=\u00a0\u00bbdefault\u00a0\u00bb global_colors_info=\u00a0\u00bb{}\u00a0\u00bb]<\/p>\n<h1>Faire de l&rsquo;autocueillette de camerises, framboises et bleuets au Lac-Saint-Jean, une belle activit\u00e9 familiale<\/h1>\n<p>[\/et_pb_text][\/et_pb_column][\/et_pb_row][et_pb_row _builder_version=\u00a0\u00bb4.16&Prime; _module_preset=\u00a0\u00bbdefault\u00a0\u00bb global_colors_info=\u00a0\u00bb{}\u00a0\u00bb][et_pb_column type=\u00a0\u00bb4_4&Prime; _builder_version=\u00a0\u00bb4.16&Prime; _module_preset=\u00a0\u00bbdefault\u00a0\u00bb global_colors_info=\u00a0\u00bb{}\u00a0\u00bb][et_pb_text _builder_version=\u00a0\u00bb4.16&Prime; _module_preset=\u00a0\u00bbdefault\u00a0\u00bb global_colors_info=\u00a0\u00bb{}\u00a0\u00bb]<\/p>\n<p><strong>Avides de manger des petits fruits produits localement dans le haut du Lac-Saint-Jean?<\/strong> Je vous ai pr\u00e9par\u00e9 une petite liste des places d&rsquo;<strong>autocueillette de camerises, de fraises, de framboises et de bleuets<\/strong> qui sont pr\u00eats \u00e0 vous accueillir dans la MRC de Maria-Chapdelaine!<\/p>\n<p>Seul, en couple ou en famille, vous \u00eates invit\u00e9s \u00e0 cueillir ces fruits succulents<strong> directement chez les producteurs<\/strong>. Voici une belle id\u00e9e d&rsquo;activit\u00e9 \u00e0 faire cet \u00e9t\u00e9!<\/p>\n<p>[\/et_pb_text][et_pb_text _builder_version=\u00a0\u00bb4.16&Prime; _module_preset=\u00a0\u00bbdefault\u00a0\u00bb global_colors_info=\u00a0\u00bb{}\u00a0\u00bb]<\/p>\n<p><span style=\"text-decoration: underline;\">CONSEIL<\/span>\u00a0: Il est conseill\u00e9 de contacter les entreprises avant de s\u2019y rendre pour s\u2019assurer des dates de r\u00e9colte qui peuvent varier d\u2019une ann\u00e9e sur l\u2019autre, en fonction des al\u00e9as du climat!<\/p>\n<p>[\/et_pb_text][\/et_pb_column][\/et_pb_row][\/et_pb_section][et_pb_section fb_built=\u00a0\u00bb1&Prime; _builder_version=\u00a0\u00bb4.16&Prime; _module_preset=\u00a0\u00bbdefault\u00a0\u00bb global_colors_info=\u00a0\u00bb{}\u00a0\u00bb][et_pb_row _builder_version=\u00a0\u00bb4.16&Prime; _module_preset=\u00a0\u00bbdefault\u00a0\u00bb global_colors_info=\u00a0\u00bb{}\u00a0\u00bb][et_pb_column type=\u00a0\u00bb4_4&Prime; _builder_version=\u00a0\u00bb4.16&Prime; _module_preset=\u00a0\u00bbdefault\u00a0\u00bb global_colors_info=\u00a0\u00bb{}\u00a0\u00bb][et_pb_text _builder_version=\u00a0\u00bb4.17.4&Prime; _module_preset=\u00a0\u00bbdefault\u00a0\u00bb global_colors_info=\u00a0\u00bb{}\u00a0\u00bb]<\/p>\n<p><strong>Bleuet sauvage<\/strong><br \/>Fond\u00e9 par Gilles Blouin \u00e0 St-Eug\u00e8ne, \u00e0 10 minutes de Dolbeau-Mistassini.<br \/><strong><span style=\"color: #e02b20;\">Produits r\u00e9colt\u00e9s \u00e0 l\u2019autocueillette : Bleuets. Possibilit\u00e9 d&rsquo;acheter des paniers d\u00e9j\u00e0 remplis.<\/span><\/strong><br \/><span style=\"text-decoration: underline;\">Contact :<\/span><br \/>Gilles Blouin<br \/><a href=\"https:\/\/www.bleuetsauvage.com\/\" rel=\"noopener noreferrer\" target=\"_blank\" data=\"\" saferedirecturl=\"https:\/\/www.google.com\/url?q=https:\/\/www.bleuetsauvage.com&amp;source=gmail&amp;ust=1628621841078000&amp;usg=AFQjCNGqrZFcSaU4hXErZD5qD0pZVejIKA\"><\/a><a href=\"tel:4186718622\" target=\"_blank\" rel=\"noopener\"><span style=\"text-decoration: underline;\">418 671-8622<\/span><\/a><br \/><a href=\"https:\/\/www.facebook.com\/bleuetsauvagelacsaintjean\">https:\/\/www.facebook.com\/bleuetsauvagelacsaintjean<\/a><br \/><a href=\"https:\/\/www.bleuetsauvage.com\/\" rel=\"noopener noreferrer\" target=\"_blank\" data-saferedirecturl=\"https:\/\/www.google.com\/url?q=https:\/\/www.bleuetsauvage.com&amp;source=gmail&amp;ust=1628621841078000&amp;usg=AFQjCNGqrZFcSaU4hXErZD5qD0pZVejIKA\">www.bleuetsauvage.com<\/a><br \/><span>Coordonn\u00e9s GPS pour se rendre 48.974407,-72.308836<\/span><\/p>\n<p>[\/et_pb_text][\/et_pb_column][\/et_pb_row][et_pb_row _builder_version=\u00a0\u00bb4.16&Prime; _module_preset=\u00a0\u00bbdefault\u00a0\u00bb global_colors_info=\u00a0\u00bb{}\u00a0\u00bb][et_pb_column type=\u00a0\u00bb4_4&Prime; _builder_version=\u00a0\u00bb4.16&Prime; _module_preset=\u00a0\u00bbdefault\u00a0\u00bb global_colors_info=\u00a0\u00bb{}\u00a0\u00bb][et_pb_text _builder_version=\u00a0\u00bb4.21.0&Prime; _module_preset=\u00a0\u00bbdefault\u00a0\u00bb hover_enabled=\u00a0\u00bb0&Prime; global_colors_info=\u00a0\u00bb{}\u00a0\u00bb sticky_enabled=\u00a0\u00bb0&Prime;]<\/p>\n<p><strong>Bleueti\u00e8re Camille Gauthier<\/strong><br \/>Cette bleueti\u00e8re, situ\u00e9e aux abords du Lac Cristal offre la possibilit\u00e9 de cueillir vous-m\u00eames vos bleuets.<br \/><strong><span style=\"color: #e02b20;\">Produits r\u00e9colt\u00e9s \u00e0 l\u2019autocueillette : Bleuets.\u00a0<\/span><\/strong><br \/><span style=\"text-decoration: underline;\">Contact :<\/span><br \/>Camille Gauthier<br \/><a href=\"https:\/\/www.bleuetsauvage.com\/\" rel=\"noopener noreferrer\" target=\"_blank\" data=\"\" saferedirecturl=\"https:\/\/www.google.com\/url?q=https:\/\/www.bleuetsauvage.com&amp;source=gmail&amp;ust=1628621841078000&amp;usg=AFQjCNGqrZFcSaU4hXErZD5qD0pZVejIKA\"><\/a>Lot 24, Canton Pelletier, rang 2<br \/>Saint-Eug\u00e8ne-d&rsquo;Argentenay<br \/><a href=\"tel:4182963461\" target=\"_blank\" rel=\"noopener\"><span style=\"text-decoration: underline;\">418 296-3461<\/span><\/a><br \/>Ouvert 7\/7 en saison de 8h \u00e0 16h.<\/p>\n<p>[\/et_pb_text][\/et_pb_column][\/et_pb_row][et_pb_row _builder_version=\u00a0\u00bb4.16&Prime; _module_preset=\u00a0\u00bbdefault\u00a0\u00bb global_colors_info=\u00a0\u00bb{}\u00a0\u00bb][et_pb_column type=\u00a0\u00bb4_4&Prime; _builder_version=\u00a0\u00bb4.16&Prime; _module_preset=\u00a0\u00bbdefault\u00a0\u00bb global_colors_info=\u00a0\u00bb{}\u00a0\u00bb][et_pb_text _builder_version=\u00a0\u00bb4.16&Prime; _module_preset=\u00a0\u00bbdefault\u00a0\u00bb global_colors_info=\u00a0\u00bb{}\u00a0\u00bb]<\/p>\n<p><strong>Bleueti\u00e8re touristique de Dolbeau-Mistassini<\/strong><br \/>En plein c\u0153ur de la ville de Dolbeau-Mistassini, cette bleueti\u00e8re touristique, situ\u00e9e \u00e0 deux pas du bureau d\u2019accueil touristique, vous invite \u00e0 venir r\u00e9colter vous-m\u00eame vos bleuets frais du jour\u2026 ou en acheter sur place!<br \/><span style=\"color: #ff0000;\"><strong>Produits r\u00e9colt\u00e9s \u00e0 l\u2019autocueillette : Bleuets.\u00a0<\/strong><\/span><br \/><span style=\"text-decoration: underline;\">Contact :<\/span><br \/>Lydia Imbeault<br \/>400, boulevard des P\u00e8res Dolbeau-Mistassini<br \/><span style=\"text-decoration: underline;\"><a href=\"tel:4182767646\" target=\"_blank\" rel=\"noopener\">418 276-7646<\/a><br \/>Ouvert 7\/7 de 10h \u00e0 16h sans rendez-vous.<\/span><\/p>\n<p>[\/et_pb_text][\/et_pb_column][\/et_pb_row][et_pb_row _builder_version=\u00a0\u00bb4.16&Prime; _module_preset=\u00a0\u00bbdefault\u00a0\u00bb global_colors_info=\u00a0\u00bb{}\u00a0\u00bb][et_pb_column type=\u00a0\u00bb4_4&Prime; _builder_version=\u00a0\u00bb4.16&Prime; _module_preset=\u00a0\u00bbdefault\u00a0\u00bb global_colors_info=\u00a0\u00bb{}\u00a0\u00bb][et_pb_text _builder_version=\u00a0\u00bb4.16&Prime; _module_preset=\u00a0\u00bbdefault\u00a0\u00bb global_colors_info=\u00a0\u00bb{}\u00a0\u00bb]<\/p>\n<p><strong>Camerises Maguy<\/strong><br \/>Implant\u00e9e depuis 2015, Mme Tremblay vous accueille \u00e0 son verger pour vous faire d\u00e9couvrir et vous faire d\u00e9guster chacune des 5 vari\u00e9t\u00e9s de camerises en culture. L\u2019exploitation totalise 4 ha et plus de 9000 plants de Indigo Gem, Indigo Treat, Tundra, Berryblue et la fameuse Aurora, la plus sucr\u00e9e! De quoi satisfaire tous les amateurs de ce petit fruit nordique.<br \/><span style=\"color: #ff0000;\"><strong>Produits r\u00e9colt\u00e9s \u00e0 l\u2019autocueillette : Camerises.<\/strong><\/span><br \/><span style=\"text-decoration: underline;\">Contact :<\/span><br \/>Guylaine Tremblay<br \/>\u00c0 5 kilom\u00e8tres de Normandin, sur la route 169,<br \/>en direction de St-M\u00e9thode<br \/><a href=\"tel:4185150612\" target=\"_blank\" rel=\"noopener\"><span style=\"text-decoration: underline;\">418 515-0612<\/span><\/a> ou le <a href=\"tel:4182743278\" target=\"_blank\" rel=\"noopener\"><span style=\"text-decoration: underline;\">418 274-3278<\/span><\/a><\/p>\n<p>[\/et_pb_text][\/et_pb_column][\/et_pb_row][et_pb_row _builder_version=\u00a0\u00bb4.16&Prime; _module_preset=\u00a0\u00bbdefault\u00a0\u00bb global_colors_info=\u00a0\u00bb{}\u00a0\u00bb][et_pb_column type=\u00a0\u00bb4_4&Prime; _builder_version=\u00a0\u00bb4.16&Prime; _module_preset=\u00a0\u00bbdefault\u00a0\u00bb global_colors_info=\u00a0\u00bb{}\u00a0\u00bb][et_pb_text _builder_version=\u00a0\u00bb4.16&Prime; _module_preset=\u00a0\u00bbdefault\u00a0\u00bb global_colors_info=\u00a0\u00bb{}\u00a0\u00bb]<\/p>\n<p><strong>Camerise Milou (BIO)<\/strong><br \/>Le verger \u00ab Camerise Milou \u00bb est une entreprise familiale dirig\u00e9e par Louise et Michel qui se sont donn\u00e9s pour mission de redonner vie \u00e0 la terre ancestrale des Lavoie, \u00e0 Saint-Stanislas, en y cultivant une petite plantation de camerises de 2 300 plants, le tout de fa\u00e7on biologique. Venez y cueillir ce petit fruit vous-m\u00eame lors de la saison estivale. Louise et Michel se feront un plaisir de vous divulguer de nombreuses recettes permettant de le d\u00e9guster comme il se doit. Des paniers pleins de bonnes camerises sont aussi disponibles sur place ainsi que d&rsquo;autres produits comme le miel de camerise, le coulis de camerise, des camerises congel\u00e9es et de la pr\u00e9paration \u00e0 la camerise. Possibilit\u00e9 de pique-nique sur place.<br \/><span style=\"color: #ff0000;\"><strong>Produits r\u00e9colt\u00e9s \u00e0 l\u2019autocueillette : Camerises.<\/strong><\/span><br \/><span style=\"text-decoration: underline;\">Contact :<\/span><br \/>Louise Simard et Michel Lavoie<br \/>761, Chemin Rousseau, Saint-Stanislas<span style=\"text-decoration: underline;\"><br \/><a href=\"tel:4186186763\" target=\"_blank\" rel=\"noopener\">418 618-6763<\/a><br \/><\/span><strong>Ouvert sur r\u00e9servation tous les jours de la saison d\u00e8s 9h<\/strong>.<\/p>\n<p>[\/et_pb_text][\/et_pb_column][\/et_pb_row][et_pb_row _builder_version=\u00a0\u00bb4.16&Prime; _module_preset=\u00a0\u00bbdefault\u00a0\u00bb global_colors_info=\u00a0\u00bb{}\u00a0\u00bb][et_pb_column type=\u00a0\u00bb4_4&Prime; _builder_version=\u00a0\u00bb4.16&Prime; _module_preset=\u00a0\u00bbdefault\u00a0\u00bb global_colors_info=\u00a0\u00bb{}\u00a0\u00bb][et_pb_text _builder_version=\u00a0\u00bb4.17.4&Prime; _module_preset=\u00a0\u00bbdefault\u00a0\u00bb global_colors_info=\u00a0\u00bb{}\u00a0\u00bb]<\/p>\n<p><strong>Domaine L&rsquo;Or\u00e9e Des Bois<\/strong><br \/>\u00c0 la limite du 49e parall\u00e8le, venez d\u00e9couvrir le Domaine L\u2019Or\u00e9e des Bois qui vous propose une exp\u00e9rience agrotouristique unique et nordique. Venez cueillir et d\u00e9guster les petits fruits sauvages du Domaine, de juillet \u00e0 aout, dans une belle ambiance familiale.<br \/><span style=\"color: #ff0000;\"><strong>Produits r\u00e9colt\u00e9s \u00e0 l\u2019autocueillette : Camerises, Framboises et Bleuets.<\/strong><\/span><br \/>Aussi disponibles :<\/p>\n<ul>\n<li>Forfait H\u00e9bergement en s\u00e9jour en yourte (1 nuit\u00e9e et plus);\u00e0<\/li>\n<li>Circuit-rallye interpr\u00e9t\u00e9 et bassecour;<\/li>\n<li>Forfait \u0153notourisme, on adapte cette partie pour les familles avec d\u00e9gustation de jus;<\/li>\n<li>S\u00e9jour Yoga<\/li>\n<li>Forfait gourmand (assiette du terroir en famille, autocueillette et circuit-rallye.<br \/><span style=\"text-decoration: underline;\">Contact :<\/span><br \/>Lyna Bouchard et \u00c9ric Perreault<br \/>37, rang Saint-Joseph, Notre-Dame-de-Lorette<span style=\"text-decoration: underline;\"><br \/><a href=\"tel:4182761075\" target=\"_blank\" rel=\"noopener\">418 276-1075<\/a><\/span><br \/><a href=\"domaineloreedesbois.ca\" target=\"_blank\" rel=\"noopener\"><span style=\"text-decoration: underline;\">domaineloreedesbois.ca<\/span><\/a><\/li>\n<\/ul>\n<p><strong>R\u00e9servation obligatoire<\/strong><br \/><span style=\"text-decoration: underline;\"><\/span><\/p>\n<p>[\/et_pb_text][\/et_pb_column][\/et_pb_row][et_pb_row _builder_version=\u00a0\u00bb4.16&Prime; _module_preset=\u00a0\u00bbdefault\u00a0\u00bb global_colors_info=\u00a0\u00bb{}\u00a0\u00bb][et_pb_column type=\u00a0\u00bb4_4&Prime; _builder_version=\u00a0\u00bb4.16&Prime; _module_preset=\u00a0\u00bbdefault\u00a0\u00bb global_colors_info=\u00a0\u00bb{}\u00a0\u00bb][et_pb_text _builder_version=\u00a0\u00bb4.17.4&Prime; _module_preset=\u00a0\u00bbdefault\u00a0\u00bb global_colors_info=\u00a0\u00bb{}\u00a0\u00bb]<\/p>\n<p><strong><\/strong><\/p>\n<p><strong>Ferme Dan Nature<\/strong><br \/>Un passage par la Ferme Dan Nature s\u2019impose si vous passez par chez nous. C\u2019est dans un cadre enchanteur que Dany Maltais vous accueil et vous fait partager sa passion pour les oiseaux de toutes sortes que vous pourrez admirer si vous passez par P\u00e9ribonka. Mais la Ferme Dan Nature, c\u2019est aussi un magnifique endroit pour l\u2019autocueillette de petits fruits en saison estivale. On retrouve l\u00e0 tous les ingr\u00e9dients d\u2019une sortie en famille r\u00e9ussi qui saura ravir les grands comme les petits!<br \/>Les familles seront ravies de d\u00e9couvrir cette petite \u00ab arche de No\u00e9 \u00bb ou l\u2019on retrouve 3 sortes de paons (bleu, blanc et vert) mais aussi des alpagas, mini chevaux, ch\u00e8vres angora, moutons, cochons vietnamiens, \u00e9meus, canards, 5 esp\u00e8ces de faisans, perdrix, poules. Il est possible, sur r\u00e9servation, d\u2019effectuer des visites int\u00e9rieures.<br \/><span style=\"color: #ff0000;\"><strong>Produits r\u00e9colt\u00e9s \u00e0 l\u2019autocueillette : framboises et bleuets.<\/strong><\/span><br \/><span style=\"text-decoration: underline;\">Contact :<\/span><br \/>Dany Maltais<br \/>650 Rang Saint-Michel &#8211; P\u00e9ribonka<span style=\"text-decoration: underline;\"><br \/><a href=\"tel:4187191343\" target=\"_blank\" rel=\"noopener\">418 719-1343<\/a><\/span><br \/><strong>R\u00e9servation obligatoire<\/strong><\/p>\n<p>[\/et_pb_text][\/et_pb_column][\/et_pb_row][et_pb_row _builder_version=\u00a0\u00bb4.16&Prime; _module_preset=\u00a0\u00bbdefault\u00a0\u00bb global_colors_info=\u00a0\u00bb{}\u00a0\u00bb][et_pb_column type=\u00a0\u00bb4_4&Prime; _builder_version=\u00a0\u00bb4.16&Prime; _module_preset=\u00a0\u00bbdefault\u00a0\u00bb global_colors_info=\u00a0\u00bb{}\u00a0\u00bb][et_pb_text _builder_version=\u00a0\u00bb4.16&Prime; _module_preset=\u00a0\u00bbdefault\u00a0\u00bb global_colors_info=\u00a0\u00bb{}\u00a0\u00bb]<\/p>\n<p><strong>Ferme des exil\u00e9es (BIO)<\/strong><br \/>Bienvenue \u00e0 Saint-Thomas-Didyme o\u00f9 en 2013, deux jeunes femmes ont d\u00e9cid\u00e9 de venir s\u2019installer pour r\u00e9aliser leur r\u00eave d\u2019agriculture. C\u2019est ainsi qu\u2019est n\u00e9e la Ferme des Exil\u00e9es. Leur verger compte aujourd\u2019hui plus de 3 000 camerisiers, le tout en culture biologique. Lisa et Laurie vous accueillent pour partager avec vous leur passion pour ce petit fruit et vous offrent la possibilit\u00e9 de les cueillir vous-m\u00eame.<br \/><span style=\"color: #ff0000;\"><strong>Produits r\u00e9colt\u00e9s \u00e0 l\u2019autocueillette : Camerises, ail, asperge et rhubarbe.<\/strong><\/span><br \/><span style=\"text-decoration: underline;\">Contact :<\/span><br \/>Laurie Godin et Lisa Dion<br \/>246 Principale-Saint-Thomas-Didyme<br \/><a href=\"tel:4186185247\" target=\"_blank\" rel=\"noopener\"><span style=\"text-decoration: underline;\">418 618-5247<\/span><\/a><br \/>Surveillez leur page Facebook pour les heures d&rsquo;ouverture : <a href=\"https:\/\/www.facebook.com\/fermedesexilees\">https:\/\/www.facebook.com\/fermedesexilees<\/a><\/p>\n<p>[\/et_pb_text][\/et_pb_column][\/et_pb_row][et_pb_row _builder_version=\u00a0\u00bb4.16&Prime; _module_preset=\u00a0\u00bbdefault\u00a0\u00bb global_colors_info=\u00a0\u00bb{}\u00a0\u00bb][et_pb_column type=\u00a0\u00bb4_4&Prime; _builder_version=\u00a0\u00bb4.16&Prime; _module_preset=\u00a0\u00bbdefault\u00a0\u00bb global_colors_info=\u00a0\u00bb{}\u00a0\u00bb][et_pb_text _builder_version=\u00a0\u00bb4.21.0&Prime; _module_preset=\u00a0\u00bbdefault\u00a0\u00bb hover_enabled=\u00a0\u00bb0&Prime; global_colors_info=\u00a0\u00bb{}\u00a0\u00bb sticky_enabled=\u00a0\u00bb0&Prime;]<\/p>\n<p><strong>Les Jardins Nourriciers de la Pointe des P\u00e8res<\/strong><br \/>Am\u00e9nag\u00e9s par la Soci\u00e9t\u00e9 de gestion environnementale, les Jardins offrent une diversit\u00e9 d&rsquo;arbustes \u00e0 fruits en cueillette libre.<br \/><span style=\"color: #ff0000;\"><strong>Produits r\u00e9colt\u00e9s \u00e0 l\u2019autocueillette : am\u00e9lanches, argousiers, aronies, camerises, cassis, cerises, noisettes, pimbinas et sureaux.<\/strong><\/span><br \/><span style=\"text-decoration: underline;\">Contact :<\/span><br \/>Audrey Pelchat<br \/>Soci\u00e9t\u00e9 de gestion environnementale<br \/>Parc de la Pointe des P\u00e8res (derrni\u00e8re la Maison du Parc r\u00e9gional des Grandes-Rivi\u00e8res \u00e0 Dolbeau-Mistassini)<br \/><u>418 276-6502<\/u><br \/>Accessible en tout temps.<\/p>\n<p>[\/et_pb_text][\/et_pb_column][\/et_pb_row][et_pb_row _builder_version=\u00a0\u00bb4.16&Prime; _module_preset=\u00a0\u00bbdefault\u00a0\u00bb global_colors_info=\u00a0\u00bb{}\u00a0\u00bb][et_pb_column type=\u00a0\u00bb4_4&Prime; _builder_version=\u00a0\u00bb4.16&Prime; _module_preset=\u00a0\u00bbdefault\u00a0\u00bb global_colors_info=\u00a0\u00bb{}\u00a0\u00bb][et_pb_text _builder_version=\u00a0\u00bb4.17.4&Prime; _module_preset=\u00a0\u00bbdefault\u00a0\u00bb global_colors_info=\u00a0\u00bb{}\u00a0\u00bb]<\/p>\n<p><strong>La petite Ferme \u00e0 Orace<\/strong><br \/>Les propri\u00e9taires de La petite ferme \u00e0 Orace, passionn\u00e9s par les animaux et la culture des produits maraichers, sont heureux de vous accueillir sur leur ferme. Ils vous feront d\u00e9couvrir leurs serres, les animaux de la bassecour et leurs diff\u00e9rentes cultures de beaux l\u00e9gumes frais.<br \/><span style=\"color: #ff0000;\"><strong>Produits r\u00e9colt\u00e9s \u00e0 l\u2019autocueillette : Bleuets, Fraises, Framboises\u2026 mais aussi vente de pr\u00e8s d\u2019une vingtaine de vari\u00e9t\u00e9s de l\u00e9gumes du potager tels que salade, tomate, piment, aubergine, gourgane et bien d\u2019autres encore, de juillet \u00e0 la fin ao\u00fbt.<\/strong><\/span><br \/><span style=\"text-decoration: underline;\">Contact :<\/span><br \/>Guylaine Par\u00e9<br \/>254, rang Saint-Joseph, Dolbeau-Mistassini<br \/><a href=\"tel:4182764066\" target=\"_blank\" rel=\"noopener\"><span style=\"text-decoration: underline;\">418 276-4066<\/span><\/a><br \/>Ouvert du lundi au dimanche de 10 h \u00e0 17 h.<br \/><strong>R\u00e9servation obligatoire<\/strong><\/p>\n<p>[\/et_pb_text][\/et_pb_column][\/et_pb_row][et_pb_row _builder_version=\u00a0\u00bb4.16&Prime; _module_preset=\u00a0\u00bbdefault\u00a0\u00bb global_colors_info=\u00a0\u00bb{}\u00a0\u00bb][et_pb_column type=\u00a0\u00bb4_4&Prime; _builder_version=\u00a0\u00bb4.16&Prime; _module_preset=\u00a0\u00bbdefault\u00a0\u00bb global_colors_info=\u00a0\u00bb{}\u00a0\u00bb][et_pb_text _builder_version=\u00a0\u00bb4.16&Prime; _module_preset=\u00a0\u00bbdefault\u00a0\u00bb global_colors_info=\u00a0\u00bb{}\u00a0\u00bb]<\/p>\n<p><strong>Verger CamNord (BIO)<\/strong><span style=\"text-decoration: underline;\"><br \/><\/span>Situ\u00e9 en plein c\u0153ur de Normandin, les propri\u00e9taires vous accueillent dans leur verger pour d\u00e9couvrir ce fruit unique qu\u2019est la camerise. Ici, cette camerise est cultiv\u00e9 de mani\u00e8re biologique, sur les terres familiales, par la quatri\u00e8me g\u00e9n\u00e9ration d\u2019agricultrices : la famille M\u00e9nard. Possibilit\u00e9 de visite guid\u00e9e.<br \/><span style=\"color: #ff0000;\"><strong>Produits r\u00e9colt\u00e9s \u00e0 l\u2019autocueillette : Camerises et framboises.<\/strong><\/span><span style=\"text-decoration: underline;\"><br \/>Contact :<br \/><\/span>Marc M\u00e9nard<br \/>1401, rue Saint-Cyrille, Normandin<span style=\"text-decoration: underline;\"><br \/><a href=\"tel:4186711796\" target=\"_blank\" rel=\"noopener\">418 671-1796<\/a><br \/><\/span>Ouvert tous les jours de 9 h \u00e0 18 h.<\/p>\n<p>[\/et_pb_text][\/et_pb_column][\/et_pb_row][et_pb_row _builder_version=\u00a0\u00bb4.16&Prime; _module_preset=\u00a0\u00bbdefault\u00a0\u00bb global_colors_info=\u00a0\u00bb{}\u00a0\u00bb][et_pb_column type=\u00a0\u00bb4_4&Prime; _builder_version=\u00a0\u00bb4.16&Prime; _module_preset=\u00a0\u00bbdefault\u00a0\u00bb global_colors_info=\u00a0\u00bb{}\u00a0\u00bb][et_pb_text _builder_version=\u00a0\u00bb4.17.4&Prime; _module_preset=\u00a0\u00bbdefault\u00a0\u00bb global_colors_info=\u00a0\u00bb{}\u00a0\u00bb]<\/p>\n<p><strong>Verger de la Mistassini<\/strong><strong><\/strong><br \/>Situ\u00e9 dans le secteur Ste-Marguerite-de-Marie \u00e0 Dolbeau-Mistassini, vous pourrez y faire l&rsquo;autocueillette de camerises ou acheter des paniers d\u00e9j\u00e0 remplis!<br \/><span style=\"color: #ff0000;\"><strong>Produits r\u00e9colt\u00e9s \u00e0 l\u2019autocueillette : Camerises, framboises, fleurs de sureaux, sureaux, aronies, argousiers.<\/strong><\/span><br \/><span style=\"text-decoration: underline;\">Contact :<\/span><br \/>Joline Allard Fortin<br \/>212, route de Sainte-Marguerite-Marie, <a href=\"https:\/\/www.facebook.com\/vergerdelamistassini\/\" target=\"_blank\" rel=\"noopener\">Dolbeau-Mistassini<\/a><br \/><a href=\"tel:4182764144\" target=\"_blank\" rel=\"noopener\"><span style=\"text-decoration: underline;\">418 276-4144<\/span><\/a>\u00a0ou <a href=\"tel:4186185313\" target=\"_blank\" rel=\"noopener\"><span style=\"text-decoration: underline;\">418 618-5313<\/span><\/a><br \/>Ouvert d\u00e8s le 8 juillet les samedis et les dimanches de 9h30 \u00e0 16h.<br \/><a href=\"https:\/\/www.facebook.com\/vergerdelamistassini\/\" target=\"_blank\" rel=\"noopener\"><span style=\"text-decoration: underline;\">Page Facebook<\/span><\/a><\/p>\n<p>[\/et_pb_text][\/et_pb_column][\/et_pb_row][et_pb_row _builder_version=\u00a0\u00bb4.21.0&Prime; _module_preset=\u00a0\u00bbdefault\u00a0\u00bb global_colors_info=\u00a0\u00bb{}\u00a0\u00bb][et_pb_column type=\u00a0\u00bb4_4&Prime; _builder_version=\u00a0\u00bb4.21.0&Prime; _module_preset=\u00a0\u00bbdefault\u00a0\u00bb global_colors_info=\u00a0\u00bb{}\u00a0\u00bb][et_pb_button button_url=\u00a0\u00bbhttps:\/\/devtntatelier.com\/jeremy\/wp-content\/uploads\/2023\/07\/Depliant_autocueillette_2023.pdf\u00a0\u00bb button_text=\u00a0\u00bbT\u00c9L\u00c9CHARGER LE D\u00c9PLIANT\u00a0\u00bb button_alignment=\u00a0\u00bbcenter\u00a0\u00bb _builder_version=\u00a0\u00bb4.21.0&Prime; _module_preset=\u00a0\u00bbdefault\u00a0\u00bb custom_button=\u00a0\u00bbon\u00a0\u00bb global_colors_info=\u00a0\u00bb{}\u00a0\u00bb][\/et_pb_button][\/et_pb_column][\/et_pb_row][et_pb_row _builder_version=\u00a0\u00bb4.16&Prime; _module_preset=\u00a0\u00bbdefault\u00a0\u00bb global_colors_info=\u00a0\u00bb{}\u00a0\u00bb][et_pb_column type=\u00a0\u00bb4_4&Prime; _builder_version=\u00a0\u00bb4.16&Prime; _module_preset=\u00a0\u00bbdefault\u00a0\u00bb global_colors_info=\u00a0\u00bb{}\u00a0\u00bb][et_pb_text _builder_version=\u00a0\u00bb4.16&Prime; _module_preset=\u00a0\u00bbdefault\u00a0\u00bb global_colors_info=\u00a0\u00bb{}\u00a0\u00bb]<\/p>\n<p>Bonne autocueillette \u00e0 tous!<\/p>\n<p>[\/et_pb_text][\/et_pb_column][\/et_pb_row][\/et_pb_section]<\/p>\n","protected":false},"excerpt":{"rendered":"<p>Faire de l&rsquo;autocueillette de camerises, framboises et bleuets au Lac-Saint-Jean, une belle activit\u00e9 familialeAvides de manger des petits fruits produits localement dans le haut du Lac-Saint-Jean? Je vous ai pr\u00e9par\u00e9 [&hellip;]<\/p>\n","protected":false},"author":2,"featured_media":2125,"comment_status":"open","ping_status":"closed","sticky":false,"template":"","format":"standard","meta":{"_et_pb_use_builder":"on","_et_pb_old_content":"","_et_gb_content_width":"","_lmt_disableupdate":"","_lmt_disable":"","_price":"","_stock":"","_tribe_ticket_header":"","_tribe_default_ticket_provider":"","_tribe_ticket_capacity":"0","_ticket_start_date":"","_ticket_end_date":"","_tribe_ticket_show_description":"","_tribe_ticket_show_not_going":false,"_tribe_ticket_use_global_stock":"","_tribe_ticket_global_stock_level":"","_global_stock_mode":"","_global_stock_cap":"","_tribe_rsvp_for_event":"","_tribe_ticket_going_count":"","_tribe_ticket_not_going_count":"","_tribe_tickets_list":"[]","_tribe_ticket_has_attendee_info_fields":false,"footnotes":""},"categories":[4,1],"tags":[],"class_list":["post-2100","post","type-post","status-publish","format-standard","has-post-thumbnail","hentry","category-tendance","category-articles-achat-local-extra-maria"],"yoast_head":"<!-- This site is optimized with the Yoast SEO Premium plugin v25.9 (Yoast SEO v28.4) - https:\/\/yoast.com\/product\/yoast-seo-premium-wordpress\/ -->\n<title>O\u00f9 faire de l&#039;autocueillette dans la MRC de Maria-Chapdelaine? - Extra Maria<\/title>\n<meta name=\"robots\" content=\"index, follow, max-snippet:-1, max-image-preview:large, max-video-preview:-1\" \/>\n<link rel=\"canonical\" href=\"https:\/\/devtntatelier.com\/jeremy\/ou-faire-de-lautocueillette-dans-la-mrc-de-maria-chapdelaine\/\" \/>\n<meta property=\"og:locale\" content=\"fr_FR\" \/>\n<meta property=\"og:type\" content=\"article\" \/>\n<meta property=\"og:title\" content=\"O\u00f9 faire de l&#039;autocueillette dans la MRC de Maria-Chapdelaine?\" \/>\n<meta property=\"og:url\" content=\"https:\/\/devtntatelier.com\/jeremy\/ou-faire-de-lautocueillette-dans-la-mrc-de-maria-chapdelaine\/\" \/>\n<meta property=\"og:site_name\" content=\"Extra Maria\" \/>\n<meta property=\"article:published_time\" content=\"2023-07-13T18:25:35+00:00\" \/>\n<meta property=\"article:modified_time\" content=\"2023-07-20T18:20:50+00:00\" \/>\n<meta property=\"og:image\" content=\"https:\/\/devtntatelier.com\/jeremy\/wp-content\/uploads\/2021\/07\/autocueillette-devanture.jpg\" \/>\n\t<meta property=\"og:image:width\" content=\"1200\" \/>\n\t<meta property=\"og:image:height\" content=\"630\" \/>\n\t<meta property=\"og:image:type\" content=\"image\/jpeg\" \/>\n<meta name=\"author\" content=\"Am\u00e9lia Fromage\" \/>\n<meta name=\"twitter:card\" content=\"summary_large_image\" \/>\n<meta name=\"twitter:label1\" content=\"\u00c9crit par\" \/>\n\t<meta name=\"twitter:data1\" content=\"Am\u00e9lia Fromage\" \/>\n\t<meta name=\"twitter:label2\" content=\"Dur\u00e9e de lecture estim\u00e9e\" \/>\n\t<meta name=\"twitter:data2\" content=\"6 minutes\" \/>\n<script type=\"application\/ld+json\" class=\"yoast-schema-graph\">{\"@context\":\"https:\\\/\\\/schema.org\",\"@graph\":[{\"@type\":\"Article\",\"@id\":\"https:\\\/\\\/devtntatelier.com\\\/jeremy\\\/ou-faire-de-lautocueillette-dans-la-mrc-de-maria-chapdelaine\\\/#article\",\"isPartOf\":{\"@id\":\"https:\\\/\\\/devtntatelier.com\\\/jeremy\\\/ou-faire-de-lautocueillette-dans-la-mrc-de-maria-chapdelaine\\\/\"},\"author\":{\"name\":\"Am\u00e9lia Fromage\",\"@id\":\"https:\\\/\\\/devtntatelier.com\\\/jeremy\\\/#\\\/schema\\\/person\\\/0a878778dd7d3b51f55c32fe3d0c565b\"},\"headline\":\"O\u00f9 faire de l&rsquo;autocueillette dans la MRC de Maria-Chapdelaine?\",\"datePublished\":\"2023-07-13T18:25:35+00:00\",\"dateModified\":\"2023-07-20T18:20:50+00:00\",\"mainEntityOfPage\":{\"@id\":\"https:\\\/\\\/devtntatelier.com\\\/jeremy\\\/ou-faire-de-lautocueillette-dans-la-mrc-de-maria-chapdelaine\\\/\"},\"wordCount\":2051,\"commentCount\":0,\"image\":{\"@id\":\"https:\\\/\\\/devtntatelier.com\\\/jeremy\\\/ou-faire-de-lautocueillette-dans-la-mrc-de-maria-chapdelaine\\\/#primaryimage\"},\"thumbnailUrl\":\"https:\\\/\\\/devtntatelier.com\\\/jeremy\\\/wp-content\\\/uploads\\\/2021\\\/07\\\/autocueillette-devanture.jpg\",\"articleSection\":[\"Tendance\",\"Tous les articles\"],\"inLanguage\":\"fr-FR\",\"potentialAction\":[{\"@type\":\"CommentAction\",\"name\":\"Comment\",\"target\":[\"https:\\\/\\\/devtntatelier.com\\\/jeremy\\\/ou-faire-de-lautocueillette-dans-la-mrc-de-maria-chapdelaine\\\/#respond\"]}]},{\"@type\":\"WebPage\",\"@id\":\"https:\\\/\\\/devtntatelier.com\\\/jeremy\\\/ou-faire-de-lautocueillette-dans-la-mrc-de-maria-chapdelaine\\\/\",\"url\":\"https:\\\/\\\/devtntatelier.com\\\/jeremy\\\/ou-faire-de-lautocueillette-dans-la-mrc-de-maria-chapdelaine\\\/\",\"name\":\"O\u00f9 faire de l'autocueillette dans la MRC de Maria-Chapdelaine? - Extra Maria\",\"isPartOf\":{\"@id\":\"https:\\\/\\\/devtntatelier.com\\\/jeremy\\\/#website\"},\"primaryImageOfPage\":{\"@id\":\"https:\\\/\\\/devtntatelier.com\\\/jeremy\\\/ou-faire-de-lautocueillette-dans-la-mrc-de-maria-chapdelaine\\\/#primaryimage\"},\"image\":{\"@id\":\"https:\\\/\\\/devtntatelier.com\\\/jeremy\\\/ou-faire-de-lautocueillette-dans-la-mrc-de-maria-chapdelaine\\\/#primaryimage\"},\"thumbnailUrl\":\"https:\\\/\\\/devtntatelier.com\\\/jeremy\\\/wp-content\\\/uploads\\\/2021\\\/07\\\/autocueillette-devanture.jpg\",\"datePublished\":\"2023-07-13T18:25:35+00:00\",\"dateModified\":\"2023-07-20T18:20:50+00:00\",\"author\":{\"@id\":\"https:\\\/\\\/devtntatelier.com\\\/jeremy\\\/#\\\/schema\\\/person\\\/0a878778dd7d3b51f55c32fe3d0c565b\"},\"breadcrumb\":{\"@id\":\"https:\\\/\\\/devtntatelier.com\\\/jeremy\\\/ou-faire-de-lautocueillette-dans-la-mrc-de-maria-chapdelaine\\\/#breadcrumb\"},\"inLanguage\":\"fr-FR\",\"potentialAction\":[{\"@type\":\"ReadAction\",\"target\":[\"https:\\\/\\\/devtntatelier.com\\\/jeremy\\\/ou-faire-de-lautocueillette-dans-la-mrc-de-maria-chapdelaine\\\/\"]}]},{\"@type\":\"ImageObject\",\"inLanguage\":\"fr-FR\",\"@id\":\"https:\\\/\\\/devtntatelier.com\\\/jeremy\\\/ou-faire-de-lautocueillette-dans-la-mrc-de-maria-chapdelaine\\\/#primaryimage\",\"url\":\"https:\\\/\\\/devtntatelier.com\\\/jeremy\\\/wp-content\\\/uploads\\\/2021\\\/07\\\/autocueillette-devanture.jpg\",\"contentUrl\":\"https:\\\/\\\/devtntatelier.com\\\/jeremy\\\/wp-content\\\/uploads\\\/2021\\\/07\\\/autocueillette-devanture.jpg\",\"width\":1200,\"height\":630,\"caption\":\"autocueillette-mrc-de-maria-chapdelaine\"},{\"@type\":\"BreadcrumbList\",\"@id\":\"https:\\\/\\\/devtntatelier.com\\\/jeremy\\\/ou-faire-de-lautocueillette-dans-la-mrc-de-maria-chapdelaine\\\/#breadcrumb\",\"itemListElement\":[{\"@type\":\"ListItem\",\"position\":1,\"name\":\"Accueil\",\"item\":\"https:\\\/\\\/devtntatelier.com\\\/jeremy\\\/\"},{\"@type\":\"ListItem\",\"position\":2,\"name\":\"O\u00f9 faire de l&#8217;autocueillette dans la MRC de Maria-Chapdelaine?\"}]},{\"@type\":\"WebSite\",\"@id\":\"https:\\\/\\\/devtntatelier.com\\\/jeremy\\\/#website\",\"url\":\"https:\\\/\\\/devtntatelier.com\\\/jeremy\\\/\",\"name\":\"Extra Maria\",\"description\":\"Blogue - D\u00e9couvertes locales et achat local\",\"potentialAction\":[{\"@type\":\"SearchAction\",\"target\":{\"@type\":\"EntryPoint\",\"urlTemplate\":\"https:\\\/\\\/devtntatelier.com\\\/jeremy\\\/?s={search_term_string}\"},\"query-input\":{\"@type\":\"PropertyValueSpecification\",\"valueRequired\":true,\"valueName\":\"search_term_string\"}}],\"inLanguage\":\"fr-FR\"},{\"@type\":\"Person\",\"@id\":\"https:\\\/\\\/devtntatelier.com\\\/jeremy\\\/#\\\/schema\\\/person\\\/0a878778dd7d3b51f55c32fe3d0c565b\",\"name\":\"Am\u00e9lia Fromage\",\"image\":{\"@type\":\"ImageObject\",\"inLanguage\":\"fr-FR\",\"@id\":\"https:\\\/\\\/secure.gravatar.com\\\/avatar\\\/a89f2060bca3721d4e33f490e22f18c0ca3155a6e14f9b4f5566b298215bc3c0?s=96&d=mm&r=g\",\"url\":\"https:\\\/\\\/secure.gravatar.com\\\/avatar\\\/a89f2060bca3721d4e33f490e22f18c0ca3155a6e14f9b4f5566b298215bc3c0?s=96&d=mm&r=g\",\"contentUrl\":\"https:\\\/\\\/secure.gravatar.com\\\/avatar\\\/a89f2060bca3721d4e33f490e22f18c0ca3155a6e14f9b4f5566b298215bc3c0?s=96&d=mm&r=g\",\"caption\":\"Am\u00e9lia Fromage\"},\"description\":\"De nature curieuse, j\u2019aime d\u00e9couvrir de nouvelles choses et en parler autour de moi. Mes deux passions : jardiner et manger du chocolat\u2026 (peut-\u00eatre qu\u2019un jour, je serai capable de faire pousser du chocolat, haha). Sinon, quoi vous dire? Ah oui! Par mon travail \u00e0 la SADC Maria-Chapdelaine, je suis en contact avec beaucoup d\u2019entrepreneurs et me donne comme mission de vous partager leurs bons coups et vous donner le go\u00fbt d\u2019acheter local. Parce que chaque petit geste compte pour faire une diff\u00e9rence. Bonne lecture!\",\"sameAs\":[\"https:\\\/\\\/sadcmaria.qc.ca\"],\"url\":\"https:\\\/\\\/devtntatelier.com\\\/jeremy\\\/author\\\/amelia\\\/\"}]}<\/script>\n<!-- \/ Yoast SEO Premium plugin. -->","yoast_head_json":{"title":"O\u00f9 faire de l'autocueillette dans la MRC de Maria-Chapdelaine? - Extra Maria","robots":{"index":"index","follow":"follow","max-snippet":"max-snippet:-1","max-image-preview":"max-image-preview:large","max-video-preview":"max-video-preview:-1"},"canonical":"https:\/\/devtntatelier.com\/jeremy\/ou-faire-de-lautocueillette-dans-la-mrc-de-maria-chapdelaine\/","og_locale":"fr_FR","og_type":"article","og_title":"O\u00f9 faire de l'autocueillette dans la MRC de Maria-Chapdelaine?","og_url":"https:\/\/devtntatelier.com\/jeremy\/ou-faire-de-lautocueillette-dans-la-mrc-de-maria-chapdelaine\/","og_site_name":"Extra Maria","article_published_time":"2023-07-13T18:25:35+00:00","article_modified_time":"2023-07-20T18:20:50+00:00","og_image":[{"width":1200,"height":630,"url":"https:\/\/devtntatelier.com\/jeremy\/wp-content\/uploads\/2021\/07\/autocueillette-devanture.jpg","type":"image\/jpeg"}],"author":"Am\u00e9lia Fromage","twitter_card":"summary_large_image","twitter_misc":{"\u00c9crit par":"Am\u00e9lia Fromage","Dur\u00e9e de lecture estim\u00e9e":"6 minutes"},"schema":{"@context":"https:\/\/schema.org","@graph":[{"@type":"Article","@id":"https:\/\/devtntatelier.com\/jeremy\/ou-faire-de-lautocueillette-dans-la-mrc-de-maria-chapdelaine\/#article","isPartOf":{"@id":"https:\/\/devtntatelier.com\/jeremy\/ou-faire-de-lautocueillette-dans-la-mrc-de-maria-chapdelaine\/"},"author":{"name":"Am\u00e9lia Fromage","@id":"https:\/\/devtntatelier.com\/jeremy\/#\/schema\/person\/0a878778dd7d3b51f55c32fe3d0c565b"},"headline":"O\u00f9 faire de l&rsquo;autocueillette dans la MRC de Maria-Chapdelaine?","datePublished":"2023-07-13T18:25:35+00:00","dateModified":"2023-07-20T18:20:50+00:00","mainEntityOfPage":{"@id":"https:\/\/devtntatelier.com\/jeremy\/ou-faire-de-lautocueillette-dans-la-mrc-de-maria-chapdelaine\/"},"wordCount":2051,"commentCount":0,"image":{"@id":"https:\/\/devtntatelier.com\/jeremy\/ou-faire-de-lautocueillette-dans-la-mrc-de-maria-chapdelaine\/#primaryimage"},"thumbnailUrl":"https:\/\/devtntatelier.com\/jeremy\/wp-content\/uploads\/2021\/07\/autocueillette-devanture.jpg","articleSection":["Tendance","Tous les articles"],"inLanguage":"fr-FR","potentialAction":[{"@type":"CommentAction","name":"Comment","target":["https:\/\/devtntatelier.com\/jeremy\/ou-faire-de-lautocueillette-dans-la-mrc-de-maria-chapdelaine\/#respond"]}]},{"@type":"WebPage","@id":"https:\/\/devtntatelier.com\/jeremy\/ou-faire-de-lautocueillette-dans-la-mrc-de-maria-chapdelaine\/","url":"https:\/\/devtntatelier.com\/jeremy\/ou-faire-de-lautocueillette-dans-la-mrc-de-maria-chapdelaine\/","name":"O\u00f9 faire de l'autocueillette dans la MRC de Maria-Chapdelaine? - Extra Maria","isPartOf":{"@id":"https:\/\/devtntatelier.com\/jeremy\/#website"},"primaryImageOfPage":{"@id":"https:\/\/devtntatelier.com\/jeremy\/ou-faire-de-lautocueillette-dans-la-mrc-de-maria-chapdelaine\/#primaryimage"},"image":{"@id":"https:\/\/devtntatelier.com\/jeremy\/ou-faire-de-lautocueillette-dans-la-mrc-de-maria-chapdelaine\/#primaryimage"},"thumbnailUrl":"https:\/\/devtntatelier.com\/jeremy\/wp-content\/uploads\/2021\/07\/autocueillette-devanture.jpg","datePublished":"2023-07-13T18:25:35+00:00","dateModified":"2023-07-20T18:20:50+00:00","author":{"@id":"https:\/\/devtntatelier.com\/jeremy\/#\/schema\/person\/0a878778dd7d3b51f55c32fe3d0c565b"},"breadcrumb":{"@id":"https:\/\/devtntatelier.com\/jeremy\/ou-faire-de-lautocueillette-dans-la-mrc-de-maria-chapdelaine\/#breadcrumb"},"inLanguage":"fr-FR","potentialAction":[{"@type":"ReadAction","target":["https:\/\/devtntatelier.com\/jeremy\/ou-faire-de-lautocueillette-dans-la-mrc-de-maria-chapdelaine\/"]}]},{"@type":"ImageObject","inLanguage":"fr-FR","@id":"https:\/\/devtntatelier.com\/jeremy\/ou-faire-de-lautocueillette-dans-la-mrc-de-maria-chapdelaine\/#primaryimage","url":"https:\/\/devtntatelier.com\/jeremy\/wp-content\/uploads\/2021\/07\/autocueillette-devanture.jpg","contentUrl":"https:\/\/devtntatelier.com\/jeremy\/wp-content\/uploads\/2021\/07\/autocueillette-devanture.jpg","width":1200,"height":630,"caption":"autocueillette-mrc-de-maria-chapdelaine"},{"@type":"BreadcrumbList","@id":"https:\/\/devtntatelier.com\/jeremy\/ou-faire-de-lautocueillette-dans-la-mrc-de-maria-chapdelaine\/#breadcrumb","itemListElement":[{"@type":"ListItem","position":1,"name":"Accueil","item":"https:\/\/devtntatelier.com\/jeremy\/"},{"@type":"ListItem","position":2,"name":"O\u00f9 faire de l&#8217;autocueillette dans la MRC de Maria-Chapdelaine?"}]},{"@type":"WebSite","@id":"https:\/\/devtntatelier.com\/jeremy\/#website","url":"https:\/\/devtntatelier.com\/jeremy\/","name":"Extra Maria","description":"Blogue - D\u00e9couvertes locales et achat local","potentialAction":[{"@type":"SearchAction","target":{"@type":"EntryPoint","urlTemplate":"https:\/\/devtntatelier.com\/jeremy\/?s={search_term_string}"},"query-input":{"@type":"PropertyValueSpecification","valueRequired":true,"valueName":"search_term_string"}}],"inLanguage":"fr-FR"},{"@type":"Person","@id":"https:\/\/devtntatelier.com\/jeremy\/#\/schema\/person\/0a878778dd7d3b51f55c32fe3d0c565b","name":"Am\u00e9lia Fromage","image":{"@type":"ImageObject","inLanguage":"fr-FR","@id":"https:\/\/secure.gravatar.com\/avatar\/a89f2060bca3721d4e33f490e22f18c0ca3155a6e14f9b4f5566b298215bc3c0?s=96&d=mm&r=g","url":"https:\/\/secure.gravatar.com\/avatar\/a89f2060bca3721d4e33f490e22f18c0ca3155a6e14f9b4f5566b298215bc3c0?s=96&d=mm&r=g","contentUrl":"https:\/\/secure.gravatar.com\/avatar\/a89f2060bca3721d4e33f490e22f18c0ca3155a6e14f9b4f5566b298215bc3c0?s=96&d=mm&r=g","caption":"Am\u00e9lia Fromage"},"description":"De nature curieuse, j\u2019aime d\u00e9couvrir de nouvelles choses et en parler autour de moi. Mes deux passions : jardiner et manger du chocolat\u2026 (peut-\u00eatre qu\u2019un jour, je serai capable de faire pousser du chocolat, haha). Sinon, quoi vous dire? Ah oui! Par mon travail \u00e0 la SADC Maria-Chapdelaine, je suis en contact avec beaucoup d\u2019entrepreneurs et me donne comme mission de vous partager leurs bons coups et vous donner le go\u00fbt d\u2019acheter local. Parce que chaque petit geste compte pour faire une diff\u00e9rence. Bonne lecture!","sameAs":["https:\/\/sadcmaria.qc.ca"],"url":"https:\/\/devtntatelier.com\/jeremy\/author\/amelia\/"}]}},"modified_by":"Am\u00e9lia Fromage","_links":{"self":[{"href":"https:\/\/devtntatelier.com\/jeremy\/wp-json\/wp\/v2\/posts\/2100","targetHints":{"allow":["GET"]}}],"collection":[{"href":"https:\/\/devtntatelier.com\/jeremy\/wp-json\/wp\/v2\/posts"}],"about":[{"href":"https:\/\/devtntatelier.com\/jeremy\/wp-json\/wp\/v2\/types\/post"}],"author":[{"embeddable":true,"href":"https:\/\/devtntatelier.com\/jeremy\/wp-json\/wp\/v2\/users\/2"}],"replies":[{"embeddable":true,"href":"https:\/\/devtntatelier.com\/jeremy\/wp-json\/wp\/v2\/comments?post=2100"}],"version-history":[{"count":0,"href":"https:\/\/devtntatelier.com\/jeremy\/wp-json\/wp\/v2\/posts\/2100\/revisions"}],"wp:featuredmedia":[{"embeddable":true,"href":"https:\/\/devtntatelier.com\/jeremy\/wp-json\/wp\/v2\/media\/2125"}],"wp:attachment":[{"href":"https:\/\/devtntatelier.com\/jeremy\/wp-json\/wp\/v2\/media?parent=2100"}],"wp:term":[{"taxonomy":"category","embeddable":true,"href":"https:\/\/devtntatelier.com\/jeremy\/wp-json\/wp\/v2\/categories?post=2100"},{"taxonomy":"post_tag","embeddable":true,"href":"https:\/\/devtntatelier.com\/jeremy\/wp-json\/wp\/v2\/tags?post=2100"}],"curies":[{"name":"wp","href":"https:\/\/api.w.org\/{rel}","templated":true}]}}