{"id":1554,"date":"2021-05-18T15:48:08","date_gmt":"2021-05-18T19:48:08","guid":{"rendered":"https:\/\/devtntatelier.com\/jeremy\/?p=1554"},"modified":"2021-10-14T08:34:39","modified_gmt":"2021-10-14T12:34:39","slug":"des-eleves-de-girardville-fabriquent-des-colliers-porte-masques","status":"publish","type":"post","link":"https:\/\/devtntatelier.com\/jeremy\/des-eleves-de-girardville-fabriquent-des-colliers-porte-masques\/","title":{"rendered":"Des \u00e9l\u00e8ves de Girardville fabriquent des colliers porte-masques"},"content":{"rendered":"\n\n[et_pb_section fb_built=\u00a0\u00bb1&Prime; _builder_version=\u00a0\u00bb4.9.4&Prime; _module_preset=\u00a0\u00bbdefault\u00a0\u00bb][et_pb_row _builder_version=\u00a0\u00bb4.9.4&Prime; _module_preset=\u00a0\u00bbdefault\u00a0\u00bb][et_pb_column type=\u00a0\u00bb4_4&Prime; _builder_version=\u00a0\u00bb4.9.4&Prime; _module_preset=\u00a0\u00bbdefault\u00a0\u00bb][et_pb_text _builder_version=\u00a0\u00bb4.9.4&Prime; _module_preset=\u00a0\u00bbdefault\u00a0\u00bb hover_enabled=\u00a0\u00bb0&Prime; sticky_enabled=\u00a0\u00bb0&Prime;]<h1><strong>Des \u00e9l\u00e8ves de Girardville fabriquent des colliers porte-masques<\/strong><\/h1>[\/et_pb_text][\/et_pb_column][\/et_pb_row][et_pb_row _builder_version=\u00a0\u00bb4.9.4&Prime; _module_preset=\u00a0\u00bbdefault\u00a0\u00bb][et_pb_column type=\u00a0\u00bb4_4&Prime; _builder_version=\u00a0\u00bb4.9.4&Prime; _module_preset=\u00a0\u00bbdefault\u00a0\u00bb][et_pb_text _builder_version=\u00a0\u00bb4.9.4&Prime; _module_preset=\u00a0\u00bbdefault\u00a0\u00bb hover_enabled=\u00a0\u00bb0&Prime; sticky_enabled=\u00a0\u00bb0&Prime;]<h2>Un projet entrepreneurial participant au D\u00e9fi OSEntreprendre 2020-2021<\/h2>[\/et_pb_text][\/et_pb_column][\/et_pb_row][et_pb_row column_structure=\u00a0\u00bb1_2,1_2&Prime; _builder_version=\u00a0\u00bb4.9.4&Prime; _module_preset=\u00a0\u00bbdefault\u00a0\u00bb][et_pb_column type=\u00a0\u00bb1_2&Prime; _builder_version=\u00a0\u00bb4.9.4&Prime; _module_preset=\u00a0\u00bbdefault\u00a0\u00bb][et_pb_text _builder_version=\u00a0\u00bb4.9.4&Prime; _module_preset=\u00a0\u00bbdefault\u00a0\u00bb hover_enabled=\u00a0\u00bb0&Prime; sticky_enabled=\u00a0\u00bb0&Prime;]<p>Chaque ann\u00e9e, le volet scolaire du D\u00e9fi OSEntreprendre met en lumi\u00e8re les diff\u00e9rents projets d\u2019entrepreneuriat r\u00e9alis\u00e9s dans les \u00e9coles. Un jury analyse les candidatures et nomme des laur\u00e9ats pour chacune des cat\u00e9gories. Pr\u00e9cisons qu\u2019un projet entrepreneurial scolaire n\u2019implique pas toujours la vente de produits ou de services.\u00a0\u00a0<\/p>[\/et_pb_text][\/et_pb_column][et_pb_column type=\u00a0\u00bb1_2&Prime; _builder_version=\u00a0\u00bb4.9.4&Prime; _module_preset=\u00a0\u00bbdefault\u00a0\u00bb][et_pb_text _builder_version=\u00a0\u00bb4.9.4&Prime; _module_preset=\u00a0\u00bbdefault\u00a0\u00bb hover_enabled=\u00a0\u00bb0&Prime; sticky_enabled=\u00a0\u00bb0&Prime;]<p>Mais il doit plut\u00f4t <strong>combler un besoin du milieu tout en permettant aux \u00e9l\u00e8ves de d\u00e9velopper diff\u00e9rentes qualit\u00e9s entrepreneuriales<\/strong> comme la cr\u00e9ativit\u00e9, la pers\u00e9v\u00e9rance, la d\u00e9brouillardise, le travail d\u2019\u00e9quipe, etc.<\/p>[\/et_pb_text][\/et_pb_column][\/et_pb_row][et_pb_row _builder_version=\u00a0\u00bb4.9.4&Prime; _module_preset=\u00a0\u00bbdefault\u00a0\u00bb][et_pb_column _builder_version=\u00a0\u00bb4.9.4&Prime; _module_preset=\u00a0\u00bbdefault\u00a0\u00bb type=\u00a0\u00bb4_4&Prime;][et_pb_text _builder_version=\u00a0\u00bb4.9.4&Prime; _module_preset=\u00a0\u00bbdefault\u00a0\u00bb hover_enabled=\u00a0\u00bb0&Prime; sticky_enabled=\u00a0\u00bb0&Prime;]<h2>De l&rsquo;identification du besoin au projet entrepreneurial<\/h2>[\/et_pb_text][\/et_pb_column][\/et_pb_row][et_pb_row _builder_version=\u00a0\u00bb4.9.4&Prime; _module_preset=\u00a0\u00bbdefault\u00a0\u00bb][et_pb_column type=\u00a0\u00bb4_4&Prime; _builder_version=\u00a0\u00bb4.9.4&Prime; _module_preset=\u00a0\u00bbdefault\u00a0\u00bb][et_pb_text _builder_version=\u00a0\u00bb4.9.4&Prime; _module_preset=\u00a0\u00bbdefault\u00a0\u00bb hover_enabled=\u00a0\u00bb0&Prime; sticky_enabled=\u00a0\u00bb0&Prime;]<p>Au d\u00e9but de l\u2019ann\u00e9e scolaire, les \u00e9l\u00e8ves de 5<sup>e<\/sup> et de 6<sup>e<\/sup> ann\u00e9e du primaire devaient porter le masque uniquement pendant les d\u00e9placements. <strong>\u00c0 l\u2019\u00e9cole Notre-Dame-de-Lourdes de Girardville, des jeunes du groupe de 5<sup>e<\/sup> et 6<sup>e<\/sup> ann\u00e9e de M<sup>me<\/sup> M\u00e9lissa Grondin-Dion ont vite constat\u00e9 qu\u2019ils ne savaient pas o\u00f9 d\u00e9poser leur masque afin de le garder propre pour la prochaine utilisation.<\/strong> Sur le coin du pupitre, \u00e7a allait\u2026 \u00e0 condition de ne pas le faire tomber par terre, ce qui arrivait quand m\u00eame souvent!<\/p>[\/et_pb_text][\/et_pb_column][\/et_pb_row][et_pb_row _builder_version=\u00a0\u00bb4.9.4&Prime; _module_preset=\u00a0\u00bbdefault\u00a0\u00bb column_structure=\u00a0\u00bb1_2,1_2&Prime;][et_pb_column _builder_version=\u00a0\u00bb4.9.4&Prime; _module_preset=\u00a0\u00bbdefault\u00a0\u00bb type=\u00a0\u00bb1_2&Prime;][et_pb_testimonial _builder_version=\u00a0\u00bb4.9.4&Prime; _module_preset=\u00a0\u00bbdefault\u00a0\u00bb hover_enabled=\u00a0\u00bb0&Prime; sticky_enabled=\u00a0\u00bb0&Prime; background_color=\u00a0\u00bb#E02B20&Prime;]<p><span style=\"color: #ffffff;\">\u00ab J\u2019ai demand\u00e9 aux \u00e9l\u00e8ves de me sortir leurs id\u00e9es dans le but que nous ayons tous une m\u00e9thode pr\u00e9cise, hygi\u00e9nique et s\u00e9curitaire. \u00c0 force de discussions, plusieurs id\u00e9es sont sorties et nous avons d\u00e9cid\u00e9 d\u2019en faire un projet de classe et d\u2019en vendre aux autres classes vivant la m\u00eame probl\u00e9matique que nous, dans le but d\u2019amasser de l\u2019argent pour un organisme \u00bb, explique l\u2019enseignante.<\/span><\/p>[\/et_pb_testimonial][\/et_pb_column][et_pb_column _builder_version=\u00a0\u00bb4.9.4&Prime; _module_preset=\u00a0\u00bbdefault\u00a0\u00bb type=\u00a0\u00bb1_2&Prime;][et_pb_text _builder_version=\u00a0\u00bb4.9.4&Prime; _module_preset=\u00a0\u00bbdefault\u00a0\u00bb hover_enabled=\u00a0\u00bb0&Prime; sticky_enabled=\u00a0\u00bb0&Prime;]<p><strong>Le groupe a donc test\u00e9 diff\u00e9rents mod\u00e8les de colliers porte-masques<\/strong> en r\u00e9alisant toutes les \u00e9tapes de cr\u00e9ation d\u2019un produit. Ils ont compar\u00e9 les prototypes en faisant ressortir les avantages et les inconv\u00e9nients de chaque objet.<\/p>\n<p>\u00ab Par exemple, au d\u00e9part, notre collier \u00e9tait rempli de billes en bois, ce qui \u00e9tait clairement trop lourd \u00bb, souligne M<sup>me<\/sup> Grondin-Dion.<\/p>[\/et_pb_text][\/et_pb_column][\/et_pb_row][et_pb_row _builder_version=\u00a0\u00bb4.9.4&Prime; _module_preset=\u00a0\u00bbdefault\u00a0\u00bb][et_pb_column type=\u00a0\u00bb4_4&Prime; _builder_version=\u00a0\u00bb4.9.4&Prime; _module_preset=\u00a0\u00bbdefault\u00a0\u00bb][et_pb_text _builder_version=\u00a0\u00bb4.9.4&Prime; _module_preset=\u00a0\u00bbdefault\u00a0\u00bb hover_enabled=\u00a0\u00bb0&Prime; sticky_enabled=\u00a0\u00bb0&Prime;]<p>Les \u00e9l\u00e8ves ont d\u00e9termin\u00e9 les deux options les plus int\u00e9ressantes, et ils ont ensuite d\u00e9marr\u00e9 la production. <strong>Lorsqu\u2019ils rencontraient des difficult\u00e9s, ils en discutaient ensemble afin de trouver des pistes de solution.<\/strong> La <strong>collaboration<\/strong> et le <strong>travail d\u2019\u00e9quipe<\/strong> ont \u00e9t\u00e9 des \u00e9l\u00e9ments cl\u00e9s du projet. Pour d\u00e9terminer le prix de vente de chaque collier, les jeunes ont fait comme tout entrepreneur qui lance un produit\u00a0: ils ont calcul\u00e9 le co\u00fbt de fabrication et le temps consacr\u00e9 \u00e0 chaque item, pour ensuite fixer le prix des colliers \u00e0 4 $ pi\u00e8ce. La vente pouvait alors commencer.<\/p>[\/et_pb_text][\/et_pb_column][\/et_pb_row][et_pb_row _builder_version=\u00a0\u00bb4.9.4&Prime; _module_preset=\u00a0\u00bbdefault\u00a0\u00bb column_structure=\u00a0\u00bb3_5,2_5&Prime;][et_pb_column _builder_version=\u00a0\u00bb4.9.4&Prime; _module_preset=\u00a0\u00bbdefault\u00a0\u00bb type=\u00a0\u00bb3_5&Prime;][et_pb_text _builder_version=\u00a0\u00bb4.9.4&Prime; _module_preset=\u00a0\u00bbdefault\u00a0\u00bb hover_enabled=\u00a0\u00bb0&Prime; sticky_enabled=\u00a0\u00bb0&Prime;]<p>Un processus de commande et de collecte d\u2019argent s\u00e9curitaire a \u00e9t\u00e9 instaur\u00e9 avec l\u2019aide de M<sup>me<\/sup> Rebecca Gosselin, secr\u00e9taire d\u2019\u00e9cole, et a \u00e9t\u00e9 envoy\u00e9 par courriel aux parents et aux enseignants d\u2019\u00e9coles environnantes. L<strong>es \u00e9l\u00e8ves et leur enseignante ont trait\u00e9 les commandes re\u00e7ues et proc\u00e9d\u00e9 aux livraisons \u00e0 l\u2019int\u00e9rieur de l\u2019\u00e9cole Notre-Dame-de-Lourdes<\/strong>. Des membres du personnel travaillant dans les \u00e9tablissements pr\u00e9alablement cibl\u00e9s ont assur\u00e9 les livraisons \u00e0 ces endroits.<\/p>[\/et_pb_text][\/et_pb_column][et_pb_column _builder_version=\u00a0\u00bb4.9.4&Prime; _module_preset=\u00a0\u00bbdefault\u00a0\u00bb type=\u00a0\u00bb2_5&Prime;][et_pb_text _builder_version=\u00a0\u00bb4.9.4&Prime; _module_preset=\u00a0\u00bbdefault\u00a0\u00bb hover_enabled=\u00a0\u00bb0&Prime; sticky_enabled=\u00a0\u00bb0&Prime; background_color=\u00a0\u00bb#000000&Prime; custom_padding=\u00a0\u00bb15px|15px|15px|15px|false|false\u00a0\u00bb]<p><span style=\"color: #ffffff;\">Le groupe a ferm\u00e9 boutique apr\u00e8s quelques semaines de travail. Gr\u00e2ce \u00e0 ce projet mobilisateur o\u00f9 non seulement des \u00e9l\u00e8ves, mais aussi plusieurs membres du personnel se sont impliqu\u00e9s, une somme de 267 $ sera remise \u00e0 Op\u00e9ration Enfant Soleil.<\/span><\/p>[\/et_pb_text][\/et_pb_column][\/et_pb_row][et_pb_row _builder_version=\u00a0\u00bb4.9.4&Prime; _module_preset=\u00a0\u00bbdefault\u00a0\u00bb][et_pb_column _builder_version=\u00a0\u00bb4.9.4&Prime; _module_preset=\u00a0\u00bbdefault\u00a0\u00bb type=\u00a0\u00bb4_4&Prime;][et_pb_text _builder_version=\u00a0\u00bb4.9.4&Prime; _module_preset=\u00a0\u00bbdefault\u00a0\u00bb hover_enabled=\u00a0\u00bb0&Prime; sticky_enabled=\u00a0\u00bb0&Prime;]<h2>Laur\u00e9at local au D\u00e9fi Osentreprendre &#8211; 3e cylce du primaire<\/h2>[\/et_pb_text][\/et_pb_column][\/et_pb_row][et_pb_row _builder_version=\u00a0\u00bb4.9.4&Prime; _module_preset=\u00a0\u00bbdefault\u00a0\u00bb][et_pb_column _builder_version=\u00a0\u00bb4.9.4&Prime; _module_preset=\u00a0\u00bbdefault\u00a0\u00bb type=\u00a0\u00bb4_4&Prime;][et_pb_text _builder_version=\u00a0\u00bb4.9.4&Prime; _module_preset=\u00a0\u00bbdefault\u00a0\u00bb hover_enabled=\u00a0\u00bb0&Prime; sticky_enabled=\u00a0\u00bb0&Prime;]<p>Intitul\u00e9 \u00ab Colliers porte-masques \u00bb, ce projet s\u2019est d\u00e9marqu\u00e9 des autres par la r\u00e9ponse concr\u00e8te apport\u00e9e \u00e0 un besoin, la d\u00e9brouillardise et le travail d\u2019\u00e9quipe d\u00e9montr\u00e9s par les jeunes. <strong>Le jury local du D\u00e9fi OSEntreprendre l\u2019a nomm\u00e9 laur\u00e9at de la cat\u00e9gorie 3<sup>e<\/sup> cycle du primaire sur le territoire du Centre de services scolaire du Pays-des-Bleuets.<\/strong> <strong>F\u00e9licitations \u00e0 M<sup>me<\/sup> M\u00e9lissa Grondin-Dion et \u00e0 ses \u00e9l\u00e8ves de l\u2019\u00e9cole Notre-Dame-de-Lourdes de Girardville!<\/strong><\/p>[\/et_pb_text][\/et_pb_column][\/et_pb_row][\/et_pb_section]\n\n","protected":false},"excerpt":{"rendered":"<p>Des \u00e9l\u00e8ves de Girardville fabriquent des colliers porte-masquesUn projet entrepreneurial participant au D\u00e9fi OSEntreprendre 2020-2021Chaque ann\u00e9e, le volet scolaire du D\u00e9fi OSEntreprendre met en lumi\u00e8re les diff\u00e9rents projets d\u2019entrepreneuriat r\u00e9alis\u00e9s [&hellip;]<\/p>\n","protected":false},"author":12,"featured_media":1564,"comment_status":"closed","ping_status":"closed","sticky":false,"template":"","format":"standard","meta":{"_et_pb_use_builder":"on","_et_pb_old_content":"","_et_gb_content_width":"","_lmt_disableupdate":"","_lmt_disable":"","_price":"","_stock":"","_tribe_ticket_header":"","_tribe_default_ticket_provider":"","_tribe_ticket_capacity":"0","_ticket_start_date":"","_ticket_end_date":"","_tribe_ticket_show_description":"","_tribe_ticket_show_not_going":false,"_tribe_ticket_use_global_stock":"","_tribe_ticket_global_stock_level":"","_global_stock_mode":"","_global_stock_cap":"","_tribe_rsvp_for_event":"","_tribe_ticket_going_count":"","_tribe_ticket_not_going_count":"","_tribe_tickets_list":"[]","_tribe_ticket_has_attendee_info_fields":false,"footnotes":""},"categories":[9,1],"tags":[],"class_list":["post-1554","post","type-post","status-publish","format-standard","has-post-thumbnail","hentry","category-jeunes-en-action","category-articles-achat-local-extra-maria"],"yoast_head":"<!-- This site is optimized with the Yoast SEO Premium plugin v25.9 (Yoast SEO v28.4) - https:\/\/yoast.com\/product\/yoast-seo-premium-wordpress\/ -->\n<title>Des \u00e9l\u00e8ves de Girardville fabriquent des colliers porte-masques - Extra Maria<\/title>\n<meta name=\"description\" content=\"Des \u00e9l\u00e8ves de l&#039;\u00e9cole Notre-Dame-de-Plourde de Girardville gagne le prix local du primaire 3e cycle au D\u00e9fi OSEntreprendre 2020-2021\" \/>\n<meta name=\"robots\" content=\"index, follow, max-snippet:-1, max-image-preview:large, max-video-preview:-1\" \/>\n<link rel=\"canonical\" href=\"https:\/\/devtntatelier.com\/jeremy\/des-eleves-de-girardville-fabriquent-des-colliers-porte-masques\/\" \/>\n<meta property=\"og:locale\" content=\"fr_FR\" \/>\n<meta property=\"og:type\" content=\"article\" \/>\n<meta property=\"og:title\" content=\"Des \u00e9l\u00e8ves de Girardville fabriquent des colliers porte-masques\" \/>\n<meta property=\"og:url\" content=\"https:\/\/devtntatelier.com\/jeremy\/des-eleves-de-girardville-fabriquent-des-colliers-porte-masques\/\" \/>\n<meta property=\"og:site_name\" content=\"Extra Maria\" \/>\n<meta property=\"article:published_time\" content=\"2021-05-18T19:48:08+00:00\" \/>\n<meta property=\"article:modified_time\" content=\"2021-10-14T12:34:39+00:00\" \/>\n<meta property=\"og:image\" content=\"https:\/\/devtntatelier.com\/jeremy\/wp-content\/uploads\/2021\/05\/projet-entrepreneurial-porte-masque-girardville-1.jpg\" \/>\n\t<meta property=\"og:image:width\" content=\"1200\" \/>\n\t<meta property=\"og:image:height\" content=\"630\" \/>\n\t<meta property=\"og:image:type\" content=\"image\/jpeg\" \/>\n<meta name=\"author\" content=\"Marie-\u00c8ve Bernard\" \/>\n<meta name=\"twitter:card\" content=\"summary_large_image\" \/>\n<meta name=\"twitter:label1\" content=\"\u00c9crit par\" \/>\n\t<meta name=\"twitter:data1\" content=\"Marie-\u00c8ve Bernard\" \/>\n\t<meta name=\"twitter:label2\" content=\"Dur\u00e9e de lecture estim\u00e9e\" \/>\n\t<meta name=\"twitter:data2\" content=\"4 minutes\" \/>\n<script type=\"application\/ld+json\" class=\"yoast-schema-graph\">{\"@context\":\"https:\\\/\\\/schema.org\",\"@graph\":[{\"@type\":\"Article\",\"@id\":\"https:\\\/\\\/devtntatelier.com\\\/jeremy\\\/des-eleves-de-girardville-fabriquent-des-colliers-porte-masques\\\/#article\",\"isPartOf\":{\"@id\":\"https:\\\/\\\/devtntatelier.com\\\/jeremy\\\/des-eleves-de-girardville-fabriquent-des-colliers-porte-masques\\\/\"},\"author\":{\"name\":\"Marie-\u00c8ve Bernard\",\"@id\":\"https:\\\/\\\/devtntatelier.com\\\/jeremy\\\/#\\\/schema\\\/person\\\/1d2872bff5ce51a73c836591a2e19720\"},\"headline\":\"Des \u00e9l\u00e8ves de Girardville fabriquent des colliers porte-masques\",\"datePublished\":\"2021-05-18T19:48:08+00:00\",\"dateModified\":\"2021-10-14T12:34:39+00:00\",\"mainEntityOfPage\":{\"@id\":\"https:\\\/\\\/devtntatelier.com\\\/jeremy\\\/des-eleves-de-girardville-fabriquent-des-colliers-porte-masques\\\/\"},\"wordCount\":1181,\"image\":{\"@id\":\"https:\\\/\\\/devtntatelier.com\\\/jeremy\\\/des-eleves-de-girardville-fabriquent-des-colliers-porte-masques\\\/#primaryimage\"},\"thumbnailUrl\":\"https:\\\/\\\/devtntatelier.com\\\/jeremy\\\/wp-content\\\/uploads\\\/2021\\\/05\\\/projet-entrepreneurial-porte-masque-girardville-1.jpg\",\"articleSection\":[\"Jeunes en action\",\"Tous les articles\"],\"inLanguage\":\"fr-FR\"},{\"@type\":\"WebPage\",\"@id\":\"https:\\\/\\\/devtntatelier.com\\\/jeremy\\\/des-eleves-de-girardville-fabriquent-des-colliers-porte-masques\\\/\",\"url\":\"https:\\\/\\\/devtntatelier.com\\\/jeremy\\\/des-eleves-de-girardville-fabriquent-des-colliers-porte-masques\\\/\",\"name\":\"Des \u00e9l\u00e8ves de Girardville fabriquent des colliers porte-masques - Extra Maria\",\"isPartOf\":{\"@id\":\"https:\\\/\\\/devtntatelier.com\\\/jeremy\\\/#website\"},\"primaryImageOfPage\":{\"@id\":\"https:\\\/\\\/devtntatelier.com\\\/jeremy\\\/des-eleves-de-girardville-fabriquent-des-colliers-porte-masques\\\/#primaryimage\"},\"image\":{\"@id\":\"https:\\\/\\\/devtntatelier.com\\\/jeremy\\\/des-eleves-de-girardville-fabriquent-des-colliers-porte-masques\\\/#primaryimage\"},\"thumbnailUrl\":\"https:\\\/\\\/devtntatelier.com\\\/jeremy\\\/wp-content\\\/uploads\\\/2021\\\/05\\\/projet-entrepreneurial-porte-masque-girardville-1.jpg\",\"datePublished\":\"2021-05-18T19:48:08+00:00\",\"dateModified\":\"2021-10-14T12:34:39+00:00\",\"author\":{\"@id\":\"https:\\\/\\\/devtntatelier.com\\\/jeremy\\\/#\\\/schema\\\/person\\\/1d2872bff5ce51a73c836591a2e19720\"},\"description\":\"Des \u00e9l\u00e8ves de l'\u00e9cole Notre-Dame-de-Plourde de Girardville gagne le prix local du primaire 3e cycle au D\u00e9fi OSEntreprendre 2020-2021\",\"breadcrumb\":{\"@id\":\"https:\\\/\\\/devtntatelier.com\\\/jeremy\\\/des-eleves-de-girardville-fabriquent-des-colliers-porte-masques\\\/#breadcrumb\"},\"inLanguage\":\"fr-FR\",\"potentialAction\":[{\"@type\":\"ReadAction\",\"target\":[\"https:\\\/\\\/devtntatelier.com\\\/jeremy\\\/des-eleves-de-girardville-fabriquent-des-colliers-porte-masques\\\/\"]}]},{\"@type\":\"ImageObject\",\"inLanguage\":\"fr-FR\",\"@id\":\"https:\\\/\\\/devtntatelier.com\\\/jeremy\\\/des-eleves-de-girardville-fabriquent-des-colliers-porte-masques\\\/#primaryimage\",\"url\":\"https:\\\/\\\/devtntatelier.com\\\/jeremy\\\/wp-content\\\/uploads\\\/2021\\\/05\\\/projet-entrepreneurial-porte-masque-girardville-1.jpg\",\"contentUrl\":\"https:\\\/\\\/devtntatelier.com\\\/jeremy\\\/wp-content\\\/uploads\\\/2021\\\/05\\\/projet-entrepreneurial-porte-masque-girardville-1.jpg\",\"width\":1200,\"height\":630},{\"@type\":\"BreadcrumbList\",\"@id\":\"https:\\\/\\\/devtntatelier.com\\\/jeremy\\\/des-eleves-de-girardville-fabriquent-des-colliers-porte-masques\\\/#breadcrumb\",\"itemListElement\":[{\"@type\":\"ListItem\",\"position\":1,\"name\":\"Accueil\",\"item\":\"https:\\\/\\\/devtntatelier.com\\\/jeremy\\\/\"},{\"@type\":\"ListItem\",\"position\":2,\"name\":\"Des \u00e9l\u00e8ves de Girardville fabriquent des colliers porte-masques\"}]},{\"@type\":\"WebSite\",\"@id\":\"https:\\\/\\\/devtntatelier.com\\\/jeremy\\\/#website\",\"url\":\"https:\\\/\\\/devtntatelier.com\\\/jeremy\\\/\",\"name\":\"Extra Maria\",\"description\":\"Blogue - D\u00e9couvertes locales et achat local\",\"potentialAction\":[{\"@type\":\"SearchAction\",\"target\":{\"@type\":\"EntryPoint\",\"urlTemplate\":\"https:\\\/\\\/devtntatelier.com\\\/jeremy\\\/?s={search_term_string}\"},\"query-input\":{\"@type\":\"PropertyValueSpecification\",\"valueRequired\":true,\"valueName\":\"search_term_string\"}}],\"inLanguage\":\"fr-FR\"},{\"@type\":\"Person\",\"@id\":\"https:\\\/\\\/devtntatelier.com\\\/jeremy\\\/#\\\/schema\\\/person\\\/1d2872bff5ce51a73c836591a2e19720\",\"name\":\"Marie-\u00c8ve Bernard\",\"image\":{\"@type\":\"ImageObject\",\"inLanguage\":\"fr-FR\",\"@id\":\"https:\\\/\\\/secure.gravatar.com\\\/avatar\\\/a2d7ebb0c67fe37f105c8d51b8442ec46116d9a933397ac9dc2ba4738a91032d?s=96&d=mm&r=g\",\"url\":\"https:\\\/\\\/secure.gravatar.com\\\/avatar\\\/a2d7ebb0c67fe37f105c8d51b8442ec46116d9a933397ac9dc2ba4738a91032d?s=96&d=mm&r=g\",\"contentUrl\":\"https:\\\/\\\/secure.gravatar.com\\\/avatar\\\/a2d7ebb0c67fe37f105c8d51b8442ec46116d9a933397ac9dc2ba4738a91032d?s=96&d=mm&r=g\",\"caption\":\"Marie-\u00c8ve Bernard\"},\"description\":\"En tant que conseill\u00e8re en communication au Centre de services scolaire du Pays-des-Bleuets, l\u2019un de mes r\u00f4les est de promouvoir et de valoriser les bons coups des \u00e9l\u00e8ves et des membres du personnel. Gr\u00e2ce au blogue de la SADC Maria-Chapdelaine, je vous ferai d\u00e9couvrir des projets entrepreneuriaux mis en place dans les \u00e9coles de la MRC. L\u00e0 o\u00f9 on d\u00e9veloppe l\u2019esprit entrepreneurial de notre rel\u00e8ve!\",\"url\":\"https:\\\/\\\/devtntatelier.com\\\/jeremy\\\/author\\\/extramarieevegmail-com\\\/\"}]}<\/script>\n<!-- \/ Yoast SEO Premium plugin. -->","yoast_head_json":{"title":"Des \u00e9l\u00e8ves de Girardville fabriquent des colliers porte-masques - Extra Maria","description":"Des \u00e9l\u00e8ves de l'\u00e9cole Notre-Dame-de-Plourde de Girardville gagne le prix local du primaire 3e cycle au D\u00e9fi OSEntreprendre 2020-2021","robots":{"index":"index","follow":"follow","max-snippet":"max-snippet:-1","max-image-preview":"max-image-preview:large","max-video-preview":"max-video-preview:-1"},"canonical":"https:\/\/devtntatelier.com\/jeremy\/des-eleves-de-girardville-fabriquent-des-colliers-porte-masques\/","og_locale":"fr_FR","og_type":"article","og_title":"Des \u00e9l\u00e8ves de Girardville fabriquent des colliers porte-masques","og_url":"https:\/\/devtntatelier.com\/jeremy\/des-eleves-de-girardville-fabriquent-des-colliers-porte-masques\/","og_site_name":"Extra Maria","article_published_time":"2021-05-18T19:48:08+00:00","article_modified_time":"2021-10-14T12:34:39+00:00","og_image":[{"width":1200,"height":630,"url":"https:\/\/devtntatelier.com\/jeremy\/wp-content\/uploads\/2021\/05\/projet-entrepreneurial-porte-masque-girardville-1.jpg","type":"image\/jpeg"}],"author":"Marie-\u00c8ve Bernard","twitter_card":"summary_large_image","twitter_misc":{"\u00c9crit par":"Marie-\u00c8ve Bernard","Dur\u00e9e de lecture estim\u00e9e":"4 minutes"},"schema":{"@context":"https:\/\/schema.org","@graph":[{"@type":"Article","@id":"https:\/\/devtntatelier.com\/jeremy\/des-eleves-de-girardville-fabriquent-des-colliers-porte-masques\/#article","isPartOf":{"@id":"https:\/\/devtntatelier.com\/jeremy\/des-eleves-de-girardville-fabriquent-des-colliers-porte-masques\/"},"author":{"name":"Marie-\u00c8ve Bernard","@id":"https:\/\/devtntatelier.com\/jeremy\/#\/schema\/person\/1d2872bff5ce51a73c836591a2e19720"},"headline":"Des \u00e9l\u00e8ves de Girardville fabriquent des colliers porte-masques","datePublished":"2021-05-18T19:48:08+00:00","dateModified":"2021-10-14T12:34:39+00:00","mainEntityOfPage":{"@id":"https:\/\/devtntatelier.com\/jeremy\/des-eleves-de-girardville-fabriquent-des-colliers-porte-masques\/"},"wordCount":1181,"image":{"@id":"https:\/\/devtntatelier.com\/jeremy\/des-eleves-de-girardville-fabriquent-des-colliers-porte-masques\/#primaryimage"},"thumbnailUrl":"https:\/\/devtntatelier.com\/jeremy\/wp-content\/uploads\/2021\/05\/projet-entrepreneurial-porte-masque-girardville-1.jpg","articleSection":["Jeunes en action","Tous les articles"],"inLanguage":"fr-FR"},{"@type":"WebPage","@id":"https:\/\/devtntatelier.com\/jeremy\/des-eleves-de-girardville-fabriquent-des-colliers-porte-masques\/","url":"https:\/\/devtntatelier.com\/jeremy\/des-eleves-de-girardville-fabriquent-des-colliers-porte-masques\/","name":"Des \u00e9l\u00e8ves de Girardville fabriquent des colliers porte-masques - Extra Maria","isPartOf":{"@id":"https:\/\/devtntatelier.com\/jeremy\/#website"},"primaryImageOfPage":{"@id":"https:\/\/devtntatelier.com\/jeremy\/des-eleves-de-girardville-fabriquent-des-colliers-porte-masques\/#primaryimage"},"image":{"@id":"https:\/\/devtntatelier.com\/jeremy\/des-eleves-de-girardville-fabriquent-des-colliers-porte-masques\/#primaryimage"},"thumbnailUrl":"https:\/\/devtntatelier.com\/jeremy\/wp-content\/uploads\/2021\/05\/projet-entrepreneurial-porte-masque-girardville-1.jpg","datePublished":"2021-05-18T19:48:08+00:00","dateModified":"2021-10-14T12:34:39+00:00","author":{"@id":"https:\/\/devtntatelier.com\/jeremy\/#\/schema\/person\/1d2872bff5ce51a73c836591a2e19720"},"description":"Des \u00e9l\u00e8ves de l'\u00e9cole Notre-Dame-de-Plourde de Girardville gagne le prix local du primaire 3e cycle au D\u00e9fi OSEntreprendre 2020-2021","breadcrumb":{"@id":"https:\/\/devtntatelier.com\/jeremy\/des-eleves-de-girardville-fabriquent-des-colliers-porte-masques\/#breadcrumb"},"inLanguage":"fr-FR","potentialAction":[{"@type":"ReadAction","target":["https:\/\/devtntatelier.com\/jeremy\/des-eleves-de-girardville-fabriquent-des-colliers-porte-masques\/"]}]},{"@type":"ImageObject","inLanguage":"fr-FR","@id":"https:\/\/devtntatelier.com\/jeremy\/des-eleves-de-girardville-fabriquent-des-colliers-porte-masques\/#primaryimage","url":"https:\/\/devtntatelier.com\/jeremy\/wp-content\/uploads\/2021\/05\/projet-entrepreneurial-porte-masque-girardville-1.jpg","contentUrl":"https:\/\/devtntatelier.com\/jeremy\/wp-content\/uploads\/2021\/05\/projet-entrepreneurial-porte-masque-girardville-1.jpg","width":1200,"height":630},{"@type":"BreadcrumbList","@id":"https:\/\/devtntatelier.com\/jeremy\/des-eleves-de-girardville-fabriquent-des-colliers-porte-masques\/#breadcrumb","itemListElement":[{"@type":"ListItem","position":1,"name":"Accueil","item":"https:\/\/devtntatelier.com\/jeremy\/"},{"@type":"ListItem","position":2,"name":"Des \u00e9l\u00e8ves de Girardville fabriquent des colliers porte-masques"}]},{"@type":"WebSite","@id":"https:\/\/devtntatelier.com\/jeremy\/#website","url":"https:\/\/devtntatelier.com\/jeremy\/","name":"Extra Maria","description":"Blogue - D\u00e9couvertes locales et achat local","potentialAction":[{"@type":"SearchAction","target":{"@type":"EntryPoint","urlTemplate":"https:\/\/devtntatelier.com\/jeremy\/?s={search_term_string}"},"query-input":{"@type":"PropertyValueSpecification","valueRequired":true,"valueName":"search_term_string"}}],"inLanguage":"fr-FR"},{"@type":"Person","@id":"https:\/\/devtntatelier.com\/jeremy\/#\/schema\/person\/1d2872bff5ce51a73c836591a2e19720","name":"Marie-\u00c8ve Bernard","image":{"@type":"ImageObject","inLanguage":"fr-FR","@id":"https:\/\/secure.gravatar.com\/avatar\/a2d7ebb0c67fe37f105c8d51b8442ec46116d9a933397ac9dc2ba4738a91032d?s=96&d=mm&r=g","url":"https:\/\/secure.gravatar.com\/avatar\/a2d7ebb0c67fe37f105c8d51b8442ec46116d9a933397ac9dc2ba4738a91032d?s=96&d=mm&r=g","contentUrl":"https:\/\/secure.gravatar.com\/avatar\/a2d7ebb0c67fe37f105c8d51b8442ec46116d9a933397ac9dc2ba4738a91032d?s=96&d=mm&r=g","caption":"Marie-\u00c8ve Bernard"},"description":"En tant que conseill\u00e8re en communication au Centre de services scolaire du Pays-des-Bleuets, l\u2019un de mes r\u00f4les est de promouvoir et de valoriser les bons coups des \u00e9l\u00e8ves et des membres du personnel. Gr\u00e2ce au blogue de la SADC Maria-Chapdelaine, je vous ferai d\u00e9couvrir des projets entrepreneuriaux mis en place dans les \u00e9coles de la MRC. L\u00e0 o\u00f9 on d\u00e9veloppe l\u2019esprit entrepreneurial de notre rel\u00e8ve!","url":"https:\/\/devtntatelier.com\/jeremy\/author\/extramarieevegmail-com\/"}]}},"modified_by":"Am\u00e9lia Fromage","_links":{"self":[{"href":"https:\/\/devtntatelier.com\/jeremy\/wp-json\/wp\/v2\/posts\/1554","targetHints":{"allow":["GET"]}}],"collection":[{"href":"https:\/\/devtntatelier.com\/jeremy\/wp-json\/wp\/v2\/posts"}],"about":[{"href":"https:\/\/devtntatelier.com\/jeremy\/wp-json\/wp\/v2\/types\/post"}],"author":[{"embeddable":true,"href":"https:\/\/devtntatelier.com\/jeremy\/wp-json\/wp\/v2\/users\/12"}],"replies":[{"embeddable":true,"href":"https:\/\/devtntatelier.com\/jeremy\/wp-json\/wp\/v2\/comments?post=1554"}],"version-history":[{"count":0,"href":"https:\/\/devtntatelier.com\/jeremy\/wp-json\/wp\/v2\/posts\/1554\/revisions"}],"wp:featuredmedia":[{"embeddable":true,"href":"https:\/\/devtntatelier.com\/jeremy\/wp-json\/wp\/v2\/media\/1564"}],"wp:attachment":[{"href":"https:\/\/devtntatelier.com\/jeremy\/wp-json\/wp\/v2\/media?parent=1554"}],"wp:term":[{"taxonomy":"category","embeddable":true,"href":"https:\/\/devtntatelier.com\/jeremy\/wp-json\/wp\/v2\/categories?post=1554"},{"taxonomy":"post_tag","embeddable":true,"href":"https:\/\/devtntatelier.com\/jeremy\/wp-json\/wp\/v2\/tags?post=1554"}],"curies":[{"name":"wp","href":"https:\/\/api.w.org\/{rel}","templated":true}]}}