{"id":1273,"date":"2021-05-05T14:04:06","date_gmt":"2021-05-05T18:04:06","guid":{"rendered":"https:\/\/devtntatelier.com\/jeremy\/?p=1273"},"modified":"2021-10-14T08:35:43","modified_gmt":"2021-10-14T12:35:43","slug":"sanidan-entreprise-regionale-idees-propres","status":"publish","type":"post","link":"https:\/\/devtntatelier.com\/jeremy\/sanidan-entreprise-regionale-idees-propres\/","title":{"rendered":"SaniDan, entreprise r\u00e9gionale aux id\u00e9es propres!"},"content":{"rendered":"\n\n[et_pb_section fb_built=\u00a0\u00bb1&Prime; _builder_version=\u00a0\u00bb4.9.4&Prime; _module_preset=\u00a0\u00bbdefault\u00a0\u00bb][et_pb_row column_structure=\u00a0\u00bb1_2,1_2&Prime; _builder_version=\u00a0\u00bb4.9.4&Prime; _module_preset=\u00a0\u00bbdefault\u00a0\u00bb][et_pb_column type=\u00a0\u00bb1_2&Prime; _builder_version=\u00a0\u00bb4.9.4&Prime; _module_preset=\u00a0\u00bbdefault\u00a0\u00bb][et_pb_text _builder_version=\u00a0\u00bb4.9.4&Prime; _module_preset=\u00a0\u00bbdefault\u00a0\u00bb]<p><span>L\u2019eau de ta piscine a des airs de mar\u00e9cage? Tu cherches une alternative plus environnementale \u00e0 tes produits m\u00e9nagers?<\/span><\/p>[\/et_pb_text][\/et_pb_column][et_pb_column type=\u00a0\u00bb1_2&Prime; _builder_version=\u00a0\u00bb4.9.4&Prime; _module_preset=\u00a0\u00bbdefault\u00a0\u00bb][et_pb_text _builder_version=\u00a0\u00bb4.9.4&Prime; _module_preset=\u00a0\u00bbdefault\u00a0\u00bb]<p><span>Tu aimerais recevoir des conseils d\u2019experts pour l\u2019entretien de ton spa? T\u2019es au Saguenay-Lac-Saint-Jean?<\/span><\/p>[\/et_pb_text][\/et_pb_column][\/et_pb_row][et_pb_row _builder_version=\u00a0\u00bb4.9.4&Prime; _module_preset=\u00a0\u00bbdefault\u00a0\u00bb][et_pb_column type=\u00a0\u00bb4_4&Prime; _builder_version=\u00a0\u00bb4.9.4&Prime; _module_preset=\u00a0\u00bbdefault\u00a0\u00bb][et_pb_text _builder_version=\u00a0\u00bb4.9.4&Prime; _module_preset=\u00a0\u00bbdefault\u00a0\u00bb]<p style=\"text-align: center;\"><em><span><\/span><\/em><\/p>\n<h3 style=\"text-align: center;\"><strong><em>Psssst! As-tu contact\u00e9 SaniDan?<\/em><\/strong><\/h3>[\/et_pb_text][\/et_pb_column][\/et_pb_row][et_pb_row column_structure=\u00a0\u00bb1_2,1_2&Prime; _builder_version=\u00a0\u00bb4.9.4&Prime; _module_preset=\u00a0\u00bbdefault\u00a0\u00bb][et_pb_column type=\u00a0\u00bb1_2&Prime; _builder_version=\u00a0\u00bb4.9.4&Prime; _module_preset=\u00a0\u00bbdefault\u00a0\u00bb][et_pb_text _builder_version=\u00a0\u00bb4.9.4&Prime; _module_preset=\u00a0\u00bbdefault\u00a0\u00bb]<p><span>Solidement implant\u00e9e dans le nord du Lac-Saint-Jean depuis 2009, l\u2019entreprise familiale SaniDan \u00e9volue sous la direction de son propri\u00e9taire Patrick Par\u00e9. <\/span><\/p>[\/et_pb_text][\/et_pb_column][et_pb_column type=\u00a0\u00bb1_2&Prime; _builder_version=\u00a0\u00bb4.9.4&Prime; _module_preset=\u00a0\u00bbdefault\u00a0\u00bb][et_pb_text _builder_version=\u00a0\u00bb4.9.4&Prime; _module_preset=\u00a0\u00bbdefault\u00a0\u00bb background_color=\u00a0\u00bb#7CDA24&Prime; custom_padding=\u00a0\u00bb15px|15px|15px|15px|false|false\u00a0\u00bb]<p style=\"text-align: center;\"><span style=\"color: #ffffff;\">En plus d\u2019une gamme compl\u00e8te de produits sanitaires \u00e9coresponsables pour une utilisation commerciale et r\u00e9sidentielle, l\u2019entreprise SaniDan accompagne sa client\u00e8le dans la vente, l\u2019installation et l\u2019entretien de piscines et spas partout dans la r\u00e9gion.<\/span><\/p>[\/et_pb_text][\/et_pb_column][\/et_pb_row][et_pb_row _builder_version=\u00a0\u00bb4.9.4&Prime; _module_preset=\u00a0\u00bbdefault\u00a0\u00bb][et_pb_column type=\u00a0\u00bb4_4&Prime; _builder_version=\u00a0\u00bb4.9.4&Prime; _module_preset=\u00a0\u00bbdefault\u00a0\u00bb][et_pb_image src=\u00a0\u00bbhttps:\/\/devtntatelier.com\/jeremy\/wp-content\/uploads\/2021\/05\/piscine-sanidan.jpg\u00a0\u00bb alt=\u00a0\u00bbPiscine SaniDan\u00a0\u00bb title_text=\u00a0\u00bbpiscine-sanidan\u00a0\u00bb _builder_version=\u00a0\u00bb4.9.4&Prime; _module_preset=\u00a0\u00bbdefault\u00a0\u00bb custom_margin=\u00a0\u00bb-35px||||false|false\u00a0\u00bb custom_padding=\u00a0\u00bb0px|||45px|false|false\u00a0\u00bb custom_padding_tablet=\u00a0\u00bb\u00a0\u00bb custom_padding_phone=\u00a0\u00bb\u00a0\u00bb custom_padding_last_edited=\u00a0\u00bbon|desktop\u00a0\u00bb][\/et_pb_image][\/et_pb_column][\/et_pb_row][et_pb_row _builder_version=\u00a0\u00bb4.9.4&Prime; _module_preset=\u00a0\u00bbdefault\u00a0\u00bb][et_pb_column type=\u00a0\u00bb4_4&Prime; _builder_version=\u00a0\u00bb4.9.4&Prime; _module_preset=\u00a0\u00bbdefault\u00a0\u00bb][et_pb_text _builder_version=\u00a0\u00bb4.9.4&Prime; _module_preset=\u00a0\u00bbdefault\u00a0\u00bb]<h2><strong>Une entreprise unique, \u00e0 l\u2019image de son propri\u00e9taire<\/strong><\/h2>[\/et_pb_text][\/et_pb_column][\/et_pb_row][et_pb_row column_structure=\u00a0\u00bb1_2,1_2&Prime; _builder_version=\u00a0\u00bb4.9.4&Prime; _module_preset=\u00a0\u00bbdefault\u00a0\u00bb][et_pb_column type=\u00a0\u00bb1_2&Prime; _builder_version=\u00a0\u00bb4.9.4&Prime; _module_preset=\u00a0\u00bbdefault\u00a0\u00bb][et_pb_text _builder_version=\u00a0\u00bb4.9.4&Prime; _module_preset=\u00a0\u00bbdefault\u00a0\u00bb]<p><span>Ses apparitions informatives et humoristiques sous le sobriquet de <strong>Monsieur Brillant<\/strong> en sont la preuve, Patrick Par\u00e9 est un <strong>entrepreneur cr\u00e9atif<\/strong> qui ne manque pas d\u2019audace quand vient le temps de g\u00e9rer son entreprise. .<\/span><\/p>[\/et_pb_text][\/et_pb_column][et_pb_column type=\u00a0\u00bb1_2&Prime; _builder_version=\u00a0\u00bb4.9.4&Prime; _module_preset=\u00a0\u00bbdefault\u00a0\u00bb][et_pb_text _builder_version=\u00a0\u00bb4.9.4&Prime; _module_preset=\u00a0\u00bbdefault\u00a0\u00bb]<p><span>Vous pensez que SaniDan est une boutique de produits sanitaires et de piscine comme toutes les autres? D\u00e9trompez-vous<\/span><\/p>[\/et_pb_text][\/et_pb_column][\/et_pb_row][et_pb_row _builder_version=\u00a0\u00bb4.9.4&Prime; _module_preset=\u00a0\u00bbdefault\u00a0\u00bb][et_pb_column type=\u00a0\u00bb4_4&Prime; _builder_version=\u00a0\u00bb4.9.4&Prime; _module_preset=\u00a0\u00bbdefault\u00a0\u00bb][et_pb_image src=\u00a0\u00bbhttps:\/\/devtntatelier.com\/jeremy\/wp-content\/uploads\/2021\/05\/sanidan-monsieur-brillant-produits-menagers.jpg\u00a0\u00bb title_text=\u00a0\u00bbsanidan-monsieur-brillant-produits-menagers\u00a0\u00bb _builder_version=\u00a0\u00bb4.9.4&Prime; _module_preset=\u00a0\u00bbdefault\u00a0\u00bb][\/et_pb_image][\/et_pb_column][\/et_pb_row][et_pb_row _builder_version=\u00a0\u00bb4.9.4&Prime; _module_preset=\u00a0\u00bbdefault\u00a0\u00bb][et_pb_column type=\u00a0\u00bb4_4&Prime; _builder_version=\u00a0\u00bb4.9.4&Prime; _module_preset=\u00a0\u00bbdefault\u00a0\u00bb][et_pb_text _builder_version=\u00a0\u00bb4.9.4&Prime; _module_preset=\u00a0\u00bbdefault\u00a0\u00bb]<h2><strong><span>Ce qui distingue SaniDan de ses comp\u00e9titeurs<\/span><\/strong><\/h2>[\/et_pb_text][\/et_pb_column][\/et_pb_row][et_pb_row _builder_version=\u00a0\u00bb4.9.4&Prime; _module_preset=\u00a0\u00bbdefault\u00a0\u00bb][et_pb_column type=\u00a0\u00bb4_4&Prime; _builder_version=\u00a0\u00bb4.9.4&Prime; _module_preset=\u00a0\u00bbdefault\u00a0\u00bb][et_pb_text _builder_version=\u00a0\u00bb4.9.4&Prime; _module_preset=\u00a0\u00bbdefault\u00a0\u00bb]<h3><strong>1. Des solutions vertes et durables<\/strong><\/h3>[\/et_pb_text][\/et_pb_column][\/et_pb_row][et_pb_row column_structure=\u00a0\u00bb2_3,1_3&Prime; _builder_version=\u00a0\u00bb4.9.4&Prime; _module_preset=\u00a0\u00bbdefault\u00a0\u00bb][et_pb_column type=\u00a0\u00bb2_3&Prime; _builder_version=\u00a0\u00bb4.9.4&Prime; _module_preset=\u00a0\u00bbdefault\u00a0\u00bb][et_pb_text _builder_version=\u00a0\u00bb4.9.4&Prime; _module_preset=\u00a0\u00bbdefault\u00a0\u00bb]<p><span>Vous \u00eates un particulier ou une organisation et d\u00e9sirez r\u00e9duire votre empreinte \u00e9cologique? Chez SaniDan, les valeurs environnementales sont au c\u0153ur de chaque d\u00e9cision d\u2019affaire! Gr\u00e2ce \u00e0 un brillant partenariat avec l\u2019entreprise qu\u00e9b\u00e9coise One Bottle, il vous est possible de remplir vos contenants r\u00e9cup\u00e9r\u00e9s \u00e0 l\u2019aide d\u2019un distributeur de produits liquides disponible en magasin. Tous les produits sanitaires que vous utilisez au quotidien sont maintenant offerts en vrac en plus d\u2019\u00eatre \u00e9coresponsables. Faites le m\u00e9nage dans vos produits m\u00e9nagers!<\/span><\/p>[\/et_pb_text][\/et_pb_column][et_pb_column type=\u00a0\u00bb1_3&Prime; _builder_version=\u00a0\u00bb4.9.4&Prime; _module_preset=\u00a0\u00bbdefault\u00a0\u00bb][et_pb_text _builder_version=\u00a0\u00bb4.9.4&Prime; _module_preset=\u00a0\u00bbdefault\u00a0\u00bb background_color=\u00a0\u00bb#7CDA24&Prime; custom_padding=\u00a0\u00bb15px|15px|15px|15px|false|false\u00a0\u00bb]<p><strong><span style=\"color: #ffffff;\">Oh! Saviez-vous que SaniDan est une des seules entreprises du Saguenay-Lac-Saint-Jean \u00e0 r\u00e9cup\u00e9rer ses contenants de 20 litres vides. Pour des id\u00e9es vertes et une eau bleue, c\u2019est ici!<\/span><\/strong><\/p>[\/et_pb_text][\/et_pb_column][\/et_pb_row][et_pb_row _builder_version=\u00a0\u00bb4.9.4&Prime; _module_preset=\u00a0\u00bbdefault\u00a0\u00bb][et_pb_column type=\u00a0\u00bb4_4&Prime; _builder_version=\u00a0\u00bb4.9.4&Prime; _module_preset=\u00a0\u00bbdefault\u00a0\u00bb][et_pb_text _builder_version=\u00a0\u00bb4.9.4&Prime; _module_preset=\u00a0\u00bbdefault\u00a0\u00bb]<h3><strong>2. Une entreprise familiale \u00e0 dimension humaine<\/strong><\/h3>[\/et_pb_text][\/et_pb_column][\/et_pb_row][et_pb_row column_structure=\u00a0\u00bb1_2,1_2&Prime; _builder_version=\u00a0\u00bb4.9.4&Prime; _module_preset=\u00a0\u00bbdefault\u00a0\u00bb][et_pb_column type=\u00a0\u00bb1_2&Prime; _builder_version=\u00a0\u00bb4.9.4&Prime; _module_preset=\u00a0\u00bbdefault\u00a0\u00bb][et_pb_text _builder_version=\u00a0\u00bb4.9.4&Prime; _module_preset=\u00a0\u00bbdefault\u00a0\u00bb]<p><span>Chez SaniDan, le contact entre les employ\u00e9s et les clients est privil\u00e9gi\u00e9. Que vous soyez re\u00e7u par le propri\u00e9taire, sa femme, sa fille ou encore par un membre de l\u2019\u00e9quipe, vous serez assur\u00e9 d\u2019un accueil professionnel et courtois et d\u2019un accompagnement personnalis\u00e9. Dans le magasin, \u00e7a ne sent pas que l\u2019eau de piscine\u2026 \u00e7a sent aussi la passion!<\/span><\/p>[\/et_pb_text][\/et_pb_column][et_pb_column type=\u00a0\u00bb1_2&Prime; _builder_version=\u00a0\u00bb4.9.4&Prime; _module_preset=\u00a0\u00bbdefault\u00a0\u00bb][et_pb_text _builder_version=\u00a0\u00bb4.9.4&Prime; _module_preset=\u00a0\u00bbdefault\u00a0\u00bb]<p><span>Cette relation de proximit\u00e9 se traduit par des conseils bienveillants et un service apr\u00e8s-vente sans \u00e9gal. Les clients de SaniDan reviennent, ils les recommandent \u00e0 leur entourage et ils appellent les employ\u00e9s par leur pr\u00e9nom. Voil\u00e0 le genre d\u2019exp\u00e9rience que vous aurez!<\/span><\/p>[\/et_pb_text][\/et_pb_column][\/et_pb_row][et_pb_row _builder_version=\u00a0\u00bb4.9.4&Prime; _module_preset=\u00a0\u00bbdefault\u00a0\u00bb][et_pb_column type=\u00a0\u00bb4_4&Prime; _builder_version=\u00a0\u00bb4.9.4&Prime; _module_preset=\u00a0\u00bbdefault\u00a0\u00bb][et_pb_text _builder_version=\u00a0\u00bb4.9.4&Prime; _module_preset=\u00a0\u00bbdefault\u00a0\u00bb]<h3><strong>3. Une force locale, un service r\u00e9gional<\/strong><\/h3>[\/et_pb_text][\/et_pb_column][\/et_pb_row][et_pb_row column_structure=\u00a0\u00bb1_3,1_3,1_3&Prime; _builder_version=\u00a0\u00bb4.9.4&Prime; _module_preset=\u00a0\u00bbdefault\u00a0\u00bb][et_pb_column type=\u00a0\u00bb1_3&Prime; _builder_version=\u00a0\u00bb4.9.4&Prime; _module_preset=\u00a0\u00bbdefault\u00a0\u00bb][et_pb_text _builder_version=\u00a0\u00bb4.9.4&Prime; _module_preset=\u00a0\u00bbdefault\u00a0\u00bb]<p><span>Encourager et soutenir l\u2019\u00e9conomie locale est plus important que jamais et fait partie de la vision de l\u2019entreprise. C\u2019est pourquoi SaniDan s\u2019efforce de toujours prioriser des partenaires et des fournisseurs de proximit\u00e9.\u00a0<\/span><\/p>[\/et_pb_text][\/et_pb_column][et_pb_column type=\u00a0\u00bb1_3&Prime; _builder_version=\u00a0\u00bb4.9.4&Prime; _module_preset=\u00a0\u00bbdefault\u00a0\u00bb][et_pb_text _builder_version=\u00a0\u00bb4.9.4&Prime; _module_preset=\u00a0\u00bbdefault\u00a0\u00bb background_color=\u00a0\u00bb#000000&Prime; custom_padding=\u00a0\u00bb15px|20px|15px|20px|false|false\u00a0\u00bb]<blockquote>\n<p><span style=\"color: #ffffff;\"><strong>Pourquoi acheter \u00e0 l\u2019international quand des produits du Qu\u00e9bec sont disponibles et d\u2019excellente qualit\u00e9?<\/strong><\/span><\/p>\n<\/blockquote>[\/et_pb_text][\/et_pb_column][et_pb_column type=\u00a0\u00bb1_3&Prime; _builder_version=\u00a0\u00bb4.9.4&Prime; _module_preset=\u00a0\u00bbdefault\u00a0\u00bb][et_pb_text _builder_version=\u00a0\u00bb4.9.4&Prime; _module_preset=\u00a0\u00bbdefault\u00a0\u00bb]<p><span>On n\u2019a pas peur de prendre la route! Bien connue dans le haut du Lac, l\u2019entreprise dolmissoise parcourt r\u00e9guli\u00e8rement l\u2019ensemble du territoire de la r\u00e9gion pour desservir une client\u00e8le toujours plus grande.!<\/span><\/p>[\/et_pb_text][\/et_pb_column][\/et_pb_row][et_pb_row _builder_version=\u00a0\u00bb4.9.4&Prime; _module_preset=\u00a0\u00bbdefault\u00a0\u00bb][et_pb_column type=\u00a0\u00bb4_4&Prime; _builder_version=\u00a0\u00bb4.9.4&Prime; _module_preset=\u00a0\u00bbdefault\u00a0\u00bb][et_pb_text _builder_version=\u00a0\u00bb4.9.4&Prime; _module_preset=\u00a0\u00bbdefault\u00a0\u00bb]<p>\u00a0<span>Que vous soyez \u00e0 Dolbeau-Mistassini, Arvida ou Roberval, pour des produits et services exceptionnels dans le secteur des produits sanitaires et de l\u2019installation et l\u2019entretien de piscines, tournez-vous vers l\u2019\u00e9quipe d\u2019experts de SaniDan!<\/span><\/p>[\/et_pb_text][\/et_pb_column][\/et_pb_row][et_pb_row _builder_version=\u00a0\u00bb4.9.4&Prime; _module_preset=\u00a0\u00bbdefault\u00a0\u00bb][et_pb_column type=\u00a0\u00bb4_4&Prime; _builder_version=\u00a0\u00bb4.9.4&Prime; _module_preset=\u00a0\u00bbdefault\u00a0\u00bb][et_pb_text _builder_version=\u00a0\u00bb4.9.4&Prime; _module_preset=\u00a0\u00bbdefault\u00a0\u00bb]<p>Pour contacter Patrick et son \u00e9quipe :<\/p>\n<p><a href=\"tel:4182765381\">418 276-5381<\/a><\/p>\n<p><a href=\"https:\/\/www.sanidan.com\">www.sanidan.com<\/a><\/p>[\/et_pb_text][\/et_pb_column][\/et_pb_row][\/et_pb_section]\n\n","protected":false},"excerpt":{"rendered":"<p>L\u2019eau de ta piscine a des airs de mar\u00e9cage? Tu cherches une alternative plus environnementale \u00e0 tes produits m\u00e9nagers?Tu aimerais recevoir des conseils d\u2019experts pour l\u2019entretien de ton spa? T\u2019es [&hellip;]<\/p>\n","protected":false},"author":10,"featured_media":1550,"comment_status":"closed","ping_status":"closed","sticky":false,"template":"","format":"standard","meta":{"_et_pb_use_builder":"on","_et_pb_old_content":"","_et_gb_content_width":"","_lmt_disableupdate":"","_lmt_disable":"","_price":"","_stock":"","_tribe_ticket_header":"","_tribe_default_ticket_provider":"","_tribe_ticket_capacity":"0","_ticket_start_date":"","_ticket_end_date":"","_tribe_ticket_show_description":"","_tribe_ticket_show_not_going":false,"_tribe_ticket_use_global_stock":"","_tribe_ticket_global_stock_level":"","_global_stock_mode":"","_global_stock_cap":"","_tribe_rsvp_for_event":"","_tribe_ticket_going_count":"","_tribe_ticket_not_going_count":"","_tribe_tickets_list":"[]","_tribe_ticket_has_attendee_info_fields":false,"footnotes":""},"categories":[8,1],"tags":[],"class_list":["post-1273","post","type-post","status-publish","format-standard","has-post-thumbnail","hentry","category-entreprises-d-ici","category-articles-achat-local-extra-maria"],"yoast_head":"<!-- This site is optimized with the Yoast SEO Premium plugin v25.9 (Yoast SEO v28.4) - https:\/\/yoast.com\/product\/yoast-seo-premium-wordpress\/ -->\n<title>SaniDan, entreprise r\u00e9gionale aux id\u00e9es propres! - Extra Maria<\/title>\n<meta name=\"robots\" content=\"index, follow, max-snippet:-1, max-image-preview:large, max-video-preview:-1\" \/>\n<link rel=\"canonical\" href=\"https:\/\/devtntatelier.com\/jeremy\/sanidan-entreprise-regionale-idees-propres\/\" \/>\n<meta property=\"og:locale\" content=\"fr_FR\" \/>\n<meta property=\"og:type\" content=\"article\" \/>\n<meta property=\"og:title\" content=\"SaniDan, entreprise r\u00e9gionale aux id\u00e9es propres!\" \/>\n<meta property=\"og:url\" content=\"https:\/\/devtntatelier.com\/jeremy\/sanidan-entreprise-regionale-idees-propres\/\" \/>\n<meta property=\"og:site_name\" content=\"Extra Maria\" \/>\n<meta property=\"article:published_time\" content=\"2021-05-05T18:04:06+00:00\" \/>\n<meta property=\"article:modified_time\" content=\"2021-10-14T12:35:43+00:00\" \/>\n<meta property=\"og:image\" content=\"https:\/\/devtntatelier.com\/jeremy\/wp-content\/uploads\/2021\/05\/sanidan-couverture-produits-menagers-sanitaires-piscine-spa.jpg\" \/>\n\t<meta property=\"og:image:width\" content=\"1200\" \/>\n\t<meta property=\"og:image:height\" content=\"630\" \/>\n\t<meta property=\"og:image:type\" content=\"image\/jpeg\" \/>\n<meta name=\"author\" content=\"Maxime Pearson\" \/>\n<meta name=\"twitter:card\" content=\"summary_large_image\" \/>\n<meta name=\"twitter:label1\" content=\"\u00c9crit par\" \/>\n\t<meta name=\"twitter:data1\" content=\"Maxime Pearson\" \/>\n\t<meta name=\"twitter:label2\" content=\"Dur\u00e9e de lecture estim\u00e9e\" \/>\n\t<meta name=\"twitter:data2\" content=\"4 minutes\" \/>\n<script type=\"application\/ld+json\" class=\"yoast-schema-graph\">{\"@context\":\"https:\\\/\\\/schema.org\",\"@graph\":[{\"@type\":\"Article\",\"@id\":\"https:\\\/\\\/devtntatelier.com\\\/jeremy\\\/sanidan-entreprise-regionale-idees-propres\\\/#article\",\"isPartOf\":{\"@id\":\"https:\\\/\\\/devtntatelier.com\\\/jeremy\\\/sanidan-entreprise-regionale-idees-propres\\\/\"},\"author\":{\"name\":\"Maxime Pearson\",\"@id\":\"https:\\\/\\\/devtntatelier.com\\\/jeremy\\\/#\\\/schema\\\/person\\\/7633055cf1b3b356611179e7cdb8b1c4\"},\"headline\":\"SaniDan, entreprise r\u00e9gionale aux id\u00e9es propres!\",\"datePublished\":\"2021-05-05T18:04:06+00:00\",\"dateModified\":\"2021-10-14T12:35:43+00:00\",\"mainEntityOfPage\":{\"@id\":\"https:\\\/\\\/devtntatelier.com\\\/jeremy\\\/sanidan-entreprise-regionale-idees-propres\\\/\"},\"wordCount\":1392,\"image\":{\"@id\":\"https:\\\/\\\/devtntatelier.com\\\/jeremy\\\/sanidan-entreprise-regionale-idees-propres\\\/#primaryimage\"},\"thumbnailUrl\":\"https:\\\/\\\/devtntatelier.com\\\/jeremy\\\/wp-content\\\/uploads\\\/2021\\\/05\\\/sanidan-couverture-produits-menagers-sanitaires-piscine-spa-2.jpg\",\"articleSection\":[\"Entreprises d'ici\",\"Tous les articles\"],\"inLanguage\":\"fr-FR\"},{\"@type\":\"WebPage\",\"@id\":\"https:\\\/\\\/devtntatelier.com\\\/jeremy\\\/sanidan-entreprise-regionale-idees-propres\\\/\",\"url\":\"https:\\\/\\\/devtntatelier.com\\\/jeremy\\\/sanidan-entreprise-regionale-idees-propres\\\/\",\"name\":\"SaniDan, entreprise r\u00e9gionale aux id\u00e9es propres! - Extra Maria\",\"isPartOf\":{\"@id\":\"https:\\\/\\\/devtntatelier.com\\\/jeremy\\\/#website\"},\"primaryImageOfPage\":{\"@id\":\"https:\\\/\\\/devtntatelier.com\\\/jeremy\\\/sanidan-entreprise-regionale-idees-propres\\\/#primaryimage\"},\"image\":{\"@id\":\"https:\\\/\\\/devtntatelier.com\\\/jeremy\\\/sanidan-entreprise-regionale-idees-propres\\\/#primaryimage\"},\"thumbnailUrl\":\"https:\\\/\\\/devtntatelier.com\\\/jeremy\\\/wp-content\\\/uploads\\\/2021\\\/05\\\/sanidan-couverture-produits-menagers-sanitaires-piscine-spa-2.jpg\",\"datePublished\":\"2021-05-05T18:04:06+00:00\",\"dateModified\":\"2021-10-14T12:35:43+00:00\",\"author\":{\"@id\":\"https:\\\/\\\/devtntatelier.com\\\/jeremy\\\/#\\\/schema\\\/person\\\/7633055cf1b3b356611179e7cdb8b1c4\"},\"breadcrumb\":{\"@id\":\"https:\\\/\\\/devtntatelier.com\\\/jeremy\\\/sanidan-entreprise-regionale-idees-propres\\\/#breadcrumb\"},\"inLanguage\":\"fr-FR\",\"potentialAction\":[{\"@type\":\"ReadAction\",\"target\":[\"https:\\\/\\\/devtntatelier.com\\\/jeremy\\\/sanidan-entreprise-regionale-idees-propres\\\/\"]}]},{\"@type\":\"ImageObject\",\"inLanguage\":\"fr-FR\",\"@id\":\"https:\\\/\\\/devtntatelier.com\\\/jeremy\\\/sanidan-entreprise-regionale-idees-propres\\\/#primaryimage\",\"url\":\"https:\\\/\\\/devtntatelier.com\\\/jeremy\\\/wp-content\\\/uploads\\\/2021\\\/05\\\/sanidan-couverture-produits-menagers-sanitaires-piscine-spa-2.jpg\",\"contentUrl\":\"https:\\\/\\\/devtntatelier.com\\\/jeremy\\\/wp-content\\\/uploads\\\/2021\\\/05\\\/sanidan-couverture-produits-menagers-sanitaires-piscine-spa-2.jpg\",\"width\":1200,\"height\":630,\"caption\":\"sanidan-couverture-produits-menagers-sanitaires-piscine-spa-2\"},{\"@type\":\"BreadcrumbList\",\"@id\":\"https:\\\/\\\/devtntatelier.com\\\/jeremy\\\/sanidan-entreprise-regionale-idees-propres\\\/#breadcrumb\",\"itemListElement\":[{\"@type\":\"ListItem\",\"position\":1,\"name\":\"Accueil\",\"item\":\"https:\\\/\\\/devtntatelier.com\\\/jeremy\\\/\"},{\"@type\":\"ListItem\",\"position\":2,\"name\":\"SaniDan, entreprise r\u00e9gionale aux id\u00e9es propres!\"}]},{\"@type\":\"WebSite\",\"@id\":\"https:\\\/\\\/devtntatelier.com\\\/jeremy\\\/#website\",\"url\":\"https:\\\/\\\/devtntatelier.com\\\/jeremy\\\/\",\"name\":\"Extra Maria\",\"description\":\"Blogue - D\u00e9couvertes locales et achat local\",\"potentialAction\":[{\"@type\":\"SearchAction\",\"target\":{\"@type\":\"EntryPoint\",\"urlTemplate\":\"https:\\\/\\\/devtntatelier.com\\\/jeremy\\\/?s={search_term_string}\"},\"query-input\":{\"@type\":\"PropertyValueSpecification\",\"valueRequired\":true,\"valueName\":\"search_term_string\"}}],\"inLanguage\":\"fr-FR\"},{\"@type\":\"Person\",\"@id\":\"https:\\\/\\\/devtntatelier.com\\\/jeremy\\\/#\\\/schema\\\/person\\\/7633055cf1b3b356611179e7cdb8b1c4\",\"name\":\"Maxime Pearson\",\"image\":{\"@type\":\"ImageObject\",\"inLanguage\":\"fr-FR\",\"@id\":\"https:\\\/\\\/secure.gravatar.com\\\/avatar\\\/503685d40fda2a45d067f19d733862aebee2ffc7bca6b91f2ef3792ff1bc375d?s=96&d=mm&r=g\",\"url\":\"https:\\\/\\\/secure.gravatar.com\\\/avatar\\\/503685d40fda2a45d067f19d733862aebee2ffc7bca6b91f2ef3792ff1bc375d?s=96&d=mm&r=g\",\"contentUrl\":\"https:\\\/\\\/secure.gravatar.com\\\/avatar\\\/503685d40fda2a45d067f19d733862aebee2ffc7bca6b91f2ef3792ff1bc375d?s=96&d=mm&r=g\",\"caption\":\"Maxime Pearson\"},\"description\":\"Fier Jeannois et p\u00e8re exemplaire, je navigue un char pis une barge de projets professionnels et artistiques, passant de l\u2019animation sur sc\u00e8ne \u00e0 la r\u00e9daction Web et cr\u00e9ative. Associ\u00e9 chez Traduction M, une agence de services linguistiques, je suis \u00e9galement cofondateur de Nouveaux p\u00e8res, une plateforme de divertissement sur la parentalit\u00e9. Dans tout ce que j\u2019entreprends, l\u2019objectif est d\u2019inspirer mes enfants et ne pas trop g\u00eaner ma m\u00e8re. Jusqu\u2019ici, \u00e7a va.\",\"url\":\"https:\\\/\\\/devtntatelier.com\\\/jeremy\\\/author\\\/extramaximepgmail-com\\\/\"}]}<\/script>\n<!-- \/ Yoast SEO Premium plugin. -->","yoast_head_json":{"title":"SaniDan, entreprise r\u00e9gionale aux id\u00e9es propres! - Extra Maria","robots":{"index":"index","follow":"follow","max-snippet":"max-snippet:-1","max-image-preview":"max-image-preview:large","max-video-preview":"max-video-preview:-1"},"canonical":"https:\/\/devtntatelier.com\/jeremy\/sanidan-entreprise-regionale-idees-propres\/","og_locale":"fr_FR","og_type":"article","og_title":"SaniDan, entreprise r\u00e9gionale aux id\u00e9es propres!","og_url":"https:\/\/devtntatelier.com\/jeremy\/sanidan-entreprise-regionale-idees-propres\/","og_site_name":"Extra Maria","article_published_time":"2021-05-05T18:04:06+00:00","article_modified_time":"2021-10-14T12:35:43+00:00","og_image":[{"width":1200,"height":630,"url":"https:\/\/devtntatelier.com\/jeremy\/wp-content\/uploads\/2021\/05\/sanidan-couverture-produits-menagers-sanitaires-piscine-spa.jpg","type":"image\/jpeg"}],"author":"Maxime Pearson","twitter_card":"summary_large_image","twitter_misc":{"\u00c9crit par":"Maxime Pearson","Dur\u00e9e de lecture estim\u00e9e":"4 minutes"},"schema":{"@context":"https:\/\/schema.org","@graph":[{"@type":"Article","@id":"https:\/\/devtntatelier.com\/jeremy\/sanidan-entreprise-regionale-idees-propres\/#article","isPartOf":{"@id":"https:\/\/devtntatelier.com\/jeremy\/sanidan-entreprise-regionale-idees-propres\/"},"author":{"name":"Maxime Pearson","@id":"https:\/\/devtntatelier.com\/jeremy\/#\/schema\/person\/7633055cf1b3b356611179e7cdb8b1c4"},"headline":"SaniDan, entreprise r\u00e9gionale aux id\u00e9es propres!","datePublished":"2021-05-05T18:04:06+00:00","dateModified":"2021-10-14T12:35:43+00:00","mainEntityOfPage":{"@id":"https:\/\/devtntatelier.com\/jeremy\/sanidan-entreprise-regionale-idees-propres\/"},"wordCount":1392,"image":{"@id":"https:\/\/devtntatelier.com\/jeremy\/sanidan-entreprise-regionale-idees-propres\/#primaryimage"},"thumbnailUrl":"https:\/\/devtntatelier.com\/jeremy\/wp-content\/uploads\/2021\/05\/sanidan-couverture-produits-menagers-sanitaires-piscine-spa-2.jpg","articleSection":["Entreprises d'ici","Tous les articles"],"inLanguage":"fr-FR"},{"@type":"WebPage","@id":"https:\/\/devtntatelier.com\/jeremy\/sanidan-entreprise-regionale-idees-propres\/","url":"https:\/\/devtntatelier.com\/jeremy\/sanidan-entreprise-regionale-idees-propres\/","name":"SaniDan, entreprise r\u00e9gionale aux id\u00e9es propres! - Extra Maria","isPartOf":{"@id":"https:\/\/devtntatelier.com\/jeremy\/#website"},"primaryImageOfPage":{"@id":"https:\/\/devtntatelier.com\/jeremy\/sanidan-entreprise-regionale-idees-propres\/#primaryimage"},"image":{"@id":"https:\/\/devtntatelier.com\/jeremy\/sanidan-entreprise-regionale-idees-propres\/#primaryimage"},"thumbnailUrl":"https:\/\/devtntatelier.com\/jeremy\/wp-content\/uploads\/2021\/05\/sanidan-couverture-produits-menagers-sanitaires-piscine-spa-2.jpg","datePublished":"2021-05-05T18:04:06+00:00","dateModified":"2021-10-14T12:35:43+00:00","author":{"@id":"https:\/\/devtntatelier.com\/jeremy\/#\/schema\/person\/7633055cf1b3b356611179e7cdb8b1c4"},"breadcrumb":{"@id":"https:\/\/devtntatelier.com\/jeremy\/sanidan-entreprise-regionale-idees-propres\/#breadcrumb"},"inLanguage":"fr-FR","potentialAction":[{"@type":"ReadAction","target":["https:\/\/devtntatelier.com\/jeremy\/sanidan-entreprise-regionale-idees-propres\/"]}]},{"@type":"ImageObject","inLanguage":"fr-FR","@id":"https:\/\/devtntatelier.com\/jeremy\/sanidan-entreprise-regionale-idees-propres\/#primaryimage","url":"https:\/\/devtntatelier.com\/jeremy\/wp-content\/uploads\/2021\/05\/sanidan-couverture-produits-menagers-sanitaires-piscine-spa-2.jpg","contentUrl":"https:\/\/devtntatelier.com\/jeremy\/wp-content\/uploads\/2021\/05\/sanidan-couverture-produits-menagers-sanitaires-piscine-spa-2.jpg","width":1200,"height":630,"caption":"sanidan-couverture-produits-menagers-sanitaires-piscine-spa-2"},{"@type":"BreadcrumbList","@id":"https:\/\/devtntatelier.com\/jeremy\/sanidan-entreprise-regionale-idees-propres\/#breadcrumb","itemListElement":[{"@type":"ListItem","position":1,"name":"Accueil","item":"https:\/\/devtntatelier.com\/jeremy\/"},{"@type":"ListItem","position":2,"name":"SaniDan, entreprise r\u00e9gionale aux id\u00e9es propres!"}]},{"@type":"WebSite","@id":"https:\/\/devtntatelier.com\/jeremy\/#website","url":"https:\/\/devtntatelier.com\/jeremy\/","name":"Extra Maria","description":"Blogue - D\u00e9couvertes locales et achat local","potentialAction":[{"@type":"SearchAction","target":{"@type":"EntryPoint","urlTemplate":"https:\/\/devtntatelier.com\/jeremy\/?s={search_term_string}"},"query-input":{"@type":"PropertyValueSpecification","valueRequired":true,"valueName":"search_term_string"}}],"inLanguage":"fr-FR"},{"@type":"Person","@id":"https:\/\/devtntatelier.com\/jeremy\/#\/schema\/person\/7633055cf1b3b356611179e7cdb8b1c4","name":"Maxime Pearson","image":{"@type":"ImageObject","inLanguage":"fr-FR","@id":"https:\/\/secure.gravatar.com\/avatar\/503685d40fda2a45d067f19d733862aebee2ffc7bca6b91f2ef3792ff1bc375d?s=96&d=mm&r=g","url":"https:\/\/secure.gravatar.com\/avatar\/503685d40fda2a45d067f19d733862aebee2ffc7bca6b91f2ef3792ff1bc375d?s=96&d=mm&r=g","contentUrl":"https:\/\/secure.gravatar.com\/avatar\/503685d40fda2a45d067f19d733862aebee2ffc7bca6b91f2ef3792ff1bc375d?s=96&d=mm&r=g","caption":"Maxime Pearson"},"description":"Fier Jeannois et p\u00e8re exemplaire, je navigue un char pis une barge de projets professionnels et artistiques, passant de l\u2019animation sur sc\u00e8ne \u00e0 la r\u00e9daction Web et cr\u00e9ative. Associ\u00e9 chez Traduction M, une agence de services linguistiques, je suis \u00e9galement cofondateur de Nouveaux p\u00e8res, une plateforme de divertissement sur la parentalit\u00e9. Dans tout ce que j\u2019entreprends, l\u2019objectif est d\u2019inspirer mes enfants et ne pas trop g\u00eaner ma m\u00e8re. Jusqu\u2019ici, \u00e7a va.","url":"https:\/\/devtntatelier.com\/jeremy\/author\/extramaximepgmail-com\/"}]}},"modified_by":"Am\u00e9lia Fromage","_links":{"self":[{"href":"https:\/\/devtntatelier.com\/jeremy\/wp-json\/wp\/v2\/posts\/1273","targetHints":{"allow":["GET"]}}],"collection":[{"href":"https:\/\/devtntatelier.com\/jeremy\/wp-json\/wp\/v2\/posts"}],"about":[{"href":"https:\/\/devtntatelier.com\/jeremy\/wp-json\/wp\/v2\/types\/post"}],"author":[{"embeddable":true,"href":"https:\/\/devtntatelier.com\/jeremy\/wp-json\/wp\/v2\/users\/10"}],"replies":[{"embeddable":true,"href":"https:\/\/devtntatelier.com\/jeremy\/wp-json\/wp\/v2\/comments?post=1273"}],"version-history":[{"count":0,"href":"https:\/\/devtntatelier.com\/jeremy\/wp-json\/wp\/v2\/posts\/1273\/revisions"}],"wp:featuredmedia":[{"embeddable":true,"href":"https:\/\/devtntatelier.com\/jeremy\/wp-json\/wp\/v2\/media\/1550"}],"wp:attachment":[{"href":"https:\/\/devtntatelier.com\/jeremy\/wp-json\/wp\/v2\/media?parent=1273"}],"wp:term":[{"taxonomy":"category","embeddable":true,"href":"https:\/\/devtntatelier.com\/jeremy\/wp-json\/wp\/v2\/categories?post=1273"},{"taxonomy":"post_tag","embeddable":true,"href":"https:\/\/devtntatelier.com\/jeremy\/wp-json\/wp\/v2\/tags?post=1273"}],"curies":[{"name":"wp","href":"https:\/\/api.w.org\/{rel}","templated":true}]}}